{"id":20842,"date":"2025-04-03T09:00:00","date_gmt":"2025-04-03T12:00:00","guid":{"rendered":"https:\/\/agenciainfra.com\/blog\/?p=20842"},"modified":"2025-04-04T11:26:16","modified_gmt":"2025-04-04T14:26:16","slug":"oposicao-trava-pauta-da-comissao-de-minas-e-energia-e-diz-que-falta-dialogo","status":"publish","type":"post","link":"https:\/\/agenciainfra.com\/blog\/oposicao-trava-pauta-da-comissao-de-minas-e-energia-e-diz-que-falta-dialogo\/","title":{"rendered":"Oposi\u00e7\u00e3o trava pauta da Comiss\u00e3o de Minas e Energia e diz que &#8220;falta di\u00e1logo&#8221;"},"content":{"rendered":"\n<p class=\"has-text-align-right\"><strong>Marisa Wanzeller e Geraldo Campos Jr., da Ag\u00eancia iNFRA<\/strong><\/p>\n\n\n\n<p>A CME (Comiss\u00e3o de Minas e Energia) da C\u00e2mara dos Deputados est\u00e1 h\u00e1 duas semanas sem apreciar nenhum item da pauta. A oposi\u00e7\u00e3o, liderada pelo PL, est\u00e1 em obstru\u00e7\u00e3o na tentativa de que seja pautado o Projeto de Lei da Anistia na Casa, o que tem dificultado a realiza\u00e7\u00e3o das vota\u00e7\u00f5es nas comiss\u00f5es e em plen\u00e1rio.&nbsp;<\/p>\n\n\n\n<p>Em alguns colegiados, no entanto, houve acordo, mas na CME os deputados oposicionistas se queixam de falta de di\u00e1logo e tentativa de constru\u00e7\u00e3o de acordo. Por outro lado, parlamentares da base do governo requerem que seja constru\u00edda uma oposi\u00e7\u00e3o \u201ccom respeito e sem insultos\u201d, com debate, mas \u201csem implic\u00e2ncia&#8221;, conforme relatado \u00e0 <strong>Ag\u00eancia iNFRA<\/strong>.&nbsp;<\/p>\n\n\n\n<p>Como resultado, a comiss\u00e3o ainda n\u00e3o conseguiu votar nenhum requerimento ou projeto de lei em 2025. Dentre as proposi\u00e7\u00f5es na mesa, est\u00e3o temas acompanhados de perto por agentes do setor.&nbsp;<\/p>\n\n\n\n<p>Dentre os itens n\u00e3o analisados est\u00e3o convites ao ministro de Minas e Energia, Alexandre Silveira, e \u00e0 presidente da Petrobras, Magda Chambriard, para comparecer \u00e0 comiss\u00e3o. H\u00e1 ainda pedidos de audi\u00eancias p\u00fablicas sobre as concess\u00f5es da Enel em S\u00e3o Paulo e no Rio de Janeiro, al\u00e9m de solicita\u00e7\u00e3o de informa\u00e7\u00f5es ao governo e \u00e0 ANEEL (Ag\u00eancia Nacional de Energia El\u00e9trica) sobre os cortes de gera\u00e7\u00e3o obrigat\u00f3rios (curtailment).<\/p>\n\n\n\n<p><strong>Bate-boca<\/strong><br>As primeiras reuni\u00f5es da CME foram marcadas por bate-boca entre os deputados. Na reuni\u00e3o desta quarta-feira (2), o presidente do colegiado, Diego Andrade (PSD-MG), protagonizou um embate com o deputado Joaquim Passarinho (PL-PA), que questionou o fato de um requerimento de sua autoria, para convoca\u00e7\u00e3o de Silveira, n\u00e3o ter sido pautado.<\/p>\n\n\n\n<p>Andrade, do mesmo partido do ministro Silveira, argumentou que, \u201cseja um ministro do partido A ou B&#8221;, a praxe da comiss\u00e3o seria aprovar primeiro um convite e s\u00f3 convoc\u00e1-lo caso ele n\u00e3o compare\u00e7a.<\/p>\n\n\n\n<p>\u201cTemos 18 requerimentos e n\u00e3o estamos votando por obstru\u00e7\u00e3o do seu partido. A gente est\u00e1 h\u00e1 duas semanas tentando come\u00e7ar os trabalhos da comiss\u00e3o com obstru\u00e7\u00e3o do seu partido\u201d, disse a Passarinho, com quem disputou a presid\u00eancia da CME h\u00e1 tr\u00eas semanas.<\/p>\n\n\n\n<p>O deputado Hugo Leal (PSD-RJ), que \u00e9 o 2\u00ba vice-presidente da CME, defendeu um acordo entre os parlamentares similar ao feito nesta quarta-feira na CVT (Comiss\u00e3o de Via\u00e7\u00e3o e Transportes) da C\u00e2mara, que votou parte dos requerimentos e deixou de apreciar os projetos de lei. \u201cCada semana que passa estamos perdendo espa\u00e7o para fazer audi\u00eancia p\u00fablica\u201d, disse.<\/p>\n\n\n\n<p>O deputado Coronel Chris\u00f3stomo (PL-RO) manifestou-se em diversas ocasi\u00f5es, ressaltando que a pauta n\u00e3o teria andamento enquanto o Projeto de Lei da Anistia n\u00e3o for pautado em plen\u00e1rio: \u201cObstru\u00e7\u00e3o total, nesta semana, na pr\u00f3xima e em seguida\u201d, disse.<\/p>\n\n\n\n<p>O presidente do colegiado declarou que a comiss\u00e3o n\u00e3o \u00e9 o \u201cf\u00f3rum adequado\u201d para a manifesta\u00e7\u00e3o, uma vez que a decis\u00e3o de pautar o referido projeto \u00e9 do presidente da casa, Hugo Motta (Republicanos-PB).&nbsp;<\/p>\n\n\n\n<p>Chegou a ser feita a tentativa de votar um projeto de lei, <a href=\"https:\/\/www.camara.leg.br\/proposicoesWeb\/fichadetramitacao?idProposicao=2268739#:~:text=PL%2088%2F2021%20Inteiro%20teor,Projeto%20de%20Lei&amp;text=Disp\u00f5e%20sobre%20a%20coloca\u00e7\u00e3o%20de%20instala\u00e7\u00e3o%20subterr\u00e2nea%20no%20\u00e2mbito%20federal.&amp;text=Concession\u00e1ria%20de%20servi\u00e7o%20de%20energia,a\u00e9rea%2C%20fia\u00e7\u00e3o%20subterr\u00e2nea%2C%20prazo.\" target=\"_blank\" rel=\"noreferrer noopener\">PL 88\/2021<\/a>, que disp\u00f5e sobre a instala\u00e7\u00e3o de redes el\u00e9tricas subterr\u00e2neas no pa\u00eds. Diego Andrade esticou a sess\u00e3o para que tivesse qu\u00f3rum diante da obstru\u00e7\u00e3o da oposi\u00e7\u00e3o, mas n\u00e3o foi poss\u00edvel votar. Sem sucesso no andamento da pauta, ele convocou uma nova reuni\u00e3o para a pr\u00f3xima quarta-feira (9), \u00e0s 9h, uma hora mais cedo que o habitual para tentar votar as pend\u00eancias.<\/p>\n","protected":false},"excerpt":{"rendered":"<p>Marisa Wanzeller e Geraldo Campos Jr., da Ag\u00eancia iNFRA A CME (Comiss\u00e3o de Minas e Energia) da C\u00e2mara dos Deputados est\u00e1 h\u00e1 duas semanas sem apreciar nenhum item da pauta. A oposi\u00e7\u00e3o, liderada pelo PL, est\u00e1 em obstru\u00e7\u00e3o na tentativa de que seja pautado o Projeto de Lei da Anistia na Casa, o que tem [&hellip;]<\/p>\n","protected":false},"author":1,"featured_media":12957,"comment_status":"closed","ping_status":"closed","sticky":false,"template":"","format":"standard","meta":{"_monsterinsights_skip_tracking":false,"_monsterinsights_sitenote_active":false,"_monsterinsights_sitenote_note":"","_monsterinsights_sitenote_category":0,"footnotes":""},"categories":[9714,1,10],"tags":[12973,1018,1016,12976,12805,12975,12971,7366,12972,12970,12974],"class_list":["post-20842","post","type-post","status-publish","format-standard","has-post-thumbnail","hentry","category-destaque-menor","category-geral","category-infraenergia","tag-acordo-de-votacao","tag-cme","tag-comissao-de-minas-e-energia","tag-deputado-coronel-chrisostomo","tag-deputado-diego-andrade","tag-deputado-hugo-leal","tag-geraldo-campos-j-r","tag-marisa-wanzeller","tag-projeto-de-lei-da-anistia","tag-reuniao-da-cme","tag-votacao-de-requerimentos"],"yoast_head":"<!-- This site is optimized with the Yoast SEO Premium plugin v25.4 (Yoast SEO v26.0) - https:\/\/yoast.com\/wordpress\/plugins\/seo\/ -->\n<title>Oposi\u00e7\u00e3o trava pauta da Comiss\u00e3o de Minas e Energia e diz que &quot;falta di\u00e1logo&quot; - Ag\u00eancia iNFRA<\/title>\n<meta name=\"robots\" content=\"index, follow, max-snippet:-1, max-image-preview:large, max-video-preview:-1\" \/>\n<link rel=\"canonical\" href=\"https:\/\/agenciainfra.com\/blog\/oposicao-trava-pauta-da-comissao-de-minas-e-energia-e-diz-que-falta-dialogo\/\" \/>\n<meta property=\"og:locale\" content=\"pt_BR\" \/>\n<meta property=\"og:type\" content=\"article\" \/>\n<meta property=\"og:title\" content=\"Oposi\u00e7\u00e3o trava pauta da Comiss\u00e3o de Minas e Energia e diz que &quot;falta di\u00e1logo&quot;\" \/>\n<meta property=\"og:description\" content=\"Marisa Wanzeller e Geraldo Campos Jr., da Ag\u00eancia iNFRA A CME (Comiss\u00e3o de Minas e Energia) da C\u00e2mara dos Deputados est\u00e1 h\u00e1 duas semanas sem apreciar nenhum item da pauta. A oposi\u00e7\u00e3o, liderada pelo PL, est\u00e1 em obstru\u00e7\u00e3o na tentativa de que seja pautado o Projeto de Lei da Anistia na Casa, o que tem [&hellip;]\" \/>\n<meta property=\"og:url\" content=\"https:\/\/agenciainfra.com\/blog\/oposicao-trava-pauta-da-comissao-de-minas-e-energia-e-diz-que-falta-dialogo\/\" \/>\n<meta property=\"og:site_name\" content=\"Ag\u00eancia iNFRA\" \/>\n<meta property=\"article:publisher\" content=\"https:\/\/www.facebook.com\/ageninfra\" \/>\n<meta property=\"article:published_time\" content=\"2025-04-03T12:00:00+00:00\" \/>\n<meta property=\"article:modified_time\" content=\"2025-04-04T14:26:16+00:00\" \/>\n<meta property=\"og:image\" content=\"https:\/\/agenciainfra.com\/blog\/wp-content\/uploads\/2023\/06\/camara-dos-deputados-foto-agencia-senado.jpg\" \/>\n\t<meta property=\"og:image:width\" content=\"1202\" \/>\n\t<meta property=\"og:image:height\" content=\"902\" \/>\n\t<meta property=\"og:image:type\" content=\"image\/jpeg\" \/>\n<meta name=\"author\" content=\"Ag\u00eancia iNFRA\" \/>\n<meta name=\"twitter:card\" content=\"summary_large_image\" \/>\n<meta name=\"twitter:creator\" content=\"@agencia_infra\" \/>\n<meta name=\"twitter:site\" content=\"@agencia_infra\" \/>\n<meta name=\"twitter:label1\" content=\"Escrito por\" \/>\n\t<meta name=\"twitter:data1\" content=\"Ag\u00eancia iNFRA\" \/>\n\t<meta name=\"twitter:label2\" content=\"Est. tempo de leitura\" \/>\n\t<meta name=\"twitter:data2\" content=\"3 minutos\" \/>\n<script type=\"application\/ld+json\" class=\"yoast-schema-graph\">{\"@context\":\"https:\/\/schema.org\",\"@graph\":[{\"@type\":\"Article\",\"@id\":\"https:\/\/agenciainfra.com\/blog\/oposicao-trava-pauta-da-comissao-de-minas-e-energia-e-diz-que-falta-dialogo\/#article\",\"isPartOf\":{\"@id\":\"https:\/\/agenciainfra.com\/blog\/oposicao-trava-pauta-da-comissao-de-minas-e-energia-e-diz-que-falta-dialogo\/\"},\"author\":{\"name\":\"Ag\u00eancia iNFRA\",\"@id\":\"https:\/\/agenciainfra.com\/blog\/#\/schema\/person\/34af08dff6adea4cb22b06612ba7acfa\"},\"headline\":\"Oposi\u00e7\u00e3o trava pauta da Comiss\u00e3o de Minas e Energia e diz que &#8220;falta di\u00e1logo&#8221;\",\"datePublished\":\"2025-04-03T12:00:00+00:00\",\"dateModified\":\"2025-04-04T14:26:16+00:00\",\"mainEntityOfPage\":{\"@id\":\"https:\/\/agenciainfra.com\/blog\/oposicao-trava-pauta-da-comissao-de-minas-e-energia-e-diz-que-falta-dialogo\/\"},\"wordCount\":634,\"publisher\":{\"@id\":\"https:\/\/agenciainfra.com\/blog\/#organization\"},\"image\":{\"@id\":\"https:\/\/agenciainfra.com\/blog\/oposicao-trava-pauta-da-comissao-de-minas-e-energia-e-diz-que-falta-dialogo\/#primaryimage\"},\"thumbnailUrl\":\"https:\/\/agenciainfra.com\/blog\/wp-content\/uploads\/2023\/06\/camara-dos-deputados-foto-agencia-senado.jpg\",\"keywords\":[\"acordo de vota\u00e7\u00e3o\",\"CME\",\"Comiss\u00e3o de Minas e Energia\",\"deputado coronel chris\u00f3stomo\",\"deputado diego andrade\",\"deputado hugo leal\",\"geraldo campos j r.\",\"Marisa Wanzeller\",\"projeto de lei da anistia\",\"reuni\u00e3o da cme\",\"vota\u00e7\u00e3o de requerimentos\"],\"articleSection\":[\"Destaque Menor\",\"Geral\",\"iNFRAEnergia\"],\"inLanguage\":\"pt-BR\",\"copyrightYear\":\"2025\",\"copyrightHolder\":{\"@id\":\"https:\/\/agenciainfra.com\/blog\/#organization\"}},{\"@type\":\"WebPage\",\"@id\":\"https:\/\/agenciainfra.com\/blog\/oposicao-trava-pauta-da-comissao-de-minas-e-energia-e-diz-que-falta-dialogo\/\",\"url\":\"https:\/\/agenciainfra.com\/blog\/oposicao-trava-pauta-da-comissao-de-minas-e-energia-e-diz-que-falta-dialogo\/\",\"name\":\"Oposi\u00e7\u00e3o trava pauta da Comiss\u00e3o de Minas e Energia e diz que \\\"falta di\u00e1logo\\\" - Ag\u00eancia iNFRA\",\"isPartOf\":{\"@id\":\"https:\/\/agenciainfra.com\/blog\/#website\"},\"primaryImageOfPage\":{\"@id\":\"https:\/\/agenciainfra.com\/blog\/oposicao-trava-pauta-da-comissao-de-minas-e-energia-e-diz-que-falta-dialogo\/#primaryimage\"},\"image\":{\"@id\":\"https:\/\/agenciainfra.com\/blog\/oposicao-trava-pauta-da-comissao-de-minas-e-energia-e-diz-que-falta-dialogo\/#primaryimage\"},\"thumbnailUrl\":\"https:\/\/agenciainfra.com\/blog\/wp-content\/uploads\/2023\/06\/camara-dos-deputados-foto-agencia-senado.jpg\",\"datePublished\":\"2025-04-03T12:00:00+00:00\",\"dateModified\":\"2025-04-04T14:26:16+00:00\",\"breadcrumb\":{\"@id\":\"https:\/\/agenciainfra.com\/blog\/oposicao-trava-pauta-da-comissao-de-minas-e-energia-e-diz-que-falta-dialogo\/#breadcrumb\"},\"inLanguage\":\"pt-BR\",\"potentialAction\":[{\"@type\":\"ReadAction\",\"target\":[\"https:\/\/agenciainfra.com\/blog\/oposicao-trava-pauta-da-comissao-de-minas-e-energia-e-diz-que-falta-dialogo\/\"]}]},{\"@type\":\"ImageObject\",\"inLanguage\":\"pt-BR\",\"@id\":\"https:\/\/agenciainfra.com\/blog\/oposicao-trava-pauta-da-comissao-de-minas-e-energia-e-diz-que-falta-dialogo\/#primaryimage\",\"url\":\"https:\/\/agenciainfra.com\/blog\/wp-content\/uploads\/2023\/06\/camara-dos-deputados-foto-agencia-senado.jpg\",\"contentUrl\":\"https:\/\/agenciainfra.com\/blog\/wp-content\/uploads\/2023\/06\/camara-dos-deputados-foto-agencia-senado.jpg\",\"width\":1202,\"height\":902,\"caption\":\"Foto: Ag\u00eancia C\u00e2mara\"},{\"@type\":\"BreadcrumbList\",\"@id\":\"https:\/\/agenciainfra.com\/blog\/oposicao-trava-pauta-da-comissao-de-minas-e-energia-e-diz-que-falta-dialogo\/#breadcrumb\",\"itemListElement\":[{\"@type\":\"ListItem\",\"position\":1,\"name\":\"In\u00edcio\",\"item\":\"https:\/\/agenciainfra.com\/blog\/\"},{\"@type\":\"ListItem\",\"position\":2,\"name\":\"Oposi\u00e7\u00e3o trava pauta da Comiss\u00e3o de Minas e Energia e diz que &#8220;falta di\u00e1logo&#8221;\"}]},{\"@type\":\"WebSite\",\"@id\":\"https:\/\/agenciainfra.com\/blog\/#website\",\"url\":\"https:\/\/agenciainfra.com\/blog\/\",\"name\":\"Ag\u00eancia iNFRA\",\"description\":\"Multiplataforma de informa\u00e7\u00e3o jornal\u00edstica refer\u00eancia na \u00e1rea de infraestrutura no Brasil!\",\"publisher\":{\"@id\":\"https:\/\/agenciainfra.com\/blog\/#organization\"},\"potentialAction\":[{\"@type\":\"SearchAction\",\"target\":{\"@type\":\"EntryPoint\",\"urlTemplate\":\"https:\/\/agenciainfra.com\/blog\/?s={search_term_string}\"},\"query-input\":{\"@type\":\"PropertyValueSpecification\",\"valueRequired\":true,\"valueName\":\"search_term_string\"}}],\"inLanguage\":\"pt-BR\"},{\"@type\":\"Organization\",\"@id\":\"https:\/\/agenciainfra.com\/blog\/#organization\",\"name\":\"Ag\u00eancia iNFRA\",\"url\":\"https:\/\/agenciainfra.com\/blog\/\",\"logo\":{\"@type\":\"ImageObject\",\"inLanguage\":\"pt-BR\",\"@id\":\"https:\/\/agenciainfra.com\/blog\/#\/schema\/logo\/image\/\",\"url\":\"https:\/\/agenciainfra.com\/blog\/wp-content\/uploads\/2023\/09\/iNFRA_5-e1761735885940.png\",\"contentUrl\":\"https:\/\/agenciainfra.com\/blog\/wp-content\/uploads\/2023\/09\/iNFRA_5-e1761735885940.png\",\"width\":1672,\"height\":454,\"caption\":\"Ag\u00eancia iNFRA\"},\"image\":{\"@id\":\"https:\/\/agenciainfra.com\/blog\/#\/schema\/logo\/image\/\"},\"sameAs\":[\"https:\/\/www.facebook.com\/ageninfra\",\"https:\/\/x.com\/agencia_infra\",\"https:\/\/www.linkedin.com\/company\/ag\u00eanciainfra\/\",\"https:\/\/www.instagram.com\/agenciainfra\/\"]},{\"@type\":\"Person\",\"@id\":\"https:\/\/agenciainfra.com\/blog\/#\/schema\/person\/34af08dff6adea4cb22b06612ba7acfa\",\"name\":\"Ag\u00eancia iNFRA\",\"image\":{\"@type\":\"ImageObject\",\"inLanguage\":\"pt-BR\",\"@id\":\"https:\/\/agenciainfra.com\/blog\/#\/schema\/person\/image\/\",\"url\":\"https:\/\/secure.gravatar.com\/avatar\/d189e01678f06d8eb84d4e01f08eb848b3fffe3f8443818d3c356c66892f5be8?s=96&d=mm&r=g\",\"contentUrl\":\"https:\/\/secure.gravatar.com\/avatar\/d189e01678f06d8eb84d4e01f08eb848b3fffe3f8443818d3c356c66892f5be8?s=96&d=mm&r=g\",\"caption\":\"Ag\u00eancia iNFRA\"},\"url\":\"https:\/\/agenciainfra.com\/blog\/author\/admin\/\"}]}<\/script>\n<!-- \/ Yoast SEO Premium plugin. -->","yoast_head_json":{"title":"Oposi\u00e7\u00e3o trava pauta da Comiss\u00e3o de Minas e Energia e diz que \"falta di\u00e1logo\" - Ag\u00eancia iNFRA","robots":{"index":"index","follow":"follow","max-snippet":"max-snippet:-1","max-image-preview":"max-image-preview:large","max-video-preview":"max-video-preview:-1"},"canonical":"https:\/\/agenciainfra.com\/blog\/oposicao-trava-pauta-da-comissao-de-minas-e-energia-e-diz-que-falta-dialogo\/","og_locale":"pt_BR","og_type":"article","og_title":"Oposi\u00e7\u00e3o trava pauta da Comiss\u00e3o de Minas e Energia e diz que \"falta di\u00e1logo\"","og_description":"Marisa Wanzeller e Geraldo Campos Jr., da Ag\u00eancia iNFRA A CME (Comiss\u00e3o de Minas e Energia) da C\u00e2mara dos Deputados est\u00e1 h\u00e1 duas semanas sem apreciar nenhum item da pauta. A oposi\u00e7\u00e3o, liderada pelo PL, est\u00e1 em obstru\u00e7\u00e3o na tentativa de que seja pautado o Projeto de Lei da Anistia na Casa, o que tem [&hellip;]","og_url":"https:\/\/agenciainfra.com\/blog\/oposicao-trava-pauta-da-comissao-de-minas-e-energia-e-diz-que-falta-dialogo\/","og_site_name":"Ag\u00eancia iNFRA","article_publisher":"https:\/\/www.facebook.com\/ageninfra","article_published_time":"2025-04-03T12:00:00+00:00","article_modified_time":"2025-04-04T14:26:16+00:00","og_image":[{"width":1202,"height":902,"url":"https:\/\/agenciainfra.com\/blog\/wp-content\/uploads\/2023\/06\/camara-dos-deputados-foto-agencia-senado.jpg","type":"image\/jpeg"}],"author":"Ag\u00eancia iNFRA","twitter_card":"summary_large_image","twitter_creator":"@agencia_infra","twitter_site":"@agencia_infra","twitter_misc":{"Escrito por":"Ag\u00eancia iNFRA","Est. tempo de leitura":"3 minutos"},"schema":{"@context":"https:\/\/schema.org","@graph":[{"@type":"Article","@id":"https:\/\/agenciainfra.com\/blog\/oposicao-trava-pauta-da-comissao-de-minas-e-energia-e-diz-que-falta-dialogo\/#article","isPartOf":{"@id":"https:\/\/agenciainfra.com\/blog\/oposicao-trava-pauta-da-comissao-de-minas-e-energia-e-diz-que-falta-dialogo\/"},"author":{"name":"Ag\u00eancia iNFRA","@id":"https:\/\/agenciainfra.com\/blog\/#\/schema\/person\/34af08dff6adea4cb22b06612ba7acfa"},"headline":"Oposi\u00e7\u00e3o trava pauta da Comiss\u00e3o de Minas e Energia e diz que &#8220;falta di\u00e1logo&#8221;","datePublished":"2025-04-03T12:00:00+00:00","dateModified":"2025-04-04T14:26:16+00:00","mainEntityOfPage":{"@id":"https:\/\/agenciainfra.com\/blog\/oposicao-trava-pauta-da-comissao-de-minas-e-energia-e-diz-que-falta-dialogo\/"},"wordCount":634,"publisher":{"@id":"https:\/\/agenciainfra.com\/blog\/#organization"},"image":{"@id":"https:\/\/agenciainfra.com\/blog\/oposicao-trava-pauta-da-comissao-de-minas-e-energia-e-diz-que-falta-dialogo\/#primaryimage"},"thumbnailUrl":"https:\/\/agenciainfra.com\/blog\/wp-content\/uploads\/2023\/06\/camara-dos-deputados-foto-agencia-senado.jpg","keywords":["acordo de vota\u00e7\u00e3o","CME","Comiss\u00e3o de Minas e Energia","deputado coronel chris\u00f3stomo","deputado diego andrade","deputado hugo leal","geraldo campos j r.","Marisa Wanzeller","projeto de lei da anistia","reuni\u00e3o da cme","vota\u00e7\u00e3o de requerimentos"],"articleSection":["Destaque Menor","Geral","iNFRAEnergia"],"inLanguage":"pt-BR","copyrightYear":"2025","copyrightHolder":{"@id":"https:\/\/agenciainfra.com\/blog\/#organization"}},{"@type":"WebPage","@id":"https:\/\/agenciainfra.com\/blog\/oposicao-trava-pauta-da-comissao-de-minas-e-energia-e-diz-que-falta-dialogo\/","url":"https:\/\/agenciainfra.com\/blog\/oposicao-trava-pauta-da-comissao-de-minas-e-energia-e-diz-que-falta-dialogo\/","name":"Oposi\u00e7\u00e3o trava pauta da Comiss\u00e3o de Minas e Energia e diz que \"falta di\u00e1logo\" - Ag\u00eancia iNFRA","isPartOf":{"@id":"https:\/\/agenciainfra.com\/blog\/#website"},"primaryImageOfPage":{"@id":"https:\/\/agenciainfra.com\/blog\/oposicao-trava-pauta-da-comissao-de-minas-e-energia-e-diz-que-falta-dialogo\/#primaryimage"},"image":{"@id":"https:\/\/agenciainfra.com\/blog\/oposicao-trava-pauta-da-comissao-de-minas-e-energia-e-diz-que-falta-dialogo\/#primaryimage"},"thumbnailUrl":"https:\/\/agenciainfra.com\/blog\/wp-content\/uploads\/2023\/06\/camara-dos-deputados-foto-agencia-senado.jpg","datePublished":"2025-04-03T12:00:00+00:00","dateModified":"2025-04-04T14:26:16+00:00","breadcrumb":{"@id":"https:\/\/agenciainfra.com\/blog\/oposicao-trava-pauta-da-comissao-de-minas-e-energia-e-diz-que-falta-dialogo\/#breadcrumb"},"inLanguage":"pt-BR","potentialAction":[{"@type":"ReadAction","target":["https:\/\/agenciainfra.com\/blog\/oposicao-trava-pauta-da-comissao-de-minas-e-energia-e-diz-que-falta-dialogo\/"]}]},{"@type":"ImageObject","inLanguage":"pt-BR","@id":"https:\/\/agenciainfra.com\/blog\/oposicao-trava-pauta-da-comissao-de-minas-e-energia-e-diz-que-falta-dialogo\/#primaryimage","url":"https:\/\/agenciainfra.com\/blog\/wp-content\/uploads\/2023\/06\/camara-dos-deputados-foto-agencia-senado.jpg","contentUrl":"https:\/\/agenciainfra.com\/blog\/wp-content\/uploads\/2023\/06\/camara-dos-deputados-foto-agencia-senado.jpg","width":1202,"height":902,"caption":"Foto: Ag\u00eancia C\u00e2mara"},{"@type":"BreadcrumbList","@id":"https:\/\/agenciainfra.com\/blog\/oposicao-trava-pauta-da-comissao-de-minas-e-energia-e-diz-que-falta-dialogo\/#breadcrumb","itemListElement":[{"@type":"ListItem","position":1,"name":"In\u00edcio","item":"https:\/\/agenciainfra.com\/blog\/"},{"@type":"ListItem","position":2,"name":"Oposi\u00e7\u00e3o trava pauta da Comiss\u00e3o de Minas e Energia e diz que &#8220;falta di\u00e1logo&#8221;"}]},{"@type":"WebSite","@id":"https:\/\/agenciainfra.com\/blog\/#website","url":"https:\/\/agenciainfra.com\/blog\/","name":"Ag\u00eancia iNFRA","description":"Multiplataforma de informa\u00e7\u00e3o jornal\u00edstica refer\u00eancia na \u00e1rea de infraestrutura no Brasil!","publisher":{"@id":"https:\/\/agenciainfra.com\/blog\/#organization"},"potentialAction":[{"@type":"SearchAction","target":{"@type":"EntryPoint","urlTemplate":"https:\/\/agenciainfra.com\/blog\/?s={search_term_string}"},"query-input":{"@type":"PropertyValueSpecification","valueRequired":true,"valueName":"search_term_string"}}],"inLanguage":"pt-BR"},{"@type":"Organization","@id":"https:\/\/agenciainfra.com\/blog\/#organization","name":"Ag\u00eancia iNFRA","url":"https:\/\/agenciainfra.com\/blog\/","logo":{"@type":"ImageObject","inLanguage":"pt-BR","@id":"https:\/\/agenciainfra.com\/blog\/#\/schema\/logo\/image\/","url":"https:\/\/agenciainfra.com\/blog\/wp-content\/uploads\/2023\/09\/iNFRA_5-e1761735885940.png","contentUrl":"https:\/\/agenciainfra.com\/blog\/wp-content\/uploads\/2023\/09\/iNFRA_5-e1761735885940.png","width":1672,"height":454,"caption":"Ag\u00eancia iNFRA"},"image":{"@id":"https:\/\/agenciainfra.com\/blog\/#\/schema\/logo\/image\/"},"sameAs":["https:\/\/www.facebook.com\/ageninfra","https:\/\/x.com\/agencia_infra","https:\/\/www.linkedin.com\/company\/ag\u00eanciainfra\/","https:\/\/www.instagram.com\/agenciainfra\/"]},{"@type":"Person","@id":"https:\/\/agenciainfra.com\/blog\/#\/schema\/person\/34af08dff6adea4cb22b06612ba7acfa","name":"Ag\u00eancia iNFRA","image":{"@type":"ImageObject","inLanguage":"pt-BR","@id":"https:\/\/agenciainfra.com\/blog\/#\/schema\/person\/image\/","url":"https:\/\/secure.gravatar.com\/avatar\/d189e01678f06d8eb84d4e01f08eb848b3fffe3f8443818d3c356c66892f5be8?s=96&d=mm&r=g","contentUrl":"https:\/\/secure.gravatar.com\/avatar\/d189e01678f06d8eb84d4e01f08eb848b3fffe3f8443818d3c356c66892f5be8?s=96&d=mm&r=g","caption":"Ag\u00eancia iNFRA"},"url":"https:\/\/agenciainfra.com\/blog\/author\/admin\/"}]}},"_links":{"self":[{"href":"https:\/\/agenciainfra.com\/blog\/wp-json\/wp\/v2\/posts\/20842","targetHints":{"allow":["GET"]}}],"collection":[{"href":"https:\/\/agenciainfra.com\/blog\/wp-json\/wp\/v2\/posts"}],"about":[{"href":"https:\/\/agenciainfra.com\/blog\/wp-json\/wp\/v2\/types\/post"}],"author":[{"embeddable":true,"href":"https:\/\/agenciainfra.com\/blog\/wp-json\/wp\/v2\/users\/1"}],"replies":[{"embeddable":true,"href":"https:\/\/agenciainfra.com\/blog\/wp-json\/wp\/v2\/comments?post=20842"}],"version-history":[{"count":1,"href":"https:\/\/agenciainfra.com\/blog\/wp-json\/wp\/v2\/posts\/20842\/revisions"}],"predecessor-version":[{"id":20843,"href":"https:\/\/agenciainfra.com\/blog\/wp-json\/wp\/v2\/posts\/20842\/revisions\/20843"}],"wp:featuredmedia":[{"embeddable":true,"href":"https:\/\/agenciainfra.com\/blog\/wp-json\/wp\/v2\/media\/12957"}],"wp:attachment":[{"href":"https:\/\/agenciainfra.com\/blog\/wp-json\/wp\/v2\/media?parent=20842"}],"wp:term":[{"taxonomy":"category","embeddable":true,"href":"https:\/\/agenciainfra.com\/blog\/wp-json\/wp\/v2\/categories?post=20842"},{"taxonomy":"post_tag","embeddable":true,"href":"https:\/\/agenciainfra.com\/blog\/wp-json\/wp\/v2\/tags?post=20842"}],"curies":[{"name":"wp","href":"https:\/\/api.w.org\/{rel}","templated":true}]}}