{"id":20846,"date":"2025-04-04T08:00:00","date_gmt":"2025-04-04T11:00:00","guid":{"rendered":"https:\/\/agenciainfra.com\/blog\/?p=20846"},"modified":"2025-04-04T11:26:03","modified_gmt":"2025-04-04T14:26:03","slug":"ana-ve-com-preocupacao-decisao-judicial-que-condiciona-reajuste-tarifario-a-comprovacao-de-prejuizo","status":"publish","type":"post","link":"https:\/\/agenciainfra.com\/blog\/ana-ve-com-preocupacao-decisao-judicial-que-condiciona-reajuste-tarifario-a-comprovacao-de-prejuizo\/","title":{"rendered":"ANA v\u00ea com preocupa\u00e7\u00e3o decis\u00e3o judicial que condiciona reajuste tarif\u00e1rio \u00e0 comprova\u00e7\u00e3o de preju\u00edzo"},"content":{"rendered":"\n<p class=\"has-text-align-right\"><strong>Sheyla Santos, da Ag\u00eancia iNFRA<\/strong><\/p>\n\n\n\n<p>A ANA (Ag\u00eancia Nacional de \u00c1guas e Saneamento B\u00e1sico) v\u00ea com preocupa\u00e7\u00e3o uma decis\u00e3o do TJ-SP (Tribunal de Justi\u00e7a de S\u00e3o Paulo) que condiciona o reajuste tarif\u00e1rio de um contrato de concess\u00e3o de saneamento b\u00e1sico \u00e0 comprova\u00e7\u00e3o de preju\u00edzo por parte da concession\u00e1ria.<\/p>\n\n\n\n<p>O caso em quest\u00e3o, que tramita hoje no STJ (Superior Tribunal de Justi\u00e7a), trata de pedido de reajuste tarif\u00e1rio feito em 2022 pela concession\u00e1ria Sanear Saneamento de Ara\u00e7atuba, que presta servi\u00e7os ao munic\u00edpio e alega ter havido uma aus\u00eancia de reajuste, previsto em contrato, no per\u00edodo entre 2004 e 2015.<\/p>\n\n\n\n<p>No processo que envolve a Prefeitura Municipal de Ara\u00e7atuba (SP) e o Departamento de \u00c1gua e Esgoto da cidade, a empresa afirma ter sofrido preju\u00edzo de R$ 28,4 milh\u00f5es devido \u00e0 aus\u00eancia dos reajustes. De acordo com o entendimento da maioria do TJ-SP, que preocupa o setor, para obter o direito ao reajuste da tarifa a concession\u00e1ria teria de comprovar ter sofrido preju\u00edzos.&nbsp;<\/p>\n\n\n\n<p>No STJ, o caso est\u00e1 sob a relatoria do ministro Paulo S\u00e9rgio Domingues, da Primeira Turma do Tribunal. O julgamento n\u00e3o est\u00e1 pautado, mas h\u00e1 expectativa entre quem acompanha o caso que a decis\u00e3o possa ocorrer neste semestre.&nbsp;<\/p>\n\n\n\n<p>Na avalia\u00e7\u00e3o do superintendente de Regula\u00e7\u00e3o de Saneamento B\u00e1sico substituto da ANA, Alexandre Ander\u00e1os, embora se trate de caso espec\u00edfico, a interpreta\u00e7\u00e3o adotada pelo tribunal de S\u00e3o Paulo sobre o reajuste pode gerar incertezas ao setor, que, segundo ele refor\u00e7a, depende de regras claras e est\u00e1veis para viabilizar investimentos de longo prazo.<\/p>\n\n\n\n<p>\u201cNo saneamento b\u00e1sico, esse ponto \u00e9 especialmente sens\u00edvel, dado o desafio de ampliar o acesso aos servi\u00e7os e melhorar a qualidade da sua presta\u00e7\u00e3o\u201d, afirmou em nota enviada \u00e0 <strong>Ag\u00eancia iNFRA<\/strong>.<\/p>\n\n\n\n<p><strong>Reajuste e revis\u00e3o contratual<\/strong><br>Ander\u00e1os relembra que a Resolu\u00e7\u00e3o 228\/2024 da ag\u00eancia cont\u00e9m a NR (Norma de Refer\u00eancia) 10\/2024, que define o reajuste tarif\u00e1rio como um processo de recomposi\u00e7\u00e3o inflacion\u00e1ria da tarifa, que \u00e9 definida na revis\u00e3o tarif\u00e1ria ou estabelecida no contrato. Ele ainda diz que a ANA tem refor\u00e7ado, do ponto de vista t\u00e9cnico, a distin\u00e7\u00e3o entre o reajuste e a revis\u00e3o contratual tanto em debates regulat\u00f3rios recentes como no contexto das normas de refer\u00eancia editadas pela ag\u00eancia.<\/p>\n\n\n\n<p>&nbsp;\u201cO reajuste anual \u00e9, em geral, uma cl\u00e1usula contratual objetiva, voltada \u00e0 recomposi\u00e7\u00e3o da receita frente \u00e0 infla\u00e7\u00e3o, independentemente de varia\u00e7\u00f5es efetivas de custos. Nesse sentido, exigir a demonstra\u00e7\u00e3o de preju\u00edzo espec\u00edfico pode desvirtuar a finalidade do mecanismo, que \u00e9 justamente evitar disputas sobre a perda inflacion\u00e1ria e garantir a previsibilidade da remunera\u00e7\u00e3o do prestador do servi\u00e7o\u201d, explica.<\/p>\n\n\n\n<p>Atrasos e negativas de reajustes tarif\u00e1rios previstos em contrato como corre\u00e7\u00e3o monet\u00e1ria foram identificados pela ANA como o principal motivo de litig\u00e2ncia nos contratos de parceria para o setor de saneamento b\u00e1sico, especialmente quando a decis\u00e3o cabe aos gestores municipais,&nbsp;que alegam ter um \u00f4nus pol\u00edtico elevado quando autorizam os reajustes.<\/p>\n\n\n\n<p>Por isso, a NR 10 criou a possibilidade de os contratos preverem um reajuste t\u00e1cito em caso de o concession\u00e1rio solicitar e a entidade reguladora local&nbsp;n\u00e3o se manifestar. Como s\u00e3o diretrizes, as entidades reguladoras locais precisam inserir esse tipo de previs\u00e3o nos contratos.<\/p>\n\n\n\n<p>A avalia\u00e7\u00e3o \u00e9 que as consequ\u00eancias do n\u00e3o reajuste nos prazos previstos nos contratos prejudicam a presta\u00e7\u00e3o do servi\u00e7o, com redu\u00e7\u00e3o dos investimentos por parte das concession\u00e1rias, piora na qualidade e custos mais elevados para o consumidor quando os contratos&nbsp;s\u00e3o&nbsp;ajustados.<\/p>\n\n\n\n<p>O superintendente afirma que \u00e9 importante acompanhar com aten\u00e7\u00e3o o desdobramento do caso no STJ, que poder\u00e1, segundo ele, oferecer uma defini\u00e7\u00e3o mais clara sobre o alcance das cl\u00e1usulas de reajuste nos contratos de concess\u00e3o para servi\u00e7os de \u00e1gua e esgoto.&nbsp;<\/p>\n\n\n\n<p><strong>Seguran\u00e7a jur\u00eddica<\/strong><br>Felipe Sande, pesquisador do Centro de Estudos P\u00fablico-Privado, da Fipe (Funda\u00e7\u00e3o Instituto de Pesquisas Econ\u00f4micas), disse que o processo levanta discuss\u00e3o sobre a seguran\u00e7a jur\u00eddica e o equil\u00edbrio econ\u00f4mico-financeiro dos contratos de concess\u00e3o. Recentemente, ele publicou uma <a href=\"https:\/\/mcusercontent.com\/d460dd1bcf9ba0ae040e1fc0f\/files\/ec3b6370-9027-ba44-acf9-61fc0713e7cf\/Manifestac_a_o_BRL.pdf\" target=\"_blank\" rel=\"noreferrer noopener\">nota t\u00e9cnica<\/a> sobre o caso, na qual repudia a interpreta\u00e7\u00e3o adotada pelo TJ-SP, afirmando que a decis\u00e3o confunde os institutos do reajuste e da revis\u00e3o contratual.<\/p>\n\n\n\n<p>Para o pesquisador, houve um entendimento equivocado da maioria do TJ-SP, que imp\u00f5e uma \u201cexig\u00eancia incompat\u00edvel com a l\u00f3gica dos reajustes\u201d, enfraquecendo a estabilidade regulat\u00f3ria e pondo em risco a atratividade de investimentos no setor. \u201cO que a gente [neste caso] v\u00ea contraria todas as boas pr\u00e1ticas\u201d, disse em entrevista.<\/p>\n\n\n\n<p><strong>Prefeitura n\u00e3o retornou<\/strong><br>Em nota enviada \u00e0 <strong>Ag\u00eancia iNFRA<\/strong>, o STJ informou que foi apresentado um recurso interno nesse processo e que o caso dever\u00e1 ser julgado na Primeira Turma do STJ, em data ainda n\u00e3o definida. O TJ-SP, por sua vez, disse n\u00e3o se manifestar sobre quest\u00f5es jurisdicionais.<\/p>\n\n\n\n<p>\u00c0 <strong>Ag\u00eancia iNFRA<\/strong>, a concession\u00e1ria Sanear afirmou, por meio de nota, estar comprometida com o respeito \u00e0s normas legais e contratuais, acreditando que os preju\u00edzos decorrentes do descumprimento contratual ser\u00e3o adequadamente reconhecidos e reparados.&nbsp;<\/p>\n\n\n\n<p>&nbsp;\u201cEm rela\u00e7\u00e3o ao processo judicial em curso, a empresa destaca que a aus\u00eancia de aplica\u00e7\u00e3o dos reajustes previstos contratualmente por um per\u00edodo de nove anos e dos preju\u00edzos decorrentes s\u00e3o fatos incontroversos, reconhecidos por diferentes inst\u00e2ncias judiciais\u201d, disse, acrescentando que o respeito aos contratos e \u00e0 seguran\u00e7a jur\u00eddica \u00e9 fundamental para a atratividade dos investimentos no setor.<\/p>\n\n\n\n<p>A Prefeitura de Ara\u00e7atuba n\u00e3o retornou \u00e0 reportagem. (Colaborou: Dimmi Amora)<\/p>\n","protected":false},"excerpt":{"rendered":"<p>Sheyla Santos, da Ag\u00eancia iNFRA A ANA (Ag\u00eancia Nacional de \u00c1guas e Saneamento B\u00e1sico) v\u00ea com preocupa\u00e7\u00e3o uma decis\u00e3o do TJ-SP (Tribunal de Justi\u00e7a de S\u00e3o Paulo) que condiciona o reajuste tarif\u00e1rio de um contrato de concess\u00e3o de saneamento b\u00e1sico \u00e0 comprova\u00e7\u00e3o de preju\u00edzo por parte da concession\u00e1ria. O caso em quest\u00e3o, que tramita hoje [&hellip;]<\/p>\n","protected":false},"author":1,"featured_media":10367,"comment_status":"closed","ping_status":"closed","sticky":false,"template":"","format":"standard","meta":{"_monsterinsights_skip_tracking":false,"_monsterinsights_sitenote_active":false,"_monsterinsights_sitenote_note":"","_monsterinsights_sitenote_category":0,"footnotes":""},"categories":[7250,1,7827],"tags":[77,12869,12981,1299,8864,11404,179,12983,8838,12982],"class_list":["post-20846","post","type-post","status-publish","format-standard","has-post-thumbnail","hentry","category-destaque-lista","category-geral","category-infrasaneamento","tag-ana","tag-concessao-de-saneamento","tag-decisao-tjsp","tag-dimmi-amora","tag-reajuste-tarifario","tag-revisao-contratual","tag-saneamento","tag-sanear-saneamento-de-aracatuba","tag-sheyla-santos","tag-tarifa-de-saneamento"],"yoast_head":"<!-- This site is optimized with the Yoast SEO Premium plugin v25.4 (Yoast SEO v26.0) - https:\/\/yoast.com\/wordpress\/plugins\/seo\/ -->\n<title>ANA v\u00ea com preocupa\u00e7\u00e3o decis\u00e3o judicial que condiciona reajuste tarif\u00e1rio \u00e0 comprova\u00e7\u00e3o de preju\u00edzo - Ag\u00eancia iNFRA<\/title>\n<meta name=\"robots\" content=\"index, follow, max-snippet:-1, max-image-preview:large, max-video-preview:-1\" \/>\n<link rel=\"canonical\" href=\"https:\/\/agenciainfra.com\/blog\/ana-ve-com-preocupacao-decisao-judicial-que-condiciona-reajuste-tarifario-a-comprovacao-de-prejuizo\/\" \/>\n<meta property=\"og:locale\" content=\"pt_BR\" \/>\n<meta property=\"og:type\" content=\"article\" \/>\n<meta property=\"og:title\" content=\"ANA v\u00ea com preocupa\u00e7\u00e3o decis\u00e3o judicial que condiciona reajuste tarif\u00e1rio \u00e0 comprova\u00e7\u00e3o de preju\u00edzo\" \/>\n<meta property=\"og:description\" content=\"Sheyla Santos, da Ag\u00eancia iNFRA A ANA (Ag\u00eancia Nacional de \u00c1guas e Saneamento B\u00e1sico) v\u00ea com preocupa\u00e7\u00e3o uma decis\u00e3o do TJ-SP (Tribunal de Justi\u00e7a de S\u00e3o Paulo) que condiciona o reajuste tarif\u00e1rio de um contrato de concess\u00e3o de saneamento b\u00e1sico \u00e0 comprova\u00e7\u00e3o de preju\u00edzo por parte da concession\u00e1ria. O caso em quest\u00e3o, que tramita hoje [&hellip;]\" \/>\n<meta property=\"og:url\" content=\"https:\/\/agenciainfra.com\/blog\/ana-ve-com-preocupacao-decisao-judicial-que-condiciona-reajuste-tarifario-a-comprovacao-de-prejuizo\/\" \/>\n<meta property=\"og:site_name\" content=\"Ag\u00eancia iNFRA\" \/>\n<meta property=\"article:publisher\" content=\"https:\/\/www.facebook.com\/ageninfra\" \/>\n<meta property=\"article:published_time\" content=\"2025-04-04T11:00:00+00:00\" \/>\n<meta property=\"article:modified_time\" content=\"2025-04-04T14:26:03+00:00\" \/>\n<meta property=\"og:image\" content=\"https:\/\/agenciainfra.com\/blog\/wp-content\/uploads\/2022\/05\/saneamento-basico-foto-mdr.jpeg\" \/>\n\t<meta property=\"og:image:width\" content=\"1300\" \/>\n\t<meta property=\"og:image:height\" content=\"865\" \/>\n\t<meta property=\"og:image:type\" content=\"image\/jpeg\" \/>\n<meta name=\"author\" content=\"Ag\u00eancia iNFRA\" \/>\n<meta name=\"twitter:card\" content=\"summary_large_image\" \/>\n<meta name=\"twitter:creator\" content=\"@agencia_infra\" \/>\n<meta name=\"twitter:site\" content=\"@agencia_infra\" \/>\n<meta name=\"twitter:label1\" content=\"Escrito por\" \/>\n\t<meta name=\"twitter:data1\" content=\"Ag\u00eancia iNFRA\" \/>\n\t<meta name=\"twitter:label2\" content=\"Est. tempo de leitura\" \/>\n\t<meta name=\"twitter:data2\" content=\"5 minutos\" \/>\n<script type=\"application\/ld+json\" class=\"yoast-schema-graph\">{\"@context\":\"https:\/\/schema.org\",\"@graph\":[{\"@type\":\"Article\",\"@id\":\"https:\/\/agenciainfra.com\/blog\/ana-ve-com-preocupacao-decisao-judicial-que-condiciona-reajuste-tarifario-a-comprovacao-de-prejuizo\/#article\",\"isPartOf\":{\"@id\":\"https:\/\/agenciainfra.com\/blog\/ana-ve-com-preocupacao-decisao-judicial-que-condiciona-reajuste-tarifario-a-comprovacao-de-prejuizo\/\"},\"author\":{\"name\":\"Ag\u00eancia iNFRA\",\"@id\":\"https:\/\/agenciainfra.com\/blog\/#\/schema\/person\/34af08dff6adea4cb22b06612ba7acfa\"},\"headline\":\"ANA v\u00ea com preocupa\u00e7\u00e3o decis\u00e3o judicial que condiciona reajuste tarif\u00e1rio \u00e0 comprova\u00e7\u00e3o de preju\u00edzo\",\"datePublished\":\"2025-04-04T11:00:00+00:00\",\"dateModified\":\"2025-04-04T14:26:03+00:00\",\"mainEntityOfPage\":{\"@id\":\"https:\/\/agenciainfra.com\/blog\/ana-ve-com-preocupacao-decisao-judicial-que-condiciona-reajuste-tarifario-a-comprovacao-de-prejuizo\/\"},\"wordCount\":1007,\"publisher\":{\"@id\":\"https:\/\/agenciainfra.com\/blog\/#organization\"},\"image\":{\"@id\":\"https:\/\/agenciainfra.com\/blog\/ana-ve-com-preocupacao-decisao-judicial-que-condiciona-reajuste-tarifario-a-comprovacao-de-prejuizo\/#primaryimage\"},\"thumbnailUrl\":\"https:\/\/agenciainfra.com\/blog\/wp-content\/uploads\/2022\/05\/saneamento-basico-foto-mdr.jpeg\",\"keywords\":[\"ANA\",\"concess\u00e3o de saneamento\",\"decis\u00e3o tjsp\",\"Dimmi Amora\",\"Reajuste tarif\u00e1rio\",\"revis\u00e3o contratual\",\"saneamento\",\"sanear saneamento de ara\u00e7atuba\",\"Sheyla Santos\",\"tarifa de saneamento\"],\"articleSection\":[\"Destaque lista\",\"Geral\",\"iNFRASaneamento\"],\"inLanguage\":\"pt-BR\",\"copyrightYear\":\"2025\",\"copyrightHolder\":{\"@id\":\"https:\/\/agenciainfra.com\/blog\/#organization\"}},{\"@type\":\"WebPage\",\"@id\":\"https:\/\/agenciainfra.com\/blog\/ana-ve-com-preocupacao-decisao-judicial-que-condiciona-reajuste-tarifario-a-comprovacao-de-prejuizo\/\",\"url\":\"https:\/\/agenciainfra.com\/blog\/ana-ve-com-preocupacao-decisao-judicial-que-condiciona-reajuste-tarifario-a-comprovacao-de-prejuizo\/\",\"name\":\"ANA v\u00ea com preocupa\u00e7\u00e3o decis\u00e3o judicial que condiciona reajuste tarif\u00e1rio \u00e0 comprova\u00e7\u00e3o de preju\u00edzo - Ag\u00eancia iNFRA\",\"isPartOf\":{\"@id\":\"https:\/\/agenciainfra.com\/blog\/#website\"},\"primaryImageOfPage\":{\"@id\":\"https:\/\/agenciainfra.com\/blog\/ana-ve-com-preocupacao-decisao-judicial-que-condiciona-reajuste-tarifario-a-comprovacao-de-prejuizo\/#primaryimage\"},\"image\":{\"@id\":\"https:\/\/agenciainfra.com\/blog\/ana-ve-com-preocupacao-decisao-judicial-que-condiciona-reajuste-tarifario-a-comprovacao-de-prejuizo\/#primaryimage\"},\"thumbnailUrl\":\"https:\/\/agenciainfra.com\/blog\/wp-content\/uploads\/2022\/05\/saneamento-basico-foto-mdr.jpeg\",\"datePublished\":\"2025-04-04T11:00:00+00:00\",\"dateModified\":\"2025-04-04T14:26:03+00:00\",\"breadcrumb\":{\"@id\":\"https:\/\/agenciainfra.com\/blog\/ana-ve-com-preocupacao-decisao-judicial-que-condiciona-reajuste-tarifario-a-comprovacao-de-prejuizo\/#breadcrumb\"},\"inLanguage\":\"pt-BR\",\"potentialAction\":[{\"@type\":\"ReadAction\",\"target\":[\"https:\/\/agenciainfra.com\/blog\/ana-ve-com-preocupacao-decisao-judicial-que-condiciona-reajuste-tarifario-a-comprovacao-de-prejuizo\/\"]}]},{\"@type\":\"ImageObject\",\"inLanguage\":\"pt-BR\",\"@id\":\"https:\/\/agenciainfra.com\/blog\/ana-ve-com-preocupacao-decisao-judicial-que-condiciona-reajuste-tarifario-a-comprovacao-de-prejuizo\/#primaryimage\",\"url\":\"https:\/\/agenciainfra.com\/blog\/wp-content\/uploads\/2022\/05\/saneamento-basico-foto-mdr.jpeg\",\"contentUrl\":\"https:\/\/agenciainfra.com\/blog\/wp-content\/uploads\/2022\/05\/saneamento-basico-foto-mdr.jpeg\",\"width\":1300,\"height\":865,\"caption\":\"Foto: MDR\/Governo Federal\"},{\"@type\":\"BreadcrumbList\",\"@id\":\"https:\/\/agenciainfra.com\/blog\/ana-ve-com-preocupacao-decisao-judicial-que-condiciona-reajuste-tarifario-a-comprovacao-de-prejuizo\/#breadcrumb\",\"itemListElement\":[{\"@type\":\"ListItem\",\"position\":1,\"name\":\"In\u00edcio\",\"item\":\"https:\/\/agenciainfra.com\/blog\/\"},{\"@type\":\"ListItem\",\"position\":2,\"name\":\"ANA v\u00ea com preocupa\u00e7\u00e3o decis\u00e3o judicial que condiciona reajuste tarif\u00e1rio \u00e0 comprova\u00e7\u00e3o de preju\u00edzo\"}]},{\"@type\":\"WebSite\",\"@id\":\"https:\/\/agenciainfra.com\/blog\/#website\",\"url\":\"https:\/\/agenciainfra.com\/blog\/\",\"name\":\"Ag\u00eancia iNFRA\",\"description\":\"Multiplataforma de informa\u00e7\u00e3o jornal\u00edstica refer\u00eancia na \u00e1rea de infraestrutura no Brasil!\",\"publisher\":{\"@id\":\"https:\/\/agenciainfra.com\/blog\/#organization\"},\"potentialAction\":[{\"@type\":\"SearchAction\",\"target\":{\"@type\":\"EntryPoint\",\"urlTemplate\":\"https:\/\/agenciainfra.com\/blog\/?s={search_term_string}\"},\"query-input\":{\"@type\":\"PropertyValueSpecification\",\"valueRequired\":true,\"valueName\":\"search_term_string\"}}],\"inLanguage\":\"pt-BR\"},{\"@type\":\"Organization\",\"@id\":\"https:\/\/agenciainfra.com\/blog\/#organization\",\"name\":\"Ag\u00eancia iNFRA\",\"url\":\"https:\/\/agenciainfra.com\/blog\/\",\"logo\":{\"@type\":\"ImageObject\",\"inLanguage\":\"pt-BR\",\"@id\":\"https:\/\/agenciainfra.com\/blog\/#\/schema\/logo\/image\/\",\"url\":\"https:\/\/agenciainfra.com\/blog\/wp-content\/uploads\/2023\/09\/iNFRA_5-e1761735885940.png\",\"contentUrl\":\"https:\/\/agenciainfra.com\/blog\/wp-content\/uploads\/2023\/09\/iNFRA_5-e1761735885940.png\",\"width\":1672,\"height\":454,\"caption\":\"Ag\u00eancia iNFRA\"},\"image\":{\"@id\":\"https:\/\/agenciainfra.com\/blog\/#\/schema\/logo\/image\/\"},\"sameAs\":[\"https:\/\/www.facebook.com\/ageninfra\",\"https:\/\/x.com\/agencia_infra\",\"https:\/\/www.linkedin.com\/company\/ag\u00eanciainfra\/\",\"https:\/\/www.instagram.com\/agenciainfra\/\"]},{\"@type\":\"Person\",\"@id\":\"https:\/\/agenciainfra.com\/blog\/#\/schema\/person\/34af08dff6adea4cb22b06612ba7acfa\",\"name\":\"Ag\u00eancia iNFRA\",\"image\":{\"@type\":\"ImageObject\",\"inLanguage\":\"pt-BR\",\"@id\":\"https:\/\/agenciainfra.com\/blog\/#\/schema\/person\/image\/\",\"url\":\"https:\/\/secure.gravatar.com\/avatar\/d189e01678f06d8eb84d4e01f08eb848b3fffe3f8443818d3c356c66892f5be8?s=96&d=mm&r=g\",\"contentUrl\":\"https:\/\/secure.gravatar.com\/avatar\/d189e01678f06d8eb84d4e01f08eb848b3fffe3f8443818d3c356c66892f5be8?s=96&d=mm&r=g\",\"caption\":\"Ag\u00eancia iNFRA\"},\"url\":\"https:\/\/agenciainfra.com\/blog\/author\/admin\/\"}]}<\/script>\n<!-- \/ Yoast SEO Premium plugin. -->","yoast_head_json":{"title":"ANA v\u00ea com preocupa\u00e7\u00e3o decis\u00e3o judicial que condiciona reajuste tarif\u00e1rio \u00e0 comprova\u00e7\u00e3o de preju\u00edzo - Ag\u00eancia iNFRA","robots":{"index":"index","follow":"follow","max-snippet":"max-snippet:-1","max-image-preview":"max-image-preview:large","max-video-preview":"max-video-preview:-1"},"canonical":"https:\/\/agenciainfra.com\/blog\/ana-ve-com-preocupacao-decisao-judicial-que-condiciona-reajuste-tarifario-a-comprovacao-de-prejuizo\/","og_locale":"pt_BR","og_type":"article","og_title":"ANA v\u00ea com preocupa\u00e7\u00e3o decis\u00e3o judicial que condiciona reajuste tarif\u00e1rio \u00e0 comprova\u00e7\u00e3o de preju\u00edzo","og_description":"Sheyla Santos, da Ag\u00eancia iNFRA A ANA (Ag\u00eancia Nacional de \u00c1guas e Saneamento B\u00e1sico) v\u00ea com preocupa\u00e7\u00e3o uma decis\u00e3o do TJ-SP (Tribunal de Justi\u00e7a de S\u00e3o Paulo) que condiciona o reajuste tarif\u00e1rio de um contrato de concess\u00e3o de saneamento b\u00e1sico \u00e0 comprova\u00e7\u00e3o de preju\u00edzo por parte da concession\u00e1ria. O caso em quest\u00e3o, que tramita hoje [&hellip;]","og_url":"https:\/\/agenciainfra.com\/blog\/ana-ve-com-preocupacao-decisao-judicial-que-condiciona-reajuste-tarifario-a-comprovacao-de-prejuizo\/","og_site_name":"Ag\u00eancia iNFRA","article_publisher":"https:\/\/www.facebook.com\/ageninfra","article_published_time":"2025-04-04T11:00:00+00:00","article_modified_time":"2025-04-04T14:26:03+00:00","og_image":[{"width":1300,"height":865,"url":"https:\/\/agenciainfra.com\/blog\/wp-content\/uploads\/2022\/05\/saneamento-basico-foto-mdr.jpeg","type":"image\/jpeg"}],"author":"Ag\u00eancia iNFRA","twitter_card":"summary_large_image","twitter_creator":"@agencia_infra","twitter_site":"@agencia_infra","twitter_misc":{"Escrito por":"Ag\u00eancia iNFRA","Est. tempo de leitura":"5 minutos"},"schema":{"@context":"https:\/\/schema.org","@graph":[{"@type":"Article","@id":"https:\/\/agenciainfra.com\/blog\/ana-ve-com-preocupacao-decisao-judicial-que-condiciona-reajuste-tarifario-a-comprovacao-de-prejuizo\/#article","isPartOf":{"@id":"https:\/\/agenciainfra.com\/blog\/ana-ve-com-preocupacao-decisao-judicial-que-condiciona-reajuste-tarifario-a-comprovacao-de-prejuizo\/"},"author":{"name":"Ag\u00eancia iNFRA","@id":"https:\/\/agenciainfra.com\/blog\/#\/schema\/person\/34af08dff6adea4cb22b06612ba7acfa"},"headline":"ANA v\u00ea com preocupa\u00e7\u00e3o decis\u00e3o judicial que condiciona reajuste tarif\u00e1rio \u00e0 comprova\u00e7\u00e3o de preju\u00edzo","datePublished":"2025-04-04T11:00:00+00:00","dateModified":"2025-04-04T14:26:03+00:00","mainEntityOfPage":{"@id":"https:\/\/agenciainfra.com\/blog\/ana-ve-com-preocupacao-decisao-judicial-que-condiciona-reajuste-tarifario-a-comprovacao-de-prejuizo\/"},"wordCount":1007,"publisher":{"@id":"https:\/\/agenciainfra.com\/blog\/#organization"},"image":{"@id":"https:\/\/agenciainfra.com\/blog\/ana-ve-com-preocupacao-decisao-judicial-que-condiciona-reajuste-tarifario-a-comprovacao-de-prejuizo\/#primaryimage"},"thumbnailUrl":"https:\/\/agenciainfra.com\/blog\/wp-content\/uploads\/2022\/05\/saneamento-basico-foto-mdr.jpeg","keywords":["ANA","concess\u00e3o de saneamento","decis\u00e3o tjsp","Dimmi Amora","Reajuste tarif\u00e1rio","revis\u00e3o contratual","saneamento","sanear saneamento de ara\u00e7atuba","Sheyla Santos","tarifa de saneamento"],"articleSection":["Destaque lista","Geral","iNFRASaneamento"],"inLanguage":"pt-BR","copyrightYear":"2025","copyrightHolder":{"@id":"https:\/\/agenciainfra.com\/blog\/#organization"}},{"@type":"WebPage","@id":"https:\/\/agenciainfra.com\/blog\/ana-ve-com-preocupacao-decisao-judicial-que-condiciona-reajuste-tarifario-a-comprovacao-de-prejuizo\/","url":"https:\/\/agenciainfra.com\/blog\/ana-ve-com-preocupacao-decisao-judicial-que-condiciona-reajuste-tarifario-a-comprovacao-de-prejuizo\/","name":"ANA v\u00ea com preocupa\u00e7\u00e3o decis\u00e3o judicial que condiciona reajuste tarif\u00e1rio \u00e0 comprova\u00e7\u00e3o de preju\u00edzo - Ag\u00eancia iNFRA","isPartOf":{"@id":"https:\/\/agenciainfra.com\/blog\/#website"},"primaryImageOfPage":{"@id":"https:\/\/agenciainfra.com\/blog\/ana-ve-com-preocupacao-decisao-judicial-que-condiciona-reajuste-tarifario-a-comprovacao-de-prejuizo\/#primaryimage"},"image":{"@id":"https:\/\/agenciainfra.com\/blog\/ana-ve-com-preocupacao-decisao-judicial-que-condiciona-reajuste-tarifario-a-comprovacao-de-prejuizo\/#primaryimage"},"thumbnailUrl":"https:\/\/agenciainfra.com\/blog\/wp-content\/uploads\/2022\/05\/saneamento-basico-foto-mdr.jpeg","datePublished":"2025-04-04T11:00:00+00:00","dateModified":"2025-04-04T14:26:03+00:00","breadcrumb":{"@id":"https:\/\/agenciainfra.com\/blog\/ana-ve-com-preocupacao-decisao-judicial-que-condiciona-reajuste-tarifario-a-comprovacao-de-prejuizo\/#breadcrumb"},"inLanguage":"pt-BR","potentialAction":[{"@type":"ReadAction","target":["https:\/\/agenciainfra.com\/blog\/ana-ve-com-preocupacao-decisao-judicial-que-condiciona-reajuste-tarifario-a-comprovacao-de-prejuizo\/"]}]},{"@type":"ImageObject","inLanguage":"pt-BR","@id":"https:\/\/agenciainfra.com\/blog\/ana-ve-com-preocupacao-decisao-judicial-que-condiciona-reajuste-tarifario-a-comprovacao-de-prejuizo\/#primaryimage","url":"https:\/\/agenciainfra.com\/blog\/wp-content\/uploads\/2022\/05\/saneamento-basico-foto-mdr.jpeg","contentUrl":"https:\/\/agenciainfra.com\/blog\/wp-content\/uploads\/2022\/05\/saneamento-basico-foto-mdr.jpeg","width":1300,"height":865,"caption":"Foto: MDR\/Governo Federal"},{"@type":"BreadcrumbList","@id":"https:\/\/agenciainfra.com\/blog\/ana-ve-com-preocupacao-decisao-judicial-que-condiciona-reajuste-tarifario-a-comprovacao-de-prejuizo\/#breadcrumb","itemListElement":[{"@type":"ListItem","position":1,"name":"In\u00edcio","item":"https:\/\/agenciainfra.com\/blog\/"},{"@type":"ListItem","position":2,"name":"ANA v\u00ea com preocupa\u00e7\u00e3o decis\u00e3o judicial que condiciona reajuste tarif\u00e1rio \u00e0 comprova\u00e7\u00e3o de preju\u00edzo"}]},{"@type":"WebSite","@id":"https:\/\/agenciainfra.com\/blog\/#website","url":"https:\/\/agenciainfra.com\/blog\/","name":"Ag\u00eancia iNFRA","description":"Multiplataforma de informa\u00e7\u00e3o jornal\u00edstica refer\u00eancia na \u00e1rea de infraestrutura no Brasil!","publisher":{"@id":"https:\/\/agenciainfra.com\/blog\/#organization"},"potentialAction":[{"@type":"SearchAction","target":{"@type":"EntryPoint","urlTemplate":"https:\/\/agenciainfra.com\/blog\/?s={search_term_string}"},"query-input":{"@type":"PropertyValueSpecification","valueRequired":true,"valueName":"search_term_string"}}],"inLanguage":"pt-BR"},{"@type":"Organization","@id":"https:\/\/agenciainfra.com\/blog\/#organization","name":"Ag\u00eancia iNFRA","url":"https:\/\/agenciainfra.com\/blog\/","logo":{"@type":"ImageObject","inLanguage":"pt-BR","@id":"https:\/\/agenciainfra.com\/blog\/#\/schema\/logo\/image\/","url":"https:\/\/agenciainfra.com\/blog\/wp-content\/uploads\/2023\/09\/iNFRA_5-e1761735885940.png","contentUrl":"https:\/\/agenciainfra.com\/blog\/wp-content\/uploads\/2023\/09\/iNFRA_5-e1761735885940.png","width":1672,"height":454,"caption":"Ag\u00eancia iNFRA"},"image":{"@id":"https:\/\/agenciainfra.com\/blog\/#\/schema\/logo\/image\/"},"sameAs":["https:\/\/www.facebook.com\/ageninfra","https:\/\/x.com\/agencia_infra","https:\/\/www.linkedin.com\/company\/ag\u00eanciainfra\/","https:\/\/www.instagram.com\/agenciainfra\/"]},{"@type":"Person","@id":"https:\/\/agenciainfra.com\/blog\/#\/schema\/person\/34af08dff6adea4cb22b06612ba7acfa","name":"Ag\u00eancia iNFRA","image":{"@type":"ImageObject","inLanguage":"pt-BR","@id":"https:\/\/agenciainfra.com\/blog\/#\/schema\/person\/image\/","url":"https:\/\/secure.gravatar.com\/avatar\/d189e01678f06d8eb84d4e01f08eb848b3fffe3f8443818d3c356c66892f5be8?s=96&d=mm&r=g","contentUrl":"https:\/\/secure.gravatar.com\/avatar\/d189e01678f06d8eb84d4e01f08eb848b3fffe3f8443818d3c356c66892f5be8?s=96&d=mm&r=g","caption":"Ag\u00eancia iNFRA"},"url":"https:\/\/agenciainfra.com\/blog\/author\/admin\/"}]}},"_links":{"self":[{"href":"https:\/\/agenciainfra.com\/blog\/wp-json\/wp\/v2\/posts\/20846","targetHints":{"allow":["GET"]}}],"collection":[{"href":"https:\/\/agenciainfra.com\/blog\/wp-json\/wp\/v2\/posts"}],"about":[{"href":"https:\/\/agenciainfra.com\/blog\/wp-json\/wp\/v2\/types\/post"}],"author":[{"embeddable":true,"href":"https:\/\/agenciainfra.com\/blog\/wp-json\/wp\/v2\/users\/1"}],"replies":[{"embeddable":true,"href":"https:\/\/agenciainfra.com\/blog\/wp-json\/wp\/v2\/comments?post=20846"}],"version-history":[{"count":1,"href":"https:\/\/agenciainfra.com\/blog\/wp-json\/wp\/v2\/posts\/20846\/revisions"}],"predecessor-version":[{"id":20847,"href":"https:\/\/agenciainfra.com\/blog\/wp-json\/wp\/v2\/posts\/20846\/revisions\/20847"}],"wp:featuredmedia":[{"embeddable":true,"href":"https:\/\/agenciainfra.com\/blog\/wp-json\/wp\/v2\/media\/10367"}],"wp:attachment":[{"href":"https:\/\/agenciainfra.com\/blog\/wp-json\/wp\/v2\/media?parent=20846"}],"wp:term":[{"taxonomy":"category","embeddable":true,"href":"https:\/\/agenciainfra.com\/blog\/wp-json\/wp\/v2\/categories?post=20846"},{"taxonomy":"post_tag","embeddable":true,"href":"https:\/\/agenciainfra.com\/blog\/wp-json\/wp\/v2\/tags?post=20846"}],"curies":[{"name":"wp","href":"https:\/\/api.w.org\/{rel}","templated":true}]}}