{"id":20854,"date":"2025-04-04T10:00:00","date_gmt":"2025-04-04T13:00:00","guid":{"rendered":"https:\/\/agenciainfra.com\/blog\/?p=20854"},"modified":"2025-04-04T07:00:08","modified_gmt":"2025-04-04T10:00:08","slug":"comissao-que-revisa-a-lei-dos-portos-deve-ser-instalada-nos-proximos-dias-na-camara","status":"publish","type":"post","link":"https:\/\/agenciainfra.com\/blog\/comissao-que-revisa-a-lei-dos-portos-deve-ser-instalada-nos-proximos-dias-na-camara\/","title":{"rendered":"Comiss\u00e3o que revisa a Lei dos Portos deve ser instalada nos pr\u00f3ximos dias na C\u00e2mara"},"content":{"rendered":"\n<p class=\"has-text-align-right\"><strong>da Ag\u00eancia iNFRA<\/strong><\/p>\n\n\n\n<p>O presidente da C\u00e2mara dos Deputados, Hugo Motta (Republicanos-PB), est\u00e1 coordenando os esfor\u00e7os para a instala\u00e7\u00e3o da comiss\u00e3o respons\u00e1vel pela revis\u00e3o da Lei dos Portos (12.815\/2013). A instala\u00e7\u00e3o da comiss\u00e3o estava prevista para esta quinta-feira (3), mas foi remarcada para a pr\u00f3xima semana.<\/p>\n\n\n\n<p>A proposta foi discutida nesta quinta-feira&nbsp;durante o col\u00e9gio de l\u00edderes da Casa. O texto que ser\u00e1 debatido \u00e9 o&nbsp;<a href=\"https:\/\/agenciainfra.us14.list-manage.com\/track\/click?u=d460dd1bcf9ba0ae040e1fc0f&amp;id=004c5a2848&amp;e=1192c754bc\" target=\"_blank\" rel=\"noreferrer noopener\">PL (Projeto de Lei) 733\/2025<\/a>, protocolado pelo deputado Leur Lomanto J\u00fanior (Uni\u00e3o-BA) na \u00faltima semana de fevereiro e entregue pela comiss\u00e3o de juristas no ano passado ao ent\u00e3o presidente Arthur Lira (PP-AL).<\/p>\n\n\n\n<p>O deputado Arthur Maia (Uni\u00e3o-BA) est\u00e1 sendo cogitado para a relatoria, enquanto o deputado Marcos Pereira (Republicanos-SP) \u00e9 o nome que desponta para presidir o colegiado. Questionado pela&nbsp;<strong>Ag\u00eancia iNFRA<\/strong>, o deputado Arthur Maia confirmou a articula\u00e7\u00e3o para a cria\u00e7\u00e3o da comiss\u00e3o, mas ressaltou que ainda n\u00e3o pode confirmar sua escolha para relator.<\/p>\n\n\n\n<p>A proposta de&nbsp;instala\u00e7\u00e3o da comiss\u00e3o gera diverg\u00eancias entre integrantes do setor. No Minist\u00e9rio de Portos e Aeroportos, um f\u00f3rum composto por representantes do setor patronal e dos trabalhadores discute propostas para altera\u00e7\u00f5es no texto.<\/p>\n\n\n\n<p>O grupo solicitou ao ministro Silvio Costa Filho que a comiss\u00e3o n\u00e3o fosse instalada antes da conclus\u00e3o do di\u00e1logo no colegiado, prevista para o dia 24 deste m\u00eas. No entanto, o ministro afirmou que n\u00e3o poderia se comprometer em interferir no processo legislativo.<\/p>\n\n\n\n<p>A altera\u00e7\u00e3o da lei portu\u00e1ria tamb\u00e9m preocupa outras \u00e1reas do governo, que entendem que h\u00e1 outras prioridades&nbsp;legislativas a serem atacadas para o desenvolvimento e querem avaliar com mais profundidade as consequ\u00eancias das mudan\u00e7as propostas.<\/p>\n\n\n\n<p>Procurado pela&nbsp;<strong>Ag\u00eancia iNFRA<\/strong>&nbsp;para comentar o caso, Silvio Costa Filho n\u00e3o se manifestou at\u00e9 a publica\u00e7\u00e3o deste texto. Segundo o presidente da Fenop (Federa\u00e7\u00e3o Nacional das Opera\u00e7\u00f5es Portu\u00e1rias), S\u00e9rgio Aquino, o grupo segue debatendo sugest\u00f5es para o PL 733\/2025.<\/p>\n","protected":false},"excerpt":{"rendered":"<p>da Ag\u00eancia iNFRA O presidente da C\u00e2mara dos Deputados, Hugo Motta (Republicanos-PB), est\u00e1 coordenando os esfor\u00e7os para a instala\u00e7\u00e3o da comiss\u00e3o respons\u00e1vel pela revis\u00e3o da Lei dos Portos (12.815\/2013). A instala\u00e7\u00e3o da comiss\u00e3o estava prevista para esta quinta-feira (3), mas foi remarcada para a pr\u00f3xima semana. A proposta foi discutida nesta quinta-feira&nbsp;durante o col\u00e9gio de [&hellip;]<\/p>\n","protected":false},"author":1,"featured_media":10715,"comment_status":"closed","ping_status":"closed","sticky":false,"template":"","format":"standard","meta":{"_monsterinsights_skip_tracking":false,"_monsterinsights_sitenote_active":false,"_monsterinsights_sitenote_note":"","_monsterinsights_sitenote_category":0,"footnotes":""},"categories":[9714,1,7],"tags":[12580,12992,12624,12991,12993,12989,308,12994,6919,12990,310,12988,5239],"class_list":["post-20854","post","type-post","status-publish","format-standard","has-post-thumbnail","hentry","category-destaque-menor","category-geral","category-infratransporte","tag-comissoes-da-camara","tag-deputado-arthur-maia","tag-deputado-hugo-motta","tag-deputado-leur-lomanto-junior","tag-deputado-marcos-pereira","tag-instalacao-de-comissao","tag-lei-dos-portos","tag-lei-portuaria","tag-mpor","tag-pl-733-2025","tag-portos","tag-revisao-da-lei-dos-portos","tag-trabalhadores-portuarios"],"yoast_head":"<!-- This site is optimized with the Yoast SEO Premium plugin v25.4 (Yoast SEO v26.0) - https:\/\/yoast.com\/wordpress\/plugins\/seo\/ -->\n<title>Comiss\u00e3o que revisa a Lei dos Portos deve ser instalada nos pr\u00f3ximos dias na C\u00e2mara - Ag\u00eancia iNFRA<\/title>\n<meta name=\"robots\" content=\"index, follow, max-snippet:-1, max-image-preview:large, max-video-preview:-1\" \/>\n<link rel=\"canonical\" href=\"https:\/\/agenciainfra.com\/blog\/comissao-que-revisa-a-lei-dos-portos-deve-ser-instalada-nos-proximos-dias-na-camara\/\" \/>\n<meta property=\"og:locale\" content=\"pt_BR\" \/>\n<meta property=\"og:type\" content=\"article\" \/>\n<meta property=\"og:title\" content=\"Comiss\u00e3o que revisa a Lei dos Portos deve ser instalada nos pr\u00f3ximos dias na C\u00e2mara\" \/>\n<meta property=\"og:description\" content=\"da Ag\u00eancia iNFRA O presidente da C\u00e2mara dos Deputados, Hugo Motta (Republicanos-PB), est\u00e1 coordenando os esfor\u00e7os para a instala\u00e7\u00e3o da comiss\u00e3o respons\u00e1vel pela revis\u00e3o da Lei dos Portos (12.815\/2013). A instala\u00e7\u00e3o da comiss\u00e3o estava prevista para esta quinta-feira (3), mas foi remarcada para a pr\u00f3xima semana. A proposta foi discutida nesta quinta-feira&nbsp;durante o col\u00e9gio de [&hellip;]\" \/>\n<meta property=\"og:url\" content=\"https:\/\/agenciainfra.com\/blog\/comissao-que-revisa-a-lei-dos-portos-deve-ser-instalada-nos-proximos-dias-na-camara\/\" \/>\n<meta property=\"og:site_name\" content=\"Ag\u00eancia iNFRA\" \/>\n<meta property=\"article:publisher\" content=\"https:\/\/www.facebook.com\/ageninfra\" \/>\n<meta property=\"article:published_time\" content=\"2025-04-04T13:00:00+00:00\" \/>\n<meta property=\"og:image\" content=\"https:\/\/agenciainfra.com\/blog\/wp-content\/uploads\/2022\/06\/conteineres-portos-foto-dominio-publico-pexels.jpeg\" \/>\n\t<meta property=\"og:image:width\" content=\"1299\" \/>\n\t<meta property=\"og:image:height\" content=\"729\" \/>\n\t<meta property=\"og:image:type\" content=\"image\/jpeg\" \/>\n<meta name=\"author\" content=\"Ag\u00eancia iNFRA\" \/>\n<meta name=\"twitter:card\" content=\"summary_large_image\" \/>\n<meta name=\"twitter:creator\" content=\"@agencia_infra\" \/>\n<meta name=\"twitter:site\" content=\"@agencia_infra\" \/>\n<meta name=\"twitter:label1\" content=\"Escrito por\" \/>\n\t<meta name=\"twitter:data1\" content=\"Ag\u00eancia iNFRA\" \/>\n\t<meta name=\"twitter:label2\" content=\"Est. tempo de leitura\" \/>\n\t<meta name=\"twitter:data2\" content=\"2 minutos\" \/>\n<script type=\"application\/ld+json\" class=\"yoast-schema-graph\">{\"@context\":\"https:\/\/schema.org\",\"@graph\":[{\"@type\":\"Article\",\"@id\":\"https:\/\/agenciainfra.com\/blog\/comissao-que-revisa-a-lei-dos-portos-deve-ser-instalada-nos-proximos-dias-na-camara\/#article\",\"isPartOf\":{\"@id\":\"https:\/\/agenciainfra.com\/blog\/comissao-que-revisa-a-lei-dos-portos-deve-ser-instalada-nos-proximos-dias-na-camara\/\"},\"author\":{\"name\":\"Ag\u00eancia iNFRA\",\"@id\":\"https:\/\/agenciainfra.com\/blog\/#\/schema\/person\/34af08dff6adea4cb22b06612ba7acfa\"},\"headline\":\"Comiss\u00e3o que revisa a Lei dos Portos deve ser instalada nos pr\u00f3ximos dias na C\u00e2mara\",\"datePublished\":\"2025-04-04T13:00:00+00:00\",\"mainEntityOfPage\":{\"@id\":\"https:\/\/agenciainfra.com\/blog\/comissao-que-revisa-a-lei-dos-portos-deve-ser-instalada-nos-proximos-dias-na-camara\/\"},\"wordCount\":369,\"publisher\":{\"@id\":\"https:\/\/agenciainfra.com\/blog\/#organization\"},\"image\":{\"@id\":\"https:\/\/agenciainfra.com\/blog\/comissao-que-revisa-a-lei-dos-portos-deve-ser-instalada-nos-proximos-dias-na-camara\/#primaryimage\"},\"thumbnailUrl\":\"https:\/\/agenciainfra.com\/blog\/wp-content\/uploads\/2022\/06\/conteineres-portos-foto-dominio-publico-pexels.jpeg\",\"keywords\":[\"comiss\u00f5es da c\u00e2mara\",\"deputado Arthur Maia\",\"deputado hugo motta\",\"deputado Leur Lomanto J\u00fanior\",\"deputado Marcos Pereira\",\"instala\u00e7\u00e3o de comiss\u00e3o\",\"Lei dos Portos\",\"lei portu\u00e1ria\",\"MPor\",\"PL 733\/2025\",\"portos\",\"revis\u00e3o da lei dos portos\",\"trabalhadores portu\u00e1rios\"],\"articleSection\":[\"Destaque Menor\",\"Geral\",\"iNFRATransporte\"],\"inLanguage\":\"pt-BR\",\"copyrightYear\":\"2025\",\"copyrightHolder\":{\"@id\":\"https:\/\/agenciainfra.com\/blog\/#organization\"}},{\"@type\":\"WebPage\",\"@id\":\"https:\/\/agenciainfra.com\/blog\/comissao-que-revisa-a-lei-dos-portos-deve-ser-instalada-nos-proximos-dias-na-camara\/\",\"url\":\"https:\/\/agenciainfra.com\/blog\/comissao-que-revisa-a-lei-dos-portos-deve-ser-instalada-nos-proximos-dias-na-camara\/\",\"name\":\"Comiss\u00e3o que revisa a Lei dos Portos deve ser instalada nos pr\u00f3ximos dias na C\u00e2mara - Ag\u00eancia iNFRA\",\"isPartOf\":{\"@id\":\"https:\/\/agenciainfra.com\/blog\/#website\"},\"primaryImageOfPage\":{\"@id\":\"https:\/\/agenciainfra.com\/blog\/comissao-que-revisa-a-lei-dos-portos-deve-ser-instalada-nos-proximos-dias-na-camara\/#primaryimage\"},\"image\":{\"@id\":\"https:\/\/agenciainfra.com\/blog\/comissao-que-revisa-a-lei-dos-portos-deve-ser-instalada-nos-proximos-dias-na-camara\/#primaryimage\"},\"thumbnailUrl\":\"https:\/\/agenciainfra.com\/blog\/wp-content\/uploads\/2022\/06\/conteineres-portos-foto-dominio-publico-pexels.jpeg\",\"datePublished\":\"2025-04-04T13:00:00+00:00\",\"breadcrumb\":{\"@id\":\"https:\/\/agenciainfra.com\/blog\/comissao-que-revisa-a-lei-dos-portos-deve-ser-instalada-nos-proximos-dias-na-camara\/#breadcrumb\"},\"inLanguage\":\"pt-BR\",\"potentialAction\":[{\"@type\":\"ReadAction\",\"target\":[\"https:\/\/agenciainfra.com\/blog\/comissao-que-revisa-a-lei-dos-portos-deve-ser-instalada-nos-proximos-dias-na-camara\/\"]}]},{\"@type\":\"ImageObject\",\"inLanguage\":\"pt-BR\",\"@id\":\"https:\/\/agenciainfra.com\/blog\/comissao-que-revisa-a-lei-dos-portos-deve-ser-instalada-nos-proximos-dias-na-camara\/#primaryimage\",\"url\":\"https:\/\/agenciainfra.com\/blog\/wp-content\/uploads\/2022\/06\/conteineres-portos-foto-dominio-publico-pexels.jpeg\",\"contentUrl\":\"https:\/\/agenciainfra.com\/blog\/wp-content\/uploads\/2022\/06\/conteineres-portos-foto-dominio-publico-pexels.jpeg\",\"width\":1299,\"height\":729,\"caption\":\"Foto: Dom\u00ednio P\u00fablico\"},{\"@type\":\"BreadcrumbList\",\"@id\":\"https:\/\/agenciainfra.com\/blog\/comissao-que-revisa-a-lei-dos-portos-deve-ser-instalada-nos-proximos-dias-na-camara\/#breadcrumb\",\"itemListElement\":[{\"@type\":\"ListItem\",\"position\":1,\"name\":\"In\u00edcio\",\"item\":\"https:\/\/agenciainfra.com\/blog\/\"},{\"@type\":\"ListItem\",\"position\":2,\"name\":\"Comiss\u00e3o que revisa a Lei dos Portos deve ser instalada nos pr\u00f3ximos dias na C\u00e2mara\"}]},{\"@type\":\"WebSite\",\"@id\":\"https:\/\/agenciainfra.com\/blog\/#website\",\"url\":\"https:\/\/agenciainfra.com\/blog\/\",\"name\":\"Ag\u00eancia iNFRA\",\"description\":\"Multiplataforma de informa\u00e7\u00e3o jornal\u00edstica refer\u00eancia na \u00e1rea de infraestrutura no Brasil!\",\"publisher\":{\"@id\":\"https:\/\/agenciainfra.com\/blog\/#organization\"},\"potentialAction\":[{\"@type\":\"SearchAction\",\"target\":{\"@type\":\"EntryPoint\",\"urlTemplate\":\"https:\/\/agenciainfra.com\/blog\/?s={search_term_string}\"},\"query-input\":{\"@type\":\"PropertyValueSpecification\",\"valueRequired\":true,\"valueName\":\"search_term_string\"}}],\"inLanguage\":\"pt-BR\"},{\"@type\":\"Organization\",\"@id\":\"https:\/\/agenciainfra.com\/blog\/#organization\",\"name\":\"Ag\u00eancia iNFRA\",\"url\":\"https:\/\/agenciainfra.com\/blog\/\",\"logo\":{\"@type\":\"ImageObject\",\"inLanguage\":\"pt-BR\",\"@id\":\"https:\/\/agenciainfra.com\/blog\/#\/schema\/logo\/image\/\",\"url\":\"https:\/\/agenciainfra.com\/blog\/wp-content\/uploads\/2023\/09\/iNFRA_5-e1761735885940.png\",\"contentUrl\":\"https:\/\/agenciainfra.com\/blog\/wp-content\/uploads\/2023\/09\/iNFRA_5-e1761735885940.png\",\"width\":1672,\"height\":454,\"caption\":\"Ag\u00eancia iNFRA\"},\"image\":{\"@id\":\"https:\/\/agenciainfra.com\/blog\/#\/schema\/logo\/image\/\"},\"sameAs\":[\"https:\/\/www.facebook.com\/ageninfra\",\"https:\/\/x.com\/agencia_infra\",\"https:\/\/www.linkedin.com\/company\/ag\u00eanciainfra\/\",\"https:\/\/www.instagram.com\/agenciainfra\/\"]},{\"@type\":\"Person\",\"@id\":\"https:\/\/agenciainfra.com\/blog\/#\/schema\/person\/34af08dff6adea4cb22b06612ba7acfa\",\"name\":\"Ag\u00eancia iNFRA\",\"image\":{\"@type\":\"ImageObject\",\"inLanguage\":\"pt-BR\",\"@id\":\"https:\/\/agenciainfra.com\/blog\/#\/schema\/person\/image\/\",\"url\":\"https:\/\/secure.gravatar.com\/avatar\/d189e01678f06d8eb84d4e01f08eb848b3fffe3f8443818d3c356c66892f5be8?s=96&d=mm&r=g\",\"contentUrl\":\"https:\/\/secure.gravatar.com\/avatar\/d189e01678f06d8eb84d4e01f08eb848b3fffe3f8443818d3c356c66892f5be8?s=96&d=mm&r=g\",\"caption\":\"Ag\u00eancia iNFRA\"},\"url\":\"https:\/\/agenciainfra.com\/blog\/author\/admin\/\"}]}<\/script>\n<!-- \/ Yoast SEO Premium plugin. -->","yoast_head_json":{"title":"Comiss\u00e3o que revisa a Lei dos Portos deve ser instalada nos pr\u00f3ximos dias na C\u00e2mara - Ag\u00eancia iNFRA","robots":{"index":"index","follow":"follow","max-snippet":"max-snippet:-1","max-image-preview":"max-image-preview:large","max-video-preview":"max-video-preview:-1"},"canonical":"https:\/\/agenciainfra.com\/blog\/comissao-que-revisa-a-lei-dos-portos-deve-ser-instalada-nos-proximos-dias-na-camara\/","og_locale":"pt_BR","og_type":"article","og_title":"Comiss\u00e3o que revisa a Lei dos Portos deve ser instalada nos pr\u00f3ximos dias na C\u00e2mara","og_description":"da Ag\u00eancia iNFRA O presidente da C\u00e2mara dos Deputados, Hugo Motta (Republicanos-PB), est\u00e1 coordenando os esfor\u00e7os para a instala\u00e7\u00e3o da comiss\u00e3o respons\u00e1vel pela revis\u00e3o da Lei dos Portos (12.815\/2013). A instala\u00e7\u00e3o da comiss\u00e3o estava prevista para esta quinta-feira (3), mas foi remarcada para a pr\u00f3xima semana. A proposta foi discutida nesta quinta-feira&nbsp;durante o col\u00e9gio de [&hellip;]","og_url":"https:\/\/agenciainfra.com\/blog\/comissao-que-revisa-a-lei-dos-portos-deve-ser-instalada-nos-proximos-dias-na-camara\/","og_site_name":"Ag\u00eancia iNFRA","article_publisher":"https:\/\/www.facebook.com\/ageninfra","article_published_time":"2025-04-04T13:00:00+00:00","og_image":[{"width":1299,"height":729,"url":"https:\/\/agenciainfra.com\/blog\/wp-content\/uploads\/2022\/06\/conteineres-portos-foto-dominio-publico-pexels.jpeg","type":"image\/jpeg"}],"author":"Ag\u00eancia iNFRA","twitter_card":"summary_large_image","twitter_creator":"@agencia_infra","twitter_site":"@agencia_infra","twitter_misc":{"Escrito por":"Ag\u00eancia iNFRA","Est. tempo de leitura":"2 minutos"},"schema":{"@context":"https:\/\/schema.org","@graph":[{"@type":"Article","@id":"https:\/\/agenciainfra.com\/blog\/comissao-que-revisa-a-lei-dos-portos-deve-ser-instalada-nos-proximos-dias-na-camara\/#article","isPartOf":{"@id":"https:\/\/agenciainfra.com\/blog\/comissao-que-revisa-a-lei-dos-portos-deve-ser-instalada-nos-proximos-dias-na-camara\/"},"author":{"name":"Ag\u00eancia iNFRA","@id":"https:\/\/agenciainfra.com\/blog\/#\/schema\/person\/34af08dff6adea4cb22b06612ba7acfa"},"headline":"Comiss\u00e3o que revisa a Lei dos Portos deve ser instalada nos pr\u00f3ximos dias na C\u00e2mara","datePublished":"2025-04-04T13:00:00+00:00","mainEntityOfPage":{"@id":"https:\/\/agenciainfra.com\/blog\/comissao-que-revisa-a-lei-dos-portos-deve-ser-instalada-nos-proximos-dias-na-camara\/"},"wordCount":369,"publisher":{"@id":"https:\/\/agenciainfra.com\/blog\/#organization"},"image":{"@id":"https:\/\/agenciainfra.com\/blog\/comissao-que-revisa-a-lei-dos-portos-deve-ser-instalada-nos-proximos-dias-na-camara\/#primaryimage"},"thumbnailUrl":"https:\/\/agenciainfra.com\/blog\/wp-content\/uploads\/2022\/06\/conteineres-portos-foto-dominio-publico-pexels.jpeg","keywords":["comiss\u00f5es da c\u00e2mara","deputado Arthur Maia","deputado hugo motta","deputado Leur Lomanto J\u00fanior","deputado Marcos Pereira","instala\u00e7\u00e3o de comiss\u00e3o","Lei dos Portos","lei portu\u00e1ria","MPor","PL 733\/2025","portos","revis\u00e3o da lei dos portos","trabalhadores portu\u00e1rios"],"articleSection":["Destaque Menor","Geral","iNFRATransporte"],"inLanguage":"pt-BR","copyrightYear":"2025","copyrightHolder":{"@id":"https:\/\/agenciainfra.com\/blog\/#organization"}},{"@type":"WebPage","@id":"https:\/\/agenciainfra.com\/blog\/comissao-que-revisa-a-lei-dos-portos-deve-ser-instalada-nos-proximos-dias-na-camara\/","url":"https:\/\/agenciainfra.com\/blog\/comissao-que-revisa-a-lei-dos-portos-deve-ser-instalada-nos-proximos-dias-na-camara\/","name":"Comiss\u00e3o que revisa a Lei dos Portos deve ser instalada nos pr\u00f3ximos dias na C\u00e2mara - Ag\u00eancia iNFRA","isPartOf":{"@id":"https:\/\/agenciainfra.com\/blog\/#website"},"primaryImageOfPage":{"@id":"https:\/\/agenciainfra.com\/blog\/comissao-que-revisa-a-lei-dos-portos-deve-ser-instalada-nos-proximos-dias-na-camara\/#primaryimage"},"image":{"@id":"https:\/\/agenciainfra.com\/blog\/comissao-que-revisa-a-lei-dos-portos-deve-ser-instalada-nos-proximos-dias-na-camara\/#primaryimage"},"thumbnailUrl":"https:\/\/agenciainfra.com\/blog\/wp-content\/uploads\/2022\/06\/conteineres-portos-foto-dominio-publico-pexels.jpeg","datePublished":"2025-04-04T13:00:00+00:00","breadcrumb":{"@id":"https:\/\/agenciainfra.com\/blog\/comissao-que-revisa-a-lei-dos-portos-deve-ser-instalada-nos-proximos-dias-na-camara\/#breadcrumb"},"inLanguage":"pt-BR","potentialAction":[{"@type":"ReadAction","target":["https:\/\/agenciainfra.com\/blog\/comissao-que-revisa-a-lei-dos-portos-deve-ser-instalada-nos-proximos-dias-na-camara\/"]}]},{"@type":"ImageObject","inLanguage":"pt-BR","@id":"https:\/\/agenciainfra.com\/blog\/comissao-que-revisa-a-lei-dos-portos-deve-ser-instalada-nos-proximos-dias-na-camara\/#primaryimage","url":"https:\/\/agenciainfra.com\/blog\/wp-content\/uploads\/2022\/06\/conteineres-portos-foto-dominio-publico-pexels.jpeg","contentUrl":"https:\/\/agenciainfra.com\/blog\/wp-content\/uploads\/2022\/06\/conteineres-portos-foto-dominio-publico-pexels.jpeg","width":1299,"height":729,"caption":"Foto: Dom\u00ednio P\u00fablico"},{"@type":"BreadcrumbList","@id":"https:\/\/agenciainfra.com\/blog\/comissao-que-revisa-a-lei-dos-portos-deve-ser-instalada-nos-proximos-dias-na-camara\/#breadcrumb","itemListElement":[{"@type":"ListItem","position":1,"name":"In\u00edcio","item":"https:\/\/agenciainfra.com\/blog\/"},{"@type":"ListItem","position":2,"name":"Comiss\u00e3o que revisa a Lei dos Portos deve ser instalada nos pr\u00f3ximos dias na C\u00e2mara"}]},{"@type":"WebSite","@id":"https:\/\/agenciainfra.com\/blog\/#website","url":"https:\/\/agenciainfra.com\/blog\/","name":"Ag\u00eancia iNFRA","description":"Multiplataforma de informa\u00e7\u00e3o jornal\u00edstica refer\u00eancia na \u00e1rea de infraestrutura no Brasil!","publisher":{"@id":"https:\/\/agenciainfra.com\/blog\/#organization"},"potentialAction":[{"@type":"SearchAction","target":{"@type":"EntryPoint","urlTemplate":"https:\/\/agenciainfra.com\/blog\/?s={search_term_string}"},"query-input":{"@type":"PropertyValueSpecification","valueRequired":true,"valueName":"search_term_string"}}],"inLanguage":"pt-BR"},{"@type":"Organization","@id":"https:\/\/agenciainfra.com\/blog\/#organization","name":"Ag\u00eancia iNFRA","url":"https:\/\/agenciainfra.com\/blog\/","logo":{"@type":"ImageObject","inLanguage":"pt-BR","@id":"https:\/\/agenciainfra.com\/blog\/#\/schema\/logo\/image\/","url":"https:\/\/agenciainfra.com\/blog\/wp-content\/uploads\/2023\/09\/iNFRA_5-e1761735885940.png","contentUrl":"https:\/\/agenciainfra.com\/blog\/wp-content\/uploads\/2023\/09\/iNFRA_5-e1761735885940.png","width":1672,"height":454,"caption":"Ag\u00eancia iNFRA"},"image":{"@id":"https:\/\/agenciainfra.com\/blog\/#\/schema\/logo\/image\/"},"sameAs":["https:\/\/www.facebook.com\/ageninfra","https:\/\/x.com\/agencia_infra","https:\/\/www.linkedin.com\/company\/ag\u00eanciainfra\/","https:\/\/www.instagram.com\/agenciainfra\/"]},{"@type":"Person","@id":"https:\/\/agenciainfra.com\/blog\/#\/schema\/person\/34af08dff6adea4cb22b06612ba7acfa","name":"Ag\u00eancia iNFRA","image":{"@type":"ImageObject","inLanguage":"pt-BR","@id":"https:\/\/agenciainfra.com\/blog\/#\/schema\/person\/image\/","url":"https:\/\/secure.gravatar.com\/avatar\/d189e01678f06d8eb84d4e01f08eb848b3fffe3f8443818d3c356c66892f5be8?s=96&d=mm&r=g","contentUrl":"https:\/\/secure.gravatar.com\/avatar\/d189e01678f06d8eb84d4e01f08eb848b3fffe3f8443818d3c356c66892f5be8?s=96&d=mm&r=g","caption":"Ag\u00eancia iNFRA"},"url":"https:\/\/agenciainfra.com\/blog\/author\/admin\/"}]}},"_links":{"self":[{"href":"https:\/\/agenciainfra.com\/blog\/wp-json\/wp\/v2\/posts\/20854","targetHints":{"allow":["GET"]}}],"collection":[{"href":"https:\/\/agenciainfra.com\/blog\/wp-json\/wp\/v2\/posts"}],"about":[{"href":"https:\/\/agenciainfra.com\/blog\/wp-json\/wp\/v2\/types\/post"}],"author":[{"embeddable":true,"href":"https:\/\/agenciainfra.com\/blog\/wp-json\/wp\/v2\/users\/1"}],"replies":[{"embeddable":true,"href":"https:\/\/agenciainfra.com\/blog\/wp-json\/wp\/v2\/comments?post=20854"}],"version-history":[{"count":1,"href":"https:\/\/agenciainfra.com\/blog\/wp-json\/wp\/v2\/posts\/20854\/revisions"}],"predecessor-version":[{"id":20856,"href":"https:\/\/agenciainfra.com\/blog\/wp-json\/wp\/v2\/posts\/20854\/revisions\/20856"}],"wp:featuredmedia":[{"embeddable":true,"href":"https:\/\/agenciainfra.com\/blog\/wp-json\/wp\/v2\/media\/10715"}],"wp:attachment":[{"href":"https:\/\/agenciainfra.com\/blog\/wp-json\/wp\/v2\/media?parent=20854"}],"wp:term":[{"taxonomy":"category","embeddable":true,"href":"https:\/\/agenciainfra.com\/blog\/wp-json\/wp\/v2\/categories?post=20854"},{"taxonomy":"post_tag","embeddable":true,"href":"https:\/\/agenciainfra.com\/blog\/wp-json\/wp\/v2\/tags?post=20854"}],"curies":[{"name":"wp","href":"https:\/\/api.w.org\/{rel}","templated":true}]}}