{"id":20861,"date":"2025-04-07T09:00:00","date_gmt":"2025-04-07T12:00:00","guid":{"rendered":"https:\/\/agenciainfra.com\/blog\/?p=20861"},"modified":"2025-04-07T11:43:16","modified_gmt":"2025-04-07T14:43:16","slug":"projecoes-da-ccee-indicam-bandeira-vermelha-a-partir-de-junho","status":"publish","type":"post","link":"https:\/\/agenciainfra.com\/blog\/projecoes-da-ccee-indicam-bandeira-vermelha-a-partir-de-junho\/","title":{"rendered":"Proje\u00e7\u00f5es da CCEE indicam bandeira vermelha a partir de junho"},"content":{"rendered":"\n<p class=\"has-text-align-right\"><strong>Marisa Wanzeller e Geraldo Campos Jr., da Ag\u00eancia iNFRA<\/strong><\/p>\n\n\n\n<p>Proje\u00e7\u00f5es feitas pela CCEE (C\u00e2mara de Comercializa\u00e7\u00e3o de Energia El\u00e9trica) indicam que a bandeira tarif\u00e1ria vermelha deve ser acionada a partir de junho. Essa possibilidade \u00e9 apontada em todos os cinco cen\u00e1rios avaliados, do mais otimista ao mais pessimista. J\u00e1 para maio, quatro deles indicam bandeira amarela.&nbsp;<\/p>\n\n\n\n<p>As estimativas apontam ainda que, a partir de julho, a bandeira vermelha pode subir para o n\u00edvel 2, e deve se prolongar elevada durante todo o per\u00edodo seco de 2025, at\u00e9 setembro ou outubro, a depender do cen\u00e1rio analisado. Isso indica um custo adicional \u00e0 conta de energia el\u00e9trica a cada 100 kW\/h (quilowatt-hora) consumido, sendo de R$ 1,88 para a bandeira amarela, R$ 4,46 para a vermelha 1 e R$ 7,87 para a vermelha 2.<\/p>\n\n\n\n<p>As proje\u00e7\u00f5es constam da edi\u00e7\u00e3o do boletim <a href=\"https:\/\/www.ccee.org.br\/documents\/80415\/29744224\/InformaCCEE03042025.pdf\/44faab80-a7c1-0173-91da-f79ffe71791e\" target=\"_blank\" rel=\"noreferrer noopener\">Informa CCEE<\/a> divulgado na \u00faltima quinta-feira (3) e refletem a baixa aflu\u00eancia nos rios que abastecem as hidrel\u00e9tricas do pa\u00eds mesmo ap\u00f3s o final do per\u00edodo \u00famido, o que pode indicar para um per\u00edodo seco mais desafiador para o sistema.<\/p>\n\n\n\n<p>As proje\u00e7\u00f5es da CCEE s\u00e3o feitas com base em informa\u00e7\u00f5es do ONS (Operador Nacional do Sistema El\u00e9trico). A defini\u00e7\u00e3o das bandeiras tarif\u00e1rias a cada m\u00eas cabe \u00e0 ANEEL (Ag\u00eancia Nacional de Energia El\u00e9trica), no entanto, a reguladora utiliza como base para a defini\u00e7\u00e3o dados encaminhados tanto pela CCEE&nbsp;como pelo ONS.<\/p>\n\n\n\n<p><strong>PLD<\/strong><br>Um dos indicadores usados para o c\u00e1lculo das bandeiras tarif\u00e1rias \u00e9 o PLD (Pre\u00e7o de Liquida\u00e7\u00e3o das Diferen\u00e7as), refer\u00eancia de pre\u00e7o para a comercializa\u00e7\u00e3o de energia no mercado livre. A CCEE tamb\u00e9m tra\u00e7ou proje\u00e7\u00f5es para o indicador. Em quatro dos cinco cen\u00e1rios, \u00e9 projetado um aumento do PLD a partir de junho.&nbsp;<\/p>\n\n\n\n<p>O PLD j\u00e1 tem subido nos \u00faltimos meses. Entre dezembro de 2024 e janeiro de 2025, o pre\u00e7o ficou na m\u00e9dia em R$ 60, segundo a CCEE. Os valores v\u00eam subindo desde fevereiro, que, apesar de ser um m\u00eas \u00famido, teve chuvas abaixo da m\u00e9dia. Na \u00faltima sexta-feira (4), o pre\u00e7o m\u00e9dio era de R$ 278 no subsistema Sudeste\/Centro-Oeste.<\/p>\n\n\n\n<p>Na maioria das suas proje\u00e7\u00f5es, a CCEE estima que o PLD entre julho e outubro fique acima dos R$ 300, superando os R$ 400 em um cen\u00e1rio mais pessimista.<\/p>\n\n\n\n<p><strong>Opera\u00e7\u00e3o do sistema<\/strong><br>Tanto a alta do PLD como a poss\u00edvel volta da bandeira vermelha devem-se \u00e0 situa\u00e7\u00e3o de opera\u00e7\u00e3o projetada para o SIN (Sistema Interligado Nacional) no per\u00edodo mais seco. A CCEE destaca por exemplo que a aflu\u00eancia m\u00e9dia no sistema deve cair dos atuais 80% para 66% da m\u00e9dia hist\u00f3rica at\u00e9 o final de abril, conforme a estimativa do ONS.<\/p>\n\n\n\n<p>Um cen\u00e1rio de maior <a href=\"https:\/\/agenciainfra.com\/blog\/maior-aversao-ao-risco-provoca-aumento-no-pld-e-queixas-de-agentes-mme-estuda-mudanca\/\" target=\"_blank\" rel=\"noreferrer noopener\">avers\u00e3o ao risco<\/a> tanto na opera\u00e7\u00e3o no sistema quanto no c\u00e1lculo do PLD tamb\u00e9m influencia na alta dos pre\u00e7os, segundo analisaram agentes do mercado.&nbsp;<\/p>\n\n\n\n<p><strong>Hist\u00f3rico<\/strong><br>A bandeira tarif\u00e1ria esteve no patamar verde, sem custo adicional \u00e0 conta, por mais de dois anos, entre abril de 2022 e junho de 2024. A ANEEL acionou a bandeira amarela para o m\u00eas de julho de 2024 devido ao aumento do GSF (risco hidrol\u00f3gico) e do PLD.&nbsp;<\/p>\n\n\n\n<p>Ela retornou ao verde em agosto, mas alternou entre vermelha patamar 1, patamar 2 e amarela nos meses seguintes at\u00e9 dezembro do \u00faltimo ano. Em 2025, a ag\u00eancia ainda n\u00e3o precisou acionar custo adicional \u00e0 conta de energia.<\/p>\n","protected":false},"excerpt":{"rendered":"<p>Marisa Wanzeller e Geraldo Campos Jr., da Ag\u00eancia iNFRA Proje\u00e7\u00f5es feitas pela CCEE (C\u00e2mara de Comercializa\u00e7\u00e3o de Energia El\u00e9trica) indicam que a bandeira tarif\u00e1ria vermelha deve ser acionada a partir de junho. Essa possibilidade \u00e9 apontada em todos os cinco cen\u00e1rios avaliados, do mais otimista ao mais pessimista. J\u00e1 para maio, quatro deles indicam bandeira [&hellip;]<\/p>\n","protected":false},"author":1,"featured_media":10230,"comment_status":"closed","ping_status":"closed","sticky":false,"template":"","format":"standard","meta":{"_monsterinsights_skip_tracking":false,"_monsterinsights_sitenote_active":false,"_monsterinsights_sitenote_note":"","_monsterinsights_sitenote_category":0,"footnotes":""},"categories":[7250,1,10],"tags":[3203,3868,8778,14,13000,122,282,11594,348,7366,1169,12999,193],"class_list":["post-20861","post","type-post","status-publish","format-standard","has-post-thumbnail","hentry","category-destaque-lista","category-geral","category-infraenergia","tag-bandeira-tarifaria","tag-bandeira-vermelha","tag-boletim-informa-ccee","tag-ccee","tag-cenario-hidrologico","tag-conta-de-luz","tag-energia-eletrica","tag-geraldo-campos-jr","tag-gsf","tag-marisa-wanzeller","tag-pld","tag-projecoes-da-ccee","tag-risco-hidrologico"],"yoast_head":"<!-- This site is optimized with the Yoast SEO Premium plugin v25.4 (Yoast SEO v26.0) - https:\/\/yoast.com\/wordpress\/plugins\/seo\/ -->\n<title>Proje\u00e7\u00f5es da CCEE indicam bandeira vermelha a partir de junho - Ag\u00eancia iNFRA<\/title>\n<meta name=\"robots\" content=\"index, follow, max-snippet:-1, max-image-preview:large, max-video-preview:-1\" \/>\n<link rel=\"canonical\" href=\"https:\/\/agenciainfra.com\/blog\/projecoes-da-ccee-indicam-bandeira-vermelha-a-partir-de-junho\/\" \/>\n<meta property=\"og:locale\" content=\"pt_BR\" \/>\n<meta property=\"og:type\" content=\"article\" \/>\n<meta property=\"og:title\" content=\"Proje\u00e7\u00f5es da CCEE indicam bandeira vermelha a partir de junho\" \/>\n<meta property=\"og:description\" content=\"Marisa Wanzeller e Geraldo Campos Jr., da Ag\u00eancia iNFRA Proje\u00e7\u00f5es feitas pela CCEE (C\u00e2mara de Comercializa\u00e7\u00e3o de Energia El\u00e9trica) indicam que a bandeira tarif\u00e1ria vermelha deve ser acionada a partir de junho. Essa possibilidade \u00e9 apontada em todos os cinco cen\u00e1rios avaliados, do mais otimista ao mais pessimista. J\u00e1 para maio, quatro deles indicam bandeira [&hellip;]\" \/>\n<meta property=\"og:url\" content=\"https:\/\/agenciainfra.com\/blog\/projecoes-da-ccee-indicam-bandeira-vermelha-a-partir-de-junho\/\" \/>\n<meta property=\"og:site_name\" content=\"Ag\u00eancia iNFRA\" \/>\n<meta property=\"article:publisher\" content=\"https:\/\/www.facebook.com\/ageninfra\" \/>\n<meta property=\"article:published_time\" content=\"2025-04-07T12:00:00+00:00\" \/>\n<meta property=\"article:modified_time\" content=\"2025-04-07T14:43:16+00:00\" \/>\n<meta property=\"og:image\" content=\"https:\/\/agenciainfra.com\/blog\/wp-content\/uploads\/2022\/05\/energia-eletrica-lampada-foto-dominio-publico.jpg\" \/>\n\t<meta property=\"og:image:width\" content=\"1920\" \/>\n\t<meta property=\"og:image:height\" content=\"1084\" \/>\n\t<meta property=\"og:image:type\" content=\"image\/jpeg\" \/>\n<meta name=\"author\" content=\"Ag\u00eancia iNFRA\" \/>\n<meta name=\"twitter:card\" content=\"summary_large_image\" \/>\n<meta name=\"twitter:creator\" content=\"@agencia_infra\" \/>\n<meta name=\"twitter:site\" content=\"@agencia_infra\" \/>\n<meta name=\"twitter:label1\" content=\"Escrito por\" \/>\n\t<meta name=\"twitter:data1\" content=\"Ag\u00eancia iNFRA\" \/>\n\t<meta name=\"twitter:label2\" content=\"Est. tempo de leitura\" \/>\n\t<meta name=\"twitter:data2\" content=\"3 minutos\" \/>\n<script type=\"application\/ld+json\" class=\"yoast-schema-graph\">{\"@context\":\"https:\/\/schema.org\",\"@graph\":[{\"@type\":\"Article\",\"@id\":\"https:\/\/agenciainfra.com\/blog\/projecoes-da-ccee-indicam-bandeira-vermelha-a-partir-de-junho\/#article\",\"isPartOf\":{\"@id\":\"https:\/\/agenciainfra.com\/blog\/projecoes-da-ccee-indicam-bandeira-vermelha-a-partir-de-junho\/\"},\"author\":{\"name\":\"Ag\u00eancia iNFRA\",\"@id\":\"https:\/\/agenciainfra.com\/blog\/#\/schema\/person\/34af08dff6adea4cb22b06612ba7acfa\"},\"headline\":\"Proje\u00e7\u00f5es da CCEE indicam bandeira vermelha a partir de junho\",\"datePublished\":\"2025-04-07T12:00:00+00:00\",\"dateModified\":\"2025-04-07T14:43:16+00:00\",\"mainEntityOfPage\":{\"@id\":\"https:\/\/agenciainfra.com\/blog\/projecoes-da-ccee-indicam-bandeira-vermelha-a-partir-de-junho\/\"},\"wordCount\":605,\"publisher\":{\"@id\":\"https:\/\/agenciainfra.com\/blog\/#organization\"},\"image\":{\"@id\":\"https:\/\/agenciainfra.com\/blog\/projecoes-da-ccee-indicam-bandeira-vermelha-a-partir-de-junho\/#primaryimage\"},\"thumbnailUrl\":\"https:\/\/agenciainfra.com\/blog\/wp-content\/uploads\/2022\/05\/energia-eletrica-lampada-foto-dominio-publico.jpg\",\"keywords\":[\"bandeira tarif\u00e1ria\",\"bandeira vermelha\",\"Boletim Informa CCEE\",\"ccee\",\"cen\u00e1rio hidrol\u00f3gico\",\"Conta de Luz\",\"energia el\u00e9trica\",\"Geraldo Campos Jr.\",\"GSF\",\"Marisa Wanzeller\",\"PLD\",\"proje\u00e7\u00f5es da ccee\",\"risco hidrol\u00f3gico\"],\"articleSection\":[\"Destaque lista\",\"Geral\",\"iNFRAEnergia\"],\"inLanguage\":\"pt-BR\",\"copyrightYear\":\"2025\",\"copyrightHolder\":{\"@id\":\"https:\/\/agenciainfra.com\/blog\/#organization\"}},{\"@type\":\"WebPage\",\"@id\":\"https:\/\/agenciainfra.com\/blog\/projecoes-da-ccee-indicam-bandeira-vermelha-a-partir-de-junho\/\",\"url\":\"https:\/\/agenciainfra.com\/blog\/projecoes-da-ccee-indicam-bandeira-vermelha-a-partir-de-junho\/\",\"name\":\"Proje\u00e7\u00f5es da CCEE indicam bandeira vermelha a partir de junho - Ag\u00eancia iNFRA\",\"isPartOf\":{\"@id\":\"https:\/\/agenciainfra.com\/blog\/#website\"},\"primaryImageOfPage\":{\"@id\":\"https:\/\/agenciainfra.com\/blog\/projecoes-da-ccee-indicam-bandeira-vermelha-a-partir-de-junho\/#primaryimage\"},\"image\":{\"@id\":\"https:\/\/agenciainfra.com\/blog\/projecoes-da-ccee-indicam-bandeira-vermelha-a-partir-de-junho\/#primaryimage\"},\"thumbnailUrl\":\"https:\/\/agenciainfra.com\/blog\/wp-content\/uploads\/2022\/05\/energia-eletrica-lampada-foto-dominio-publico.jpg\",\"datePublished\":\"2025-04-07T12:00:00+00:00\",\"dateModified\":\"2025-04-07T14:43:16+00:00\",\"breadcrumb\":{\"@id\":\"https:\/\/agenciainfra.com\/blog\/projecoes-da-ccee-indicam-bandeira-vermelha-a-partir-de-junho\/#breadcrumb\"},\"inLanguage\":\"pt-BR\",\"potentialAction\":[{\"@type\":\"ReadAction\",\"target\":[\"https:\/\/agenciainfra.com\/blog\/projecoes-da-ccee-indicam-bandeira-vermelha-a-partir-de-junho\/\"]}]},{\"@type\":\"ImageObject\",\"inLanguage\":\"pt-BR\",\"@id\":\"https:\/\/agenciainfra.com\/blog\/projecoes-da-ccee-indicam-bandeira-vermelha-a-partir-de-junho\/#primaryimage\",\"url\":\"https:\/\/agenciainfra.com\/blog\/wp-content\/uploads\/2022\/05\/energia-eletrica-lampada-foto-dominio-publico.jpg\",\"contentUrl\":\"https:\/\/agenciainfra.com\/blog\/wp-content\/uploads\/2022\/05\/energia-eletrica-lampada-foto-dominio-publico.jpg\",\"width\":1920,\"height\":1084,\"caption\":\"Foto: Dom\u00ednio p\u00fablico\"},{\"@type\":\"BreadcrumbList\",\"@id\":\"https:\/\/agenciainfra.com\/blog\/projecoes-da-ccee-indicam-bandeira-vermelha-a-partir-de-junho\/#breadcrumb\",\"itemListElement\":[{\"@type\":\"ListItem\",\"position\":1,\"name\":\"In\u00edcio\",\"item\":\"https:\/\/agenciainfra.com\/blog\/\"},{\"@type\":\"ListItem\",\"position\":2,\"name\":\"Proje\u00e7\u00f5es da CCEE indicam bandeira vermelha a partir de junho\"}]},{\"@type\":\"WebSite\",\"@id\":\"https:\/\/agenciainfra.com\/blog\/#website\",\"url\":\"https:\/\/agenciainfra.com\/blog\/\",\"name\":\"Ag\u00eancia iNFRA\",\"description\":\"Multiplataforma de informa\u00e7\u00e3o jornal\u00edstica refer\u00eancia na \u00e1rea de infraestrutura no Brasil!\",\"publisher\":{\"@id\":\"https:\/\/agenciainfra.com\/blog\/#organization\"},\"potentialAction\":[{\"@type\":\"SearchAction\",\"target\":{\"@type\":\"EntryPoint\",\"urlTemplate\":\"https:\/\/agenciainfra.com\/blog\/?s={search_term_string}\"},\"query-input\":{\"@type\":\"PropertyValueSpecification\",\"valueRequired\":true,\"valueName\":\"search_term_string\"}}],\"inLanguage\":\"pt-BR\"},{\"@type\":\"Organization\",\"@id\":\"https:\/\/agenciainfra.com\/blog\/#organization\",\"name\":\"Ag\u00eancia iNFRA\",\"url\":\"https:\/\/agenciainfra.com\/blog\/\",\"logo\":{\"@type\":\"ImageObject\",\"inLanguage\":\"pt-BR\",\"@id\":\"https:\/\/agenciainfra.com\/blog\/#\/schema\/logo\/image\/\",\"url\":\"https:\/\/agenciainfra.com\/blog\/wp-content\/uploads\/2023\/09\/iNFRA_5-e1761735885940.png\",\"contentUrl\":\"https:\/\/agenciainfra.com\/blog\/wp-content\/uploads\/2023\/09\/iNFRA_5-e1761735885940.png\",\"width\":1672,\"height\":454,\"caption\":\"Ag\u00eancia iNFRA\"},\"image\":{\"@id\":\"https:\/\/agenciainfra.com\/blog\/#\/schema\/logo\/image\/\"},\"sameAs\":[\"https:\/\/www.facebook.com\/ageninfra\",\"https:\/\/x.com\/agencia_infra\",\"https:\/\/www.linkedin.com\/company\/ag\u00eanciainfra\/\",\"https:\/\/www.instagram.com\/agenciainfra\/\"]},{\"@type\":\"Person\",\"@id\":\"https:\/\/agenciainfra.com\/blog\/#\/schema\/person\/34af08dff6adea4cb22b06612ba7acfa\",\"name\":\"Ag\u00eancia iNFRA\",\"image\":{\"@type\":\"ImageObject\",\"inLanguage\":\"pt-BR\",\"@id\":\"https:\/\/agenciainfra.com\/blog\/#\/schema\/person\/image\/\",\"url\":\"https:\/\/secure.gravatar.com\/avatar\/d189e01678f06d8eb84d4e01f08eb848b3fffe3f8443818d3c356c66892f5be8?s=96&d=mm&r=g\",\"contentUrl\":\"https:\/\/secure.gravatar.com\/avatar\/d189e01678f06d8eb84d4e01f08eb848b3fffe3f8443818d3c356c66892f5be8?s=96&d=mm&r=g\",\"caption\":\"Ag\u00eancia iNFRA\"},\"url\":\"https:\/\/agenciainfra.com\/blog\/author\/admin\/\"}]}<\/script>\n<!-- \/ Yoast SEO Premium plugin. -->","yoast_head_json":{"title":"Proje\u00e7\u00f5es da CCEE indicam bandeira vermelha a partir de junho - Ag\u00eancia iNFRA","robots":{"index":"index","follow":"follow","max-snippet":"max-snippet:-1","max-image-preview":"max-image-preview:large","max-video-preview":"max-video-preview:-1"},"canonical":"https:\/\/agenciainfra.com\/blog\/projecoes-da-ccee-indicam-bandeira-vermelha-a-partir-de-junho\/","og_locale":"pt_BR","og_type":"article","og_title":"Proje\u00e7\u00f5es da CCEE indicam bandeira vermelha a partir de junho","og_description":"Marisa Wanzeller e Geraldo Campos Jr., da Ag\u00eancia iNFRA Proje\u00e7\u00f5es feitas pela CCEE (C\u00e2mara de Comercializa\u00e7\u00e3o de Energia El\u00e9trica) indicam que a bandeira tarif\u00e1ria vermelha deve ser acionada a partir de junho. Essa possibilidade \u00e9 apontada em todos os cinco cen\u00e1rios avaliados, do mais otimista ao mais pessimista. J\u00e1 para maio, quatro deles indicam bandeira [&hellip;]","og_url":"https:\/\/agenciainfra.com\/blog\/projecoes-da-ccee-indicam-bandeira-vermelha-a-partir-de-junho\/","og_site_name":"Ag\u00eancia iNFRA","article_publisher":"https:\/\/www.facebook.com\/ageninfra","article_published_time":"2025-04-07T12:00:00+00:00","article_modified_time":"2025-04-07T14:43:16+00:00","og_image":[{"width":1920,"height":1084,"url":"https:\/\/agenciainfra.com\/blog\/wp-content\/uploads\/2022\/05\/energia-eletrica-lampada-foto-dominio-publico.jpg","type":"image\/jpeg"}],"author":"Ag\u00eancia iNFRA","twitter_card":"summary_large_image","twitter_creator":"@agencia_infra","twitter_site":"@agencia_infra","twitter_misc":{"Escrito por":"Ag\u00eancia iNFRA","Est. tempo de leitura":"3 minutos"},"schema":{"@context":"https:\/\/schema.org","@graph":[{"@type":"Article","@id":"https:\/\/agenciainfra.com\/blog\/projecoes-da-ccee-indicam-bandeira-vermelha-a-partir-de-junho\/#article","isPartOf":{"@id":"https:\/\/agenciainfra.com\/blog\/projecoes-da-ccee-indicam-bandeira-vermelha-a-partir-de-junho\/"},"author":{"name":"Ag\u00eancia iNFRA","@id":"https:\/\/agenciainfra.com\/blog\/#\/schema\/person\/34af08dff6adea4cb22b06612ba7acfa"},"headline":"Proje\u00e7\u00f5es da CCEE indicam bandeira vermelha a partir de junho","datePublished":"2025-04-07T12:00:00+00:00","dateModified":"2025-04-07T14:43:16+00:00","mainEntityOfPage":{"@id":"https:\/\/agenciainfra.com\/blog\/projecoes-da-ccee-indicam-bandeira-vermelha-a-partir-de-junho\/"},"wordCount":605,"publisher":{"@id":"https:\/\/agenciainfra.com\/blog\/#organization"},"image":{"@id":"https:\/\/agenciainfra.com\/blog\/projecoes-da-ccee-indicam-bandeira-vermelha-a-partir-de-junho\/#primaryimage"},"thumbnailUrl":"https:\/\/agenciainfra.com\/blog\/wp-content\/uploads\/2022\/05\/energia-eletrica-lampada-foto-dominio-publico.jpg","keywords":["bandeira tarif\u00e1ria","bandeira vermelha","Boletim Informa CCEE","ccee","cen\u00e1rio hidrol\u00f3gico","Conta de Luz","energia el\u00e9trica","Geraldo Campos Jr.","GSF","Marisa Wanzeller","PLD","proje\u00e7\u00f5es da ccee","risco hidrol\u00f3gico"],"articleSection":["Destaque lista","Geral","iNFRAEnergia"],"inLanguage":"pt-BR","copyrightYear":"2025","copyrightHolder":{"@id":"https:\/\/agenciainfra.com\/blog\/#organization"}},{"@type":"WebPage","@id":"https:\/\/agenciainfra.com\/blog\/projecoes-da-ccee-indicam-bandeira-vermelha-a-partir-de-junho\/","url":"https:\/\/agenciainfra.com\/blog\/projecoes-da-ccee-indicam-bandeira-vermelha-a-partir-de-junho\/","name":"Proje\u00e7\u00f5es da CCEE indicam bandeira vermelha a partir de junho - Ag\u00eancia iNFRA","isPartOf":{"@id":"https:\/\/agenciainfra.com\/blog\/#website"},"primaryImageOfPage":{"@id":"https:\/\/agenciainfra.com\/blog\/projecoes-da-ccee-indicam-bandeira-vermelha-a-partir-de-junho\/#primaryimage"},"image":{"@id":"https:\/\/agenciainfra.com\/blog\/projecoes-da-ccee-indicam-bandeira-vermelha-a-partir-de-junho\/#primaryimage"},"thumbnailUrl":"https:\/\/agenciainfra.com\/blog\/wp-content\/uploads\/2022\/05\/energia-eletrica-lampada-foto-dominio-publico.jpg","datePublished":"2025-04-07T12:00:00+00:00","dateModified":"2025-04-07T14:43:16+00:00","breadcrumb":{"@id":"https:\/\/agenciainfra.com\/blog\/projecoes-da-ccee-indicam-bandeira-vermelha-a-partir-de-junho\/#breadcrumb"},"inLanguage":"pt-BR","potentialAction":[{"@type":"ReadAction","target":["https:\/\/agenciainfra.com\/blog\/projecoes-da-ccee-indicam-bandeira-vermelha-a-partir-de-junho\/"]}]},{"@type":"ImageObject","inLanguage":"pt-BR","@id":"https:\/\/agenciainfra.com\/blog\/projecoes-da-ccee-indicam-bandeira-vermelha-a-partir-de-junho\/#primaryimage","url":"https:\/\/agenciainfra.com\/blog\/wp-content\/uploads\/2022\/05\/energia-eletrica-lampada-foto-dominio-publico.jpg","contentUrl":"https:\/\/agenciainfra.com\/blog\/wp-content\/uploads\/2022\/05\/energia-eletrica-lampada-foto-dominio-publico.jpg","width":1920,"height":1084,"caption":"Foto: Dom\u00ednio p\u00fablico"},{"@type":"BreadcrumbList","@id":"https:\/\/agenciainfra.com\/blog\/projecoes-da-ccee-indicam-bandeira-vermelha-a-partir-de-junho\/#breadcrumb","itemListElement":[{"@type":"ListItem","position":1,"name":"In\u00edcio","item":"https:\/\/agenciainfra.com\/blog\/"},{"@type":"ListItem","position":2,"name":"Proje\u00e7\u00f5es da CCEE indicam bandeira vermelha a partir de junho"}]},{"@type":"WebSite","@id":"https:\/\/agenciainfra.com\/blog\/#website","url":"https:\/\/agenciainfra.com\/blog\/","name":"Ag\u00eancia iNFRA","description":"Multiplataforma de informa\u00e7\u00e3o jornal\u00edstica refer\u00eancia na \u00e1rea de infraestrutura no Brasil!","publisher":{"@id":"https:\/\/agenciainfra.com\/blog\/#organization"},"potentialAction":[{"@type":"SearchAction","target":{"@type":"EntryPoint","urlTemplate":"https:\/\/agenciainfra.com\/blog\/?s={search_term_string}"},"query-input":{"@type":"PropertyValueSpecification","valueRequired":true,"valueName":"search_term_string"}}],"inLanguage":"pt-BR"},{"@type":"Organization","@id":"https:\/\/agenciainfra.com\/blog\/#organization","name":"Ag\u00eancia iNFRA","url":"https:\/\/agenciainfra.com\/blog\/","logo":{"@type":"ImageObject","inLanguage":"pt-BR","@id":"https:\/\/agenciainfra.com\/blog\/#\/schema\/logo\/image\/","url":"https:\/\/agenciainfra.com\/blog\/wp-content\/uploads\/2023\/09\/iNFRA_5-e1761735885940.png","contentUrl":"https:\/\/agenciainfra.com\/blog\/wp-content\/uploads\/2023\/09\/iNFRA_5-e1761735885940.png","width":1672,"height":454,"caption":"Ag\u00eancia iNFRA"},"image":{"@id":"https:\/\/agenciainfra.com\/blog\/#\/schema\/logo\/image\/"},"sameAs":["https:\/\/www.facebook.com\/ageninfra","https:\/\/x.com\/agencia_infra","https:\/\/www.linkedin.com\/company\/ag\u00eanciainfra\/","https:\/\/www.instagram.com\/agenciainfra\/"]},{"@type":"Person","@id":"https:\/\/agenciainfra.com\/blog\/#\/schema\/person\/34af08dff6adea4cb22b06612ba7acfa","name":"Ag\u00eancia iNFRA","image":{"@type":"ImageObject","inLanguage":"pt-BR","@id":"https:\/\/agenciainfra.com\/blog\/#\/schema\/person\/image\/","url":"https:\/\/secure.gravatar.com\/avatar\/d189e01678f06d8eb84d4e01f08eb848b3fffe3f8443818d3c356c66892f5be8?s=96&d=mm&r=g","contentUrl":"https:\/\/secure.gravatar.com\/avatar\/d189e01678f06d8eb84d4e01f08eb848b3fffe3f8443818d3c356c66892f5be8?s=96&d=mm&r=g","caption":"Ag\u00eancia iNFRA"},"url":"https:\/\/agenciainfra.com\/blog\/author\/admin\/"}]}},"_links":{"self":[{"href":"https:\/\/agenciainfra.com\/blog\/wp-json\/wp\/v2\/posts\/20861","targetHints":{"allow":["GET"]}}],"collection":[{"href":"https:\/\/agenciainfra.com\/blog\/wp-json\/wp\/v2\/posts"}],"about":[{"href":"https:\/\/agenciainfra.com\/blog\/wp-json\/wp\/v2\/types\/post"}],"author":[{"embeddable":true,"href":"https:\/\/agenciainfra.com\/blog\/wp-json\/wp\/v2\/users\/1"}],"replies":[{"embeddable":true,"href":"https:\/\/agenciainfra.com\/blog\/wp-json\/wp\/v2\/comments?post=20861"}],"version-history":[{"count":1,"href":"https:\/\/agenciainfra.com\/blog\/wp-json\/wp\/v2\/posts\/20861\/revisions"}],"predecessor-version":[{"id":20862,"href":"https:\/\/agenciainfra.com\/blog\/wp-json\/wp\/v2\/posts\/20861\/revisions\/20862"}],"wp:featuredmedia":[{"embeddable":true,"href":"https:\/\/agenciainfra.com\/blog\/wp-json\/wp\/v2\/media\/10230"}],"wp:attachment":[{"href":"https:\/\/agenciainfra.com\/blog\/wp-json\/wp\/v2\/media?parent=20861"}],"wp:term":[{"taxonomy":"category","embeddable":true,"href":"https:\/\/agenciainfra.com\/blog\/wp-json\/wp\/v2\/categories?post=20861"},{"taxonomy":"post_tag","embeddable":true,"href":"https:\/\/agenciainfra.com\/blog\/wp-json\/wp\/v2\/tags?post=20861"}],"curies":[{"name":"wp","href":"https:\/\/api.w.org\/{rel}","templated":true}]}}