{"id":20869,"date":"2025-04-08T09:00:00","date_gmt":"2025-04-08T12:00:00","guid":{"rendered":"https:\/\/agenciainfra.com\/blog\/?p=20869"},"modified":"2025-04-09T06:29:45","modified_gmt":"2025-04-09T09:29:45","slug":"nomes-para-agencias-reguladoras-podem-ser-encaminhados-ao-senado-ate-a-proxima-semana-dizem-fontes","status":"publish","type":"post","link":"https:\/\/agenciainfra.com\/blog\/nomes-para-agencias-reguladoras-podem-ser-encaminhados-ao-senado-ate-a-proxima-semana-dizem-fontes\/","title":{"rendered":"Nomes para ag\u00eancias reguladoras podem ser encaminhados ao Senado at\u00e9 a pr\u00f3xima semana, dizem fontes"},"content":{"rendered":"\n<p class=\"has-text-align-right\"><strong>Marisa Wanzeller e Geraldo Campos Jr., da Ag\u00eancia iNFRA<\/strong><\/p>\n\n\n\n<p>O Senado pode articular&nbsp;uma solu\u00e7\u00e3o para as indica\u00e7\u00f5es \u00e0s&nbsp;ag\u00eancias reguladoras ainda na primeira quinzena de abril, disseram \u00e0 <strong>Ag\u00eancia iNFRA<\/strong> fontes a par das negocia\u00e7\u00f5es. H\u00e1 a expectativa que o governo encaminhe dentro desse prazo os nomes&nbsp;que est\u00e3o pendentes. Tamb\u00e9m \u00e9 esperado que haja troca de alguns dos&nbsp;j\u00e1 indicados em dezembro do \u00faltimo ano.&nbsp;<br><br>Para a ANEEL (Ag\u00eancia Nacional de Energia El\u00e9trica), est\u00e3o cotados R\u00f4mulo do Amaral, advogado do Senado e atualmente cedido para o gabinete do ministro Gilmar Mendes, do STF (Supremo Tribunal Federal); e Willamy Frota, ex-presidente da Amazonas Energia e apadrinhado pelo senador Eduardo Braga (MDB-AM).&nbsp;<br><br>Se isso se confirmar, ficaria de fora o secret\u00e1rio de Energia El\u00e9trica do MME (Minist\u00e9rio de Minas e Energia), Gentil Nogueira, nome do ministro de Minas e Energia, Alexandre Silveira, para uma das duas vagas.&nbsp;A reguladora tem uma diretoria desocupada&nbsp;desde maio de 2024 e ter\u00e1 outra cadeira vaga a partir do m\u00eas que vem, com o fim do mandato do diretor Ricardo Tili, em 24 de maio.<br><br><strong>ANP<\/strong><br>Quanto \u00e0s indica\u00e7\u00f5es para a ANP (Ag\u00eancia Nacional do Petr\u00f3leo, G\u00e1s Natural e Biocombust\u00edveis), h\u00e1 ind\u00edcios de poss\u00edvel altera\u00e7\u00e3o, relataram fontes. No fim de 2024, foram indicados para diretor-geral Artur Watt, consultor jur\u00eddico da PPSA (Pr\u00e9-Sal Petr\u00f3leo S.A.), e, para diretor, Pietro Mendes, atual secret\u00e1rio de Petr\u00f3leo e G\u00e1s do MME.<br><br>Atualmente, no entanto, o nome de Pietro Mendes \u00e9 visto como incerto. Diante disso, surgiu como cotada a diretora-substituta da reguladora Patr\u00edcia Baran, que pode ser indicada em uma nova leva de nomes. O nome dela teria apoio do PP e do PL, partidos de oposi\u00e7\u00e3o ao governo, mas com influ\u00eancia no Senado, al\u00e9m da simpatia do pr\u00f3prio presidente da Casa, Davi Alcolumbre (Uni\u00e3o-AP).<br><br>Dentro do MME, o nome de Pietro Mendes&nbsp;vem despontando como <a href=\"https:\/\/agenciainfra.com\/blog\/pietro-mendes-e-cotado-para-secretaria-executiva-do-ministerio-de-minas-e-energia\/\" target=\"_blank\" rel=\"noreferrer noopener\">principal cotado para assumir a Secex<\/a> (Secretaria-Executiva) da pasta, segundo fontes. O atual n\u00famero 2 do minist\u00e9rio, Arthur Val\u00e9rio, deixar\u00e1 o posto no pr\u00f3ximo m\u00eas.<br><br><strong>Embate<\/strong><br>O cen\u00e1rio que est\u00e1 se desenhando n\u00e3o permitiria que o ministro&nbsp;Alexandre Silveira emplacasse seus nomes de confian\u00e7a nas duas ag\u00eancias. Davi Alcolumbre tem reiterado ao presidente Lula seu desagrado pelo ministro e sinalizou que indica\u00e7\u00f5es de Silveira n\u00e3o passariam na Casa. Os desafetos ficaram ainda mais evidentes na recente viagem ao Jap\u00e3o, disseram fontes.<br><br>O Senado tem cobrado agilidade do governo para indicar os nomes que faltam. Em 26 de mar\u00e7o, o senador Marcos Rog\u00e9rio (PL-RO), presidente da CI (Comiss\u00e3o de Servi\u00e7os de Infraestrutura), disse que apenas quando chegarem todas as indica\u00e7\u00f5es dar\u00e1 in\u00edcio \u00e0 s\u00e9rie de sabatinas.<br><br>Na ocasi\u00e3o, ele se queixou da demora. \u201cO que n\u00e3o pode acontecer \u00e9 voc\u00ea ter uma situa\u00e7\u00e3o em que o governo est\u00e1 confort\u00e1vel com o substituto e n\u00e3o manda nenhum indicado novo (&#8230;)&nbsp;Isso n\u00e3o \u00e9 honesto com o Parlamento. Eu acho que a rela\u00e7\u00e3o deve ser de respeito e de reciprocidade\u201d, criticou.<br><br><strong>Primeiras indica\u00e7\u00f5es<\/strong><br>A <a href=\"https:\/\/agenciainfra.com\/blog\/governo-envia-pacote-de-indicacoes-para-agencias-mas-sem-nomes-para-a-aneel-apos-impasse\/\" target=\"_blank\" rel=\"noreferrer noopener\">primeira leva<\/a> de indica\u00e7\u00f5es para as reguladoras foi publicada no DOU (Di\u00e1rio Oficial da Uni\u00e3o) em dezembro do \u00faltimo ano, mas n\u00e3o contemplou a ANEEL por falta de acordo pol\u00edtico para as indica\u00e7\u00f5es. Inicialmente, o impasse se deu em torno do nome de Gentil Nogueira.&nbsp;<br><br>Contudo, mesmo com o <a href=\"https:\/\/agenciainfra.com\/blog\/acordo-entre-governo-e-senado-preve-indicacao-de-gentil-nogueira-para-a-aneel\/\" target=\"_blank\" rel=\"noreferrer noopener\">aval posterior<\/a> de Alcolumbre para a indica\u00e7\u00e3o do secret\u00e1rio de Energia El\u00e9trica, o ministro Silveira teria cotado R\u00f4mulo do Amaral para impedir a indica\u00e7\u00e3o do senador Eduardo Braga, o que n\u00e3o foi bem visto pelos parlamentares. Agora, Amaral pode acabar ocupando a vaga pensada pelo ministro para Gentil Nogueira, disseram fontes.<\/p>\n","protected":false},"excerpt":{"rendered":"<p>Marisa Wanzeller e Geraldo Campos Jr., da Ag\u00eancia iNFRA O Senado pode articular&nbsp;uma solu\u00e7\u00e3o para as indica\u00e7\u00f5es \u00e0s&nbsp;ag\u00eancias reguladoras ainda na primeira quinzena de abril, disseram \u00e0 Ag\u00eancia iNFRA fontes a par das negocia\u00e7\u00f5es. H\u00e1 a expectativa que o governo encaminhe dentro desse prazo os nomes&nbsp;que est\u00e3o pendentes. Tamb\u00e9m \u00e9 esperado que haja troca de [&hellip;]<\/p>\n","protected":false},"author":1,"featured_media":15903,"comment_status":"closed","ping_status":"closed","sticky":false,"template":"","format":"standard","meta":{"_monsterinsights_skip_tracking":false,"_monsterinsights_sitenote_active":false,"_monsterinsights_sitenote_note":"","_monsterinsights_sitenote_category":0,"footnotes":""},"categories":[7250,1,10],"tags":[46,9541,6781,11594,11960,7366,6335,12025,5320,123,11802,11913,11892],"class_list":["post-20869","post","type-post","status-publish","format-standard","has-post-thumbnail","hentry","category-destaque-lista","category-geral","category-infraenergia","tag-agencias-reguladoras","tag-artur-watt","tag-gentil-nogueira","tag-geraldo-campos-jr","tag-indicacao-as-agencias","tag-marisa-wanzeller","tag-pietro-mendes","tag-romulo-do-amaral","tag-sabatinas","tag-senado","tag-vaga-na-aneel","tag-vaga-na-anp","tag-willamy-frota"],"yoast_head":"<!-- This site is optimized with the Yoast SEO Premium plugin v25.4 (Yoast SEO v26.0) - https:\/\/yoast.com\/wordpress\/plugins\/seo\/ -->\n<title>Nomes para ag\u00eancias reguladoras podem ser encaminhados ao Senado at\u00e9 a pr\u00f3xima semana, dizem fontes - Ag\u00eancia iNFRA<\/title>\n<meta name=\"robots\" content=\"index, follow, max-snippet:-1, max-image-preview:large, max-video-preview:-1\" \/>\n<link rel=\"canonical\" href=\"https:\/\/agenciainfra.com\/blog\/nomes-para-agencias-reguladoras-podem-ser-encaminhados-ao-senado-ate-a-proxima-semana-dizem-fontes\/\" \/>\n<meta property=\"og:locale\" content=\"pt_BR\" \/>\n<meta property=\"og:type\" content=\"article\" \/>\n<meta property=\"og:title\" content=\"Nomes para ag\u00eancias reguladoras podem ser encaminhados ao Senado at\u00e9 a pr\u00f3xima semana, dizem fontes\" \/>\n<meta property=\"og:description\" content=\"Marisa Wanzeller e Geraldo Campos Jr., da Ag\u00eancia iNFRA O Senado pode articular&nbsp;uma solu\u00e7\u00e3o para as indica\u00e7\u00f5es \u00e0s&nbsp;ag\u00eancias reguladoras ainda na primeira quinzena de abril, disseram \u00e0 Ag\u00eancia iNFRA fontes a par das negocia\u00e7\u00f5es. H\u00e1 a expectativa que o governo encaminhe dentro desse prazo os nomes&nbsp;que est\u00e3o pendentes. Tamb\u00e9m \u00e9 esperado que haja troca de [&hellip;]\" \/>\n<meta property=\"og:url\" content=\"https:\/\/agenciainfra.com\/blog\/nomes-para-agencias-reguladoras-podem-ser-encaminhados-ao-senado-ate-a-proxima-semana-dizem-fontes\/\" \/>\n<meta property=\"og:site_name\" content=\"Ag\u00eancia iNFRA\" \/>\n<meta property=\"article:publisher\" content=\"https:\/\/www.facebook.com\/ageninfra\" \/>\n<meta property=\"article:published_time\" content=\"2025-04-08T12:00:00+00:00\" \/>\n<meta property=\"article:modified_time\" content=\"2025-04-09T09:29:45+00:00\" \/>\n<meta property=\"og:image\" content=\"https:\/\/agenciainfra.com\/blog\/wp-content\/uploads\/2024\/04\/conresso-senado-foto-agencia-senado.jpg\" \/>\n\t<meta property=\"og:image:width\" content=\"1202\" \/>\n\t<meta property=\"og:image:height\" content=\"797\" \/>\n\t<meta property=\"og:image:type\" content=\"image\/jpeg\" \/>\n<meta name=\"author\" content=\"Ag\u00eancia iNFRA\" \/>\n<meta name=\"twitter:card\" content=\"summary_large_image\" \/>\n<meta name=\"twitter:creator\" content=\"@agencia_infra\" \/>\n<meta name=\"twitter:site\" content=\"@agencia_infra\" \/>\n<meta name=\"twitter:label1\" content=\"Escrito por\" \/>\n\t<meta name=\"twitter:data1\" content=\"Ag\u00eancia iNFRA\" \/>\n\t<meta name=\"twitter:label2\" content=\"Est. tempo de leitura\" \/>\n\t<meta name=\"twitter:data2\" content=\"3 minutos\" \/>\n<script type=\"application\/ld+json\" class=\"yoast-schema-graph\">{\"@context\":\"https:\/\/schema.org\",\"@graph\":[{\"@type\":\"Article\",\"@id\":\"https:\/\/agenciainfra.com\/blog\/nomes-para-agencias-reguladoras-podem-ser-encaminhados-ao-senado-ate-a-proxima-semana-dizem-fontes\/#article\",\"isPartOf\":{\"@id\":\"https:\/\/agenciainfra.com\/blog\/nomes-para-agencias-reguladoras-podem-ser-encaminhados-ao-senado-ate-a-proxima-semana-dizem-fontes\/\"},\"author\":{\"name\":\"Ag\u00eancia iNFRA\",\"@id\":\"https:\/\/agenciainfra.com\/blog\/#\/schema\/person\/34af08dff6adea4cb22b06612ba7acfa\"},\"headline\":\"Nomes para ag\u00eancias reguladoras podem ser encaminhados ao Senado at\u00e9 a pr\u00f3xima semana, dizem fontes\",\"datePublished\":\"2025-04-08T12:00:00+00:00\",\"dateModified\":\"2025-04-09T09:29:45+00:00\",\"mainEntityOfPage\":{\"@id\":\"https:\/\/agenciainfra.com\/blog\/nomes-para-agencias-reguladoras-podem-ser-encaminhados-ao-senado-ate-a-proxima-semana-dizem-fontes\/\"},\"wordCount\":682,\"publisher\":{\"@id\":\"https:\/\/agenciainfra.com\/blog\/#organization\"},\"image\":{\"@id\":\"https:\/\/agenciainfra.com\/blog\/nomes-para-agencias-reguladoras-podem-ser-encaminhados-ao-senado-ate-a-proxima-semana-dizem-fontes\/#primaryimage\"},\"thumbnailUrl\":\"https:\/\/agenciainfra.com\/blog\/wp-content\/uploads\/2024\/04\/conresso-senado-foto-agencia-senado.jpg\",\"keywords\":[\"Ag\u00eancias Reguladoras\",\"Artur Watt\",\"Gentil Nogueira\",\"Geraldo Campos Jr.\",\"Indica\u00e7\u00e3o \u00e0s ag\u00eancias\",\"Marisa Wanzeller\",\"Pietro Mendes\",\"R\u00f4mulo do Amaral\",\"sabatinas\",\"senado\",\"Vaga na ANEEL\",\"vaga na ANP\",\"Willamy Frota\"],\"articleSection\":[\"Destaque lista\",\"Geral\",\"iNFRAEnergia\"],\"inLanguage\":\"pt-BR\",\"copyrightYear\":\"2025\",\"copyrightHolder\":{\"@id\":\"https:\/\/agenciainfra.com\/blog\/#organization\"}},{\"@type\":\"WebPage\",\"@id\":\"https:\/\/agenciainfra.com\/blog\/nomes-para-agencias-reguladoras-podem-ser-encaminhados-ao-senado-ate-a-proxima-semana-dizem-fontes\/\",\"url\":\"https:\/\/agenciainfra.com\/blog\/nomes-para-agencias-reguladoras-podem-ser-encaminhados-ao-senado-ate-a-proxima-semana-dizem-fontes\/\",\"name\":\"Nomes para ag\u00eancias reguladoras podem ser encaminhados ao Senado at\u00e9 a pr\u00f3xima semana, dizem fontes - Ag\u00eancia iNFRA\",\"isPartOf\":{\"@id\":\"https:\/\/agenciainfra.com\/blog\/#website\"},\"primaryImageOfPage\":{\"@id\":\"https:\/\/agenciainfra.com\/blog\/nomes-para-agencias-reguladoras-podem-ser-encaminhados-ao-senado-ate-a-proxima-semana-dizem-fontes\/#primaryimage\"},\"image\":{\"@id\":\"https:\/\/agenciainfra.com\/blog\/nomes-para-agencias-reguladoras-podem-ser-encaminhados-ao-senado-ate-a-proxima-semana-dizem-fontes\/#primaryimage\"},\"thumbnailUrl\":\"https:\/\/agenciainfra.com\/blog\/wp-content\/uploads\/2024\/04\/conresso-senado-foto-agencia-senado.jpg\",\"datePublished\":\"2025-04-08T12:00:00+00:00\",\"dateModified\":\"2025-04-09T09:29:45+00:00\",\"breadcrumb\":{\"@id\":\"https:\/\/agenciainfra.com\/blog\/nomes-para-agencias-reguladoras-podem-ser-encaminhados-ao-senado-ate-a-proxima-semana-dizem-fontes\/#breadcrumb\"},\"inLanguage\":\"pt-BR\",\"potentialAction\":[{\"@type\":\"ReadAction\",\"target\":[\"https:\/\/agenciainfra.com\/blog\/nomes-para-agencias-reguladoras-podem-ser-encaminhados-ao-senado-ate-a-proxima-semana-dizem-fontes\/\"]}]},{\"@type\":\"ImageObject\",\"inLanguage\":\"pt-BR\",\"@id\":\"https:\/\/agenciainfra.com\/blog\/nomes-para-agencias-reguladoras-podem-ser-encaminhados-ao-senado-ate-a-proxima-semana-dizem-fontes\/#primaryimage\",\"url\":\"https:\/\/agenciainfra.com\/blog\/wp-content\/uploads\/2024\/04\/conresso-senado-foto-agencia-senado.jpg\",\"contentUrl\":\"https:\/\/agenciainfra.com\/blog\/wp-content\/uploads\/2024\/04\/conresso-senado-foto-agencia-senado.jpg\",\"width\":1202,\"height\":797},{\"@type\":\"BreadcrumbList\",\"@id\":\"https:\/\/agenciainfra.com\/blog\/nomes-para-agencias-reguladoras-podem-ser-encaminhados-ao-senado-ate-a-proxima-semana-dizem-fontes\/#breadcrumb\",\"itemListElement\":[{\"@type\":\"ListItem\",\"position\":1,\"name\":\"In\u00edcio\",\"item\":\"https:\/\/agenciainfra.com\/blog\/\"},{\"@type\":\"ListItem\",\"position\":2,\"name\":\"Nomes para ag\u00eancias reguladoras podem ser encaminhados ao Senado at\u00e9 a pr\u00f3xima semana, dizem fontes\"}]},{\"@type\":\"WebSite\",\"@id\":\"https:\/\/agenciainfra.com\/blog\/#website\",\"url\":\"https:\/\/agenciainfra.com\/blog\/\",\"name\":\"Ag\u00eancia iNFRA\",\"description\":\"Multiplataforma de informa\u00e7\u00e3o jornal\u00edstica refer\u00eancia na \u00e1rea de infraestrutura no Brasil!\",\"publisher\":{\"@id\":\"https:\/\/agenciainfra.com\/blog\/#organization\"},\"potentialAction\":[{\"@type\":\"SearchAction\",\"target\":{\"@type\":\"EntryPoint\",\"urlTemplate\":\"https:\/\/agenciainfra.com\/blog\/?s={search_term_string}\"},\"query-input\":{\"@type\":\"PropertyValueSpecification\",\"valueRequired\":true,\"valueName\":\"search_term_string\"}}],\"inLanguage\":\"pt-BR\"},{\"@type\":\"Organization\",\"@id\":\"https:\/\/agenciainfra.com\/blog\/#organization\",\"name\":\"Ag\u00eancia iNFRA\",\"url\":\"https:\/\/agenciainfra.com\/blog\/\",\"logo\":{\"@type\":\"ImageObject\",\"inLanguage\":\"pt-BR\",\"@id\":\"https:\/\/agenciainfra.com\/blog\/#\/schema\/logo\/image\/\",\"url\":\"https:\/\/agenciainfra.com\/blog\/wp-content\/uploads\/2023\/09\/iNFRA_5-e1761735885940.png\",\"contentUrl\":\"https:\/\/agenciainfra.com\/blog\/wp-content\/uploads\/2023\/09\/iNFRA_5-e1761735885940.png\",\"width\":1672,\"height\":454,\"caption\":\"Ag\u00eancia iNFRA\"},\"image\":{\"@id\":\"https:\/\/agenciainfra.com\/blog\/#\/schema\/logo\/image\/\"},\"sameAs\":[\"https:\/\/www.facebook.com\/ageninfra\",\"https:\/\/x.com\/agencia_infra\",\"https:\/\/www.linkedin.com\/company\/ag\u00eanciainfra\/\",\"https:\/\/www.instagram.com\/agenciainfra\/\"]},{\"@type\":\"Person\",\"@id\":\"https:\/\/agenciainfra.com\/blog\/#\/schema\/person\/34af08dff6adea4cb22b06612ba7acfa\",\"name\":\"Ag\u00eancia iNFRA\",\"image\":{\"@type\":\"ImageObject\",\"inLanguage\":\"pt-BR\",\"@id\":\"https:\/\/agenciainfra.com\/blog\/#\/schema\/person\/image\/\",\"url\":\"https:\/\/secure.gravatar.com\/avatar\/d189e01678f06d8eb84d4e01f08eb848b3fffe3f8443818d3c356c66892f5be8?s=96&d=mm&r=g\",\"contentUrl\":\"https:\/\/secure.gravatar.com\/avatar\/d189e01678f06d8eb84d4e01f08eb848b3fffe3f8443818d3c356c66892f5be8?s=96&d=mm&r=g\",\"caption\":\"Ag\u00eancia iNFRA\"},\"url\":\"https:\/\/agenciainfra.com\/blog\/author\/admin\/\"}]}<\/script>\n<!-- \/ Yoast SEO Premium plugin. -->","yoast_head_json":{"title":"Nomes para ag\u00eancias reguladoras podem ser encaminhados ao Senado at\u00e9 a pr\u00f3xima semana, dizem fontes - Ag\u00eancia iNFRA","robots":{"index":"index","follow":"follow","max-snippet":"max-snippet:-1","max-image-preview":"max-image-preview:large","max-video-preview":"max-video-preview:-1"},"canonical":"https:\/\/agenciainfra.com\/blog\/nomes-para-agencias-reguladoras-podem-ser-encaminhados-ao-senado-ate-a-proxima-semana-dizem-fontes\/","og_locale":"pt_BR","og_type":"article","og_title":"Nomes para ag\u00eancias reguladoras podem ser encaminhados ao Senado at\u00e9 a pr\u00f3xima semana, dizem fontes","og_description":"Marisa Wanzeller e Geraldo Campos Jr., da Ag\u00eancia iNFRA O Senado pode articular&nbsp;uma solu\u00e7\u00e3o para as indica\u00e7\u00f5es \u00e0s&nbsp;ag\u00eancias reguladoras ainda na primeira quinzena de abril, disseram \u00e0 Ag\u00eancia iNFRA fontes a par das negocia\u00e7\u00f5es. H\u00e1 a expectativa que o governo encaminhe dentro desse prazo os nomes&nbsp;que est\u00e3o pendentes. Tamb\u00e9m \u00e9 esperado que haja troca de [&hellip;]","og_url":"https:\/\/agenciainfra.com\/blog\/nomes-para-agencias-reguladoras-podem-ser-encaminhados-ao-senado-ate-a-proxima-semana-dizem-fontes\/","og_site_name":"Ag\u00eancia iNFRA","article_publisher":"https:\/\/www.facebook.com\/ageninfra","article_published_time":"2025-04-08T12:00:00+00:00","article_modified_time":"2025-04-09T09:29:45+00:00","og_image":[{"width":1202,"height":797,"url":"https:\/\/agenciainfra.com\/blog\/wp-content\/uploads\/2024\/04\/conresso-senado-foto-agencia-senado.jpg","type":"image\/jpeg"}],"author":"Ag\u00eancia iNFRA","twitter_card":"summary_large_image","twitter_creator":"@agencia_infra","twitter_site":"@agencia_infra","twitter_misc":{"Escrito por":"Ag\u00eancia iNFRA","Est. tempo de leitura":"3 minutos"},"schema":{"@context":"https:\/\/schema.org","@graph":[{"@type":"Article","@id":"https:\/\/agenciainfra.com\/blog\/nomes-para-agencias-reguladoras-podem-ser-encaminhados-ao-senado-ate-a-proxima-semana-dizem-fontes\/#article","isPartOf":{"@id":"https:\/\/agenciainfra.com\/blog\/nomes-para-agencias-reguladoras-podem-ser-encaminhados-ao-senado-ate-a-proxima-semana-dizem-fontes\/"},"author":{"name":"Ag\u00eancia iNFRA","@id":"https:\/\/agenciainfra.com\/blog\/#\/schema\/person\/34af08dff6adea4cb22b06612ba7acfa"},"headline":"Nomes para ag\u00eancias reguladoras podem ser encaminhados ao Senado at\u00e9 a pr\u00f3xima semana, dizem fontes","datePublished":"2025-04-08T12:00:00+00:00","dateModified":"2025-04-09T09:29:45+00:00","mainEntityOfPage":{"@id":"https:\/\/agenciainfra.com\/blog\/nomes-para-agencias-reguladoras-podem-ser-encaminhados-ao-senado-ate-a-proxima-semana-dizem-fontes\/"},"wordCount":682,"publisher":{"@id":"https:\/\/agenciainfra.com\/blog\/#organization"},"image":{"@id":"https:\/\/agenciainfra.com\/blog\/nomes-para-agencias-reguladoras-podem-ser-encaminhados-ao-senado-ate-a-proxima-semana-dizem-fontes\/#primaryimage"},"thumbnailUrl":"https:\/\/agenciainfra.com\/blog\/wp-content\/uploads\/2024\/04\/conresso-senado-foto-agencia-senado.jpg","keywords":["Ag\u00eancias Reguladoras","Artur Watt","Gentil Nogueira","Geraldo Campos Jr.","Indica\u00e7\u00e3o \u00e0s ag\u00eancias","Marisa Wanzeller","Pietro Mendes","R\u00f4mulo do Amaral","sabatinas","senado","Vaga na ANEEL","vaga na ANP","Willamy Frota"],"articleSection":["Destaque lista","Geral","iNFRAEnergia"],"inLanguage":"pt-BR","copyrightYear":"2025","copyrightHolder":{"@id":"https:\/\/agenciainfra.com\/blog\/#organization"}},{"@type":"WebPage","@id":"https:\/\/agenciainfra.com\/blog\/nomes-para-agencias-reguladoras-podem-ser-encaminhados-ao-senado-ate-a-proxima-semana-dizem-fontes\/","url":"https:\/\/agenciainfra.com\/blog\/nomes-para-agencias-reguladoras-podem-ser-encaminhados-ao-senado-ate-a-proxima-semana-dizem-fontes\/","name":"Nomes para ag\u00eancias reguladoras podem ser encaminhados ao Senado at\u00e9 a pr\u00f3xima semana, dizem fontes - Ag\u00eancia iNFRA","isPartOf":{"@id":"https:\/\/agenciainfra.com\/blog\/#website"},"primaryImageOfPage":{"@id":"https:\/\/agenciainfra.com\/blog\/nomes-para-agencias-reguladoras-podem-ser-encaminhados-ao-senado-ate-a-proxima-semana-dizem-fontes\/#primaryimage"},"image":{"@id":"https:\/\/agenciainfra.com\/blog\/nomes-para-agencias-reguladoras-podem-ser-encaminhados-ao-senado-ate-a-proxima-semana-dizem-fontes\/#primaryimage"},"thumbnailUrl":"https:\/\/agenciainfra.com\/blog\/wp-content\/uploads\/2024\/04\/conresso-senado-foto-agencia-senado.jpg","datePublished":"2025-04-08T12:00:00+00:00","dateModified":"2025-04-09T09:29:45+00:00","breadcrumb":{"@id":"https:\/\/agenciainfra.com\/blog\/nomes-para-agencias-reguladoras-podem-ser-encaminhados-ao-senado-ate-a-proxima-semana-dizem-fontes\/#breadcrumb"},"inLanguage":"pt-BR","potentialAction":[{"@type":"ReadAction","target":["https:\/\/agenciainfra.com\/blog\/nomes-para-agencias-reguladoras-podem-ser-encaminhados-ao-senado-ate-a-proxima-semana-dizem-fontes\/"]}]},{"@type":"ImageObject","inLanguage":"pt-BR","@id":"https:\/\/agenciainfra.com\/blog\/nomes-para-agencias-reguladoras-podem-ser-encaminhados-ao-senado-ate-a-proxima-semana-dizem-fontes\/#primaryimage","url":"https:\/\/agenciainfra.com\/blog\/wp-content\/uploads\/2024\/04\/conresso-senado-foto-agencia-senado.jpg","contentUrl":"https:\/\/agenciainfra.com\/blog\/wp-content\/uploads\/2024\/04\/conresso-senado-foto-agencia-senado.jpg","width":1202,"height":797},{"@type":"BreadcrumbList","@id":"https:\/\/agenciainfra.com\/blog\/nomes-para-agencias-reguladoras-podem-ser-encaminhados-ao-senado-ate-a-proxima-semana-dizem-fontes\/#breadcrumb","itemListElement":[{"@type":"ListItem","position":1,"name":"In\u00edcio","item":"https:\/\/agenciainfra.com\/blog\/"},{"@type":"ListItem","position":2,"name":"Nomes para ag\u00eancias reguladoras podem ser encaminhados ao Senado at\u00e9 a pr\u00f3xima semana, dizem fontes"}]},{"@type":"WebSite","@id":"https:\/\/agenciainfra.com\/blog\/#website","url":"https:\/\/agenciainfra.com\/blog\/","name":"Ag\u00eancia iNFRA","description":"Multiplataforma de informa\u00e7\u00e3o jornal\u00edstica refer\u00eancia na \u00e1rea de infraestrutura no Brasil!","publisher":{"@id":"https:\/\/agenciainfra.com\/blog\/#organization"},"potentialAction":[{"@type":"SearchAction","target":{"@type":"EntryPoint","urlTemplate":"https:\/\/agenciainfra.com\/blog\/?s={search_term_string}"},"query-input":{"@type":"PropertyValueSpecification","valueRequired":true,"valueName":"search_term_string"}}],"inLanguage":"pt-BR"},{"@type":"Organization","@id":"https:\/\/agenciainfra.com\/blog\/#organization","name":"Ag\u00eancia iNFRA","url":"https:\/\/agenciainfra.com\/blog\/","logo":{"@type":"ImageObject","inLanguage":"pt-BR","@id":"https:\/\/agenciainfra.com\/blog\/#\/schema\/logo\/image\/","url":"https:\/\/agenciainfra.com\/blog\/wp-content\/uploads\/2023\/09\/iNFRA_5-e1761735885940.png","contentUrl":"https:\/\/agenciainfra.com\/blog\/wp-content\/uploads\/2023\/09\/iNFRA_5-e1761735885940.png","width":1672,"height":454,"caption":"Ag\u00eancia iNFRA"},"image":{"@id":"https:\/\/agenciainfra.com\/blog\/#\/schema\/logo\/image\/"},"sameAs":["https:\/\/www.facebook.com\/ageninfra","https:\/\/x.com\/agencia_infra","https:\/\/www.linkedin.com\/company\/ag\u00eanciainfra\/","https:\/\/www.instagram.com\/agenciainfra\/"]},{"@type":"Person","@id":"https:\/\/agenciainfra.com\/blog\/#\/schema\/person\/34af08dff6adea4cb22b06612ba7acfa","name":"Ag\u00eancia iNFRA","image":{"@type":"ImageObject","inLanguage":"pt-BR","@id":"https:\/\/agenciainfra.com\/blog\/#\/schema\/person\/image\/","url":"https:\/\/secure.gravatar.com\/avatar\/d189e01678f06d8eb84d4e01f08eb848b3fffe3f8443818d3c356c66892f5be8?s=96&d=mm&r=g","contentUrl":"https:\/\/secure.gravatar.com\/avatar\/d189e01678f06d8eb84d4e01f08eb848b3fffe3f8443818d3c356c66892f5be8?s=96&d=mm&r=g","caption":"Ag\u00eancia iNFRA"},"url":"https:\/\/agenciainfra.com\/blog\/author\/admin\/"}]}},"_links":{"self":[{"href":"https:\/\/agenciainfra.com\/blog\/wp-json\/wp\/v2\/posts\/20869","targetHints":{"allow":["GET"]}}],"collection":[{"href":"https:\/\/agenciainfra.com\/blog\/wp-json\/wp\/v2\/posts"}],"about":[{"href":"https:\/\/agenciainfra.com\/blog\/wp-json\/wp\/v2\/types\/post"}],"author":[{"embeddable":true,"href":"https:\/\/agenciainfra.com\/blog\/wp-json\/wp\/v2\/users\/1"}],"replies":[{"embeddable":true,"href":"https:\/\/agenciainfra.com\/blog\/wp-json\/wp\/v2\/comments?post=20869"}],"version-history":[{"count":1,"href":"https:\/\/agenciainfra.com\/blog\/wp-json\/wp\/v2\/posts\/20869\/revisions"}],"predecessor-version":[{"id":20870,"href":"https:\/\/agenciainfra.com\/blog\/wp-json\/wp\/v2\/posts\/20869\/revisions\/20870"}],"wp:featuredmedia":[{"embeddable":true,"href":"https:\/\/agenciainfra.com\/blog\/wp-json\/wp\/v2\/media\/15903"}],"wp:attachment":[{"href":"https:\/\/agenciainfra.com\/blog\/wp-json\/wp\/v2\/media?parent=20869"}],"wp:term":[{"taxonomy":"category","embeddable":true,"href":"https:\/\/agenciainfra.com\/blog\/wp-json\/wp\/v2\/categories?post=20869"},{"taxonomy":"post_tag","embeddable":true,"href":"https:\/\/agenciainfra.com\/blog\/wp-json\/wp\/v2\/tags?post=20869"}],"curies":[{"name":"wp","href":"https:\/\/api.w.org\/{rel}","templated":true}]}}