{"id":20880,"date":"2025-04-09T08:00:00","date_gmt":"2025-04-09T11:00:00","guid":{"rendered":"https:\/\/agenciainfra.com\/blog\/?p=20880"},"modified":"2025-04-09T06:34:56","modified_gmt":"2025-04-09T09:34:56","slug":"debate-sobre-cumprimento-de-decisao-judicial-adia-reajuste-da-cpfl-paulista","status":"publish","type":"post","link":"https:\/\/agenciainfra.com\/blog\/debate-sobre-cumprimento-de-decisao-judicial-adia-reajuste-da-cpfl-paulista\/","title":{"rendered":"Debate sobre cumprimento de decis\u00e3o judicial adia reajuste da CPFL Paulista"},"content":{"rendered":"\n<p class=\"has-text-align-right\"><strong>Marisa Wanzeller, da Ag\u00eancia iNFRA<\/strong><\/p>\n\n\n\n<p>A diretoria da ANEEL (Ag\u00eancia Nacional de Energia El\u00e9trica) n\u00e3o chegou a uma conclus\u00e3o para o RTA (Reajuste Tarif\u00e1rio Anual) da CPFL Paulista, cujas tarifas vigentes venceram nesta ter\u00e7a-feira (8). Uma discord\u00e2ncia entre os diretores quanto ao cumprimento de uma decis\u00e3o judicial por meio de um diferimento tarif\u00e1rio da ordem de R$ 4,6 bilh\u00f5es levou a um pedido de vista do diretor Fernando Mosna.&nbsp;<\/p>\n\n\n\n<p>A relatora, diretora Agnes Costa, votou no sentido de acatar proposta da distribuidora para parcelamento do montante com amortiza\u00e7\u00e3o de R$ 1,3 bilh\u00e3o nos processos tarif\u00e1rios da companhia ao longo de cinco anos. Assim, o reajuste m\u00e9dio proposto em nota t\u00e9cnica antes da determina\u00e7\u00e3o jur\u00eddica, que levaria a uma redu\u00e7\u00e3o de 3,83% nas tarifas vigentes, passaria para um aumento de 4,56%.<\/p>\n\n\n\n<p>Mosna apresentou quest\u00e3o de ordem argumentando que a decis\u00e3o judicial n\u00e3o definiu um valor para a senten\u00e7a. No entendimento do diretor, sem a liquida\u00e7\u00e3o do caso pela Justi\u00e7a, com a defini\u00e7\u00e3o do montante da obriga\u00e7\u00e3o, dar andamento \u00e0 proposta apresentada pela CPFL seria como firmar um acordo entre as partes, e n\u00e3o um cumprimento de uma decis\u00e3o judicial. Assim, segundo ele, o processo deveria seguir ao normativo espec\u00edfico da ANEEL para acordos.<\/p>\n\n\n\n<p>A quest\u00e3o de ordem foi indeferida pelo diretor-geral, Sandoval Feitosa, levando ao pedido de vista. Sem aprova\u00e7\u00e3o do reajuste, as tarifas vigentes s\u00e3o prorrogadas at\u00e9 que se tenham novos valores.&nbsp;<\/p>\n\n\n\n<p><strong>C\u00e1lculo<\/strong><br>Os argumentos de Mosna foram endossados pelo diretor Ricardo Tili, que ainda questionou os par\u00e2metros utilizados para o c\u00e1lculo do montante, que, segundo ele, n\u00e3o s\u00e3o os previstos em contratos de energia el\u00e9trica.<\/p>\n\n\n\n<p>Conforme explica\u00e7\u00e3o do procurador-geral junto \u00e0 ANEEL, Eduardo Ramalho, o c\u00e1lculo foi realizado pela AGU (Advocacia-Geral da Uni\u00e3o) com base nos par\u00e2metros fornecidos pelo TRF-1 (Tribunal Regional Federal da 1\u00aa Regi\u00e3o), que seguem o Manual de C\u00e1lculos da Justi\u00e7a Federal. Assim, chegou-se a um valor hist\u00f3rico de R$ 924 milh\u00f5es, atualizado&nbsp;em R$ 4,6 bilh\u00f5es.&nbsp;<\/p>\n\n\n\n<p>\u201cNa Justi\u00e7a, segundo c\u00e1lculos preliminares, se fosse aplicado o pedido que foi feito pela CPFL nos autos, esse valor poderia superar a casa dos R$ 9 bilh\u00f5es. Portanto, o valor que foi orientado representa mais ou menos a metade disso\u201d, destacou Ramalho. Ainda segundo a procuradoria, ao apresentar pedido de cumprimento de senten\u00e7a no processo judicial, a distribuidora requereu que a ANEEL informasse o valor que lhe fosse devido.<\/p>\n\n\n\n<p>O diretor Tili entende, no entanto, que o c\u00e1lculo foi efetuado com a premissa errada, uma vez que n\u00e3o se trata de uma d\u00edvida da Fazenda P\u00fablica, e que conforme os crit\u00e9rios da ag\u00eancia os c\u00e1lculos de energia s\u00e3o feitos pelo&nbsp;CVA (Custo Vari\u00e1vel de Energia).<\/p>\n\n\n\n<p>O procurador Eduardo Ramalho destacou que, caso fossem aplicados os par\u00e2metros dos Proret (Procedimentos de Regula\u00e7\u00e3o Tarif\u00e1ria), o cumprimento da decis\u00e3o seria mais oneroso aos consumidores.&nbsp;<\/p>\n\n\n\n<p><strong>Decis\u00e3o judicial<\/strong><br>A decis\u00e3o judicial tornou sem efeito ato administrativo da ag\u00eancia que determinava um limite de repasse do pre\u00e7o da energia adquirida no \u00e2mbito do Contrato de Compra e Venda de Energia celebrado entre CPFL Brasil e CPFL Paulista. Assim, a diferen\u00e7a entre o valor celebrado e o limite imposto pela ANEEL anteriormente deve ser repassada \u00e0 distribuidora por meio de processo tarif\u00e1rio.&nbsp;<\/p>\n\n\n\n<p>Eduardo Ramalho ainda destacou durante a reuni\u00e3o p\u00fablica de diretoria desta ter\u00e7a-feira que a reguladora est\u00e1 em mora, uma vez que o processo j\u00e1 encontra-se em tr\u00e2nsito em julgado.<\/p>\n","protected":false},"excerpt":{"rendered":"<p>Marisa Wanzeller, da Ag\u00eancia iNFRA A diretoria da ANEEL (Ag\u00eancia Nacional de Energia El\u00e9trica) n\u00e3o chegou a uma conclus\u00e3o para o RTA (Reajuste Tarif\u00e1rio Anual) da CPFL Paulista, cujas tarifas vigentes venceram nesta ter\u00e7a-feira (8). Uma discord\u00e2ncia entre os diretores quanto ao cumprimento de uma decis\u00e3o judicial por meio de um diferimento tarif\u00e1rio da ordem [&hellip;]<\/p>\n","protected":false},"author":1,"featured_media":10065,"comment_status":"closed","ping_status":"closed","sticky":false,"template":"","format":"standard","meta":{"_monsterinsights_skip_tracking":false,"_monsterinsights_sitenote_active":false,"_monsterinsights_sitenote_note":"","_monsterinsights_sitenote_category":0,"footnotes":""},"categories":[7250,1,10],"tags":[13023,896,7630,13022,282,7366,13021,8864,12770,5586],"class_list":["post-20880","post","type-post","status-publish","format-standard","has-post-thumbnail","hentry","category-destaque-lista","category-geral","category-infraenergia","tag-contratos-de-energia-eletrica","tag-cpfl-paulista","tag-decisao-judicial","tag-diferimento-tarifario","tag-energia-eletrica","tag-marisa-wanzeller","tag-reajuste-da-cpfl-paulista","tag-reajuste-tarifario","tag-reuniao-aneel","tag-tarifa-de-energia"],"yoast_head":"<!-- This site is optimized with the Yoast SEO Premium plugin v25.4 (Yoast SEO v26.0) - https:\/\/yoast.com\/wordpress\/plugins\/seo\/ -->\n<title>Debate sobre cumprimento de decis\u00e3o judicial adia reajuste da CPFL Paulista - Ag\u00eancia iNFRA<\/title>\n<meta name=\"robots\" content=\"index, follow, max-snippet:-1, max-image-preview:large, max-video-preview:-1\" \/>\n<link rel=\"canonical\" href=\"https:\/\/agenciainfra.com\/blog\/debate-sobre-cumprimento-de-decisao-judicial-adia-reajuste-da-cpfl-paulista\/\" \/>\n<meta property=\"og:locale\" content=\"pt_BR\" \/>\n<meta property=\"og:type\" content=\"article\" \/>\n<meta property=\"og:title\" content=\"Debate sobre cumprimento de decis\u00e3o judicial adia reajuste da CPFL Paulista\" \/>\n<meta property=\"og:description\" content=\"Marisa Wanzeller, da Ag\u00eancia iNFRA A diretoria da ANEEL (Ag\u00eancia Nacional de Energia El\u00e9trica) n\u00e3o chegou a uma conclus\u00e3o para o RTA (Reajuste Tarif\u00e1rio Anual) da CPFL Paulista, cujas tarifas vigentes venceram nesta ter\u00e7a-feira (8). Uma discord\u00e2ncia entre os diretores quanto ao cumprimento de uma decis\u00e3o judicial por meio de um diferimento tarif\u00e1rio da ordem [&hellip;]\" \/>\n<meta property=\"og:url\" content=\"https:\/\/agenciainfra.com\/blog\/debate-sobre-cumprimento-de-decisao-judicial-adia-reajuste-da-cpfl-paulista\/\" \/>\n<meta property=\"og:site_name\" content=\"Ag\u00eancia iNFRA\" \/>\n<meta property=\"article:publisher\" content=\"https:\/\/www.facebook.com\/ageninfra\" \/>\n<meta property=\"article:published_time\" content=\"2025-04-09T11:00:00+00:00\" \/>\n<meta property=\"og:image\" content=\"https:\/\/agenciainfra.com\/blog\/wp-content\/uploads\/2022\/04\/divulgacao-aneel-scaled.jpeg\" \/>\n\t<meta property=\"og:image:width\" content=\"2560\" \/>\n\t<meta property=\"og:image:height\" content=\"1707\" \/>\n\t<meta property=\"og:image:type\" content=\"image\/jpeg\" \/>\n<meta name=\"author\" content=\"Ag\u00eancia iNFRA\" \/>\n<meta name=\"twitter:card\" content=\"summary_large_image\" \/>\n<meta name=\"twitter:creator\" content=\"@agencia_infra\" \/>\n<meta name=\"twitter:site\" content=\"@agencia_infra\" \/>\n<meta name=\"twitter:label1\" content=\"Escrito por\" \/>\n\t<meta name=\"twitter:data1\" content=\"Ag\u00eancia iNFRA\" \/>\n\t<meta name=\"twitter:label2\" content=\"Est. tempo de leitura\" \/>\n\t<meta name=\"twitter:data2\" content=\"3 minutos\" \/>\n<script type=\"application\/ld+json\" class=\"yoast-schema-graph\">{\"@context\":\"https:\/\/schema.org\",\"@graph\":[{\"@type\":\"Article\",\"@id\":\"https:\/\/agenciainfra.com\/blog\/debate-sobre-cumprimento-de-decisao-judicial-adia-reajuste-da-cpfl-paulista\/#article\",\"isPartOf\":{\"@id\":\"https:\/\/agenciainfra.com\/blog\/debate-sobre-cumprimento-de-decisao-judicial-adia-reajuste-da-cpfl-paulista\/\"},\"author\":{\"name\":\"Ag\u00eancia iNFRA\",\"@id\":\"https:\/\/agenciainfra.com\/blog\/#\/schema\/person\/34af08dff6adea4cb22b06612ba7acfa\"},\"headline\":\"Debate sobre cumprimento de decis\u00e3o judicial adia reajuste da CPFL Paulista\",\"datePublished\":\"2025-04-09T11:00:00+00:00\",\"mainEntityOfPage\":{\"@id\":\"https:\/\/agenciainfra.com\/blog\/debate-sobre-cumprimento-de-decisao-judicial-adia-reajuste-da-cpfl-paulista\/\"},\"wordCount\":638,\"publisher\":{\"@id\":\"https:\/\/agenciainfra.com\/blog\/#organization\"},\"image\":{\"@id\":\"https:\/\/agenciainfra.com\/blog\/debate-sobre-cumprimento-de-decisao-judicial-adia-reajuste-da-cpfl-paulista\/#primaryimage\"},\"thumbnailUrl\":\"https:\/\/agenciainfra.com\/blog\/wp-content\/uploads\/2022\/04\/divulgacao-aneel-scaled-e1770122374333.jpeg\",\"keywords\":[\"contratos de energia el\u00e9trica\",\"CPFL Paulista\",\"decis\u00e3o judicial\",\"diferimento tarif\u00e1rio\",\"energia el\u00e9trica\",\"Marisa Wanzeller\",\"Reajuste da CPFL Paulista\",\"Reajuste tarif\u00e1rio\",\"reuni\u00e3o aneel\",\"tarifa de energia\"],\"articleSection\":[\"Destaque lista\",\"Geral\",\"iNFRAEnergia\"],\"inLanguage\":\"pt-BR\",\"copyrightYear\":\"2025\",\"copyrightHolder\":{\"@id\":\"https:\/\/agenciainfra.com\/blog\/#organization\"}},{\"@type\":\"WebPage\",\"@id\":\"https:\/\/agenciainfra.com\/blog\/debate-sobre-cumprimento-de-decisao-judicial-adia-reajuste-da-cpfl-paulista\/\",\"url\":\"https:\/\/agenciainfra.com\/blog\/debate-sobre-cumprimento-de-decisao-judicial-adia-reajuste-da-cpfl-paulista\/\",\"name\":\"Debate sobre cumprimento de decis\u00e3o judicial adia reajuste da CPFL Paulista - Ag\u00eancia iNFRA\",\"isPartOf\":{\"@id\":\"https:\/\/agenciainfra.com\/blog\/#website\"},\"primaryImageOfPage\":{\"@id\":\"https:\/\/agenciainfra.com\/blog\/debate-sobre-cumprimento-de-decisao-judicial-adia-reajuste-da-cpfl-paulista\/#primaryimage\"},\"image\":{\"@id\":\"https:\/\/agenciainfra.com\/blog\/debate-sobre-cumprimento-de-decisao-judicial-adia-reajuste-da-cpfl-paulista\/#primaryimage\"},\"thumbnailUrl\":\"https:\/\/agenciainfra.com\/blog\/wp-content\/uploads\/2022\/04\/divulgacao-aneel-scaled-e1770122374333.jpeg\",\"datePublished\":\"2025-04-09T11:00:00+00:00\",\"breadcrumb\":{\"@id\":\"https:\/\/agenciainfra.com\/blog\/debate-sobre-cumprimento-de-decisao-judicial-adia-reajuste-da-cpfl-paulista\/#breadcrumb\"},\"inLanguage\":\"pt-BR\",\"potentialAction\":[{\"@type\":\"ReadAction\",\"target\":[\"https:\/\/agenciainfra.com\/blog\/debate-sobre-cumprimento-de-decisao-judicial-adia-reajuste-da-cpfl-paulista\/\"]}]},{\"@type\":\"ImageObject\",\"inLanguage\":\"pt-BR\",\"@id\":\"https:\/\/agenciainfra.com\/blog\/debate-sobre-cumprimento-de-decisao-judicial-adia-reajuste-da-cpfl-paulista\/#primaryimage\",\"url\":\"https:\/\/agenciainfra.com\/blog\/wp-content\/uploads\/2022\/04\/divulgacao-aneel-scaled-e1770122374333.jpeg\",\"contentUrl\":\"https:\/\/agenciainfra.com\/blog\/wp-content\/uploads\/2022\/04\/divulgacao-aneel-scaled-e1770122374333.jpeg\",\"width\":1280,\"height\":750,\"caption\":\"Foto: ANEEL\"},{\"@type\":\"BreadcrumbList\",\"@id\":\"https:\/\/agenciainfra.com\/blog\/debate-sobre-cumprimento-de-decisao-judicial-adia-reajuste-da-cpfl-paulista\/#breadcrumb\",\"itemListElement\":[{\"@type\":\"ListItem\",\"position\":1,\"name\":\"In\u00edcio\",\"item\":\"https:\/\/agenciainfra.com\/blog\/\"},{\"@type\":\"ListItem\",\"position\":2,\"name\":\"Debate sobre cumprimento de decis\u00e3o judicial adia reajuste da CPFL Paulista\"}]},{\"@type\":\"WebSite\",\"@id\":\"https:\/\/agenciainfra.com\/blog\/#website\",\"url\":\"https:\/\/agenciainfra.com\/blog\/\",\"name\":\"Ag\u00eancia iNFRA\",\"description\":\"Multiplataforma de informa\u00e7\u00e3o jornal\u00edstica refer\u00eancia na \u00e1rea de infraestrutura no Brasil!\",\"publisher\":{\"@id\":\"https:\/\/agenciainfra.com\/blog\/#organization\"},\"potentialAction\":[{\"@type\":\"SearchAction\",\"target\":{\"@type\":\"EntryPoint\",\"urlTemplate\":\"https:\/\/agenciainfra.com\/blog\/?s={search_term_string}\"},\"query-input\":{\"@type\":\"PropertyValueSpecification\",\"valueRequired\":true,\"valueName\":\"search_term_string\"}}],\"inLanguage\":\"pt-BR\"},{\"@type\":\"Organization\",\"@id\":\"https:\/\/agenciainfra.com\/blog\/#organization\",\"name\":\"Ag\u00eancia iNFRA\",\"url\":\"https:\/\/agenciainfra.com\/blog\/\",\"logo\":{\"@type\":\"ImageObject\",\"inLanguage\":\"pt-BR\",\"@id\":\"https:\/\/agenciainfra.com\/blog\/#\/schema\/logo\/image\/\",\"url\":\"https:\/\/agenciainfra.com\/blog\/wp-content\/uploads\/2023\/09\/iNFRA_5-e1761735885940.png\",\"contentUrl\":\"https:\/\/agenciainfra.com\/blog\/wp-content\/uploads\/2023\/09\/iNFRA_5-e1761735885940.png\",\"width\":1672,\"height\":454,\"caption\":\"Ag\u00eancia iNFRA\"},\"image\":{\"@id\":\"https:\/\/agenciainfra.com\/blog\/#\/schema\/logo\/image\/\"},\"sameAs\":[\"https:\/\/www.facebook.com\/ageninfra\",\"https:\/\/x.com\/agencia_infra\",\"https:\/\/www.linkedin.com\/company\/ag\u00eanciainfra\/\",\"https:\/\/www.instagram.com\/agenciainfra\/\"]},{\"@type\":\"Person\",\"@id\":\"https:\/\/agenciainfra.com\/blog\/#\/schema\/person\/34af08dff6adea4cb22b06612ba7acfa\",\"name\":\"Ag\u00eancia iNFRA\",\"image\":{\"@type\":\"ImageObject\",\"inLanguage\":\"pt-BR\",\"@id\":\"https:\/\/agenciainfra.com\/blog\/#\/schema\/person\/image\/\",\"url\":\"https:\/\/secure.gravatar.com\/avatar\/d189e01678f06d8eb84d4e01f08eb848b3fffe3f8443818d3c356c66892f5be8?s=96&d=mm&r=g\",\"contentUrl\":\"https:\/\/secure.gravatar.com\/avatar\/d189e01678f06d8eb84d4e01f08eb848b3fffe3f8443818d3c356c66892f5be8?s=96&d=mm&r=g\",\"caption\":\"Ag\u00eancia iNFRA\"},\"url\":\"https:\/\/agenciainfra.com\/blog\/author\/admin\/\"}]}<\/script>\n<!-- \/ Yoast SEO Premium plugin. -->","yoast_head_json":{"title":"Debate sobre cumprimento de decis\u00e3o judicial adia reajuste da CPFL Paulista - Ag\u00eancia iNFRA","robots":{"index":"index","follow":"follow","max-snippet":"max-snippet:-1","max-image-preview":"max-image-preview:large","max-video-preview":"max-video-preview:-1"},"canonical":"https:\/\/agenciainfra.com\/blog\/debate-sobre-cumprimento-de-decisao-judicial-adia-reajuste-da-cpfl-paulista\/","og_locale":"pt_BR","og_type":"article","og_title":"Debate sobre cumprimento de decis\u00e3o judicial adia reajuste da CPFL Paulista","og_description":"Marisa Wanzeller, da Ag\u00eancia iNFRA A diretoria da ANEEL (Ag\u00eancia Nacional de Energia El\u00e9trica) n\u00e3o chegou a uma conclus\u00e3o para o RTA (Reajuste Tarif\u00e1rio Anual) da CPFL Paulista, cujas tarifas vigentes venceram nesta ter\u00e7a-feira (8). Uma discord\u00e2ncia entre os diretores quanto ao cumprimento de uma decis\u00e3o judicial por meio de um diferimento tarif\u00e1rio da ordem [&hellip;]","og_url":"https:\/\/agenciainfra.com\/blog\/debate-sobre-cumprimento-de-decisao-judicial-adia-reajuste-da-cpfl-paulista\/","og_site_name":"Ag\u00eancia iNFRA","article_publisher":"https:\/\/www.facebook.com\/ageninfra","article_published_time":"2025-04-09T11:00:00+00:00","og_image":[{"width":2560,"height":1707,"url":"https:\/\/agenciainfra.com\/blog\/wp-content\/uploads\/2022\/04\/divulgacao-aneel-scaled.jpeg","type":"image\/jpeg"}],"author":"Ag\u00eancia iNFRA","twitter_card":"summary_large_image","twitter_creator":"@agencia_infra","twitter_site":"@agencia_infra","twitter_misc":{"Escrito por":"Ag\u00eancia iNFRA","Est. tempo de leitura":"3 minutos"},"schema":{"@context":"https:\/\/schema.org","@graph":[{"@type":"Article","@id":"https:\/\/agenciainfra.com\/blog\/debate-sobre-cumprimento-de-decisao-judicial-adia-reajuste-da-cpfl-paulista\/#article","isPartOf":{"@id":"https:\/\/agenciainfra.com\/blog\/debate-sobre-cumprimento-de-decisao-judicial-adia-reajuste-da-cpfl-paulista\/"},"author":{"name":"Ag\u00eancia iNFRA","@id":"https:\/\/agenciainfra.com\/blog\/#\/schema\/person\/34af08dff6adea4cb22b06612ba7acfa"},"headline":"Debate sobre cumprimento de decis\u00e3o judicial adia reajuste da CPFL Paulista","datePublished":"2025-04-09T11:00:00+00:00","mainEntityOfPage":{"@id":"https:\/\/agenciainfra.com\/blog\/debate-sobre-cumprimento-de-decisao-judicial-adia-reajuste-da-cpfl-paulista\/"},"wordCount":638,"publisher":{"@id":"https:\/\/agenciainfra.com\/blog\/#organization"},"image":{"@id":"https:\/\/agenciainfra.com\/blog\/debate-sobre-cumprimento-de-decisao-judicial-adia-reajuste-da-cpfl-paulista\/#primaryimage"},"thumbnailUrl":"https:\/\/agenciainfra.com\/blog\/wp-content\/uploads\/2022\/04\/divulgacao-aneel-scaled-e1770122374333.jpeg","keywords":["contratos de energia el\u00e9trica","CPFL Paulista","decis\u00e3o judicial","diferimento tarif\u00e1rio","energia el\u00e9trica","Marisa Wanzeller","Reajuste da CPFL Paulista","Reajuste tarif\u00e1rio","reuni\u00e3o aneel","tarifa de energia"],"articleSection":["Destaque lista","Geral","iNFRAEnergia"],"inLanguage":"pt-BR","copyrightYear":"2025","copyrightHolder":{"@id":"https:\/\/agenciainfra.com\/blog\/#organization"}},{"@type":"WebPage","@id":"https:\/\/agenciainfra.com\/blog\/debate-sobre-cumprimento-de-decisao-judicial-adia-reajuste-da-cpfl-paulista\/","url":"https:\/\/agenciainfra.com\/blog\/debate-sobre-cumprimento-de-decisao-judicial-adia-reajuste-da-cpfl-paulista\/","name":"Debate sobre cumprimento de decis\u00e3o judicial adia reajuste da CPFL Paulista - Ag\u00eancia iNFRA","isPartOf":{"@id":"https:\/\/agenciainfra.com\/blog\/#website"},"primaryImageOfPage":{"@id":"https:\/\/agenciainfra.com\/blog\/debate-sobre-cumprimento-de-decisao-judicial-adia-reajuste-da-cpfl-paulista\/#primaryimage"},"image":{"@id":"https:\/\/agenciainfra.com\/blog\/debate-sobre-cumprimento-de-decisao-judicial-adia-reajuste-da-cpfl-paulista\/#primaryimage"},"thumbnailUrl":"https:\/\/agenciainfra.com\/blog\/wp-content\/uploads\/2022\/04\/divulgacao-aneel-scaled-e1770122374333.jpeg","datePublished":"2025-04-09T11:00:00+00:00","breadcrumb":{"@id":"https:\/\/agenciainfra.com\/blog\/debate-sobre-cumprimento-de-decisao-judicial-adia-reajuste-da-cpfl-paulista\/#breadcrumb"},"inLanguage":"pt-BR","potentialAction":[{"@type":"ReadAction","target":["https:\/\/agenciainfra.com\/blog\/debate-sobre-cumprimento-de-decisao-judicial-adia-reajuste-da-cpfl-paulista\/"]}]},{"@type":"ImageObject","inLanguage":"pt-BR","@id":"https:\/\/agenciainfra.com\/blog\/debate-sobre-cumprimento-de-decisao-judicial-adia-reajuste-da-cpfl-paulista\/#primaryimage","url":"https:\/\/agenciainfra.com\/blog\/wp-content\/uploads\/2022\/04\/divulgacao-aneel-scaled-e1770122374333.jpeg","contentUrl":"https:\/\/agenciainfra.com\/blog\/wp-content\/uploads\/2022\/04\/divulgacao-aneel-scaled-e1770122374333.jpeg","width":1280,"height":750,"caption":"Foto: ANEEL"},{"@type":"BreadcrumbList","@id":"https:\/\/agenciainfra.com\/blog\/debate-sobre-cumprimento-de-decisao-judicial-adia-reajuste-da-cpfl-paulista\/#breadcrumb","itemListElement":[{"@type":"ListItem","position":1,"name":"In\u00edcio","item":"https:\/\/agenciainfra.com\/blog\/"},{"@type":"ListItem","position":2,"name":"Debate sobre cumprimento de decis\u00e3o judicial adia reajuste da CPFL Paulista"}]},{"@type":"WebSite","@id":"https:\/\/agenciainfra.com\/blog\/#website","url":"https:\/\/agenciainfra.com\/blog\/","name":"Ag\u00eancia iNFRA","description":"Multiplataforma de informa\u00e7\u00e3o jornal\u00edstica refer\u00eancia na \u00e1rea de infraestrutura no Brasil!","publisher":{"@id":"https:\/\/agenciainfra.com\/blog\/#organization"},"potentialAction":[{"@type":"SearchAction","target":{"@type":"EntryPoint","urlTemplate":"https:\/\/agenciainfra.com\/blog\/?s={search_term_string}"},"query-input":{"@type":"PropertyValueSpecification","valueRequired":true,"valueName":"search_term_string"}}],"inLanguage":"pt-BR"},{"@type":"Organization","@id":"https:\/\/agenciainfra.com\/blog\/#organization","name":"Ag\u00eancia iNFRA","url":"https:\/\/agenciainfra.com\/blog\/","logo":{"@type":"ImageObject","inLanguage":"pt-BR","@id":"https:\/\/agenciainfra.com\/blog\/#\/schema\/logo\/image\/","url":"https:\/\/agenciainfra.com\/blog\/wp-content\/uploads\/2023\/09\/iNFRA_5-e1761735885940.png","contentUrl":"https:\/\/agenciainfra.com\/blog\/wp-content\/uploads\/2023\/09\/iNFRA_5-e1761735885940.png","width":1672,"height":454,"caption":"Ag\u00eancia iNFRA"},"image":{"@id":"https:\/\/agenciainfra.com\/blog\/#\/schema\/logo\/image\/"},"sameAs":["https:\/\/www.facebook.com\/ageninfra","https:\/\/x.com\/agencia_infra","https:\/\/www.linkedin.com\/company\/ag\u00eanciainfra\/","https:\/\/www.instagram.com\/agenciainfra\/"]},{"@type":"Person","@id":"https:\/\/agenciainfra.com\/blog\/#\/schema\/person\/34af08dff6adea4cb22b06612ba7acfa","name":"Ag\u00eancia iNFRA","image":{"@type":"ImageObject","inLanguage":"pt-BR","@id":"https:\/\/agenciainfra.com\/blog\/#\/schema\/person\/image\/","url":"https:\/\/secure.gravatar.com\/avatar\/d189e01678f06d8eb84d4e01f08eb848b3fffe3f8443818d3c356c66892f5be8?s=96&d=mm&r=g","contentUrl":"https:\/\/secure.gravatar.com\/avatar\/d189e01678f06d8eb84d4e01f08eb848b3fffe3f8443818d3c356c66892f5be8?s=96&d=mm&r=g","caption":"Ag\u00eancia iNFRA"},"url":"https:\/\/agenciainfra.com\/blog\/author\/admin\/"}]}},"_links":{"self":[{"href":"https:\/\/agenciainfra.com\/blog\/wp-json\/wp\/v2\/posts\/20880","targetHints":{"allow":["GET"]}}],"collection":[{"href":"https:\/\/agenciainfra.com\/blog\/wp-json\/wp\/v2\/posts"}],"about":[{"href":"https:\/\/agenciainfra.com\/blog\/wp-json\/wp\/v2\/types\/post"}],"author":[{"embeddable":true,"href":"https:\/\/agenciainfra.com\/blog\/wp-json\/wp\/v2\/users\/1"}],"replies":[{"embeddable":true,"href":"https:\/\/agenciainfra.com\/blog\/wp-json\/wp\/v2\/comments?post=20880"}],"version-history":[{"count":1,"href":"https:\/\/agenciainfra.com\/blog\/wp-json\/wp\/v2\/posts\/20880\/revisions"}],"predecessor-version":[{"id":20881,"href":"https:\/\/agenciainfra.com\/blog\/wp-json\/wp\/v2\/posts\/20880\/revisions\/20881"}],"wp:featuredmedia":[{"embeddable":true,"href":"https:\/\/agenciainfra.com\/blog\/wp-json\/wp\/v2\/media\/10065"}],"wp:attachment":[{"href":"https:\/\/agenciainfra.com\/blog\/wp-json\/wp\/v2\/media?parent=20880"}],"wp:term":[{"taxonomy":"category","embeddable":true,"href":"https:\/\/agenciainfra.com\/blog\/wp-json\/wp\/v2\/categories?post=20880"},{"taxonomy":"post_tag","embeddable":true,"href":"https:\/\/agenciainfra.com\/blog\/wp-json\/wp\/v2\/tags?post=20880"}],"curies":[{"name":"wp","href":"https:\/\/api.w.org\/{rel}","templated":true}]}}