{"id":20886,"date":"2025-04-09T14:00:00","date_gmt":"2025-04-09T17:00:00","guid":{"rendered":"https:\/\/agenciainfra.com\/blog\/?p=20886"},"modified":"2025-04-09T06:46:27","modified_gmt":"2025-04-09T09:46:27","slug":"procuradora-geral-da-agu-defende-que-inovacoes-no-pl-das-concessoes-e-ppps-nao-sao-cavalo-de-pau","status":"publish","type":"post","link":"https:\/\/agenciainfra.com\/blog\/procuradora-geral-da-agu-defende-que-inovacoes-no-pl-das-concessoes-e-ppps-nao-sao-cavalo-de-pau\/","title":{"rendered":"Procuradora-Geral da AGU defende que inova\u00e7\u00f5es no PL das Concess\u00f5es e PPPs &#8220;n\u00e3o s\u00e3o cavalo de pau&#8221;"},"content":{"rendered":"\n<p class=\"has-text-align-right\"><strong>da Ag\u00eancia iNFRA<\/strong><\/p>\n\n\n\n<p>A procuradora-geral federal da AGU (Advocacia-Geral da Uni\u00e3o), Adriana Venturini, indicou que as propostas de melhorias nos temas de reequil\u00edbrio econ\u00f4mico-financeiro e aloca\u00e7\u00e3o de riscos que est\u00e3o em discuss\u00e3o no projeto de lei de moderniza\u00e7\u00e3o das leis de concess\u00f5es e PPPs (Parcerias P\u00fablico-Privadas)&nbsp;n\u00e3o s\u00e3o inova\u00e7\u00f5es nem um &#8220;cavalo de pau&#8221; nas regras.<\/p>\n\n\n\n<p>A afirma\u00e7\u00e3o foi feita&nbsp;nesta ter\u00e7a-feira (8) durante o 5\u00ba F\u00f3rum Jur\u00eddico da ANTT (Ag\u00eancia Nacional de Transportes Terrestres), promovido na sede da ag\u00eancia, onde foram debatidos temas sobre reequil\u00edbrios de contratos e aloca\u00e7\u00e3o de riscos. Participando da abertura, a procuradora-geral federal citou uma reuni\u00e3o descrita como &#8220;dif\u00edcil&#8221; que tratou na semana passada sobre as mudan\u00e7as legislativas nas Leis de Concess\u00f5es e PPPs.<\/p>\n\n\n\n<p>&#8220;Tivemos uma reuni\u00e3o super dif\u00edcil com a Casa Civil, PPI [Programa de Parcerias de Investimentos], SAJ [Secretaria de Assuntos Jur\u00eddicos], discutindo o novo PL [Projeto de Lei] das Concess\u00f5es. Muitas das inova\u00e7\u00f5es desse PL n\u00e3o s\u00e3o t\u00e3o inova\u00e7\u00f5es assim. Eu morria de orgulho. Eles diziam que [alguns temas] n\u00e3o eram um cavalo de pau na norma. J\u00e1 foi testado. E os exemplos eram sempre o estado de S\u00e3o Paulo e a ANTT&#8221;, disse Adriana, que chamou a ag\u00eancia de think tank de solu\u00e7\u00f5es regulat\u00f3rias.&nbsp;<\/p>\n\n\n\n<p>A moderniza\u00e7\u00e3o do PL das Concess\u00f5es e PPPs ser\u00e1 o principal tema do evento que ser\u00e1 promovido pela <strong>Ag\u00eancia iNFRA<\/strong> no pr\u00f3ximo dia 15 de abril, em Bras\u00edlia, com a presen\u00e7a do relator da proposta na C\u00e2mara, o deputado federal Arnaldo Jardim (Cidadania-SP).&nbsp;<\/p>\n\n\n\n<p>No encontro da ANTT, dispon\u00edvel <a href=\"https:\/\/www.youtube.com\/watch?v=iwB4PNc-vKY\" target=\"_blank\" rel=\"noreferrer noopener\">neste link<\/a>,&nbsp;a procuradora citou a cautelar do reequil\u00edbrio econ\u00f4mico-financeiro e a aloca\u00e7\u00e3o de riscos como exemplos que est\u00e3o no projeto como mudan\u00e7as e j\u00e1 foram testados. Ela defendeu tamb\u00e9m um modelo mais equilibrado para a aloca\u00e7\u00e3o de riscos.<\/p>\n\n\n\n<p>&#8220;O argumento \u00e9 um pouco hip\u00f3crita. Passamos todo o risco para a concession\u00e1ria, mas, quando a concession\u00e1ria est\u00e1 numa situa\u00e7\u00e3o cr\u00edtica, quem vai resolver \u00e9 o governo. A gente fica buscando solu\u00e7\u00f5es em arbitragem, SecexConsenso, decis\u00f5es arbitrais. No final das contas, a gente perde o controle sobre isso e fica um tudo ou nada&#8221;, disse a PGF, defendendo uma atua\u00e7\u00e3o preventiva.<\/p>\n\n\n\n<p><strong>Caso do Aeroporto de Porto Alegre<\/strong><br>No caso do reequil\u00edbrio cautelar, a procuradora-chefe da Consultoria Jur\u00eddica do Minist\u00e9rio de Portos e Aeroportos, Camila Soares, contou sobre duas experi\u00eancias da pasta, a primeira ainda em 2020, na pandemia de Covid-19, quando foi necess\u00e1rio reequilibrar os contratos de terminais portu\u00e1rios de passageiros, e depois com as enchentes no Rio Grande do Sul, quando foi necess\u00e1ria uma cautelar no contrato de concess\u00e3o do Aeroporto de Porto Alegre.<\/p>\n\n\n\n<p>Relatando sobre a din\u00e2mica dos contratos de concess\u00e3o, Camila contou que, no caso do aeroporto, a percep\u00e7\u00e3o dela era de que a cl\u00e1usula de aloca\u00e7\u00e3o de risco dos eventos segur\u00e1veis e n\u00e3o segur\u00e1veis estava adequada. Mas sua percep\u00e7\u00e3o hoje \u00e9 outra. Segundo ela, havia um seguro. Mas a cl\u00e1usula n\u00e3o estava feita para um evento da magnitude que foi a enchente que fechou a unidade por 20 dias.<\/p>\n\n\n\n<p>&#8220;A cl\u00e1usula n\u00e3o era para aquilo&#8221;, contou a procuradora.<\/p>\n\n\n\n<p>Segundo Camila, o reequil\u00edbrio cautelar foi a solu\u00e7\u00e3o mais adequada, dando um aporte para que a concession\u00e1ria acionasse o seguro at\u00e9 que o processo de reequil\u00edbrio final, que est\u00e1 em andamento na ANAC (Ag\u00eancia Nacional de Avia\u00e7\u00e3o Civil), seja conclu\u00eddo.&nbsp;<\/p>\n\n\n\n<p>&#8220;Depois desse processo, levamos para a discuss\u00e3o, e o PPI est\u00e1 trabalhando nisso, a quest\u00e3o dos seguros para os eventos clim\u00e1ticos&#8221;, disse Camila.&nbsp;<\/p>\n\n\n\n<p><strong>&#8220;Na retranca&#8221;<\/strong><br>Milton Gomes, procurador-chefe da ANTT e organizador do evento, afirmou que o caso do aeroporto \u00e9 hist\u00f3rico para a advocacia p\u00fablica devido \u00e0 necessidade de uma solu\u00e7\u00e3o imediata.<\/p>\n\n\n\n<p>&#8220;Sem esse reequil\u00edbrio cautelar, o aeroporto n\u00e3o seria reconstru\u00eddo naquela velocidade&#8221;, disse Gomes. &#8220;Pensar em voltar a um reequil\u00edbrio original do momento em que um contrato foi feito talvez seja mais dif\u00edcil do que encontrar um reequil\u00edbrio novo.&#8221;<\/p>\n\n\n\n<p>A procuradora-geral federal da AGU (Advocacia-Geral da Uni\u00e3o), Adriana Venturini, lembrou que as crises de todos os g\u00eaneros t\u00eam dificultado a abertura de di\u00e1logos e todos acabam se apegando a valores antigos.&nbsp;<\/p>\n\n\n\n<p>&#8220;Na d\u00favida, todos ficam mais conservadores. Ficando na retranca&#8221;, disse a Adriana, que defendeu a necessidade de evolu\u00e7\u00e3o no direito administrativo. &#8220;\u00c9 necess\u00e1rio um olhar diferenciado para essa nova governan\u00e7a p\u00fablica&#8221;.<\/p>\n","protected":false},"excerpt":{"rendered":"<p>da Ag\u00eancia iNFRA A procuradora-geral federal da AGU (Advocacia-Geral da Uni\u00e3o), Adriana Venturini, indicou que as propostas de melhorias nos temas de reequil\u00edbrio econ\u00f4mico-financeiro e aloca\u00e7\u00e3o de riscos que est\u00e3o em discuss\u00e3o no projeto de lei de moderniza\u00e7\u00e3o das leis de concess\u00f5es e PPPs (Parcerias P\u00fablico-Privadas)&nbsp;n\u00e3o s\u00e3o inova\u00e7\u00f5es nem um &#8220;cavalo de pau&#8221; nas regras. [&hellip;]<\/p>\n","protected":false},"author":1,"featured_media":20887,"comment_status":"closed","ping_status":"closed","sticky":false,"template":"","format":"standard","meta":{"_monsterinsights_skip_tracking":false,"_monsterinsights_sitenote_active":false,"_monsterinsights_sitenote_note":"","_monsterinsights_sitenote_category":0,"footnotes":""},"categories":[7250,1,7],"tags":[13028,353,19,11651,13029,13026,13027],"class_list":["post-20886","post","type-post","status-publish","format-standard","has-post-thumbnail","hentry","category-destaque-lista","category-geral","category-infratransporte","tag-adriana-venturini-agu","tag-agu","tag-antt","tag-concessoes-e-ppps","tag-evento-agencia-infra","tag-forum-juridico-antt","tag-pl-das-concessoes-e-ppps"],"yoast_head":"<!-- This site is optimized with the Yoast SEO Premium plugin v25.4 (Yoast SEO v26.0) - https:\/\/yoast.com\/wordpress\/plugins\/seo\/ -->\n<title>Procuradora-Geral da AGU defende que inova\u00e7\u00f5es no PL das Concess\u00f5es e PPPs &quot;n\u00e3o s\u00e3o cavalo de pau&quot; - Ag\u00eancia iNFRA<\/title>\n<meta name=\"robots\" content=\"index, follow, max-snippet:-1, max-image-preview:large, max-video-preview:-1\" \/>\n<link rel=\"canonical\" href=\"https:\/\/agenciainfra.com\/blog\/procuradora-geral-da-agu-defende-que-inovacoes-no-pl-das-concessoes-e-ppps-nao-sao-cavalo-de-pau\/\" \/>\n<meta property=\"og:locale\" content=\"pt_BR\" \/>\n<meta property=\"og:type\" content=\"article\" \/>\n<meta property=\"og:title\" content=\"Procuradora-Geral da AGU defende que inova\u00e7\u00f5es no PL das Concess\u00f5es e PPPs &quot;n\u00e3o s\u00e3o cavalo de pau&quot;\" \/>\n<meta property=\"og:description\" content=\"da Ag\u00eancia iNFRA A procuradora-geral federal da AGU (Advocacia-Geral da Uni\u00e3o), Adriana Venturini, indicou que as propostas de melhorias nos temas de reequil\u00edbrio econ\u00f4mico-financeiro e aloca\u00e7\u00e3o de riscos que est\u00e3o em discuss\u00e3o no projeto de lei de moderniza\u00e7\u00e3o das leis de concess\u00f5es e PPPs (Parcerias P\u00fablico-Privadas)&nbsp;n\u00e3o s\u00e3o inova\u00e7\u00f5es nem um &#8220;cavalo de pau&#8221; nas regras. [&hellip;]\" \/>\n<meta property=\"og:url\" content=\"https:\/\/agenciainfra.com\/blog\/procuradora-geral-da-agu-defende-que-inovacoes-no-pl-das-concessoes-e-ppps-nao-sao-cavalo-de-pau\/\" \/>\n<meta property=\"og:site_name\" content=\"Ag\u00eancia iNFRA\" \/>\n<meta property=\"article:publisher\" content=\"https:\/\/www.facebook.com\/ageninfra\" \/>\n<meta property=\"article:published_time\" content=\"2025-04-09T17:00:00+00:00\" \/>\n<meta property=\"og:image\" content=\"https:\/\/agenciainfra.com\/blog\/wp-content\/uploads\/2025\/04\/adriana-venturini-agu-foto-agencia-brasil.jpg\" \/>\n\t<meta property=\"og:image:width\" content=\"1280\" \/>\n\t<meta property=\"og:image:height\" content=\"852\" \/>\n\t<meta property=\"og:image:type\" content=\"image\/jpeg\" \/>\n<meta name=\"author\" content=\"Ag\u00eancia iNFRA\" \/>\n<meta name=\"twitter:card\" content=\"summary_large_image\" \/>\n<meta name=\"twitter:creator\" content=\"@agencia_infra\" \/>\n<meta name=\"twitter:site\" content=\"@agencia_infra\" \/>\n<meta name=\"twitter:label1\" content=\"Escrito por\" \/>\n\t<meta name=\"twitter:data1\" content=\"Ag\u00eancia iNFRA\" \/>\n\t<meta name=\"twitter:label2\" content=\"Est. tempo de leitura\" \/>\n\t<meta name=\"twitter:data2\" content=\"4 minutos\" \/>\n<script type=\"application\/ld+json\" class=\"yoast-schema-graph\">{\"@context\":\"https:\/\/schema.org\",\"@graph\":[{\"@type\":\"Article\",\"@id\":\"https:\/\/agenciainfra.com\/blog\/procuradora-geral-da-agu-defende-que-inovacoes-no-pl-das-concessoes-e-ppps-nao-sao-cavalo-de-pau\/#article\",\"isPartOf\":{\"@id\":\"https:\/\/agenciainfra.com\/blog\/procuradora-geral-da-agu-defende-que-inovacoes-no-pl-das-concessoes-e-ppps-nao-sao-cavalo-de-pau\/\"},\"author\":{\"name\":\"Ag\u00eancia iNFRA\",\"@id\":\"https:\/\/agenciainfra.com\/blog\/#\/schema\/person\/34af08dff6adea4cb22b06612ba7acfa\"},\"headline\":\"Procuradora-Geral da AGU defende que inova\u00e7\u00f5es no PL das Concess\u00f5es e PPPs &#8220;n\u00e3o s\u00e3o cavalo de pau&#8221;\",\"datePublished\":\"2025-04-09T17:00:00+00:00\",\"mainEntityOfPage\":{\"@id\":\"https:\/\/agenciainfra.com\/blog\/procuradora-geral-da-agu-defende-que-inovacoes-no-pl-das-concessoes-e-ppps-nao-sao-cavalo-de-pau\/\"},\"wordCount\":825,\"publisher\":{\"@id\":\"https:\/\/agenciainfra.com\/blog\/#organization\"},\"image\":{\"@id\":\"https:\/\/agenciainfra.com\/blog\/procuradora-geral-da-agu-defende-que-inovacoes-no-pl-das-concessoes-e-ppps-nao-sao-cavalo-de-pau\/#primaryimage\"},\"thumbnailUrl\":\"https:\/\/agenciainfra.com\/blog\/wp-content\/uploads\/2025\/04\/adriana-venturini-agu-foto-agencia-brasil.jpg\",\"keywords\":[\"Adriana Venturini AGU\",\"AGU\",\"ANTT\",\"concess\u00f5es e ppps\",\"Evento Ag\u00eancia iNFRA\",\"F\u00f3rum Jur\u00eddico ANTT\",\"PL das Concess\u00f5es e PPPs\"],\"articleSection\":[\"Destaque lista\",\"Geral\",\"iNFRATransporte\"],\"inLanguage\":\"pt-BR\",\"copyrightYear\":\"2025\",\"copyrightHolder\":{\"@id\":\"https:\/\/agenciainfra.com\/blog\/#organization\"}},{\"@type\":\"WebPage\",\"@id\":\"https:\/\/agenciainfra.com\/blog\/procuradora-geral-da-agu-defende-que-inovacoes-no-pl-das-concessoes-e-ppps-nao-sao-cavalo-de-pau\/\",\"url\":\"https:\/\/agenciainfra.com\/blog\/procuradora-geral-da-agu-defende-que-inovacoes-no-pl-das-concessoes-e-ppps-nao-sao-cavalo-de-pau\/\",\"name\":\"Procuradora-Geral da AGU defende que inova\u00e7\u00f5es no PL das Concess\u00f5es e PPPs \\\"n\u00e3o s\u00e3o cavalo de pau\\\" - Ag\u00eancia iNFRA\",\"isPartOf\":{\"@id\":\"https:\/\/agenciainfra.com\/blog\/#website\"},\"primaryImageOfPage\":{\"@id\":\"https:\/\/agenciainfra.com\/blog\/procuradora-geral-da-agu-defende-que-inovacoes-no-pl-das-concessoes-e-ppps-nao-sao-cavalo-de-pau\/#primaryimage\"},\"image\":{\"@id\":\"https:\/\/agenciainfra.com\/blog\/procuradora-geral-da-agu-defende-que-inovacoes-no-pl-das-concessoes-e-ppps-nao-sao-cavalo-de-pau\/#primaryimage\"},\"thumbnailUrl\":\"https:\/\/agenciainfra.com\/blog\/wp-content\/uploads\/2025\/04\/adriana-venturini-agu-foto-agencia-brasil.jpg\",\"datePublished\":\"2025-04-09T17:00:00+00:00\",\"breadcrumb\":{\"@id\":\"https:\/\/agenciainfra.com\/blog\/procuradora-geral-da-agu-defende-que-inovacoes-no-pl-das-concessoes-e-ppps-nao-sao-cavalo-de-pau\/#breadcrumb\"},\"inLanguage\":\"pt-BR\",\"potentialAction\":[{\"@type\":\"ReadAction\",\"target\":[\"https:\/\/agenciainfra.com\/blog\/procuradora-geral-da-agu-defende-que-inovacoes-no-pl-das-concessoes-e-ppps-nao-sao-cavalo-de-pau\/\"]}]},{\"@type\":\"ImageObject\",\"inLanguage\":\"pt-BR\",\"@id\":\"https:\/\/agenciainfra.com\/blog\/procuradora-geral-da-agu-defende-que-inovacoes-no-pl-das-concessoes-e-ppps-nao-sao-cavalo-de-pau\/#primaryimage\",\"url\":\"https:\/\/agenciainfra.com\/blog\/wp-content\/uploads\/2025\/04\/adriana-venturini-agu-foto-agencia-brasil.jpg\",\"contentUrl\":\"https:\/\/agenciainfra.com\/blog\/wp-content\/uploads\/2025\/04\/adriana-venturini-agu-foto-agencia-brasil.jpg\",\"width\":1280,\"height\":852},{\"@type\":\"BreadcrumbList\",\"@id\":\"https:\/\/agenciainfra.com\/blog\/procuradora-geral-da-agu-defende-que-inovacoes-no-pl-das-concessoes-e-ppps-nao-sao-cavalo-de-pau\/#breadcrumb\",\"itemListElement\":[{\"@type\":\"ListItem\",\"position\":1,\"name\":\"In\u00edcio\",\"item\":\"https:\/\/agenciainfra.com\/blog\/\"},{\"@type\":\"ListItem\",\"position\":2,\"name\":\"Procuradora-Geral da AGU defende que inova\u00e7\u00f5es no PL das Concess\u00f5es e PPPs &#8220;n\u00e3o s\u00e3o cavalo de pau&#8221;\"}]},{\"@type\":\"WebSite\",\"@id\":\"https:\/\/agenciainfra.com\/blog\/#website\",\"url\":\"https:\/\/agenciainfra.com\/blog\/\",\"name\":\"Ag\u00eancia iNFRA\",\"description\":\"Multiplataforma de informa\u00e7\u00e3o jornal\u00edstica refer\u00eancia na \u00e1rea de infraestrutura no Brasil!\",\"publisher\":{\"@id\":\"https:\/\/agenciainfra.com\/blog\/#organization\"},\"potentialAction\":[{\"@type\":\"SearchAction\",\"target\":{\"@type\":\"EntryPoint\",\"urlTemplate\":\"https:\/\/agenciainfra.com\/blog\/?s={search_term_string}\"},\"query-input\":{\"@type\":\"PropertyValueSpecification\",\"valueRequired\":true,\"valueName\":\"search_term_string\"}}],\"inLanguage\":\"pt-BR\"},{\"@type\":\"Organization\",\"@id\":\"https:\/\/agenciainfra.com\/blog\/#organization\",\"name\":\"Ag\u00eancia iNFRA\",\"url\":\"https:\/\/agenciainfra.com\/blog\/\",\"logo\":{\"@type\":\"ImageObject\",\"inLanguage\":\"pt-BR\",\"@id\":\"https:\/\/agenciainfra.com\/blog\/#\/schema\/logo\/image\/\",\"url\":\"https:\/\/agenciainfra.com\/blog\/wp-content\/uploads\/2023\/09\/iNFRA_5-e1761735885940.png\",\"contentUrl\":\"https:\/\/agenciainfra.com\/blog\/wp-content\/uploads\/2023\/09\/iNFRA_5-e1761735885940.png\",\"width\":1672,\"height\":454,\"caption\":\"Ag\u00eancia iNFRA\"},\"image\":{\"@id\":\"https:\/\/agenciainfra.com\/blog\/#\/schema\/logo\/image\/\"},\"sameAs\":[\"https:\/\/www.facebook.com\/ageninfra\",\"https:\/\/x.com\/agencia_infra\",\"https:\/\/www.linkedin.com\/company\/ag\u00eanciainfra\/\",\"https:\/\/www.instagram.com\/agenciainfra\/\"]},{\"@type\":\"Person\",\"@id\":\"https:\/\/agenciainfra.com\/blog\/#\/schema\/person\/34af08dff6adea4cb22b06612ba7acfa\",\"name\":\"Ag\u00eancia iNFRA\",\"image\":{\"@type\":\"ImageObject\",\"inLanguage\":\"pt-BR\",\"@id\":\"https:\/\/agenciainfra.com\/blog\/#\/schema\/person\/image\/\",\"url\":\"https:\/\/secure.gravatar.com\/avatar\/d189e01678f06d8eb84d4e01f08eb848b3fffe3f8443818d3c356c66892f5be8?s=96&d=mm&r=g\",\"contentUrl\":\"https:\/\/secure.gravatar.com\/avatar\/d189e01678f06d8eb84d4e01f08eb848b3fffe3f8443818d3c356c66892f5be8?s=96&d=mm&r=g\",\"caption\":\"Ag\u00eancia iNFRA\"},\"url\":\"https:\/\/agenciainfra.com\/blog\/author\/admin\/\"}]}<\/script>\n<!-- \/ Yoast SEO Premium plugin. -->","yoast_head_json":{"title":"Procuradora-Geral da AGU defende que inova\u00e7\u00f5es no PL das Concess\u00f5es e PPPs \"n\u00e3o s\u00e3o cavalo de pau\" - Ag\u00eancia iNFRA","robots":{"index":"index","follow":"follow","max-snippet":"max-snippet:-1","max-image-preview":"max-image-preview:large","max-video-preview":"max-video-preview:-1"},"canonical":"https:\/\/agenciainfra.com\/blog\/procuradora-geral-da-agu-defende-que-inovacoes-no-pl-das-concessoes-e-ppps-nao-sao-cavalo-de-pau\/","og_locale":"pt_BR","og_type":"article","og_title":"Procuradora-Geral da AGU defende que inova\u00e7\u00f5es no PL das Concess\u00f5es e PPPs \"n\u00e3o s\u00e3o cavalo de pau\"","og_description":"da Ag\u00eancia iNFRA A procuradora-geral federal da AGU (Advocacia-Geral da Uni\u00e3o), Adriana Venturini, indicou que as propostas de melhorias nos temas de reequil\u00edbrio econ\u00f4mico-financeiro e aloca\u00e7\u00e3o de riscos que est\u00e3o em discuss\u00e3o no projeto de lei de moderniza\u00e7\u00e3o das leis de concess\u00f5es e PPPs (Parcerias P\u00fablico-Privadas)&nbsp;n\u00e3o s\u00e3o inova\u00e7\u00f5es nem um &#8220;cavalo de pau&#8221; nas regras. [&hellip;]","og_url":"https:\/\/agenciainfra.com\/blog\/procuradora-geral-da-agu-defende-que-inovacoes-no-pl-das-concessoes-e-ppps-nao-sao-cavalo-de-pau\/","og_site_name":"Ag\u00eancia iNFRA","article_publisher":"https:\/\/www.facebook.com\/ageninfra","article_published_time":"2025-04-09T17:00:00+00:00","og_image":[{"width":1280,"height":852,"url":"https:\/\/agenciainfra.com\/blog\/wp-content\/uploads\/2025\/04\/adriana-venturini-agu-foto-agencia-brasil.jpg","type":"image\/jpeg"}],"author":"Ag\u00eancia iNFRA","twitter_card":"summary_large_image","twitter_creator":"@agencia_infra","twitter_site":"@agencia_infra","twitter_misc":{"Escrito por":"Ag\u00eancia iNFRA","Est. tempo de leitura":"4 minutos"},"schema":{"@context":"https:\/\/schema.org","@graph":[{"@type":"Article","@id":"https:\/\/agenciainfra.com\/blog\/procuradora-geral-da-agu-defende-que-inovacoes-no-pl-das-concessoes-e-ppps-nao-sao-cavalo-de-pau\/#article","isPartOf":{"@id":"https:\/\/agenciainfra.com\/blog\/procuradora-geral-da-agu-defende-que-inovacoes-no-pl-das-concessoes-e-ppps-nao-sao-cavalo-de-pau\/"},"author":{"name":"Ag\u00eancia iNFRA","@id":"https:\/\/agenciainfra.com\/blog\/#\/schema\/person\/34af08dff6adea4cb22b06612ba7acfa"},"headline":"Procuradora-Geral da AGU defende que inova\u00e7\u00f5es no PL das Concess\u00f5es e PPPs &#8220;n\u00e3o s\u00e3o cavalo de pau&#8221;","datePublished":"2025-04-09T17:00:00+00:00","mainEntityOfPage":{"@id":"https:\/\/agenciainfra.com\/blog\/procuradora-geral-da-agu-defende-que-inovacoes-no-pl-das-concessoes-e-ppps-nao-sao-cavalo-de-pau\/"},"wordCount":825,"publisher":{"@id":"https:\/\/agenciainfra.com\/blog\/#organization"},"image":{"@id":"https:\/\/agenciainfra.com\/blog\/procuradora-geral-da-agu-defende-que-inovacoes-no-pl-das-concessoes-e-ppps-nao-sao-cavalo-de-pau\/#primaryimage"},"thumbnailUrl":"https:\/\/agenciainfra.com\/blog\/wp-content\/uploads\/2025\/04\/adriana-venturini-agu-foto-agencia-brasil.jpg","keywords":["Adriana Venturini AGU","AGU","ANTT","concess\u00f5es e ppps","Evento Ag\u00eancia iNFRA","F\u00f3rum Jur\u00eddico ANTT","PL das Concess\u00f5es e PPPs"],"articleSection":["Destaque lista","Geral","iNFRATransporte"],"inLanguage":"pt-BR","copyrightYear":"2025","copyrightHolder":{"@id":"https:\/\/agenciainfra.com\/blog\/#organization"}},{"@type":"WebPage","@id":"https:\/\/agenciainfra.com\/blog\/procuradora-geral-da-agu-defende-que-inovacoes-no-pl-das-concessoes-e-ppps-nao-sao-cavalo-de-pau\/","url":"https:\/\/agenciainfra.com\/blog\/procuradora-geral-da-agu-defende-que-inovacoes-no-pl-das-concessoes-e-ppps-nao-sao-cavalo-de-pau\/","name":"Procuradora-Geral da AGU defende que inova\u00e7\u00f5es no PL das Concess\u00f5es e PPPs \"n\u00e3o s\u00e3o cavalo de pau\" - Ag\u00eancia iNFRA","isPartOf":{"@id":"https:\/\/agenciainfra.com\/blog\/#website"},"primaryImageOfPage":{"@id":"https:\/\/agenciainfra.com\/blog\/procuradora-geral-da-agu-defende-que-inovacoes-no-pl-das-concessoes-e-ppps-nao-sao-cavalo-de-pau\/#primaryimage"},"image":{"@id":"https:\/\/agenciainfra.com\/blog\/procuradora-geral-da-agu-defende-que-inovacoes-no-pl-das-concessoes-e-ppps-nao-sao-cavalo-de-pau\/#primaryimage"},"thumbnailUrl":"https:\/\/agenciainfra.com\/blog\/wp-content\/uploads\/2025\/04\/adriana-venturini-agu-foto-agencia-brasil.jpg","datePublished":"2025-04-09T17:00:00+00:00","breadcrumb":{"@id":"https:\/\/agenciainfra.com\/blog\/procuradora-geral-da-agu-defende-que-inovacoes-no-pl-das-concessoes-e-ppps-nao-sao-cavalo-de-pau\/#breadcrumb"},"inLanguage":"pt-BR","potentialAction":[{"@type":"ReadAction","target":["https:\/\/agenciainfra.com\/blog\/procuradora-geral-da-agu-defende-que-inovacoes-no-pl-das-concessoes-e-ppps-nao-sao-cavalo-de-pau\/"]}]},{"@type":"ImageObject","inLanguage":"pt-BR","@id":"https:\/\/agenciainfra.com\/blog\/procuradora-geral-da-agu-defende-que-inovacoes-no-pl-das-concessoes-e-ppps-nao-sao-cavalo-de-pau\/#primaryimage","url":"https:\/\/agenciainfra.com\/blog\/wp-content\/uploads\/2025\/04\/adriana-venturini-agu-foto-agencia-brasil.jpg","contentUrl":"https:\/\/agenciainfra.com\/blog\/wp-content\/uploads\/2025\/04\/adriana-venturini-agu-foto-agencia-brasil.jpg","width":1280,"height":852},{"@type":"BreadcrumbList","@id":"https:\/\/agenciainfra.com\/blog\/procuradora-geral-da-agu-defende-que-inovacoes-no-pl-das-concessoes-e-ppps-nao-sao-cavalo-de-pau\/#breadcrumb","itemListElement":[{"@type":"ListItem","position":1,"name":"In\u00edcio","item":"https:\/\/agenciainfra.com\/blog\/"},{"@type":"ListItem","position":2,"name":"Procuradora-Geral da AGU defende que inova\u00e7\u00f5es no PL das Concess\u00f5es e PPPs &#8220;n\u00e3o s\u00e3o cavalo de pau&#8221;"}]},{"@type":"WebSite","@id":"https:\/\/agenciainfra.com\/blog\/#website","url":"https:\/\/agenciainfra.com\/blog\/","name":"Ag\u00eancia iNFRA","description":"Multiplataforma de informa\u00e7\u00e3o jornal\u00edstica refer\u00eancia na \u00e1rea de infraestrutura no Brasil!","publisher":{"@id":"https:\/\/agenciainfra.com\/blog\/#organization"},"potentialAction":[{"@type":"SearchAction","target":{"@type":"EntryPoint","urlTemplate":"https:\/\/agenciainfra.com\/blog\/?s={search_term_string}"},"query-input":{"@type":"PropertyValueSpecification","valueRequired":true,"valueName":"search_term_string"}}],"inLanguage":"pt-BR"},{"@type":"Organization","@id":"https:\/\/agenciainfra.com\/blog\/#organization","name":"Ag\u00eancia iNFRA","url":"https:\/\/agenciainfra.com\/blog\/","logo":{"@type":"ImageObject","inLanguage":"pt-BR","@id":"https:\/\/agenciainfra.com\/blog\/#\/schema\/logo\/image\/","url":"https:\/\/agenciainfra.com\/blog\/wp-content\/uploads\/2023\/09\/iNFRA_5-e1761735885940.png","contentUrl":"https:\/\/agenciainfra.com\/blog\/wp-content\/uploads\/2023\/09\/iNFRA_5-e1761735885940.png","width":1672,"height":454,"caption":"Ag\u00eancia iNFRA"},"image":{"@id":"https:\/\/agenciainfra.com\/blog\/#\/schema\/logo\/image\/"},"sameAs":["https:\/\/www.facebook.com\/ageninfra","https:\/\/x.com\/agencia_infra","https:\/\/www.linkedin.com\/company\/ag\u00eanciainfra\/","https:\/\/www.instagram.com\/agenciainfra\/"]},{"@type":"Person","@id":"https:\/\/agenciainfra.com\/blog\/#\/schema\/person\/34af08dff6adea4cb22b06612ba7acfa","name":"Ag\u00eancia iNFRA","image":{"@type":"ImageObject","inLanguage":"pt-BR","@id":"https:\/\/agenciainfra.com\/blog\/#\/schema\/person\/image\/","url":"https:\/\/secure.gravatar.com\/avatar\/d189e01678f06d8eb84d4e01f08eb848b3fffe3f8443818d3c356c66892f5be8?s=96&d=mm&r=g","contentUrl":"https:\/\/secure.gravatar.com\/avatar\/d189e01678f06d8eb84d4e01f08eb848b3fffe3f8443818d3c356c66892f5be8?s=96&d=mm&r=g","caption":"Ag\u00eancia iNFRA"},"url":"https:\/\/agenciainfra.com\/blog\/author\/admin\/"}]}},"_links":{"self":[{"href":"https:\/\/agenciainfra.com\/blog\/wp-json\/wp\/v2\/posts\/20886","targetHints":{"allow":["GET"]}}],"collection":[{"href":"https:\/\/agenciainfra.com\/blog\/wp-json\/wp\/v2\/posts"}],"about":[{"href":"https:\/\/agenciainfra.com\/blog\/wp-json\/wp\/v2\/types\/post"}],"author":[{"embeddable":true,"href":"https:\/\/agenciainfra.com\/blog\/wp-json\/wp\/v2\/users\/1"}],"replies":[{"embeddable":true,"href":"https:\/\/agenciainfra.com\/blog\/wp-json\/wp\/v2\/comments?post=20886"}],"version-history":[{"count":1,"href":"https:\/\/agenciainfra.com\/blog\/wp-json\/wp\/v2\/posts\/20886\/revisions"}],"predecessor-version":[{"id":20888,"href":"https:\/\/agenciainfra.com\/blog\/wp-json\/wp\/v2\/posts\/20886\/revisions\/20888"}],"wp:featuredmedia":[{"embeddable":true,"href":"https:\/\/agenciainfra.com\/blog\/wp-json\/wp\/v2\/media\/20887"}],"wp:attachment":[{"href":"https:\/\/agenciainfra.com\/blog\/wp-json\/wp\/v2\/media?parent=20886"}],"wp:term":[{"taxonomy":"category","embeddable":true,"href":"https:\/\/agenciainfra.com\/blog\/wp-json\/wp\/v2\/categories?post=20886"},{"taxonomy":"post_tag","embeddable":true,"href":"https:\/\/agenciainfra.com\/blog\/wp-json\/wp\/v2\/tags?post=20886"}],"curies":[{"name":"wp","href":"https:\/\/api.w.org\/{rel}","templated":true}]}}