{"id":20892,"date":"2025-04-10T10:00:00","date_gmt":"2025-04-10T13:00:00","guid":{"rendered":"https:\/\/agenciainfra.com\/blog\/?p=20892"},"modified":"2025-04-13T14:04:04","modified_gmt":"2025-04-13T17:04:04","slug":"discurso-de-privatizar-rio-madeira-esta-atrapalhando-concessao-afirma-silvio-costa-filho","status":"publish","type":"post","link":"https:\/\/agenciainfra.com\/blog\/discurso-de-privatizar-rio-madeira-esta-atrapalhando-concessao-afirma-silvio-costa-filho\/","title":{"rendered":"&#8220;Discurso de privatizar Rio Madeira est\u00e1 atrapalhando concess\u00e3o&#8221;, afirma Silvio Costa Filho"},"content":{"rendered":"\n<p class=\"has-text-align-right\"><strong>Mar\u00edlia Sena, da Ag\u00eancia iNFRA<\/strong><\/p>\n\n\n\n<p>O ministro de Portos e Aeroportos, Silvio Costa Filho, afirmou na ter\u00e7a-feira (8) que o discurso de privatiza\u00e7\u00e3o do rio Madeira est\u00e1 atrapalhando a tramita\u00e7\u00e3o do processo para a\u00a0concess\u00e3o da hidrovia. A declara\u00e7\u00e3o foi feita durante uma audi\u00eancia na CI (Comiss\u00e3o de Infraestrutura) do Senado, ao responder perguntas dos senadores sobre os planos da pasta para os pr\u00f3ximos dois anos. Ele associou o discurso de privatiza\u00e7\u00e3o ao cen\u00e1rio eleitoral previsto para 2026.<\/p>\n\n\n\n<p>\u201cAlguns setores t\u00eam vendido para a sociedade que ser\u00e1 uma privatiza\u00e7\u00e3o do&nbsp;rio. N\u00e3o \u00e9 isso. A concess\u00e3o \u00e9 o modelo que existe no mundo, e acho que ela \u00e9 muito ben\u00e9fica para o pa\u00eds\u201d, afirmou o ministro.<\/p>\n\n\n\n<p>O senador Jaime Bagattoli (PL-RO) pediu cautela ao governo federal nos estudos sobre a concess\u00e3o da hidrovia no Norte do pa\u00eds. Na vis\u00e3o dele, n\u00e3o h\u00e1 necessidade de realizar o empreendimento, uma vez que &#8220;os usu\u00e1rios da hidrovia j\u00e1 s\u00e3o do setor privado&#8221;, argumentou.<\/p>\n\n\n\n<p>Silvio Costa Filho reconheceu que a concess\u00e3o da hidrovia do rio Madeira deve ser tratada com cautela, por se tratar de um &#8220;tema sens\u00edvel&#8221;, mas ressaltou que a medida pode ampliar as opera\u00e7\u00f5es atuais de 15 milh\u00f5es de toneladas para 25 milh\u00f5es de toneladas por ano. De acordo com o ministro, uma reuni\u00e3o no minist\u00e9rio est\u00e1 sendo articulada para discutir a situa\u00e7\u00e3o, principalmente com a bancada do Norte no Congresso Nacional.<\/p>\n\n\n\n<p>\u201cA gente vai fazer uma reuni\u00e3o de trabalho com esses agentes para a gente poder ouvir, eximir qualquer d\u00favida e tentar buscar o melhor caminho poss\u00edvel para que, efetivamente, a gente tenha uma agenda de escoamento da produ\u00e7\u00e3o sustent\u00e1vel naquela regi\u00e3o\u201d, explicou o ministro.<\/p>\n\n\n\n<p><strong>Busca de apoio dos governadores<\/strong><br>A concess\u00e3o da hidrovia do rio Madeira seria a primeira a entrar em audi\u00eancia p\u00fablica, mas a do rio Paraguai passou na frente. O estudo para conceder ao setor privado o trecho de cerca de mil quil\u00f4metros entre Porto Velho (RO) e Itacoatiara (AM) foi conclu\u00eddo e aprovado pela ANTAQ (Ag\u00eancia Nacional de Transportes Aquavi\u00e1rios) em junho do ano passado.<\/p>\n\n\n\n<p>De acordo com o minist\u00e9rio, foi necess\u00e1rio mais tempo para o projeto; por\u00e9m, algumas fontes apontam que a bancada do Norte, no Parlamento, colocou obje\u00e7\u00f5es ao andamento do projeto. A expectativa \u00e9 que a hidrovia do Paraguai seja um exemplo de sucesso para alavancar as outras. O senador Eduardo Braga (MDB-AP), por exemplo, afirmou \u00e0&nbsp;<strong>Ag\u00eancia iNFRA<\/strong>&nbsp;que \u00e9 contra a medida.<\/p>\n\n\n\n<p>O minist\u00e9rio est\u00e1&nbsp;<a href=\"https:\/\/agenciainfra.us14.list-manage.com\/track\/click?u=d460dd1bcf9ba0ae040e1fc0f&amp;id=4c886acc78&amp;e=1192c754bc\" target=\"_blank\" rel=\"noreferrer noopener\">buscando apoio<\/a>&nbsp;dos governadores do Norte. O governador de Rond\u00f4nia, Marcos Rocha, reuniu-se com a c\u00fapula do minist\u00e9rio e concordou em ajudar, angariando o apoio do Cons\u00f3rcio Interestadual da Amaz\u00f4nia Legal, composto por governadores da regi\u00e3o Norte.&nbsp;&nbsp;<\/p>\n\n\n\n<p><strong>Hidrovia do Parna\u00edba,&nbsp;<\/strong><strong>BR dos Rios e BR do Mar<\/strong><br>Na ocasi\u00e3o, o ministro tamb\u00e9m anunciou os estudos para a hidrovia do rio Parna\u00edba, no Piau\u00ed. De acordo com ele, a iniciativa \u00e9 estadual, e o governador Rafael Fonteles (PT) ficar\u00e1 respons\u00e1vel por articular a PPP (Parceria P\u00fablico-Privada). Segundo Silvio Costa Filho, o governo federal apenas apoiar\u00e1 a medida. A Eletrobras est\u00e1 cotada para ser uma das investidoras do modal no estado.<\/p>\n\n\n\n<p>A BR dos Rios deve ser lan\u00e7ada no m\u00eas de junho, segundo o ministro Silvio Costa Filho. O texto tem como objetivo criar um modelo de gest\u00e3o mais atrativo para as hidrovias, incentivando o setor privado e promovendo o uso do modal hidrovi\u00e1rio como alternativa para o escoamento de cargas.<\/p>\n\n\n\n<p>O programa come\u00e7ou a ser desenvolvido ainda durante o governo do ex-presidente Jair Bolsonaro (PL), mas n\u00e3o saiu do papel. No ano passado, o Minist\u00e9rio de Portos e Aeroportos chegou a anunciar que o texto seria enviado ao Congresso Nacional at\u00e9 o fim do ano, o que acabou n\u00e3o ocorrendo.<\/p>\n\n\n\n<p>J\u00e1 a publica\u00e7\u00e3o do decreto do BR do Mar, inicialmente&nbsp;<a href=\"https:\/\/agenciainfra.us14.list-manage.com\/track\/click?u=d460dd1bcf9ba0ae040e1fc0f&amp;id=00298d2d68&amp;e=1192c754bc\" target=\"_blank\" rel=\"noreferrer noopener\">previsto&nbsp;para o fim de mar\u00e7o<\/a>, foi adiada novamente, segundo o ministro, por conta da agenda do presidente Lula, que viajar\u00e1 \u00e0 China e \u00e0 R\u00fassia no pr\u00f3ximo m\u00eas, conforme informou o ministro. Uma nova data est\u00e1 sendo articulada para o m\u00eas de maio. \u201cA ideia \u00e9 que a gente anuncie ou em Pernambuco ou no Pal\u00e1cio do Planalto, mas j\u00e1 est\u00e1 tudo alinhado, aprovado [&#8230;]. Quando o presidente Lula voltar da China, a gente vai fazer isso\u201d, completou o ministro.&nbsp;<\/p>\n\n\n\n<p><strong>Roadshow<\/strong><br>O governador Tarc\u00edsio de Freitas (Republicanos-SP) vai acompanhar o ministro Silvio Costa Filho em um roadshow pela Europa no final do m\u00eas de abril, conforme informou o ministro. De acordo com ele, a ideia \u00e9 apresentar o projeto do t\u00fanel Santos-Guaruj\u00e1 a investidores internacionais. O edital do projeto foi lan\u00e7ado em fevereiro, e a expectativa \u00e9 que o leil\u00e3o aconte\u00e7a na sede da B3 no dia 1\u00ba de agosto. O governo de S\u00e3o Paulo assumiu a responsabilidade pela obra em parceria com o governo federal.<\/p>\n\n\n\n<p>Apesar de o edital ter sido lan\u00e7ado pelo estado de S\u00e3o Paulo, o ministro considera a obra uma das mais relevantes para o governo federal. O&nbsp;<a href=\"https:\/\/agenciainfra.us14.list-manage.com\/track\/click?u=d460dd1bcf9ba0ae040e1fc0f&amp;id=9fcdd00de5&amp;e=1192c754bc\" target=\"_blank\" rel=\"noreferrer noopener\">investimento<\/a>&nbsp;est\u00e1 previsto no Novo PAC (Programa de Acelera\u00e7\u00e3o do Crescimento). O valor total da obra \u00e9 estimado em R$ 5,96 bilh\u00f5es. Desse montante, R$ 4,96 bilh\u00f5es ser\u00e3o divididos igualmente entre os governos federal e estadual, enquanto o valor restante ser\u00e1 financiado pela iniciativa privada, por meio do programa.&nbsp;<\/p>\n\n\n\n<p><strong>Cr\u00edticas \u00e0 malha a\u00e9rea do Norte<\/strong><br>Durante a audi\u00eancia p\u00fablica, os senadores da bancada do Norte cobraram do ministro medidas para melhorar a malha a\u00e9rea da regi\u00e3o. Para os parlamentares, as empresas que operam no Brasil n\u00e3o atendem adequadamente o Norte. Silvio Costa Filho concordou que a\u00e7\u00f5es devem ser adotadas, mas lembrou que as decis\u00f5es est\u00e3o sob a compet\u00eancia da ANAC (Ag\u00eancia Nacional de Avia\u00e7\u00e3o Civil) e pediu aos senadores que analisem, em breve, os tr\u00eas nomes indicados para a autarquia.<\/p>\n\n\n\n<p>\u201cDevem estar chegando em breve os tr\u00eas nomes para a ANAC, e quero pedir que voc\u00eas possam apreciar essas indica\u00e7\u00f5es. Com essa nova roupagem da ANAC, vamos poder avan\u00e7ar nessa discuss\u00e3o de maneira mais profunda\u201d, disse o ministro, que&nbsp;n\u00e3o mencionou a&nbsp;indica\u00e7\u00e3o&nbsp;pendente para diretor-geral da&nbsp;ANTAQ (Ag\u00eancia Nacional de Transportes Aquavi\u00e1rios).<\/p>\n\n\n\n<p>Na ANAC, o superintendente de Aeronavegabilidade, Roberto Honorato, est\u00e1 substituindo o diretor-presidente desde o dia 1\u00ba de janeiro. O nome de Tiago Faierstein, que atualmente \u00e9 diretor na Infraero, foi indicado para ser o novo diretor-geral da ag\u00eancia. Rui Mesquita foi indicado para a outra vaga de diretor que est\u00e1 em aberto. Ainda n\u00e3o foi enviado o nome para a vaga que ficou dispon\u00edvel no m\u00eas passado, com a sa\u00edda do diretor Ricardo Catanant ao fim de seu mandato. O ministro tamb\u00e9m n\u00e3o revelou um novo nome.&nbsp;<\/p>\n","protected":false},"excerpt":{"rendered":"<p>Mar\u00edlia Sena, da Ag\u00eancia iNFRA O ministro de Portos e Aeroportos, Silvio Costa Filho, afirmou na ter\u00e7a-feira (8) que o discurso de privatiza\u00e7\u00e3o do rio Madeira est\u00e1 atrapalhando a tramita\u00e7\u00e3o do processo para a\u00a0concess\u00e3o da hidrovia. A declara\u00e7\u00e3o foi feita durante uma audi\u00eancia na CI (Comiss\u00e3o de Infraestrutura) do Senado, ao responder perguntas dos senadores [&hellip;]<\/p>\n","protected":false},"author":1,"featured_media":20893,"comment_status":"closed","ping_status":"closed","sticky":false,"template":"","format":"standard","meta":{"_monsterinsights_skip_tracking":false,"_monsterinsights_sitenote_active":false,"_monsterinsights_sitenote_note":"","_monsterinsights_sitenote_category":0,"footnotes":""},"categories":[9714,1,7],"tags":[1770,86,9273,12286,3082,12895,355,7467,4335,889],"class_list":["post-20892","post","type-post","status-publish","format-standard","has-post-thumbnail","hentry","category-destaque-menor","category-geral","category-infratransporte","tag-amazonia-legal","tag-antaq","tag-concessao-da-hidrovia-do-madeira","tag-concessoes-de-hidrovias","tag-dragagem-2","tag-hidrovia-do-rio-madeira","tag-hidrovias","tag-silvio-costa-filho","tag-transporte-hidroviario","tag-transportes-aquaviarios"],"yoast_head":"<!-- This site is optimized with the Yoast SEO Premium plugin v25.4 (Yoast SEO v26.0) - https:\/\/yoast.com\/wordpress\/plugins\/seo\/ -->\n<title>&quot;Discurso de privatizar Rio Madeira est\u00e1 atrapalhando concess\u00e3o&quot;, afirma Silvio Costa Filho - Ag\u00eancia iNFRA<\/title>\n<meta name=\"robots\" content=\"index, follow, max-snippet:-1, max-image-preview:large, max-video-preview:-1\" \/>\n<link rel=\"canonical\" href=\"https:\/\/agenciainfra.com\/blog\/discurso-de-privatizar-rio-madeira-esta-atrapalhando-concessao-afirma-silvio-costa-filho\/\" \/>\n<meta property=\"og:locale\" content=\"pt_BR\" \/>\n<meta property=\"og:type\" content=\"article\" \/>\n<meta property=\"og:title\" content=\"&quot;Discurso de privatizar Rio Madeira est\u00e1 atrapalhando concess\u00e3o&quot;, afirma Silvio Costa Filho\" \/>\n<meta property=\"og:description\" content=\"Mar\u00edlia Sena, da Ag\u00eancia iNFRA O ministro de Portos e Aeroportos, Silvio Costa Filho, afirmou na ter\u00e7a-feira (8) que o discurso de privatiza\u00e7\u00e3o do rio Madeira est\u00e1 atrapalhando a tramita\u00e7\u00e3o do processo para a\u00a0concess\u00e3o da hidrovia. A declara\u00e7\u00e3o foi feita durante uma audi\u00eancia na CI (Comiss\u00e3o de Infraestrutura) do Senado, ao responder perguntas dos senadores [&hellip;]\" \/>\n<meta property=\"og:url\" content=\"https:\/\/agenciainfra.com\/blog\/discurso-de-privatizar-rio-madeira-esta-atrapalhando-concessao-afirma-silvio-costa-filho\/\" \/>\n<meta property=\"og:site_name\" content=\"Ag\u00eancia iNFRA\" \/>\n<meta property=\"article:publisher\" content=\"https:\/\/www.facebook.com\/ageninfra\" \/>\n<meta property=\"article:published_time\" content=\"2025-04-10T13:00:00+00:00\" \/>\n<meta property=\"article:modified_time\" content=\"2025-04-13T17:04:04+00:00\" \/>\n<meta property=\"og:image\" content=\"https:\/\/agenciainfra.com\/blog\/wp-content\/uploads\/2025\/04\/silvio-costa-filho-foto-vosmar-rocha-mpor.jpg\" \/>\n\t<meta property=\"og:image:width\" content=\"1280\" \/>\n\t<meta property=\"og:image:height\" content=\"853\" \/>\n\t<meta property=\"og:image:type\" content=\"image\/jpeg\" \/>\n<meta name=\"author\" content=\"Ag\u00eancia iNFRA\" \/>\n<meta name=\"twitter:card\" content=\"summary_large_image\" \/>\n<meta name=\"twitter:creator\" content=\"@agencia_infra\" \/>\n<meta name=\"twitter:site\" content=\"@agencia_infra\" \/>\n<meta name=\"twitter:label1\" content=\"Escrito por\" \/>\n\t<meta name=\"twitter:data1\" content=\"Ag\u00eancia iNFRA\" \/>\n\t<meta name=\"twitter:label2\" content=\"Est. tempo de leitura\" \/>\n\t<meta name=\"twitter:data2\" content=\"6 minutos\" \/>\n<script type=\"application\/ld+json\" class=\"yoast-schema-graph\">{\"@context\":\"https:\/\/schema.org\",\"@graph\":[{\"@type\":\"Article\",\"@id\":\"https:\/\/agenciainfra.com\/blog\/discurso-de-privatizar-rio-madeira-esta-atrapalhando-concessao-afirma-silvio-costa-filho\/#article\",\"isPartOf\":{\"@id\":\"https:\/\/agenciainfra.com\/blog\/discurso-de-privatizar-rio-madeira-esta-atrapalhando-concessao-afirma-silvio-costa-filho\/\"},\"author\":{\"name\":\"Ag\u00eancia iNFRA\",\"@id\":\"https:\/\/agenciainfra.com\/blog\/#\/schema\/person\/34af08dff6adea4cb22b06612ba7acfa\"},\"headline\":\"&#8220;Discurso de privatizar Rio Madeira est\u00e1 atrapalhando concess\u00e3o&#8221;, afirma Silvio Costa Filho\",\"datePublished\":\"2025-04-10T13:00:00+00:00\",\"dateModified\":\"2025-04-13T17:04:04+00:00\",\"mainEntityOfPage\":{\"@id\":\"https:\/\/agenciainfra.com\/blog\/discurso-de-privatizar-rio-madeira-esta-atrapalhando-concessao-afirma-silvio-costa-filho\/\"},\"wordCount\":1216,\"publisher\":{\"@id\":\"https:\/\/agenciainfra.com\/blog\/#organization\"},\"image\":{\"@id\":\"https:\/\/agenciainfra.com\/blog\/discurso-de-privatizar-rio-madeira-esta-atrapalhando-concessao-afirma-silvio-costa-filho\/#primaryimage\"},\"thumbnailUrl\":\"https:\/\/agenciainfra.com\/blog\/wp-content\/uploads\/2025\/04\/silvio-costa-filho-foto-vosmar-rocha-mpor.jpg\",\"keywords\":[\"Amaz\u00f4nia Legal\",\"ANTAQ\",\"Concess\u00e3o da Hidrovia do Madeira\",\"concess\u00f5es de hidrovias\",\"dragagem\",\"Hidrovia do rio Madeira\",\"hidrovias\",\"Silvio Costa Filho\",\"transporte hidrovi\u00e1rio\",\"transportes aquavi\u00e1rios\"],\"articleSection\":[\"Destaque Menor\",\"Geral\",\"iNFRATransporte\"],\"inLanguage\":\"pt-BR\",\"copyrightYear\":\"2025\",\"copyrightHolder\":{\"@id\":\"https:\/\/agenciainfra.com\/blog\/#organization\"}},{\"@type\":\"WebPage\",\"@id\":\"https:\/\/agenciainfra.com\/blog\/discurso-de-privatizar-rio-madeira-esta-atrapalhando-concessao-afirma-silvio-costa-filho\/\",\"url\":\"https:\/\/agenciainfra.com\/blog\/discurso-de-privatizar-rio-madeira-esta-atrapalhando-concessao-afirma-silvio-costa-filho\/\",\"name\":\"\\\"Discurso de privatizar Rio Madeira est\u00e1 atrapalhando concess\u00e3o\\\", afirma Silvio Costa Filho - Ag\u00eancia iNFRA\",\"isPartOf\":{\"@id\":\"https:\/\/agenciainfra.com\/blog\/#website\"},\"primaryImageOfPage\":{\"@id\":\"https:\/\/agenciainfra.com\/blog\/discurso-de-privatizar-rio-madeira-esta-atrapalhando-concessao-afirma-silvio-costa-filho\/#primaryimage\"},\"image\":{\"@id\":\"https:\/\/agenciainfra.com\/blog\/discurso-de-privatizar-rio-madeira-esta-atrapalhando-concessao-afirma-silvio-costa-filho\/#primaryimage\"},\"thumbnailUrl\":\"https:\/\/agenciainfra.com\/blog\/wp-content\/uploads\/2025\/04\/silvio-costa-filho-foto-vosmar-rocha-mpor.jpg\",\"datePublished\":\"2025-04-10T13:00:00+00:00\",\"dateModified\":\"2025-04-13T17:04:04+00:00\",\"breadcrumb\":{\"@id\":\"https:\/\/agenciainfra.com\/blog\/discurso-de-privatizar-rio-madeira-esta-atrapalhando-concessao-afirma-silvio-costa-filho\/#breadcrumb\"},\"inLanguage\":\"pt-BR\",\"potentialAction\":[{\"@type\":\"ReadAction\",\"target\":[\"https:\/\/agenciainfra.com\/blog\/discurso-de-privatizar-rio-madeira-esta-atrapalhando-concessao-afirma-silvio-costa-filho\/\"]}]},{\"@type\":\"ImageObject\",\"inLanguage\":\"pt-BR\",\"@id\":\"https:\/\/agenciainfra.com\/blog\/discurso-de-privatizar-rio-madeira-esta-atrapalhando-concessao-afirma-silvio-costa-filho\/#primaryimage\",\"url\":\"https:\/\/agenciainfra.com\/blog\/wp-content\/uploads\/2025\/04\/silvio-costa-filho-foto-vosmar-rocha-mpor.jpg\",\"contentUrl\":\"https:\/\/agenciainfra.com\/blog\/wp-content\/uploads\/2025\/04\/silvio-costa-filho-foto-vosmar-rocha-mpor.jpg\",\"width\":1280,\"height\":853},{\"@type\":\"BreadcrumbList\",\"@id\":\"https:\/\/agenciainfra.com\/blog\/discurso-de-privatizar-rio-madeira-esta-atrapalhando-concessao-afirma-silvio-costa-filho\/#breadcrumb\",\"itemListElement\":[{\"@type\":\"ListItem\",\"position\":1,\"name\":\"In\u00edcio\",\"item\":\"https:\/\/agenciainfra.com\/blog\/\"},{\"@type\":\"ListItem\",\"position\":2,\"name\":\"&#8220;Discurso de privatizar Rio Madeira est\u00e1 atrapalhando concess\u00e3o&#8221;, afirma Silvio Costa Filho\"}]},{\"@type\":\"WebSite\",\"@id\":\"https:\/\/agenciainfra.com\/blog\/#website\",\"url\":\"https:\/\/agenciainfra.com\/blog\/\",\"name\":\"Ag\u00eancia iNFRA\",\"description\":\"Multiplataforma de informa\u00e7\u00e3o jornal\u00edstica refer\u00eancia na \u00e1rea de infraestrutura no Brasil!\",\"publisher\":{\"@id\":\"https:\/\/agenciainfra.com\/blog\/#organization\"},\"potentialAction\":[{\"@type\":\"SearchAction\",\"target\":{\"@type\":\"EntryPoint\",\"urlTemplate\":\"https:\/\/agenciainfra.com\/blog\/?s={search_term_string}\"},\"query-input\":{\"@type\":\"PropertyValueSpecification\",\"valueRequired\":true,\"valueName\":\"search_term_string\"}}],\"inLanguage\":\"pt-BR\"},{\"@type\":\"Organization\",\"@id\":\"https:\/\/agenciainfra.com\/blog\/#organization\",\"name\":\"Ag\u00eancia iNFRA\",\"url\":\"https:\/\/agenciainfra.com\/blog\/\",\"logo\":{\"@type\":\"ImageObject\",\"inLanguage\":\"pt-BR\",\"@id\":\"https:\/\/agenciainfra.com\/blog\/#\/schema\/logo\/image\/\",\"url\":\"https:\/\/agenciainfra.com\/blog\/wp-content\/uploads\/2023\/09\/iNFRA_5-e1761735885940.png\",\"contentUrl\":\"https:\/\/agenciainfra.com\/blog\/wp-content\/uploads\/2023\/09\/iNFRA_5-e1761735885940.png\",\"width\":1672,\"height\":454,\"caption\":\"Ag\u00eancia iNFRA\"},\"image\":{\"@id\":\"https:\/\/agenciainfra.com\/blog\/#\/schema\/logo\/image\/\"},\"sameAs\":[\"https:\/\/www.facebook.com\/ageninfra\",\"https:\/\/x.com\/agencia_infra\",\"https:\/\/www.linkedin.com\/company\/ag\u00eanciainfra\/\",\"https:\/\/www.instagram.com\/agenciainfra\/\"]},{\"@type\":\"Person\",\"@id\":\"https:\/\/agenciainfra.com\/blog\/#\/schema\/person\/34af08dff6adea4cb22b06612ba7acfa\",\"name\":\"Ag\u00eancia iNFRA\",\"image\":{\"@type\":\"ImageObject\",\"inLanguage\":\"pt-BR\",\"@id\":\"https:\/\/agenciainfra.com\/blog\/#\/schema\/person\/image\/\",\"url\":\"https:\/\/secure.gravatar.com\/avatar\/d189e01678f06d8eb84d4e01f08eb848b3fffe3f8443818d3c356c66892f5be8?s=96&d=mm&r=g\",\"contentUrl\":\"https:\/\/secure.gravatar.com\/avatar\/d189e01678f06d8eb84d4e01f08eb848b3fffe3f8443818d3c356c66892f5be8?s=96&d=mm&r=g\",\"caption\":\"Ag\u00eancia iNFRA\"},\"url\":\"https:\/\/agenciainfra.com\/blog\/author\/admin\/\"}]}<\/script>\n<!-- \/ Yoast SEO Premium plugin. -->","yoast_head_json":{"title":"\"Discurso de privatizar Rio Madeira est\u00e1 atrapalhando concess\u00e3o\", afirma Silvio Costa Filho - Ag\u00eancia iNFRA","robots":{"index":"index","follow":"follow","max-snippet":"max-snippet:-1","max-image-preview":"max-image-preview:large","max-video-preview":"max-video-preview:-1"},"canonical":"https:\/\/agenciainfra.com\/blog\/discurso-de-privatizar-rio-madeira-esta-atrapalhando-concessao-afirma-silvio-costa-filho\/","og_locale":"pt_BR","og_type":"article","og_title":"\"Discurso de privatizar Rio Madeira est\u00e1 atrapalhando concess\u00e3o\", afirma Silvio Costa Filho","og_description":"Mar\u00edlia Sena, da Ag\u00eancia iNFRA O ministro de Portos e Aeroportos, Silvio Costa Filho, afirmou na ter\u00e7a-feira (8) que o discurso de privatiza\u00e7\u00e3o do rio Madeira est\u00e1 atrapalhando a tramita\u00e7\u00e3o do processo para a\u00a0concess\u00e3o da hidrovia. A declara\u00e7\u00e3o foi feita durante uma audi\u00eancia na CI (Comiss\u00e3o de Infraestrutura) do Senado, ao responder perguntas dos senadores [&hellip;]","og_url":"https:\/\/agenciainfra.com\/blog\/discurso-de-privatizar-rio-madeira-esta-atrapalhando-concessao-afirma-silvio-costa-filho\/","og_site_name":"Ag\u00eancia iNFRA","article_publisher":"https:\/\/www.facebook.com\/ageninfra","article_published_time":"2025-04-10T13:00:00+00:00","article_modified_time":"2025-04-13T17:04:04+00:00","og_image":[{"width":1280,"height":853,"url":"https:\/\/agenciainfra.com\/blog\/wp-content\/uploads\/2025\/04\/silvio-costa-filho-foto-vosmar-rocha-mpor.jpg","type":"image\/jpeg"}],"author":"Ag\u00eancia iNFRA","twitter_card":"summary_large_image","twitter_creator":"@agencia_infra","twitter_site":"@agencia_infra","twitter_misc":{"Escrito por":"Ag\u00eancia iNFRA","Est. tempo de leitura":"6 minutos"},"schema":{"@context":"https:\/\/schema.org","@graph":[{"@type":"Article","@id":"https:\/\/agenciainfra.com\/blog\/discurso-de-privatizar-rio-madeira-esta-atrapalhando-concessao-afirma-silvio-costa-filho\/#article","isPartOf":{"@id":"https:\/\/agenciainfra.com\/blog\/discurso-de-privatizar-rio-madeira-esta-atrapalhando-concessao-afirma-silvio-costa-filho\/"},"author":{"name":"Ag\u00eancia iNFRA","@id":"https:\/\/agenciainfra.com\/blog\/#\/schema\/person\/34af08dff6adea4cb22b06612ba7acfa"},"headline":"&#8220;Discurso de privatizar Rio Madeira est\u00e1 atrapalhando concess\u00e3o&#8221;, afirma Silvio Costa Filho","datePublished":"2025-04-10T13:00:00+00:00","dateModified":"2025-04-13T17:04:04+00:00","mainEntityOfPage":{"@id":"https:\/\/agenciainfra.com\/blog\/discurso-de-privatizar-rio-madeira-esta-atrapalhando-concessao-afirma-silvio-costa-filho\/"},"wordCount":1216,"publisher":{"@id":"https:\/\/agenciainfra.com\/blog\/#organization"},"image":{"@id":"https:\/\/agenciainfra.com\/blog\/discurso-de-privatizar-rio-madeira-esta-atrapalhando-concessao-afirma-silvio-costa-filho\/#primaryimage"},"thumbnailUrl":"https:\/\/agenciainfra.com\/blog\/wp-content\/uploads\/2025\/04\/silvio-costa-filho-foto-vosmar-rocha-mpor.jpg","keywords":["Amaz\u00f4nia Legal","ANTAQ","Concess\u00e3o da Hidrovia do Madeira","concess\u00f5es de hidrovias","dragagem","Hidrovia do rio Madeira","hidrovias","Silvio Costa Filho","transporte hidrovi\u00e1rio","transportes aquavi\u00e1rios"],"articleSection":["Destaque Menor","Geral","iNFRATransporte"],"inLanguage":"pt-BR","copyrightYear":"2025","copyrightHolder":{"@id":"https:\/\/agenciainfra.com\/blog\/#organization"}},{"@type":"WebPage","@id":"https:\/\/agenciainfra.com\/blog\/discurso-de-privatizar-rio-madeira-esta-atrapalhando-concessao-afirma-silvio-costa-filho\/","url":"https:\/\/agenciainfra.com\/blog\/discurso-de-privatizar-rio-madeira-esta-atrapalhando-concessao-afirma-silvio-costa-filho\/","name":"\"Discurso de privatizar Rio Madeira est\u00e1 atrapalhando concess\u00e3o\", afirma Silvio Costa Filho - Ag\u00eancia iNFRA","isPartOf":{"@id":"https:\/\/agenciainfra.com\/blog\/#website"},"primaryImageOfPage":{"@id":"https:\/\/agenciainfra.com\/blog\/discurso-de-privatizar-rio-madeira-esta-atrapalhando-concessao-afirma-silvio-costa-filho\/#primaryimage"},"image":{"@id":"https:\/\/agenciainfra.com\/blog\/discurso-de-privatizar-rio-madeira-esta-atrapalhando-concessao-afirma-silvio-costa-filho\/#primaryimage"},"thumbnailUrl":"https:\/\/agenciainfra.com\/blog\/wp-content\/uploads\/2025\/04\/silvio-costa-filho-foto-vosmar-rocha-mpor.jpg","datePublished":"2025-04-10T13:00:00+00:00","dateModified":"2025-04-13T17:04:04+00:00","breadcrumb":{"@id":"https:\/\/agenciainfra.com\/blog\/discurso-de-privatizar-rio-madeira-esta-atrapalhando-concessao-afirma-silvio-costa-filho\/#breadcrumb"},"inLanguage":"pt-BR","potentialAction":[{"@type":"ReadAction","target":["https:\/\/agenciainfra.com\/blog\/discurso-de-privatizar-rio-madeira-esta-atrapalhando-concessao-afirma-silvio-costa-filho\/"]}]},{"@type":"ImageObject","inLanguage":"pt-BR","@id":"https:\/\/agenciainfra.com\/blog\/discurso-de-privatizar-rio-madeira-esta-atrapalhando-concessao-afirma-silvio-costa-filho\/#primaryimage","url":"https:\/\/agenciainfra.com\/blog\/wp-content\/uploads\/2025\/04\/silvio-costa-filho-foto-vosmar-rocha-mpor.jpg","contentUrl":"https:\/\/agenciainfra.com\/blog\/wp-content\/uploads\/2025\/04\/silvio-costa-filho-foto-vosmar-rocha-mpor.jpg","width":1280,"height":853},{"@type":"BreadcrumbList","@id":"https:\/\/agenciainfra.com\/blog\/discurso-de-privatizar-rio-madeira-esta-atrapalhando-concessao-afirma-silvio-costa-filho\/#breadcrumb","itemListElement":[{"@type":"ListItem","position":1,"name":"In\u00edcio","item":"https:\/\/agenciainfra.com\/blog\/"},{"@type":"ListItem","position":2,"name":"&#8220;Discurso de privatizar Rio Madeira est\u00e1 atrapalhando concess\u00e3o&#8221;, afirma Silvio Costa Filho"}]},{"@type":"WebSite","@id":"https:\/\/agenciainfra.com\/blog\/#website","url":"https:\/\/agenciainfra.com\/blog\/","name":"Ag\u00eancia iNFRA","description":"Multiplataforma de informa\u00e7\u00e3o jornal\u00edstica refer\u00eancia na \u00e1rea de infraestrutura no Brasil!","publisher":{"@id":"https:\/\/agenciainfra.com\/blog\/#organization"},"potentialAction":[{"@type":"SearchAction","target":{"@type":"EntryPoint","urlTemplate":"https:\/\/agenciainfra.com\/blog\/?s={search_term_string}"},"query-input":{"@type":"PropertyValueSpecification","valueRequired":true,"valueName":"search_term_string"}}],"inLanguage":"pt-BR"},{"@type":"Organization","@id":"https:\/\/agenciainfra.com\/blog\/#organization","name":"Ag\u00eancia iNFRA","url":"https:\/\/agenciainfra.com\/blog\/","logo":{"@type":"ImageObject","inLanguage":"pt-BR","@id":"https:\/\/agenciainfra.com\/blog\/#\/schema\/logo\/image\/","url":"https:\/\/agenciainfra.com\/blog\/wp-content\/uploads\/2023\/09\/iNFRA_5-e1761735885940.png","contentUrl":"https:\/\/agenciainfra.com\/blog\/wp-content\/uploads\/2023\/09\/iNFRA_5-e1761735885940.png","width":1672,"height":454,"caption":"Ag\u00eancia iNFRA"},"image":{"@id":"https:\/\/agenciainfra.com\/blog\/#\/schema\/logo\/image\/"},"sameAs":["https:\/\/www.facebook.com\/ageninfra","https:\/\/x.com\/agencia_infra","https:\/\/www.linkedin.com\/company\/ag\u00eanciainfra\/","https:\/\/www.instagram.com\/agenciainfra\/"]},{"@type":"Person","@id":"https:\/\/agenciainfra.com\/blog\/#\/schema\/person\/34af08dff6adea4cb22b06612ba7acfa","name":"Ag\u00eancia iNFRA","image":{"@type":"ImageObject","inLanguage":"pt-BR","@id":"https:\/\/agenciainfra.com\/blog\/#\/schema\/person\/image\/","url":"https:\/\/secure.gravatar.com\/avatar\/d189e01678f06d8eb84d4e01f08eb848b3fffe3f8443818d3c356c66892f5be8?s=96&d=mm&r=g","contentUrl":"https:\/\/secure.gravatar.com\/avatar\/d189e01678f06d8eb84d4e01f08eb848b3fffe3f8443818d3c356c66892f5be8?s=96&d=mm&r=g","caption":"Ag\u00eancia iNFRA"},"url":"https:\/\/agenciainfra.com\/blog\/author\/admin\/"}]}},"_links":{"self":[{"href":"https:\/\/agenciainfra.com\/blog\/wp-json\/wp\/v2\/posts\/20892","targetHints":{"allow":["GET"]}}],"collection":[{"href":"https:\/\/agenciainfra.com\/blog\/wp-json\/wp\/v2\/posts"}],"about":[{"href":"https:\/\/agenciainfra.com\/blog\/wp-json\/wp\/v2\/types\/post"}],"author":[{"embeddable":true,"href":"https:\/\/agenciainfra.com\/blog\/wp-json\/wp\/v2\/users\/1"}],"replies":[{"embeddable":true,"href":"https:\/\/agenciainfra.com\/blog\/wp-json\/wp\/v2\/comments?post=20892"}],"version-history":[{"count":3,"href":"https:\/\/agenciainfra.com\/blog\/wp-json\/wp\/v2\/posts\/20892\/revisions"}],"predecessor-version":[{"id":20910,"href":"https:\/\/agenciainfra.com\/blog\/wp-json\/wp\/v2\/posts\/20892\/revisions\/20910"}],"wp:featuredmedia":[{"embeddable":true,"href":"https:\/\/agenciainfra.com\/blog\/wp-json\/wp\/v2\/media\/20893"}],"wp:attachment":[{"href":"https:\/\/agenciainfra.com\/blog\/wp-json\/wp\/v2\/media?parent=20892"}],"wp:term":[{"taxonomy":"category","embeddable":true,"href":"https:\/\/agenciainfra.com\/blog\/wp-json\/wp\/v2\/categories?post=20892"},{"taxonomy":"post_tag","embeddable":true,"href":"https:\/\/agenciainfra.com\/blog\/wp-json\/wp\/v2\/tags?post=20892"}],"curies":[{"name":"wp","href":"https:\/\/api.w.org\/{rel}","templated":true}]}}