{"id":20911,"date":"2025-04-10T09:00:00","date_gmt":"2025-04-10T12:00:00","guid":{"rendered":"https:\/\/agenciainfra.com\/blog\/?p=20911"},"modified":"2025-04-10T09:07:53","modified_gmt":"2025-04-10T12:07:53","slug":"novo-pac-volume-de-investimentos-ultrapassa-53-nos-dois-primeiros-anos","status":"publish","type":"post","link":"https:\/\/agenciainfra.com\/blog\/novo-pac-volume-de-investimentos-ultrapassa-53-nos-dois-primeiros-anos\/","title":{"rendered":"Novo PAC: volume de investimentos ultrapassa 53% nos dois primeiros anos"},"content":{"rendered":"\n<p class=\"has-text-align-right\"><strong>da Ag\u00eancia iNFRA<\/strong><\/p>\n\n\n\n<p>O volume de investimentos executados nos dois primeiros anos do Novo PAC (Programa de Acelera\u00e7\u00e3o do Crescimento) alcan\u00e7ou R$ 711 bilh\u00f5es, o que corresponde a 53,7% do R$ 1,3 bilh\u00e3o previsto para ser executado nos quatro anos do projeto.<\/p>\n\n\n\n<p>Os dados com as informa\u00e7\u00f5es dos dois primeiros anos do principal programa de investimentos do pa\u00eds foram atualizados no <a href=\"https:\/\/www.gov.br\/casacivil\/pt-br\/novopac\" target=\"_blank\" rel=\"noreferrer noopener\">site do Novo PAC<\/a> nesta quarta-feira (9) pela Secretaria Especial da Casa Civil, respons\u00e1vel pelo monitoramento do programa.<\/p>\n\n\n\n<p>De acordo com os dados, dos R$ 711 bilh\u00f5es executados, quase metade (R$ 345 bilh\u00f5es) foi proveniente&nbsp;de investimentos do setor privado. Os recursos do or\u00e7amento da Uni\u00e3o foram de R$ 71,3 bilh\u00f5es nos dois primeiros anos e outros R$ 5 bilh\u00f5es s\u00e3o de fundos setoriais. As estatais investiram R$ 106 bilh\u00f5es. H\u00e1 ainda R$ 183 bilh\u00f5es de financiamentos.<\/p>\n\n\n\n<p>A avalia\u00e7\u00e3o do secret\u00e1rio especial do Novo PAC, da Casa Civil, Maur\u00edcio Muniz, \u00e9 que o programa superou o volume de investimentos previsto para os dois primeiros anos. Entre os avan\u00e7os, Muniz destacou que&nbsp;a propor\u00e7\u00e3o de rodovias com boas condi\u00e7\u00f5es de tr\u00e1fego saltou de 50% em dezembro de 2022 para 75% em dezembro de 2024.&nbsp;<\/p>\n\n\n\n<p>No eixo Transportes, segundo o <a href=\"https:\/\/www.gov.br\/casacivil\/pt-br\/novopac\/transporte-eficiente-e-sustentavel\" target=\"_blank\" rel=\"noreferrer noopener\">levantamento<\/a>, dos 769 empreendimentos, com previs\u00e3o financeira de R$ 316,2 bilh\u00f5es, 66,6% dos empreendimentos estavam&nbsp;em execu\u00e7\u00e3o at\u00e9 dezembro de 2024.<\/p>\n\n\n\n<p>No caso do <a href=\"https:\/\/www.gov.br\/casacivil\/pt-br\/novopac\/cidades-sustentaveis-e-resilientes\" target=\"_blank\" rel=\"noreferrer noopener\">Minha Casa, Minha Vida<\/a>, at\u00e9 dezembro de 2024, foram contratadas 1,3 milh\u00e3o de novas moradias com um investimento total de R$ 190 bilh\u00f5es. Dessas, mais de 80%, ou 1,05 milh\u00e3o, foram entregues.<\/p>\n\n\n\n<p><strong>PAC Sele\u00e7\u00f5es<\/strong><br>De acordo com os dados da secretaria, a carteira do Novo PAC tem mais de 23 mil empreendimentos. No levantamento at\u00e9 2024, 16,6% haviam sido conclu\u00eddos, 22,4% estavam sendo executados e 2.836 estavam em fase de licita\u00e7\u00e3o ou leil\u00e3o. Mas outros 48,6% dos empreendimentos estavam em suas fases iniciais.&nbsp;<\/p>\n\n\n\n<p>Dos empreendimentos em fase inicial, 47% est\u00e3o na modalidade Novo PAC Sele\u00e7\u00f5es, cujas a\u00e7\u00f5es s\u00e3o de responsabilidade de estados e munic\u00edpios, de acordo com a secretaria.&nbsp;<\/p>\n\n\n\n<p>Segundo o secret\u00e1rio do PAC, o governo tem mantido di\u00e1logo constante com os estados e munic\u00edpios para acelerar a execu\u00e7\u00e3o dessas obras, lembrando ainda que o ministro da Casa Civil, Rui Costa, tem visitado os estados para acompanhar o andamento dos projetos.<\/p>\n","protected":false},"excerpt":{"rendered":"<p>da Ag\u00eancia iNFRA O volume de investimentos executados nos dois primeiros anos do Novo PAC (Programa de Acelera\u00e7\u00e3o do Crescimento) alcan\u00e7ou R$ 711 bilh\u00f5es, o que corresponde a 53,7% do R$ 1,3 bilh\u00e3o previsto para ser executado nos quatro anos do projeto. Os dados com as informa\u00e7\u00f5es dos dois primeiros anos do principal programa de [&hellip;]<\/p>\n","protected":false},"author":1,"featured_media":13308,"comment_status":"closed","ping_status":"closed","sticky":false,"template":"","format":"standard","meta":{"_monsterinsights_skip_tracking":false,"_monsterinsights_sitenote_active":false,"_monsterinsights_sitenote_note":"","_monsterinsights_sitenote_category":0,"footnotes":""},"categories":[7250,1,7],"tags":[1344,6722,32,13056,8492,6043,5990,5992,167,7472],"class_list":["post-20911","post","type-post","status-publish","format-standard","has-post-thumbnail","hentry","category-destaque-lista","category-geral","category-infratransporte","tag-casa-civil","tag-habitacao","tag-investimentos","tag-investimentos-do-novo-pac","tag-investimentos-em-transportes","tag-mauricio-muniz","tag-minha-casa-minha-vida","tag-novo-pac","tag-orcamento","tag-pac-selecoes"],"yoast_head":"<!-- This site is optimized with the Yoast SEO Premium plugin v25.4 (Yoast SEO v26.0) - https:\/\/yoast.com\/wordpress\/plugins\/seo\/ -->\n<title>Novo PAC: volume de investimentos ultrapassa 53% nos dois primeiros anos - Ag\u00eancia iNFRA<\/title>\n<meta name=\"robots\" content=\"index, follow, max-snippet:-1, max-image-preview:large, max-video-preview:-1\" \/>\n<link rel=\"canonical\" href=\"https:\/\/agenciainfra.com\/blog\/novo-pac-volume-de-investimentos-ultrapassa-53-nos-dois-primeiros-anos\/\" \/>\n<meta property=\"og:locale\" content=\"pt_BR\" \/>\n<meta property=\"og:type\" content=\"article\" \/>\n<meta property=\"og:title\" content=\"Novo PAC: volume de investimentos ultrapassa 53% nos dois primeiros anos\" \/>\n<meta property=\"og:description\" content=\"da Ag\u00eancia iNFRA O volume de investimentos executados nos dois primeiros anos do Novo PAC (Programa de Acelera\u00e7\u00e3o do Crescimento) alcan\u00e7ou R$ 711 bilh\u00f5es, o que corresponde a 53,7% do R$ 1,3 bilh\u00e3o previsto para ser executado nos quatro anos do projeto. Os dados com as informa\u00e7\u00f5es dos dois primeiros anos do principal programa de [&hellip;]\" \/>\n<meta property=\"og:url\" content=\"https:\/\/agenciainfra.com\/blog\/novo-pac-volume-de-investimentos-ultrapassa-53-nos-dois-primeiros-anos\/\" \/>\n<meta property=\"og:site_name\" content=\"Ag\u00eancia iNFRA\" \/>\n<meta property=\"article:publisher\" content=\"https:\/\/www.facebook.com\/ageninfra\" \/>\n<meta property=\"article:published_time\" content=\"2025-04-10T12:00:00+00:00\" \/>\n<meta property=\"article:modified_time\" content=\"2025-04-10T12:07:53+00:00\" \/>\n<meta property=\"og:image\" content=\"https:\/\/agenciainfra.com\/blog\/wp-content\/uploads\/2023\/08\/obras-rodovia-foto-governo-federal.jpeg\" \/>\n\t<meta property=\"og:image:width\" content=\"1202\" \/>\n\t<meta property=\"og:image:height\" content=\"902\" \/>\n\t<meta property=\"og:image:type\" content=\"image\/jpeg\" \/>\n<meta name=\"author\" content=\"Ag\u00eancia iNFRA\" \/>\n<meta name=\"twitter:card\" content=\"summary_large_image\" \/>\n<meta name=\"twitter:creator\" content=\"@agencia_infra\" \/>\n<meta name=\"twitter:site\" content=\"@agencia_infra\" \/>\n<meta name=\"twitter:label1\" content=\"Escrito por\" \/>\n\t<meta name=\"twitter:data1\" content=\"Ag\u00eancia iNFRA\" \/>\n\t<meta name=\"twitter:label2\" content=\"Est. tempo de leitura\" \/>\n\t<meta name=\"twitter:data2\" content=\"2 minutos\" \/>\n<script type=\"application\/ld+json\" class=\"yoast-schema-graph\">{\"@context\":\"https:\/\/schema.org\",\"@graph\":[{\"@type\":\"Article\",\"@id\":\"https:\/\/agenciainfra.com\/blog\/novo-pac-volume-de-investimentos-ultrapassa-53-nos-dois-primeiros-anos\/#article\",\"isPartOf\":{\"@id\":\"https:\/\/agenciainfra.com\/blog\/novo-pac-volume-de-investimentos-ultrapassa-53-nos-dois-primeiros-anos\/\"},\"author\":{\"name\":\"Ag\u00eancia iNFRA\",\"@id\":\"https:\/\/agenciainfra.com\/blog\/#\/schema\/person\/34af08dff6adea4cb22b06612ba7acfa\"},\"headline\":\"Novo PAC: volume de investimentos ultrapassa 53% nos dois primeiros anos\",\"datePublished\":\"2025-04-10T12:00:00+00:00\",\"dateModified\":\"2025-04-10T12:07:53+00:00\",\"mainEntityOfPage\":{\"@id\":\"https:\/\/agenciainfra.com\/blog\/novo-pac-volume-de-investimentos-ultrapassa-53-nos-dois-primeiros-anos\/\"},\"wordCount\":402,\"publisher\":{\"@id\":\"https:\/\/agenciainfra.com\/blog\/#organization\"},\"image\":{\"@id\":\"https:\/\/agenciainfra.com\/blog\/novo-pac-volume-de-investimentos-ultrapassa-53-nos-dois-primeiros-anos\/#primaryimage\"},\"thumbnailUrl\":\"https:\/\/agenciainfra.com\/blog\/wp-content\/uploads\/2023\/08\/obras-rodovia-foto-governo-federal.jpeg\",\"keywords\":[\"Casa Civil\",\"habita\u00e7\u00e3o\",\"Investimentos\",\"investimentos do Novo Pac\",\"investimentos em transportes\",\"Maur\u00edcio Muniz\",\"Minha Casa Minha Vida\",\"Novo PAC\",\"Or\u00e7amento\",\"PAC Sele\u00e7\u00f5es\"],\"articleSection\":[\"Destaque lista\",\"Geral\",\"iNFRATransporte\"],\"inLanguage\":\"pt-BR\",\"copyrightYear\":\"2025\",\"copyrightHolder\":{\"@id\":\"https:\/\/agenciainfra.com\/blog\/#organization\"}},{\"@type\":\"WebPage\",\"@id\":\"https:\/\/agenciainfra.com\/blog\/novo-pac-volume-de-investimentos-ultrapassa-53-nos-dois-primeiros-anos\/\",\"url\":\"https:\/\/agenciainfra.com\/blog\/novo-pac-volume-de-investimentos-ultrapassa-53-nos-dois-primeiros-anos\/\",\"name\":\"Novo PAC: volume de investimentos ultrapassa 53% nos dois primeiros anos - Ag\u00eancia iNFRA\",\"isPartOf\":{\"@id\":\"https:\/\/agenciainfra.com\/blog\/#website\"},\"primaryImageOfPage\":{\"@id\":\"https:\/\/agenciainfra.com\/blog\/novo-pac-volume-de-investimentos-ultrapassa-53-nos-dois-primeiros-anos\/#primaryimage\"},\"image\":{\"@id\":\"https:\/\/agenciainfra.com\/blog\/novo-pac-volume-de-investimentos-ultrapassa-53-nos-dois-primeiros-anos\/#primaryimage\"},\"thumbnailUrl\":\"https:\/\/agenciainfra.com\/blog\/wp-content\/uploads\/2023\/08\/obras-rodovia-foto-governo-federal.jpeg\",\"datePublished\":\"2025-04-10T12:00:00+00:00\",\"dateModified\":\"2025-04-10T12:07:53+00:00\",\"breadcrumb\":{\"@id\":\"https:\/\/agenciainfra.com\/blog\/novo-pac-volume-de-investimentos-ultrapassa-53-nos-dois-primeiros-anos\/#breadcrumb\"},\"inLanguage\":\"pt-BR\",\"potentialAction\":[{\"@type\":\"ReadAction\",\"target\":[\"https:\/\/agenciainfra.com\/blog\/novo-pac-volume-de-investimentos-ultrapassa-53-nos-dois-primeiros-anos\/\"]}]},{\"@type\":\"ImageObject\",\"inLanguage\":\"pt-BR\",\"@id\":\"https:\/\/agenciainfra.com\/blog\/novo-pac-volume-de-investimentos-ultrapassa-53-nos-dois-primeiros-anos\/#primaryimage\",\"url\":\"https:\/\/agenciainfra.com\/blog\/wp-content\/uploads\/2023\/08\/obras-rodovia-foto-governo-federal.jpeg\",\"contentUrl\":\"https:\/\/agenciainfra.com\/blog\/wp-content\/uploads\/2023\/08\/obras-rodovia-foto-governo-federal.jpeg\",\"width\":1202,\"height\":902,\"caption\":\"Foto: Governo Federal\"},{\"@type\":\"BreadcrumbList\",\"@id\":\"https:\/\/agenciainfra.com\/blog\/novo-pac-volume-de-investimentos-ultrapassa-53-nos-dois-primeiros-anos\/#breadcrumb\",\"itemListElement\":[{\"@type\":\"ListItem\",\"position\":1,\"name\":\"In\u00edcio\",\"item\":\"https:\/\/agenciainfra.com\/blog\/\"},{\"@type\":\"ListItem\",\"position\":2,\"name\":\"Novo PAC: volume de investimentos ultrapassa 53% nos dois primeiros anos\"}]},{\"@type\":\"WebSite\",\"@id\":\"https:\/\/agenciainfra.com\/blog\/#website\",\"url\":\"https:\/\/agenciainfra.com\/blog\/\",\"name\":\"Ag\u00eancia iNFRA\",\"description\":\"Multiplataforma de informa\u00e7\u00e3o jornal\u00edstica refer\u00eancia na \u00e1rea de infraestrutura no Brasil!\",\"publisher\":{\"@id\":\"https:\/\/agenciainfra.com\/blog\/#organization\"},\"potentialAction\":[{\"@type\":\"SearchAction\",\"target\":{\"@type\":\"EntryPoint\",\"urlTemplate\":\"https:\/\/agenciainfra.com\/blog\/?s={search_term_string}\"},\"query-input\":{\"@type\":\"PropertyValueSpecification\",\"valueRequired\":true,\"valueName\":\"search_term_string\"}}],\"inLanguage\":\"pt-BR\"},{\"@type\":\"Organization\",\"@id\":\"https:\/\/agenciainfra.com\/blog\/#organization\",\"name\":\"Ag\u00eancia iNFRA\",\"url\":\"https:\/\/agenciainfra.com\/blog\/\",\"logo\":{\"@type\":\"ImageObject\",\"inLanguage\":\"pt-BR\",\"@id\":\"https:\/\/agenciainfra.com\/blog\/#\/schema\/logo\/image\/\",\"url\":\"https:\/\/agenciainfra.com\/blog\/wp-content\/uploads\/2023\/09\/iNFRA_5-e1761735885940.png\",\"contentUrl\":\"https:\/\/agenciainfra.com\/blog\/wp-content\/uploads\/2023\/09\/iNFRA_5-e1761735885940.png\",\"width\":1672,\"height\":454,\"caption\":\"Ag\u00eancia iNFRA\"},\"image\":{\"@id\":\"https:\/\/agenciainfra.com\/blog\/#\/schema\/logo\/image\/\"},\"sameAs\":[\"https:\/\/www.facebook.com\/ageninfra\",\"https:\/\/x.com\/agencia_infra\",\"https:\/\/www.linkedin.com\/company\/ag\u00eanciainfra\/\",\"https:\/\/www.instagram.com\/agenciainfra\/\"]},{\"@type\":\"Person\",\"@id\":\"https:\/\/agenciainfra.com\/blog\/#\/schema\/person\/34af08dff6adea4cb22b06612ba7acfa\",\"name\":\"Ag\u00eancia iNFRA\",\"image\":{\"@type\":\"ImageObject\",\"inLanguage\":\"pt-BR\",\"@id\":\"https:\/\/agenciainfra.com\/blog\/#\/schema\/person\/image\/\",\"url\":\"https:\/\/secure.gravatar.com\/avatar\/d189e01678f06d8eb84d4e01f08eb848b3fffe3f8443818d3c356c66892f5be8?s=96&d=mm&r=g\",\"contentUrl\":\"https:\/\/secure.gravatar.com\/avatar\/d189e01678f06d8eb84d4e01f08eb848b3fffe3f8443818d3c356c66892f5be8?s=96&d=mm&r=g\",\"caption\":\"Ag\u00eancia iNFRA\"},\"url\":\"https:\/\/agenciainfra.com\/blog\/author\/admin\/\"}]}<\/script>\n<!-- \/ Yoast SEO Premium plugin. -->","yoast_head_json":{"title":"Novo PAC: volume de investimentos ultrapassa 53% nos dois primeiros anos - Ag\u00eancia iNFRA","robots":{"index":"index","follow":"follow","max-snippet":"max-snippet:-1","max-image-preview":"max-image-preview:large","max-video-preview":"max-video-preview:-1"},"canonical":"https:\/\/agenciainfra.com\/blog\/novo-pac-volume-de-investimentos-ultrapassa-53-nos-dois-primeiros-anos\/","og_locale":"pt_BR","og_type":"article","og_title":"Novo PAC: volume de investimentos ultrapassa 53% nos dois primeiros anos","og_description":"da Ag\u00eancia iNFRA O volume de investimentos executados nos dois primeiros anos do Novo PAC (Programa de Acelera\u00e7\u00e3o do Crescimento) alcan\u00e7ou R$ 711 bilh\u00f5es, o que corresponde a 53,7% do R$ 1,3 bilh\u00e3o previsto para ser executado nos quatro anos do projeto. Os dados com as informa\u00e7\u00f5es dos dois primeiros anos do principal programa de [&hellip;]","og_url":"https:\/\/agenciainfra.com\/blog\/novo-pac-volume-de-investimentos-ultrapassa-53-nos-dois-primeiros-anos\/","og_site_name":"Ag\u00eancia iNFRA","article_publisher":"https:\/\/www.facebook.com\/ageninfra","article_published_time":"2025-04-10T12:00:00+00:00","article_modified_time":"2025-04-10T12:07:53+00:00","og_image":[{"width":1202,"height":902,"url":"https:\/\/agenciainfra.com\/blog\/wp-content\/uploads\/2023\/08\/obras-rodovia-foto-governo-federal.jpeg","type":"image\/jpeg"}],"author":"Ag\u00eancia iNFRA","twitter_card":"summary_large_image","twitter_creator":"@agencia_infra","twitter_site":"@agencia_infra","twitter_misc":{"Escrito por":"Ag\u00eancia iNFRA","Est. tempo de leitura":"2 minutos"},"schema":{"@context":"https:\/\/schema.org","@graph":[{"@type":"Article","@id":"https:\/\/agenciainfra.com\/blog\/novo-pac-volume-de-investimentos-ultrapassa-53-nos-dois-primeiros-anos\/#article","isPartOf":{"@id":"https:\/\/agenciainfra.com\/blog\/novo-pac-volume-de-investimentos-ultrapassa-53-nos-dois-primeiros-anos\/"},"author":{"name":"Ag\u00eancia iNFRA","@id":"https:\/\/agenciainfra.com\/blog\/#\/schema\/person\/34af08dff6adea4cb22b06612ba7acfa"},"headline":"Novo PAC: volume de investimentos ultrapassa 53% nos dois primeiros anos","datePublished":"2025-04-10T12:00:00+00:00","dateModified":"2025-04-10T12:07:53+00:00","mainEntityOfPage":{"@id":"https:\/\/agenciainfra.com\/blog\/novo-pac-volume-de-investimentos-ultrapassa-53-nos-dois-primeiros-anos\/"},"wordCount":402,"publisher":{"@id":"https:\/\/agenciainfra.com\/blog\/#organization"},"image":{"@id":"https:\/\/agenciainfra.com\/blog\/novo-pac-volume-de-investimentos-ultrapassa-53-nos-dois-primeiros-anos\/#primaryimage"},"thumbnailUrl":"https:\/\/agenciainfra.com\/blog\/wp-content\/uploads\/2023\/08\/obras-rodovia-foto-governo-federal.jpeg","keywords":["Casa Civil","habita\u00e7\u00e3o","Investimentos","investimentos do Novo Pac","investimentos em transportes","Maur\u00edcio Muniz","Minha Casa Minha Vida","Novo PAC","Or\u00e7amento","PAC Sele\u00e7\u00f5es"],"articleSection":["Destaque lista","Geral","iNFRATransporte"],"inLanguage":"pt-BR","copyrightYear":"2025","copyrightHolder":{"@id":"https:\/\/agenciainfra.com\/blog\/#organization"}},{"@type":"WebPage","@id":"https:\/\/agenciainfra.com\/blog\/novo-pac-volume-de-investimentos-ultrapassa-53-nos-dois-primeiros-anos\/","url":"https:\/\/agenciainfra.com\/blog\/novo-pac-volume-de-investimentos-ultrapassa-53-nos-dois-primeiros-anos\/","name":"Novo PAC: volume de investimentos ultrapassa 53% nos dois primeiros anos - Ag\u00eancia iNFRA","isPartOf":{"@id":"https:\/\/agenciainfra.com\/blog\/#website"},"primaryImageOfPage":{"@id":"https:\/\/agenciainfra.com\/blog\/novo-pac-volume-de-investimentos-ultrapassa-53-nos-dois-primeiros-anos\/#primaryimage"},"image":{"@id":"https:\/\/agenciainfra.com\/blog\/novo-pac-volume-de-investimentos-ultrapassa-53-nos-dois-primeiros-anos\/#primaryimage"},"thumbnailUrl":"https:\/\/agenciainfra.com\/blog\/wp-content\/uploads\/2023\/08\/obras-rodovia-foto-governo-federal.jpeg","datePublished":"2025-04-10T12:00:00+00:00","dateModified":"2025-04-10T12:07:53+00:00","breadcrumb":{"@id":"https:\/\/agenciainfra.com\/blog\/novo-pac-volume-de-investimentos-ultrapassa-53-nos-dois-primeiros-anos\/#breadcrumb"},"inLanguage":"pt-BR","potentialAction":[{"@type":"ReadAction","target":["https:\/\/agenciainfra.com\/blog\/novo-pac-volume-de-investimentos-ultrapassa-53-nos-dois-primeiros-anos\/"]}]},{"@type":"ImageObject","inLanguage":"pt-BR","@id":"https:\/\/agenciainfra.com\/blog\/novo-pac-volume-de-investimentos-ultrapassa-53-nos-dois-primeiros-anos\/#primaryimage","url":"https:\/\/agenciainfra.com\/blog\/wp-content\/uploads\/2023\/08\/obras-rodovia-foto-governo-federal.jpeg","contentUrl":"https:\/\/agenciainfra.com\/blog\/wp-content\/uploads\/2023\/08\/obras-rodovia-foto-governo-federal.jpeg","width":1202,"height":902,"caption":"Foto: Governo Federal"},{"@type":"BreadcrumbList","@id":"https:\/\/agenciainfra.com\/blog\/novo-pac-volume-de-investimentos-ultrapassa-53-nos-dois-primeiros-anos\/#breadcrumb","itemListElement":[{"@type":"ListItem","position":1,"name":"In\u00edcio","item":"https:\/\/agenciainfra.com\/blog\/"},{"@type":"ListItem","position":2,"name":"Novo PAC: volume de investimentos ultrapassa 53% nos dois primeiros anos"}]},{"@type":"WebSite","@id":"https:\/\/agenciainfra.com\/blog\/#website","url":"https:\/\/agenciainfra.com\/blog\/","name":"Ag\u00eancia iNFRA","description":"Multiplataforma de informa\u00e7\u00e3o jornal\u00edstica refer\u00eancia na \u00e1rea de infraestrutura no Brasil!","publisher":{"@id":"https:\/\/agenciainfra.com\/blog\/#organization"},"potentialAction":[{"@type":"SearchAction","target":{"@type":"EntryPoint","urlTemplate":"https:\/\/agenciainfra.com\/blog\/?s={search_term_string}"},"query-input":{"@type":"PropertyValueSpecification","valueRequired":true,"valueName":"search_term_string"}}],"inLanguage":"pt-BR"},{"@type":"Organization","@id":"https:\/\/agenciainfra.com\/blog\/#organization","name":"Ag\u00eancia iNFRA","url":"https:\/\/agenciainfra.com\/blog\/","logo":{"@type":"ImageObject","inLanguage":"pt-BR","@id":"https:\/\/agenciainfra.com\/blog\/#\/schema\/logo\/image\/","url":"https:\/\/agenciainfra.com\/blog\/wp-content\/uploads\/2023\/09\/iNFRA_5-e1761735885940.png","contentUrl":"https:\/\/agenciainfra.com\/blog\/wp-content\/uploads\/2023\/09\/iNFRA_5-e1761735885940.png","width":1672,"height":454,"caption":"Ag\u00eancia iNFRA"},"image":{"@id":"https:\/\/agenciainfra.com\/blog\/#\/schema\/logo\/image\/"},"sameAs":["https:\/\/www.facebook.com\/ageninfra","https:\/\/x.com\/agencia_infra","https:\/\/www.linkedin.com\/company\/ag\u00eanciainfra\/","https:\/\/www.instagram.com\/agenciainfra\/"]},{"@type":"Person","@id":"https:\/\/agenciainfra.com\/blog\/#\/schema\/person\/34af08dff6adea4cb22b06612ba7acfa","name":"Ag\u00eancia iNFRA","image":{"@type":"ImageObject","inLanguage":"pt-BR","@id":"https:\/\/agenciainfra.com\/blog\/#\/schema\/person\/image\/","url":"https:\/\/secure.gravatar.com\/avatar\/d189e01678f06d8eb84d4e01f08eb848b3fffe3f8443818d3c356c66892f5be8?s=96&d=mm&r=g","contentUrl":"https:\/\/secure.gravatar.com\/avatar\/d189e01678f06d8eb84d4e01f08eb848b3fffe3f8443818d3c356c66892f5be8?s=96&d=mm&r=g","caption":"Ag\u00eancia iNFRA"},"url":"https:\/\/agenciainfra.com\/blog\/author\/admin\/"}]}},"_links":{"self":[{"href":"https:\/\/agenciainfra.com\/blog\/wp-json\/wp\/v2\/posts\/20911","targetHints":{"allow":["GET"]}}],"collection":[{"href":"https:\/\/agenciainfra.com\/blog\/wp-json\/wp\/v2\/posts"}],"about":[{"href":"https:\/\/agenciainfra.com\/blog\/wp-json\/wp\/v2\/types\/post"}],"author":[{"embeddable":true,"href":"https:\/\/agenciainfra.com\/blog\/wp-json\/wp\/v2\/users\/1"}],"replies":[{"embeddable":true,"href":"https:\/\/agenciainfra.com\/blog\/wp-json\/wp\/v2\/comments?post=20911"}],"version-history":[{"count":1,"href":"https:\/\/agenciainfra.com\/blog\/wp-json\/wp\/v2\/posts\/20911\/revisions"}],"predecessor-version":[{"id":20912,"href":"https:\/\/agenciainfra.com\/blog\/wp-json\/wp\/v2\/posts\/20911\/revisions\/20912"}],"wp:featuredmedia":[{"embeddable":true,"href":"https:\/\/agenciainfra.com\/blog\/wp-json\/wp\/v2\/media\/13308"}],"wp:attachment":[{"href":"https:\/\/agenciainfra.com\/blog\/wp-json\/wp\/v2\/media?parent=20911"}],"wp:term":[{"taxonomy":"category","embeddable":true,"href":"https:\/\/agenciainfra.com\/blog\/wp-json\/wp\/v2\/categories?post=20911"},{"taxonomy":"post_tag","embeddable":true,"href":"https:\/\/agenciainfra.com\/blog\/wp-json\/wp\/v2\/tags?post=20911"}],"curies":[{"name":"wp","href":"https:\/\/api.w.org\/{rel}","templated":true}]}}