{"id":20919,"date":"2025-04-11T09:00:00","date_gmt":"2025-04-11T12:00:00","guid":{"rendered":"https:\/\/agenciainfra.com\/blog\/?p=20919"},"modified":"2025-04-11T11:30:02","modified_gmt":"2025-04-11T14:30:02","slug":"diretor-geral-da-aneel-diz-que-enel-sp-melhorou-mas-que-e-preciso-avaliar-se-e-suficiente","status":"publish","type":"post","link":"https:\/\/agenciainfra.com\/blog\/diretor-geral-da-aneel-diz-que-enel-sp-melhorou-mas-que-e-preciso-avaliar-se-e-suficiente\/","title":{"rendered":"Diretor-geral da ANEEL diz que Enel SP melhorou, mas que \u00e9 preciso avaliar se \u00e9 suficiente"},"content":{"rendered":"\n<p class=\"has-text-align-right\"><strong>Marisa Wanzeller, da Ag\u00eancia iNFRA<\/strong><\/p>\n\n\n\n<p>O diretor-geral da ANEEL (Ag\u00eancia Nacional de Energia El\u00e9trica), Sandoval Feitosa, afirmou nesta quinta-feira (10) que a Enel S\u00e3o Paulo tem melhorado a sua performance operacional desde que a reguladora emitiu termo de intima\u00e7\u00e3o que pode levar \u00e0 recomenda\u00e7\u00e3o de caducidade da concess\u00e3o. No entanto, ele disse que \u00e9 preciso avaliar se a melhora tem sido suficiente o bastante para encerrar esse processo.<\/p>\n\n\n\n<p>\u201cN\u00f3s exigimos, via fiscaliza\u00e7\u00e3o, um conjunto de padr\u00f5es, melhorias de processos, melhorias de indicadores, e isso, de alguma forma, est\u00e1 acontecendo [&#8230;]. Melhorou, sim [a performance]. O que n\u00f3s estamos a trabalhar \u00e9 o qu\u00e3o melhorou e em que ponto isso \u00e9 suficiente para que o processo de intima\u00e7\u00e3o seja encerrado\u201d, disse em entrevista ap\u00f3s participar do F\u00f3rum Brasileiro de L\u00edderes em Energia.<\/p>\n\n\n\n<p>Sandoval disse ainda que n\u00e3o \u00e9 poss\u00edvel estabelecer um prazo para que o processo seja apreciado pela diretoria da ANEEL. O tema est\u00e1 sob relatoria da diretora Agnes Costa, que, segundo ele, tem conduzido o tema com \u201ctoda a dilig\u00eancia\u201d.<\/p>\n\n\n\n<p><strong>Curtailment<\/strong><br>Sandoval tamb\u00e9m afirmou que considera a judicializa\u00e7\u00e3o dos cortes de gera\u00e7\u00e3o obrigat\u00f3rios, o curtailment, \u201cdesnecess\u00e1ria&#8221;. Na sua vis\u00e3o, os agentes poderiam ter &#8220;gastado toda essa energia\u201d para discutir com a ag\u00eancia e com o MME (Minist\u00e9rio de Minas e Energia) uma prepara\u00e7\u00e3o para o momento atual.<\/p>\n\n\n\n<p>\u201cA ANEEL fez uma regra, essa regra foi aprovada em 2021, ou seja, todo esse cen\u00e1rio de restri\u00e7\u00e3o de gera\u00e7\u00e3o, em vez de ter gastado toda essa energia na judicializa\u00e7\u00e3o, poder\u00edamos ter sentado, ter visualizado o planejamento de conhecimento de todos. Todos os agentes setoriais sabiam quais as linhas [de transmiss\u00e3o] iriam entrar em opera\u00e7\u00e3o em determinados anos, sabiam das usinas que iriam entrar em opera\u00e7\u00e3o, ou seja, tudo isso n\u00f3s j\u00e1 sab\u00edamos.\u201d<\/p>\n\n\n\n<p>\u201cDe novo, acho desnecess\u00e1rio, mas faz parte de um pa\u00eds democr\u00e1tico como o Brasil&#8221;, concluiu.<\/p>\n\n\n\n<p>Ele ainda defendeu a intensifica\u00e7\u00e3o do sinal locacional como uma poss\u00edvel medida para minimizar os cortes de gera\u00e7\u00e3o. Na sua vis\u00e3o, a redu\u00e7\u00e3o da tarifa do consumidor na regi\u00e3o Nordeste, onde a gera\u00e7\u00e3o renov\u00e1vel \u00e9 \u201cmaci\u00e7amente localizada&#8221;, poderia ajudar a aumentar a demanda na regi\u00e3o.<\/p>\n","protected":false},"excerpt":{"rendered":"<p>Marisa Wanzeller, da Ag\u00eancia iNFRA O diretor-geral da ANEEL (Ag\u00eancia Nacional de Energia El\u00e9trica), Sandoval Feitosa, afirmou nesta quinta-feira (10) que a Enel S\u00e3o Paulo tem melhorado a sua performance operacional desde que a reguladora emitiu termo de intima\u00e7\u00e3o que pode levar \u00e0 recomenda\u00e7\u00e3o de caducidade da concess\u00e3o. No entanto, ele disse que \u00e9 preciso [&hellip;]<\/p>\n","protected":false},"author":1,"featured_media":10277,"comment_status":"closed","ping_status":"closed","sticky":false,"template":"","format":"standard","meta":{"_monsterinsights_skip_tracking":false,"_monsterinsights_sitenote_active":false,"_monsterinsights_sitenote_note":"","_monsterinsights_sitenote_category":0,"footnotes":""},"categories":[7250,1,10],"tags":[53,3002,11549,245,11582,22,11474,2199,7829,25,282,380,7366,71,1628,1026,5831],"class_list":["post-20919","post","type-post","status-publish","format-standard","has-post-thumbnail","hentry","category-destaque-lista","category-geral","category-infraenergia","tag-aneel","tag-apagao","tag-apagao-em-sp","tag-caducidade","tag-caducidade-da-concessao","tag-concessao","tag-curtailment","tag-distribuicao","tag-enel-sp","tag-energia","tag-energia-eletrica","tag-fiscalizacao","tag-marisa-wanzeller","tag-mme","tag-multa","tag-sandoval-feitosa","tag-sinal-locacional"],"yoast_head":"<!-- This site is optimized with the Yoast SEO Premium plugin v25.4 (Yoast SEO v26.0) - https:\/\/yoast.com\/wordpress\/plugins\/seo\/ -->\n<title>Diretor-geral da ANEEL diz que Enel SP melhorou, mas que \u00e9 preciso avaliar se \u00e9 suficiente - Ag\u00eancia iNFRA<\/title>\n<meta name=\"robots\" content=\"index, follow, max-snippet:-1, max-image-preview:large, max-video-preview:-1\" \/>\n<link rel=\"canonical\" href=\"https:\/\/agenciainfra.com\/blog\/diretor-geral-da-aneel-diz-que-enel-sp-melhorou-mas-que-e-preciso-avaliar-se-e-suficiente\/\" \/>\n<meta property=\"og:locale\" content=\"pt_BR\" \/>\n<meta property=\"og:type\" content=\"article\" \/>\n<meta property=\"og:title\" content=\"Diretor-geral da ANEEL diz que Enel SP melhorou, mas que \u00e9 preciso avaliar se \u00e9 suficiente\" \/>\n<meta property=\"og:description\" content=\"Marisa Wanzeller, da Ag\u00eancia iNFRA O diretor-geral da ANEEL (Ag\u00eancia Nacional de Energia El\u00e9trica), Sandoval Feitosa, afirmou nesta quinta-feira (10) que a Enel S\u00e3o Paulo tem melhorado a sua performance operacional desde que a reguladora emitiu termo de intima\u00e7\u00e3o que pode levar \u00e0 recomenda\u00e7\u00e3o de caducidade da concess\u00e3o. No entanto, ele disse que \u00e9 preciso [&hellip;]\" \/>\n<meta property=\"og:url\" content=\"https:\/\/agenciainfra.com\/blog\/diretor-geral-da-aneel-diz-que-enel-sp-melhorou-mas-que-e-preciso-avaliar-se-e-suficiente\/\" \/>\n<meta property=\"og:site_name\" content=\"Ag\u00eancia iNFRA\" \/>\n<meta property=\"article:publisher\" content=\"https:\/\/www.facebook.com\/ageninfra\" \/>\n<meta property=\"article:published_time\" content=\"2025-04-11T12:00:00+00:00\" \/>\n<meta property=\"article:modified_time\" content=\"2025-04-11T14:30:02+00:00\" \/>\n<meta property=\"og:image\" content=\"https:\/\/agenciainfra.com\/blog\/wp-content\/uploads\/2022\/05\/enel-divulgacao.jpg\" \/>\n\t<meta property=\"og:image:width\" content=\"1300\" \/>\n\t<meta property=\"og:image:height\" content=\"866\" \/>\n\t<meta property=\"og:image:type\" content=\"image\/jpeg\" \/>\n<meta name=\"author\" content=\"Ag\u00eancia iNFRA\" \/>\n<meta name=\"twitter:card\" content=\"summary_large_image\" \/>\n<meta name=\"twitter:creator\" content=\"@agencia_infra\" \/>\n<meta name=\"twitter:site\" content=\"@agencia_infra\" \/>\n<meta name=\"twitter:label1\" content=\"Escrito por\" \/>\n\t<meta name=\"twitter:data1\" content=\"Ag\u00eancia iNFRA\" \/>\n\t<meta name=\"twitter:label2\" content=\"Est. tempo de leitura\" \/>\n\t<meta name=\"twitter:data2\" content=\"2 minutos\" \/>\n<script type=\"application\/ld+json\" class=\"yoast-schema-graph\">{\"@context\":\"https:\/\/schema.org\",\"@graph\":[{\"@type\":\"Article\",\"@id\":\"https:\/\/agenciainfra.com\/blog\/diretor-geral-da-aneel-diz-que-enel-sp-melhorou-mas-que-e-preciso-avaliar-se-e-suficiente\/#article\",\"isPartOf\":{\"@id\":\"https:\/\/agenciainfra.com\/blog\/diretor-geral-da-aneel-diz-que-enel-sp-melhorou-mas-que-e-preciso-avaliar-se-e-suficiente\/\"},\"author\":{\"name\":\"Ag\u00eancia iNFRA\",\"@id\":\"https:\/\/agenciainfra.com\/blog\/#\/schema\/person\/34af08dff6adea4cb22b06612ba7acfa\"},\"headline\":\"Diretor-geral da ANEEL diz que Enel SP melhorou, mas que \u00e9 preciso avaliar se \u00e9 suficiente\",\"datePublished\":\"2025-04-11T12:00:00+00:00\",\"dateModified\":\"2025-04-11T14:30:02+00:00\",\"mainEntityOfPage\":{\"@id\":\"https:\/\/agenciainfra.com\/blog\/diretor-geral-da-aneel-diz-que-enel-sp-melhorou-mas-que-e-preciso-avaliar-se-e-suficiente\/\"},\"wordCount\":407,\"publisher\":{\"@id\":\"https:\/\/agenciainfra.com\/blog\/#organization\"},\"image\":{\"@id\":\"https:\/\/agenciainfra.com\/blog\/diretor-geral-da-aneel-diz-que-enel-sp-melhorou-mas-que-e-preciso-avaliar-se-e-suficiente\/#primaryimage\"},\"thumbnailUrl\":\"https:\/\/agenciainfra.com\/blog\/wp-content\/uploads\/2022\/05\/enel-divulgacao-e1771018989275.jpg\",\"keywords\":[\"ANEEL\",\"apag\u00e3o\",\"apag\u00e3o em sp\",\"caducidade\",\"caducidade da concess\u00e3o\",\"Concess\u00e3o\",\"curtailment\",\"distribui\u00e7\u00e3o\",\"ENEL SP\",\"energia\",\"energia el\u00e9trica\",\"fiscaliza\u00e7\u00e3o\",\"Marisa Wanzeller\",\"MME\",\"multa\",\"Sandoval Feitosa\",\"sinal locacional\"],\"articleSection\":[\"Destaque lista\",\"Geral\",\"iNFRAEnergia\"],\"inLanguage\":\"pt-BR\",\"copyrightYear\":\"2025\",\"copyrightHolder\":{\"@id\":\"https:\/\/agenciainfra.com\/blog\/#organization\"}},{\"@type\":\"WebPage\",\"@id\":\"https:\/\/agenciainfra.com\/blog\/diretor-geral-da-aneel-diz-que-enel-sp-melhorou-mas-que-e-preciso-avaliar-se-e-suficiente\/\",\"url\":\"https:\/\/agenciainfra.com\/blog\/diretor-geral-da-aneel-diz-que-enel-sp-melhorou-mas-que-e-preciso-avaliar-se-e-suficiente\/\",\"name\":\"Diretor-geral da ANEEL diz que Enel SP melhorou, mas que \u00e9 preciso avaliar se \u00e9 suficiente - Ag\u00eancia iNFRA\",\"isPartOf\":{\"@id\":\"https:\/\/agenciainfra.com\/blog\/#website\"},\"primaryImageOfPage\":{\"@id\":\"https:\/\/agenciainfra.com\/blog\/diretor-geral-da-aneel-diz-que-enel-sp-melhorou-mas-que-e-preciso-avaliar-se-e-suficiente\/#primaryimage\"},\"image\":{\"@id\":\"https:\/\/agenciainfra.com\/blog\/diretor-geral-da-aneel-diz-que-enel-sp-melhorou-mas-que-e-preciso-avaliar-se-e-suficiente\/#primaryimage\"},\"thumbnailUrl\":\"https:\/\/agenciainfra.com\/blog\/wp-content\/uploads\/2022\/05\/enel-divulgacao-e1771018989275.jpg\",\"datePublished\":\"2025-04-11T12:00:00+00:00\",\"dateModified\":\"2025-04-11T14:30:02+00:00\",\"breadcrumb\":{\"@id\":\"https:\/\/agenciainfra.com\/blog\/diretor-geral-da-aneel-diz-que-enel-sp-melhorou-mas-que-e-preciso-avaliar-se-e-suficiente\/#breadcrumb\"},\"inLanguage\":\"pt-BR\",\"potentialAction\":[{\"@type\":\"ReadAction\",\"target\":[\"https:\/\/agenciainfra.com\/blog\/diretor-geral-da-aneel-diz-que-enel-sp-melhorou-mas-que-e-preciso-avaliar-se-e-suficiente\/\"]}]},{\"@type\":\"ImageObject\",\"inLanguage\":\"pt-BR\",\"@id\":\"https:\/\/agenciainfra.com\/blog\/diretor-geral-da-aneel-diz-que-enel-sp-melhorou-mas-que-e-preciso-avaliar-se-e-suficiente\/#primaryimage\",\"url\":\"https:\/\/agenciainfra.com\/blog\/wp-content\/uploads\/2022\/05\/enel-divulgacao-e1771018989275.jpg\",\"contentUrl\":\"https:\/\/agenciainfra.com\/blog\/wp-content\/uploads\/2022\/05\/enel-divulgacao-e1771018989275.jpg\",\"width\":1280,\"height\":853,\"caption\":\"Foto: Enel\"},{\"@type\":\"BreadcrumbList\",\"@id\":\"https:\/\/agenciainfra.com\/blog\/diretor-geral-da-aneel-diz-que-enel-sp-melhorou-mas-que-e-preciso-avaliar-se-e-suficiente\/#breadcrumb\",\"itemListElement\":[{\"@type\":\"ListItem\",\"position\":1,\"name\":\"In\u00edcio\",\"item\":\"https:\/\/agenciainfra.com\/blog\/\"},{\"@type\":\"ListItem\",\"position\":2,\"name\":\"Diretor-geral da ANEEL diz que Enel SP melhorou, mas que \u00e9 preciso avaliar se \u00e9 suficiente\"}]},{\"@type\":\"WebSite\",\"@id\":\"https:\/\/agenciainfra.com\/blog\/#website\",\"url\":\"https:\/\/agenciainfra.com\/blog\/\",\"name\":\"Ag\u00eancia iNFRA\",\"description\":\"Multiplataforma de informa\u00e7\u00e3o jornal\u00edstica refer\u00eancia na \u00e1rea de infraestrutura no Brasil!\",\"publisher\":{\"@id\":\"https:\/\/agenciainfra.com\/blog\/#organization\"},\"potentialAction\":[{\"@type\":\"SearchAction\",\"target\":{\"@type\":\"EntryPoint\",\"urlTemplate\":\"https:\/\/agenciainfra.com\/blog\/?s={search_term_string}\"},\"query-input\":{\"@type\":\"PropertyValueSpecification\",\"valueRequired\":true,\"valueName\":\"search_term_string\"}}],\"inLanguage\":\"pt-BR\"},{\"@type\":\"Organization\",\"@id\":\"https:\/\/agenciainfra.com\/blog\/#organization\",\"name\":\"Ag\u00eancia iNFRA\",\"url\":\"https:\/\/agenciainfra.com\/blog\/\",\"logo\":{\"@type\":\"ImageObject\",\"inLanguage\":\"pt-BR\",\"@id\":\"https:\/\/agenciainfra.com\/blog\/#\/schema\/logo\/image\/\",\"url\":\"https:\/\/agenciainfra.com\/blog\/wp-content\/uploads\/2023\/09\/iNFRA_5-e1761735885940.png\",\"contentUrl\":\"https:\/\/agenciainfra.com\/blog\/wp-content\/uploads\/2023\/09\/iNFRA_5-e1761735885940.png\",\"width\":1672,\"height\":454,\"caption\":\"Ag\u00eancia iNFRA\"},\"image\":{\"@id\":\"https:\/\/agenciainfra.com\/blog\/#\/schema\/logo\/image\/\"},\"sameAs\":[\"https:\/\/www.facebook.com\/ageninfra\",\"https:\/\/x.com\/agencia_infra\",\"https:\/\/www.linkedin.com\/company\/ag\u00eanciainfra\/\",\"https:\/\/www.instagram.com\/agenciainfra\/\"]},{\"@type\":\"Person\",\"@id\":\"https:\/\/agenciainfra.com\/blog\/#\/schema\/person\/34af08dff6adea4cb22b06612ba7acfa\",\"name\":\"Ag\u00eancia iNFRA\",\"image\":{\"@type\":\"ImageObject\",\"inLanguage\":\"pt-BR\",\"@id\":\"https:\/\/agenciainfra.com\/blog\/#\/schema\/person\/image\/\",\"url\":\"https:\/\/secure.gravatar.com\/avatar\/d189e01678f06d8eb84d4e01f08eb848b3fffe3f8443818d3c356c66892f5be8?s=96&d=mm&r=g\",\"contentUrl\":\"https:\/\/secure.gravatar.com\/avatar\/d189e01678f06d8eb84d4e01f08eb848b3fffe3f8443818d3c356c66892f5be8?s=96&d=mm&r=g\",\"caption\":\"Ag\u00eancia iNFRA\"},\"url\":\"https:\/\/agenciainfra.com\/blog\/author\/admin\/\"}]}<\/script>\n<!-- \/ Yoast SEO Premium plugin. -->","yoast_head_json":{"title":"Diretor-geral da ANEEL diz que Enel SP melhorou, mas que \u00e9 preciso avaliar se \u00e9 suficiente - Ag\u00eancia iNFRA","robots":{"index":"index","follow":"follow","max-snippet":"max-snippet:-1","max-image-preview":"max-image-preview:large","max-video-preview":"max-video-preview:-1"},"canonical":"https:\/\/agenciainfra.com\/blog\/diretor-geral-da-aneel-diz-que-enel-sp-melhorou-mas-que-e-preciso-avaliar-se-e-suficiente\/","og_locale":"pt_BR","og_type":"article","og_title":"Diretor-geral da ANEEL diz que Enel SP melhorou, mas que \u00e9 preciso avaliar se \u00e9 suficiente","og_description":"Marisa Wanzeller, da Ag\u00eancia iNFRA O diretor-geral da ANEEL (Ag\u00eancia Nacional de Energia El\u00e9trica), Sandoval Feitosa, afirmou nesta quinta-feira (10) que a Enel S\u00e3o Paulo tem melhorado a sua performance operacional desde que a reguladora emitiu termo de intima\u00e7\u00e3o que pode levar \u00e0 recomenda\u00e7\u00e3o de caducidade da concess\u00e3o. No entanto, ele disse que \u00e9 preciso [&hellip;]","og_url":"https:\/\/agenciainfra.com\/blog\/diretor-geral-da-aneel-diz-que-enel-sp-melhorou-mas-que-e-preciso-avaliar-se-e-suficiente\/","og_site_name":"Ag\u00eancia iNFRA","article_publisher":"https:\/\/www.facebook.com\/ageninfra","article_published_time":"2025-04-11T12:00:00+00:00","article_modified_time":"2025-04-11T14:30:02+00:00","og_image":[{"width":1300,"height":866,"url":"https:\/\/agenciainfra.com\/blog\/wp-content\/uploads\/2022\/05\/enel-divulgacao.jpg","type":"image\/jpeg"}],"author":"Ag\u00eancia iNFRA","twitter_card":"summary_large_image","twitter_creator":"@agencia_infra","twitter_site":"@agencia_infra","twitter_misc":{"Escrito por":"Ag\u00eancia iNFRA","Est. tempo de leitura":"2 minutos"},"schema":{"@context":"https:\/\/schema.org","@graph":[{"@type":"Article","@id":"https:\/\/agenciainfra.com\/blog\/diretor-geral-da-aneel-diz-que-enel-sp-melhorou-mas-que-e-preciso-avaliar-se-e-suficiente\/#article","isPartOf":{"@id":"https:\/\/agenciainfra.com\/blog\/diretor-geral-da-aneel-diz-que-enel-sp-melhorou-mas-que-e-preciso-avaliar-se-e-suficiente\/"},"author":{"name":"Ag\u00eancia iNFRA","@id":"https:\/\/agenciainfra.com\/blog\/#\/schema\/person\/34af08dff6adea4cb22b06612ba7acfa"},"headline":"Diretor-geral da ANEEL diz que Enel SP melhorou, mas que \u00e9 preciso avaliar se \u00e9 suficiente","datePublished":"2025-04-11T12:00:00+00:00","dateModified":"2025-04-11T14:30:02+00:00","mainEntityOfPage":{"@id":"https:\/\/agenciainfra.com\/blog\/diretor-geral-da-aneel-diz-que-enel-sp-melhorou-mas-que-e-preciso-avaliar-se-e-suficiente\/"},"wordCount":407,"publisher":{"@id":"https:\/\/agenciainfra.com\/blog\/#organization"},"image":{"@id":"https:\/\/agenciainfra.com\/blog\/diretor-geral-da-aneel-diz-que-enel-sp-melhorou-mas-que-e-preciso-avaliar-se-e-suficiente\/#primaryimage"},"thumbnailUrl":"https:\/\/agenciainfra.com\/blog\/wp-content\/uploads\/2022\/05\/enel-divulgacao-e1771018989275.jpg","keywords":["ANEEL","apag\u00e3o","apag\u00e3o em sp","caducidade","caducidade da concess\u00e3o","Concess\u00e3o","curtailment","distribui\u00e7\u00e3o","ENEL SP","energia","energia el\u00e9trica","fiscaliza\u00e7\u00e3o","Marisa Wanzeller","MME","multa","Sandoval Feitosa","sinal locacional"],"articleSection":["Destaque lista","Geral","iNFRAEnergia"],"inLanguage":"pt-BR","copyrightYear":"2025","copyrightHolder":{"@id":"https:\/\/agenciainfra.com\/blog\/#organization"}},{"@type":"WebPage","@id":"https:\/\/agenciainfra.com\/blog\/diretor-geral-da-aneel-diz-que-enel-sp-melhorou-mas-que-e-preciso-avaliar-se-e-suficiente\/","url":"https:\/\/agenciainfra.com\/blog\/diretor-geral-da-aneel-diz-que-enel-sp-melhorou-mas-que-e-preciso-avaliar-se-e-suficiente\/","name":"Diretor-geral da ANEEL diz que Enel SP melhorou, mas que \u00e9 preciso avaliar se \u00e9 suficiente - Ag\u00eancia iNFRA","isPartOf":{"@id":"https:\/\/agenciainfra.com\/blog\/#website"},"primaryImageOfPage":{"@id":"https:\/\/agenciainfra.com\/blog\/diretor-geral-da-aneel-diz-que-enel-sp-melhorou-mas-que-e-preciso-avaliar-se-e-suficiente\/#primaryimage"},"image":{"@id":"https:\/\/agenciainfra.com\/blog\/diretor-geral-da-aneel-diz-que-enel-sp-melhorou-mas-que-e-preciso-avaliar-se-e-suficiente\/#primaryimage"},"thumbnailUrl":"https:\/\/agenciainfra.com\/blog\/wp-content\/uploads\/2022\/05\/enel-divulgacao-e1771018989275.jpg","datePublished":"2025-04-11T12:00:00+00:00","dateModified":"2025-04-11T14:30:02+00:00","breadcrumb":{"@id":"https:\/\/agenciainfra.com\/blog\/diretor-geral-da-aneel-diz-que-enel-sp-melhorou-mas-que-e-preciso-avaliar-se-e-suficiente\/#breadcrumb"},"inLanguage":"pt-BR","potentialAction":[{"@type":"ReadAction","target":["https:\/\/agenciainfra.com\/blog\/diretor-geral-da-aneel-diz-que-enel-sp-melhorou-mas-que-e-preciso-avaliar-se-e-suficiente\/"]}]},{"@type":"ImageObject","inLanguage":"pt-BR","@id":"https:\/\/agenciainfra.com\/blog\/diretor-geral-da-aneel-diz-que-enel-sp-melhorou-mas-que-e-preciso-avaliar-se-e-suficiente\/#primaryimage","url":"https:\/\/agenciainfra.com\/blog\/wp-content\/uploads\/2022\/05\/enel-divulgacao-e1771018989275.jpg","contentUrl":"https:\/\/agenciainfra.com\/blog\/wp-content\/uploads\/2022\/05\/enel-divulgacao-e1771018989275.jpg","width":1280,"height":853,"caption":"Foto: Enel"},{"@type":"BreadcrumbList","@id":"https:\/\/agenciainfra.com\/blog\/diretor-geral-da-aneel-diz-que-enel-sp-melhorou-mas-que-e-preciso-avaliar-se-e-suficiente\/#breadcrumb","itemListElement":[{"@type":"ListItem","position":1,"name":"In\u00edcio","item":"https:\/\/agenciainfra.com\/blog\/"},{"@type":"ListItem","position":2,"name":"Diretor-geral da ANEEL diz que Enel SP melhorou, mas que \u00e9 preciso avaliar se \u00e9 suficiente"}]},{"@type":"WebSite","@id":"https:\/\/agenciainfra.com\/blog\/#website","url":"https:\/\/agenciainfra.com\/blog\/","name":"Ag\u00eancia iNFRA","description":"Multiplataforma de informa\u00e7\u00e3o jornal\u00edstica refer\u00eancia na \u00e1rea de infraestrutura no Brasil!","publisher":{"@id":"https:\/\/agenciainfra.com\/blog\/#organization"},"potentialAction":[{"@type":"SearchAction","target":{"@type":"EntryPoint","urlTemplate":"https:\/\/agenciainfra.com\/blog\/?s={search_term_string}"},"query-input":{"@type":"PropertyValueSpecification","valueRequired":true,"valueName":"search_term_string"}}],"inLanguage":"pt-BR"},{"@type":"Organization","@id":"https:\/\/agenciainfra.com\/blog\/#organization","name":"Ag\u00eancia iNFRA","url":"https:\/\/agenciainfra.com\/blog\/","logo":{"@type":"ImageObject","inLanguage":"pt-BR","@id":"https:\/\/agenciainfra.com\/blog\/#\/schema\/logo\/image\/","url":"https:\/\/agenciainfra.com\/blog\/wp-content\/uploads\/2023\/09\/iNFRA_5-e1761735885940.png","contentUrl":"https:\/\/agenciainfra.com\/blog\/wp-content\/uploads\/2023\/09\/iNFRA_5-e1761735885940.png","width":1672,"height":454,"caption":"Ag\u00eancia iNFRA"},"image":{"@id":"https:\/\/agenciainfra.com\/blog\/#\/schema\/logo\/image\/"},"sameAs":["https:\/\/www.facebook.com\/ageninfra","https:\/\/x.com\/agencia_infra","https:\/\/www.linkedin.com\/company\/ag\u00eanciainfra\/","https:\/\/www.instagram.com\/agenciainfra\/"]},{"@type":"Person","@id":"https:\/\/agenciainfra.com\/blog\/#\/schema\/person\/34af08dff6adea4cb22b06612ba7acfa","name":"Ag\u00eancia iNFRA","image":{"@type":"ImageObject","inLanguage":"pt-BR","@id":"https:\/\/agenciainfra.com\/blog\/#\/schema\/person\/image\/","url":"https:\/\/secure.gravatar.com\/avatar\/d189e01678f06d8eb84d4e01f08eb848b3fffe3f8443818d3c356c66892f5be8?s=96&d=mm&r=g","contentUrl":"https:\/\/secure.gravatar.com\/avatar\/d189e01678f06d8eb84d4e01f08eb848b3fffe3f8443818d3c356c66892f5be8?s=96&d=mm&r=g","caption":"Ag\u00eancia iNFRA"},"url":"https:\/\/agenciainfra.com\/blog\/author\/admin\/"}]}},"_links":{"self":[{"href":"https:\/\/agenciainfra.com\/blog\/wp-json\/wp\/v2\/posts\/20919","targetHints":{"allow":["GET"]}}],"collection":[{"href":"https:\/\/agenciainfra.com\/blog\/wp-json\/wp\/v2\/posts"}],"about":[{"href":"https:\/\/agenciainfra.com\/blog\/wp-json\/wp\/v2\/types\/post"}],"author":[{"embeddable":true,"href":"https:\/\/agenciainfra.com\/blog\/wp-json\/wp\/v2\/users\/1"}],"replies":[{"embeddable":true,"href":"https:\/\/agenciainfra.com\/blog\/wp-json\/wp\/v2\/comments?post=20919"}],"version-history":[{"count":1,"href":"https:\/\/agenciainfra.com\/blog\/wp-json\/wp\/v2\/posts\/20919\/revisions"}],"predecessor-version":[{"id":20920,"href":"https:\/\/agenciainfra.com\/blog\/wp-json\/wp\/v2\/posts\/20919\/revisions\/20920"}],"wp:featuredmedia":[{"embeddable":true,"href":"https:\/\/agenciainfra.com\/blog\/wp-json\/wp\/v2\/media\/10277"}],"wp:attachment":[{"href":"https:\/\/agenciainfra.com\/blog\/wp-json\/wp\/v2\/media?parent=20919"}],"wp:term":[{"taxonomy":"category","embeddable":true,"href":"https:\/\/agenciainfra.com\/blog\/wp-json\/wp\/v2\/categories?post=20919"},{"taxonomy":"post_tag","embeddable":true,"href":"https:\/\/agenciainfra.com\/blog\/wp-json\/wp\/v2\/tags?post=20919"}],"curies":[{"name":"wp","href":"https:\/\/api.w.org\/{rel}","templated":true}]}}