{"id":20947,"date":"2025-04-14T09:00:00","date_gmt":"2025-04-14T12:00:00","guid":{"rendered":"https:\/\/agenciainfra.com\/blog\/?p=20947"},"modified":"2025-04-16T11:55:16","modified_gmt":"2025-04-16T14:55:16","slug":"integrantes-do-governo-nao-veem-clima-para-enviar-reforma-do-setor-eletrico-ao-congresso","status":"publish","type":"post","link":"https:\/\/agenciainfra.com\/blog\/integrantes-do-governo-nao-veem-clima-para-enviar-reforma-do-setor-eletrico-ao-congresso\/","title":{"rendered":"Integrantes do governo n\u00e3o veem clima para enviar reforma do setor el\u00e9trico ao congresso"},"content":{"rendered":"\n<p class=\"has-text-align-right\"><strong>Marisa Wanzeller e Geraldo Campos Jr., da Ag\u00eancia iNFRA<\/strong><\/p>\n\n\n\n<p>Membros do governo federal n\u00e3o veem clima para enviar uma reforma do setor el\u00e9trico ao Congresso Nacional. A avalia\u00e7\u00e3o \u00e9 que tentar aprovar um projeto dessa magnitude poderia causar muito desgaste ao presidente Lula no pen\u00faltimo ano de seu mandato, disseram fontes palacianas \u00e0<strong> Ag\u00eancia iNFRA<\/strong>.<\/p>\n\n\n\n<p>O projeto anunciado pelo ministro de Minas e Energia, Alexandre Silveira, ainda ser\u00e1 enviado para o escrut\u00ednio da Casa Civil, de onde corre risco de n\u00e3o sair. A decis\u00e3o de enviar ou n\u00e3o ao Congresso ainda passar\u00e1 pela SRI (Secretaria de Rela\u00e7\u00f5es Institucionais), que cuida da articula\u00e7\u00e3o pol\u00edtica do governo, e, em \u00faltima inst\u00e2ncia, pelo pr\u00f3prio presidente.<\/p>\n\n\n\n<p>A avalia\u00e7\u00e3o de uma ala do Planalto \u00e9 que o foco, agora, faltando pouco mais de um ano para o in\u00edcio da disputa eleitoral de 2026, deve ser em projetos que rendam a Lula mais capital pol\u00edtico e ajudem a recuperar a sua popularidade, em queda nas \u00faltimas pesquisas de opini\u00e3o.<\/p>\n\n\n\n<p>Entraria&nbsp;nessa conta, por exemplo, o aumento da faixa de isen\u00e7\u00e3o do IR (Imposto de Renda). Por outro lado, acabariam ficando de fora projetos considerados delicados, como&nbsp;a reforma de um setor complexo que \u00e9 o de energia.&nbsp;<\/p>\n\n\n\n<p><strong>\u201cTrunfo na manga\u201d<\/strong><br>A ideia de isen\u00e7\u00e3o na conta de luz para mais de 60 milh\u00f5es de consumidores, no entanto, pode ser o \u201ctrunfo na manga\u201d do ministro de Minas e Energia, disseram fontes. Dessa forma, Silveira pode conseguir convencer Lula de que o projeto de lei ajudar\u00e1 sua popularidade na reta final do atual mandato.&nbsp;<\/p>\n\n\n\n<p>Na semana passada, Silveira <a href=\"https:\/\/agenciainfra.com\/blog\/reforma-do-setor-deve-isentar-60-milhoes-de-pessoas-da-conta-de-luz-com-consumo-de-ate-80-kwh-diz-ministro\/\" target=\"_blank\" rel=\"noreferrer noopener\">anunciou<\/a> que o texto daria gratuidade a fam\u00edlias que consomem at\u00e9 80 kWh (quilowatt-hora) por m\u00eas, numa expans\u00e3o da Tarifa Social a ser custeada pela CDE (Conta de Desenvolvimento Energ\u00e9tico). A proposta ainda inclui a isen\u00e7\u00e3o de pagamento da CDE a todas as fam\u00edlias inscritas no Cad\u00danico com renda de at\u00e9 um sal\u00e1rio m\u00ednimo.<\/p>\n\n\n\n<p>Logo ap\u00f3s o an\u00fancio, no entanto, o ministro da Fazenda, Fernando Haddad, disse a jornalistas que n\u00e3o era de conhecimento do Pal\u00e1cio do Planalto e do Minist\u00e9rio da Fazenda nenhum projeto para ampliar a Tarifa Social de energia.<\/p>\n\n\n\n<p>Segundo fontes, a fala n\u00e3o desagradou ao ministro Silveira, que acredita que a sua ideia ser\u00e1 comprada por Lula independentemente de um consenso interno no governo.&nbsp;<\/p>\n\n\n\n<p><strong>Fatiamento do projeto<\/strong><br>Uma proposta levada a p\u00fablico pelo deputado Arnaldo Jardim (Cidadania-SP) seria fatiar o projeto para facilitar a tramita\u00e7\u00e3o no Congresso Nacional. O parlamentar questionou, durante discurso no F\u00f3rum de L\u00edderes em Energia na \u00faltima sexta-feira (11), se o governo teria articula\u00e7\u00e3o pol\u00edtica para aprovar uma \u201cgrande reforma\u201d do setor el\u00e9trico.&nbsp;<\/p>\n\n\n\n<p>\u201cAcho que tem que ser fatiado, se ficarmos esperando uma proposta global de reforma, acho que n\u00e3o andaremos. (\u2026) Vamos fazer aperfei\u00e7oamentos do setor em vez de ficar sonhando com uma grande reforma, que ter\u00e1 dificuldade de articula\u00e7\u00e3o&#8221;, declarou o deputado na ocasi\u00e3o.<\/p>\n\n\n\n<p><strong>A proposta do MME<\/strong><br>O texto em fase final de elabora\u00e7\u00e3o pelo Minist\u00e9rio de Minas e Energia tem tr\u00eas eixos, segundo Silveira. S\u00e3o eles: 1) justi\u00e7a tarif\u00e1ria, onde deve entrar a amplia\u00e7\u00e3o da Tarifa Social; 2) liberdade para o consumidor, com amplia\u00e7\u00e3o da abertura de mercado; e 3) reequil\u00edbrio do setor.<\/p>\n\n\n\n<p>O eixo 2 permitiria que a abertura do mercado para o consumidor de baixa tens\u00e3o iniciasse no fim de 2026, de acordo com o ministro. Isso come\u00e7aria com a possibilidade de ades\u00e3o do restante do setor industrial, com uma expans\u00e3o escalonada para atingir o segmento residencial at\u00e9 o fim de 2027.<\/p>\n\n\n\n<p>J\u00e1 no eixo 3, a ideia \u00e9 propor \u201cuma corre\u00e7\u00e3o\u201d dos subs\u00eddios, visando a aliviar a CDE, e um novo modelo de compartilhamento de custos e encargos entre os consumidores cativos e livres, como o de seguran\u00e7a do sistema.<\/p>\n","protected":false},"excerpt":{"rendered":"<p>Marisa Wanzeller e Geraldo Campos Jr., da Ag\u00eancia iNFRA Membros do governo federal n\u00e3o veem clima para enviar uma reforma do setor el\u00e9trico ao Congresso Nacional. A avalia\u00e7\u00e3o \u00e9 que tentar aprovar um projeto dessa magnitude poderia causar muito desgaste ao presidente Lula no pen\u00faltimo ano de seu mandato, disseram fontes palacianas \u00e0 Ag\u00eancia iNFRA. [&hellip;]<\/p>\n","protected":false},"author":1,"featured_media":10230,"comment_status":"closed","ping_status":"closed","sticky":false,"template":"","format":"standard","meta":{"_monsterinsights_skip_tracking":false,"_monsterinsights_sitenote_active":false,"_monsterinsights_sitenote_note":"","_monsterinsights_sitenote_category":0,"footnotes":""},"categories":[9714,1,10],"tags":[5951,56,13,122,11594,13058,7366,12541,71,10710,3797,13059,1386],"class_list":["post-20947","post","type-post","status-publish","format-standard","has-post-thumbnail","hentry","category-destaque-menor","category-geral","category-infraenergia","tag-abertura-do-mercado","tag-cde","tag-consumo-de-energia","tag-conta-de-luz","tag-geraldo-campos-jr","tag-isencao-de-tarifa","tag-marisa-wanzeller","tag-ministro-alexandre-silveira","tag-mme","tag-reforma-do-setor-eletrico","tag-tarifa-social","tag-tarifa-social-de-energia","tag-tarifas-de-energia"],"yoast_head":"<!-- This site is optimized with the Yoast SEO Premium plugin v25.4 (Yoast SEO v26.0) - https:\/\/yoast.com\/wordpress\/plugins\/seo\/ -->\n<title>Integrantes do governo n\u00e3o veem clima para enviar reforma do setor el\u00e9trico ao congresso - Ag\u00eancia iNFRA<\/title>\n<meta name=\"robots\" content=\"index, follow, max-snippet:-1, max-image-preview:large, max-video-preview:-1\" \/>\n<link rel=\"canonical\" href=\"https:\/\/agenciainfra.com\/blog\/integrantes-do-governo-nao-veem-clima-para-enviar-reforma-do-setor-eletrico-ao-congresso\/\" \/>\n<meta property=\"og:locale\" content=\"pt_BR\" \/>\n<meta property=\"og:type\" content=\"article\" \/>\n<meta property=\"og:title\" content=\"Integrantes do governo n\u00e3o veem clima para enviar reforma do setor el\u00e9trico ao congresso\" \/>\n<meta property=\"og:description\" content=\"Marisa Wanzeller e Geraldo Campos Jr., da Ag\u00eancia iNFRA Membros do governo federal n\u00e3o veem clima para enviar uma reforma do setor el\u00e9trico ao Congresso Nacional. A avalia\u00e7\u00e3o \u00e9 que tentar aprovar um projeto dessa magnitude poderia causar muito desgaste ao presidente Lula no pen\u00faltimo ano de seu mandato, disseram fontes palacianas \u00e0 Ag\u00eancia iNFRA. [&hellip;]\" \/>\n<meta property=\"og:url\" content=\"https:\/\/agenciainfra.com\/blog\/integrantes-do-governo-nao-veem-clima-para-enviar-reforma-do-setor-eletrico-ao-congresso\/\" \/>\n<meta property=\"og:site_name\" content=\"Ag\u00eancia iNFRA\" \/>\n<meta property=\"article:publisher\" content=\"https:\/\/www.facebook.com\/ageninfra\" \/>\n<meta property=\"article:published_time\" content=\"2025-04-14T12:00:00+00:00\" \/>\n<meta property=\"article:modified_time\" content=\"2025-04-16T14:55:16+00:00\" \/>\n<meta property=\"og:image\" content=\"https:\/\/agenciainfra.com\/blog\/wp-content\/uploads\/2022\/05\/energia-eletrica-lampada-foto-dominio-publico.jpg\" \/>\n\t<meta property=\"og:image:width\" content=\"1920\" \/>\n\t<meta property=\"og:image:height\" content=\"1084\" \/>\n\t<meta property=\"og:image:type\" content=\"image\/jpeg\" \/>\n<meta name=\"author\" content=\"Ag\u00eancia iNFRA\" \/>\n<meta name=\"twitter:card\" content=\"summary_large_image\" \/>\n<meta name=\"twitter:creator\" content=\"@agencia_infra\" \/>\n<meta name=\"twitter:site\" content=\"@agencia_infra\" \/>\n<meta name=\"twitter:label1\" content=\"Escrito por\" \/>\n\t<meta name=\"twitter:data1\" content=\"Ag\u00eancia iNFRA\" \/>\n\t<meta name=\"twitter:label2\" content=\"Est. tempo de leitura\" \/>\n\t<meta name=\"twitter:data2\" content=\"3 minutos\" \/>\n<script type=\"application\/ld+json\" class=\"yoast-schema-graph\">{\"@context\":\"https:\/\/schema.org\",\"@graph\":[{\"@type\":\"Article\",\"@id\":\"https:\/\/agenciainfra.com\/blog\/integrantes-do-governo-nao-veem-clima-para-enviar-reforma-do-setor-eletrico-ao-congresso\/#article\",\"isPartOf\":{\"@id\":\"https:\/\/agenciainfra.com\/blog\/integrantes-do-governo-nao-veem-clima-para-enviar-reforma-do-setor-eletrico-ao-congresso\/\"},\"author\":{\"name\":\"Ag\u00eancia iNFRA\",\"@id\":\"https:\/\/agenciainfra.com\/blog\/#\/schema\/person\/34af08dff6adea4cb22b06612ba7acfa\"},\"headline\":\"Integrantes do governo n\u00e3o veem clima para enviar reforma do setor el\u00e9trico ao congresso\",\"datePublished\":\"2025-04-14T12:00:00+00:00\",\"dateModified\":\"2025-04-16T14:55:16+00:00\",\"mainEntityOfPage\":{\"@id\":\"https:\/\/agenciainfra.com\/blog\/integrantes-do-governo-nao-veem-clima-para-enviar-reforma-do-setor-eletrico-ao-congresso\/\"},\"wordCount\":685,\"publisher\":{\"@id\":\"https:\/\/agenciainfra.com\/blog\/#organization\"},\"image\":{\"@id\":\"https:\/\/agenciainfra.com\/blog\/integrantes-do-governo-nao-veem-clima-para-enviar-reforma-do-setor-eletrico-ao-congresso\/#primaryimage\"},\"thumbnailUrl\":\"https:\/\/agenciainfra.com\/blog\/wp-content\/uploads\/2022\/05\/energia-eletrica-lampada-foto-dominio-publico.jpg\",\"keywords\":[\"abertura do mercado\",\"CDE\",\"consumo de energia\",\"Conta de Luz\",\"Geraldo Campos Jr.\",\"isen\u00e7\u00e3o de tarifa\",\"Marisa Wanzeller\",\"Ministro Alexandre Silveira\",\"MME\",\"Reforma do Setor El\u00e9trico\",\"Tarifa Social\",\"tarifa social de energia\",\"tarifas de energia\"],\"articleSection\":[\"Destaque Menor\",\"Geral\",\"iNFRAEnergia\"],\"inLanguage\":\"pt-BR\",\"copyrightYear\":\"2025\",\"copyrightHolder\":{\"@id\":\"https:\/\/agenciainfra.com\/blog\/#organization\"}},{\"@type\":\"WebPage\",\"@id\":\"https:\/\/agenciainfra.com\/blog\/integrantes-do-governo-nao-veem-clima-para-enviar-reforma-do-setor-eletrico-ao-congresso\/\",\"url\":\"https:\/\/agenciainfra.com\/blog\/integrantes-do-governo-nao-veem-clima-para-enviar-reforma-do-setor-eletrico-ao-congresso\/\",\"name\":\"Integrantes do governo n\u00e3o veem clima para enviar reforma do setor el\u00e9trico ao congresso - Ag\u00eancia iNFRA\",\"isPartOf\":{\"@id\":\"https:\/\/agenciainfra.com\/blog\/#website\"},\"primaryImageOfPage\":{\"@id\":\"https:\/\/agenciainfra.com\/blog\/integrantes-do-governo-nao-veem-clima-para-enviar-reforma-do-setor-eletrico-ao-congresso\/#primaryimage\"},\"image\":{\"@id\":\"https:\/\/agenciainfra.com\/blog\/integrantes-do-governo-nao-veem-clima-para-enviar-reforma-do-setor-eletrico-ao-congresso\/#primaryimage\"},\"thumbnailUrl\":\"https:\/\/agenciainfra.com\/blog\/wp-content\/uploads\/2022\/05\/energia-eletrica-lampada-foto-dominio-publico.jpg\",\"datePublished\":\"2025-04-14T12:00:00+00:00\",\"dateModified\":\"2025-04-16T14:55:16+00:00\",\"breadcrumb\":{\"@id\":\"https:\/\/agenciainfra.com\/blog\/integrantes-do-governo-nao-veem-clima-para-enviar-reforma-do-setor-eletrico-ao-congresso\/#breadcrumb\"},\"inLanguage\":\"pt-BR\",\"potentialAction\":[{\"@type\":\"ReadAction\",\"target\":[\"https:\/\/agenciainfra.com\/blog\/integrantes-do-governo-nao-veem-clima-para-enviar-reforma-do-setor-eletrico-ao-congresso\/\"]}]},{\"@type\":\"ImageObject\",\"inLanguage\":\"pt-BR\",\"@id\":\"https:\/\/agenciainfra.com\/blog\/integrantes-do-governo-nao-veem-clima-para-enviar-reforma-do-setor-eletrico-ao-congresso\/#primaryimage\",\"url\":\"https:\/\/agenciainfra.com\/blog\/wp-content\/uploads\/2022\/05\/energia-eletrica-lampada-foto-dominio-publico.jpg\",\"contentUrl\":\"https:\/\/agenciainfra.com\/blog\/wp-content\/uploads\/2022\/05\/energia-eletrica-lampada-foto-dominio-publico.jpg\",\"width\":1920,\"height\":1084,\"caption\":\"Foto: Dom\u00ednio p\u00fablico\"},{\"@type\":\"BreadcrumbList\",\"@id\":\"https:\/\/agenciainfra.com\/blog\/integrantes-do-governo-nao-veem-clima-para-enviar-reforma-do-setor-eletrico-ao-congresso\/#breadcrumb\",\"itemListElement\":[{\"@type\":\"ListItem\",\"position\":1,\"name\":\"In\u00edcio\",\"item\":\"https:\/\/agenciainfra.com\/blog\/\"},{\"@type\":\"ListItem\",\"position\":2,\"name\":\"Integrantes do governo n\u00e3o veem clima para enviar reforma do setor el\u00e9trico ao congresso\"}]},{\"@type\":\"WebSite\",\"@id\":\"https:\/\/agenciainfra.com\/blog\/#website\",\"url\":\"https:\/\/agenciainfra.com\/blog\/\",\"name\":\"Ag\u00eancia iNFRA\",\"description\":\"Multiplataforma de informa\u00e7\u00e3o jornal\u00edstica refer\u00eancia na \u00e1rea de infraestrutura no Brasil!\",\"publisher\":{\"@id\":\"https:\/\/agenciainfra.com\/blog\/#organization\"},\"potentialAction\":[{\"@type\":\"SearchAction\",\"target\":{\"@type\":\"EntryPoint\",\"urlTemplate\":\"https:\/\/agenciainfra.com\/blog\/?s={search_term_string}\"},\"query-input\":{\"@type\":\"PropertyValueSpecification\",\"valueRequired\":true,\"valueName\":\"search_term_string\"}}],\"inLanguage\":\"pt-BR\"},{\"@type\":\"Organization\",\"@id\":\"https:\/\/agenciainfra.com\/blog\/#organization\",\"name\":\"Ag\u00eancia iNFRA\",\"url\":\"https:\/\/agenciainfra.com\/blog\/\",\"logo\":{\"@type\":\"ImageObject\",\"inLanguage\":\"pt-BR\",\"@id\":\"https:\/\/agenciainfra.com\/blog\/#\/schema\/logo\/image\/\",\"url\":\"https:\/\/agenciainfra.com\/blog\/wp-content\/uploads\/2023\/09\/iNFRA_5-e1761735885940.png\",\"contentUrl\":\"https:\/\/agenciainfra.com\/blog\/wp-content\/uploads\/2023\/09\/iNFRA_5-e1761735885940.png\",\"width\":1672,\"height\":454,\"caption\":\"Ag\u00eancia iNFRA\"},\"image\":{\"@id\":\"https:\/\/agenciainfra.com\/blog\/#\/schema\/logo\/image\/\"},\"sameAs\":[\"https:\/\/www.facebook.com\/ageninfra\",\"https:\/\/x.com\/agencia_infra\",\"https:\/\/www.linkedin.com\/company\/ag\u00eanciainfra\/\",\"https:\/\/www.instagram.com\/agenciainfra\/\"]},{\"@type\":\"Person\",\"@id\":\"https:\/\/agenciainfra.com\/blog\/#\/schema\/person\/34af08dff6adea4cb22b06612ba7acfa\",\"name\":\"Ag\u00eancia iNFRA\",\"image\":{\"@type\":\"ImageObject\",\"inLanguage\":\"pt-BR\",\"@id\":\"https:\/\/agenciainfra.com\/blog\/#\/schema\/person\/image\/\",\"url\":\"https:\/\/secure.gravatar.com\/avatar\/d189e01678f06d8eb84d4e01f08eb848b3fffe3f8443818d3c356c66892f5be8?s=96&d=mm&r=g\",\"contentUrl\":\"https:\/\/secure.gravatar.com\/avatar\/d189e01678f06d8eb84d4e01f08eb848b3fffe3f8443818d3c356c66892f5be8?s=96&d=mm&r=g\",\"caption\":\"Ag\u00eancia iNFRA\"},\"url\":\"https:\/\/agenciainfra.com\/blog\/author\/admin\/\"}]}<\/script>\n<!-- \/ Yoast SEO Premium plugin. -->","yoast_head_json":{"title":"Integrantes do governo n\u00e3o veem clima para enviar reforma do setor el\u00e9trico ao congresso - Ag\u00eancia iNFRA","robots":{"index":"index","follow":"follow","max-snippet":"max-snippet:-1","max-image-preview":"max-image-preview:large","max-video-preview":"max-video-preview:-1"},"canonical":"https:\/\/agenciainfra.com\/blog\/integrantes-do-governo-nao-veem-clima-para-enviar-reforma-do-setor-eletrico-ao-congresso\/","og_locale":"pt_BR","og_type":"article","og_title":"Integrantes do governo n\u00e3o veem clima para enviar reforma do setor el\u00e9trico ao congresso","og_description":"Marisa Wanzeller e Geraldo Campos Jr., da Ag\u00eancia iNFRA Membros do governo federal n\u00e3o veem clima para enviar uma reforma do setor el\u00e9trico ao Congresso Nacional. A avalia\u00e7\u00e3o \u00e9 que tentar aprovar um projeto dessa magnitude poderia causar muito desgaste ao presidente Lula no pen\u00faltimo ano de seu mandato, disseram fontes palacianas \u00e0 Ag\u00eancia iNFRA. [&hellip;]","og_url":"https:\/\/agenciainfra.com\/blog\/integrantes-do-governo-nao-veem-clima-para-enviar-reforma-do-setor-eletrico-ao-congresso\/","og_site_name":"Ag\u00eancia iNFRA","article_publisher":"https:\/\/www.facebook.com\/ageninfra","article_published_time":"2025-04-14T12:00:00+00:00","article_modified_time":"2025-04-16T14:55:16+00:00","og_image":[{"width":1920,"height":1084,"url":"https:\/\/agenciainfra.com\/blog\/wp-content\/uploads\/2022\/05\/energia-eletrica-lampada-foto-dominio-publico.jpg","type":"image\/jpeg"}],"author":"Ag\u00eancia iNFRA","twitter_card":"summary_large_image","twitter_creator":"@agencia_infra","twitter_site":"@agencia_infra","twitter_misc":{"Escrito por":"Ag\u00eancia iNFRA","Est. tempo de leitura":"3 minutos"},"schema":{"@context":"https:\/\/schema.org","@graph":[{"@type":"Article","@id":"https:\/\/agenciainfra.com\/blog\/integrantes-do-governo-nao-veem-clima-para-enviar-reforma-do-setor-eletrico-ao-congresso\/#article","isPartOf":{"@id":"https:\/\/agenciainfra.com\/blog\/integrantes-do-governo-nao-veem-clima-para-enviar-reforma-do-setor-eletrico-ao-congresso\/"},"author":{"name":"Ag\u00eancia iNFRA","@id":"https:\/\/agenciainfra.com\/blog\/#\/schema\/person\/34af08dff6adea4cb22b06612ba7acfa"},"headline":"Integrantes do governo n\u00e3o veem clima para enviar reforma do setor el\u00e9trico ao congresso","datePublished":"2025-04-14T12:00:00+00:00","dateModified":"2025-04-16T14:55:16+00:00","mainEntityOfPage":{"@id":"https:\/\/agenciainfra.com\/blog\/integrantes-do-governo-nao-veem-clima-para-enviar-reforma-do-setor-eletrico-ao-congresso\/"},"wordCount":685,"publisher":{"@id":"https:\/\/agenciainfra.com\/blog\/#organization"},"image":{"@id":"https:\/\/agenciainfra.com\/blog\/integrantes-do-governo-nao-veem-clima-para-enviar-reforma-do-setor-eletrico-ao-congresso\/#primaryimage"},"thumbnailUrl":"https:\/\/agenciainfra.com\/blog\/wp-content\/uploads\/2022\/05\/energia-eletrica-lampada-foto-dominio-publico.jpg","keywords":["abertura do mercado","CDE","consumo de energia","Conta de Luz","Geraldo Campos Jr.","isen\u00e7\u00e3o de tarifa","Marisa Wanzeller","Ministro Alexandre Silveira","MME","Reforma do Setor El\u00e9trico","Tarifa Social","tarifa social de energia","tarifas de energia"],"articleSection":["Destaque Menor","Geral","iNFRAEnergia"],"inLanguage":"pt-BR","copyrightYear":"2025","copyrightHolder":{"@id":"https:\/\/agenciainfra.com\/blog\/#organization"}},{"@type":"WebPage","@id":"https:\/\/agenciainfra.com\/blog\/integrantes-do-governo-nao-veem-clima-para-enviar-reforma-do-setor-eletrico-ao-congresso\/","url":"https:\/\/agenciainfra.com\/blog\/integrantes-do-governo-nao-veem-clima-para-enviar-reforma-do-setor-eletrico-ao-congresso\/","name":"Integrantes do governo n\u00e3o veem clima para enviar reforma do setor el\u00e9trico ao congresso - Ag\u00eancia iNFRA","isPartOf":{"@id":"https:\/\/agenciainfra.com\/blog\/#website"},"primaryImageOfPage":{"@id":"https:\/\/agenciainfra.com\/blog\/integrantes-do-governo-nao-veem-clima-para-enviar-reforma-do-setor-eletrico-ao-congresso\/#primaryimage"},"image":{"@id":"https:\/\/agenciainfra.com\/blog\/integrantes-do-governo-nao-veem-clima-para-enviar-reforma-do-setor-eletrico-ao-congresso\/#primaryimage"},"thumbnailUrl":"https:\/\/agenciainfra.com\/blog\/wp-content\/uploads\/2022\/05\/energia-eletrica-lampada-foto-dominio-publico.jpg","datePublished":"2025-04-14T12:00:00+00:00","dateModified":"2025-04-16T14:55:16+00:00","breadcrumb":{"@id":"https:\/\/agenciainfra.com\/blog\/integrantes-do-governo-nao-veem-clima-para-enviar-reforma-do-setor-eletrico-ao-congresso\/#breadcrumb"},"inLanguage":"pt-BR","potentialAction":[{"@type":"ReadAction","target":["https:\/\/agenciainfra.com\/blog\/integrantes-do-governo-nao-veem-clima-para-enviar-reforma-do-setor-eletrico-ao-congresso\/"]}]},{"@type":"ImageObject","inLanguage":"pt-BR","@id":"https:\/\/agenciainfra.com\/blog\/integrantes-do-governo-nao-veem-clima-para-enviar-reforma-do-setor-eletrico-ao-congresso\/#primaryimage","url":"https:\/\/agenciainfra.com\/blog\/wp-content\/uploads\/2022\/05\/energia-eletrica-lampada-foto-dominio-publico.jpg","contentUrl":"https:\/\/agenciainfra.com\/blog\/wp-content\/uploads\/2022\/05\/energia-eletrica-lampada-foto-dominio-publico.jpg","width":1920,"height":1084,"caption":"Foto: Dom\u00ednio p\u00fablico"},{"@type":"BreadcrumbList","@id":"https:\/\/agenciainfra.com\/blog\/integrantes-do-governo-nao-veem-clima-para-enviar-reforma-do-setor-eletrico-ao-congresso\/#breadcrumb","itemListElement":[{"@type":"ListItem","position":1,"name":"In\u00edcio","item":"https:\/\/agenciainfra.com\/blog\/"},{"@type":"ListItem","position":2,"name":"Integrantes do governo n\u00e3o veem clima para enviar reforma do setor el\u00e9trico ao congresso"}]},{"@type":"WebSite","@id":"https:\/\/agenciainfra.com\/blog\/#website","url":"https:\/\/agenciainfra.com\/blog\/","name":"Ag\u00eancia iNFRA","description":"Multiplataforma de informa\u00e7\u00e3o jornal\u00edstica refer\u00eancia na \u00e1rea de infraestrutura no Brasil!","publisher":{"@id":"https:\/\/agenciainfra.com\/blog\/#organization"},"potentialAction":[{"@type":"SearchAction","target":{"@type":"EntryPoint","urlTemplate":"https:\/\/agenciainfra.com\/blog\/?s={search_term_string}"},"query-input":{"@type":"PropertyValueSpecification","valueRequired":true,"valueName":"search_term_string"}}],"inLanguage":"pt-BR"},{"@type":"Organization","@id":"https:\/\/agenciainfra.com\/blog\/#organization","name":"Ag\u00eancia iNFRA","url":"https:\/\/agenciainfra.com\/blog\/","logo":{"@type":"ImageObject","inLanguage":"pt-BR","@id":"https:\/\/agenciainfra.com\/blog\/#\/schema\/logo\/image\/","url":"https:\/\/agenciainfra.com\/blog\/wp-content\/uploads\/2023\/09\/iNFRA_5-e1761735885940.png","contentUrl":"https:\/\/agenciainfra.com\/blog\/wp-content\/uploads\/2023\/09\/iNFRA_5-e1761735885940.png","width":1672,"height":454,"caption":"Ag\u00eancia iNFRA"},"image":{"@id":"https:\/\/agenciainfra.com\/blog\/#\/schema\/logo\/image\/"},"sameAs":["https:\/\/www.facebook.com\/ageninfra","https:\/\/x.com\/agencia_infra","https:\/\/www.linkedin.com\/company\/ag\u00eanciainfra\/","https:\/\/www.instagram.com\/agenciainfra\/"]},{"@type":"Person","@id":"https:\/\/agenciainfra.com\/blog\/#\/schema\/person\/34af08dff6adea4cb22b06612ba7acfa","name":"Ag\u00eancia iNFRA","image":{"@type":"ImageObject","inLanguage":"pt-BR","@id":"https:\/\/agenciainfra.com\/blog\/#\/schema\/person\/image\/","url":"https:\/\/secure.gravatar.com\/avatar\/d189e01678f06d8eb84d4e01f08eb848b3fffe3f8443818d3c356c66892f5be8?s=96&d=mm&r=g","contentUrl":"https:\/\/secure.gravatar.com\/avatar\/d189e01678f06d8eb84d4e01f08eb848b3fffe3f8443818d3c356c66892f5be8?s=96&d=mm&r=g","caption":"Ag\u00eancia iNFRA"},"url":"https:\/\/agenciainfra.com\/blog\/author\/admin\/"}]}},"_links":{"self":[{"href":"https:\/\/agenciainfra.com\/blog\/wp-json\/wp\/v2\/posts\/20947","targetHints":{"allow":["GET"]}}],"collection":[{"href":"https:\/\/agenciainfra.com\/blog\/wp-json\/wp\/v2\/posts"}],"about":[{"href":"https:\/\/agenciainfra.com\/blog\/wp-json\/wp\/v2\/types\/post"}],"author":[{"embeddable":true,"href":"https:\/\/agenciainfra.com\/blog\/wp-json\/wp\/v2\/users\/1"}],"replies":[{"embeddable":true,"href":"https:\/\/agenciainfra.com\/blog\/wp-json\/wp\/v2\/comments?post=20947"}],"version-history":[{"count":1,"href":"https:\/\/agenciainfra.com\/blog\/wp-json\/wp\/v2\/posts\/20947\/revisions"}],"predecessor-version":[{"id":20948,"href":"https:\/\/agenciainfra.com\/blog\/wp-json\/wp\/v2\/posts\/20947\/revisions\/20948"}],"wp:featuredmedia":[{"embeddable":true,"href":"https:\/\/agenciainfra.com\/blog\/wp-json\/wp\/v2\/media\/10230"}],"wp:attachment":[{"href":"https:\/\/agenciainfra.com\/blog\/wp-json\/wp\/v2\/media?parent=20947"}],"wp:term":[{"taxonomy":"category","embeddable":true,"href":"https:\/\/agenciainfra.com\/blog\/wp-json\/wp\/v2\/categories?post=20947"},{"taxonomy":"post_tag","embeddable":true,"href":"https:\/\/agenciainfra.com\/blog\/wp-json\/wp\/v2\/tags?post=20947"}],"curies":[{"name":"wp","href":"https:\/\/api.w.org\/{rel}","templated":true}]}}