{"id":20949,"date":"2025-04-14T10:00:00","date_gmt":"2025-04-14T13:00:00","guid":{"rendered":"https:\/\/agenciainfra.com\/blog\/?p=20949"},"modified":"2025-04-15T14:56:17","modified_gmt":"2025-04-15T17:56:17","slug":"futuro-das-concessoes-e-ppps-programacao-inclui-anuncio-sobre-pl-que-moderniza-legislacao","status":"publish","type":"post","link":"https:\/\/agenciainfra.com\/blog\/futuro-das-concessoes-e-ppps-programacao-inclui-anuncio-sobre-pl-que-moderniza-legislacao\/","title":{"rendered":"&#8220;Futuro das Concess\u00f5es e PPPs&#8221;: programa\u00e7\u00e3o inclui an\u00fancio sobre PL que moderniza legisla\u00e7\u00e3o"},"content":{"rendered":"\n<p class=\"has-text-align-right\"><strong>da Ag\u00eancia iNFRA<\/strong><\/p>\n\n\n\n<p>A programa\u00e7\u00e3o do evento \u201cFuturo das Concess\u00f5es e PPPs\u201d est\u00e1 fechada e promete levar debates de alto n\u00edvel ao B Hotel, em Bras\u00edlia, na tarde desta ter\u00e7a-feira, 15 de abril. Al\u00e9m disso, vale a pena esperar at\u00e9 o final, quando o deputado federal Arnaldo Jardim (Cidadania-SP) far\u00e1 um an\u00fancio sobre a tramita\u00e7\u00e3o do \u00a0<a href=\"https:\/\/www.camara.leg.br\/proposicoesWeb\/fichadetramitacao?idProposicao=2124888\" target=\"_blank\" rel=\"noreferrer noopener\">PL (Projeto de Lei) 7.063\/2017<\/a>, do qual \u00e9 relator na C\u00e2mara dos Deputados.<br>\u00a0<br>Especialistas atuantes nos setores p\u00fablico e privado confirmaram presen\u00e7a nas quatro mesas que comp\u00f5em o encontro. Para come\u00e7ar, a mesa de abertura contar\u00e1, al\u00e9m de Jardim, com o ministro de Portos e Aeroportos, Silvio Costa Filho, e com o vice-presidente do Senado Federal, Eduardo Gomes (PL-TO). Os tr\u00eas falar\u00e3o sobre &#8220;A Moderniza\u00e7\u00e3o das Leis de Concess\u00f5es e de PPPs&#8221;.<br>\u00a0<br>Na sequ\u00eancia, quatro convidados, sob media\u00e7\u00e3o de Brendon Ramos, CEO da Via Appia Concess\u00f5es, tratar\u00e3o de &#8220;Impactos Econ\u00f4micos da Moderniza\u00e7\u00e3o nos Contratos de Parceria&#8221;. S\u00e3o eles: o secret\u00e1rio-executivo do Minist\u00e9rio dos Transportes, George Santoro, ex-secret\u00e1rio de Fazenda de Alagoas; o secret\u00e1rio especial do Programa de Parcerias de Investimentos da Casa Civil (PPI), Marcus Cavalcanti; a superintendente do BNDES, Luciene Machado; e o CEO do MoveInfra, Ronei Glanzmann.<br>\u00a0<br>J\u00e1 os &#8220;Impactos Regulat\u00f3rios da Moderniza\u00e7\u00e3o nos Contratos de Parceria&#8221; \u00e9 o tema da terceira mesa da tarde. O tema ser\u00e1 discutido pelo diretor da ANTT Lucas Asfor; pela secret\u00e1ria Nacional de Transportes Rodovi\u00e1rios, Viviane Esse; pelo secret\u00e1rio de Controle Externo da SecexConsenso do Tribunal de Contas da Uni\u00e3o (TCU), Nicola Khoury; e pelo superintendente da Via Appia Concess\u00f5es, Bruno Palialol, professor do Insper. A media\u00e7\u00e3o ficar\u00e1 por conta de Let\u00edcia Queiroz de Andrade, s\u00f3cia-fundadora do Queiroz Maluf Reis Sociedade de Advogados.<br>\u00a0<br>Para encerrar o evento \u201cFuturo das Concess\u00f5es e PPPs\u201d, a VP Jur\u00eddica da Via Appia Concess\u00f5es, Ma\u00edra Calegari, vai mediar o tema &#8220;Impactos da Moderniza\u00e7\u00e3o nos Contratos Subnacionais&#8221;. Estar\u00e3o com ela o secret\u00e1rio de Infraestrutura, Mobilidade e Parcerias do Governo de Minas Gerais, Pedro Bruno Barros; o diretor-presidente da Infra S.A, Jorge Bastos; o diretor-presidente da SP Parcerias, Paulo Galli; e o diretor-presidente da Companhia Paulista de Parcerias, Edgard Benozzatti.<br>\u00a0<br><strong>Sobre o evento \u201cFuturo das Concess\u00f5es e PPPs\u201d<\/strong><br>O encontro produzido pela\u00a0<strong>Ag\u00eancia iNFRA<\/strong>\u00a0tem patroc\u00ednio da Via Appia Concess\u00f5es, concession\u00e1ria de rodovias com atua\u00e7\u00e3o nos estados de S\u00e3o Paulo e Minas Gerais.\u00a0A coorganiza\u00e7\u00e3o \u00e9 do escrit\u00f3rio\u00a0Queiroz Maluf Reis Sociedade de Advogados, e apoio do deputado federal Arnaldo Jardim, relator do PL 7.063\/2017. As inscri\u00e7\u00f5es para assinantes est\u00e3o abertas, mas restam poucas vagas.\u00a0<\/p>\n","protected":false},"excerpt":{"rendered":"<p>da Ag\u00eancia iNFRA A programa\u00e7\u00e3o do evento \u201cFuturo das Concess\u00f5es e PPPs\u201d est\u00e1 fechada e promete levar debates de alto n\u00edvel ao B Hotel, em Bras\u00edlia, na tarde desta ter\u00e7a-feira, 15 de abril. Al\u00e9m disso, vale a pena esperar at\u00e9 o final, quando o deputado federal Arnaldo Jardim (Cidadania-SP) far\u00e1 um an\u00fancio sobre a tramita\u00e7\u00e3o [&hellip;]<\/p>\n","protected":false},"author":1,"featured_media":10406,"comment_status":"closed","ping_status":"closed","sticky":false,"template":"","format":"standard","meta":{"_monsterinsights_skip_tracking":false,"_monsterinsights_sitenote_active":false,"_monsterinsights_sitenote_note":"","_monsterinsights_sitenote_category":0,"footnotes":""},"categories":[7250,1,2053],"tags":[220,888,78,11651,12705,12939,12938,11904,13017,1315,1693,406,12967,12966],"class_list":["post-20949","post","type-post","status-publish","format-standard","has-post-thumbnail","hentry","category-destaque-lista","category-geral","category-infraliveventos","tag-agencia-infra","tag-arnaldo-jardim","tag-concessoes","tag-concessoes-e-ppps","tag-deputado-arnaldo-jardim","tag-eventos-agencia-infra","tag-futuro-das-concessoes-e-ppps","tag-infralive-e-eventos","tag-ministro-silvio-costa-filho","tag-parcerias-publico-privadas","tag-pl-7-063-2017","tag-ppps","tag-queiroz-maluf-reis-sociedade-de-advogados","tag-via-appia-concessoes"],"yoast_head":"<!-- This site is optimized with the Yoast SEO Premium plugin v25.4 (Yoast SEO v26.0) - https:\/\/yoast.com\/wordpress\/plugins\/seo\/ -->\n<title>&quot;Futuro das Concess\u00f5es e PPPs&quot;: programa\u00e7\u00e3o inclui an\u00fancio sobre PL que moderniza legisla\u00e7\u00e3o - Ag\u00eancia iNFRA<\/title>\n<meta name=\"robots\" content=\"index, follow, max-snippet:-1, max-image-preview:large, max-video-preview:-1\" \/>\n<link rel=\"canonical\" href=\"https:\/\/agenciainfra.com\/blog\/futuro-das-concessoes-e-ppps-programacao-inclui-anuncio-sobre-pl-que-moderniza-legislacao\/\" \/>\n<meta property=\"og:locale\" content=\"pt_BR\" \/>\n<meta property=\"og:type\" content=\"article\" \/>\n<meta property=\"og:title\" content=\"&quot;Futuro das Concess\u00f5es e PPPs&quot;: programa\u00e7\u00e3o inclui an\u00fancio sobre PL que moderniza legisla\u00e7\u00e3o\" \/>\n<meta property=\"og:description\" content=\"da Ag\u00eancia iNFRA A programa\u00e7\u00e3o do evento \u201cFuturo das Concess\u00f5es e PPPs\u201d est\u00e1 fechada e promete levar debates de alto n\u00edvel ao B Hotel, em Bras\u00edlia, na tarde desta ter\u00e7a-feira, 15 de abril. Al\u00e9m disso, vale a pena esperar at\u00e9 o final, quando o deputado federal Arnaldo Jardim (Cidadania-SP) far\u00e1 um an\u00fancio sobre a tramita\u00e7\u00e3o [&hellip;]\" \/>\n<meta property=\"og:url\" content=\"https:\/\/agenciainfra.com\/blog\/futuro-das-concessoes-e-ppps-programacao-inclui-anuncio-sobre-pl-que-moderniza-legislacao\/\" \/>\n<meta property=\"og:site_name\" content=\"Ag\u00eancia iNFRA\" \/>\n<meta property=\"article:publisher\" content=\"https:\/\/www.facebook.com\/ageninfra\" \/>\n<meta property=\"article:published_time\" content=\"2025-04-14T13:00:00+00:00\" \/>\n<meta property=\"article:modified_time\" content=\"2025-04-15T17:56:17+00:00\" \/>\n<meta property=\"og:image\" content=\"https:\/\/agenciainfra.com\/blog\/wp-content\/uploads\/2022\/05\/infraestrutura-cidades-foto-dominio-publico.jpg\" \/>\n\t<meta property=\"og:image:width\" content=\"1920\" \/>\n\t<meta property=\"og:image:height\" content=\"1080\" \/>\n\t<meta property=\"og:image:type\" content=\"image\/jpeg\" \/>\n<meta name=\"author\" content=\"Ag\u00eancia iNFRA\" \/>\n<meta name=\"twitter:card\" content=\"summary_large_image\" \/>\n<meta name=\"twitter:creator\" content=\"@agencia_infra\" \/>\n<meta name=\"twitter:site\" content=\"@agencia_infra\" \/>\n<meta name=\"twitter:label1\" content=\"Escrito por\" \/>\n\t<meta name=\"twitter:data1\" content=\"Ag\u00eancia iNFRA\" \/>\n\t<meta name=\"twitter:label2\" content=\"Est. tempo de leitura\" \/>\n\t<meta name=\"twitter:data2\" content=\"2 minutos\" \/>\n<script type=\"application\/ld+json\" class=\"yoast-schema-graph\">{\"@context\":\"https:\/\/schema.org\",\"@graph\":[{\"@type\":\"Article\",\"@id\":\"https:\/\/agenciainfra.com\/blog\/futuro-das-concessoes-e-ppps-programacao-inclui-anuncio-sobre-pl-que-moderniza-legislacao\/#article\",\"isPartOf\":{\"@id\":\"https:\/\/agenciainfra.com\/blog\/futuro-das-concessoes-e-ppps-programacao-inclui-anuncio-sobre-pl-que-moderniza-legislacao\/\"},\"author\":{\"name\":\"Ag\u00eancia iNFRA\",\"@id\":\"https:\/\/agenciainfra.com\/blog\/#\/schema\/person\/34af08dff6adea4cb22b06612ba7acfa\"},\"headline\":\"&#8220;Futuro das Concess\u00f5es e PPPs&#8221;: programa\u00e7\u00e3o inclui an\u00fancio sobre PL que moderniza legisla\u00e7\u00e3o\",\"datePublished\":\"2025-04-14T13:00:00+00:00\",\"dateModified\":\"2025-04-15T17:56:17+00:00\",\"mainEntityOfPage\":{\"@id\":\"https:\/\/agenciainfra.com\/blog\/futuro-das-concessoes-e-ppps-programacao-inclui-anuncio-sobre-pl-que-moderniza-legislacao\/\"},\"wordCount\":482,\"publisher\":{\"@id\":\"https:\/\/agenciainfra.com\/blog\/#organization\"},\"image\":{\"@id\":\"https:\/\/agenciainfra.com\/blog\/futuro-das-concessoes-e-ppps-programacao-inclui-anuncio-sobre-pl-que-moderniza-legislacao\/#primaryimage\"},\"thumbnailUrl\":\"https:\/\/agenciainfra.com\/blog\/wp-content\/uploads\/2022\/05\/infraestrutura-cidades-foto-dominio-publico-e1748270254361.jpg\",\"keywords\":[\"Ag\u00eancia iNFRA\",\"Arnaldo Jardim\",\"concess\u00f5es\",\"concess\u00f5es e ppps\",\"deputado arnaldo jardim\",\"eventos ag\u00eancia infra\",\"futuro das concess\u00f5es e ppps\",\"infralive e eventos\",\"ministro Silvio Costa Filho\",\"parcerias p\u00fablico-privadas\",\"PL 7.063\/2017\",\"PPPs\",\"Queiroz Maluf Reis Sociedade de Advogados\",\"Via Appia Concess\u00f5es\"],\"articleSection\":[\"Destaque lista\",\"Geral\",\"iNFRALive e Eventos\"],\"inLanguage\":\"pt-BR\",\"copyrightYear\":\"2025\",\"copyrightHolder\":{\"@id\":\"https:\/\/agenciainfra.com\/blog\/#organization\"}},{\"@type\":\"WebPage\",\"@id\":\"https:\/\/agenciainfra.com\/blog\/futuro-das-concessoes-e-ppps-programacao-inclui-anuncio-sobre-pl-que-moderniza-legislacao\/\",\"url\":\"https:\/\/agenciainfra.com\/blog\/futuro-das-concessoes-e-ppps-programacao-inclui-anuncio-sobre-pl-que-moderniza-legislacao\/\",\"name\":\"\\\"Futuro das Concess\u00f5es e PPPs\\\": programa\u00e7\u00e3o inclui an\u00fancio sobre PL que moderniza legisla\u00e7\u00e3o - Ag\u00eancia iNFRA\",\"isPartOf\":{\"@id\":\"https:\/\/agenciainfra.com\/blog\/#website\"},\"primaryImageOfPage\":{\"@id\":\"https:\/\/agenciainfra.com\/blog\/futuro-das-concessoes-e-ppps-programacao-inclui-anuncio-sobre-pl-que-moderniza-legislacao\/#primaryimage\"},\"image\":{\"@id\":\"https:\/\/agenciainfra.com\/blog\/futuro-das-concessoes-e-ppps-programacao-inclui-anuncio-sobre-pl-que-moderniza-legislacao\/#primaryimage\"},\"thumbnailUrl\":\"https:\/\/agenciainfra.com\/blog\/wp-content\/uploads\/2022\/05\/infraestrutura-cidades-foto-dominio-publico-e1748270254361.jpg\",\"datePublished\":\"2025-04-14T13:00:00+00:00\",\"dateModified\":\"2025-04-15T17:56:17+00:00\",\"breadcrumb\":{\"@id\":\"https:\/\/agenciainfra.com\/blog\/futuro-das-concessoes-e-ppps-programacao-inclui-anuncio-sobre-pl-que-moderniza-legislacao\/#breadcrumb\"},\"inLanguage\":\"pt-BR\",\"potentialAction\":[{\"@type\":\"ReadAction\",\"target\":[\"https:\/\/agenciainfra.com\/blog\/futuro-das-concessoes-e-ppps-programacao-inclui-anuncio-sobre-pl-que-moderniza-legislacao\/\"]}]},{\"@type\":\"ImageObject\",\"inLanguage\":\"pt-BR\",\"@id\":\"https:\/\/agenciainfra.com\/blog\/futuro-das-concessoes-e-ppps-programacao-inclui-anuncio-sobre-pl-que-moderniza-legislacao\/#primaryimage\",\"url\":\"https:\/\/agenciainfra.com\/blog\/wp-content\/uploads\/2022\/05\/infraestrutura-cidades-foto-dominio-publico-e1748270254361.jpg\",\"contentUrl\":\"https:\/\/agenciainfra.com\/blog\/wp-content\/uploads\/2022\/05\/infraestrutura-cidades-foto-dominio-publico-e1748270254361.jpg\",\"width\":1280,\"height\":720,\"caption\":\"Foto: Dom\u00ednio p\u00fablico\"},{\"@type\":\"BreadcrumbList\",\"@id\":\"https:\/\/agenciainfra.com\/blog\/futuro-das-concessoes-e-ppps-programacao-inclui-anuncio-sobre-pl-que-moderniza-legislacao\/#breadcrumb\",\"itemListElement\":[{\"@type\":\"ListItem\",\"position\":1,\"name\":\"In\u00edcio\",\"item\":\"https:\/\/agenciainfra.com\/blog\/\"},{\"@type\":\"ListItem\",\"position\":2,\"name\":\"&#8220;Futuro das Concess\u00f5es e PPPs&#8221;: programa\u00e7\u00e3o inclui an\u00fancio sobre PL que moderniza legisla\u00e7\u00e3o\"}]},{\"@type\":\"WebSite\",\"@id\":\"https:\/\/agenciainfra.com\/blog\/#website\",\"url\":\"https:\/\/agenciainfra.com\/blog\/\",\"name\":\"Ag\u00eancia iNFRA\",\"description\":\"Multiplataforma de informa\u00e7\u00e3o jornal\u00edstica refer\u00eancia na \u00e1rea de infraestrutura no Brasil!\",\"publisher\":{\"@id\":\"https:\/\/agenciainfra.com\/blog\/#organization\"},\"potentialAction\":[{\"@type\":\"SearchAction\",\"target\":{\"@type\":\"EntryPoint\",\"urlTemplate\":\"https:\/\/agenciainfra.com\/blog\/?s={search_term_string}\"},\"query-input\":{\"@type\":\"PropertyValueSpecification\",\"valueRequired\":true,\"valueName\":\"search_term_string\"}}],\"inLanguage\":\"pt-BR\"},{\"@type\":\"Organization\",\"@id\":\"https:\/\/agenciainfra.com\/blog\/#organization\",\"name\":\"Ag\u00eancia iNFRA\",\"url\":\"https:\/\/agenciainfra.com\/blog\/\",\"logo\":{\"@type\":\"ImageObject\",\"inLanguage\":\"pt-BR\",\"@id\":\"https:\/\/agenciainfra.com\/blog\/#\/schema\/logo\/image\/\",\"url\":\"https:\/\/agenciainfra.com\/blog\/wp-content\/uploads\/2023\/09\/iNFRA_5-e1761735885940.png\",\"contentUrl\":\"https:\/\/agenciainfra.com\/blog\/wp-content\/uploads\/2023\/09\/iNFRA_5-e1761735885940.png\",\"width\":1672,\"height\":454,\"caption\":\"Ag\u00eancia iNFRA\"},\"image\":{\"@id\":\"https:\/\/agenciainfra.com\/blog\/#\/schema\/logo\/image\/\"},\"sameAs\":[\"https:\/\/www.facebook.com\/ageninfra\",\"https:\/\/x.com\/agencia_infra\",\"https:\/\/www.linkedin.com\/company\/ag\u00eanciainfra\/\",\"https:\/\/www.instagram.com\/agenciainfra\/\"]},{\"@type\":\"Person\",\"@id\":\"https:\/\/agenciainfra.com\/blog\/#\/schema\/person\/34af08dff6adea4cb22b06612ba7acfa\",\"name\":\"Ag\u00eancia iNFRA\",\"image\":{\"@type\":\"ImageObject\",\"inLanguage\":\"pt-BR\",\"@id\":\"https:\/\/agenciainfra.com\/blog\/#\/schema\/person\/image\/\",\"url\":\"https:\/\/secure.gravatar.com\/avatar\/d189e01678f06d8eb84d4e01f08eb848b3fffe3f8443818d3c356c66892f5be8?s=96&d=mm&r=g\",\"contentUrl\":\"https:\/\/secure.gravatar.com\/avatar\/d189e01678f06d8eb84d4e01f08eb848b3fffe3f8443818d3c356c66892f5be8?s=96&d=mm&r=g\",\"caption\":\"Ag\u00eancia iNFRA\"},\"url\":\"https:\/\/agenciainfra.com\/blog\/author\/admin\/\"}]}<\/script>\n<!-- \/ Yoast SEO Premium plugin. -->","yoast_head_json":{"title":"\"Futuro das Concess\u00f5es e PPPs\": programa\u00e7\u00e3o inclui an\u00fancio sobre PL que moderniza legisla\u00e7\u00e3o - Ag\u00eancia iNFRA","robots":{"index":"index","follow":"follow","max-snippet":"max-snippet:-1","max-image-preview":"max-image-preview:large","max-video-preview":"max-video-preview:-1"},"canonical":"https:\/\/agenciainfra.com\/blog\/futuro-das-concessoes-e-ppps-programacao-inclui-anuncio-sobre-pl-que-moderniza-legislacao\/","og_locale":"pt_BR","og_type":"article","og_title":"\"Futuro das Concess\u00f5es e PPPs\": programa\u00e7\u00e3o inclui an\u00fancio sobre PL que moderniza legisla\u00e7\u00e3o","og_description":"da Ag\u00eancia iNFRA A programa\u00e7\u00e3o do evento \u201cFuturo das Concess\u00f5es e PPPs\u201d est\u00e1 fechada e promete levar debates de alto n\u00edvel ao B Hotel, em Bras\u00edlia, na tarde desta ter\u00e7a-feira, 15 de abril. Al\u00e9m disso, vale a pena esperar at\u00e9 o final, quando o deputado federal Arnaldo Jardim (Cidadania-SP) far\u00e1 um an\u00fancio sobre a tramita\u00e7\u00e3o [&hellip;]","og_url":"https:\/\/agenciainfra.com\/blog\/futuro-das-concessoes-e-ppps-programacao-inclui-anuncio-sobre-pl-que-moderniza-legislacao\/","og_site_name":"Ag\u00eancia iNFRA","article_publisher":"https:\/\/www.facebook.com\/ageninfra","article_published_time":"2025-04-14T13:00:00+00:00","article_modified_time":"2025-04-15T17:56:17+00:00","og_image":[{"width":1920,"height":1080,"url":"https:\/\/agenciainfra.com\/blog\/wp-content\/uploads\/2022\/05\/infraestrutura-cidades-foto-dominio-publico.jpg","type":"image\/jpeg"}],"author":"Ag\u00eancia iNFRA","twitter_card":"summary_large_image","twitter_creator":"@agencia_infra","twitter_site":"@agencia_infra","twitter_misc":{"Escrito por":"Ag\u00eancia iNFRA","Est. tempo de leitura":"2 minutos"},"schema":{"@context":"https:\/\/schema.org","@graph":[{"@type":"Article","@id":"https:\/\/agenciainfra.com\/blog\/futuro-das-concessoes-e-ppps-programacao-inclui-anuncio-sobre-pl-que-moderniza-legislacao\/#article","isPartOf":{"@id":"https:\/\/agenciainfra.com\/blog\/futuro-das-concessoes-e-ppps-programacao-inclui-anuncio-sobre-pl-que-moderniza-legislacao\/"},"author":{"name":"Ag\u00eancia iNFRA","@id":"https:\/\/agenciainfra.com\/blog\/#\/schema\/person\/34af08dff6adea4cb22b06612ba7acfa"},"headline":"&#8220;Futuro das Concess\u00f5es e PPPs&#8221;: programa\u00e7\u00e3o inclui an\u00fancio sobre PL que moderniza legisla\u00e7\u00e3o","datePublished":"2025-04-14T13:00:00+00:00","dateModified":"2025-04-15T17:56:17+00:00","mainEntityOfPage":{"@id":"https:\/\/agenciainfra.com\/blog\/futuro-das-concessoes-e-ppps-programacao-inclui-anuncio-sobre-pl-que-moderniza-legislacao\/"},"wordCount":482,"publisher":{"@id":"https:\/\/agenciainfra.com\/blog\/#organization"},"image":{"@id":"https:\/\/agenciainfra.com\/blog\/futuro-das-concessoes-e-ppps-programacao-inclui-anuncio-sobre-pl-que-moderniza-legislacao\/#primaryimage"},"thumbnailUrl":"https:\/\/agenciainfra.com\/blog\/wp-content\/uploads\/2022\/05\/infraestrutura-cidades-foto-dominio-publico-e1748270254361.jpg","keywords":["Ag\u00eancia iNFRA","Arnaldo Jardim","concess\u00f5es","concess\u00f5es e ppps","deputado arnaldo jardim","eventos ag\u00eancia infra","futuro das concess\u00f5es e ppps","infralive e eventos","ministro Silvio Costa Filho","parcerias p\u00fablico-privadas","PL 7.063\/2017","PPPs","Queiroz Maluf Reis Sociedade de Advogados","Via Appia Concess\u00f5es"],"articleSection":["Destaque lista","Geral","iNFRALive e Eventos"],"inLanguage":"pt-BR","copyrightYear":"2025","copyrightHolder":{"@id":"https:\/\/agenciainfra.com\/blog\/#organization"}},{"@type":"WebPage","@id":"https:\/\/agenciainfra.com\/blog\/futuro-das-concessoes-e-ppps-programacao-inclui-anuncio-sobre-pl-que-moderniza-legislacao\/","url":"https:\/\/agenciainfra.com\/blog\/futuro-das-concessoes-e-ppps-programacao-inclui-anuncio-sobre-pl-que-moderniza-legislacao\/","name":"\"Futuro das Concess\u00f5es e PPPs\": programa\u00e7\u00e3o inclui an\u00fancio sobre PL que moderniza legisla\u00e7\u00e3o - Ag\u00eancia iNFRA","isPartOf":{"@id":"https:\/\/agenciainfra.com\/blog\/#website"},"primaryImageOfPage":{"@id":"https:\/\/agenciainfra.com\/blog\/futuro-das-concessoes-e-ppps-programacao-inclui-anuncio-sobre-pl-que-moderniza-legislacao\/#primaryimage"},"image":{"@id":"https:\/\/agenciainfra.com\/blog\/futuro-das-concessoes-e-ppps-programacao-inclui-anuncio-sobre-pl-que-moderniza-legislacao\/#primaryimage"},"thumbnailUrl":"https:\/\/agenciainfra.com\/blog\/wp-content\/uploads\/2022\/05\/infraestrutura-cidades-foto-dominio-publico-e1748270254361.jpg","datePublished":"2025-04-14T13:00:00+00:00","dateModified":"2025-04-15T17:56:17+00:00","breadcrumb":{"@id":"https:\/\/agenciainfra.com\/blog\/futuro-das-concessoes-e-ppps-programacao-inclui-anuncio-sobre-pl-que-moderniza-legislacao\/#breadcrumb"},"inLanguage":"pt-BR","potentialAction":[{"@type":"ReadAction","target":["https:\/\/agenciainfra.com\/blog\/futuro-das-concessoes-e-ppps-programacao-inclui-anuncio-sobre-pl-que-moderniza-legislacao\/"]}]},{"@type":"ImageObject","inLanguage":"pt-BR","@id":"https:\/\/agenciainfra.com\/blog\/futuro-das-concessoes-e-ppps-programacao-inclui-anuncio-sobre-pl-que-moderniza-legislacao\/#primaryimage","url":"https:\/\/agenciainfra.com\/blog\/wp-content\/uploads\/2022\/05\/infraestrutura-cidades-foto-dominio-publico-e1748270254361.jpg","contentUrl":"https:\/\/agenciainfra.com\/blog\/wp-content\/uploads\/2022\/05\/infraestrutura-cidades-foto-dominio-publico-e1748270254361.jpg","width":1280,"height":720,"caption":"Foto: Dom\u00ednio p\u00fablico"},{"@type":"BreadcrumbList","@id":"https:\/\/agenciainfra.com\/blog\/futuro-das-concessoes-e-ppps-programacao-inclui-anuncio-sobre-pl-que-moderniza-legislacao\/#breadcrumb","itemListElement":[{"@type":"ListItem","position":1,"name":"In\u00edcio","item":"https:\/\/agenciainfra.com\/blog\/"},{"@type":"ListItem","position":2,"name":"&#8220;Futuro das Concess\u00f5es e PPPs&#8221;: programa\u00e7\u00e3o inclui an\u00fancio sobre PL que moderniza legisla\u00e7\u00e3o"}]},{"@type":"WebSite","@id":"https:\/\/agenciainfra.com\/blog\/#website","url":"https:\/\/agenciainfra.com\/blog\/","name":"Ag\u00eancia iNFRA","description":"Multiplataforma de informa\u00e7\u00e3o jornal\u00edstica refer\u00eancia na \u00e1rea de infraestrutura no Brasil!","publisher":{"@id":"https:\/\/agenciainfra.com\/blog\/#organization"},"potentialAction":[{"@type":"SearchAction","target":{"@type":"EntryPoint","urlTemplate":"https:\/\/agenciainfra.com\/blog\/?s={search_term_string}"},"query-input":{"@type":"PropertyValueSpecification","valueRequired":true,"valueName":"search_term_string"}}],"inLanguage":"pt-BR"},{"@type":"Organization","@id":"https:\/\/agenciainfra.com\/blog\/#organization","name":"Ag\u00eancia iNFRA","url":"https:\/\/agenciainfra.com\/blog\/","logo":{"@type":"ImageObject","inLanguage":"pt-BR","@id":"https:\/\/agenciainfra.com\/blog\/#\/schema\/logo\/image\/","url":"https:\/\/agenciainfra.com\/blog\/wp-content\/uploads\/2023\/09\/iNFRA_5-e1761735885940.png","contentUrl":"https:\/\/agenciainfra.com\/blog\/wp-content\/uploads\/2023\/09\/iNFRA_5-e1761735885940.png","width":1672,"height":454,"caption":"Ag\u00eancia iNFRA"},"image":{"@id":"https:\/\/agenciainfra.com\/blog\/#\/schema\/logo\/image\/"},"sameAs":["https:\/\/www.facebook.com\/ageninfra","https:\/\/x.com\/agencia_infra","https:\/\/www.linkedin.com\/company\/ag\u00eanciainfra\/","https:\/\/www.instagram.com\/agenciainfra\/"]},{"@type":"Person","@id":"https:\/\/agenciainfra.com\/blog\/#\/schema\/person\/34af08dff6adea4cb22b06612ba7acfa","name":"Ag\u00eancia iNFRA","image":{"@type":"ImageObject","inLanguage":"pt-BR","@id":"https:\/\/agenciainfra.com\/blog\/#\/schema\/person\/image\/","url":"https:\/\/secure.gravatar.com\/avatar\/d189e01678f06d8eb84d4e01f08eb848b3fffe3f8443818d3c356c66892f5be8?s=96&d=mm&r=g","contentUrl":"https:\/\/secure.gravatar.com\/avatar\/d189e01678f06d8eb84d4e01f08eb848b3fffe3f8443818d3c356c66892f5be8?s=96&d=mm&r=g","caption":"Ag\u00eancia iNFRA"},"url":"https:\/\/agenciainfra.com\/blog\/author\/admin\/"}]}},"_links":{"self":[{"href":"https:\/\/agenciainfra.com\/blog\/wp-json\/wp\/v2\/posts\/20949","targetHints":{"allow":["GET"]}}],"collection":[{"href":"https:\/\/agenciainfra.com\/blog\/wp-json\/wp\/v2\/posts"}],"about":[{"href":"https:\/\/agenciainfra.com\/blog\/wp-json\/wp\/v2\/types\/post"}],"author":[{"embeddable":true,"href":"https:\/\/agenciainfra.com\/blog\/wp-json\/wp\/v2\/users\/1"}],"replies":[{"embeddable":true,"href":"https:\/\/agenciainfra.com\/blog\/wp-json\/wp\/v2\/comments?post=20949"}],"version-history":[{"count":2,"href":"https:\/\/agenciainfra.com\/blog\/wp-json\/wp\/v2\/posts\/20949\/revisions"}],"predecessor-version":[{"id":20969,"href":"https:\/\/agenciainfra.com\/blog\/wp-json\/wp\/v2\/posts\/20949\/revisions\/20969"}],"wp:featuredmedia":[{"embeddable":true,"href":"https:\/\/agenciainfra.com\/blog\/wp-json\/wp\/v2\/media\/10406"}],"wp:attachment":[{"href":"https:\/\/agenciainfra.com\/blog\/wp-json\/wp\/v2\/media?parent=20949"}],"wp:term":[{"taxonomy":"category","embeddable":true,"href":"https:\/\/agenciainfra.com\/blog\/wp-json\/wp\/v2\/categories?post=20949"},{"taxonomy":"post_tag","embeddable":true,"href":"https:\/\/agenciainfra.com\/blog\/wp-json\/wp\/v2\/tags?post=20949"}],"curies":[{"name":"wp","href":"https:\/\/api.w.org\/{rel}","templated":true}]}}