{"id":20957,"date":"2025-04-15T09:00:00","date_gmt":"2025-04-15T12:00:00","guid":{"rendered":"https:\/\/agenciainfra.com\/blog\/?p=20957"},"modified":"2025-04-16T11:54:05","modified_gmt":"2025-04-16T14:54:05","slug":"disputa-pelo-conselho-da-eletrobras-se-acirra-com-12-candidatos-para-sete-vagas-de-acionistas-privados","status":"publish","type":"post","link":"https:\/\/agenciainfra.com\/blog\/disputa-pelo-conselho-da-eletrobras-se-acirra-com-12-candidatos-para-sete-vagas-de-acionistas-privados\/","title":{"rendered":"Disputa pelo Conselho da Eletrobras se acirra com 12 candidatos para sete vagas de acionistas privados"},"content":{"rendered":"\n<p class=\"has-text-align-right\"><strong>Marisa Wanzeller e Geraldo Campos Jr., da Ag\u00eancia iNFRA<\/strong><\/p>\n\n\n\n<p>A composi\u00e7\u00e3o do CA (Conselho de Administra\u00e7\u00e3o) da Eletrobras tem sido motivo de uma intensa disputa entre acionistas. A empresa conta com 12 candidatos, at\u00e9 o momento, para as sete cadeiras destinadas aos acionistas privados no CA. A Uni\u00e3o ter\u00e1 direito a tr\u00eas de um total de 10 vagas, mas os nomes indicados s\u00e3o consenso no governo. A elei\u00e7\u00e3o ocorrer\u00e1 em 29 de abril, em AGO (Assembleia Geral Ordin\u00e1ria).&nbsp;<\/p>\n\n\n\n<p>Marcelo Gasparino, atual conselheiro, n\u00e3o foi indicado pela administra\u00e7\u00e3o da companhia para recondu\u00e7\u00e3o, viabilizou sua candidatura por fora e tem feito cr\u00edticas p\u00fablicas ao processo. Para o seu lugar, a companhia recomendou um novo nome: Carlos Marcio Ferreira, executivo experiente do setor el\u00e9trico.<\/p>\n\n\n\n<p>Gasparino tem defendido publicamente sua perman\u00eancia. \u00c0&nbsp;<strong>Ag\u00eancia iNFRA<\/strong>, o conselheiro destacou que sua indica\u00e7\u00e3o em 2025 \u00e9 feita pelo mesmo grupo de acionistas que o apoiou em 2022, defendendo que a sua presen\u00e7a no CA agrega valor para a companhia. Gasparino tamb\u00e9m diz que quase todos os demais indicados \u00e0 recondu\u00e7\u00e3o \u201cchegaram ao CA pelas m\u00e3os do [conselheiro] Pedro Batista&#8221;.&nbsp;<\/p>\n\n\n\n<p>Em publica\u00e7\u00f5es na rede social Linkedin, Gasparino afirmou ver risco de \u201cconsolida\u00e7\u00e3o de um grupo de poder\u201d no colegiado. Ele tamb\u00e9m chamou de equivocada a decis\u00e3o de estabelecer um CA com um n\u00famero par de membros, conferindo maior poder ao presidente do colegiado, que tem voto de minerva em caso de empates. O conselheiro destaca que defende, por exemplo, uma pol\u00edtica de distribui\u00e7\u00e3o de dividendos mais agressiva.<\/p>\n\n\n\n<p><strong>Recomenda\u00e7\u00e3o de consultoria<\/strong><br>A disputa esquentou ainda mais desde que a consultoria para investidores ISS (Institutional Shareholder Services) recomendou na semana passada o voto em Gasparino e em Jos\u00e9 Jo\u00e3o Abdalla Filho, acionista da empresa, deixando de recomendar voto em dois indicados pela administra\u00e7\u00e3o: Carlos Ferreira e Daniel Alves Ferreira. Com isso, a Eletrobras divulgou&nbsp;<a href=\"https:\/\/agenciainfra.us14.list-manage.com\/track\/click?u=d460dd1bcf9ba0ae040e1fc0f&amp;id=7de25df143&amp;e=1192c754bc\" target=\"_blank\" rel=\"noreferrer noopener\">carta ao mercado<\/a>&nbsp;reiterando suas indica\u00e7\u00f5es.<\/p>\n\n\n\n<p>Das sete vagas destinadas aos acionistas privados, seis s\u00e3o eleitas pelos detentores de a\u00e7\u00f5es ordin\u00e1rias. Para essas vagas, al\u00e9m de Carlos Ferreira, a companhia indicou a recondu\u00e7\u00e3o de Vicente Falconi Campos, Ana Silvia Corso Matte, Daniel Alves Ferreira, Felipe Villela Dias e Marisete Dadald Pereira.&nbsp;<\/p>\n\n\n\n<p>J\u00e1 o conselheiro Pedro Batista concorre \u00e0 reelei\u00e7\u00e3o da cadeira reservada aos acionistas preferenciais, cuja vota\u00e7\u00e3o \u00e9 feita em separado. A administra\u00e7\u00e3o da Eletrobras indicou a recondu\u00e7\u00e3o de Batista para a cadeira. Mas, por fora, acionistas minorit\u00e1rios indicaram Rachel de Oliveira Maia, que teve o voto recomendado pela ISS.<\/p>\n\n\n\n<p><strong>Nomes do governo<\/strong><br>Os indicados pelo governo para o conselho s\u00e3o: Maur\u00edcio Tolmasquim, diretor da Petrobras; Silas Rondeau, presidente da ENBPar (Empresa Brasileira de Participa\u00e7\u00f5es em Energia Nuclear e Binacional); e Nelson Hubner, conselheiro da ENBPar.&nbsp;<\/p>\n\n\n\n<p>Os dois primeiros j\u00e1 t\u00eam seus nomes na pr\u00e9via do&nbsp;<a href=\"https:\/\/agenciainfra.us14.list-manage.com\/track\/click?u=d460dd1bcf9ba0ae040e1fc0f&amp;id=09b7fba48b&amp;e=1192c754bc\" target=\"_blank\" rel=\"noreferrer noopener\">boletim de vota\u00e7\u00e3o<\/a>. Antes da AGO, a Eletrobras far\u00e1 uma assembleia extraordin\u00e1ria para aprovar o acordo que permitir\u00e1 ao governo ter uma terceira vaga no CA, para a qual foi indicado Hubner.<\/p>\n\n\n\n<p><strong>Conflito de interesses<\/strong><br>Marcelo Gasparino tamb\u00e9m integrava o CA da Petrobras. Em fevereiro, a petroleira comunicou ao mercado que ele renunciou \u00e0 sua cadeira no conselho. O movimento ocorreu ap\u00f3s den\u00fancia da FUP (Federa\u00e7\u00e3o \u00danica dos Petroleiros) contra a participa\u00e7\u00e3o do conselheiro nos CAs das duas empresas, por conflito de interesses. Segundo Gasparino, a CVM (Comiss\u00e3o de Valores Mobili\u00e1rios) arquivou o processo.<\/p>\n\n\n\n<p>J\u00e1 na Eletrobras, o conselheiro relata nas redes sociais que passou a enfrentar dificuldades desde o epis\u00f3dio, tendo sido \u201cimpedido de participar de temas que eram pauta de reuni\u00f5es dos comit\u00eas, como forma\u00e7\u00e3o de pre\u00e7os de venda de energia, dentre v\u00e1rios outros&#8221;. Ele tamb\u00e9m diz ter sido vetado de participar do Comit\u00ea de Pessoas e Governan\u00e7a da companhia, \u201csob argumento de haver conflito de interesses por tamb\u00e9m ser membro do Comit\u00ea de Pessoas e Remunera\u00e7\u00e3o da Vale\u201d.<\/p>\n\n\n\n<p>Os tr\u00eas indicados para o conselho pela Uni\u00e3o tamb\u00e9m podem enfrentar impasses por ocuparem cadeiras em outras companhias de energia. Segundo fontes, \u00e9 prov\u00e1vel que Tolmasquim e Rondeau deixem seus cargos atuais na Petrobras e na ENBPar para assumirem as vagas no CA da Eletrobras.<\/p>\n","protected":false},"excerpt":{"rendered":"<p>Marisa Wanzeller e Geraldo Campos Jr., da Ag\u00eancia iNFRA A composi\u00e7\u00e3o do CA (Conselho de Administra\u00e7\u00e3o) da Eletrobras tem sido motivo de uma intensa disputa entre acionistas. A empresa conta com 12 candidatos, at\u00e9 o momento, para as sete cadeiras destinadas aos acionistas privados no CA. A Uni\u00e3o ter\u00e1 direito a tr\u00eas de um total [&hellip;]<\/p>\n","protected":false},"author":1,"featured_media":11428,"comment_status":"closed","ping_status":"closed","sticky":false,"template":"","format":"standard","meta":{"_monsterinsights_skip_tracking":false,"_monsterinsights_sitenote_active":false,"_monsterinsights_sitenote_note":"","_monsterinsights_sitenote_category":0,"footnotes":""},"categories":[7250,1,10],"tags":[12908,50,11594,12909,12912,13075,7366,5817,12910,12396],"class_list":["post-20957","post","type-post","status-publish","format-standard","has-post-thumbnail","hentry","category-destaque-lista","category-geral","category-infraenergia","tag-conselho-da-eletrobras","tag-eletrobras","tag-geraldo-campos-jr","tag-guido-mantega","tag-indicacao-do-governo-a-eletrobras","tag-marcelo-gasparino","tag-marisa-wanzeller","tag-mauricio-tolmasquim","tag-nelson-hubner","tag-silas-rondeau"],"yoast_head":"<!-- This site is optimized with the Yoast SEO Premium plugin v25.4 (Yoast SEO v26.0) - https:\/\/yoast.com\/wordpress\/plugins\/seo\/ -->\n<title>Disputa pelo Conselho da Eletrobras se acirra com 12 candidatos para sete vagas de acionistas privados - Ag\u00eancia iNFRA<\/title>\n<meta name=\"robots\" content=\"index, follow, max-snippet:-1, max-image-preview:large, max-video-preview:-1\" \/>\n<link rel=\"canonical\" href=\"https:\/\/agenciainfra.com\/blog\/disputa-pelo-conselho-da-eletrobras-se-acirra-com-12-candidatos-para-sete-vagas-de-acionistas-privados\/\" \/>\n<meta property=\"og:locale\" content=\"pt_BR\" \/>\n<meta property=\"og:type\" content=\"article\" \/>\n<meta property=\"og:title\" content=\"Disputa pelo Conselho da Eletrobras se acirra com 12 candidatos para sete vagas de acionistas privados\" \/>\n<meta property=\"og:description\" content=\"Marisa Wanzeller e Geraldo Campos Jr., da Ag\u00eancia iNFRA A composi\u00e7\u00e3o do CA (Conselho de Administra\u00e7\u00e3o) da Eletrobras tem sido motivo de uma intensa disputa entre acionistas. A empresa conta com 12 candidatos, at\u00e9 o momento, para as sete cadeiras destinadas aos acionistas privados no CA. A Uni\u00e3o ter\u00e1 direito a tr\u00eas de um total [&hellip;]\" \/>\n<meta property=\"og:url\" content=\"https:\/\/agenciainfra.com\/blog\/disputa-pelo-conselho-da-eletrobras-se-acirra-com-12-candidatos-para-sete-vagas-de-acionistas-privados\/\" \/>\n<meta property=\"og:site_name\" content=\"Ag\u00eancia iNFRA\" \/>\n<meta property=\"article:publisher\" content=\"https:\/\/www.facebook.com\/ageninfra\" \/>\n<meta property=\"article:published_time\" content=\"2025-04-15T12:00:00+00:00\" \/>\n<meta property=\"article:modified_time\" content=\"2025-04-16T14:54:05+00:00\" \/>\n<meta property=\"og:image\" content=\"https:\/\/agenciainfra.com\/blog\/wp-content\/uploads\/2022\/09\/eletrobras-foto-fernando-frazao-agencia-brasil.jpeg\" \/>\n\t<meta property=\"og:image:width\" content=\"1280\" \/>\n\t<meta property=\"og:image:height\" content=\"766\" \/>\n\t<meta property=\"og:image:type\" content=\"image\/jpeg\" \/>\n<meta name=\"author\" content=\"Ag\u00eancia iNFRA\" \/>\n<meta name=\"twitter:card\" content=\"summary_large_image\" \/>\n<meta name=\"twitter:creator\" content=\"@agencia_infra\" \/>\n<meta name=\"twitter:site\" content=\"@agencia_infra\" \/>\n<meta name=\"twitter:label1\" content=\"Escrito por\" \/>\n\t<meta name=\"twitter:data1\" content=\"Ag\u00eancia iNFRA\" \/>\n\t<meta name=\"twitter:label2\" content=\"Est. tempo de leitura\" \/>\n\t<meta name=\"twitter:data2\" content=\"4 minutos\" \/>\n<script type=\"application\/ld+json\" class=\"yoast-schema-graph\">{\"@context\":\"https:\/\/schema.org\",\"@graph\":[{\"@type\":\"Article\",\"@id\":\"https:\/\/agenciainfra.com\/blog\/disputa-pelo-conselho-da-eletrobras-se-acirra-com-12-candidatos-para-sete-vagas-de-acionistas-privados\/#article\",\"isPartOf\":{\"@id\":\"https:\/\/agenciainfra.com\/blog\/disputa-pelo-conselho-da-eletrobras-se-acirra-com-12-candidatos-para-sete-vagas-de-acionistas-privados\/\"},\"author\":{\"name\":\"Ag\u00eancia iNFRA\",\"@id\":\"https:\/\/agenciainfra.com\/blog\/#\/schema\/person\/34af08dff6adea4cb22b06612ba7acfa\"},\"headline\":\"Disputa pelo Conselho da Eletrobras se acirra com 12 candidatos para sete vagas de acionistas privados\",\"datePublished\":\"2025-04-15T12:00:00+00:00\",\"dateModified\":\"2025-04-16T14:54:05+00:00\",\"mainEntityOfPage\":{\"@id\":\"https:\/\/agenciainfra.com\/blog\/disputa-pelo-conselho-da-eletrobras-se-acirra-com-12-candidatos-para-sete-vagas-de-acionistas-privados\/\"},\"wordCount\":747,\"publisher\":{\"@id\":\"https:\/\/agenciainfra.com\/blog\/#organization\"},\"image\":{\"@id\":\"https:\/\/agenciainfra.com\/blog\/disputa-pelo-conselho-da-eletrobras-se-acirra-com-12-candidatos-para-sete-vagas-de-acionistas-privados\/#primaryimage\"},\"thumbnailUrl\":\"https:\/\/agenciainfra.com\/blog\/wp-content\/uploads\/2022\/09\/eletrobras-foto-fernando-frazao-agencia-brasil.jpeg\",\"keywords\":[\"conselho da eletrobras\",\"Eletrobras\",\"Geraldo Campos Jr.\",\"guido mantega\",\"Indica\u00e7\u00e3o do governo \u00e0 Eletrobras\",\"marcelo gasparino\",\"Marisa Wanzeller\",\"Maur\u00edcio Tolmasquim\",\"nelson hubner\",\"Silas Rondeau\"],\"articleSection\":[\"Destaque lista\",\"Geral\",\"iNFRAEnergia\"],\"inLanguage\":\"pt-BR\",\"copyrightYear\":\"2025\",\"copyrightHolder\":{\"@id\":\"https:\/\/agenciainfra.com\/blog\/#organization\"}},{\"@type\":\"WebPage\",\"@id\":\"https:\/\/agenciainfra.com\/blog\/disputa-pelo-conselho-da-eletrobras-se-acirra-com-12-candidatos-para-sete-vagas-de-acionistas-privados\/\",\"url\":\"https:\/\/agenciainfra.com\/blog\/disputa-pelo-conselho-da-eletrobras-se-acirra-com-12-candidatos-para-sete-vagas-de-acionistas-privados\/\",\"name\":\"Disputa pelo Conselho da Eletrobras se acirra com 12 candidatos para sete vagas de acionistas privados - Ag\u00eancia iNFRA\",\"isPartOf\":{\"@id\":\"https:\/\/agenciainfra.com\/blog\/#website\"},\"primaryImageOfPage\":{\"@id\":\"https:\/\/agenciainfra.com\/blog\/disputa-pelo-conselho-da-eletrobras-se-acirra-com-12-candidatos-para-sete-vagas-de-acionistas-privados\/#primaryimage\"},\"image\":{\"@id\":\"https:\/\/agenciainfra.com\/blog\/disputa-pelo-conselho-da-eletrobras-se-acirra-com-12-candidatos-para-sete-vagas-de-acionistas-privados\/#primaryimage\"},\"thumbnailUrl\":\"https:\/\/agenciainfra.com\/blog\/wp-content\/uploads\/2022\/09\/eletrobras-foto-fernando-frazao-agencia-brasil.jpeg\",\"datePublished\":\"2025-04-15T12:00:00+00:00\",\"dateModified\":\"2025-04-16T14:54:05+00:00\",\"breadcrumb\":{\"@id\":\"https:\/\/agenciainfra.com\/blog\/disputa-pelo-conselho-da-eletrobras-se-acirra-com-12-candidatos-para-sete-vagas-de-acionistas-privados\/#breadcrumb\"},\"inLanguage\":\"pt-BR\",\"potentialAction\":[{\"@type\":\"ReadAction\",\"target\":[\"https:\/\/agenciainfra.com\/blog\/disputa-pelo-conselho-da-eletrobras-se-acirra-com-12-candidatos-para-sete-vagas-de-acionistas-privados\/\"]}]},{\"@type\":\"ImageObject\",\"inLanguage\":\"pt-BR\",\"@id\":\"https:\/\/agenciainfra.com\/blog\/disputa-pelo-conselho-da-eletrobras-se-acirra-com-12-candidatos-para-sete-vagas-de-acionistas-privados\/#primaryimage\",\"url\":\"https:\/\/agenciainfra.com\/blog\/wp-content\/uploads\/2022\/09\/eletrobras-foto-fernando-frazao-agencia-brasil.jpeg\",\"contentUrl\":\"https:\/\/agenciainfra.com\/blog\/wp-content\/uploads\/2022\/09\/eletrobras-foto-fernando-frazao-agencia-brasil.jpeg\",\"width\":1280,\"height\":766,\"caption\":\"Foto: Fernando Fraz\u00e3o\/Ag\u00eancia Brasil\"},{\"@type\":\"BreadcrumbList\",\"@id\":\"https:\/\/agenciainfra.com\/blog\/disputa-pelo-conselho-da-eletrobras-se-acirra-com-12-candidatos-para-sete-vagas-de-acionistas-privados\/#breadcrumb\",\"itemListElement\":[{\"@type\":\"ListItem\",\"position\":1,\"name\":\"In\u00edcio\",\"item\":\"https:\/\/agenciainfra.com\/blog\/\"},{\"@type\":\"ListItem\",\"position\":2,\"name\":\"Disputa pelo Conselho da Eletrobras se acirra com 12 candidatos para sete vagas de acionistas privados\"}]},{\"@type\":\"WebSite\",\"@id\":\"https:\/\/agenciainfra.com\/blog\/#website\",\"url\":\"https:\/\/agenciainfra.com\/blog\/\",\"name\":\"Ag\u00eancia iNFRA\",\"description\":\"Multiplataforma de informa\u00e7\u00e3o jornal\u00edstica refer\u00eancia na \u00e1rea de infraestrutura no Brasil!\",\"publisher\":{\"@id\":\"https:\/\/agenciainfra.com\/blog\/#organization\"},\"potentialAction\":[{\"@type\":\"SearchAction\",\"target\":{\"@type\":\"EntryPoint\",\"urlTemplate\":\"https:\/\/agenciainfra.com\/blog\/?s={search_term_string}\"},\"query-input\":{\"@type\":\"PropertyValueSpecification\",\"valueRequired\":true,\"valueName\":\"search_term_string\"}}],\"inLanguage\":\"pt-BR\"},{\"@type\":\"Organization\",\"@id\":\"https:\/\/agenciainfra.com\/blog\/#organization\",\"name\":\"Ag\u00eancia iNFRA\",\"url\":\"https:\/\/agenciainfra.com\/blog\/\",\"logo\":{\"@type\":\"ImageObject\",\"inLanguage\":\"pt-BR\",\"@id\":\"https:\/\/agenciainfra.com\/blog\/#\/schema\/logo\/image\/\",\"url\":\"https:\/\/agenciainfra.com\/blog\/wp-content\/uploads\/2023\/09\/iNFRA_5-e1761735885940.png\",\"contentUrl\":\"https:\/\/agenciainfra.com\/blog\/wp-content\/uploads\/2023\/09\/iNFRA_5-e1761735885940.png\",\"width\":1672,\"height\":454,\"caption\":\"Ag\u00eancia iNFRA\"},\"image\":{\"@id\":\"https:\/\/agenciainfra.com\/blog\/#\/schema\/logo\/image\/\"},\"sameAs\":[\"https:\/\/www.facebook.com\/ageninfra\",\"https:\/\/x.com\/agencia_infra\",\"https:\/\/www.linkedin.com\/company\/ag\u00eanciainfra\/\",\"https:\/\/www.instagram.com\/agenciainfra\/\"]},{\"@type\":\"Person\",\"@id\":\"https:\/\/agenciainfra.com\/blog\/#\/schema\/person\/34af08dff6adea4cb22b06612ba7acfa\",\"name\":\"Ag\u00eancia iNFRA\",\"image\":{\"@type\":\"ImageObject\",\"inLanguage\":\"pt-BR\",\"@id\":\"https:\/\/agenciainfra.com\/blog\/#\/schema\/person\/image\/\",\"url\":\"https:\/\/secure.gravatar.com\/avatar\/d189e01678f06d8eb84d4e01f08eb848b3fffe3f8443818d3c356c66892f5be8?s=96&d=mm&r=g\",\"contentUrl\":\"https:\/\/secure.gravatar.com\/avatar\/d189e01678f06d8eb84d4e01f08eb848b3fffe3f8443818d3c356c66892f5be8?s=96&d=mm&r=g\",\"caption\":\"Ag\u00eancia iNFRA\"},\"url\":\"https:\/\/agenciainfra.com\/blog\/author\/admin\/\"}]}<\/script>\n<!-- \/ Yoast SEO Premium plugin. -->","yoast_head_json":{"title":"Disputa pelo Conselho da Eletrobras se acirra com 12 candidatos para sete vagas de acionistas privados - Ag\u00eancia iNFRA","robots":{"index":"index","follow":"follow","max-snippet":"max-snippet:-1","max-image-preview":"max-image-preview:large","max-video-preview":"max-video-preview:-1"},"canonical":"https:\/\/agenciainfra.com\/blog\/disputa-pelo-conselho-da-eletrobras-se-acirra-com-12-candidatos-para-sete-vagas-de-acionistas-privados\/","og_locale":"pt_BR","og_type":"article","og_title":"Disputa pelo Conselho da Eletrobras se acirra com 12 candidatos para sete vagas de acionistas privados","og_description":"Marisa Wanzeller e Geraldo Campos Jr., da Ag\u00eancia iNFRA A composi\u00e7\u00e3o do CA (Conselho de Administra\u00e7\u00e3o) da Eletrobras tem sido motivo de uma intensa disputa entre acionistas. A empresa conta com 12 candidatos, at\u00e9 o momento, para as sete cadeiras destinadas aos acionistas privados no CA. A Uni\u00e3o ter\u00e1 direito a tr\u00eas de um total [&hellip;]","og_url":"https:\/\/agenciainfra.com\/blog\/disputa-pelo-conselho-da-eletrobras-se-acirra-com-12-candidatos-para-sete-vagas-de-acionistas-privados\/","og_site_name":"Ag\u00eancia iNFRA","article_publisher":"https:\/\/www.facebook.com\/ageninfra","article_published_time":"2025-04-15T12:00:00+00:00","article_modified_time":"2025-04-16T14:54:05+00:00","og_image":[{"width":1280,"height":766,"url":"https:\/\/agenciainfra.com\/blog\/wp-content\/uploads\/2022\/09\/eletrobras-foto-fernando-frazao-agencia-brasil.jpeg","type":"image\/jpeg"}],"author":"Ag\u00eancia iNFRA","twitter_card":"summary_large_image","twitter_creator":"@agencia_infra","twitter_site":"@agencia_infra","twitter_misc":{"Escrito por":"Ag\u00eancia iNFRA","Est. tempo de leitura":"4 minutos"},"schema":{"@context":"https:\/\/schema.org","@graph":[{"@type":"Article","@id":"https:\/\/agenciainfra.com\/blog\/disputa-pelo-conselho-da-eletrobras-se-acirra-com-12-candidatos-para-sete-vagas-de-acionistas-privados\/#article","isPartOf":{"@id":"https:\/\/agenciainfra.com\/blog\/disputa-pelo-conselho-da-eletrobras-se-acirra-com-12-candidatos-para-sete-vagas-de-acionistas-privados\/"},"author":{"name":"Ag\u00eancia iNFRA","@id":"https:\/\/agenciainfra.com\/blog\/#\/schema\/person\/34af08dff6adea4cb22b06612ba7acfa"},"headline":"Disputa pelo Conselho da Eletrobras se acirra com 12 candidatos para sete vagas de acionistas privados","datePublished":"2025-04-15T12:00:00+00:00","dateModified":"2025-04-16T14:54:05+00:00","mainEntityOfPage":{"@id":"https:\/\/agenciainfra.com\/blog\/disputa-pelo-conselho-da-eletrobras-se-acirra-com-12-candidatos-para-sete-vagas-de-acionistas-privados\/"},"wordCount":747,"publisher":{"@id":"https:\/\/agenciainfra.com\/blog\/#organization"},"image":{"@id":"https:\/\/agenciainfra.com\/blog\/disputa-pelo-conselho-da-eletrobras-se-acirra-com-12-candidatos-para-sete-vagas-de-acionistas-privados\/#primaryimage"},"thumbnailUrl":"https:\/\/agenciainfra.com\/blog\/wp-content\/uploads\/2022\/09\/eletrobras-foto-fernando-frazao-agencia-brasil.jpeg","keywords":["conselho da eletrobras","Eletrobras","Geraldo Campos Jr.","guido mantega","Indica\u00e7\u00e3o do governo \u00e0 Eletrobras","marcelo gasparino","Marisa Wanzeller","Maur\u00edcio Tolmasquim","nelson hubner","Silas Rondeau"],"articleSection":["Destaque lista","Geral","iNFRAEnergia"],"inLanguage":"pt-BR","copyrightYear":"2025","copyrightHolder":{"@id":"https:\/\/agenciainfra.com\/blog\/#organization"}},{"@type":"WebPage","@id":"https:\/\/agenciainfra.com\/blog\/disputa-pelo-conselho-da-eletrobras-se-acirra-com-12-candidatos-para-sete-vagas-de-acionistas-privados\/","url":"https:\/\/agenciainfra.com\/blog\/disputa-pelo-conselho-da-eletrobras-se-acirra-com-12-candidatos-para-sete-vagas-de-acionistas-privados\/","name":"Disputa pelo Conselho da Eletrobras se acirra com 12 candidatos para sete vagas de acionistas privados - Ag\u00eancia iNFRA","isPartOf":{"@id":"https:\/\/agenciainfra.com\/blog\/#website"},"primaryImageOfPage":{"@id":"https:\/\/agenciainfra.com\/blog\/disputa-pelo-conselho-da-eletrobras-se-acirra-com-12-candidatos-para-sete-vagas-de-acionistas-privados\/#primaryimage"},"image":{"@id":"https:\/\/agenciainfra.com\/blog\/disputa-pelo-conselho-da-eletrobras-se-acirra-com-12-candidatos-para-sete-vagas-de-acionistas-privados\/#primaryimage"},"thumbnailUrl":"https:\/\/agenciainfra.com\/blog\/wp-content\/uploads\/2022\/09\/eletrobras-foto-fernando-frazao-agencia-brasil.jpeg","datePublished":"2025-04-15T12:00:00+00:00","dateModified":"2025-04-16T14:54:05+00:00","breadcrumb":{"@id":"https:\/\/agenciainfra.com\/blog\/disputa-pelo-conselho-da-eletrobras-se-acirra-com-12-candidatos-para-sete-vagas-de-acionistas-privados\/#breadcrumb"},"inLanguage":"pt-BR","potentialAction":[{"@type":"ReadAction","target":["https:\/\/agenciainfra.com\/blog\/disputa-pelo-conselho-da-eletrobras-se-acirra-com-12-candidatos-para-sete-vagas-de-acionistas-privados\/"]}]},{"@type":"ImageObject","inLanguage":"pt-BR","@id":"https:\/\/agenciainfra.com\/blog\/disputa-pelo-conselho-da-eletrobras-se-acirra-com-12-candidatos-para-sete-vagas-de-acionistas-privados\/#primaryimage","url":"https:\/\/agenciainfra.com\/blog\/wp-content\/uploads\/2022\/09\/eletrobras-foto-fernando-frazao-agencia-brasil.jpeg","contentUrl":"https:\/\/agenciainfra.com\/blog\/wp-content\/uploads\/2022\/09\/eletrobras-foto-fernando-frazao-agencia-brasil.jpeg","width":1280,"height":766,"caption":"Foto: Fernando Fraz\u00e3o\/Ag\u00eancia Brasil"},{"@type":"BreadcrumbList","@id":"https:\/\/agenciainfra.com\/blog\/disputa-pelo-conselho-da-eletrobras-se-acirra-com-12-candidatos-para-sete-vagas-de-acionistas-privados\/#breadcrumb","itemListElement":[{"@type":"ListItem","position":1,"name":"In\u00edcio","item":"https:\/\/agenciainfra.com\/blog\/"},{"@type":"ListItem","position":2,"name":"Disputa pelo Conselho da Eletrobras se acirra com 12 candidatos para sete vagas de acionistas privados"}]},{"@type":"WebSite","@id":"https:\/\/agenciainfra.com\/blog\/#website","url":"https:\/\/agenciainfra.com\/blog\/","name":"Ag\u00eancia iNFRA","description":"Multiplataforma de informa\u00e7\u00e3o jornal\u00edstica refer\u00eancia na \u00e1rea de infraestrutura no Brasil!","publisher":{"@id":"https:\/\/agenciainfra.com\/blog\/#organization"},"potentialAction":[{"@type":"SearchAction","target":{"@type":"EntryPoint","urlTemplate":"https:\/\/agenciainfra.com\/blog\/?s={search_term_string}"},"query-input":{"@type":"PropertyValueSpecification","valueRequired":true,"valueName":"search_term_string"}}],"inLanguage":"pt-BR"},{"@type":"Organization","@id":"https:\/\/agenciainfra.com\/blog\/#organization","name":"Ag\u00eancia iNFRA","url":"https:\/\/agenciainfra.com\/blog\/","logo":{"@type":"ImageObject","inLanguage":"pt-BR","@id":"https:\/\/agenciainfra.com\/blog\/#\/schema\/logo\/image\/","url":"https:\/\/agenciainfra.com\/blog\/wp-content\/uploads\/2023\/09\/iNFRA_5-e1761735885940.png","contentUrl":"https:\/\/agenciainfra.com\/blog\/wp-content\/uploads\/2023\/09\/iNFRA_5-e1761735885940.png","width":1672,"height":454,"caption":"Ag\u00eancia iNFRA"},"image":{"@id":"https:\/\/agenciainfra.com\/blog\/#\/schema\/logo\/image\/"},"sameAs":["https:\/\/www.facebook.com\/ageninfra","https:\/\/x.com\/agencia_infra","https:\/\/www.linkedin.com\/company\/ag\u00eanciainfra\/","https:\/\/www.instagram.com\/agenciainfra\/"]},{"@type":"Person","@id":"https:\/\/agenciainfra.com\/blog\/#\/schema\/person\/34af08dff6adea4cb22b06612ba7acfa","name":"Ag\u00eancia iNFRA","image":{"@type":"ImageObject","inLanguage":"pt-BR","@id":"https:\/\/agenciainfra.com\/blog\/#\/schema\/person\/image\/","url":"https:\/\/secure.gravatar.com\/avatar\/d189e01678f06d8eb84d4e01f08eb848b3fffe3f8443818d3c356c66892f5be8?s=96&d=mm&r=g","contentUrl":"https:\/\/secure.gravatar.com\/avatar\/d189e01678f06d8eb84d4e01f08eb848b3fffe3f8443818d3c356c66892f5be8?s=96&d=mm&r=g","caption":"Ag\u00eancia iNFRA"},"url":"https:\/\/agenciainfra.com\/blog\/author\/admin\/"}]}},"_links":{"self":[{"href":"https:\/\/agenciainfra.com\/blog\/wp-json\/wp\/v2\/posts\/20957","targetHints":{"allow":["GET"]}}],"collection":[{"href":"https:\/\/agenciainfra.com\/blog\/wp-json\/wp\/v2\/posts"}],"about":[{"href":"https:\/\/agenciainfra.com\/blog\/wp-json\/wp\/v2\/types\/post"}],"author":[{"embeddable":true,"href":"https:\/\/agenciainfra.com\/blog\/wp-json\/wp\/v2\/users\/1"}],"replies":[{"embeddable":true,"href":"https:\/\/agenciainfra.com\/blog\/wp-json\/wp\/v2\/comments?post=20957"}],"version-history":[{"count":1,"href":"https:\/\/agenciainfra.com\/blog\/wp-json\/wp\/v2\/posts\/20957\/revisions"}],"predecessor-version":[{"id":20958,"href":"https:\/\/agenciainfra.com\/blog\/wp-json\/wp\/v2\/posts\/20957\/revisions\/20958"}],"wp:featuredmedia":[{"embeddable":true,"href":"https:\/\/agenciainfra.com\/blog\/wp-json\/wp\/v2\/media\/11428"}],"wp:attachment":[{"href":"https:\/\/agenciainfra.com\/blog\/wp-json\/wp\/v2\/media?parent=20957"}],"wp:term":[{"taxonomy":"category","embeddable":true,"href":"https:\/\/agenciainfra.com\/blog\/wp-json\/wp\/v2\/categories?post=20957"},{"taxonomy":"post_tag","embeddable":true,"href":"https:\/\/agenciainfra.com\/blog\/wp-json\/wp\/v2\/tags?post=20957"}],"curies":[{"name":"wp","href":"https:\/\/api.w.org\/{rel}","templated":true}]}}