{"id":20959,"date":"2025-04-15T10:00:00","date_gmt":"2025-04-15T13:00:00","guid":{"rendered":"https:\/\/agenciainfra.com\/blog\/?p=20959"},"modified":"2025-04-15T07:26:49","modified_gmt":"2025-04-15T10:26:49","slug":"mpor-abre-consulta-publica-para-revisao-da-poligonal-do-porto-de-santos","status":"publish","type":"post","link":"https:\/\/agenciainfra.com\/blog\/mpor-abre-consulta-publica-para-revisao-da-poligonal-do-porto-de-santos\/","title":{"rendered":"MPor abre consulta p\u00fablica para revis\u00e3o da Poligonal do Porto de Santos"},"content":{"rendered":"\n<p class=\"has-text-align-right\"><strong>da Ag\u00eancia iNFRA<\/strong><\/p>\n\n\n\n<p>A Secretaria Nacional de Portos, do MPor (Minist\u00e9rio de Portos e Aeroportos), publicou no Di\u00e1rio Oficial da Uni\u00e3o desta segunda-feira (14) a&nbsp;<a href=\"https:\/\/agenciainfra.us14.list-manage.com\/track\/click?u=d460dd1bcf9ba0ae040e1fc0f&amp;id=40352c526d&amp;e=1192c754bc\" target=\"_blank\" rel=\"noreferrer noopener\">Portaria 234\/2025<\/a>, que trata da abertura de processo de consulta p\u00fablica para a proposta de revis\u00e3o da poligonal do Porto Organizado de Santos (SP).<\/p>\n\n\n\n<p>A consulta p\u00fablica ter\u00e1 dura\u00e7\u00e3o de 30 dias. Durante esse per\u00edodo, interessados poder\u00e3o apresentar contribui\u00e7\u00f5es sobre a nova delimita\u00e7\u00e3o da \u00e1rea do porto. At\u00e9 o fechamento deste texto a consulta p\u00fablica n\u00e3o estava dispon\u00edvel no&nbsp;<a href=\"https:\/\/agenciainfra.us14.list-manage.com\/track\/click?u=d460dd1bcf9ba0ae040e1fc0f&amp;id=88a4e8db57&amp;e=1192c754bc\" target=\"_blank\" rel=\"noreferrer noopener\">site informado<\/a>&nbsp;no Di\u00e1rio Oficial da Uni\u00e3o.<\/p>\n\n\n\n<p>O ministro de Portos e Aeroportos, Silvio Costa Filho, considerou que a medida vai \u201cprojetar o futuro do porto para os pr\u00f3ximos 20 anos\u201d. De acordo com ele, a proposta de expans\u00e3o \u00e9 de \u201c7,8 mil metros quadrados para quase 20 mil metros quadrados\u201d.<\/p>\n\n\n\n<p>\u201cEssa expans\u00e3o representa o fortalecimento da infraestrutura portu\u00e1ria, estimulando o crescimento econ\u00f4mico, a gera\u00e7\u00e3o de empregos e renda para a popula\u00e7\u00e3o\u201d, afirmou no Encontro Porto &amp; Mar realizado pelo grupo Tribuna, na C\u00e2mara de Santos, realizado nesta segunda-feira (14).<\/p>\n\n\n\n<p><strong>Avia\u00e7\u00e3o<\/strong><br>Tamb\u00e9m nesta segunda-feira, o ministro foi apresentado ao cronograma de novos investimentos no Aeroporto Internacional de Guarulhos (SP), que prev\u00ea 21 projetos que somam o montante de R$ 1,4 bilh\u00e3o. Os projetos, que incluem amplia\u00e7\u00e3o de terminais, integra\u00e7\u00e3o tecnol\u00f3gica e melhorias operacionais em p\u00e1tios e taxiways,&nbsp;<a href=\"https:\/\/agenciainfra.us14.list-manage.com\/track\/click?u=d460dd1bcf9ba0ae040e1fc0f&amp;id=0e7a55a1fc&amp;e=1192c754bc\" target=\"_blank\" rel=\"noreferrer noopener\">foram apresentados<\/a>&nbsp;tamb\u00e9m&nbsp;ao secret\u00e1rio nacional de Avia\u00e7\u00e3o Civil, Tom\u00e9 Franca, em visita t\u00e9cnica no aeroporto.<\/p>\n\n\n\n<p>Costa Filho, participou ainda&nbsp;da cerim\u00f4nia de inaugura\u00e7\u00e3o das obras da primeira fase do Aeroporto de Guaruj\u00e1 (SP). Foram mais de R$ 20 milh\u00f5es de investimentos federais, e, para a segunda etapa, o ministro assinou ordem de servi\u00e7o de mais R$ 4 milh\u00f5es. Mais informa\u00e7\u00f5es&nbsp;<a href=\"https:\/\/agenciainfra.us14.list-manage.com\/track\/click?u=d460dd1bcf9ba0ae040e1fc0f&amp;id=f3327b625f&amp;e=1192c754bc\" target=\"_blank\" rel=\"noreferrer noopener\">neste link<\/a>.<\/p>\n","protected":false},"excerpt":{"rendered":"<p>da Ag\u00eancia iNFRA A Secretaria Nacional de Portos, do MPor (Minist\u00e9rio de Portos e Aeroportos), publicou no Di\u00e1rio Oficial da Uni\u00e3o desta segunda-feira (14) a&nbsp;Portaria 234\/2025, que trata da abertura de processo de consulta p\u00fablica para a proposta de revis\u00e3o da poligonal do Porto Organizado de Santos (SP). A consulta p\u00fablica ter\u00e1 dura\u00e7\u00e3o de 30 [&hellip;]<\/p>\n","protected":false},"author":1,"featured_media":18321,"comment_status":"closed","ping_status":"closed","sticky":false,"template":"","format":"standard","meta":{"_monsterinsights_skip_tracking":false,"_monsterinsights_sitenote_active":false,"_monsterinsights_sitenote_note":"","_monsterinsights_sitenote_category":0,"footnotes":""},"categories":[7250,1,7],"tags":[13079,5002,236,345,6257,13017,13076,13078,260,13077],"class_list":["post-20959","post","type-post","status-publish","format-standard","has-post-thumbnail","hentry","category-destaque-lista","category-geral","category-infratransporte","tag-aeroporto-de-guaruja","tag-aeroporto-de-guarulhos","tag-aviacao","tag-consulta-publica","tag-ministerio-de-portos-e-aeroportos","tag-ministro-silvio-costa-filho","tag-poligonal-do-porto-de-santos","tag-portaria-mpor-234-2025","tag-porto-de-santos","tag-revisao-da-poligonal"],"yoast_head":"<!-- This site is optimized with the Yoast SEO Premium plugin v25.4 (Yoast SEO v26.0) - https:\/\/yoast.com\/wordpress\/plugins\/seo\/ -->\n<title>MPor abre consulta p\u00fablica para revis\u00e3o da Poligonal do Porto de Santos - Ag\u00eancia iNFRA<\/title>\n<meta name=\"robots\" content=\"index, follow, max-snippet:-1, max-image-preview:large, max-video-preview:-1\" \/>\n<link rel=\"canonical\" href=\"https:\/\/agenciainfra.com\/blog\/mpor-abre-consulta-publica-para-revisao-da-poligonal-do-porto-de-santos\/\" \/>\n<meta property=\"og:locale\" content=\"pt_BR\" \/>\n<meta property=\"og:type\" content=\"article\" \/>\n<meta property=\"og:title\" content=\"MPor abre consulta p\u00fablica para revis\u00e3o da Poligonal do Porto de Santos\" \/>\n<meta property=\"og:description\" content=\"da Ag\u00eancia iNFRA A Secretaria Nacional de Portos, do MPor (Minist\u00e9rio de Portos e Aeroportos), publicou no Di\u00e1rio Oficial da Uni\u00e3o desta segunda-feira (14) a&nbsp;Portaria 234\/2025, que trata da abertura de processo de consulta p\u00fablica para a proposta de revis\u00e3o da poligonal do Porto Organizado de Santos (SP). A consulta p\u00fablica ter\u00e1 dura\u00e7\u00e3o de 30 [&hellip;]\" \/>\n<meta property=\"og:url\" content=\"https:\/\/agenciainfra.com\/blog\/mpor-abre-consulta-publica-para-revisao-da-poligonal-do-porto-de-santos\/\" \/>\n<meta property=\"og:site_name\" content=\"Ag\u00eancia iNFRA\" \/>\n<meta property=\"article:publisher\" content=\"https:\/\/www.facebook.com\/ageninfra\" \/>\n<meta property=\"article:published_time\" content=\"2025-04-15T13:00:00+00:00\" \/>\n<meta property=\"og:image\" content=\"https:\/\/agenciainfra.com\/blog\/wp-content\/uploads\/2024\/08\/porto-de-santos-foto-spa-1024x523-1.png\" \/>\n\t<meta property=\"og:image:width\" content=\"1024\" \/>\n\t<meta property=\"og:image:height\" content=\"523\" \/>\n\t<meta property=\"og:image:type\" content=\"image\/png\" \/>\n<meta name=\"author\" content=\"Ag\u00eancia iNFRA\" \/>\n<meta name=\"twitter:card\" content=\"summary_large_image\" \/>\n<meta name=\"twitter:creator\" content=\"@agencia_infra\" \/>\n<meta name=\"twitter:site\" content=\"@agencia_infra\" \/>\n<meta name=\"twitter:label1\" content=\"Escrito por\" \/>\n\t<meta name=\"twitter:data1\" content=\"Ag\u00eancia iNFRA\" \/>\n\t<meta name=\"twitter:label2\" content=\"Est. tempo de leitura\" \/>\n\t<meta name=\"twitter:data2\" content=\"2 minutos\" \/>\n<script type=\"application\/ld+json\" class=\"yoast-schema-graph\">{\"@context\":\"https:\/\/schema.org\",\"@graph\":[{\"@type\":\"Article\",\"@id\":\"https:\/\/agenciainfra.com\/blog\/mpor-abre-consulta-publica-para-revisao-da-poligonal-do-porto-de-santos\/#article\",\"isPartOf\":{\"@id\":\"https:\/\/agenciainfra.com\/blog\/mpor-abre-consulta-publica-para-revisao-da-poligonal-do-porto-de-santos\/\"},\"author\":{\"name\":\"Ag\u00eancia iNFRA\",\"@id\":\"https:\/\/agenciainfra.com\/blog\/#\/schema\/person\/34af08dff6adea4cb22b06612ba7acfa\"},\"headline\":\"MPor abre consulta p\u00fablica para revis\u00e3o da Poligonal do Porto de Santos\",\"datePublished\":\"2025-04-15T13:00:00+00:00\",\"mainEntityOfPage\":{\"@id\":\"https:\/\/agenciainfra.com\/blog\/mpor-abre-consulta-publica-para-revisao-da-poligonal-do-porto-de-santos\/\"},\"wordCount\":336,\"publisher\":{\"@id\":\"https:\/\/agenciainfra.com\/blog\/#organization\"},\"image\":{\"@id\":\"https:\/\/agenciainfra.com\/blog\/mpor-abre-consulta-publica-para-revisao-da-poligonal-do-porto-de-santos\/#primaryimage\"},\"thumbnailUrl\":\"https:\/\/agenciainfra.com\/blog\/wp-content\/uploads\/2024\/08\/porto-de-santos-foto-spa-1024x523-1.png\",\"keywords\":[\"aeroporto de guaruj\u00e1\",\"Aeroporto de Guarulhos\",\"avia\u00e7\u00e3o\",\"consulta p\u00fablica\",\"Minist\u00e9rio de Portos e Aeroportos\",\"ministro Silvio Costa Filho\",\"poligonal do porto de santos\",\"portaria mpor 234\/2025\",\"Porto de Santos\",\"revis\u00e3o da poligonal\"],\"articleSection\":[\"Destaque lista\",\"Geral\",\"iNFRATransporte\"],\"inLanguage\":\"pt-BR\",\"copyrightYear\":\"2025\",\"copyrightHolder\":{\"@id\":\"https:\/\/agenciainfra.com\/blog\/#organization\"}},{\"@type\":\"WebPage\",\"@id\":\"https:\/\/agenciainfra.com\/blog\/mpor-abre-consulta-publica-para-revisao-da-poligonal-do-porto-de-santos\/\",\"url\":\"https:\/\/agenciainfra.com\/blog\/mpor-abre-consulta-publica-para-revisao-da-poligonal-do-porto-de-santos\/\",\"name\":\"MPor abre consulta p\u00fablica para revis\u00e3o da Poligonal do Porto de Santos - Ag\u00eancia iNFRA\",\"isPartOf\":{\"@id\":\"https:\/\/agenciainfra.com\/blog\/#website\"},\"primaryImageOfPage\":{\"@id\":\"https:\/\/agenciainfra.com\/blog\/mpor-abre-consulta-publica-para-revisao-da-poligonal-do-porto-de-santos\/#primaryimage\"},\"image\":{\"@id\":\"https:\/\/agenciainfra.com\/blog\/mpor-abre-consulta-publica-para-revisao-da-poligonal-do-porto-de-santos\/#primaryimage\"},\"thumbnailUrl\":\"https:\/\/agenciainfra.com\/blog\/wp-content\/uploads\/2024\/08\/porto-de-santos-foto-spa-1024x523-1.png\",\"datePublished\":\"2025-04-15T13:00:00+00:00\",\"breadcrumb\":{\"@id\":\"https:\/\/agenciainfra.com\/blog\/mpor-abre-consulta-publica-para-revisao-da-poligonal-do-porto-de-santos\/#breadcrumb\"},\"inLanguage\":\"pt-BR\",\"potentialAction\":[{\"@type\":\"ReadAction\",\"target\":[\"https:\/\/agenciainfra.com\/blog\/mpor-abre-consulta-publica-para-revisao-da-poligonal-do-porto-de-santos\/\"]}]},{\"@type\":\"ImageObject\",\"inLanguage\":\"pt-BR\",\"@id\":\"https:\/\/agenciainfra.com\/blog\/mpor-abre-consulta-publica-para-revisao-da-poligonal-do-porto-de-santos\/#primaryimage\",\"url\":\"https:\/\/agenciainfra.com\/blog\/wp-content\/uploads\/2024\/08\/porto-de-santos-foto-spa-1024x523-1.png\",\"contentUrl\":\"https:\/\/agenciainfra.com\/blog\/wp-content\/uploads\/2024\/08\/porto-de-santos-foto-spa-1024x523-1.png\",\"width\":1024,\"height\":523,\"caption\":\"Foto: Autoridade Portu\u00e1ria de Santos\"},{\"@type\":\"BreadcrumbList\",\"@id\":\"https:\/\/agenciainfra.com\/blog\/mpor-abre-consulta-publica-para-revisao-da-poligonal-do-porto-de-santos\/#breadcrumb\",\"itemListElement\":[{\"@type\":\"ListItem\",\"position\":1,\"name\":\"In\u00edcio\",\"item\":\"https:\/\/agenciainfra.com\/blog\/\"},{\"@type\":\"ListItem\",\"position\":2,\"name\":\"MPor abre consulta p\u00fablica para revis\u00e3o da Poligonal do Porto de Santos\"}]},{\"@type\":\"WebSite\",\"@id\":\"https:\/\/agenciainfra.com\/blog\/#website\",\"url\":\"https:\/\/agenciainfra.com\/blog\/\",\"name\":\"Ag\u00eancia iNFRA\",\"description\":\"Multiplataforma de informa\u00e7\u00e3o jornal\u00edstica refer\u00eancia na \u00e1rea de infraestrutura no Brasil!\",\"publisher\":{\"@id\":\"https:\/\/agenciainfra.com\/blog\/#organization\"},\"potentialAction\":[{\"@type\":\"SearchAction\",\"target\":{\"@type\":\"EntryPoint\",\"urlTemplate\":\"https:\/\/agenciainfra.com\/blog\/?s={search_term_string}\"},\"query-input\":{\"@type\":\"PropertyValueSpecification\",\"valueRequired\":true,\"valueName\":\"search_term_string\"}}],\"inLanguage\":\"pt-BR\"},{\"@type\":\"Organization\",\"@id\":\"https:\/\/agenciainfra.com\/blog\/#organization\",\"name\":\"Ag\u00eancia iNFRA\",\"url\":\"https:\/\/agenciainfra.com\/blog\/\",\"logo\":{\"@type\":\"ImageObject\",\"inLanguage\":\"pt-BR\",\"@id\":\"https:\/\/agenciainfra.com\/blog\/#\/schema\/logo\/image\/\",\"url\":\"https:\/\/agenciainfra.com\/blog\/wp-content\/uploads\/2023\/09\/iNFRA_5-e1761735885940.png\",\"contentUrl\":\"https:\/\/agenciainfra.com\/blog\/wp-content\/uploads\/2023\/09\/iNFRA_5-e1761735885940.png\",\"width\":1672,\"height\":454,\"caption\":\"Ag\u00eancia iNFRA\"},\"image\":{\"@id\":\"https:\/\/agenciainfra.com\/blog\/#\/schema\/logo\/image\/\"},\"sameAs\":[\"https:\/\/www.facebook.com\/ageninfra\",\"https:\/\/x.com\/agencia_infra\",\"https:\/\/www.linkedin.com\/company\/ag\u00eanciainfra\/\",\"https:\/\/www.instagram.com\/agenciainfra\/\"]},{\"@type\":\"Person\",\"@id\":\"https:\/\/agenciainfra.com\/blog\/#\/schema\/person\/34af08dff6adea4cb22b06612ba7acfa\",\"name\":\"Ag\u00eancia iNFRA\",\"image\":{\"@type\":\"ImageObject\",\"inLanguage\":\"pt-BR\",\"@id\":\"https:\/\/agenciainfra.com\/blog\/#\/schema\/person\/image\/\",\"url\":\"https:\/\/secure.gravatar.com\/avatar\/d189e01678f06d8eb84d4e01f08eb848b3fffe3f8443818d3c356c66892f5be8?s=96&d=mm&r=g\",\"contentUrl\":\"https:\/\/secure.gravatar.com\/avatar\/d189e01678f06d8eb84d4e01f08eb848b3fffe3f8443818d3c356c66892f5be8?s=96&d=mm&r=g\",\"caption\":\"Ag\u00eancia iNFRA\"},\"url\":\"https:\/\/agenciainfra.com\/blog\/author\/admin\/\"}]}<\/script>\n<!-- \/ Yoast SEO Premium plugin. -->","yoast_head_json":{"title":"MPor abre consulta p\u00fablica para revis\u00e3o da Poligonal do Porto de Santos - Ag\u00eancia iNFRA","robots":{"index":"index","follow":"follow","max-snippet":"max-snippet:-1","max-image-preview":"max-image-preview:large","max-video-preview":"max-video-preview:-1"},"canonical":"https:\/\/agenciainfra.com\/blog\/mpor-abre-consulta-publica-para-revisao-da-poligonal-do-porto-de-santos\/","og_locale":"pt_BR","og_type":"article","og_title":"MPor abre consulta p\u00fablica para revis\u00e3o da Poligonal do Porto de Santos","og_description":"da Ag\u00eancia iNFRA A Secretaria Nacional de Portos, do MPor (Minist\u00e9rio de Portos e Aeroportos), publicou no Di\u00e1rio Oficial da Uni\u00e3o desta segunda-feira (14) a&nbsp;Portaria 234\/2025, que trata da abertura de processo de consulta p\u00fablica para a proposta de revis\u00e3o da poligonal do Porto Organizado de Santos (SP). A consulta p\u00fablica ter\u00e1 dura\u00e7\u00e3o de 30 [&hellip;]","og_url":"https:\/\/agenciainfra.com\/blog\/mpor-abre-consulta-publica-para-revisao-da-poligonal-do-porto-de-santos\/","og_site_name":"Ag\u00eancia iNFRA","article_publisher":"https:\/\/www.facebook.com\/ageninfra","article_published_time":"2025-04-15T13:00:00+00:00","og_image":[{"width":1024,"height":523,"url":"https:\/\/agenciainfra.com\/blog\/wp-content\/uploads\/2024\/08\/porto-de-santos-foto-spa-1024x523-1.png","type":"image\/png"}],"author":"Ag\u00eancia iNFRA","twitter_card":"summary_large_image","twitter_creator":"@agencia_infra","twitter_site":"@agencia_infra","twitter_misc":{"Escrito por":"Ag\u00eancia iNFRA","Est. tempo de leitura":"2 minutos"},"schema":{"@context":"https:\/\/schema.org","@graph":[{"@type":"Article","@id":"https:\/\/agenciainfra.com\/blog\/mpor-abre-consulta-publica-para-revisao-da-poligonal-do-porto-de-santos\/#article","isPartOf":{"@id":"https:\/\/agenciainfra.com\/blog\/mpor-abre-consulta-publica-para-revisao-da-poligonal-do-porto-de-santos\/"},"author":{"name":"Ag\u00eancia iNFRA","@id":"https:\/\/agenciainfra.com\/blog\/#\/schema\/person\/34af08dff6adea4cb22b06612ba7acfa"},"headline":"MPor abre consulta p\u00fablica para revis\u00e3o da Poligonal do Porto de Santos","datePublished":"2025-04-15T13:00:00+00:00","mainEntityOfPage":{"@id":"https:\/\/agenciainfra.com\/blog\/mpor-abre-consulta-publica-para-revisao-da-poligonal-do-porto-de-santos\/"},"wordCount":336,"publisher":{"@id":"https:\/\/agenciainfra.com\/blog\/#organization"},"image":{"@id":"https:\/\/agenciainfra.com\/blog\/mpor-abre-consulta-publica-para-revisao-da-poligonal-do-porto-de-santos\/#primaryimage"},"thumbnailUrl":"https:\/\/agenciainfra.com\/blog\/wp-content\/uploads\/2024\/08\/porto-de-santos-foto-spa-1024x523-1.png","keywords":["aeroporto de guaruj\u00e1","Aeroporto de Guarulhos","avia\u00e7\u00e3o","consulta p\u00fablica","Minist\u00e9rio de Portos e Aeroportos","ministro Silvio Costa Filho","poligonal do porto de santos","portaria mpor 234\/2025","Porto de Santos","revis\u00e3o da poligonal"],"articleSection":["Destaque lista","Geral","iNFRATransporte"],"inLanguage":"pt-BR","copyrightYear":"2025","copyrightHolder":{"@id":"https:\/\/agenciainfra.com\/blog\/#organization"}},{"@type":"WebPage","@id":"https:\/\/agenciainfra.com\/blog\/mpor-abre-consulta-publica-para-revisao-da-poligonal-do-porto-de-santos\/","url":"https:\/\/agenciainfra.com\/blog\/mpor-abre-consulta-publica-para-revisao-da-poligonal-do-porto-de-santos\/","name":"MPor abre consulta p\u00fablica para revis\u00e3o da Poligonal do Porto de Santos - Ag\u00eancia iNFRA","isPartOf":{"@id":"https:\/\/agenciainfra.com\/blog\/#website"},"primaryImageOfPage":{"@id":"https:\/\/agenciainfra.com\/blog\/mpor-abre-consulta-publica-para-revisao-da-poligonal-do-porto-de-santos\/#primaryimage"},"image":{"@id":"https:\/\/agenciainfra.com\/blog\/mpor-abre-consulta-publica-para-revisao-da-poligonal-do-porto-de-santos\/#primaryimage"},"thumbnailUrl":"https:\/\/agenciainfra.com\/blog\/wp-content\/uploads\/2024\/08\/porto-de-santos-foto-spa-1024x523-1.png","datePublished":"2025-04-15T13:00:00+00:00","breadcrumb":{"@id":"https:\/\/agenciainfra.com\/blog\/mpor-abre-consulta-publica-para-revisao-da-poligonal-do-porto-de-santos\/#breadcrumb"},"inLanguage":"pt-BR","potentialAction":[{"@type":"ReadAction","target":["https:\/\/agenciainfra.com\/blog\/mpor-abre-consulta-publica-para-revisao-da-poligonal-do-porto-de-santos\/"]}]},{"@type":"ImageObject","inLanguage":"pt-BR","@id":"https:\/\/agenciainfra.com\/blog\/mpor-abre-consulta-publica-para-revisao-da-poligonal-do-porto-de-santos\/#primaryimage","url":"https:\/\/agenciainfra.com\/blog\/wp-content\/uploads\/2024\/08\/porto-de-santos-foto-spa-1024x523-1.png","contentUrl":"https:\/\/agenciainfra.com\/blog\/wp-content\/uploads\/2024\/08\/porto-de-santos-foto-spa-1024x523-1.png","width":1024,"height":523,"caption":"Foto: Autoridade Portu\u00e1ria de Santos"},{"@type":"BreadcrumbList","@id":"https:\/\/agenciainfra.com\/blog\/mpor-abre-consulta-publica-para-revisao-da-poligonal-do-porto-de-santos\/#breadcrumb","itemListElement":[{"@type":"ListItem","position":1,"name":"In\u00edcio","item":"https:\/\/agenciainfra.com\/blog\/"},{"@type":"ListItem","position":2,"name":"MPor abre consulta p\u00fablica para revis\u00e3o da Poligonal do Porto de Santos"}]},{"@type":"WebSite","@id":"https:\/\/agenciainfra.com\/blog\/#website","url":"https:\/\/agenciainfra.com\/blog\/","name":"Ag\u00eancia iNFRA","description":"Multiplataforma de informa\u00e7\u00e3o jornal\u00edstica refer\u00eancia na \u00e1rea de infraestrutura no Brasil!","publisher":{"@id":"https:\/\/agenciainfra.com\/blog\/#organization"},"potentialAction":[{"@type":"SearchAction","target":{"@type":"EntryPoint","urlTemplate":"https:\/\/agenciainfra.com\/blog\/?s={search_term_string}"},"query-input":{"@type":"PropertyValueSpecification","valueRequired":true,"valueName":"search_term_string"}}],"inLanguage":"pt-BR"},{"@type":"Organization","@id":"https:\/\/agenciainfra.com\/blog\/#organization","name":"Ag\u00eancia iNFRA","url":"https:\/\/agenciainfra.com\/blog\/","logo":{"@type":"ImageObject","inLanguage":"pt-BR","@id":"https:\/\/agenciainfra.com\/blog\/#\/schema\/logo\/image\/","url":"https:\/\/agenciainfra.com\/blog\/wp-content\/uploads\/2023\/09\/iNFRA_5-e1761735885940.png","contentUrl":"https:\/\/agenciainfra.com\/blog\/wp-content\/uploads\/2023\/09\/iNFRA_5-e1761735885940.png","width":1672,"height":454,"caption":"Ag\u00eancia iNFRA"},"image":{"@id":"https:\/\/agenciainfra.com\/blog\/#\/schema\/logo\/image\/"},"sameAs":["https:\/\/www.facebook.com\/ageninfra","https:\/\/x.com\/agencia_infra","https:\/\/www.linkedin.com\/company\/ag\u00eanciainfra\/","https:\/\/www.instagram.com\/agenciainfra\/"]},{"@type":"Person","@id":"https:\/\/agenciainfra.com\/blog\/#\/schema\/person\/34af08dff6adea4cb22b06612ba7acfa","name":"Ag\u00eancia iNFRA","image":{"@type":"ImageObject","inLanguage":"pt-BR","@id":"https:\/\/agenciainfra.com\/blog\/#\/schema\/person\/image\/","url":"https:\/\/secure.gravatar.com\/avatar\/d189e01678f06d8eb84d4e01f08eb848b3fffe3f8443818d3c356c66892f5be8?s=96&d=mm&r=g","contentUrl":"https:\/\/secure.gravatar.com\/avatar\/d189e01678f06d8eb84d4e01f08eb848b3fffe3f8443818d3c356c66892f5be8?s=96&d=mm&r=g","caption":"Ag\u00eancia iNFRA"},"url":"https:\/\/agenciainfra.com\/blog\/author\/admin\/"}]}},"_links":{"self":[{"href":"https:\/\/agenciainfra.com\/blog\/wp-json\/wp\/v2\/posts\/20959","targetHints":{"allow":["GET"]}}],"collection":[{"href":"https:\/\/agenciainfra.com\/blog\/wp-json\/wp\/v2\/posts"}],"about":[{"href":"https:\/\/agenciainfra.com\/blog\/wp-json\/wp\/v2\/types\/post"}],"author":[{"embeddable":true,"href":"https:\/\/agenciainfra.com\/blog\/wp-json\/wp\/v2\/users\/1"}],"replies":[{"embeddable":true,"href":"https:\/\/agenciainfra.com\/blog\/wp-json\/wp\/v2\/comments?post=20959"}],"version-history":[{"count":1,"href":"https:\/\/agenciainfra.com\/blog\/wp-json\/wp\/v2\/posts\/20959\/revisions"}],"predecessor-version":[{"id":20960,"href":"https:\/\/agenciainfra.com\/blog\/wp-json\/wp\/v2\/posts\/20959\/revisions\/20960"}],"wp:featuredmedia":[{"embeddable":true,"href":"https:\/\/agenciainfra.com\/blog\/wp-json\/wp\/v2\/media\/18321"}],"wp:attachment":[{"href":"https:\/\/agenciainfra.com\/blog\/wp-json\/wp\/v2\/media?parent=20959"}],"wp:term":[{"taxonomy":"category","embeddable":true,"href":"https:\/\/agenciainfra.com\/blog\/wp-json\/wp\/v2\/categories?post=20959"},{"taxonomy":"post_tag","embeddable":true,"href":"https:\/\/agenciainfra.com\/blog\/wp-json\/wp\/v2\/tags?post=20959"}],"curies":[{"name":"wp","href":"https:\/\/api.w.org\/{rel}","templated":true}]}}