{"id":20973,"date":"2025-04-16T09:00:00","date_gmt":"2025-04-16T12:00:00","guid":{"rendered":"https:\/\/agenciainfra.com\/blog\/?p=20973"},"modified":"2025-04-16T11:54:39","modified_gmt":"2025-04-16T14:54:39","slug":"ministro-silveira-solucionara-curtailment-diz-presidente-da-abeeolica-elbia-gannoum","status":"publish","type":"post","link":"https:\/\/agenciainfra.com\/blog\/ministro-silveira-solucionara-curtailment-diz-presidente-da-abeeolica-elbia-gannoum\/","title":{"rendered":"Ministro Silveira solucionar\u00e1 curtailment, diz presidente da Abee\u00f3lica, Elbia Gannoum"},"content":{"rendered":"\n<p class=\"has-text-align-right\"><strong>Marisa Wanzeller e Geraldo Campos Jr., da Ag\u00eancia iNFRA<\/strong><\/p>\n\n\n\n<p>A presidente da Abee\u00f3lica (Associa\u00e7\u00e3o Brasileira de Energia E\u00f3lica), Elbia Gannoum, disse nesta ter\u00e7a-feira (15) que o ministro Alexandre Silveira, de Minas e Energia, informou a ela que uma medida com solu\u00e7\u00e3o estrutural para os cortes de gera\u00e7\u00e3o renov\u00e1vel obrigat\u00f3rios, o curtailment, ser\u00e1 tomada nos pr\u00f3ximos dias. O ministro confirmou \u00e0 <strong>Ag\u00eancia iNFRA<\/strong> que est\u00e1 \u201cestudando o que faz ou n\u00e3o sentido\u201d para tratar o problema.<\/p>\n\n\n\n<p>Silveira afirmou que o GT (Grupo de Trabalho) criado no \u00e2mbito do CMSE (Comit\u00ea de Monitoramento do Setor El\u00e9trico) para dedicar-se ao tema est\u00e1 &#8220;debru\u00e7ado sobre a falta de planejamento e infraestrutura herdada do governo anterior\u201d.<\/p>\n\n\n\n<p>Segundo Elbia, o ministro ainda informou que o problema foi compreendido tamb\u00e9m pelo presidente Lula, e que h\u00e1 o reconhecimento de que ele n\u00e3o est\u00e1 associado aos investidores, mas \u00e0 incapacidade do setor de planejar e regular o sistema diante de tantas mudan\u00e7as tecnol\u00f3gicas. Tamb\u00e9m foi reconhecida a dificuldade que houve em reformar o modelo do setor el\u00e9trico, afirmou Elbia.&nbsp;<\/p>\n\n\n\n<p>\u201cEle disse o seguinte: \u2018N\u00f3s reconhecemos que o poder concedente, que \u00e9 o MME [Minist\u00e9rio de Minas e Energia], tem que tomar esse bast\u00e3o, porque cabe a ele organizar a estrutura para que os investimentos aconte\u00e7am\u2019&#8221;, afirmou a presidente da associa\u00e7\u00e3o durante o evento Encontro de Neg\u00f3cios, promovido pela Abee\u00f3lica em S\u00e3o Paulo.&nbsp;<\/p>\n\n\n\n<p><strong>Acordo judicial<\/strong><br>Segundo Elbia, a informa\u00e7\u00e3o \u00e9 que ser\u00e1 publicado um instrumento no \u00e2mbito do poder concedente para encaminhar solu\u00e7\u00e3o que envolve \u201cpassado, presente e futuro&#8221;, tratando, inclusive, dos cerca de R$ 2 bilh\u00f5es de preju\u00edzo gerado aos agentes nos \u00faltimos dois anos (2023 e 2024).<\/p>\n\n\n\n<p>Ela enfatizou que vai se tratar de um acordo entre as partes, poder concedente e agentes, uma vez que houve judicializa\u00e7\u00e3o do tema. &#8220;Muito em breve o ministro e seus secret\u00e1rios, em destaque o Gentil [Nogueira, de Energia El\u00e9trica], que coordena essa discuss\u00e3o, vai nos chamar para uma reuni\u00e3o para detalhar essa medida que vai ser adotada e que vir\u00e1 no \u00e2mbito de um acordo com o nosso setor, porque n\u00f3s judicializamos&#8221;, disse Elbia.&nbsp;<br><br>\u201cEnt\u00e3o o ministro vai nos trazer para negocia\u00e7\u00e3o, vai nos trazer \u00e0 mesa e dizer: \u2018Olha, vamos fechar um pacote e a partir daqui estamos de acordo, e a\u00ed sim, voc\u00eas&nbsp;ficar\u00e3o tamb\u00e9m tranquilos para sair da medida judicial'&#8221;, afirmou aos agentes presentes.<\/p>\n\n\n\n<p><strong>Carta dos agentes<\/strong><br>A executiva ainda informou que se reuniu com o ministro na \u00faltima semana no Rio de Janeiro, onde levou ao seu conhecimento as dificuldades enfrentadas pelos geradores renov\u00e1veis. Com a orienta\u00e7\u00e3o de Silveira passada no encontro, a Abee\u00f3lica e a Absolar (Associa\u00e7\u00e3o Brasileira de Energia Solar Fotovoltaica) redigiram uma carta onde constam os n\u00fameros relacionados ao preju\u00edzo dos geradores, tamanho e consequ\u00eancia do problema.&nbsp;<\/p>\n\n\n\n<p><strong>Fiscaliza\u00e7\u00e3o no ONS<\/strong><br>Ainda nesta ter\u00e7a-feira, o diretor-geral da ANEEL (Ag\u00eancia Nacional de Energia El\u00e9trica), Sandoval Feitosa, disse que a ag\u00eancia vai verificar se o ONS (Operador Nacional do Sistema El\u00e9trico) est\u00e1 cumprindo as normas estabelecidas para o curtailment. Segundo explicou \u00e0 imprensa, at\u00e9 o momento n\u00e3o haveria proposta para se rediscutir a norma para classifica\u00e7\u00e3o dos cortes j\u00e1 estabelecida pela ag\u00eancia.<\/p>\n","protected":false},"excerpt":{"rendered":"<p>Marisa Wanzeller e Geraldo Campos Jr., da Ag\u00eancia iNFRA A presidente da Abee\u00f3lica (Associa\u00e7\u00e3o Brasileira de Energia E\u00f3lica), Elbia Gannoum, disse nesta ter\u00e7a-feira (15) que o ministro Alexandre Silveira, de Minas e Energia, informou a ela que uma medida com solu\u00e7\u00e3o estrutural para os cortes de gera\u00e7\u00e3o renov\u00e1vel obrigat\u00f3rios, o curtailment, ser\u00e1 tomada nos pr\u00f3ximos [&hellip;]<\/p>\n","protected":false},"author":1,"featured_media":15216,"comment_status":"closed","ping_status":"closed","sticky":false,"template":"","format":"standard","meta":{"_monsterinsights_skip_tracking":false,"_monsterinsights_sitenote_active":false,"_monsterinsights_sitenote_note":"","_monsterinsights_sitenote_category":0,"footnotes":""},"categories":[7250,1,10],"tags":[792,13087,11474,1113,282,13089,2803,11594,13088,7366,12541],"class_list":["post-20973","post","type-post","status-publish","format-standard","has-post-thumbnail","hentry","category-destaque-lista","category-geral","category-infraenergia","tag-cmse","tag-cortes-de-geracao-renovavel","tag-curtailment","tag-elbia-gannoum","tag-energia-eletrica","tag-fiscalizacao-ons","tag-geracao-de-energia","tag-geraldo-campos-jr","tag-gt-do-curtailment","tag-marisa-wanzeller","tag-ministro-alexandre-silveira"],"yoast_head":"<!-- This site is optimized with the Yoast SEO Premium plugin v25.4 (Yoast SEO v26.0) - https:\/\/yoast.com\/wordpress\/plugins\/seo\/ -->\n<title>Ministro Silveira solucionar\u00e1 curtailment, diz presidente da Abee\u00f3lica, Elbia Gannoum - Ag\u00eancia iNFRA<\/title>\n<meta name=\"robots\" content=\"index, follow, max-snippet:-1, max-image-preview:large, max-video-preview:-1\" \/>\n<link rel=\"canonical\" href=\"https:\/\/agenciainfra.com\/blog\/ministro-silveira-solucionara-curtailment-diz-presidente-da-abeeolica-elbia-gannoum\/\" \/>\n<meta property=\"og:locale\" content=\"pt_BR\" \/>\n<meta property=\"og:type\" content=\"article\" \/>\n<meta property=\"og:title\" content=\"Ministro Silveira solucionar\u00e1 curtailment, diz presidente da Abee\u00f3lica, Elbia Gannoum\" \/>\n<meta property=\"og:description\" content=\"Marisa Wanzeller e Geraldo Campos Jr., da Ag\u00eancia iNFRA A presidente da Abee\u00f3lica (Associa\u00e7\u00e3o Brasileira de Energia E\u00f3lica), Elbia Gannoum, disse nesta ter\u00e7a-feira (15) que o ministro Alexandre Silveira, de Minas e Energia, informou a ela que uma medida com solu\u00e7\u00e3o estrutural para os cortes de gera\u00e7\u00e3o renov\u00e1vel obrigat\u00f3rios, o curtailment, ser\u00e1 tomada nos pr\u00f3ximos [&hellip;]\" \/>\n<meta property=\"og:url\" content=\"https:\/\/agenciainfra.com\/blog\/ministro-silveira-solucionara-curtailment-diz-presidente-da-abeeolica-elbia-gannoum\/\" \/>\n<meta property=\"og:site_name\" content=\"Ag\u00eancia iNFRA\" \/>\n<meta property=\"article:publisher\" content=\"https:\/\/www.facebook.com\/ageninfra\" \/>\n<meta property=\"article:published_time\" content=\"2025-04-16T12:00:00+00:00\" \/>\n<meta property=\"article:modified_time\" content=\"2025-04-16T14:54:39+00:00\" \/>\n<meta property=\"og:image\" content=\"https:\/\/agenciainfra.com\/blog\/wp-content\/uploads\/2024\/01\/elbia-gannoum-foto-flavia-valsani.jpg\" \/>\n\t<meta property=\"og:image:width\" content=\"1202\" \/>\n\t<meta property=\"og:image:height\" content=\"801\" \/>\n\t<meta property=\"og:image:type\" content=\"image\/jpeg\" \/>\n<meta name=\"author\" content=\"Ag\u00eancia iNFRA\" \/>\n<meta name=\"twitter:card\" content=\"summary_large_image\" \/>\n<meta name=\"twitter:creator\" content=\"@agencia_infra\" \/>\n<meta name=\"twitter:site\" content=\"@agencia_infra\" \/>\n<meta name=\"twitter:label1\" content=\"Escrito por\" \/>\n\t<meta name=\"twitter:data1\" content=\"Ag\u00eancia iNFRA\" \/>\n\t<meta name=\"twitter:label2\" content=\"Est. tempo de leitura\" \/>\n\t<meta name=\"twitter:data2\" content=\"3 minutos\" \/>\n<script type=\"application\/ld+json\" class=\"yoast-schema-graph\">{\"@context\":\"https:\/\/schema.org\",\"@graph\":[{\"@type\":\"Article\",\"@id\":\"https:\/\/agenciainfra.com\/blog\/ministro-silveira-solucionara-curtailment-diz-presidente-da-abeeolica-elbia-gannoum\/#article\",\"isPartOf\":{\"@id\":\"https:\/\/agenciainfra.com\/blog\/ministro-silveira-solucionara-curtailment-diz-presidente-da-abeeolica-elbia-gannoum\/\"},\"author\":{\"name\":\"Ag\u00eancia iNFRA\",\"@id\":\"https:\/\/agenciainfra.com\/blog\/#\/schema\/person\/34af08dff6adea4cb22b06612ba7acfa\"},\"headline\":\"Ministro Silveira solucionar\u00e1 curtailment, diz presidente da Abee\u00f3lica, Elbia Gannoum\",\"datePublished\":\"2025-04-16T12:00:00+00:00\",\"dateModified\":\"2025-04-16T14:54:39+00:00\",\"mainEntityOfPage\":{\"@id\":\"https:\/\/agenciainfra.com\/blog\/ministro-silveira-solucionara-curtailment-diz-presidente-da-abeeolica-elbia-gannoum\/\"},\"wordCount\":581,\"publisher\":{\"@id\":\"https:\/\/agenciainfra.com\/blog\/#organization\"},\"image\":{\"@id\":\"https:\/\/agenciainfra.com\/blog\/ministro-silveira-solucionara-curtailment-diz-presidente-da-abeeolica-elbia-gannoum\/#primaryimage\"},\"thumbnailUrl\":\"https:\/\/agenciainfra.com\/blog\/wp-content\/uploads\/2024\/01\/elbia-gannoum-foto-flavia-valsani.jpg\",\"keywords\":[\"CMSE\",\"cortes de gera\u00e7\u00e3o renov\u00e1vel\",\"curtailment\",\"Elbia Gannoum\",\"energia el\u00e9trica\",\"fiscaliza\u00e7\u00e3o ons\",\"gera\u00e7\u00e3o de energia\",\"Geraldo Campos Jr.\",\"gt do curtailment\",\"Marisa Wanzeller\",\"Ministro Alexandre Silveira\"],\"articleSection\":[\"Destaque lista\",\"Geral\",\"iNFRAEnergia\"],\"inLanguage\":\"pt-BR\",\"copyrightYear\":\"2025\",\"copyrightHolder\":{\"@id\":\"https:\/\/agenciainfra.com\/blog\/#organization\"}},{\"@type\":\"WebPage\",\"@id\":\"https:\/\/agenciainfra.com\/blog\/ministro-silveira-solucionara-curtailment-diz-presidente-da-abeeolica-elbia-gannoum\/\",\"url\":\"https:\/\/agenciainfra.com\/blog\/ministro-silveira-solucionara-curtailment-diz-presidente-da-abeeolica-elbia-gannoum\/\",\"name\":\"Ministro Silveira solucionar\u00e1 curtailment, diz presidente da Abee\u00f3lica, Elbia Gannoum - Ag\u00eancia iNFRA\",\"isPartOf\":{\"@id\":\"https:\/\/agenciainfra.com\/blog\/#website\"},\"primaryImageOfPage\":{\"@id\":\"https:\/\/agenciainfra.com\/blog\/ministro-silveira-solucionara-curtailment-diz-presidente-da-abeeolica-elbia-gannoum\/#primaryimage\"},\"image\":{\"@id\":\"https:\/\/agenciainfra.com\/blog\/ministro-silveira-solucionara-curtailment-diz-presidente-da-abeeolica-elbia-gannoum\/#primaryimage\"},\"thumbnailUrl\":\"https:\/\/agenciainfra.com\/blog\/wp-content\/uploads\/2024\/01\/elbia-gannoum-foto-flavia-valsani.jpg\",\"datePublished\":\"2025-04-16T12:00:00+00:00\",\"dateModified\":\"2025-04-16T14:54:39+00:00\",\"breadcrumb\":{\"@id\":\"https:\/\/agenciainfra.com\/blog\/ministro-silveira-solucionara-curtailment-diz-presidente-da-abeeolica-elbia-gannoum\/#breadcrumb\"},\"inLanguage\":\"pt-BR\",\"potentialAction\":[{\"@type\":\"ReadAction\",\"target\":[\"https:\/\/agenciainfra.com\/blog\/ministro-silveira-solucionara-curtailment-diz-presidente-da-abeeolica-elbia-gannoum\/\"]}]},{\"@type\":\"ImageObject\",\"inLanguage\":\"pt-BR\",\"@id\":\"https:\/\/agenciainfra.com\/blog\/ministro-silveira-solucionara-curtailment-diz-presidente-da-abeeolica-elbia-gannoum\/#primaryimage\",\"url\":\"https:\/\/agenciainfra.com\/blog\/wp-content\/uploads\/2024\/01\/elbia-gannoum-foto-flavia-valsani.jpg\",\"contentUrl\":\"https:\/\/agenciainfra.com\/blog\/wp-content\/uploads\/2024\/01\/elbia-gannoum-foto-flavia-valsani.jpg\",\"width\":1202,\"height\":801},{\"@type\":\"BreadcrumbList\",\"@id\":\"https:\/\/agenciainfra.com\/blog\/ministro-silveira-solucionara-curtailment-diz-presidente-da-abeeolica-elbia-gannoum\/#breadcrumb\",\"itemListElement\":[{\"@type\":\"ListItem\",\"position\":1,\"name\":\"In\u00edcio\",\"item\":\"https:\/\/agenciainfra.com\/blog\/\"},{\"@type\":\"ListItem\",\"position\":2,\"name\":\"Ministro Silveira solucionar\u00e1 curtailment, diz presidente da Abee\u00f3lica, Elbia Gannoum\"}]},{\"@type\":\"WebSite\",\"@id\":\"https:\/\/agenciainfra.com\/blog\/#website\",\"url\":\"https:\/\/agenciainfra.com\/blog\/\",\"name\":\"Ag\u00eancia iNFRA\",\"description\":\"Multiplataforma de informa\u00e7\u00e3o jornal\u00edstica refer\u00eancia na \u00e1rea de infraestrutura no Brasil!\",\"publisher\":{\"@id\":\"https:\/\/agenciainfra.com\/blog\/#organization\"},\"potentialAction\":[{\"@type\":\"SearchAction\",\"target\":{\"@type\":\"EntryPoint\",\"urlTemplate\":\"https:\/\/agenciainfra.com\/blog\/?s={search_term_string}\"},\"query-input\":{\"@type\":\"PropertyValueSpecification\",\"valueRequired\":true,\"valueName\":\"search_term_string\"}}],\"inLanguage\":\"pt-BR\"},{\"@type\":\"Organization\",\"@id\":\"https:\/\/agenciainfra.com\/blog\/#organization\",\"name\":\"Ag\u00eancia iNFRA\",\"url\":\"https:\/\/agenciainfra.com\/blog\/\",\"logo\":{\"@type\":\"ImageObject\",\"inLanguage\":\"pt-BR\",\"@id\":\"https:\/\/agenciainfra.com\/blog\/#\/schema\/logo\/image\/\",\"url\":\"https:\/\/agenciainfra.com\/blog\/wp-content\/uploads\/2023\/09\/iNFRA_5-e1761735885940.png\",\"contentUrl\":\"https:\/\/agenciainfra.com\/blog\/wp-content\/uploads\/2023\/09\/iNFRA_5-e1761735885940.png\",\"width\":1672,\"height\":454,\"caption\":\"Ag\u00eancia iNFRA\"},\"image\":{\"@id\":\"https:\/\/agenciainfra.com\/blog\/#\/schema\/logo\/image\/\"},\"sameAs\":[\"https:\/\/www.facebook.com\/ageninfra\",\"https:\/\/x.com\/agencia_infra\",\"https:\/\/www.linkedin.com\/company\/ag\u00eanciainfra\/\",\"https:\/\/www.instagram.com\/agenciainfra\/\"]},{\"@type\":\"Person\",\"@id\":\"https:\/\/agenciainfra.com\/blog\/#\/schema\/person\/34af08dff6adea4cb22b06612ba7acfa\",\"name\":\"Ag\u00eancia iNFRA\",\"image\":{\"@type\":\"ImageObject\",\"inLanguage\":\"pt-BR\",\"@id\":\"https:\/\/agenciainfra.com\/blog\/#\/schema\/person\/image\/\",\"url\":\"https:\/\/secure.gravatar.com\/avatar\/d189e01678f06d8eb84d4e01f08eb848b3fffe3f8443818d3c356c66892f5be8?s=96&d=mm&r=g\",\"contentUrl\":\"https:\/\/secure.gravatar.com\/avatar\/d189e01678f06d8eb84d4e01f08eb848b3fffe3f8443818d3c356c66892f5be8?s=96&d=mm&r=g\",\"caption\":\"Ag\u00eancia iNFRA\"},\"url\":\"https:\/\/agenciainfra.com\/blog\/author\/admin\/\"}]}<\/script>\n<!-- \/ Yoast SEO Premium plugin. -->","yoast_head_json":{"title":"Ministro Silveira solucionar\u00e1 curtailment, diz presidente da Abee\u00f3lica, Elbia Gannoum - Ag\u00eancia iNFRA","robots":{"index":"index","follow":"follow","max-snippet":"max-snippet:-1","max-image-preview":"max-image-preview:large","max-video-preview":"max-video-preview:-1"},"canonical":"https:\/\/agenciainfra.com\/blog\/ministro-silveira-solucionara-curtailment-diz-presidente-da-abeeolica-elbia-gannoum\/","og_locale":"pt_BR","og_type":"article","og_title":"Ministro Silveira solucionar\u00e1 curtailment, diz presidente da Abee\u00f3lica, Elbia Gannoum","og_description":"Marisa Wanzeller e Geraldo Campos Jr., da Ag\u00eancia iNFRA A presidente da Abee\u00f3lica (Associa\u00e7\u00e3o Brasileira de Energia E\u00f3lica), Elbia Gannoum, disse nesta ter\u00e7a-feira (15) que o ministro Alexandre Silveira, de Minas e Energia, informou a ela que uma medida com solu\u00e7\u00e3o estrutural para os cortes de gera\u00e7\u00e3o renov\u00e1vel obrigat\u00f3rios, o curtailment, ser\u00e1 tomada nos pr\u00f3ximos [&hellip;]","og_url":"https:\/\/agenciainfra.com\/blog\/ministro-silveira-solucionara-curtailment-diz-presidente-da-abeeolica-elbia-gannoum\/","og_site_name":"Ag\u00eancia iNFRA","article_publisher":"https:\/\/www.facebook.com\/ageninfra","article_published_time":"2025-04-16T12:00:00+00:00","article_modified_time":"2025-04-16T14:54:39+00:00","og_image":[{"width":1202,"height":801,"url":"https:\/\/agenciainfra.com\/blog\/wp-content\/uploads\/2024\/01\/elbia-gannoum-foto-flavia-valsani.jpg","type":"image\/jpeg"}],"author":"Ag\u00eancia iNFRA","twitter_card":"summary_large_image","twitter_creator":"@agencia_infra","twitter_site":"@agencia_infra","twitter_misc":{"Escrito por":"Ag\u00eancia iNFRA","Est. tempo de leitura":"3 minutos"},"schema":{"@context":"https:\/\/schema.org","@graph":[{"@type":"Article","@id":"https:\/\/agenciainfra.com\/blog\/ministro-silveira-solucionara-curtailment-diz-presidente-da-abeeolica-elbia-gannoum\/#article","isPartOf":{"@id":"https:\/\/agenciainfra.com\/blog\/ministro-silveira-solucionara-curtailment-diz-presidente-da-abeeolica-elbia-gannoum\/"},"author":{"name":"Ag\u00eancia iNFRA","@id":"https:\/\/agenciainfra.com\/blog\/#\/schema\/person\/34af08dff6adea4cb22b06612ba7acfa"},"headline":"Ministro Silveira solucionar\u00e1 curtailment, diz presidente da Abee\u00f3lica, Elbia Gannoum","datePublished":"2025-04-16T12:00:00+00:00","dateModified":"2025-04-16T14:54:39+00:00","mainEntityOfPage":{"@id":"https:\/\/agenciainfra.com\/blog\/ministro-silveira-solucionara-curtailment-diz-presidente-da-abeeolica-elbia-gannoum\/"},"wordCount":581,"publisher":{"@id":"https:\/\/agenciainfra.com\/blog\/#organization"},"image":{"@id":"https:\/\/agenciainfra.com\/blog\/ministro-silveira-solucionara-curtailment-diz-presidente-da-abeeolica-elbia-gannoum\/#primaryimage"},"thumbnailUrl":"https:\/\/agenciainfra.com\/blog\/wp-content\/uploads\/2024\/01\/elbia-gannoum-foto-flavia-valsani.jpg","keywords":["CMSE","cortes de gera\u00e7\u00e3o renov\u00e1vel","curtailment","Elbia Gannoum","energia el\u00e9trica","fiscaliza\u00e7\u00e3o ons","gera\u00e7\u00e3o de energia","Geraldo Campos Jr.","gt do curtailment","Marisa Wanzeller","Ministro Alexandre Silveira"],"articleSection":["Destaque lista","Geral","iNFRAEnergia"],"inLanguage":"pt-BR","copyrightYear":"2025","copyrightHolder":{"@id":"https:\/\/agenciainfra.com\/blog\/#organization"}},{"@type":"WebPage","@id":"https:\/\/agenciainfra.com\/blog\/ministro-silveira-solucionara-curtailment-diz-presidente-da-abeeolica-elbia-gannoum\/","url":"https:\/\/agenciainfra.com\/blog\/ministro-silveira-solucionara-curtailment-diz-presidente-da-abeeolica-elbia-gannoum\/","name":"Ministro Silveira solucionar\u00e1 curtailment, diz presidente da Abee\u00f3lica, Elbia Gannoum - Ag\u00eancia iNFRA","isPartOf":{"@id":"https:\/\/agenciainfra.com\/blog\/#website"},"primaryImageOfPage":{"@id":"https:\/\/agenciainfra.com\/blog\/ministro-silveira-solucionara-curtailment-diz-presidente-da-abeeolica-elbia-gannoum\/#primaryimage"},"image":{"@id":"https:\/\/agenciainfra.com\/blog\/ministro-silveira-solucionara-curtailment-diz-presidente-da-abeeolica-elbia-gannoum\/#primaryimage"},"thumbnailUrl":"https:\/\/agenciainfra.com\/blog\/wp-content\/uploads\/2024\/01\/elbia-gannoum-foto-flavia-valsani.jpg","datePublished":"2025-04-16T12:00:00+00:00","dateModified":"2025-04-16T14:54:39+00:00","breadcrumb":{"@id":"https:\/\/agenciainfra.com\/blog\/ministro-silveira-solucionara-curtailment-diz-presidente-da-abeeolica-elbia-gannoum\/#breadcrumb"},"inLanguage":"pt-BR","potentialAction":[{"@type":"ReadAction","target":["https:\/\/agenciainfra.com\/blog\/ministro-silveira-solucionara-curtailment-diz-presidente-da-abeeolica-elbia-gannoum\/"]}]},{"@type":"ImageObject","inLanguage":"pt-BR","@id":"https:\/\/agenciainfra.com\/blog\/ministro-silveira-solucionara-curtailment-diz-presidente-da-abeeolica-elbia-gannoum\/#primaryimage","url":"https:\/\/agenciainfra.com\/blog\/wp-content\/uploads\/2024\/01\/elbia-gannoum-foto-flavia-valsani.jpg","contentUrl":"https:\/\/agenciainfra.com\/blog\/wp-content\/uploads\/2024\/01\/elbia-gannoum-foto-flavia-valsani.jpg","width":1202,"height":801},{"@type":"BreadcrumbList","@id":"https:\/\/agenciainfra.com\/blog\/ministro-silveira-solucionara-curtailment-diz-presidente-da-abeeolica-elbia-gannoum\/#breadcrumb","itemListElement":[{"@type":"ListItem","position":1,"name":"In\u00edcio","item":"https:\/\/agenciainfra.com\/blog\/"},{"@type":"ListItem","position":2,"name":"Ministro Silveira solucionar\u00e1 curtailment, diz presidente da Abee\u00f3lica, Elbia Gannoum"}]},{"@type":"WebSite","@id":"https:\/\/agenciainfra.com\/blog\/#website","url":"https:\/\/agenciainfra.com\/blog\/","name":"Ag\u00eancia iNFRA","description":"Multiplataforma de informa\u00e7\u00e3o jornal\u00edstica refer\u00eancia na \u00e1rea de infraestrutura no Brasil!","publisher":{"@id":"https:\/\/agenciainfra.com\/blog\/#organization"},"potentialAction":[{"@type":"SearchAction","target":{"@type":"EntryPoint","urlTemplate":"https:\/\/agenciainfra.com\/blog\/?s={search_term_string}"},"query-input":{"@type":"PropertyValueSpecification","valueRequired":true,"valueName":"search_term_string"}}],"inLanguage":"pt-BR"},{"@type":"Organization","@id":"https:\/\/agenciainfra.com\/blog\/#organization","name":"Ag\u00eancia iNFRA","url":"https:\/\/agenciainfra.com\/blog\/","logo":{"@type":"ImageObject","inLanguage":"pt-BR","@id":"https:\/\/agenciainfra.com\/blog\/#\/schema\/logo\/image\/","url":"https:\/\/agenciainfra.com\/blog\/wp-content\/uploads\/2023\/09\/iNFRA_5-e1761735885940.png","contentUrl":"https:\/\/agenciainfra.com\/blog\/wp-content\/uploads\/2023\/09\/iNFRA_5-e1761735885940.png","width":1672,"height":454,"caption":"Ag\u00eancia iNFRA"},"image":{"@id":"https:\/\/agenciainfra.com\/blog\/#\/schema\/logo\/image\/"},"sameAs":["https:\/\/www.facebook.com\/ageninfra","https:\/\/x.com\/agencia_infra","https:\/\/www.linkedin.com\/company\/ag\u00eanciainfra\/","https:\/\/www.instagram.com\/agenciainfra\/"]},{"@type":"Person","@id":"https:\/\/agenciainfra.com\/blog\/#\/schema\/person\/34af08dff6adea4cb22b06612ba7acfa","name":"Ag\u00eancia iNFRA","image":{"@type":"ImageObject","inLanguage":"pt-BR","@id":"https:\/\/agenciainfra.com\/blog\/#\/schema\/person\/image\/","url":"https:\/\/secure.gravatar.com\/avatar\/d189e01678f06d8eb84d4e01f08eb848b3fffe3f8443818d3c356c66892f5be8?s=96&d=mm&r=g","contentUrl":"https:\/\/secure.gravatar.com\/avatar\/d189e01678f06d8eb84d4e01f08eb848b3fffe3f8443818d3c356c66892f5be8?s=96&d=mm&r=g","caption":"Ag\u00eancia iNFRA"},"url":"https:\/\/agenciainfra.com\/blog\/author\/admin\/"}]}},"_links":{"self":[{"href":"https:\/\/agenciainfra.com\/blog\/wp-json\/wp\/v2\/posts\/20973","targetHints":{"allow":["GET"]}}],"collection":[{"href":"https:\/\/agenciainfra.com\/blog\/wp-json\/wp\/v2\/posts"}],"about":[{"href":"https:\/\/agenciainfra.com\/blog\/wp-json\/wp\/v2\/types\/post"}],"author":[{"embeddable":true,"href":"https:\/\/agenciainfra.com\/blog\/wp-json\/wp\/v2\/users\/1"}],"replies":[{"embeddable":true,"href":"https:\/\/agenciainfra.com\/blog\/wp-json\/wp\/v2\/comments?post=20973"}],"version-history":[{"count":1,"href":"https:\/\/agenciainfra.com\/blog\/wp-json\/wp\/v2\/posts\/20973\/revisions"}],"predecessor-version":[{"id":20974,"href":"https:\/\/agenciainfra.com\/blog\/wp-json\/wp\/v2\/posts\/20973\/revisions\/20974"}],"wp:featuredmedia":[{"embeddable":true,"href":"https:\/\/agenciainfra.com\/blog\/wp-json\/wp\/v2\/media\/15216"}],"wp:attachment":[{"href":"https:\/\/agenciainfra.com\/blog\/wp-json\/wp\/v2\/media?parent=20973"}],"wp:term":[{"taxonomy":"category","embeddable":true,"href":"https:\/\/agenciainfra.com\/blog\/wp-json\/wp\/v2\/categories?post=20973"},{"taxonomy":"post_tag","embeddable":true,"href":"https:\/\/agenciainfra.com\/blog\/wp-json\/wp\/v2\/tags?post=20973"}],"curies":[{"name":"wp","href":"https:\/\/api.w.org\/{rel}","templated":true}]}}