{"id":20975,"date":"2025-04-16T10:00:00","date_gmt":"2025-04-16T13:00:00","guid":{"rendered":"https:\/\/agenciainfra.com\/blog\/?p=20975"},"modified":"2025-04-22T06:17:31","modified_gmt":"2025-04-22T09:17:31","slug":"indicacoes-as-agencias-reguladoras-serao-formalizadas-apos-a-pascoa-diz-silvio-costa-filho","status":"publish","type":"post","link":"https:\/\/agenciainfra.com\/blog\/indicacoes-as-agencias-reguladoras-serao-formalizadas-apos-a-pascoa-diz-silvio-costa-filho\/","title":{"rendered":"Indica\u00e7\u00f5es \u00e0s ag\u00eancias reguladoras ser\u00e3o formalizadas ap\u00f3s a p\u00e1scoa, diz Silvio Costa Filho"},"content":{"rendered":"\n<p class=\"has-text-align-right\"><strong>Mar\u00edlia Sena, da Ag\u00eancia iNFRA<\/strong><\/p>\n\n\n\n<p>O ministro de Portos e Aeroportos, Silvio Costa Filho, informou \u00e0 <strong>Ag\u00eancia iNFRA<\/strong> que o nome para completar o quadro de diretores da ANTAQ (Ag\u00eancia Nacional de Transportes Aquavi\u00e1rios) j\u00e1 foi decidido. De acordo com ele, o atual secret\u00e1rio-geral do TCU (Tribunal de Contas da Uni\u00e3o), Frederico Dias, ser\u00e1 indicado para a autarquia, mas ainda n\u00e3o est\u00e1 definido se para o cargo de diretor ou de diretor-geral, no lugar de Caio Farias, que est\u00e1 como diretor-geral substituto.&nbsp;<\/p>\n\n\n\n<p>A vaga para diretor-geral da&nbsp;ANTAQ est\u00e1 aberta desde fevereiro, com o fim do mandato de Eduardo Nery no cargo. Caio Farias <a href=\"https:\/\/agenciainfra.com\/blog\/em-reviravolta-diretor-caio-farias-assume-diretoria-geral-da-antaq-a-partir-desta-quinta-feira\/\" target=\"_blank\" rel=\"noreferrer noopener\">assumiu como interino<\/a> e trabalha para ser indicado ao cargo de diretor-geral. Como ainda tem mandato, caso assuma como diretor-geral, a sa\u00edda dele abriria uma vaga para a entrada de Frederico Dias como diretor. Mas parte do governo trabalha para que Dias seja nomeado como diretor-geral, mantendo Farias como diretor.&nbsp;<\/p>\n\n\n\n<p>Para a ANAC (Ag\u00eancia Nacional de Avia\u00e7\u00e3o Civil), a novidade \u00e9 a defini\u00e7\u00e3o do nome de Mathias Nogueira Moreira, atual presidente do conselho da Infra S.A., para o cargo vago desde o m\u00eas de mar\u00e7o com o fim do mandato do diretor Ricardo Catanant. O atual diretor comercial da Infraero, Tiago Faierstein, j\u00e1 havia sido indicado em dezembro para diretor-presidente, assim como&nbsp;o brigadeiro Rui Chagas Mesquita, que&nbsp;tamb\u00e9m teve seu nome apresentado&nbsp;para o cargo de diretor. A ag\u00eancia est\u00e1 com tr\u00eas das cinco vagas sem diretor nomeado.<\/p>\n\n\n\n<p>As confirma\u00e7\u00f5es foram reveladas pelo ministro em entrevista durante&nbsp;o evento \u201cFuturo das Concess\u00f5es e PPPs\u201d, realizado pela <strong>Ag\u00eancia iNFRA<\/strong> nesta ter\u00e7a-feira&nbsp;(15). De acordo com Silvio Costa Filho, as indica\u00e7\u00f5es ser\u00e3o feitas formalmente ap\u00f3s o feriado da P\u00e1scoa, na pr\u00f3xima semana.<\/p>\n\n\n\n<p>O presidente da CI (Comiss\u00e3o de Infraestrutura) do Senado, senador Marcos Rog\u00e9rio (PL-RO), onde os indicados para ag\u00eancias de infraestrutura s\u00e3o sabatinados, chegou a afirmar que a n\u00e3o indica\u00e7\u00e3o dos diretores por parte do governo poderia descredibilizar as ag\u00eancias. Numa reuni\u00e3o desse colegiado, o ministro Silvio Costa Filho pediu aos parlamentares que votassem as indica\u00e7\u00f5es j\u00e1 apresentadas.<\/p>\n\n\n\n<p>Mas as negocia\u00e7\u00f5es entre congressistas e governo para as indica\u00e7\u00f5es continuam, mesmo ap\u00f3s o governo ter mandado&nbsp;em dezembro&nbsp;nove nomes para serem avaliados pelo Senado, o&nbsp;que \u00e9 apenas uma parte dos cargos de ag\u00eancias que estavam vagos ent\u00e3o.&nbsp;O indicativo \u00e9 que o atual presidente do Senado, Davi Alcolumbre (Uni\u00e3o-AP), pediu a revis\u00e3o de todos os nomes e est\u00e1 avaliando caso a caso at\u00e9 mesmo os que j\u00e1 est\u00e3o indicados.<\/p>\n\n\n\n<p><strong>Nova poligonal do Porto de Santos<\/strong><br>Segundo o ministro Silvio Costa Filho, a consulta p\u00fablica para a expans\u00e3o da poligonal do Porto de Santos (SP) s\u00f3 deve ter os documentos apresentados no site oficial&nbsp;na pr\u00f3xima semana, apesar de ter sido anunciada como dispon\u00edvel no Di\u00e1rio Oficial da Uni\u00e3o na segunda-feira (14).&nbsp;<\/p>\n\n\n\n<p>De acordo com ele, a ideia \u00e9 expandir o porto visando futuros investimentos, como o leil\u00e3o do novo terminal de cont\u00eaineres, o Tecon Santos 10, previsto para o final de 2025. \u201cQuanto mais o porto estiver estruturado, melhor para garantirmos previsibilidade a quem deseja investir no Brasil\u201d, afirmou o ministro.<\/p>\n\n\n\n<p>Segundo a APS (Autoridade Portu\u00e1ria de Santos), o projeto de expans\u00e3o da poligonal do Porto de Santos prev\u00ea um aumento de at\u00e9 164% da \u00e1rea portu\u00e1ria nas pr\u00f3ximas d\u00e9cadas. O porto pode ganhar \u00e1reas adicionais de 12,6 milh\u00f5es de metros quadrados para sua expans\u00e3o, passando dos atuais 7,8 milh\u00f5es de m\u00b2 para mais de 20 milh\u00f5es de m\u00b2. A nova \u00e1rea passaria a incluir regi\u00f5es de Cubat\u00e3o, S\u00e3o Vicente e Bertioga, al\u00e9m de Santos e Guaruj\u00e1, informou a APS.&nbsp;<\/p>\n\n\n\n<p><strong>Moderniza\u00e7\u00e3o da Lei dos Portos&nbsp;<\/strong><br>De acordo com o ministro Silvio Costa Filho, uma reuni\u00e3o entre ele e o presidente da C\u00e2mara dos Deputados, Hugo Motta (Republicanos-PB), est\u00e1 agendada para hoje (16). O tema ser\u00e1 a comiss\u00e3o especial a ser instalada para a tramita\u00e7\u00e3o do <a href=\"https:\/\/www.camara.leg.br\/proposicoesWeb\/fichadetramitacao?idProposicao=2485830\" target=\"_blank\" rel=\"noreferrer noopener\">PL (Projeto de Lei) 733\/2025<\/a>.<\/p>\n\n\n\n<p>Segundo ele, falta a defini\u00e7\u00e3o do presidente e do relator para essa comiss\u00e3o. A reportagem apurou que o deputado Arthur Maia (Uni\u00e3o-BA) foi&nbsp;cogitado para relatar a proposta na comiss\u00e3o especial. O deputado Marcos Pereira (Republicanos-SP) confirmou o convite para ser presidente, mas negou que tenha interesse.<\/p>\n\n\n\n<p>Na \u00faltima semana, no entanto, o deputado L\u00e9o Prates (PDT-BA) foi <a href=\"https:\/\/agenciainfra.com\/blog\/leo-prates-e-indicado-relator-de-texto-que-moderniza-lei-dos-portos-em-comissao-da-camara\/\" target=\"_blank\" rel=\"noreferrer noopener\">designado relator<\/a> do PL 733\/2025, que prop\u00f5e a moderniza\u00e7\u00e3o da Lei dos Portos (Lei 12.815\/2013), na Ctrab (Comiss\u00e3o de Trabalho), que \u00e9 uma comiss\u00e3o permanente da C\u00e2mara. Caso essa movimenta\u00e7\u00e3o se concretize, o texto, resultado dos trabalhos da Ceportos \u2013 comiss\u00e3o de juristas que atuou em 2024 com esse objetivo \u2013, passaria&nbsp;pelo tr\u00e2mite natural na C\u00e2mara dos Deputados,&nbsp;enfraquecendo&nbsp;a ideia de uma&nbsp;comiss\u00e3o especial.<\/p>\n\n\n\n<p>O projeto tem apoio da maior parte do setor empresarial de portos, mas enfrenta resist\u00eancia, especialmente entre os trabalhadores. No Minist\u00e9rio de Portos e Aeroportos, a avalia\u00e7\u00e3o mais corrente entre t\u00e9cnicos \u00e9 de que a mat\u00e9ria dificilmente avan\u00e7ar\u00e1, diante da falta de consenso entre trabalhadores e empregadores.<\/p>\n","protected":false},"excerpt":{"rendered":"<p>Mar\u00edlia Sena, da Ag\u00eancia iNFRA O ministro de Portos e Aeroportos, Silvio Costa Filho, informou \u00e0 Ag\u00eancia iNFRA que o nome para completar o quadro de diretores da ANTAQ (Ag\u00eancia Nacional de Transportes Aquavi\u00e1rios) j\u00e1 foi decidido. De acordo com ele, o atual secret\u00e1rio-geral do TCU (Tribunal de Contas da Uni\u00e3o), Frederico Dias, ser\u00e1 indicado [&hellip;]<\/p>\n","protected":false},"author":1,"featured_media":20976,"comment_status":"closed","ping_status":"closed","sticky":false,"template":"","format":"standard","meta":{"_monsterinsights_skip_tracking":false,"_monsterinsights_sitenote_active":false,"_monsterinsights_sitenote_note":"","_monsterinsights_sitenote_category":0,"footnotes":""},"categories":[9714,1,7],"tags":[46,13091,13090,12425,13029,13092,12938,12067,34,308,11654,13093,13017,13095,13094],"class_list":["post-20975","post","type-post","status-publish","format-standard","has-post-thumbnail","hentry","category-destaque-menor","category-geral","category-infratransporte","tag-agencias-reguladoras","tag-caio-farias-antaq","tag-diretoria-da-anac","tag-diretoria-da-antaq","tag-evento-agencia-infra","tag-frederico-dias-antaq","tag-futuro-das-concessoes-e-ppps","tag-indicacoes-as-agencias-reguladoras","tag-infraestrutura","tag-lei-dos-portos","tag-marilia-sena","tag-mathias-nogueira-anac","tag-ministro-silvio-costa-filho","tag-nova-poligonal-do-porto-de-santos","tag-tiago-faierstein-anac"],"yoast_head":"<!-- This site is optimized with the Yoast SEO Premium plugin v25.4 (Yoast SEO v26.0) - https:\/\/yoast.com\/wordpress\/plugins\/seo\/ -->\n<title>Indica\u00e7\u00f5es \u00e0s ag\u00eancias reguladoras ser\u00e3o formalizadas ap\u00f3s a p\u00e1scoa, diz Silvio Costa Filho - Ag\u00eancia iNFRA<\/title>\n<meta name=\"robots\" content=\"index, follow, max-snippet:-1, max-image-preview:large, max-video-preview:-1\" \/>\n<link rel=\"canonical\" href=\"https:\/\/agenciainfra.com\/blog\/indicacoes-as-agencias-reguladoras-serao-formalizadas-apos-a-pascoa-diz-silvio-costa-filho\/\" \/>\n<meta property=\"og:locale\" content=\"pt_BR\" \/>\n<meta property=\"og:type\" content=\"article\" \/>\n<meta property=\"og:title\" content=\"Indica\u00e7\u00f5es \u00e0s ag\u00eancias reguladoras ser\u00e3o formalizadas ap\u00f3s a p\u00e1scoa, diz Silvio Costa Filho\" \/>\n<meta property=\"og:description\" content=\"Mar\u00edlia Sena, da Ag\u00eancia iNFRA O ministro de Portos e Aeroportos, Silvio Costa Filho, informou \u00e0 Ag\u00eancia iNFRA que o nome para completar o quadro de diretores da ANTAQ (Ag\u00eancia Nacional de Transportes Aquavi\u00e1rios) j\u00e1 foi decidido. De acordo com ele, o atual secret\u00e1rio-geral do TCU (Tribunal de Contas da Uni\u00e3o), Frederico Dias, ser\u00e1 indicado [&hellip;]\" \/>\n<meta property=\"og:url\" content=\"https:\/\/agenciainfra.com\/blog\/indicacoes-as-agencias-reguladoras-serao-formalizadas-apos-a-pascoa-diz-silvio-costa-filho\/\" \/>\n<meta property=\"og:site_name\" content=\"Ag\u00eancia iNFRA\" \/>\n<meta property=\"article:publisher\" content=\"https:\/\/www.facebook.com\/ageninfra\" \/>\n<meta property=\"article:published_time\" content=\"2025-04-16T13:00:00+00:00\" \/>\n<meta property=\"article:modified_time\" content=\"2025-04-22T09:17:31+00:00\" \/>\n<meta property=\"og:image\" content=\"https:\/\/agenciainfra.com\/blog\/wp-content\/uploads\/2025\/04\/silvio-costa-filho-foto-agenciabrasil.jpg\" \/>\n\t<meta property=\"og:image:width\" content=\"1280\" \/>\n\t<meta property=\"og:image:height\" content=\"853\" \/>\n\t<meta property=\"og:image:type\" content=\"image\/jpeg\" \/>\n<meta name=\"author\" content=\"Ag\u00eancia iNFRA\" \/>\n<meta name=\"twitter:card\" content=\"summary_large_image\" \/>\n<meta name=\"twitter:creator\" content=\"@agencia_infra\" \/>\n<meta name=\"twitter:site\" content=\"@agencia_infra\" \/>\n<meta name=\"twitter:label1\" content=\"Escrito por\" \/>\n\t<meta name=\"twitter:data1\" content=\"Ag\u00eancia iNFRA\" \/>\n\t<meta name=\"twitter:label2\" content=\"Est. tempo de leitura\" \/>\n\t<meta name=\"twitter:data2\" content=\"5 minutos\" \/>\n<script type=\"application\/ld+json\" class=\"yoast-schema-graph\">{\"@context\":\"https:\/\/schema.org\",\"@graph\":[{\"@type\":\"Article\",\"@id\":\"https:\/\/agenciainfra.com\/blog\/indicacoes-as-agencias-reguladoras-serao-formalizadas-apos-a-pascoa-diz-silvio-costa-filho\/#article\",\"isPartOf\":{\"@id\":\"https:\/\/agenciainfra.com\/blog\/indicacoes-as-agencias-reguladoras-serao-formalizadas-apos-a-pascoa-diz-silvio-costa-filho\/\"},\"author\":{\"name\":\"Ag\u00eancia iNFRA\",\"@id\":\"https:\/\/agenciainfra.com\/blog\/#\/schema\/person\/34af08dff6adea4cb22b06612ba7acfa\"},\"headline\":\"Indica\u00e7\u00f5es \u00e0s ag\u00eancias reguladoras ser\u00e3o formalizadas ap\u00f3s a p\u00e1scoa, diz Silvio Costa Filho\",\"datePublished\":\"2025-04-16T13:00:00+00:00\",\"dateModified\":\"2025-04-22T09:17:31+00:00\",\"mainEntityOfPage\":{\"@id\":\"https:\/\/agenciainfra.com\/blog\/indicacoes-as-agencias-reguladoras-serao-formalizadas-apos-a-pascoa-diz-silvio-costa-filho\/\"},\"wordCount\":924,\"publisher\":{\"@id\":\"https:\/\/agenciainfra.com\/blog\/#organization\"},\"image\":{\"@id\":\"https:\/\/agenciainfra.com\/blog\/indicacoes-as-agencias-reguladoras-serao-formalizadas-apos-a-pascoa-diz-silvio-costa-filho\/#primaryimage\"},\"thumbnailUrl\":\"https:\/\/agenciainfra.com\/blog\/wp-content\/uploads\/2025\/04\/silvio-costa-filho-foto-agenciabrasil.jpg\",\"keywords\":[\"Ag\u00eancias Reguladoras\",\"caio farias antaq\",\"diretoria da anac\",\"diretoria da antaq\",\"Evento Ag\u00eancia iNFRA\",\"frederico dias antaq\",\"futuro das concess\u00f5es e ppps\",\"indica\u00e7\u00f5es \u00e0s ag\u00eancias reguladoras\",\"Infraestrutura\",\"Lei dos Portos\",\"Mar\u00edlia Sena\",\"mathias nogueira anac\",\"ministro Silvio Costa Filho\",\"nova poligonal do porto de santos\",\"tiago faierstein anac\"],\"articleSection\":[\"Destaque Menor\",\"Geral\",\"iNFRATransporte\"],\"inLanguage\":\"pt-BR\",\"copyrightYear\":\"2025\",\"copyrightHolder\":{\"@id\":\"https:\/\/agenciainfra.com\/blog\/#organization\"}},{\"@type\":\"WebPage\",\"@id\":\"https:\/\/agenciainfra.com\/blog\/indicacoes-as-agencias-reguladoras-serao-formalizadas-apos-a-pascoa-diz-silvio-costa-filho\/\",\"url\":\"https:\/\/agenciainfra.com\/blog\/indicacoes-as-agencias-reguladoras-serao-formalizadas-apos-a-pascoa-diz-silvio-costa-filho\/\",\"name\":\"Indica\u00e7\u00f5es \u00e0s ag\u00eancias reguladoras ser\u00e3o formalizadas ap\u00f3s a p\u00e1scoa, diz Silvio Costa Filho - Ag\u00eancia iNFRA\",\"isPartOf\":{\"@id\":\"https:\/\/agenciainfra.com\/blog\/#website\"},\"primaryImageOfPage\":{\"@id\":\"https:\/\/agenciainfra.com\/blog\/indicacoes-as-agencias-reguladoras-serao-formalizadas-apos-a-pascoa-diz-silvio-costa-filho\/#primaryimage\"},\"image\":{\"@id\":\"https:\/\/agenciainfra.com\/blog\/indicacoes-as-agencias-reguladoras-serao-formalizadas-apos-a-pascoa-diz-silvio-costa-filho\/#primaryimage\"},\"thumbnailUrl\":\"https:\/\/agenciainfra.com\/blog\/wp-content\/uploads\/2025\/04\/silvio-costa-filho-foto-agenciabrasil.jpg\",\"datePublished\":\"2025-04-16T13:00:00+00:00\",\"dateModified\":\"2025-04-22T09:17:31+00:00\",\"breadcrumb\":{\"@id\":\"https:\/\/agenciainfra.com\/blog\/indicacoes-as-agencias-reguladoras-serao-formalizadas-apos-a-pascoa-diz-silvio-costa-filho\/#breadcrumb\"},\"inLanguage\":\"pt-BR\",\"potentialAction\":[{\"@type\":\"ReadAction\",\"target\":[\"https:\/\/agenciainfra.com\/blog\/indicacoes-as-agencias-reguladoras-serao-formalizadas-apos-a-pascoa-diz-silvio-costa-filho\/\"]}]},{\"@type\":\"ImageObject\",\"inLanguage\":\"pt-BR\",\"@id\":\"https:\/\/agenciainfra.com\/blog\/indicacoes-as-agencias-reguladoras-serao-formalizadas-apos-a-pascoa-diz-silvio-costa-filho\/#primaryimage\",\"url\":\"https:\/\/agenciainfra.com\/blog\/wp-content\/uploads\/2025\/04\/silvio-costa-filho-foto-agenciabrasil.jpg\",\"contentUrl\":\"https:\/\/agenciainfra.com\/blog\/wp-content\/uploads\/2025\/04\/silvio-costa-filho-foto-agenciabrasil.jpg\",\"width\":1280,\"height\":853},{\"@type\":\"BreadcrumbList\",\"@id\":\"https:\/\/agenciainfra.com\/blog\/indicacoes-as-agencias-reguladoras-serao-formalizadas-apos-a-pascoa-diz-silvio-costa-filho\/#breadcrumb\",\"itemListElement\":[{\"@type\":\"ListItem\",\"position\":1,\"name\":\"In\u00edcio\",\"item\":\"https:\/\/agenciainfra.com\/blog\/\"},{\"@type\":\"ListItem\",\"position\":2,\"name\":\"Indica\u00e7\u00f5es \u00e0s ag\u00eancias reguladoras ser\u00e3o formalizadas ap\u00f3s a p\u00e1scoa, diz Silvio Costa Filho\"}]},{\"@type\":\"WebSite\",\"@id\":\"https:\/\/agenciainfra.com\/blog\/#website\",\"url\":\"https:\/\/agenciainfra.com\/blog\/\",\"name\":\"Ag\u00eancia iNFRA\",\"description\":\"Multiplataforma de informa\u00e7\u00e3o jornal\u00edstica refer\u00eancia na \u00e1rea de infraestrutura no Brasil!\",\"publisher\":{\"@id\":\"https:\/\/agenciainfra.com\/blog\/#organization\"},\"potentialAction\":[{\"@type\":\"SearchAction\",\"target\":{\"@type\":\"EntryPoint\",\"urlTemplate\":\"https:\/\/agenciainfra.com\/blog\/?s={search_term_string}\"},\"query-input\":{\"@type\":\"PropertyValueSpecification\",\"valueRequired\":true,\"valueName\":\"search_term_string\"}}],\"inLanguage\":\"pt-BR\"},{\"@type\":\"Organization\",\"@id\":\"https:\/\/agenciainfra.com\/blog\/#organization\",\"name\":\"Ag\u00eancia iNFRA\",\"url\":\"https:\/\/agenciainfra.com\/blog\/\",\"logo\":{\"@type\":\"ImageObject\",\"inLanguage\":\"pt-BR\",\"@id\":\"https:\/\/agenciainfra.com\/blog\/#\/schema\/logo\/image\/\",\"url\":\"https:\/\/agenciainfra.com\/blog\/wp-content\/uploads\/2023\/09\/iNFRA_5-e1761735885940.png\",\"contentUrl\":\"https:\/\/agenciainfra.com\/blog\/wp-content\/uploads\/2023\/09\/iNFRA_5-e1761735885940.png\",\"width\":1672,\"height\":454,\"caption\":\"Ag\u00eancia iNFRA\"},\"image\":{\"@id\":\"https:\/\/agenciainfra.com\/blog\/#\/schema\/logo\/image\/\"},\"sameAs\":[\"https:\/\/www.facebook.com\/ageninfra\",\"https:\/\/x.com\/agencia_infra\",\"https:\/\/www.linkedin.com\/company\/ag\u00eanciainfra\/\",\"https:\/\/www.instagram.com\/agenciainfra\/\"]},{\"@type\":\"Person\",\"@id\":\"https:\/\/agenciainfra.com\/blog\/#\/schema\/person\/34af08dff6adea4cb22b06612ba7acfa\",\"name\":\"Ag\u00eancia iNFRA\",\"image\":{\"@type\":\"ImageObject\",\"inLanguage\":\"pt-BR\",\"@id\":\"https:\/\/agenciainfra.com\/blog\/#\/schema\/person\/image\/\",\"url\":\"https:\/\/secure.gravatar.com\/avatar\/d189e01678f06d8eb84d4e01f08eb848b3fffe3f8443818d3c356c66892f5be8?s=96&d=mm&r=g\",\"contentUrl\":\"https:\/\/secure.gravatar.com\/avatar\/d189e01678f06d8eb84d4e01f08eb848b3fffe3f8443818d3c356c66892f5be8?s=96&d=mm&r=g\",\"caption\":\"Ag\u00eancia iNFRA\"},\"url\":\"https:\/\/agenciainfra.com\/blog\/author\/admin\/\"}]}<\/script>\n<!-- \/ Yoast SEO Premium plugin. -->","yoast_head_json":{"title":"Indica\u00e7\u00f5es \u00e0s ag\u00eancias reguladoras ser\u00e3o formalizadas ap\u00f3s a p\u00e1scoa, diz Silvio Costa Filho - Ag\u00eancia iNFRA","robots":{"index":"index","follow":"follow","max-snippet":"max-snippet:-1","max-image-preview":"max-image-preview:large","max-video-preview":"max-video-preview:-1"},"canonical":"https:\/\/agenciainfra.com\/blog\/indicacoes-as-agencias-reguladoras-serao-formalizadas-apos-a-pascoa-diz-silvio-costa-filho\/","og_locale":"pt_BR","og_type":"article","og_title":"Indica\u00e7\u00f5es \u00e0s ag\u00eancias reguladoras ser\u00e3o formalizadas ap\u00f3s a p\u00e1scoa, diz Silvio Costa Filho","og_description":"Mar\u00edlia Sena, da Ag\u00eancia iNFRA O ministro de Portos e Aeroportos, Silvio Costa Filho, informou \u00e0 Ag\u00eancia iNFRA que o nome para completar o quadro de diretores da ANTAQ (Ag\u00eancia Nacional de Transportes Aquavi\u00e1rios) j\u00e1 foi decidido. De acordo com ele, o atual secret\u00e1rio-geral do TCU (Tribunal de Contas da Uni\u00e3o), Frederico Dias, ser\u00e1 indicado [&hellip;]","og_url":"https:\/\/agenciainfra.com\/blog\/indicacoes-as-agencias-reguladoras-serao-formalizadas-apos-a-pascoa-diz-silvio-costa-filho\/","og_site_name":"Ag\u00eancia iNFRA","article_publisher":"https:\/\/www.facebook.com\/ageninfra","article_published_time":"2025-04-16T13:00:00+00:00","article_modified_time":"2025-04-22T09:17:31+00:00","og_image":[{"width":1280,"height":853,"url":"https:\/\/agenciainfra.com\/blog\/wp-content\/uploads\/2025\/04\/silvio-costa-filho-foto-agenciabrasil.jpg","type":"image\/jpeg"}],"author":"Ag\u00eancia iNFRA","twitter_card":"summary_large_image","twitter_creator":"@agencia_infra","twitter_site":"@agencia_infra","twitter_misc":{"Escrito por":"Ag\u00eancia iNFRA","Est. tempo de leitura":"5 minutos"},"schema":{"@context":"https:\/\/schema.org","@graph":[{"@type":"Article","@id":"https:\/\/agenciainfra.com\/blog\/indicacoes-as-agencias-reguladoras-serao-formalizadas-apos-a-pascoa-diz-silvio-costa-filho\/#article","isPartOf":{"@id":"https:\/\/agenciainfra.com\/blog\/indicacoes-as-agencias-reguladoras-serao-formalizadas-apos-a-pascoa-diz-silvio-costa-filho\/"},"author":{"name":"Ag\u00eancia iNFRA","@id":"https:\/\/agenciainfra.com\/blog\/#\/schema\/person\/34af08dff6adea4cb22b06612ba7acfa"},"headline":"Indica\u00e7\u00f5es \u00e0s ag\u00eancias reguladoras ser\u00e3o formalizadas ap\u00f3s a p\u00e1scoa, diz Silvio Costa Filho","datePublished":"2025-04-16T13:00:00+00:00","dateModified":"2025-04-22T09:17:31+00:00","mainEntityOfPage":{"@id":"https:\/\/agenciainfra.com\/blog\/indicacoes-as-agencias-reguladoras-serao-formalizadas-apos-a-pascoa-diz-silvio-costa-filho\/"},"wordCount":924,"publisher":{"@id":"https:\/\/agenciainfra.com\/blog\/#organization"},"image":{"@id":"https:\/\/agenciainfra.com\/blog\/indicacoes-as-agencias-reguladoras-serao-formalizadas-apos-a-pascoa-diz-silvio-costa-filho\/#primaryimage"},"thumbnailUrl":"https:\/\/agenciainfra.com\/blog\/wp-content\/uploads\/2025\/04\/silvio-costa-filho-foto-agenciabrasil.jpg","keywords":["Ag\u00eancias Reguladoras","caio farias antaq","diretoria da anac","diretoria da antaq","Evento Ag\u00eancia iNFRA","frederico dias antaq","futuro das concess\u00f5es e ppps","indica\u00e7\u00f5es \u00e0s ag\u00eancias reguladoras","Infraestrutura","Lei dos Portos","Mar\u00edlia Sena","mathias nogueira anac","ministro Silvio Costa Filho","nova poligonal do porto de santos","tiago faierstein anac"],"articleSection":["Destaque Menor","Geral","iNFRATransporte"],"inLanguage":"pt-BR","copyrightYear":"2025","copyrightHolder":{"@id":"https:\/\/agenciainfra.com\/blog\/#organization"}},{"@type":"WebPage","@id":"https:\/\/agenciainfra.com\/blog\/indicacoes-as-agencias-reguladoras-serao-formalizadas-apos-a-pascoa-diz-silvio-costa-filho\/","url":"https:\/\/agenciainfra.com\/blog\/indicacoes-as-agencias-reguladoras-serao-formalizadas-apos-a-pascoa-diz-silvio-costa-filho\/","name":"Indica\u00e7\u00f5es \u00e0s ag\u00eancias reguladoras ser\u00e3o formalizadas ap\u00f3s a p\u00e1scoa, diz Silvio Costa Filho - Ag\u00eancia iNFRA","isPartOf":{"@id":"https:\/\/agenciainfra.com\/blog\/#website"},"primaryImageOfPage":{"@id":"https:\/\/agenciainfra.com\/blog\/indicacoes-as-agencias-reguladoras-serao-formalizadas-apos-a-pascoa-diz-silvio-costa-filho\/#primaryimage"},"image":{"@id":"https:\/\/agenciainfra.com\/blog\/indicacoes-as-agencias-reguladoras-serao-formalizadas-apos-a-pascoa-diz-silvio-costa-filho\/#primaryimage"},"thumbnailUrl":"https:\/\/agenciainfra.com\/blog\/wp-content\/uploads\/2025\/04\/silvio-costa-filho-foto-agenciabrasil.jpg","datePublished":"2025-04-16T13:00:00+00:00","dateModified":"2025-04-22T09:17:31+00:00","breadcrumb":{"@id":"https:\/\/agenciainfra.com\/blog\/indicacoes-as-agencias-reguladoras-serao-formalizadas-apos-a-pascoa-diz-silvio-costa-filho\/#breadcrumb"},"inLanguage":"pt-BR","potentialAction":[{"@type":"ReadAction","target":["https:\/\/agenciainfra.com\/blog\/indicacoes-as-agencias-reguladoras-serao-formalizadas-apos-a-pascoa-diz-silvio-costa-filho\/"]}]},{"@type":"ImageObject","inLanguage":"pt-BR","@id":"https:\/\/agenciainfra.com\/blog\/indicacoes-as-agencias-reguladoras-serao-formalizadas-apos-a-pascoa-diz-silvio-costa-filho\/#primaryimage","url":"https:\/\/agenciainfra.com\/blog\/wp-content\/uploads\/2025\/04\/silvio-costa-filho-foto-agenciabrasil.jpg","contentUrl":"https:\/\/agenciainfra.com\/blog\/wp-content\/uploads\/2025\/04\/silvio-costa-filho-foto-agenciabrasil.jpg","width":1280,"height":853},{"@type":"BreadcrumbList","@id":"https:\/\/agenciainfra.com\/blog\/indicacoes-as-agencias-reguladoras-serao-formalizadas-apos-a-pascoa-diz-silvio-costa-filho\/#breadcrumb","itemListElement":[{"@type":"ListItem","position":1,"name":"In\u00edcio","item":"https:\/\/agenciainfra.com\/blog\/"},{"@type":"ListItem","position":2,"name":"Indica\u00e7\u00f5es \u00e0s ag\u00eancias reguladoras ser\u00e3o formalizadas ap\u00f3s a p\u00e1scoa, diz Silvio Costa Filho"}]},{"@type":"WebSite","@id":"https:\/\/agenciainfra.com\/blog\/#website","url":"https:\/\/agenciainfra.com\/blog\/","name":"Ag\u00eancia iNFRA","description":"Multiplataforma de informa\u00e7\u00e3o jornal\u00edstica refer\u00eancia na \u00e1rea de infraestrutura no Brasil!","publisher":{"@id":"https:\/\/agenciainfra.com\/blog\/#organization"},"potentialAction":[{"@type":"SearchAction","target":{"@type":"EntryPoint","urlTemplate":"https:\/\/agenciainfra.com\/blog\/?s={search_term_string}"},"query-input":{"@type":"PropertyValueSpecification","valueRequired":true,"valueName":"search_term_string"}}],"inLanguage":"pt-BR"},{"@type":"Organization","@id":"https:\/\/agenciainfra.com\/blog\/#organization","name":"Ag\u00eancia iNFRA","url":"https:\/\/agenciainfra.com\/blog\/","logo":{"@type":"ImageObject","inLanguage":"pt-BR","@id":"https:\/\/agenciainfra.com\/blog\/#\/schema\/logo\/image\/","url":"https:\/\/agenciainfra.com\/blog\/wp-content\/uploads\/2023\/09\/iNFRA_5-e1761735885940.png","contentUrl":"https:\/\/agenciainfra.com\/blog\/wp-content\/uploads\/2023\/09\/iNFRA_5-e1761735885940.png","width":1672,"height":454,"caption":"Ag\u00eancia iNFRA"},"image":{"@id":"https:\/\/agenciainfra.com\/blog\/#\/schema\/logo\/image\/"},"sameAs":["https:\/\/www.facebook.com\/ageninfra","https:\/\/x.com\/agencia_infra","https:\/\/www.linkedin.com\/company\/ag\u00eanciainfra\/","https:\/\/www.instagram.com\/agenciainfra\/"]},{"@type":"Person","@id":"https:\/\/agenciainfra.com\/blog\/#\/schema\/person\/34af08dff6adea4cb22b06612ba7acfa","name":"Ag\u00eancia iNFRA","image":{"@type":"ImageObject","inLanguage":"pt-BR","@id":"https:\/\/agenciainfra.com\/blog\/#\/schema\/person\/image\/","url":"https:\/\/secure.gravatar.com\/avatar\/d189e01678f06d8eb84d4e01f08eb848b3fffe3f8443818d3c356c66892f5be8?s=96&d=mm&r=g","contentUrl":"https:\/\/secure.gravatar.com\/avatar\/d189e01678f06d8eb84d4e01f08eb848b3fffe3f8443818d3c356c66892f5be8?s=96&d=mm&r=g","caption":"Ag\u00eancia iNFRA"},"url":"https:\/\/agenciainfra.com\/blog\/author\/admin\/"}]}},"_links":{"self":[{"href":"https:\/\/agenciainfra.com\/blog\/wp-json\/wp\/v2\/posts\/20975","targetHints":{"allow":["GET"]}}],"collection":[{"href":"https:\/\/agenciainfra.com\/blog\/wp-json\/wp\/v2\/posts"}],"about":[{"href":"https:\/\/agenciainfra.com\/blog\/wp-json\/wp\/v2\/types\/post"}],"author":[{"embeddable":true,"href":"https:\/\/agenciainfra.com\/blog\/wp-json\/wp\/v2\/users\/1"}],"replies":[{"embeddable":true,"href":"https:\/\/agenciainfra.com\/blog\/wp-json\/wp\/v2\/comments?post=20975"}],"version-history":[{"count":1,"href":"https:\/\/agenciainfra.com\/blog\/wp-json\/wp\/v2\/posts\/20975\/revisions"}],"predecessor-version":[{"id":20977,"href":"https:\/\/agenciainfra.com\/blog\/wp-json\/wp\/v2\/posts\/20975\/revisions\/20977"}],"wp:featuredmedia":[{"embeddable":true,"href":"https:\/\/agenciainfra.com\/blog\/wp-json\/wp\/v2\/media\/20976"}],"wp:attachment":[{"href":"https:\/\/agenciainfra.com\/blog\/wp-json\/wp\/v2\/media?parent=20975"}],"wp:term":[{"taxonomy":"category","embeddable":true,"href":"https:\/\/agenciainfra.com\/blog\/wp-json\/wp\/v2\/categories?post=20975"},{"taxonomy":"post_tag","embeddable":true,"href":"https:\/\/agenciainfra.com\/blog\/wp-json\/wp\/v2\/tags?post=20975"}],"curies":[{"name":"wp","href":"https:\/\/api.w.org\/{rel}","templated":true}]}}