{"id":20978,"date":"2025-04-19T10:00:00","date_gmt":"2025-04-19T13:00:00","guid":{"rendered":"https:\/\/agenciainfra.com\/blog\/?p=20978"},"modified":"2025-04-22T06:16:59","modified_gmt":"2025-04-22T09:16:59","slug":"relator-deve-apresentar-novo-parecer-do-pl-das-concessoes-e-ppps-na-proxima-reuniao-de-lideres","status":"publish","type":"post","link":"https:\/\/agenciainfra.com\/blog\/relator-deve-apresentar-novo-parecer-do-pl-das-concessoes-e-ppps-na-proxima-reuniao-de-lideres\/","title":{"rendered":"Relator deve apresentar novo parecer do PL das Concess\u00f5es e PPPs na pr\u00f3xima reuni\u00e3o de l\u00edderes"},"content":{"rendered":"\n<p class=\"has-text-align-right\"><strong>da Ag\u00eancia iNFRA<\/strong><\/p>\n\n\n\n<p>O deputado Arnaldo Jardim (Cidadania-SP), relator da Lei de Concess\u00f5es e PPPs (<a href=\"https:\/\/agenciainfra.us14.list-manage.com\/track\/click?u=d460dd1bcf9ba0ae040e1fc0f&amp;id=25bb6df9cc&amp;e=1192c754bc\" target=\"_blank\" rel=\"noreferrer noopener\">PL 7.063\/2017<\/a>), disse nesta ter\u00e7a-feira (15) que na semana que vem deve apresentar na reuni\u00e3o do col\u00e9gio de l\u00edderes novo parecer da proposta. O projeto tramita em regime de urg\u00eancia e, assim que o parecer for apresentado, o texto poder\u00e1 ser votado em plen\u00e1rio.<\/p>\n\n\n\n<p>Se aprovado, o projeto ser\u00e1 enviado ao Senado Federal, onde contar\u00e1, segundo Jardim, com apoio do vice-presidente da Casa, o senador Eduardo Gomes (PL-TO). O senador disse que&nbsp;o Senado est\u00e1 preparado para discutir o novo projeto e que deve ser feito um esfor\u00e7o m\u00fatuo para permitir o aperfei\u00e7oamento do texto.<\/p>\n\n\n\n<p>O deputado e o senador participaram, com o ministro de Portos e Aeroportos, Silvio Costa Filho, da abertura do evento &#8220;Futuro das Concess\u00f5es e PPPs&#8221;, organizado pela\u00a0<strong>Ag\u00eancia iNFRA<\/strong>, patrocinado pela Via Appia Concess\u00f5es e co-organizado pelo escrit\u00f3rio Queiroz Maluf Reis Sociedade de Advogados. A transmiss\u00e3o do evento, que discutiu a proposta como especialistas dos setores p\u00fablico e privado,\u00a0est\u00e1\u00a0<a href=\"https:\/\/agenciainfra.us14.list-manage.com\/track\/click?u=d460dd1bcf9ba0ae040e1fc0f&amp;id=95f37e1714&amp;e=1192c754bc\" target=\"_blank\" rel=\"noreferrer noopener\">neste link<\/a>.\u00a0<\/p>\n\n\n\n<p><strong>Seguros em discuss\u00e3o<\/strong><br>Em sua fala, o ministro Silvio Costa Filho&nbsp;destacou a necessidade de discutir os seguros das concess\u00f5es, principalmente em um contexto de desastres ambientais, como ocorreu no ano passado, no Rio Grande do Sul.&nbsp;Costa Filho afirmou que os seguros de muitos projetos n\u00e3o foram feitos com planejamento estrat\u00e9gico e \u00e9 preciso olhar para o tema na reforma.&nbsp;<\/p>\n","protected":false},"excerpt":{"rendered":"<p>da Ag\u00eancia iNFRA O deputado Arnaldo Jardim (Cidadania-SP), relator da Lei de Concess\u00f5es e PPPs (PL 7.063\/2017), disse nesta ter\u00e7a-feira (15) que na semana que vem deve apresentar na reuni\u00e3o do col\u00e9gio de l\u00edderes novo parecer da proposta. O projeto tramita em regime de urg\u00eancia e, assim que o parecer for apresentado, o texto poder\u00e1 [&hellip;]<\/p>\n","protected":false},"author":1,"featured_media":15179,"comment_status":"closed","ping_status":"closed","sticky":false,"template":"","format":"standard","meta":{"_monsterinsights_skip_tracking":false,"_monsterinsights_sitenote_active":false,"_monsterinsights_sitenote_note":"","_monsterinsights_sitenote_category":0,"footnotes":""},"categories":[7250,1,7],"tags":[78,11651,3594,12705,13029,12945,12938,12946,32,1693,406],"class_list":["post-20978","post","type-post","status-publish","format-standard","has-post-thumbnail","hentry","category-destaque-lista","category-geral","category-infratransporte","tag-concessoes","tag-concessoes-e-ppps","tag-contratos","tag-deputado-arnaldo-jardim","tag-evento-agencia-infra","tag-fundos-constitucionais","tag-futuro-das-concessoes-e-ppps","tag-infra-live-e-eventos","tag-investimentos","tag-pl-7-063-2017","tag-ppps"],"yoast_head":"<!-- This site is optimized with the Yoast SEO Premium plugin v25.4 (Yoast SEO v26.0) - https:\/\/yoast.com\/wordpress\/plugins\/seo\/ -->\n<title>Relator deve apresentar novo parecer do PL das Concess\u00f5es e PPPs na pr\u00f3xima reuni\u00e3o de l\u00edderes - Ag\u00eancia iNFRA<\/title>\n<meta name=\"robots\" content=\"index, follow, max-snippet:-1, max-image-preview:large, max-video-preview:-1\" \/>\n<link rel=\"canonical\" href=\"https:\/\/agenciainfra.com\/blog\/relator-deve-apresentar-novo-parecer-do-pl-das-concessoes-e-ppps-na-proxima-reuniao-de-lideres\/\" \/>\n<meta property=\"og:locale\" content=\"pt_BR\" \/>\n<meta property=\"og:type\" content=\"article\" \/>\n<meta property=\"og:title\" content=\"Relator deve apresentar novo parecer do PL das Concess\u00f5es e PPPs na pr\u00f3xima reuni\u00e3o de l\u00edderes\" \/>\n<meta property=\"og:description\" content=\"da Ag\u00eancia iNFRA O deputado Arnaldo Jardim (Cidadania-SP), relator da Lei de Concess\u00f5es e PPPs (PL 7.063\/2017), disse nesta ter\u00e7a-feira (15) que na semana que vem deve apresentar na reuni\u00e3o do col\u00e9gio de l\u00edderes novo parecer da proposta. O projeto tramita em regime de urg\u00eancia e, assim que o parecer for apresentado, o texto poder\u00e1 [&hellip;]\" \/>\n<meta property=\"og:url\" content=\"https:\/\/agenciainfra.com\/blog\/relator-deve-apresentar-novo-parecer-do-pl-das-concessoes-e-ppps-na-proxima-reuniao-de-lideres\/\" \/>\n<meta property=\"og:site_name\" content=\"Ag\u00eancia iNFRA\" \/>\n<meta property=\"article:publisher\" content=\"https:\/\/www.facebook.com\/ageninfra\" \/>\n<meta property=\"article:published_time\" content=\"2025-04-19T13:00:00+00:00\" \/>\n<meta property=\"article:modified_time\" content=\"2025-04-22T09:16:59+00:00\" \/>\n<meta property=\"og:image\" content=\"https:\/\/agenciainfra.com\/blog\/wp-content\/uploads\/2023\/12\/arnaldo-jardim-foto-moveinfra-2023.jpg\" \/>\n\t<meta property=\"og:image:width\" content=\"1280\" \/>\n\t<meta property=\"og:image:height\" content=\"817\" \/>\n\t<meta property=\"og:image:type\" content=\"image\/jpeg\" \/>\n<meta name=\"author\" content=\"Ag\u00eancia iNFRA\" \/>\n<meta name=\"twitter:card\" content=\"summary_large_image\" \/>\n<meta name=\"twitter:creator\" content=\"@agencia_infra\" \/>\n<meta name=\"twitter:site\" content=\"@agencia_infra\" \/>\n<meta name=\"twitter:label1\" content=\"Escrito por\" \/>\n\t<meta name=\"twitter:data1\" content=\"Ag\u00eancia iNFRA\" \/>\n\t<meta name=\"twitter:label2\" content=\"Est. tempo de leitura\" \/>\n\t<meta name=\"twitter:data2\" content=\"1 minuto\" \/>\n<script type=\"application\/ld+json\" class=\"yoast-schema-graph\">{\"@context\":\"https:\/\/schema.org\",\"@graph\":[{\"@type\":\"Article\",\"@id\":\"https:\/\/agenciainfra.com\/blog\/relator-deve-apresentar-novo-parecer-do-pl-das-concessoes-e-ppps-na-proxima-reuniao-de-lideres\/#article\",\"isPartOf\":{\"@id\":\"https:\/\/agenciainfra.com\/blog\/relator-deve-apresentar-novo-parecer-do-pl-das-concessoes-e-ppps-na-proxima-reuniao-de-lideres\/\"},\"author\":{\"name\":\"Ag\u00eancia iNFRA\",\"@id\":\"https:\/\/agenciainfra.com\/blog\/#\/schema\/person\/34af08dff6adea4cb22b06612ba7acfa\"},\"headline\":\"Relator deve apresentar novo parecer do PL das Concess\u00f5es e PPPs na pr\u00f3xima reuni\u00e3o de l\u00edderes\",\"datePublished\":\"2025-04-19T13:00:00+00:00\",\"dateModified\":\"2025-04-22T09:16:59+00:00\",\"mainEntityOfPage\":{\"@id\":\"https:\/\/agenciainfra.com\/blog\/relator-deve-apresentar-novo-parecer-do-pl-das-concessoes-e-ppps-na-proxima-reuniao-de-lideres\/\"},\"wordCount\":275,\"publisher\":{\"@id\":\"https:\/\/agenciainfra.com\/blog\/#organization\"},\"image\":{\"@id\":\"https:\/\/agenciainfra.com\/blog\/relator-deve-apresentar-novo-parecer-do-pl-das-concessoes-e-ppps-na-proxima-reuniao-de-lideres\/#primaryimage\"},\"thumbnailUrl\":\"https:\/\/agenciainfra.com\/blog\/wp-content\/uploads\/2023\/12\/arnaldo-jardim-foto-moveinfra-2023.jpg\",\"keywords\":[\"concess\u00f5es\",\"concess\u00f5es e ppps\",\"contratos\",\"deputado arnaldo jardim\",\"Evento Ag\u00eancia iNFRA\",\"fundos constitucionais\",\"futuro das concess\u00f5es e ppps\",\"infra live e eventos\",\"Investimentos\",\"PL 7.063\/2017\",\"PPPs\"],\"articleSection\":[\"Destaque lista\",\"Geral\",\"iNFRATransporte\"],\"inLanguage\":\"pt-BR\",\"copyrightYear\":\"2025\",\"copyrightHolder\":{\"@id\":\"https:\/\/agenciainfra.com\/blog\/#organization\"}},{\"@type\":\"WebPage\",\"@id\":\"https:\/\/agenciainfra.com\/blog\/relator-deve-apresentar-novo-parecer-do-pl-das-concessoes-e-ppps-na-proxima-reuniao-de-lideres\/\",\"url\":\"https:\/\/agenciainfra.com\/blog\/relator-deve-apresentar-novo-parecer-do-pl-das-concessoes-e-ppps-na-proxima-reuniao-de-lideres\/\",\"name\":\"Relator deve apresentar novo parecer do PL das Concess\u00f5es e PPPs na pr\u00f3xima reuni\u00e3o de l\u00edderes - Ag\u00eancia iNFRA\",\"isPartOf\":{\"@id\":\"https:\/\/agenciainfra.com\/blog\/#website\"},\"primaryImageOfPage\":{\"@id\":\"https:\/\/agenciainfra.com\/blog\/relator-deve-apresentar-novo-parecer-do-pl-das-concessoes-e-ppps-na-proxima-reuniao-de-lideres\/#primaryimage\"},\"image\":{\"@id\":\"https:\/\/agenciainfra.com\/blog\/relator-deve-apresentar-novo-parecer-do-pl-das-concessoes-e-ppps-na-proxima-reuniao-de-lideres\/#primaryimage\"},\"thumbnailUrl\":\"https:\/\/agenciainfra.com\/blog\/wp-content\/uploads\/2023\/12\/arnaldo-jardim-foto-moveinfra-2023.jpg\",\"datePublished\":\"2025-04-19T13:00:00+00:00\",\"dateModified\":\"2025-04-22T09:16:59+00:00\",\"breadcrumb\":{\"@id\":\"https:\/\/agenciainfra.com\/blog\/relator-deve-apresentar-novo-parecer-do-pl-das-concessoes-e-ppps-na-proxima-reuniao-de-lideres\/#breadcrumb\"},\"inLanguage\":\"pt-BR\",\"potentialAction\":[{\"@type\":\"ReadAction\",\"target\":[\"https:\/\/agenciainfra.com\/blog\/relator-deve-apresentar-novo-parecer-do-pl-das-concessoes-e-ppps-na-proxima-reuniao-de-lideres\/\"]}]},{\"@type\":\"ImageObject\",\"inLanguage\":\"pt-BR\",\"@id\":\"https:\/\/agenciainfra.com\/blog\/relator-deve-apresentar-novo-parecer-do-pl-das-concessoes-e-ppps-na-proxima-reuniao-de-lideres\/#primaryimage\",\"url\":\"https:\/\/agenciainfra.com\/blog\/wp-content\/uploads\/2023\/12\/arnaldo-jardim-foto-moveinfra-2023.jpg\",\"contentUrl\":\"https:\/\/agenciainfra.com\/blog\/wp-content\/uploads\/2023\/12\/arnaldo-jardim-foto-moveinfra-2023.jpg\",\"width\":1280,\"height\":817,\"caption\":\"Foto: MoveInfra\"},{\"@type\":\"BreadcrumbList\",\"@id\":\"https:\/\/agenciainfra.com\/blog\/relator-deve-apresentar-novo-parecer-do-pl-das-concessoes-e-ppps-na-proxima-reuniao-de-lideres\/#breadcrumb\",\"itemListElement\":[{\"@type\":\"ListItem\",\"position\":1,\"name\":\"In\u00edcio\",\"item\":\"https:\/\/agenciainfra.com\/blog\/\"},{\"@type\":\"ListItem\",\"position\":2,\"name\":\"Relator deve apresentar novo parecer do PL das Concess\u00f5es e PPPs na pr\u00f3xima reuni\u00e3o de l\u00edderes\"}]},{\"@type\":\"WebSite\",\"@id\":\"https:\/\/agenciainfra.com\/blog\/#website\",\"url\":\"https:\/\/agenciainfra.com\/blog\/\",\"name\":\"Ag\u00eancia iNFRA\",\"description\":\"Multiplataforma de informa\u00e7\u00e3o jornal\u00edstica refer\u00eancia na \u00e1rea de infraestrutura no Brasil!\",\"publisher\":{\"@id\":\"https:\/\/agenciainfra.com\/blog\/#organization\"},\"potentialAction\":[{\"@type\":\"SearchAction\",\"target\":{\"@type\":\"EntryPoint\",\"urlTemplate\":\"https:\/\/agenciainfra.com\/blog\/?s={search_term_string}\"},\"query-input\":{\"@type\":\"PropertyValueSpecification\",\"valueRequired\":true,\"valueName\":\"search_term_string\"}}],\"inLanguage\":\"pt-BR\"},{\"@type\":\"Organization\",\"@id\":\"https:\/\/agenciainfra.com\/blog\/#organization\",\"name\":\"Ag\u00eancia iNFRA\",\"url\":\"https:\/\/agenciainfra.com\/blog\/\",\"logo\":{\"@type\":\"ImageObject\",\"inLanguage\":\"pt-BR\",\"@id\":\"https:\/\/agenciainfra.com\/blog\/#\/schema\/logo\/image\/\",\"url\":\"https:\/\/agenciainfra.com\/blog\/wp-content\/uploads\/2023\/09\/iNFRA_5-e1761735885940.png\",\"contentUrl\":\"https:\/\/agenciainfra.com\/blog\/wp-content\/uploads\/2023\/09\/iNFRA_5-e1761735885940.png\",\"width\":1672,\"height\":454,\"caption\":\"Ag\u00eancia iNFRA\"},\"image\":{\"@id\":\"https:\/\/agenciainfra.com\/blog\/#\/schema\/logo\/image\/\"},\"sameAs\":[\"https:\/\/www.facebook.com\/ageninfra\",\"https:\/\/x.com\/agencia_infra\",\"https:\/\/www.linkedin.com\/company\/ag\u00eanciainfra\/\",\"https:\/\/www.instagram.com\/agenciainfra\/\"]},{\"@type\":\"Person\",\"@id\":\"https:\/\/agenciainfra.com\/blog\/#\/schema\/person\/34af08dff6adea4cb22b06612ba7acfa\",\"name\":\"Ag\u00eancia iNFRA\",\"image\":{\"@type\":\"ImageObject\",\"inLanguage\":\"pt-BR\",\"@id\":\"https:\/\/agenciainfra.com\/blog\/#\/schema\/person\/image\/\",\"url\":\"https:\/\/secure.gravatar.com\/avatar\/d189e01678f06d8eb84d4e01f08eb848b3fffe3f8443818d3c356c66892f5be8?s=96&d=mm&r=g\",\"contentUrl\":\"https:\/\/secure.gravatar.com\/avatar\/d189e01678f06d8eb84d4e01f08eb848b3fffe3f8443818d3c356c66892f5be8?s=96&d=mm&r=g\",\"caption\":\"Ag\u00eancia iNFRA\"},\"url\":\"https:\/\/agenciainfra.com\/blog\/author\/admin\/\"}]}<\/script>\n<!-- \/ Yoast SEO Premium plugin. -->","yoast_head_json":{"title":"Relator deve apresentar novo parecer do PL das Concess\u00f5es e PPPs na pr\u00f3xima reuni\u00e3o de l\u00edderes - Ag\u00eancia iNFRA","robots":{"index":"index","follow":"follow","max-snippet":"max-snippet:-1","max-image-preview":"max-image-preview:large","max-video-preview":"max-video-preview:-1"},"canonical":"https:\/\/agenciainfra.com\/blog\/relator-deve-apresentar-novo-parecer-do-pl-das-concessoes-e-ppps-na-proxima-reuniao-de-lideres\/","og_locale":"pt_BR","og_type":"article","og_title":"Relator deve apresentar novo parecer do PL das Concess\u00f5es e PPPs na pr\u00f3xima reuni\u00e3o de l\u00edderes","og_description":"da Ag\u00eancia iNFRA O deputado Arnaldo Jardim (Cidadania-SP), relator da Lei de Concess\u00f5es e PPPs (PL 7.063\/2017), disse nesta ter\u00e7a-feira (15) que na semana que vem deve apresentar na reuni\u00e3o do col\u00e9gio de l\u00edderes novo parecer da proposta. O projeto tramita em regime de urg\u00eancia e, assim que o parecer for apresentado, o texto poder\u00e1 [&hellip;]","og_url":"https:\/\/agenciainfra.com\/blog\/relator-deve-apresentar-novo-parecer-do-pl-das-concessoes-e-ppps-na-proxima-reuniao-de-lideres\/","og_site_name":"Ag\u00eancia iNFRA","article_publisher":"https:\/\/www.facebook.com\/ageninfra","article_published_time":"2025-04-19T13:00:00+00:00","article_modified_time":"2025-04-22T09:16:59+00:00","og_image":[{"width":1280,"height":817,"url":"https:\/\/agenciainfra.com\/blog\/wp-content\/uploads\/2023\/12\/arnaldo-jardim-foto-moveinfra-2023.jpg","type":"image\/jpeg"}],"author":"Ag\u00eancia iNFRA","twitter_card":"summary_large_image","twitter_creator":"@agencia_infra","twitter_site":"@agencia_infra","twitter_misc":{"Escrito por":"Ag\u00eancia iNFRA","Est. tempo de leitura":"1 minuto"},"schema":{"@context":"https:\/\/schema.org","@graph":[{"@type":"Article","@id":"https:\/\/agenciainfra.com\/blog\/relator-deve-apresentar-novo-parecer-do-pl-das-concessoes-e-ppps-na-proxima-reuniao-de-lideres\/#article","isPartOf":{"@id":"https:\/\/agenciainfra.com\/blog\/relator-deve-apresentar-novo-parecer-do-pl-das-concessoes-e-ppps-na-proxima-reuniao-de-lideres\/"},"author":{"name":"Ag\u00eancia iNFRA","@id":"https:\/\/agenciainfra.com\/blog\/#\/schema\/person\/34af08dff6adea4cb22b06612ba7acfa"},"headline":"Relator deve apresentar novo parecer do PL das Concess\u00f5es e PPPs na pr\u00f3xima reuni\u00e3o de l\u00edderes","datePublished":"2025-04-19T13:00:00+00:00","dateModified":"2025-04-22T09:16:59+00:00","mainEntityOfPage":{"@id":"https:\/\/agenciainfra.com\/blog\/relator-deve-apresentar-novo-parecer-do-pl-das-concessoes-e-ppps-na-proxima-reuniao-de-lideres\/"},"wordCount":275,"publisher":{"@id":"https:\/\/agenciainfra.com\/blog\/#organization"},"image":{"@id":"https:\/\/agenciainfra.com\/blog\/relator-deve-apresentar-novo-parecer-do-pl-das-concessoes-e-ppps-na-proxima-reuniao-de-lideres\/#primaryimage"},"thumbnailUrl":"https:\/\/agenciainfra.com\/blog\/wp-content\/uploads\/2023\/12\/arnaldo-jardim-foto-moveinfra-2023.jpg","keywords":["concess\u00f5es","concess\u00f5es e ppps","contratos","deputado arnaldo jardim","Evento Ag\u00eancia iNFRA","fundos constitucionais","futuro das concess\u00f5es e ppps","infra live e eventos","Investimentos","PL 7.063\/2017","PPPs"],"articleSection":["Destaque lista","Geral","iNFRATransporte"],"inLanguage":"pt-BR","copyrightYear":"2025","copyrightHolder":{"@id":"https:\/\/agenciainfra.com\/blog\/#organization"}},{"@type":"WebPage","@id":"https:\/\/agenciainfra.com\/blog\/relator-deve-apresentar-novo-parecer-do-pl-das-concessoes-e-ppps-na-proxima-reuniao-de-lideres\/","url":"https:\/\/agenciainfra.com\/blog\/relator-deve-apresentar-novo-parecer-do-pl-das-concessoes-e-ppps-na-proxima-reuniao-de-lideres\/","name":"Relator deve apresentar novo parecer do PL das Concess\u00f5es e PPPs na pr\u00f3xima reuni\u00e3o de l\u00edderes - Ag\u00eancia iNFRA","isPartOf":{"@id":"https:\/\/agenciainfra.com\/blog\/#website"},"primaryImageOfPage":{"@id":"https:\/\/agenciainfra.com\/blog\/relator-deve-apresentar-novo-parecer-do-pl-das-concessoes-e-ppps-na-proxima-reuniao-de-lideres\/#primaryimage"},"image":{"@id":"https:\/\/agenciainfra.com\/blog\/relator-deve-apresentar-novo-parecer-do-pl-das-concessoes-e-ppps-na-proxima-reuniao-de-lideres\/#primaryimage"},"thumbnailUrl":"https:\/\/agenciainfra.com\/blog\/wp-content\/uploads\/2023\/12\/arnaldo-jardim-foto-moveinfra-2023.jpg","datePublished":"2025-04-19T13:00:00+00:00","dateModified":"2025-04-22T09:16:59+00:00","breadcrumb":{"@id":"https:\/\/agenciainfra.com\/blog\/relator-deve-apresentar-novo-parecer-do-pl-das-concessoes-e-ppps-na-proxima-reuniao-de-lideres\/#breadcrumb"},"inLanguage":"pt-BR","potentialAction":[{"@type":"ReadAction","target":["https:\/\/agenciainfra.com\/blog\/relator-deve-apresentar-novo-parecer-do-pl-das-concessoes-e-ppps-na-proxima-reuniao-de-lideres\/"]}]},{"@type":"ImageObject","inLanguage":"pt-BR","@id":"https:\/\/agenciainfra.com\/blog\/relator-deve-apresentar-novo-parecer-do-pl-das-concessoes-e-ppps-na-proxima-reuniao-de-lideres\/#primaryimage","url":"https:\/\/agenciainfra.com\/blog\/wp-content\/uploads\/2023\/12\/arnaldo-jardim-foto-moveinfra-2023.jpg","contentUrl":"https:\/\/agenciainfra.com\/blog\/wp-content\/uploads\/2023\/12\/arnaldo-jardim-foto-moveinfra-2023.jpg","width":1280,"height":817,"caption":"Foto: MoveInfra"},{"@type":"BreadcrumbList","@id":"https:\/\/agenciainfra.com\/blog\/relator-deve-apresentar-novo-parecer-do-pl-das-concessoes-e-ppps-na-proxima-reuniao-de-lideres\/#breadcrumb","itemListElement":[{"@type":"ListItem","position":1,"name":"In\u00edcio","item":"https:\/\/agenciainfra.com\/blog\/"},{"@type":"ListItem","position":2,"name":"Relator deve apresentar novo parecer do PL das Concess\u00f5es e PPPs na pr\u00f3xima reuni\u00e3o de l\u00edderes"}]},{"@type":"WebSite","@id":"https:\/\/agenciainfra.com\/blog\/#website","url":"https:\/\/agenciainfra.com\/blog\/","name":"Ag\u00eancia iNFRA","description":"Multiplataforma de informa\u00e7\u00e3o jornal\u00edstica refer\u00eancia na \u00e1rea de infraestrutura no Brasil!","publisher":{"@id":"https:\/\/agenciainfra.com\/blog\/#organization"},"potentialAction":[{"@type":"SearchAction","target":{"@type":"EntryPoint","urlTemplate":"https:\/\/agenciainfra.com\/blog\/?s={search_term_string}"},"query-input":{"@type":"PropertyValueSpecification","valueRequired":true,"valueName":"search_term_string"}}],"inLanguage":"pt-BR"},{"@type":"Organization","@id":"https:\/\/agenciainfra.com\/blog\/#organization","name":"Ag\u00eancia iNFRA","url":"https:\/\/agenciainfra.com\/blog\/","logo":{"@type":"ImageObject","inLanguage":"pt-BR","@id":"https:\/\/agenciainfra.com\/blog\/#\/schema\/logo\/image\/","url":"https:\/\/agenciainfra.com\/blog\/wp-content\/uploads\/2023\/09\/iNFRA_5-e1761735885940.png","contentUrl":"https:\/\/agenciainfra.com\/blog\/wp-content\/uploads\/2023\/09\/iNFRA_5-e1761735885940.png","width":1672,"height":454,"caption":"Ag\u00eancia iNFRA"},"image":{"@id":"https:\/\/agenciainfra.com\/blog\/#\/schema\/logo\/image\/"},"sameAs":["https:\/\/www.facebook.com\/ageninfra","https:\/\/x.com\/agencia_infra","https:\/\/www.linkedin.com\/company\/ag\u00eanciainfra\/","https:\/\/www.instagram.com\/agenciainfra\/"]},{"@type":"Person","@id":"https:\/\/agenciainfra.com\/blog\/#\/schema\/person\/34af08dff6adea4cb22b06612ba7acfa","name":"Ag\u00eancia iNFRA","image":{"@type":"ImageObject","inLanguage":"pt-BR","@id":"https:\/\/agenciainfra.com\/blog\/#\/schema\/person\/image\/","url":"https:\/\/secure.gravatar.com\/avatar\/d189e01678f06d8eb84d4e01f08eb848b3fffe3f8443818d3c356c66892f5be8?s=96&d=mm&r=g","contentUrl":"https:\/\/secure.gravatar.com\/avatar\/d189e01678f06d8eb84d4e01f08eb848b3fffe3f8443818d3c356c66892f5be8?s=96&d=mm&r=g","caption":"Ag\u00eancia iNFRA"},"url":"https:\/\/agenciainfra.com\/blog\/author\/admin\/"}]}},"_links":{"self":[{"href":"https:\/\/agenciainfra.com\/blog\/wp-json\/wp\/v2\/posts\/20978","targetHints":{"allow":["GET"]}}],"collection":[{"href":"https:\/\/agenciainfra.com\/blog\/wp-json\/wp\/v2\/posts"}],"about":[{"href":"https:\/\/agenciainfra.com\/blog\/wp-json\/wp\/v2\/types\/post"}],"author":[{"embeddable":true,"href":"https:\/\/agenciainfra.com\/blog\/wp-json\/wp\/v2\/users\/1"}],"replies":[{"embeddable":true,"href":"https:\/\/agenciainfra.com\/blog\/wp-json\/wp\/v2\/comments?post=20978"}],"version-history":[{"count":2,"href":"https:\/\/agenciainfra.com\/blog\/wp-json\/wp\/v2\/posts\/20978\/revisions"}],"predecessor-version":[{"id":21043,"href":"https:\/\/agenciainfra.com\/blog\/wp-json\/wp\/v2\/posts\/20978\/revisions\/21043"}],"wp:featuredmedia":[{"embeddable":true,"href":"https:\/\/agenciainfra.com\/blog\/wp-json\/wp\/v2\/media\/15179"}],"wp:attachment":[{"href":"https:\/\/agenciainfra.com\/blog\/wp-json\/wp\/v2\/media?parent=20978"}],"wp:term":[{"taxonomy":"category","embeddable":true,"href":"https:\/\/agenciainfra.com\/blog\/wp-json\/wp\/v2\/categories?post=20978"},{"taxonomy":"post_tag","embeddable":true,"href":"https:\/\/agenciainfra.com\/blog\/wp-json\/wp\/v2\/tags?post=20978"}],"curies":[{"name":"wp","href":"https:\/\/api.w.org\/{rel}","templated":true}]}}