{"id":20980,"date":"2025-04-22T08:00:00","date_gmt":"2025-04-22T11:00:00","guid":{"rendered":"https:\/\/agenciainfra.com\/blog\/?p=20980"},"modified":"2025-04-23T11:23:11","modified_gmt":"2025-04-23T14:23:11","slug":"edital-de-chamamento-da-ferrovia-minas-rio-deve-sair-ate-fim-do-ano-diz-ministerio","status":"publish","type":"post","link":"https:\/\/agenciainfra.com\/blog\/edital-de-chamamento-da-ferrovia-minas-rio-deve-sair-ate-fim-do-ano-diz-ministerio\/","title":{"rendered":"Edital de chamamento da ferrovia Minas-Rio deve sair at\u00e9 fim do ano, diz minist\u00e9rio"},"content":{"rendered":"\n<p class=\"has-text-align-right\"><strong>Sheyla Santos, da Ag\u00eancia iNFRA<\/strong><\/p>\n\n\n\n<p>O diretor de outorgas ferrovi\u00e1rias do Minist\u00e9rio dos Transportes, H\u00e9lio Roberto Sousa, afirmou que o primeiro edital de chamamento p\u00fablico de ferrovias, para o trecho chamado de Minas-Rio, dever\u00e1 ser publicado at\u00e9 o fim deste ano. A informa\u00e7\u00e3o foi dada na \u00faltima ter\u00e7a-feira (15) no\u00a0evento \u201cNovos Caminhos Ferrovi\u00e1rios\u201d, realizado na sede da ANTT (Ag\u00eancia Nacional de Transportes Terrestres), em Bras\u00edlia, que apresentou a resolu\u00e7\u00e3o sobre o\u00a0chamamento p\u00fablico de ferrovias, institu\u00eddo pelo\u00a0<a href=\"https:\/\/agenciainfra.us14.list-manage.com\/track\/click?u=d460dd1bcf9ba0ae040e1fc0f&amp;id=7c27f5f8a7&amp;e=1192c754bc\" target=\"_blank\" rel=\"noreferrer noopener\">Marco Legal de Ferrovias<\/a>, em 2021.\u00a0<br><br>O chamamento \u00e9 um modelo no qual o governo pode apresentar ao mercado trechos que s\u00e3o devolvidos pelas atuais concession\u00e1rias, por falta de interesse em operar. Caso alguma empresa se apresente, ela pode investir e operar o trecho devolvido. A proposta est\u00e1 sob a relatoria do diretor Lucas Asfor.<br><br>O\u00a0<a href=\"https:\/\/agenciainfra.us14.list-manage.com\/track\/click?u=d460dd1bcf9ba0ae040e1fc0f&amp;id=676f4c5908&amp;e=1192c754bc\" target=\"_blank\" rel=\"noreferrer noopener\">Decreto 11.245\/2022,<\/a>\u00a0que regulamentou a lei, a rediscuss\u00e3o da IN (Instru\u00e7\u00e3o Normativa) que precifica ativos ferrovi\u00e1rios e em duas resolu\u00e7\u00f5es da ANTT sobre o tema: a\u00a0<a href=\"https:\/\/agenciainfra.us14.list-manage.com\/track\/click?u=d460dd1bcf9ba0ae040e1fc0f&amp;id=f713a5403f&amp;e=1192c754bc\" target=\"_blank\" rel=\"noreferrer noopener\">Resolu\u00e7\u00e3o 6.058\/2024<\/a>, que disp\u00f5e sobre o chamamento, e a\u00a0<a href=\"https:\/\/agenciainfra.us14.list-manage.com\/track\/click?u=d460dd1bcf9ba0ae040e1fc0f&amp;id=a2f213b79d&amp;e=1192c754bc\" target=\"_blank\" rel=\"noreferrer noopener\">5.987\/2022<\/a>, tratam do tema.<br><br>O diretor da pasta explicou\u00a0que, na pr\u00e1tica, o chamamento trata da oferta de uma infraestrutura que j\u00e1 existe, que passa a\u00a0ser operada em regime de direito privado numa din\u00e2mica na qual o governo oferece a infraestrutura e o operador realiza investimentos e servi\u00e7os dentro de uma \u201cliberdade maior\u201d em compara\u00e7\u00e3o com o setor concessionado.<br><br><strong>Trechos eleg\u00edveis<\/strong><br>Considerado eleg\u00edvel ao chamamento ferrovi\u00e1rio, o corredor Minas-Rio considera parte da malha ferrovi\u00e1ria sem tr\u00e1fego concedida \u00e0 FCA (Ferrovia Centro-Atl\u00e2ntica) entre Varginha (MG) e\u00a0Angra dos Reis (RJ); al\u00e9m de um trecho maior, de 496 quil\u00f4metros, que conecta Arcos (MG) a Barra Mansa (RJ). Os investimentos (capex) estimados nesses trechos s\u00e3o estimados em pouco mais de R$ 1 bilh\u00e3o.\u00a0Leia\u00a0<a href=\"https:\/\/agenciainfra.us14.list-manage.com\/track\/click?u=d460dd1bcf9ba0ae040e1fc0f&amp;id=5a562eda3b&amp;e=1192c754bc\" target=\"_blank\" rel=\"noreferrer noopener\">aqui<\/a>\u00a0a apresenta\u00e7\u00e3o da ag\u00eancia sobre a norma.\u00a0<br><br>Outro projeto considerado pelo governo como eleg\u00edvel ao chamamento \u00e9 o chamado Trem dos Vales, de 46 quil\u00f4metros, que conecta as cidades de Guapor\u00e9 a Mu\u00e7um (RS). Os investimentos estimados, da ordem de R$ 500 milh\u00f5es, s\u00e3o voltados \u00e0 reconstru\u00e7\u00e3o da via f\u00e9rrea impactada pelas fortes chuvas de 2024, mas, segundo H\u00e9lio, com um capex de aproximadamente R$ 196 milh\u00f5es \u00e9 poss\u00edvel colocar o trecho novamente em funcionamento.<br><br><strong>Aporte p\u00fablico<\/strong><br>H\u00e9lio disse que a resolu\u00e7\u00e3o da ANTT trouxe\u00a0dois dispositivos que tratam de aporte p\u00fablico para o setor de ferrovias e\u00a0a vis\u00e3o da pasta \u00e9 de que \u00e9 \u201cperfeitamente poss\u00edvel\u201d fazer um aporte dentro de um chamamento p\u00fablico devido \u00e0 reversibilidade dos bens. \u201cN\u00e3o nos parece haver impedimento na realiza\u00e7\u00e3o desse tipo de capital [para chamamento p\u00fablico]\u201d, disse.\u00a0<br><br>\u201cVia de regra, n\u00f3s n\u00e3o podemos fazer transfer\u00eancia de recursos p\u00fablicos para uma autoriza\u00e7\u00e3o ferrovi\u00e1ria, exceto quando esses bens n\u00e3o s\u00e3o incorporados no patrim\u00f4nio dela, o que \u00e9 o caso do chamamento p\u00fablico, dada a reversibilidade de bens para o poder p\u00fablico\u201d, justificou.\u00a0<br><br><strong>Estudo para mais trechos<\/strong><br>O superintendente de Transporte Ferrovi\u00e1rio da ANTT, Alessandro Baumgartner, afirmou \u00e0\u00a0<strong>Ag\u00eancia iNFRA<\/strong>\u00a0que o corredor Minas-Rio balizar\u00e1 projetos futuros. Tanto ele como o diretor H\u00e9lio mencionaram uma parceria de estudo firmada com o BID (Banco Interamericano de Desenvolvimento) para dar destina\u00e7\u00e3o a mais trechos ferrovi\u00e1rios por meio do chamamento.<br><br>\u201cAcabou de ser contratado o estudo do BID. A nossa ideia junto com o minist\u00e9rio \u00e9 de at\u00e9 o final do ano j\u00e1 ter o indicativo de quais s\u00e3o os processos que a gente vai iniciar\u201d, disse o superintendente.\u00a0<br><br>Segundo o gerente de Regula\u00e7\u00e3o Ferrovi\u00e1ria da ANTT, Fernando Feitosa, a habilita\u00e7\u00e3o para o chamamento ferrovi\u00e1rio vai se dar por meio de contrato de autoriza\u00e7\u00e3o. Ser\u00e1 criada uma\u00a0SPE (Sociedade de Prop\u00f3sito Espec\u00edfico) com essa finalidade. Haver\u00e1, ainda, verifica\u00e7\u00f5es espec\u00edficas das empresas por parte da ag\u00eancia, considerando as \u00e1reas jur\u00eddica, fiscal, social, trabalhista, al\u00e9m das capacidades t\u00e9cnica e econ\u00f4mico-financeira de arcar com os trechos.<br><br><strong>Associa\u00e7\u00e3o pede teto para direito de passagem<\/strong><br>\u00c0\u00a0<strong>Ag\u00eancia iNFRA<\/strong>, o presidente da Anut (Associa\u00e7\u00e3o Nacional dos Usu\u00e1rios do Transporte de Carga), Luis Baldez, listou quatro sugest\u00f5es ao chamamento. A entidade defende que n\u00e3o haja obrigatoriedade de novos licenciamentos ambientais para os trechos ferrovi\u00e1rios, al\u00e9m de um texto claro sobre o direito de interoperabilidade e o estabelecimento de um valor-teto para a taxa do direito de passagem, evitando que haja abusividade.<br><br>\u201cTem que ter recurso p\u00fablico para ajudar o setor privado a recuperar aquela via. Eu acho que, se isso estiver bem estruturado, tem muita chance de dar certo\u201d, afirmou.<br><br>Tamb\u00e9m presente ao evento, o deputado federal Domingos S\u00e1vio (PL-MG) sugeriu que se verifique a possibilidade de usar o trecho de Lavras a Divin\u00f3polis, em Minas Gerais, que segundo ele est\u00e1 sem opera\u00e7\u00e3o h\u00e1 10 anos, para transporte de cargas ou de passageiros. Al\u00e9m da defesa da inclus\u00e3o do trecho no chamamento, ele pediu um cronograma mais imediato para o andamento dos projetos do setor, o estabelecimento de um prazo para que a operadora manifeste prefer\u00eancia em operar o trecho e uma defini\u00e7\u00e3o para que a outorga seja aplicada na regi\u00e3o da malha.<br>\u00a0\u00a0<br>O diretor H\u00e9lio afirmou que o governo pretende realizar um \u201cmarket sound\u201d, ouvindo o setor,\u00a0 e reiterou que o setor privado ter\u00e1 de realizar investimentos. Sobre outorgas, ele disse que a pasta finaliza um plano sobre o tema. Baumgartner, da ANTT, disse que a ag\u00eancia iniciou um processo de revis\u00e3o completa da regula\u00e7\u00e3o ferrovi\u00e1ria para trabalhar uma esp\u00e9cie de \u201crevolu\u00e7\u00e3o regulat\u00f3ria\u201d no \u00e2mbito ferrovi\u00e1rio. O gerente Feitosa ressaltou que existe na norma um mecanismo que prev\u00ea uma puni\u00e7\u00e3o caso a empresa n\u00e3o use o direito solicitado em 15 dias.\u00a0<br><br><strong>Reuni\u00e3o participativa marcada<\/strong><br>A ag\u00eancia vai realizar em 29 de novembro, das 14h \u00e0s 18h, em Bras\u00edlia, uma reuni\u00e3o participativa sobre o chamamento ferrovi\u00e1rio voltado \u00e0 amplia\u00e7\u00e3o da malha ferrovi\u00e1ria federal. A reuni\u00e3o vai receber contribui\u00e7\u00f5es sobre trechos de interesse para o modal e captar informa\u00e7\u00f5es e estudos para embasar futuros chamamentos p\u00fablicos para explora\u00e7\u00e3o indireta de ferrovias por autoriza\u00e7\u00e3o. De acordo com\u00a0<a href=\"https:\/\/agenciainfra.us14.list-manage.com\/track\/click?u=d460dd1bcf9ba0ae040e1fc0f&amp;id=f8dafd8e67&amp;e=1192c754bc\" target=\"_blank\" rel=\"noreferrer noopener\">aviso<\/a>, publicado no Di\u00e1rio Oficial da Uni\u00e3o na ter\u00e7a-feira passada (15), o prazo de envio das manifesta\u00e7\u00f5es por escrito se encerra em 15 de maio, \u00e0s 18h.<\/p>\n","protected":false},"excerpt":{"rendered":"<p>Sheyla Santos, da Ag\u00eancia iNFRA O diretor de outorgas ferrovi\u00e1rias do Minist\u00e9rio dos Transportes, H\u00e9lio Roberto Sousa, afirmou que o primeiro edital de chamamento p\u00fablico de ferrovias, para o trecho chamado de Minas-Rio, dever\u00e1 ser publicado at\u00e9 o fim deste ano. A informa\u00e7\u00e3o foi dada na \u00faltima ter\u00e7a-feira (15) no\u00a0evento \u201cNovos Caminhos Ferrovi\u00e1rios\u201d, realizado na [&hellip;]<\/p>\n","protected":false},"author":1,"featured_media":5797,"comment_status":"closed","ping_status":"closed","sticky":false,"template":"","format":"standard","meta":{"_monsterinsights_skip_tracking":false,"_monsterinsights_sitenote_active":false,"_monsterinsights_sitenote_note":"","_monsterinsights_sitenote_category":0,"footnotes":""},"categories":[7248,1,7],"tags":[13103,13104,13099,13105,13100,13097,13098,13102,13101,8838],"class_list":["post-20980","post","type-post","status-publish","format-standard","has-post-thumbnail","hentry","category-cabecalho","category-geral","category-infratransporte","tag-ativos-ferroviarios","tag-chamamento-ferroviario","tag-chamamento-publico-de-ferrovias","tag-corredor-minas-rio","tag-evento-antt","tag-ferrovia-minas-rio","tag-helio-roberto-sousa","tag-marco-legal-de-ferrovias","tag-novos-caminhoes-ferroviarios","tag-sheyla-santos"],"yoast_head":"<!-- This site is optimized with the Yoast SEO Premium plugin v25.4 (Yoast SEO v26.0) - https:\/\/yoast.com\/wordpress\/plugins\/seo\/ -->\n<title>Edital de chamamento da ferrovia Minas-Rio deve sair at\u00e9 fim do ano, diz minist\u00e9rio - Ag\u00eancia iNFRA<\/title>\n<meta name=\"robots\" content=\"index, follow, max-snippet:-1, max-image-preview:large, max-video-preview:-1\" \/>\n<link rel=\"canonical\" href=\"https:\/\/agenciainfra.com\/blog\/edital-de-chamamento-da-ferrovia-minas-rio-deve-sair-ate-fim-do-ano-diz-ministerio\/\" \/>\n<meta property=\"og:locale\" content=\"pt_BR\" \/>\n<meta property=\"og:type\" content=\"article\" \/>\n<meta property=\"og:title\" content=\"Edital de chamamento da ferrovia Minas-Rio deve sair at\u00e9 fim do ano, diz minist\u00e9rio\" \/>\n<meta property=\"og:description\" content=\"Sheyla Santos, da Ag\u00eancia iNFRA O diretor de outorgas ferrovi\u00e1rias do Minist\u00e9rio dos Transportes, H\u00e9lio Roberto Sousa, afirmou que o primeiro edital de chamamento p\u00fablico de ferrovias, para o trecho chamado de Minas-Rio, dever\u00e1 ser publicado at\u00e9 o fim deste ano. A informa\u00e7\u00e3o foi dada na \u00faltima ter\u00e7a-feira (15) no\u00a0evento \u201cNovos Caminhos Ferrovi\u00e1rios\u201d, realizado na [&hellip;]\" \/>\n<meta property=\"og:url\" content=\"https:\/\/agenciainfra.com\/blog\/edital-de-chamamento-da-ferrovia-minas-rio-deve-sair-ate-fim-do-ano-diz-ministerio\/\" \/>\n<meta property=\"og:site_name\" content=\"Ag\u00eancia iNFRA\" \/>\n<meta property=\"article:publisher\" content=\"https:\/\/www.facebook.com\/ageninfra\" \/>\n<meta property=\"article:published_time\" content=\"2025-04-22T11:00:00+00:00\" \/>\n<meta property=\"article:modified_time\" content=\"2025-04-23T14:23:11+00:00\" \/>\n<meta property=\"og:image\" content=\"https:\/\/agenciainfra.com\/blog\/wp-content\/uploads\/2020\/09\/trilho-ferroviario-foto-dominio-publico.jpg\" \/>\n\t<meta property=\"og:image:width\" content=\"1280\" \/>\n\t<meta property=\"og:image:height\" content=\"853\" \/>\n\t<meta property=\"og:image:type\" content=\"image\/jpeg\" \/>\n<meta name=\"author\" content=\"Ag\u00eancia iNFRA\" \/>\n<meta name=\"twitter:card\" content=\"summary_large_image\" \/>\n<meta name=\"twitter:creator\" content=\"@agencia_infra\" \/>\n<meta name=\"twitter:site\" content=\"@agencia_infra\" \/>\n<meta name=\"twitter:label1\" content=\"Escrito por\" \/>\n\t<meta name=\"twitter:data1\" content=\"Ag\u00eancia iNFRA\" \/>\n\t<meta name=\"twitter:label2\" content=\"Est. tempo de leitura\" \/>\n\t<meta name=\"twitter:data2\" content=\"6 minutos\" \/>\n<script type=\"application\/ld+json\" class=\"yoast-schema-graph\">{\"@context\":\"https:\/\/schema.org\",\"@graph\":[{\"@type\":\"Article\",\"@id\":\"https:\/\/agenciainfra.com\/blog\/edital-de-chamamento-da-ferrovia-minas-rio-deve-sair-ate-fim-do-ano-diz-ministerio\/#article\",\"isPartOf\":{\"@id\":\"https:\/\/agenciainfra.com\/blog\/edital-de-chamamento-da-ferrovia-minas-rio-deve-sair-ate-fim-do-ano-diz-ministerio\/\"},\"author\":{\"name\":\"Ag\u00eancia iNFRA\",\"@id\":\"https:\/\/agenciainfra.com\/blog\/#\/schema\/person\/34af08dff6adea4cb22b06612ba7acfa\"},\"headline\":\"Edital de chamamento da ferrovia Minas-Rio deve sair at\u00e9 fim do ano, diz minist\u00e9rio\",\"datePublished\":\"2025-04-22T11:00:00+00:00\",\"dateModified\":\"2025-04-23T14:23:11+00:00\",\"mainEntityOfPage\":{\"@id\":\"https:\/\/agenciainfra.com\/blog\/edital-de-chamamento-da-ferrovia-minas-rio-deve-sair-ate-fim-do-ano-diz-ministerio\/\"},\"wordCount\":1121,\"publisher\":{\"@id\":\"https:\/\/agenciainfra.com\/blog\/#organization\"},\"image\":{\"@id\":\"https:\/\/agenciainfra.com\/blog\/edital-de-chamamento-da-ferrovia-minas-rio-deve-sair-ate-fim-do-ano-diz-ministerio\/#primaryimage\"},\"thumbnailUrl\":\"https:\/\/agenciainfra.com\/blog\/wp-content\/uploads\/2020\/09\/trilho-ferroviario-foto-dominio-publico.jpg\",\"keywords\":[\"ativos ferrovi\u00e1rios\",\"chamamento ferrovi\u00e1rio\",\"chamamento p\u00fablico de ferrovias\",\"corredor minas-rio\",\"evento antt\",\"ferrovia minas-rio\",\"h\u00e9lio roberto sousa\",\"marco legal de ferrovias\",\"novos caminh\u00f5es ferrovi\u00e1rios\",\"Sheyla Santos\"],\"articleSection\":[\"Cabe\u00e7alho\",\"Geral\",\"iNFRATransporte\"],\"inLanguage\":\"pt-BR\",\"copyrightYear\":\"2025\",\"copyrightHolder\":{\"@id\":\"https:\/\/agenciainfra.com\/blog\/#organization\"}},{\"@type\":\"WebPage\",\"@id\":\"https:\/\/agenciainfra.com\/blog\/edital-de-chamamento-da-ferrovia-minas-rio-deve-sair-ate-fim-do-ano-diz-ministerio\/\",\"url\":\"https:\/\/agenciainfra.com\/blog\/edital-de-chamamento-da-ferrovia-minas-rio-deve-sair-ate-fim-do-ano-diz-ministerio\/\",\"name\":\"Edital de chamamento da ferrovia Minas-Rio deve sair at\u00e9 fim do ano, diz minist\u00e9rio - Ag\u00eancia iNFRA\",\"isPartOf\":{\"@id\":\"https:\/\/agenciainfra.com\/blog\/#website\"},\"primaryImageOfPage\":{\"@id\":\"https:\/\/agenciainfra.com\/blog\/edital-de-chamamento-da-ferrovia-minas-rio-deve-sair-ate-fim-do-ano-diz-ministerio\/#primaryimage\"},\"image\":{\"@id\":\"https:\/\/agenciainfra.com\/blog\/edital-de-chamamento-da-ferrovia-minas-rio-deve-sair-ate-fim-do-ano-diz-ministerio\/#primaryimage\"},\"thumbnailUrl\":\"https:\/\/agenciainfra.com\/blog\/wp-content\/uploads\/2020\/09\/trilho-ferroviario-foto-dominio-publico.jpg\",\"datePublished\":\"2025-04-22T11:00:00+00:00\",\"dateModified\":\"2025-04-23T14:23:11+00:00\",\"breadcrumb\":{\"@id\":\"https:\/\/agenciainfra.com\/blog\/edital-de-chamamento-da-ferrovia-minas-rio-deve-sair-ate-fim-do-ano-diz-ministerio\/#breadcrumb\"},\"inLanguage\":\"pt-BR\",\"potentialAction\":[{\"@type\":\"ReadAction\",\"target\":[\"https:\/\/agenciainfra.com\/blog\/edital-de-chamamento-da-ferrovia-minas-rio-deve-sair-ate-fim-do-ano-diz-ministerio\/\"]}]},{\"@type\":\"ImageObject\",\"inLanguage\":\"pt-BR\",\"@id\":\"https:\/\/agenciainfra.com\/blog\/edital-de-chamamento-da-ferrovia-minas-rio-deve-sair-ate-fim-do-ano-diz-ministerio\/#primaryimage\",\"url\":\"https:\/\/agenciainfra.com\/blog\/wp-content\/uploads\/2020\/09\/trilho-ferroviario-foto-dominio-publico.jpg\",\"contentUrl\":\"https:\/\/agenciainfra.com\/blog\/wp-content\/uploads\/2020\/09\/trilho-ferroviario-foto-dominio-publico.jpg\",\"width\":1280,\"height\":853,\"caption\":\"Foto: Dom\u00ednio p\u00fablico\"},{\"@type\":\"BreadcrumbList\",\"@id\":\"https:\/\/agenciainfra.com\/blog\/edital-de-chamamento-da-ferrovia-minas-rio-deve-sair-ate-fim-do-ano-diz-ministerio\/#breadcrumb\",\"itemListElement\":[{\"@type\":\"ListItem\",\"position\":1,\"name\":\"In\u00edcio\",\"item\":\"https:\/\/agenciainfra.com\/blog\/\"},{\"@type\":\"ListItem\",\"position\":2,\"name\":\"Edital de chamamento da ferrovia Minas-Rio deve sair at\u00e9 fim do ano, diz minist\u00e9rio\"}]},{\"@type\":\"WebSite\",\"@id\":\"https:\/\/agenciainfra.com\/blog\/#website\",\"url\":\"https:\/\/agenciainfra.com\/blog\/\",\"name\":\"Ag\u00eancia iNFRA\",\"description\":\"Multiplataforma de informa\u00e7\u00e3o jornal\u00edstica refer\u00eancia na \u00e1rea de infraestrutura no Brasil!\",\"publisher\":{\"@id\":\"https:\/\/agenciainfra.com\/blog\/#organization\"},\"potentialAction\":[{\"@type\":\"SearchAction\",\"target\":{\"@type\":\"EntryPoint\",\"urlTemplate\":\"https:\/\/agenciainfra.com\/blog\/?s={search_term_string}\"},\"query-input\":{\"@type\":\"PropertyValueSpecification\",\"valueRequired\":true,\"valueName\":\"search_term_string\"}}],\"inLanguage\":\"pt-BR\"},{\"@type\":\"Organization\",\"@id\":\"https:\/\/agenciainfra.com\/blog\/#organization\",\"name\":\"Ag\u00eancia iNFRA\",\"url\":\"https:\/\/agenciainfra.com\/blog\/\",\"logo\":{\"@type\":\"ImageObject\",\"inLanguage\":\"pt-BR\",\"@id\":\"https:\/\/agenciainfra.com\/blog\/#\/schema\/logo\/image\/\",\"url\":\"https:\/\/agenciainfra.com\/blog\/wp-content\/uploads\/2023\/09\/iNFRA_5-e1761735885940.png\",\"contentUrl\":\"https:\/\/agenciainfra.com\/blog\/wp-content\/uploads\/2023\/09\/iNFRA_5-e1761735885940.png\",\"width\":1672,\"height\":454,\"caption\":\"Ag\u00eancia iNFRA\"},\"image\":{\"@id\":\"https:\/\/agenciainfra.com\/blog\/#\/schema\/logo\/image\/\"},\"sameAs\":[\"https:\/\/www.facebook.com\/ageninfra\",\"https:\/\/x.com\/agencia_infra\",\"https:\/\/www.linkedin.com\/company\/ag\u00eanciainfra\/\",\"https:\/\/www.instagram.com\/agenciainfra\/\"]},{\"@type\":\"Person\",\"@id\":\"https:\/\/agenciainfra.com\/blog\/#\/schema\/person\/34af08dff6adea4cb22b06612ba7acfa\",\"name\":\"Ag\u00eancia iNFRA\",\"image\":{\"@type\":\"ImageObject\",\"inLanguage\":\"pt-BR\",\"@id\":\"https:\/\/agenciainfra.com\/blog\/#\/schema\/person\/image\/\",\"url\":\"https:\/\/secure.gravatar.com\/avatar\/d189e01678f06d8eb84d4e01f08eb848b3fffe3f8443818d3c356c66892f5be8?s=96&d=mm&r=g\",\"contentUrl\":\"https:\/\/secure.gravatar.com\/avatar\/d189e01678f06d8eb84d4e01f08eb848b3fffe3f8443818d3c356c66892f5be8?s=96&d=mm&r=g\",\"caption\":\"Ag\u00eancia iNFRA\"},\"url\":\"https:\/\/agenciainfra.com\/blog\/author\/admin\/\"}]}<\/script>\n<!-- \/ Yoast SEO Premium plugin. -->","yoast_head_json":{"title":"Edital de chamamento da ferrovia Minas-Rio deve sair at\u00e9 fim do ano, diz minist\u00e9rio - Ag\u00eancia iNFRA","robots":{"index":"index","follow":"follow","max-snippet":"max-snippet:-1","max-image-preview":"max-image-preview:large","max-video-preview":"max-video-preview:-1"},"canonical":"https:\/\/agenciainfra.com\/blog\/edital-de-chamamento-da-ferrovia-minas-rio-deve-sair-ate-fim-do-ano-diz-ministerio\/","og_locale":"pt_BR","og_type":"article","og_title":"Edital de chamamento da ferrovia Minas-Rio deve sair at\u00e9 fim do ano, diz minist\u00e9rio","og_description":"Sheyla Santos, da Ag\u00eancia iNFRA O diretor de outorgas ferrovi\u00e1rias do Minist\u00e9rio dos Transportes, H\u00e9lio Roberto Sousa, afirmou que o primeiro edital de chamamento p\u00fablico de ferrovias, para o trecho chamado de Minas-Rio, dever\u00e1 ser publicado at\u00e9 o fim deste ano. A informa\u00e7\u00e3o foi dada na \u00faltima ter\u00e7a-feira (15) no\u00a0evento \u201cNovos Caminhos Ferrovi\u00e1rios\u201d, realizado na [&hellip;]","og_url":"https:\/\/agenciainfra.com\/blog\/edital-de-chamamento-da-ferrovia-minas-rio-deve-sair-ate-fim-do-ano-diz-ministerio\/","og_site_name":"Ag\u00eancia iNFRA","article_publisher":"https:\/\/www.facebook.com\/ageninfra","article_published_time":"2025-04-22T11:00:00+00:00","article_modified_time":"2025-04-23T14:23:11+00:00","og_image":[{"width":1280,"height":853,"url":"https:\/\/agenciainfra.com\/blog\/wp-content\/uploads\/2020\/09\/trilho-ferroviario-foto-dominio-publico.jpg","type":"image\/jpeg"}],"author":"Ag\u00eancia iNFRA","twitter_card":"summary_large_image","twitter_creator":"@agencia_infra","twitter_site":"@agencia_infra","twitter_misc":{"Escrito por":"Ag\u00eancia iNFRA","Est. tempo de leitura":"6 minutos"},"schema":{"@context":"https:\/\/schema.org","@graph":[{"@type":"Article","@id":"https:\/\/agenciainfra.com\/blog\/edital-de-chamamento-da-ferrovia-minas-rio-deve-sair-ate-fim-do-ano-diz-ministerio\/#article","isPartOf":{"@id":"https:\/\/agenciainfra.com\/blog\/edital-de-chamamento-da-ferrovia-minas-rio-deve-sair-ate-fim-do-ano-diz-ministerio\/"},"author":{"name":"Ag\u00eancia iNFRA","@id":"https:\/\/agenciainfra.com\/blog\/#\/schema\/person\/34af08dff6adea4cb22b06612ba7acfa"},"headline":"Edital de chamamento da ferrovia Minas-Rio deve sair at\u00e9 fim do ano, diz minist\u00e9rio","datePublished":"2025-04-22T11:00:00+00:00","dateModified":"2025-04-23T14:23:11+00:00","mainEntityOfPage":{"@id":"https:\/\/agenciainfra.com\/blog\/edital-de-chamamento-da-ferrovia-minas-rio-deve-sair-ate-fim-do-ano-diz-ministerio\/"},"wordCount":1121,"publisher":{"@id":"https:\/\/agenciainfra.com\/blog\/#organization"},"image":{"@id":"https:\/\/agenciainfra.com\/blog\/edital-de-chamamento-da-ferrovia-minas-rio-deve-sair-ate-fim-do-ano-diz-ministerio\/#primaryimage"},"thumbnailUrl":"https:\/\/agenciainfra.com\/blog\/wp-content\/uploads\/2020\/09\/trilho-ferroviario-foto-dominio-publico.jpg","keywords":["ativos ferrovi\u00e1rios","chamamento ferrovi\u00e1rio","chamamento p\u00fablico de ferrovias","corredor minas-rio","evento antt","ferrovia minas-rio","h\u00e9lio roberto sousa","marco legal de ferrovias","novos caminh\u00f5es ferrovi\u00e1rios","Sheyla Santos"],"articleSection":["Cabe\u00e7alho","Geral","iNFRATransporte"],"inLanguage":"pt-BR","copyrightYear":"2025","copyrightHolder":{"@id":"https:\/\/agenciainfra.com\/blog\/#organization"}},{"@type":"WebPage","@id":"https:\/\/agenciainfra.com\/blog\/edital-de-chamamento-da-ferrovia-minas-rio-deve-sair-ate-fim-do-ano-diz-ministerio\/","url":"https:\/\/agenciainfra.com\/blog\/edital-de-chamamento-da-ferrovia-minas-rio-deve-sair-ate-fim-do-ano-diz-ministerio\/","name":"Edital de chamamento da ferrovia Minas-Rio deve sair at\u00e9 fim do ano, diz minist\u00e9rio - Ag\u00eancia iNFRA","isPartOf":{"@id":"https:\/\/agenciainfra.com\/blog\/#website"},"primaryImageOfPage":{"@id":"https:\/\/agenciainfra.com\/blog\/edital-de-chamamento-da-ferrovia-minas-rio-deve-sair-ate-fim-do-ano-diz-ministerio\/#primaryimage"},"image":{"@id":"https:\/\/agenciainfra.com\/blog\/edital-de-chamamento-da-ferrovia-minas-rio-deve-sair-ate-fim-do-ano-diz-ministerio\/#primaryimage"},"thumbnailUrl":"https:\/\/agenciainfra.com\/blog\/wp-content\/uploads\/2020\/09\/trilho-ferroviario-foto-dominio-publico.jpg","datePublished":"2025-04-22T11:00:00+00:00","dateModified":"2025-04-23T14:23:11+00:00","breadcrumb":{"@id":"https:\/\/agenciainfra.com\/blog\/edital-de-chamamento-da-ferrovia-minas-rio-deve-sair-ate-fim-do-ano-diz-ministerio\/#breadcrumb"},"inLanguage":"pt-BR","potentialAction":[{"@type":"ReadAction","target":["https:\/\/agenciainfra.com\/blog\/edital-de-chamamento-da-ferrovia-minas-rio-deve-sair-ate-fim-do-ano-diz-ministerio\/"]}]},{"@type":"ImageObject","inLanguage":"pt-BR","@id":"https:\/\/agenciainfra.com\/blog\/edital-de-chamamento-da-ferrovia-minas-rio-deve-sair-ate-fim-do-ano-diz-ministerio\/#primaryimage","url":"https:\/\/agenciainfra.com\/blog\/wp-content\/uploads\/2020\/09\/trilho-ferroviario-foto-dominio-publico.jpg","contentUrl":"https:\/\/agenciainfra.com\/blog\/wp-content\/uploads\/2020\/09\/trilho-ferroviario-foto-dominio-publico.jpg","width":1280,"height":853,"caption":"Foto: Dom\u00ednio p\u00fablico"},{"@type":"BreadcrumbList","@id":"https:\/\/agenciainfra.com\/blog\/edital-de-chamamento-da-ferrovia-minas-rio-deve-sair-ate-fim-do-ano-diz-ministerio\/#breadcrumb","itemListElement":[{"@type":"ListItem","position":1,"name":"In\u00edcio","item":"https:\/\/agenciainfra.com\/blog\/"},{"@type":"ListItem","position":2,"name":"Edital de chamamento da ferrovia Minas-Rio deve sair at\u00e9 fim do ano, diz minist\u00e9rio"}]},{"@type":"WebSite","@id":"https:\/\/agenciainfra.com\/blog\/#website","url":"https:\/\/agenciainfra.com\/blog\/","name":"Ag\u00eancia iNFRA","description":"Multiplataforma de informa\u00e7\u00e3o jornal\u00edstica refer\u00eancia na \u00e1rea de infraestrutura no Brasil!","publisher":{"@id":"https:\/\/agenciainfra.com\/blog\/#organization"},"potentialAction":[{"@type":"SearchAction","target":{"@type":"EntryPoint","urlTemplate":"https:\/\/agenciainfra.com\/blog\/?s={search_term_string}"},"query-input":{"@type":"PropertyValueSpecification","valueRequired":true,"valueName":"search_term_string"}}],"inLanguage":"pt-BR"},{"@type":"Organization","@id":"https:\/\/agenciainfra.com\/blog\/#organization","name":"Ag\u00eancia iNFRA","url":"https:\/\/agenciainfra.com\/blog\/","logo":{"@type":"ImageObject","inLanguage":"pt-BR","@id":"https:\/\/agenciainfra.com\/blog\/#\/schema\/logo\/image\/","url":"https:\/\/agenciainfra.com\/blog\/wp-content\/uploads\/2023\/09\/iNFRA_5-e1761735885940.png","contentUrl":"https:\/\/agenciainfra.com\/blog\/wp-content\/uploads\/2023\/09\/iNFRA_5-e1761735885940.png","width":1672,"height":454,"caption":"Ag\u00eancia iNFRA"},"image":{"@id":"https:\/\/agenciainfra.com\/blog\/#\/schema\/logo\/image\/"},"sameAs":["https:\/\/www.facebook.com\/ageninfra","https:\/\/x.com\/agencia_infra","https:\/\/www.linkedin.com\/company\/ag\u00eanciainfra\/","https:\/\/www.instagram.com\/agenciainfra\/"]},{"@type":"Person","@id":"https:\/\/agenciainfra.com\/blog\/#\/schema\/person\/34af08dff6adea4cb22b06612ba7acfa","name":"Ag\u00eancia iNFRA","image":{"@type":"ImageObject","inLanguage":"pt-BR","@id":"https:\/\/agenciainfra.com\/blog\/#\/schema\/person\/image\/","url":"https:\/\/secure.gravatar.com\/avatar\/d189e01678f06d8eb84d4e01f08eb848b3fffe3f8443818d3c356c66892f5be8?s=96&d=mm&r=g","contentUrl":"https:\/\/secure.gravatar.com\/avatar\/d189e01678f06d8eb84d4e01f08eb848b3fffe3f8443818d3c356c66892f5be8?s=96&d=mm&r=g","caption":"Ag\u00eancia iNFRA"},"url":"https:\/\/agenciainfra.com\/blog\/author\/admin\/"}]}},"_links":{"self":[{"href":"https:\/\/agenciainfra.com\/blog\/wp-json\/wp\/v2\/posts\/20980","targetHints":{"allow":["GET"]}}],"collection":[{"href":"https:\/\/agenciainfra.com\/blog\/wp-json\/wp\/v2\/posts"}],"about":[{"href":"https:\/\/agenciainfra.com\/blog\/wp-json\/wp\/v2\/types\/post"}],"author":[{"embeddable":true,"href":"https:\/\/agenciainfra.com\/blog\/wp-json\/wp\/v2\/users\/1"}],"replies":[{"embeddable":true,"href":"https:\/\/agenciainfra.com\/blog\/wp-json\/wp\/v2\/comments?post=20980"}],"version-history":[{"count":1,"href":"https:\/\/agenciainfra.com\/blog\/wp-json\/wp\/v2\/posts\/20980\/revisions"}],"predecessor-version":[{"id":20981,"href":"https:\/\/agenciainfra.com\/blog\/wp-json\/wp\/v2\/posts\/20980\/revisions\/20981"}],"wp:featuredmedia":[{"embeddable":true,"href":"https:\/\/agenciainfra.com\/blog\/wp-json\/wp\/v2\/media\/5797"}],"wp:attachment":[{"href":"https:\/\/agenciainfra.com\/blog\/wp-json\/wp\/v2\/media?parent=20980"}],"wp:term":[{"taxonomy":"category","embeddable":true,"href":"https:\/\/agenciainfra.com\/blog\/wp-json\/wp\/v2\/categories?post=20980"},{"taxonomy":"post_tag","embeddable":true,"href":"https:\/\/agenciainfra.com\/blog\/wp-json\/wp\/v2\/tags?post=20980"}],"curies":[{"name":"wp","href":"https:\/\/api.w.org\/{rel}","templated":true}]}}