{"id":20982,"date":"2025-04-22T10:00:00","date_gmt":"2025-04-22T13:00:00","guid":{"rendered":"https:\/\/agenciainfra.com\/blog\/?p=20982"},"modified":"2025-04-22T12:35:20","modified_gmt":"2025-04-22T15:35:20","slug":"mrs-chega-a-acordo-e-definicao-sobre-renovacao-da-fca-deve-ocorrer-nos-proximos-dias-diz-ministerio","status":"publish","type":"post","link":"https:\/\/agenciainfra.com\/blog\/mrs-chega-a-acordo-e-definicao-sobre-renovacao-da-fca-deve-ocorrer-nos-proximos-dias-diz-ministerio\/","title":{"rendered":"MRS chega a acordo e defini\u00e7\u00e3o sobre renova\u00e7\u00e3o da FCA deve ocorrer nos pr\u00f3ximos dias, diz minist\u00e9rio"},"content":{"rendered":"\n<p class=\"has-text-align-right\"><strong>da Ag\u00eancia iNFRA<\/strong><\/p>\n\n\n\n<p>O diretor de Outorgas da Secretaria Nacional de Transporte Ferrovi\u00e1rio do Minist\u00e9rio dos Transportes, H\u00e9lio Roberto Souza, afirmou durante o evento da ANTT sobre chamamento p\u00fablico que a pasta acredita que haver\u00e1 \u201cnos pr\u00f3ximos dias\u201d uma defini\u00e7\u00e3o para a malha da FCA (Ferrovia Centro-Atl\u00e2ntica).<br><br>H\u00e9lio se referia ao processo em curso de renova\u00e7\u00e3o da malha\u00a0que tramita h\u00e1 quase uma d\u00e9cada.\u00a0Segundo ele, o procedimento poder\u00e1 caminhar para dois cen\u00e1rios \u2013 uma renova\u00e7\u00e3o da concess\u00e3o ou uma nova licita\u00e7\u00e3o. Conforme mostrou reportagem da\u00a0<strong>Ag\u00eancia iNFRA<\/strong>\u00a0do in\u00edcio de fevereiro, a\u00a0<a href=\"https:\/\/agenciainfra.us14.list-manage.com\/track\/click?u=d460dd1bcf9ba0ae040e1fc0f&amp;id=04659b1808&amp;e=1192c754bc\" target=\"_blank\" rel=\"noreferrer noopener\">proposta<\/a>\u00a0que estava apresentada desagradava a maior parte do governo, mas houve mudan\u00e7as por parte da empresa e as chances de uma renova\u00e7\u00e3o, que at\u00e9 ent\u00e3o eram baixas,\u00a0aumentaram.\u00a0\u00a0<br><br>A renova\u00e7\u00e3o da FCA tinha estimativa de\u00a0que pudesse render na faixa dos\u00a0R$ 5 bilh\u00f5es em novos investimentos fora da malha, seja em outorgas a serem pagas ou indeniza\u00e7\u00f5es por trechos que seriam devolvidos. A negocia\u00e7\u00e3o \u00e9 uma das mais aguardadas pela pasta para dar tra\u00e7\u00e3o ao lan\u00e7amento do Plano Nacional de Ferrovias, que depende desses recursos para garantir os aportes necess\u00e1rios aos projetos que est\u00e3o para ser anunciados. Negocia\u00e7\u00f5es com a Vale, MRS e Rumo tamb\u00e9m complementam o projeto.<br><br>Nesta semana, houve um acordo no \u00e2mbito da negocia\u00e7\u00e3o da SecexConsenso (Secretaria de Solu\u00e7\u00e3o Consensual e Preven\u00e7\u00e3o de Conflitos) do TCU (Tribunal de Contas da Uni\u00e3o) para a repactua\u00e7\u00e3o do contrato de concess\u00e3o ferrovi\u00e1ria da MRS. O acordo prev\u00ea que a empresa pague novos valores pela outorga da renova\u00e7\u00e3o antecipada do contrato, na faixa dos R$ 2,5 bilh\u00f5es. Parte das obriga\u00e7\u00f5es da empresa ser\u00e1 revista.<br><br>A negocia\u00e7\u00e3o, segundo fontes ouvidas pela\u00a0<strong>Ag\u00eancia iNFRA<\/strong>, foi complexa especialmente pela forma como o Minist\u00e9rio dos Transportes desejava usar os recursos da repactua\u00e7\u00e3o. Foram impostas regras para que\u00a0o desejo do governo de aportar os recursos na concess\u00e3o da EF-118, chamado\u00a0Corredor Ferrovi\u00e1rio do Sudeste, ligando Rio de Janeiro e Esp\u00edrito Santo, seja\u00a0feito\u00a0de maneira a n\u00e3o permitir que o dinheiro\u00a0possa ser utilizado em outras finalidades.<br><br>Nesta quinta-feira (24), come\u00e7a a mesa de solu\u00e7\u00e3o consensual das ferrovias da Vale que foram renovadas em 2021, a EFC (Estrada de Ferro dos Caraj\u00e1s) e EFVM (Estrada de Ferro de Vit\u00f3ria a Minas). A empresa adiantou ao governo no ano passado R$ 4 bilh\u00f5es para iniciar as negocia\u00e7\u00f5es, que devem estar encerradas at\u00e9 o fim do ano sob pena de devolu\u00e7\u00e3o dos recursos \u00e0 empresa por parte da Uni\u00e3o.\u00a0O prazo para o fechamento do acordo \u00e9 de 90 dias, prorrog\u00e1veis por mais 30 dias.<\/p>\n","protected":false},"excerpt":{"rendered":"<p>da Ag\u00eancia iNFRA O diretor de Outorgas da Secretaria Nacional de Transporte Ferrovi\u00e1rio do Minist\u00e9rio dos Transportes, H\u00e9lio Roberto Souza, afirmou durante o evento da ANTT sobre chamamento p\u00fablico que a pasta acredita que haver\u00e1 \u201cnos pr\u00f3ximos dias\u201d uma defini\u00e7\u00e3o para a malha da FCA (Ferrovia Centro-Atl\u00e2ntica). H\u00e9lio se referia ao processo em curso de [&hellip;]<\/p>\n","protected":false},"author":1,"featured_media":0,"comment_status":"closed","ping_status":"closed","sticky":false,"template":"","format":"standard","meta":{"_monsterinsights_skip_tracking":false,"_monsterinsights_sitenote_active":false,"_monsterinsights_sitenote_note":"","_monsterinsights_sitenote_category":0,"footnotes":""},"categories":[7250,1,7],"tags":[13107,3351,229,228,255,446,79,754,13106,13098,270,81,8829,8831,80,7218,6379,1033,83,82],"class_list":["post-20982","post","type-post","status-publish","format-standard","hentry","category-destaque-lista","category-geral","category-infratransporte","tag-corredor-ferroviario-do-sudeste","tag-ef-118","tag-efc","tag-efvm","tag-evtea","tag-fca","tag-ferrovia","tag-ferrovia-centro-atlantica","tag-ferrovias-da-vale","tag-helio-roberto-sousa","tag-malha-ferroviaria","tag-mrs","tag-renovacao-da-fca","tag-renovacao-de-ferrovia","tag-rumo","tag-secexconsenso","tag-solucao-consensual","tag-transporte-ferroviario","tag-vale","tag-vli"],"yoast_head":"<!-- This site is optimized with the Yoast SEO Premium plugin v25.4 (Yoast SEO v26.0) - https:\/\/yoast.com\/wordpress\/plugins\/seo\/ -->\n<title>MRS chega a acordo e defini\u00e7\u00e3o sobre renova\u00e7\u00e3o da FCA deve ocorrer nos pr\u00f3ximos dias, diz minist\u00e9rio - Ag\u00eancia iNFRA<\/title>\n<meta name=\"robots\" content=\"index, follow, max-snippet:-1, max-image-preview:large, max-video-preview:-1\" \/>\n<link rel=\"canonical\" href=\"https:\/\/agenciainfra.com\/blog\/mrs-chega-a-acordo-e-definicao-sobre-renovacao-da-fca-deve-ocorrer-nos-proximos-dias-diz-ministerio\/\" \/>\n<meta property=\"og:locale\" content=\"pt_BR\" \/>\n<meta property=\"og:type\" content=\"article\" \/>\n<meta property=\"og:title\" content=\"MRS chega a acordo e defini\u00e7\u00e3o sobre renova\u00e7\u00e3o da FCA deve ocorrer nos pr\u00f3ximos dias, diz minist\u00e9rio\" \/>\n<meta property=\"og:description\" content=\"da Ag\u00eancia iNFRA O diretor de Outorgas da Secretaria Nacional de Transporte Ferrovi\u00e1rio do Minist\u00e9rio dos Transportes, H\u00e9lio Roberto Souza, afirmou durante o evento da ANTT sobre chamamento p\u00fablico que a pasta acredita que haver\u00e1 \u201cnos pr\u00f3ximos dias\u201d uma defini\u00e7\u00e3o para a malha da FCA (Ferrovia Centro-Atl\u00e2ntica). H\u00e9lio se referia ao processo em curso de [&hellip;]\" \/>\n<meta property=\"og:url\" content=\"https:\/\/agenciainfra.com\/blog\/mrs-chega-a-acordo-e-definicao-sobre-renovacao-da-fca-deve-ocorrer-nos-proximos-dias-diz-ministerio\/\" \/>\n<meta property=\"og:site_name\" content=\"Ag\u00eancia iNFRA\" \/>\n<meta property=\"article:publisher\" content=\"https:\/\/www.facebook.com\/ageninfra\" \/>\n<meta property=\"article:published_time\" content=\"2025-04-22T13:00:00+00:00\" \/>\n<meta property=\"article:modified_time\" content=\"2025-04-22T15:35:20+00:00\" \/>\n<meta property=\"og:image\" content=\"https:\/\/agenciainfra.com\/blog\/wp-content\/uploads\/2024\/08\/FCA-foto-Gustavo-Andrade-VLI-1024x683-1.jpg\" \/>\n\t<meta property=\"og:image:width\" content=\"1024\" \/>\n\t<meta property=\"og:image:height\" content=\"683\" \/>\n\t<meta property=\"og:image:type\" content=\"image\/jpeg\" \/>\n<meta name=\"author\" content=\"Ag\u00eancia iNFRA\" \/>\n<meta name=\"twitter:card\" content=\"summary_large_image\" \/>\n<meta name=\"twitter:creator\" content=\"@agencia_infra\" \/>\n<meta name=\"twitter:site\" content=\"@agencia_infra\" \/>\n<meta name=\"twitter:label1\" content=\"Escrito por\" \/>\n\t<meta name=\"twitter:data1\" content=\"Ag\u00eancia iNFRA\" \/>\n\t<meta name=\"twitter:label2\" content=\"Est. tempo de leitura\" \/>\n\t<meta name=\"twitter:data2\" content=\"2 minutos\" \/>\n<script type=\"application\/ld+json\" class=\"yoast-schema-graph\">{\"@context\":\"https:\/\/schema.org\",\"@graph\":[{\"@type\":\"Article\",\"@id\":\"https:\/\/agenciainfra.com\/blog\/mrs-chega-a-acordo-e-definicao-sobre-renovacao-da-fca-deve-ocorrer-nos-proximos-dias-diz-ministerio\/#article\",\"isPartOf\":{\"@id\":\"https:\/\/agenciainfra.com\/blog\/mrs-chega-a-acordo-e-definicao-sobre-renovacao-da-fca-deve-ocorrer-nos-proximos-dias-diz-ministerio\/\"},\"author\":{\"name\":\"Ag\u00eancia iNFRA\",\"@id\":\"https:\/\/agenciainfra.com\/blog\/#\/schema\/person\/34af08dff6adea4cb22b06612ba7acfa\"},\"headline\":\"MRS chega a acordo e defini\u00e7\u00e3o sobre renova\u00e7\u00e3o da FCA deve ocorrer nos pr\u00f3ximos dias, diz minist\u00e9rio\",\"datePublished\":\"2025-04-22T13:00:00+00:00\",\"dateModified\":\"2025-04-22T15:35:20+00:00\",\"mainEntityOfPage\":{\"@id\":\"https:\/\/agenciainfra.com\/blog\/mrs-chega-a-acordo-e-definicao-sobre-renovacao-da-fca-deve-ocorrer-nos-proximos-dias-diz-ministerio\/\"},\"wordCount\":490,\"publisher\":{\"@id\":\"https:\/\/agenciainfra.com\/blog\/#organization\"},\"keywords\":[\"corredor ferrovi\u00e1rio do sudeste\",\"EF-118\",\"EFC\",\"EFVM\",\"EVTEA\",\"FCA\",\"Ferrovia\",\"Ferrovia Centro-Atl\u00e2ntica\",\"ferrovias da vale\",\"h\u00e9lio roberto sousa\",\"malha ferrovi\u00e1ria\",\"MRS\",\"Renova\u00e7\u00e3o da FCA\",\"renova\u00e7\u00e3o de ferrovia\",\"Rumo\",\"SecexConsenso\",\"solu\u00e7\u00e3o consensual\",\"transporte ferrovi\u00e1rio\",\"Vale\",\"VLI\"],\"articleSection\":[\"Destaque lista\",\"Geral\",\"iNFRATransporte\"],\"inLanguage\":\"pt-BR\",\"copyrightYear\":\"2025\",\"copyrightHolder\":{\"@id\":\"https:\/\/agenciainfra.com\/blog\/#organization\"}},{\"@type\":\"WebPage\",\"@id\":\"https:\/\/agenciainfra.com\/blog\/mrs-chega-a-acordo-e-definicao-sobre-renovacao-da-fca-deve-ocorrer-nos-proximos-dias-diz-ministerio\/\",\"url\":\"https:\/\/agenciainfra.com\/blog\/mrs-chega-a-acordo-e-definicao-sobre-renovacao-da-fca-deve-ocorrer-nos-proximos-dias-diz-ministerio\/\",\"name\":\"MRS chega a acordo e defini\u00e7\u00e3o sobre renova\u00e7\u00e3o da FCA deve ocorrer nos pr\u00f3ximos dias, diz minist\u00e9rio - Ag\u00eancia iNFRA\",\"isPartOf\":{\"@id\":\"https:\/\/agenciainfra.com\/blog\/#website\"},\"datePublished\":\"2025-04-22T13:00:00+00:00\",\"dateModified\":\"2025-04-22T15:35:20+00:00\",\"breadcrumb\":{\"@id\":\"https:\/\/agenciainfra.com\/blog\/mrs-chega-a-acordo-e-definicao-sobre-renovacao-da-fca-deve-ocorrer-nos-proximos-dias-diz-ministerio\/#breadcrumb\"},\"inLanguage\":\"pt-BR\",\"potentialAction\":[{\"@type\":\"ReadAction\",\"target\":[\"https:\/\/agenciainfra.com\/blog\/mrs-chega-a-acordo-e-definicao-sobre-renovacao-da-fca-deve-ocorrer-nos-proximos-dias-diz-ministerio\/\"]}]},{\"@type\":\"BreadcrumbList\",\"@id\":\"https:\/\/agenciainfra.com\/blog\/mrs-chega-a-acordo-e-definicao-sobre-renovacao-da-fca-deve-ocorrer-nos-proximos-dias-diz-ministerio\/#breadcrumb\",\"itemListElement\":[{\"@type\":\"ListItem\",\"position\":1,\"name\":\"In\u00edcio\",\"item\":\"https:\/\/agenciainfra.com\/blog\/\"},{\"@type\":\"ListItem\",\"position\":2,\"name\":\"MRS chega a acordo e defini\u00e7\u00e3o sobre renova\u00e7\u00e3o da FCA deve ocorrer nos pr\u00f3ximos dias, diz minist\u00e9rio\"}]},{\"@type\":\"WebSite\",\"@id\":\"https:\/\/agenciainfra.com\/blog\/#website\",\"url\":\"https:\/\/agenciainfra.com\/blog\/\",\"name\":\"Ag\u00eancia iNFRA\",\"description\":\"Multiplataforma de informa\u00e7\u00e3o jornal\u00edstica refer\u00eancia na \u00e1rea de infraestrutura no Brasil!\",\"publisher\":{\"@id\":\"https:\/\/agenciainfra.com\/blog\/#organization\"},\"potentialAction\":[{\"@type\":\"SearchAction\",\"target\":{\"@type\":\"EntryPoint\",\"urlTemplate\":\"https:\/\/agenciainfra.com\/blog\/?s={search_term_string}\"},\"query-input\":{\"@type\":\"PropertyValueSpecification\",\"valueRequired\":true,\"valueName\":\"search_term_string\"}}],\"inLanguage\":\"pt-BR\"},{\"@type\":\"Organization\",\"@id\":\"https:\/\/agenciainfra.com\/blog\/#organization\",\"name\":\"Ag\u00eancia iNFRA\",\"url\":\"https:\/\/agenciainfra.com\/blog\/\",\"logo\":{\"@type\":\"ImageObject\",\"inLanguage\":\"pt-BR\",\"@id\":\"https:\/\/agenciainfra.com\/blog\/#\/schema\/logo\/image\/\",\"url\":\"https:\/\/agenciainfra.com\/blog\/wp-content\/uploads\/2023\/09\/iNFRA_5-e1761735885940.png\",\"contentUrl\":\"https:\/\/agenciainfra.com\/blog\/wp-content\/uploads\/2023\/09\/iNFRA_5-e1761735885940.png\",\"width\":1672,\"height\":454,\"caption\":\"Ag\u00eancia iNFRA\"},\"image\":{\"@id\":\"https:\/\/agenciainfra.com\/blog\/#\/schema\/logo\/image\/\"},\"sameAs\":[\"https:\/\/www.facebook.com\/ageninfra\",\"https:\/\/x.com\/agencia_infra\",\"https:\/\/www.linkedin.com\/company\/ag\u00eanciainfra\/\",\"https:\/\/www.instagram.com\/agenciainfra\/\"]},{\"@type\":\"Person\",\"@id\":\"https:\/\/agenciainfra.com\/blog\/#\/schema\/person\/34af08dff6adea4cb22b06612ba7acfa\",\"name\":\"Ag\u00eancia iNFRA\",\"image\":{\"@type\":\"ImageObject\",\"inLanguage\":\"pt-BR\",\"@id\":\"https:\/\/agenciainfra.com\/blog\/#\/schema\/person\/image\/\",\"url\":\"https:\/\/secure.gravatar.com\/avatar\/d189e01678f06d8eb84d4e01f08eb848b3fffe3f8443818d3c356c66892f5be8?s=96&d=mm&r=g\",\"contentUrl\":\"https:\/\/secure.gravatar.com\/avatar\/d189e01678f06d8eb84d4e01f08eb848b3fffe3f8443818d3c356c66892f5be8?s=96&d=mm&r=g\",\"caption\":\"Ag\u00eancia iNFRA\"},\"url\":\"https:\/\/agenciainfra.com\/blog\/author\/admin\/\"}]}<\/script>\n<!-- \/ Yoast SEO Premium plugin. -->","yoast_head_json":{"title":"MRS chega a acordo e defini\u00e7\u00e3o sobre renova\u00e7\u00e3o da FCA deve ocorrer nos pr\u00f3ximos dias, diz minist\u00e9rio - Ag\u00eancia iNFRA","robots":{"index":"index","follow":"follow","max-snippet":"max-snippet:-1","max-image-preview":"max-image-preview:large","max-video-preview":"max-video-preview:-1"},"canonical":"https:\/\/agenciainfra.com\/blog\/mrs-chega-a-acordo-e-definicao-sobre-renovacao-da-fca-deve-ocorrer-nos-proximos-dias-diz-ministerio\/","og_locale":"pt_BR","og_type":"article","og_title":"MRS chega a acordo e defini\u00e7\u00e3o sobre renova\u00e7\u00e3o da FCA deve ocorrer nos pr\u00f3ximos dias, diz minist\u00e9rio","og_description":"da Ag\u00eancia iNFRA O diretor de Outorgas da Secretaria Nacional de Transporte Ferrovi\u00e1rio do Minist\u00e9rio dos Transportes, H\u00e9lio Roberto Souza, afirmou durante o evento da ANTT sobre chamamento p\u00fablico que a pasta acredita que haver\u00e1 \u201cnos pr\u00f3ximos dias\u201d uma defini\u00e7\u00e3o para a malha da FCA (Ferrovia Centro-Atl\u00e2ntica). H\u00e9lio se referia ao processo em curso de [&hellip;]","og_url":"https:\/\/agenciainfra.com\/blog\/mrs-chega-a-acordo-e-definicao-sobre-renovacao-da-fca-deve-ocorrer-nos-proximos-dias-diz-ministerio\/","og_site_name":"Ag\u00eancia iNFRA","article_publisher":"https:\/\/www.facebook.com\/ageninfra","article_published_time":"2025-04-22T13:00:00+00:00","article_modified_time":"2025-04-22T15:35:20+00:00","og_image":[{"width":1024,"height":683,"url":"https:\/\/agenciainfra.com\/blog\/wp-content\/uploads\/2024\/08\/FCA-foto-Gustavo-Andrade-VLI-1024x683-1.jpg","type":"image\/jpeg"}],"author":"Ag\u00eancia iNFRA","twitter_card":"summary_large_image","twitter_creator":"@agencia_infra","twitter_site":"@agencia_infra","twitter_misc":{"Escrito por":"Ag\u00eancia iNFRA","Est. tempo de leitura":"2 minutos"},"schema":{"@context":"https:\/\/schema.org","@graph":[{"@type":"Article","@id":"https:\/\/agenciainfra.com\/blog\/mrs-chega-a-acordo-e-definicao-sobre-renovacao-da-fca-deve-ocorrer-nos-proximos-dias-diz-ministerio\/#article","isPartOf":{"@id":"https:\/\/agenciainfra.com\/blog\/mrs-chega-a-acordo-e-definicao-sobre-renovacao-da-fca-deve-ocorrer-nos-proximos-dias-diz-ministerio\/"},"author":{"name":"Ag\u00eancia iNFRA","@id":"https:\/\/agenciainfra.com\/blog\/#\/schema\/person\/34af08dff6adea4cb22b06612ba7acfa"},"headline":"MRS chega a acordo e defini\u00e7\u00e3o sobre renova\u00e7\u00e3o da FCA deve ocorrer nos pr\u00f3ximos dias, diz minist\u00e9rio","datePublished":"2025-04-22T13:00:00+00:00","dateModified":"2025-04-22T15:35:20+00:00","mainEntityOfPage":{"@id":"https:\/\/agenciainfra.com\/blog\/mrs-chega-a-acordo-e-definicao-sobre-renovacao-da-fca-deve-ocorrer-nos-proximos-dias-diz-ministerio\/"},"wordCount":490,"publisher":{"@id":"https:\/\/agenciainfra.com\/blog\/#organization"},"keywords":["corredor ferrovi\u00e1rio do sudeste","EF-118","EFC","EFVM","EVTEA","FCA","Ferrovia","Ferrovia Centro-Atl\u00e2ntica","ferrovias da vale","h\u00e9lio roberto sousa","malha ferrovi\u00e1ria","MRS","Renova\u00e7\u00e3o da FCA","renova\u00e7\u00e3o de ferrovia","Rumo","SecexConsenso","solu\u00e7\u00e3o consensual","transporte ferrovi\u00e1rio","Vale","VLI"],"articleSection":["Destaque lista","Geral","iNFRATransporte"],"inLanguage":"pt-BR","copyrightYear":"2025","copyrightHolder":{"@id":"https:\/\/agenciainfra.com\/blog\/#organization"}},{"@type":"WebPage","@id":"https:\/\/agenciainfra.com\/blog\/mrs-chega-a-acordo-e-definicao-sobre-renovacao-da-fca-deve-ocorrer-nos-proximos-dias-diz-ministerio\/","url":"https:\/\/agenciainfra.com\/blog\/mrs-chega-a-acordo-e-definicao-sobre-renovacao-da-fca-deve-ocorrer-nos-proximos-dias-diz-ministerio\/","name":"MRS chega a acordo e defini\u00e7\u00e3o sobre renova\u00e7\u00e3o da FCA deve ocorrer nos pr\u00f3ximos dias, diz minist\u00e9rio - Ag\u00eancia iNFRA","isPartOf":{"@id":"https:\/\/agenciainfra.com\/blog\/#website"},"datePublished":"2025-04-22T13:00:00+00:00","dateModified":"2025-04-22T15:35:20+00:00","breadcrumb":{"@id":"https:\/\/agenciainfra.com\/blog\/mrs-chega-a-acordo-e-definicao-sobre-renovacao-da-fca-deve-ocorrer-nos-proximos-dias-diz-ministerio\/#breadcrumb"},"inLanguage":"pt-BR","potentialAction":[{"@type":"ReadAction","target":["https:\/\/agenciainfra.com\/blog\/mrs-chega-a-acordo-e-definicao-sobre-renovacao-da-fca-deve-ocorrer-nos-proximos-dias-diz-ministerio\/"]}]},{"@type":"BreadcrumbList","@id":"https:\/\/agenciainfra.com\/blog\/mrs-chega-a-acordo-e-definicao-sobre-renovacao-da-fca-deve-ocorrer-nos-proximos-dias-diz-ministerio\/#breadcrumb","itemListElement":[{"@type":"ListItem","position":1,"name":"In\u00edcio","item":"https:\/\/agenciainfra.com\/blog\/"},{"@type":"ListItem","position":2,"name":"MRS chega a acordo e defini\u00e7\u00e3o sobre renova\u00e7\u00e3o da FCA deve ocorrer nos pr\u00f3ximos dias, diz minist\u00e9rio"}]},{"@type":"WebSite","@id":"https:\/\/agenciainfra.com\/blog\/#website","url":"https:\/\/agenciainfra.com\/blog\/","name":"Ag\u00eancia iNFRA","description":"Multiplataforma de informa\u00e7\u00e3o jornal\u00edstica refer\u00eancia na \u00e1rea de infraestrutura no Brasil!","publisher":{"@id":"https:\/\/agenciainfra.com\/blog\/#organization"},"potentialAction":[{"@type":"SearchAction","target":{"@type":"EntryPoint","urlTemplate":"https:\/\/agenciainfra.com\/blog\/?s={search_term_string}"},"query-input":{"@type":"PropertyValueSpecification","valueRequired":true,"valueName":"search_term_string"}}],"inLanguage":"pt-BR"},{"@type":"Organization","@id":"https:\/\/agenciainfra.com\/blog\/#organization","name":"Ag\u00eancia iNFRA","url":"https:\/\/agenciainfra.com\/blog\/","logo":{"@type":"ImageObject","inLanguage":"pt-BR","@id":"https:\/\/agenciainfra.com\/blog\/#\/schema\/logo\/image\/","url":"https:\/\/agenciainfra.com\/blog\/wp-content\/uploads\/2023\/09\/iNFRA_5-e1761735885940.png","contentUrl":"https:\/\/agenciainfra.com\/blog\/wp-content\/uploads\/2023\/09\/iNFRA_5-e1761735885940.png","width":1672,"height":454,"caption":"Ag\u00eancia iNFRA"},"image":{"@id":"https:\/\/agenciainfra.com\/blog\/#\/schema\/logo\/image\/"},"sameAs":["https:\/\/www.facebook.com\/ageninfra","https:\/\/x.com\/agencia_infra","https:\/\/www.linkedin.com\/company\/ag\u00eanciainfra\/","https:\/\/www.instagram.com\/agenciainfra\/"]},{"@type":"Person","@id":"https:\/\/agenciainfra.com\/blog\/#\/schema\/person\/34af08dff6adea4cb22b06612ba7acfa","name":"Ag\u00eancia iNFRA","image":{"@type":"ImageObject","inLanguage":"pt-BR","@id":"https:\/\/agenciainfra.com\/blog\/#\/schema\/person\/image\/","url":"https:\/\/secure.gravatar.com\/avatar\/d189e01678f06d8eb84d4e01f08eb848b3fffe3f8443818d3c356c66892f5be8?s=96&d=mm&r=g","contentUrl":"https:\/\/secure.gravatar.com\/avatar\/d189e01678f06d8eb84d4e01f08eb848b3fffe3f8443818d3c356c66892f5be8?s=96&d=mm&r=g","caption":"Ag\u00eancia iNFRA"},"url":"https:\/\/agenciainfra.com\/blog\/author\/admin\/"}]}},"_links":{"self":[{"href":"https:\/\/agenciainfra.com\/blog\/wp-json\/wp\/v2\/posts\/20982","targetHints":{"allow":["GET"]}}],"collection":[{"href":"https:\/\/agenciainfra.com\/blog\/wp-json\/wp\/v2\/posts"}],"about":[{"href":"https:\/\/agenciainfra.com\/blog\/wp-json\/wp\/v2\/types\/post"}],"author":[{"embeddable":true,"href":"https:\/\/agenciainfra.com\/blog\/wp-json\/wp\/v2\/users\/1"}],"replies":[{"embeddable":true,"href":"https:\/\/agenciainfra.com\/blog\/wp-json\/wp\/v2\/comments?post=20982"}],"version-history":[{"count":1,"href":"https:\/\/agenciainfra.com\/blog\/wp-json\/wp\/v2\/posts\/20982\/revisions"}],"predecessor-version":[{"id":20983,"href":"https:\/\/agenciainfra.com\/blog\/wp-json\/wp\/v2\/posts\/20982\/revisions\/20983"}],"wp:attachment":[{"href":"https:\/\/agenciainfra.com\/blog\/wp-json\/wp\/v2\/media?parent=20982"}],"wp:term":[{"taxonomy":"category","embeddable":true,"href":"https:\/\/agenciainfra.com\/blog\/wp-json\/wp\/v2\/categories?post=20982"},{"taxonomy":"post_tag","embeddable":true,"href":"https:\/\/agenciainfra.com\/blog\/wp-json\/wp\/v2\/tags?post=20982"}],"curies":[{"name":"wp","href":"https:\/\/api.w.org\/{rel}","templated":true}]}}