{"id":20993,"date":"2025-04-17T13:00:00","date_gmt":"2025-04-17T16:00:00","guid":{"rendered":"https:\/\/agenciainfra.com\/blog\/?p=20993"},"modified":"2025-04-22T06:17:11","modified_gmt":"2025-04-22T09:17:11","slug":"arnaldo-jardim-defende-contratos-vivo-de-parceria-e-diz-nao-ter-compromisso-com-o-erro","status":"publish","type":"post","link":"https:\/\/agenciainfra.com\/blog\/arnaldo-jardim-defende-contratos-vivo-de-parceria-e-diz-nao-ter-compromisso-com-o-erro\/","title":{"rendered":"Arnaldo Jardim defende &#8220;contratos vivo&#8221; de parceria e diz n\u00e3o ter compromisso com o erro"},"content":{"rendered":"\n<p class=\"has-text-align-right\"><strong>da Ag\u00eancia iNFRA<\/strong><\/p>\n\n\n\n<p>O deputado federal Arnaldo Jardim afirmou, na \u00faltima ter\u00e7a-feira (15), durante o painel de abertura do evento \u201cFuturo das Concess\u00f5es e PPPs\u201d, que \u201cprecisamos de contratos vivos, com normas\u00a0e determinados pilares, mas que tenham a capacidade de aprender com a evolu\u00e7\u00e3o\u201d. Para isso, citou alguns destaques que devem ser modificados nas leis de concess\u00f5es e PPPs.<\/p>\n\n\n\n<p>Um dos principais dispositivos que est\u00e1 em discuss\u00e3o para ser inclu\u00eddo na proposta \u00e9 o contrato por ades\u00e3o, que permitir\u00e1 que, ap\u00f3s uma licita\u00e7\u00e3o feita, outros entes possam aderir ao edital com as mesmas condi\u00e7\u00f5es. Esse dispositivo tem sido o principal ponto de diverg\u00eancia da proposta, admitiu o deputado.<br><br>A ideia \u00e9 permitir que, para determinados tipos de parceria, uma concess\u00e3o possa ser utilizada por outras cidades. Os defensores da proposta indicam que isso pode acelerar PPPs em cidades de pequeno e m\u00e9dio porte, que t\u00eam baixa capacidade para estruturar projetos. Os opositores alegam riscos para a execu\u00e7\u00e3o contratual.<br><br>Sobre o assunto, Jardim explicou que a ideia inicial era simplificar as concess\u00f5es padr\u00e3o nos \u00e2mbitos federal, estadual e municipal. Em ocasi\u00e3o das cr\u00edticas,\u00a0afirmou que \u201cainda estamos nos debru\u00e7ando em pr\u00f3s e contras disso. O esfor\u00e7o de simplificar e desburocratizar \u00e9 permanente, e acho que esse instituto pode a ele servir. Mas se ele depois [vier a] ter deturpa\u00e7\u00f5es, n\u00f3s precisamos, na lei, preveni-la ou, se dif\u00edcil, prevenir, podemos rever isso. Eu n\u00e3o tenho compromisso com o erro\u201d.<br><br>Estabelecer prazos e condicionantes para fazer o reequil\u00edbrio econ\u00f4mico-financeiro dos contratos tamb\u00e9m foi pontuado como necess\u00e1rio pelo deputado. Ele afirmou que dialogou com o TCU (Tribunal de Contas da Uni\u00e3o) sobre esse assunto e que h\u00e1 compreens\u00e3o dos \u00f3rg\u00e3os de controle sobre a necessidade de definir marcos para essa ferramenta, evitando que ela\u00a0seja usada\u00a0de forma postergat\u00f3ria.<\/p>\n\n\n\n<figure class=\"wp-block-image alignright is-resized\"><img fetchpriority=\"high\" decoding=\"async\" width=\"2000\" height=\"1333\" src=\"https:\/\/agenciainfra.com\/blog\/wp-content\/uploads\/2025\/04\/image-1.jpeg\" alt=\"\" class=\"wp-image-20996\" style=\"width:299px;height:auto\" srcset=\"https:\/\/agenciainfra.com\/blog\/wp-content\/uploads\/2025\/04\/image-1.jpeg 2000w, https:\/\/agenciainfra.com\/blog\/wp-content\/uploads\/2025\/04\/image-1-300x200.jpeg 300w, https:\/\/agenciainfra.com\/blog\/wp-content\/uploads\/2025\/04\/image-1-1024x682.jpeg 1024w, https:\/\/agenciainfra.com\/blog\/wp-content\/uploads\/2025\/04\/image-1-768x512.jpeg 768w, https:\/\/agenciainfra.com\/blog\/wp-content\/uploads\/2025\/04\/image-1-1536x1024.jpeg 1536w\" sizes=\"(max-width: 2000px) 100vw, 2000px\" \/><\/figure>\n\n\n\n<p>A recupera\u00e7\u00e3o judicial das concession\u00e1rias tamb\u00e9m foi destacada. A proposi\u00e7\u00e3o veda essa pr\u00e1tica, com o intuito de impedir que empresas detentoras de concess\u00f5es usem esse instrumento em situa\u00e7\u00f5es de dificuldades financeiras. Nesse ponto, o deputado acredita que \u00e9 preciso flexibiliza\u00e7\u00e3o em alguns aspectos para que o poder concedente possa intervir em caso de necessidade, tenha condicionantes definidas para saber como fazer isso e uma premissa de tempo estabelecida.<br><br>Outros dispositivos mencionados foram a defini\u00e7\u00e3o de v\u00ednculos claros de aportes financeiros, em se tratando da possibilidade de aplica\u00e7\u00e3o de recursos p\u00fablicos em concess\u00f5es comuns, e o estabelecimento de&nbsp;contas vinculadas para aumentar o leque de garantias para as PPPs.<br><br>Jardim tamb\u00e9m mencionou a aprova\u00e7\u00e3o do&nbsp;<a href=\"https:\/\/agenciainfra.us14.list-manage.com\/track\/click?u=d460dd1bcf9ba0ae040e1fc0f&amp;id=e7fc1a4b27&amp;e=55b7a27fc9\" target=\"_blank\" rel=\"noreferrer noopener\">PL 2.159\/2021<\/a>, que trata do licenciamento ambiental no Brasil. \u201cO nosso projeto disso n\u00e3o pode tratar, mas n\u00f3s vamos dar um passo no projeto [de licenciamento ambiental]. Espero ter a acolhida na C\u00e2mara, para retirar aquilo que \u00e9 a vincula\u00e7\u00e3o de responsabilidade culposa aos nossos analistas ambientais, o que tem sido um est\u00edmulo ao chamado apag\u00e3o das canetas\u201d, assinalou. Sua participa\u00e7\u00e3o no painel de abertura pode ser conferida&nbsp;<a href=\"https:\/\/agenciainfra.us14.list-manage.com\/track\/click?u=d460dd1bcf9ba0ae040e1fc0f&amp;id=96bb4ff4d1&amp;e=55b7a27fc9\" target=\"_blank\" rel=\"noreferrer noopener\">neste link<\/a>.<\/p>\n\n\n\n<p><strong>Senador diz que, com concess\u00e3o, ponte n\u00e3o teria ca\u00eddo<\/strong><\/p>\n\n\n\n<figure class=\"wp-block-image alignright is-resized\"><img decoding=\"async\" width=\"2000\" height=\"1333\" src=\"https:\/\/agenciainfra.com\/blog\/wp-content\/uploads\/2025\/04\/image.jpeg\" alt=\"\" class=\"wp-image-20995\" style=\"width:322px;height:auto\" srcset=\"https:\/\/agenciainfra.com\/blog\/wp-content\/uploads\/2025\/04\/image.jpeg 2000w, https:\/\/agenciainfra.com\/blog\/wp-content\/uploads\/2025\/04\/image-300x200.jpeg 300w, https:\/\/agenciainfra.com\/blog\/wp-content\/uploads\/2025\/04\/image-1024x682.jpeg 1024w, https:\/\/agenciainfra.com\/blog\/wp-content\/uploads\/2025\/04\/image-768x512.jpeg 768w, https:\/\/agenciainfra.com\/blog\/wp-content\/uploads\/2025\/04\/image-1536x1024.jpeg 1536w\" sizes=\"(max-width: 2000px) 100vw, 2000px\" \/><\/figure>\n\n\n\n<p>O vice-presidente do Senado, senador Eduardo Gomes, afirmou que a Casa&nbsp;est\u00e1 preparada para discutir o novo projeto da Lei de Concess\u00f5es e PPPs, e que deve ser feito um esfor\u00e7o m\u00fatuo para permitir o aperfei\u00e7oamento da mat\u00e9ria.<br><br>Essa din\u00e2mica \u00e9 necess\u00e1ria, segundo o senador, porque um projeto de concess\u00e3o pode perdurar por volta de oito mandatos presidenciais e que uma estrutura\u00e7\u00e3o mal feita ou um normativo que n\u00e3o estimule o investimento pode resultar em trag\u00e9dias. Ele deu como exemplo a queda da ponte Juscelino Kubitschek de Oliveira, que liga os estados do Tocantins e do Maranh\u00e3o, em janeiro deste ano, que estava com uma estrutura prec\u00e1ria.<br><br>\u201cToda uma economia fragmentada em uma art\u00e9ria importante para o transporte do pa\u00eds, que juntava v\u00e1rias regi\u00f5es, encontra-se agora interrompida. Eu tenho certeza de que se tiv\u00e9ssemos ali uma PPP ou um investimento pontual (&#8230;) n\u00f3s n\u00e3o ter\u00edamos essa trag\u00e9dia\u201d, destacou o senador, cuja fala est\u00e1 dispon\u00edvel no&nbsp;<a href=\"https:\/\/agenciainfra.us14.list-manage.com\/track\/click?u=d460dd1bcf9ba0ae040e1fc0f&amp;id=1ec85a2b30&amp;e=55b7a27fc9\" target=\"_blank\" rel=\"noreferrer noopener\">link<\/a>.<br><br>Gomes tamb\u00e9m&nbsp;mencionou a urg\u00eancia de se desenvolver, no Congresso Nacional, um modelo&nbsp;de acompanhamento m\u00fatuo de projetos, no que ele classificou de \u201cintelig\u00eancia legislativa\u201d. \u201cN\u00f3s n\u00e3o fazemos o dever de casa quanto \u00e0 intelig\u00eancia legislativa, mas n\u00e3o podemos mais passar por um processo que 10, 15, 20 projetos concorrem entre si para n\u00e3o resolver coisa nenhuma. (&#8230;) Precisamos, na C\u00e2mara e no Senado, de um processo de acompanhamento m\u00fatuo, e&nbsp;vou sugerir isso para o presidente Davi Alcolumbre\u201d, afirmou o senador.<br><br><strong>Ministro pede discuss\u00e3o sobre seguros<\/strong><\/p>\n\n\n\n<figure class=\"wp-block-image alignleft is-resized\"><img decoding=\"async\" width=\"2000\" height=\"1333\" src=\"https:\/\/agenciainfra.com\/blog\/wp-content\/uploads\/2025\/04\/image-3.jpeg\" alt=\"\" class=\"wp-image-20998\" style=\"width:297px;height:auto\" srcset=\"https:\/\/agenciainfra.com\/blog\/wp-content\/uploads\/2025\/04\/image-3.jpeg 2000w, https:\/\/agenciainfra.com\/blog\/wp-content\/uploads\/2025\/04\/image-3-300x200.jpeg 300w, https:\/\/agenciainfra.com\/blog\/wp-content\/uploads\/2025\/04\/image-3-1024x682.jpeg 1024w, https:\/\/agenciainfra.com\/blog\/wp-content\/uploads\/2025\/04\/image-3-768x512.jpeg 768w, https:\/\/agenciainfra.com\/blog\/wp-content\/uploads\/2025\/04\/image-3-1536x1024.jpeg 1536w\" sizes=\"(max-width: 2000px) 100vw, 2000px\" \/><\/figure>\n\n\n\n<p>Fechando o painel de&nbsp;abertura, o ministro de Portos e Aeroportos, Silvio Costa Filho, destacou que o PL 7.063\/2017 est\u00e1 em discuss\u00e3o desde 2017 e que o pa\u00eds poderia ter tido mais investimentos internacionais, se a nova regra j\u00e1 estivesse aprovada. Ele destacou ainda que, com a aprova\u00e7\u00e3o desse normativo, ser\u00e1 poss\u00edvel dar previsibilidade para o investimento no Brasil nos pr\u00f3ximos anos e pontuou que esse atraso na revis\u00e3o da&nbsp;lei&nbsp;de concess\u00f5es e PPPs se deu pelo empenho em outras pautas.<br><br>\u201cA cr\u00edtica ao Congresso Nacional \u00e9 permanente, mas para fazer justi\u00e7a ao Legislativo, n\u00f3s tivemos avan\u00e7os significativos nos \u00faltimos 10 anos, com a aprova\u00e7\u00e3o das reformas trabalhistas e da previd\u00eancia, da autonomia do Banco Central, do marco legal do saneamento&nbsp;e outros\u201d, destacou o ministro, cuja apresenta\u00e7\u00e3o pode ser vista&nbsp;<a href=\"https:\/\/agenciainfra.us14.list-manage.com\/track\/click?u=d460dd1bcf9ba0ae040e1fc0f&amp;id=79e8131f98&amp;e=55b7a27fc9\" target=\"_blank\" rel=\"noreferrer noopener\">neste link<\/a>.<br><br>Outro tema apontado por Silvio Costa Filho foi a necessidade de se discutir os seguros das concess\u00f5es, principalmente em um contexto de desastres ambientais, como o que ocorreu no ano passado, no Rio Grande do Sul. O ministro afirmou que os seguros de muitos projetos n\u00e3o foram feitos com planejamento estrat\u00e9gico e \u00e9 preciso olhar para isso na proposta.<br><br>Al\u00e9m disso, afirmou que \u00e9 preciso dar seguran\u00e7a para que o servidor p\u00fablico fa\u00e7a o pr\u00f3prio trabalho sem medo de ser penalizado pelo TCU (Tribunal de Contas da Uni\u00e3o), e incluir temas da agenda ambiental no PL 7.063\/2017, desburocratizando a concess\u00e3o de licen\u00e7as ambientais. Para esse \u00faltimo t\u00f3pico, o ministro deu o exemplo do derrocamento do Pedral do Louren\u00e7o, uma obra que espera h\u00e1 d\u00e9cadas pelo licenciamento ambiental para ser iniciada.<br><br>Em 2022, o Ibama (Instituto Brasileiro do Meio Ambiente e dos Recursos Naturais Renov\u00e1veis) chegou a dar a licen\u00e7a pr\u00e9via para a obra, com diversas exig\u00eancias a serem cumpridas antes da licen\u00e7a de instala\u00e7\u00e3o. No ano passado, com o atendimento de algumas dessas determina\u00e7\u00f5es, o Ibama sinalizou que a licen\u00e7a definitiva para a obra seria concedida, o que ainda n\u00e3o aconteceu. Sem a retirada dessa \u00e1rea de pedras no Rio Tocantins, o local fica inaveg\u00e1vel durante os seis meses de seca do ano.<br><br><strong>Pa\u00eds precisa de investimentos, diz CEO da Via Appia<\/strong><\/p>\n\n\n\n<figure class=\"wp-block-image alignleft is-resized\"><img loading=\"lazy\" decoding=\"async\" width=\"2000\" height=\"1333\" src=\"https:\/\/agenciainfra.com\/blog\/wp-content\/uploads\/2025\/04\/image-2.jpeg\" alt=\"\" class=\"wp-image-20997\" style=\"width:287px;height:auto\" srcset=\"https:\/\/agenciainfra.com\/blog\/wp-content\/uploads\/2025\/04\/image-2.jpeg 2000w, https:\/\/agenciainfra.com\/blog\/wp-content\/uploads\/2025\/04\/image-2-300x200.jpeg 300w, https:\/\/agenciainfra.com\/blog\/wp-content\/uploads\/2025\/04\/image-2-1024x682.jpeg 1024w, https:\/\/agenciainfra.com\/blog\/wp-content\/uploads\/2025\/04\/image-2-768x512.jpeg 768w, https:\/\/agenciainfra.com\/blog\/wp-content\/uploads\/2025\/04\/image-2-1536x1024.jpeg 1536w\" sizes=\"(max-width: 2000px) 100vw, 2000px\" \/><\/figure>\n\n\n\n<p>O encontro, organizado pela&nbsp;<strong>Ag\u00eancia iNFRA<\/strong>, foi patrocinado pela Via Appia Concess\u00f5es, concession\u00e1ria de rodovias com atua\u00e7\u00e3o nos estados de S\u00e3o Paulo e Minas Gerais, e co-organizado pelo escrit\u00f3rio Queiroz Maluf Reis Sociedade de Advogados.<br><br>O CEO da Via Appia, Brendon Ramos, lembrou, em sua participa\u00e7\u00e3o na abertura, que o pa\u00eds tem necessidade de investimentos em infraestrutura e que um marco novo, que consiga atrair investidores, \u00e9 o que o Brasil precisa. \u201cO evento \u00e9 o futuro das concess\u00f5es e PPPs, mas podemos ler como futuro da infraestrutura, do desenvolvimento econ\u00f4mico, dos nossos filhos e dos nossos netos\u201d. Confira&nbsp;<a href=\"https:\/\/agenciainfra.us14.list-manage.com\/track\/click?u=d460dd1bcf9ba0ae040e1fc0f&amp;id=f68fcaa980&amp;e=55b7a27fc9\" target=\"_blank\" rel=\"noreferrer noopener\">neste link<\/a>.<br><br>A s\u00f3cia-fundadora do Queiroz Maluf Reis Sociedade de Advogados, Leticia Queiroz,&nbsp;lembrou que, ao longo dos 30 anos da lei de concess\u00f5es, estima-se que o pa\u00eds teve R$ 5 trilh\u00f5es em investimentos privados para desenvolvimento da infraestrutura nacional. \u201cAs concess\u00f5es s\u00e3o uma pol\u00edtica de Estado\u201d, lembrou a advogada, indicando que a realidade mudou, o que leva \u00e0 necessidade de moderniza\u00e7\u00e3o do marco. Veja a fala de Leticia&nbsp;<a href=\"https:\/\/agenciainfra.us14.list-manage.com\/track\/click?u=d460dd1bcf9ba0ae040e1fc0f&amp;id=6c8b77deea&amp;e=55b7a27fc9\">neste link<\/a>.<\/p>\n","protected":false},"excerpt":{"rendered":"<p>da Ag\u00eancia iNFRA O deputado federal Arnaldo Jardim afirmou, na \u00faltima ter\u00e7a-feira (15), durante o painel de abertura do evento \u201cFuturo das Concess\u00f5es e PPPs\u201d, que \u201cprecisamos de contratos vivos, com normas\u00a0e determinados pilares, mas que tenham a capacidade de aprender com a evolu\u00e7\u00e3o\u201d. Para isso, citou alguns destaques que devem ser modificados nas leis [&hellip;]<\/p>\n","protected":false},"author":1,"featured_media":20994,"comment_status":"closed","ping_status":"closed","sticky":false,"template":"","format":"standard","meta":{"_monsterinsights_skip_tracking":false,"_monsterinsights_sitenote_active":false,"_monsterinsights_sitenote_note":"","_monsterinsights_sitenote_category":0,"footnotes":""},"categories":[7250,1,2053],"tags":[220,888,13117,78,11651,12705,12939,12938,11904,4479,13017,1315,1693,406,12967,13115,12966],"class_list":["post-20993","post","type-post","status-publish","format-standard","has-post-thumbnail","hentry","category-destaque-lista","category-geral","category-infraliveventos","tag-agencia-infra","tag-arnaldo-jardim","tag-brendon-ramos-2","tag-concessoes","tag-concessoes-e-ppps","tag-deputado-arnaldo-jardim","tag-eventos-agencia-infra","tag-futuro-das-concessoes-e-ppps","tag-infralive-e-eventos","tag-leticia-queiroz","tag-ministro-silvio-costa-filho","tag-parcerias-publico-privadas","tag-pl-7-063-2017","tag-ppps","tag-queiroz-maluf-reis-sociedade-de-advogados","tag-senador-eduardo-gomes","tag-via-appia-concessoes"],"yoast_head":"<!-- This site is optimized with the Yoast SEO Premium plugin v25.4 (Yoast SEO v26.0) - https:\/\/yoast.com\/wordpress\/plugins\/seo\/ -->\n<title>Arnaldo Jardim defende &quot;contratos vivo&quot; de parceria e diz n\u00e3o ter compromisso com o erro - Ag\u00eancia iNFRA<\/title>\n<meta name=\"robots\" content=\"index, follow, max-snippet:-1, max-image-preview:large, max-video-preview:-1\" \/>\n<link rel=\"canonical\" href=\"https:\/\/agenciainfra.com\/blog\/arnaldo-jardim-defende-contratos-vivo-de-parceria-e-diz-nao-ter-compromisso-com-o-erro\/\" \/>\n<meta property=\"og:locale\" content=\"pt_BR\" \/>\n<meta property=\"og:type\" content=\"article\" \/>\n<meta property=\"og:title\" content=\"Arnaldo Jardim defende &quot;contratos vivo&quot; de parceria e diz n\u00e3o ter compromisso com o erro\" \/>\n<meta property=\"og:description\" content=\"da Ag\u00eancia iNFRA O deputado federal Arnaldo Jardim afirmou, na \u00faltima ter\u00e7a-feira (15), durante o painel de abertura do evento \u201cFuturo das Concess\u00f5es e PPPs\u201d, que \u201cprecisamos de contratos vivos, com normas\u00a0e determinados pilares, mas que tenham a capacidade de aprender com a evolu\u00e7\u00e3o\u201d. Para isso, citou alguns destaques que devem ser modificados nas leis [&hellip;]\" \/>\n<meta property=\"og:url\" content=\"https:\/\/agenciainfra.com\/blog\/arnaldo-jardim-defende-contratos-vivo-de-parceria-e-diz-nao-ter-compromisso-com-o-erro\/\" \/>\n<meta property=\"og:site_name\" content=\"Ag\u00eancia iNFRA\" \/>\n<meta property=\"article:publisher\" content=\"https:\/\/www.facebook.com\/ageninfra\" \/>\n<meta property=\"article:published_time\" content=\"2025-04-17T16:00:00+00:00\" \/>\n<meta property=\"article:modified_time\" content=\"2025-04-22T09:17:11+00:00\" \/>\n<meta property=\"og:image\" content=\"https:\/\/agenciainfra.com\/blog\/wp-content\/uploads\/2025\/04\/arnaldo-jardim-foto-percio-campos-agencia-infra-e1744905318998.jpg\" \/>\n\t<meta property=\"og:image:width\" content=\"1208\" \/>\n\t<meta property=\"og:image:height\" content=\"805\" \/>\n\t<meta property=\"og:image:type\" content=\"image\/jpeg\" \/>\n<meta name=\"author\" content=\"Ag\u00eancia iNFRA\" \/>\n<meta name=\"twitter:card\" content=\"summary_large_image\" \/>\n<meta name=\"twitter:creator\" content=\"@agencia_infra\" \/>\n<meta name=\"twitter:site\" content=\"@agencia_infra\" \/>\n<meta name=\"twitter:label1\" content=\"Escrito por\" \/>\n\t<meta name=\"twitter:data1\" content=\"Ag\u00eancia iNFRA\" \/>\n\t<meta name=\"twitter:label2\" content=\"Est. tempo de leitura\" \/>\n\t<meta name=\"twitter:data2\" content=\"7 minutos\" \/>\n<script type=\"application\/ld+json\" class=\"yoast-schema-graph\">{\"@context\":\"https:\/\/schema.org\",\"@graph\":[{\"@type\":\"Article\",\"@id\":\"https:\/\/agenciainfra.com\/blog\/arnaldo-jardim-defende-contratos-vivo-de-parceria-e-diz-nao-ter-compromisso-com-o-erro\/#article\",\"isPartOf\":{\"@id\":\"https:\/\/agenciainfra.com\/blog\/arnaldo-jardim-defende-contratos-vivo-de-parceria-e-diz-nao-ter-compromisso-com-o-erro\/\"},\"author\":{\"name\":\"Ag\u00eancia iNFRA\",\"@id\":\"https:\/\/agenciainfra.com\/blog\/#\/schema\/person\/34af08dff6adea4cb22b06612ba7acfa\"},\"headline\":\"Arnaldo Jardim defende &#8220;contratos vivo&#8221; de parceria e diz n\u00e3o ter compromisso com o erro\",\"datePublished\":\"2025-04-17T16:00:00+00:00\",\"dateModified\":\"2025-04-22T09:17:11+00:00\",\"mainEntityOfPage\":{\"@id\":\"https:\/\/agenciainfra.com\/blog\/arnaldo-jardim-defende-contratos-vivo-de-parceria-e-diz-nao-ter-compromisso-com-o-erro\/\"},\"wordCount\":1416,\"publisher\":{\"@id\":\"https:\/\/agenciainfra.com\/blog\/#organization\"},\"image\":{\"@id\":\"https:\/\/agenciainfra.com\/blog\/arnaldo-jardim-defende-contratos-vivo-de-parceria-e-diz-nao-ter-compromisso-com-o-erro\/#primaryimage\"},\"thumbnailUrl\":\"https:\/\/agenciainfra.com\/blog\/wp-content\/uploads\/2025\/04\/arnaldo-jardim-foto-percio-campos-agencia-infra-e1744905318998.jpg\",\"keywords\":[\"Ag\u00eancia iNFRA\",\"Arnaldo Jardim\",\"brendon ramos\",\"concess\u00f5es\",\"concess\u00f5es e ppps\",\"deputado arnaldo jardim\",\"eventos ag\u00eancia infra\",\"futuro das concess\u00f5es e ppps\",\"infralive e eventos\",\"Let\u00edcia Queiroz\",\"ministro Silvio Costa Filho\",\"parcerias p\u00fablico-privadas\",\"PL 7.063\/2017\",\"PPPs\",\"Queiroz Maluf Reis Sociedade de Advogados\",\"senador eduardo gomes\",\"Via Appia Concess\u00f5es\"],\"articleSection\":[\"Destaque lista\",\"Geral\",\"iNFRALive e Eventos\"],\"inLanguage\":\"pt-BR\",\"copyrightYear\":\"2025\",\"copyrightHolder\":{\"@id\":\"https:\/\/agenciainfra.com\/blog\/#organization\"}},{\"@type\":\"WebPage\",\"@id\":\"https:\/\/agenciainfra.com\/blog\/arnaldo-jardim-defende-contratos-vivo-de-parceria-e-diz-nao-ter-compromisso-com-o-erro\/\",\"url\":\"https:\/\/agenciainfra.com\/blog\/arnaldo-jardim-defende-contratos-vivo-de-parceria-e-diz-nao-ter-compromisso-com-o-erro\/\",\"name\":\"Arnaldo Jardim defende \\\"contratos vivo\\\" de parceria e diz n\u00e3o ter compromisso com o erro - Ag\u00eancia iNFRA\",\"isPartOf\":{\"@id\":\"https:\/\/agenciainfra.com\/blog\/#website\"},\"primaryImageOfPage\":{\"@id\":\"https:\/\/agenciainfra.com\/blog\/arnaldo-jardim-defende-contratos-vivo-de-parceria-e-diz-nao-ter-compromisso-com-o-erro\/#primaryimage\"},\"image\":{\"@id\":\"https:\/\/agenciainfra.com\/blog\/arnaldo-jardim-defende-contratos-vivo-de-parceria-e-diz-nao-ter-compromisso-com-o-erro\/#primaryimage\"},\"thumbnailUrl\":\"https:\/\/agenciainfra.com\/blog\/wp-content\/uploads\/2025\/04\/arnaldo-jardim-foto-percio-campos-agencia-infra-e1744905318998.jpg\",\"datePublished\":\"2025-04-17T16:00:00+00:00\",\"dateModified\":\"2025-04-22T09:17:11+00:00\",\"breadcrumb\":{\"@id\":\"https:\/\/agenciainfra.com\/blog\/arnaldo-jardim-defende-contratos-vivo-de-parceria-e-diz-nao-ter-compromisso-com-o-erro\/#breadcrumb\"},\"inLanguage\":\"pt-BR\",\"potentialAction\":[{\"@type\":\"ReadAction\",\"target\":[\"https:\/\/agenciainfra.com\/blog\/arnaldo-jardim-defende-contratos-vivo-de-parceria-e-diz-nao-ter-compromisso-com-o-erro\/\"]}]},{\"@type\":\"ImageObject\",\"inLanguage\":\"pt-BR\",\"@id\":\"https:\/\/agenciainfra.com\/blog\/arnaldo-jardim-defende-contratos-vivo-de-parceria-e-diz-nao-ter-compromisso-com-o-erro\/#primaryimage\",\"url\":\"https:\/\/agenciainfra.com\/blog\/wp-content\/uploads\/2025\/04\/arnaldo-jardim-foto-percio-campos-agencia-infra-e1744905318998.jpg\",\"contentUrl\":\"https:\/\/agenciainfra.com\/blog\/wp-content\/uploads\/2025\/04\/arnaldo-jardim-foto-percio-campos-agencia-infra-e1744905318998.jpg\",\"width\":1208,\"height\":805},{\"@type\":\"BreadcrumbList\",\"@id\":\"https:\/\/agenciainfra.com\/blog\/arnaldo-jardim-defende-contratos-vivo-de-parceria-e-diz-nao-ter-compromisso-com-o-erro\/#breadcrumb\",\"itemListElement\":[{\"@type\":\"ListItem\",\"position\":1,\"name\":\"In\u00edcio\",\"item\":\"https:\/\/agenciainfra.com\/blog\/\"},{\"@type\":\"ListItem\",\"position\":2,\"name\":\"Arnaldo Jardim defende &#8220;contratos vivo&#8221; de parceria e diz n\u00e3o ter compromisso com o erro\"}]},{\"@type\":\"WebSite\",\"@id\":\"https:\/\/agenciainfra.com\/blog\/#website\",\"url\":\"https:\/\/agenciainfra.com\/blog\/\",\"name\":\"Ag\u00eancia iNFRA\",\"description\":\"Multiplataforma de informa\u00e7\u00e3o jornal\u00edstica refer\u00eancia na \u00e1rea de infraestrutura no Brasil!\",\"publisher\":{\"@id\":\"https:\/\/agenciainfra.com\/blog\/#organization\"},\"potentialAction\":[{\"@type\":\"SearchAction\",\"target\":{\"@type\":\"EntryPoint\",\"urlTemplate\":\"https:\/\/agenciainfra.com\/blog\/?s={search_term_string}\"},\"query-input\":{\"@type\":\"PropertyValueSpecification\",\"valueRequired\":true,\"valueName\":\"search_term_string\"}}],\"inLanguage\":\"pt-BR\"},{\"@type\":\"Organization\",\"@id\":\"https:\/\/agenciainfra.com\/blog\/#organization\",\"name\":\"Ag\u00eancia iNFRA\",\"url\":\"https:\/\/agenciainfra.com\/blog\/\",\"logo\":{\"@type\":\"ImageObject\",\"inLanguage\":\"pt-BR\",\"@id\":\"https:\/\/agenciainfra.com\/blog\/#\/schema\/logo\/image\/\",\"url\":\"https:\/\/agenciainfra.com\/blog\/wp-content\/uploads\/2023\/09\/iNFRA_5-e1761735885940.png\",\"contentUrl\":\"https:\/\/agenciainfra.com\/blog\/wp-content\/uploads\/2023\/09\/iNFRA_5-e1761735885940.png\",\"width\":1672,\"height\":454,\"caption\":\"Ag\u00eancia iNFRA\"},\"image\":{\"@id\":\"https:\/\/agenciainfra.com\/blog\/#\/schema\/logo\/image\/\"},\"sameAs\":[\"https:\/\/www.facebook.com\/ageninfra\",\"https:\/\/x.com\/agencia_infra\",\"https:\/\/www.linkedin.com\/company\/ag\u00eanciainfra\/\",\"https:\/\/www.instagram.com\/agenciainfra\/\"]},{\"@type\":\"Person\",\"@id\":\"https:\/\/agenciainfra.com\/blog\/#\/schema\/person\/34af08dff6adea4cb22b06612ba7acfa\",\"name\":\"Ag\u00eancia iNFRA\",\"image\":{\"@type\":\"ImageObject\",\"inLanguage\":\"pt-BR\",\"@id\":\"https:\/\/agenciainfra.com\/blog\/#\/schema\/person\/image\/\",\"url\":\"https:\/\/secure.gravatar.com\/avatar\/d189e01678f06d8eb84d4e01f08eb848b3fffe3f8443818d3c356c66892f5be8?s=96&d=mm&r=g\",\"contentUrl\":\"https:\/\/secure.gravatar.com\/avatar\/d189e01678f06d8eb84d4e01f08eb848b3fffe3f8443818d3c356c66892f5be8?s=96&d=mm&r=g\",\"caption\":\"Ag\u00eancia iNFRA\"},\"url\":\"https:\/\/agenciainfra.com\/blog\/author\/admin\/\"}]}<\/script>\n<!-- \/ Yoast SEO Premium plugin. -->","yoast_head_json":{"title":"Arnaldo Jardim defende \"contratos vivo\" de parceria e diz n\u00e3o ter compromisso com o erro - Ag\u00eancia iNFRA","robots":{"index":"index","follow":"follow","max-snippet":"max-snippet:-1","max-image-preview":"max-image-preview:large","max-video-preview":"max-video-preview:-1"},"canonical":"https:\/\/agenciainfra.com\/blog\/arnaldo-jardim-defende-contratos-vivo-de-parceria-e-diz-nao-ter-compromisso-com-o-erro\/","og_locale":"pt_BR","og_type":"article","og_title":"Arnaldo Jardim defende \"contratos vivo\" de parceria e diz n\u00e3o ter compromisso com o erro","og_description":"da Ag\u00eancia iNFRA O deputado federal Arnaldo Jardim afirmou, na \u00faltima ter\u00e7a-feira (15), durante o painel de abertura do evento \u201cFuturo das Concess\u00f5es e PPPs\u201d, que \u201cprecisamos de contratos vivos, com normas\u00a0e determinados pilares, mas que tenham a capacidade de aprender com a evolu\u00e7\u00e3o\u201d. Para isso, citou alguns destaques que devem ser modificados nas leis [&hellip;]","og_url":"https:\/\/agenciainfra.com\/blog\/arnaldo-jardim-defende-contratos-vivo-de-parceria-e-diz-nao-ter-compromisso-com-o-erro\/","og_site_name":"Ag\u00eancia iNFRA","article_publisher":"https:\/\/www.facebook.com\/ageninfra","article_published_time":"2025-04-17T16:00:00+00:00","article_modified_time":"2025-04-22T09:17:11+00:00","og_image":[{"width":1208,"height":805,"url":"https:\/\/agenciainfra.com\/blog\/wp-content\/uploads\/2025\/04\/arnaldo-jardim-foto-percio-campos-agencia-infra-e1744905318998.jpg","type":"image\/jpeg"}],"author":"Ag\u00eancia iNFRA","twitter_card":"summary_large_image","twitter_creator":"@agencia_infra","twitter_site":"@agencia_infra","twitter_misc":{"Escrito por":"Ag\u00eancia iNFRA","Est. tempo de leitura":"7 minutos"},"schema":{"@context":"https:\/\/schema.org","@graph":[{"@type":"Article","@id":"https:\/\/agenciainfra.com\/blog\/arnaldo-jardim-defende-contratos-vivo-de-parceria-e-diz-nao-ter-compromisso-com-o-erro\/#article","isPartOf":{"@id":"https:\/\/agenciainfra.com\/blog\/arnaldo-jardim-defende-contratos-vivo-de-parceria-e-diz-nao-ter-compromisso-com-o-erro\/"},"author":{"name":"Ag\u00eancia iNFRA","@id":"https:\/\/agenciainfra.com\/blog\/#\/schema\/person\/34af08dff6adea4cb22b06612ba7acfa"},"headline":"Arnaldo Jardim defende &#8220;contratos vivo&#8221; de parceria e diz n\u00e3o ter compromisso com o erro","datePublished":"2025-04-17T16:00:00+00:00","dateModified":"2025-04-22T09:17:11+00:00","mainEntityOfPage":{"@id":"https:\/\/agenciainfra.com\/blog\/arnaldo-jardim-defende-contratos-vivo-de-parceria-e-diz-nao-ter-compromisso-com-o-erro\/"},"wordCount":1416,"publisher":{"@id":"https:\/\/agenciainfra.com\/blog\/#organization"},"image":{"@id":"https:\/\/agenciainfra.com\/blog\/arnaldo-jardim-defende-contratos-vivo-de-parceria-e-diz-nao-ter-compromisso-com-o-erro\/#primaryimage"},"thumbnailUrl":"https:\/\/agenciainfra.com\/blog\/wp-content\/uploads\/2025\/04\/arnaldo-jardim-foto-percio-campos-agencia-infra-e1744905318998.jpg","keywords":["Ag\u00eancia iNFRA","Arnaldo Jardim","brendon ramos","concess\u00f5es","concess\u00f5es e ppps","deputado arnaldo jardim","eventos ag\u00eancia infra","futuro das concess\u00f5es e ppps","infralive e eventos","Let\u00edcia Queiroz","ministro Silvio Costa Filho","parcerias p\u00fablico-privadas","PL 7.063\/2017","PPPs","Queiroz Maluf Reis Sociedade de Advogados","senador eduardo gomes","Via Appia Concess\u00f5es"],"articleSection":["Destaque lista","Geral","iNFRALive e Eventos"],"inLanguage":"pt-BR","copyrightYear":"2025","copyrightHolder":{"@id":"https:\/\/agenciainfra.com\/blog\/#organization"}},{"@type":"WebPage","@id":"https:\/\/agenciainfra.com\/blog\/arnaldo-jardim-defende-contratos-vivo-de-parceria-e-diz-nao-ter-compromisso-com-o-erro\/","url":"https:\/\/agenciainfra.com\/blog\/arnaldo-jardim-defende-contratos-vivo-de-parceria-e-diz-nao-ter-compromisso-com-o-erro\/","name":"Arnaldo Jardim defende \"contratos vivo\" de parceria e diz n\u00e3o ter compromisso com o erro - Ag\u00eancia iNFRA","isPartOf":{"@id":"https:\/\/agenciainfra.com\/blog\/#website"},"primaryImageOfPage":{"@id":"https:\/\/agenciainfra.com\/blog\/arnaldo-jardim-defende-contratos-vivo-de-parceria-e-diz-nao-ter-compromisso-com-o-erro\/#primaryimage"},"image":{"@id":"https:\/\/agenciainfra.com\/blog\/arnaldo-jardim-defende-contratos-vivo-de-parceria-e-diz-nao-ter-compromisso-com-o-erro\/#primaryimage"},"thumbnailUrl":"https:\/\/agenciainfra.com\/blog\/wp-content\/uploads\/2025\/04\/arnaldo-jardim-foto-percio-campos-agencia-infra-e1744905318998.jpg","datePublished":"2025-04-17T16:00:00+00:00","dateModified":"2025-04-22T09:17:11+00:00","breadcrumb":{"@id":"https:\/\/agenciainfra.com\/blog\/arnaldo-jardim-defende-contratos-vivo-de-parceria-e-diz-nao-ter-compromisso-com-o-erro\/#breadcrumb"},"inLanguage":"pt-BR","potentialAction":[{"@type":"ReadAction","target":["https:\/\/agenciainfra.com\/blog\/arnaldo-jardim-defende-contratos-vivo-de-parceria-e-diz-nao-ter-compromisso-com-o-erro\/"]}]},{"@type":"ImageObject","inLanguage":"pt-BR","@id":"https:\/\/agenciainfra.com\/blog\/arnaldo-jardim-defende-contratos-vivo-de-parceria-e-diz-nao-ter-compromisso-com-o-erro\/#primaryimage","url":"https:\/\/agenciainfra.com\/blog\/wp-content\/uploads\/2025\/04\/arnaldo-jardim-foto-percio-campos-agencia-infra-e1744905318998.jpg","contentUrl":"https:\/\/agenciainfra.com\/blog\/wp-content\/uploads\/2025\/04\/arnaldo-jardim-foto-percio-campos-agencia-infra-e1744905318998.jpg","width":1208,"height":805},{"@type":"BreadcrumbList","@id":"https:\/\/agenciainfra.com\/blog\/arnaldo-jardim-defende-contratos-vivo-de-parceria-e-diz-nao-ter-compromisso-com-o-erro\/#breadcrumb","itemListElement":[{"@type":"ListItem","position":1,"name":"In\u00edcio","item":"https:\/\/agenciainfra.com\/blog\/"},{"@type":"ListItem","position":2,"name":"Arnaldo Jardim defende &#8220;contratos vivo&#8221; de parceria e diz n\u00e3o ter compromisso com o erro"}]},{"@type":"WebSite","@id":"https:\/\/agenciainfra.com\/blog\/#website","url":"https:\/\/agenciainfra.com\/blog\/","name":"Ag\u00eancia iNFRA","description":"Multiplataforma de informa\u00e7\u00e3o jornal\u00edstica refer\u00eancia na \u00e1rea de infraestrutura no Brasil!","publisher":{"@id":"https:\/\/agenciainfra.com\/blog\/#organization"},"potentialAction":[{"@type":"SearchAction","target":{"@type":"EntryPoint","urlTemplate":"https:\/\/agenciainfra.com\/blog\/?s={search_term_string}"},"query-input":{"@type":"PropertyValueSpecification","valueRequired":true,"valueName":"search_term_string"}}],"inLanguage":"pt-BR"},{"@type":"Organization","@id":"https:\/\/agenciainfra.com\/blog\/#organization","name":"Ag\u00eancia iNFRA","url":"https:\/\/agenciainfra.com\/blog\/","logo":{"@type":"ImageObject","inLanguage":"pt-BR","@id":"https:\/\/agenciainfra.com\/blog\/#\/schema\/logo\/image\/","url":"https:\/\/agenciainfra.com\/blog\/wp-content\/uploads\/2023\/09\/iNFRA_5-e1761735885940.png","contentUrl":"https:\/\/agenciainfra.com\/blog\/wp-content\/uploads\/2023\/09\/iNFRA_5-e1761735885940.png","width":1672,"height":454,"caption":"Ag\u00eancia iNFRA"},"image":{"@id":"https:\/\/agenciainfra.com\/blog\/#\/schema\/logo\/image\/"},"sameAs":["https:\/\/www.facebook.com\/ageninfra","https:\/\/x.com\/agencia_infra","https:\/\/www.linkedin.com\/company\/ag\u00eanciainfra\/","https:\/\/www.instagram.com\/agenciainfra\/"]},{"@type":"Person","@id":"https:\/\/agenciainfra.com\/blog\/#\/schema\/person\/34af08dff6adea4cb22b06612ba7acfa","name":"Ag\u00eancia iNFRA","image":{"@type":"ImageObject","inLanguage":"pt-BR","@id":"https:\/\/agenciainfra.com\/blog\/#\/schema\/person\/image\/","url":"https:\/\/secure.gravatar.com\/avatar\/d189e01678f06d8eb84d4e01f08eb848b3fffe3f8443818d3c356c66892f5be8?s=96&d=mm&r=g","contentUrl":"https:\/\/secure.gravatar.com\/avatar\/d189e01678f06d8eb84d4e01f08eb848b3fffe3f8443818d3c356c66892f5be8?s=96&d=mm&r=g","caption":"Ag\u00eancia iNFRA"},"url":"https:\/\/agenciainfra.com\/blog\/author\/admin\/"}]}},"_links":{"self":[{"href":"https:\/\/agenciainfra.com\/blog\/wp-json\/wp\/v2\/posts\/20993","targetHints":{"allow":["GET"]}}],"collection":[{"href":"https:\/\/agenciainfra.com\/blog\/wp-json\/wp\/v2\/posts"}],"about":[{"href":"https:\/\/agenciainfra.com\/blog\/wp-json\/wp\/v2\/types\/post"}],"author":[{"embeddable":true,"href":"https:\/\/agenciainfra.com\/blog\/wp-json\/wp\/v2\/users\/1"}],"replies":[{"embeddable":true,"href":"https:\/\/agenciainfra.com\/blog\/wp-json\/wp\/v2\/comments?post=20993"}],"version-history":[{"count":2,"href":"https:\/\/agenciainfra.com\/blog\/wp-json\/wp\/v2\/posts\/20993\/revisions"}],"predecessor-version":[{"id":21001,"href":"https:\/\/agenciainfra.com\/blog\/wp-json\/wp\/v2\/posts\/20993\/revisions\/21001"}],"wp:featuredmedia":[{"embeddable":true,"href":"https:\/\/agenciainfra.com\/blog\/wp-json\/wp\/v2\/media\/20994"}],"wp:attachment":[{"href":"https:\/\/agenciainfra.com\/blog\/wp-json\/wp\/v2\/media?parent=20993"}],"wp:term":[{"taxonomy":"category","embeddable":true,"href":"https:\/\/agenciainfra.com\/blog\/wp-json\/wp\/v2\/categories?post=20993"},{"taxonomy":"post_tag","embeddable":true,"href":"https:\/\/agenciainfra.com\/blog\/wp-json\/wp\/v2\/tags?post=20993"}],"curies":[{"name":"wp","href":"https:\/\/api.w.org\/{rel}","templated":true}]}}