{"id":2101,"date":"2018-07-13T00:05:12","date_gmt":"2018-07-13T03:05:12","guid":{"rendered":"http:\/\/www.agenciainfra.com\/blog\/?p=2101"},"modified":"2018-07-12T21:27:14","modified_gmt":"2018-07-13T00:27:14","slug":"sem-acordo-substitutivo-da-camara-do-pl-das-licitacoes-pode-ser-votado-em-plenario","status":"publish","type":"post","link":"https:\/\/agenciainfra.com\/blog\/sem-acordo-substitutivo-da-camara-do-pl-das-licitacoes-pode-ser-votado-em-plenario\/","title":{"rendered":"Sem acordo, substitutivo da C\u00e2mara do PL das licita\u00e7\u00f5es pode ser votado em plen\u00e1rio"},"content":{"rendered":"<p>&nbsp;<\/p>\n<div>\n<div style=\"text-align: right;\"><strong>Bernardo Gonzaga, da Ag\u00eancia iNFRA<\/strong><\/div>\n<p>Ap\u00f3s quase 10 horas de debates na comiss\u00e3o especial que trata do PL (projeto de lei) do\u00a0novo modelo de licita\u00e7\u00f5es (<a href=\"https:\/\/agenciainfra.us14.list-manage.com\/track\/click?u=d460dd1bcf9ba0ae040e1fc0f&amp;id=483cae7acd&amp;e=0c440aab2b\" target=\"_blank\" rel=\"noopener\" data-saferedirecturl=\"https:\/\/www.google.com\/url?hl=pt-BR&amp;q=https:\/\/agenciainfra.us14.list-manage.com\/track\/click?u%3Dd460dd1bcf9ba0ae040e1fc0f%26id%3D483cae7acd%26e%3D0c440aab2b&amp;source=gmail&amp;ust=1531526270044000&amp;usg=AFQjCNGXM40GEISt0389L14wQN0vibSs3g\">1.292\/1995<\/a>), o presidente do colegiado, deputado Augusto Coutinho (SD-PE), terminou a sess\u00e3o sem votar o texto, na quarta-feira (11).<\/p>\n<p>O relator Jo\u00e3o Arruda (MDB-PR) surpreendeu e disse que vai levar seu projeto ao plen\u00e1rio da C\u00e2mara, mesmo sem ter sido votado\u00a0em comiss\u00e3o. A proposta de Arruda \u00e9 fazer seu texto ser votado por meio de um pedido de urg\u00eancia urgent\u00edssima. A medida depende de requerimento que precisa ser assinado\u00a0pela maioria dos l\u00edderes dos partidos da Casa. \u201cSe n\u00e3o for isso, n\u00e3o vota nada\u201d, disse Arruda.<\/p>\n<p>O principal obst\u00e1culo para votar a mat\u00e9ria na comiss\u00e3o foi o seguro-garantia de 30% em obras de grande vulto, ou seja, acima de R$ 200 milh\u00f5es. Os deputados F\u00e9lix Mendon\u00e7a (PDT-BA) e Ivan Valente (PSOL-SP) usaram todos artif\u00edcios regimentais para poder atrasar a vota\u00e7\u00e3o.<\/p>\n<p>Nesta quarta-feira (11), reportagem da Folha de S.Paulo mostra que Arruda tem a mulher e o sogro controlam um conglomerado com empresas na \u00e1rea de seguradora, o grupo J.Malluceli.<\/p>\n<p>Os parlamentares chegaram a solicitar a leitura e discuss\u00e3o da ata da \u00faltima reuni\u00e3o. S\u00f3 essa manobra custou mais de meia hora ao colegiado. Outros artif\u00edcios foram: pedidos de verifica\u00e7\u00e3o, requerimento de retirada de pauta, tempo de lideran\u00e7a para discutir a mat\u00e9ria, requerimento para invers\u00e3o de pauta, entre outros. Como os trabalhos n\u00e3o estavam avan\u00e7ando, Coutinho decidiu encerrar a sess\u00e3o e disponibilizar a proposta de Arruda.<\/p>\n<p>&#8220;Chegou a hora de levar o projeto ao plen\u00e1rio. Mas n\u00e3o quero ser injusto com quem ajudou a construir o texto. Vou protocolar um substitutivo novo com 95% (das sugest\u00f5es) dos parlamentares que fazem parte da comiss\u00e3o e vou pedir para que o presidente leve o projeto que constru\u00edmos juntos ao plen\u00e1rio&#8221;, disse Arruda.<\/p>\n<p>O relator revelou que desistiu de levar o texto que veio do Senado ao plen\u00e1rio da C\u00e2mara como forma de surpreender os parlamentares de oposi\u00e7\u00e3o e o pr\u00f3prio mercado. Arruda\u00a0disse ainda que n\u00e3o tem perspectiva de que um novo projeto\u00a0volte a ser discutido em um curto prazo pelo Congresso.<\/p>\n<p><strong>Ponto de disc\u00f3rdia<\/strong><br \/>\nDurante a tramita\u00e7\u00e3o da mat\u00e9ria na comiss\u00e3o especial, Arruda abriu m\u00e3o do seu texto original e atendeu ao pedido de entidades do mercado e tamb\u00e9m de outros parlamentares, exceto em rela\u00e7\u00e3o ao seguro-garantia.<\/p>\n<p>Pontos como a defini\u00e7\u00e3o do\u00a0que \u00e9\u00a0obras de grande vulto, prioridade de materiais de empresas nacionais e o conceito de sobrepre\u00e7o e superfaturamento\u00a0foram mudados n\u00e3o s\u00f3 em rela\u00e7\u00e3o ao texto que veio do Senado, mas tamb\u00e9m na vers\u00e3o inicial do relat\u00f3rio de Arruda.<\/p>\n<p><strong>Segundo semestre<\/strong><br \/>\nComo o Congresso Nacional votou a LDO (Lei de Diretrizes Or\u00e7amentarias) na quarta-feira (11), a Casa entra em recesso a partir desta semana. Com isso, a continuidade da tentativa de vota\u00e7\u00e3o do novo projeto de lei de licita\u00e7\u00f5es ficar\u00e1 para o pr\u00f3ximo semestre.<\/p>\n<p>O presidente da C\u00e2mara, Rodrigo Maia (DEM-RJ), j\u00e1 disse que tem a proposta como uma das prioridades da pauta. Por\u00e9m, n\u00e3o \u00e9 garantida que ela ir\u00e1 a plen\u00e1rio, j\u00e1 que depende da maioria dos partidos para assinarem o requerimento de urg\u00eancia urgent\u00edssima.<\/p>\n<\/div>\n","protected":false},"excerpt":{"rendered":"<p>&nbsp; Bernardo Gonzaga, da Ag\u00eancia iNFRA Ap\u00f3s quase 10 horas de debates na comiss\u00e3o especial que trata do PL (projeto de lei) do\u00a0novo modelo de licita\u00e7\u00f5es (1.292\/1995), o presidente do colegiado, deputado Augusto Coutinho (SD-PE), terminou a sess\u00e3o sem votar o texto, na quarta-feira (11). O relator Jo\u00e3o Arruda (MDB-PR) surpreendeu e disse que vai [&hellip;]<\/p>\n","protected":false},"author":1,"featured_media":2102,"comment_status":"closed","ping_status":"open","sticky":false,"template":"","format":"standard","meta":{"_monsterinsights_skip_tracking":false,"_monsterinsights_sitenote_active":false,"_monsterinsights_sitenote_note":"","_monsterinsights_sitenote_category":0,"footnotes":""},"categories":[7],"tags":[444,443,442,287],"class_list":["post-2101","post","type-post","status-publish","format-standard","has-post-thumbnail","hentry","category-infratransporte","tag-augusto-coutinho","tag-grupo-j-malluceli","tag-joao-arruda","tag-licitacoes"],"yoast_head":"<!-- This site is optimized with the Yoast SEO Premium plugin v25.4 (Yoast SEO v26.0) - https:\/\/yoast.com\/wordpress\/plugins\/seo\/ -->\n<title>Sem acordo, substitutivo da C\u00e2mara do PL das licita\u00e7\u00f5es pode ser votado em plen\u00e1rio - Ag\u00eancia iNFRA<\/title>\n<meta name=\"robots\" content=\"index, follow, max-snippet:-1, max-image-preview:large, max-video-preview:-1\" \/>\n<link rel=\"canonical\" href=\"https:\/\/agenciainfra.com\/blog\/sem-acordo-substitutivo-da-camara-do-pl-das-licitacoes-pode-ser-votado-em-plenario\/\" \/>\n<meta property=\"og:locale\" content=\"pt_BR\" \/>\n<meta property=\"og:type\" content=\"article\" \/>\n<meta property=\"og:title\" content=\"Sem acordo, substitutivo da C\u00e2mara do PL das licita\u00e7\u00f5es pode ser votado em plen\u00e1rio\" \/>\n<meta property=\"og:description\" content=\"&nbsp; Bernardo Gonzaga, da Ag\u00eancia iNFRA Ap\u00f3s quase 10 horas de debates na comiss\u00e3o especial que trata do PL (projeto de lei) do\u00a0novo modelo de licita\u00e7\u00f5es (1.292\/1995), o presidente do colegiado, deputado Augusto Coutinho (SD-PE), terminou a sess\u00e3o sem votar o texto, na quarta-feira (11). O relator Jo\u00e3o Arruda (MDB-PR) surpreendeu e disse que vai [&hellip;]\" \/>\n<meta property=\"og:url\" content=\"https:\/\/agenciainfra.com\/blog\/sem-acordo-substitutivo-da-camara-do-pl-das-licitacoes-pode-ser-votado-em-plenario\/\" \/>\n<meta property=\"og:site_name\" content=\"Ag\u00eancia iNFRA\" \/>\n<meta property=\"article:publisher\" content=\"https:\/\/www.facebook.com\/ageninfra\" \/>\n<meta property=\"article:published_time\" content=\"2018-07-13T03:05:12+00:00\" \/>\n<meta property=\"og:image\" content=\"https:\/\/agenciainfra.com\/blog\/wp-content\/uploads\/2018\/07\/joao_arruda_divulgacao_camara_lucio_bernardo-e1531441513519.jpg\" \/>\n\t<meta property=\"og:image:width\" content=\"1013\" \/>\n\t<meta property=\"og:image:height\" content=\"483\" \/>\n\t<meta property=\"og:image:type\" content=\"image\/jpeg\" \/>\n<meta name=\"author\" content=\"Ag\u00eancia iNFRA\" \/>\n<meta name=\"twitter:card\" content=\"summary_large_image\" \/>\n<meta name=\"twitter:creator\" content=\"@agencia_infra\" \/>\n<meta name=\"twitter:site\" content=\"@agencia_infra\" \/>\n<meta name=\"twitter:label1\" content=\"Escrito por\" \/>\n\t<meta name=\"twitter:data1\" content=\"Ag\u00eancia iNFRA\" \/>\n\t<meta name=\"twitter:label2\" content=\"Est. tempo de leitura\" \/>\n\t<meta name=\"twitter:data2\" content=\"3 minutos\" \/>\n<script type=\"application\/ld+json\" class=\"yoast-schema-graph\">{\"@context\":\"https:\/\/schema.org\",\"@graph\":[{\"@type\":\"Article\",\"@id\":\"https:\/\/agenciainfra.com\/blog\/sem-acordo-substitutivo-da-camara-do-pl-das-licitacoes-pode-ser-votado-em-plenario\/#article\",\"isPartOf\":{\"@id\":\"https:\/\/agenciainfra.com\/blog\/sem-acordo-substitutivo-da-camara-do-pl-das-licitacoes-pode-ser-votado-em-plenario\/\"},\"author\":{\"name\":\"Ag\u00eancia iNFRA\",\"@id\":\"https:\/\/agenciainfra.com\/blog\/#\/schema\/person\/34af08dff6adea4cb22b06612ba7acfa\"},\"headline\":\"Sem acordo, substitutivo da C\u00e2mara do PL das licita\u00e7\u00f5es pode ser votado em plen\u00e1rio\",\"datePublished\":\"2018-07-13T03:05:12+00:00\",\"mainEntityOfPage\":{\"@id\":\"https:\/\/agenciainfra.com\/blog\/sem-acordo-substitutivo-da-camara-do-pl-das-licitacoes-pode-ser-votado-em-plenario\/\"},\"wordCount\":601,\"publisher\":{\"@id\":\"https:\/\/agenciainfra.com\/blog\/#organization\"},\"image\":{\"@id\":\"https:\/\/agenciainfra.com\/blog\/sem-acordo-substitutivo-da-camara-do-pl-das-licitacoes-pode-ser-votado-em-plenario\/#primaryimage\"},\"thumbnailUrl\":\"https:\/\/agenciainfra.com\/blog\/wp-content\/uploads\/2018\/07\/joao_arruda_divulgacao_camara_lucio_bernardo-e1531441513519.jpg\",\"keywords\":[\"Augusto Coutinho\",\"grupo J.Malluceli\",\"Jo\u00e3o Arruda\",\"licita\u00e7\u00f5es\"],\"articleSection\":[\"iNFRATransporte\"],\"inLanguage\":\"pt-BR\",\"copyrightYear\":\"2018\",\"copyrightHolder\":{\"@id\":\"https:\/\/agenciainfra.com\/blog\/#organization\"}},{\"@type\":\"WebPage\",\"@id\":\"https:\/\/agenciainfra.com\/blog\/sem-acordo-substitutivo-da-camara-do-pl-das-licitacoes-pode-ser-votado-em-plenario\/\",\"url\":\"https:\/\/agenciainfra.com\/blog\/sem-acordo-substitutivo-da-camara-do-pl-das-licitacoes-pode-ser-votado-em-plenario\/\",\"name\":\"Sem acordo, substitutivo da C\u00e2mara do PL das licita\u00e7\u00f5es pode ser votado em plen\u00e1rio - Ag\u00eancia iNFRA\",\"isPartOf\":{\"@id\":\"https:\/\/agenciainfra.com\/blog\/#website\"},\"primaryImageOfPage\":{\"@id\":\"https:\/\/agenciainfra.com\/blog\/sem-acordo-substitutivo-da-camara-do-pl-das-licitacoes-pode-ser-votado-em-plenario\/#primaryimage\"},\"image\":{\"@id\":\"https:\/\/agenciainfra.com\/blog\/sem-acordo-substitutivo-da-camara-do-pl-das-licitacoes-pode-ser-votado-em-plenario\/#primaryimage\"},\"thumbnailUrl\":\"https:\/\/agenciainfra.com\/blog\/wp-content\/uploads\/2018\/07\/joao_arruda_divulgacao_camara_lucio_bernardo-e1531441513519.jpg\",\"datePublished\":\"2018-07-13T03:05:12+00:00\",\"breadcrumb\":{\"@id\":\"https:\/\/agenciainfra.com\/blog\/sem-acordo-substitutivo-da-camara-do-pl-das-licitacoes-pode-ser-votado-em-plenario\/#breadcrumb\"},\"inLanguage\":\"pt-BR\",\"potentialAction\":[{\"@type\":\"ReadAction\",\"target\":[\"https:\/\/agenciainfra.com\/blog\/sem-acordo-substitutivo-da-camara-do-pl-das-licitacoes-pode-ser-votado-em-plenario\/\"]}]},{\"@type\":\"ImageObject\",\"inLanguage\":\"pt-BR\",\"@id\":\"https:\/\/agenciainfra.com\/blog\/sem-acordo-substitutivo-da-camara-do-pl-das-licitacoes-pode-ser-votado-em-plenario\/#primaryimage\",\"url\":\"https:\/\/agenciainfra.com\/blog\/wp-content\/uploads\/2018\/07\/joao_arruda_divulgacao_camara_lucio_bernardo-e1531441513519.jpg\",\"contentUrl\":\"https:\/\/agenciainfra.com\/blog\/wp-content\/uploads\/2018\/07\/joao_arruda_divulgacao_camara_lucio_bernardo-e1531441513519.jpg\",\"width\":1013,\"height\":483},{\"@type\":\"BreadcrumbList\",\"@id\":\"https:\/\/agenciainfra.com\/blog\/sem-acordo-substitutivo-da-camara-do-pl-das-licitacoes-pode-ser-votado-em-plenario\/#breadcrumb\",\"itemListElement\":[{\"@type\":\"ListItem\",\"position\":1,\"name\":\"In\u00edcio\",\"item\":\"https:\/\/agenciainfra.com\/blog\/\"},{\"@type\":\"ListItem\",\"position\":2,\"name\":\"Sem acordo, substitutivo da C\u00e2mara do PL das licita\u00e7\u00f5es pode ser votado em plen\u00e1rio\"}]},{\"@type\":\"WebSite\",\"@id\":\"https:\/\/agenciainfra.com\/blog\/#website\",\"url\":\"https:\/\/agenciainfra.com\/blog\/\",\"name\":\"Ag\u00eancia iNFRA\",\"description\":\"Multiplataforma de informa\u00e7\u00e3o jornal\u00edstica refer\u00eancia na \u00e1rea de infraestrutura no Brasil!\",\"publisher\":{\"@id\":\"https:\/\/agenciainfra.com\/blog\/#organization\"},\"potentialAction\":[{\"@type\":\"SearchAction\",\"target\":{\"@type\":\"EntryPoint\",\"urlTemplate\":\"https:\/\/agenciainfra.com\/blog\/?s={search_term_string}\"},\"query-input\":{\"@type\":\"PropertyValueSpecification\",\"valueRequired\":true,\"valueName\":\"search_term_string\"}}],\"inLanguage\":\"pt-BR\"},{\"@type\":\"Organization\",\"@id\":\"https:\/\/agenciainfra.com\/blog\/#organization\",\"name\":\"Ag\u00eancia iNFRA\",\"url\":\"https:\/\/agenciainfra.com\/blog\/\",\"logo\":{\"@type\":\"ImageObject\",\"inLanguage\":\"pt-BR\",\"@id\":\"https:\/\/agenciainfra.com\/blog\/#\/schema\/logo\/image\/\",\"url\":\"https:\/\/agenciainfra.com\/blog\/wp-content\/uploads\/2023\/09\/iNFRA_5-e1761735885940.png\",\"contentUrl\":\"https:\/\/agenciainfra.com\/blog\/wp-content\/uploads\/2023\/09\/iNFRA_5-e1761735885940.png\",\"width\":1672,\"height\":454,\"caption\":\"Ag\u00eancia iNFRA\"},\"image\":{\"@id\":\"https:\/\/agenciainfra.com\/blog\/#\/schema\/logo\/image\/\"},\"sameAs\":[\"https:\/\/www.facebook.com\/ageninfra\",\"https:\/\/x.com\/agencia_infra\",\"https:\/\/www.linkedin.com\/company\/ag\u00eanciainfra\/\",\"https:\/\/www.instagram.com\/agenciainfra\/\"]},{\"@type\":\"Person\",\"@id\":\"https:\/\/agenciainfra.com\/blog\/#\/schema\/person\/34af08dff6adea4cb22b06612ba7acfa\",\"name\":\"Ag\u00eancia iNFRA\",\"image\":{\"@type\":\"ImageObject\",\"inLanguage\":\"pt-BR\",\"@id\":\"https:\/\/agenciainfra.com\/blog\/#\/schema\/person\/image\/\",\"url\":\"https:\/\/secure.gravatar.com\/avatar\/d189e01678f06d8eb84d4e01f08eb848b3fffe3f8443818d3c356c66892f5be8?s=96&d=mm&r=g\",\"contentUrl\":\"https:\/\/secure.gravatar.com\/avatar\/d189e01678f06d8eb84d4e01f08eb848b3fffe3f8443818d3c356c66892f5be8?s=96&d=mm&r=g\",\"caption\":\"Ag\u00eancia iNFRA\"},\"url\":\"https:\/\/agenciainfra.com\/blog\/author\/admin\/\"}]}<\/script>\n<!-- \/ Yoast SEO Premium plugin. -->","yoast_head_json":{"title":"Sem acordo, substitutivo da C\u00e2mara do PL das licita\u00e7\u00f5es pode ser votado em plen\u00e1rio - Ag\u00eancia iNFRA","robots":{"index":"index","follow":"follow","max-snippet":"max-snippet:-1","max-image-preview":"max-image-preview:large","max-video-preview":"max-video-preview:-1"},"canonical":"https:\/\/agenciainfra.com\/blog\/sem-acordo-substitutivo-da-camara-do-pl-das-licitacoes-pode-ser-votado-em-plenario\/","og_locale":"pt_BR","og_type":"article","og_title":"Sem acordo, substitutivo da C\u00e2mara do PL das licita\u00e7\u00f5es pode ser votado em plen\u00e1rio","og_description":"&nbsp; Bernardo Gonzaga, da Ag\u00eancia iNFRA Ap\u00f3s quase 10 horas de debates na comiss\u00e3o especial que trata do PL (projeto de lei) do\u00a0novo modelo de licita\u00e7\u00f5es (1.292\/1995), o presidente do colegiado, deputado Augusto Coutinho (SD-PE), terminou a sess\u00e3o sem votar o texto, na quarta-feira (11). O relator Jo\u00e3o Arruda (MDB-PR) surpreendeu e disse que vai [&hellip;]","og_url":"https:\/\/agenciainfra.com\/blog\/sem-acordo-substitutivo-da-camara-do-pl-das-licitacoes-pode-ser-votado-em-plenario\/","og_site_name":"Ag\u00eancia iNFRA","article_publisher":"https:\/\/www.facebook.com\/ageninfra","article_published_time":"2018-07-13T03:05:12+00:00","og_image":[{"width":1013,"height":483,"url":"https:\/\/agenciainfra.com\/blog\/wp-content\/uploads\/2018\/07\/joao_arruda_divulgacao_camara_lucio_bernardo-e1531441513519.jpg","type":"image\/jpeg"}],"author":"Ag\u00eancia iNFRA","twitter_card":"summary_large_image","twitter_creator":"@agencia_infra","twitter_site":"@agencia_infra","twitter_misc":{"Escrito por":"Ag\u00eancia iNFRA","Est. tempo de leitura":"3 minutos"},"schema":{"@context":"https:\/\/schema.org","@graph":[{"@type":"Article","@id":"https:\/\/agenciainfra.com\/blog\/sem-acordo-substitutivo-da-camara-do-pl-das-licitacoes-pode-ser-votado-em-plenario\/#article","isPartOf":{"@id":"https:\/\/agenciainfra.com\/blog\/sem-acordo-substitutivo-da-camara-do-pl-das-licitacoes-pode-ser-votado-em-plenario\/"},"author":{"name":"Ag\u00eancia iNFRA","@id":"https:\/\/agenciainfra.com\/blog\/#\/schema\/person\/34af08dff6adea4cb22b06612ba7acfa"},"headline":"Sem acordo, substitutivo da C\u00e2mara do PL das licita\u00e7\u00f5es pode ser votado em plen\u00e1rio","datePublished":"2018-07-13T03:05:12+00:00","mainEntityOfPage":{"@id":"https:\/\/agenciainfra.com\/blog\/sem-acordo-substitutivo-da-camara-do-pl-das-licitacoes-pode-ser-votado-em-plenario\/"},"wordCount":601,"publisher":{"@id":"https:\/\/agenciainfra.com\/blog\/#organization"},"image":{"@id":"https:\/\/agenciainfra.com\/blog\/sem-acordo-substitutivo-da-camara-do-pl-das-licitacoes-pode-ser-votado-em-plenario\/#primaryimage"},"thumbnailUrl":"https:\/\/agenciainfra.com\/blog\/wp-content\/uploads\/2018\/07\/joao_arruda_divulgacao_camara_lucio_bernardo-e1531441513519.jpg","keywords":["Augusto Coutinho","grupo J.Malluceli","Jo\u00e3o Arruda","licita\u00e7\u00f5es"],"articleSection":["iNFRATransporte"],"inLanguage":"pt-BR","copyrightYear":"2018","copyrightHolder":{"@id":"https:\/\/agenciainfra.com\/blog\/#organization"}},{"@type":"WebPage","@id":"https:\/\/agenciainfra.com\/blog\/sem-acordo-substitutivo-da-camara-do-pl-das-licitacoes-pode-ser-votado-em-plenario\/","url":"https:\/\/agenciainfra.com\/blog\/sem-acordo-substitutivo-da-camara-do-pl-das-licitacoes-pode-ser-votado-em-plenario\/","name":"Sem acordo, substitutivo da C\u00e2mara do PL das licita\u00e7\u00f5es pode ser votado em plen\u00e1rio - Ag\u00eancia iNFRA","isPartOf":{"@id":"https:\/\/agenciainfra.com\/blog\/#website"},"primaryImageOfPage":{"@id":"https:\/\/agenciainfra.com\/blog\/sem-acordo-substitutivo-da-camara-do-pl-das-licitacoes-pode-ser-votado-em-plenario\/#primaryimage"},"image":{"@id":"https:\/\/agenciainfra.com\/blog\/sem-acordo-substitutivo-da-camara-do-pl-das-licitacoes-pode-ser-votado-em-plenario\/#primaryimage"},"thumbnailUrl":"https:\/\/agenciainfra.com\/blog\/wp-content\/uploads\/2018\/07\/joao_arruda_divulgacao_camara_lucio_bernardo-e1531441513519.jpg","datePublished":"2018-07-13T03:05:12+00:00","breadcrumb":{"@id":"https:\/\/agenciainfra.com\/blog\/sem-acordo-substitutivo-da-camara-do-pl-das-licitacoes-pode-ser-votado-em-plenario\/#breadcrumb"},"inLanguage":"pt-BR","potentialAction":[{"@type":"ReadAction","target":["https:\/\/agenciainfra.com\/blog\/sem-acordo-substitutivo-da-camara-do-pl-das-licitacoes-pode-ser-votado-em-plenario\/"]}]},{"@type":"ImageObject","inLanguage":"pt-BR","@id":"https:\/\/agenciainfra.com\/blog\/sem-acordo-substitutivo-da-camara-do-pl-das-licitacoes-pode-ser-votado-em-plenario\/#primaryimage","url":"https:\/\/agenciainfra.com\/blog\/wp-content\/uploads\/2018\/07\/joao_arruda_divulgacao_camara_lucio_bernardo-e1531441513519.jpg","contentUrl":"https:\/\/agenciainfra.com\/blog\/wp-content\/uploads\/2018\/07\/joao_arruda_divulgacao_camara_lucio_bernardo-e1531441513519.jpg","width":1013,"height":483},{"@type":"BreadcrumbList","@id":"https:\/\/agenciainfra.com\/blog\/sem-acordo-substitutivo-da-camara-do-pl-das-licitacoes-pode-ser-votado-em-plenario\/#breadcrumb","itemListElement":[{"@type":"ListItem","position":1,"name":"In\u00edcio","item":"https:\/\/agenciainfra.com\/blog\/"},{"@type":"ListItem","position":2,"name":"Sem acordo, substitutivo da C\u00e2mara do PL das licita\u00e7\u00f5es pode ser votado em plen\u00e1rio"}]},{"@type":"WebSite","@id":"https:\/\/agenciainfra.com\/blog\/#website","url":"https:\/\/agenciainfra.com\/blog\/","name":"Ag\u00eancia iNFRA","description":"Multiplataforma de informa\u00e7\u00e3o jornal\u00edstica refer\u00eancia na \u00e1rea de infraestrutura no Brasil!","publisher":{"@id":"https:\/\/agenciainfra.com\/blog\/#organization"},"potentialAction":[{"@type":"SearchAction","target":{"@type":"EntryPoint","urlTemplate":"https:\/\/agenciainfra.com\/blog\/?s={search_term_string}"},"query-input":{"@type":"PropertyValueSpecification","valueRequired":true,"valueName":"search_term_string"}}],"inLanguage":"pt-BR"},{"@type":"Organization","@id":"https:\/\/agenciainfra.com\/blog\/#organization","name":"Ag\u00eancia iNFRA","url":"https:\/\/agenciainfra.com\/blog\/","logo":{"@type":"ImageObject","inLanguage":"pt-BR","@id":"https:\/\/agenciainfra.com\/blog\/#\/schema\/logo\/image\/","url":"https:\/\/agenciainfra.com\/blog\/wp-content\/uploads\/2023\/09\/iNFRA_5-e1761735885940.png","contentUrl":"https:\/\/agenciainfra.com\/blog\/wp-content\/uploads\/2023\/09\/iNFRA_5-e1761735885940.png","width":1672,"height":454,"caption":"Ag\u00eancia iNFRA"},"image":{"@id":"https:\/\/agenciainfra.com\/blog\/#\/schema\/logo\/image\/"},"sameAs":["https:\/\/www.facebook.com\/ageninfra","https:\/\/x.com\/agencia_infra","https:\/\/www.linkedin.com\/company\/ag\u00eanciainfra\/","https:\/\/www.instagram.com\/agenciainfra\/"]},{"@type":"Person","@id":"https:\/\/agenciainfra.com\/blog\/#\/schema\/person\/34af08dff6adea4cb22b06612ba7acfa","name":"Ag\u00eancia iNFRA","image":{"@type":"ImageObject","inLanguage":"pt-BR","@id":"https:\/\/agenciainfra.com\/blog\/#\/schema\/person\/image\/","url":"https:\/\/secure.gravatar.com\/avatar\/d189e01678f06d8eb84d4e01f08eb848b3fffe3f8443818d3c356c66892f5be8?s=96&d=mm&r=g","contentUrl":"https:\/\/secure.gravatar.com\/avatar\/d189e01678f06d8eb84d4e01f08eb848b3fffe3f8443818d3c356c66892f5be8?s=96&d=mm&r=g","caption":"Ag\u00eancia iNFRA"},"url":"https:\/\/agenciainfra.com\/blog\/author\/admin\/"}]}},"_links":{"self":[{"href":"https:\/\/agenciainfra.com\/blog\/wp-json\/wp\/v2\/posts\/2101","targetHints":{"allow":["GET"]}}],"collection":[{"href":"https:\/\/agenciainfra.com\/blog\/wp-json\/wp\/v2\/posts"}],"about":[{"href":"https:\/\/agenciainfra.com\/blog\/wp-json\/wp\/v2\/types\/post"}],"author":[{"embeddable":true,"href":"https:\/\/agenciainfra.com\/blog\/wp-json\/wp\/v2\/users\/1"}],"replies":[{"embeddable":true,"href":"https:\/\/agenciainfra.com\/blog\/wp-json\/wp\/v2\/comments?post=2101"}],"version-history":[{"count":0,"href":"https:\/\/agenciainfra.com\/blog\/wp-json\/wp\/v2\/posts\/2101\/revisions"}],"wp:featuredmedia":[{"embeddable":true,"href":"https:\/\/agenciainfra.com\/blog\/wp-json\/wp\/v2\/media\/2102"}],"wp:attachment":[{"href":"https:\/\/agenciainfra.com\/blog\/wp-json\/wp\/v2\/media?parent=2101"}],"wp:term":[{"taxonomy":"category","embeddable":true,"href":"https:\/\/agenciainfra.com\/blog\/wp-json\/wp\/v2\/categories?post=2101"},{"taxonomy":"post_tag","embeddable":true,"href":"https:\/\/agenciainfra.com\/blog\/wp-json\/wp\/v2\/tags?post=2101"}],"curies":[{"name":"wp","href":"https:\/\/api.w.org\/{rel}","templated":true}]}}