{"id":21021,"date":"2025-04-22T12:00:00","date_gmt":"2025-04-22T15:00:00","guid":{"rendered":"https:\/\/agenciainfra.com\/blog\/?p=21021"},"modified":"2025-05-16T10:48:09","modified_gmt":"2025-05-16T13:48:09","slug":"futuro-das-concessoes-e-ppps-entes-subnacionais-defendem-fundos-para-garantir-ppps-e-prazo-celere-para-reajustes-em-pl","status":"publish","type":"post","link":"https:\/\/agenciainfra.com\/blog\/futuro-das-concessoes-e-ppps-entes-subnacionais-defendem-fundos-para-garantir-ppps-e-prazo-celere-para-reajustes-em-pl\/","title":{"rendered":"&#8220;Futuro das Concess\u00f5es e PPPs&#8221;: Entes subnacionais defendem fundos para garantir PPPs e prazo c\u00e9lere para reajustes em PL"},"content":{"rendered":"\n<p class=\"has-text-align-right\"><strong>da Ag\u00eancia iNFRA<\/strong><\/p>\n\n\n\n<p class=\"has-text-align-left\">Os governos subnacionais t\u00eam acompanhado de perto a tramita\u00e7\u00e3o do PL 7.063\/2017, que moderniza a legisla\u00e7\u00e3o para concess\u00f5es e PPPs (Parcerias P\u00fablico-Privadas). Com as carteiras de projetos estaduais e municipais cada vez mais robustas, os primeiros desafios j\u00e1 se mostram claros, sendo um dos principais a necessidade de haver garantias financeiras aos contratados e celeridade na an\u00e1lise dos reajustes tarif\u00e1rios.<br><br>Durante o painel \u201cImpactos da moderniza\u00e7\u00e3o nos contratos subnacionais\u201d do evento Futuro das Concess\u00f5es e PPPs, a quest\u00e3o das garantias foi apontada como um dos maiores gargalos do setor, atualmente, para atrair competidores para os projetos subnacionais com a devida seguran\u00e7a jur\u00eddica. Confira o painel no&nbsp;<a href=\"https:\/\/agenciainfra.us14.list-manage.com\/track\/click?u=d460dd1bcf9ba0ae040e1fc0f&amp;id=9b66c339af&amp;e=55b7a27fc9\" target=\"_blank\" rel=\"noreferrer noopener\">link<\/a>.<\/p>\n\n\n\n<p>Realizado na \u00faltima ter\u00e7a-feira (15), o encontro foi organizado pela&nbsp;<strong>Ag\u00eancia iNFRA<\/strong>, patrocinado pela Via Appia Concess\u00f5es,&nbsp;e co-organizado pelo escrit\u00f3rio Queiroz Maluf Reis Sociedade de Advogados.<\/p>\n\n\n\n<figure class=\"wp-block-image alignright size-large is-resized\"><img fetchpriority=\"high\" decoding=\"async\" width=\"1024\" height=\"682\" src=\"https:\/\/agenciainfra.com\/blog\/wp-content\/uploads\/2025\/04\/evento-ppps-e-concessoes-foto-percio-campos-agencia-infra4-1024x682.jpg\" alt=\"\" class=\"wp-image-21022\" style=\"width:300px;height:auto\"\/><\/figure>\n\n\n\n<p class=\"has-text-align-left\">O diretor-presidente da CPP (Companhia Paulista de Parcerias), Edgard Benozatti, sugeriu que haja uma solu\u00e7\u00e3o na lei que garanta o pagamento das contrapresta\u00e7\u00f5es pelo poder concedente, protegendo, por exemplo, casos como interrup\u00e7\u00f5es de repasses em trocas de governo. Para ele, a possibilidade de usar os repasses do FPE (Fundo de Participa\u00e7\u00e3o dos Estados) e do FPM (Fundo de Participa\u00e7\u00e3o dos Munic\u00edpios) aos entes para garantir os pagamentos \u00e9 um caminho poss\u00edvel, como analisa o relator do projeto de lei, deputado Arnaldo Jardim.<\/p>\n\n\n\n<p>\u201cSem d\u00favidas o problema maior no caso das PPPs \u00e9 a garantia. S\u00e3o Paulo tem buscado fluxos para garantir isso e a solu\u00e7\u00e3o do FPE na legisla\u00e7\u00e3o nos ajudaria, sim. Hoje a gente est\u00e1 preso numa pris\u00e3o de papel. N\u00f3s n\u00e3o encontramos fluxos para dar garantia aos projetos porque dependemos de fundos setoriais. Tenho uma PPP de educa\u00e7\u00e3o, vou atr\u00e1s do Fundeb [Fundo de Manuten\u00e7\u00e3o e Desenvolvimento da Educa\u00e7\u00e3o B\u00e1sica]; um projeto de sa\u00fade, vou atr\u00e1s do Fundo Nacional de Sa\u00fade achar algum fluxo. Fico fazendo um trabalho de escavar setorialmente sem ter uma solu\u00e7\u00e3o geral para tudo\u201d, assinalou.<br><br>Benozatti defendeu uma solu\u00e7\u00e3o mais ousada e hol\u00edstica. \u201cDigo que \u00e9 uma pris\u00e3o de papel porque ela n\u00e3o tem nenhuma rela\u00e7\u00e3o com a situa\u00e7\u00e3o fiscal do estado. O estado pode ter, como \u00e9 o caso de S\u00e3o Paulo, um or\u00e7amento de R$ 357 bilh\u00f5es por ano, e n\u00e3o consigo achar um fluxo de R$ 100 milh\u00f5es para colocar numa PPP, por exemplo\u201d, disse.<br><br><strong>Fluxo autom\u00e1tico<\/strong><br>Pedro Bruno Barros, secret\u00e1rio de Infraestrutura, Mobilidade e Parcerias do governo de Minas Gerais, indicou que sejam criados fluxos autom\u00e1ticos de transfer\u00eancias de receita, pela vincula\u00e7\u00e3o de um imposto ou repasse, como \u00e9 o caso do FPE. Assim, parte do recurso iria para o fundo que garantiria os pagamentos das contrapresta\u00e7\u00f5es.<\/p>\n\n\n\n<figure class=\"wp-block-image alignleft is-resized\"><img decoding=\"async\" width=\"2000\" height=\"1333\" src=\"https:\/\/agenciainfra.com\/blog\/wp-content\/uploads\/2025\/04\/image-15.jpeg\" alt=\"\" class=\"wp-image-21025\" style=\"width:356px;height:auto\" srcset=\"https:\/\/agenciainfra.com\/blog\/wp-content\/uploads\/2025\/04\/image-15.jpeg 2000w, https:\/\/agenciainfra.com\/blog\/wp-content\/uploads\/2025\/04\/image-15-300x200.jpeg 300w, https:\/\/agenciainfra.com\/blog\/wp-content\/uploads\/2025\/04\/image-15-1024x682.jpeg 1024w, https:\/\/agenciainfra.com\/blog\/wp-content\/uploads\/2025\/04\/image-15-768x512.jpeg 768w, https:\/\/agenciainfra.com\/blog\/wp-content\/uploads\/2025\/04\/image-15-1536x1024.jpeg 1536w\" sizes=\"(max-width: 2000px) 100vw, 2000px\" \/><\/figure>\n\n\n\n<p>\u201c\u00c9 preciso pacificar isso de forma expl\u00edcita no projeto de lei, porque \u00e9 fundamental para a seguran\u00e7a jur\u00eddica. Afinal, o investidor precifica o risco do poder p\u00fablico honrar seu compromisso de contrapartida\u201d, disse o secret\u00e1rio, que comentou que o governo mineiro trabalha numa proposta para criar essa vincula\u00e7\u00e3o em \u00e2mbito estadual. O estado est\u00e1 em vias de criar uma ag\u00eancia reguladora.<br><br>O diretor-presidente da SP Parcerias, Paulo Galli, por sua vez lembrou que as PPPs municipais, ao contr\u00e1rio das concess\u00f5es estaduais e federais, atraem principalmente m\u00e9dias e pequenas empresas, abrangendo uma gama bem maior de \u00e1reas, como gest\u00e3o de escolas, unidades de sa\u00fade, est\u00e1dios e at\u00e9 cemit\u00e9rios. No entanto, tamb\u00e9m \u00e9 preciso garantir esses pagamentos para a sustentabilidade das parcerias.<br><br>Galli tamb\u00e9m \u00e9 favor\u00e1vel ao modelo de contratos que o relator pretende apresentar na proposta, dizendo que esse pode ser um bom instrumento para munic\u00edpios m\u00e9dios e pequenos que n\u00e3o t\u00eam estrutura para estruturar os processos de parceria. \u201cEles sequer t\u00eam recursos humanos que podem modelar isso\u201d, exemplificou. \u201cQuando voc\u00ea parte para uma padroniza\u00e7\u00e3o, com ades\u00e3o a contratos de sucesso, voc\u00ea obt\u00e9m ganhos de efici\u00eancia, redu\u00e7\u00e3o de prazos, sinergias, controles mais efetivos\u201d.<\/p>\n\n\n\n<figure class=\"wp-block-image alignright is-resized\"><img decoding=\"async\" width=\"2000\" height=\"1333\" src=\"https:\/\/agenciainfra.com\/blog\/wp-content\/uploads\/2025\/04\/image-14.jpeg\" alt=\"\" class=\"wp-image-21024\" style=\"width:383px;height:auto\" srcset=\"https:\/\/agenciainfra.com\/blog\/wp-content\/uploads\/2025\/04\/image-14.jpeg 2000w, https:\/\/agenciainfra.com\/blog\/wp-content\/uploads\/2025\/04\/image-14-300x200.jpeg 300w, https:\/\/agenciainfra.com\/blog\/wp-content\/uploads\/2025\/04\/image-14-1024x682.jpeg 1024w, https:\/\/agenciainfra.com\/blog\/wp-content\/uploads\/2025\/04\/image-14-768x512.jpeg 768w, https:\/\/agenciainfra.com\/blog\/wp-content\/uploads\/2025\/04\/image-14-1536x1024.jpeg 1536w\" sizes=\"(max-width: 2000px) 100vw, 2000px\" \/><\/figure>\n\n\n\n<p>Ele avalia, no entanto, que s\u00e3o necess\u00e1rios mais estudos sobre como seria o relacionamento entre os munic\u00edpios que aderirem e o contrato principal, e que talvez isso ainda precise amadurecer antes da mudan\u00e7a na lei. \u201cComo voc\u00ea tira uma concession\u00e1ria que n\u00e3o est\u00e1 performando bem num determinado munic\u00edpio?\u201d, questionou o diretor-presidente da SP Parcerias.<br><br><strong>Reajuste c\u00e9lere<\/strong><br>Outro tema apontado como necess\u00e1rio para a moderniza\u00e7\u00e3o dos contratos \u00e9 o estabelecimento de prazos para a concess\u00e3o dos reajustes tarif\u00e1rios. Uma das alternativas citadas \u00e9 a imediata recomposi\u00e7\u00e3o da infla\u00e7\u00e3o, de forma autom\u00e1tica.<\/p>\n\n\n\n<figure class=\"wp-block-image alignleft is-resized\"><img loading=\"lazy\" decoding=\"async\" width=\"2000\" height=\"1333\" src=\"https:\/\/agenciainfra.com\/blog\/wp-content\/uploads\/2025\/04\/image-16.jpeg\" alt=\"\" class=\"wp-image-21026\" style=\"width:342px;height:auto\" srcset=\"https:\/\/agenciainfra.com\/blog\/wp-content\/uploads\/2025\/04\/image-16.jpeg 2000w, https:\/\/agenciainfra.com\/blog\/wp-content\/uploads\/2025\/04\/image-16-300x200.jpeg 300w, https:\/\/agenciainfra.com\/blog\/wp-content\/uploads\/2025\/04\/image-16-1024x682.jpeg 1024w, https:\/\/agenciainfra.com\/blog\/wp-content\/uploads\/2025\/04\/image-16-768x512.jpeg 768w, https:\/\/agenciainfra.com\/blog\/wp-content\/uploads\/2025\/04\/image-16-1536x1024.jpeg 1536w\" sizes=\"(max-width: 2000px) 100vw, 2000px\" \/><\/figure>\n\n\n\n<p>\u201cEu vejo com bons olhos a hip\u00f3tese de regramento de atualiza\u00e7\u00e3o tarif\u00e1ria constando reposi\u00e7\u00e3o da infla\u00e7\u00e3o. Vejo em S\u00e3o Paulo contratos com grandes passivos, por n\u00e3o ter sido dado reajuste de reposi\u00e7\u00e3o da infla\u00e7\u00e3o no passado, e isso virou uma grande bola de neve e coube a n\u00f3s resolver um problema gigantesco de duas d\u00e9cadas atr\u00e1s\u201d, afirmou Benozatti, da CPP.<\/p>\n\n\n\n<p>Por outro lado, o secret\u00e1rio de Infraestrutura de Minas Gerais ponderou que amarrar em lei a quest\u00e3o do prazo para reajuste pode ter um efeito colateral, uma vez que h\u00e1 casos mais complexos do que outros, considerando que o melhor seria que o tempo fosse fixado numa regra infralegal.<\/p>\n\n\n\n<p><strong>Reajuste x revis\u00e3o<\/strong><br>Uma alternativa seria a separa\u00e7\u00e3o do reajuste contratual da revis\u00e3o tarif\u00e1ria nos contratos de rodovias, a exemplo do que ocorre em setores como o de energia, segundo o diretor-presidente da Infra S.A, Jorge Bastos.&nbsp;<br><br>\u201cEu acho fixar prazo dif\u00edcil para reajuste, mas acredito que \u00e9 fundamental separar reajuste de revis\u00e3o tarif\u00e1ria. Reajuste \u00e9 direito adquirido, tem que ser dado de qualquer jeito. Agora a revis\u00e3o \u00e9 outra discuss\u00e3o, tem uma complexidade maior\u201d, afirmou.<\/p>\n\n\n\n<figure class=\"wp-block-image alignright is-resized\"><img loading=\"lazy\" decoding=\"async\" width=\"2000\" height=\"1333\" src=\"https:\/\/agenciainfra.com\/blog\/wp-content\/uploads\/2025\/04\/image-17.jpeg\" alt=\"\" class=\"wp-image-21027\" style=\"width:342px;height:auto\" srcset=\"https:\/\/agenciainfra.com\/blog\/wp-content\/uploads\/2025\/04\/image-17.jpeg 2000w, https:\/\/agenciainfra.com\/blog\/wp-content\/uploads\/2025\/04\/image-17-300x200.jpeg 300w, https:\/\/agenciainfra.com\/blog\/wp-content\/uploads\/2025\/04\/image-17-1024x682.jpeg 1024w, https:\/\/agenciainfra.com\/blog\/wp-content\/uploads\/2025\/04\/image-17-768x512.jpeg 768w, https:\/\/agenciainfra.com\/blog\/wp-content\/uploads\/2025\/04\/image-17-1536x1024.jpeg 1536w\" sizes=\"(max-width: 2000px) 100vw, 2000px\" \/><\/figure>\n\n\n\n<p>A separa\u00e7\u00e3o tamb\u00e9m foi apoiada pela vice-presidente Jur\u00eddica da Via Appia Concess\u00f5es, Ma\u00edra Calegari, mediadora do painel. \u201cS\u00e3o duas coisas bem diferentes. A ANTT (Ag\u00eancia Nacional de Transportes Terrestres) atualmente faz a revis\u00e3o tarif\u00e1ria junto com o reajuste inflacion\u00e1rio. Ent\u00e3o, n\u00e3o \u00e9 o prazo que vai resolver, porque o prazo j\u00e1 est\u00e1 no contrato. Vai se resolver a separa\u00e7\u00e3o do reajuste contratual da revis\u00e3o tarif\u00e1ria\u201d, afirmou.<\/p>\n","protected":false},"excerpt":{"rendered":"<p>da Ag\u00eancia iNFRA Os governos subnacionais t\u00eam acompanhado de perto a tramita\u00e7\u00e3o do PL 7.063\/2017, que moderniza a legisla\u00e7\u00e3o para concess\u00f5es e PPPs (Parcerias P\u00fablico-Privadas). Com as carteiras de projetos estaduais e municipais cada vez mais robustas, os primeiros desafios j\u00e1 se mostram claros, sendo um dos principais a necessidade de haver garantias financeiras aos [&hellip;]<\/p>\n","protected":false},"author":1,"featured_media":21023,"comment_status":"closed","ping_status":"closed","sticky":false,"template":"","format":"standard","meta":{"_monsterinsights_skip_tracking":false,"_monsterinsights_sitenote_active":false,"_monsterinsights_sitenote_note":"","_monsterinsights_sitenote_category":0,"footnotes":""},"categories":[1,2053],"tags":[220,78,11651,12705,12939,12938,11904,1315,1693,406,12967,12966],"class_list":["post-21021","post","type-post","status-publish","format-standard","has-post-thumbnail","hentry","category-geral","category-infraliveventos","tag-agencia-infra","tag-concessoes","tag-concessoes-e-ppps","tag-deputado-arnaldo-jardim","tag-eventos-agencia-infra","tag-futuro-das-concessoes-e-ppps","tag-infralive-e-eventos","tag-parcerias-publico-privadas","tag-pl-7-063-2017","tag-ppps","tag-queiroz-maluf-reis-sociedade-de-advogados","tag-via-appia-concessoes"],"yoast_head":"<!-- This site is optimized with the Yoast SEO Premium plugin v25.4 (Yoast SEO v26.0) - https:\/\/yoast.com\/wordpress\/plugins\/seo\/ -->\n<title>&quot;Futuro das Concess\u00f5es e PPPs&quot;: Entes subnacionais defendem fundos para garantir PPPs e prazo c\u00e9lere para reajustes em PL - Ag\u00eancia iNFRA<\/title>\n<meta name=\"robots\" content=\"index, follow, max-snippet:-1, max-image-preview:large, max-video-preview:-1\" \/>\n<link rel=\"canonical\" href=\"https:\/\/agenciainfra.com\/blog\/futuro-das-concessoes-e-ppps-entes-subnacionais-defendem-fundos-para-garantir-ppps-e-prazo-celere-para-reajustes-em-pl\/\" \/>\n<meta property=\"og:locale\" content=\"pt_BR\" \/>\n<meta property=\"og:type\" content=\"article\" \/>\n<meta property=\"og:title\" content=\"&quot;Futuro das Concess\u00f5es e PPPs&quot;: Entes subnacionais defendem fundos para garantir PPPs e prazo c\u00e9lere para reajustes em PL\" \/>\n<meta property=\"og:description\" content=\"da Ag\u00eancia iNFRA Os governos subnacionais t\u00eam acompanhado de perto a tramita\u00e7\u00e3o do PL 7.063\/2017, que moderniza a legisla\u00e7\u00e3o para concess\u00f5es e PPPs (Parcerias P\u00fablico-Privadas). Com as carteiras de projetos estaduais e municipais cada vez mais robustas, os primeiros desafios j\u00e1 se mostram claros, sendo um dos principais a necessidade de haver garantias financeiras aos [&hellip;]\" \/>\n<meta property=\"og:url\" content=\"https:\/\/agenciainfra.com\/blog\/futuro-das-concessoes-e-ppps-entes-subnacionais-defendem-fundos-para-garantir-ppps-e-prazo-celere-para-reajustes-em-pl\/\" \/>\n<meta property=\"og:site_name\" content=\"Ag\u00eancia iNFRA\" \/>\n<meta property=\"article:publisher\" content=\"https:\/\/www.facebook.com\/ageninfra\" \/>\n<meta property=\"article:published_time\" content=\"2025-04-22T15:00:00+00:00\" \/>\n<meta property=\"article:modified_time\" content=\"2025-05-16T13:48:09+00:00\" \/>\n<meta property=\"og:image\" content=\"https:\/\/agenciainfra.com\/blog\/wp-content\/uploads\/2025\/04\/evento-ppps-e-concessoes-foto-percio-campos-agencia-infra3-e1747403284985.jpg\" \/>\n\t<meta property=\"og:image:width\" content=\"1208\" \/>\n\t<meta property=\"og:image:height\" content=\"705\" \/>\n\t<meta property=\"og:image:type\" content=\"image\/jpeg\" \/>\n<meta name=\"author\" content=\"Ag\u00eancia iNFRA\" \/>\n<meta name=\"twitter:card\" content=\"summary_large_image\" \/>\n<meta name=\"twitter:creator\" content=\"@agencia_infra\" \/>\n<meta name=\"twitter:site\" content=\"@agencia_infra\" \/>\n<meta name=\"twitter:label1\" content=\"Escrito por\" \/>\n\t<meta name=\"twitter:data1\" content=\"Ag\u00eancia iNFRA\" \/>\n\t<meta name=\"twitter:label2\" content=\"Est. tempo de leitura\" \/>\n\t<meta name=\"twitter:data2\" content=\"5 minutos\" \/>\n<script type=\"application\/ld+json\" class=\"yoast-schema-graph\">{\"@context\":\"https:\/\/schema.org\",\"@graph\":[{\"@type\":\"Article\",\"@id\":\"https:\/\/agenciainfra.com\/blog\/futuro-das-concessoes-e-ppps-entes-subnacionais-defendem-fundos-para-garantir-ppps-e-prazo-celere-para-reajustes-em-pl\/#article\",\"isPartOf\":{\"@id\":\"https:\/\/agenciainfra.com\/blog\/futuro-das-concessoes-e-ppps-entes-subnacionais-defendem-fundos-para-garantir-ppps-e-prazo-celere-para-reajustes-em-pl\/\"},\"author\":{\"name\":\"Ag\u00eancia iNFRA\",\"@id\":\"https:\/\/agenciainfra.com\/blog\/#\/schema\/person\/34af08dff6adea4cb22b06612ba7acfa\"},\"headline\":\"&#8220;Futuro das Concess\u00f5es e PPPs&#8221;: Entes subnacionais defendem fundos para garantir PPPs e prazo c\u00e9lere para reajustes em PL\",\"datePublished\":\"2025-04-22T15:00:00+00:00\",\"dateModified\":\"2025-05-16T13:48:09+00:00\",\"mainEntityOfPage\":{\"@id\":\"https:\/\/agenciainfra.com\/blog\/futuro-das-concessoes-e-ppps-entes-subnacionais-defendem-fundos-para-garantir-ppps-e-prazo-celere-para-reajustes-em-pl\/\"},\"wordCount\":1111,\"publisher\":{\"@id\":\"https:\/\/agenciainfra.com\/blog\/#organization\"},\"image\":{\"@id\":\"https:\/\/agenciainfra.com\/blog\/futuro-das-concessoes-e-ppps-entes-subnacionais-defendem-fundos-para-garantir-ppps-e-prazo-celere-para-reajustes-em-pl\/#primaryimage\"},\"thumbnailUrl\":\"https:\/\/agenciainfra.com\/blog\/wp-content\/uploads\/2025\/04\/evento-ppps-e-concessoes-foto-percio-campos-agencia-infra3-e1747403284985.jpg\",\"keywords\":[\"Ag\u00eancia iNFRA\",\"concess\u00f5es\",\"concess\u00f5es e ppps\",\"deputado arnaldo jardim\",\"eventos ag\u00eancia infra\",\"futuro das concess\u00f5es e ppps\",\"infralive e eventos\",\"parcerias p\u00fablico-privadas\",\"PL 7.063\/2017\",\"PPPs\",\"Queiroz Maluf Reis Sociedade de Advogados\",\"Via Appia Concess\u00f5es\"],\"articleSection\":[\"Geral\",\"iNFRALive e Eventos\"],\"inLanguage\":\"pt-BR\",\"copyrightYear\":\"2025\",\"copyrightHolder\":{\"@id\":\"https:\/\/agenciainfra.com\/blog\/#organization\"}},{\"@type\":\"WebPage\",\"@id\":\"https:\/\/agenciainfra.com\/blog\/futuro-das-concessoes-e-ppps-entes-subnacionais-defendem-fundos-para-garantir-ppps-e-prazo-celere-para-reajustes-em-pl\/\",\"url\":\"https:\/\/agenciainfra.com\/blog\/futuro-das-concessoes-e-ppps-entes-subnacionais-defendem-fundos-para-garantir-ppps-e-prazo-celere-para-reajustes-em-pl\/\",\"name\":\"\\\"Futuro das Concess\u00f5es e PPPs\\\": Entes subnacionais defendem fundos para garantir PPPs e prazo c\u00e9lere para reajustes em PL - Ag\u00eancia iNFRA\",\"isPartOf\":{\"@id\":\"https:\/\/agenciainfra.com\/blog\/#website\"},\"primaryImageOfPage\":{\"@id\":\"https:\/\/agenciainfra.com\/blog\/futuro-das-concessoes-e-ppps-entes-subnacionais-defendem-fundos-para-garantir-ppps-e-prazo-celere-para-reajustes-em-pl\/#primaryimage\"},\"image\":{\"@id\":\"https:\/\/agenciainfra.com\/blog\/futuro-das-concessoes-e-ppps-entes-subnacionais-defendem-fundos-para-garantir-ppps-e-prazo-celere-para-reajustes-em-pl\/#primaryimage\"},\"thumbnailUrl\":\"https:\/\/agenciainfra.com\/blog\/wp-content\/uploads\/2025\/04\/evento-ppps-e-concessoes-foto-percio-campos-agencia-infra3-e1747403284985.jpg\",\"datePublished\":\"2025-04-22T15:00:00+00:00\",\"dateModified\":\"2025-05-16T13:48:09+00:00\",\"breadcrumb\":{\"@id\":\"https:\/\/agenciainfra.com\/blog\/futuro-das-concessoes-e-ppps-entes-subnacionais-defendem-fundos-para-garantir-ppps-e-prazo-celere-para-reajustes-em-pl\/#breadcrumb\"},\"inLanguage\":\"pt-BR\",\"potentialAction\":[{\"@type\":\"ReadAction\",\"target\":[\"https:\/\/agenciainfra.com\/blog\/futuro-das-concessoes-e-ppps-entes-subnacionais-defendem-fundos-para-garantir-ppps-e-prazo-celere-para-reajustes-em-pl\/\"]}]},{\"@type\":\"ImageObject\",\"inLanguage\":\"pt-BR\",\"@id\":\"https:\/\/agenciainfra.com\/blog\/futuro-das-concessoes-e-ppps-entes-subnacionais-defendem-fundos-para-garantir-ppps-e-prazo-celere-para-reajustes-em-pl\/#primaryimage\",\"url\":\"https:\/\/agenciainfra.com\/blog\/wp-content\/uploads\/2025\/04\/evento-ppps-e-concessoes-foto-percio-campos-agencia-infra3-e1747403284985.jpg\",\"contentUrl\":\"https:\/\/agenciainfra.com\/blog\/wp-content\/uploads\/2025\/04\/evento-ppps-e-concessoes-foto-percio-campos-agencia-infra3-e1747403284985.jpg\",\"width\":1208,\"height\":705},{\"@type\":\"BreadcrumbList\",\"@id\":\"https:\/\/agenciainfra.com\/blog\/futuro-das-concessoes-e-ppps-entes-subnacionais-defendem-fundos-para-garantir-ppps-e-prazo-celere-para-reajustes-em-pl\/#breadcrumb\",\"itemListElement\":[{\"@type\":\"ListItem\",\"position\":1,\"name\":\"In\u00edcio\",\"item\":\"https:\/\/agenciainfra.com\/blog\/\"},{\"@type\":\"ListItem\",\"position\":2,\"name\":\"&#8220;Futuro das Concess\u00f5es e PPPs&#8221;: Entes subnacionais defendem fundos para garantir PPPs e prazo c\u00e9lere para reajustes em PL\"}]},{\"@type\":\"WebSite\",\"@id\":\"https:\/\/agenciainfra.com\/blog\/#website\",\"url\":\"https:\/\/agenciainfra.com\/blog\/\",\"name\":\"Ag\u00eancia iNFRA\",\"description\":\"Multiplataforma de informa\u00e7\u00e3o jornal\u00edstica refer\u00eancia na \u00e1rea de infraestrutura no Brasil!\",\"publisher\":{\"@id\":\"https:\/\/agenciainfra.com\/blog\/#organization\"},\"potentialAction\":[{\"@type\":\"SearchAction\",\"target\":{\"@type\":\"EntryPoint\",\"urlTemplate\":\"https:\/\/agenciainfra.com\/blog\/?s={search_term_string}\"},\"query-input\":{\"@type\":\"PropertyValueSpecification\",\"valueRequired\":true,\"valueName\":\"search_term_string\"}}],\"inLanguage\":\"pt-BR\"},{\"@type\":\"Organization\",\"@id\":\"https:\/\/agenciainfra.com\/blog\/#organization\",\"name\":\"Ag\u00eancia iNFRA\",\"url\":\"https:\/\/agenciainfra.com\/blog\/\",\"logo\":{\"@type\":\"ImageObject\",\"inLanguage\":\"pt-BR\",\"@id\":\"https:\/\/agenciainfra.com\/blog\/#\/schema\/logo\/image\/\",\"url\":\"https:\/\/agenciainfra.com\/blog\/wp-content\/uploads\/2023\/09\/iNFRA_5-e1761735885940.png\",\"contentUrl\":\"https:\/\/agenciainfra.com\/blog\/wp-content\/uploads\/2023\/09\/iNFRA_5-e1761735885940.png\",\"width\":1672,\"height\":454,\"caption\":\"Ag\u00eancia iNFRA\"},\"image\":{\"@id\":\"https:\/\/agenciainfra.com\/blog\/#\/schema\/logo\/image\/\"},\"sameAs\":[\"https:\/\/www.facebook.com\/ageninfra\",\"https:\/\/x.com\/agencia_infra\",\"https:\/\/www.linkedin.com\/company\/ag\u00eanciainfra\/\",\"https:\/\/www.instagram.com\/agenciainfra\/\"]},{\"@type\":\"Person\",\"@id\":\"https:\/\/agenciainfra.com\/blog\/#\/schema\/person\/34af08dff6adea4cb22b06612ba7acfa\",\"name\":\"Ag\u00eancia iNFRA\",\"image\":{\"@type\":\"ImageObject\",\"inLanguage\":\"pt-BR\",\"@id\":\"https:\/\/agenciainfra.com\/blog\/#\/schema\/person\/image\/\",\"url\":\"https:\/\/secure.gravatar.com\/avatar\/d189e01678f06d8eb84d4e01f08eb848b3fffe3f8443818d3c356c66892f5be8?s=96&d=mm&r=g\",\"contentUrl\":\"https:\/\/secure.gravatar.com\/avatar\/d189e01678f06d8eb84d4e01f08eb848b3fffe3f8443818d3c356c66892f5be8?s=96&d=mm&r=g\",\"caption\":\"Ag\u00eancia iNFRA\"},\"url\":\"https:\/\/agenciainfra.com\/blog\/author\/admin\/\"}]}<\/script>\n<!-- \/ Yoast SEO Premium plugin. -->","yoast_head_json":{"title":"\"Futuro das Concess\u00f5es e PPPs\": Entes subnacionais defendem fundos para garantir PPPs e prazo c\u00e9lere para reajustes em PL - Ag\u00eancia iNFRA","robots":{"index":"index","follow":"follow","max-snippet":"max-snippet:-1","max-image-preview":"max-image-preview:large","max-video-preview":"max-video-preview:-1"},"canonical":"https:\/\/agenciainfra.com\/blog\/futuro-das-concessoes-e-ppps-entes-subnacionais-defendem-fundos-para-garantir-ppps-e-prazo-celere-para-reajustes-em-pl\/","og_locale":"pt_BR","og_type":"article","og_title":"\"Futuro das Concess\u00f5es e PPPs\": Entes subnacionais defendem fundos para garantir PPPs e prazo c\u00e9lere para reajustes em PL","og_description":"da Ag\u00eancia iNFRA Os governos subnacionais t\u00eam acompanhado de perto a tramita\u00e7\u00e3o do PL 7.063\/2017, que moderniza a legisla\u00e7\u00e3o para concess\u00f5es e PPPs (Parcerias P\u00fablico-Privadas). Com as carteiras de projetos estaduais e municipais cada vez mais robustas, os primeiros desafios j\u00e1 se mostram claros, sendo um dos principais a necessidade de haver garantias financeiras aos [&hellip;]","og_url":"https:\/\/agenciainfra.com\/blog\/futuro-das-concessoes-e-ppps-entes-subnacionais-defendem-fundos-para-garantir-ppps-e-prazo-celere-para-reajustes-em-pl\/","og_site_name":"Ag\u00eancia iNFRA","article_publisher":"https:\/\/www.facebook.com\/ageninfra","article_published_time":"2025-04-22T15:00:00+00:00","article_modified_time":"2025-05-16T13:48:09+00:00","og_image":[{"width":1208,"height":705,"url":"https:\/\/agenciainfra.com\/blog\/wp-content\/uploads\/2025\/04\/evento-ppps-e-concessoes-foto-percio-campos-agencia-infra3-e1747403284985.jpg","type":"image\/jpeg"}],"author":"Ag\u00eancia iNFRA","twitter_card":"summary_large_image","twitter_creator":"@agencia_infra","twitter_site":"@agencia_infra","twitter_misc":{"Escrito por":"Ag\u00eancia iNFRA","Est. tempo de leitura":"5 minutos"},"schema":{"@context":"https:\/\/schema.org","@graph":[{"@type":"Article","@id":"https:\/\/agenciainfra.com\/blog\/futuro-das-concessoes-e-ppps-entes-subnacionais-defendem-fundos-para-garantir-ppps-e-prazo-celere-para-reajustes-em-pl\/#article","isPartOf":{"@id":"https:\/\/agenciainfra.com\/blog\/futuro-das-concessoes-e-ppps-entes-subnacionais-defendem-fundos-para-garantir-ppps-e-prazo-celere-para-reajustes-em-pl\/"},"author":{"name":"Ag\u00eancia iNFRA","@id":"https:\/\/agenciainfra.com\/blog\/#\/schema\/person\/34af08dff6adea4cb22b06612ba7acfa"},"headline":"&#8220;Futuro das Concess\u00f5es e PPPs&#8221;: Entes subnacionais defendem fundos para garantir PPPs e prazo c\u00e9lere para reajustes em PL","datePublished":"2025-04-22T15:00:00+00:00","dateModified":"2025-05-16T13:48:09+00:00","mainEntityOfPage":{"@id":"https:\/\/agenciainfra.com\/blog\/futuro-das-concessoes-e-ppps-entes-subnacionais-defendem-fundos-para-garantir-ppps-e-prazo-celere-para-reajustes-em-pl\/"},"wordCount":1111,"publisher":{"@id":"https:\/\/agenciainfra.com\/blog\/#organization"},"image":{"@id":"https:\/\/agenciainfra.com\/blog\/futuro-das-concessoes-e-ppps-entes-subnacionais-defendem-fundos-para-garantir-ppps-e-prazo-celere-para-reajustes-em-pl\/#primaryimage"},"thumbnailUrl":"https:\/\/agenciainfra.com\/blog\/wp-content\/uploads\/2025\/04\/evento-ppps-e-concessoes-foto-percio-campos-agencia-infra3-e1747403284985.jpg","keywords":["Ag\u00eancia iNFRA","concess\u00f5es","concess\u00f5es e ppps","deputado arnaldo jardim","eventos ag\u00eancia infra","futuro das concess\u00f5es e ppps","infralive e eventos","parcerias p\u00fablico-privadas","PL 7.063\/2017","PPPs","Queiroz Maluf Reis Sociedade de Advogados","Via Appia Concess\u00f5es"],"articleSection":["Geral","iNFRALive e Eventos"],"inLanguage":"pt-BR","copyrightYear":"2025","copyrightHolder":{"@id":"https:\/\/agenciainfra.com\/blog\/#organization"}},{"@type":"WebPage","@id":"https:\/\/agenciainfra.com\/blog\/futuro-das-concessoes-e-ppps-entes-subnacionais-defendem-fundos-para-garantir-ppps-e-prazo-celere-para-reajustes-em-pl\/","url":"https:\/\/agenciainfra.com\/blog\/futuro-das-concessoes-e-ppps-entes-subnacionais-defendem-fundos-para-garantir-ppps-e-prazo-celere-para-reajustes-em-pl\/","name":"\"Futuro das Concess\u00f5es e PPPs\": Entes subnacionais defendem fundos para garantir PPPs e prazo c\u00e9lere para reajustes em PL - Ag\u00eancia iNFRA","isPartOf":{"@id":"https:\/\/agenciainfra.com\/blog\/#website"},"primaryImageOfPage":{"@id":"https:\/\/agenciainfra.com\/blog\/futuro-das-concessoes-e-ppps-entes-subnacionais-defendem-fundos-para-garantir-ppps-e-prazo-celere-para-reajustes-em-pl\/#primaryimage"},"image":{"@id":"https:\/\/agenciainfra.com\/blog\/futuro-das-concessoes-e-ppps-entes-subnacionais-defendem-fundos-para-garantir-ppps-e-prazo-celere-para-reajustes-em-pl\/#primaryimage"},"thumbnailUrl":"https:\/\/agenciainfra.com\/blog\/wp-content\/uploads\/2025\/04\/evento-ppps-e-concessoes-foto-percio-campos-agencia-infra3-e1747403284985.jpg","datePublished":"2025-04-22T15:00:00+00:00","dateModified":"2025-05-16T13:48:09+00:00","breadcrumb":{"@id":"https:\/\/agenciainfra.com\/blog\/futuro-das-concessoes-e-ppps-entes-subnacionais-defendem-fundos-para-garantir-ppps-e-prazo-celere-para-reajustes-em-pl\/#breadcrumb"},"inLanguage":"pt-BR","potentialAction":[{"@type":"ReadAction","target":["https:\/\/agenciainfra.com\/blog\/futuro-das-concessoes-e-ppps-entes-subnacionais-defendem-fundos-para-garantir-ppps-e-prazo-celere-para-reajustes-em-pl\/"]}]},{"@type":"ImageObject","inLanguage":"pt-BR","@id":"https:\/\/agenciainfra.com\/blog\/futuro-das-concessoes-e-ppps-entes-subnacionais-defendem-fundos-para-garantir-ppps-e-prazo-celere-para-reajustes-em-pl\/#primaryimage","url":"https:\/\/agenciainfra.com\/blog\/wp-content\/uploads\/2025\/04\/evento-ppps-e-concessoes-foto-percio-campos-agencia-infra3-e1747403284985.jpg","contentUrl":"https:\/\/agenciainfra.com\/blog\/wp-content\/uploads\/2025\/04\/evento-ppps-e-concessoes-foto-percio-campos-agencia-infra3-e1747403284985.jpg","width":1208,"height":705},{"@type":"BreadcrumbList","@id":"https:\/\/agenciainfra.com\/blog\/futuro-das-concessoes-e-ppps-entes-subnacionais-defendem-fundos-para-garantir-ppps-e-prazo-celere-para-reajustes-em-pl\/#breadcrumb","itemListElement":[{"@type":"ListItem","position":1,"name":"In\u00edcio","item":"https:\/\/agenciainfra.com\/blog\/"},{"@type":"ListItem","position":2,"name":"&#8220;Futuro das Concess\u00f5es e PPPs&#8221;: Entes subnacionais defendem fundos para garantir PPPs e prazo c\u00e9lere para reajustes em PL"}]},{"@type":"WebSite","@id":"https:\/\/agenciainfra.com\/blog\/#website","url":"https:\/\/agenciainfra.com\/blog\/","name":"Ag\u00eancia iNFRA","description":"Multiplataforma de informa\u00e7\u00e3o jornal\u00edstica refer\u00eancia na \u00e1rea de infraestrutura no Brasil!","publisher":{"@id":"https:\/\/agenciainfra.com\/blog\/#organization"},"potentialAction":[{"@type":"SearchAction","target":{"@type":"EntryPoint","urlTemplate":"https:\/\/agenciainfra.com\/blog\/?s={search_term_string}"},"query-input":{"@type":"PropertyValueSpecification","valueRequired":true,"valueName":"search_term_string"}}],"inLanguage":"pt-BR"},{"@type":"Organization","@id":"https:\/\/agenciainfra.com\/blog\/#organization","name":"Ag\u00eancia iNFRA","url":"https:\/\/agenciainfra.com\/blog\/","logo":{"@type":"ImageObject","inLanguage":"pt-BR","@id":"https:\/\/agenciainfra.com\/blog\/#\/schema\/logo\/image\/","url":"https:\/\/agenciainfra.com\/blog\/wp-content\/uploads\/2023\/09\/iNFRA_5-e1761735885940.png","contentUrl":"https:\/\/agenciainfra.com\/blog\/wp-content\/uploads\/2023\/09\/iNFRA_5-e1761735885940.png","width":1672,"height":454,"caption":"Ag\u00eancia iNFRA"},"image":{"@id":"https:\/\/agenciainfra.com\/blog\/#\/schema\/logo\/image\/"},"sameAs":["https:\/\/www.facebook.com\/ageninfra","https:\/\/x.com\/agencia_infra","https:\/\/www.linkedin.com\/company\/ag\u00eanciainfra\/","https:\/\/www.instagram.com\/agenciainfra\/"]},{"@type":"Person","@id":"https:\/\/agenciainfra.com\/blog\/#\/schema\/person\/34af08dff6adea4cb22b06612ba7acfa","name":"Ag\u00eancia iNFRA","image":{"@type":"ImageObject","inLanguage":"pt-BR","@id":"https:\/\/agenciainfra.com\/blog\/#\/schema\/person\/image\/","url":"https:\/\/secure.gravatar.com\/avatar\/d189e01678f06d8eb84d4e01f08eb848b3fffe3f8443818d3c356c66892f5be8?s=96&d=mm&r=g","contentUrl":"https:\/\/secure.gravatar.com\/avatar\/d189e01678f06d8eb84d4e01f08eb848b3fffe3f8443818d3c356c66892f5be8?s=96&d=mm&r=g","caption":"Ag\u00eancia iNFRA"},"url":"https:\/\/agenciainfra.com\/blog\/author\/admin\/"}]}},"_links":{"self":[{"href":"https:\/\/agenciainfra.com\/blog\/wp-json\/wp\/v2\/posts\/21021","targetHints":{"allow":["GET"]}}],"collection":[{"href":"https:\/\/agenciainfra.com\/blog\/wp-json\/wp\/v2\/posts"}],"about":[{"href":"https:\/\/agenciainfra.com\/blog\/wp-json\/wp\/v2\/types\/post"}],"author":[{"embeddable":true,"href":"https:\/\/agenciainfra.com\/blog\/wp-json\/wp\/v2\/users\/1"}],"replies":[{"embeddable":true,"href":"https:\/\/agenciainfra.com\/blog\/wp-json\/wp\/v2\/comments?post=21021"}],"version-history":[{"count":5,"href":"https:\/\/agenciainfra.com\/blog\/wp-json\/wp\/v2\/posts\/21021\/revisions"}],"predecessor-version":[{"id":26947,"href":"https:\/\/agenciainfra.com\/blog\/wp-json\/wp\/v2\/posts\/21021\/revisions\/26947"}],"wp:featuredmedia":[{"embeddable":true,"href":"https:\/\/agenciainfra.com\/blog\/wp-json\/wp\/v2\/media\/21023"}],"wp:attachment":[{"href":"https:\/\/agenciainfra.com\/blog\/wp-json\/wp\/v2\/media?parent=21021"}],"wp:term":[{"taxonomy":"category","embeddable":true,"href":"https:\/\/agenciainfra.com\/blog\/wp-json\/wp\/v2\/categories?post=21021"},{"taxonomy":"post_tag","embeddable":true,"href":"https:\/\/agenciainfra.com\/blog\/wp-json\/wp\/v2\/tags?post=21021"}],"curies":[{"name":"wp","href":"https:\/\/api.w.org\/{rel}","templated":true}]}}