{"id":21063,"date":"2025-04-24T08:30:00","date_gmt":"2025-04-24T11:30:00","guid":{"rendered":"https:\/\/agenciainfra.com\/blog\/?p=21063"},"modified":"2025-04-24T08:04:57","modified_gmt":"2025-04-24T11:04:57","slug":"mme-convida-aneel-tcu-e-associacoes-para-falar-sobre-reforma-do-setor-eletrico","status":"publish","type":"post","link":"https:\/\/agenciainfra.com\/blog\/mme-convida-aneel-tcu-e-associacoes-para-falar-sobre-reforma-do-setor-eletrico\/","title":{"rendered":"MME convida ANEEL, TCU e associa\u00e7\u00f5es para falar sobre reforma do setor el\u00e9trico"},"content":{"rendered":"\n<p class=\"has-text-align-right\"><strong>Marisa Wanzeller e Lais Carregosa, da Ag\u00eancia iNFRA<\/strong><\/p>\n\n\n\n<p>Representantes do MME (Minist\u00e9rio de Minas e Energia) reuniram-se na tarde desta quarta-feira (23) com diretores da ANEEL (Ag\u00eancia Nacional de Energia El\u00e9trica) e com integrantes do TCU (Tribunal de Contas da Uni\u00e3o) para discutir a reforma do setor el\u00e9trico. Hoje (24), h\u00e1 outra reuni\u00e3o marcada para as 15h com associa\u00e7\u00f5es do setor.<\/p>\n\n\n\n<p>A pasta enviou a minuta do texto para a Casa Civil no \u00faltimo dia 16, depois de apresentar os principais pontos \u00e0 imprensa, em entrevista na sede do MME. Esse foi um dos motivos que levou o diretor Fernando Mosna, da ANEEL, a se ausentar. O diretor Ricardo Tili tamb\u00e9m n\u00e3o participou da reuni\u00e3o.<\/p>\n\n\n\n<p>Mosna disse \u00e0&nbsp;<strong>Ag\u00eancia iNFRA<\/strong>&nbsp;que \u201co timing da reuni\u00e3o foi perdido\u201d, uma vez que \u201co teor do projeto n\u00e3o s\u00f3 foi objeto de ampla divulga\u00e7\u00e3o como tamb\u00e9m a minuta j\u00e1 foi encaminhada para a Casa Civil\u201d.&nbsp;<\/p>\n\n\n\n<p>No primeiro encontro, com a ANEEL, compareceram o diretor-geral, Sandoval Feitosa, e a diretora substituta Ludimila Lima, al\u00e9m de t\u00e9cnicos da ag\u00eancia. J\u00e1 a segunda reuni\u00e3o contou com integrantes da SecexEnergia (Secretaria de Controle Externo de Energia e Comunica\u00e7\u00f5es) do TCU.<\/p>\n\n\n\n<p>Em nota, a ANEEL disse que os diretores \u201cse colocaram \u00e0 disposi\u00e7\u00e3o para implementa\u00e7\u00e3o das a\u00e7\u00f5es necess\u00e1rias\u201d para a reforma do setor.<\/p>\n\n\n\n<p>Para a reuni\u00e3o de hoje, s\u00e3o esperados mais de 40 representantes das entidades filiadas ao Fase (F\u00f3rum de Associa\u00e7\u00f5es do Setor El\u00e9trico).<\/p>\n","protected":false},"excerpt":{"rendered":"<p>Marisa Wanzeller e Lais Carregosa, da Ag\u00eancia iNFRA Representantes do MME (Minist\u00e9rio de Minas e Energia) reuniram-se na tarde desta quarta-feira (23) com diretores da ANEEL (Ag\u00eancia Nacional de Energia El\u00e9trica) e com integrantes do TCU (Tribunal de Contas da Uni\u00e3o) para discutir a reforma do setor el\u00e9trico. Hoje (24), h\u00e1 outra reuni\u00e3o marcada para [&hellip;]<\/p>\n","protected":false},"author":1,"featured_media":16972,"comment_status":"closed","ping_status":"closed","sticky":false,"template":"","format":"standard","meta":{"_monsterinsights_skip_tracking":false,"_monsterinsights_sitenote_active":false,"_monsterinsights_sitenote_note":"","_monsterinsights_sitenote_category":0,"footnotes":""},"categories":[7250,1,10],"tags":[6800,53,13133,7014,13132,12289,7366,10710,5682,1026,13038,54],"class_list":["post-21063","post","type-post","status-publish","format-standard","has-post-thumbnail","hentry","category-destaque-lista","category-geral","category-infraenergia","tag-agnes-costa","tag-aneel","tag-diretores-da-aneel","tag-fernando-mosna","tag-lais-carregosa","tag-ludimila-lima","tag-marisa-wanzeller","tag-reforma-do-setor-eletrico","tag-ricardo-tili","tag-sandoval-feitosa","tag-secexenergia","tag-setor-eletrico"],"yoast_head":"<!-- This site is optimized with the Yoast SEO Premium plugin v25.4 (Yoast SEO v26.0) - https:\/\/yoast.com\/wordpress\/plugins\/seo\/ -->\n<title>MME convida ANEEL, TCU e associa\u00e7\u00f5es para falar sobre reforma do setor el\u00e9trico - Ag\u00eancia iNFRA<\/title>\n<meta name=\"robots\" content=\"index, follow, max-snippet:-1, max-image-preview:large, max-video-preview:-1\" \/>\n<link rel=\"canonical\" href=\"https:\/\/agenciainfra.com\/blog\/mme-convida-aneel-tcu-e-associacoes-para-falar-sobre-reforma-do-setor-eletrico\/\" \/>\n<meta property=\"og:locale\" content=\"pt_BR\" \/>\n<meta property=\"og:type\" content=\"article\" \/>\n<meta property=\"og:title\" content=\"MME convida ANEEL, TCU e associa\u00e7\u00f5es para falar sobre reforma do setor el\u00e9trico\" \/>\n<meta property=\"og:description\" content=\"Marisa Wanzeller e Lais Carregosa, da Ag\u00eancia iNFRA Representantes do MME (Minist\u00e9rio de Minas e Energia) reuniram-se na tarde desta quarta-feira (23) com diretores da ANEEL (Ag\u00eancia Nacional de Energia El\u00e9trica) e com integrantes do TCU (Tribunal de Contas da Uni\u00e3o) para discutir a reforma do setor el\u00e9trico. Hoje (24), h\u00e1 outra reuni\u00e3o marcada para [&hellip;]\" \/>\n<meta property=\"og:url\" content=\"https:\/\/agenciainfra.com\/blog\/mme-convida-aneel-tcu-e-associacoes-para-falar-sobre-reforma-do-setor-eletrico\/\" \/>\n<meta property=\"og:site_name\" content=\"Ag\u00eancia iNFRA\" \/>\n<meta property=\"article:publisher\" content=\"https:\/\/www.facebook.com\/ageninfra\" \/>\n<meta property=\"article:published_time\" content=\"2025-04-24T11:30:00+00:00\" \/>\n<meta property=\"og:image\" content=\"https:\/\/agenciainfra.com\/blog\/wp-content\/uploads\/2024\/06\/mme-minas-energia-predio-foto-governo-federal.jpeg\" \/>\n\t<meta property=\"og:image:width\" content=\"1202\" \/>\n\t<meta property=\"og:image:height\" content=\"773\" \/>\n\t<meta property=\"og:image:type\" content=\"image\/jpeg\" \/>\n<meta name=\"author\" content=\"Ag\u00eancia iNFRA\" \/>\n<meta name=\"twitter:card\" content=\"summary_large_image\" \/>\n<meta name=\"twitter:creator\" content=\"@agencia_infra\" \/>\n<meta name=\"twitter:site\" content=\"@agencia_infra\" \/>\n<meta name=\"twitter:label1\" content=\"Escrito por\" \/>\n\t<meta name=\"twitter:data1\" content=\"Ag\u00eancia iNFRA\" \/>\n\t<meta name=\"twitter:label2\" content=\"Est. tempo de leitura\" \/>\n\t<meta name=\"twitter:data2\" content=\"1 minuto\" \/>\n<script type=\"application\/ld+json\" class=\"yoast-schema-graph\">{\"@context\":\"https:\/\/schema.org\",\"@graph\":[{\"@type\":\"Article\",\"@id\":\"https:\/\/agenciainfra.com\/blog\/mme-convida-aneel-tcu-e-associacoes-para-falar-sobre-reforma-do-setor-eletrico\/#article\",\"isPartOf\":{\"@id\":\"https:\/\/agenciainfra.com\/blog\/mme-convida-aneel-tcu-e-associacoes-para-falar-sobre-reforma-do-setor-eletrico\/\"},\"author\":{\"name\":\"Ag\u00eancia iNFRA\",\"@id\":\"https:\/\/agenciainfra.com\/blog\/#\/schema\/person\/34af08dff6adea4cb22b06612ba7acfa\"},\"headline\":\"MME convida ANEEL, TCU e associa\u00e7\u00f5es para falar sobre reforma do setor el\u00e9trico\",\"datePublished\":\"2025-04-24T11:30:00+00:00\",\"mainEntityOfPage\":{\"@id\":\"https:\/\/agenciainfra.com\/blog\/mme-convida-aneel-tcu-e-associacoes-para-falar-sobre-reforma-do-setor-eletrico\/\"},\"wordCount\":278,\"publisher\":{\"@id\":\"https:\/\/agenciainfra.com\/blog\/#organization\"},\"image\":{\"@id\":\"https:\/\/agenciainfra.com\/blog\/mme-convida-aneel-tcu-e-associacoes-para-falar-sobre-reforma-do-setor-eletrico\/#primaryimage\"},\"thumbnailUrl\":\"https:\/\/agenciainfra.com\/blog\/wp-content\/uploads\/2024\/06\/mme-minas-energia-predio-foto-governo-federal.jpeg\",\"keywords\":[\"Agnes Costa\",\"ANEEL\",\"diretores da aneel\",\"Fernando Mosna\",\"Lais Carregosa\",\"ludimila lima\",\"Marisa Wanzeller\",\"Reforma do Setor El\u00e9trico\",\"Ricardo Tili\",\"Sandoval Feitosa\",\"secexenergia\",\"Setor El\u00e9trico\"],\"articleSection\":[\"Destaque lista\",\"Geral\",\"iNFRAEnergia\"],\"inLanguage\":\"pt-BR\",\"copyrightYear\":\"2025\",\"copyrightHolder\":{\"@id\":\"https:\/\/agenciainfra.com\/blog\/#organization\"}},{\"@type\":\"WebPage\",\"@id\":\"https:\/\/agenciainfra.com\/blog\/mme-convida-aneel-tcu-e-associacoes-para-falar-sobre-reforma-do-setor-eletrico\/\",\"url\":\"https:\/\/agenciainfra.com\/blog\/mme-convida-aneel-tcu-e-associacoes-para-falar-sobre-reforma-do-setor-eletrico\/\",\"name\":\"MME convida ANEEL, TCU e associa\u00e7\u00f5es para falar sobre reforma do setor el\u00e9trico - Ag\u00eancia iNFRA\",\"isPartOf\":{\"@id\":\"https:\/\/agenciainfra.com\/blog\/#website\"},\"primaryImageOfPage\":{\"@id\":\"https:\/\/agenciainfra.com\/blog\/mme-convida-aneel-tcu-e-associacoes-para-falar-sobre-reforma-do-setor-eletrico\/#primaryimage\"},\"image\":{\"@id\":\"https:\/\/agenciainfra.com\/blog\/mme-convida-aneel-tcu-e-associacoes-para-falar-sobre-reforma-do-setor-eletrico\/#primaryimage\"},\"thumbnailUrl\":\"https:\/\/agenciainfra.com\/blog\/wp-content\/uploads\/2024\/06\/mme-minas-energia-predio-foto-governo-federal.jpeg\",\"datePublished\":\"2025-04-24T11:30:00+00:00\",\"breadcrumb\":{\"@id\":\"https:\/\/agenciainfra.com\/blog\/mme-convida-aneel-tcu-e-associacoes-para-falar-sobre-reforma-do-setor-eletrico\/#breadcrumb\"},\"inLanguage\":\"pt-BR\",\"potentialAction\":[{\"@type\":\"ReadAction\",\"target\":[\"https:\/\/agenciainfra.com\/blog\/mme-convida-aneel-tcu-e-associacoes-para-falar-sobre-reforma-do-setor-eletrico\/\"]}]},{\"@type\":\"ImageObject\",\"inLanguage\":\"pt-BR\",\"@id\":\"https:\/\/agenciainfra.com\/blog\/mme-convida-aneel-tcu-e-associacoes-para-falar-sobre-reforma-do-setor-eletrico\/#primaryimage\",\"url\":\"https:\/\/agenciainfra.com\/blog\/wp-content\/uploads\/2024\/06\/mme-minas-energia-predio-foto-governo-federal.jpeg\",\"contentUrl\":\"https:\/\/agenciainfra.com\/blog\/wp-content\/uploads\/2024\/06\/mme-minas-energia-predio-foto-governo-federal.jpeg\",\"width\":1202,\"height\":773,\"caption\":\"Foto: MME\"},{\"@type\":\"BreadcrumbList\",\"@id\":\"https:\/\/agenciainfra.com\/blog\/mme-convida-aneel-tcu-e-associacoes-para-falar-sobre-reforma-do-setor-eletrico\/#breadcrumb\",\"itemListElement\":[{\"@type\":\"ListItem\",\"position\":1,\"name\":\"In\u00edcio\",\"item\":\"https:\/\/agenciainfra.com\/blog\/\"},{\"@type\":\"ListItem\",\"position\":2,\"name\":\"MME convida ANEEL, TCU e associa\u00e7\u00f5es para falar sobre reforma do setor el\u00e9trico\"}]},{\"@type\":\"WebSite\",\"@id\":\"https:\/\/agenciainfra.com\/blog\/#website\",\"url\":\"https:\/\/agenciainfra.com\/blog\/\",\"name\":\"Ag\u00eancia iNFRA\",\"description\":\"Multiplataforma de informa\u00e7\u00e3o jornal\u00edstica refer\u00eancia na \u00e1rea de infraestrutura no Brasil!\",\"publisher\":{\"@id\":\"https:\/\/agenciainfra.com\/blog\/#organization\"},\"potentialAction\":[{\"@type\":\"SearchAction\",\"target\":{\"@type\":\"EntryPoint\",\"urlTemplate\":\"https:\/\/agenciainfra.com\/blog\/?s={search_term_string}\"},\"query-input\":{\"@type\":\"PropertyValueSpecification\",\"valueRequired\":true,\"valueName\":\"search_term_string\"}}],\"inLanguage\":\"pt-BR\"},{\"@type\":\"Organization\",\"@id\":\"https:\/\/agenciainfra.com\/blog\/#organization\",\"name\":\"Ag\u00eancia iNFRA\",\"url\":\"https:\/\/agenciainfra.com\/blog\/\",\"logo\":{\"@type\":\"ImageObject\",\"inLanguage\":\"pt-BR\",\"@id\":\"https:\/\/agenciainfra.com\/blog\/#\/schema\/logo\/image\/\",\"url\":\"https:\/\/agenciainfra.com\/blog\/wp-content\/uploads\/2023\/09\/iNFRA_5-e1761735885940.png\",\"contentUrl\":\"https:\/\/agenciainfra.com\/blog\/wp-content\/uploads\/2023\/09\/iNFRA_5-e1761735885940.png\",\"width\":1672,\"height\":454,\"caption\":\"Ag\u00eancia iNFRA\"},\"image\":{\"@id\":\"https:\/\/agenciainfra.com\/blog\/#\/schema\/logo\/image\/\"},\"sameAs\":[\"https:\/\/www.facebook.com\/ageninfra\",\"https:\/\/x.com\/agencia_infra\",\"https:\/\/www.linkedin.com\/company\/ag\u00eanciainfra\/\",\"https:\/\/www.instagram.com\/agenciainfra\/\"]},{\"@type\":\"Person\",\"@id\":\"https:\/\/agenciainfra.com\/blog\/#\/schema\/person\/34af08dff6adea4cb22b06612ba7acfa\",\"name\":\"Ag\u00eancia iNFRA\",\"image\":{\"@type\":\"ImageObject\",\"inLanguage\":\"pt-BR\",\"@id\":\"https:\/\/agenciainfra.com\/blog\/#\/schema\/person\/image\/\",\"url\":\"https:\/\/secure.gravatar.com\/avatar\/d189e01678f06d8eb84d4e01f08eb848b3fffe3f8443818d3c356c66892f5be8?s=96&d=mm&r=g\",\"contentUrl\":\"https:\/\/secure.gravatar.com\/avatar\/d189e01678f06d8eb84d4e01f08eb848b3fffe3f8443818d3c356c66892f5be8?s=96&d=mm&r=g\",\"caption\":\"Ag\u00eancia iNFRA\"},\"url\":\"https:\/\/agenciainfra.com\/blog\/author\/admin\/\"}]}<\/script>\n<!-- \/ Yoast SEO Premium plugin. -->","yoast_head_json":{"title":"MME convida ANEEL, TCU e associa\u00e7\u00f5es para falar sobre reforma do setor el\u00e9trico - Ag\u00eancia iNFRA","robots":{"index":"index","follow":"follow","max-snippet":"max-snippet:-1","max-image-preview":"max-image-preview:large","max-video-preview":"max-video-preview:-1"},"canonical":"https:\/\/agenciainfra.com\/blog\/mme-convida-aneel-tcu-e-associacoes-para-falar-sobre-reforma-do-setor-eletrico\/","og_locale":"pt_BR","og_type":"article","og_title":"MME convida ANEEL, TCU e associa\u00e7\u00f5es para falar sobre reforma do setor el\u00e9trico","og_description":"Marisa Wanzeller e Lais Carregosa, da Ag\u00eancia iNFRA Representantes do MME (Minist\u00e9rio de Minas e Energia) reuniram-se na tarde desta quarta-feira (23) com diretores da ANEEL (Ag\u00eancia Nacional de Energia El\u00e9trica) e com integrantes do TCU (Tribunal de Contas da Uni\u00e3o) para discutir a reforma do setor el\u00e9trico. Hoje (24), h\u00e1 outra reuni\u00e3o marcada para [&hellip;]","og_url":"https:\/\/agenciainfra.com\/blog\/mme-convida-aneel-tcu-e-associacoes-para-falar-sobre-reforma-do-setor-eletrico\/","og_site_name":"Ag\u00eancia iNFRA","article_publisher":"https:\/\/www.facebook.com\/ageninfra","article_published_time":"2025-04-24T11:30:00+00:00","og_image":[{"width":1202,"height":773,"url":"https:\/\/agenciainfra.com\/blog\/wp-content\/uploads\/2024\/06\/mme-minas-energia-predio-foto-governo-federal.jpeg","type":"image\/jpeg"}],"author":"Ag\u00eancia iNFRA","twitter_card":"summary_large_image","twitter_creator":"@agencia_infra","twitter_site":"@agencia_infra","twitter_misc":{"Escrito por":"Ag\u00eancia iNFRA","Est. tempo de leitura":"1 minuto"},"schema":{"@context":"https:\/\/schema.org","@graph":[{"@type":"Article","@id":"https:\/\/agenciainfra.com\/blog\/mme-convida-aneel-tcu-e-associacoes-para-falar-sobre-reforma-do-setor-eletrico\/#article","isPartOf":{"@id":"https:\/\/agenciainfra.com\/blog\/mme-convida-aneel-tcu-e-associacoes-para-falar-sobre-reforma-do-setor-eletrico\/"},"author":{"name":"Ag\u00eancia iNFRA","@id":"https:\/\/agenciainfra.com\/blog\/#\/schema\/person\/34af08dff6adea4cb22b06612ba7acfa"},"headline":"MME convida ANEEL, TCU e associa\u00e7\u00f5es para falar sobre reforma do setor el\u00e9trico","datePublished":"2025-04-24T11:30:00+00:00","mainEntityOfPage":{"@id":"https:\/\/agenciainfra.com\/blog\/mme-convida-aneel-tcu-e-associacoes-para-falar-sobre-reforma-do-setor-eletrico\/"},"wordCount":278,"publisher":{"@id":"https:\/\/agenciainfra.com\/blog\/#organization"},"image":{"@id":"https:\/\/agenciainfra.com\/blog\/mme-convida-aneel-tcu-e-associacoes-para-falar-sobre-reforma-do-setor-eletrico\/#primaryimage"},"thumbnailUrl":"https:\/\/agenciainfra.com\/blog\/wp-content\/uploads\/2024\/06\/mme-minas-energia-predio-foto-governo-federal.jpeg","keywords":["Agnes Costa","ANEEL","diretores da aneel","Fernando Mosna","Lais Carregosa","ludimila lima","Marisa Wanzeller","Reforma do Setor El\u00e9trico","Ricardo Tili","Sandoval Feitosa","secexenergia","Setor El\u00e9trico"],"articleSection":["Destaque lista","Geral","iNFRAEnergia"],"inLanguage":"pt-BR","copyrightYear":"2025","copyrightHolder":{"@id":"https:\/\/agenciainfra.com\/blog\/#organization"}},{"@type":"WebPage","@id":"https:\/\/agenciainfra.com\/blog\/mme-convida-aneel-tcu-e-associacoes-para-falar-sobre-reforma-do-setor-eletrico\/","url":"https:\/\/agenciainfra.com\/blog\/mme-convida-aneel-tcu-e-associacoes-para-falar-sobre-reforma-do-setor-eletrico\/","name":"MME convida ANEEL, TCU e associa\u00e7\u00f5es para falar sobre reforma do setor el\u00e9trico - Ag\u00eancia iNFRA","isPartOf":{"@id":"https:\/\/agenciainfra.com\/blog\/#website"},"primaryImageOfPage":{"@id":"https:\/\/agenciainfra.com\/blog\/mme-convida-aneel-tcu-e-associacoes-para-falar-sobre-reforma-do-setor-eletrico\/#primaryimage"},"image":{"@id":"https:\/\/agenciainfra.com\/blog\/mme-convida-aneel-tcu-e-associacoes-para-falar-sobre-reforma-do-setor-eletrico\/#primaryimage"},"thumbnailUrl":"https:\/\/agenciainfra.com\/blog\/wp-content\/uploads\/2024\/06\/mme-minas-energia-predio-foto-governo-federal.jpeg","datePublished":"2025-04-24T11:30:00+00:00","breadcrumb":{"@id":"https:\/\/agenciainfra.com\/blog\/mme-convida-aneel-tcu-e-associacoes-para-falar-sobre-reforma-do-setor-eletrico\/#breadcrumb"},"inLanguage":"pt-BR","potentialAction":[{"@type":"ReadAction","target":["https:\/\/agenciainfra.com\/blog\/mme-convida-aneel-tcu-e-associacoes-para-falar-sobre-reforma-do-setor-eletrico\/"]}]},{"@type":"ImageObject","inLanguage":"pt-BR","@id":"https:\/\/agenciainfra.com\/blog\/mme-convida-aneel-tcu-e-associacoes-para-falar-sobre-reforma-do-setor-eletrico\/#primaryimage","url":"https:\/\/agenciainfra.com\/blog\/wp-content\/uploads\/2024\/06\/mme-minas-energia-predio-foto-governo-federal.jpeg","contentUrl":"https:\/\/agenciainfra.com\/blog\/wp-content\/uploads\/2024\/06\/mme-minas-energia-predio-foto-governo-federal.jpeg","width":1202,"height":773,"caption":"Foto: MME"},{"@type":"BreadcrumbList","@id":"https:\/\/agenciainfra.com\/blog\/mme-convida-aneel-tcu-e-associacoes-para-falar-sobre-reforma-do-setor-eletrico\/#breadcrumb","itemListElement":[{"@type":"ListItem","position":1,"name":"In\u00edcio","item":"https:\/\/agenciainfra.com\/blog\/"},{"@type":"ListItem","position":2,"name":"MME convida ANEEL, TCU e associa\u00e7\u00f5es para falar sobre reforma do setor el\u00e9trico"}]},{"@type":"WebSite","@id":"https:\/\/agenciainfra.com\/blog\/#website","url":"https:\/\/agenciainfra.com\/blog\/","name":"Ag\u00eancia iNFRA","description":"Multiplataforma de informa\u00e7\u00e3o jornal\u00edstica refer\u00eancia na \u00e1rea de infraestrutura no Brasil!","publisher":{"@id":"https:\/\/agenciainfra.com\/blog\/#organization"},"potentialAction":[{"@type":"SearchAction","target":{"@type":"EntryPoint","urlTemplate":"https:\/\/agenciainfra.com\/blog\/?s={search_term_string}"},"query-input":{"@type":"PropertyValueSpecification","valueRequired":true,"valueName":"search_term_string"}}],"inLanguage":"pt-BR"},{"@type":"Organization","@id":"https:\/\/agenciainfra.com\/blog\/#organization","name":"Ag\u00eancia iNFRA","url":"https:\/\/agenciainfra.com\/blog\/","logo":{"@type":"ImageObject","inLanguage":"pt-BR","@id":"https:\/\/agenciainfra.com\/blog\/#\/schema\/logo\/image\/","url":"https:\/\/agenciainfra.com\/blog\/wp-content\/uploads\/2023\/09\/iNFRA_5-e1761735885940.png","contentUrl":"https:\/\/agenciainfra.com\/blog\/wp-content\/uploads\/2023\/09\/iNFRA_5-e1761735885940.png","width":1672,"height":454,"caption":"Ag\u00eancia iNFRA"},"image":{"@id":"https:\/\/agenciainfra.com\/blog\/#\/schema\/logo\/image\/"},"sameAs":["https:\/\/www.facebook.com\/ageninfra","https:\/\/x.com\/agencia_infra","https:\/\/www.linkedin.com\/company\/ag\u00eanciainfra\/","https:\/\/www.instagram.com\/agenciainfra\/"]},{"@type":"Person","@id":"https:\/\/agenciainfra.com\/blog\/#\/schema\/person\/34af08dff6adea4cb22b06612ba7acfa","name":"Ag\u00eancia iNFRA","image":{"@type":"ImageObject","inLanguage":"pt-BR","@id":"https:\/\/agenciainfra.com\/blog\/#\/schema\/person\/image\/","url":"https:\/\/secure.gravatar.com\/avatar\/d189e01678f06d8eb84d4e01f08eb848b3fffe3f8443818d3c356c66892f5be8?s=96&d=mm&r=g","contentUrl":"https:\/\/secure.gravatar.com\/avatar\/d189e01678f06d8eb84d4e01f08eb848b3fffe3f8443818d3c356c66892f5be8?s=96&d=mm&r=g","caption":"Ag\u00eancia iNFRA"},"url":"https:\/\/agenciainfra.com\/blog\/author\/admin\/"}]}},"_links":{"self":[{"href":"https:\/\/agenciainfra.com\/blog\/wp-json\/wp\/v2\/posts\/21063","targetHints":{"allow":["GET"]}}],"collection":[{"href":"https:\/\/agenciainfra.com\/blog\/wp-json\/wp\/v2\/posts"}],"about":[{"href":"https:\/\/agenciainfra.com\/blog\/wp-json\/wp\/v2\/types\/post"}],"author":[{"embeddable":true,"href":"https:\/\/agenciainfra.com\/blog\/wp-json\/wp\/v2\/users\/1"}],"replies":[{"embeddable":true,"href":"https:\/\/agenciainfra.com\/blog\/wp-json\/wp\/v2\/comments?post=21063"}],"version-history":[{"count":1,"href":"https:\/\/agenciainfra.com\/blog\/wp-json\/wp\/v2\/posts\/21063\/revisions"}],"predecessor-version":[{"id":21064,"href":"https:\/\/agenciainfra.com\/blog\/wp-json\/wp\/v2\/posts\/21063\/revisions\/21064"}],"wp:featuredmedia":[{"embeddable":true,"href":"https:\/\/agenciainfra.com\/blog\/wp-json\/wp\/v2\/media\/16972"}],"wp:attachment":[{"href":"https:\/\/agenciainfra.com\/blog\/wp-json\/wp\/v2\/media?parent=21063"}],"wp:term":[{"taxonomy":"category","embeddable":true,"href":"https:\/\/agenciainfra.com\/blog\/wp-json\/wp\/v2\/categories?post=21063"},{"taxonomy":"post_tag","embeddable":true,"href":"https:\/\/agenciainfra.com\/blog\/wp-json\/wp\/v2\/tags?post=21063"}],"curies":[{"name":"wp","href":"https:\/\/api.w.org\/{rel}","templated":true}]}}