{"id":21065,"date":"2025-04-24T09:00:00","date_gmt":"2025-04-24T12:00:00","guid":{"rendered":"https:\/\/agenciainfra.com\/blog\/?p=21065"},"modified":"2025-04-25T06:22:19","modified_gmt":"2025-04-25T09:22:19","slug":"entidades-apontam-aumento-de-custos-com-pl-que-preve-cobranca-de-imposto-sobre-imoveis-de-concessoes-de-energia","status":"publish","type":"post","link":"https:\/\/agenciainfra.com\/blog\/entidades-apontam-aumento-de-custos-com-pl-que-preve-cobranca-de-imposto-sobre-imoveis-de-concessoes-de-energia\/","title":{"rendered":"Entidades apontam aumento de custos com PL que prev\u00ea cobran\u00e7a de imposto sobre im\u00f3veis de concess\u00f5es de energia"},"content":{"rendered":"\n<p class=\"has-text-align-right\"><strong>Lais Carregosa e Marisa Wanzeller, da Ag\u00eancia iNFRA<\/strong><\/p>\n\n\n\n<p>O avan\u00e7o do&nbsp;<a href=\"https:\/\/www.camara.leg.br\/proposicoesWeb\/fichadetramitacao?idProposicao=2231078\" target=\"_blank\" rel=\"noreferrer noopener\">PL (Projeto de Lei) 6.234\/2019<\/a>, que pode acarretar na cobran\u00e7a de ITBI (Imposto sobre Transmiss\u00e3o de Bens Im\u00f3veis) na transfer\u00eancia de bens revers\u00edveis entre geradores de energia, gerou alerta em agentes do setor. Entidades apontam que, se aprovado, o projeto poder\u00e1 impactar no custo de gera\u00e7\u00e3o e na tarifa de energia el\u00e9trica.&nbsp;<\/p>\n\n\n\n<p>A mat\u00e9ria estava na pauta do plen\u00e1rio da C\u00e2mara dos Deputados nesta quarta-feira (23) e, segundo parlamentares, havia garantia do presidente Hugo Motta (Republicanos-PB) de que seria apreciada. Contudo, ap\u00f3s press\u00f5es para altera\u00e7\u00f5es no texto, o acordo na Casa para vota\u00e7\u00e3o do item foi inviabilizado, disseram fontes.&nbsp;<\/p>\n\n\n\n<p>O PL torna obrigat\u00f3rio o registro em cart\u00f3rio da transmiss\u00e3o direta de bens im\u00f3veis entre os agentes, ap\u00f3s o t\u00e9rmino da concess\u00e3o, o que leva \u00e0 cobran\u00e7a do imposto municipal e a custos cartoriais.&nbsp;<\/p>\n\n\n\n<p>\u00c0&nbsp;<strong>Ag\u00eancia iNFRA<\/strong>, fontes disseram que o autor do texto, o deputado Glaustin Fokus (Podemos-GO), foi demandado pelos munic\u00edpios a movimentar o projeto, uma vez que a medida contribui com a arrecada\u00e7\u00e3o dos entes. A urg\u00eancia da mat\u00e9ria, inclusive, foi aprovada em 2021, enquanto os munic\u00edpios passavam por dificuldades or\u00e7ament\u00e1rias decorrentes da pandemia de Covid-19, destacaram interlocutores.<\/p>\n\n\n\n<p>Inicialmente, o projeto previa a obriga\u00e7\u00e3o de registro para as concess\u00f5es de distribui\u00e7\u00e3o, transmiss\u00e3o e gera\u00e7\u00e3o. Contudo, uma nova vers\u00e3o do relat\u00f3rio apresentada pelo deputado Cezinha de Madureira (PSD-SP) ainda na quarta-feira (23) retirou a previs\u00e3o para distribuidoras e transmissoras, a pedido de agentes do setor, segundo fontes.<\/p>\n\n\n\n<p><strong>Inconstitucionalidade<\/strong><br>A presidente da Abrage (Associa\u00e7\u00e3o Brasileira de Geradores de Energia El\u00e9trica), Marisete Dadald, defende que o texto \u00e9 inconstitucional, uma vez que o im\u00f3vel de uma concess\u00e3o pertence \u00e0 Uni\u00e3o. &#8220;O ITBI \u00e9 cobrado quando ocorre transfer\u00eancia de propriedade, que n\u00e3o \u00e9 o caso das concess\u00f5es&#8221;, disse \u00e0&nbsp;<strong>Ag\u00eancia iNFRA<\/strong>.&nbsp;<\/p>\n\n\n\n<p>\u201cAt\u00e9 no pr\u00f3prio contrato de concess\u00e3o tem um dispositivo que diz que, exceto impostos sobre a renda, os demais s\u00e3o repassados para o pre\u00e7o da energia&#8221;, afirmou. Segundo ela, um gerador j\u00e1 levou o caso ao STF (Supremo Tribunal Federal).&nbsp;<\/p>\n\n\n\n<p>Os ativos essenciais para o funcionamento de uma concess\u00e3o s\u00e3o bens revers\u00edveis para a Uni\u00e3o. De acordo com Marisete, por serem revers\u00edveis, os bens n\u00e3o podem ser caracterizados como \u201cpropriedade\u201d das empresas.<\/p>\n\n\n\n<p><strong>Aumento de custo<\/strong><br>A presidente da Abrage ainda ressaltou que, como o ITBI \u00e9 um tributo, ele ser\u00e1 repassado para o custo do mercado livre e regulado. \u201cAt\u00e9 no pr\u00f3prio contrato de concess\u00e3o tem um dispositivo que, exceto impostos sobre a renda, os demais s\u00e3o repassados para o pre\u00e7o da energia\u201d, afirmou<\/p>\n\n\n\n<p>Em&nbsp;<a href=\"https:\/\/mcusercontent.com\/d460dd1bcf9ba0ae040e1fc0f\/files\/806a75d8-79ed-0b7d-f8b9-6a662c881d3b\/NT_PL_6234_2019_Transmissa_o_direta_de_bens_imo_veis_vinculados_a_explorac_a_o_do_servic_o_de_energia_ele_trica_sugesta_o_2.pdf\" target=\"_blank\" rel=\"noreferrer noopener\">nota t\u00e9cnica<\/a>, a CNI (Confedera\u00e7\u00e3o Nacional da Ind\u00fastria) tamb\u00e9m aponta que os novos custos podem levar \u00e0 \u201cnecessidade de reequil\u00edbrio econ\u00f4mico-financeiro dos contratos\u201d. Ainda, pede que a transfer\u00eancia direta dos im\u00f3veis entre a antiga e a nova concession\u00e1ria n\u00e3o se configure transfer\u00eancia de propriedade, \u201cuma vez que n\u00e3o s\u00e3o propriet\u00e1rias dos referidos im\u00f3veis\u201d.<\/p>\n","protected":false},"excerpt":{"rendered":"<p>Lais Carregosa e Marisa Wanzeller, da Ag\u00eancia iNFRA O avan\u00e7o do&nbsp;PL (Projeto de Lei) 6.234\/2019, que pode acarretar na cobran\u00e7a de ITBI (Imposto sobre Transmiss\u00e3o de Bens Im\u00f3veis) na transfer\u00eancia de bens revers\u00edveis entre geradores de energia, gerou alerta em agentes do setor. Entidades apontam que, se aprovado, o projeto poder\u00e1 impactar no custo de [&hellip;]<\/p>\n","protected":false},"author":1,"featured_media":15110,"comment_status":"closed","ping_status":"closed","sticky":false,"template":"","format":"standard","meta":{"_monsterinsights_skip_tracking":false,"_monsterinsights_sitenote_active":false,"_monsterinsights_sitenote_note":"","_monsterinsights_sitenote_category":0,"footnotes":""},"categories":[7250,1,10],"tags":[13134,10852,8447,13136,13137,13132,7366,13135],"class_list":["post-21065","post","type-post","status-publish","format-standard","has-post-thumbnail","hentry","category-destaque-lista","category-geral","category-infraenergia","tag-cobranca-de-imposto","tag-concessoes-de-distribuicao","tag-concessoes-de-energia","tag-imoveis-de-concessoes-de-energia","tag-itbi","tag-lais-carregosa","tag-marisa-wanzeller","tag-pl-6-234-2019"],"yoast_head":"<!-- This site is optimized with the Yoast SEO Premium plugin v25.4 (Yoast SEO v26.0) - https:\/\/yoast.com\/wordpress\/plugins\/seo\/ -->\n<title>Entidades apontam aumento de custos com PL que prev\u00ea cobran\u00e7a de imposto sobre im\u00f3veis de concess\u00f5es de energia - Ag\u00eancia iNFRA<\/title>\n<meta name=\"robots\" content=\"index, follow, max-snippet:-1, max-image-preview:large, max-video-preview:-1\" \/>\n<link rel=\"canonical\" href=\"https:\/\/agenciainfra.com\/blog\/entidades-apontam-aumento-de-custos-com-pl-que-preve-cobranca-de-imposto-sobre-imoveis-de-concessoes-de-energia\/\" \/>\n<meta property=\"og:locale\" content=\"pt_BR\" \/>\n<meta property=\"og:type\" content=\"article\" \/>\n<meta property=\"og:title\" content=\"Entidades apontam aumento de custos com PL que prev\u00ea cobran\u00e7a de imposto sobre im\u00f3veis de concess\u00f5es de energia\" \/>\n<meta property=\"og:description\" content=\"Lais Carregosa e Marisa Wanzeller, da Ag\u00eancia iNFRA O avan\u00e7o do&nbsp;PL (Projeto de Lei) 6.234\/2019, que pode acarretar na cobran\u00e7a de ITBI (Imposto sobre Transmiss\u00e3o de Bens Im\u00f3veis) na transfer\u00eancia de bens revers\u00edveis entre geradores de energia, gerou alerta em agentes do setor. Entidades apontam que, se aprovado, o projeto poder\u00e1 impactar no custo de [&hellip;]\" \/>\n<meta property=\"og:url\" content=\"https:\/\/agenciainfra.com\/blog\/entidades-apontam-aumento-de-custos-com-pl-que-preve-cobranca-de-imposto-sobre-imoveis-de-concessoes-de-energia\/\" \/>\n<meta property=\"og:site_name\" content=\"Ag\u00eancia iNFRA\" \/>\n<meta property=\"article:publisher\" content=\"https:\/\/www.facebook.com\/ageninfra\" \/>\n<meta property=\"article:published_time\" content=\"2025-04-24T12:00:00+00:00\" \/>\n<meta property=\"article:modified_time\" content=\"2025-04-25T09:22:19+00:00\" \/>\n<meta property=\"og:image\" content=\"https:\/\/agenciainfra.com\/blog\/wp-content\/uploads\/2023\/12\/plenario-congresso-camara-dos-deputados-foto-marcos-oliveira-agencia-senado-5.jpg\" \/>\n\t<meta property=\"og:image:width\" content=\"1202\" \/>\n\t<meta property=\"og:image:height\" content=\"801\" \/>\n\t<meta property=\"og:image:type\" content=\"image\/jpeg\" \/>\n<meta name=\"author\" content=\"Ag\u00eancia iNFRA\" \/>\n<meta name=\"twitter:card\" content=\"summary_large_image\" \/>\n<meta name=\"twitter:creator\" content=\"@agencia_infra\" \/>\n<meta name=\"twitter:site\" content=\"@agencia_infra\" \/>\n<meta name=\"twitter:label1\" content=\"Escrito por\" \/>\n\t<meta name=\"twitter:data1\" content=\"Ag\u00eancia iNFRA\" \/>\n\t<meta name=\"twitter:label2\" content=\"Est. tempo de leitura\" \/>\n\t<meta name=\"twitter:data2\" content=\"3 minutos\" \/>\n<script type=\"application\/ld+json\" class=\"yoast-schema-graph\">{\"@context\":\"https:\/\/schema.org\",\"@graph\":[{\"@type\":\"Article\",\"@id\":\"https:\/\/agenciainfra.com\/blog\/entidades-apontam-aumento-de-custos-com-pl-que-preve-cobranca-de-imposto-sobre-imoveis-de-concessoes-de-energia\/#article\",\"isPartOf\":{\"@id\":\"https:\/\/agenciainfra.com\/blog\/entidades-apontam-aumento-de-custos-com-pl-que-preve-cobranca-de-imposto-sobre-imoveis-de-concessoes-de-energia\/\"},\"author\":{\"name\":\"Ag\u00eancia iNFRA\",\"@id\":\"https:\/\/agenciainfra.com\/blog\/#\/schema\/person\/34af08dff6adea4cb22b06612ba7acfa\"},\"headline\":\"Entidades apontam aumento de custos com PL que prev\u00ea cobran\u00e7a de imposto sobre im\u00f3veis de concess\u00f5es de energia\",\"datePublished\":\"2025-04-24T12:00:00+00:00\",\"dateModified\":\"2025-04-25T09:22:19+00:00\",\"mainEntityOfPage\":{\"@id\":\"https:\/\/agenciainfra.com\/blog\/entidades-apontam-aumento-de-custos-com-pl-que-preve-cobranca-de-imposto-sobre-imoveis-de-concessoes-de-energia\/\"},\"wordCount\":573,\"publisher\":{\"@id\":\"https:\/\/agenciainfra.com\/blog\/#organization\"},\"image\":{\"@id\":\"https:\/\/agenciainfra.com\/blog\/entidades-apontam-aumento-de-custos-com-pl-que-preve-cobranca-de-imposto-sobre-imoveis-de-concessoes-de-energia\/#primaryimage\"},\"thumbnailUrl\":\"https:\/\/agenciainfra.com\/blog\/wp-content\/uploads\/2023\/12\/plenario-congresso-camara-dos-deputados-foto-marcos-oliveira-agencia-senado-5.jpg\",\"keywords\":[\"cobran\u00e7a de imposto\",\"concess\u00f5es de distribui\u00e7\u00e3o\",\"Concess\u00f5es de Energia\",\"im\u00f3veis de concess\u00f5es de energia\",\"itbi\",\"Lais Carregosa\",\"Marisa Wanzeller\",\"pl 6.234\/2019\"],\"articleSection\":[\"Destaque lista\",\"Geral\",\"iNFRAEnergia\"],\"inLanguage\":\"pt-BR\",\"copyrightYear\":\"2025\",\"copyrightHolder\":{\"@id\":\"https:\/\/agenciainfra.com\/blog\/#organization\"}},{\"@type\":\"WebPage\",\"@id\":\"https:\/\/agenciainfra.com\/blog\/entidades-apontam-aumento-de-custos-com-pl-que-preve-cobranca-de-imposto-sobre-imoveis-de-concessoes-de-energia\/\",\"url\":\"https:\/\/agenciainfra.com\/blog\/entidades-apontam-aumento-de-custos-com-pl-que-preve-cobranca-de-imposto-sobre-imoveis-de-concessoes-de-energia\/\",\"name\":\"Entidades apontam aumento de custos com PL que prev\u00ea cobran\u00e7a de imposto sobre im\u00f3veis de concess\u00f5es de energia - Ag\u00eancia iNFRA\",\"isPartOf\":{\"@id\":\"https:\/\/agenciainfra.com\/blog\/#website\"},\"primaryImageOfPage\":{\"@id\":\"https:\/\/agenciainfra.com\/blog\/entidades-apontam-aumento-de-custos-com-pl-que-preve-cobranca-de-imposto-sobre-imoveis-de-concessoes-de-energia\/#primaryimage\"},\"image\":{\"@id\":\"https:\/\/agenciainfra.com\/blog\/entidades-apontam-aumento-de-custos-com-pl-que-preve-cobranca-de-imposto-sobre-imoveis-de-concessoes-de-energia\/#primaryimage\"},\"thumbnailUrl\":\"https:\/\/agenciainfra.com\/blog\/wp-content\/uploads\/2023\/12\/plenario-congresso-camara-dos-deputados-foto-marcos-oliveira-agencia-senado-5.jpg\",\"datePublished\":\"2025-04-24T12:00:00+00:00\",\"dateModified\":\"2025-04-25T09:22:19+00:00\",\"breadcrumb\":{\"@id\":\"https:\/\/agenciainfra.com\/blog\/entidades-apontam-aumento-de-custos-com-pl-que-preve-cobranca-de-imposto-sobre-imoveis-de-concessoes-de-energia\/#breadcrumb\"},\"inLanguage\":\"pt-BR\",\"potentialAction\":[{\"@type\":\"ReadAction\",\"target\":[\"https:\/\/agenciainfra.com\/blog\/entidades-apontam-aumento-de-custos-com-pl-que-preve-cobranca-de-imposto-sobre-imoveis-de-concessoes-de-energia\/\"]}]},{\"@type\":\"ImageObject\",\"inLanguage\":\"pt-BR\",\"@id\":\"https:\/\/agenciainfra.com\/blog\/entidades-apontam-aumento-de-custos-com-pl-que-preve-cobranca-de-imposto-sobre-imoveis-de-concessoes-de-energia\/#primaryimage\",\"url\":\"https:\/\/agenciainfra.com\/blog\/wp-content\/uploads\/2023\/12\/plenario-congresso-camara-dos-deputados-foto-marcos-oliveira-agencia-senado-5.jpg\",\"contentUrl\":\"https:\/\/agenciainfra.com\/blog\/wp-content\/uploads\/2023\/12\/plenario-congresso-camara-dos-deputados-foto-marcos-oliveira-agencia-senado-5.jpg\",\"width\":1202,\"height\":801},{\"@type\":\"BreadcrumbList\",\"@id\":\"https:\/\/agenciainfra.com\/blog\/entidades-apontam-aumento-de-custos-com-pl-que-preve-cobranca-de-imposto-sobre-imoveis-de-concessoes-de-energia\/#breadcrumb\",\"itemListElement\":[{\"@type\":\"ListItem\",\"position\":1,\"name\":\"In\u00edcio\",\"item\":\"https:\/\/agenciainfra.com\/blog\/\"},{\"@type\":\"ListItem\",\"position\":2,\"name\":\"Entidades apontam aumento de custos com PL que prev\u00ea cobran\u00e7a de imposto sobre im\u00f3veis de concess\u00f5es de energia\"}]},{\"@type\":\"WebSite\",\"@id\":\"https:\/\/agenciainfra.com\/blog\/#website\",\"url\":\"https:\/\/agenciainfra.com\/blog\/\",\"name\":\"Ag\u00eancia iNFRA\",\"description\":\"Multiplataforma de informa\u00e7\u00e3o jornal\u00edstica refer\u00eancia na \u00e1rea de infraestrutura no Brasil!\",\"publisher\":{\"@id\":\"https:\/\/agenciainfra.com\/blog\/#organization\"},\"potentialAction\":[{\"@type\":\"SearchAction\",\"target\":{\"@type\":\"EntryPoint\",\"urlTemplate\":\"https:\/\/agenciainfra.com\/blog\/?s={search_term_string}\"},\"query-input\":{\"@type\":\"PropertyValueSpecification\",\"valueRequired\":true,\"valueName\":\"search_term_string\"}}],\"inLanguage\":\"pt-BR\"},{\"@type\":\"Organization\",\"@id\":\"https:\/\/agenciainfra.com\/blog\/#organization\",\"name\":\"Ag\u00eancia iNFRA\",\"url\":\"https:\/\/agenciainfra.com\/blog\/\",\"logo\":{\"@type\":\"ImageObject\",\"inLanguage\":\"pt-BR\",\"@id\":\"https:\/\/agenciainfra.com\/blog\/#\/schema\/logo\/image\/\",\"url\":\"https:\/\/agenciainfra.com\/blog\/wp-content\/uploads\/2023\/09\/iNFRA_5-e1761735885940.png\",\"contentUrl\":\"https:\/\/agenciainfra.com\/blog\/wp-content\/uploads\/2023\/09\/iNFRA_5-e1761735885940.png\",\"width\":1672,\"height\":454,\"caption\":\"Ag\u00eancia iNFRA\"},\"image\":{\"@id\":\"https:\/\/agenciainfra.com\/blog\/#\/schema\/logo\/image\/\"},\"sameAs\":[\"https:\/\/www.facebook.com\/ageninfra\",\"https:\/\/x.com\/agencia_infra\",\"https:\/\/www.linkedin.com\/company\/ag\u00eanciainfra\/\",\"https:\/\/www.instagram.com\/agenciainfra\/\"]},{\"@type\":\"Person\",\"@id\":\"https:\/\/agenciainfra.com\/blog\/#\/schema\/person\/34af08dff6adea4cb22b06612ba7acfa\",\"name\":\"Ag\u00eancia iNFRA\",\"image\":{\"@type\":\"ImageObject\",\"inLanguage\":\"pt-BR\",\"@id\":\"https:\/\/agenciainfra.com\/blog\/#\/schema\/person\/image\/\",\"url\":\"https:\/\/secure.gravatar.com\/avatar\/d189e01678f06d8eb84d4e01f08eb848b3fffe3f8443818d3c356c66892f5be8?s=96&d=mm&r=g\",\"contentUrl\":\"https:\/\/secure.gravatar.com\/avatar\/d189e01678f06d8eb84d4e01f08eb848b3fffe3f8443818d3c356c66892f5be8?s=96&d=mm&r=g\",\"caption\":\"Ag\u00eancia iNFRA\"},\"url\":\"https:\/\/agenciainfra.com\/blog\/author\/admin\/\"}]}<\/script>\n<!-- \/ Yoast SEO Premium plugin. -->","yoast_head_json":{"title":"Entidades apontam aumento de custos com PL que prev\u00ea cobran\u00e7a de imposto sobre im\u00f3veis de concess\u00f5es de energia - Ag\u00eancia iNFRA","robots":{"index":"index","follow":"follow","max-snippet":"max-snippet:-1","max-image-preview":"max-image-preview:large","max-video-preview":"max-video-preview:-1"},"canonical":"https:\/\/agenciainfra.com\/blog\/entidades-apontam-aumento-de-custos-com-pl-que-preve-cobranca-de-imposto-sobre-imoveis-de-concessoes-de-energia\/","og_locale":"pt_BR","og_type":"article","og_title":"Entidades apontam aumento de custos com PL que prev\u00ea cobran\u00e7a de imposto sobre im\u00f3veis de concess\u00f5es de energia","og_description":"Lais Carregosa e Marisa Wanzeller, da Ag\u00eancia iNFRA O avan\u00e7o do&nbsp;PL (Projeto de Lei) 6.234\/2019, que pode acarretar na cobran\u00e7a de ITBI (Imposto sobre Transmiss\u00e3o de Bens Im\u00f3veis) na transfer\u00eancia de bens revers\u00edveis entre geradores de energia, gerou alerta em agentes do setor. Entidades apontam que, se aprovado, o projeto poder\u00e1 impactar no custo de [&hellip;]","og_url":"https:\/\/agenciainfra.com\/blog\/entidades-apontam-aumento-de-custos-com-pl-que-preve-cobranca-de-imposto-sobre-imoveis-de-concessoes-de-energia\/","og_site_name":"Ag\u00eancia iNFRA","article_publisher":"https:\/\/www.facebook.com\/ageninfra","article_published_time":"2025-04-24T12:00:00+00:00","article_modified_time":"2025-04-25T09:22:19+00:00","og_image":[{"width":1202,"height":801,"url":"https:\/\/agenciainfra.com\/blog\/wp-content\/uploads\/2023\/12\/plenario-congresso-camara-dos-deputados-foto-marcos-oliveira-agencia-senado-5.jpg","type":"image\/jpeg"}],"author":"Ag\u00eancia iNFRA","twitter_card":"summary_large_image","twitter_creator":"@agencia_infra","twitter_site":"@agencia_infra","twitter_misc":{"Escrito por":"Ag\u00eancia iNFRA","Est. tempo de leitura":"3 minutos"},"schema":{"@context":"https:\/\/schema.org","@graph":[{"@type":"Article","@id":"https:\/\/agenciainfra.com\/blog\/entidades-apontam-aumento-de-custos-com-pl-que-preve-cobranca-de-imposto-sobre-imoveis-de-concessoes-de-energia\/#article","isPartOf":{"@id":"https:\/\/agenciainfra.com\/blog\/entidades-apontam-aumento-de-custos-com-pl-que-preve-cobranca-de-imposto-sobre-imoveis-de-concessoes-de-energia\/"},"author":{"name":"Ag\u00eancia iNFRA","@id":"https:\/\/agenciainfra.com\/blog\/#\/schema\/person\/34af08dff6adea4cb22b06612ba7acfa"},"headline":"Entidades apontam aumento de custos com PL que prev\u00ea cobran\u00e7a de imposto sobre im\u00f3veis de concess\u00f5es de energia","datePublished":"2025-04-24T12:00:00+00:00","dateModified":"2025-04-25T09:22:19+00:00","mainEntityOfPage":{"@id":"https:\/\/agenciainfra.com\/blog\/entidades-apontam-aumento-de-custos-com-pl-que-preve-cobranca-de-imposto-sobre-imoveis-de-concessoes-de-energia\/"},"wordCount":573,"publisher":{"@id":"https:\/\/agenciainfra.com\/blog\/#organization"},"image":{"@id":"https:\/\/agenciainfra.com\/blog\/entidades-apontam-aumento-de-custos-com-pl-que-preve-cobranca-de-imposto-sobre-imoveis-de-concessoes-de-energia\/#primaryimage"},"thumbnailUrl":"https:\/\/agenciainfra.com\/blog\/wp-content\/uploads\/2023\/12\/plenario-congresso-camara-dos-deputados-foto-marcos-oliveira-agencia-senado-5.jpg","keywords":["cobran\u00e7a de imposto","concess\u00f5es de distribui\u00e7\u00e3o","Concess\u00f5es de Energia","im\u00f3veis de concess\u00f5es de energia","itbi","Lais Carregosa","Marisa Wanzeller","pl 6.234\/2019"],"articleSection":["Destaque lista","Geral","iNFRAEnergia"],"inLanguage":"pt-BR","copyrightYear":"2025","copyrightHolder":{"@id":"https:\/\/agenciainfra.com\/blog\/#organization"}},{"@type":"WebPage","@id":"https:\/\/agenciainfra.com\/blog\/entidades-apontam-aumento-de-custos-com-pl-que-preve-cobranca-de-imposto-sobre-imoveis-de-concessoes-de-energia\/","url":"https:\/\/agenciainfra.com\/blog\/entidades-apontam-aumento-de-custos-com-pl-que-preve-cobranca-de-imposto-sobre-imoveis-de-concessoes-de-energia\/","name":"Entidades apontam aumento de custos com PL que prev\u00ea cobran\u00e7a de imposto sobre im\u00f3veis de concess\u00f5es de energia - Ag\u00eancia iNFRA","isPartOf":{"@id":"https:\/\/agenciainfra.com\/blog\/#website"},"primaryImageOfPage":{"@id":"https:\/\/agenciainfra.com\/blog\/entidades-apontam-aumento-de-custos-com-pl-que-preve-cobranca-de-imposto-sobre-imoveis-de-concessoes-de-energia\/#primaryimage"},"image":{"@id":"https:\/\/agenciainfra.com\/blog\/entidades-apontam-aumento-de-custos-com-pl-que-preve-cobranca-de-imposto-sobre-imoveis-de-concessoes-de-energia\/#primaryimage"},"thumbnailUrl":"https:\/\/agenciainfra.com\/blog\/wp-content\/uploads\/2023\/12\/plenario-congresso-camara-dos-deputados-foto-marcos-oliveira-agencia-senado-5.jpg","datePublished":"2025-04-24T12:00:00+00:00","dateModified":"2025-04-25T09:22:19+00:00","breadcrumb":{"@id":"https:\/\/agenciainfra.com\/blog\/entidades-apontam-aumento-de-custos-com-pl-que-preve-cobranca-de-imposto-sobre-imoveis-de-concessoes-de-energia\/#breadcrumb"},"inLanguage":"pt-BR","potentialAction":[{"@type":"ReadAction","target":["https:\/\/agenciainfra.com\/blog\/entidades-apontam-aumento-de-custos-com-pl-que-preve-cobranca-de-imposto-sobre-imoveis-de-concessoes-de-energia\/"]}]},{"@type":"ImageObject","inLanguage":"pt-BR","@id":"https:\/\/agenciainfra.com\/blog\/entidades-apontam-aumento-de-custos-com-pl-que-preve-cobranca-de-imposto-sobre-imoveis-de-concessoes-de-energia\/#primaryimage","url":"https:\/\/agenciainfra.com\/blog\/wp-content\/uploads\/2023\/12\/plenario-congresso-camara-dos-deputados-foto-marcos-oliveira-agencia-senado-5.jpg","contentUrl":"https:\/\/agenciainfra.com\/blog\/wp-content\/uploads\/2023\/12\/plenario-congresso-camara-dos-deputados-foto-marcos-oliveira-agencia-senado-5.jpg","width":1202,"height":801},{"@type":"BreadcrumbList","@id":"https:\/\/agenciainfra.com\/blog\/entidades-apontam-aumento-de-custos-com-pl-que-preve-cobranca-de-imposto-sobre-imoveis-de-concessoes-de-energia\/#breadcrumb","itemListElement":[{"@type":"ListItem","position":1,"name":"In\u00edcio","item":"https:\/\/agenciainfra.com\/blog\/"},{"@type":"ListItem","position":2,"name":"Entidades apontam aumento de custos com PL que prev\u00ea cobran\u00e7a de imposto sobre im\u00f3veis de concess\u00f5es de energia"}]},{"@type":"WebSite","@id":"https:\/\/agenciainfra.com\/blog\/#website","url":"https:\/\/agenciainfra.com\/blog\/","name":"Ag\u00eancia iNFRA","description":"Multiplataforma de informa\u00e7\u00e3o jornal\u00edstica refer\u00eancia na \u00e1rea de infraestrutura no Brasil!","publisher":{"@id":"https:\/\/agenciainfra.com\/blog\/#organization"},"potentialAction":[{"@type":"SearchAction","target":{"@type":"EntryPoint","urlTemplate":"https:\/\/agenciainfra.com\/blog\/?s={search_term_string}"},"query-input":{"@type":"PropertyValueSpecification","valueRequired":true,"valueName":"search_term_string"}}],"inLanguage":"pt-BR"},{"@type":"Organization","@id":"https:\/\/agenciainfra.com\/blog\/#organization","name":"Ag\u00eancia iNFRA","url":"https:\/\/agenciainfra.com\/blog\/","logo":{"@type":"ImageObject","inLanguage":"pt-BR","@id":"https:\/\/agenciainfra.com\/blog\/#\/schema\/logo\/image\/","url":"https:\/\/agenciainfra.com\/blog\/wp-content\/uploads\/2023\/09\/iNFRA_5-e1761735885940.png","contentUrl":"https:\/\/agenciainfra.com\/blog\/wp-content\/uploads\/2023\/09\/iNFRA_5-e1761735885940.png","width":1672,"height":454,"caption":"Ag\u00eancia iNFRA"},"image":{"@id":"https:\/\/agenciainfra.com\/blog\/#\/schema\/logo\/image\/"},"sameAs":["https:\/\/www.facebook.com\/ageninfra","https:\/\/x.com\/agencia_infra","https:\/\/www.linkedin.com\/company\/ag\u00eanciainfra\/","https:\/\/www.instagram.com\/agenciainfra\/"]},{"@type":"Person","@id":"https:\/\/agenciainfra.com\/blog\/#\/schema\/person\/34af08dff6adea4cb22b06612ba7acfa","name":"Ag\u00eancia iNFRA","image":{"@type":"ImageObject","inLanguage":"pt-BR","@id":"https:\/\/agenciainfra.com\/blog\/#\/schema\/person\/image\/","url":"https:\/\/secure.gravatar.com\/avatar\/d189e01678f06d8eb84d4e01f08eb848b3fffe3f8443818d3c356c66892f5be8?s=96&d=mm&r=g","contentUrl":"https:\/\/secure.gravatar.com\/avatar\/d189e01678f06d8eb84d4e01f08eb848b3fffe3f8443818d3c356c66892f5be8?s=96&d=mm&r=g","caption":"Ag\u00eancia iNFRA"},"url":"https:\/\/agenciainfra.com\/blog\/author\/admin\/"}]}},"_links":{"self":[{"href":"https:\/\/agenciainfra.com\/blog\/wp-json\/wp\/v2\/posts\/21065","targetHints":{"allow":["GET"]}}],"collection":[{"href":"https:\/\/agenciainfra.com\/blog\/wp-json\/wp\/v2\/posts"}],"about":[{"href":"https:\/\/agenciainfra.com\/blog\/wp-json\/wp\/v2\/types\/post"}],"author":[{"embeddable":true,"href":"https:\/\/agenciainfra.com\/blog\/wp-json\/wp\/v2\/users\/1"}],"replies":[{"embeddable":true,"href":"https:\/\/agenciainfra.com\/blog\/wp-json\/wp\/v2\/comments?post=21065"}],"version-history":[{"count":1,"href":"https:\/\/agenciainfra.com\/blog\/wp-json\/wp\/v2\/posts\/21065\/revisions"}],"predecessor-version":[{"id":21066,"href":"https:\/\/agenciainfra.com\/blog\/wp-json\/wp\/v2\/posts\/21065\/revisions\/21066"}],"wp:featuredmedia":[{"embeddable":true,"href":"https:\/\/agenciainfra.com\/blog\/wp-json\/wp\/v2\/media\/15110"}],"wp:attachment":[{"href":"https:\/\/agenciainfra.com\/blog\/wp-json\/wp\/v2\/media?parent=21065"}],"wp:term":[{"taxonomy":"category","embeddable":true,"href":"https:\/\/agenciainfra.com\/blog\/wp-json\/wp\/v2\/categories?post=21065"},{"taxonomy":"post_tag","embeddable":true,"href":"https:\/\/agenciainfra.com\/blog\/wp-json\/wp\/v2\/tags?post=21065"}],"curies":[{"name":"wp","href":"https:\/\/api.w.org\/{rel}","templated":true}]}}