{"id":21097,"date":"2025-04-26T12:00:00","date_gmt":"2025-04-26T15:00:00","guid":{"rendered":"https:\/\/agenciainfra.com\/blog\/?p=21097"},"modified":"2025-04-28T09:14:24","modified_gmt":"2025-04-28T12:14:24","slug":"antt-homologa-acordo-de-solucao-consensual-para-repactuacao-da-arteris-fernao-dias","status":"publish","type":"post","link":"https:\/\/agenciainfra.com\/blog\/antt-homologa-acordo-de-solucao-consensual-para-repactuacao-da-arteris-fernao-dias\/","title":{"rendered":"ANTT homologa acordo de solu\u00e7\u00e3o consensual para repactua\u00e7\u00e3o da Arteris Fern\u00e3o Dias"},"content":{"rendered":"\n<p class=\"has-text-align-right\"><strong>Sheyla Santos, da Ag\u00eancia iNFRA<\/strong><\/p>\n\n\n\n<p>A ANTT (Ag\u00eancia Nacional de Transportes Terrestres) homologou na \u00faltima quinta-feira (24) o acordo de solu\u00e7\u00e3o consensual para a repactua\u00e7\u00e3o do contrato da Autopista Fern\u00e3o Dias, operada pela concession\u00e1ria Arteris. O teor do acordo, no entanto, est\u00e1 em sigilo at\u00e9 que ocorra a aprova\u00e7\u00e3o pelo plen\u00e1rio do TCU (Tribunal de Contas da Uni\u00e3o).<\/p>\n\n\n\n<p>O tr\u00e2mite da SecexConsenso (Secretaria de Controle Externo de Solu\u00e7\u00e3o Consensual e Preven\u00e7\u00e3o de Conflitos) do tribunal prev\u00ea que, ap\u00f3s a homologa\u00e7\u00e3o da proposta, o MPTCU (Minist\u00e9rio P\u00fablico junto ao Tribunal de Contas da Uni\u00e3o) disponha de 15 dias para emitir um parecer. Depois desse prazo, a corte de contas realiza um sorteio para a escolha de um ministro relator, que, por sua vez, ter\u00e1 o prazo de 30 dias, pass\u00edvel de prorroga\u00e7\u00e3o por mais 30 dias, para submeter a mat\u00e9ria ao plen\u00e1rio da corte.<\/p>\n\n\n\n<p>Conforme&nbsp;<a href=\"https:\/\/agenciainfra.com\/blog\/ministerio-dos-transportes-fecha-acordo-de-repactuacao-com-a-fernao-dias-e-abre-caminho-para-mais-seis-acordos\/\" target=\"_blank\" rel=\"noreferrer noopener\">mostrado<\/a>&nbsp;pela&nbsp;<strong>Ag\u00eancia iNFRA<\/strong>, a negocia\u00e7\u00e3o no \u00e2mbito da SecexConsenso para o acordo da Fern\u00e3o Dias foi acirrada, sendo considerada um processo complexo por fontes a par do assunto. O contrato em quest\u00e3o compreende o trecho da BR-381 concedido \u00e0 Arteris desde 2008, entre Belo Horizonte (MG) e S\u00e3o Paulo (SP), pelo prazo de 25 anos.<\/p>\n\n\n\n<p>A repactua\u00e7\u00e3o da Fern\u00e3o Dias tem perfil in\u00e9dito entre os contratos repactuados no \u00e2mbito da SecexConsenso do TCU. Trata-se de um contrato de concess\u00e3o antigo, operado por uma concession\u00e1ria sem pedido de relicita\u00e7\u00e3o de ativo e sem registro grave de inadimpl\u00eancias ou judicializa\u00e7\u00f5es contratuais.<\/p>\n\n\n\n<p><\/p>\n","protected":false},"excerpt":{"rendered":"<p>Sheyla Santos, da Ag\u00eancia iNFRA A ANTT (Ag\u00eancia Nacional de Transportes Terrestres) homologou na \u00faltima quinta-feira (24) o acordo de solu\u00e7\u00e3o consensual para a repactua\u00e7\u00e3o do contrato da Autopista Fern\u00e3o Dias, operada pela concession\u00e1ria Arteris. O teor do acordo, no entanto, est\u00e1 em sigilo at\u00e9 que ocorra a aprova\u00e7\u00e3o pelo plen\u00e1rio do TCU (Tribunal de [&hellip;]<\/p>\n","protected":false},"author":1,"featured_media":5481,"comment_status":"closed","ping_status":"closed","sticky":false,"template":"","format":"standard","meta":{"_monsterinsights_skip_tracking":false,"_monsterinsights_sitenote_active":false,"_monsterinsights_sitenote_note":"","_monsterinsights_sitenote_category":0,"footnotes":""},"categories":[7250,1,7],"tags":[4977,8040,1136,12524,12525,1299,2341,8010,7218,6379,18],"class_list":["post-21097","post","type-post","status-publish","format-standard","has-post-thumbnail","hentry","category-destaque-lista","category-geral","category-infratransporte","tag-arteris-fernao-dias","tag-autopista-fernao-dias","tag-br-381","tag-consenso-no-tcu","tag-contrato-de-rodovias","tag-dimmi-amora","tag-fernao-dias","tag-repactuacao-de-contratos","tag-secexconsenso","tag-solucao-consensual","tag-tcu"],"yoast_head":"<!-- This site is optimized with the Yoast SEO Premium plugin v25.4 (Yoast SEO v26.0) - https:\/\/yoast.com\/wordpress\/plugins\/seo\/ -->\n<title>ANTT homologa acordo de solu\u00e7\u00e3o consensual para repactua\u00e7\u00e3o da Arteris Fern\u00e3o Dias - Ag\u00eancia iNFRA<\/title>\n<meta name=\"description\" content=\"Negocia\u00e7\u00e3o no \u00e2mbito da SecexConsenso para o acordo da Fern\u00e3o Dias foi acirrada, sendo considerada um processo complexo por fontes a par do assunto.\" \/>\n<meta name=\"robots\" content=\"index, follow, max-snippet:-1, max-image-preview:large, max-video-preview:-1\" \/>\n<link rel=\"canonical\" href=\"https:\/\/agenciainfra.com\/blog\/antt-homologa-acordo-de-solucao-consensual-para-repactuacao-da-arteris-fernao-dias\/\" \/>\n<meta property=\"og:locale\" content=\"pt_BR\" \/>\n<meta property=\"og:type\" content=\"article\" \/>\n<meta property=\"og:title\" content=\"ANTT homologa acordo de solu\u00e7\u00e3o consensual para repactua\u00e7\u00e3o da Arteris Fern\u00e3o Dias\" \/>\n<meta property=\"og:description\" content=\"Negocia\u00e7\u00e3o no \u00e2mbito da SecexConsenso para o acordo da Fern\u00e3o Dias foi acirrada, sendo considerada um processo complexo por fontes a par do assunto.\" \/>\n<meta property=\"og:url\" content=\"https:\/\/agenciainfra.com\/blog\/antt-homologa-acordo-de-solucao-consensual-para-repactuacao-da-arteris-fernao-dias\/\" \/>\n<meta property=\"og:site_name\" content=\"Ag\u00eancia iNFRA\" \/>\n<meta property=\"article:publisher\" content=\"https:\/\/www.facebook.com\/ageninfra\" \/>\n<meta property=\"article:published_time\" content=\"2025-04-26T15:00:00+00:00\" \/>\n<meta property=\"article:modified_time\" content=\"2025-04-28T12:14:24+00:00\" \/>\n<meta property=\"og:image\" content=\"https:\/\/agenciainfra.com\/blog\/wp-content\/uploads\/2020\/07\/br381-fernao-dias-foto-divulgacao-arteris.jpg\" \/>\n\t<meta property=\"og:image:width\" content=\"1280\" \/>\n\t<meta property=\"og:image:height\" content=\"854\" \/>\n\t<meta property=\"og:image:type\" content=\"image\/jpeg\" \/>\n<meta name=\"author\" content=\"Ag\u00eancia iNFRA\" \/>\n<meta name=\"twitter:card\" content=\"summary_large_image\" \/>\n<meta name=\"twitter:creator\" content=\"@agencia_infra\" \/>\n<meta name=\"twitter:site\" content=\"@agencia_infra\" \/>\n<meta name=\"twitter:label1\" content=\"Escrito por\" \/>\n\t<meta name=\"twitter:data1\" content=\"Ag\u00eancia iNFRA\" \/>\n\t<meta name=\"twitter:label2\" content=\"Est. tempo de leitura\" \/>\n\t<meta name=\"twitter:data2\" content=\"1 minuto\" \/>\n<script type=\"application\/ld+json\" class=\"yoast-schema-graph\">{\"@context\":\"https:\/\/schema.org\",\"@graph\":[{\"@type\":\"Article\",\"@id\":\"https:\/\/agenciainfra.com\/blog\/antt-homologa-acordo-de-solucao-consensual-para-repactuacao-da-arteris-fernao-dias\/#article\",\"isPartOf\":{\"@id\":\"https:\/\/agenciainfra.com\/blog\/antt-homologa-acordo-de-solucao-consensual-para-repactuacao-da-arteris-fernao-dias\/\"},\"author\":{\"name\":\"Ag\u00eancia iNFRA\",\"@id\":\"https:\/\/agenciainfra.com\/blog\/#\/schema\/person\/34af08dff6adea4cb22b06612ba7acfa\"},\"headline\":\"ANTT homologa acordo de solu\u00e7\u00e3o consensual para repactua\u00e7\u00e3o da Arteris Fern\u00e3o Dias\",\"datePublished\":\"2025-04-26T15:00:00+00:00\",\"dateModified\":\"2025-04-28T12:14:24+00:00\",\"mainEntityOfPage\":{\"@id\":\"https:\/\/agenciainfra.com\/blog\/antt-homologa-acordo-de-solucao-consensual-para-repactuacao-da-arteris-fernao-dias\/\"},\"wordCount\":289,\"publisher\":{\"@id\":\"https:\/\/agenciainfra.com\/blog\/#organization\"},\"image\":{\"@id\":\"https:\/\/agenciainfra.com\/blog\/antt-homologa-acordo-de-solucao-consensual-para-repactuacao-da-arteris-fernao-dias\/#primaryimage\"},\"thumbnailUrl\":\"https:\/\/agenciainfra.com\/blog\/wp-content\/uploads\/2020\/07\/br381-fernao-dias-foto-divulgacao-arteris.jpg\",\"keywords\":[\"Arteris Fern\u00e3o Dias\",\"Autopista Fern\u00e3o Dias\",\"BR-381\",\"Consenso no TCU\",\"contrato de rodovias\",\"Dimmi Amora\",\"Fern\u00e3o Dias\",\"repactua\u00e7\u00e3o de contratos\",\"SecexConsenso\",\"solu\u00e7\u00e3o consensual\",\"TCU\"],\"articleSection\":[\"Destaque lista\",\"Geral\",\"iNFRATransporte\"],\"inLanguage\":\"pt-BR\",\"copyrightYear\":\"2025\",\"copyrightHolder\":{\"@id\":\"https:\/\/agenciainfra.com\/blog\/#organization\"}},{\"@type\":\"WebPage\",\"@id\":\"https:\/\/agenciainfra.com\/blog\/antt-homologa-acordo-de-solucao-consensual-para-repactuacao-da-arteris-fernao-dias\/\",\"url\":\"https:\/\/agenciainfra.com\/blog\/antt-homologa-acordo-de-solucao-consensual-para-repactuacao-da-arteris-fernao-dias\/\",\"name\":\"ANTT homologa acordo de solu\u00e7\u00e3o consensual para repactua\u00e7\u00e3o da Arteris Fern\u00e3o Dias - Ag\u00eancia iNFRA\",\"isPartOf\":{\"@id\":\"https:\/\/agenciainfra.com\/blog\/#website\"},\"primaryImageOfPage\":{\"@id\":\"https:\/\/agenciainfra.com\/blog\/antt-homologa-acordo-de-solucao-consensual-para-repactuacao-da-arteris-fernao-dias\/#primaryimage\"},\"image\":{\"@id\":\"https:\/\/agenciainfra.com\/blog\/antt-homologa-acordo-de-solucao-consensual-para-repactuacao-da-arteris-fernao-dias\/#primaryimage\"},\"thumbnailUrl\":\"https:\/\/agenciainfra.com\/blog\/wp-content\/uploads\/2020\/07\/br381-fernao-dias-foto-divulgacao-arteris.jpg\",\"datePublished\":\"2025-04-26T15:00:00+00:00\",\"dateModified\":\"2025-04-28T12:14:24+00:00\",\"description\":\"Negocia\u00e7\u00e3o no \u00e2mbito da SecexConsenso para o acordo da Fern\u00e3o Dias foi acirrada, sendo considerada um processo complexo por fontes a par do assunto.\",\"breadcrumb\":{\"@id\":\"https:\/\/agenciainfra.com\/blog\/antt-homologa-acordo-de-solucao-consensual-para-repactuacao-da-arteris-fernao-dias\/#breadcrumb\"},\"inLanguage\":\"pt-BR\",\"potentialAction\":[{\"@type\":\"ReadAction\",\"target\":[\"https:\/\/agenciainfra.com\/blog\/antt-homologa-acordo-de-solucao-consensual-para-repactuacao-da-arteris-fernao-dias\/\"]}]},{\"@type\":\"ImageObject\",\"inLanguage\":\"pt-BR\",\"@id\":\"https:\/\/agenciainfra.com\/blog\/antt-homologa-acordo-de-solucao-consensual-para-repactuacao-da-arteris-fernao-dias\/#primaryimage\",\"url\":\"https:\/\/agenciainfra.com\/blog\/wp-content\/uploads\/2020\/07\/br381-fernao-dias-foto-divulgacao-arteris.jpg\",\"contentUrl\":\"https:\/\/agenciainfra.com\/blog\/wp-content\/uploads\/2020\/07\/br381-fernao-dias-foto-divulgacao-arteris.jpg\",\"width\":1280,\"height\":854,\"caption\":\"Foto: Divulga\u00e7\u00e3o\/Arteris\"},{\"@type\":\"BreadcrumbList\",\"@id\":\"https:\/\/agenciainfra.com\/blog\/antt-homologa-acordo-de-solucao-consensual-para-repactuacao-da-arteris-fernao-dias\/#breadcrumb\",\"itemListElement\":[{\"@type\":\"ListItem\",\"position\":1,\"name\":\"In\u00edcio\",\"item\":\"https:\/\/agenciainfra.com\/blog\/\"},{\"@type\":\"ListItem\",\"position\":2,\"name\":\"ANTT homologa acordo de solu\u00e7\u00e3o consensual para repactua\u00e7\u00e3o da Arteris Fern\u00e3o Dias\"}]},{\"@type\":\"WebSite\",\"@id\":\"https:\/\/agenciainfra.com\/blog\/#website\",\"url\":\"https:\/\/agenciainfra.com\/blog\/\",\"name\":\"Ag\u00eancia iNFRA\",\"description\":\"Multiplataforma de informa\u00e7\u00e3o jornal\u00edstica refer\u00eancia na \u00e1rea de infraestrutura no Brasil!\",\"publisher\":{\"@id\":\"https:\/\/agenciainfra.com\/blog\/#organization\"},\"potentialAction\":[{\"@type\":\"SearchAction\",\"target\":{\"@type\":\"EntryPoint\",\"urlTemplate\":\"https:\/\/agenciainfra.com\/blog\/?s={search_term_string}\"},\"query-input\":{\"@type\":\"PropertyValueSpecification\",\"valueRequired\":true,\"valueName\":\"search_term_string\"}}],\"inLanguage\":\"pt-BR\"},{\"@type\":\"Organization\",\"@id\":\"https:\/\/agenciainfra.com\/blog\/#organization\",\"name\":\"Ag\u00eancia iNFRA\",\"url\":\"https:\/\/agenciainfra.com\/blog\/\",\"logo\":{\"@type\":\"ImageObject\",\"inLanguage\":\"pt-BR\",\"@id\":\"https:\/\/agenciainfra.com\/blog\/#\/schema\/logo\/image\/\",\"url\":\"https:\/\/agenciainfra.com\/blog\/wp-content\/uploads\/2023\/09\/iNFRA_5-e1761735885940.png\",\"contentUrl\":\"https:\/\/agenciainfra.com\/blog\/wp-content\/uploads\/2023\/09\/iNFRA_5-e1761735885940.png\",\"width\":1672,\"height\":454,\"caption\":\"Ag\u00eancia iNFRA\"},\"image\":{\"@id\":\"https:\/\/agenciainfra.com\/blog\/#\/schema\/logo\/image\/\"},\"sameAs\":[\"https:\/\/www.facebook.com\/ageninfra\",\"https:\/\/x.com\/agencia_infra\",\"https:\/\/www.linkedin.com\/company\/ag\u00eanciainfra\/\",\"https:\/\/www.instagram.com\/agenciainfra\/\"]},{\"@type\":\"Person\",\"@id\":\"https:\/\/agenciainfra.com\/blog\/#\/schema\/person\/34af08dff6adea4cb22b06612ba7acfa\",\"name\":\"Ag\u00eancia iNFRA\",\"image\":{\"@type\":\"ImageObject\",\"inLanguage\":\"pt-BR\",\"@id\":\"https:\/\/agenciainfra.com\/blog\/#\/schema\/person\/image\/\",\"url\":\"https:\/\/secure.gravatar.com\/avatar\/d189e01678f06d8eb84d4e01f08eb848b3fffe3f8443818d3c356c66892f5be8?s=96&d=mm&r=g\",\"contentUrl\":\"https:\/\/secure.gravatar.com\/avatar\/d189e01678f06d8eb84d4e01f08eb848b3fffe3f8443818d3c356c66892f5be8?s=96&d=mm&r=g\",\"caption\":\"Ag\u00eancia iNFRA\"},\"url\":\"https:\/\/agenciainfra.com\/blog\/author\/admin\/\"}]}<\/script>\n<!-- \/ Yoast SEO Premium plugin. -->","yoast_head_json":{"title":"ANTT homologa acordo de solu\u00e7\u00e3o consensual para repactua\u00e7\u00e3o da Arteris Fern\u00e3o Dias - Ag\u00eancia iNFRA","description":"Negocia\u00e7\u00e3o no \u00e2mbito da SecexConsenso para o acordo da Fern\u00e3o Dias foi acirrada, sendo considerada um processo complexo por fontes a par do assunto.","robots":{"index":"index","follow":"follow","max-snippet":"max-snippet:-1","max-image-preview":"max-image-preview:large","max-video-preview":"max-video-preview:-1"},"canonical":"https:\/\/agenciainfra.com\/blog\/antt-homologa-acordo-de-solucao-consensual-para-repactuacao-da-arteris-fernao-dias\/","og_locale":"pt_BR","og_type":"article","og_title":"ANTT homologa acordo de solu\u00e7\u00e3o consensual para repactua\u00e7\u00e3o da Arteris Fern\u00e3o Dias","og_description":"Negocia\u00e7\u00e3o no \u00e2mbito da SecexConsenso para o acordo da Fern\u00e3o Dias foi acirrada, sendo considerada um processo complexo por fontes a par do assunto.","og_url":"https:\/\/agenciainfra.com\/blog\/antt-homologa-acordo-de-solucao-consensual-para-repactuacao-da-arteris-fernao-dias\/","og_site_name":"Ag\u00eancia iNFRA","article_publisher":"https:\/\/www.facebook.com\/ageninfra","article_published_time":"2025-04-26T15:00:00+00:00","article_modified_time":"2025-04-28T12:14:24+00:00","og_image":[{"width":1280,"height":854,"url":"https:\/\/agenciainfra.com\/blog\/wp-content\/uploads\/2020\/07\/br381-fernao-dias-foto-divulgacao-arteris.jpg","type":"image\/jpeg"}],"author":"Ag\u00eancia iNFRA","twitter_card":"summary_large_image","twitter_creator":"@agencia_infra","twitter_site":"@agencia_infra","twitter_misc":{"Escrito por":"Ag\u00eancia iNFRA","Est. tempo de leitura":"1 minuto"},"schema":{"@context":"https:\/\/schema.org","@graph":[{"@type":"Article","@id":"https:\/\/agenciainfra.com\/blog\/antt-homologa-acordo-de-solucao-consensual-para-repactuacao-da-arteris-fernao-dias\/#article","isPartOf":{"@id":"https:\/\/agenciainfra.com\/blog\/antt-homologa-acordo-de-solucao-consensual-para-repactuacao-da-arteris-fernao-dias\/"},"author":{"name":"Ag\u00eancia iNFRA","@id":"https:\/\/agenciainfra.com\/blog\/#\/schema\/person\/34af08dff6adea4cb22b06612ba7acfa"},"headline":"ANTT homologa acordo de solu\u00e7\u00e3o consensual para repactua\u00e7\u00e3o da Arteris Fern\u00e3o Dias","datePublished":"2025-04-26T15:00:00+00:00","dateModified":"2025-04-28T12:14:24+00:00","mainEntityOfPage":{"@id":"https:\/\/agenciainfra.com\/blog\/antt-homologa-acordo-de-solucao-consensual-para-repactuacao-da-arteris-fernao-dias\/"},"wordCount":289,"publisher":{"@id":"https:\/\/agenciainfra.com\/blog\/#organization"},"image":{"@id":"https:\/\/agenciainfra.com\/blog\/antt-homologa-acordo-de-solucao-consensual-para-repactuacao-da-arteris-fernao-dias\/#primaryimage"},"thumbnailUrl":"https:\/\/agenciainfra.com\/blog\/wp-content\/uploads\/2020\/07\/br381-fernao-dias-foto-divulgacao-arteris.jpg","keywords":["Arteris Fern\u00e3o Dias","Autopista Fern\u00e3o Dias","BR-381","Consenso no TCU","contrato de rodovias","Dimmi Amora","Fern\u00e3o Dias","repactua\u00e7\u00e3o de contratos","SecexConsenso","solu\u00e7\u00e3o consensual","TCU"],"articleSection":["Destaque lista","Geral","iNFRATransporte"],"inLanguage":"pt-BR","copyrightYear":"2025","copyrightHolder":{"@id":"https:\/\/agenciainfra.com\/blog\/#organization"}},{"@type":"WebPage","@id":"https:\/\/agenciainfra.com\/blog\/antt-homologa-acordo-de-solucao-consensual-para-repactuacao-da-arteris-fernao-dias\/","url":"https:\/\/agenciainfra.com\/blog\/antt-homologa-acordo-de-solucao-consensual-para-repactuacao-da-arteris-fernao-dias\/","name":"ANTT homologa acordo de solu\u00e7\u00e3o consensual para repactua\u00e7\u00e3o da Arteris Fern\u00e3o Dias - Ag\u00eancia iNFRA","isPartOf":{"@id":"https:\/\/agenciainfra.com\/blog\/#website"},"primaryImageOfPage":{"@id":"https:\/\/agenciainfra.com\/blog\/antt-homologa-acordo-de-solucao-consensual-para-repactuacao-da-arteris-fernao-dias\/#primaryimage"},"image":{"@id":"https:\/\/agenciainfra.com\/blog\/antt-homologa-acordo-de-solucao-consensual-para-repactuacao-da-arteris-fernao-dias\/#primaryimage"},"thumbnailUrl":"https:\/\/agenciainfra.com\/blog\/wp-content\/uploads\/2020\/07\/br381-fernao-dias-foto-divulgacao-arteris.jpg","datePublished":"2025-04-26T15:00:00+00:00","dateModified":"2025-04-28T12:14:24+00:00","description":"Negocia\u00e7\u00e3o no \u00e2mbito da SecexConsenso para o acordo da Fern\u00e3o Dias foi acirrada, sendo considerada um processo complexo por fontes a par do assunto.","breadcrumb":{"@id":"https:\/\/agenciainfra.com\/blog\/antt-homologa-acordo-de-solucao-consensual-para-repactuacao-da-arteris-fernao-dias\/#breadcrumb"},"inLanguage":"pt-BR","potentialAction":[{"@type":"ReadAction","target":["https:\/\/agenciainfra.com\/blog\/antt-homologa-acordo-de-solucao-consensual-para-repactuacao-da-arteris-fernao-dias\/"]}]},{"@type":"ImageObject","inLanguage":"pt-BR","@id":"https:\/\/agenciainfra.com\/blog\/antt-homologa-acordo-de-solucao-consensual-para-repactuacao-da-arteris-fernao-dias\/#primaryimage","url":"https:\/\/agenciainfra.com\/blog\/wp-content\/uploads\/2020\/07\/br381-fernao-dias-foto-divulgacao-arteris.jpg","contentUrl":"https:\/\/agenciainfra.com\/blog\/wp-content\/uploads\/2020\/07\/br381-fernao-dias-foto-divulgacao-arteris.jpg","width":1280,"height":854,"caption":"Foto: Divulga\u00e7\u00e3o\/Arteris"},{"@type":"BreadcrumbList","@id":"https:\/\/agenciainfra.com\/blog\/antt-homologa-acordo-de-solucao-consensual-para-repactuacao-da-arteris-fernao-dias\/#breadcrumb","itemListElement":[{"@type":"ListItem","position":1,"name":"In\u00edcio","item":"https:\/\/agenciainfra.com\/blog\/"},{"@type":"ListItem","position":2,"name":"ANTT homologa acordo de solu\u00e7\u00e3o consensual para repactua\u00e7\u00e3o da Arteris Fern\u00e3o Dias"}]},{"@type":"WebSite","@id":"https:\/\/agenciainfra.com\/blog\/#website","url":"https:\/\/agenciainfra.com\/blog\/","name":"Ag\u00eancia iNFRA","description":"Multiplataforma de informa\u00e7\u00e3o jornal\u00edstica refer\u00eancia na \u00e1rea de infraestrutura no Brasil!","publisher":{"@id":"https:\/\/agenciainfra.com\/blog\/#organization"},"potentialAction":[{"@type":"SearchAction","target":{"@type":"EntryPoint","urlTemplate":"https:\/\/agenciainfra.com\/blog\/?s={search_term_string}"},"query-input":{"@type":"PropertyValueSpecification","valueRequired":true,"valueName":"search_term_string"}}],"inLanguage":"pt-BR"},{"@type":"Organization","@id":"https:\/\/agenciainfra.com\/blog\/#organization","name":"Ag\u00eancia iNFRA","url":"https:\/\/agenciainfra.com\/blog\/","logo":{"@type":"ImageObject","inLanguage":"pt-BR","@id":"https:\/\/agenciainfra.com\/blog\/#\/schema\/logo\/image\/","url":"https:\/\/agenciainfra.com\/blog\/wp-content\/uploads\/2023\/09\/iNFRA_5-e1761735885940.png","contentUrl":"https:\/\/agenciainfra.com\/blog\/wp-content\/uploads\/2023\/09\/iNFRA_5-e1761735885940.png","width":1672,"height":454,"caption":"Ag\u00eancia iNFRA"},"image":{"@id":"https:\/\/agenciainfra.com\/blog\/#\/schema\/logo\/image\/"},"sameAs":["https:\/\/www.facebook.com\/ageninfra","https:\/\/x.com\/agencia_infra","https:\/\/www.linkedin.com\/company\/ag\u00eanciainfra\/","https:\/\/www.instagram.com\/agenciainfra\/"]},{"@type":"Person","@id":"https:\/\/agenciainfra.com\/blog\/#\/schema\/person\/34af08dff6adea4cb22b06612ba7acfa","name":"Ag\u00eancia iNFRA","image":{"@type":"ImageObject","inLanguage":"pt-BR","@id":"https:\/\/agenciainfra.com\/blog\/#\/schema\/person\/image\/","url":"https:\/\/secure.gravatar.com\/avatar\/d189e01678f06d8eb84d4e01f08eb848b3fffe3f8443818d3c356c66892f5be8?s=96&d=mm&r=g","contentUrl":"https:\/\/secure.gravatar.com\/avatar\/d189e01678f06d8eb84d4e01f08eb848b3fffe3f8443818d3c356c66892f5be8?s=96&d=mm&r=g","caption":"Ag\u00eancia iNFRA"},"url":"https:\/\/agenciainfra.com\/blog\/author\/admin\/"}]}},"_links":{"self":[{"href":"https:\/\/agenciainfra.com\/blog\/wp-json\/wp\/v2\/posts\/21097","targetHints":{"allow":["GET"]}}],"collection":[{"href":"https:\/\/agenciainfra.com\/blog\/wp-json\/wp\/v2\/posts"}],"about":[{"href":"https:\/\/agenciainfra.com\/blog\/wp-json\/wp\/v2\/types\/post"}],"author":[{"embeddable":true,"href":"https:\/\/agenciainfra.com\/blog\/wp-json\/wp\/v2\/users\/1"}],"replies":[{"embeddable":true,"href":"https:\/\/agenciainfra.com\/blog\/wp-json\/wp\/v2\/comments?post=21097"}],"version-history":[{"count":1,"href":"https:\/\/agenciainfra.com\/blog\/wp-json\/wp\/v2\/posts\/21097\/revisions"}],"predecessor-version":[{"id":21098,"href":"https:\/\/agenciainfra.com\/blog\/wp-json\/wp\/v2\/posts\/21097\/revisions\/21098"}],"wp:featuredmedia":[{"embeddable":true,"href":"https:\/\/agenciainfra.com\/blog\/wp-json\/wp\/v2\/media\/5481"}],"wp:attachment":[{"href":"https:\/\/agenciainfra.com\/blog\/wp-json\/wp\/v2\/media?parent=21097"}],"wp:term":[{"taxonomy":"category","embeddable":true,"href":"https:\/\/agenciainfra.com\/blog\/wp-json\/wp\/v2\/categories?post=21097"},{"taxonomy":"post_tag","embeddable":true,"href":"https:\/\/agenciainfra.com\/blog\/wp-json\/wp\/v2\/tags?post=21097"}],"curies":[{"name":"wp","href":"https:\/\/api.w.org\/{rel}","templated":true}]}}