{"id":21107,"date":"2025-04-25T19:05:42","date_gmt":"2025-04-25T22:05:42","guid":{"rendered":"https:\/\/agenciainfra.com\/blog\/?p=21107"},"modified":"2025-05-16T10:54:35","modified_gmt":"2025-05-16T13:54:35","slug":"vale-concentrara-esforcos-no-fornecimento-de-minerio-de-ferro-de-medio-teor","status":"publish","type":"post","link":"https:\/\/agenciainfra.com\/blog\/vale-concentrara-esforcos-no-fornecimento-de-minerio-de-ferro-de-medio-teor\/","title":{"rendered":"Vale concentrar\u00e1 esfor\u00e7os no fornecimento de min\u00e9rio de ferro de m\u00e9dio teor"},"content":{"rendered":"\n<p class=\"has-text-align-right\"><strong>Bernardo Gonzaga, da Ag\u00eancia iNFRA<\/strong><\/p>\n\n\n\n<p>Em confer\u00eancia com investidores, a mineradora brasileira informou que houve uma maior procura por min\u00e9rio de ferro de m\u00e9dio teor pelo mercado, e, por isso, concentrar\u00e1 seus esfor\u00e7os de fornecimento neste produto. Por outro lado, tamb\u00e9m informou que os pre\u00e7os do n\u00edquel ainda est\u00e3o baixos no mercado e v\u00ea menos necessidade de produtividade do metal.<\/p>\n\n\n\n<p>\u201cOs pre\u00e7os de n\u00edquel est\u00e3o muito baixos, ent\u00e3o a gente v\u00ea menos necessidade de produtividade. Portanto, os pr\u00eamios por qualidade ainda est\u00e3o muito baixos. O que os clientes est\u00e3o buscando \u00e9 min\u00e9rio de ferro de m\u00e9dio teor\u201d, informou a companhia em confer\u00eancia com investidores nesta sexta-feira (25).<\/p>\n\n\n\n<p>Al\u00e9m disso, a companhia pretende lan\u00e7ar um produto de m\u00e9dio teor fora de Caraj\u00e1s (PA), com objetivo de aumentar a base de reserva da companhia e dar flexibilidade na opera\u00e7\u00e3o. &#8220;\u00c9 um movimento sensato em um momento em que o mercado n\u00e3o est\u00e1 pagando por pr\u00eamios altos\u201d, informou a empresa a investidores, que tamb\u00e9m refor\u00e7ou que o objetivo da companhia vai ser sempre maximizar valor atrav\u00e9s de margem unit\u00e1ria versus volume.<\/p>\n\n\n\n<p>A companhia destacou ainda que essa mudan\u00e7a vai requerer um per\u00edodo de transi\u00e7\u00e3o, mas n\u00e3o mencionou um tempo definido.<\/p>\n\n\n\n<p><strong>Guerra tarif\u00e1ria<\/strong><br>O alto escal\u00e3o da companhia tamb\u00e9m disse ao mercado que ainda \u00e9 cedo para saber quais ser\u00e3o as consequ\u00eancias definitivas ap\u00f3s as san\u00e7\u00f5es de tarifas de importa\u00e7\u00e3o impostas pelos Estados Unidos. Entretanto, h\u00e1 a percep\u00e7\u00e3o de que o pre\u00e7o do min\u00e9rio em 2025 seja parecido com o que o mercado opera hoje.<\/p>\n\n\n\n<p>\u201cPor exemplo, se a China reagir ou colocar muito incentivo na economia dom\u00e9stica, o que \u00e9 bem prov\u00e1vel, muito desse a\u00e7o que est\u00e1 sendo exportado pode voltar para a China. Isso pode ser positivo, dado que o a\u00e7o que \u00e9 produzido na China \u00e9 basicamente de ferro gusa. Ent\u00e3o, os pre\u00e7os podem se reduzir porque tem a deprecia\u00e7\u00e3o. \u00c9 muito cedo para saber. Alguns c\u00e2mbios depreciaram, mas agora est\u00e3o voltando. A minha sensa\u00e7\u00e3o, em geral, \u00e9 que vamos ter um ano bem parecido, ou que os pre\u00e7os estar\u00e3o est\u00e1veis nos mesmos n\u00edveis que estamos vendo no momento\u201d, informou a companhia.<\/p>\n","protected":false},"excerpt":{"rendered":"<p>Bernardo Gonzaga, da Ag\u00eancia iNFRA Em confer\u00eancia com investidores, a mineradora brasileira informou que houve uma maior procura por min\u00e9rio de ferro de m\u00e9dio teor pelo mercado, e, por isso, concentrar\u00e1 seus esfor\u00e7os de fornecimento neste produto. Por outro lado, tamb\u00e9m informou que os pre\u00e7os do n\u00edquel ainda est\u00e3o baixos no mercado e v\u00ea menos [&hellip;]<\/p>\n","protected":false},"author":1,"featured_media":21820,"comment_status":"closed","ping_status":"closed","sticky":false,"template":"","format":"standard","meta":{"_monsterinsights_skip_tracking":false,"_monsterinsights_sitenote_active":false,"_monsterinsights_sitenote_note":"","_monsterinsights_sitenote_category":0,"footnotes":""},"categories":[7250,1,13239],"tags":[13138,1728,3922,13176,13175,839,3498,13174,83],"class_list":["post-21107","post","type-post","status-publish","format-standard","has-post-thumbnail","hentry","category-destaque-lista","category-geral","category-mineracao","tag-bernardo-gonzaga","tag-china","tag-eua","tag-ferro-gusa","tag-guerra-tarifaria","tag-mineracao","tag-minerio-de-ferro","tag-niquel","tag-vale"],"yoast_head":"<!-- This site is optimized with the Yoast SEO Premium plugin v25.4 (Yoast SEO v26.0) - https:\/\/yoast.com\/wordpress\/plugins\/seo\/ -->\n<title>Vale concentrar\u00e1 esfor\u00e7os no fornecimento de min\u00e9rio de ferro de m\u00e9dio teor - Ag\u00eancia iNFRA<\/title>\n<meta name=\"robots\" content=\"index, follow, max-snippet:-1, max-image-preview:large, max-video-preview:-1\" \/>\n<link rel=\"canonical\" href=\"https:\/\/agenciainfra.com\/blog\/vale-concentrara-esforcos-no-fornecimento-de-minerio-de-ferro-de-medio-teor\/\" \/>\n<meta property=\"og:locale\" content=\"pt_BR\" \/>\n<meta property=\"og:type\" content=\"article\" \/>\n<meta property=\"og:title\" content=\"Vale concentrar\u00e1 esfor\u00e7os no fornecimento de min\u00e9rio de ferro de m\u00e9dio teor\" \/>\n<meta property=\"og:description\" content=\"Bernardo Gonzaga, da Ag\u00eancia iNFRA Em confer\u00eancia com investidores, a mineradora brasileira informou que houve uma maior procura por min\u00e9rio de ferro de m\u00e9dio teor pelo mercado, e, por isso, concentrar\u00e1 seus esfor\u00e7os de fornecimento neste produto. Por outro lado, tamb\u00e9m informou que os pre\u00e7os do n\u00edquel ainda est\u00e3o baixos no mercado e v\u00ea menos [&hellip;]\" \/>\n<meta property=\"og:url\" content=\"https:\/\/agenciainfra.com\/blog\/vale-concentrara-esforcos-no-fornecimento-de-minerio-de-ferro-de-medio-teor\/\" \/>\n<meta property=\"og:site_name\" content=\"Ag\u00eancia iNFRA\" \/>\n<meta property=\"article:publisher\" content=\"https:\/\/www.facebook.com\/ageninfra\" \/>\n<meta property=\"article:published_time\" content=\"2025-04-25T22:05:42+00:00\" \/>\n<meta property=\"article:modified_time\" content=\"2025-05-16T13:54:35+00:00\" \/>\n<meta property=\"og:image\" content=\"https:\/\/agenciainfra.com\/blog\/wp-content\/uploads\/2025\/04\/vale-mineracao-foto-ricardo_teles-vale-1.jpg\" \/>\n\t<meta property=\"og:image:width\" content=\"1280\" \/>\n\t<meta property=\"og:image:height\" content=\"852\" \/>\n\t<meta property=\"og:image:type\" content=\"image\/jpeg\" \/>\n<meta name=\"author\" content=\"Ag\u00eancia iNFRA\" \/>\n<meta name=\"twitter:card\" content=\"summary_large_image\" \/>\n<meta name=\"twitter:creator\" content=\"@agencia_infra\" \/>\n<meta name=\"twitter:site\" content=\"@agencia_infra\" \/>\n<meta name=\"twitter:label1\" content=\"Escrito por\" \/>\n\t<meta name=\"twitter:data1\" content=\"Ag\u00eancia iNFRA\" \/>\n\t<meta name=\"twitter:label2\" content=\"Est. tempo de leitura\" \/>\n\t<meta name=\"twitter:data2\" content=\"2 minutos\" \/>\n<script type=\"application\/ld+json\" class=\"yoast-schema-graph\">{\"@context\":\"https:\/\/schema.org\",\"@graph\":[{\"@type\":\"Article\",\"@id\":\"https:\/\/agenciainfra.com\/blog\/vale-concentrara-esforcos-no-fornecimento-de-minerio-de-ferro-de-medio-teor\/#article\",\"isPartOf\":{\"@id\":\"https:\/\/agenciainfra.com\/blog\/vale-concentrara-esforcos-no-fornecimento-de-minerio-de-ferro-de-medio-teor\/\"},\"author\":{\"name\":\"Ag\u00eancia iNFRA\",\"@id\":\"https:\/\/agenciainfra.com\/blog\/#\/schema\/person\/34af08dff6adea4cb22b06612ba7acfa\"},\"headline\":\"Vale concentrar\u00e1 esfor\u00e7os no fornecimento de min\u00e9rio de ferro de m\u00e9dio teor\",\"datePublished\":\"2025-04-25T22:05:42+00:00\",\"dateModified\":\"2025-05-16T13:54:35+00:00\",\"mainEntityOfPage\":{\"@id\":\"https:\/\/agenciainfra.com\/blog\/vale-concentrara-esforcos-no-fornecimento-de-minerio-de-ferro-de-medio-teor\/\"},\"wordCount\":415,\"publisher\":{\"@id\":\"https:\/\/agenciainfra.com\/blog\/#organization\"},\"image\":{\"@id\":\"https:\/\/agenciainfra.com\/blog\/vale-concentrara-esforcos-no-fornecimento-de-minerio-de-ferro-de-medio-teor\/#primaryimage\"},\"thumbnailUrl\":\"https:\/\/agenciainfra.com\/blog\/wp-content\/uploads\/2025\/04\/vale-mineracao-foto-ricardo_teles-vale-1.jpg\",\"keywords\":[\"bernardo gonzaga\",\"China\",\"EUA\",\"ferro gusa\",\"guerra tarif\u00e1ria\",\"minera\u00e7\u00e3o\",\"min\u00e9rio de ferro\",\"n\u00edquel\",\"Vale\"],\"articleSection\":[\"Destaque lista\",\"Geral\",\"Minera\u00e7\u00e3o\"],\"inLanguage\":\"pt-BR\",\"copyrightYear\":\"2025\",\"copyrightHolder\":{\"@id\":\"https:\/\/agenciainfra.com\/blog\/#organization\"}},{\"@type\":\"WebPage\",\"@id\":\"https:\/\/agenciainfra.com\/blog\/vale-concentrara-esforcos-no-fornecimento-de-minerio-de-ferro-de-medio-teor\/\",\"url\":\"https:\/\/agenciainfra.com\/blog\/vale-concentrara-esforcos-no-fornecimento-de-minerio-de-ferro-de-medio-teor\/\",\"name\":\"Vale concentrar\u00e1 esfor\u00e7os no fornecimento de min\u00e9rio de ferro de m\u00e9dio teor - Ag\u00eancia iNFRA\",\"isPartOf\":{\"@id\":\"https:\/\/agenciainfra.com\/blog\/#website\"},\"primaryImageOfPage\":{\"@id\":\"https:\/\/agenciainfra.com\/blog\/vale-concentrara-esforcos-no-fornecimento-de-minerio-de-ferro-de-medio-teor\/#primaryimage\"},\"image\":{\"@id\":\"https:\/\/agenciainfra.com\/blog\/vale-concentrara-esforcos-no-fornecimento-de-minerio-de-ferro-de-medio-teor\/#primaryimage\"},\"thumbnailUrl\":\"https:\/\/agenciainfra.com\/blog\/wp-content\/uploads\/2025\/04\/vale-mineracao-foto-ricardo_teles-vale-1.jpg\",\"datePublished\":\"2025-04-25T22:05:42+00:00\",\"dateModified\":\"2025-05-16T13:54:35+00:00\",\"breadcrumb\":{\"@id\":\"https:\/\/agenciainfra.com\/blog\/vale-concentrara-esforcos-no-fornecimento-de-minerio-de-ferro-de-medio-teor\/#breadcrumb\"},\"inLanguage\":\"pt-BR\",\"potentialAction\":[{\"@type\":\"ReadAction\",\"target\":[\"https:\/\/agenciainfra.com\/blog\/vale-concentrara-esforcos-no-fornecimento-de-minerio-de-ferro-de-medio-teor\/\"]}]},{\"@type\":\"ImageObject\",\"inLanguage\":\"pt-BR\",\"@id\":\"https:\/\/agenciainfra.com\/blog\/vale-concentrara-esforcos-no-fornecimento-de-minerio-de-ferro-de-medio-teor\/#primaryimage\",\"url\":\"https:\/\/agenciainfra.com\/blog\/wp-content\/uploads\/2025\/04\/vale-mineracao-foto-ricardo_teles-vale-1.jpg\",\"contentUrl\":\"https:\/\/agenciainfra.com\/blog\/wp-content\/uploads\/2025\/04\/vale-mineracao-foto-ricardo_teles-vale-1.jpg\",\"width\":1280,\"height\":852,\"caption\":\"Foto: Ricardo Teles\/Vale\"},{\"@type\":\"BreadcrumbList\",\"@id\":\"https:\/\/agenciainfra.com\/blog\/vale-concentrara-esforcos-no-fornecimento-de-minerio-de-ferro-de-medio-teor\/#breadcrumb\",\"itemListElement\":[{\"@type\":\"ListItem\",\"position\":1,\"name\":\"In\u00edcio\",\"item\":\"https:\/\/agenciainfra.com\/blog\/\"},{\"@type\":\"ListItem\",\"position\":2,\"name\":\"Vale concentrar\u00e1 esfor\u00e7os no fornecimento de min\u00e9rio de ferro de m\u00e9dio teor\"}]},{\"@type\":\"WebSite\",\"@id\":\"https:\/\/agenciainfra.com\/blog\/#website\",\"url\":\"https:\/\/agenciainfra.com\/blog\/\",\"name\":\"Ag\u00eancia iNFRA\",\"description\":\"Multiplataforma de informa\u00e7\u00e3o jornal\u00edstica refer\u00eancia na \u00e1rea de infraestrutura no Brasil!\",\"publisher\":{\"@id\":\"https:\/\/agenciainfra.com\/blog\/#organization\"},\"potentialAction\":[{\"@type\":\"SearchAction\",\"target\":{\"@type\":\"EntryPoint\",\"urlTemplate\":\"https:\/\/agenciainfra.com\/blog\/?s={search_term_string}\"},\"query-input\":{\"@type\":\"PropertyValueSpecification\",\"valueRequired\":true,\"valueName\":\"search_term_string\"}}],\"inLanguage\":\"pt-BR\"},{\"@type\":\"Organization\",\"@id\":\"https:\/\/agenciainfra.com\/blog\/#organization\",\"name\":\"Ag\u00eancia iNFRA\",\"url\":\"https:\/\/agenciainfra.com\/blog\/\",\"logo\":{\"@type\":\"ImageObject\",\"inLanguage\":\"pt-BR\",\"@id\":\"https:\/\/agenciainfra.com\/blog\/#\/schema\/logo\/image\/\",\"url\":\"https:\/\/agenciainfra.com\/blog\/wp-content\/uploads\/2023\/09\/iNFRA_5-e1761735885940.png\",\"contentUrl\":\"https:\/\/agenciainfra.com\/blog\/wp-content\/uploads\/2023\/09\/iNFRA_5-e1761735885940.png\",\"width\":1672,\"height\":454,\"caption\":\"Ag\u00eancia iNFRA\"},\"image\":{\"@id\":\"https:\/\/agenciainfra.com\/blog\/#\/schema\/logo\/image\/\"},\"sameAs\":[\"https:\/\/www.facebook.com\/ageninfra\",\"https:\/\/x.com\/agencia_infra\",\"https:\/\/www.linkedin.com\/company\/ag\u00eanciainfra\/\",\"https:\/\/www.instagram.com\/agenciainfra\/\"]},{\"@type\":\"Person\",\"@id\":\"https:\/\/agenciainfra.com\/blog\/#\/schema\/person\/34af08dff6adea4cb22b06612ba7acfa\",\"name\":\"Ag\u00eancia iNFRA\",\"image\":{\"@type\":\"ImageObject\",\"inLanguage\":\"pt-BR\",\"@id\":\"https:\/\/agenciainfra.com\/blog\/#\/schema\/person\/image\/\",\"url\":\"https:\/\/secure.gravatar.com\/avatar\/d189e01678f06d8eb84d4e01f08eb848b3fffe3f8443818d3c356c66892f5be8?s=96&d=mm&r=g\",\"contentUrl\":\"https:\/\/secure.gravatar.com\/avatar\/d189e01678f06d8eb84d4e01f08eb848b3fffe3f8443818d3c356c66892f5be8?s=96&d=mm&r=g\",\"caption\":\"Ag\u00eancia iNFRA\"},\"url\":\"https:\/\/agenciainfra.com\/blog\/author\/admin\/\"}]}<\/script>\n<!-- \/ Yoast SEO Premium plugin. -->","yoast_head_json":{"title":"Vale concentrar\u00e1 esfor\u00e7os no fornecimento de min\u00e9rio de ferro de m\u00e9dio teor - Ag\u00eancia iNFRA","robots":{"index":"index","follow":"follow","max-snippet":"max-snippet:-1","max-image-preview":"max-image-preview:large","max-video-preview":"max-video-preview:-1"},"canonical":"https:\/\/agenciainfra.com\/blog\/vale-concentrara-esforcos-no-fornecimento-de-minerio-de-ferro-de-medio-teor\/","og_locale":"pt_BR","og_type":"article","og_title":"Vale concentrar\u00e1 esfor\u00e7os no fornecimento de min\u00e9rio de ferro de m\u00e9dio teor","og_description":"Bernardo Gonzaga, da Ag\u00eancia iNFRA Em confer\u00eancia com investidores, a mineradora brasileira informou que houve uma maior procura por min\u00e9rio de ferro de m\u00e9dio teor pelo mercado, e, por isso, concentrar\u00e1 seus esfor\u00e7os de fornecimento neste produto. Por outro lado, tamb\u00e9m informou que os pre\u00e7os do n\u00edquel ainda est\u00e3o baixos no mercado e v\u00ea menos [&hellip;]","og_url":"https:\/\/agenciainfra.com\/blog\/vale-concentrara-esforcos-no-fornecimento-de-minerio-de-ferro-de-medio-teor\/","og_site_name":"Ag\u00eancia iNFRA","article_publisher":"https:\/\/www.facebook.com\/ageninfra","article_published_time":"2025-04-25T22:05:42+00:00","article_modified_time":"2025-05-16T13:54:35+00:00","og_image":[{"width":1280,"height":852,"url":"https:\/\/agenciainfra.com\/blog\/wp-content\/uploads\/2025\/04\/vale-mineracao-foto-ricardo_teles-vale-1.jpg","type":"image\/jpeg"}],"author":"Ag\u00eancia iNFRA","twitter_card":"summary_large_image","twitter_creator":"@agencia_infra","twitter_site":"@agencia_infra","twitter_misc":{"Escrito por":"Ag\u00eancia iNFRA","Est. tempo de leitura":"2 minutos"},"schema":{"@context":"https:\/\/schema.org","@graph":[{"@type":"Article","@id":"https:\/\/agenciainfra.com\/blog\/vale-concentrara-esforcos-no-fornecimento-de-minerio-de-ferro-de-medio-teor\/#article","isPartOf":{"@id":"https:\/\/agenciainfra.com\/blog\/vale-concentrara-esforcos-no-fornecimento-de-minerio-de-ferro-de-medio-teor\/"},"author":{"name":"Ag\u00eancia iNFRA","@id":"https:\/\/agenciainfra.com\/blog\/#\/schema\/person\/34af08dff6adea4cb22b06612ba7acfa"},"headline":"Vale concentrar\u00e1 esfor\u00e7os no fornecimento de min\u00e9rio de ferro de m\u00e9dio teor","datePublished":"2025-04-25T22:05:42+00:00","dateModified":"2025-05-16T13:54:35+00:00","mainEntityOfPage":{"@id":"https:\/\/agenciainfra.com\/blog\/vale-concentrara-esforcos-no-fornecimento-de-minerio-de-ferro-de-medio-teor\/"},"wordCount":415,"publisher":{"@id":"https:\/\/agenciainfra.com\/blog\/#organization"},"image":{"@id":"https:\/\/agenciainfra.com\/blog\/vale-concentrara-esforcos-no-fornecimento-de-minerio-de-ferro-de-medio-teor\/#primaryimage"},"thumbnailUrl":"https:\/\/agenciainfra.com\/blog\/wp-content\/uploads\/2025\/04\/vale-mineracao-foto-ricardo_teles-vale-1.jpg","keywords":["bernardo gonzaga","China","EUA","ferro gusa","guerra tarif\u00e1ria","minera\u00e7\u00e3o","min\u00e9rio de ferro","n\u00edquel","Vale"],"articleSection":["Destaque lista","Geral","Minera\u00e7\u00e3o"],"inLanguage":"pt-BR","copyrightYear":"2025","copyrightHolder":{"@id":"https:\/\/agenciainfra.com\/blog\/#organization"}},{"@type":"WebPage","@id":"https:\/\/agenciainfra.com\/blog\/vale-concentrara-esforcos-no-fornecimento-de-minerio-de-ferro-de-medio-teor\/","url":"https:\/\/agenciainfra.com\/blog\/vale-concentrara-esforcos-no-fornecimento-de-minerio-de-ferro-de-medio-teor\/","name":"Vale concentrar\u00e1 esfor\u00e7os no fornecimento de min\u00e9rio de ferro de m\u00e9dio teor - Ag\u00eancia iNFRA","isPartOf":{"@id":"https:\/\/agenciainfra.com\/blog\/#website"},"primaryImageOfPage":{"@id":"https:\/\/agenciainfra.com\/blog\/vale-concentrara-esforcos-no-fornecimento-de-minerio-de-ferro-de-medio-teor\/#primaryimage"},"image":{"@id":"https:\/\/agenciainfra.com\/blog\/vale-concentrara-esforcos-no-fornecimento-de-minerio-de-ferro-de-medio-teor\/#primaryimage"},"thumbnailUrl":"https:\/\/agenciainfra.com\/blog\/wp-content\/uploads\/2025\/04\/vale-mineracao-foto-ricardo_teles-vale-1.jpg","datePublished":"2025-04-25T22:05:42+00:00","dateModified":"2025-05-16T13:54:35+00:00","breadcrumb":{"@id":"https:\/\/agenciainfra.com\/blog\/vale-concentrara-esforcos-no-fornecimento-de-minerio-de-ferro-de-medio-teor\/#breadcrumb"},"inLanguage":"pt-BR","potentialAction":[{"@type":"ReadAction","target":["https:\/\/agenciainfra.com\/blog\/vale-concentrara-esforcos-no-fornecimento-de-minerio-de-ferro-de-medio-teor\/"]}]},{"@type":"ImageObject","inLanguage":"pt-BR","@id":"https:\/\/agenciainfra.com\/blog\/vale-concentrara-esforcos-no-fornecimento-de-minerio-de-ferro-de-medio-teor\/#primaryimage","url":"https:\/\/agenciainfra.com\/blog\/wp-content\/uploads\/2025\/04\/vale-mineracao-foto-ricardo_teles-vale-1.jpg","contentUrl":"https:\/\/agenciainfra.com\/blog\/wp-content\/uploads\/2025\/04\/vale-mineracao-foto-ricardo_teles-vale-1.jpg","width":1280,"height":852,"caption":"Foto: Ricardo Teles\/Vale"},{"@type":"BreadcrumbList","@id":"https:\/\/agenciainfra.com\/blog\/vale-concentrara-esforcos-no-fornecimento-de-minerio-de-ferro-de-medio-teor\/#breadcrumb","itemListElement":[{"@type":"ListItem","position":1,"name":"In\u00edcio","item":"https:\/\/agenciainfra.com\/blog\/"},{"@type":"ListItem","position":2,"name":"Vale concentrar\u00e1 esfor\u00e7os no fornecimento de min\u00e9rio de ferro de m\u00e9dio teor"}]},{"@type":"WebSite","@id":"https:\/\/agenciainfra.com\/blog\/#website","url":"https:\/\/agenciainfra.com\/blog\/","name":"Ag\u00eancia iNFRA","description":"Multiplataforma de informa\u00e7\u00e3o jornal\u00edstica refer\u00eancia na \u00e1rea de infraestrutura no Brasil!","publisher":{"@id":"https:\/\/agenciainfra.com\/blog\/#organization"},"potentialAction":[{"@type":"SearchAction","target":{"@type":"EntryPoint","urlTemplate":"https:\/\/agenciainfra.com\/blog\/?s={search_term_string}"},"query-input":{"@type":"PropertyValueSpecification","valueRequired":true,"valueName":"search_term_string"}}],"inLanguage":"pt-BR"},{"@type":"Organization","@id":"https:\/\/agenciainfra.com\/blog\/#organization","name":"Ag\u00eancia iNFRA","url":"https:\/\/agenciainfra.com\/blog\/","logo":{"@type":"ImageObject","inLanguage":"pt-BR","@id":"https:\/\/agenciainfra.com\/blog\/#\/schema\/logo\/image\/","url":"https:\/\/agenciainfra.com\/blog\/wp-content\/uploads\/2023\/09\/iNFRA_5-e1761735885940.png","contentUrl":"https:\/\/agenciainfra.com\/blog\/wp-content\/uploads\/2023\/09\/iNFRA_5-e1761735885940.png","width":1672,"height":454,"caption":"Ag\u00eancia iNFRA"},"image":{"@id":"https:\/\/agenciainfra.com\/blog\/#\/schema\/logo\/image\/"},"sameAs":["https:\/\/www.facebook.com\/ageninfra","https:\/\/x.com\/agencia_infra","https:\/\/www.linkedin.com\/company\/ag\u00eanciainfra\/","https:\/\/www.instagram.com\/agenciainfra\/"]},{"@type":"Person","@id":"https:\/\/agenciainfra.com\/blog\/#\/schema\/person\/34af08dff6adea4cb22b06612ba7acfa","name":"Ag\u00eancia iNFRA","image":{"@type":"ImageObject","inLanguage":"pt-BR","@id":"https:\/\/agenciainfra.com\/blog\/#\/schema\/person\/image\/","url":"https:\/\/secure.gravatar.com\/avatar\/d189e01678f06d8eb84d4e01f08eb848b3fffe3f8443818d3c356c66892f5be8?s=96&d=mm&r=g","contentUrl":"https:\/\/secure.gravatar.com\/avatar\/d189e01678f06d8eb84d4e01f08eb848b3fffe3f8443818d3c356c66892f5be8?s=96&d=mm&r=g","caption":"Ag\u00eancia iNFRA"},"url":"https:\/\/agenciainfra.com\/blog\/author\/admin\/"}]}},"_links":{"self":[{"href":"https:\/\/agenciainfra.com\/blog\/wp-json\/wp\/v2\/posts\/21107","targetHints":{"allow":["GET"]}}],"collection":[{"href":"https:\/\/agenciainfra.com\/blog\/wp-json\/wp\/v2\/posts"}],"about":[{"href":"https:\/\/agenciainfra.com\/blog\/wp-json\/wp\/v2\/types\/post"}],"author":[{"embeddable":true,"href":"https:\/\/agenciainfra.com\/blog\/wp-json\/wp\/v2\/users\/1"}],"replies":[{"embeddable":true,"href":"https:\/\/agenciainfra.com\/blog\/wp-json\/wp\/v2\/comments?post=21107"}],"version-history":[{"count":1,"href":"https:\/\/agenciainfra.com\/blog\/wp-json\/wp\/v2\/posts\/21107\/revisions"}],"predecessor-version":[{"id":21109,"href":"https:\/\/agenciainfra.com\/blog\/wp-json\/wp\/v2\/posts\/21107\/revisions\/21109"}],"wp:featuredmedia":[{"embeddable":true,"href":"https:\/\/agenciainfra.com\/blog\/wp-json\/wp\/v2\/media\/21820"}],"wp:attachment":[{"href":"https:\/\/agenciainfra.com\/blog\/wp-json\/wp\/v2\/media?parent=21107"}],"wp:term":[{"taxonomy":"category","embeddable":true,"href":"https:\/\/agenciainfra.com\/blog\/wp-json\/wp\/v2\/categories?post=21107"},{"taxonomy":"post_tag","embeddable":true,"href":"https:\/\/agenciainfra.com\/blog\/wp-json\/wp\/v2\/tags?post=21107"}],"curies":[{"name":"wp","href":"https:\/\/api.w.org\/{rel}","templated":true}]}}