{"id":21148,"date":"2025-04-29T09:00:00","date_gmt":"2025-04-29T12:00:00","guid":{"rendered":"https:\/\/agenciainfra.com\/blog\/?p=21148"},"modified":"2025-04-29T12:00:17","modified_gmt":"2025-04-29T15:00:17","slug":"tecnicos-da-aneel-sugerem-limitar-subsidios-a-usinas-da-corrida-do-ouro-ainda-sem-outorga","status":"publish","type":"post","link":"https:\/\/agenciainfra.com\/blog\/tecnicos-da-aneel-sugerem-limitar-subsidios-a-usinas-da-corrida-do-ouro-ainda-sem-outorga\/","title":{"rendered":"T\u00e9cnicos da ANEEL sugerem limitar subs\u00eddios a usinas da &#8220;corrida do ouro&#8221; ainda sem outorga"},"content":{"rendered":"\n<p class=\"has-text-align-right\"><strong>Geraldo Campos Jr. e Lais Carregosa, da Ag\u00eancia iNFRA<\/strong><\/p>\n\n\n\n<p>A \u00e1rea t\u00e9cnica da ANEEL (Ag\u00eancia Nacional de Energia El\u00e9trica) recomendou limitar o desconto no fio agrupando as usinas da chamada \u201ccorrida do ouro\u201d com rela\u00e7\u00f5es societ\u00e1rias entre si e conex\u00e3o f\u00edsica como um \u00fanico \u201ccomplexo de gera\u00e7\u00e3o\u201d. Nesse caso, se o complexo ultrapassar 300 MW de pot\u00eancia, n\u00e3o ter\u00e1 direito ao subs\u00eddio.<\/p>\n\n\n\n<p>A nova regra para limitar os descontos de 50% na Tusd e na Tust (tarifas de uso dos sistemas de distribui\u00e7\u00e3o e transmiss\u00e3o), visando&nbsp;evitar a fragmenta\u00e7\u00e3o de projetos para obten\u00e7\u00e3o dos descontos, tamb\u00e9m foi a escolhida por 96% dos agentes que participaram da CP (Consulta P\u00fablica) 13\/2024. A proposta est\u00e1 na pauta da reuni\u00e3o da diretoria da ANEEL desta ter\u00e7a-feira (29), sob relatoria da diretora Agnes Costa.<\/p>\n\n\n\n<p>Conforme a <a href=\"http:\/\/ento_consulta_externa.php?yPDszXhdoNcWQHJaQlHJmJIqCNXRK_Sh2SMdn1U-tzMdK6IFPpMxTYraczTXTkBVYH-S4aEL58LYRh7-JdaDDTgdfCsCvtXU3b_wwxLgQ7o5vnzoHeALTiQVafRgfBYO\" target=\"_blank\" rel=\"noreferrer noopener\">Nota T\u00e9cnica Conjunta 15\/2025<\/a>, emitida na \u00faltima sexta-feira (25), o primeiro crit\u00e9rio sugerido considera a participa\u00e7\u00e3o direta ou indireta na estrutura societ\u00e1ria acima de 20% como relevante para agrupamento das usinas. De acordo com os t\u00e9cnicos da ANEEL, a rela\u00e7\u00e3o pode ser caracterizada pelo controle societ\u00e1rio comum entre as usinas, ou por sociedades coligadas.<\/p>\n\n\n\n<p>Para serem consideradas um complexo, segundo a recomenda\u00e7\u00e3o, as usinas tamb\u00e9m devem compartilhar um ponto de conex\u00e3o \u00e0 rede de transmiss\u00e3o ou de distribui\u00e7\u00e3o.<\/p>\n\n\n\n<p>Caso seja aprovada, a nova regra n\u00e3o deve impactar os geradores que compartilhem o contrato de uso do sistema de transmiss\u00e3o por meio de associa\u00e7\u00f5es. A regula\u00e7\u00e3o deve ser tema de atualiza\u00e7\u00e3o dos Procedimentos de Comercializa\u00e7\u00e3o pela CCEE (C\u00e2mara de Comercializa\u00e7\u00e3o de Energia El\u00e9trica).<\/p>\n\n\n\n<p>A regra impactaria as usinas da \u201ccorrida do ouro\u201d, que pediram outorga at\u00e9 2 de mar\u00e7o de 2022, mas que ainda n\u00e3o tiveram suas an\u00e1lises de outorga conclu\u00eddas por causa de ac\u00f3rd\u00e3o do TCU (Tribunal de Contas da Uni\u00e3o) que suspendeu a aplica\u00e7\u00e3o dos descontos at\u00e9 que uma nova regulamenta\u00e7\u00e3o fosse aprovada pela ANEEL.&nbsp;<\/p>\n\n\n\n<p>Conforme a recomenda\u00e7\u00e3o da \u00e1rea t\u00e9cnica, as outorgas pendentes ser\u00e3o analisadas com base na nova regra de agrupamento por complexo de gera\u00e7\u00e3o. Contudo, a regula\u00e7\u00e3o n\u00e3o ser\u00e1 aplicada para as autoriza\u00e7\u00f5es emitidas at\u00e9 a data do ac\u00f3rd\u00e3o do TCU.<\/p>\n\n\n\n<p><strong>Vig\u00eancia<\/strong><br>Durante a fase de consulta p\u00fablica, a maioria dos agentes solicitou que a nova regra n\u00e3o alcance os pedidos de outorga pendentes de an\u00e1lise, e s\u00f3 passe a valer para os novos pedidos feitos ap\u00f3s a aprova\u00e7\u00e3o da norma.&nbsp;<\/p>\n\n\n\n<p>A \u00e1rea t\u00e9cnica, no entanto, entendeu que n\u00e3o \u00e9 poss\u00edvel atender \u00e0s sugest\u00f5es para que as outorgas pendentes de an\u00e1lise sejam excepcionalizadas da nova regulamenta\u00e7\u00e3o.&nbsp;<\/p>\n\n\n\n<p>\u201cEsse pedido est\u00e1 em desacordo com a determina\u00e7\u00e3o estabelecida pelo Tribunal, que explicitamente determinou a aplica\u00e7\u00e3o das novas regras a esses pedidos, inclusive determinou a suspens\u00e3o da concess\u00e3o de novos descontos pela ANEEL\u201d, diz a nota t\u00e9cnica.<\/p>\n\n\n\n<p><strong>Fracionamento<\/strong><br>Em ac\u00f3rd\u00e3o de novembro de 2023, o TCU apontou que a nova regula\u00e7\u00e3o precisaria garantir que apenas empreendimentos com at\u00e9 300 MW de pot\u00eancia instalada tenham direito aos descontos, conforme previsto na Lei 13.203 de 2015, evitando a fragmenta\u00e7\u00e3o de projetos maiores em v\u00e1rias usinas de at\u00e9 300 MW.&nbsp;<\/p>\n\n\n\n<p>Na ocasi\u00e3o, o TCU deu 180 dias para a reguladora apresentar uma proposta nessa linha. Neste meio tempo, a emiss\u00e3o de outorgas e de novos descontos foi suspensa pela Corte. Em maio de 2024, foi aberta a consulta p\u00fablica pela ANEEL com duas propostas de regulamenta\u00e7\u00e3o.&nbsp;<\/p>\n\n\n\n<p>A primeira delas, que \u00e9 a defendida pela \u00e1rea t\u00e9cnica ap\u00f3s o fechamento da consulta p\u00fablica, passaria a agrupar usinas como um \u00fanico complexo. Por exemplo: duas usinas de 250 MW cada uma, que compartilhem um ponto de conex\u00e3o e tenham o mesmo s\u00f3cio, ser\u00e3o consideradas um \u00fanico complexo de 500 MW para fins de c\u00e1lculo do desconto, n\u00e3o podendo assim obter subs\u00eddio.<\/p>\n\n\n\n<p>A segunda alternativa dada foi a de fazer uma aglutina\u00e7\u00e3o de outorgas, com revis\u00e3o de emiss\u00f5es para considerar tudo uma \u00fanica usina, o que foi considerado pelos agentes como inadequado e uma amea\u00e7a \u00e0 seguran\u00e7a jur\u00eddica.<\/p>\n","protected":false},"excerpt":{"rendered":"<p>Geraldo Campos Jr. e Lais Carregosa, da Ag\u00eancia iNFRA A \u00e1rea t\u00e9cnica da ANEEL (Ag\u00eancia Nacional de Energia El\u00e9trica) recomendou limitar o desconto no fio agrupando as usinas da chamada \u201ccorrida do ouro\u201d com rela\u00e7\u00f5es societ\u00e1rias entre si e conex\u00e3o f\u00edsica como um \u00fanico \u201ccomplexo de gera\u00e7\u00e3o\u201d. Nesse caso, se o complexo ultrapassar 300 MW [&hellip;]<\/p>\n","protected":false},"author":1,"featured_media":10065,"comment_status":"closed","ping_status":"closed","sticky":false,"template":"","format":"standard","meta":{"_monsterinsights_skip_tracking":false,"_monsterinsights_sitenote_active":false,"_monsterinsights_sitenote_note":"","_monsterinsights_sitenote_category":0,"footnotes":""},"categories":[7250,1,10],"tags":[53,14,4802,6884,13195,282,2803,11594,13132,1386,575],"class_list":["post-21148","post","type-post","status-publish","format-standard","has-post-thumbnail","hentry","category-destaque-lista","category-geral","category-infraenergia","tag-aneel","tag-ccee","tag-comercializacao","tag-corrida-do-ouro","tag-desconto-no-fio","tag-energia-eletrica","tag-geracao-de-energia","tag-geraldo-campos-jr","tag-lais-carregosa","tag-tarifas-de-energia","tag-transmissao-de-energia"],"yoast_head":"<!-- This site is optimized with the Yoast SEO Premium plugin v25.4 (Yoast SEO v26.0) - https:\/\/yoast.com\/wordpress\/plugins\/seo\/ -->\n<title>T\u00e9cnicos da ANEEL sugerem limitar subs\u00eddios a usinas da &quot;corrida do ouro&quot; ainda sem outorga - Ag\u00eancia iNFRA<\/title>\n<meta name=\"robots\" content=\"index, follow, max-snippet:-1, max-image-preview:large, max-video-preview:-1\" \/>\n<link rel=\"canonical\" href=\"https:\/\/agenciainfra.com\/blog\/tecnicos-da-aneel-sugerem-limitar-subsidios-a-usinas-da-corrida-do-ouro-ainda-sem-outorga\/\" \/>\n<meta property=\"og:locale\" content=\"pt_BR\" \/>\n<meta property=\"og:type\" content=\"article\" \/>\n<meta property=\"og:title\" content=\"T\u00e9cnicos da ANEEL sugerem limitar subs\u00eddios a usinas da &quot;corrida do ouro&quot; ainda sem outorga\" \/>\n<meta property=\"og:description\" content=\"Geraldo Campos Jr. e Lais Carregosa, da Ag\u00eancia iNFRA A \u00e1rea t\u00e9cnica da ANEEL (Ag\u00eancia Nacional de Energia El\u00e9trica) recomendou limitar o desconto no fio agrupando as usinas da chamada \u201ccorrida do ouro\u201d com rela\u00e7\u00f5es societ\u00e1rias entre si e conex\u00e3o f\u00edsica como um \u00fanico \u201ccomplexo de gera\u00e7\u00e3o\u201d. Nesse caso, se o complexo ultrapassar 300 MW [&hellip;]\" \/>\n<meta property=\"og:url\" content=\"https:\/\/agenciainfra.com\/blog\/tecnicos-da-aneel-sugerem-limitar-subsidios-a-usinas-da-corrida-do-ouro-ainda-sem-outorga\/\" \/>\n<meta property=\"og:site_name\" content=\"Ag\u00eancia iNFRA\" \/>\n<meta property=\"article:publisher\" content=\"https:\/\/www.facebook.com\/ageninfra\" \/>\n<meta property=\"article:published_time\" content=\"2025-04-29T12:00:00+00:00\" \/>\n<meta property=\"article:modified_time\" content=\"2025-04-29T15:00:17+00:00\" \/>\n<meta property=\"og:image\" content=\"https:\/\/agenciainfra.com\/blog\/wp-content\/uploads\/2022\/04\/divulgacao-aneel-scaled.jpeg\" \/>\n\t<meta property=\"og:image:width\" content=\"2560\" \/>\n\t<meta property=\"og:image:height\" content=\"1707\" \/>\n\t<meta property=\"og:image:type\" content=\"image\/jpeg\" \/>\n<meta name=\"author\" content=\"Ag\u00eancia iNFRA\" \/>\n<meta name=\"twitter:card\" content=\"summary_large_image\" \/>\n<meta name=\"twitter:creator\" content=\"@agencia_infra\" \/>\n<meta name=\"twitter:site\" content=\"@agencia_infra\" \/>\n<meta name=\"twitter:label1\" content=\"Escrito por\" \/>\n\t<meta name=\"twitter:data1\" content=\"Ag\u00eancia iNFRA\" \/>\n\t<meta name=\"twitter:label2\" content=\"Est. tempo de leitura\" \/>\n\t<meta name=\"twitter:data2\" content=\"4 minutos\" \/>\n<script type=\"application\/ld+json\" class=\"yoast-schema-graph\">{\"@context\":\"https:\/\/schema.org\",\"@graph\":[{\"@type\":\"Article\",\"@id\":\"https:\/\/agenciainfra.com\/blog\/tecnicos-da-aneel-sugerem-limitar-subsidios-a-usinas-da-corrida-do-ouro-ainda-sem-outorga\/#article\",\"isPartOf\":{\"@id\":\"https:\/\/agenciainfra.com\/blog\/tecnicos-da-aneel-sugerem-limitar-subsidios-a-usinas-da-corrida-do-ouro-ainda-sem-outorga\/\"},\"author\":{\"name\":\"Ag\u00eancia iNFRA\",\"@id\":\"https:\/\/agenciainfra.com\/blog\/#\/schema\/person\/34af08dff6adea4cb22b06612ba7acfa\"},\"headline\":\"T\u00e9cnicos da ANEEL sugerem limitar subs\u00eddios a usinas da &#8220;corrida do ouro&#8221; ainda sem outorga\",\"datePublished\":\"2025-04-29T12:00:00+00:00\",\"dateModified\":\"2025-04-29T15:00:17+00:00\",\"mainEntityOfPage\":{\"@id\":\"https:\/\/agenciainfra.com\/blog\/tecnicos-da-aneel-sugerem-limitar-subsidios-a-usinas-da-corrida-do-ouro-ainda-sem-outorga\/\"},\"wordCount\":745,\"publisher\":{\"@id\":\"https:\/\/agenciainfra.com\/blog\/#organization\"},\"image\":{\"@id\":\"https:\/\/agenciainfra.com\/blog\/tecnicos-da-aneel-sugerem-limitar-subsidios-a-usinas-da-corrida-do-ouro-ainda-sem-outorga\/#primaryimage\"},\"thumbnailUrl\":\"https:\/\/agenciainfra.com\/blog\/wp-content\/uploads\/2022\/04\/divulgacao-aneel-scaled-e1770122374333.jpeg\",\"keywords\":[\"ANEEL\",\"ccee\",\"comercializa\u00e7\u00e3o\",\"corrida do ouro\",\"desconto no fio\",\"energia el\u00e9trica\",\"gera\u00e7\u00e3o de energia\",\"Geraldo Campos Jr.\",\"Lais Carregosa\",\"tarifas de energia\",\"transmiss\u00e3o de energia\"],\"articleSection\":[\"Destaque lista\",\"Geral\",\"iNFRAEnergia\"],\"inLanguage\":\"pt-BR\",\"copyrightYear\":\"2025\",\"copyrightHolder\":{\"@id\":\"https:\/\/agenciainfra.com\/blog\/#organization\"}},{\"@type\":\"WebPage\",\"@id\":\"https:\/\/agenciainfra.com\/blog\/tecnicos-da-aneel-sugerem-limitar-subsidios-a-usinas-da-corrida-do-ouro-ainda-sem-outorga\/\",\"url\":\"https:\/\/agenciainfra.com\/blog\/tecnicos-da-aneel-sugerem-limitar-subsidios-a-usinas-da-corrida-do-ouro-ainda-sem-outorga\/\",\"name\":\"T\u00e9cnicos da ANEEL sugerem limitar subs\u00eddios a usinas da \\\"corrida do ouro\\\" ainda sem outorga - Ag\u00eancia iNFRA\",\"isPartOf\":{\"@id\":\"https:\/\/agenciainfra.com\/blog\/#website\"},\"primaryImageOfPage\":{\"@id\":\"https:\/\/agenciainfra.com\/blog\/tecnicos-da-aneel-sugerem-limitar-subsidios-a-usinas-da-corrida-do-ouro-ainda-sem-outorga\/#primaryimage\"},\"image\":{\"@id\":\"https:\/\/agenciainfra.com\/blog\/tecnicos-da-aneel-sugerem-limitar-subsidios-a-usinas-da-corrida-do-ouro-ainda-sem-outorga\/#primaryimage\"},\"thumbnailUrl\":\"https:\/\/agenciainfra.com\/blog\/wp-content\/uploads\/2022\/04\/divulgacao-aneel-scaled-e1770122374333.jpeg\",\"datePublished\":\"2025-04-29T12:00:00+00:00\",\"dateModified\":\"2025-04-29T15:00:17+00:00\",\"breadcrumb\":{\"@id\":\"https:\/\/agenciainfra.com\/blog\/tecnicos-da-aneel-sugerem-limitar-subsidios-a-usinas-da-corrida-do-ouro-ainda-sem-outorga\/#breadcrumb\"},\"inLanguage\":\"pt-BR\",\"potentialAction\":[{\"@type\":\"ReadAction\",\"target\":[\"https:\/\/agenciainfra.com\/blog\/tecnicos-da-aneel-sugerem-limitar-subsidios-a-usinas-da-corrida-do-ouro-ainda-sem-outorga\/\"]}]},{\"@type\":\"ImageObject\",\"inLanguage\":\"pt-BR\",\"@id\":\"https:\/\/agenciainfra.com\/blog\/tecnicos-da-aneel-sugerem-limitar-subsidios-a-usinas-da-corrida-do-ouro-ainda-sem-outorga\/#primaryimage\",\"url\":\"https:\/\/agenciainfra.com\/blog\/wp-content\/uploads\/2022\/04\/divulgacao-aneel-scaled-e1770122374333.jpeg\",\"contentUrl\":\"https:\/\/agenciainfra.com\/blog\/wp-content\/uploads\/2022\/04\/divulgacao-aneel-scaled-e1770122374333.jpeg\",\"width\":1280,\"height\":750,\"caption\":\"Foto: ANEEL\"},{\"@type\":\"BreadcrumbList\",\"@id\":\"https:\/\/agenciainfra.com\/blog\/tecnicos-da-aneel-sugerem-limitar-subsidios-a-usinas-da-corrida-do-ouro-ainda-sem-outorga\/#breadcrumb\",\"itemListElement\":[{\"@type\":\"ListItem\",\"position\":1,\"name\":\"In\u00edcio\",\"item\":\"https:\/\/agenciainfra.com\/blog\/\"},{\"@type\":\"ListItem\",\"position\":2,\"name\":\"T\u00e9cnicos da ANEEL sugerem limitar subs\u00eddios a usinas da &#8220;corrida do ouro&#8221; ainda sem outorga\"}]},{\"@type\":\"WebSite\",\"@id\":\"https:\/\/agenciainfra.com\/blog\/#website\",\"url\":\"https:\/\/agenciainfra.com\/blog\/\",\"name\":\"Ag\u00eancia iNFRA\",\"description\":\"Multiplataforma de informa\u00e7\u00e3o jornal\u00edstica refer\u00eancia na \u00e1rea de infraestrutura no Brasil!\",\"publisher\":{\"@id\":\"https:\/\/agenciainfra.com\/blog\/#organization\"},\"potentialAction\":[{\"@type\":\"SearchAction\",\"target\":{\"@type\":\"EntryPoint\",\"urlTemplate\":\"https:\/\/agenciainfra.com\/blog\/?s={search_term_string}\"},\"query-input\":{\"@type\":\"PropertyValueSpecification\",\"valueRequired\":true,\"valueName\":\"search_term_string\"}}],\"inLanguage\":\"pt-BR\"},{\"@type\":\"Organization\",\"@id\":\"https:\/\/agenciainfra.com\/blog\/#organization\",\"name\":\"Ag\u00eancia iNFRA\",\"url\":\"https:\/\/agenciainfra.com\/blog\/\",\"logo\":{\"@type\":\"ImageObject\",\"inLanguage\":\"pt-BR\",\"@id\":\"https:\/\/agenciainfra.com\/blog\/#\/schema\/logo\/image\/\",\"url\":\"https:\/\/agenciainfra.com\/blog\/wp-content\/uploads\/2023\/09\/iNFRA_5-e1761735885940.png\",\"contentUrl\":\"https:\/\/agenciainfra.com\/blog\/wp-content\/uploads\/2023\/09\/iNFRA_5-e1761735885940.png\",\"width\":1672,\"height\":454,\"caption\":\"Ag\u00eancia iNFRA\"},\"image\":{\"@id\":\"https:\/\/agenciainfra.com\/blog\/#\/schema\/logo\/image\/\"},\"sameAs\":[\"https:\/\/www.facebook.com\/ageninfra\",\"https:\/\/x.com\/agencia_infra\",\"https:\/\/www.linkedin.com\/company\/ag\u00eanciainfra\/\",\"https:\/\/www.instagram.com\/agenciainfra\/\"]},{\"@type\":\"Person\",\"@id\":\"https:\/\/agenciainfra.com\/blog\/#\/schema\/person\/34af08dff6adea4cb22b06612ba7acfa\",\"name\":\"Ag\u00eancia iNFRA\",\"image\":{\"@type\":\"ImageObject\",\"inLanguage\":\"pt-BR\",\"@id\":\"https:\/\/agenciainfra.com\/blog\/#\/schema\/person\/image\/\",\"url\":\"https:\/\/secure.gravatar.com\/avatar\/d189e01678f06d8eb84d4e01f08eb848b3fffe3f8443818d3c356c66892f5be8?s=96&d=mm&r=g\",\"contentUrl\":\"https:\/\/secure.gravatar.com\/avatar\/d189e01678f06d8eb84d4e01f08eb848b3fffe3f8443818d3c356c66892f5be8?s=96&d=mm&r=g\",\"caption\":\"Ag\u00eancia iNFRA\"},\"url\":\"https:\/\/agenciainfra.com\/blog\/author\/admin\/\"}]}<\/script>\n<!-- \/ Yoast SEO Premium plugin. -->","yoast_head_json":{"title":"T\u00e9cnicos da ANEEL sugerem limitar subs\u00eddios a usinas da \"corrida do ouro\" ainda sem outorga - Ag\u00eancia iNFRA","robots":{"index":"index","follow":"follow","max-snippet":"max-snippet:-1","max-image-preview":"max-image-preview:large","max-video-preview":"max-video-preview:-1"},"canonical":"https:\/\/agenciainfra.com\/blog\/tecnicos-da-aneel-sugerem-limitar-subsidios-a-usinas-da-corrida-do-ouro-ainda-sem-outorga\/","og_locale":"pt_BR","og_type":"article","og_title":"T\u00e9cnicos da ANEEL sugerem limitar subs\u00eddios a usinas da \"corrida do ouro\" ainda sem outorga","og_description":"Geraldo Campos Jr. e Lais Carregosa, da Ag\u00eancia iNFRA A \u00e1rea t\u00e9cnica da ANEEL (Ag\u00eancia Nacional de Energia El\u00e9trica) recomendou limitar o desconto no fio agrupando as usinas da chamada \u201ccorrida do ouro\u201d com rela\u00e7\u00f5es societ\u00e1rias entre si e conex\u00e3o f\u00edsica como um \u00fanico \u201ccomplexo de gera\u00e7\u00e3o\u201d. Nesse caso, se o complexo ultrapassar 300 MW [&hellip;]","og_url":"https:\/\/agenciainfra.com\/blog\/tecnicos-da-aneel-sugerem-limitar-subsidios-a-usinas-da-corrida-do-ouro-ainda-sem-outorga\/","og_site_name":"Ag\u00eancia iNFRA","article_publisher":"https:\/\/www.facebook.com\/ageninfra","article_published_time":"2025-04-29T12:00:00+00:00","article_modified_time":"2025-04-29T15:00:17+00:00","og_image":[{"width":2560,"height":1707,"url":"https:\/\/agenciainfra.com\/blog\/wp-content\/uploads\/2022\/04\/divulgacao-aneel-scaled.jpeg","type":"image\/jpeg"}],"author":"Ag\u00eancia iNFRA","twitter_card":"summary_large_image","twitter_creator":"@agencia_infra","twitter_site":"@agencia_infra","twitter_misc":{"Escrito por":"Ag\u00eancia iNFRA","Est. tempo de leitura":"4 minutos"},"schema":{"@context":"https:\/\/schema.org","@graph":[{"@type":"Article","@id":"https:\/\/agenciainfra.com\/blog\/tecnicos-da-aneel-sugerem-limitar-subsidios-a-usinas-da-corrida-do-ouro-ainda-sem-outorga\/#article","isPartOf":{"@id":"https:\/\/agenciainfra.com\/blog\/tecnicos-da-aneel-sugerem-limitar-subsidios-a-usinas-da-corrida-do-ouro-ainda-sem-outorga\/"},"author":{"name":"Ag\u00eancia iNFRA","@id":"https:\/\/agenciainfra.com\/blog\/#\/schema\/person\/34af08dff6adea4cb22b06612ba7acfa"},"headline":"T\u00e9cnicos da ANEEL sugerem limitar subs\u00eddios a usinas da &#8220;corrida do ouro&#8221; ainda sem outorga","datePublished":"2025-04-29T12:00:00+00:00","dateModified":"2025-04-29T15:00:17+00:00","mainEntityOfPage":{"@id":"https:\/\/agenciainfra.com\/blog\/tecnicos-da-aneel-sugerem-limitar-subsidios-a-usinas-da-corrida-do-ouro-ainda-sem-outorga\/"},"wordCount":745,"publisher":{"@id":"https:\/\/agenciainfra.com\/blog\/#organization"},"image":{"@id":"https:\/\/agenciainfra.com\/blog\/tecnicos-da-aneel-sugerem-limitar-subsidios-a-usinas-da-corrida-do-ouro-ainda-sem-outorga\/#primaryimage"},"thumbnailUrl":"https:\/\/agenciainfra.com\/blog\/wp-content\/uploads\/2022\/04\/divulgacao-aneel-scaled-e1770122374333.jpeg","keywords":["ANEEL","ccee","comercializa\u00e7\u00e3o","corrida do ouro","desconto no fio","energia el\u00e9trica","gera\u00e7\u00e3o de energia","Geraldo Campos Jr.","Lais Carregosa","tarifas de energia","transmiss\u00e3o de energia"],"articleSection":["Destaque lista","Geral","iNFRAEnergia"],"inLanguage":"pt-BR","copyrightYear":"2025","copyrightHolder":{"@id":"https:\/\/agenciainfra.com\/blog\/#organization"}},{"@type":"WebPage","@id":"https:\/\/agenciainfra.com\/blog\/tecnicos-da-aneel-sugerem-limitar-subsidios-a-usinas-da-corrida-do-ouro-ainda-sem-outorga\/","url":"https:\/\/agenciainfra.com\/blog\/tecnicos-da-aneel-sugerem-limitar-subsidios-a-usinas-da-corrida-do-ouro-ainda-sem-outorga\/","name":"T\u00e9cnicos da ANEEL sugerem limitar subs\u00eddios a usinas da \"corrida do ouro\" ainda sem outorga - Ag\u00eancia iNFRA","isPartOf":{"@id":"https:\/\/agenciainfra.com\/blog\/#website"},"primaryImageOfPage":{"@id":"https:\/\/agenciainfra.com\/blog\/tecnicos-da-aneel-sugerem-limitar-subsidios-a-usinas-da-corrida-do-ouro-ainda-sem-outorga\/#primaryimage"},"image":{"@id":"https:\/\/agenciainfra.com\/blog\/tecnicos-da-aneel-sugerem-limitar-subsidios-a-usinas-da-corrida-do-ouro-ainda-sem-outorga\/#primaryimage"},"thumbnailUrl":"https:\/\/agenciainfra.com\/blog\/wp-content\/uploads\/2022\/04\/divulgacao-aneel-scaled-e1770122374333.jpeg","datePublished":"2025-04-29T12:00:00+00:00","dateModified":"2025-04-29T15:00:17+00:00","breadcrumb":{"@id":"https:\/\/agenciainfra.com\/blog\/tecnicos-da-aneel-sugerem-limitar-subsidios-a-usinas-da-corrida-do-ouro-ainda-sem-outorga\/#breadcrumb"},"inLanguage":"pt-BR","potentialAction":[{"@type":"ReadAction","target":["https:\/\/agenciainfra.com\/blog\/tecnicos-da-aneel-sugerem-limitar-subsidios-a-usinas-da-corrida-do-ouro-ainda-sem-outorga\/"]}]},{"@type":"ImageObject","inLanguage":"pt-BR","@id":"https:\/\/agenciainfra.com\/blog\/tecnicos-da-aneel-sugerem-limitar-subsidios-a-usinas-da-corrida-do-ouro-ainda-sem-outorga\/#primaryimage","url":"https:\/\/agenciainfra.com\/blog\/wp-content\/uploads\/2022\/04\/divulgacao-aneel-scaled-e1770122374333.jpeg","contentUrl":"https:\/\/agenciainfra.com\/blog\/wp-content\/uploads\/2022\/04\/divulgacao-aneel-scaled-e1770122374333.jpeg","width":1280,"height":750,"caption":"Foto: ANEEL"},{"@type":"BreadcrumbList","@id":"https:\/\/agenciainfra.com\/blog\/tecnicos-da-aneel-sugerem-limitar-subsidios-a-usinas-da-corrida-do-ouro-ainda-sem-outorga\/#breadcrumb","itemListElement":[{"@type":"ListItem","position":1,"name":"In\u00edcio","item":"https:\/\/agenciainfra.com\/blog\/"},{"@type":"ListItem","position":2,"name":"T\u00e9cnicos da ANEEL sugerem limitar subs\u00eddios a usinas da &#8220;corrida do ouro&#8221; ainda sem outorga"}]},{"@type":"WebSite","@id":"https:\/\/agenciainfra.com\/blog\/#website","url":"https:\/\/agenciainfra.com\/blog\/","name":"Ag\u00eancia iNFRA","description":"Multiplataforma de informa\u00e7\u00e3o jornal\u00edstica refer\u00eancia na \u00e1rea de infraestrutura no Brasil!","publisher":{"@id":"https:\/\/agenciainfra.com\/blog\/#organization"},"potentialAction":[{"@type":"SearchAction","target":{"@type":"EntryPoint","urlTemplate":"https:\/\/agenciainfra.com\/blog\/?s={search_term_string}"},"query-input":{"@type":"PropertyValueSpecification","valueRequired":true,"valueName":"search_term_string"}}],"inLanguage":"pt-BR"},{"@type":"Organization","@id":"https:\/\/agenciainfra.com\/blog\/#organization","name":"Ag\u00eancia iNFRA","url":"https:\/\/agenciainfra.com\/blog\/","logo":{"@type":"ImageObject","inLanguage":"pt-BR","@id":"https:\/\/agenciainfra.com\/blog\/#\/schema\/logo\/image\/","url":"https:\/\/agenciainfra.com\/blog\/wp-content\/uploads\/2023\/09\/iNFRA_5-e1761735885940.png","contentUrl":"https:\/\/agenciainfra.com\/blog\/wp-content\/uploads\/2023\/09\/iNFRA_5-e1761735885940.png","width":1672,"height":454,"caption":"Ag\u00eancia iNFRA"},"image":{"@id":"https:\/\/agenciainfra.com\/blog\/#\/schema\/logo\/image\/"},"sameAs":["https:\/\/www.facebook.com\/ageninfra","https:\/\/x.com\/agencia_infra","https:\/\/www.linkedin.com\/company\/ag\u00eanciainfra\/","https:\/\/www.instagram.com\/agenciainfra\/"]},{"@type":"Person","@id":"https:\/\/agenciainfra.com\/blog\/#\/schema\/person\/34af08dff6adea4cb22b06612ba7acfa","name":"Ag\u00eancia iNFRA","image":{"@type":"ImageObject","inLanguage":"pt-BR","@id":"https:\/\/agenciainfra.com\/blog\/#\/schema\/person\/image\/","url":"https:\/\/secure.gravatar.com\/avatar\/d189e01678f06d8eb84d4e01f08eb848b3fffe3f8443818d3c356c66892f5be8?s=96&d=mm&r=g","contentUrl":"https:\/\/secure.gravatar.com\/avatar\/d189e01678f06d8eb84d4e01f08eb848b3fffe3f8443818d3c356c66892f5be8?s=96&d=mm&r=g","caption":"Ag\u00eancia iNFRA"},"url":"https:\/\/agenciainfra.com\/blog\/author\/admin\/"}]}},"_links":{"self":[{"href":"https:\/\/agenciainfra.com\/blog\/wp-json\/wp\/v2\/posts\/21148","targetHints":{"allow":["GET"]}}],"collection":[{"href":"https:\/\/agenciainfra.com\/blog\/wp-json\/wp\/v2\/posts"}],"about":[{"href":"https:\/\/agenciainfra.com\/blog\/wp-json\/wp\/v2\/types\/post"}],"author":[{"embeddable":true,"href":"https:\/\/agenciainfra.com\/blog\/wp-json\/wp\/v2\/users\/1"}],"replies":[{"embeddable":true,"href":"https:\/\/agenciainfra.com\/blog\/wp-json\/wp\/v2\/comments?post=21148"}],"version-history":[{"count":1,"href":"https:\/\/agenciainfra.com\/blog\/wp-json\/wp\/v2\/posts\/21148\/revisions"}],"predecessor-version":[{"id":21149,"href":"https:\/\/agenciainfra.com\/blog\/wp-json\/wp\/v2\/posts\/21148\/revisions\/21149"}],"wp:featuredmedia":[{"embeddable":true,"href":"https:\/\/agenciainfra.com\/blog\/wp-json\/wp\/v2\/media\/10065"}],"wp:attachment":[{"href":"https:\/\/agenciainfra.com\/blog\/wp-json\/wp\/v2\/media?parent=21148"}],"wp:term":[{"taxonomy":"category","embeddable":true,"href":"https:\/\/agenciainfra.com\/blog\/wp-json\/wp\/v2\/categories?post=21148"},{"taxonomy":"post_tag","embeddable":true,"href":"https:\/\/agenciainfra.com\/blog\/wp-json\/wp\/v2\/tags?post=21148"}],"curies":[{"name":"wp","href":"https:\/\/api.w.org\/{rel}","templated":true}]}}