{"id":21150,"date":"2025-04-29T10:00:00","date_gmt":"2025-04-29T13:00:00","guid":{"rendered":"https:\/\/agenciainfra.com\/blog\/?p=21150"},"modified":"2025-04-30T09:59:18","modified_gmt":"2025-04-30T12:59:18","slug":"concessoes-rodoviarias-do-parana-comecam-a-mostrar-resultados-e-resistencia-da-populacao-ao-modelo-diminui","status":"publish","type":"post","link":"https:\/\/agenciainfra.com\/blog\/concessoes-rodoviarias-do-parana-comecam-a-mostrar-resultados-e-resistencia-da-populacao-ao-modelo-diminui\/","title":{"rendered":"Concess\u00f5es rodovi\u00e1rias do Paran\u00e1 come\u00e7am a mostrar resultados e resist\u00eancia da popula\u00e7\u00e3o ao modelo diminui"},"content":{"rendered":"\n<p class=\"has-text-align-right\"><strong>Sheyla Santos, da Ag\u00eancia iNFRA<\/strong><\/p>\n\n\n\n<p>As concess\u00f5es de rodovias realizadas em conjunto entre os governos federal e do estado do Paran\u00e1 come\u00e7am a mostrar resultados positivos e a popula\u00e7\u00e3o local, que apresentava forte resist\u00eancia ao modelo de pedagiamento das rodovias, est\u00e1 aceitando melhor. Essa \u00e9 a avalia\u00e7\u00e3o de representantes de governo e empresas locais, que assinaram nesta segunda-feira (28) contratos para iniciar as opera\u00e7\u00f5es de mais dois&nbsp;lotes de concess\u00e3o, o 3 e 6, em cerim\u00f4nia realizada no Pal\u00e1cio do Planalto.<\/p>\n\n\n\n<p>Executivos dos grupos EPR e Motiva (antiga CCR), que j\u00e1 operam outros dois lotes no estado que est\u00e3o completando um ano de opera\u00e7\u00e3o, assinaram os dois novos contratos&nbsp;diante do ministro dos Transportes, Renan Filho, do governador do Paran\u00e1, Ratinho J\u00fanior (PSD), e do diretor-geral substituto da&nbsp;ANTT (Ag\u00eancia Nacional de Transportes Terrestres), Guilherme Sampaio.<\/p>\n\n\n\n<p>A jornalistas, Ratinho J\u00fanior destacou a resist\u00eancia que a popula\u00e7\u00e3o do estado tinha em rela\u00e7\u00e3o \u00e0 tarifa de ped\u00e1gio praticada na regi\u00e3o, que chegou a ser a mais elevada do pa\u00eds para uma&nbsp;travessia em pista simples. Os contratos, licitados na d\u00e9cada de 1990, tiveram&nbsp;baixo n\u00edvel de execu\u00e7\u00e3o das&nbsp;obras e ainda foram objeto de corrup\u00e7\u00e3o por parte das companhias, que confessaram o crime.&nbsp;Representantes de empresas que j\u00e1 operam no estado ouvidos pela&nbsp;<strong>Ag\u00eancia iNFRA<\/strong>&nbsp;confirmaram que as primeiras interven\u00e7\u00f5es realizadas est\u00e3o ajudando a reduzir a resist\u00eancia da popula\u00e7\u00e3o aos ped\u00e1gios no estado.&nbsp;<\/p>\n\n\n\n<p>Os lotes do Paran\u00e1 s\u00e3o chamados de PRVias. Os dois que tiveram os contratos assinados nesta segunda-feira foram&nbsp;arrematados em dezembro do ano passado. Eles&nbsp;t\u00eam como caracter\u00edstica a mescla de rodovias federais e estaduais em um mesmo&nbsp;lote. Com 569,7 quil\u00f4metros de extens\u00e3o, o lote 3 \u00e9 formado pelas rodovias BR-369\/373\/376\/PR e PR-090\/170\/323\/445. J\u00e1 o lote 6, com 662,1 quil\u00f4metros, \u00e9 formado pelas BR-163\/277\/PR e PR-158\/180\/182\/280\/483.<\/p>\n\n\n\n<p>O lote 3 prev\u00ea investimentos (capex) na malha vi\u00e1ria de R$ R$ 9,8 bilh\u00f5es, e o lote 6, por sua vez, de R$ 12,6 bilh\u00f5es. O prazo para ambas as concess\u00f5es \u00e9 de 30 anos. No evento, o ministro anunciou movimenta\u00e7\u00f5es da ordem de R$ 36 bilh\u00f5es nos dois projetos. O somat\u00f3rio mencionado por Renan&nbsp;considera as despesas operacionais (opex).<\/p>\n\n\n\n<p>Al\u00e9m de outros dois lotes j\u00e1 em opera\u00e7\u00e3o, mais dois est\u00e3o em an\u00e1lise pelo TCU (Tribunal de Contas da Uni\u00e3o) para serem licitados ainda este ano. A expectativa \u00e9 que o tribunal libere em maio essas duas \u00faltimas concess\u00f5es. Segundo o governador, a soma de investimentos previstos nos seis lotes \u00e9 de mais de R$ 60 bilh\u00f5es e constitui&nbsp;o maior pacote de obras rodovi\u00e1rias das Am\u00e9ricas.<\/p>\n\n\n\n<p>O ministro Renan Filho defendeu que o modelo de concess\u00f5es que une rodovias estaduais e federais num lote \u00fanico deve ser ampliado para&nbsp;outros estados da federa\u00e7\u00e3o. Os governos federal e do Mato Grosso do Sul tentam fazer em maio agora o leil\u00e3o de um lote em conjunto no estado. Segundo Renan, h\u00e1 conversas com os governos de Santa Catarina e Goi\u00e1s para esse modelo. Tamb\u00e9m h\u00e1 conversas com o governo de Minas Gerais.<\/p>\n\n\n\n<p>As \u00e1reas t\u00e9cnicas dos governos federal e dos locais t\u00eam conversado e procurado chegar a um modelo que consiga ampliar o volume de investimentos sem pesar no valor das tarifas, mas a avalia\u00e7\u00e3o \u00e9 que est\u00e3o andando em ritmo considerado lento por causa de quest\u00f5es pol\u00edticas. Os governos locais s\u00e3o de partidos de oposi\u00e7\u00e3o ao federal. O governador do Paran\u00e1, Ratinho J\u00fanior, tamb\u00e9m \u00e9 de oposi\u00e7\u00e3o.&nbsp;Mas ele e o ministro Renan enfatizaram em v\u00e1rios momentos ao longo da cerim\u00f4nia a necessidade de que esse tipo de a\u00e7\u00e3o n\u00e3o tenha interfer\u00eancia da disputa eleitoral.&nbsp;<\/p>\n\n\n\n<p><strong>Processos competitivos<\/strong><br>Outra frente trabalhada na gest\u00e3o atual para destravar as concess\u00f5es no setor rodovi\u00e1rio trata de repactua\u00e7\u00f5es, como as da BR-163\/MT e da BR-101\/ES. Ambas tiveram os processos competitivos lan\u00e7ados pelo governo este ano.&nbsp;Renan Filho disse haver expectativa \u201cmuito boa\u201d por parte da pasta para os dois processos competitivos&nbsp;a serem realizados respectivamente em maio e junho na B3. Caso n\u00e3o haja competidores, as atuais concession\u00e1rias seguem com o contrato repactuado.<\/p>\n\n\n\n<p>Os dois processos de aliena\u00e7\u00e3o de a\u00e7\u00f5es&nbsp;v\u00e3o inaugurar o modelo, que tamb\u00e9m vem sendo chamado pelo governo de otimiza\u00e7\u00f5es contratuais. Segundo o ministro, um dos principais&nbsp;questionamentos que o governo se fez, no in\u00edcio do mandato, foi de como fazer licita\u00e7\u00f5es em trechos menos rent\u00e1veis, com contratos em desequil\u00edbrio econ\u00f4mico-financeiro.&nbsp;\u201cN\u00f3s estamos fazendo as duas coisas: otimizando os contratos a fim de reequilibr\u00e1-los e fazendo mais licita\u00e7\u00f5es\u201d, disse.<\/p>\n\n\n\n<p>\u201cE a gente est\u00e1 com boa expectativa de, com isso [leil\u00f5es], retomar obras na BR-163, no Mato Grosso do Sul, e retomar obras na BR-101, no Esp\u00edrito Santo. Isso \u00e9 muito importante, porque trechos que foram licitados no passado estavam com problemas e eles s\u00e3o trechos mais rent\u00e1veis do que outros trechos no Brasil.\u201d<\/p>\n\n\n\n<p><strong>Leil\u00e3o na quarta-feira<\/strong><br>Outro caso emblem\u00e1tico que envolve contrato rodovi\u00e1rio historicamente estressado dever\u00e1 ter novo cap\u00edtulo nesta quarta-feira (30), quando trecho de 218,9 quil\u00f4metros das rodovias BR-040\/495\/MG\/RJ ser\u00e3o ofertados em leil\u00e3o na B3. Tr\u00eas grupos \u2013 EPR, Sacyr e Construcap \u2013 apresentaram propostas para disputar o ativo, considerado um dos mais importantes corredores log\u00edsticos do pa\u00eds.<\/p>\n\n\n\n<p>Esse trecho da BR-040 \u00e9 administrado atualmente pela Concer, num contrato que se mant\u00e9m por decis\u00e3o judicial desde 2021. Agentes do mercado de concess\u00f5es eram c\u00e9ticos quanto a uma nova licita\u00e7\u00e3o ser bem sucedida devido ao risco que a nova concession\u00e1ria vai ter para finalizar a obra da Nova Subida da Serra, um conjunto de t\u00faneis que est\u00e1 com obras paralisadas h\u00e1 quase uma d\u00e9cada.&nbsp;<\/p>\n\n\n\n<p>Minist\u00e9rio e ag\u00eancia&nbsp;trabalharam nos \u00faltimos dois anos num modelo considerado&nbsp;por empresas robusto para a matriz de risco do contrato, o que proporcionou um n\u00famero de concorrentes para o lote acima do de&nbsp;outras concess\u00f5es que tinham problemas considerados menos graves, o que est\u00e1 sendo considerado uma a\u00e7\u00e3o bem sucedida da pasta.&nbsp;A previs\u00e3o de investimentos no trecho da BR-040 \u00e9 da ordem de R$ 5 bilh\u00f5es e as despesas operacionais (opex) esperadas somam R$ 3,8 bilh\u00f5es.<\/p>\n\n\n\n<p>O diretor-presidente do N\u00facleo Paran\u00e1 Federal da EPR, Marcos Moreira, disse que a empresa est\u00e1 aberta a estudar as oportunidades do mercado e a trazer esse trecho da BR-040 para o portf\u00f3lio da empresa. \u201cTemos uma \u00e1rea t\u00e9cnica muito atuante. A gente tamb\u00e9m est\u00e1 estudando n\u00e3o s\u00f3 os leil\u00f5es do estado do Paran\u00e1 como os outros que est\u00e3o a\u00ed para este ano.&nbsp;A EPR estar\u00e1 l\u00e1 competindo e vai levar na quarta-feira sua capacidade respons\u00e1vel de fazer esses investimentos\u201d, disse \u00e0&nbsp;<strong>Ag\u00eancia iNFRA<\/strong>.<\/p>\n\n\n\n<p>Renan Filho afirmou, em fala \u00e0 imprensa, que este \u00e9&nbsp;o 11\u00ba a ser realizado sob sua gest\u00e3o e que a&nbsp;diversifica\u00e7\u00e3o dos&nbsp;players vista nos \u00faltimos 10 leil\u00f5es, que tiveram oito ganhadores diferentes, incluindo fundos de investimentos, representa desconcentra\u00e7\u00e3o do mercado e maior confian\u00e7a por parte do setor.&nbsp;<\/p>\n\n\n\n<p>\u201cEstou muito confiante neste novo momento, mas n\u00e3o sou eu apenas que estou confiante. Tamb\u00e9m est\u00e1 confiante o governador Ratinho, as equipes t\u00e9cnicas est\u00e3o confiantes, os participantes dos leil\u00f5es, o mercado, que reconhece essa agenda. O Brasil tem hoje o maior pipeline de projetos, a maior carteira de projetos no mundo inteiro em concess\u00f5es rodovi\u00e1rias, o que demonstra tanto a pot\u00eancia econ\u00f4mica desse pa\u00eds, quanto a capacidade de atrair investimento internacional\u201d, disse.<\/p>\n\n\n\n<p><strong>Ponte binacional<\/strong><br>Perguntado sobre o leil\u00e3o da ponte binacional S\u00e3o Borja-Santo Tom\u00e9, que liga Brasil e Argentina, o ministro disse que a pasta ainda vai verificar o &#8220;melhor caminho&#8221; para republicar o edital. O certame foi suspenso em janeiro deste ano por decis\u00e3o do TCU (Tribunal de Contas da Uni\u00e3o). Durante nova tentativa em abril, o leil\u00e3o foi cancelado por falta de interessados.<\/p>\n\n\n\n<p>Coube a Renan Filho justificar aos executivos presentes a aus\u00eancia de Lula \u00e0 cerim\u00f4nia no Pal\u00e1cio do Planalto. Segundo o ministro, o presidente teve que dedicar-se \u00e0 viagem para Roma,&nbsp;para acompanhar o funeral do Papa Francisco e, posteriormente, a compromissos relacionados ao feriado de 1\u00ba de maio, Dia do Trabalho. Com o cancelamento de \u00faltima hora, Lula foi representado no evento pela nova ministra-chefe das Rela\u00e7\u00f5es Institucionais, Gleisi Hoffmann.&nbsp;<\/p>\n","protected":false},"excerpt":{"rendered":"<p>Sheyla Santos, da Ag\u00eancia iNFRA As concess\u00f5es de rodovias realizadas em conjunto entre os governos federal e do estado do Paran\u00e1 come\u00e7am a mostrar resultados positivos e a popula\u00e7\u00e3o local, que apresentava forte resist\u00eancia ao modelo de pedagiamento das rodovias, est\u00e1 aceitando melhor. Essa \u00e9 a avalia\u00e7\u00e3o de representantes de governo e empresas locais, que [&hellip;]<\/p>\n","protected":false},"author":1,"featured_media":21151,"comment_status":"closed","ping_status":"closed","sticky":false,"template":"","format":"standard","meta":{"_monsterinsights_skip_tracking":false,"_monsterinsights_sitenote_active":false,"_monsterinsights_sitenote_note":"","_monsterinsights_sitenote_category":0,"footnotes":""},"categories":[9714,1,7],"tags":[19,588,78,951,9756,13200,6399,34,32,16,12639,13199,20,13197,126,8838],"class_list":["post-21150","post","type-post","status-publish","format-standard","has-post-thumbnail","hentry","category-destaque-menor","category-geral","category-infratransporte","tag-antt","tag-ccr","tag-concessoes","tag-concessoes-de-rodovias","tag-epr","tag-governador-ratinho-jr","tag-governo-do-parana","tag-infraestrutura","tag-investimentos","tag-ministerio-dos-transportes","tag-ministro-renan-filho","tag-motiva","tag-pedagio","tag-prvias","tag-rodovias","tag-sheyla-santos"],"yoast_head":"<!-- This site is optimized with the Yoast SEO Premium plugin v25.4 (Yoast SEO v26.0) - https:\/\/yoast.com\/wordpress\/plugins\/seo\/ -->\n<title>Concess\u00f5es rodovi\u00e1rias do Paran\u00e1 come\u00e7am a mostrar resultados e resist\u00eancia da popula\u00e7\u00e3o ao modelo diminui - Ag\u00eancia iNFRA<\/title>\n<meta name=\"robots\" content=\"index, follow, max-snippet:-1, max-image-preview:large, max-video-preview:-1\" \/>\n<link rel=\"canonical\" href=\"https:\/\/agenciainfra.com\/blog\/concessoes-rodoviarias-do-parana-comecam-a-mostrar-resultados-e-resistencia-da-populacao-ao-modelo-diminui\/\" \/>\n<meta property=\"og:locale\" content=\"pt_BR\" \/>\n<meta property=\"og:type\" content=\"article\" \/>\n<meta property=\"og:title\" content=\"Concess\u00f5es rodovi\u00e1rias do Paran\u00e1 come\u00e7am a mostrar resultados e resist\u00eancia da popula\u00e7\u00e3o ao modelo diminui\" \/>\n<meta property=\"og:description\" content=\"Sheyla Santos, da Ag\u00eancia iNFRA As concess\u00f5es de rodovias realizadas em conjunto entre os governos federal e do estado do Paran\u00e1 come\u00e7am a mostrar resultados positivos e a popula\u00e7\u00e3o local, que apresentava forte resist\u00eancia ao modelo de pedagiamento das rodovias, est\u00e1 aceitando melhor. Essa \u00e9 a avalia\u00e7\u00e3o de representantes de governo e empresas locais, que [&hellip;]\" \/>\n<meta property=\"og:url\" content=\"https:\/\/agenciainfra.com\/blog\/concessoes-rodoviarias-do-parana-comecam-a-mostrar-resultados-e-resistencia-da-populacao-ao-modelo-diminui\/\" \/>\n<meta property=\"og:site_name\" content=\"Ag\u00eancia iNFRA\" \/>\n<meta property=\"article:publisher\" content=\"https:\/\/www.facebook.com\/ageninfra\" \/>\n<meta property=\"article:published_time\" content=\"2025-04-29T13:00:00+00:00\" \/>\n<meta property=\"article:modified_time\" content=\"2025-04-30T12:59:18+00:00\" \/>\n<meta property=\"og:image\" content=\"https:\/\/agenciainfra.com\/blog\/wp-content\/uploads\/2025\/04\/rodovias_do_parana-foto-jonathan_campos-aen_pr-scaled-e1745921381373.jpg\" \/>\n\t<meta property=\"og:image:width\" content=\"1280\" \/>\n\t<meta property=\"og:image:height\" content=\"780\" \/>\n\t<meta property=\"og:image:type\" content=\"image\/jpeg\" \/>\n<meta name=\"author\" content=\"Ag\u00eancia iNFRA\" \/>\n<meta name=\"twitter:card\" content=\"summary_large_image\" \/>\n<meta name=\"twitter:creator\" content=\"@agencia_infra\" \/>\n<meta name=\"twitter:site\" content=\"@agencia_infra\" \/>\n<meta name=\"twitter:label1\" content=\"Escrito por\" \/>\n\t<meta name=\"twitter:data1\" content=\"Ag\u00eancia iNFRA\" \/>\n\t<meta name=\"twitter:label2\" content=\"Est. tempo de leitura\" \/>\n\t<meta name=\"twitter:data2\" content=\"7 minutos\" \/>\n<script type=\"application\/ld+json\" class=\"yoast-schema-graph\">{\"@context\":\"https:\/\/schema.org\",\"@graph\":[{\"@type\":\"Article\",\"@id\":\"https:\/\/agenciainfra.com\/blog\/concessoes-rodoviarias-do-parana-comecam-a-mostrar-resultados-e-resistencia-da-populacao-ao-modelo-diminui\/#article\",\"isPartOf\":{\"@id\":\"https:\/\/agenciainfra.com\/blog\/concessoes-rodoviarias-do-parana-comecam-a-mostrar-resultados-e-resistencia-da-populacao-ao-modelo-diminui\/\"},\"author\":{\"name\":\"Ag\u00eancia iNFRA\",\"@id\":\"https:\/\/agenciainfra.com\/blog\/#\/schema\/person\/34af08dff6adea4cb22b06612ba7acfa\"},\"headline\":\"Concess\u00f5es rodovi\u00e1rias do Paran\u00e1 come\u00e7am a mostrar resultados e resist\u00eancia da popula\u00e7\u00e3o ao modelo diminui\",\"datePublished\":\"2025-04-29T13:00:00+00:00\",\"dateModified\":\"2025-04-30T12:59:18+00:00\",\"mainEntityOfPage\":{\"@id\":\"https:\/\/agenciainfra.com\/blog\/concessoes-rodoviarias-do-parana-comecam-a-mostrar-resultados-e-resistencia-da-populacao-ao-modelo-diminui\/\"},\"wordCount\":1502,\"publisher\":{\"@id\":\"https:\/\/agenciainfra.com\/blog\/#organization\"},\"image\":{\"@id\":\"https:\/\/agenciainfra.com\/blog\/concessoes-rodoviarias-do-parana-comecam-a-mostrar-resultados-e-resistencia-da-populacao-ao-modelo-diminui\/#primaryimage\"},\"thumbnailUrl\":\"https:\/\/agenciainfra.com\/blog\/wp-content\/uploads\/2025\/04\/rodovias_do_parana-foto-jonathan_campos-aen_pr-scaled-e1745921381373.jpg\",\"keywords\":[\"ANTT\",\"CCR\",\"concess\u00f5es\",\"concess\u00f5es de rodovias\",\"EPR\",\"governador ratinho jr.\",\"Governo do Paran\u00e1\",\"Infraestrutura\",\"Investimentos\",\"minist\u00e9rio dos transportes\",\"ministro renan filho\",\"motiva\",\"Ped\u00e1gio\",\"prvias\",\"rodovias\",\"Sheyla Santos\"],\"articleSection\":[\"Destaque Menor\",\"Geral\",\"iNFRATransporte\"],\"inLanguage\":\"pt-BR\",\"copyrightYear\":\"2025\",\"copyrightHolder\":{\"@id\":\"https:\/\/agenciainfra.com\/blog\/#organization\"}},{\"@type\":\"WebPage\",\"@id\":\"https:\/\/agenciainfra.com\/blog\/concessoes-rodoviarias-do-parana-comecam-a-mostrar-resultados-e-resistencia-da-populacao-ao-modelo-diminui\/\",\"url\":\"https:\/\/agenciainfra.com\/blog\/concessoes-rodoviarias-do-parana-comecam-a-mostrar-resultados-e-resistencia-da-populacao-ao-modelo-diminui\/\",\"name\":\"Concess\u00f5es rodovi\u00e1rias do Paran\u00e1 come\u00e7am a mostrar resultados e resist\u00eancia da popula\u00e7\u00e3o ao modelo diminui - Ag\u00eancia iNFRA\",\"isPartOf\":{\"@id\":\"https:\/\/agenciainfra.com\/blog\/#website\"},\"primaryImageOfPage\":{\"@id\":\"https:\/\/agenciainfra.com\/blog\/concessoes-rodoviarias-do-parana-comecam-a-mostrar-resultados-e-resistencia-da-populacao-ao-modelo-diminui\/#primaryimage\"},\"image\":{\"@id\":\"https:\/\/agenciainfra.com\/blog\/concessoes-rodoviarias-do-parana-comecam-a-mostrar-resultados-e-resistencia-da-populacao-ao-modelo-diminui\/#primaryimage\"},\"thumbnailUrl\":\"https:\/\/agenciainfra.com\/blog\/wp-content\/uploads\/2025\/04\/rodovias_do_parana-foto-jonathan_campos-aen_pr-scaled-e1745921381373.jpg\",\"datePublished\":\"2025-04-29T13:00:00+00:00\",\"dateModified\":\"2025-04-30T12:59:18+00:00\",\"breadcrumb\":{\"@id\":\"https:\/\/agenciainfra.com\/blog\/concessoes-rodoviarias-do-parana-comecam-a-mostrar-resultados-e-resistencia-da-populacao-ao-modelo-diminui\/#breadcrumb\"},\"inLanguage\":\"pt-BR\",\"potentialAction\":[{\"@type\":\"ReadAction\",\"target\":[\"https:\/\/agenciainfra.com\/blog\/concessoes-rodoviarias-do-parana-comecam-a-mostrar-resultados-e-resistencia-da-populacao-ao-modelo-diminui\/\"]}]},{\"@type\":\"ImageObject\",\"inLanguage\":\"pt-BR\",\"@id\":\"https:\/\/agenciainfra.com\/blog\/concessoes-rodoviarias-do-parana-comecam-a-mostrar-resultados-e-resistencia-da-populacao-ao-modelo-diminui\/#primaryimage\",\"url\":\"https:\/\/agenciainfra.com\/blog\/wp-content\/uploads\/2025\/04\/rodovias_do_parana-foto-jonathan_campos-aen_pr-scaled-e1745921381373.jpg\",\"contentUrl\":\"https:\/\/agenciainfra.com\/blog\/wp-content\/uploads\/2025\/04\/rodovias_do_parana-foto-jonathan_campos-aen_pr-scaled-e1745921381373.jpg\",\"width\":1280,\"height\":780},{\"@type\":\"BreadcrumbList\",\"@id\":\"https:\/\/agenciainfra.com\/blog\/concessoes-rodoviarias-do-parana-comecam-a-mostrar-resultados-e-resistencia-da-populacao-ao-modelo-diminui\/#breadcrumb\",\"itemListElement\":[{\"@type\":\"ListItem\",\"position\":1,\"name\":\"In\u00edcio\",\"item\":\"https:\/\/agenciainfra.com\/blog\/\"},{\"@type\":\"ListItem\",\"position\":2,\"name\":\"Concess\u00f5es rodovi\u00e1rias do Paran\u00e1 come\u00e7am a mostrar resultados e resist\u00eancia da popula\u00e7\u00e3o ao modelo diminui\"}]},{\"@type\":\"WebSite\",\"@id\":\"https:\/\/agenciainfra.com\/blog\/#website\",\"url\":\"https:\/\/agenciainfra.com\/blog\/\",\"name\":\"Ag\u00eancia iNFRA\",\"description\":\"Multiplataforma de informa\u00e7\u00e3o jornal\u00edstica refer\u00eancia na \u00e1rea de infraestrutura no Brasil!\",\"publisher\":{\"@id\":\"https:\/\/agenciainfra.com\/blog\/#organization\"},\"potentialAction\":[{\"@type\":\"SearchAction\",\"target\":{\"@type\":\"EntryPoint\",\"urlTemplate\":\"https:\/\/agenciainfra.com\/blog\/?s={search_term_string}\"},\"query-input\":{\"@type\":\"PropertyValueSpecification\",\"valueRequired\":true,\"valueName\":\"search_term_string\"}}],\"inLanguage\":\"pt-BR\"},{\"@type\":\"Organization\",\"@id\":\"https:\/\/agenciainfra.com\/blog\/#organization\",\"name\":\"Ag\u00eancia iNFRA\",\"url\":\"https:\/\/agenciainfra.com\/blog\/\",\"logo\":{\"@type\":\"ImageObject\",\"inLanguage\":\"pt-BR\",\"@id\":\"https:\/\/agenciainfra.com\/blog\/#\/schema\/logo\/image\/\",\"url\":\"https:\/\/agenciainfra.com\/blog\/wp-content\/uploads\/2023\/09\/iNFRA_5-e1761735885940.png\",\"contentUrl\":\"https:\/\/agenciainfra.com\/blog\/wp-content\/uploads\/2023\/09\/iNFRA_5-e1761735885940.png\",\"width\":1672,\"height\":454,\"caption\":\"Ag\u00eancia iNFRA\"},\"image\":{\"@id\":\"https:\/\/agenciainfra.com\/blog\/#\/schema\/logo\/image\/\"},\"sameAs\":[\"https:\/\/www.facebook.com\/ageninfra\",\"https:\/\/x.com\/agencia_infra\",\"https:\/\/www.linkedin.com\/company\/ag\u00eanciainfra\/\",\"https:\/\/www.instagram.com\/agenciainfra\/\"]},{\"@type\":\"Person\",\"@id\":\"https:\/\/agenciainfra.com\/blog\/#\/schema\/person\/34af08dff6adea4cb22b06612ba7acfa\",\"name\":\"Ag\u00eancia iNFRA\",\"image\":{\"@type\":\"ImageObject\",\"inLanguage\":\"pt-BR\",\"@id\":\"https:\/\/agenciainfra.com\/blog\/#\/schema\/person\/image\/\",\"url\":\"https:\/\/secure.gravatar.com\/avatar\/d189e01678f06d8eb84d4e01f08eb848b3fffe3f8443818d3c356c66892f5be8?s=96&d=mm&r=g\",\"contentUrl\":\"https:\/\/secure.gravatar.com\/avatar\/d189e01678f06d8eb84d4e01f08eb848b3fffe3f8443818d3c356c66892f5be8?s=96&d=mm&r=g\",\"caption\":\"Ag\u00eancia iNFRA\"},\"url\":\"https:\/\/agenciainfra.com\/blog\/author\/admin\/\"}]}<\/script>\n<!-- \/ Yoast SEO Premium plugin. -->","yoast_head_json":{"title":"Concess\u00f5es rodovi\u00e1rias do Paran\u00e1 come\u00e7am a mostrar resultados e resist\u00eancia da popula\u00e7\u00e3o ao modelo diminui - Ag\u00eancia iNFRA","robots":{"index":"index","follow":"follow","max-snippet":"max-snippet:-1","max-image-preview":"max-image-preview:large","max-video-preview":"max-video-preview:-1"},"canonical":"https:\/\/agenciainfra.com\/blog\/concessoes-rodoviarias-do-parana-comecam-a-mostrar-resultados-e-resistencia-da-populacao-ao-modelo-diminui\/","og_locale":"pt_BR","og_type":"article","og_title":"Concess\u00f5es rodovi\u00e1rias do Paran\u00e1 come\u00e7am a mostrar resultados e resist\u00eancia da popula\u00e7\u00e3o ao modelo diminui","og_description":"Sheyla Santos, da Ag\u00eancia iNFRA As concess\u00f5es de rodovias realizadas em conjunto entre os governos federal e do estado do Paran\u00e1 come\u00e7am a mostrar resultados positivos e a popula\u00e7\u00e3o local, que apresentava forte resist\u00eancia ao modelo de pedagiamento das rodovias, est\u00e1 aceitando melhor. Essa \u00e9 a avalia\u00e7\u00e3o de representantes de governo e empresas locais, que [&hellip;]","og_url":"https:\/\/agenciainfra.com\/blog\/concessoes-rodoviarias-do-parana-comecam-a-mostrar-resultados-e-resistencia-da-populacao-ao-modelo-diminui\/","og_site_name":"Ag\u00eancia iNFRA","article_publisher":"https:\/\/www.facebook.com\/ageninfra","article_published_time":"2025-04-29T13:00:00+00:00","article_modified_time":"2025-04-30T12:59:18+00:00","og_image":[{"width":1280,"height":780,"url":"https:\/\/agenciainfra.com\/blog\/wp-content\/uploads\/2025\/04\/rodovias_do_parana-foto-jonathan_campos-aen_pr-scaled-e1745921381373.jpg","type":"image\/jpeg"}],"author":"Ag\u00eancia iNFRA","twitter_card":"summary_large_image","twitter_creator":"@agencia_infra","twitter_site":"@agencia_infra","twitter_misc":{"Escrito por":"Ag\u00eancia iNFRA","Est. tempo de leitura":"7 minutos"},"schema":{"@context":"https:\/\/schema.org","@graph":[{"@type":"Article","@id":"https:\/\/agenciainfra.com\/blog\/concessoes-rodoviarias-do-parana-comecam-a-mostrar-resultados-e-resistencia-da-populacao-ao-modelo-diminui\/#article","isPartOf":{"@id":"https:\/\/agenciainfra.com\/blog\/concessoes-rodoviarias-do-parana-comecam-a-mostrar-resultados-e-resistencia-da-populacao-ao-modelo-diminui\/"},"author":{"name":"Ag\u00eancia iNFRA","@id":"https:\/\/agenciainfra.com\/blog\/#\/schema\/person\/34af08dff6adea4cb22b06612ba7acfa"},"headline":"Concess\u00f5es rodovi\u00e1rias do Paran\u00e1 come\u00e7am a mostrar resultados e resist\u00eancia da popula\u00e7\u00e3o ao modelo diminui","datePublished":"2025-04-29T13:00:00+00:00","dateModified":"2025-04-30T12:59:18+00:00","mainEntityOfPage":{"@id":"https:\/\/agenciainfra.com\/blog\/concessoes-rodoviarias-do-parana-comecam-a-mostrar-resultados-e-resistencia-da-populacao-ao-modelo-diminui\/"},"wordCount":1502,"publisher":{"@id":"https:\/\/agenciainfra.com\/blog\/#organization"},"image":{"@id":"https:\/\/agenciainfra.com\/blog\/concessoes-rodoviarias-do-parana-comecam-a-mostrar-resultados-e-resistencia-da-populacao-ao-modelo-diminui\/#primaryimage"},"thumbnailUrl":"https:\/\/agenciainfra.com\/blog\/wp-content\/uploads\/2025\/04\/rodovias_do_parana-foto-jonathan_campos-aen_pr-scaled-e1745921381373.jpg","keywords":["ANTT","CCR","concess\u00f5es","concess\u00f5es de rodovias","EPR","governador ratinho jr.","Governo do Paran\u00e1","Infraestrutura","Investimentos","minist\u00e9rio dos transportes","ministro renan filho","motiva","Ped\u00e1gio","prvias","rodovias","Sheyla Santos"],"articleSection":["Destaque Menor","Geral","iNFRATransporte"],"inLanguage":"pt-BR","copyrightYear":"2025","copyrightHolder":{"@id":"https:\/\/agenciainfra.com\/blog\/#organization"}},{"@type":"WebPage","@id":"https:\/\/agenciainfra.com\/blog\/concessoes-rodoviarias-do-parana-comecam-a-mostrar-resultados-e-resistencia-da-populacao-ao-modelo-diminui\/","url":"https:\/\/agenciainfra.com\/blog\/concessoes-rodoviarias-do-parana-comecam-a-mostrar-resultados-e-resistencia-da-populacao-ao-modelo-diminui\/","name":"Concess\u00f5es rodovi\u00e1rias do Paran\u00e1 come\u00e7am a mostrar resultados e resist\u00eancia da popula\u00e7\u00e3o ao modelo diminui - Ag\u00eancia iNFRA","isPartOf":{"@id":"https:\/\/agenciainfra.com\/blog\/#website"},"primaryImageOfPage":{"@id":"https:\/\/agenciainfra.com\/blog\/concessoes-rodoviarias-do-parana-comecam-a-mostrar-resultados-e-resistencia-da-populacao-ao-modelo-diminui\/#primaryimage"},"image":{"@id":"https:\/\/agenciainfra.com\/blog\/concessoes-rodoviarias-do-parana-comecam-a-mostrar-resultados-e-resistencia-da-populacao-ao-modelo-diminui\/#primaryimage"},"thumbnailUrl":"https:\/\/agenciainfra.com\/blog\/wp-content\/uploads\/2025\/04\/rodovias_do_parana-foto-jonathan_campos-aen_pr-scaled-e1745921381373.jpg","datePublished":"2025-04-29T13:00:00+00:00","dateModified":"2025-04-30T12:59:18+00:00","breadcrumb":{"@id":"https:\/\/agenciainfra.com\/blog\/concessoes-rodoviarias-do-parana-comecam-a-mostrar-resultados-e-resistencia-da-populacao-ao-modelo-diminui\/#breadcrumb"},"inLanguage":"pt-BR","potentialAction":[{"@type":"ReadAction","target":["https:\/\/agenciainfra.com\/blog\/concessoes-rodoviarias-do-parana-comecam-a-mostrar-resultados-e-resistencia-da-populacao-ao-modelo-diminui\/"]}]},{"@type":"ImageObject","inLanguage":"pt-BR","@id":"https:\/\/agenciainfra.com\/blog\/concessoes-rodoviarias-do-parana-comecam-a-mostrar-resultados-e-resistencia-da-populacao-ao-modelo-diminui\/#primaryimage","url":"https:\/\/agenciainfra.com\/blog\/wp-content\/uploads\/2025\/04\/rodovias_do_parana-foto-jonathan_campos-aen_pr-scaled-e1745921381373.jpg","contentUrl":"https:\/\/agenciainfra.com\/blog\/wp-content\/uploads\/2025\/04\/rodovias_do_parana-foto-jonathan_campos-aen_pr-scaled-e1745921381373.jpg","width":1280,"height":780},{"@type":"BreadcrumbList","@id":"https:\/\/agenciainfra.com\/blog\/concessoes-rodoviarias-do-parana-comecam-a-mostrar-resultados-e-resistencia-da-populacao-ao-modelo-diminui\/#breadcrumb","itemListElement":[{"@type":"ListItem","position":1,"name":"In\u00edcio","item":"https:\/\/agenciainfra.com\/blog\/"},{"@type":"ListItem","position":2,"name":"Concess\u00f5es rodovi\u00e1rias do Paran\u00e1 come\u00e7am a mostrar resultados e resist\u00eancia da popula\u00e7\u00e3o ao modelo diminui"}]},{"@type":"WebSite","@id":"https:\/\/agenciainfra.com\/blog\/#website","url":"https:\/\/agenciainfra.com\/blog\/","name":"Ag\u00eancia iNFRA","description":"Multiplataforma de informa\u00e7\u00e3o jornal\u00edstica refer\u00eancia na \u00e1rea de infraestrutura no Brasil!","publisher":{"@id":"https:\/\/agenciainfra.com\/blog\/#organization"},"potentialAction":[{"@type":"SearchAction","target":{"@type":"EntryPoint","urlTemplate":"https:\/\/agenciainfra.com\/blog\/?s={search_term_string}"},"query-input":{"@type":"PropertyValueSpecification","valueRequired":true,"valueName":"search_term_string"}}],"inLanguage":"pt-BR"},{"@type":"Organization","@id":"https:\/\/agenciainfra.com\/blog\/#organization","name":"Ag\u00eancia iNFRA","url":"https:\/\/agenciainfra.com\/blog\/","logo":{"@type":"ImageObject","inLanguage":"pt-BR","@id":"https:\/\/agenciainfra.com\/blog\/#\/schema\/logo\/image\/","url":"https:\/\/agenciainfra.com\/blog\/wp-content\/uploads\/2023\/09\/iNFRA_5-e1761735885940.png","contentUrl":"https:\/\/agenciainfra.com\/blog\/wp-content\/uploads\/2023\/09\/iNFRA_5-e1761735885940.png","width":1672,"height":454,"caption":"Ag\u00eancia iNFRA"},"image":{"@id":"https:\/\/agenciainfra.com\/blog\/#\/schema\/logo\/image\/"},"sameAs":["https:\/\/www.facebook.com\/ageninfra","https:\/\/x.com\/agencia_infra","https:\/\/www.linkedin.com\/company\/ag\u00eanciainfra\/","https:\/\/www.instagram.com\/agenciainfra\/"]},{"@type":"Person","@id":"https:\/\/agenciainfra.com\/blog\/#\/schema\/person\/34af08dff6adea4cb22b06612ba7acfa","name":"Ag\u00eancia iNFRA","image":{"@type":"ImageObject","inLanguage":"pt-BR","@id":"https:\/\/agenciainfra.com\/blog\/#\/schema\/person\/image\/","url":"https:\/\/secure.gravatar.com\/avatar\/d189e01678f06d8eb84d4e01f08eb848b3fffe3f8443818d3c356c66892f5be8?s=96&d=mm&r=g","contentUrl":"https:\/\/secure.gravatar.com\/avatar\/d189e01678f06d8eb84d4e01f08eb848b3fffe3f8443818d3c356c66892f5be8?s=96&d=mm&r=g","caption":"Ag\u00eancia iNFRA"},"url":"https:\/\/agenciainfra.com\/blog\/author\/admin\/"}]}},"_links":{"self":[{"href":"https:\/\/agenciainfra.com\/blog\/wp-json\/wp\/v2\/posts\/21150","targetHints":{"allow":["GET"]}}],"collection":[{"href":"https:\/\/agenciainfra.com\/blog\/wp-json\/wp\/v2\/posts"}],"about":[{"href":"https:\/\/agenciainfra.com\/blog\/wp-json\/wp\/v2\/types\/post"}],"author":[{"embeddable":true,"href":"https:\/\/agenciainfra.com\/blog\/wp-json\/wp\/v2\/users\/1"}],"replies":[{"embeddable":true,"href":"https:\/\/agenciainfra.com\/blog\/wp-json\/wp\/v2\/comments?post=21150"}],"version-history":[{"count":1,"href":"https:\/\/agenciainfra.com\/blog\/wp-json\/wp\/v2\/posts\/21150\/revisions"}],"predecessor-version":[{"id":21152,"href":"https:\/\/agenciainfra.com\/blog\/wp-json\/wp\/v2\/posts\/21150\/revisions\/21152"}],"wp:featuredmedia":[{"embeddable":true,"href":"https:\/\/agenciainfra.com\/blog\/wp-json\/wp\/v2\/media\/21151"}],"wp:attachment":[{"href":"https:\/\/agenciainfra.com\/blog\/wp-json\/wp\/v2\/media?parent=21150"}],"wp:term":[{"taxonomy":"category","embeddable":true,"href":"https:\/\/agenciainfra.com\/blog\/wp-json\/wp\/v2\/categories?post=21150"},{"taxonomy":"post_tag","embeddable":true,"href":"https:\/\/agenciainfra.com\/blog\/wp-json\/wp\/v2\/tags?post=21150"}],"curies":[{"name":"wp","href":"https:\/\/api.w.org\/{rel}","templated":true}]}}