{"id":21157,"date":"2025-05-01T10:00:00","date_gmt":"2025-05-01T13:00:00","guid":{"rendered":"https:\/\/agenciainfra.com\/blog\/?p=21157"},"modified":"2025-05-01T21:49:25","modified_gmt":"2025-05-02T00:49:25","slug":"pgr-rejeita-pedido-do-psol-e-mantem-avanco-dos-estudos-da-ferrograo","status":"publish","type":"post","link":"https:\/\/agenciainfra.com\/blog\/pgr-rejeita-pedido-do-psol-e-mantem-avanco-dos-estudos-da-ferrograo\/","title":{"rendered":"PGR rejeita pedido do Psol e mant\u00e9m avan\u00e7o dos estudos da Ferrogr\u00e3o"},"content":{"rendered":"\n<p class=\"has-text-align-right\"><strong>da Ag\u00eancia iNFRA<\/strong><\/p>\n\n\n\n<p>A PGR (Procuradoria-Geral da Rep\u00fablica) opinou pelo indeferimento&nbsp;dos pedidos do Psol (Partido Socialismo e Liberdade) para que o STF (Supremo Tribunal Federal) suspenda novamente os estudos para a constru\u00e7\u00e3o da ferrovia Ferrogr\u00e3o (EF-170), que ligar\u00e1 Sinop (MT) a Miritituba (PA).<\/p>\n\n\n\n<p>Para o procurador-geral da Rep\u00fablica, Paulo Gonet, o governo e a ANTT (Ag\u00eancia Nacional de Transportes Terrestres) est\u00e3o, at\u00e9 agora, respeitando os limites impostos pelo STF para o Parque Nacional do Jamanxim, em Itaituba e Trair\u00e3o (PA), realizando os estudos necess\u00e1rios e ouvindo a sociedade. Portanto, n\u00e3o v\u00ea motivo para travar novamente o projeto.<\/p>\n\n\n\n<p>O Psol, junto com organiza\u00e7\u00f5es ind\u00edgenas, afirma que n\u00e3o houve di\u00e1logo adequado com a sociedade civil e os povos tradicionais sobre o projeto da Ferrogr\u00e3o. Para eles, a ANTT estaria organizando o leil\u00e3o da ferrovia em descumprimento \u00e0 decis\u00e3o cautelar do STF e n\u00e3o foram apresentadas alternativas de tra\u00e7ado fora do Parque Nacional do Jamanxim.<\/p>\n\n\n\n<p>A PGR justificou que houve participa\u00e7\u00e3o da sociedade civil nas discuss\u00f5es sobre a Ferrogr\u00e3o, por meio do GT (Grupo de Trabalho) criado para o projeto. Destacou que o tra\u00e7ado da ferrovia foi ajustado para permanecer dentro da faixa da BR-163, afastando-se de \u00e1reas protegidas, e informou ainda que n\u00e3o h\u00e1 leil\u00e3o previsto, pois o projeto est\u00e1 apenas na fase inicial de EVTEA (Estudo de Viabilidade T\u00e9cnica, Econ\u00f4mica e Ambiental).<\/p>\n\n\n\n<p>Questionado pela&nbsp;<strong>Ag\u00eancia iNFRA<\/strong>, o ministro dos Transportes, Renan Filho, afirmou que a pasta revisou o projeto da Ferrogr\u00e3o, confirmou sua viabilidade e aguarda a solu\u00e7\u00e3o do processo judicial para avan\u00e7ar. &#8220;Revisamos o projeto, demonstramos sua viabilidade e esperamos que, com a resolu\u00e7\u00e3o da quest\u00e3o judicial, possamos concluir os estudos econ\u00f4mico-financeiros e de engenharia para levar a Ferrogr\u00e3o a leil\u00e3o&#8221;, disse o ministro.<\/p>\n\n\n\n<p>Renan Filho destacou ainda a import\u00e2ncia da amplia\u00e7\u00e3o da malha ferrovi\u00e1ria no pa\u00eds: &#8220;O Brasil precisa muito de investimentos em rodovias e em ferrovias, porque cada nova ferrovia constru\u00edda significa a retirada de caminh\u00f5es das estradas brasileiras\u201d, completou.<\/p>\n","protected":false},"excerpt":{"rendered":"<p>da Ag\u00eancia iNFRA A PGR (Procuradoria-Geral da Rep\u00fablica) opinou pelo indeferimento&nbsp;dos pedidos do Psol (Partido Socialismo e Liberdade) para que o STF (Supremo Tribunal Federal) suspenda novamente os estudos para a constru\u00e7\u00e3o da ferrovia Ferrogr\u00e3o (EF-170), que ligar\u00e1 Sinop (MT) a Miritituba (PA). Para o procurador-geral da Rep\u00fablica, Paulo Gonet, o governo e a ANTT [&hellip;]<\/p>\n","protected":false},"author":1,"featured_media":12964,"comment_status":"closed","ping_status":"closed","sticky":false,"template":"","format":"standard","meta":{"_monsterinsights_skip_tracking":false,"_monsterinsights_sitenote_active":false,"_monsterinsights_sitenote_note":"","_monsterinsights_sitenote_category":0,"footnotes":""},"categories":[7250,1,7],"tags":[19,12778,13203,158,120,13204,6867,561,7800],"class_list":["post-21157","post","type-post","status-publish","format-standard","has-post-thumbnail","hentry","category-destaque-lista","category-geral","category-infratransporte","tag-antt","tag-construcao-de-ferrovias","tag-estudos-da-ferrograo","tag-ferrograo","tag-ferrovias","tag-leilao-da-ferrograo","tag-parque-nacional-do-jamanxim","tag-pgr","tag-psol"],"yoast_head":"<!-- This site is optimized with the Yoast SEO Premium plugin v25.4 (Yoast SEO v26.0) - https:\/\/yoast.com\/wordpress\/plugins\/seo\/ -->\n<title>PGR rejeita pedido do Psol e mant\u00e9m avan\u00e7o dos estudos da Ferrogr\u00e3o - Ag\u00eancia iNFRA<\/title>\n<meta name=\"robots\" content=\"index, follow, max-snippet:-1, max-image-preview:large, max-video-preview:-1\" \/>\n<link rel=\"canonical\" href=\"https:\/\/agenciainfra.com\/blog\/pgr-rejeita-pedido-do-psol-e-mantem-avanco-dos-estudos-da-ferrograo\/\" \/>\n<meta property=\"og:locale\" content=\"pt_BR\" \/>\n<meta property=\"og:type\" content=\"article\" \/>\n<meta property=\"og:title\" content=\"PGR rejeita pedido do Psol e mant\u00e9m avan\u00e7o dos estudos da Ferrogr\u00e3o\" \/>\n<meta property=\"og:description\" content=\"da Ag\u00eancia iNFRA A PGR (Procuradoria-Geral da Rep\u00fablica) opinou pelo indeferimento&nbsp;dos pedidos do Psol (Partido Socialismo e Liberdade) para que o STF (Supremo Tribunal Federal) suspenda novamente os estudos para a constru\u00e7\u00e3o da ferrovia Ferrogr\u00e3o (EF-170), que ligar\u00e1 Sinop (MT) a Miritituba (PA). Para o procurador-geral da Rep\u00fablica, Paulo Gonet, o governo e a ANTT [&hellip;]\" \/>\n<meta property=\"og:url\" content=\"https:\/\/agenciainfra.com\/blog\/pgr-rejeita-pedido-do-psol-e-mantem-avanco-dos-estudos-da-ferrograo\/\" \/>\n<meta property=\"og:site_name\" content=\"Ag\u00eancia iNFRA\" \/>\n<meta property=\"article:publisher\" content=\"https:\/\/www.facebook.com\/ageninfra\" \/>\n<meta property=\"article:published_time\" content=\"2025-05-01T13:00:00+00:00\" \/>\n<meta property=\"article:modified_time\" content=\"2025-05-02T00:49:25+00:00\" \/>\n<meta property=\"og:image\" content=\"https:\/\/agenciainfra.com\/blog\/wp-content\/uploads\/2023\/06\/ferrograo-foto-governo-federal.jpg\" \/>\n\t<meta property=\"og:image:width\" content=\"1201\" \/>\n\t<meta property=\"og:image:height\" content=\"802\" \/>\n\t<meta property=\"og:image:type\" content=\"image\/jpeg\" \/>\n<meta name=\"author\" content=\"Ag\u00eancia iNFRA\" \/>\n<meta name=\"twitter:card\" content=\"summary_large_image\" \/>\n<meta name=\"twitter:creator\" content=\"@agencia_infra\" \/>\n<meta name=\"twitter:site\" content=\"@agencia_infra\" \/>\n<meta name=\"twitter:label1\" content=\"Escrito por\" \/>\n\t<meta name=\"twitter:data1\" content=\"Ag\u00eancia iNFRA\" \/>\n\t<meta name=\"twitter:label2\" content=\"Est. tempo de leitura\" \/>\n\t<meta name=\"twitter:data2\" content=\"2 minutos\" \/>\n<script type=\"application\/ld+json\" class=\"yoast-schema-graph\">{\"@context\":\"https:\/\/schema.org\",\"@graph\":[{\"@type\":\"Article\",\"@id\":\"https:\/\/agenciainfra.com\/blog\/pgr-rejeita-pedido-do-psol-e-mantem-avanco-dos-estudos-da-ferrograo\/#article\",\"isPartOf\":{\"@id\":\"https:\/\/agenciainfra.com\/blog\/pgr-rejeita-pedido-do-psol-e-mantem-avanco-dos-estudos-da-ferrograo\/\"},\"author\":{\"name\":\"Ag\u00eancia iNFRA\",\"@id\":\"https:\/\/agenciainfra.com\/blog\/#\/schema\/person\/34af08dff6adea4cb22b06612ba7acfa\"},\"headline\":\"PGR rejeita pedido do Psol e mant\u00e9m avan\u00e7o dos estudos da Ferrogr\u00e3o\",\"datePublished\":\"2025-05-01T13:00:00+00:00\",\"dateModified\":\"2025-05-02T00:49:25+00:00\",\"mainEntityOfPage\":{\"@id\":\"https:\/\/agenciainfra.com\/blog\/pgr-rejeita-pedido-do-psol-e-mantem-avanco-dos-estudos-da-ferrograo\/\"},\"wordCount\":381,\"publisher\":{\"@id\":\"https:\/\/agenciainfra.com\/blog\/#organization\"},\"image\":{\"@id\":\"https:\/\/agenciainfra.com\/blog\/pgr-rejeita-pedido-do-psol-e-mantem-avanco-dos-estudos-da-ferrograo\/#primaryimage\"},\"thumbnailUrl\":\"https:\/\/agenciainfra.com\/blog\/wp-content\/uploads\/2023\/06\/ferrograo-foto-governo-federal-e1751540571155.jpg\",\"keywords\":[\"ANTT\",\"constru\u00e7\u00e3o de ferrovias\",\"estudos da ferrogr\u00e3o\",\"Ferrogr\u00e3o\",\"Ferrovias\",\"leil\u00e3o da ferrogr\u00e3o\",\"Parque Nacional do Jamanxim\",\"PGR\",\"PSOL\"],\"articleSection\":[\"Destaque lista\",\"Geral\",\"iNFRATransporte\"],\"inLanguage\":\"pt-BR\",\"copyrightYear\":\"2025\",\"copyrightHolder\":{\"@id\":\"https:\/\/agenciainfra.com\/blog\/#organization\"}},{\"@type\":\"WebPage\",\"@id\":\"https:\/\/agenciainfra.com\/blog\/pgr-rejeita-pedido-do-psol-e-mantem-avanco-dos-estudos-da-ferrograo\/\",\"url\":\"https:\/\/agenciainfra.com\/blog\/pgr-rejeita-pedido-do-psol-e-mantem-avanco-dos-estudos-da-ferrograo\/\",\"name\":\"PGR rejeita pedido do Psol e mant\u00e9m avan\u00e7o dos estudos da Ferrogr\u00e3o - Ag\u00eancia iNFRA\",\"isPartOf\":{\"@id\":\"https:\/\/agenciainfra.com\/blog\/#website\"},\"primaryImageOfPage\":{\"@id\":\"https:\/\/agenciainfra.com\/blog\/pgr-rejeita-pedido-do-psol-e-mantem-avanco-dos-estudos-da-ferrograo\/#primaryimage\"},\"image\":{\"@id\":\"https:\/\/agenciainfra.com\/blog\/pgr-rejeita-pedido-do-psol-e-mantem-avanco-dos-estudos-da-ferrograo\/#primaryimage\"},\"thumbnailUrl\":\"https:\/\/agenciainfra.com\/blog\/wp-content\/uploads\/2023\/06\/ferrograo-foto-governo-federal-e1751540571155.jpg\",\"datePublished\":\"2025-05-01T13:00:00+00:00\",\"dateModified\":\"2025-05-02T00:49:25+00:00\",\"breadcrumb\":{\"@id\":\"https:\/\/agenciainfra.com\/blog\/pgr-rejeita-pedido-do-psol-e-mantem-avanco-dos-estudos-da-ferrograo\/#breadcrumb\"},\"inLanguage\":\"pt-BR\",\"potentialAction\":[{\"@type\":\"ReadAction\",\"target\":[\"https:\/\/agenciainfra.com\/blog\/pgr-rejeita-pedido-do-psol-e-mantem-avanco-dos-estudos-da-ferrograo\/\"]}]},{\"@type\":\"ImageObject\",\"inLanguage\":\"pt-BR\",\"@id\":\"https:\/\/agenciainfra.com\/blog\/pgr-rejeita-pedido-do-psol-e-mantem-avanco-dos-estudos-da-ferrograo\/#primaryimage\",\"url\":\"https:\/\/agenciainfra.com\/blog\/wp-content\/uploads\/2023\/06\/ferrograo-foto-governo-federal-e1751540571155.jpg\",\"contentUrl\":\"https:\/\/agenciainfra.com\/blog\/wp-content\/uploads\/2023\/06\/ferrograo-foto-governo-federal-e1751540571155.jpg\",\"width\":1200,\"height\":760,\"caption\":\"Foto: Governo Federal\"},{\"@type\":\"BreadcrumbList\",\"@id\":\"https:\/\/agenciainfra.com\/blog\/pgr-rejeita-pedido-do-psol-e-mantem-avanco-dos-estudos-da-ferrograo\/#breadcrumb\",\"itemListElement\":[{\"@type\":\"ListItem\",\"position\":1,\"name\":\"In\u00edcio\",\"item\":\"https:\/\/agenciainfra.com\/blog\/\"},{\"@type\":\"ListItem\",\"position\":2,\"name\":\"PGR rejeita pedido do Psol e mant\u00e9m avan\u00e7o dos estudos da Ferrogr\u00e3o\"}]},{\"@type\":\"WebSite\",\"@id\":\"https:\/\/agenciainfra.com\/blog\/#website\",\"url\":\"https:\/\/agenciainfra.com\/blog\/\",\"name\":\"Ag\u00eancia iNFRA\",\"description\":\"Multiplataforma de informa\u00e7\u00e3o jornal\u00edstica refer\u00eancia na \u00e1rea de infraestrutura no Brasil!\",\"publisher\":{\"@id\":\"https:\/\/agenciainfra.com\/blog\/#organization\"},\"potentialAction\":[{\"@type\":\"SearchAction\",\"target\":{\"@type\":\"EntryPoint\",\"urlTemplate\":\"https:\/\/agenciainfra.com\/blog\/?s={search_term_string}\"},\"query-input\":{\"@type\":\"PropertyValueSpecification\",\"valueRequired\":true,\"valueName\":\"search_term_string\"}}],\"inLanguage\":\"pt-BR\"},{\"@type\":\"Organization\",\"@id\":\"https:\/\/agenciainfra.com\/blog\/#organization\",\"name\":\"Ag\u00eancia iNFRA\",\"url\":\"https:\/\/agenciainfra.com\/blog\/\",\"logo\":{\"@type\":\"ImageObject\",\"inLanguage\":\"pt-BR\",\"@id\":\"https:\/\/agenciainfra.com\/blog\/#\/schema\/logo\/image\/\",\"url\":\"https:\/\/agenciainfra.com\/blog\/wp-content\/uploads\/2023\/09\/iNFRA_5-e1761735885940.png\",\"contentUrl\":\"https:\/\/agenciainfra.com\/blog\/wp-content\/uploads\/2023\/09\/iNFRA_5-e1761735885940.png\",\"width\":1672,\"height\":454,\"caption\":\"Ag\u00eancia iNFRA\"},\"image\":{\"@id\":\"https:\/\/agenciainfra.com\/blog\/#\/schema\/logo\/image\/\"},\"sameAs\":[\"https:\/\/www.facebook.com\/ageninfra\",\"https:\/\/x.com\/agencia_infra\",\"https:\/\/www.linkedin.com\/company\/ag\u00eanciainfra\/\",\"https:\/\/www.instagram.com\/agenciainfra\/\"]},{\"@type\":\"Person\",\"@id\":\"https:\/\/agenciainfra.com\/blog\/#\/schema\/person\/34af08dff6adea4cb22b06612ba7acfa\",\"name\":\"Ag\u00eancia iNFRA\",\"image\":{\"@type\":\"ImageObject\",\"inLanguage\":\"pt-BR\",\"@id\":\"https:\/\/agenciainfra.com\/blog\/#\/schema\/person\/image\/\",\"url\":\"https:\/\/secure.gravatar.com\/avatar\/d189e01678f06d8eb84d4e01f08eb848b3fffe3f8443818d3c356c66892f5be8?s=96&d=mm&r=g\",\"contentUrl\":\"https:\/\/secure.gravatar.com\/avatar\/d189e01678f06d8eb84d4e01f08eb848b3fffe3f8443818d3c356c66892f5be8?s=96&d=mm&r=g\",\"caption\":\"Ag\u00eancia iNFRA\"},\"url\":\"https:\/\/agenciainfra.com\/blog\/author\/admin\/\"}]}<\/script>\n<!-- \/ Yoast SEO Premium plugin. -->","yoast_head_json":{"title":"PGR rejeita pedido do Psol e mant\u00e9m avan\u00e7o dos estudos da Ferrogr\u00e3o - Ag\u00eancia iNFRA","robots":{"index":"index","follow":"follow","max-snippet":"max-snippet:-1","max-image-preview":"max-image-preview:large","max-video-preview":"max-video-preview:-1"},"canonical":"https:\/\/agenciainfra.com\/blog\/pgr-rejeita-pedido-do-psol-e-mantem-avanco-dos-estudos-da-ferrograo\/","og_locale":"pt_BR","og_type":"article","og_title":"PGR rejeita pedido do Psol e mant\u00e9m avan\u00e7o dos estudos da Ferrogr\u00e3o","og_description":"da Ag\u00eancia iNFRA A PGR (Procuradoria-Geral da Rep\u00fablica) opinou pelo indeferimento&nbsp;dos pedidos do Psol (Partido Socialismo e Liberdade) para que o STF (Supremo Tribunal Federal) suspenda novamente os estudos para a constru\u00e7\u00e3o da ferrovia Ferrogr\u00e3o (EF-170), que ligar\u00e1 Sinop (MT) a Miritituba (PA). Para o procurador-geral da Rep\u00fablica, Paulo Gonet, o governo e a ANTT [&hellip;]","og_url":"https:\/\/agenciainfra.com\/blog\/pgr-rejeita-pedido-do-psol-e-mantem-avanco-dos-estudos-da-ferrograo\/","og_site_name":"Ag\u00eancia iNFRA","article_publisher":"https:\/\/www.facebook.com\/ageninfra","article_published_time":"2025-05-01T13:00:00+00:00","article_modified_time":"2025-05-02T00:49:25+00:00","og_image":[{"width":1201,"height":802,"url":"https:\/\/agenciainfra.com\/blog\/wp-content\/uploads\/2023\/06\/ferrograo-foto-governo-federal.jpg","type":"image\/jpeg"}],"author":"Ag\u00eancia iNFRA","twitter_card":"summary_large_image","twitter_creator":"@agencia_infra","twitter_site":"@agencia_infra","twitter_misc":{"Escrito por":"Ag\u00eancia iNFRA","Est. tempo de leitura":"2 minutos"},"schema":{"@context":"https:\/\/schema.org","@graph":[{"@type":"Article","@id":"https:\/\/agenciainfra.com\/blog\/pgr-rejeita-pedido-do-psol-e-mantem-avanco-dos-estudos-da-ferrograo\/#article","isPartOf":{"@id":"https:\/\/agenciainfra.com\/blog\/pgr-rejeita-pedido-do-psol-e-mantem-avanco-dos-estudos-da-ferrograo\/"},"author":{"name":"Ag\u00eancia iNFRA","@id":"https:\/\/agenciainfra.com\/blog\/#\/schema\/person\/34af08dff6adea4cb22b06612ba7acfa"},"headline":"PGR rejeita pedido do Psol e mant\u00e9m avan\u00e7o dos estudos da Ferrogr\u00e3o","datePublished":"2025-05-01T13:00:00+00:00","dateModified":"2025-05-02T00:49:25+00:00","mainEntityOfPage":{"@id":"https:\/\/agenciainfra.com\/blog\/pgr-rejeita-pedido-do-psol-e-mantem-avanco-dos-estudos-da-ferrograo\/"},"wordCount":381,"publisher":{"@id":"https:\/\/agenciainfra.com\/blog\/#organization"},"image":{"@id":"https:\/\/agenciainfra.com\/blog\/pgr-rejeita-pedido-do-psol-e-mantem-avanco-dos-estudos-da-ferrograo\/#primaryimage"},"thumbnailUrl":"https:\/\/agenciainfra.com\/blog\/wp-content\/uploads\/2023\/06\/ferrograo-foto-governo-federal-e1751540571155.jpg","keywords":["ANTT","constru\u00e7\u00e3o de ferrovias","estudos da ferrogr\u00e3o","Ferrogr\u00e3o","Ferrovias","leil\u00e3o da ferrogr\u00e3o","Parque Nacional do Jamanxim","PGR","PSOL"],"articleSection":["Destaque lista","Geral","iNFRATransporte"],"inLanguage":"pt-BR","copyrightYear":"2025","copyrightHolder":{"@id":"https:\/\/agenciainfra.com\/blog\/#organization"}},{"@type":"WebPage","@id":"https:\/\/agenciainfra.com\/blog\/pgr-rejeita-pedido-do-psol-e-mantem-avanco-dos-estudos-da-ferrograo\/","url":"https:\/\/agenciainfra.com\/blog\/pgr-rejeita-pedido-do-psol-e-mantem-avanco-dos-estudos-da-ferrograo\/","name":"PGR rejeita pedido do Psol e mant\u00e9m avan\u00e7o dos estudos da Ferrogr\u00e3o - Ag\u00eancia iNFRA","isPartOf":{"@id":"https:\/\/agenciainfra.com\/blog\/#website"},"primaryImageOfPage":{"@id":"https:\/\/agenciainfra.com\/blog\/pgr-rejeita-pedido-do-psol-e-mantem-avanco-dos-estudos-da-ferrograo\/#primaryimage"},"image":{"@id":"https:\/\/agenciainfra.com\/blog\/pgr-rejeita-pedido-do-psol-e-mantem-avanco-dos-estudos-da-ferrograo\/#primaryimage"},"thumbnailUrl":"https:\/\/agenciainfra.com\/blog\/wp-content\/uploads\/2023\/06\/ferrograo-foto-governo-federal-e1751540571155.jpg","datePublished":"2025-05-01T13:00:00+00:00","dateModified":"2025-05-02T00:49:25+00:00","breadcrumb":{"@id":"https:\/\/agenciainfra.com\/blog\/pgr-rejeita-pedido-do-psol-e-mantem-avanco-dos-estudos-da-ferrograo\/#breadcrumb"},"inLanguage":"pt-BR","potentialAction":[{"@type":"ReadAction","target":["https:\/\/agenciainfra.com\/blog\/pgr-rejeita-pedido-do-psol-e-mantem-avanco-dos-estudos-da-ferrograo\/"]}]},{"@type":"ImageObject","inLanguage":"pt-BR","@id":"https:\/\/agenciainfra.com\/blog\/pgr-rejeita-pedido-do-psol-e-mantem-avanco-dos-estudos-da-ferrograo\/#primaryimage","url":"https:\/\/agenciainfra.com\/blog\/wp-content\/uploads\/2023\/06\/ferrograo-foto-governo-federal-e1751540571155.jpg","contentUrl":"https:\/\/agenciainfra.com\/blog\/wp-content\/uploads\/2023\/06\/ferrograo-foto-governo-federal-e1751540571155.jpg","width":1200,"height":760,"caption":"Foto: Governo Federal"},{"@type":"BreadcrumbList","@id":"https:\/\/agenciainfra.com\/blog\/pgr-rejeita-pedido-do-psol-e-mantem-avanco-dos-estudos-da-ferrograo\/#breadcrumb","itemListElement":[{"@type":"ListItem","position":1,"name":"In\u00edcio","item":"https:\/\/agenciainfra.com\/blog\/"},{"@type":"ListItem","position":2,"name":"PGR rejeita pedido do Psol e mant\u00e9m avan\u00e7o dos estudos da Ferrogr\u00e3o"}]},{"@type":"WebSite","@id":"https:\/\/agenciainfra.com\/blog\/#website","url":"https:\/\/agenciainfra.com\/blog\/","name":"Ag\u00eancia iNFRA","description":"Multiplataforma de informa\u00e7\u00e3o jornal\u00edstica refer\u00eancia na \u00e1rea de infraestrutura no Brasil!","publisher":{"@id":"https:\/\/agenciainfra.com\/blog\/#organization"},"potentialAction":[{"@type":"SearchAction","target":{"@type":"EntryPoint","urlTemplate":"https:\/\/agenciainfra.com\/blog\/?s={search_term_string}"},"query-input":{"@type":"PropertyValueSpecification","valueRequired":true,"valueName":"search_term_string"}}],"inLanguage":"pt-BR"},{"@type":"Organization","@id":"https:\/\/agenciainfra.com\/blog\/#organization","name":"Ag\u00eancia iNFRA","url":"https:\/\/agenciainfra.com\/blog\/","logo":{"@type":"ImageObject","inLanguage":"pt-BR","@id":"https:\/\/agenciainfra.com\/blog\/#\/schema\/logo\/image\/","url":"https:\/\/agenciainfra.com\/blog\/wp-content\/uploads\/2023\/09\/iNFRA_5-e1761735885940.png","contentUrl":"https:\/\/agenciainfra.com\/blog\/wp-content\/uploads\/2023\/09\/iNFRA_5-e1761735885940.png","width":1672,"height":454,"caption":"Ag\u00eancia iNFRA"},"image":{"@id":"https:\/\/agenciainfra.com\/blog\/#\/schema\/logo\/image\/"},"sameAs":["https:\/\/www.facebook.com\/ageninfra","https:\/\/x.com\/agencia_infra","https:\/\/www.linkedin.com\/company\/ag\u00eanciainfra\/","https:\/\/www.instagram.com\/agenciainfra\/"]},{"@type":"Person","@id":"https:\/\/agenciainfra.com\/blog\/#\/schema\/person\/34af08dff6adea4cb22b06612ba7acfa","name":"Ag\u00eancia iNFRA","image":{"@type":"ImageObject","inLanguage":"pt-BR","@id":"https:\/\/agenciainfra.com\/blog\/#\/schema\/person\/image\/","url":"https:\/\/secure.gravatar.com\/avatar\/d189e01678f06d8eb84d4e01f08eb848b3fffe3f8443818d3c356c66892f5be8?s=96&d=mm&r=g","contentUrl":"https:\/\/secure.gravatar.com\/avatar\/d189e01678f06d8eb84d4e01f08eb848b3fffe3f8443818d3c356c66892f5be8?s=96&d=mm&r=g","caption":"Ag\u00eancia iNFRA"},"url":"https:\/\/agenciainfra.com\/blog\/author\/admin\/"}]}},"_links":{"self":[{"href":"https:\/\/agenciainfra.com\/blog\/wp-json\/wp\/v2\/posts\/21157","targetHints":{"allow":["GET"]}}],"collection":[{"href":"https:\/\/agenciainfra.com\/blog\/wp-json\/wp\/v2\/posts"}],"about":[{"href":"https:\/\/agenciainfra.com\/blog\/wp-json\/wp\/v2\/types\/post"}],"author":[{"embeddable":true,"href":"https:\/\/agenciainfra.com\/blog\/wp-json\/wp\/v2\/users\/1"}],"replies":[{"embeddable":true,"href":"https:\/\/agenciainfra.com\/blog\/wp-json\/wp\/v2\/comments?post=21157"}],"version-history":[{"count":1,"href":"https:\/\/agenciainfra.com\/blog\/wp-json\/wp\/v2\/posts\/21157\/revisions"}],"predecessor-version":[{"id":21158,"href":"https:\/\/agenciainfra.com\/blog\/wp-json\/wp\/v2\/posts\/21157\/revisions\/21158"}],"wp:featuredmedia":[{"embeddable":true,"href":"https:\/\/agenciainfra.com\/blog\/wp-json\/wp\/v2\/media\/12964"}],"wp:attachment":[{"href":"https:\/\/agenciainfra.com\/blog\/wp-json\/wp\/v2\/media?parent=21157"}],"wp:term":[{"taxonomy":"category","embeddable":true,"href":"https:\/\/agenciainfra.com\/blog\/wp-json\/wp\/v2\/categories?post=21157"},{"taxonomy":"post_tag","embeddable":true,"href":"https:\/\/agenciainfra.com\/blog\/wp-json\/wp\/v2\/tags?post=21157"}],"curies":[{"name":"wp","href":"https:\/\/api.w.org\/{rel}","templated":true}]}}