{"id":21182,"date":"2025-04-30T08:00:00","date_gmt":"2025-04-30T11:00:00","guid":{"rendered":"https:\/\/agenciainfra.com\/blog\/?p=21182"},"modified":"2025-04-30T15:40:50","modified_gmt":"2025-04-30T18:40:50","slug":"eletrobras-elege-novo-conselho-com-seis-nomes-da-administracao-e-tres-da-uniao","status":"publish","type":"post","link":"https:\/\/agenciainfra.com\/blog\/eletrobras-elege-novo-conselho-com-seis-nomes-da-administracao-e-tres-da-uniao\/","title":{"rendered":"Eletrobras elege novo conselho com seis nomes da administra\u00e7\u00e3o e tr\u00eas da Uni\u00e3o"},"content":{"rendered":"\n<p class=\"has-text-align-right\"><strong>Geraldo Campos Jr. e Lais Carregosa, da Ag\u00eancia iNFRA<\/strong><\/p>\n\n\n\n<p>Os acionistas da Eletrobras elegeram, nesta ter\u00e7a-feira (29), a nova composi\u00e7\u00e3o do Conselho de Administra\u00e7\u00e3o da companhia, que pela primeira vez ter\u00e1 dez membros. Para as sete vagas destinadas aos acionistas privados, a escolha foi feita por meio\u00a0de voto m\u00faltiplo. Seis deles foram indicados pela administra\u00e7\u00e3o para o Conselho da companhia. O banqueiro Jos\u00e9 Jo\u00e3o Abdalla Filho, que disputava a vaga por fora, tamb\u00e9m foi eleito.<\/p>\n\n\n\n<p>Foram eleitos em AGO (Assembleia Geral Ordin\u00e1ria) os seguintes indicados pela administra\u00e7\u00e3o: Vicente Falconi Campos, Ana Silvia Corso Matte, Felipe Villela Dias, Marisete Dadald Pereira e Carlos Marcio Ferreira. Falconi foi reconduzido como presidente do Conselho. Dos cinco nomes, apenas Carlos Ferreira n\u00e3o est\u00e1 no colegiado atualmente.<\/p>\n\n\n\n<p>O \u00fanico dos indicados da administra\u00e7\u00e3o da Eletrobras que ficou de fora foi Daniel Alves Ferreira. Para o lugar dele, saiu vencedor o nome de Abdalla, que n\u00e3o estava na proposta da administra\u00e7\u00e3o e foi indicado por fora por acionistas, ficando com a sexta vaga.&nbsp;<\/p>\n\n\n\n<p>Marcelo Gasparino e Afonso Henriques Moreira Santos, que tamb\u00e9m foram indicados por acionistas, n\u00e3o foram eleitos. Gasparino, assim como Abdalla, tinha recebido recomenda\u00e7\u00e3o de voto pela consultoria para investidores ISS (Institutional Shareholder Services).&nbsp;<\/p>\n\n\n\n<p>J\u00e1 para a s\u00e9tima vaga, destinada aos acionistas preferencialistas e com elei\u00e7\u00e3o em separado, foi eleito Pedro Batista, tamb\u00e9m indicado pela administra\u00e7\u00e3o para recondu\u00e7\u00e3o. Ele superou na vota\u00e7\u00e3o Rachel de Oliveira Maia, indicada por fora por acionistas.<\/p>\n\n\n\n<p>A elei\u00e7\u00e3o coloca fim a uma conturbada disputa que se desenrolou nas \u00faltimas semanas entre candidatos, com a administra\u00e7\u00e3o da Eletrobras defendendo sua lista recomendada diante da concorr\u00eancia paralela de nomes conhecidos no mercado, como o de Gasparino, que vinha fazendo uma intensa campanha no LinkedIn, com cr\u00edticas \u00e0 administra\u00e7\u00e3o, e chegou a receber tr\u00eas advert\u00eancias pelas publica\u00e7\u00f5es.<\/p>\n\n\n\n<p><strong>Nomes do governo<\/strong><br>Tr\u00eas das vagas no Conselho s\u00e3o de representantes do governo, eleitos ap\u00f3s aval dos acionistas para o acordo com a Uni\u00e3o, que encerrou a\u00e7\u00e3o movida no STF (Supremo Tribunal Federal). Os termos da autocomposi\u00e7\u00e3o foram aprovados pelos acionistas em assembleia extraordin\u00e1ria antes da elei\u00e7\u00e3o.<\/p>\n\n\n\n<p>Foram eleitos para as vagas destinadas \u00e0 Uni\u00e3o: Maur\u00edcio Tolmasquim, diretor da Petrobras; Silas Rondeau, presidente da ENBPar (Empresa Brasileira de Participa\u00e7\u00f5es em Energia Nuclear e Binacional); e Nelson Hubner, conselheiro da ENBPar.&nbsp;<\/p>\n\n\n\n<p>Os tr\u00eas nomes foram confirmados em vota\u00e7\u00e3o dos acionistas do governo na assembleia. Conforme o acordo com a Uni\u00e3o, somente o governo votou para os tr\u00eas assentos.<\/p>\n\n\n\n<p>Sobre a decis\u00e3o relativa \u00e0 amplia\u00e7\u00e3o das vagas da Uni\u00e3o no conselho,&nbsp;Silveira diz que esse foi apenas o primeiro passo para se fazer respeitado o direito dos eletricit\u00e1rios e da popula\u00e7\u00e3o brasileira na empresa.&nbsp;<\/p>\n\n\n\n<p>&#8220;Somos s\u00f3cios majorit\u00e1rios e garantimos a\u00e7\u00f5es firmes para que a empresa atenda interesses nacionais estrat\u00e9gicos, atrav\u00e9s de representantes da Uni\u00e3o na companhia.&#8221;<\/p>\n\n\n\n<p><strong>Conselho Fiscal<\/strong><br>Os acionistas tamb\u00e9m elegeram um novo Conselho Fiscal, para o qual o governo tamb\u00e9m conquistou o direito de indicar um integrante por meio&nbsp;do acordo. Nesta vaga, foi eleito o atual secret\u00e1rio de Apostas do Minist\u00e9rio da Fazenda, Regis Dudena.&nbsp;<\/p>\n\n\n\n<p>Ele foi indicado pela Uni\u00e3o como suplente do ex-ministro Guido Mantega, que desistiu de concorrer, e um novo nome n\u00e3o foi submetido pelo governo antes da assembleia.<\/p>\n","protected":false},"excerpt":{"rendered":"<p>Os acionistas da Eletrobras elegeram, nesta ter\u00e7a-feira (29), a nova composi\u00e7\u00e3o do Conselho de Administra\u00e7\u00e3o da companhia, que pela primeira vez ter\u00e1 dez membros. <\/p>\n","protected":false},"author":1,"featured_media":18282,"comment_status":"closed","ping_status":"closed","sticky":false,"template":"","format":"standard","meta":{"_monsterinsights_skip_tracking":false,"_monsterinsights_sitenote_active":false,"_monsterinsights_sitenote_note":"","_monsterinsights_sitenote_category":0,"footnotes":""},"categories":[9714,1,10],"tags":[12709,12908,13211,50,11594,12912,13132,13075],"class_list":["post-21182","post","type-post","status-publish","format-standard","has-post-thumbnail","hentry","category-destaque-menor","category-geral","category-infraenergia","tag-acordo-uniao-e-eletrobras","tag-conselho-da-eletrobras","tag-eleicao-na-eletrobras","tag-eletrobras","tag-geraldo-campos-jr","tag-indicacao-do-governo-a-eletrobras","tag-lais-carregosa","tag-marcelo-gasparino"],"yoast_head":"<!-- This site is optimized with the Yoast SEO Premium plugin v25.4 (Yoast SEO v26.0) - https:\/\/yoast.com\/wordpress\/plugins\/seo\/ -->\n<title>Eletrobras elege novo conselho com seis nomes da administra\u00e7\u00e3o e tr\u00eas da Uni\u00e3o - Ag\u00eancia iNFRA<\/title>\n<meta name=\"description\" content=\"Os acionistas da Eletrobras elegeram a nova composi\u00e7\u00e3o do Conselho de Administra\u00e7\u00e3o da companhia, que pela primeira vez ter\u00e1 dez membros.\" \/>\n<meta name=\"robots\" content=\"index, follow, max-snippet:-1, max-image-preview:large, max-video-preview:-1\" \/>\n<link rel=\"canonical\" href=\"https:\/\/agenciainfra.com\/blog\/eletrobras-elege-novo-conselho-com-seis-nomes-da-administracao-e-tres-da-uniao\/\" \/>\n<meta property=\"og:locale\" content=\"pt_BR\" \/>\n<meta property=\"og:type\" content=\"article\" \/>\n<meta property=\"og:title\" content=\"Eletrobras elege novo conselho com seis nomes da administra\u00e7\u00e3o e tr\u00eas da Uni\u00e3o\" \/>\n<meta property=\"og:description\" content=\"Os acionistas da Eletrobras elegeram a nova composi\u00e7\u00e3o do Conselho de Administra\u00e7\u00e3o da companhia, que pela primeira vez ter\u00e1 dez membros.\" \/>\n<meta property=\"og:url\" content=\"https:\/\/agenciainfra.com\/blog\/eletrobras-elege-novo-conselho-com-seis-nomes-da-administracao-e-tres-da-uniao\/\" \/>\n<meta property=\"og:site_name\" content=\"Ag\u00eancia iNFRA\" \/>\n<meta property=\"article:publisher\" content=\"https:\/\/www.facebook.com\/ageninfra\" \/>\n<meta property=\"article:published_time\" content=\"2025-04-30T11:00:00+00:00\" \/>\n<meta property=\"article:modified_time\" content=\"2025-04-30T18:40:50+00:00\" \/>\n<meta property=\"og:image\" content=\"https:\/\/agenciainfra.com\/blog\/wp-content\/uploads\/2024\/08\/eletrobras-foto-agencia-brasil-fernando-frazao.jpg\" \/>\n\t<meta property=\"og:image:width\" content=\"1202\" \/>\n\t<meta property=\"og:image:height\" content=\"801\" \/>\n\t<meta property=\"og:image:type\" content=\"image\/jpeg\" \/>\n<meta name=\"author\" content=\"Ag\u00eancia iNFRA\" \/>\n<meta name=\"twitter:card\" content=\"summary_large_image\" \/>\n<meta name=\"twitter:creator\" content=\"@agencia_infra\" \/>\n<meta name=\"twitter:site\" content=\"@agencia_infra\" \/>\n<meta name=\"twitter:label1\" content=\"Escrito por\" \/>\n\t<meta name=\"twitter:data1\" content=\"Ag\u00eancia iNFRA\" \/>\n\t<meta name=\"twitter:label2\" content=\"Est. tempo de leitura\" \/>\n\t<meta name=\"twitter:data2\" content=\"3 minutos\" \/>\n<script type=\"application\/ld+json\" class=\"yoast-schema-graph\">{\"@context\":\"https:\/\/schema.org\",\"@graph\":[{\"@type\":\"Article\",\"@id\":\"https:\/\/agenciainfra.com\/blog\/eletrobras-elege-novo-conselho-com-seis-nomes-da-administracao-e-tres-da-uniao\/#article\",\"isPartOf\":{\"@id\":\"https:\/\/agenciainfra.com\/blog\/eletrobras-elege-novo-conselho-com-seis-nomes-da-administracao-e-tres-da-uniao\/\"},\"author\":{\"name\":\"Ag\u00eancia iNFRA\",\"@id\":\"https:\/\/agenciainfra.com\/blog\/#\/schema\/person\/34af08dff6adea4cb22b06612ba7acfa\"},\"headline\":\"Eletrobras elege novo conselho com seis nomes da administra\u00e7\u00e3o e tr\u00eas da Uni\u00e3o\",\"datePublished\":\"2025-04-30T11:00:00+00:00\",\"dateModified\":\"2025-04-30T18:40:50+00:00\",\"mainEntityOfPage\":{\"@id\":\"https:\/\/agenciainfra.com\/blog\/eletrobras-elege-novo-conselho-com-seis-nomes-da-administracao-e-tres-da-uniao\/\"},\"wordCount\":611,\"publisher\":{\"@id\":\"https:\/\/agenciainfra.com\/blog\/#organization\"},\"image\":{\"@id\":\"https:\/\/agenciainfra.com\/blog\/eletrobras-elege-novo-conselho-com-seis-nomes-da-administracao-e-tres-da-uniao\/#primaryimage\"},\"thumbnailUrl\":\"https:\/\/agenciainfra.com\/blog\/wp-content\/uploads\/2024\/08\/eletrobras-foto-agencia-brasil-fernando-frazao.jpg\",\"keywords\":[\"acordo Uni\u00e3o e Eletrobras\",\"conselho da eletrobras\",\"elei\u00e7\u00e3o na Eletrobras\",\"Eletrobras\",\"Geraldo Campos Jr.\",\"Indica\u00e7\u00e3o do governo \u00e0 Eletrobras\",\"Lais Carregosa\",\"marcelo gasparino\"],\"articleSection\":[\"Destaque Menor\",\"Geral\",\"iNFRAEnergia\"],\"inLanguage\":\"pt-BR\",\"copyrightYear\":\"2025\",\"copyrightHolder\":{\"@id\":\"https:\/\/agenciainfra.com\/blog\/#organization\"}},{\"@type\":\"WebPage\",\"@id\":\"https:\/\/agenciainfra.com\/blog\/eletrobras-elege-novo-conselho-com-seis-nomes-da-administracao-e-tres-da-uniao\/\",\"url\":\"https:\/\/agenciainfra.com\/blog\/eletrobras-elege-novo-conselho-com-seis-nomes-da-administracao-e-tres-da-uniao\/\",\"name\":\"Eletrobras elege novo conselho com seis nomes da administra\u00e7\u00e3o e tr\u00eas da Uni\u00e3o - Ag\u00eancia iNFRA\",\"isPartOf\":{\"@id\":\"https:\/\/agenciainfra.com\/blog\/#website\"},\"primaryImageOfPage\":{\"@id\":\"https:\/\/agenciainfra.com\/blog\/eletrobras-elege-novo-conselho-com-seis-nomes-da-administracao-e-tres-da-uniao\/#primaryimage\"},\"image\":{\"@id\":\"https:\/\/agenciainfra.com\/blog\/eletrobras-elege-novo-conselho-com-seis-nomes-da-administracao-e-tres-da-uniao\/#primaryimage\"},\"thumbnailUrl\":\"https:\/\/agenciainfra.com\/blog\/wp-content\/uploads\/2024\/08\/eletrobras-foto-agencia-brasil-fernando-frazao.jpg\",\"datePublished\":\"2025-04-30T11:00:00+00:00\",\"dateModified\":\"2025-04-30T18:40:50+00:00\",\"description\":\"Os acionistas da Eletrobras elegeram a nova composi\u00e7\u00e3o do Conselho de Administra\u00e7\u00e3o da companhia, que pela primeira vez ter\u00e1 dez membros.\",\"breadcrumb\":{\"@id\":\"https:\/\/agenciainfra.com\/blog\/eletrobras-elege-novo-conselho-com-seis-nomes-da-administracao-e-tres-da-uniao\/#breadcrumb\"},\"inLanguage\":\"pt-BR\",\"potentialAction\":[{\"@type\":\"ReadAction\",\"target\":[\"https:\/\/agenciainfra.com\/blog\/eletrobras-elege-novo-conselho-com-seis-nomes-da-administracao-e-tres-da-uniao\/\"]}]},{\"@type\":\"ImageObject\",\"inLanguage\":\"pt-BR\",\"@id\":\"https:\/\/agenciainfra.com\/blog\/eletrobras-elege-novo-conselho-com-seis-nomes-da-administracao-e-tres-da-uniao\/#primaryimage\",\"url\":\"https:\/\/agenciainfra.com\/blog\/wp-content\/uploads\/2024\/08\/eletrobras-foto-agencia-brasil-fernando-frazao.jpg\",\"contentUrl\":\"https:\/\/agenciainfra.com\/blog\/wp-content\/uploads\/2024\/08\/eletrobras-foto-agencia-brasil-fernando-frazao.jpg\",\"width\":1202,\"height\":801},{\"@type\":\"BreadcrumbList\",\"@id\":\"https:\/\/agenciainfra.com\/blog\/eletrobras-elege-novo-conselho-com-seis-nomes-da-administracao-e-tres-da-uniao\/#breadcrumb\",\"itemListElement\":[{\"@type\":\"ListItem\",\"position\":1,\"name\":\"In\u00edcio\",\"item\":\"https:\/\/agenciainfra.com\/blog\/\"},{\"@type\":\"ListItem\",\"position\":2,\"name\":\"Eletrobras elege novo conselho com seis nomes da administra\u00e7\u00e3o e tr\u00eas da Uni\u00e3o\"}]},{\"@type\":\"WebSite\",\"@id\":\"https:\/\/agenciainfra.com\/blog\/#website\",\"url\":\"https:\/\/agenciainfra.com\/blog\/\",\"name\":\"Ag\u00eancia iNFRA\",\"description\":\"Multiplataforma de informa\u00e7\u00e3o jornal\u00edstica refer\u00eancia na \u00e1rea de infraestrutura no Brasil!\",\"publisher\":{\"@id\":\"https:\/\/agenciainfra.com\/blog\/#organization\"},\"potentialAction\":[{\"@type\":\"SearchAction\",\"target\":{\"@type\":\"EntryPoint\",\"urlTemplate\":\"https:\/\/agenciainfra.com\/blog\/?s={search_term_string}\"},\"query-input\":{\"@type\":\"PropertyValueSpecification\",\"valueRequired\":true,\"valueName\":\"search_term_string\"}}],\"inLanguage\":\"pt-BR\"},{\"@type\":\"Organization\",\"@id\":\"https:\/\/agenciainfra.com\/blog\/#organization\",\"name\":\"Ag\u00eancia iNFRA\",\"url\":\"https:\/\/agenciainfra.com\/blog\/\",\"logo\":{\"@type\":\"ImageObject\",\"inLanguage\":\"pt-BR\",\"@id\":\"https:\/\/agenciainfra.com\/blog\/#\/schema\/logo\/image\/\",\"url\":\"https:\/\/agenciainfra.com\/blog\/wp-content\/uploads\/2023\/09\/iNFRA_5-e1761735885940.png\",\"contentUrl\":\"https:\/\/agenciainfra.com\/blog\/wp-content\/uploads\/2023\/09\/iNFRA_5-e1761735885940.png\",\"width\":1672,\"height\":454,\"caption\":\"Ag\u00eancia iNFRA\"},\"image\":{\"@id\":\"https:\/\/agenciainfra.com\/blog\/#\/schema\/logo\/image\/\"},\"sameAs\":[\"https:\/\/www.facebook.com\/ageninfra\",\"https:\/\/x.com\/agencia_infra\",\"https:\/\/www.linkedin.com\/company\/ag\u00eanciainfra\/\",\"https:\/\/www.instagram.com\/agenciainfra\/\"]},{\"@type\":\"Person\",\"@id\":\"https:\/\/agenciainfra.com\/blog\/#\/schema\/person\/34af08dff6adea4cb22b06612ba7acfa\",\"name\":\"Ag\u00eancia iNFRA\",\"image\":{\"@type\":\"ImageObject\",\"inLanguage\":\"pt-BR\",\"@id\":\"https:\/\/agenciainfra.com\/blog\/#\/schema\/person\/image\/\",\"url\":\"https:\/\/secure.gravatar.com\/avatar\/d189e01678f06d8eb84d4e01f08eb848b3fffe3f8443818d3c356c66892f5be8?s=96&d=mm&r=g\",\"contentUrl\":\"https:\/\/secure.gravatar.com\/avatar\/d189e01678f06d8eb84d4e01f08eb848b3fffe3f8443818d3c356c66892f5be8?s=96&d=mm&r=g\",\"caption\":\"Ag\u00eancia iNFRA\"},\"url\":\"https:\/\/agenciainfra.com\/blog\/author\/admin\/\"}]}<\/script>\n<!-- \/ Yoast SEO Premium plugin. -->","yoast_head_json":{"title":"Eletrobras elege novo conselho com seis nomes da administra\u00e7\u00e3o e tr\u00eas da Uni\u00e3o - Ag\u00eancia iNFRA","description":"Os acionistas da Eletrobras elegeram a nova composi\u00e7\u00e3o do Conselho de Administra\u00e7\u00e3o da companhia, que pela primeira vez ter\u00e1 dez membros.","robots":{"index":"index","follow":"follow","max-snippet":"max-snippet:-1","max-image-preview":"max-image-preview:large","max-video-preview":"max-video-preview:-1"},"canonical":"https:\/\/agenciainfra.com\/blog\/eletrobras-elege-novo-conselho-com-seis-nomes-da-administracao-e-tres-da-uniao\/","og_locale":"pt_BR","og_type":"article","og_title":"Eletrobras elege novo conselho com seis nomes da administra\u00e7\u00e3o e tr\u00eas da Uni\u00e3o","og_description":"Os acionistas da Eletrobras elegeram a nova composi\u00e7\u00e3o do Conselho de Administra\u00e7\u00e3o da companhia, que pela primeira vez ter\u00e1 dez membros.","og_url":"https:\/\/agenciainfra.com\/blog\/eletrobras-elege-novo-conselho-com-seis-nomes-da-administracao-e-tres-da-uniao\/","og_site_name":"Ag\u00eancia iNFRA","article_publisher":"https:\/\/www.facebook.com\/ageninfra","article_published_time":"2025-04-30T11:00:00+00:00","article_modified_time":"2025-04-30T18:40:50+00:00","og_image":[{"width":1202,"height":801,"url":"https:\/\/agenciainfra.com\/blog\/wp-content\/uploads\/2024\/08\/eletrobras-foto-agencia-brasil-fernando-frazao.jpg","type":"image\/jpeg"}],"author":"Ag\u00eancia iNFRA","twitter_card":"summary_large_image","twitter_creator":"@agencia_infra","twitter_site":"@agencia_infra","twitter_misc":{"Escrito por":"Ag\u00eancia iNFRA","Est. tempo de leitura":"3 minutos"},"schema":{"@context":"https:\/\/schema.org","@graph":[{"@type":"Article","@id":"https:\/\/agenciainfra.com\/blog\/eletrobras-elege-novo-conselho-com-seis-nomes-da-administracao-e-tres-da-uniao\/#article","isPartOf":{"@id":"https:\/\/agenciainfra.com\/blog\/eletrobras-elege-novo-conselho-com-seis-nomes-da-administracao-e-tres-da-uniao\/"},"author":{"name":"Ag\u00eancia iNFRA","@id":"https:\/\/agenciainfra.com\/blog\/#\/schema\/person\/34af08dff6adea4cb22b06612ba7acfa"},"headline":"Eletrobras elege novo conselho com seis nomes da administra\u00e7\u00e3o e tr\u00eas da Uni\u00e3o","datePublished":"2025-04-30T11:00:00+00:00","dateModified":"2025-04-30T18:40:50+00:00","mainEntityOfPage":{"@id":"https:\/\/agenciainfra.com\/blog\/eletrobras-elege-novo-conselho-com-seis-nomes-da-administracao-e-tres-da-uniao\/"},"wordCount":611,"publisher":{"@id":"https:\/\/agenciainfra.com\/blog\/#organization"},"image":{"@id":"https:\/\/agenciainfra.com\/blog\/eletrobras-elege-novo-conselho-com-seis-nomes-da-administracao-e-tres-da-uniao\/#primaryimage"},"thumbnailUrl":"https:\/\/agenciainfra.com\/blog\/wp-content\/uploads\/2024\/08\/eletrobras-foto-agencia-brasil-fernando-frazao.jpg","keywords":["acordo Uni\u00e3o e Eletrobras","conselho da eletrobras","elei\u00e7\u00e3o na Eletrobras","Eletrobras","Geraldo Campos Jr.","Indica\u00e7\u00e3o do governo \u00e0 Eletrobras","Lais Carregosa","marcelo gasparino"],"articleSection":["Destaque Menor","Geral","iNFRAEnergia"],"inLanguage":"pt-BR","copyrightYear":"2025","copyrightHolder":{"@id":"https:\/\/agenciainfra.com\/blog\/#organization"}},{"@type":"WebPage","@id":"https:\/\/agenciainfra.com\/blog\/eletrobras-elege-novo-conselho-com-seis-nomes-da-administracao-e-tres-da-uniao\/","url":"https:\/\/agenciainfra.com\/blog\/eletrobras-elege-novo-conselho-com-seis-nomes-da-administracao-e-tres-da-uniao\/","name":"Eletrobras elege novo conselho com seis nomes da administra\u00e7\u00e3o e tr\u00eas da Uni\u00e3o - Ag\u00eancia iNFRA","isPartOf":{"@id":"https:\/\/agenciainfra.com\/blog\/#website"},"primaryImageOfPage":{"@id":"https:\/\/agenciainfra.com\/blog\/eletrobras-elege-novo-conselho-com-seis-nomes-da-administracao-e-tres-da-uniao\/#primaryimage"},"image":{"@id":"https:\/\/agenciainfra.com\/blog\/eletrobras-elege-novo-conselho-com-seis-nomes-da-administracao-e-tres-da-uniao\/#primaryimage"},"thumbnailUrl":"https:\/\/agenciainfra.com\/blog\/wp-content\/uploads\/2024\/08\/eletrobras-foto-agencia-brasil-fernando-frazao.jpg","datePublished":"2025-04-30T11:00:00+00:00","dateModified":"2025-04-30T18:40:50+00:00","description":"Os acionistas da Eletrobras elegeram a nova composi\u00e7\u00e3o do Conselho de Administra\u00e7\u00e3o da companhia, que pela primeira vez ter\u00e1 dez membros.","breadcrumb":{"@id":"https:\/\/agenciainfra.com\/blog\/eletrobras-elege-novo-conselho-com-seis-nomes-da-administracao-e-tres-da-uniao\/#breadcrumb"},"inLanguage":"pt-BR","potentialAction":[{"@type":"ReadAction","target":["https:\/\/agenciainfra.com\/blog\/eletrobras-elege-novo-conselho-com-seis-nomes-da-administracao-e-tres-da-uniao\/"]}]},{"@type":"ImageObject","inLanguage":"pt-BR","@id":"https:\/\/agenciainfra.com\/blog\/eletrobras-elege-novo-conselho-com-seis-nomes-da-administracao-e-tres-da-uniao\/#primaryimage","url":"https:\/\/agenciainfra.com\/blog\/wp-content\/uploads\/2024\/08\/eletrobras-foto-agencia-brasil-fernando-frazao.jpg","contentUrl":"https:\/\/agenciainfra.com\/blog\/wp-content\/uploads\/2024\/08\/eletrobras-foto-agencia-brasil-fernando-frazao.jpg","width":1202,"height":801},{"@type":"BreadcrumbList","@id":"https:\/\/agenciainfra.com\/blog\/eletrobras-elege-novo-conselho-com-seis-nomes-da-administracao-e-tres-da-uniao\/#breadcrumb","itemListElement":[{"@type":"ListItem","position":1,"name":"In\u00edcio","item":"https:\/\/agenciainfra.com\/blog\/"},{"@type":"ListItem","position":2,"name":"Eletrobras elege novo conselho com seis nomes da administra\u00e7\u00e3o e tr\u00eas da Uni\u00e3o"}]},{"@type":"WebSite","@id":"https:\/\/agenciainfra.com\/blog\/#website","url":"https:\/\/agenciainfra.com\/blog\/","name":"Ag\u00eancia iNFRA","description":"Multiplataforma de informa\u00e7\u00e3o jornal\u00edstica refer\u00eancia na \u00e1rea de infraestrutura no Brasil!","publisher":{"@id":"https:\/\/agenciainfra.com\/blog\/#organization"},"potentialAction":[{"@type":"SearchAction","target":{"@type":"EntryPoint","urlTemplate":"https:\/\/agenciainfra.com\/blog\/?s={search_term_string}"},"query-input":{"@type":"PropertyValueSpecification","valueRequired":true,"valueName":"search_term_string"}}],"inLanguage":"pt-BR"},{"@type":"Organization","@id":"https:\/\/agenciainfra.com\/blog\/#organization","name":"Ag\u00eancia iNFRA","url":"https:\/\/agenciainfra.com\/blog\/","logo":{"@type":"ImageObject","inLanguage":"pt-BR","@id":"https:\/\/agenciainfra.com\/blog\/#\/schema\/logo\/image\/","url":"https:\/\/agenciainfra.com\/blog\/wp-content\/uploads\/2023\/09\/iNFRA_5-e1761735885940.png","contentUrl":"https:\/\/agenciainfra.com\/blog\/wp-content\/uploads\/2023\/09\/iNFRA_5-e1761735885940.png","width":1672,"height":454,"caption":"Ag\u00eancia iNFRA"},"image":{"@id":"https:\/\/agenciainfra.com\/blog\/#\/schema\/logo\/image\/"},"sameAs":["https:\/\/www.facebook.com\/ageninfra","https:\/\/x.com\/agencia_infra","https:\/\/www.linkedin.com\/company\/ag\u00eanciainfra\/","https:\/\/www.instagram.com\/agenciainfra\/"]},{"@type":"Person","@id":"https:\/\/agenciainfra.com\/blog\/#\/schema\/person\/34af08dff6adea4cb22b06612ba7acfa","name":"Ag\u00eancia iNFRA","image":{"@type":"ImageObject","inLanguage":"pt-BR","@id":"https:\/\/agenciainfra.com\/blog\/#\/schema\/person\/image\/","url":"https:\/\/secure.gravatar.com\/avatar\/d189e01678f06d8eb84d4e01f08eb848b3fffe3f8443818d3c356c66892f5be8?s=96&d=mm&r=g","contentUrl":"https:\/\/secure.gravatar.com\/avatar\/d189e01678f06d8eb84d4e01f08eb848b3fffe3f8443818d3c356c66892f5be8?s=96&d=mm&r=g","caption":"Ag\u00eancia iNFRA"},"url":"https:\/\/agenciainfra.com\/blog\/author\/admin\/"}]}},"_links":{"self":[{"href":"https:\/\/agenciainfra.com\/blog\/wp-json\/wp\/v2\/posts\/21182","targetHints":{"allow":["GET"]}}],"collection":[{"href":"https:\/\/agenciainfra.com\/blog\/wp-json\/wp\/v2\/posts"}],"about":[{"href":"https:\/\/agenciainfra.com\/blog\/wp-json\/wp\/v2\/types\/post"}],"author":[{"embeddable":true,"href":"https:\/\/agenciainfra.com\/blog\/wp-json\/wp\/v2\/users\/1"}],"replies":[{"embeddable":true,"href":"https:\/\/agenciainfra.com\/blog\/wp-json\/wp\/v2\/comments?post=21182"}],"version-history":[{"count":1,"href":"https:\/\/agenciainfra.com\/blog\/wp-json\/wp\/v2\/posts\/21182\/revisions"}],"predecessor-version":[{"id":21183,"href":"https:\/\/agenciainfra.com\/blog\/wp-json\/wp\/v2\/posts\/21182\/revisions\/21183"}],"wp:featuredmedia":[{"embeddable":true,"href":"https:\/\/agenciainfra.com\/blog\/wp-json\/wp\/v2\/media\/18282"}],"wp:attachment":[{"href":"https:\/\/agenciainfra.com\/blog\/wp-json\/wp\/v2\/media?parent=21182"}],"wp:term":[{"taxonomy":"category","embeddable":true,"href":"https:\/\/agenciainfra.com\/blog\/wp-json\/wp\/v2\/categories?post=21182"},{"taxonomy":"post_tag","embeddable":true,"href":"https:\/\/agenciainfra.com\/blog\/wp-json\/wp\/v2\/tags?post=21182"}],"curies":[{"name":"wp","href":"https:\/\/api.w.org\/{rel}","templated":true}]}}