{"id":21190,"date":"2025-05-03T10:00:00","date_gmt":"2025-05-03T13:00:00","guid":{"rendered":"https:\/\/agenciainfra.com\/blog\/?p=21190"},"modified":"2025-05-05T10:34:02","modified_gmt":"2025-05-05T13:34:02","slug":"leilao-da-hidrovia-brasil-uruguai-depende-da-contratacao-de-dragagem-afirma-dino-antunes","status":"publish","type":"post","link":"https:\/\/agenciainfra.com\/blog\/leilao-da-hidrovia-brasil-uruguai-depende-da-contratacao-de-dragagem-afirma-dino-antunes\/","title":{"rendered":"Leil\u00e3o da Hidrovia Brasil-Uruguai depende da contrata\u00e7\u00e3o de dragagem, afirma Dino Antunes"},"content":{"rendered":"\n<p class=\"has-text-align-right\"><strong>da Ag\u00eancia iNFRA<\/strong><\/p>\n\n\n\n<p>O secret\u00e1rio nacional de Hidrovias,\u00a0Dino Antunes, afirmou que o leil\u00e3o da hidrovia Brasil-Uruguai est\u00e1 previsto para\u00a02026, mas s\u00f3 ocorrer\u00e1 ap\u00f3s a contrata\u00e7\u00e3o dos servi\u00e7os de dragagem da\u00a0Lagoa Mirim\u00a0e da\u00a0Lagoa dos Patos, no Rio Grande do Sul, afetadas pelas chuvas que ocorreram no estado em 2023.<br><br>\u201cN\u00e3o podemos dar sequ\u00eancia ao processo de concess\u00e3o [da hidrovia] antes de finalizar a contrata\u00e7\u00e3o da dragagem\u201d, explicou Antunes durante sua participa\u00e7\u00e3o no\u00a0F\u00f3rum Sul Export, na \u00faltima ter\u00e7a-feira (29), em\u00a0Porto Alegre.<br><br>Atualmente, o projeto est\u00e1 em fase de\u00a0tomada de subs\u00eddios. O secret\u00e1rio destacou que, ap\u00f3s essa etapa, ser\u00e1 necess\u00e1rio ajustar o planejamento:\u00a0\u201cA adapta\u00e7\u00e3o do projeto para aproveitar ao m\u00e1ximo as caracter\u00edsticas da pr\u00f3pria hidrovia j\u00e1 est\u00e1 sendo feita pelas equipes. Isso pode aumentar a efetividade econ\u00f4mica da concess\u00e3o, garantindo um uso mais adequado do canal de navega\u00e7\u00e3o\u201d.<br><br>O processo de tomada de subs\u00eddios foi iniciado pelo\u00a0governo federal em fevereiro\u00a0e ocorre em paralelo com a dragagem, coordenada pelo\u00a0DNIT\u00a0(Departamento Nacional de Infraestrutura de Transportes).\u00a0\u201cO DNIT havia contratado a obra, mas as enchentes de maio do ano passado inviabilizaram o contrato. As equipes precisaram refazer todo o processo, incluindo novos estudos, para viabilizar a nova dragagem\u201d, completou Antunes.<\/p>\n","protected":false},"excerpt":{"rendered":"<p>da Ag\u00eancia iNFRA O secret\u00e1rio nacional de Hidrovias,\u00a0Dino Antunes, afirmou que o leil\u00e3o da hidrovia Brasil-Uruguai est\u00e1 previsto para\u00a02026, mas s\u00f3 ocorrer\u00e1 ap\u00f3s a contrata\u00e7\u00e3o dos servi\u00e7os de dragagem da\u00a0Lagoa Mirim\u00a0e da\u00a0Lagoa dos Patos, no Rio Grande do Sul, afetadas pelas chuvas que ocorreram no estado em 2023. \u201cN\u00e3o podemos dar sequ\u00eancia ao processo de [&hellip;]<\/p>\n","protected":false},"author":1,"featured_media":17138,"comment_status":"closed","ping_status":"closed","sticky":false,"template":"","format":"standard","meta":{"_monsterinsights_skip_tracking":false,"_monsterinsights_sitenote_active":false,"_monsterinsights_sitenote_note":"","_monsterinsights_sitenote_category":0,"footnotes":""},"categories":[7250,1,7],"tags":[13216,1145,328,3082,13213,355,13215,7904,13214,106,13217],"class_list":["post-21190","post","type-post","status-publish","format-standard","has-post-thumbnail","hentry","category-destaque-lista","category-geral","category-infratransporte","tag-contratacao-de-dragagem","tag-dino-antunes","tag-dnit","tag-dragagem-2","tag-hidrovia-brasil-uruguai","tag-hidrovias","tag-lagoa-dos-patos","tag-lagoa-mirim","tag-leilao-de-hidrovia","tag-navegacao","tag-sul-expost"],"yoast_head":"<!-- This site is optimized with the Yoast SEO Premium plugin v25.4 (Yoast SEO v26.0) - https:\/\/yoast.com\/wordpress\/plugins\/seo\/ -->\n<title>Leil\u00e3o da Hidrovia Brasil-Uruguai depende da contrata\u00e7\u00e3o de dragagem, afirma Dino Antunes - Ag\u00eancia iNFRA<\/title>\n<meta name=\"robots\" content=\"index, follow, max-snippet:-1, max-image-preview:large, max-video-preview:-1\" \/>\n<link rel=\"canonical\" href=\"https:\/\/agenciainfra.com\/blog\/leilao-da-hidrovia-brasil-uruguai-depende-da-contratacao-de-dragagem-afirma-dino-antunes\/\" \/>\n<meta property=\"og:locale\" content=\"pt_BR\" \/>\n<meta property=\"og:type\" content=\"article\" \/>\n<meta property=\"og:title\" content=\"Leil\u00e3o da Hidrovia Brasil-Uruguai depende da contrata\u00e7\u00e3o de dragagem, afirma Dino Antunes\" \/>\n<meta property=\"og:description\" content=\"da Ag\u00eancia iNFRA O secret\u00e1rio nacional de Hidrovias,\u00a0Dino Antunes, afirmou que o leil\u00e3o da hidrovia Brasil-Uruguai est\u00e1 previsto para\u00a02026, mas s\u00f3 ocorrer\u00e1 ap\u00f3s a contrata\u00e7\u00e3o dos servi\u00e7os de dragagem da\u00a0Lagoa Mirim\u00a0e da\u00a0Lagoa dos Patos, no Rio Grande do Sul, afetadas pelas chuvas que ocorreram no estado em 2023. \u201cN\u00e3o podemos dar sequ\u00eancia ao processo de [&hellip;]\" \/>\n<meta property=\"og:url\" content=\"https:\/\/agenciainfra.com\/blog\/leilao-da-hidrovia-brasil-uruguai-depende-da-contratacao-de-dragagem-afirma-dino-antunes\/\" \/>\n<meta property=\"og:site_name\" content=\"Ag\u00eancia iNFRA\" \/>\n<meta property=\"article:publisher\" content=\"https:\/\/www.facebook.com\/ageninfra\" \/>\n<meta property=\"article:published_time\" content=\"2025-05-03T13:00:00+00:00\" \/>\n<meta property=\"article:modified_time\" content=\"2025-05-05T13:34:02+00:00\" \/>\n<meta property=\"og:image\" content=\"https:\/\/agenciainfra.com\/blog\/wp-content\/uploads\/2024\/06\/dino-antunes-foto-camara-dos-deputados-vinicius-loures.jpg\" \/>\n\t<meta property=\"og:image:width\" content=\"1202\" \/>\n\t<meta property=\"og:image:height\" content=\"741\" \/>\n\t<meta property=\"og:image:type\" content=\"image\/jpeg\" \/>\n<meta name=\"author\" content=\"Ag\u00eancia iNFRA\" \/>\n<meta name=\"twitter:card\" content=\"summary_large_image\" \/>\n<meta name=\"twitter:creator\" content=\"@agencia_infra\" \/>\n<meta name=\"twitter:site\" content=\"@agencia_infra\" \/>\n<meta name=\"twitter:label1\" content=\"Escrito por\" \/>\n\t<meta name=\"twitter:data1\" content=\"Ag\u00eancia iNFRA\" \/>\n\t<meta name=\"twitter:label2\" content=\"Est. tempo de leitura\" \/>\n\t<meta name=\"twitter:data2\" content=\"1 minuto\" \/>\n<script type=\"application\/ld+json\" class=\"yoast-schema-graph\">{\"@context\":\"https:\/\/schema.org\",\"@graph\":[{\"@type\":\"Article\",\"@id\":\"https:\/\/agenciainfra.com\/blog\/leilao-da-hidrovia-brasil-uruguai-depende-da-contratacao-de-dragagem-afirma-dino-antunes\/#article\",\"isPartOf\":{\"@id\":\"https:\/\/agenciainfra.com\/blog\/leilao-da-hidrovia-brasil-uruguai-depende-da-contratacao-de-dragagem-afirma-dino-antunes\/\"},\"author\":{\"name\":\"Ag\u00eancia iNFRA\",\"@id\":\"https:\/\/agenciainfra.com\/blog\/#\/schema\/person\/34af08dff6adea4cb22b06612ba7acfa\"},\"headline\":\"Leil\u00e3o da Hidrovia Brasil-Uruguai depende da contrata\u00e7\u00e3o de dragagem, afirma Dino Antunes\",\"datePublished\":\"2025-05-03T13:00:00+00:00\",\"dateModified\":\"2025-05-05T13:34:02+00:00\",\"mainEntityOfPage\":{\"@id\":\"https:\/\/agenciainfra.com\/blog\/leilao-da-hidrovia-brasil-uruguai-depende-da-contratacao-de-dragagem-afirma-dino-antunes\/\"},\"wordCount\":243,\"publisher\":{\"@id\":\"https:\/\/agenciainfra.com\/blog\/#organization\"},\"image\":{\"@id\":\"https:\/\/agenciainfra.com\/blog\/leilao-da-hidrovia-brasil-uruguai-depende-da-contratacao-de-dragagem-afirma-dino-antunes\/#primaryimage\"},\"thumbnailUrl\":\"https:\/\/agenciainfra.com\/blog\/wp-content\/uploads\/2024\/06\/dino-antunes-foto-camara-dos-deputados-vinicius-loures.jpg\",\"keywords\":[\"contrata\u00e7\u00e3o de dragagem\",\"Dino Antunes\",\"DNIT\",\"dragagem\",\"Hidrovia Brasil-Uruguai\",\"hidrovias\",\"lagoa dos patos\",\"Lagoa mirim\",\"leil\u00e3o de hidrovia\",\"Navega\u00e7\u00e3o\",\"sul expost\"],\"articleSection\":[\"Destaque lista\",\"Geral\",\"iNFRATransporte\"],\"inLanguage\":\"pt-BR\",\"copyrightYear\":\"2025\",\"copyrightHolder\":{\"@id\":\"https:\/\/agenciainfra.com\/blog\/#organization\"}},{\"@type\":\"WebPage\",\"@id\":\"https:\/\/agenciainfra.com\/blog\/leilao-da-hidrovia-brasil-uruguai-depende-da-contratacao-de-dragagem-afirma-dino-antunes\/\",\"url\":\"https:\/\/agenciainfra.com\/blog\/leilao-da-hidrovia-brasil-uruguai-depende-da-contratacao-de-dragagem-afirma-dino-antunes\/\",\"name\":\"Leil\u00e3o da Hidrovia Brasil-Uruguai depende da contrata\u00e7\u00e3o de dragagem, afirma Dino Antunes - Ag\u00eancia iNFRA\",\"isPartOf\":{\"@id\":\"https:\/\/agenciainfra.com\/blog\/#website\"},\"primaryImageOfPage\":{\"@id\":\"https:\/\/agenciainfra.com\/blog\/leilao-da-hidrovia-brasil-uruguai-depende-da-contratacao-de-dragagem-afirma-dino-antunes\/#primaryimage\"},\"image\":{\"@id\":\"https:\/\/agenciainfra.com\/blog\/leilao-da-hidrovia-brasil-uruguai-depende-da-contratacao-de-dragagem-afirma-dino-antunes\/#primaryimage\"},\"thumbnailUrl\":\"https:\/\/agenciainfra.com\/blog\/wp-content\/uploads\/2024\/06\/dino-antunes-foto-camara-dos-deputados-vinicius-loures.jpg\",\"datePublished\":\"2025-05-03T13:00:00+00:00\",\"dateModified\":\"2025-05-05T13:34:02+00:00\",\"breadcrumb\":{\"@id\":\"https:\/\/agenciainfra.com\/blog\/leilao-da-hidrovia-brasil-uruguai-depende-da-contratacao-de-dragagem-afirma-dino-antunes\/#breadcrumb\"},\"inLanguage\":\"pt-BR\",\"potentialAction\":[{\"@type\":\"ReadAction\",\"target\":[\"https:\/\/agenciainfra.com\/blog\/leilao-da-hidrovia-brasil-uruguai-depende-da-contratacao-de-dragagem-afirma-dino-antunes\/\"]}]},{\"@type\":\"ImageObject\",\"inLanguage\":\"pt-BR\",\"@id\":\"https:\/\/agenciainfra.com\/blog\/leilao-da-hidrovia-brasil-uruguai-depende-da-contratacao-de-dragagem-afirma-dino-antunes\/#primaryimage\",\"url\":\"https:\/\/agenciainfra.com\/blog\/wp-content\/uploads\/2024\/06\/dino-antunes-foto-camara-dos-deputados-vinicius-loures.jpg\",\"contentUrl\":\"https:\/\/agenciainfra.com\/blog\/wp-content\/uploads\/2024\/06\/dino-antunes-foto-camara-dos-deputados-vinicius-loures.jpg\",\"width\":1202,\"height\":741,\"caption\":\"Foto: Vinicius Loures\/C\u00e2mara dos Deputados\"},{\"@type\":\"BreadcrumbList\",\"@id\":\"https:\/\/agenciainfra.com\/blog\/leilao-da-hidrovia-brasil-uruguai-depende-da-contratacao-de-dragagem-afirma-dino-antunes\/#breadcrumb\",\"itemListElement\":[{\"@type\":\"ListItem\",\"position\":1,\"name\":\"In\u00edcio\",\"item\":\"https:\/\/agenciainfra.com\/blog\/\"},{\"@type\":\"ListItem\",\"position\":2,\"name\":\"Leil\u00e3o da Hidrovia Brasil-Uruguai depende da contrata\u00e7\u00e3o de dragagem, afirma Dino Antunes\"}]},{\"@type\":\"WebSite\",\"@id\":\"https:\/\/agenciainfra.com\/blog\/#website\",\"url\":\"https:\/\/agenciainfra.com\/blog\/\",\"name\":\"Ag\u00eancia iNFRA\",\"description\":\"Multiplataforma de informa\u00e7\u00e3o jornal\u00edstica refer\u00eancia na \u00e1rea de infraestrutura no Brasil!\",\"publisher\":{\"@id\":\"https:\/\/agenciainfra.com\/blog\/#organization\"},\"potentialAction\":[{\"@type\":\"SearchAction\",\"target\":{\"@type\":\"EntryPoint\",\"urlTemplate\":\"https:\/\/agenciainfra.com\/blog\/?s={search_term_string}\"},\"query-input\":{\"@type\":\"PropertyValueSpecification\",\"valueRequired\":true,\"valueName\":\"search_term_string\"}}],\"inLanguage\":\"pt-BR\"},{\"@type\":\"Organization\",\"@id\":\"https:\/\/agenciainfra.com\/blog\/#organization\",\"name\":\"Ag\u00eancia iNFRA\",\"url\":\"https:\/\/agenciainfra.com\/blog\/\",\"logo\":{\"@type\":\"ImageObject\",\"inLanguage\":\"pt-BR\",\"@id\":\"https:\/\/agenciainfra.com\/blog\/#\/schema\/logo\/image\/\",\"url\":\"https:\/\/agenciainfra.com\/blog\/wp-content\/uploads\/2023\/09\/iNFRA_5-e1761735885940.png\",\"contentUrl\":\"https:\/\/agenciainfra.com\/blog\/wp-content\/uploads\/2023\/09\/iNFRA_5-e1761735885940.png\",\"width\":1672,\"height\":454,\"caption\":\"Ag\u00eancia iNFRA\"},\"image\":{\"@id\":\"https:\/\/agenciainfra.com\/blog\/#\/schema\/logo\/image\/\"},\"sameAs\":[\"https:\/\/www.facebook.com\/ageninfra\",\"https:\/\/x.com\/agencia_infra\",\"https:\/\/www.linkedin.com\/company\/ag\u00eanciainfra\/\",\"https:\/\/www.instagram.com\/agenciainfra\/\"]},{\"@type\":\"Person\",\"@id\":\"https:\/\/agenciainfra.com\/blog\/#\/schema\/person\/34af08dff6adea4cb22b06612ba7acfa\",\"name\":\"Ag\u00eancia iNFRA\",\"image\":{\"@type\":\"ImageObject\",\"inLanguage\":\"pt-BR\",\"@id\":\"https:\/\/agenciainfra.com\/blog\/#\/schema\/person\/image\/\",\"url\":\"https:\/\/secure.gravatar.com\/avatar\/d189e01678f06d8eb84d4e01f08eb848b3fffe3f8443818d3c356c66892f5be8?s=96&d=mm&r=g\",\"contentUrl\":\"https:\/\/secure.gravatar.com\/avatar\/d189e01678f06d8eb84d4e01f08eb848b3fffe3f8443818d3c356c66892f5be8?s=96&d=mm&r=g\",\"caption\":\"Ag\u00eancia iNFRA\"},\"url\":\"https:\/\/agenciainfra.com\/blog\/author\/admin\/\"}]}<\/script>\n<!-- \/ Yoast SEO Premium plugin. -->","yoast_head_json":{"title":"Leil\u00e3o da Hidrovia Brasil-Uruguai depende da contrata\u00e7\u00e3o de dragagem, afirma Dino Antunes - Ag\u00eancia iNFRA","robots":{"index":"index","follow":"follow","max-snippet":"max-snippet:-1","max-image-preview":"max-image-preview:large","max-video-preview":"max-video-preview:-1"},"canonical":"https:\/\/agenciainfra.com\/blog\/leilao-da-hidrovia-brasil-uruguai-depende-da-contratacao-de-dragagem-afirma-dino-antunes\/","og_locale":"pt_BR","og_type":"article","og_title":"Leil\u00e3o da Hidrovia Brasil-Uruguai depende da contrata\u00e7\u00e3o de dragagem, afirma Dino Antunes","og_description":"da Ag\u00eancia iNFRA O secret\u00e1rio nacional de Hidrovias,\u00a0Dino Antunes, afirmou que o leil\u00e3o da hidrovia Brasil-Uruguai est\u00e1 previsto para\u00a02026, mas s\u00f3 ocorrer\u00e1 ap\u00f3s a contrata\u00e7\u00e3o dos servi\u00e7os de dragagem da\u00a0Lagoa Mirim\u00a0e da\u00a0Lagoa dos Patos, no Rio Grande do Sul, afetadas pelas chuvas que ocorreram no estado em 2023. \u201cN\u00e3o podemos dar sequ\u00eancia ao processo de [&hellip;]","og_url":"https:\/\/agenciainfra.com\/blog\/leilao-da-hidrovia-brasil-uruguai-depende-da-contratacao-de-dragagem-afirma-dino-antunes\/","og_site_name":"Ag\u00eancia iNFRA","article_publisher":"https:\/\/www.facebook.com\/ageninfra","article_published_time":"2025-05-03T13:00:00+00:00","article_modified_time":"2025-05-05T13:34:02+00:00","og_image":[{"width":1202,"height":741,"url":"https:\/\/agenciainfra.com\/blog\/wp-content\/uploads\/2024\/06\/dino-antunes-foto-camara-dos-deputados-vinicius-loures.jpg","type":"image\/jpeg"}],"author":"Ag\u00eancia iNFRA","twitter_card":"summary_large_image","twitter_creator":"@agencia_infra","twitter_site":"@agencia_infra","twitter_misc":{"Escrito por":"Ag\u00eancia iNFRA","Est. tempo de leitura":"1 minuto"},"schema":{"@context":"https:\/\/schema.org","@graph":[{"@type":"Article","@id":"https:\/\/agenciainfra.com\/blog\/leilao-da-hidrovia-brasil-uruguai-depende-da-contratacao-de-dragagem-afirma-dino-antunes\/#article","isPartOf":{"@id":"https:\/\/agenciainfra.com\/blog\/leilao-da-hidrovia-brasil-uruguai-depende-da-contratacao-de-dragagem-afirma-dino-antunes\/"},"author":{"name":"Ag\u00eancia iNFRA","@id":"https:\/\/agenciainfra.com\/blog\/#\/schema\/person\/34af08dff6adea4cb22b06612ba7acfa"},"headline":"Leil\u00e3o da Hidrovia Brasil-Uruguai depende da contrata\u00e7\u00e3o de dragagem, afirma Dino Antunes","datePublished":"2025-05-03T13:00:00+00:00","dateModified":"2025-05-05T13:34:02+00:00","mainEntityOfPage":{"@id":"https:\/\/agenciainfra.com\/blog\/leilao-da-hidrovia-brasil-uruguai-depende-da-contratacao-de-dragagem-afirma-dino-antunes\/"},"wordCount":243,"publisher":{"@id":"https:\/\/agenciainfra.com\/blog\/#organization"},"image":{"@id":"https:\/\/agenciainfra.com\/blog\/leilao-da-hidrovia-brasil-uruguai-depende-da-contratacao-de-dragagem-afirma-dino-antunes\/#primaryimage"},"thumbnailUrl":"https:\/\/agenciainfra.com\/blog\/wp-content\/uploads\/2024\/06\/dino-antunes-foto-camara-dos-deputados-vinicius-loures.jpg","keywords":["contrata\u00e7\u00e3o de dragagem","Dino Antunes","DNIT","dragagem","Hidrovia Brasil-Uruguai","hidrovias","lagoa dos patos","Lagoa mirim","leil\u00e3o de hidrovia","Navega\u00e7\u00e3o","sul expost"],"articleSection":["Destaque lista","Geral","iNFRATransporte"],"inLanguage":"pt-BR","copyrightYear":"2025","copyrightHolder":{"@id":"https:\/\/agenciainfra.com\/blog\/#organization"}},{"@type":"WebPage","@id":"https:\/\/agenciainfra.com\/blog\/leilao-da-hidrovia-brasil-uruguai-depende-da-contratacao-de-dragagem-afirma-dino-antunes\/","url":"https:\/\/agenciainfra.com\/blog\/leilao-da-hidrovia-brasil-uruguai-depende-da-contratacao-de-dragagem-afirma-dino-antunes\/","name":"Leil\u00e3o da Hidrovia Brasil-Uruguai depende da contrata\u00e7\u00e3o de dragagem, afirma Dino Antunes - Ag\u00eancia iNFRA","isPartOf":{"@id":"https:\/\/agenciainfra.com\/blog\/#website"},"primaryImageOfPage":{"@id":"https:\/\/agenciainfra.com\/blog\/leilao-da-hidrovia-brasil-uruguai-depende-da-contratacao-de-dragagem-afirma-dino-antunes\/#primaryimage"},"image":{"@id":"https:\/\/agenciainfra.com\/blog\/leilao-da-hidrovia-brasil-uruguai-depende-da-contratacao-de-dragagem-afirma-dino-antunes\/#primaryimage"},"thumbnailUrl":"https:\/\/agenciainfra.com\/blog\/wp-content\/uploads\/2024\/06\/dino-antunes-foto-camara-dos-deputados-vinicius-loures.jpg","datePublished":"2025-05-03T13:00:00+00:00","dateModified":"2025-05-05T13:34:02+00:00","breadcrumb":{"@id":"https:\/\/agenciainfra.com\/blog\/leilao-da-hidrovia-brasil-uruguai-depende-da-contratacao-de-dragagem-afirma-dino-antunes\/#breadcrumb"},"inLanguage":"pt-BR","potentialAction":[{"@type":"ReadAction","target":["https:\/\/agenciainfra.com\/blog\/leilao-da-hidrovia-brasil-uruguai-depende-da-contratacao-de-dragagem-afirma-dino-antunes\/"]}]},{"@type":"ImageObject","inLanguage":"pt-BR","@id":"https:\/\/agenciainfra.com\/blog\/leilao-da-hidrovia-brasil-uruguai-depende-da-contratacao-de-dragagem-afirma-dino-antunes\/#primaryimage","url":"https:\/\/agenciainfra.com\/blog\/wp-content\/uploads\/2024\/06\/dino-antunes-foto-camara-dos-deputados-vinicius-loures.jpg","contentUrl":"https:\/\/agenciainfra.com\/blog\/wp-content\/uploads\/2024\/06\/dino-antunes-foto-camara-dos-deputados-vinicius-loures.jpg","width":1202,"height":741,"caption":"Foto: Vinicius Loures\/C\u00e2mara dos Deputados"},{"@type":"BreadcrumbList","@id":"https:\/\/agenciainfra.com\/blog\/leilao-da-hidrovia-brasil-uruguai-depende-da-contratacao-de-dragagem-afirma-dino-antunes\/#breadcrumb","itemListElement":[{"@type":"ListItem","position":1,"name":"In\u00edcio","item":"https:\/\/agenciainfra.com\/blog\/"},{"@type":"ListItem","position":2,"name":"Leil\u00e3o da Hidrovia Brasil-Uruguai depende da contrata\u00e7\u00e3o de dragagem, afirma Dino Antunes"}]},{"@type":"WebSite","@id":"https:\/\/agenciainfra.com\/blog\/#website","url":"https:\/\/agenciainfra.com\/blog\/","name":"Ag\u00eancia iNFRA","description":"Multiplataforma de informa\u00e7\u00e3o jornal\u00edstica refer\u00eancia na \u00e1rea de infraestrutura no Brasil!","publisher":{"@id":"https:\/\/agenciainfra.com\/blog\/#organization"},"potentialAction":[{"@type":"SearchAction","target":{"@type":"EntryPoint","urlTemplate":"https:\/\/agenciainfra.com\/blog\/?s={search_term_string}"},"query-input":{"@type":"PropertyValueSpecification","valueRequired":true,"valueName":"search_term_string"}}],"inLanguage":"pt-BR"},{"@type":"Organization","@id":"https:\/\/agenciainfra.com\/blog\/#organization","name":"Ag\u00eancia iNFRA","url":"https:\/\/agenciainfra.com\/blog\/","logo":{"@type":"ImageObject","inLanguage":"pt-BR","@id":"https:\/\/agenciainfra.com\/blog\/#\/schema\/logo\/image\/","url":"https:\/\/agenciainfra.com\/blog\/wp-content\/uploads\/2023\/09\/iNFRA_5-e1761735885940.png","contentUrl":"https:\/\/agenciainfra.com\/blog\/wp-content\/uploads\/2023\/09\/iNFRA_5-e1761735885940.png","width":1672,"height":454,"caption":"Ag\u00eancia iNFRA"},"image":{"@id":"https:\/\/agenciainfra.com\/blog\/#\/schema\/logo\/image\/"},"sameAs":["https:\/\/www.facebook.com\/ageninfra","https:\/\/x.com\/agencia_infra","https:\/\/www.linkedin.com\/company\/ag\u00eanciainfra\/","https:\/\/www.instagram.com\/agenciainfra\/"]},{"@type":"Person","@id":"https:\/\/agenciainfra.com\/blog\/#\/schema\/person\/34af08dff6adea4cb22b06612ba7acfa","name":"Ag\u00eancia iNFRA","image":{"@type":"ImageObject","inLanguage":"pt-BR","@id":"https:\/\/agenciainfra.com\/blog\/#\/schema\/person\/image\/","url":"https:\/\/secure.gravatar.com\/avatar\/d189e01678f06d8eb84d4e01f08eb848b3fffe3f8443818d3c356c66892f5be8?s=96&d=mm&r=g","contentUrl":"https:\/\/secure.gravatar.com\/avatar\/d189e01678f06d8eb84d4e01f08eb848b3fffe3f8443818d3c356c66892f5be8?s=96&d=mm&r=g","caption":"Ag\u00eancia iNFRA"},"url":"https:\/\/agenciainfra.com\/blog\/author\/admin\/"}]}},"_links":{"self":[{"href":"https:\/\/agenciainfra.com\/blog\/wp-json\/wp\/v2\/posts\/21190","targetHints":{"allow":["GET"]}}],"collection":[{"href":"https:\/\/agenciainfra.com\/blog\/wp-json\/wp\/v2\/posts"}],"about":[{"href":"https:\/\/agenciainfra.com\/blog\/wp-json\/wp\/v2\/types\/post"}],"author":[{"embeddable":true,"href":"https:\/\/agenciainfra.com\/blog\/wp-json\/wp\/v2\/users\/1"}],"replies":[{"embeddable":true,"href":"https:\/\/agenciainfra.com\/blog\/wp-json\/wp\/v2\/comments?post=21190"}],"version-history":[{"count":1,"href":"https:\/\/agenciainfra.com\/blog\/wp-json\/wp\/v2\/posts\/21190\/revisions"}],"predecessor-version":[{"id":21191,"href":"https:\/\/agenciainfra.com\/blog\/wp-json\/wp\/v2\/posts\/21190\/revisions\/21191"}],"wp:featuredmedia":[{"embeddable":true,"href":"https:\/\/agenciainfra.com\/blog\/wp-json\/wp\/v2\/media\/17138"}],"wp:attachment":[{"href":"https:\/\/agenciainfra.com\/blog\/wp-json\/wp\/v2\/media?parent=21190"}],"wp:term":[{"taxonomy":"category","embeddable":true,"href":"https:\/\/agenciainfra.com\/blog\/wp-json\/wp\/v2\/categories?post=21190"},{"taxonomy":"post_tag","embeddable":true,"href":"https:\/\/agenciainfra.com\/blog\/wp-json\/wp\/v2\/tags?post=21190"}],"curies":[{"name":"wp","href":"https:\/\/api.w.org\/{rel}","templated":true}]}}