{"id":21220,"date":"2025-04-30T21:33:22","date_gmt":"2025-05-01T00:33:22","guid":{"rendered":"https:\/\/agenciainfra.com\/blog\/?p=21220"},"modified":"2025-05-01T10:08:54","modified_gmt":"2025-05-01T13:08:54","slug":"ferrovia-centro-atlantica-pode-ser-leiloada-diz-ministro-renan-filho","status":"publish","type":"post","link":"https:\/\/agenciainfra.com\/blog\/ferrovia-centro-atlantica-pode-ser-leiloada-diz-ministro-renan-filho\/","title":{"rendered":"Ferrovia Centro-Atl\u00e2ntica pode ser leiloada, diz ministro Renan Filho"},"content":{"rendered":"\n<p class=\"has-text-align-right\"><strong>Gabriela Vila\u00e7a, para a Ag\u00eancia iNFRA<\/strong><\/p>\n\n\n\n<p>O ministro dos Transportes, Renan Filho, disse que a FCA (Ferrovia Centro-Atl\u00e2ntica) s\u00f3 ser\u00e1 renovada se oferecer condi\u00e7\u00f5es melhores para a renova\u00e7\u00e3o antecipada do que a Rumo, a MRS e a Vale. \u201cUma renova\u00e7\u00e3o feita agora precisa levar em considera\u00e7\u00e3o o que foi revisto. N\u00f3s temos bons caminhos para ser um leil\u00e3o. E eu acho que \u00e9 bom para o Brasil, em vez de fazer renova\u00e7\u00e3o, trazer para a Bolsa de Valores para verificar quanto vale o ativo p\u00fablico federal\u201d, disse, em entrevista ap\u00f3s o leil\u00e3o de concess\u00e3o da BR-040\/RJ\/MG, nesta quarta-feira (30).\u00a0<\/p>\n\n\n\n<p>O processo em curso de renova\u00e7\u00e3o da malha\u00a0tramita h\u00e1 quase uma d\u00e9cada. \u201cEm vez de ficar com aquela dificuldade de ficar negociando com a pr\u00f3pria empresa, leva a leil\u00e3o e v\u00ea quanto vale no mercado. Eu acho que assim fazemos o que manda a regra. Se a companhia tiver interesse em fazer a renova\u00e7\u00e3o levando em considera\u00e7\u00e3o as corre\u00e7\u00f5es que foram feitas nos outros contratos, ainda h\u00e1 um espa\u00e7o para discutir. As duas possibilidades est\u00e3o caminhando paralelamente\u201d, acrescentou.<\/p>\n\n\n\n<p><strong>Leil\u00e3o da BR-040<\/strong><br>O Cons\u00f3rcio Nova Estrada Real venceu o leil\u00e3o para concess\u00e3o do Sistema Rodovi\u00e1rio composto pelas rodovias BR-040\/495\/MG\/RJ (Juiz de Fora-Rio de Janeiro), realizado nesta quarta-feira (30), na sede da B3, em S\u00e3o Paulo. O grupo \u00e9 composto pela Construcap, Ohla e Sociedad Anonima de Obras y Servicios (Copasa).<\/p>\n\n\n\n<p>O crit\u00e9rio de julgamento do certame foi o de maior desconto na Tarifa B\u00e1sica de Ped\u00e1gio. O cons\u00f3rcio apresentou desconto de 14%, superando as propostas do Grupo EPR (Equipav e Perfin), que ofertou desconto de 3,08%, e da espanhola Sacyr, que ofereceu desconto 1% sobre a tarifa.&nbsp;<\/p>\n\n\n\n<p>O grupo espanhol Ohla, integrante do cons\u00f3rcio vencedor, vinha ensaiando o retorno ao mercado brasileiro. A empresa foi acionista da Arteris no passado, mas vendeu sua plataforma rodovi\u00e1ria em 2012 para a Abertis e para a Brookfield.<\/p>\n\n\n\n<p><strong>Melhorias previstas<\/strong><br>Com investimentos previstos de R$ 8 bilh\u00f5es (capex R$ 5 bi e opex R$ 3 bi) em 218,9 km de rodovias, o prazo da concess\u00e3o \u00e9 de 30 anos. O trecho, principal liga\u00e7\u00e3o rodovi\u00e1ria entre o Rio de Janeiro e Minas Gerais, \u00e9 atualmente administrado pela Concer, do grupo Triunfo, em contrato encerrado desde 2021. A empresa conseguiu prolongar a extens\u00e3o por meio de decis\u00f5es judiciais, e chegou a tentar uma repactua\u00e7\u00e3o para manter o ativo, mas a negocia\u00e7\u00e3o foi negada pelo TCU (Tribunal de Contas da Uni\u00e3o), que determinou a realiza\u00e7\u00e3o do novo leil\u00e3o.<\/p>\n\n\n\n<p>Dentre as melhorias previstas est\u00e3o 13 quil\u00f4metros de duplica\u00e7\u00f5es; 86,6 quil\u00f4metros de faixas adicionais; 14,6 quil\u00f4metros de vias marginais; 12 passarelas; 13 viadutos; tr\u00eas t\u00faneis; al\u00e9m de implementa\u00e7\u00e3o de uma \u00e1rea de escape, PPD (Ponto de Parada e Descanso) para caminhoneiros, passagens de fauna e pontos de \u00f4nibus.<\/p>\n\n\n\n<p><strong>Nova Subida da Serra<\/strong><br>O edital prev\u00ea a finaliza\u00e7\u00e3o das obras da Nova Subida da Serra de Petr\u00f3polis, iniciadas em maio de 2013 e paradas desde julho de 2016, por desentendimentos entre a Concer e o governo federal. Foi inclu\u00edda cl\u00e1usula de compartilhamento de riscos para a constru\u00e7\u00e3o do t\u00fanel da nova subida, para mitigar varia\u00e7\u00f5es de custos.<\/p>\n\n\n\n<p>Est\u00e3o previstas tr\u00eas faixas de tr\u00e1fego por sentido e a finaliza\u00e7\u00e3o de tr\u00eas t\u00faneis, incluindo um com 4,6 km de extens\u00e3o. A obra dever\u00e1 ser entregue at\u00e9 o sexto ano de contrato.<\/p>\n\n\n\n<p><strong>Brasil voltou a atrair investimentos estrangeiros, diz ministro<\/strong><br>\u201cJ\u00e1 tivemos uma vit\u00f3ria da Vinci, que ganhou um trecho da BR-040 tamb\u00e9m, e hoje venceu um cons\u00f3rcio formado majoritariamente por duas empresas internacionais. Isso demonstra que o Brasil, al\u00e9m de ter bons projetos, tem um pipeline com seguran\u00e7a jur\u00eddica. Com o leil\u00e3o de hoje atingimos R$ 131 bilh\u00f5es de investimentos em 11 leil\u00f5es de rodovias. Temos 15 leil\u00f5es previstos para 2025\u201d, comentou o ministro dos Transportes, Renan Filho.<\/p>\n\n\n\n<p>\u201cFaltam 13 leil\u00f5es em 2025. J\u00e1 fizemos dois e temos quatro publicados, al\u00e9m de mais quatro na sa\u00edda do TCU. Ser\u00e1 o ano com mais leil\u00f5es da hist\u00f3ria do Brasil. A meta s\u00e3o quinze, mas se n\u00f3s fizermos 12, 13, 14, j\u00e1 fizemos o maior volume de leil\u00f5es da hist\u00f3ria do pa\u00eds. Ent\u00e3o estamos brigando com a gente mesmo: n\u00e3o tem ningu\u00e9m no retrovisor, nem no Brasil do passado nem no mundo inteiro no momento\u201d,\u00a0disse.<\/p>\n","protected":false},"excerpt":{"rendered":"<p>Gabriela Vila\u00e7a, para a Ag\u00eancia iNFRA O ministro dos Transportes, Renan Filho, disse que a FCA (Ferrovia Centro-Atl\u00e2ntica) s\u00f3 ser\u00e1 renovada se oferecer condi\u00e7\u00f5es melhores para a renova\u00e7\u00e3o antecipada do que a Rumo, a MRS e a Vale. \u201cUma renova\u00e7\u00e3o feita agora precisa levar em considera\u00e7\u00e3o o que foi revisto. N\u00f3s temos bons caminhos para [&hellip;]<\/p>\n","protected":false},"author":1,"featured_media":21221,"comment_status":"closed","ping_status":"closed","sticky":false,"template":"","format":"standard","meta":{"_monsterinsights_skip_tracking":false,"_monsterinsights_sitenote_active":false,"_monsterinsights_sitenote_note":"","_monsterinsights_sitenote_category":0,"footnotes":""},"categories":[7250,1,7],"tags":[5165,505,13225,8455,9751,446,754,13222,9051,16,81,2439,13226,6295,6248,80,13187,13227,83],"class_list":["post-21220","post","type-post","status-publish","format-standard","has-post-thumbnail","hentry","category-destaque-lista","category-geral","category-infratransporte","tag-br-040-495-mg-rj","tag-concer","tag-consorcio-nova-estrada-real","tag-construcap","tag-equipav","tag-fca","tag-ferrovia-centro-atlantica","tag-gabriela-vilaca","tag-grupo-epr","tag-ministerio-dos-transportes","tag-mrs","tag-nova-subida-da-serra","tag-ohla","tag-perfin","tag-renan-filho","tag-rumo","tag-sacyr","tag-sociedad-anonima-de-obras-y-servicios","tag-vale"],"yoast_head":"<!-- This site is optimized with the Yoast SEO Premium plugin v25.4 (Yoast SEO v26.0) - https:\/\/yoast.com\/wordpress\/plugins\/seo\/ -->\n<title>Ferrovia Centro-Atl\u00e2ntica pode ser leiloada, diz ministro Renan Filho - Ag\u00eancia iNFRA<\/title>\n<meta name=\"robots\" content=\"index, follow, max-snippet:-1, max-image-preview:large, max-video-preview:-1\" \/>\n<link rel=\"canonical\" href=\"https:\/\/agenciainfra.com\/blog\/ferrovia-centro-atlantica-pode-ser-leiloada-diz-ministro-renan-filho\/\" \/>\n<meta property=\"og:locale\" content=\"pt_BR\" \/>\n<meta property=\"og:type\" content=\"article\" \/>\n<meta property=\"og:title\" content=\"Ferrovia Centro-Atl\u00e2ntica pode ser leiloada, diz ministro Renan Filho\" \/>\n<meta property=\"og:description\" content=\"Gabriela Vila\u00e7a, para a Ag\u00eancia iNFRA O ministro dos Transportes, Renan Filho, disse que a FCA (Ferrovia Centro-Atl\u00e2ntica) s\u00f3 ser\u00e1 renovada se oferecer condi\u00e7\u00f5es melhores para a renova\u00e7\u00e3o antecipada do que a Rumo, a MRS e a Vale. \u201cUma renova\u00e7\u00e3o feita agora precisa levar em considera\u00e7\u00e3o o que foi revisto. N\u00f3s temos bons caminhos para [&hellip;]\" \/>\n<meta property=\"og:url\" content=\"https:\/\/agenciainfra.com\/blog\/ferrovia-centro-atlantica-pode-ser-leiloada-diz-ministro-renan-filho\/\" \/>\n<meta property=\"og:site_name\" content=\"Ag\u00eancia iNFRA\" \/>\n<meta property=\"article:publisher\" content=\"https:\/\/www.facebook.com\/ageninfra\" \/>\n<meta property=\"article:published_time\" content=\"2025-05-01T00:33:22+00:00\" \/>\n<meta property=\"article:modified_time\" content=\"2025-05-01T13:08:54+00:00\" \/>\n<meta property=\"og:image\" content=\"https:\/\/agenciainfra.com\/blog\/wp-content\/uploads\/2025\/04\/renan-filho-foto-luiz-siqueira-mt.png\" \/>\n\t<meta property=\"og:image:width\" content=\"1280\" \/>\n\t<meta property=\"og:image:height\" content=\"852\" \/>\n\t<meta property=\"og:image:type\" content=\"image\/png\" \/>\n<meta name=\"author\" content=\"Ag\u00eancia iNFRA\" \/>\n<meta name=\"twitter:card\" content=\"summary_large_image\" \/>\n<meta name=\"twitter:creator\" content=\"@agencia_infra\" \/>\n<meta name=\"twitter:site\" content=\"@agencia_infra\" \/>\n<meta name=\"twitter:label1\" content=\"Escrito por\" \/>\n\t<meta name=\"twitter:data1\" content=\"Ag\u00eancia iNFRA\" \/>\n\t<meta name=\"twitter:label2\" content=\"Est. tempo de leitura\" \/>\n\t<meta name=\"twitter:data2\" content=\"4 minutos\" \/>\n<script type=\"application\/ld+json\" class=\"yoast-schema-graph\">{\"@context\":\"https:\/\/schema.org\",\"@graph\":[{\"@type\":\"Article\",\"@id\":\"https:\/\/agenciainfra.com\/blog\/ferrovia-centro-atlantica-pode-ser-leiloada-diz-ministro-renan-filho\/#article\",\"isPartOf\":{\"@id\":\"https:\/\/agenciainfra.com\/blog\/ferrovia-centro-atlantica-pode-ser-leiloada-diz-ministro-renan-filho\/\"},\"author\":{\"name\":\"Ag\u00eancia iNFRA\",\"@id\":\"https:\/\/agenciainfra.com\/blog\/#\/schema\/person\/34af08dff6adea4cb22b06612ba7acfa\"},\"headline\":\"Ferrovia Centro-Atl\u00e2ntica pode ser leiloada, diz ministro Renan Filho\",\"datePublished\":\"2025-05-01T00:33:22+00:00\",\"dateModified\":\"2025-05-01T13:08:54+00:00\",\"mainEntityOfPage\":{\"@id\":\"https:\/\/agenciainfra.com\/blog\/ferrovia-centro-atlantica-pode-ser-leiloada-diz-ministro-renan-filho\/\"},\"wordCount\":775,\"publisher\":{\"@id\":\"https:\/\/agenciainfra.com\/blog\/#organization\"},\"image\":{\"@id\":\"https:\/\/agenciainfra.com\/blog\/ferrovia-centro-atlantica-pode-ser-leiloada-diz-ministro-renan-filho\/#primaryimage\"},\"thumbnailUrl\":\"https:\/\/agenciainfra.com\/blog\/wp-content\/uploads\/2025\/04\/renan-filho-foto-luiz-siqueira-mt.png\",\"keywords\":[\"BR-040\/495\/MG\/RJ\",\"Concer\",\"Cons\u00f3rcio Nova Estrada Real\",\"Construcap\",\"Equipav\",\"FCA\",\"Ferrovia Centro-Atl\u00e2ntica\",\"gabriela vila\u00e7a\",\"Grupo EPR\",\"minist\u00e9rio dos transportes\",\"MRS\",\"Nova Subida da Serra\",\"Ohla\",\"Perfin\",\"Renan Filho\",\"Rumo\",\"sacyr\",\"Sociedad Anonima de Obras y Servicios\",\"Vale\"],\"articleSection\":[\"Destaque lista\",\"Geral\",\"iNFRATransporte\"],\"inLanguage\":\"pt-BR\",\"copyrightYear\":\"2025\",\"copyrightHolder\":{\"@id\":\"https:\/\/agenciainfra.com\/blog\/#organization\"}},{\"@type\":\"WebPage\",\"@id\":\"https:\/\/agenciainfra.com\/blog\/ferrovia-centro-atlantica-pode-ser-leiloada-diz-ministro-renan-filho\/\",\"url\":\"https:\/\/agenciainfra.com\/blog\/ferrovia-centro-atlantica-pode-ser-leiloada-diz-ministro-renan-filho\/\",\"name\":\"Ferrovia Centro-Atl\u00e2ntica pode ser leiloada, diz ministro Renan Filho - Ag\u00eancia iNFRA\",\"isPartOf\":{\"@id\":\"https:\/\/agenciainfra.com\/blog\/#website\"},\"primaryImageOfPage\":{\"@id\":\"https:\/\/agenciainfra.com\/blog\/ferrovia-centro-atlantica-pode-ser-leiloada-diz-ministro-renan-filho\/#primaryimage\"},\"image\":{\"@id\":\"https:\/\/agenciainfra.com\/blog\/ferrovia-centro-atlantica-pode-ser-leiloada-diz-ministro-renan-filho\/#primaryimage\"},\"thumbnailUrl\":\"https:\/\/agenciainfra.com\/blog\/wp-content\/uploads\/2025\/04\/renan-filho-foto-luiz-siqueira-mt.png\",\"datePublished\":\"2025-05-01T00:33:22+00:00\",\"dateModified\":\"2025-05-01T13:08:54+00:00\",\"breadcrumb\":{\"@id\":\"https:\/\/agenciainfra.com\/blog\/ferrovia-centro-atlantica-pode-ser-leiloada-diz-ministro-renan-filho\/#breadcrumb\"},\"inLanguage\":\"pt-BR\",\"potentialAction\":[{\"@type\":\"ReadAction\",\"target\":[\"https:\/\/agenciainfra.com\/blog\/ferrovia-centro-atlantica-pode-ser-leiloada-diz-ministro-renan-filho\/\"]}]},{\"@type\":\"ImageObject\",\"inLanguage\":\"pt-BR\",\"@id\":\"https:\/\/agenciainfra.com\/blog\/ferrovia-centro-atlantica-pode-ser-leiloada-diz-ministro-renan-filho\/#primaryimage\",\"url\":\"https:\/\/agenciainfra.com\/blog\/wp-content\/uploads\/2025\/04\/renan-filho-foto-luiz-siqueira-mt.png\",\"contentUrl\":\"https:\/\/agenciainfra.com\/blog\/wp-content\/uploads\/2025\/04\/renan-filho-foto-luiz-siqueira-mt.png\",\"width\":1280,\"height\":852},{\"@type\":\"BreadcrumbList\",\"@id\":\"https:\/\/agenciainfra.com\/blog\/ferrovia-centro-atlantica-pode-ser-leiloada-diz-ministro-renan-filho\/#breadcrumb\",\"itemListElement\":[{\"@type\":\"ListItem\",\"position\":1,\"name\":\"In\u00edcio\",\"item\":\"https:\/\/agenciainfra.com\/blog\/\"},{\"@type\":\"ListItem\",\"position\":2,\"name\":\"Ferrovia Centro-Atl\u00e2ntica pode ser leiloada, diz ministro Renan Filho\"}]},{\"@type\":\"WebSite\",\"@id\":\"https:\/\/agenciainfra.com\/blog\/#website\",\"url\":\"https:\/\/agenciainfra.com\/blog\/\",\"name\":\"Ag\u00eancia iNFRA\",\"description\":\"Multiplataforma de informa\u00e7\u00e3o jornal\u00edstica refer\u00eancia na \u00e1rea de infraestrutura no Brasil!\",\"publisher\":{\"@id\":\"https:\/\/agenciainfra.com\/blog\/#organization\"},\"potentialAction\":[{\"@type\":\"SearchAction\",\"target\":{\"@type\":\"EntryPoint\",\"urlTemplate\":\"https:\/\/agenciainfra.com\/blog\/?s={search_term_string}\"},\"query-input\":{\"@type\":\"PropertyValueSpecification\",\"valueRequired\":true,\"valueName\":\"search_term_string\"}}],\"inLanguage\":\"pt-BR\"},{\"@type\":\"Organization\",\"@id\":\"https:\/\/agenciainfra.com\/blog\/#organization\",\"name\":\"Ag\u00eancia iNFRA\",\"url\":\"https:\/\/agenciainfra.com\/blog\/\",\"logo\":{\"@type\":\"ImageObject\",\"inLanguage\":\"pt-BR\",\"@id\":\"https:\/\/agenciainfra.com\/blog\/#\/schema\/logo\/image\/\",\"url\":\"https:\/\/agenciainfra.com\/blog\/wp-content\/uploads\/2023\/09\/iNFRA_5-e1761735885940.png\",\"contentUrl\":\"https:\/\/agenciainfra.com\/blog\/wp-content\/uploads\/2023\/09\/iNFRA_5-e1761735885940.png\",\"width\":1672,\"height\":454,\"caption\":\"Ag\u00eancia iNFRA\"},\"image\":{\"@id\":\"https:\/\/agenciainfra.com\/blog\/#\/schema\/logo\/image\/\"},\"sameAs\":[\"https:\/\/www.facebook.com\/ageninfra\",\"https:\/\/x.com\/agencia_infra\",\"https:\/\/www.linkedin.com\/company\/ag\u00eanciainfra\/\",\"https:\/\/www.instagram.com\/agenciainfra\/\"]},{\"@type\":\"Person\",\"@id\":\"https:\/\/agenciainfra.com\/blog\/#\/schema\/person\/34af08dff6adea4cb22b06612ba7acfa\",\"name\":\"Ag\u00eancia iNFRA\",\"image\":{\"@type\":\"ImageObject\",\"inLanguage\":\"pt-BR\",\"@id\":\"https:\/\/agenciainfra.com\/blog\/#\/schema\/person\/image\/\",\"url\":\"https:\/\/secure.gravatar.com\/avatar\/d189e01678f06d8eb84d4e01f08eb848b3fffe3f8443818d3c356c66892f5be8?s=96&d=mm&r=g\",\"contentUrl\":\"https:\/\/secure.gravatar.com\/avatar\/d189e01678f06d8eb84d4e01f08eb848b3fffe3f8443818d3c356c66892f5be8?s=96&d=mm&r=g\",\"caption\":\"Ag\u00eancia iNFRA\"},\"url\":\"https:\/\/agenciainfra.com\/blog\/author\/admin\/\"}]}<\/script>\n<!-- \/ Yoast SEO Premium plugin. -->","yoast_head_json":{"title":"Ferrovia Centro-Atl\u00e2ntica pode ser leiloada, diz ministro Renan Filho - Ag\u00eancia iNFRA","robots":{"index":"index","follow":"follow","max-snippet":"max-snippet:-1","max-image-preview":"max-image-preview:large","max-video-preview":"max-video-preview:-1"},"canonical":"https:\/\/agenciainfra.com\/blog\/ferrovia-centro-atlantica-pode-ser-leiloada-diz-ministro-renan-filho\/","og_locale":"pt_BR","og_type":"article","og_title":"Ferrovia Centro-Atl\u00e2ntica pode ser leiloada, diz ministro Renan Filho","og_description":"Gabriela Vila\u00e7a, para a Ag\u00eancia iNFRA O ministro dos Transportes, Renan Filho, disse que a FCA (Ferrovia Centro-Atl\u00e2ntica) s\u00f3 ser\u00e1 renovada se oferecer condi\u00e7\u00f5es melhores para a renova\u00e7\u00e3o antecipada do que a Rumo, a MRS e a Vale. \u201cUma renova\u00e7\u00e3o feita agora precisa levar em considera\u00e7\u00e3o o que foi revisto. N\u00f3s temos bons caminhos para [&hellip;]","og_url":"https:\/\/agenciainfra.com\/blog\/ferrovia-centro-atlantica-pode-ser-leiloada-diz-ministro-renan-filho\/","og_site_name":"Ag\u00eancia iNFRA","article_publisher":"https:\/\/www.facebook.com\/ageninfra","article_published_time":"2025-05-01T00:33:22+00:00","article_modified_time":"2025-05-01T13:08:54+00:00","og_image":[{"width":1280,"height":852,"url":"https:\/\/agenciainfra.com\/blog\/wp-content\/uploads\/2025\/04\/renan-filho-foto-luiz-siqueira-mt.png","type":"image\/png"}],"author":"Ag\u00eancia iNFRA","twitter_card":"summary_large_image","twitter_creator":"@agencia_infra","twitter_site":"@agencia_infra","twitter_misc":{"Escrito por":"Ag\u00eancia iNFRA","Est. tempo de leitura":"4 minutos"},"schema":{"@context":"https:\/\/schema.org","@graph":[{"@type":"Article","@id":"https:\/\/agenciainfra.com\/blog\/ferrovia-centro-atlantica-pode-ser-leiloada-diz-ministro-renan-filho\/#article","isPartOf":{"@id":"https:\/\/agenciainfra.com\/blog\/ferrovia-centro-atlantica-pode-ser-leiloada-diz-ministro-renan-filho\/"},"author":{"name":"Ag\u00eancia iNFRA","@id":"https:\/\/agenciainfra.com\/blog\/#\/schema\/person\/34af08dff6adea4cb22b06612ba7acfa"},"headline":"Ferrovia Centro-Atl\u00e2ntica pode ser leiloada, diz ministro Renan Filho","datePublished":"2025-05-01T00:33:22+00:00","dateModified":"2025-05-01T13:08:54+00:00","mainEntityOfPage":{"@id":"https:\/\/agenciainfra.com\/blog\/ferrovia-centro-atlantica-pode-ser-leiloada-diz-ministro-renan-filho\/"},"wordCount":775,"publisher":{"@id":"https:\/\/agenciainfra.com\/blog\/#organization"},"image":{"@id":"https:\/\/agenciainfra.com\/blog\/ferrovia-centro-atlantica-pode-ser-leiloada-diz-ministro-renan-filho\/#primaryimage"},"thumbnailUrl":"https:\/\/agenciainfra.com\/blog\/wp-content\/uploads\/2025\/04\/renan-filho-foto-luiz-siqueira-mt.png","keywords":["BR-040\/495\/MG\/RJ","Concer","Cons\u00f3rcio Nova Estrada Real","Construcap","Equipav","FCA","Ferrovia Centro-Atl\u00e2ntica","gabriela vila\u00e7a","Grupo EPR","minist\u00e9rio dos transportes","MRS","Nova Subida da Serra","Ohla","Perfin","Renan Filho","Rumo","sacyr","Sociedad Anonima de Obras y Servicios","Vale"],"articleSection":["Destaque lista","Geral","iNFRATransporte"],"inLanguage":"pt-BR","copyrightYear":"2025","copyrightHolder":{"@id":"https:\/\/agenciainfra.com\/blog\/#organization"}},{"@type":"WebPage","@id":"https:\/\/agenciainfra.com\/blog\/ferrovia-centro-atlantica-pode-ser-leiloada-diz-ministro-renan-filho\/","url":"https:\/\/agenciainfra.com\/blog\/ferrovia-centro-atlantica-pode-ser-leiloada-diz-ministro-renan-filho\/","name":"Ferrovia Centro-Atl\u00e2ntica pode ser leiloada, diz ministro Renan Filho - Ag\u00eancia iNFRA","isPartOf":{"@id":"https:\/\/agenciainfra.com\/blog\/#website"},"primaryImageOfPage":{"@id":"https:\/\/agenciainfra.com\/blog\/ferrovia-centro-atlantica-pode-ser-leiloada-diz-ministro-renan-filho\/#primaryimage"},"image":{"@id":"https:\/\/agenciainfra.com\/blog\/ferrovia-centro-atlantica-pode-ser-leiloada-diz-ministro-renan-filho\/#primaryimage"},"thumbnailUrl":"https:\/\/agenciainfra.com\/blog\/wp-content\/uploads\/2025\/04\/renan-filho-foto-luiz-siqueira-mt.png","datePublished":"2025-05-01T00:33:22+00:00","dateModified":"2025-05-01T13:08:54+00:00","breadcrumb":{"@id":"https:\/\/agenciainfra.com\/blog\/ferrovia-centro-atlantica-pode-ser-leiloada-diz-ministro-renan-filho\/#breadcrumb"},"inLanguage":"pt-BR","potentialAction":[{"@type":"ReadAction","target":["https:\/\/agenciainfra.com\/blog\/ferrovia-centro-atlantica-pode-ser-leiloada-diz-ministro-renan-filho\/"]}]},{"@type":"ImageObject","inLanguage":"pt-BR","@id":"https:\/\/agenciainfra.com\/blog\/ferrovia-centro-atlantica-pode-ser-leiloada-diz-ministro-renan-filho\/#primaryimage","url":"https:\/\/agenciainfra.com\/blog\/wp-content\/uploads\/2025\/04\/renan-filho-foto-luiz-siqueira-mt.png","contentUrl":"https:\/\/agenciainfra.com\/blog\/wp-content\/uploads\/2025\/04\/renan-filho-foto-luiz-siqueira-mt.png","width":1280,"height":852},{"@type":"BreadcrumbList","@id":"https:\/\/agenciainfra.com\/blog\/ferrovia-centro-atlantica-pode-ser-leiloada-diz-ministro-renan-filho\/#breadcrumb","itemListElement":[{"@type":"ListItem","position":1,"name":"In\u00edcio","item":"https:\/\/agenciainfra.com\/blog\/"},{"@type":"ListItem","position":2,"name":"Ferrovia Centro-Atl\u00e2ntica pode ser leiloada, diz ministro Renan Filho"}]},{"@type":"WebSite","@id":"https:\/\/agenciainfra.com\/blog\/#website","url":"https:\/\/agenciainfra.com\/blog\/","name":"Ag\u00eancia iNFRA","description":"Multiplataforma de informa\u00e7\u00e3o jornal\u00edstica refer\u00eancia na \u00e1rea de infraestrutura no Brasil!","publisher":{"@id":"https:\/\/agenciainfra.com\/blog\/#organization"},"potentialAction":[{"@type":"SearchAction","target":{"@type":"EntryPoint","urlTemplate":"https:\/\/agenciainfra.com\/blog\/?s={search_term_string}"},"query-input":{"@type":"PropertyValueSpecification","valueRequired":true,"valueName":"search_term_string"}}],"inLanguage":"pt-BR"},{"@type":"Organization","@id":"https:\/\/agenciainfra.com\/blog\/#organization","name":"Ag\u00eancia iNFRA","url":"https:\/\/agenciainfra.com\/blog\/","logo":{"@type":"ImageObject","inLanguage":"pt-BR","@id":"https:\/\/agenciainfra.com\/blog\/#\/schema\/logo\/image\/","url":"https:\/\/agenciainfra.com\/blog\/wp-content\/uploads\/2023\/09\/iNFRA_5-e1761735885940.png","contentUrl":"https:\/\/agenciainfra.com\/blog\/wp-content\/uploads\/2023\/09\/iNFRA_5-e1761735885940.png","width":1672,"height":454,"caption":"Ag\u00eancia iNFRA"},"image":{"@id":"https:\/\/agenciainfra.com\/blog\/#\/schema\/logo\/image\/"},"sameAs":["https:\/\/www.facebook.com\/ageninfra","https:\/\/x.com\/agencia_infra","https:\/\/www.linkedin.com\/company\/ag\u00eanciainfra\/","https:\/\/www.instagram.com\/agenciainfra\/"]},{"@type":"Person","@id":"https:\/\/agenciainfra.com\/blog\/#\/schema\/person\/34af08dff6adea4cb22b06612ba7acfa","name":"Ag\u00eancia iNFRA","image":{"@type":"ImageObject","inLanguage":"pt-BR","@id":"https:\/\/agenciainfra.com\/blog\/#\/schema\/person\/image\/","url":"https:\/\/secure.gravatar.com\/avatar\/d189e01678f06d8eb84d4e01f08eb848b3fffe3f8443818d3c356c66892f5be8?s=96&d=mm&r=g","contentUrl":"https:\/\/secure.gravatar.com\/avatar\/d189e01678f06d8eb84d4e01f08eb848b3fffe3f8443818d3c356c66892f5be8?s=96&d=mm&r=g","caption":"Ag\u00eancia iNFRA"},"url":"https:\/\/agenciainfra.com\/blog\/author\/admin\/"}]}},"_links":{"self":[{"href":"https:\/\/agenciainfra.com\/blog\/wp-json\/wp\/v2\/posts\/21220","targetHints":{"allow":["GET"]}}],"collection":[{"href":"https:\/\/agenciainfra.com\/blog\/wp-json\/wp\/v2\/posts"}],"about":[{"href":"https:\/\/agenciainfra.com\/blog\/wp-json\/wp\/v2\/types\/post"}],"author":[{"embeddable":true,"href":"https:\/\/agenciainfra.com\/blog\/wp-json\/wp\/v2\/users\/1"}],"replies":[{"embeddable":true,"href":"https:\/\/agenciainfra.com\/blog\/wp-json\/wp\/v2\/comments?post=21220"}],"version-history":[{"count":1,"href":"https:\/\/agenciainfra.com\/blog\/wp-json\/wp\/v2\/posts\/21220\/revisions"}],"predecessor-version":[{"id":21222,"href":"https:\/\/agenciainfra.com\/blog\/wp-json\/wp\/v2\/posts\/21220\/revisions\/21222"}],"wp:featuredmedia":[{"embeddable":true,"href":"https:\/\/agenciainfra.com\/blog\/wp-json\/wp\/v2\/media\/21221"}],"wp:attachment":[{"href":"https:\/\/agenciainfra.com\/blog\/wp-json\/wp\/v2\/media?parent=21220"}],"wp:term":[{"taxonomy":"category","embeddable":true,"href":"https:\/\/agenciainfra.com\/blog\/wp-json\/wp\/v2\/categories?post=21220"},{"taxonomy":"post_tag","embeddable":true,"href":"https:\/\/agenciainfra.com\/blog\/wp-json\/wp\/v2\/tags?post=21220"}],"curies":[{"name":"wp","href":"https:\/\/api.w.org\/{rel}","templated":true}]}}