{"id":21239,"date":"2025-05-02T10:00:00","date_gmt":"2025-05-02T13:00:00","guid":{"rendered":"https:\/\/agenciainfra.com\/blog\/?p=21239"},"modified":"2025-05-16T11:01:25","modified_gmt":"2025-05-16T14:01:25","slug":"autor-de-pl-que-cria-politica-nacional-de-minerais-criticos-quer-aprovacao-antes-da-cop30","status":"publish","type":"post","link":"https:\/\/agenciainfra.com\/blog\/autor-de-pl-que-cria-politica-nacional-de-minerais-criticos-quer-aprovacao-antes-da-cop30\/","title":{"rendered":"Autor de PL que cria Pol\u00edtica Nacional de Minerais Cr\u00edticos quer aprova\u00e7\u00e3o antes da COP30"},"content":{"rendered":"\n<p class=\"has-text-align-right\"><strong>Bernardo Gonzaga, da Ag\u00eancia iNFRA<\/strong><\/p>\n\n\n\n<p>O autor do <a href=\"https:\/\/www.camara.leg.br\/proposicoesWeb\/fichadetramitacao?idProposicao=2447259\" target=\"_blank\" rel=\"noreferrer noopener\">PL (Projeto de Lei)&nbsp;2.780\/2024<\/a>, que cria a PMCE (Pol\u00edtica Nacional de Minerais Cr\u00edticos e Estrat\u00e9gicos), deputado federal Z\u00e9 Silva (Solidariedade-MG), disse que espera&nbsp;a aprova\u00e7\u00e3o do texto antes do in\u00edcio da COP30&nbsp;(Confer\u00eancia da ONU sobre Mudan\u00e7as Clim\u00e1ticas), em Bel\u00e9m (PA), que acontece em novembro deste ano. Em entrevista \u00e0 <strong>Ag\u00eancia iNFRA<\/strong>, o parlamentar disse que \u00e9 fundamental para o pa\u00eds chegar ao encontro com uma lei que passe seguran\u00e7a jur\u00eddica ao investidor que busca explorar esses minerais em solo brasileiro.&nbsp;<\/p>\n\n\n\n<p>\u201cO investidor quer isso, ele quer uma seguran\u00e7a jur\u00eddica, quer essa base para poder investir e tamb\u00e9m ampliar o conhecimento geol\u00f3gico brasileiro, j\u00e1 que conhecemos muito pouco onde est\u00e3o essas riquezas minerais\u201d, disse o parlamentar.&nbsp;<\/p>\n\n\n\n<p>O deputado tamb\u00e9m disse que vai tentar primeiro uma vota\u00e7\u00e3o na comiss\u00e3o onde o projeto se encontra, que \u00e9 a CDE (Comiss\u00e3o de Desenvolvimento Econ\u00f4mico). Entretanto, se n\u00e3o conseguir delibera\u00e7\u00e3o neste colegiado, vai propor a urg\u00eancia do texto para que ela v\u00e1 direto ao plen\u00e1rio da C\u00e2mara.<\/p>\n\n\n\n<p>Para isso, \u00e9 preciso que o parlamentar consiga 172 assinaturas de outros deputados para que a tramita\u00e7\u00e3o do texto possa ser acelerada.&nbsp;Z\u00e9 Silva tamb\u00e9m disse que o relator do projeto, Arnaldo Jardim (Cidadania-SP), pode apresentar o seu parecer j\u00e1 na pr\u00f3xima semana.<\/p>\n\n\n\n<p><strong>O que diz o texto<\/strong><br>Entre as principais medidas que o texto estabelece, est\u00e3o os mecanismos de incentivo do&nbsp;governo para linhas de cr\u00e9dito com condi\u00e7\u00f5es diferenciadas para a pesquisa e desenvolvimento de inova\u00e7\u00e3o tecnol\u00f3gica, lavra e transforma\u00e7\u00e3o dos minerais cr\u00edticos e estrat\u00e9gicos.&nbsp;<\/p>\n\n\n\n<p>O PL 2.780\/2024 tamb\u00e9m estabelece que n\u00e3o incidir\u00e1 imposto de renda na fonte sobre os rendimentos pagos \u00e0 empresa com sede fora do Brasil. Segundo a primeira vers\u00e3o do projeto, os benef\u00edcios fiscais tamb\u00e9m ser\u00e3o aplic\u00e1veis \u00e0s pessoas jur\u00eddicas que \u201cdesenvolvam projetos de pesquisa, lavra ou transforma\u00e7\u00e3o de minerais cr\u00edticos ou de minerais estrat\u00e9gicos\u201d.<\/p>\n\n\n\n<p>O texto tamb\u00e9m institui o Comit\u00ea de Minerais Cr\u00edticos e Estrat\u00e9gicos, vinculado ao Conselho Nacional de Pol\u00edtica Mineral, que ter\u00e1 entre suas principais fun\u00e7\u00f5es: estabelecer as prioridades do PNMCE (Plano Nacional de Minerais Cr\u00edticos e Minerais Estrat\u00e9gicos); desenvolver estudos e avalia\u00e7\u00f5es da depend\u00eancia e situa\u00e7\u00e3o de risco de suprimento ao pa\u00eds de minerais cr\u00edticos; e desenvolver estudos a serem atualizados a cada tr\u00eas&nbsp;anos, relativos \u00e0 oferta e demanda, para auxiliar na categoriza\u00e7\u00e3o de cada mineral.&nbsp;<\/p>\n\n\n\n<p><strong>Benef\u00edcios fiscais s\u00e3o positivos<\/strong><br>Para o advogado Adriano Drummond, s\u00f3cio do escrit\u00f3rio Mattos Filho, o projeto \u00e9 uma iniciativa positiva. Um dos pontos de destaque para ele s\u00e3o os benef\u00edcios fiscais como forma de est\u00edmulo ao setor.&nbsp;\u201c\u00c9 muito dif\u00edcil voc\u00ea estimular [um setor da economia] sem que haja algum tipo de benef\u00edcio financeiro. Acho importante ter no projeto esses benef\u00edcios fiscais, porque em outros pa\u00edses \u00e9 a forma como eles est\u00e3o encontrando para estimular esse setor de minerais cr\u00edticos\u201d.<\/p>\n\n\n\n<p>Entretanto, Drummond ressalta que, mesmo depois da aprova\u00e7\u00e3o do texto, ainda ser\u00e3o&nbsp;necess\u00e1rias outras a\u00e7\u00f5es infralegais para regulamentar e tratar de temas espec\u00edficos do texto.&nbsp;\u201cO projeto \u00e9 o primeiro passo, mas que vai demandar outras a\u00e7\u00f5es. E essas outras a\u00e7\u00f5es podem ser desenvolvidas bem rapidamente pelo governo. Uma boa parte aqui do projeto de lei vai depender de outras iniciativas do Poder Executivo\u201d, disse.<\/p>\n\n\n\n<p><strong>Entraves n\u00e3o solucionados<\/strong><br>Para o advogado e s\u00f3cio do escrit\u00f3rio Veirano Advogados, Pedro Garcia, uma nova legisla\u00e7\u00e3o sobre o tema de minerais cr\u00edticos n\u00e3o vai solucionar um dos principais dos problemas do setor, que s\u00e3o entraves vindos principalmente do Minist\u00e9rio P\u00fablico e \u00f3rg\u00e3os ambientais.&nbsp;<\/p>\n\n\n\n<p>\u201cEu acredito que essas medidas t\u00eam que trazer o Minist\u00e9rio P\u00fablico para a mesa. Por exemplo, o Zema [governador de Minas Gerais] foi a Nova Iorque, divulgar o Vale do L\u00edtio, [depois] vieram v\u00e1rios de investidores buscar informa\u00e7\u00f5es sobre o projeto e dois anos depois o Minist\u00e9rio P\u00fablico come\u00e7a a criar uma s\u00e9rie de \u00f3bices ao licenciamento ambiental. N\u00f3s precisamos ter um Minist\u00e9rio P\u00fablico alinhado\u201d.&nbsp;<\/p>\n","protected":false},"excerpt":{"rendered":"<p>Bernardo Gonzaga, da Ag\u00eancia iNFRA O autor do PL (Projeto de Lei)&nbsp;2.780\/2024, que cria a PMCE (Pol\u00edtica Nacional de Minerais Cr\u00edticos e Estrat\u00e9gicos), deputado federal Z\u00e9 Silva (Solidariedade-MG), disse que espera&nbsp;a aprova\u00e7\u00e3o do texto antes do in\u00edcio da COP30&nbsp;(Confer\u00eancia da ONU sobre Mudan\u00e7as Clim\u00e1ticas), em Bel\u00e9m (PA), que acontece em novembro deste ano. Em entrevista [&hellip;]<\/p>\n","protected":false},"author":1,"featured_media":21821,"comment_status":"closed","ping_status":"closed","sticky":false,"template":"","format":"standard","meta":{"_monsterinsights_skip_tracking":false,"_monsterinsights_sitenote_active":false,"_monsterinsights_sitenote_note":"","_monsterinsights_sitenote_category":0,"footnotes":""},"categories":[7250,1,13239],"tags":[13138,8068,13230,839,13228,13231,13229],"class_list":["post-21239","post","type-post","status-publish","format-standard","has-post-thumbnail","hentry","category-destaque-lista","category-geral","category-mineracao","tag-bernardo-gonzaga","tag-cop30","tag-deputado-ze-silva","tag-mineracao","tag-minerais-criticos","tag-pl-2-780-2024","tag-politica-nacional-de-minerais-criticos"],"yoast_head":"<!-- This site is optimized with the Yoast SEO Premium plugin v25.4 (Yoast SEO v26.0) - https:\/\/yoast.com\/wordpress\/plugins\/seo\/ -->\n<title>Autor de PL que cria Pol\u00edtica Nacional de Minerais Cr\u00edticos quer aprova\u00e7\u00e3o antes da COP30 - Ag\u00eancia iNFRA<\/title>\n<meta name=\"robots\" content=\"index, follow, max-snippet:-1, max-image-preview:large, max-video-preview:-1\" \/>\n<link rel=\"canonical\" href=\"https:\/\/agenciainfra.com\/blog\/autor-de-pl-que-cria-politica-nacional-de-minerais-criticos-quer-aprovacao-antes-da-cop30\/\" \/>\n<meta property=\"og:locale\" content=\"pt_BR\" \/>\n<meta property=\"og:type\" content=\"article\" \/>\n<meta property=\"og:title\" content=\"Autor de PL que cria Pol\u00edtica Nacional de Minerais Cr\u00edticos quer aprova\u00e7\u00e3o antes da COP30\" \/>\n<meta property=\"og:description\" content=\"Bernardo Gonzaga, da Ag\u00eancia iNFRA O autor do PL (Projeto de Lei)&nbsp;2.780\/2024, que cria a PMCE (Pol\u00edtica Nacional de Minerais Cr\u00edticos e Estrat\u00e9gicos), deputado federal Z\u00e9 Silva (Solidariedade-MG), disse que espera&nbsp;a aprova\u00e7\u00e3o do texto antes do in\u00edcio da COP30&nbsp;(Confer\u00eancia da ONU sobre Mudan\u00e7as Clim\u00e1ticas), em Bel\u00e9m (PA), que acontece em novembro deste ano. Em entrevista [&hellip;]\" \/>\n<meta property=\"og:url\" content=\"https:\/\/agenciainfra.com\/blog\/autor-de-pl-que-cria-politica-nacional-de-minerais-criticos-quer-aprovacao-antes-da-cop30\/\" \/>\n<meta property=\"og:site_name\" content=\"Ag\u00eancia iNFRA\" \/>\n<meta property=\"article:publisher\" content=\"https:\/\/www.facebook.com\/ageninfra\" \/>\n<meta property=\"article:published_time\" content=\"2025-05-02T13:00:00+00:00\" \/>\n<meta property=\"article:modified_time\" content=\"2025-05-16T14:01:25+00:00\" \/>\n<meta property=\"og:image\" content=\"https:\/\/agenciainfra.com\/blog\/wp-content\/uploads\/2025\/05\/mineracao-foto-jose-cruz-agencia-brasil.jpg\" \/>\n\t<meta property=\"og:image:width\" content=\"1280\" \/>\n\t<meta property=\"og:image:height\" content=\"766\" \/>\n\t<meta property=\"og:image:type\" content=\"image\/jpeg\" \/>\n<meta name=\"author\" content=\"Ag\u00eancia iNFRA\" \/>\n<meta name=\"twitter:card\" content=\"summary_large_image\" \/>\n<meta name=\"twitter:creator\" content=\"@agencia_infra\" \/>\n<meta name=\"twitter:site\" content=\"@agencia_infra\" \/>\n<meta name=\"twitter:label1\" content=\"Escrito por\" \/>\n\t<meta name=\"twitter:data1\" content=\"Ag\u00eancia iNFRA\" \/>\n\t<meta name=\"twitter:label2\" content=\"Est. tempo de leitura\" \/>\n\t<meta name=\"twitter:data2\" content=\"4 minutos\" \/>\n<script type=\"application\/ld+json\" class=\"yoast-schema-graph\">{\"@context\":\"https:\/\/schema.org\",\"@graph\":[{\"@type\":\"Article\",\"@id\":\"https:\/\/agenciainfra.com\/blog\/autor-de-pl-que-cria-politica-nacional-de-minerais-criticos-quer-aprovacao-antes-da-cop30\/#article\",\"isPartOf\":{\"@id\":\"https:\/\/agenciainfra.com\/blog\/autor-de-pl-que-cria-politica-nacional-de-minerais-criticos-quer-aprovacao-antes-da-cop30\/\"},\"author\":{\"name\":\"Ag\u00eancia iNFRA\",\"@id\":\"https:\/\/agenciainfra.com\/blog\/#\/schema\/person\/34af08dff6adea4cb22b06612ba7acfa\"},\"headline\":\"Autor de PL que cria Pol\u00edtica Nacional de Minerais Cr\u00edticos quer aprova\u00e7\u00e3o antes da COP30\",\"datePublished\":\"2025-05-02T13:00:00+00:00\",\"dateModified\":\"2025-05-16T14:01:25+00:00\",\"mainEntityOfPage\":{\"@id\":\"https:\/\/agenciainfra.com\/blog\/autor-de-pl-que-cria-politica-nacional-de-minerais-criticos-quer-aprovacao-antes-da-cop30\/\"},\"wordCount\":770,\"publisher\":{\"@id\":\"https:\/\/agenciainfra.com\/blog\/#organization\"},\"image\":{\"@id\":\"https:\/\/agenciainfra.com\/blog\/autor-de-pl-que-cria-politica-nacional-de-minerais-criticos-quer-aprovacao-antes-da-cop30\/#primaryimage\"},\"thumbnailUrl\":\"https:\/\/agenciainfra.com\/blog\/wp-content\/uploads\/2025\/05\/mineracao-foto-jose-cruz-agencia-brasil.jpg\",\"keywords\":[\"bernardo gonzaga\",\"COP30\",\"deputado z\u00e9 silva\",\"minera\u00e7\u00e3o\",\"minerais cr\u00edticos\",\"pl 2.780\/2024\",\"pol\u00edtica nacional de minerais cr\u00edticos\"],\"articleSection\":[\"Destaque lista\",\"Geral\",\"Minera\u00e7\u00e3o\"],\"inLanguage\":\"pt-BR\",\"copyrightYear\":\"2025\",\"copyrightHolder\":{\"@id\":\"https:\/\/agenciainfra.com\/blog\/#organization\"}},{\"@type\":\"WebPage\",\"@id\":\"https:\/\/agenciainfra.com\/blog\/autor-de-pl-que-cria-politica-nacional-de-minerais-criticos-quer-aprovacao-antes-da-cop30\/\",\"url\":\"https:\/\/agenciainfra.com\/blog\/autor-de-pl-que-cria-politica-nacional-de-minerais-criticos-quer-aprovacao-antes-da-cop30\/\",\"name\":\"Autor de PL que cria Pol\u00edtica Nacional de Minerais Cr\u00edticos quer aprova\u00e7\u00e3o antes da COP30 - Ag\u00eancia iNFRA\",\"isPartOf\":{\"@id\":\"https:\/\/agenciainfra.com\/blog\/#website\"},\"primaryImageOfPage\":{\"@id\":\"https:\/\/agenciainfra.com\/blog\/autor-de-pl-que-cria-politica-nacional-de-minerais-criticos-quer-aprovacao-antes-da-cop30\/#primaryimage\"},\"image\":{\"@id\":\"https:\/\/agenciainfra.com\/blog\/autor-de-pl-que-cria-politica-nacional-de-minerais-criticos-quer-aprovacao-antes-da-cop30\/#primaryimage\"},\"thumbnailUrl\":\"https:\/\/agenciainfra.com\/blog\/wp-content\/uploads\/2025\/05\/mineracao-foto-jose-cruz-agencia-brasil.jpg\",\"datePublished\":\"2025-05-02T13:00:00+00:00\",\"dateModified\":\"2025-05-16T14:01:25+00:00\",\"breadcrumb\":{\"@id\":\"https:\/\/agenciainfra.com\/blog\/autor-de-pl-que-cria-politica-nacional-de-minerais-criticos-quer-aprovacao-antes-da-cop30\/#breadcrumb\"},\"inLanguage\":\"pt-BR\",\"potentialAction\":[{\"@type\":\"ReadAction\",\"target\":[\"https:\/\/agenciainfra.com\/blog\/autor-de-pl-que-cria-politica-nacional-de-minerais-criticos-quer-aprovacao-antes-da-cop30\/\"]}]},{\"@type\":\"ImageObject\",\"inLanguage\":\"pt-BR\",\"@id\":\"https:\/\/agenciainfra.com\/blog\/autor-de-pl-que-cria-politica-nacional-de-minerais-criticos-quer-aprovacao-antes-da-cop30\/#primaryimage\",\"url\":\"https:\/\/agenciainfra.com\/blog\/wp-content\/uploads\/2025\/05\/mineracao-foto-jose-cruz-agencia-brasil.jpg\",\"contentUrl\":\"https:\/\/agenciainfra.com\/blog\/wp-content\/uploads\/2025\/05\/mineracao-foto-jose-cruz-agencia-brasil.jpg\",\"width\":1280,\"height\":766,\"caption\":\"Foto: Jos\u00e9 Cruz\/Ag\u00eancia Brasil\"},{\"@type\":\"BreadcrumbList\",\"@id\":\"https:\/\/agenciainfra.com\/blog\/autor-de-pl-que-cria-politica-nacional-de-minerais-criticos-quer-aprovacao-antes-da-cop30\/#breadcrumb\",\"itemListElement\":[{\"@type\":\"ListItem\",\"position\":1,\"name\":\"In\u00edcio\",\"item\":\"https:\/\/agenciainfra.com\/blog\/\"},{\"@type\":\"ListItem\",\"position\":2,\"name\":\"Autor de PL que cria Pol\u00edtica Nacional de Minerais Cr\u00edticos quer aprova\u00e7\u00e3o antes da COP30\"}]},{\"@type\":\"WebSite\",\"@id\":\"https:\/\/agenciainfra.com\/blog\/#website\",\"url\":\"https:\/\/agenciainfra.com\/blog\/\",\"name\":\"Ag\u00eancia iNFRA\",\"description\":\"Multiplataforma de informa\u00e7\u00e3o jornal\u00edstica refer\u00eancia na \u00e1rea de infraestrutura no Brasil!\",\"publisher\":{\"@id\":\"https:\/\/agenciainfra.com\/blog\/#organization\"},\"potentialAction\":[{\"@type\":\"SearchAction\",\"target\":{\"@type\":\"EntryPoint\",\"urlTemplate\":\"https:\/\/agenciainfra.com\/blog\/?s={search_term_string}\"},\"query-input\":{\"@type\":\"PropertyValueSpecification\",\"valueRequired\":true,\"valueName\":\"search_term_string\"}}],\"inLanguage\":\"pt-BR\"},{\"@type\":\"Organization\",\"@id\":\"https:\/\/agenciainfra.com\/blog\/#organization\",\"name\":\"Ag\u00eancia iNFRA\",\"url\":\"https:\/\/agenciainfra.com\/blog\/\",\"logo\":{\"@type\":\"ImageObject\",\"inLanguage\":\"pt-BR\",\"@id\":\"https:\/\/agenciainfra.com\/blog\/#\/schema\/logo\/image\/\",\"url\":\"https:\/\/agenciainfra.com\/blog\/wp-content\/uploads\/2023\/09\/iNFRA_5-e1761735885940.png\",\"contentUrl\":\"https:\/\/agenciainfra.com\/blog\/wp-content\/uploads\/2023\/09\/iNFRA_5-e1761735885940.png\",\"width\":1672,\"height\":454,\"caption\":\"Ag\u00eancia iNFRA\"},\"image\":{\"@id\":\"https:\/\/agenciainfra.com\/blog\/#\/schema\/logo\/image\/\"},\"sameAs\":[\"https:\/\/www.facebook.com\/ageninfra\",\"https:\/\/x.com\/agencia_infra\",\"https:\/\/www.linkedin.com\/company\/ag\u00eanciainfra\/\",\"https:\/\/www.instagram.com\/agenciainfra\/\"]},{\"@type\":\"Person\",\"@id\":\"https:\/\/agenciainfra.com\/blog\/#\/schema\/person\/34af08dff6adea4cb22b06612ba7acfa\",\"name\":\"Ag\u00eancia iNFRA\",\"image\":{\"@type\":\"ImageObject\",\"inLanguage\":\"pt-BR\",\"@id\":\"https:\/\/agenciainfra.com\/blog\/#\/schema\/person\/image\/\",\"url\":\"https:\/\/secure.gravatar.com\/avatar\/d189e01678f06d8eb84d4e01f08eb848b3fffe3f8443818d3c356c66892f5be8?s=96&d=mm&r=g\",\"contentUrl\":\"https:\/\/secure.gravatar.com\/avatar\/d189e01678f06d8eb84d4e01f08eb848b3fffe3f8443818d3c356c66892f5be8?s=96&d=mm&r=g\",\"caption\":\"Ag\u00eancia iNFRA\"},\"url\":\"https:\/\/agenciainfra.com\/blog\/author\/admin\/\"}]}<\/script>\n<!-- \/ Yoast SEO Premium plugin. -->","yoast_head_json":{"title":"Autor de PL que cria Pol\u00edtica Nacional de Minerais Cr\u00edticos quer aprova\u00e7\u00e3o antes da COP30 - Ag\u00eancia iNFRA","robots":{"index":"index","follow":"follow","max-snippet":"max-snippet:-1","max-image-preview":"max-image-preview:large","max-video-preview":"max-video-preview:-1"},"canonical":"https:\/\/agenciainfra.com\/blog\/autor-de-pl-que-cria-politica-nacional-de-minerais-criticos-quer-aprovacao-antes-da-cop30\/","og_locale":"pt_BR","og_type":"article","og_title":"Autor de PL que cria Pol\u00edtica Nacional de Minerais Cr\u00edticos quer aprova\u00e7\u00e3o antes da COP30","og_description":"Bernardo Gonzaga, da Ag\u00eancia iNFRA O autor do PL (Projeto de Lei)&nbsp;2.780\/2024, que cria a PMCE (Pol\u00edtica Nacional de Minerais Cr\u00edticos e Estrat\u00e9gicos), deputado federal Z\u00e9 Silva (Solidariedade-MG), disse que espera&nbsp;a aprova\u00e7\u00e3o do texto antes do in\u00edcio da COP30&nbsp;(Confer\u00eancia da ONU sobre Mudan\u00e7as Clim\u00e1ticas), em Bel\u00e9m (PA), que acontece em novembro deste ano. Em entrevista [&hellip;]","og_url":"https:\/\/agenciainfra.com\/blog\/autor-de-pl-que-cria-politica-nacional-de-minerais-criticos-quer-aprovacao-antes-da-cop30\/","og_site_name":"Ag\u00eancia iNFRA","article_publisher":"https:\/\/www.facebook.com\/ageninfra","article_published_time":"2025-05-02T13:00:00+00:00","article_modified_time":"2025-05-16T14:01:25+00:00","og_image":[{"width":1280,"height":766,"url":"https:\/\/agenciainfra.com\/blog\/wp-content\/uploads\/2025\/05\/mineracao-foto-jose-cruz-agencia-brasil.jpg","type":"image\/jpeg"}],"author":"Ag\u00eancia iNFRA","twitter_card":"summary_large_image","twitter_creator":"@agencia_infra","twitter_site":"@agencia_infra","twitter_misc":{"Escrito por":"Ag\u00eancia iNFRA","Est. tempo de leitura":"4 minutos"},"schema":{"@context":"https:\/\/schema.org","@graph":[{"@type":"Article","@id":"https:\/\/agenciainfra.com\/blog\/autor-de-pl-que-cria-politica-nacional-de-minerais-criticos-quer-aprovacao-antes-da-cop30\/#article","isPartOf":{"@id":"https:\/\/agenciainfra.com\/blog\/autor-de-pl-que-cria-politica-nacional-de-minerais-criticos-quer-aprovacao-antes-da-cop30\/"},"author":{"name":"Ag\u00eancia iNFRA","@id":"https:\/\/agenciainfra.com\/blog\/#\/schema\/person\/34af08dff6adea4cb22b06612ba7acfa"},"headline":"Autor de PL que cria Pol\u00edtica Nacional de Minerais Cr\u00edticos quer aprova\u00e7\u00e3o antes da COP30","datePublished":"2025-05-02T13:00:00+00:00","dateModified":"2025-05-16T14:01:25+00:00","mainEntityOfPage":{"@id":"https:\/\/agenciainfra.com\/blog\/autor-de-pl-que-cria-politica-nacional-de-minerais-criticos-quer-aprovacao-antes-da-cop30\/"},"wordCount":770,"publisher":{"@id":"https:\/\/agenciainfra.com\/blog\/#organization"},"image":{"@id":"https:\/\/agenciainfra.com\/blog\/autor-de-pl-que-cria-politica-nacional-de-minerais-criticos-quer-aprovacao-antes-da-cop30\/#primaryimage"},"thumbnailUrl":"https:\/\/agenciainfra.com\/blog\/wp-content\/uploads\/2025\/05\/mineracao-foto-jose-cruz-agencia-brasil.jpg","keywords":["bernardo gonzaga","COP30","deputado z\u00e9 silva","minera\u00e7\u00e3o","minerais cr\u00edticos","pl 2.780\/2024","pol\u00edtica nacional de minerais cr\u00edticos"],"articleSection":["Destaque lista","Geral","Minera\u00e7\u00e3o"],"inLanguage":"pt-BR","copyrightYear":"2025","copyrightHolder":{"@id":"https:\/\/agenciainfra.com\/blog\/#organization"}},{"@type":"WebPage","@id":"https:\/\/agenciainfra.com\/blog\/autor-de-pl-que-cria-politica-nacional-de-minerais-criticos-quer-aprovacao-antes-da-cop30\/","url":"https:\/\/agenciainfra.com\/blog\/autor-de-pl-que-cria-politica-nacional-de-minerais-criticos-quer-aprovacao-antes-da-cop30\/","name":"Autor de PL que cria Pol\u00edtica Nacional de Minerais Cr\u00edticos quer aprova\u00e7\u00e3o antes da COP30 - Ag\u00eancia iNFRA","isPartOf":{"@id":"https:\/\/agenciainfra.com\/blog\/#website"},"primaryImageOfPage":{"@id":"https:\/\/agenciainfra.com\/blog\/autor-de-pl-que-cria-politica-nacional-de-minerais-criticos-quer-aprovacao-antes-da-cop30\/#primaryimage"},"image":{"@id":"https:\/\/agenciainfra.com\/blog\/autor-de-pl-que-cria-politica-nacional-de-minerais-criticos-quer-aprovacao-antes-da-cop30\/#primaryimage"},"thumbnailUrl":"https:\/\/agenciainfra.com\/blog\/wp-content\/uploads\/2025\/05\/mineracao-foto-jose-cruz-agencia-brasil.jpg","datePublished":"2025-05-02T13:00:00+00:00","dateModified":"2025-05-16T14:01:25+00:00","breadcrumb":{"@id":"https:\/\/agenciainfra.com\/blog\/autor-de-pl-que-cria-politica-nacional-de-minerais-criticos-quer-aprovacao-antes-da-cop30\/#breadcrumb"},"inLanguage":"pt-BR","potentialAction":[{"@type":"ReadAction","target":["https:\/\/agenciainfra.com\/blog\/autor-de-pl-que-cria-politica-nacional-de-minerais-criticos-quer-aprovacao-antes-da-cop30\/"]}]},{"@type":"ImageObject","inLanguage":"pt-BR","@id":"https:\/\/agenciainfra.com\/blog\/autor-de-pl-que-cria-politica-nacional-de-minerais-criticos-quer-aprovacao-antes-da-cop30\/#primaryimage","url":"https:\/\/agenciainfra.com\/blog\/wp-content\/uploads\/2025\/05\/mineracao-foto-jose-cruz-agencia-brasil.jpg","contentUrl":"https:\/\/agenciainfra.com\/blog\/wp-content\/uploads\/2025\/05\/mineracao-foto-jose-cruz-agencia-brasil.jpg","width":1280,"height":766,"caption":"Foto: Jos\u00e9 Cruz\/Ag\u00eancia Brasil"},{"@type":"BreadcrumbList","@id":"https:\/\/agenciainfra.com\/blog\/autor-de-pl-que-cria-politica-nacional-de-minerais-criticos-quer-aprovacao-antes-da-cop30\/#breadcrumb","itemListElement":[{"@type":"ListItem","position":1,"name":"In\u00edcio","item":"https:\/\/agenciainfra.com\/blog\/"},{"@type":"ListItem","position":2,"name":"Autor de PL que cria Pol\u00edtica Nacional de Minerais Cr\u00edticos quer aprova\u00e7\u00e3o antes da COP30"}]},{"@type":"WebSite","@id":"https:\/\/agenciainfra.com\/blog\/#website","url":"https:\/\/agenciainfra.com\/blog\/","name":"Ag\u00eancia iNFRA","description":"Multiplataforma de informa\u00e7\u00e3o jornal\u00edstica refer\u00eancia na \u00e1rea de infraestrutura no Brasil!","publisher":{"@id":"https:\/\/agenciainfra.com\/blog\/#organization"},"potentialAction":[{"@type":"SearchAction","target":{"@type":"EntryPoint","urlTemplate":"https:\/\/agenciainfra.com\/blog\/?s={search_term_string}"},"query-input":{"@type":"PropertyValueSpecification","valueRequired":true,"valueName":"search_term_string"}}],"inLanguage":"pt-BR"},{"@type":"Organization","@id":"https:\/\/agenciainfra.com\/blog\/#organization","name":"Ag\u00eancia iNFRA","url":"https:\/\/agenciainfra.com\/blog\/","logo":{"@type":"ImageObject","inLanguage":"pt-BR","@id":"https:\/\/agenciainfra.com\/blog\/#\/schema\/logo\/image\/","url":"https:\/\/agenciainfra.com\/blog\/wp-content\/uploads\/2023\/09\/iNFRA_5-e1761735885940.png","contentUrl":"https:\/\/agenciainfra.com\/blog\/wp-content\/uploads\/2023\/09\/iNFRA_5-e1761735885940.png","width":1672,"height":454,"caption":"Ag\u00eancia iNFRA"},"image":{"@id":"https:\/\/agenciainfra.com\/blog\/#\/schema\/logo\/image\/"},"sameAs":["https:\/\/www.facebook.com\/ageninfra","https:\/\/x.com\/agencia_infra","https:\/\/www.linkedin.com\/company\/ag\u00eanciainfra\/","https:\/\/www.instagram.com\/agenciainfra\/"]},{"@type":"Person","@id":"https:\/\/agenciainfra.com\/blog\/#\/schema\/person\/34af08dff6adea4cb22b06612ba7acfa","name":"Ag\u00eancia iNFRA","image":{"@type":"ImageObject","inLanguage":"pt-BR","@id":"https:\/\/agenciainfra.com\/blog\/#\/schema\/person\/image\/","url":"https:\/\/secure.gravatar.com\/avatar\/d189e01678f06d8eb84d4e01f08eb848b3fffe3f8443818d3c356c66892f5be8?s=96&d=mm&r=g","contentUrl":"https:\/\/secure.gravatar.com\/avatar\/d189e01678f06d8eb84d4e01f08eb848b3fffe3f8443818d3c356c66892f5be8?s=96&d=mm&r=g","caption":"Ag\u00eancia iNFRA"},"url":"https:\/\/agenciainfra.com\/blog\/author\/admin\/"}]}},"_links":{"self":[{"href":"https:\/\/agenciainfra.com\/blog\/wp-json\/wp\/v2\/posts\/21239","targetHints":{"allow":["GET"]}}],"collection":[{"href":"https:\/\/agenciainfra.com\/blog\/wp-json\/wp\/v2\/posts"}],"about":[{"href":"https:\/\/agenciainfra.com\/blog\/wp-json\/wp\/v2\/types\/post"}],"author":[{"embeddable":true,"href":"https:\/\/agenciainfra.com\/blog\/wp-json\/wp\/v2\/users\/1"}],"replies":[{"embeddable":true,"href":"https:\/\/agenciainfra.com\/blog\/wp-json\/wp\/v2\/comments?post=21239"}],"version-history":[{"count":1,"href":"https:\/\/agenciainfra.com\/blog\/wp-json\/wp\/v2\/posts\/21239\/revisions"}],"predecessor-version":[{"id":21241,"href":"https:\/\/agenciainfra.com\/blog\/wp-json\/wp\/v2\/posts\/21239\/revisions\/21241"}],"wp:featuredmedia":[{"embeddable":true,"href":"https:\/\/agenciainfra.com\/blog\/wp-json\/wp\/v2\/media\/21821"}],"wp:attachment":[{"href":"https:\/\/agenciainfra.com\/blog\/wp-json\/wp\/v2\/media?parent=21239"}],"wp:term":[{"taxonomy":"category","embeddable":true,"href":"https:\/\/agenciainfra.com\/blog\/wp-json\/wp\/v2\/categories?post=21239"},{"taxonomy":"post_tag","embeddable":true,"href":"https:\/\/agenciainfra.com\/blog\/wp-json\/wp\/v2\/tags?post=21239"}],"curies":[{"name":"wp","href":"https:\/\/api.w.org\/{rel}","templated":true}]}}