{"id":21258,"date":"2025-05-02T14:32:15","date_gmt":"2025-05-02T17:32:15","guid":{"rendered":"https:\/\/agenciainfra.com\/blog\/?p=21258"},"modified":"2025-05-04T12:27:23","modified_gmt":"2025-05-04T15:27:23","slug":"lula-da-sinal-verde-e-reforma-do-setor-eletrico-pode-ser-encaminhada-como-mp-em-ate-15-dias-dizem-fontes","status":"publish","type":"post","link":"https:\/\/agenciainfra.com\/blog\/lula-da-sinal-verde-e-reforma-do-setor-eletrico-pode-ser-encaminhada-como-mp-em-ate-15-dias-dizem-fontes\/","title":{"rendered":"Lula d\u00e1 sinal verde e reforma do setor el\u00e9trico pode ser encaminhada como MP em at\u00e9 15 dias, dizem fontes"},"content":{"rendered":"\n<p class=\"has-text-align-right\"><strong>Geraldo Campos Jr. e Lais Carregosa, da Ag\u00eancia iNFRA<\/strong><\/p>\n\n\n\n<p>O presidente Lula deu sinal verde ao ministro de Minas e Energia, Alexandre Silveira, para a proposta de reforma do setor el\u00e9trico. Os dois se reuniram na manh\u00e3 desta sexta-feira (2) no Pal\u00e1cio do Planalto. Fontes disseram \u00e0 <strong>Ag\u00eancia iNFRA<\/strong> que a tend\u00eancia \u00e9 que o texto seja enviado ao Congresso como MP (Medida Provis\u00f3ria) em at\u00e9 15 dias.<\/p>\n\n\n\n<p>Na reuni\u00e3o, Silveira e Lula discutiram dois pontos da reforma: a amplia\u00e7\u00e3o da tarifa social para benefici\u00e1rios do Cad\u00danico, com gratuidade no consumo de at\u00e9 80 kWh por m\u00eas; e a abertura completa do mercado livre de energia para o grupo B, a partir de 2027.<\/p>\n\n\n\n<p>Segundo fontes, Lula analisou os detalhes apresentados por Silveira e ficou entusiasmado com a proposta, em especial com a amplia\u00e7\u00e3o da tarifa social.&nbsp;<\/p>\n\n\n\n<p>Enviada \u00e0 Casa Civil no \u00faltimo dia 16, a reforma toca em temas como equaliza\u00e7\u00e3o de custos com o mercado livre, autoprodu\u00e7\u00e3o por equipara\u00e7\u00e3o, abertura do mercado e amplia\u00e7\u00e3o da tarifa social. O texto foi encaminhado com a inten\u00e7\u00e3o de tramitar como projeto de lei, mas tende a ser publicado na forma de MP, com vig\u00eancia imediata.<\/p>\n\n\n\n<p>Ainda antes de anunciar as medidas da reforma, Silveira j\u00e1 havia defendido publicamente que a proposta fosse enviada via MP. Em mar\u00e7o, o ministro <a href=\"https:\/\/agenciainfra.com\/blog\/ministro-defende-reforma-estruturante-do-setor-eletrico-via-medida-provisoria\/\">disse em entrevista<\/a> que a sua avalia\u00e7\u00e3o \u00e9 que a reestrutura\u00e7\u00e3o do setor tem a urg\u00eancia e relev\u00e2ncia necess\u00e1rias para ser feita via medida provis\u00f3ria.<\/p>\n\n\n\n<p>Na avalia\u00e7\u00e3o de agentes do setor, contudo, o PL (Projeto de Lei) seria a melhor maneira de tramitar a proposta, com mais tempo para discuss\u00e3o no Congresso. O MME (Minist\u00e9rio de Minas e Energia) s\u00f3 se reuniu com as associa\u00e7\u00f5es do setor el\u00e9trico para colher sugest\u00f5es ap\u00f3s o envio do texto \u00e0 Casa Civil, embora <a href=\"https:\/\/agenciainfra.com\/blog\/mme-pode-mudar-reforma-do-setor-eletrico-associacoes-questionam-autoproducao-e-acl\/\">sinalize que ainda h\u00e1 tempo<\/a> para altera\u00e7\u00f5es.<\/p>\n","protected":false},"excerpt":{"rendered":"<p>Geraldo Campos Jr. e Lais Carregosa, da Ag\u00eancia iNFRA O presidente Lula deu sinal verde ao ministro de Minas e Energia, Alexandre Silveira, para a proposta de reforma do setor el\u00e9trico. Os dois se reuniram na manh\u00e3 desta sexta-feira (2) no Pal\u00e1cio do Planalto. Fontes disseram \u00e0 Ag\u00eancia iNFRA que a tend\u00eancia \u00e9 que o [&hellip;]<\/p>\n","protected":false},"author":1,"featured_media":17180,"comment_status":"closed","ping_status":"closed","sticky":false,"template":"","format":"standard","meta":{"_monsterinsights_skip_tracking":false,"_monsterinsights_sitenote_active":false,"_monsterinsights_sitenote_note":"","_monsterinsights_sitenote_category":0,"footnotes":""},"categories":[9714,1,10],"tags":[11594,13132,580,96,12541,10710,54,3797],"class_list":["post-21258","post","type-post","status-publish","format-standard","has-post-thumbnail","hentry","category-destaque-menor","category-geral","category-infraenergia","tag-geraldo-campos-jr","tag-lais-carregosa","tag-lula","tag-ministerio-de-minas-e-energia","tag-ministro-alexandre-silveira","tag-reforma-do-setor-eletrico","tag-setor-eletrico","tag-tarifa-social"],"yoast_head":"<!-- This site is optimized with the Yoast SEO Premium plugin v25.4 (Yoast SEO v26.0) - https:\/\/yoast.com\/wordpress\/plugins\/seo\/ -->\n<title>Lula d\u00e1 sinal verde e reforma do setor el\u00e9trico pode ser encaminhada como MP em at\u00e9 15 dias, dizem fontes - Ag\u00eancia iNFRA<\/title>\n<meta name=\"robots\" content=\"index, follow, max-snippet:-1, max-image-preview:large, max-video-preview:-1\" \/>\n<link rel=\"canonical\" href=\"https:\/\/agenciainfra.com\/blog\/lula-da-sinal-verde-e-reforma-do-setor-eletrico-pode-ser-encaminhada-como-mp-em-ate-15-dias-dizem-fontes\/\" \/>\n<meta property=\"og:locale\" content=\"pt_BR\" \/>\n<meta property=\"og:type\" content=\"article\" \/>\n<meta property=\"og:title\" content=\"Lula d\u00e1 sinal verde e reforma do setor el\u00e9trico pode ser encaminhada como MP em at\u00e9 15 dias, dizem fontes\" \/>\n<meta property=\"og:description\" content=\"Geraldo Campos Jr. e Lais Carregosa, da Ag\u00eancia iNFRA O presidente Lula deu sinal verde ao ministro de Minas e Energia, Alexandre Silveira, para a proposta de reforma do setor el\u00e9trico. Os dois se reuniram na manh\u00e3 desta sexta-feira (2) no Pal\u00e1cio do Planalto. Fontes disseram \u00e0 Ag\u00eancia iNFRA que a tend\u00eancia \u00e9 que o [&hellip;]\" \/>\n<meta property=\"og:url\" content=\"https:\/\/agenciainfra.com\/blog\/lula-da-sinal-verde-e-reforma-do-setor-eletrico-pode-ser-encaminhada-como-mp-em-ate-15-dias-dizem-fontes\/\" \/>\n<meta property=\"og:site_name\" content=\"Ag\u00eancia iNFRA\" \/>\n<meta property=\"article:publisher\" content=\"https:\/\/www.facebook.com\/ageninfra\" \/>\n<meta property=\"article:published_time\" content=\"2025-05-02T17:32:15+00:00\" \/>\n<meta property=\"article:modified_time\" content=\"2025-05-04T15:27:23+00:00\" \/>\n<meta property=\"og:image\" content=\"https:\/\/agenciainfra.com\/blog\/wp-content\/uploads\/2024\/06\/lula-alexandre-silveira-foto-agencia-brasil.jpg\" \/>\n\t<meta property=\"og:image:width\" content=\"1202\" \/>\n\t<meta property=\"og:image:height\" content=\"801\" \/>\n\t<meta property=\"og:image:type\" content=\"image\/jpeg\" \/>\n<meta name=\"author\" content=\"Ag\u00eancia iNFRA\" \/>\n<meta name=\"twitter:card\" content=\"summary_large_image\" \/>\n<meta name=\"twitter:creator\" content=\"@agencia_infra\" \/>\n<meta name=\"twitter:site\" content=\"@agencia_infra\" \/>\n<meta name=\"twitter:label1\" content=\"Escrito por\" \/>\n\t<meta name=\"twitter:data1\" content=\"Ag\u00eancia iNFRA\" \/>\n\t<meta name=\"twitter:label2\" content=\"Est. tempo de leitura\" \/>\n\t<meta name=\"twitter:data2\" content=\"2 minutos\" \/>\n<script type=\"application\/ld+json\" class=\"yoast-schema-graph\">{\"@context\":\"https:\/\/schema.org\",\"@graph\":[{\"@type\":\"Article\",\"@id\":\"https:\/\/agenciainfra.com\/blog\/lula-da-sinal-verde-e-reforma-do-setor-eletrico-pode-ser-encaminhada-como-mp-em-ate-15-dias-dizem-fontes\/#article\",\"isPartOf\":{\"@id\":\"https:\/\/agenciainfra.com\/blog\/lula-da-sinal-verde-e-reforma-do-setor-eletrico-pode-ser-encaminhada-como-mp-em-ate-15-dias-dizem-fontes\/\"},\"author\":{\"name\":\"Ag\u00eancia iNFRA\",\"@id\":\"https:\/\/agenciainfra.com\/blog\/#\/schema\/person\/34af08dff6adea4cb22b06612ba7acfa\"},\"headline\":\"Lula d\u00e1 sinal verde e reforma do setor el\u00e9trico pode ser encaminhada como MP em at\u00e9 15 dias, dizem fontes\",\"datePublished\":\"2025-05-02T17:32:15+00:00\",\"dateModified\":\"2025-05-04T15:27:23+00:00\",\"mainEntityOfPage\":{\"@id\":\"https:\/\/agenciainfra.com\/blog\/lula-da-sinal-verde-e-reforma-do-setor-eletrico-pode-ser-encaminhada-como-mp-em-ate-15-dias-dizem-fontes\/\"},\"wordCount\":349,\"publisher\":{\"@id\":\"https:\/\/agenciainfra.com\/blog\/#organization\"},\"image\":{\"@id\":\"https:\/\/agenciainfra.com\/blog\/lula-da-sinal-verde-e-reforma-do-setor-eletrico-pode-ser-encaminhada-como-mp-em-ate-15-dias-dizem-fontes\/#primaryimage\"},\"thumbnailUrl\":\"https:\/\/agenciainfra.com\/blog\/wp-content\/uploads\/2024\/06\/lula-alexandre-silveira-foto-agencia-brasil.jpg\",\"keywords\":[\"Geraldo Campos Jr.\",\"Lais Carregosa\",\"Lula\",\"Minist\u00e9rio de Minas e Energia\",\"Ministro Alexandre Silveira\",\"Reforma do Setor El\u00e9trico\",\"Setor El\u00e9trico\",\"Tarifa Social\"],\"articleSection\":[\"Destaque Menor\",\"Geral\",\"iNFRAEnergia\"],\"inLanguage\":\"pt-BR\",\"copyrightYear\":\"2025\",\"copyrightHolder\":{\"@id\":\"https:\/\/agenciainfra.com\/blog\/#organization\"}},{\"@type\":\"WebPage\",\"@id\":\"https:\/\/agenciainfra.com\/blog\/lula-da-sinal-verde-e-reforma-do-setor-eletrico-pode-ser-encaminhada-como-mp-em-ate-15-dias-dizem-fontes\/\",\"url\":\"https:\/\/agenciainfra.com\/blog\/lula-da-sinal-verde-e-reforma-do-setor-eletrico-pode-ser-encaminhada-como-mp-em-ate-15-dias-dizem-fontes\/\",\"name\":\"Lula d\u00e1 sinal verde e reforma do setor el\u00e9trico pode ser encaminhada como MP em at\u00e9 15 dias, dizem fontes - Ag\u00eancia iNFRA\",\"isPartOf\":{\"@id\":\"https:\/\/agenciainfra.com\/blog\/#website\"},\"primaryImageOfPage\":{\"@id\":\"https:\/\/agenciainfra.com\/blog\/lula-da-sinal-verde-e-reforma-do-setor-eletrico-pode-ser-encaminhada-como-mp-em-ate-15-dias-dizem-fontes\/#primaryimage\"},\"image\":{\"@id\":\"https:\/\/agenciainfra.com\/blog\/lula-da-sinal-verde-e-reforma-do-setor-eletrico-pode-ser-encaminhada-como-mp-em-ate-15-dias-dizem-fontes\/#primaryimage\"},\"thumbnailUrl\":\"https:\/\/agenciainfra.com\/blog\/wp-content\/uploads\/2024\/06\/lula-alexandre-silveira-foto-agencia-brasil.jpg\",\"datePublished\":\"2025-05-02T17:32:15+00:00\",\"dateModified\":\"2025-05-04T15:27:23+00:00\",\"breadcrumb\":{\"@id\":\"https:\/\/agenciainfra.com\/blog\/lula-da-sinal-verde-e-reforma-do-setor-eletrico-pode-ser-encaminhada-como-mp-em-ate-15-dias-dizem-fontes\/#breadcrumb\"},\"inLanguage\":\"pt-BR\",\"potentialAction\":[{\"@type\":\"ReadAction\",\"target\":[\"https:\/\/agenciainfra.com\/blog\/lula-da-sinal-verde-e-reforma-do-setor-eletrico-pode-ser-encaminhada-como-mp-em-ate-15-dias-dizem-fontes\/\"]}]},{\"@type\":\"ImageObject\",\"inLanguage\":\"pt-BR\",\"@id\":\"https:\/\/agenciainfra.com\/blog\/lula-da-sinal-verde-e-reforma-do-setor-eletrico-pode-ser-encaminhada-como-mp-em-ate-15-dias-dizem-fontes\/#primaryimage\",\"url\":\"https:\/\/agenciainfra.com\/blog\/wp-content\/uploads\/2024\/06\/lula-alexandre-silveira-foto-agencia-brasil.jpg\",\"contentUrl\":\"https:\/\/agenciainfra.com\/blog\/wp-content\/uploads\/2024\/06\/lula-alexandre-silveira-foto-agencia-brasil.jpg\",\"width\":1202,\"height\":801},{\"@type\":\"BreadcrumbList\",\"@id\":\"https:\/\/agenciainfra.com\/blog\/lula-da-sinal-verde-e-reforma-do-setor-eletrico-pode-ser-encaminhada-como-mp-em-ate-15-dias-dizem-fontes\/#breadcrumb\",\"itemListElement\":[{\"@type\":\"ListItem\",\"position\":1,\"name\":\"In\u00edcio\",\"item\":\"https:\/\/agenciainfra.com\/blog\/\"},{\"@type\":\"ListItem\",\"position\":2,\"name\":\"Lula d\u00e1 sinal verde e reforma do setor el\u00e9trico pode ser encaminhada como MP em at\u00e9 15 dias, dizem fontes\"}]},{\"@type\":\"WebSite\",\"@id\":\"https:\/\/agenciainfra.com\/blog\/#website\",\"url\":\"https:\/\/agenciainfra.com\/blog\/\",\"name\":\"Ag\u00eancia iNFRA\",\"description\":\"Multiplataforma de informa\u00e7\u00e3o jornal\u00edstica refer\u00eancia na \u00e1rea de infraestrutura no Brasil!\",\"publisher\":{\"@id\":\"https:\/\/agenciainfra.com\/blog\/#organization\"},\"potentialAction\":[{\"@type\":\"SearchAction\",\"target\":{\"@type\":\"EntryPoint\",\"urlTemplate\":\"https:\/\/agenciainfra.com\/blog\/?s={search_term_string}\"},\"query-input\":{\"@type\":\"PropertyValueSpecification\",\"valueRequired\":true,\"valueName\":\"search_term_string\"}}],\"inLanguage\":\"pt-BR\"},{\"@type\":\"Organization\",\"@id\":\"https:\/\/agenciainfra.com\/blog\/#organization\",\"name\":\"Ag\u00eancia iNFRA\",\"url\":\"https:\/\/agenciainfra.com\/blog\/\",\"logo\":{\"@type\":\"ImageObject\",\"inLanguage\":\"pt-BR\",\"@id\":\"https:\/\/agenciainfra.com\/blog\/#\/schema\/logo\/image\/\",\"url\":\"https:\/\/agenciainfra.com\/blog\/wp-content\/uploads\/2023\/09\/iNFRA_5-e1761735885940.png\",\"contentUrl\":\"https:\/\/agenciainfra.com\/blog\/wp-content\/uploads\/2023\/09\/iNFRA_5-e1761735885940.png\",\"width\":1672,\"height\":454,\"caption\":\"Ag\u00eancia iNFRA\"},\"image\":{\"@id\":\"https:\/\/agenciainfra.com\/blog\/#\/schema\/logo\/image\/\"},\"sameAs\":[\"https:\/\/www.facebook.com\/ageninfra\",\"https:\/\/x.com\/agencia_infra\",\"https:\/\/www.linkedin.com\/company\/ag\u00eanciainfra\/\",\"https:\/\/www.instagram.com\/agenciainfra\/\"]},{\"@type\":\"Person\",\"@id\":\"https:\/\/agenciainfra.com\/blog\/#\/schema\/person\/34af08dff6adea4cb22b06612ba7acfa\",\"name\":\"Ag\u00eancia iNFRA\",\"image\":{\"@type\":\"ImageObject\",\"inLanguage\":\"pt-BR\",\"@id\":\"https:\/\/agenciainfra.com\/blog\/#\/schema\/person\/image\/\",\"url\":\"https:\/\/secure.gravatar.com\/avatar\/d189e01678f06d8eb84d4e01f08eb848b3fffe3f8443818d3c356c66892f5be8?s=96&d=mm&r=g\",\"contentUrl\":\"https:\/\/secure.gravatar.com\/avatar\/d189e01678f06d8eb84d4e01f08eb848b3fffe3f8443818d3c356c66892f5be8?s=96&d=mm&r=g\",\"caption\":\"Ag\u00eancia iNFRA\"},\"url\":\"https:\/\/agenciainfra.com\/blog\/author\/admin\/\"}]}<\/script>\n<!-- \/ Yoast SEO Premium plugin. -->","yoast_head_json":{"title":"Lula d\u00e1 sinal verde e reforma do setor el\u00e9trico pode ser encaminhada como MP em at\u00e9 15 dias, dizem fontes - Ag\u00eancia iNFRA","robots":{"index":"index","follow":"follow","max-snippet":"max-snippet:-1","max-image-preview":"max-image-preview:large","max-video-preview":"max-video-preview:-1"},"canonical":"https:\/\/agenciainfra.com\/blog\/lula-da-sinal-verde-e-reforma-do-setor-eletrico-pode-ser-encaminhada-como-mp-em-ate-15-dias-dizem-fontes\/","og_locale":"pt_BR","og_type":"article","og_title":"Lula d\u00e1 sinal verde e reforma do setor el\u00e9trico pode ser encaminhada como MP em at\u00e9 15 dias, dizem fontes","og_description":"Geraldo Campos Jr. e Lais Carregosa, da Ag\u00eancia iNFRA O presidente Lula deu sinal verde ao ministro de Minas e Energia, Alexandre Silveira, para a proposta de reforma do setor el\u00e9trico. Os dois se reuniram na manh\u00e3 desta sexta-feira (2) no Pal\u00e1cio do Planalto. Fontes disseram \u00e0 Ag\u00eancia iNFRA que a tend\u00eancia \u00e9 que o [&hellip;]","og_url":"https:\/\/agenciainfra.com\/blog\/lula-da-sinal-verde-e-reforma-do-setor-eletrico-pode-ser-encaminhada-como-mp-em-ate-15-dias-dizem-fontes\/","og_site_name":"Ag\u00eancia iNFRA","article_publisher":"https:\/\/www.facebook.com\/ageninfra","article_published_time":"2025-05-02T17:32:15+00:00","article_modified_time":"2025-05-04T15:27:23+00:00","og_image":[{"width":1202,"height":801,"url":"https:\/\/agenciainfra.com\/blog\/wp-content\/uploads\/2024\/06\/lula-alexandre-silveira-foto-agencia-brasil.jpg","type":"image\/jpeg"}],"author":"Ag\u00eancia iNFRA","twitter_card":"summary_large_image","twitter_creator":"@agencia_infra","twitter_site":"@agencia_infra","twitter_misc":{"Escrito por":"Ag\u00eancia iNFRA","Est. tempo de leitura":"2 minutos"},"schema":{"@context":"https:\/\/schema.org","@graph":[{"@type":"Article","@id":"https:\/\/agenciainfra.com\/blog\/lula-da-sinal-verde-e-reforma-do-setor-eletrico-pode-ser-encaminhada-como-mp-em-ate-15-dias-dizem-fontes\/#article","isPartOf":{"@id":"https:\/\/agenciainfra.com\/blog\/lula-da-sinal-verde-e-reforma-do-setor-eletrico-pode-ser-encaminhada-como-mp-em-ate-15-dias-dizem-fontes\/"},"author":{"name":"Ag\u00eancia iNFRA","@id":"https:\/\/agenciainfra.com\/blog\/#\/schema\/person\/34af08dff6adea4cb22b06612ba7acfa"},"headline":"Lula d\u00e1 sinal verde e reforma do setor el\u00e9trico pode ser encaminhada como MP em at\u00e9 15 dias, dizem fontes","datePublished":"2025-05-02T17:32:15+00:00","dateModified":"2025-05-04T15:27:23+00:00","mainEntityOfPage":{"@id":"https:\/\/agenciainfra.com\/blog\/lula-da-sinal-verde-e-reforma-do-setor-eletrico-pode-ser-encaminhada-como-mp-em-ate-15-dias-dizem-fontes\/"},"wordCount":349,"publisher":{"@id":"https:\/\/agenciainfra.com\/blog\/#organization"},"image":{"@id":"https:\/\/agenciainfra.com\/blog\/lula-da-sinal-verde-e-reforma-do-setor-eletrico-pode-ser-encaminhada-como-mp-em-ate-15-dias-dizem-fontes\/#primaryimage"},"thumbnailUrl":"https:\/\/agenciainfra.com\/blog\/wp-content\/uploads\/2024\/06\/lula-alexandre-silveira-foto-agencia-brasil.jpg","keywords":["Geraldo Campos Jr.","Lais Carregosa","Lula","Minist\u00e9rio de Minas e Energia","Ministro Alexandre Silveira","Reforma do Setor El\u00e9trico","Setor El\u00e9trico","Tarifa Social"],"articleSection":["Destaque Menor","Geral","iNFRAEnergia"],"inLanguage":"pt-BR","copyrightYear":"2025","copyrightHolder":{"@id":"https:\/\/agenciainfra.com\/blog\/#organization"}},{"@type":"WebPage","@id":"https:\/\/agenciainfra.com\/blog\/lula-da-sinal-verde-e-reforma-do-setor-eletrico-pode-ser-encaminhada-como-mp-em-ate-15-dias-dizem-fontes\/","url":"https:\/\/agenciainfra.com\/blog\/lula-da-sinal-verde-e-reforma-do-setor-eletrico-pode-ser-encaminhada-como-mp-em-ate-15-dias-dizem-fontes\/","name":"Lula d\u00e1 sinal verde e reforma do setor el\u00e9trico pode ser encaminhada como MP em at\u00e9 15 dias, dizem fontes - Ag\u00eancia iNFRA","isPartOf":{"@id":"https:\/\/agenciainfra.com\/blog\/#website"},"primaryImageOfPage":{"@id":"https:\/\/agenciainfra.com\/blog\/lula-da-sinal-verde-e-reforma-do-setor-eletrico-pode-ser-encaminhada-como-mp-em-ate-15-dias-dizem-fontes\/#primaryimage"},"image":{"@id":"https:\/\/agenciainfra.com\/blog\/lula-da-sinal-verde-e-reforma-do-setor-eletrico-pode-ser-encaminhada-como-mp-em-ate-15-dias-dizem-fontes\/#primaryimage"},"thumbnailUrl":"https:\/\/agenciainfra.com\/blog\/wp-content\/uploads\/2024\/06\/lula-alexandre-silveira-foto-agencia-brasil.jpg","datePublished":"2025-05-02T17:32:15+00:00","dateModified":"2025-05-04T15:27:23+00:00","breadcrumb":{"@id":"https:\/\/agenciainfra.com\/blog\/lula-da-sinal-verde-e-reforma-do-setor-eletrico-pode-ser-encaminhada-como-mp-em-ate-15-dias-dizem-fontes\/#breadcrumb"},"inLanguage":"pt-BR","potentialAction":[{"@type":"ReadAction","target":["https:\/\/agenciainfra.com\/blog\/lula-da-sinal-verde-e-reforma-do-setor-eletrico-pode-ser-encaminhada-como-mp-em-ate-15-dias-dizem-fontes\/"]}]},{"@type":"ImageObject","inLanguage":"pt-BR","@id":"https:\/\/agenciainfra.com\/blog\/lula-da-sinal-verde-e-reforma-do-setor-eletrico-pode-ser-encaminhada-como-mp-em-ate-15-dias-dizem-fontes\/#primaryimage","url":"https:\/\/agenciainfra.com\/blog\/wp-content\/uploads\/2024\/06\/lula-alexandre-silveira-foto-agencia-brasil.jpg","contentUrl":"https:\/\/agenciainfra.com\/blog\/wp-content\/uploads\/2024\/06\/lula-alexandre-silveira-foto-agencia-brasil.jpg","width":1202,"height":801},{"@type":"BreadcrumbList","@id":"https:\/\/agenciainfra.com\/blog\/lula-da-sinal-verde-e-reforma-do-setor-eletrico-pode-ser-encaminhada-como-mp-em-ate-15-dias-dizem-fontes\/#breadcrumb","itemListElement":[{"@type":"ListItem","position":1,"name":"In\u00edcio","item":"https:\/\/agenciainfra.com\/blog\/"},{"@type":"ListItem","position":2,"name":"Lula d\u00e1 sinal verde e reforma do setor el\u00e9trico pode ser encaminhada como MP em at\u00e9 15 dias, dizem fontes"}]},{"@type":"WebSite","@id":"https:\/\/agenciainfra.com\/blog\/#website","url":"https:\/\/agenciainfra.com\/blog\/","name":"Ag\u00eancia iNFRA","description":"Multiplataforma de informa\u00e7\u00e3o jornal\u00edstica refer\u00eancia na \u00e1rea de infraestrutura no Brasil!","publisher":{"@id":"https:\/\/agenciainfra.com\/blog\/#organization"},"potentialAction":[{"@type":"SearchAction","target":{"@type":"EntryPoint","urlTemplate":"https:\/\/agenciainfra.com\/blog\/?s={search_term_string}"},"query-input":{"@type":"PropertyValueSpecification","valueRequired":true,"valueName":"search_term_string"}}],"inLanguage":"pt-BR"},{"@type":"Organization","@id":"https:\/\/agenciainfra.com\/blog\/#organization","name":"Ag\u00eancia iNFRA","url":"https:\/\/agenciainfra.com\/blog\/","logo":{"@type":"ImageObject","inLanguage":"pt-BR","@id":"https:\/\/agenciainfra.com\/blog\/#\/schema\/logo\/image\/","url":"https:\/\/agenciainfra.com\/blog\/wp-content\/uploads\/2023\/09\/iNFRA_5-e1761735885940.png","contentUrl":"https:\/\/agenciainfra.com\/blog\/wp-content\/uploads\/2023\/09\/iNFRA_5-e1761735885940.png","width":1672,"height":454,"caption":"Ag\u00eancia iNFRA"},"image":{"@id":"https:\/\/agenciainfra.com\/blog\/#\/schema\/logo\/image\/"},"sameAs":["https:\/\/www.facebook.com\/ageninfra","https:\/\/x.com\/agencia_infra","https:\/\/www.linkedin.com\/company\/ag\u00eanciainfra\/","https:\/\/www.instagram.com\/agenciainfra\/"]},{"@type":"Person","@id":"https:\/\/agenciainfra.com\/blog\/#\/schema\/person\/34af08dff6adea4cb22b06612ba7acfa","name":"Ag\u00eancia iNFRA","image":{"@type":"ImageObject","inLanguage":"pt-BR","@id":"https:\/\/agenciainfra.com\/blog\/#\/schema\/person\/image\/","url":"https:\/\/secure.gravatar.com\/avatar\/d189e01678f06d8eb84d4e01f08eb848b3fffe3f8443818d3c356c66892f5be8?s=96&d=mm&r=g","contentUrl":"https:\/\/secure.gravatar.com\/avatar\/d189e01678f06d8eb84d4e01f08eb848b3fffe3f8443818d3c356c66892f5be8?s=96&d=mm&r=g","caption":"Ag\u00eancia iNFRA"},"url":"https:\/\/agenciainfra.com\/blog\/author\/admin\/"}]}},"_links":{"self":[{"href":"https:\/\/agenciainfra.com\/blog\/wp-json\/wp\/v2\/posts\/21258","targetHints":{"allow":["GET"]}}],"collection":[{"href":"https:\/\/agenciainfra.com\/blog\/wp-json\/wp\/v2\/posts"}],"about":[{"href":"https:\/\/agenciainfra.com\/blog\/wp-json\/wp\/v2\/types\/post"}],"author":[{"embeddable":true,"href":"https:\/\/agenciainfra.com\/blog\/wp-json\/wp\/v2\/users\/1"}],"replies":[{"embeddable":true,"href":"https:\/\/agenciainfra.com\/blog\/wp-json\/wp\/v2\/comments?post=21258"}],"version-history":[{"count":2,"href":"https:\/\/agenciainfra.com\/blog\/wp-json\/wp\/v2\/posts\/21258\/revisions"}],"predecessor-version":[{"id":21260,"href":"https:\/\/agenciainfra.com\/blog\/wp-json\/wp\/v2\/posts\/21258\/revisions\/21260"}],"wp:featuredmedia":[{"embeddable":true,"href":"https:\/\/agenciainfra.com\/blog\/wp-json\/wp\/v2\/media\/17180"}],"wp:attachment":[{"href":"https:\/\/agenciainfra.com\/blog\/wp-json\/wp\/v2\/media?parent=21258"}],"wp:term":[{"taxonomy":"category","embeddable":true,"href":"https:\/\/agenciainfra.com\/blog\/wp-json\/wp\/v2\/categories?post=21258"},{"taxonomy":"post_tag","embeddable":true,"href":"https:\/\/agenciainfra.com\/blog\/wp-json\/wp\/v2\/tags?post=21258"}],"curies":[{"name":"wp","href":"https:\/\/api.w.org\/{rel}","templated":true}]}}