{"id":21280,"date":"2025-05-05T12:39:45","date_gmt":"2025-05-05T15:39:45","guid":{"rendered":"https:\/\/agenciainfra.com\/blog\/?p=21280"},"modified":"2025-05-07T08:24:15","modified_gmt":"2025-05-07T11:24:15","slug":"petrobras-anuncia-reducao-do-preco-do-diesel-em-46-a-partir-de-amanha-6","status":"publish","type":"post","link":"https:\/\/agenciainfra.com\/blog\/petrobras-anuncia-reducao-do-preco-do-diesel-em-46-a-partir-de-amanha-6\/","title":{"rendered":"Petrobras anuncia redu\u00e7\u00e3o do pre\u00e7o do diesel em 4,6% a partir de amanh\u00e3 (6)"},"content":{"rendered":"\n<p class=\"has-text-align-right\"><strong>Geraldo Campos Jr., da Ag\u00eancia iNFRA<\/strong><\/p>\n\n\n\n<p>A Petrobras anunciou nesta segunda-feira (5) redu\u00e7\u00e3o de 4,6% no pre\u00e7o do \u00f3leo diesel A para as distribuidoras. Com a medida, o valor do litro passar\u00e1 a ser de R$ 3,27, uma queda de R$ 0,16. O novo pre\u00e7o passa a valer a partir de amanh\u00e3 (6).<\/p>\n\n\n\n<p>\u00c9 a terceira redu\u00e7\u00e3o no valor do diesel em pouco mais de um m\u00eas. A estatal implementou cortes no combust\u00edvel em 1\u00ba e 18 de abril.<\/p>\n\n\n\n<p>Segundo a Petrobras, a parcela da estatal no pre\u00e7o ao consumidor \u00e9 de R$ 2,81 por litro, considerando a mistura de 86% de diesel A e 14% de biodiesel.<\/p>\n\n\n\n<p>A estatal afirma que, desde dezembro de 2022, os pre\u00e7os do diesel ca\u00edram 27,2%. Considerando a infla\u00e7\u00e3o, a redu\u00e7\u00e3o \u00e9 de 34,9% ou R$ 1,75 por litro.<\/p>\n\n\n\n<p>O ministro de Minas e Energia, Alexandre Silveira, vinha cobrando a redu\u00e7\u00e3o do valor dos combust\u00edveis. No in\u00edcio de abril, Silveira disse que o valor reunia condi\u00e7\u00f5es para queda, devido \u00e0 cota\u00e7\u00e3o do petr\u00f3leo no mercado internacional.<\/p>\n\n\n\n<p><\/p>\n","protected":false},"excerpt":{"rendered":"<p>Geraldo Campos Jr., da Ag\u00eancia iNFRA A Petrobras anunciou nesta segunda-feira (5) redu\u00e7\u00e3o de 4,6% no pre\u00e7o do \u00f3leo diesel A para as distribuidoras. Com a medida, o valor do litro passar\u00e1 a ser de R$ 3,27, uma queda de R$ 0,16. O novo pre\u00e7o passa a valer a partir de amanh\u00e3 (6). \u00c9 a [&hellip;]<\/p>\n","protected":false},"author":1,"featured_media":10732,"comment_status":"closed","ping_status":"closed","sticky":false,"template":"","format":"standard","meta":{"_monsterinsights_skip_tracking":false,"_monsterinsights_sitenote_active":false,"_monsterinsights_sitenote_note":"","_monsterinsights_sitenote_category":0,"footnotes":""},"categories":[7250,1,10,13271],"tags":[315,11594,143],"class_list":["post-21280","post","type-post","status-publish","format-standard","has-post-thumbnail","hentry","category-destaque-lista","category-geral","category-infraenergia","category-oleo-gas","tag-diesel","tag-geraldo-campos-jr","tag-petrobras"],"yoast_head":"<!-- This site is optimized with the Yoast SEO Premium plugin v25.4 (Yoast SEO v26.0) - https:\/\/yoast.com\/wordpress\/plugins\/seo\/ -->\n<title>Petrobras anuncia redu\u00e7\u00e3o do pre\u00e7o do diesel em 4,6% a partir de amanh\u00e3 (6) - Ag\u00eancia iNFRA<\/title>\n<meta name=\"robots\" content=\"index, follow, max-snippet:-1, max-image-preview:large, max-video-preview:-1\" \/>\n<link rel=\"canonical\" href=\"https:\/\/agenciainfra.com\/blog\/petrobras-anuncia-reducao-do-preco-do-diesel-em-46-a-partir-de-amanha-6\/\" \/>\n<meta property=\"og:locale\" content=\"pt_BR\" \/>\n<meta property=\"og:type\" content=\"article\" \/>\n<meta property=\"og:title\" content=\"Petrobras anuncia redu\u00e7\u00e3o do pre\u00e7o do diesel em 4,6% a partir de amanh\u00e3 (6)\" \/>\n<meta property=\"og:description\" content=\"Geraldo Campos Jr., da Ag\u00eancia iNFRA A Petrobras anunciou nesta segunda-feira (5) redu\u00e7\u00e3o de 4,6% no pre\u00e7o do \u00f3leo diesel A para as distribuidoras. Com a medida, o valor do litro passar\u00e1 a ser de R$ 3,27, uma queda de R$ 0,16. O novo pre\u00e7o passa a valer a partir de amanh\u00e3 (6). \u00c9 a [&hellip;]\" \/>\n<meta property=\"og:url\" content=\"https:\/\/agenciainfra.com\/blog\/petrobras-anuncia-reducao-do-preco-do-diesel-em-46-a-partir-de-amanha-6\/\" \/>\n<meta property=\"og:site_name\" content=\"Ag\u00eancia iNFRA\" \/>\n<meta property=\"article:publisher\" content=\"https:\/\/www.facebook.com\/ageninfra\" \/>\n<meta property=\"article:published_time\" content=\"2025-05-05T15:39:45+00:00\" \/>\n<meta property=\"article:modified_time\" content=\"2025-05-07T11:24:15+00:00\" \/>\n<meta property=\"og:image\" content=\"https:\/\/agenciainfra.com\/blog\/wp-content\/uploads\/2022\/06\/petrobras-foto-tania-rego-agencia-brasil.png\" \/>\n\t<meta property=\"og:image:width\" content=\"1280\" \/>\n\t<meta property=\"og:image:height\" content=\"768\" \/>\n\t<meta property=\"og:image:type\" content=\"image\/png\" \/>\n<meta name=\"author\" content=\"Ag\u00eancia iNFRA\" \/>\n<meta name=\"twitter:card\" content=\"summary_large_image\" \/>\n<meta name=\"twitter:creator\" content=\"@agencia_infra\" \/>\n<meta name=\"twitter:site\" content=\"@agencia_infra\" \/>\n<meta name=\"twitter:label1\" content=\"Escrito por\" \/>\n\t<meta name=\"twitter:data1\" content=\"Ag\u00eancia iNFRA\" \/>\n\t<meta name=\"twitter:label2\" content=\"Est. tempo de leitura\" \/>\n\t<meta name=\"twitter:data2\" content=\"1 minuto\" \/>\n<script type=\"application\/ld+json\" class=\"yoast-schema-graph\">{\"@context\":\"https:\/\/schema.org\",\"@graph\":[{\"@type\":\"Article\",\"@id\":\"https:\/\/agenciainfra.com\/blog\/petrobras-anuncia-reducao-do-preco-do-diesel-em-46-a-partir-de-amanha-6\/#article\",\"isPartOf\":{\"@id\":\"https:\/\/agenciainfra.com\/blog\/petrobras-anuncia-reducao-do-preco-do-diesel-em-46-a-partir-de-amanha-6\/\"},\"author\":{\"name\":\"Ag\u00eancia iNFRA\",\"@id\":\"https:\/\/agenciainfra.com\/blog\/#\/schema\/person\/34af08dff6adea4cb22b06612ba7acfa\"},\"headline\":\"Petrobras anuncia redu\u00e7\u00e3o do pre\u00e7o do diesel em 4,6% a partir de amanh\u00e3 (6)\",\"datePublished\":\"2025-05-05T15:39:45+00:00\",\"dateModified\":\"2025-05-07T11:24:15+00:00\",\"mainEntityOfPage\":{\"@id\":\"https:\/\/agenciainfra.com\/blog\/petrobras-anuncia-reducao-do-preco-do-diesel-em-46-a-partir-de-amanha-6\/\"},\"wordCount\":186,\"publisher\":{\"@id\":\"https:\/\/agenciainfra.com\/blog\/#organization\"},\"image\":{\"@id\":\"https:\/\/agenciainfra.com\/blog\/petrobras-anuncia-reducao-do-preco-do-diesel-em-46-a-partir-de-amanha-6\/#primaryimage\"},\"thumbnailUrl\":\"https:\/\/agenciainfra.com\/blog\/wp-content\/uploads\/2022\/06\/petrobras-foto-tania-rego-agencia-brasil.png\",\"keywords\":[\"diesel\",\"Geraldo Campos Jr.\",\"Petrobras\"],\"articleSection\":[\"Destaque lista\",\"Geral\",\"iNFRAEnergia\",\"\u00d3leo &amp; G\u00e1s\"],\"inLanguage\":\"pt-BR\",\"copyrightYear\":\"2025\",\"copyrightHolder\":{\"@id\":\"https:\/\/agenciainfra.com\/blog\/#organization\"}},{\"@type\":\"WebPage\",\"@id\":\"https:\/\/agenciainfra.com\/blog\/petrobras-anuncia-reducao-do-preco-do-diesel-em-46-a-partir-de-amanha-6\/\",\"url\":\"https:\/\/agenciainfra.com\/blog\/petrobras-anuncia-reducao-do-preco-do-diesel-em-46-a-partir-de-amanha-6\/\",\"name\":\"Petrobras anuncia redu\u00e7\u00e3o do pre\u00e7o do diesel em 4,6% a partir de amanh\u00e3 (6) - Ag\u00eancia iNFRA\",\"isPartOf\":{\"@id\":\"https:\/\/agenciainfra.com\/blog\/#website\"},\"primaryImageOfPage\":{\"@id\":\"https:\/\/agenciainfra.com\/blog\/petrobras-anuncia-reducao-do-preco-do-diesel-em-46-a-partir-de-amanha-6\/#primaryimage\"},\"image\":{\"@id\":\"https:\/\/agenciainfra.com\/blog\/petrobras-anuncia-reducao-do-preco-do-diesel-em-46-a-partir-de-amanha-6\/#primaryimage\"},\"thumbnailUrl\":\"https:\/\/agenciainfra.com\/blog\/wp-content\/uploads\/2022\/06\/petrobras-foto-tania-rego-agencia-brasil.png\",\"datePublished\":\"2025-05-05T15:39:45+00:00\",\"dateModified\":\"2025-05-07T11:24:15+00:00\",\"breadcrumb\":{\"@id\":\"https:\/\/agenciainfra.com\/blog\/petrobras-anuncia-reducao-do-preco-do-diesel-em-46-a-partir-de-amanha-6\/#breadcrumb\"},\"inLanguage\":\"pt-BR\",\"potentialAction\":[{\"@type\":\"ReadAction\",\"target\":[\"https:\/\/agenciainfra.com\/blog\/petrobras-anuncia-reducao-do-preco-do-diesel-em-46-a-partir-de-amanha-6\/\"]}]},{\"@type\":\"ImageObject\",\"inLanguage\":\"pt-BR\",\"@id\":\"https:\/\/agenciainfra.com\/blog\/petrobras-anuncia-reducao-do-preco-do-diesel-em-46-a-partir-de-amanha-6\/#primaryimage\",\"url\":\"https:\/\/agenciainfra.com\/blog\/wp-content\/uploads\/2022\/06\/petrobras-foto-tania-rego-agencia-brasil.png\",\"contentUrl\":\"https:\/\/agenciainfra.com\/blog\/wp-content\/uploads\/2022\/06\/petrobras-foto-tania-rego-agencia-brasil.png\",\"width\":1280,\"height\":768,\"caption\":\"Foto: T\u00e2nia R\u00eago\/Ag\u00eancia Brasil\"},{\"@type\":\"BreadcrumbList\",\"@id\":\"https:\/\/agenciainfra.com\/blog\/petrobras-anuncia-reducao-do-preco-do-diesel-em-46-a-partir-de-amanha-6\/#breadcrumb\",\"itemListElement\":[{\"@type\":\"ListItem\",\"position\":1,\"name\":\"In\u00edcio\",\"item\":\"https:\/\/agenciainfra.com\/blog\/\"},{\"@type\":\"ListItem\",\"position\":2,\"name\":\"Petrobras anuncia redu\u00e7\u00e3o do pre\u00e7o do diesel em 4,6% a partir de amanh\u00e3 (6)\"}]},{\"@type\":\"WebSite\",\"@id\":\"https:\/\/agenciainfra.com\/blog\/#website\",\"url\":\"https:\/\/agenciainfra.com\/blog\/\",\"name\":\"Ag\u00eancia iNFRA\",\"description\":\"Multiplataforma de informa\u00e7\u00e3o jornal\u00edstica refer\u00eancia na \u00e1rea de infraestrutura no Brasil!\",\"publisher\":{\"@id\":\"https:\/\/agenciainfra.com\/blog\/#organization\"},\"potentialAction\":[{\"@type\":\"SearchAction\",\"target\":{\"@type\":\"EntryPoint\",\"urlTemplate\":\"https:\/\/agenciainfra.com\/blog\/?s={search_term_string}\"},\"query-input\":{\"@type\":\"PropertyValueSpecification\",\"valueRequired\":true,\"valueName\":\"search_term_string\"}}],\"inLanguage\":\"pt-BR\"},{\"@type\":\"Organization\",\"@id\":\"https:\/\/agenciainfra.com\/blog\/#organization\",\"name\":\"Ag\u00eancia iNFRA\",\"url\":\"https:\/\/agenciainfra.com\/blog\/\",\"logo\":{\"@type\":\"ImageObject\",\"inLanguage\":\"pt-BR\",\"@id\":\"https:\/\/agenciainfra.com\/blog\/#\/schema\/logo\/image\/\",\"url\":\"https:\/\/agenciainfra.com\/blog\/wp-content\/uploads\/2023\/09\/iNFRA_5-e1761735885940.png\",\"contentUrl\":\"https:\/\/agenciainfra.com\/blog\/wp-content\/uploads\/2023\/09\/iNFRA_5-e1761735885940.png\",\"width\":1672,\"height\":454,\"caption\":\"Ag\u00eancia iNFRA\"},\"image\":{\"@id\":\"https:\/\/agenciainfra.com\/blog\/#\/schema\/logo\/image\/\"},\"sameAs\":[\"https:\/\/www.facebook.com\/ageninfra\",\"https:\/\/x.com\/agencia_infra\",\"https:\/\/www.linkedin.com\/company\/ag\u00eanciainfra\/\",\"https:\/\/www.instagram.com\/agenciainfra\/\"]},{\"@type\":\"Person\",\"@id\":\"https:\/\/agenciainfra.com\/blog\/#\/schema\/person\/34af08dff6adea4cb22b06612ba7acfa\",\"name\":\"Ag\u00eancia iNFRA\",\"image\":{\"@type\":\"ImageObject\",\"inLanguage\":\"pt-BR\",\"@id\":\"https:\/\/agenciainfra.com\/blog\/#\/schema\/person\/image\/\",\"url\":\"https:\/\/secure.gravatar.com\/avatar\/d189e01678f06d8eb84d4e01f08eb848b3fffe3f8443818d3c356c66892f5be8?s=96&d=mm&r=g\",\"contentUrl\":\"https:\/\/secure.gravatar.com\/avatar\/d189e01678f06d8eb84d4e01f08eb848b3fffe3f8443818d3c356c66892f5be8?s=96&d=mm&r=g\",\"caption\":\"Ag\u00eancia iNFRA\"},\"url\":\"https:\/\/agenciainfra.com\/blog\/author\/admin\/\"}]}<\/script>\n<!-- \/ Yoast SEO Premium plugin. -->","yoast_head_json":{"title":"Petrobras anuncia redu\u00e7\u00e3o do pre\u00e7o do diesel em 4,6% a partir de amanh\u00e3 (6) - Ag\u00eancia iNFRA","robots":{"index":"index","follow":"follow","max-snippet":"max-snippet:-1","max-image-preview":"max-image-preview:large","max-video-preview":"max-video-preview:-1"},"canonical":"https:\/\/agenciainfra.com\/blog\/petrobras-anuncia-reducao-do-preco-do-diesel-em-46-a-partir-de-amanha-6\/","og_locale":"pt_BR","og_type":"article","og_title":"Petrobras anuncia redu\u00e7\u00e3o do pre\u00e7o do diesel em 4,6% a partir de amanh\u00e3 (6)","og_description":"Geraldo Campos Jr., da Ag\u00eancia iNFRA A Petrobras anunciou nesta segunda-feira (5) redu\u00e7\u00e3o de 4,6% no pre\u00e7o do \u00f3leo diesel A para as distribuidoras. Com a medida, o valor do litro passar\u00e1 a ser de R$ 3,27, uma queda de R$ 0,16. O novo pre\u00e7o passa a valer a partir de amanh\u00e3 (6). \u00c9 a [&hellip;]","og_url":"https:\/\/agenciainfra.com\/blog\/petrobras-anuncia-reducao-do-preco-do-diesel-em-46-a-partir-de-amanha-6\/","og_site_name":"Ag\u00eancia iNFRA","article_publisher":"https:\/\/www.facebook.com\/ageninfra","article_published_time":"2025-05-05T15:39:45+00:00","article_modified_time":"2025-05-07T11:24:15+00:00","og_image":[{"width":1280,"height":768,"url":"https:\/\/agenciainfra.com\/blog\/wp-content\/uploads\/2022\/06\/petrobras-foto-tania-rego-agencia-brasil.png","type":"image\/png"}],"author":"Ag\u00eancia iNFRA","twitter_card":"summary_large_image","twitter_creator":"@agencia_infra","twitter_site":"@agencia_infra","twitter_misc":{"Escrito por":"Ag\u00eancia iNFRA","Est. tempo de leitura":"1 minuto"},"schema":{"@context":"https:\/\/schema.org","@graph":[{"@type":"Article","@id":"https:\/\/agenciainfra.com\/blog\/petrobras-anuncia-reducao-do-preco-do-diesel-em-46-a-partir-de-amanha-6\/#article","isPartOf":{"@id":"https:\/\/agenciainfra.com\/blog\/petrobras-anuncia-reducao-do-preco-do-diesel-em-46-a-partir-de-amanha-6\/"},"author":{"name":"Ag\u00eancia iNFRA","@id":"https:\/\/agenciainfra.com\/blog\/#\/schema\/person\/34af08dff6adea4cb22b06612ba7acfa"},"headline":"Petrobras anuncia redu\u00e7\u00e3o do pre\u00e7o do diesel em 4,6% a partir de amanh\u00e3 (6)","datePublished":"2025-05-05T15:39:45+00:00","dateModified":"2025-05-07T11:24:15+00:00","mainEntityOfPage":{"@id":"https:\/\/agenciainfra.com\/blog\/petrobras-anuncia-reducao-do-preco-do-diesel-em-46-a-partir-de-amanha-6\/"},"wordCount":186,"publisher":{"@id":"https:\/\/agenciainfra.com\/blog\/#organization"},"image":{"@id":"https:\/\/agenciainfra.com\/blog\/petrobras-anuncia-reducao-do-preco-do-diesel-em-46-a-partir-de-amanha-6\/#primaryimage"},"thumbnailUrl":"https:\/\/agenciainfra.com\/blog\/wp-content\/uploads\/2022\/06\/petrobras-foto-tania-rego-agencia-brasil.png","keywords":["diesel","Geraldo Campos Jr.","Petrobras"],"articleSection":["Destaque lista","Geral","iNFRAEnergia","\u00d3leo &amp; G\u00e1s"],"inLanguage":"pt-BR","copyrightYear":"2025","copyrightHolder":{"@id":"https:\/\/agenciainfra.com\/blog\/#organization"}},{"@type":"WebPage","@id":"https:\/\/agenciainfra.com\/blog\/petrobras-anuncia-reducao-do-preco-do-diesel-em-46-a-partir-de-amanha-6\/","url":"https:\/\/agenciainfra.com\/blog\/petrobras-anuncia-reducao-do-preco-do-diesel-em-46-a-partir-de-amanha-6\/","name":"Petrobras anuncia redu\u00e7\u00e3o do pre\u00e7o do diesel em 4,6% a partir de amanh\u00e3 (6) - Ag\u00eancia iNFRA","isPartOf":{"@id":"https:\/\/agenciainfra.com\/blog\/#website"},"primaryImageOfPage":{"@id":"https:\/\/agenciainfra.com\/blog\/petrobras-anuncia-reducao-do-preco-do-diesel-em-46-a-partir-de-amanha-6\/#primaryimage"},"image":{"@id":"https:\/\/agenciainfra.com\/blog\/petrobras-anuncia-reducao-do-preco-do-diesel-em-46-a-partir-de-amanha-6\/#primaryimage"},"thumbnailUrl":"https:\/\/agenciainfra.com\/blog\/wp-content\/uploads\/2022\/06\/petrobras-foto-tania-rego-agencia-brasil.png","datePublished":"2025-05-05T15:39:45+00:00","dateModified":"2025-05-07T11:24:15+00:00","breadcrumb":{"@id":"https:\/\/agenciainfra.com\/blog\/petrobras-anuncia-reducao-do-preco-do-diesel-em-46-a-partir-de-amanha-6\/#breadcrumb"},"inLanguage":"pt-BR","potentialAction":[{"@type":"ReadAction","target":["https:\/\/agenciainfra.com\/blog\/petrobras-anuncia-reducao-do-preco-do-diesel-em-46-a-partir-de-amanha-6\/"]}]},{"@type":"ImageObject","inLanguage":"pt-BR","@id":"https:\/\/agenciainfra.com\/blog\/petrobras-anuncia-reducao-do-preco-do-diesel-em-46-a-partir-de-amanha-6\/#primaryimage","url":"https:\/\/agenciainfra.com\/blog\/wp-content\/uploads\/2022\/06\/petrobras-foto-tania-rego-agencia-brasil.png","contentUrl":"https:\/\/agenciainfra.com\/blog\/wp-content\/uploads\/2022\/06\/petrobras-foto-tania-rego-agencia-brasil.png","width":1280,"height":768,"caption":"Foto: T\u00e2nia R\u00eago\/Ag\u00eancia Brasil"},{"@type":"BreadcrumbList","@id":"https:\/\/agenciainfra.com\/blog\/petrobras-anuncia-reducao-do-preco-do-diesel-em-46-a-partir-de-amanha-6\/#breadcrumb","itemListElement":[{"@type":"ListItem","position":1,"name":"In\u00edcio","item":"https:\/\/agenciainfra.com\/blog\/"},{"@type":"ListItem","position":2,"name":"Petrobras anuncia redu\u00e7\u00e3o do pre\u00e7o do diesel em 4,6% a partir de amanh\u00e3 (6)"}]},{"@type":"WebSite","@id":"https:\/\/agenciainfra.com\/blog\/#website","url":"https:\/\/agenciainfra.com\/blog\/","name":"Ag\u00eancia iNFRA","description":"Multiplataforma de informa\u00e7\u00e3o jornal\u00edstica refer\u00eancia na \u00e1rea de infraestrutura no Brasil!","publisher":{"@id":"https:\/\/agenciainfra.com\/blog\/#organization"},"potentialAction":[{"@type":"SearchAction","target":{"@type":"EntryPoint","urlTemplate":"https:\/\/agenciainfra.com\/blog\/?s={search_term_string}"},"query-input":{"@type":"PropertyValueSpecification","valueRequired":true,"valueName":"search_term_string"}}],"inLanguage":"pt-BR"},{"@type":"Organization","@id":"https:\/\/agenciainfra.com\/blog\/#organization","name":"Ag\u00eancia iNFRA","url":"https:\/\/agenciainfra.com\/blog\/","logo":{"@type":"ImageObject","inLanguage":"pt-BR","@id":"https:\/\/agenciainfra.com\/blog\/#\/schema\/logo\/image\/","url":"https:\/\/agenciainfra.com\/blog\/wp-content\/uploads\/2023\/09\/iNFRA_5-e1761735885940.png","contentUrl":"https:\/\/agenciainfra.com\/blog\/wp-content\/uploads\/2023\/09\/iNFRA_5-e1761735885940.png","width":1672,"height":454,"caption":"Ag\u00eancia iNFRA"},"image":{"@id":"https:\/\/agenciainfra.com\/blog\/#\/schema\/logo\/image\/"},"sameAs":["https:\/\/www.facebook.com\/ageninfra","https:\/\/x.com\/agencia_infra","https:\/\/www.linkedin.com\/company\/ag\u00eanciainfra\/","https:\/\/www.instagram.com\/agenciainfra\/"]},{"@type":"Person","@id":"https:\/\/agenciainfra.com\/blog\/#\/schema\/person\/34af08dff6adea4cb22b06612ba7acfa","name":"Ag\u00eancia iNFRA","image":{"@type":"ImageObject","inLanguage":"pt-BR","@id":"https:\/\/agenciainfra.com\/blog\/#\/schema\/person\/image\/","url":"https:\/\/secure.gravatar.com\/avatar\/d189e01678f06d8eb84d4e01f08eb848b3fffe3f8443818d3c356c66892f5be8?s=96&d=mm&r=g","contentUrl":"https:\/\/secure.gravatar.com\/avatar\/d189e01678f06d8eb84d4e01f08eb848b3fffe3f8443818d3c356c66892f5be8?s=96&d=mm&r=g","caption":"Ag\u00eancia iNFRA"},"url":"https:\/\/agenciainfra.com\/blog\/author\/admin\/"}]}},"_links":{"self":[{"href":"https:\/\/agenciainfra.com\/blog\/wp-json\/wp\/v2\/posts\/21280","targetHints":{"allow":["GET"]}}],"collection":[{"href":"https:\/\/agenciainfra.com\/blog\/wp-json\/wp\/v2\/posts"}],"about":[{"href":"https:\/\/agenciainfra.com\/blog\/wp-json\/wp\/v2\/types\/post"}],"author":[{"embeddable":true,"href":"https:\/\/agenciainfra.com\/blog\/wp-json\/wp\/v2\/users\/1"}],"replies":[{"embeddable":true,"href":"https:\/\/agenciainfra.com\/blog\/wp-json\/wp\/v2\/comments?post=21280"}],"version-history":[{"count":2,"href":"https:\/\/agenciainfra.com\/blog\/wp-json\/wp\/v2\/posts\/21280\/revisions"}],"predecessor-version":[{"id":21283,"href":"https:\/\/agenciainfra.com\/blog\/wp-json\/wp\/v2\/posts\/21280\/revisions\/21283"}],"wp:featuredmedia":[{"embeddable":true,"href":"https:\/\/agenciainfra.com\/blog\/wp-json\/wp\/v2\/media\/10732"}],"wp:attachment":[{"href":"https:\/\/agenciainfra.com\/blog\/wp-json\/wp\/v2\/media?parent=21280"}],"wp:term":[{"taxonomy":"category","embeddable":true,"href":"https:\/\/agenciainfra.com\/blog\/wp-json\/wp\/v2\/categories?post=21280"},{"taxonomy":"post_tag","embeddable":true,"href":"https:\/\/agenciainfra.com\/blog\/wp-json\/wp\/v2\/tags?post=21280"}],"curies":[{"name":"wp","href":"https:\/\/api.w.org\/{rel}","templated":true}]}}