{"id":2133,"date":"2018-07-18T00:05:07","date_gmt":"2018-07-18T03:05:07","guid":{"rendered":"http:\/\/www.agenciainfra.com\/blog\/?p=2133"},"modified":"2018-07-17T20:53:14","modified_gmt":"2018-07-17T23:53:14","slug":"destaque-aprovado-no-texto-da-pl-das-agencias-reguladoras-muda-lei-das-estatais","status":"publish","type":"post","link":"https:\/\/agenciainfra.com\/blog\/destaque-aprovado-no-texto-da-pl-das-agencias-reguladoras-muda-lei-das-estatais\/","title":{"rendered":"Destaque aprovado no texto da PL das Ag\u00eancias Reguladoras muda lei das estatais"},"content":{"rendered":"<p>&nbsp;<\/p>\n<div>\n<div style=\"text-align: right;\"><strong>Dimmi Amora, da Ag\u00eancia iNFRA<\/strong><\/div>\n<div dir=\"ltr\">\n<div dir=\"ltr\">\n<p>Modifica\u00e7\u00e3o feita a pedido do deputado Jos\u00e9 Carlos Ara\u00fajo (PR-BA), aprovada na comiss\u00e3o especial que analisou o PL das Ag\u00eancias Reguladoras (<a href=\"https:\/\/agenciainfra.us14.list-manage.com\/track\/click?u=d460dd1bcf9ba0ae040e1fc0f&amp;id=22fccd3a48&amp;e=0c440aab2b\" target=\"_blank\" rel=\"noopener\" data-saferedirecturl=\"https:\/\/www.google.com\/url?hl=pt-BR&amp;q=https:\/\/agenciainfra.us14.list-manage.com\/track\/click?u%3Dd460dd1bcf9ba0ae040e1fc0f%26id%3D22fccd3a48%26e%3D0c440aab2b&amp;source=gmail&amp;ust=1531957189038000&amp;usg=AFQjCNH_3dt_FrCOl-jtUEEyWeJ7o-lQpg\">6.621\/2016<\/a>), prev\u00ea o fim de parte do artigo 17 da Lei das Estatais (13.303\/2016), que veda indica\u00e7\u00e3o para o cargo no conselho de administra\u00e7\u00e3o de empresa p\u00fablica a quem foi dirigente partid\u00e1rio 36 meses antes da nomea\u00e7\u00e3o.<\/p>\n<p>O destaque ao texto foi aprovado no plen\u00e1rio da Comiss\u00e3o Especial, mesmo contra a vontade do relator do projeto, deputado Danilo Forte (PSDB-CE), que apontou ser a emenda modificativa de uma lei que n\u00e3o tinha rela\u00e7\u00e3o com as ag\u00eancias. Mesmo assim, a maioria dos deputados presentes aprovou a emenda.<\/p>\n<p>Texto id\u00eantico vedando esse tipo de nomea\u00e7\u00e3o estava no PL das Ag\u00eancias aprovado no Senado e foi suprimido no substitutivo do projeto da C\u00e2mara pelo pr\u00f3prio relator. De acordo com o presidente da comiss\u00e3o, deputado Eduardo Cury (PSDB-SP), se a emenda permanecer, a tend\u00eancia \u00e9 que o governo a vete.<\/p>\n<p>Outros destaques aprovados foram o do deputado Hugo Leal (PSD-RJ), que retirou emenda do relator que permitiria \u00e0s ag\u00eancias se associarem a entidades privadas, mesmo sem fins lucrativos; e do deputado \u00c1ureo (SD-RJ), que transforma o Inmetro em ag\u00eancia reguladora.<\/p>\n<p>O projeto era terminativo na comiss\u00e3o especial e poder\u00e1 seguir diretamente para o Senado. No entanto, o PT prometeu fazer um requerimento para que seja votado em plen\u00e1rio. A inten\u00e7\u00e3o do partido era pedir vista do projeto na comiss\u00e3o, mas os parlamentares do partido chegaram atrasados e o texto principal j\u00e1 havia sido votado. Tentaram obstruir pedindo verifica\u00e7\u00e3o de qu\u00f3rum na vota\u00e7\u00e3o do \u00faltimo requerimento, mas os parlamentares conseguiram aprovar.<\/p>\n<p>Segundo a deputada Margarida Salom\u00e3o (PT-MG), a inten\u00e7\u00e3o do partido seria discutir melhor o tema, principalmente pelo lado dos usu\u00e1rios das ag\u00eancias reguladoras. Ela n\u00e3o apontou nenhum tema mais espec\u00edfico que tenha levado o partido a tentar obstruir, mas que o partido vai discutir suas emendas n\u00e3o aceitas.<\/p>\n<p>O presidente da comiss\u00e3o contestou os deputados do Partido dos Trabalhadores afirmando que a comiss\u00e3o trabalhou por tr\u00eas meses e que o substitutivo de Forte est\u00e1 dispon\u00edvel para consulta h\u00e1 mais de duas semanas, sem qualquer altera\u00e7\u00e3o.<\/p>\n<\/div>\n<\/div>\n<\/div>\n","protected":false},"excerpt":{"rendered":"<p>&nbsp; Dimmi Amora, da Ag\u00eancia iNFRA Modifica\u00e7\u00e3o feita a pedido do deputado Jos\u00e9 Carlos Ara\u00fajo (PR-BA), aprovada na comiss\u00e3o especial que analisou o PL das Ag\u00eancias Reguladoras (6.621\/2016), prev\u00ea o fim de parte do artigo 17 da Lei das Estatais (13.303\/2016), que veda indica\u00e7\u00e3o para o cargo no conselho de administra\u00e7\u00e3o de empresa p\u00fablica a [&hellip;]<\/p>\n","protected":false},"author":1,"featured_media":1849,"comment_status":"closed","ping_status":"open","sticky":false,"template":"","format":"standard","meta":{"_monsterinsights_skip_tracking":false,"_monsterinsights_sitenote_active":false,"_monsterinsights_sitenote_note":"","_monsterinsights_sitenote_category":0,"footnotes":""},"categories":[7],"tags":[459,460,462,461],"class_list":["post-2133","post","type-post","status-publish","format-standard","has-post-thumbnail","hentry","category-infratransporte","tag-jose-carlos-araujo","tag-lei-das-agencias-reguladoras","tag-lei-das-estatais-13-303-2016","tag-margarida-salomao"],"yoast_head":"<!-- This site is optimized with the Yoast SEO Premium plugin v25.4 (Yoast SEO v26.0) - https:\/\/yoast.com\/wordpress\/plugins\/seo\/ -->\n<title>Destaque aprovado no texto da PL das Ag\u00eancias Reguladoras muda lei das estatais - Ag\u00eancia iNFRA<\/title>\n<meta name=\"robots\" content=\"index, follow, max-snippet:-1, max-image-preview:large, max-video-preview:-1\" \/>\n<link rel=\"canonical\" href=\"https:\/\/agenciainfra.com\/blog\/destaque-aprovado-no-texto-da-pl-das-agencias-reguladoras-muda-lei-das-estatais\/\" \/>\n<meta property=\"og:locale\" content=\"pt_BR\" \/>\n<meta property=\"og:type\" content=\"article\" \/>\n<meta property=\"og:title\" content=\"Destaque aprovado no texto da PL das Ag\u00eancias Reguladoras muda lei das estatais\" \/>\n<meta property=\"og:description\" content=\"&nbsp; Dimmi Amora, da Ag\u00eancia iNFRA Modifica\u00e7\u00e3o feita a pedido do deputado Jos\u00e9 Carlos Ara\u00fajo (PR-BA), aprovada na comiss\u00e3o especial que analisou o PL das Ag\u00eancias Reguladoras (6.621\/2016), prev\u00ea o fim de parte do artigo 17 da Lei das Estatais (13.303\/2016), que veda indica\u00e7\u00e3o para o cargo no conselho de administra\u00e7\u00e3o de empresa p\u00fablica a [&hellip;]\" \/>\n<meta property=\"og:url\" content=\"https:\/\/agenciainfra.com\/blog\/destaque-aprovado-no-texto-da-pl-das-agencias-reguladoras-muda-lei-das-estatais\/\" \/>\n<meta property=\"og:site_name\" content=\"Ag\u00eancia iNFRA\" \/>\n<meta property=\"article:publisher\" content=\"https:\/\/www.facebook.com\/ageninfra\" \/>\n<meta property=\"article:published_time\" content=\"2018-07-18T03:05:07+00:00\" \/>\n<meta property=\"og:image\" content=\"https:\/\/agenciainfra.com\/blog\/wp-content\/uploads\/2018\/06\/antt-sede_divulgacao_antt.jpg\" \/>\n\t<meta property=\"og:image:width\" content=\"660\" \/>\n\t<meta property=\"og:image:height\" content=\"440\" \/>\n\t<meta property=\"og:image:type\" content=\"image\/jpeg\" \/>\n<meta name=\"author\" content=\"Ag\u00eancia iNFRA\" \/>\n<meta name=\"twitter:card\" content=\"summary_large_image\" \/>\n<meta name=\"twitter:creator\" content=\"@agencia_infra\" \/>\n<meta name=\"twitter:site\" content=\"@agencia_infra\" \/>\n<meta name=\"twitter:label1\" content=\"Escrito por\" \/>\n\t<meta name=\"twitter:data1\" content=\"Ag\u00eancia iNFRA\" \/>\n\t<meta name=\"twitter:label2\" content=\"Est. tempo de leitura\" \/>\n\t<meta name=\"twitter:data2\" content=\"2 minutos\" \/>\n<script type=\"application\/ld+json\" class=\"yoast-schema-graph\">{\"@context\":\"https:\/\/schema.org\",\"@graph\":[{\"@type\":\"Article\",\"@id\":\"https:\/\/agenciainfra.com\/blog\/destaque-aprovado-no-texto-da-pl-das-agencias-reguladoras-muda-lei-das-estatais\/#article\",\"isPartOf\":{\"@id\":\"https:\/\/agenciainfra.com\/blog\/destaque-aprovado-no-texto-da-pl-das-agencias-reguladoras-muda-lei-das-estatais\/\"},\"author\":{\"name\":\"Ag\u00eancia iNFRA\",\"@id\":\"https:\/\/agenciainfra.com\/blog\/#\/schema\/person\/34af08dff6adea4cb22b06612ba7acfa\"},\"headline\":\"Destaque aprovado no texto da PL das Ag\u00eancias Reguladoras muda lei das estatais\",\"datePublished\":\"2018-07-18T03:05:07+00:00\",\"mainEntityOfPage\":{\"@id\":\"https:\/\/agenciainfra.com\/blog\/destaque-aprovado-no-texto-da-pl-das-agencias-reguladoras-muda-lei-das-estatais\/\"},\"wordCount\":410,\"publisher\":{\"@id\":\"https:\/\/agenciainfra.com\/blog\/#organization\"},\"image\":{\"@id\":\"https:\/\/agenciainfra.com\/blog\/destaque-aprovado-no-texto-da-pl-das-agencias-reguladoras-muda-lei-das-estatais\/#primaryimage\"},\"thumbnailUrl\":\"https:\/\/agenciainfra.com\/blog\/wp-content\/uploads\/2018\/06\/antt-sede_divulgacao_antt.jpg\",\"keywords\":[\"Jos\u00e9 Carlos Ara\u00fajo\",\"Lei das Ag\u00eancias Reguladoras\",\"Lei das Estatais (13.303\/2016)\",\"Margarida Salom\u00e3o\"],\"articleSection\":[\"iNFRATransporte\"],\"inLanguage\":\"pt-BR\",\"copyrightYear\":\"2018\",\"copyrightHolder\":{\"@id\":\"https:\/\/agenciainfra.com\/blog\/#organization\"}},{\"@type\":\"WebPage\",\"@id\":\"https:\/\/agenciainfra.com\/blog\/destaque-aprovado-no-texto-da-pl-das-agencias-reguladoras-muda-lei-das-estatais\/\",\"url\":\"https:\/\/agenciainfra.com\/blog\/destaque-aprovado-no-texto-da-pl-das-agencias-reguladoras-muda-lei-das-estatais\/\",\"name\":\"Destaque aprovado no texto da PL das Ag\u00eancias Reguladoras muda lei das estatais - Ag\u00eancia iNFRA\",\"isPartOf\":{\"@id\":\"https:\/\/agenciainfra.com\/blog\/#website\"},\"primaryImageOfPage\":{\"@id\":\"https:\/\/agenciainfra.com\/blog\/destaque-aprovado-no-texto-da-pl-das-agencias-reguladoras-muda-lei-das-estatais\/#primaryimage\"},\"image\":{\"@id\":\"https:\/\/agenciainfra.com\/blog\/destaque-aprovado-no-texto-da-pl-das-agencias-reguladoras-muda-lei-das-estatais\/#primaryimage\"},\"thumbnailUrl\":\"https:\/\/agenciainfra.com\/blog\/wp-content\/uploads\/2018\/06\/antt-sede_divulgacao_antt.jpg\",\"datePublished\":\"2018-07-18T03:05:07+00:00\",\"breadcrumb\":{\"@id\":\"https:\/\/agenciainfra.com\/blog\/destaque-aprovado-no-texto-da-pl-das-agencias-reguladoras-muda-lei-das-estatais\/#breadcrumb\"},\"inLanguage\":\"pt-BR\",\"potentialAction\":[{\"@type\":\"ReadAction\",\"target\":[\"https:\/\/agenciainfra.com\/blog\/destaque-aprovado-no-texto-da-pl-das-agencias-reguladoras-muda-lei-das-estatais\/\"]}]},{\"@type\":\"ImageObject\",\"inLanguage\":\"pt-BR\",\"@id\":\"https:\/\/agenciainfra.com\/blog\/destaque-aprovado-no-texto-da-pl-das-agencias-reguladoras-muda-lei-das-estatais\/#primaryimage\",\"url\":\"https:\/\/agenciainfra.com\/blog\/wp-content\/uploads\/2018\/06\/antt-sede_divulgacao_antt.jpg\",\"contentUrl\":\"https:\/\/agenciainfra.com\/blog\/wp-content\/uploads\/2018\/06\/antt-sede_divulgacao_antt.jpg\",\"width\":660,\"height\":440},{\"@type\":\"BreadcrumbList\",\"@id\":\"https:\/\/agenciainfra.com\/blog\/destaque-aprovado-no-texto-da-pl-das-agencias-reguladoras-muda-lei-das-estatais\/#breadcrumb\",\"itemListElement\":[{\"@type\":\"ListItem\",\"position\":1,\"name\":\"In\u00edcio\",\"item\":\"https:\/\/agenciainfra.com\/blog\/\"},{\"@type\":\"ListItem\",\"position\":2,\"name\":\"Destaque aprovado no texto da PL das Ag\u00eancias Reguladoras muda lei das estatais\"}]},{\"@type\":\"WebSite\",\"@id\":\"https:\/\/agenciainfra.com\/blog\/#website\",\"url\":\"https:\/\/agenciainfra.com\/blog\/\",\"name\":\"Ag\u00eancia iNFRA\",\"description\":\"Multiplataforma de informa\u00e7\u00e3o jornal\u00edstica refer\u00eancia na \u00e1rea de infraestrutura no Brasil!\",\"publisher\":{\"@id\":\"https:\/\/agenciainfra.com\/blog\/#organization\"},\"potentialAction\":[{\"@type\":\"SearchAction\",\"target\":{\"@type\":\"EntryPoint\",\"urlTemplate\":\"https:\/\/agenciainfra.com\/blog\/?s={search_term_string}\"},\"query-input\":{\"@type\":\"PropertyValueSpecification\",\"valueRequired\":true,\"valueName\":\"search_term_string\"}}],\"inLanguage\":\"pt-BR\"},{\"@type\":\"Organization\",\"@id\":\"https:\/\/agenciainfra.com\/blog\/#organization\",\"name\":\"Ag\u00eancia iNFRA\",\"url\":\"https:\/\/agenciainfra.com\/blog\/\",\"logo\":{\"@type\":\"ImageObject\",\"inLanguage\":\"pt-BR\",\"@id\":\"https:\/\/agenciainfra.com\/blog\/#\/schema\/logo\/image\/\",\"url\":\"https:\/\/agenciainfra.com\/blog\/wp-content\/uploads\/2023\/09\/iNFRA_5-e1761735885940.png\",\"contentUrl\":\"https:\/\/agenciainfra.com\/blog\/wp-content\/uploads\/2023\/09\/iNFRA_5-e1761735885940.png\",\"width\":1672,\"height\":454,\"caption\":\"Ag\u00eancia iNFRA\"},\"image\":{\"@id\":\"https:\/\/agenciainfra.com\/blog\/#\/schema\/logo\/image\/\"},\"sameAs\":[\"https:\/\/www.facebook.com\/ageninfra\",\"https:\/\/x.com\/agencia_infra\",\"https:\/\/www.linkedin.com\/company\/ag\u00eanciainfra\/\",\"https:\/\/www.instagram.com\/agenciainfra\/\"]},{\"@type\":\"Person\",\"@id\":\"https:\/\/agenciainfra.com\/blog\/#\/schema\/person\/34af08dff6adea4cb22b06612ba7acfa\",\"name\":\"Ag\u00eancia iNFRA\",\"image\":{\"@type\":\"ImageObject\",\"inLanguage\":\"pt-BR\",\"@id\":\"https:\/\/agenciainfra.com\/blog\/#\/schema\/person\/image\/\",\"url\":\"https:\/\/secure.gravatar.com\/avatar\/d189e01678f06d8eb84d4e01f08eb848b3fffe3f8443818d3c356c66892f5be8?s=96&d=mm&r=g\",\"contentUrl\":\"https:\/\/secure.gravatar.com\/avatar\/d189e01678f06d8eb84d4e01f08eb848b3fffe3f8443818d3c356c66892f5be8?s=96&d=mm&r=g\",\"caption\":\"Ag\u00eancia iNFRA\"},\"url\":\"https:\/\/agenciainfra.com\/blog\/author\/admin\/\"}]}<\/script>\n<!-- \/ Yoast SEO Premium plugin. -->","yoast_head_json":{"title":"Destaque aprovado no texto da PL das Ag\u00eancias Reguladoras muda lei das estatais - Ag\u00eancia iNFRA","robots":{"index":"index","follow":"follow","max-snippet":"max-snippet:-1","max-image-preview":"max-image-preview:large","max-video-preview":"max-video-preview:-1"},"canonical":"https:\/\/agenciainfra.com\/blog\/destaque-aprovado-no-texto-da-pl-das-agencias-reguladoras-muda-lei-das-estatais\/","og_locale":"pt_BR","og_type":"article","og_title":"Destaque aprovado no texto da PL das Ag\u00eancias Reguladoras muda lei das estatais","og_description":"&nbsp; Dimmi Amora, da Ag\u00eancia iNFRA Modifica\u00e7\u00e3o feita a pedido do deputado Jos\u00e9 Carlos Ara\u00fajo (PR-BA), aprovada na comiss\u00e3o especial que analisou o PL das Ag\u00eancias Reguladoras (6.621\/2016), prev\u00ea o fim de parte do artigo 17 da Lei das Estatais (13.303\/2016), que veda indica\u00e7\u00e3o para o cargo no conselho de administra\u00e7\u00e3o de empresa p\u00fablica a [&hellip;]","og_url":"https:\/\/agenciainfra.com\/blog\/destaque-aprovado-no-texto-da-pl-das-agencias-reguladoras-muda-lei-das-estatais\/","og_site_name":"Ag\u00eancia iNFRA","article_publisher":"https:\/\/www.facebook.com\/ageninfra","article_published_time":"2018-07-18T03:05:07+00:00","og_image":[{"width":660,"height":440,"url":"https:\/\/agenciainfra.com\/blog\/wp-content\/uploads\/2018\/06\/antt-sede_divulgacao_antt.jpg","type":"image\/jpeg"}],"author":"Ag\u00eancia iNFRA","twitter_card":"summary_large_image","twitter_creator":"@agencia_infra","twitter_site":"@agencia_infra","twitter_misc":{"Escrito por":"Ag\u00eancia iNFRA","Est. tempo de leitura":"2 minutos"},"schema":{"@context":"https:\/\/schema.org","@graph":[{"@type":"Article","@id":"https:\/\/agenciainfra.com\/blog\/destaque-aprovado-no-texto-da-pl-das-agencias-reguladoras-muda-lei-das-estatais\/#article","isPartOf":{"@id":"https:\/\/agenciainfra.com\/blog\/destaque-aprovado-no-texto-da-pl-das-agencias-reguladoras-muda-lei-das-estatais\/"},"author":{"name":"Ag\u00eancia iNFRA","@id":"https:\/\/agenciainfra.com\/blog\/#\/schema\/person\/34af08dff6adea4cb22b06612ba7acfa"},"headline":"Destaque aprovado no texto da PL das Ag\u00eancias Reguladoras muda lei das estatais","datePublished":"2018-07-18T03:05:07+00:00","mainEntityOfPage":{"@id":"https:\/\/agenciainfra.com\/blog\/destaque-aprovado-no-texto-da-pl-das-agencias-reguladoras-muda-lei-das-estatais\/"},"wordCount":410,"publisher":{"@id":"https:\/\/agenciainfra.com\/blog\/#organization"},"image":{"@id":"https:\/\/agenciainfra.com\/blog\/destaque-aprovado-no-texto-da-pl-das-agencias-reguladoras-muda-lei-das-estatais\/#primaryimage"},"thumbnailUrl":"https:\/\/agenciainfra.com\/blog\/wp-content\/uploads\/2018\/06\/antt-sede_divulgacao_antt.jpg","keywords":["Jos\u00e9 Carlos Ara\u00fajo","Lei das Ag\u00eancias Reguladoras","Lei das Estatais (13.303\/2016)","Margarida Salom\u00e3o"],"articleSection":["iNFRATransporte"],"inLanguage":"pt-BR","copyrightYear":"2018","copyrightHolder":{"@id":"https:\/\/agenciainfra.com\/blog\/#organization"}},{"@type":"WebPage","@id":"https:\/\/agenciainfra.com\/blog\/destaque-aprovado-no-texto-da-pl-das-agencias-reguladoras-muda-lei-das-estatais\/","url":"https:\/\/agenciainfra.com\/blog\/destaque-aprovado-no-texto-da-pl-das-agencias-reguladoras-muda-lei-das-estatais\/","name":"Destaque aprovado no texto da PL das Ag\u00eancias Reguladoras muda lei das estatais - Ag\u00eancia iNFRA","isPartOf":{"@id":"https:\/\/agenciainfra.com\/blog\/#website"},"primaryImageOfPage":{"@id":"https:\/\/agenciainfra.com\/blog\/destaque-aprovado-no-texto-da-pl-das-agencias-reguladoras-muda-lei-das-estatais\/#primaryimage"},"image":{"@id":"https:\/\/agenciainfra.com\/blog\/destaque-aprovado-no-texto-da-pl-das-agencias-reguladoras-muda-lei-das-estatais\/#primaryimage"},"thumbnailUrl":"https:\/\/agenciainfra.com\/blog\/wp-content\/uploads\/2018\/06\/antt-sede_divulgacao_antt.jpg","datePublished":"2018-07-18T03:05:07+00:00","breadcrumb":{"@id":"https:\/\/agenciainfra.com\/blog\/destaque-aprovado-no-texto-da-pl-das-agencias-reguladoras-muda-lei-das-estatais\/#breadcrumb"},"inLanguage":"pt-BR","potentialAction":[{"@type":"ReadAction","target":["https:\/\/agenciainfra.com\/blog\/destaque-aprovado-no-texto-da-pl-das-agencias-reguladoras-muda-lei-das-estatais\/"]}]},{"@type":"ImageObject","inLanguage":"pt-BR","@id":"https:\/\/agenciainfra.com\/blog\/destaque-aprovado-no-texto-da-pl-das-agencias-reguladoras-muda-lei-das-estatais\/#primaryimage","url":"https:\/\/agenciainfra.com\/blog\/wp-content\/uploads\/2018\/06\/antt-sede_divulgacao_antt.jpg","contentUrl":"https:\/\/agenciainfra.com\/blog\/wp-content\/uploads\/2018\/06\/antt-sede_divulgacao_antt.jpg","width":660,"height":440},{"@type":"BreadcrumbList","@id":"https:\/\/agenciainfra.com\/blog\/destaque-aprovado-no-texto-da-pl-das-agencias-reguladoras-muda-lei-das-estatais\/#breadcrumb","itemListElement":[{"@type":"ListItem","position":1,"name":"In\u00edcio","item":"https:\/\/agenciainfra.com\/blog\/"},{"@type":"ListItem","position":2,"name":"Destaque aprovado no texto da PL das Ag\u00eancias Reguladoras muda lei das estatais"}]},{"@type":"WebSite","@id":"https:\/\/agenciainfra.com\/blog\/#website","url":"https:\/\/agenciainfra.com\/blog\/","name":"Ag\u00eancia iNFRA","description":"Multiplataforma de informa\u00e7\u00e3o jornal\u00edstica refer\u00eancia na \u00e1rea de infraestrutura no Brasil!","publisher":{"@id":"https:\/\/agenciainfra.com\/blog\/#organization"},"potentialAction":[{"@type":"SearchAction","target":{"@type":"EntryPoint","urlTemplate":"https:\/\/agenciainfra.com\/blog\/?s={search_term_string}"},"query-input":{"@type":"PropertyValueSpecification","valueRequired":true,"valueName":"search_term_string"}}],"inLanguage":"pt-BR"},{"@type":"Organization","@id":"https:\/\/agenciainfra.com\/blog\/#organization","name":"Ag\u00eancia iNFRA","url":"https:\/\/agenciainfra.com\/blog\/","logo":{"@type":"ImageObject","inLanguage":"pt-BR","@id":"https:\/\/agenciainfra.com\/blog\/#\/schema\/logo\/image\/","url":"https:\/\/agenciainfra.com\/blog\/wp-content\/uploads\/2023\/09\/iNFRA_5-e1761735885940.png","contentUrl":"https:\/\/agenciainfra.com\/blog\/wp-content\/uploads\/2023\/09\/iNFRA_5-e1761735885940.png","width":1672,"height":454,"caption":"Ag\u00eancia iNFRA"},"image":{"@id":"https:\/\/agenciainfra.com\/blog\/#\/schema\/logo\/image\/"},"sameAs":["https:\/\/www.facebook.com\/ageninfra","https:\/\/x.com\/agencia_infra","https:\/\/www.linkedin.com\/company\/ag\u00eanciainfra\/","https:\/\/www.instagram.com\/agenciainfra\/"]},{"@type":"Person","@id":"https:\/\/agenciainfra.com\/blog\/#\/schema\/person\/34af08dff6adea4cb22b06612ba7acfa","name":"Ag\u00eancia iNFRA","image":{"@type":"ImageObject","inLanguage":"pt-BR","@id":"https:\/\/agenciainfra.com\/blog\/#\/schema\/person\/image\/","url":"https:\/\/secure.gravatar.com\/avatar\/d189e01678f06d8eb84d4e01f08eb848b3fffe3f8443818d3c356c66892f5be8?s=96&d=mm&r=g","contentUrl":"https:\/\/secure.gravatar.com\/avatar\/d189e01678f06d8eb84d4e01f08eb848b3fffe3f8443818d3c356c66892f5be8?s=96&d=mm&r=g","caption":"Ag\u00eancia iNFRA"},"url":"https:\/\/agenciainfra.com\/blog\/author\/admin\/"}]}},"_links":{"self":[{"href":"https:\/\/agenciainfra.com\/blog\/wp-json\/wp\/v2\/posts\/2133","targetHints":{"allow":["GET"]}}],"collection":[{"href":"https:\/\/agenciainfra.com\/blog\/wp-json\/wp\/v2\/posts"}],"about":[{"href":"https:\/\/agenciainfra.com\/blog\/wp-json\/wp\/v2\/types\/post"}],"author":[{"embeddable":true,"href":"https:\/\/agenciainfra.com\/blog\/wp-json\/wp\/v2\/users\/1"}],"replies":[{"embeddable":true,"href":"https:\/\/agenciainfra.com\/blog\/wp-json\/wp\/v2\/comments?post=2133"}],"version-history":[{"count":0,"href":"https:\/\/agenciainfra.com\/blog\/wp-json\/wp\/v2\/posts\/2133\/revisions"}],"wp:featuredmedia":[{"embeddable":true,"href":"https:\/\/agenciainfra.com\/blog\/wp-json\/wp\/v2\/media\/1849"}],"wp:attachment":[{"href":"https:\/\/agenciainfra.com\/blog\/wp-json\/wp\/v2\/media?parent=2133"}],"wp:term":[{"taxonomy":"category","embeddable":true,"href":"https:\/\/agenciainfra.com\/blog\/wp-json\/wp\/v2\/categories?post=2133"},{"taxonomy":"post_tag","embeddable":true,"href":"https:\/\/agenciainfra.com\/blog\/wp-json\/wp\/v2\/tags?post=2133"}],"curies":[{"name":"wp","href":"https:\/\/api.w.org\/{rel}","templated":true}]}}