{"id":21454,"date":"2025-05-07T12:25:00","date_gmt":"2025-05-07T15:25:00","guid":{"rendered":"https:\/\/agenciainfra.com\/blog\/?p=21454"},"modified":"2025-05-16T11:09:49","modified_gmt":"2025-05-16T14:09:49","slug":"agencia-infra-e-esfera-em-evento-autoridades-falam-em-r-500-bi-em-investimentos-privados-para-a-infraestrutura-no-brasil-com-aposta-na-seguranca-juridica","status":"publish","type":"post","link":"https:\/\/agenciainfra.com\/blog\/agencia-infra-e-esfera-em-evento-autoridades-falam-em-r-500-bi-em-investimentos-privados-para-a-infraestrutura-no-brasil-com-aposta-na-seguranca-juridica\/","title":{"rendered":"Ag\u00eancia iNFRA e Esfera: em evento, autoridades falam em R$ 500 bi em investimentos privados para a infraestrutura no Brasil, com aposta na seguran\u00e7a jur\u00eddica"},"content":{"rendered":"\t\t<div data-elementor-type=\"wp-post\" data-elementor-id=\"21454\" class=\"elementor elementor-21454\" data-elementor-post-type=\"post\">\n\t\t\t\t<div class=\"elementor-element elementor-element-59faefe1 e-flex e-con-boxed e-con e-parent\" data-id=\"59faefe1\" data-element_type=\"container\">\n\t\t\t\t\t<div class=\"e-con-inner\">\n\t\t\t\t<div class=\"elementor-element elementor-element-1562bf44 elementor-widget elementor-widget-text-editor\" data-id=\"1562bf44\" data-element_type=\"widget\" data-widget_type=\"text-editor.default\">\n\t\t\t\t<div class=\"elementor-widget-container\">\n\t\t\t\t\t\t\t\t\t\n<p class=\"has-text-align-right\"><strong>da Ag\u00eancia iNFRA<\/strong><\/p>\n\n<p>O ano de 2025 se desenha como um dos mais promissores para investimentos do setor privado em infraestrutura. A atra\u00e7\u00e3o desses recursos \u00e9 uma das principais apostas do governo federal para manter a economia girando. Para isso, minist\u00e9rios estrat\u00e9gicos receberam aval para ampliar a carteira de concess\u00f5es e modelar projetos com seguran\u00e7a jur\u00eddica, condi\u00e7\u00e3o essencial para atrair novos players, inclusive internacionais.<\/p>\n\n<p>Os destaques foram apresentados durante o evento promovido para anunciar que a <strong>Ag\u00eancia iNFRA <\/strong>se incorpora ao think tank Esfera Brasil. O encontro, realizado em Bras\u00edlia nesta ter\u00e7a-feira (6) com presen\u00e7a de ministros, parlamentares e empres\u00e1rios do setor, tamb\u00e9m marcou a comemora\u00e7\u00e3o dos 8 anos da <strong>Ag\u00eancia iNFRA<\/strong>. A opera\u00e7\u00e3o fortalece a marca e amplia o alcance das informa\u00e7\u00f5es.<\/p>\n\n<p>Participaram do encontro os ministros Alexandre Silveira (Minas e Energia), Jader Filho (Cidades), Silvio Costa Filho (Portos e Aeroportos), o secret\u00e1rio-executivo do Minist\u00e9rio dos Transportes, George Santoro, e o presidente do TCU (Tribunal de Contas da Uni\u00e3o), Vital do R\u00eago.<\/p>\n\n<p>Silveira revelou durante o encontro que o presidente Lula bateu o martelo para a MP (Medida Provis\u00f3ria) da reforma do setor el\u00e9trico. O envio do texto deve ser anunciado depois do retorno da viagem de Lula \u00e0 R\u00fassia e China, em 13 de maio.<\/p>\n\n<p>\u201cO presidente Lula resolveu, eu n\u00e3o vi ele assinando, mas isso \u00e9 protocolar. Ele bateu o texto da reforma\u201d, disse ao ser questionado sobre a assinatura da MP.<\/p>\n\n<p>Silveira revelou ainda que um dos objetivos de sua viagem \u00e0 China \u00e9 ter conversas para estimular a exporta\u00e7\u00e3o de etanol brasileiro ao pa\u00eds asi\u00e1tico.\u00a0 Fontes do MME (Minist\u00e9rio de Minas e Energia) afirmam que, nesse t\u00f3pico, o principal objetivo \u00e9 endere\u00e7ar uma libera\u00e7\u00e3o do governo central da China para que cada uma das 22 prov\u00edncias do pa\u00eds asi\u00e1tico possa importar o biocombust\u00edvel brasileiro de forma independente.<\/p>\n\n<p><strong>Portos e Aeroportos<\/strong><\/p>\n\n<p>\u201cHoje o pa\u00eds tem quase R$ 500 bilh\u00f5es em investimentos contratados ou em estrutura\u00e7\u00e3o para 2025 e 2026\u201d, afirmou o ministro Silvio Costa Filho. O valor engloba todas as \u00e1reas da infraestrutura. No setor portu\u00e1rio e aeroportu\u00e1rio, os destaques s\u00e3o o T\u00fanel Santos-Guaruj\u00e1, via PPP (Parceria P\u00fablico-Privada), e o leil\u00e3o do terminal STS10, no Porto de Santos, que o ministro reiterou que pretende realizar entre novembro e dezembro deste ano.<\/p>\n\n<p>O T\u00fanel Santos-Guaruj\u00e1 exige articula\u00e7\u00e3o entre o governo federal e o governo de S\u00e3o Paulo, comandado por Tarc\u00edsio de Freitas (Republicanos). Na semana passada, Silvio Costa Filho participou de um roadshow na Europa ao lado do governador paulista, em busca de investidores. A obra, inclu\u00edda no Novo PAC, est\u00e1 or\u00e7ada em R$ 5,8 bilh\u00f5es.<\/p>\n\n<p>J\u00e1 o STS10, caso concretizado, ser\u00e1 o maior leil\u00e3o portu\u00e1rio da hist\u00f3ria do Brasil. A previs\u00e3o \u00e9 dobrar a capacidade de movimenta\u00e7\u00e3o de cont\u00eaineres no Porto de Santos, que hoje opera no limite. \u201cO STS10 ser\u00e1 um marco para o setor portu\u00e1rio\u201d, disse o ministro. Ele destacou ainda que a pasta planeja 59 leil\u00f5es na B3 at\u00e9 o fim do governo, com investimentos previstos de cerca de R$ 30 bilh\u00f5es.<\/p>\n\n<p><strong>Habita\u00e7\u00e3o<\/strong><\/p>\n\n<p>Voltada \u00e0 classe m\u00e9dia, a Faixa 4 do Minha Casa, Minha Vida \u00e9 uma resposta ao esvaziamento das cadernetas de poupan\u00e7a e uma estrat\u00e9gia para ampliar o n\u00famero de unidades de maior porte, afirmou o ministro Jader Filho em sua participa\u00e7\u00e3o no evento. Com recursos do Fundo Social do Pr\u00e9-Sal, o governo pretende injetar R$ 30 bilh\u00f5es nessa linha, com meta de atingir 700 mil unidades habitacionais at\u00e9 o fim do ano.<\/p>\n\n<p>\u201cO governo acompanha os movimentos do mercado. O financiamento da classe m\u00e9dia vinha da poupan\u00e7a, mas h\u00e1 uma previs\u00e3o de saques de R$ 30 bilh\u00f5es em 2025. A mudan\u00e7a de fluxo \u00e9 inevit\u00e1vel diante das taxas de juros e da maior atratividade de outras aplica\u00e7\u00f5es financeiras\u201d, explicou.<\/p>\n\n<p>Segundo o ministro, a Faixa 4 ser\u00e1 mantida em 2026. A expectativa \u00e9 chegar a tr\u00eas milh\u00f5es de unidades habitacionais at\u00e9 o fim do governo, o que o ministro chamou de \u201cEra de Ouro do Minha Casa, Minha Vida\u201d. \u201cO programa respondeu por mais de 50% dos financiamentos imobili\u00e1rios no pa\u00eds no ano passado. O PIB cresceu 3,4%, e a constru\u00e7\u00e3o civil, 5,1%, muito disso impulsionado pelo programa. Vamos continuar estimulando\u201d, afirmou o ministro.<\/p>\n\n<p><strong>Transportes<\/strong><\/p>\n\n<p>A remodela\u00e7\u00e3o dos projetos de concess\u00e3o tem sido a principal estrat\u00e9gia do Minist\u00e9rio dos Transportes para atrair capital privado nos modais rodovi\u00e1rio e ferrovi\u00e1rio. O secret\u00e1rio-executivo George Santoro, que representou o ministro Renan Filho, afirmou que, em parceria com a ANTT (Ag\u00eancia Nacional de Transportes Terrestres), diversos ajustes est\u00e3o sendo feitos.<\/p>\n\n<p>\u201cAs mudan\u00e7as trazem mais seguran\u00e7a jur\u00eddica. Os projetos agora contam com matrizes de risco claras e objetivas. Com essa modelagem, a flutua\u00e7\u00e3o da taxa de juros tem menos impacto sobre o retorno do capital investido\u201d, disse. Ele tamb\u00e9m destacou a aproxima\u00e7\u00e3o do BNDES (Banco Nacional de Desenvolvimento Econ\u00f4mico e Social) com os minist\u00e9rios que tocam projetos estruturantes.<\/p>\n\n<p>\u201cO BNDES mudou sua postura. O banco passou a se envolver mais na an\u00e1lise dos projetos, trazendo uma vis\u00e3o banc\u00e1ria e ajudando a ancorar as expectativas do mercado em rela\u00e7\u00e3o ao financiamento\u201d, disse.<\/p>\n\n<p>Nesta semana, o minist\u00e9rio leva a leil\u00e3o a Rota da Celulose (BRs-262\/267\/MS e MS-040\/338\/395), com quatro grupos interessados, segundo Santoro.<\/p>\n\n<p><strong>Tribunal de Contas da Uni\u00e3o<\/strong><\/p>\n\n<p>Na abertura do evento, o presidente do TCU, ministro Vital do R\u00eago, destacou o papel da <strong>Ag\u00eancia iNFRA<\/strong> na cobertura do setor regulado. \u201cMuitas pautas da ag\u00eancia chegam ao TCU, e muitas pautas do TCU ganham visibilidade gra\u00e7as \u00e0 cobertura da ag\u00eancia. Essa parceria entre imprensa especializada e \u00f3rg\u00e3o de controle \u00e9 fundamental\u201d, afirmou.<\/p>\n\n<p>Ao lado dele, o ministro Alexandre Silveira (Minas e Energia) refor\u00e7ou a import\u00e2ncia da cobertura jornal\u00edstica especializada, especialmente nos setores de energia el\u00e9trica, petr\u00f3leo, g\u00e1s e biocombust\u00edveis \u2014 pilares da seguran\u00e7a energ\u00e9tica do pa\u00eds.<\/p>\n\n<p><strong>Homenagens<\/strong><\/p>\n\n<p>A <strong>Ag\u00eancia iNFRA<\/strong> homenageou o deputado federal Arnaldo Jardim (Cidadania-SP), relator do Novo Marco das PPPs e Concess\u00f5es, e o senador Marcos Rog\u00e9rio (PL-RO), presidente da Comiss\u00e3o de Infraestrutura do Senado. A premia\u00e7\u00e3o reconhece a atua\u00e7\u00e3o dos parlamentares em pautas estrat\u00e9gicas para o setor.<\/p>\n\n<p>Jardim defendeu a moderniza\u00e7\u00e3o das normas como caminho para atrair mais investimentos. \u201cO texto deve ser votado nesta quarta-feira (7). Recebo essa homenagem em nome de todos os parlamentares que trabalham pela infraestrutura. Falar de infraestrutura \u00e9 falar de desenvolvimento sustent\u00e1vel\u201d, afirmou.<\/p>\n\n<p>O senador Marcos Rog\u00e9rio tamb\u00e9m elogiou a uni\u00e3o da <strong>Ag\u00eancia iNFRA<\/strong> com a Esfera Brasil. \u201c\u00c9 uma jun\u00e7\u00e3o importante que contribui com o desenvolvimento do setor. Discutir infraestrutura \u00e9 n\u00e3o ter medo de ousar. E, em muitos casos, quando se demora a agir, perde-se o timing. O Brasil tem pressa nesse campo\u201d, disse.<\/p>\n\n<p>Veja abaixo alguns registros fotogr\u00e1ficos do evento:<\/p>\n\t\t\t\t\t\t\t\t<\/div>\n\t\t\t\t<\/div>\n\t\t\t\t\t<\/div>\n\t\t\t\t<\/div>\n\t\t<div class=\"elementor-element elementor-element-7773fda e-flex e-con-boxed e-con e-parent\" data-id=\"7773fda\" data-element_type=\"container\">\n\t\t\t\t\t<div class=\"e-con-inner\">\n\t\t\t\t<div class=\"elementor-element elementor-element-5e6606b elementor-widget elementor-widget-gallery\" data-id=\"5e6606b\" data-element_type=\"widget\" data-settings=\"{&quot;lazyload&quot;:&quot;yes&quot;,&quot;gallery_layout&quot;:&quot;grid&quot;,&quot;columns&quot;:4,&quot;columns_tablet&quot;:2,&quot;columns_mobile&quot;:1,&quot;gap&quot;:{&quot;unit&quot;:&quot;px&quot;,&quot;size&quot;:10,&quot;sizes&quot;:[]},&quot;gap_tablet&quot;:{&quot;unit&quot;:&quot;px&quot;,&quot;size&quot;:10,&quot;sizes&quot;:[]},&quot;gap_mobile&quot;:{&quot;unit&quot;:&quot;px&quot;,&quot;size&quot;:10,&quot;sizes&quot;:[]},&quot;link_to&quot;:&quot;file&quot;,&quot;aspect_ratio&quot;:&quot;3:2&quot;,&quot;overlay_background&quot;:&quot;yes&quot;,&quot;content_hover_animation&quot;:&quot;fade-in&quot;}\" data-widget_type=\"gallery.default\">\n\t\t\t\t<div class=\"elementor-widget-container\">\n\t\t\t\t\t\t\t<div class=\"elementor-gallery__container\">\n\t\t\t\t\t\t\t<a class=\"e-gallery-item elementor-gallery-item elementor-animated-content\" href=\"https:\/\/agenciainfra.com\/blog\/wp-content\/uploads\/2025\/05\/vital-do-rego-tcu-foto-agenciainfra-scaled.jpg\" data-elementor-open-lightbox=\"yes\" data-elementor-lightbox-slideshow=\"5e6606b\" data-elementor-lightbox-title=\"vital-do-rego-tcu-foto-agenciainfra\" data-e-action-hash=\"#elementor-action%3Aaction%3Dlightbox%26settings%3DeyJpZCI6MjE1MTMsInVybCI6Imh0dHBzOlwvXC9hZ2VuY2lhaW5mcmEuY29tXC9ibG9nXC93cC1jb250ZW50XC91cGxvYWRzXC8yMDI1XC8wNVwvdml0YWwtZG8tcmVnby10Y3UtZm90by1hZ2VuY2lhaW5mcmEtc2NhbGVkLmpwZyIsInNsaWRlc2hvdyI6IjVlNjYwNmIifQ%3D%3D\">\n\t\t\t\t\t<div class=\"e-gallery-image elementor-gallery-item__image\" data-thumbnail=\"https:\/\/agenciainfra.com\/blog\/wp-content\/uploads\/2025\/05\/vital-do-rego-tcu-foto-agenciainfra-300x200.jpg\" data-width=\"300\" data-height=\"200\" aria-label=\"\" role=\"img\" ><\/div>\n\t\t\t\t\t\t\t\t\t\t\t<div class=\"elementor-gallery-item__overlay\"><\/div>\n\t\t\t\t\t\t\t\t\t\t\t\t\t\t<\/a>\n\t\t\t\t\t\t\t<a class=\"e-gallery-item elementor-gallery-item elementor-animated-content\" href=\"https:\/\/agenciainfra.com\/blog\/wp-content\/uploads\/2025\/05\/vital-do-rego_e_arnaldo-jardim-foto-agenciainfra-scaled.jpg\" data-elementor-open-lightbox=\"yes\" data-elementor-lightbox-slideshow=\"5e6606b\" data-elementor-lightbox-title=\"vital-do-rego_e_arnaldo-jardim-foto-agenciainfra\" data-e-action-hash=\"#elementor-action%3Aaction%3Dlightbox%26settings%3DeyJpZCI6MjE1MTIsInVybCI6Imh0dHBzOlwvXC9hZ2VuY2lhaW5mcmEuY29tXC9ibG9nXC93cC1jb250ZW50XC91cGxvYWRzXC8yMDI1XC8wNVwvdml0YWwtZG8tcmVnb19lX2FybmFsZG8tamFyZGltLWZvdG8tYWdlbmNpYWluZnJhLXNjYWxlZC5qcGciLCJzbGlkZXNob3ciOiI1ZTY2MDZiIn0%3D\">\n\t\t\t\t\t<div class=\"e-gallery-image elementor-gallery-item__image\" data-thumbnail=\"https:\/\/agenciainfra.com\/blog\/wp-content\/uploads\/2025\/05\/vital-do-rego_e_arnaldo-jardim-foto-agenciainfra-300x200.jpg\" data-width=\"300\" data-height=\"200\" aria-label=\"\" role=\"img\" ><\/div>\n\t\t\t\t\t\t\t\t\t\t\t<div class=\"elementor-gallery-item__overlay\"><\/div>\n\t\t\t\t\t\t\t\t\t\t\t\t\t\t<\/a>\n\t\t\t\t\t\t\t<a class=\"e-gallery-item elementor-gallery-item elementor-animated-content\" href=\"https:\/\/agenciainfra.com\/blog\/wp-content\/uploads\/2025\/05\/silvio-costa-filho-foto-agenciainfra-scaled.jpg\" data-elementor-open-lightbox=\"yes\" data-elementor-lightbox-slideshow=\"5e6606b\" data-elementor-lightbox-title=\"silvio-costa-filho-foto-agenciainfra\" data-e-action-hash=\"#elementor-action%3Aaction%3Dlightbox%26settings%3DeyJpZCI6MjE1MTEsInVybCI6Imh0dHBzOlwvXC9hZ2VuY2lhaW5mcmEuY29tXC9ibG9nXC93cC1jb250ZW50XC91cGxvYWRzXC8yMDI1XC8wNVwvc2lsdmlvLWNvc3RhLWZpbGhvLWZvdG8tYWdlbmNpYWluZnJhLXNjYWxlZC5qcGciLCJzbGlkZXNob3ciOiI1ZTY2MDZiIn0%3D\">\n\t\t\t\t\t<div class=\"e-gallery-image elementor-gallery-item__image\" data-thumbnail=\"https:\/\/agenciainfra.com\/blog\/wp-content\/uploads\/2025\/05\/silvio-costa-filho-foto-agenciainfra-200x300.jpg\" data-width=\"200\" data-height=\"300\" aria-label=\"\" role=\"img\" ><\/div>\n\t\t\t\t\t\t\t\t\t\t\t<div class=\"elementor-gallery-item__overlay\"><\/div>\n\t\t\t\t\t\t\t\t\t\t\t\t\t\t<\/a>\n\t\t\t\t\t\t\t<a class=\"e-gallery-item elementor-gallery-item elementor-animated-content\" href=\"https:\/\/agenciainfra.com\/blog\/wp-content\/uploads\/2025\/05\/marcos-rogerio-foto-evento-agenciainfra-scaled.jpg\" data-elementor-open-lightbox=\"yes\" data-elementor-lightbox-slideshow=\"5e6606b\" data-elementor-lightbox-title=\"marcos-rogerio-foto-evento-agenciainfra\" data-e-action-hash=\"#elementor-action%3Aaction%3Dlightbox%26settings%3DeyJpZCI6MjE1MTAsInVybCI6Imh0dHBzOlwvXC9hZ2VuY2lhaW5mcmEuY29tXC9ibG9nXC93cC1jb250ZW50XC91cGxvYWRzXC8yMDI1XC8wNVwvbWFyY29zLXJvZ2VyaW8tZm90by1ldmVudG8tYWdlbmNpYWluZnJhLXNjYWxlZC5qcGciLCJzbGlkZXNob3ciOiI1ZTY2MDZiIn0%3D\">\n\t\t\t\t\t<div class=\"e-gallery-image elementor-gallery-item__image\" data-thumbnail=\"https:\/\/agenciainfra.com\/blog\/wp-content\/uploads\/2025\/05\/marcos-rogerio-foto-evento-agenciainfra-300x200.jpg\" data-width=\"300\" data-height=\"200\" aria-label=\"\" role=\"img\" ><\/div>\n\t\t\t\t\t\t\t\t\t\t\t<div class=\"elementor-gallery-item__overlay\"><\/div>\n\t\t\t\t\t\t\t\t\t\t\t\t\t\t<\/a>\n\t\t\t\t\t\t\t<a class=\"e-gallery-item elementor-gallery-item elementor-animated-content\" href=\"https:\/\/agenciainfra.com\/blog\/wp-content\/uploads\/2025\/05\/leonardo-ribeiro-foto-agenciainfra003-scaled.jpg\" data-elementor-open-lightbox=\"yes\" data-elementor-lightbox-slideshow=\"5e6606b\" data-elementor-lightbox-title=\"leonardo-ribeiro-foto-agenciainfra003\" data-e-action-hash=\"#elementor-action%3Aaction%3Dlightbox%26settings%3DeyJpZCI6MjE1MDksInVybCI6Imh0dHBzOlwvXC9hZ2VuY2lhaW5mcmEuY29tXC9ibG9nXC93cC1jb250ZW50XC91cGxvYWRzXC8yMDI1XC8wNVwvbGVvbmFyZG8tcmliZWlyby1mb3RvLWFnZW5jaWFpbmZyYTAwMy1zY2FsZWQuanBnIiwic2xpZGVzaG93IjoiNWU2NjA2YiJ9\">\n\t\t\t\t\t<div class=\"e-gallery-image elementor-gallery-item__image\" data-thumbnail=\"https:\/\/agenciainfra.com\/blog\/wp-content\/uploads\/2025\/05\/leonardo-ribeiro-foto-agenciainfra003-300x200.jpg\" data-width=\"300\" data-height=\"200\" aria-label=\"\" role=\"img\" ><\/div>\n\t\t\t\t\t\t\t\t\t\t\t<div class=\"elementor-gallery-item__overlay\"><\/div>\n\t\t\t\t\t\t\t\t\t\t\t\t\t\t<\/a>\n\t\t\t\t\t\t\t<a class=\"e-gallery-item elementor-gallery-item elementor-animated-content\" href=\"https:\/\/agenciainfra.com\/blog\/wp-content\/uploads\/2025\/05\/dimmi_e_joao-camargo-foto-agenciainfra-scaled.jpg\" data-elementor-open-lightbox=\"yes\" data-elementor-lightbox-slideshow=\"5e6606b\" data-elementor-lightbox-title=\"dimmi_e_joao-camargo-foto-agenciainfra\" data-e-action-hash=\"#elementor-action%3Aaction%3Dlightbox%26settings%3DeyJpZCI6MjE1MDQsInVybCI6Imh0dHBzOlwvXC9hZ2VuY2lhaW5mcmEuY29tXC9ibG9nXC93cC1jb250ZW50XC91cGxvYWRzXC8yMDI1XC8wNVwvZGltbWlfZV9qb2FvLWNhbWFyZ28tZm90by1hZ2VuY2lhaW5mcmEtc2NhbGVkLmpwZyIsInNsaWRlc2hvdyI6IjVlNjYwNmIifQ%3D%3D\">\n\t\t\t\t\t<div class=\"e-gallery-image elementor-gallery-item__image\" data-thumbnail=\"https:\/\/agenciainfra.com\/blog\/wp-content\/uploads\/2025\/05\/dimmi_e_joao-camargo-foto-agenciainfra-300x200.jpg\" data-width=\"300\" data-height=\"200\" aria-label=\"\" role=\"img\" ><\/div>\n\t\t\t\t\t\t\t\t\t\t\t<div class=\"elementor-gallery-item__overlay\"><\/div>\n\t\t\t\t\t\t\t\t\t\t\t\t\t\t<\/a>\n\t\t\t\t\t\t\t<a class=\"e-gallery-item elementor-gallery-item elementor-animated-content\" href=\"https:\/\/agenciainfra.com\/blog\/wp-content\/uploads\/2025\/05\/jader-filho-foto-agenciainfra-scaled.jpg\" data-elementor-open-lightbox=\"yes\" data-elementor-lightbox-slideshow=\"5e6606b\" data-elementor-lightbox-title=\"jader-filho-foto-agenciainfra\" data-e-action-hash=\"#elementor-action%3Aaction%3Dlightbox%26settings%3DeyJpZCI6MjE1MDUsInVybCI6Imh0dHBzOlwvXC9hZ2VuY2lhaW5mcmEuY29tXC9ibG9nXC93cC1jb250ZW50XC91cGxvYWRzXC8yMDI1XC8wNVwvamFkZXItZmlsaG8tZm90by1hZ2VuY2lhaW5mcmEtc2NhbGVkLmpwZyIsInNsaWRlc2hvdyI6IjVlNjYwNmIifQ%3D%3D\">\n\t\t\t\t\t<div class=\"e-gallery-image elementor-gallery-item__image\" data-thumbnail=\"https:\/\/agenciainfra.com\/blog\/wp-content\/uploads\/2025\/05\/jader-filho-foto-agenciainfra-300x200.jpg\" data-width=\"300\" data-height=\"200\" aria-label=\"\" role=\"img\" ><\/div>\n\t\t\t\t\t\t\t\t\t\t\t<div class=\"elementor-gallery-item__overlay\"><\/div>\n\t\t\t\t\t\t\t\t\t\t\t\t\t\t<\/a>\n\t\t\t\t\t\t\t<a class=\"e-gallery-item elementor-gallery-item elementor-animated-content\" href=\"https:\/\/agenciainfra.com\/blog\/wp-content\/uploads\/2025\/05\/jader-filho-foto-agenciainfra002-scaled-e1771854889184.jpg\" data-elementor-open-lightbox=\"yes\" data-elementor-lightbox-slideshow=\"5e6606b\" data-elementor-lightbox-title=\"jader-filho-foto-agenciainfra002\" data-e-action-hash=\"#elementor-action%3Aaction%3Dlightbox%26settings%3DeyJpZCI6MjE1MDYsInVybCI6Imh0dHBzOlwvXC9hZ2VuY2lhaW5mcmEuY29tXC9ibG9nXC93cC1jb250ZW50XC91cGxvYWRzXC8yMDI1XC8wNVwvamFkZXItZmlsaG8tZm90by1hZ2VuY2lhaW5mcmEwMDItc2NhbGVkLWUxNzcxODU0ODg5MTg0LmpwZyIsInNsaWRlc2hvdyI6IjVlNjYwNmIifQ%3D%3D\">\n\t\t\t\t\t<div class=\"e-gallery-image elementor-gallery-item__image\" data-thumbnail=\"https:\/\/agenciainfra.com\/blog\/wp-content\/uploads\/2025\/05\/jader-filho-foto-agenciainfra002-scaled-e1771854889184-300x186.jpg\" data-width=\"300\" data-height=\"186\" aria-label=\"\" role=\"img\" ><\/div>\n\t\t\t\t\t\t\t\t\t\t\t<div class=\"elementor-gallery-item__overlay\"><\/div>\n\t\t\t\t\t\t\t\t\t\t\t\t\t\t<\/a>\n\t\t\t\t\t\t\t<a class=\"e-gallery-item elementor-gallery-item elementor-animated-content\" href=\"https:\/\/agenciainfra.com\/blog\/wp-content\/uploads\/2025\/05\/leonardo-ribeiro-foto-agenciainfra-scaled.jpg\" data-elementor-open-lightbox=\"yes\" data-elementor-lightbox-slideshow=\"5e6606b\" data-elementor-lightbox-title=\"leonardo-ribeiro-foto-agenciainfra\" data-e-action-hash=\"#elementor-action%3Aaction%3Dlightbox%26settings%3DeyJpZCI6MjE1MDcsInVybCI6Imh0dHBzOlwvXC9hZ2VuY2lhaW5mcmEuY29tXC9ibG9nXC93cC1jb250ZW50XC91cGxvYWRzXC8yMDI1XC8wNVwvbGVvbmFyZG8tcmliZWlyby1mb3RvLWFnZW5jaWFpbmZyYS1zY2FsZWQuanBnIiwic2xpZGVzaG93IjoiNWU2NjA2YiJ9\">\n\t\t\t\t\t<div class=\"e-gallery-image elementor-gallery-item__image\" data-thumbnail=\"https:\/\/agenciainfra.com\/blog\/wp-content\/uploads\/2025\/05\/leonardo-ribeiro-foto-agenciainfra-300x200.jpg\" data-width=\"300\" data-height=\"200\" aria-label=\"\" role=\"img\" ><\/div>\n\t\t\t\t\t\t\t\t\t\t\t<div class=\"elementor-gallery-item__overlay\"><\/div>\n\t\t\t\t\t\t\t\t\t\t\t\t\t\t<\/a>\n\t\t\t\t\t\t\t<a class=\"e-gallery-item elementor-gallery-item elementor-animated-content\" href=\"https:\/\/agenciainfra.com\/blog\/wp-content\/uploads\/2025\/05\/leonardo-ribeiro-foto-agenciainfra002-scaled.jpg\" data-elementor-open-lightbox=\"yes\" data-elementor-lightbox-slideshow=\"5e6606b\" data-elementor-lightbox-title=\"leonardo-ribeiro-foto-agenciainfra002\" data-e-action-hash=\"#elementor-action%3Aaction%3Dlightbox%26settings%3DeyJpZCI6MjE1MDgsInVybCI6Imh0dHBzOlwvXC9hZ2VuY2lhaW5mcmEuY29tXC9ibG9nXC93cC1jb250ZW50XC91cGxvYWRzXC8yMDI1XC8wNVwvbGVvbmFyZG8tcmliZWlyby1mb3RvLWFnZW5jaWFpbmZyYTAwMi1zY2FsZWQuanBnIiwic2xpZGVzaG93IjoiNWU2NjA2YiJ9\">\n\t\t\t\t\t<div class=\"e-gallery-image elementor-gallery-item__image\" data-thumbnail=\"https:\/\/agenciainfra.com\/blog\/wp-content\/uploads\/2025\/05\/leonardo-ribeiro-foto-agenciainfra002-300x200.jpg\" data-width=\"300\" data-height=\"200\" aria-label=\"\" role=\"img\" ><\/div>\n\t\t\t\t\t\t\t\t\t\t\t<div class=\"elementor-gallery-item__overlay\"><\/div>\n\t\t\t\t\t\t\t\t\t\t\t\t\t\t<\/a>\n\t\t\t\t\t\t\t<a class=\"e-gallery-item elementor-gallery-item elementor-animated-content\" href=\"https:\/\/agenciainfra.com\/blog\/wp-content\/uploads\/2025\/05\/arnaldo-jardim-foto-evento-agenciainfra-scaled.jpg\" data-elementor-open-lightbox=\"yes\" data-elementor-lightbox-slideshow=\"5e6606b\" data-elementor-lightbox-title=\"arnaldo-jardim-foto-evento-agenciainfra\" data-e-action-hash=\"#elementor-action%3Aaction%3Dlightbox%26settings%3DeyJpZCI6MjE1MDMsInVybCI6Imh0dHBzOlwvXC9hZ2VuY2lhaW5mcmEuY29tXC9ibG9nXC93cC1jb250ZW50XC91cGxvYWRzXC8yMDI1XC8wNVwvYXJuYWxkby1qYXJkaW0tZm90by1ldmVudG8tYWdlbmNpYWluZnJhLXNjYWxlZC5qcGciLCJzbGlkZXNob3ciOiI1ZTY2MDZiIn0%3D\">\n\t\t\t\t\t<div class=\"e-gallery-image elementor-gallery-item__image\" data-thumbnail=\"https:\/\/agenciainfra.com\/blog\/wp-content\/uploads\/2025\/05\/arnaldo-jardim-foto-evento-agenciainfra-300x200.jpg\" data-width=\"300\" data-height=\"200\" aria-label=\"\" role=\"img\" ><\/div>\n\t\t\t\t\t\t\t\t\t\t\t<div class=\"elementor-gallery-item__overlay\"><\/div>\n\t\t\t\t\t\t\t\t\t\t\t\t\t\t<\/a>\n\t\t\t\t\t\t\t<a class=\"e-gallery-item elementor-gallery-item elementor-animated-content\" href=\"https:\/\/agenciainfra.com\/blog\/wp-content\/uploads\/2025\/05\/aniversario-agencia-infra-foto031-scaled.jpg\" data-elementor-open-lightbox=\"yes\" data-elementor-lightbox-slideshow=\"5e6606b\" data-elementor-lightbox-title=\"aniversario-agencia-infra-foto031\" data-e-action-hash=\"#elementor-action%3Aaction%3Dlightbox%26settings%3DeyJpZCI6MjE1MDEsInVybCI6Imh0dHBzOlwvXC9hZ2VuY2lhaW5mcmEuY29tXC9ibG9nXC93cC1jb250ZW50XC91cGxvYWRzXC8yMDI1XC8wNVwvYW5pdmVyc2FyaW8tYWdlbmNpYS1pbmZyYS1mb3RvMDMxLXNjYWxlZC5qcGciLCJzbGlkZXNob3ciOiI1ZTY2MDZiIn0%3D\">\n\t\t\t\t\t<div class=\"e-gallery-image elementor-gallery-item__image\" data-thumbnail=\"https:\/\/agenciainfra.com\/blog\/wp-content\/uploads\/2025\/05\/aniversario-agencia-infra-foto031-300x200.jpg\" data-width=\"300\" data-height=\"200\" aria-label=\"\" role=\"img\" ><\/div>\n\t\t\t\t\t\t\t\t\t\t\t<div class=\"elementor-gallery-item__overlay\"><\/div>\n\t\t\t\t\t\t\t\t\t\t\t\t\t\t<\/a>\n\t\t\t\t\t\t\t<a class=\"e-gallery-item elementor-gallery-item elementor-animated-content\" href=\"https:\/\/agenciainfra.com\/blog\/wp-content\/uploads\/2025\/05\/arnaldo-jardim_e_joao-camargo-foto-agenciainfra-scaled.jpg\" data-elementor-open-lightbox=\"yes\" data-elementor-lightbox-slideshow=\"5e6606b\" data-elementor-lightbox-title=\"arnaldo-jardim_e_joao-camargo-foto-agenciainfra\" data-e-action-hash=\"#elementor-action%3Aaction%3Dlightbox%26settings%3DeyJpZCI6MjE1MDIsInVybCI6Imh0dHBzOlwvXC9hZ2VuY2lhaW5mcmEuY29tXC9ibG9nXC93cC1jb250ZW50XC91cGxvYWRzXC8yMDI1XC8wNVwvYXJuYWxkby1qYXJkaW1fZV9qb2FvLWNhbWFyZ28tZm90by1hZ2VuY2lhaW5mcmEtc2NhbGVkLmpwZyIsInNsaWRlc2hvdyI6IjVlNjYwNmIifQ%3D%3D\">\n\t\t\t\t\t<div class=\"e-gallery-image elementor-gallery-item__image\" data-thumbnail=\"https:\/\/agenciainfra.com\/blog\/wp-content\/uploads\/2025\/05\/arnaldo-jardim_e_joao-camargo-foto-agenciainfra-300x200.jpg\" data-width=\"300\" data-height=\"200\" aria-label=\"\" role=\"img\" ><\/div>\n\t\t\t\t\t\t\t\t\t\t\t<div class=\"elementor-gallery-item__overlay\"><\/div>\n\t\t\t\t\t\t\t\t\t\t\t\t\t\t<\/a>\n\t\t\t\t\t\t\t<a class=\"e-gallery-item elementor-gallery-item elementor-animated-content\" href=\"https:\/\/agenciainfra.com\/blog\/wp-content\/uploads\/2025\/05\/aniversario-agencia-infra-foto030-scaled.jpg\" data-elementor-open-lightbox=\"yes\" data-elementor-lightbox-slideshow=\"5e6606b\" data-elementor-lightbox-title=\"aniversario-agencia-infra-foto030\" data-e-action-hash=\"#elementor-action%3Aaction%3Dlightbox%26settings%3DeyJpZCI6MjE1MDAsInVybCI6Imh0dHBzOlwvXC9hZ2VuY2lhaW5mcmEuY29tXC9ibG9nXC93cC1jb250ZW50XC91cGxvYWRzXC8yMDI1XC8wNVwvYW5pdmVyc2FyaW8tYWdlbmNpYS1pbmZyYS1mb3RvMDMwLXNjYWxlZC5qcGciLCJzbGlkZXNob3ciOiI1ZTY2MDZiIn0%3D\">\n\t\t\t\t\t<div class=\"e-gallery-image elementor-gallery-item__image\" data-thumbnail=\"https:\/\/agenciainfra.com\/blog\/wp-content\/uploads\/2025\/05\/aniversario-agencia-infra-foto030-300x200.jpg\" data-width=\"300\" data-height=\"200\" aria-label=\"\" role=\"img\" ><\/div>\n\t\t\t\t\t\t\t\t\t\t\t<div class=\"elementor-gallery-item__overlay\"><\/div>\n\t\t\t\t\t\t\t\t\t\t\t\t\t\t<\/a>\n\t\t\t\t\t\t\t<a class=\"e-gallery-item elementor-gallery-item elementor-animated-content\" href=\"https:\/\/agenciainfra.com\/blog\/wp-content\/uploads\/2025\/05\/aniversario-agencia-infra-foto029-scaled.jpg\" data-elementor-open-lightbox=\"yes\" data-elementor-lightbox-slideshow=\"5e6606b\" data-elementor-lightbox-title=\"aniversario-agencia-infra-foto029\" data-e-action-hash=\"#elementor-action%3Aaction%3Dlightbox%26settings%3DeyJpZCI6MjE0OTksInVybCI6Imh0dHBzOlwvXC9hZ2VuY2lhaW5mcmEuY29tXC9ibG9nXC93cC1jb250ZW50XC91cGxvYWRzXC8yMDI1XC8wNVwvYW5pdmVyc2FyaW8tYWdlbmNpYS1pbmZyYS1mb3RvMDI5LXNjYWxlZC5qcGciLCJzbGlkZXNob3ciOiI1ZTY2MDZiIn0%3D\">\n\t\t\t\t\t<div class=\"e-gallery-image elementor-gallery-item__image\" data-thumbnail=\"https:\/\/agenciainfra.com\/blog\/wp-content\/uploads\/2025\/05\/aniversario-agencia-infra-foto029-300x200.jpg\" data-width=\"300\" data-height=\"200\" aria-label=\"\" role=\"img\" ><\/div>\n\t\t\t\t\t\t\t\t\t\t\t<div class=\"elementor-gallery-item__overlay\"><\/div>\n\t\t\t\t\t\t\t\t\t\t\t\t\t\t<\/a>\n\t\t\t\t\t\t\t<a class=\"e-gallery-item elementor-gallery-item elementor-animated-content\" href=\"https:\/\/agenciainfra.com\/blog\/wp-content\/uploads\/2025\/05\/alexandre-silveira-foto-agenciainfra-scaled.jpg\" data-elementor-open-lightbox=\"yes\" data-elementor-lightbox-slideshow=\"5e6606b\" data-elementor-lightbox-title=\"alexandre-silveira-foto-agenciainfra\" data-e-action-hash=\"#elementor-action%3Aaction%3Dlightbox%26settings%3DeyJpZCI6MjE0NjgsInVybCI6Imh0dHBzOlwvXC9hZ2VuY2lhaW5mcmEuY29tXC9ibG9nXC93cC1jb250ZW50XC91cGxvYWRzXC8yMDI1XC8wNVwvYWxleGFuZHJlLXNpbHZlaXJhLWZvdG8tYWdlbmNpYWluZnJhLXNjYWxlZC5qcGciLCJzbGlkZXNob3ciOiI1ZTY2MDZiIn0%3D\">\n\t\t\t\t\t<div class=\"e-gallery-image elementor-gallery-item__image\" data-thumbnail=\"https:\/\/agenciainfra.com\/blog\/wp-content\/uploads\/2025\/05\/alexandre-silveira-foto-agenciainfra-300x200.jpg\" data-width=\"300\" data-height=\"200\" aria-label=\"\" role=\"img\" ><\/div>\n\t\t\t\t\t\t\t\t\t\t\t<div class=\"elementor-gallery-item__overlay\"><\/div>\n\t\t\t\t\t\t\t\t\t\t\t\t\t\t<\/a>\n\t\t\t\t\t\t\t<a class=\"e-gallery-item elementor-gallery-item elementor-animated-content\" href=\"https:\/\/agenciainfra.com\/blog\/wp-content\/uploads\/2025\/05\/aniversario-agencia-infra-foto-1-scaled.jpg\" data-elementor-open-lightbox=\"yes\" data-elementor-lightbox-slideshow=\"5e6606b\" data-elementor-lightbox-title=\"aniversario-agencia-infra-foto\" data-e-action-hash=\"#elementor-action%3Aaction%3Dlightbox%26settings%3DeyJpZCI6MjE0NzEsInVybCI6Imh0dHBzOlwvXC9hZ2VuY2lhaW5mcmEuY29tXC9ibG9nXC93cC1jb250ZW50XC91cGxvYWRzXC8yMDI1XC8wNVwvYW5pdmVyc2FyaW8tYWdlbmNpYS1pbmZyYS1mb3RvLTEtc2NhbGVkLmpwZyIsInNsaWRlc2hvdyI6IjVlNjYwNmIifQ%3D%3D\">\n\t\t\t\t\t<div class=\"e-gallery-image elementor-gallery-item__image\" data-thumbnail=\"https:\/\/agenciainfra.com\/blog\/wp-content\/uploads\/2025\/05\/aniversario-agencia-infra-foto-1-300x200.jpg\" data-width=\"300\" data-height=\"200\" aria-label=\"\" role=\"img\" ><\/div>\n\t\t\t\t\t\t\t\t\t\t\t<div class=\"elementor-gallery-item__overlay\"><\/div>\n\t\t\t\t\t\t\t\t\t\t\t\t\t\t<\/a>\n\t\t\t\t\t\t\t<a class=\"e-gallery-item elementor-gallery-item elementor-animated-content\" href=\"https:\/\/agenciainfra.com\/blog\/wp-content\/uploads\/2025\/05\/alexandre-silveira-foto-agenciainfra02-scaled.jpg\" data-elementor-open-lightbox=\"yes\" data-elementor-lightbox-slideshow=\"5e6606b\" data-elementor-lightbox-title=\"alexandre-silveira-foto-agenciainfra02\" data-e-action-hash=\"#elementor-action%3Aaction%3Dlightbox%26settings%3DeyJpZCI6MjE0NzAsInVybCI6Imh0dHBzOlwvXC9hZ2VuY2lhaW5mcmEuY29tXC9ibG9nXC93cC1jb250ZW50XC91cGxvYWRzXC8yMDI1XC8wNVwvYWxleGFuZHJlLXNpbHZlaXJhLWZvdG8tYWdlbmNpYWluZnJhMDItc2NhbGVkLmpwZyIsInNsaWRlc2hvdyI6IjVlNjYwNmIifQ%3D%3D\">\n\t\t\t\t\t<div class=\"e-gallery-image elementor-gallery-item__image\" data-thumbnail=\"https:\/\/agenciainfra.com\/blog\/wp-content\/uploads\/2025\/05\/alexandre-silveira-foto-agenciainfra02-300x200.jpg\" data-width=\"300\" data-height=\"200\" aria-label=\"\" role=\"img\" ><\/div>\n\t\t\t\t\t\t\t\t\t\t\t<div class=\"elementor-gallery-item__overlay\"><\/div>\n\t\t\t\t\t\t\t\t\t\t\t\t\t\t<\/a>\n\t\t\t\t\t\t\t<a class=\"e-gallery-item elementor-gallery-item elementor-animated-content\" href=\"https:\/\/agenciainfra.com\/blog\/wp-content\/uploads\/2025\/05\/alexandre-silveira-foto-agenciainfra01-scaled.jpg\" data-elementor-open-lightbox=\"yes\" data-elementor-lightbox-slideshow=\"5e6606b\" data-elementor-lightbox-title=\"alexandre-silveira-foto-agenciainfra01\" data-e-action-hash=\"#elementor-action%3Aaction%3Dlightbox%26settings%3DeyJpZCI6MjE0NjksInVybCI6Imh0dHBzOlwvXC9hZ2VuY2lhaW5mcmEuY29tXC9ibG9nXC93cC1jb250ZW50XC91cGxvYWRzXC8yMDI1XC8wNVwvYWxleGFuZHJlLXNpbHZlaXJhLWZvdG8tYWdlbmNpYWluZnJhMDEtc2NhbGVkLmpwZyIsInNsaWRlc2hvdyI6IjVlNjYwNmIifQ%3D%3D\">\n\t\t\t\t\t<div class=\"e-gallery-image elementor-gallery-item__image\" data-thumbnail=\"https:\/\/agenciainfra.com\/blog\/wp-content\/uploads\/2025\/05\/alexandre-silveira-foto-agenciainfra01-300x200.jpg\" data-width=\"300\" data-height=\"200\" aria-label=\"\" role=\"img\" ><\/div>\n\t\t\t\t\t\t\t\t\t\t\t<div class=\"elementor-gallery-item__overlay\"><\/div>\n\t\t\t\t\t\t\t\t\t\t\t\t\t\t<\/a>\n\t\t\t\t\t\t\t<a class=\"e-gallery-item elementor-gallery-item elementor-animated-content\" href=\"https:\/\/agenciainfra.com\/blog\/wp-content\/uploads\/2025\/05\/aniversario-agencia-infra-foto002-scaled.jpg\" data-elementor-open-lightbox=\"yes\" data-elementor-lightbox-slideshow=\"5e6606b\" data-elementor-lightbox-title=\"aniversario-agencia-infra-foto002\" data-e-action-hash=\"#elementor-action%3Aaction%3Dlightbox%26settings%3DeyJpZCI6MjE0NzIsInVybCI6Imh0dHBzOlwvXC9hZ2VuY2lhaW5mcmEuY29tXC9ibG9nXC93cC1jb250ZW50XC91cGxvYWRzXC8yMDI1XC8wNVwvYW5pdmVyc2FyaW8tYWdlbmNpYS1pbmZyYS1mb3RvMDAyLXNjYWxlZC5qcGciLCJzbGlkZXNob3ciOiI1ZTY2MDZiIn0%3D\">\n\t\t\t\t\t<div class=\"e-gallery-image elementor-gallery-item__image\" data-thumbnail=\"https:\/\/agenciainfra.com\/blog\/wp-content\/uploads\/2025\/05\/aniversario-agencia-infra-foto002-300x200.jpg\" data-width=\"300\" data-height=\"200\" aria-label=\"\" role=\"img\" ><\/div>\n\t\t\t\t\t\t\t\t\t\t\t<div class=\"elementor-gallery-item__overlay\"><\/div>\n\t\t\t\t\t\t\t\t\t\t\t\t\t\t<\/a>\n\t\t\t\t\t\t\t<a class=\"e-gallery-item elementor-gallery-item elementor-animated-content\" href=\"https:\/\/agenciainfra.com\/blog\/wp-content\/uploads\/2025\/05\/aniversario-agencia-infra-foto003-scaled.jpg\" data-elementor-open-lightbox=\"yes\" data-elementor-lightbox-slideshow=\"5e6606b\" data-elementor-lightbox-title=\"aniversario-agencia-infra-foto003\" data-e-action-hash=\"#elementor-action%3Aaction%3Dlightbox%26settings%3DeyJpZCI6MjE0NzMsInVybCI6Imh0dHBzOlwvXC9hZ2VuY2lhaW5mcmEuY29tXC9ibG9nXC93cC1jb250ZW50XC91cGxvYWRzXC8yMDI1XC8wNVwvYW5pdmVyc2FyaW8tYWdlbmNpYS1pbmZyYS1mb3RvMDAzLXNjYWxlZC5qcGciLCJzbGlkZXNob3ciOiI1ZTY2MDZiIn0%3D\">\n\t\t\t\t\t<div class=\"e-gallery-image elementor-gallery-item__image\" data-thumbnail=\"https:\/\/agenciainfra.com\/blog\/wp-content\/uploads\/2025\/05\/aniversario-agencia-infra-foto003-300x200.jpg\" data-width=\"300\" data-height=\"200\" aria-label=\"\" role=\"img\" ><\/div>\n\t\t\t\t\t\t\t\t\t\t\t<div class=\"elementor-gallery-item__overlay\"><\/div>\n\t\t\t\t\t\t\t\t\t\t\t\t\t\t<\/a>\n\t\t\t\t\t\t\t<a class=\"e-gallery-item elementor-gallery-item elementor-animated-content\" href=\"https:\/\/agenciainfra.com\/blog\/wp-content\/uploads\/2025\/05\/aniversario-agencia-infra-foto004-scaled.jpg\" data-elementor-open-lightbox=\"yes\" data-elementor-lightbox-slideshow=\"5e6606b\" data-elementor-lightbox-title=\"aniversario-agencia-infra-foto004\" data-e-action-hash=\"#elementor-action%3Aaction%3Dlightbox%26settings%3DeyJpZCI6MjE0NzQsInVybCI6Imh0dHBzOlwvXC9hZ2VuY2lhaW5mcmEuY29tXC9ibG9nXC93cC1jb250ZW50XC91cGxvYWRzXC8yMDI1XC8wNVwvYW5pdmVyc2FyaW8tYWdlbmNpYS1pbmZyYS1mb3RvMDA0LXNjYWxlZC5qcGciLCJzbGlkZXNob3ciOiI1ZTY2MDZiIn0%3D\">\n\t\t\t\t\t<div class=\"e-gallery-image elementor-gallery-item__image\" data-thumbnail=\"https:\/\/agenciainfra.com\/blog\/wp-content\/uploads\/2025\/05\/aniversario-agencia-infra-foto004-300x200.jpg\" data-width=\"300\" data-height=\"200\" aria-label=\"\" role=\"img\" ><\/div>\n\t\t\t\t\t\t\t\t\t\t\t<div class=\"elementor-gallery-item__overlay\"><\/div>\n\t\t\t\t\t\t\t\t\t\t\t\t\t\t<\/a>\n\t\t\t\t\t\t\t<a class=\"e-gallery-item elementor-gallery-item elementor-animated-content\" href=\"https:\/\/agenciainfra.com\/blog\/wp-content\/uploads\/2025\/05\/aniversario-agencia-infra-foto005-scaled.jpg\" data-elementor-open-lightbox=\"yes\" data-elementor-lightbox-slideshow=\"5e6606b\" data-elementor-lightbox-title=\"aniversario-agencia-infra-foto005\" data-e-action-hash=\"#elementor-action%3Aaction%3Dlightbox%26settings%3DeyJpZCI6MjE0NzUsInVybCI6Imh0dHBzOlwvXC9hZ2VuY2lhaW5mcmEuY29tXC9ibG9nXC93cC1jb250ZW50XC91cGxvYWRzXC8yMDI1XC8wNVwvYW5pdmVyc2FyaW8tYWdlbmNpYS1pbmZyYS1mb3RvMDA1LXNjYWxlZC5qcGciLCJzbGlkZXNob3ciOiI1ZTY2MDZiIn0%3D\">\n\t\t\t\t\t<div class=\"e-gallery-image elementor-gallery-item__image\" data-thumbnail=\"https:\/\/agenciainfra.com\/blog\/wp-content\/uploads\/2025\/05\/aniversario-agencia-infra-foto005-300x200.jpg\" data-width=\"300\" data-height=\"200\" aria-label=\"\" role=\"img\" ><\/div>\n\t\t\t\t\t\t\t\t\t\t\t<div class=\"elementor-gallery-item__overlay\"><\/div>\n\t\t\t\t\t\t\t\t\t\t\t\t\t\t<\/a>\n\t\t\t\t\t\t\t<a class=\"e-gallery-item elementor-gallery-item elementor-animated-content\" href=\"https:\/\/agenciainfra.com\/blog\/wp-content\/uploads\/2025\/05\/aniversario-agencia-infra-foto006-scaled.jpg\" data-elementor-open-lightbox=\"yes\" data-elementor-lightbox-slideshow=\"5e6606b\" data-elementor-lightbox-title=\"aniversario-agencia-infra-foto006\" data-e-action-hash=\"#elementor-action%3Aaction%3Dlightbox%26settings%3DeyJpZCI6MjE0NzYsInVybCI6Imh0dHBzOlwvXC9hZ2VuY2lhaW5mcmEuY29tXC9ibG9nXC93cC1jb250ZW50XC91cGxvYWRzXC8yMDI1XC8wNVwvYW5pdmVyc2FyaW8tYWdlbmNpYS1pbmZyYS1mb3RvMDA2LXNjYWxlZC5qcGciLCJzbGlkZXNob3ciOiI1ZTY2MDZiIn0%3D\">\n\t\t\t\t\t<div class=\"e-gallery-image elementor-gallery-item__image\" data-thumbnail=\"https:\/\/agenciainfra.com\/blog\/wp-content\/uploads\/2025\/05\/aniversario-agencia-infra-foto006-300x200.jpg\" data-width=\"300\" data-height=\"200\" aria-label=\"\" role=\"img\" ><\/div>\n\t\t\t\t\t\t\t\t\t\t\t<div class=\"elementor-gallery-item__overlay\"><\/div>\n\t\t\t\t\t\t\t\t\t\t\t\t\t\t<\/a>\n\t\t\t\t\t\t\t<a class=\"e-gallery-item elementor-gallery-item elementor-animated-content\" href=\"https:\/\/agenciainfra.com\/blog\/wp-content\/uploads\/2025\/05\/aniversario-agencia-infra-foto007-scaled.jpg\" data-elementor-open-lightbox=\"yes\" data-elementor-lightbox-slideshow=\"5e6606b\" data-elementor-lightbox-title=\"aniversario-agencia-infra-foto007\" data-e-action-hash=\"#elementor-action%3Aaction%3Dlightbox%26settings%3DeyJpZCI6MjE0NzcsInVybCI6Imh0dHBzOlwvXC9hZ2VuY2lhaW5mcmEuY29tXC9ibG9nXC93cC1jb250ZW50XC91cGxvYWRzXC8yMDI1XC8wNVwvYW5pdmVyc2FyaW8tYWdlbmNpYS1pbmZyYS1mb3RvMDA3LXNjYWxlZC5qcGciLCJzbGlkZXNob3ciOiI1ZTY2MDZiIn0%3D\">\n\t\t\t\t\t<div class=\"e-gallery-image elementor-gallery-item__image\" data-thumbnail=\"https:\/\/agenciainfra.com\/blog\/wp-content\/uploads\/2025\/05\/aniversario-agencia-infra-foto007-300x200.jpg\" data-width=\"300\" data-height=\"200\" aria-label=\"\" role=\"img\" ><\/div>\n\t\t\t\t\t\t\t\t\t\t\t<div class=\"elementor-gallery-item__overlay\"><\/div>\n\t\t\t\t\t\t\t\t\t\t\t\t\t\t<\/a>\n\t\t\t\t\t\t\t<a class=\"e-gallery-item elementor-gallery-item elementor-animated-content\" href=\"https:\/\/agenciainfra.com\/blog\/wp-content\/uploads\/2025\/05\/aniversario-agencia-infra-foto008-scaled.jpg\" data-elementor-open-lightbox=\"yes\" data-elementor-lightbox-slideshow=\"5e6606b\" data-elementor-lightbox-title=\"aniversario-agencia-infra-foto008\" data-e-action-hash=\"#elementor-action%3Aaction%3Dlightbox%26settings%3DeyJpZCI6MjE0NzgsInVybCI6Imh0dHBzOlwvXC9hZ2VuY2lhaW5mcmEuY29tXC9ibG9nXC93cC1jb250ZW50XC91cGxvYWRzXC8yMDI1XC8wNVwvYW5pdmVyc2FyaW8tYWdlbmNpYS1pbmZyYS1mb3RvMDA4LXNjYWxlZC5qcGciLCJzbGlkZXNob3ciOiI1ZTY2MDZiIn0%3D\">\n\t\t\t\t\t<div class=\"e-gallery-image elementor-gallery-item__image\" data-thumbnail=\"https:\/\/agenciainfra.com\/blog\/wp-content\/uploads\/2025\/05\/aniversario-agencia-infra-foto008-300x200.jpg\" data-width=\"300\" data-height=\"200\" aria-label=\"\" role=\"img\" ><\/div>\n\t\t\t\t\t\t\t\t\t\t\t<div class=\"elementor-gallery-item__overlay\"><\/div>\n\t\t\t\t\t\t\t\t\t\t\t\t\t\t<\/a>\n\t\t\t\t\t\t\t<a class=\"e-gallery-item elementor-gallery-item elementor-animated-content\" href=\"https:\/\/agenciainfra.com\/blog\/wp-content\/uploads\/2025\/05\/aniversario-agencia-infra-foto009-scaled.jpg\" data-elementor-open-lightbox=\"yes\" data-elementor-lightbox-slideshow=\"5e6606b\" data-elementor-lightbox-title=\"aniversario-agencia-infra-foto009\" data-e-action-hash=\"#elementor-action%3Aaction%3Dlightbox%26settings%3DeyJpZCI6MjE0NzksInVybCI6Imh0dHBzOlwvXC9hZ2VuY2lhaW5mcmEuY29tXC9ibG9nXC93cC1jb250ZW50XC91cGxvYWRzXC8yMDI1XC8wNVwvYW5pdmVyc2FyaW8tYWdlbmNpYS1pbmZyYS1mb3RvMDA5LXNjYWxlZC5qcGciLCJzbGlkZXNob3ciOiI1ZTY2MDZiIn0%3D\">\n\t\t\t\t\t<div class=\"e-gallery-image elementor-gallery-item__image\" data-thumbnail=\"https:\/\/agenciainfra.com\/blog\/wp-content\/uploads\/2025\/05\/aniversario-agencia-infra-foto009-300x200.jpg\" data-width=\"300\" data-height=\"200\" aria-label=\"\" role=\"img\" ><\/div>\n\t\t\t\t\t\t\t\t\t\t\t<div class=\"elementor-gallery-item__overlay\"><\/div>\n\t\t\t\t\t\t\t\t\t\t\t\t\t\t<\/a>\n\t\t\t\t\t\t\t<a class=\"e-gallery-item elementor-gallery-item elementor-animated-content\" href=\"https:\/\/agenciainfra.com\/blog\/wp-content\/uploads\/2025\/05\/aniversario-agencia-infra-foto010-scaled.jpg\" data-elementor-open-lightbox=\"yes\" data-elementor-lightbox-slideshow=\"5e6606b\" data-elementor-lightbox-title=\"aniversario-agencia-infra-foto010\" data-e-action-hash=\"#elementor-action%3Aaction%3Dlightbox%26settings%3DeyJpZCI6MjE0ODAsInVybCI6Imh0dHBzOlwvXC9hZ2VuY2lhaW5mcmEuY29tXC9ibG9nXC93cC1jb250ZW50XC91cGxvYWRzXC8yMDI1XC8wNVwvYW5pdmVyc2FyaW8tYWdlbmNpYS1pbmZyYS1mb3RvMDEwLXNjYWxlZC5qcGciLCJzbGlkZXNob3ciOiI1ZTY2MDZiIn0%3D\">\n\t\t\t\t\t<div class=\"e-gallery-image elementor-gallery-item__image\" data-thumbnail=\"https:\/\/agenciainfra.com\/blog\/wp-content\/uploads\/2025\/05\/aniversario-agencia-infra-foto010-300x200.jpg\" data-width=\"300\" data-height=\"200\" aria-label=\"\" role=\"img\" ><\/div>\n\t\t\t\t\t\t\t\t\t\t\t<div class=\"elementor-gallery-item__overlay\"><\/div>\n\t\t\t\t\t\t\t\t\t\t\t\t\t\t<\/a>\n\t\t\t\t\t\t\t<a class=\"e-gallery-item elementor-gallery-item elementor-animated-content\" href=\"https:\/\/agenciainfra.com\/blog\/wp-content\/uploads\/2025\/05\/aniversario-agencia-infra-foto011-scaled.jpg\" data-elementor-open-lightbox=\"yes\" data-elementor-lightbox-slideshow=\"5e6606b\" data-elementor-lightbox-title=\"aniversario-agencia-infra-foto011\" data-e-action-hash=\"#elementor-action%3Aaction%3Dlightbox%26settings%3DeyJpZCI6MjE0ODEsInVybCI6Imh0dHBzOlwvXC9hZ2VuY2lhaW5mcmEuY29tXC9ibG9nXC93cC1jb250ZW50XC91cGxvYWRzXC8yMDI1XC8wNVwvYW5pdmVyc2FyaW8tYWdlbmNpYS1pbmZyYS1mb3RvMDExLXNjYWxlZC5qcGciLCJzbGlkZXNob3ciOiI1ZTY2MDZiIn0%3D\">\n\t\t\t\t\t<div class=\"e-gallery-image elementor-gallery-item__image\" data-thumbnail=\"https:\/\/agenciainfra.com\/blog\/wp-content\/uploads\/2025\/05\/aniversario-agencia-infra-foto011-300x200.jpg\" data-width=\"300\" data-height=\"200\" aria-label=\"\" role=\"img\" ><\/div>\n\t\t\t\t\t\t\t\t\t\t\t<div class=\"elementor-gallery-item__overlay\"><\/div>\n\t\t\t\t\t\t\t\t\t\t\t\t\t\t<\/a>\n\t\t\t\t\t\t\t<a class=\"e-gallery-item elementor-gallery-item elementor-animated-content\" href=\"https:\/\/agenciainfra.com\/blog\/wp-content\/uploads\/2025\/05\/aniversario-agencia-infra-foto012-scaled.jpg\" data-elementor-open-lightbox=\"yes\" data-elementor-lightbox-slideshow=\"5e6606b\" data-elementor-lightbox-title=\"aniversario-agencia-infra-foto012\" data-e-action-hash=\"#elementor-action%3Aaction%3Dlightbox%26settings%3DeyJpZCI6MjE0ODIsInVybCI6Imh0dHBzOlwvXC9hZ2VuY2lhaW5mcmEuY29tXC9ibG9nXC93cC1jb250ZW50XC91cGxvYWRzXC8yMDI1XC8wNVwvYW5pdmVyc2FyaW8tYWdlbmNpYS1pbmZyYS1mb3RvMDEyLXNjYWxlZC5qcGciLCJzbGlkZXNob3ciOiI1ZTY2MDZiIn0%3D\">\n\t\t\t\t\t<div class=\"e-gallery-image elementor-gallery-item__image\" data-thumbnail=\"https:\/\/agenciainfra.com\/blog\/wp-content\/uploads\/2025\/05\/aniversario-agencia-infra-foto012-300x200.jpg\" data-width=\"300\" data-height=\"200\" aria-label=\"\" role=\"img\" ><\/div>\n\t\t\t\t\t\t\t\t\t\t\t<div class=\"elementor-gallery-item__overlay\"><\/div>\n\t\t\t\t\t\t\t\t\t\t\t\t\t\t<\/a>\n\t\t\t\t\t\t\t<a class=\"e-gallery-item elementor-gallery-item elementor-animated-content\" href=\"https:\/\/agenciainfra.com\/blog\/wp-content\/uploads\/2025\/05\/aniversario-agencia-infra-foto013-scaled.jpg\" data-elementor-open-lightbox=\"yes\" data-elementor-lightbox-slideshow=\"5e6606b\" data-elementor-lightbox-title=\"aniversario-agencia-infra-foto013\" data-e-action-hash=\"#elementor-action%3Aaction%3Dlightbox%26settings%3DeyJpZCI6MjE0ODMsInVybCI6Imh0dHBzOlwvXC9hZ2VuY2lhaW5mcmEuY29tXC9ibG9nXC93cC1jb250ZW50XC91cGxvYWRzXC8yMDI1XC8wNVwvYW5pdmVyc2FyaW8tYWdlbmNpYS1pbmZyYS1mb3RvMDEzLXNjYWxlZC5qcGciLCJzbGlkZXNob3ciOiI1ZTY2MDZiIn0%3D\">\n\t\t\t\t\t<div class=\"e-gallery-image elementor-gallery-item__image\" data-thumbnail=\"https:\/\/agenciainfra.com\/blog\/wp-content\/uploads\/2025\/05\/aniversario-agencia-infra-foto013-300x200.jpg\" data-width=\"300\" data-height=\"200\" aria-label=\"\" role=\"img\" ><\/div>\n\t\t\t\t\t\t\t\t\t\t\t<div class=\"elementor-gallery-item__overlay\"><\/div>\n\t\t\t\t\t\t\t\t\t\t\t\t\t\t<\/a>\n\t\t\t\t\t\t\t<a class=\"e-gallery-item elementor-gallery-item elementor-animated-content\" href=\"https:\/\/agenciainfra.com\/blog\/wp-content\/uploads\/2025\/05\/aniversario-agencia-infra-foto018-scaled.jpg\" data-elementor-open-lightbox=\"yes\" data-elementor-lightbox-slideshow=\"5e6606b\" data-elementor-lightbox-title=\"aniversario-agencia-infra-foto018\" data-e-action-hash=\"#elementor-action%3Aaction%3Dlightbox%26settings%3DeyJpZCI6MjE0ODgsInVybCI6Imh0dHBzOlwvXC9hZ2VuY2lhaW5mcmEuY29tXC9ibG9nXC93cC1jb250ZW50XC91cGxvYWRzXC8yMDI1XC8wNVwvYW5pdmVyc2FyaW8tYWdlbmNpYS1pbmZyYS1mb3RvMDE4LXNjYWxlZC5qcGciLCJzbGlkZXNob3ciOiI1ZTY2MDZiIn0%3D\">\n\t\t\t\t\t<div class=\"e-gallery-image elementor-gallery-item__image\" data-thumbnail=\"https:\/\/agenciainfra.com\/blog\/wp-content\/uploads\/2025\/05\/aniversario-agencia-infra-foto018-300x200.jpg\" data-width=\"300\" data-height=\"200\" aria-label=\"\" role=\"img\" ><\/div>\n\t\t\t\t\t\t\t\t\t\t\t<div class=\"elementor-gallery-item__overlay\"><\/div>\n\t\t\t\t\t\t\t\t\t\t\t\t\t\t<\/a>\n\t\t\t\t\t\t\t<a class=\"e-gallery-item elementor-gallery-item elementor-animated-content\" href=\"https:\/\/agenciainfra.com\/blog\/wp-content\/uploads\/2025\/05\/aniversario-agencia-infra-foto017-scaled.jpg\" data-elementor-open-lightbox=\"yes\" data-elementor-lightbox-slideshow=\"5e6606b\" data-elementor-lightbox-title=\"aniversario-agencia-infra-foto017\" data-e-action-hash=\"#elementor-action%3Aaction%3Dlightbox%26settings%3DeyJpZCI6MjE0ODcsInVybCI6Imh0dHBzOlwvXC9hZ2VuY2lhaW5mcmEuY29tXC9ibG9nXC93cC1jb250ZW50XC91cGxvYWRzXC8yMDI1XC8wNVwvYW5pdmVyc2FyaW8tYWdlbmNpYS1pbmZyYS1mb3RvMDE3LXNjYWxlZC5qcGciLCJzbGlkZXNob3ciOiI1ZTY2MDZiIn0%3D\">\n\t\t\t\t\t<div class=\"e-gallery-image elementor-gallery-item__image\" data-thumbnail=\"https:\/\/agenciainfra.com\/blog\/wp-content\/uploads\/2025\/05\/aniversario-agencia-infra-foto017-300x200.jpg\" data-width=\"300\" data-height=\"200\" aria-label=\"\" role=\"img\" ><\/div>\n\t\t\t\t\t\t\t\t\t\t\t<div class=\"elementor-gallery-item__overlay\"><\/div>\n\t\t\t\t\t\t\t\t\t\t\t\t\t\t<\/a>\n\t\t\t\t\t\t\t<a class=\"e-gallery-item elementor-gallery-item elementor-animated-content\" href=\"https:\/\/agenciainfra.com\/blog\/wp-content\/uploads\/2025\/05\/aniversario-agencia-infra-foto016-scaled.jpg\" data-elementor-open-lightbox=\"yes\" data-elementor-lightbox-slideshow=\"5e6606b\" data-elementor-lightbox-title=\"aniversario-agencia-infra-foto016\" data-e-action-hash=\"#elementor-action%3Aaction%3Dlightbox%26settings%3DeyJpZCI6MjE0ODYsInVybCI6Imh0dHBzOlwvXC9hZ2VuY2lhaW5mcmEuY29tXC9ibG9nXC93cC1jb250ZW50XC91cGxvYWRzXC8yMDI1XC8wNVwvYW5pdmVyc2FyaW8tYWdlbmNpYS1pbmZyYS1mb3RvMDE2LXNjYWxlZC5qcGciLCJzbGlkZXNob3ciOiI1ZTY2MDZiIn0%3D\">\n\t\t\t\t\t<div class=\"e-gallery-image elementor-gallery-item__image\" data-thumbnail=\"https:\/\/agenciainfra.com\/blog\/wp-content\/uploads\/2025\/05\/aniversario-agencia-infra-foto016-300x200.jpg\" data-width=\"300\" data-height=\"200\" aria-label=\"\" role=\"img\" ><\/div>\n\t\t\t\t\t\t\t\t\t\t\t<div class=\"elementor-gallery-item__overlay\"><\/div>\n\t\t\t\t\t\t\t\t\t\t\t\t\t\t<\/a>\n\t\t\t\t\t\t\t<a class=\"e-gallery-item elementor-gallery-item elementor-animated-content\" href=\"https:\/\/agenciainfra.com\/blog\/wp-content\/uploads\/2025\/05\/aniversario-agencia-infra-foto015-scaled.jpg\" data-elementor-open-lightbox=\"yes\" data-elementor-lightbox-slideshow=\"5e6606b\" data-elementor-lightbox-title=\"aniversario-agencia-infra-foto015\" data-e-action-hash=\"#elementor-action%3Aaction%3Dlightbox%26settings%3DeyJpZCI6MjE0ODUsInVybCI6Imh0dHBzOlwvXC9hZ2VuY2lhaW5mcmEuY29tXC9ibG9nXC93cC1jb250ZW50XC91cGxvYWRzXC8yMDI1XC8wNVwvYW5pdmVyc2FyaW8tYWdlbmNpYS1pbmZyYS1mb3RvMDE1LXNjYWxlZC5qcGciLCJzbGlkZXNob3ciOiI1ZTY2MDZiIn0%3D\">\n\t\t\t\t\t<div class=\"e-gallery-image elementor-gallery-item__image\" data-thumbnail=\"https:\/\/agenciainfra.com\/blog\/wp-content\/uploads\/2025\/05\/aniversario-agencia-infra-foto015-300x200.jpg\" data-width=\"300\" data-height=\"200\" aria-label=\"\" role=\"img\" ><\/div>\n\t\t\t\t\t\t\t\t\t\t\t<div class=\"elementor-gallery-item__overlay\"><\/div>\n\t\t\t\t\t\t\t\t\t\t\t\t\t\t<\/a>\n\t\t\t\t\t\t\t<a class=\"e-gallery-item elementor-gallery-item elementor-animated-content\" href=\"https:\/\/agenciainfra.com\/blog\/wp-content\/uploads\/2025\/05\/aniversario-agencia-infra-foto014-scaled.jpg\" data-elementor-open-lightbox=\"yes\" data-elementor-lightbox-slideshow=\"5e6606b\" data-elementor-lightbox-title=\"aniversario-agencia-infra-foto014\" data-e-action-hash=\"#elementor-action%3Aaction%3Dlightbox%26settings%3DeyJpZCI6MjE0ODQsInVybCI6Imh0dHBzOlwvXC9hZ2VuY2lhaW5mcmEuY29tXC9ibG9nXC93cC1jb250ZW50XC91cGxvYWRzXC8yMDI1XC8wNVwvYW5pdmVyc2FyaW8tYWdlbmNpYS1pbmZyYS1mb3RvMDE0LXNjYWxlZC5qcGciLCJzbGlkZXNob3ciOiI1ZTY2MDZiIn0%3D\">\n\t\t\t\t\t<div class=\"e-gallery-image elementor-gallery-item__image\" data-thumbnail=\"https:\/\/agenciainfra.com\/blog\/wp-content\/uploads\/2025\/05\/aniversario-agencia-infra-foto014-300x200.jpg\" data-width=\"300\" data-height=\"200\" aria-label=\"\" role=\"img\" ><\/div>\n\t\t\t\t\t\t\t\t\t\t\t<div class=\"elementor-gallery-item__overlay\"><\/div>\n\t\t\t\t\t\t\t\t\t\t\t\t\t\t<\/a>\n\t\t\t\t\t\t\t<a class=\"e-gallery-item elementor-gallery-item elementor-animated-content\" href=\"https:\/\/agenciainfra.com\/blog\/wp-content\/uploads\/2025\/05\/aniversario-agencia-infra-foto019-scaled.jpg\" data-elementor-open-lightbox=\"yes\" data-elementor-lightbox-slideshow=\"5e6606b\" data-elementor-lightbox-title=\"aniversario-agencia-infra-foto019\" data-e-action-hash=\"#elementor-action%3Aaction%3Dlightbox%26settings%3DeyJpZCI6MjE0ODksInVybCI6Imh0dHBzOlwvXC9hZ2VuY2lhaW5mcmEuY29tXC9ibG9nXC93cC1jb250ZW50XC91cGxvYWRzXC8yMDI1XC8wNVwvYW5pdmVyc2FyaW8tYWdlbmNpYS1pbmZyYS1mb3RvMDE5LXNjYWxlZC5qcGciLCJzbGlkZXNob3ciOiI1ZTY2MDZiIn0%3D\">\n\t\t\t\t\t<div class=\"e-gallery-image elementor-gallery-item__image\" data-thumbnail=\"https:\/\/agenciainfra.com\/blog\/wp-content\/uploads\/2025\/05\/aniversario-agencia-infra-foto019-300x200.jpg\" data-width=\"300\" data-height=\"200\" aria-label=\"\" role=\"img\" ><\/div>\n\t\t\t\t\t\t\t\t\t\t\t<div class=\"elementor-gallery-item__overlay\"><\/div>\n\t\t\t\t\t\t\t\t\t\t\t\t\t\t<\/a>\n\t\t\t\t\t\t\t<a class=\"e-gallery-item elementor-gallery-item elementor-animated-content\" href=\"https:\/\/agenciainfra.com\/blog\/wp-content\/uploads\/2025\/05\/aniversario-agencia-infra-foto020-scaled.jpg\" data-elementor-open-lightbox=\"yes\" data-elementor-lightbox-slideshow=\"5e6606b\" data-elementor-lightbox-title=\"aniversario-agencia-infra-foto020\" data-e-action-hash=\"#elementor-action%3Aaction%3Dlightbox%26settings%3DeyJpZCI6MjE0OTAsInVybCI6Imh0dHBzOlwvXC9hZ2VuY2lhaW5mcmEuY29tXC9ibG9nXC93cC1jb250ZW50XC91cGxvYWRzXC8yMDI1XC8wNVwvYW5pdmVyc2FyaW8tYWdlbmNpYS1pbmZyYS1mb3RvMDIwLXNjYWxlZC5qcGciLCJzbGlkZXNob3ciOiI1ZTY2MDZiIn0%3D\">\n\t\t\t\t\t<div class=\"e-gallery-image elementor-gallery-item__image\" data-thumbnail=\"https:\/\/agenciainfra.com\/blog\/wp-content\/uploads\/2025\/05\/aniversario-agencia-infra-foto020-300x200.jpg\" data-width=\"300\" data-height=\"200\" aria-label=\"\" role=\"img\" ><\/div>\n\t\t\t\t\t\t\t\t\t\t\t<div class=\"elementor-gallery-item__overlay\"><\/div>\n\t\t\t\t\t\t\t\t\t\t\t\t\t\t<\/a>\n\t\t\t\t\t\t\t<a class=\"e-gallery-item elementor-gallery-item elementor-animated-content\" href=\"https:\/\/agenciainfra.com\/blog\/wp-content\/uploads\/2025\/05\/aniversario-agencia-infra-foto021-scaled.jpg\" data-elementor-open-lightbox=\"yes\" data-elementor-lightbox-slideshow=\"5e6606b\" data-elementor-lightbox-title=\"aniversario-agencia-infra-foto021\" data-e-action-hash=\"#elementor-action%3Aaction%3Dlightbox%26settings%3DeyJpZCI6MjE0OTEsInVybCI6Imh0dHBzOlwvXC9hZ2VuY2lhaW5mcmEuY29tXC9ibG9nXC93cC1jb250ZW50XC91cGxvYWRzXC8yMDI1XC8wNVwvYW5pdmVyc2FyaW8tYWdlbmNpYS1pbmZyYS1mb3RvMDIxLXNjYWxlZC5qcGciLCJzbGlkZXNob3ciOiI1ZTY2MDZiIn0%3D\">\n\t\t\t\t\t<div class=\"e-gallery-image elementor-gallery-item__image\" data-thumbnail=\"https:\/\/agenciainfra.com\/blog\/wp-content\/uploads\/2025\/05\/aniversario-agencia-infra-foto021-300x200.jpg\" data-width=\"300\" data-height=\"200\" aria-label=\"\" role=\"img\" ><\/div>\n\t\t\t\t\t\t\t\t\t\t\t<div class=\"elementor-gallery-item__overlay\"><\/div>\n\t\t\t\t\t\t\t\t\t\t\t\t\t\t<\/a>\n\t\t\t\t\t\t\t<a class=\"e-gallery-item elementor-gallery-item elementor-animated-content\" href=\"https:\/\/agenciainfra.com\/blog\/wp-content\/uploads\/2025\/05\/aniversario-agencia-infra-foto022-scaled.jpg\" data-elementor-open-lightbox=\"yes\" data-elementor-lightbox-slideshow=\"5e6606b\" data-elementor-lightbox-title=\"aniversario-agencia-infra-foto022\" data-e-action-hash=\"#elementor-action%3Aaction%3Dlightbox%26settings%3DeyJpZCI6MjE0OTIsInVybCI6Imh0dHBzOlwvXC9hZ2VuY2lhaW5mcmEuY29tXC9ibG9nXC93cC1jb250ZW50XC91cGxvYWRzXC8yMDI1XC8wNVwvYW5pdmVyc2FyaW8tYWdlbmNpYS1pbmZyYS1mb3RvMDIyLXNjYWxlZC5qcGciLCJzbGlkZXNob3ciOiI1ZTY2MDZiIn0%3D\">\n\t\t\t\t\t<div class=\"e-gallery-image elementor-gallery-item__image\" data-thumbnail=\"https:\/\/agenciainfra.com\/blog\/wp-content\/uploads\/2025\/05\/aniversario-agencia-infra-foto022-300x200.jpg\" data-width=\"300\" data-height=\"200\" aria-label=\"\" role=\"img\" ><\/div>\n\t\t\t\t\t\t\t\t\t\t\t<div class=\"elementor-gallery-item__overlay\"><\/div>\n\t\t\t\t\t\t\t\t\t\t\t\t\t\t<\/a>\n\t\t\t\t\t\t\t<a class=\"e-gallery-item elementor-gallery-item elementor-animated-content\" href=\"https:\/\/agenciainfra.com\/blog\/wp-content\/uploads\/2025\/05\/aniversario-agencia-infra-foto023-scaled.jpg\" data-elementor-open-lightbox=\"yes\" data-elementor-lightbox-slideshow=\"5e6606b\" data-elementor-lightbox-title=\"aniversario-agencia-infra-foto023\" data-e-action-hash=\"#elementor-action%3Aaction%3Dlightbox%26settings%3DeyJpZCI6MjE0OTMsInVybCI6Imh0dHBzOlwvXC9hZ2VuY2lhaW5mcmEuY29tXC9ibG9nXC93cC1jb250ZW50XC91cGxvYWRzXC8yMDI1XC8wNVwvYW5pdmVyc2FyaW8tYWdlbmNpYS1pbmZyYS1mb3RvMDIzLXNjYWxlZC5qcGciLCJzbGlkZXNob3ciOiI1ZTY2MDZiIn0%3D\">\n\t\t\t\t\t<div class=\"e-gallery-image elementor-gallery-item__image\" data-thumbnail=\"https:\/\/agenciainfra.com\/blog\/wp-content\/uploads\/2025\/05\/aniversario-agencia-infra-foto023-300x200.jpg\" data-width=\"300\" data-height=\"200\" aria-label=\"\" role=\"img\" ><\/div>\n\t\t\t\t\t\t\t\t\t\t\t<div class=\"elementor-gallery-item__overlay\"><\/div>\n\t\t\t\t\t\t\t\t\t\t\t\t\t\t<\/a>\n\t\t\t\t\t\t\t<a class=\"e-gallery-item elementor-gallery-item elementor-animated-content\" href=\"https:\/\/agenciainfra.com\/blog\/wp-content\/uploads\/2025\/05\/aniversario-agencia-infra-foto028-scaled.jpg\" data-elementor-open-lightbox=\"yes\" data-elementor-lightbox-slideshow=\"5e6606b\" data-elementor-lightbox-title=\"aniversario-agencia-infra-foto028\" data-e-action-hash=\"#elementor-action%3Aaction%3Dlightbox%26settings%3DeyJpZCI6MjE0OTgsInVybCI6Imh0dHBzOlwvXC9hZ2VuY2lhaW5mcmEuY29tXC9ibG9nXC93cC1jb250ZW50XC91cGxvYWRzXC8yMDI1XC8wNVwvYW5pdmVyc2FyaW8tYWdlbmNpYS1pbmZyYS1mb3RvMDI4LXNjYWxlZC5qcGciLCJzbGlkZXNob3ciOiI1ZTY2MDZiIn0%3D\">\n\t\t\t\t\t<div class=\"e-gallery-image elementor-gallery-item__image\" data-thumbnail=\"https:\/\/agenciainfra.com\/blog\/wp-content\/uploads\/2025\/05\/aniversario-agencia-infra-foto028-300x200.jpg\" data-width=\"300\" data-height=\"200\" aria-label=\"\" role=\"img\" ><\/div>\n\t\t\t\t\t\t\t\t\t\t\t<div class=\"elementor-gallery-item__overlay\"><\/div>\n\t\t\t\t\t\t\t\t\t\t\t\t\t\t<\/a>\n\t\t\t\t\t\t\t<a class=\"e-gallery-item elementor-gallery-item elementor-animated-content\" href=\"https:\/\/agenciainfra.com\/blog\/wp-content\/uploads\/2025\/05\/aniversario-agencia-infra-foto027-scaled.jpg\" data-elementor-open-lightbox=\"yes\" data-elementor-lightbox-slideshow=\"5e6606b\" data-elementor-lightbox-title=\"aniversario-agencia-infra-foto027\" data-e-action-hash=\"#elementor-action%3Aaction%3Dlightbox%26settings%3DeyJpZCI6MjE0OTcsInVybCI6Imh0dHBzOlwvXC9hZ2VuY2lhaW5mcmEuY29tXC9ibG9nXC93cC1jb250ZW50XC91cGxvYWRzXC8yMDI1XC8wNVwvYW5pdmVyc2FyaW8tYWdlbmNpYS1pbmZyYS1mb3RvMDI3LXNjYWxlZC5qcGciLCJzbGlkZXNob3ciOiI1ZTY2MDZiIn0%3D\">\n\t\t\t\t\t<div class=\"e-gallery-image elementor-gallery-item__image\" data-thumbnail=\"https:\/\/agenciainfra.com\/blog\/wp-content\/uploads\/2025\/05\/aniversario-agencia-infra-foto027-300x200.jpg\" data-width=\"300\" data-height=\"200\" aria-label=\"\" role=\"img\" ><\/div>\n\t\t\t\t\t\t\t\t\t\t\t<div class=\"elementor-gallery-item__overlay\"><\/div>\n\t\t\t\t\t\t\t\t\t\t\t\t\t\t<\/a>\n\t\t\t\t\t\t\t<a class=\"e-gallery-item elementor-gallery-item elementor-animated-content\" href=\"https:\/\/agenciainfra.com\/blog\/wp-content\/uploads\/2025\/05\/aniversario-agencia-infra-foto026-scaled.jpg\" data-elementor-open-lightbox=\"yes\" data-elementor-lightbox-slideshow=\"5e6606b\" data-elementor-lightbox-title=\"aniversario-agencia-infra-foto026\" data-e-action-hash=\"#elementor-action%3Aaction%3Dlightbox%26settings%3DeyJpZCI6MjE0OTYsInVybCI6Imh0dHBzOlwvXC9hZ2VuY2lhaW5mcmEuY29tXC9ibG9nXC93cC1jb250ZW50XC91cGxvYWRzXC8yMDI1XC8wNVwvYW5pdmVyc2FyaW8tYWdlbmNpYS1pbmZyYS1mb3RvMDI2LXNjYWxlZC5qcGciLCJzbGlkZXNob3ciOiI1ZTY2MDZiIn0%3D\">\n\t\t\t\t\t<div class=\"e-gallery-image elementor-gallery-item__image\" data-thumbnail=\"https:\/\/agenciainfra.com\/blog\/wp-content\/uploads\/2025\/05\/aniversario-agencia-infra-foto026-300x200.jpg\" data-width=\"300\" data-height=\"200\" aria-label=\"\" role=\"img\" ><\/div>\n\t\t\t\t\t\t\t\t\t\t\t<div class=\"elementor-gallery-item__overlay\"><\/div>\n\t\t\t\t\t\t\t\t\t\t\t\t\t\t<\/a>\n\t\t\t\t\t\t\t<a class=\"e-gallery-item elementor-gallery-item elementor-animated-content\" href=\"https:\/\/agenciainfra.com\/blog\/wp-content\/uploads\/2025\/05\/aniversario-agencia-infra-foto025-scaled.jpg\" data-elementor-open-lightbox=\"yes\" data-elementor-lightbox-slideshow=\"5e6606b\" data-elementor-lightbox-title=\"aniversario-agencia-infra-foto025\" data-e-action-hash=\"#elementor-action%3Aaction%3Dlightbox%26settings%3DeyJpZCI6MjE0OTUsInVybCI6Imh0dHBzOlwvXC9hZ2VuY2lhaW5mcmEuY29tXC9ibG9nXC93cC1jb250ZW50XC91cGxvYWRzXC8yMDI1XC8wNVwvYW5pdmVyc2FyaW8tYWdlbmNpYS1pbmZyYS1mb3RvMDI1LXNjYWxlZC5qcGciLCJzbGlkZXNob3ciOiI1ZTY2MDZiIn0%3D\">\n\t\t\t\t\t<div class=\"e-gallery-image elementor-gallery-item__image\" data-thumbnail=\"https:\/\/agenciainfra.com\/blog\/wp-content\/uploads\/2025\/05\/aniversario-agencia-infra-foto025-300x200.jpg\" data-width=\"300\" data-height=\"200\" aria-label=\"\" role=\"img\" ><\/div>\n\t\t\t\t\t\t\t\t\t\t\t<div class=\"elementor-gallery-item__overlay\"><\/div>\n\t\t\t\t\t\t\t\t\t\t\t\t\t\t<\/a>\n\t\t\t\t\t\t\t<a class=\"e-gallery-item elementor-gallery-item elementor-animated-content\" href=\"https:\/\/agenciainfra.com\/blog\/wp-content\/uploads\/2025\/05\/aniversario-agencia-infra-foto024-scaled.jpg\" data-elementor-open-lightbox=\"yes\" data-elementor-lightbox-slideshow=\"5e6606b\" data-elementor-lightbox-title=\"aniversario-agencia-infra-foto024\" data-e-action-hash=\"#elementor-action%3Aaction%3Dlightbox%26settings%3DeyJpZCI6MjE0OTQsInVybCI6Imh0dHBzOlwvXC9hZ2VuY2lhaW5mcmEuY29tXC9ibG9nXC93cC1jb250ZW50XC91cGxvYWRzXC8yMDI1XC8wNVwvYW5pdmVyc2FyaW8tYWdlbmNpYS1pbmZyYS1mb3RvMDI0LXNjYWxlZC5qcGciLCJzbGlkZXNob3ciOiI1ZTY2MDZiIn0%3D\">\n\t\t\t\t\t<div class=\"e-gallery-image elementor-gallery-item__image\" data-thumbnail=\"https:\/\/agenciainfra.com\/blog\/wp-content\/uploads\/2025\/05\/aniversario-agencia-infra-foto024-300x200.jpg\" data-width=\"300\" data-height=\"200\" aria-label=\"\" role=\"img\" ><\/div>\n\t\t\t\t\t\t\t\t\t\t\t<div class=\"elementor-gallery-item__overlay\"><\/div>\n\t\t\t\t\t\t\t\t\t\t\t\t\t\t<\/a>\n\t\t\t\t\t\t\t<a class=\"e-gallery-item elementor-gallery-item elementor-animated-content\" href=\"https:\/\/agenciainfra.com\/blog\/wp-content\/uploads\/2025\/05\/aniversarioinfra-scaled.jpg\" data-elementor-open-lightbox=\"yes\" data-elementor-lightbox-slideshow=\"5e6606b\" data-elementor-lightbox-title=\"anivers\u00e1rioinfra\" data-e-action-hash=\"#elementor-action%3Aaction%3Dlightbox%26settings%3DeyJpZCI6MjE1MjUsInVybCI6Imh0dHBzOlwvXC9hZ2VuY2lhaW5mcmEuY29tXC9ibG9nXC93cC1jb250ZW50XC91cGxvYWRzXC8yMDI1XC8wNVwvYW5pdmVyc2FyaW9pbmZyYS1zY2FsZWQuanBnIiwic2xpZGVzaG93IjoiNWU2NjA2YiJ9\">\n\t\t\t\t\t<div class=\"e-gallery-image elementor-gallery-item__image\" data-thumbnail=\"https:\/\/agenciainfra.com\/blog\/wp-content\/uploads\/2025\/05\/aniversarioinfra-300x200.jpg\" data-width=\"300\" data-height=\"200\" aria-label=\"\" role=\"img\" ><\/div>\n\t\t\t\t\t\t\t\t\t\t\t<div class=\"elementor-gallery-item__overlay\"><\/div>\n\t\t\t\t\t\t\t\t\t\t\t\t\t\t<\/a>\n\t\t\t\t\t\t\t<a class=\"e-gallery-item elementor-gallery-item elementor-animated-content\" href=\"https:\/\/agenciainfra.com\/blog\/wp-content\/uploads\/2025\/05\/aniversarioinfra02-scaled.jpg\" data-elementor-open-lightbox=\"yes\" data-elementor-lightbox-slideshow=\"5e6606b\" data-elementor-lightbox-title=\"aniversarioinfra02\" data-e-action-hash=\"#elementor-action%3Aaction%3Dlightbox%26settings%3DeyJpZCI6MjE1MjYsInVybCI6Imh0dHBzOlwvXC9hZ2VuY2lhaW5mcmEuY29tXC9ibG9nXC93cC1jb250ZW50XC91cGxvYWRzXC8yMDI1XC8wNVwvYW5pdmVyc2FyaW9pbmZyYTAyLXNjYWxlZC5qcGciLCJzbGlkZXNob3ciOiI1ZTY2MDZiIn0%3D\">\n\t\t\t\t\t<div class=\"e-gallery-image elementor-gallery-item__image\" data-thumbnail=\"https:\/\/agenciainfra.com\/blog\/wp-content\/uploads\/2025\/05\/aniversarioinfra02-200x300.jpg\" data-width=\"200\" data-height=\"300\" aria-label=\"\" role=\"img\" ><\/div>\n\t\t\t\t\t\t\t\t\t\t\t<div class=\"elementor-gallery-item__overlay\"><\/div>\n\t\t\t\t\t\t\t\t\t\t\t\t\t\t<\/a>\n\t\t\t\t\t\t\t<a class=\"e-gallery-item elementor-gallery-item elementor-animated-content\" href=\"https:\/\/agenciainfra.com\/blog\/wp-content\/uploads\/2025\/05\/aniversarioinfra03-scaled.jpg\" data-elementor-open-lightbox=\"yes\" data-elementor-lightbox-slideshow=\"5e6606b\" data-elementor-lightbox-title=\"aniversarioinfra03\" data-e-action-hash=\"#elementor-action%3Aaction%3Dlightbox%26settings%3DeyJpZCI6MjE1MjcsInVybCI6Imh0dHBzOlwvXC9hZ2VuY2lhaW5mcmEuY29tXC9ibG9nXC93cC1jb250ZW50XC91cGxvYWRzXC8yMDI1XC8wNVwvYW5pdmVyc2FyaW9pbmZyYTAzLXNjYWxlZC5qcGciLCJzbGlkZXNob3ciOiI1ZTY2MDZiIn0%3D\">\n\t\t\t\t\t<div class=\"e-gallery-image elementor-gallery-item__image\" data-thumbnail=\"https:\/\/agenciainfra.com\/blog\/wp-content\/uploads\/2025\/05\/aniversarioinfra03-300x200.jpg\" data-width=\"300\" data-height=\"200\" aria-label=\"\" role=\"img\" ><\/div>\n\t\t\t\t\t\t\t\t\t\t\t<div class=\"elementor-gallery-item__overlay\"><\/div>\n\t\t\t\t\t\t\t\t\t\t\t\t\t\t<\/a>\n\t\t\t\t\t<\/div>\n\t\t\t\t\t<\/div>\n\t\t\t\t<\/div>\n\t\t\t\t\t<\/div>\n\t\t\t\t<\/div>\n\t\t\t\t<\/div>\n\t\t","protected":false},"excerpt":{"rendered":"<p>da Ag\u00eancia iNFRA O ano de 2025 se desenha como um dos mais promissores para investimentos do setor privado em infraestrutura. A atra\u00e7\u00e3o desses recursos \u00e9 uma das principais apostas do governo federal para manter a economia girando. Para isso, minist\u00e9rios estrat\u00e9gicos receberam aval para ampliar a carteira de concess\u00f5es e modelar projetos com seguran\u00e7a [&hellip;]<\/p>\n","protected":false},"author":1,"featured_media":21465,"comment_status":"closed","ping_status":"closed","sticky":false,"template":"","format":"standard","meta":{"_monsterinsights_skip_tracking":false,"_monsterinsights_sitenote_active":false,"_monsterinsights_sitenote_note":"","_monsterinsights_sitenote_category":0,"footnotes":""},"categories":[7250,1,2053],"tags":[13275,220,13272,78,12705,13232,34,32,5990,12541,12547,13017,13273,10710,13274,4101],"class_list":["post-21454","post","type-post","status-publish","format-standard","has-post-thumbnail","hentry","category-destaque-lista","category-geral","category-infraliveventos","tag-agencia-especializada","tag-agencia-infra","tag-aniversario-agencia-infra","tag-concessoes","tag-deputado-arnaldo-jardim","tag-esfera-brasil","tag-infraestrutura","tag-investimentos","tag-minha-casa-minha-vida","tag-ministro-alexandre-silveira","tag-ministro-jader-filho","tag-ministro-silvio-costa-filho","tag-ministro-vital-do-rego","tag-reforma-do-setor-eletrico","tag-senador-marcos-rogerio","tag-sts10"],"yoast_head":"<!-- This site is optimized with the Yoast SEO Premium plugin v25.4 (Yoast SEO v26.0) - https:\/\/yoast.com\/wordpress\/plugins\/seo\/ -->\n<title>Ag\u00eancia iNFRA e Esfera: em evento, autoridades falam em R$ 500 bi em investimentos privados para a infraestrutura no Brasil, com aposta na seguran\u00e7a jur\u00eddica - Ag\u00eancia iNFRA<\/title>\n<meta name=\"robots\" content=\"index, follow, max-snippet:-1, max-image-preview:large, max-video-preview:-1\" \/>\n<link rel=\"canonical\" href=\"https:\/\/agenciainfra.com\/blog\/agencia-infra-e-esfera-em-evento-autoridades-falam-em-r-500-bi-em-investimentos-privados-para-a-infraestrutura-no-brasil-com-aposta-na-seguranca-juridica\/\" \/>\n<meta property=\"og:locale\" content=\"pt_BR\" \/>\n<meta property=\"og:type\" content=\"article\" \/>\n<meta property=\"og:title\" content=\"Ag\u00eancia iNFRA e Esfera: em evento, autoridades falam em R$ 500 bi em investimentos privados para a infraestrutura no Brasil, com aposta na seguran\u00e7a jur\u00eddica\" \/>\n<meta property=\"og:description\" content=\"da Ag\u00eancia iNFRA O ano de 2025 se desenha como um dos mais promissores para investimentos do setor privado em infraestrutura. A atra\u00e7\u00e3o desses recursos \u00e9 uma das principais apostas do governo federal para manter a economia girando. Para isso, minist\u00e9rios estrat\u00e9gicos receberam aval para ampliar a carteira de concess\u00f5es e modelar projetos com seguran\u00e7a [&hellip;]\" \/>\n<meta property=\"og:url\" content=\"https:\/\/agenciainfra.com\/blog\/agencia-infra-e-esfera-em-evento-autoridades-falam-em-r-500-bi-em-investimentos-privados-para-a-infraestrutura-no-brasil-com-aposta-na-seguranca-juridica\/\" \/>\n<meta property=\"og:site_name\" content=\"Ag\u00eancia iNFRA\" \/>\n<meta property=\"article:publisher\" content=\"https:\/\/www.facebook.com\/ageninfra\" \/>\n<meta property=\"article:published_time\" content=\"2025-05-07T15:25:00+00:00\" \/>\n<meta property=\"article:modified_time\" content=\"2025-05-16T14:09:49+00:00\" \/>\n<meta property=\"og:image\" content=\"https:\/\/agenciainfra.com\/blog\/wp-content\/uploads\/2025\/05\/aniversario-agencia-infra-foto-scaled-e1746628197546.jpg\" \/>\n\t<meta property=\"og:image:width\" content=\"1281\" \/>\n\t<meta property=\"og:image:height\" content=\"854\" \/>\n\t<meta property=\"og:image:type\" content=\"image\/jpeg\" \/>\n<meta name=\"author\" content=\"Ag\u00eancia iNFRA\" \/>\n<meta name=\"twitter:card\" content=\"summary_large_image\" \/>\n<meta name=\"twitter:creator\" content=\"@agencia_infra\" \/>\n<meta name=\"twitter:site\" content=\"@agencia_infra\" \/>\n<meta name=\"twitter:label1\" content=\"Escrito por\" \/>\n\t<meta name=\"twitter:data1\" content=\"Ag\u00eancia iNFRA\" \/>\n\t<meta name=\"twitter:label2\" content=\"Est. tempo de leitura\" \/>\n\t<meta name=\"twitter:data2\" content=\"6 minutos\" \/>\n<script type=\"application\/ld+json\" class=\"yoast-schema-graph\">{\"@context\":\"https:\/\/schema.org\",\"@graph\":[{\"@type\":\"Article\",\"@id\":\"https:\/\/agenciainfra.com\/blog\/agencia-infra-e-esfera-em-evento-autoridades-falam-em-r-500-bi-em-investimentos-privados-para-a-infraestrutura-no-brasil-com-aposta-na-seguranca-juridica\/#article\",\"isPartOf\":{\"@id\":\"https:\/\/agenciainfra.com\/blog\/agencia-infra-e-esfera-em-evento-autoridades-falam-em-r-500-bi-em-investimentos-privados-para-a-infraestrutura-no-brasil-com-aposta-na-seguranca-juridica\/\"},\"author\":{\"name\":\"Ag\u00eancia iNFRA\",\"@id\":\"https:\/\/agenciainfra.com\/blog\/#\/schema\/person\/34af08dff6adea4cb22b06612ba7acfa\"},\"headline\":\"Ag\u00eancia iNFRA e Esfera: em evento, autoridades falam em R$ 500 bi em investimentos privados para a infraestrutura no Brasil, com aposta na seguran\u00e7a jur\u00eddica\",\"datePublished\":\"2025-05-07T15:25:00+00:00\",\"dateModified\":\"2025-05-16T14:09:49+00:00\",\"mainEntityOfPage\":{\"@id\":\"https:\/\/agenciainfra.com\/blog\/agencia-infra-e-esfera-em-evento-autoridades-falam-em-r-500-bi-em-investimentos-privados-para-a-infraestrutura-no-brasil-com-aposta-na-seguranca-juridica\/\"},\"wordCount\":1222,\"publisher\":{\"@id\":\"https:\/\/agenciainfra.com\/blog\/#organization\"},\"image\":{\"@id\":\"https:\/\/agenciainfra.com\/blog\/agencia-infra-e-esfera-em-evento-autoridades-falam-em-r-500-bi-em-investimentos-privados-para-a-infraestrutura-no-brasil-com-aposta-na-seguranca-juridica\/#primaryimage\"},\"thumbnailUrl\":\"https:\/\/agenciainfra.com\/blog\/wp-content\/uploads\/2025\/05\/aniversario-agencia-infra-foto-scaled-e1746628197546.jpg\",\"keywords\":[\"ag\u00eancia especializada\",\"Ag\u00eancia iNFRA\",\"anivers\u00e1rio ag\u00eancia infra\",\"concess\u00f5es\",\"deputado arnaldo jardim\",\"esfera brasil\",\"Infraestrutura\",\"Investimentos\",\"Minha Casa Minha Vida\",\"Ministro Alexandre Silveira\",\"ministro Jader Filho\",\"ministro Silvio Costa Filho\",\"ministro vital do rego\",\"Reforma do Setor El\u00e9trico\",\"senador marcos rog\u00e9rio\",\"STS10\"],\"articleSection\":[\"Destaque lista\",\"Geral\",\"iNFRALive e Eventos\"],\"inLanguage\":\"pt-BR\",\"copyrightYear\":\"2025\",\"copyrightHolder\":{\"@id\":\"https:\/\/agenciainfra.com\/blog\/#organization\"}},{\"@type\":\"WebPage\",\"@id\":\"https:\/\/agenciainfra.com\/blog\/agencia-infra-e-esfera-em-evento-autoridades-falam-em-r-500-bi-em-investimentos-privados-para-a-infraestrutura-no-brasil-com-aposta-na-seguranca-juridica\/\",\"url\":\"https:\/\/agenciainfra.com\/blog\/agencia-infra-e-esfera-em-evento-autoridades-falam-em-r-500-bi-em-investimentos-privados-para-a-infraestrutura-no-brasil-com-aposta-na-seguranca-juridica\/\",\"name\":\"Ag\u00eancia iNFRA e Esfera: em evento, autoridades falam em R$ 500 bi em investimentos privados para a infraestrutura no Brasil, com aposta na seguran\u00e7a jur\u00eddica - Ag\u00eancia iNFRA\",\"isPartOf\":{\"@id\":\"https:\/\/agenciainfra.com\/blog\/#website\"},\"primaryImageOfPage\":{\"@id\":\"https:\/\/agenciainfra.com\/blog\/agencia-infra-e-esfera-em-evento-autoridades-falam-em-r-500-bi-em-investimentos-privados-para-a-infraestrutura-no-brasil-com-aposta-na-seguranca-juridica\/#primaryimage\"},\"image\":{\"@id\":\"https:\/\/agenciainfra.com\/blog\/agencia-infra-e-esfera-em-evento-autoridades-falam-em-r-500-bi-em-investimentos-privados-para-a-infraestrutura-no-brasil-com-aposta-na-seguranca-juridica\/#primaryimage\"},\"thumbnailUrl\":\"https:\/\/agenciainfra.com\/blog\/wp-content\/uploads\/2025\/05\/aniversario-agencia-infra-foto-scaled-e1746628197546.jpg\",\"datePublished\":\"2025-05-07T15:25:00+00:00\",\"dateModified\":\"2025-05-16T14:09:49+00:00\",\"breadcrumb\":{\"@id\":\"https:\/\/agenciainfra.com\/blog\/agencia-infra-e-esfera-em-evento-autoridades-falam-em-r-500-bi-em-investimentos-privados-para-a-infraestrutura-no-brasil-com-aposta-na-seguranca-juridica\/#breadcrumb\"},\"inLanguage\":\"pt-BR\",\"potentialAction\":[{\"@type\":\"ReadAction\",\"target\":[\"https:\/\/agenciainfra.com\/blog\/agencia-infra-e-esfera-em-evento-autoridades-falam-em-r-500-bi-em-investimentos-privados-para-a-infraestrutura-no-brasil-com-aposta-na-seguranca-juridica\/\"]}]},{\"@type\":\"ImageObject\",\"inLanguage\":\"pt-BR\",\"@id\":\"https:\/\/agenciainfra.com\/blog\/agencia-infra-e-esfera-em-evento-autoridades-falam-em-r-500-bi-em-investimentos-privados-para-a-infraestrutura-no-brasil-com-aposta-na-seguranca-juridica\/#primaryimage\",\"url\":\"https:\/\/agenciainfra.com\/blog\/wp-content\/uploads\/2025\/05\/aniversario-agencia-infra-foto-scaled-e1746628197546.jpg\",\"contentUrl\":\"https:\/\/agenciainfra.com\/blog\/wp-content\/uploads\/2025\/05\/aniversario-agencia-infra-foto-scaled-e1746628197546.jpg\",\"width\":1281,\"height\":854},{\"@type\":\"BreadcrumbList\",\"@id\":\"https:\/\/agenciainfra.com\/blog\/agencia-infra-e-esfera-em-evento-autoridades-falam-em-r-500-bi-em-investimentos-privados-para-a-infraestrutura-no-brasil-com-aposta-na-seguranca-juridica\/#breadcrumb\",\"itemListElement\":[{\"@type\":\"ListItem\",\"position\":1,\"name\":\"In\u00edcio\",\"item\":\"https:\/\/agenciainfra.com\/blog\/\"},{\"@type\":\"ListItem\",\"position\":2,\"name\":\"Ag\u00eancia iNFRA e Esfera: em evento, autoridades falam em R$ 500 bi em investimentos privados para a infraestrutura no Brasil, com aposta na seguran\u00e7a jur\u00eddica\"}]},{\"@type\":\"WebSite\",\"@id\":\"https:\/\/agenciainfra.com\/blog\/#website\",\"url\":\"https:\/\/agenciainfra.com\/blog\/\",\"name\":\"Ag\u00eancia iNFRA\",\"description\":\"Multiplataforma de informa\u00e7\u00e3o jornal\u00edstica refer\u00eancia na \u00e1rea de infraestrutura no Brasil!\",\"publisher\":{\"@id\":\"https:\/\/agenciainfra.com\/blog\/#organization\"},\"potentialAction\":[{\"@type\":\"SearchAction\",\"target\":{\"@type\":\"EntryPoint\",\"urlTemplate\":\"https:\/\/agenciainfra.com\/blog\/?s={search_term_string}\"},\"query-input\":{\"@type\":\"PropertyValueSpecification\",\"valueRequired\":true,\"valueName\":\"search_term_string\"}}],\"inLanguage\":\"pt-BR\"},{\"@type\":\"Organization\",\"@id\":\"https:\/\/agenciainfra.com\/blog\/#organization\",\"name\":\"Ag\u00eancia iNFRA\",\"url\":\"https:\/\/agenciainfra.com\/blog\/\",\"logo\":{\"@type\":\"ImageObject\",\"inLanguage\":\"pt-BR\",\"@id\":\"https:\/\/agenciainfra.com\/blog\/#\/schema\/logo\/image\/\",\"url\":\"https:\/\/agenciainfra.com\/blog\/wp-content\/uploads\/2023\/09\/iNFRA_5-e1761735885940.png\",\"contentUrl\":\"https:\/\/agenciainfra.com\/blog\/wp-content\/uploads\/2023\/09\/iNFRA_5-e1761735885940.png\",\"width\":1672,\"height\":454,\"caption\":\"Ag\u00eancia iNFRA\"},\"image\":{\"@id\":\"https:\/\/agenciainfra.com\/blog\/#\/schema\/logo\/image\/\"},\"sameAs\":[\"https:\/\/www.facebook.com\/ageninfra\",\"https:\/\/x.com\/agencia_infra\",\"https:\/\/www.linkedin.com\/company\/ag\u00eanciainfra\/\",\"https:\/\/www.instagram.com\/agenciainfra\/\"]},{\"@type\":\"Person\",\"@id\":\"https:\/\/agenciainfra.com\/blog\/#\/schema\/person\/34af08dff6adea4cb22b06612ba7acfa\",\"name\":\"Ag\u00eancia iNFRA\",\"image\":{\"@type\":\"ImageObject\",\"inLanguage\":\"pt-BR\",\"@id\":\"https:\/\/agenciainfra.com\/blog\/#\/schema\/person\/image\/\",\"url\":\"https:\/\/secure.gravatar.com\/avatar\/d189e01678f06d8eb84d4e01f08eb848b3fffe3f8443818d3c356c66892f5be8?s=96&d=mm&r=g\",\"contentUrl\":\"https:\/\/secure.gravatar.com\/avatar\/d189e01678f06d8eb84d4e01f08eb848b3fffe3f8443818d3c356c66892f5be8?s=96&d=mm&r=g\",\"caption\":\"Ag\u00eancia iNFRA\"},\"url\":\"https:\/\/agenciainfra.com\/blog\/author\/admin\/\"}]}<\/script>\n<!-- \/ Yoast SEO Premium plugin. -->","yoast_head_json":{"title":"Ag\u00eancia iNFRA e Esfera: em evento, autoridades falam em R$ 500 bi em investimentos privados para a infraestrutura no Brasil, com aposta na seguran\u00e7a jur\u00eddica - Ag\u00eancia iNFRA","robots":{"index":"index","follow":"follow","max-snippet":"max-snippet:-1","max-image-preview":"max-image-preview:large","max-video-preview":"max-video-preview:-1"},"canonical":"https:\/\/agenciainfra.com\/blog\/agencia-infra-e-esfera-em-evento-autoridades-falam-em-r-500-bi-em-investimentos-privados-para-a-infraestrutura-no-brasil-com-aposta-na-seguranca-juridica\/","og_locale":"pt_BR","og_type":"article","og_title":"Ag\u00eancia iNFRA e Esfera: em evento, autoridades falam em R$ 500 bi em investimentos privados para a infraestrutura no Brasil, com aposta na seguran\u00e7a jur\u00eddica","og_description":"da Ag\u00eancia iNFRA O ano de 2025 se desenha como um dos mais promissores para investimentos do setor privado em infraestrutura. A atra\u00e7\u00e3o desses recursos \u00e9 uma das principais apostas do governo federal para manter a economia girando. Para isso, minist\u00e9rios estrat\u00e9gicos receberam aval para ampliar a carteira de concess\u00f5es e modelar projetos com seguran\u00e7a [&hellip;]","og_url":"https:\/\/agenciainfra.com\/blog\/agencia-infra-e-esfera-em-evento-autoridades-falam-em-r-500-bi-em-investimentos-privados-para-a-infraestrutura-no-brasil-com-aposta-na-seguranca-juridica\/","og_site_name":"Ag\u00eancia iNFRA","article_publisher":"https:\/\/www.facebook.com\/ageninfra","article_published_time":"2025-05-07T15:25:00+00:00","article_modified_time":"2025-05-16T14:09:49+00:00","og_image":[{"width":1281,"height":854,"url":"https:\/\/agenciainfra.com\/blog\/wp-content\/uploads\/2025\/05\/aniversario-agencia-infra-foto-scaled-e1746628197546.jpg","type":"image\/jpeg"}],"author":"Ag\u00eancia iNFRA","twitter_card":"summary_large_image","twitter_creator":"@agencia_infra","twitter_site":"@agencia_infra","twitter_misc":{"Escrito por":"Ag\u00eancia iNFRA","Est. tempo de leitura":"6 minutos"},"schema":{"@context":"https:\/\/schema.org","@graph":[{"@type":"Article","@id":"https:\/\/agenciainfra.com\/blog\/agencia-infra-e-esfera-em-evento-autoridades-falam-em-r-500-bi-em-investimentos-privados-para-a-infraestrutura-no-brasil-com-aposta-na-seguranca-juridica\/#article","isPartOf":{"@id":"https:\/\/agenciainfra.com\/blog\/agencia-infra-e-esfera-em-evento-autoridades-falam-em-r-500-bi-em-investimentos-privados-para-a-infraestrutura-no-brasil-com-aposta-na-seguranca-juridica\/"},"author":{"name":"Ag\u00eancia iNFRA","@id":"https:\/\/agenciainfra.com\/blog\/#\/schema\/person\/34af08dff6adea4cb22b06612ba7acfa"},"headline":"Ag\u00eancia iNFRA e Esfera: em evento, autoridades falam em R$ 500 bi em investimentos privados para a infraestrutura no Brasil, com aposta na seguran\u00e7a jur\u00eddica","datePublished":"2025-05-07T15:25:00+00:00","dateModified":"2025-05-16T14:09:49+00:00","mainEntityOfPage":{"@id":"https:\/\/agenciainfra.com\/blog\/agencia-infra-e-esfera-em-evento-autoridades-falam-em-r-500-bi-em-investimentos-privados-para-a-infraestrutura-no-brasil-com-aposta-na-seguranca-juridica\/"},"wordCount":1222,"publisher":{"@id":"https:\/\/agenciainfra.com\/blog\/#organization"},"image":{"@id":"https:\/\/agenciainfra.com\/blog\/agencia-infra-e-esfera-em-evento-autoridades-falam-em-r-500-bi-em-investimentos-privados-para-a-infraestrutura-no-brasil-com-aposta-na-seguranca-juridica\/#primaryimage"},"thumbnailUrl":"https:\/\/agenciainfra.com\/blog\/wp-content\/uploads\/2025\/05\/aniversario-agencia-infra-foto-scaled-e1746628197546.jpg","keywords":["ag\u00eancia especializada","Ag\u00eancia iNFRA","anivers\u00e1rio ag\u00eancia infra","concess\u00f5es","deputado arnaldo jardim","esfera brasil","Infraestrutura","Investimentos","Minha Casa Minha Vida","Ministro Alexandre Silveira","ministro Jader Filho","ministro Silvio Costa Filho","ministro vital do rego","Reforma do Setor El\u00e9trico","senador marcos rog\u00e9rio","STS10"],"articleSection":["Destaque lista","Geral","iNFRALive e Eventos"],"inLanguage":"pt-BR","copyrightYear":"2025","copyrightHolder":{"@id":"https:\/\/agenciainfra.com\/blog\/#organization"}},{"@type":"WebPage","@id":"https:\/\/agenciainfra.com\/blog\/agencia-infra-e-esfera-em-evento-autoridades-falam-em-r-500-bi-em-investimentos-privados-para-a-infraestrutura-no-brasil-com-aposta-na-seguranca-juridica\/","url":"https:\/\/agenciainfra.com\/blog\/agencia-infra-e-esfera-em-evento-autoridades-falam-em-r-500-bi-em-investimentos-privados-para-a-infraestrutura-no-brasil-com-aposta-na-seguranca-juridica\/","name":"Ag\u00eancia iNFRA e Esfera: em evento, autoridades falam em R$ 500 bi em investimentos privados para a infraestrutura no Brasil, com aposta na seguran\u00e7a jur\u00eddica - Ag\u00eancia iNFRA","isPartOf":{"@id":"https:\/\/agenciainfra.com\/blog\/#website"},"primaryImageOfPage":{"@id":"https:\/\/agenciainfra.com\/blog\/agencia-infra-e-esfera-em-evento-autoridades-falam-em-r-500-bi-em-investimentos-privados-para-a-infraestrutura-no-brasil-com-aposta-na-seguranca-juridica\/#primaryimage"},"image":{"@id":"https:\/\/agenciainfra.com\/blog\/agencia-infra-e-esfera-em-evento-autoridades-falam-em-r-500-bi-em-investimentos-privados-para-a-infraestrutura-no-brasil-com-aposta-na-seguranca-juridica\/#primaryimage"},"thumbnailUrl":"https:\/\/agenciainfra.com\/blog\/wp-content\/uploads\/2025\/05\/aniversario-agencia-infra-foto-scaled-e1746628197546.jpg","datePublished":"2025-05-07T15:25:00+00:00","dateModified":"2025-05-16T14:09:49+00:00","breadcrumb":{"@id":"https:\/\/agenciainfra.com\/blog\/agencia-infra-e-esfera-em-evento-autoridades-falam-em-r-500-bi-em-investimentos-privados-para-a-infraestrutura-no-brasil-com-aposta-na-seguranca-juridica\/#breadcrumb"},"inLanguage":"pt-BR","potentialAction":[{"@type":"ReadAction","target":["https:\/\/agenciainfra.com\/blog\/agencia-infra-e-esfera-em-evento-autoridades-falam-em-r-500-bi-em-investimentos-privados-para-a-infraestrutura-no-brasil-com-aposta-na-seguranca-juridica\/"]}]},{"@type":"ImageObject","inLanguage":"pt-BR","@id":"https:\/\/agenciainfra.com\/blog\/agencia-infra-e-esfera-em-evento-autoridades-falam-em-r-500-bi-em-investimentos-privados-para-a-infraestrutura-no-brasil-com-aposta-na-seguranca-juridica\/#primaryimage","url":"https:\/\/agenciainfra.com\/blog\/wp-content\/uploads\/2025\/05\/aniversario-agencia-infra-foto-scaled-e1746628197546.jpg","contentUrl":"https:\/\/agenciainfra.com\/blog\/wp-content\/uploads\/2025\/05\/aniversario-agencia-infra-foto-scaled-e1746628197546.jpg","width":1281,"height":854},{"@type":"BreadcrumbList","@id":"https:\/\/agenciainfra.com\/blog\/agencia-infra-e-esfera-em-evento-autoridades-falam-em-r-500-bi-em-investimentos-privados-para-a-infraestrutura-no-brasil-com-aposta-na-seguranca-juridica\/#breadcrumb","itemListElement":[{"@type":"ListItem","position":1,"name":"In\u00edcio","item":"https:\/\/agenciainfra.com\/blog\/"},{"@type":"ListItem","position":2,"name":"Ag\u00eancia iNFRA e Esfera: em evento, autoridades falam em R$ 500 bi em investimentos privados para a infraestrutura no Brasil, com aposta na seguran\u00e7a jur\u00eddica"}]},{"@type":"WebSite","@id":"https:\/\/agenciainfra.com\/blog\/#website","url":"https:\/\/agenciainfra.com\/blog\/","name":"Ag\u00eancia iNFRA","description":"Multiplataforma de informa\u00e7\u00e3o jornal\u00edstica refer\u00eancia na \u00e1rea de infraestrutura no Brasil!","publisher":{"@id":"https:\/\/agenciainfra.com\/blog\/#organization"},"potentialAction":[{"@type":"SearchAction","target":{"@type":"EntryPoint","urlTemplate":"https:\/\/agenciainfra.com\/blog\/?s={search_term_string}"},"query-input":{"@type":"PropertyValueSpecification","valueRequired":true,"valueName":"search_term_string"}}],"inLanguage":"pt-BR"},{"@type":"Organization","@id":"https:\/\/agenciainfra.com\/blog\/#organization","name":"Ag\u00eancia iNFRA","url":"https:\/\/agenciainfra.com\/blog\/","logo":{"@type":"ImageObject","inLanguage":"pt-BR","@id":"https:\/\/agenciainfra.com\/blog\/#\/schema\/logo\/image\/","url":"https:\/\/agenciainfra.com\/blog\/wp-content\/uploads\/2023\/09\/iNFRA_5-e1761735885940.png","contentUrl":"https:\/\/agenciainfra.com\/blog\/wp-content\/uploads\/2023\/09\/iNFRA_5-e1761735885940.png","width":1672,"height":454,"caption":"Ag\u00eancia iNFRA"},"image":{"@id":"https:\/\/agenciainfra.com\/blog\/#\/schema\/logo\/image\/"},"sameAs":["https:\/\/www.facebook.com\/ageninfra","https:\/\/x.com\/agencia_infra","https:\/\/www.linkedin.com\/company\/ag\u00eanciainfra\/","https:\/\/www.instagram.com\/agenciainfra\/"]},{"@type":"Person","@id":"https:\/\/agenciainfra.com\/blog\/#\/schema\/person\/34af08dff6adea4cb22b06612ba7acfa","name":"Ag\u00eancia iNFRA","image":{"@type":"ImageObject","inLanguage":"pt-BR","@id":"https:\/\/agenciainfra.com\/blog\/#\/schema\/person\/image\/","url":"https:\/\/secure.gravatar.com\/avatar\/d189e01678f06d8eb84d4e01f08eb848b3fffe3f8443818d3c356c66892f5be8?s=96&d=mm&r=g","contentUrl":"https:\/\/secure.gravatar.com\/avatar\/d189e01678f06d8eb84d4e01f08eb848b3fffe3f8443818d3c356c66892f5be8?s=96&d=mm&r=g","caption":"Ag\u00eancia iNFRA"},"url":"https:\/\/agenciainfra.com\/blog\/author\/admin\/"}]}},"_links":{"self":[{"href":"https:\/\/agenciainfra.com\/blog\/wp-json\/wp\/v2\/posts\/21454","targetHints":{"allow":["GET"]}}],"collection":[{"href":"https:\/\/agenciainfra.com\/blog\/wp-json\/wp\/v2\/posts"}],"about":[{"href":"https:\/\/agenciainfra.com\/blog\/wp-json\/wp\/v2\/types\/post"}],"author":[{"embeddable":true,"href":"https:\/\/agenciainfra.com\/blog\/wp-json\/wp\/v2\/users\/1"}],"replies":[{"embeddable":true,"href":"https:\/\/agenciainfra.com\/blog\/wp-json\/wp\/v2\/comments?post=21454"}],"version-history":[{"count":17,"href":"https:\/\/agenciainfra.com\/blog\/wp-json\/wp\/v2\/posts\/21454\/revisions"}],"predecessor-version":[{"id":21824,"href":"https:\/\/agenciainfra.com\/blog\/wp-json\/wp\/v2\/posts\/21454\/revisions\/21824"}],"wp:featuredmedia":[{"embeddable":true,"href":"https:\/\/agenciainfra.com\/blog\/wp-json\/wp\/v2\/media\/21465"}],"wp:attachment":[{"href":"https:\/\/agenciainfra.com\/blog\/wp-json\/wp\/v2\/media?parent=21454"}],"wp:term":[{"taxonomy":"category","embeddable":true,"href":"https:\/\/agenciainfra.com\/blog\/wp-json\/wp\/v2\/categories?post=21454"},{"taxonomy":"post_tag","embeddable":true,"href":"https:\/\/agenciainfra.com\/blog\/wp-json\/wp\/v2\/tags?post=21454"}],"curies":[{"name":"wp","href":"https:\/\/api.w.org\/{rel}","templated":true}]}}