{"id":21539,"date":"2025-05-09T08:00:00","date_gmt":"2025-05-09T11:00:00","guid":{"rendered":"https:\/\/agenciainfra.com\/blog\/?p=21539"},"modified":"2025-05-09T11:26:58","modified_gmt":"2025-05-09T14:26:58","slug":"tcu-autoriza-desestatizacao-do-terminal-vdc29-no-porto-de-vila-do-conde","status":"publish","type":"post","link":"https:\/\/agenciainfra.com\/blog\/tcu-autoriza-desestatizacao-do-terminal-vdc29-no-porto-de-vila-do-conde\/","title":{"rendered":"TCU autoriza desestatiza\u00e7\u00e3o do terminal VDC29, no Porto de Vila do Conde"},"content":{"rendered":"\n<p class=\"has-text-align-right\"><strong>Sheyla Santos, da Ag\u00eancia iNFRA<\/strong><\/p>\n\n\n\n<p>O TCU (Tribunal de Contas da Uni\u00e3o) autorizou, na \u00faltima quarta-feira (7), a desestatiza\u00e7\u00e3o do\u00a0arrendamento portu\u00e1rio do terminal VDC29, localizado no Porto de Vila do Conde e administrado pela CDP (Companhia Docas do Par\u00e1), em Barcarena (PA). A\u00a0decis\u00e3o\u00a0pode ser lida\u00a0<a href=\"https:\/\/mcusercontent.com\/d460dd1bcf9ba0ae040e1fc0f\/files\/346943b8-5dea-d271-872c-913bd9f6346e\/018.517_2024_2_AC_Porto_Organizado_de_Vila_do_Conde_PA.pdf\" target=\"_blank\" rel=\"noreferrer noopener\">aqui<\/a>.\u00a0 O terminal \u00e9 destinado \u00e0 movimenta\u00e7\u00e3o e armazenagem de gran\u00e9is s\u00f3lidos vegetais, especificamente gr\u00e3os de soja e milho.<br><br>Apesar da autoriza\u00e7\u00e3o, o relator do processo, ministro Aroldo Cedraz, fez uma s\u00e9rie de recomenda\u00e7\u00f5es ao MPor (Minist\u00e9rio de Portos e Aeroportos). Segundo o relator, a pasta dever\u00e1 reavaliar a metodologia de c\u00e1lculo da taxa de crescimento, adotando devido tratamento estat\u00edstico, \u201cdesconsiderando picos e vales at\u00edpicos no ano inicial da s\u00e9rie\u201d, para refletir efetivamente a tend\u00eancia de produ\u00e7\u00e3o observada na s\u00e9rie\u00a0hist\u00f3rica<br><br>Nos futuros estudos de viabilidade de leil\u00f5es de arrendamentos portu\u00e1rios, o relator tamb\u00e9m indicou a necessidade de fundamenta\u00e7\u00e3o t\u00e9cnica e mem\u00f3ria de c\u00e1lculo robustas para que a corte possa identificar os custos com\u00a0OGMO (\u00d3rg\u00e3o Gestor de M\u00e3o de Obra), por exemplo.<br><br>A corte ainda recomendou que a pasta revise o desenho atual do leil\u00e3o para arrendamentos portu\u00e1rios, especialmente nas apresenta\u00e7\u00f5es das propostas, de modo que as regras internas sejam coerentes e maximizem o incentivo para os licitantes ofertarem lances que sejam o mais pr\u00f3ximo poss\u00edvel de seus pre\u00e7os de reserva, contribuindo, assim, para uma sele\u00e7\u00e3o das melhores empresas e dos maiores valores de outorga.<br><br><strong>Alta ociosidade do porto<\/strong><br>Cedraz afirmou que, no entendimento da corte, o arrendamento contribuir\u00e1 para o crescimento econ\u00f4mico da regi\u00e3o e do pa\u00eds, reduzindo os custos log\u00edsticos da cadeia de exporta\u00e7\u00e3o de gr\u00e3os. Ele ainda destacou que, atualmente, apenas 26% da \u00e1rea \u00fatil total do porto est\u00e1 ocupada, o que demonstra alta ociosidade.<br><br>\u201cNo VDC29, foram previstos investimentos da ordem de R$ 900 milh\u00f5es em instala\u00e7\u00f5es e equipamentos para o terminal ser capaz de movimentar, espera-se, 7 milh\u00f5es de toneladas\/ano de gr\u00e3os at\u00e9 o final do sexto ano contratual\u201d, destacou Cedraz.<br><br><strong>BR-101\/BA<\/strong><br>O TCU\u00a0negou na mesma sess\u00e3o\u00a0um pedido de medida cautelar feito em processo que trata de uma den\u00fancia referente a supostas irregularidades em licita\u00e7\u00e3o na BR-101\/BA. O contrato \u00e9 relativo a\u00a0servi\u00e7os t\u00e9cnicos para supervis\u00e3o de obras remanescentes de duplica\u00e7\u00e3o, restaura\u00e7\u00e3o e melhoramentos da rodovia. Leia\u00a0<a href=\"https:\/\/mcusercontent.com\/d460dd1bcf9ba0ae040e1fc0f\/files\/2ef3a153-9936-ba7c-f5eb-3fc9a1402699\/005.451_2025_6_AN_Denu_ncia_BR_101_BA_do_km_0_00_ao_km_165_40.pdf\" target=\"_blank\" rel=\"noreferrer noopener\">aqui<\/a>\u00a0a decis\u00e3o.<\/p>\n\n\n\n<p><\/p>\n","protected":false},"excerpt":{"rendered":"<p>Sheyla Santos, da Ag\u00eancia iNFRA O TCU (Tribunal de Contas da Uni\u00e3o) autorizou, na \u00faltima quarta-feira (7), a desestatiza\u00e7\u00e3o do\u00a0arrendamento portu\u00e1rio do terminal VDC29, localizado no Porto de Vila do Conde e administrado pela CDP (Companhia Docas do Par\u00e1), em Barcarena (PA). A\u00a0decis\u00e3o\u00a0pode ser lida\u00a0aqui.\u00a0 O terminal \u00e9 destinado \u00e0 movimenta\u00e7\u00e3o e armazenagem de gran\u00e9is [&hellip;]<\/p>\n","protected":false},"author":1,"featured_media":6192,"comment_status":"closed","ping_status":"closed","sticky":false,"template":"","format":"standard","meta":{"_monsterinsights_skip_tracking":false,"_monsterinsights_sitenote_active":false,"_monsterinsights_sitenote_note":"","_monsterinsights_sitenote_category":0,"footnotes":""},"categories":[7250,1,7],"tags":[13278,1504,192,13277,12831,1636,8838,18,90,13276],"class_list":["post-21539","post","type-post","status-publish","format-standard","has-post-thumbnail","hentry","category-destaque-lista","category-geral","category-infratransporte","tag-br-101-ba","tag-companhia-docas-do-para","tag-desestatizacao","tag-desestatizacao-do-vdc29","tag-desestatizacao-portuaria","tag-porto-de-vila-do-conde","tag-sheyla-santos","tag-tcu","tag-terminal-portuario","tag-vdc29"],"yoast_head":"<!-- This site is optimized with the Yoast SEO Premium plugin v25.4 (Yoast SEO v26.0) - https:\/\/yoast.com\/wordpress\/plugins\/seo\/ -->\n<title>TCU autoriza desestatiza\u00e7\u00e3o do terminal VDC29, no Porto de Vila do Conde - Ag\u00eancia iNFRA<\/title>\n<meta name=\"robots\" content=\"index, follow, max-snippet:-1, max-image-preview:large, max-video-preview:-1\" \/>\n<link rel=\"canonical\" href=\"https:\/\/agenciainfra.com\/blog\/tcu-autoriza-desestatizacao-do-terminal-vdc29-no-porto-de-vila-do-conde\/\" \/>\n<meta property=\"og:locale\" content=\"pt_BR\" \/>\n<meta property=\"og:type\" content=\"article\" \/>\n<meta property=\"og:title\" content=\"TCU autoriza desestatiza\u00e7\u00e3o do terminal VDC29, no Porto de Vila do Conde\" \/>\n<meta property=\"og:description\" content=\"Sheyla Santos, da Ag\u00eancia iNFRA O TCU (Tribunal de Contas da Uni\u00e3o) autorizou, na \u00faltima quarta-feira (7), a desestatiza\u00e7\u00e3o do\u00a0arrendamento portu\u00e1rio do terminal VDC29, localizado no Porto de Vila do Conde e administrado pela CDP (Companhia Docas do Par\u00e1), em Barcarena (PA). A\u00a0decis\u00e3o\u00a0pode ser lida\u00a0aqui.\u00a0 O terminal \u00e9 destinado \u00e0 movimenta\u00e7\u00e3o e armazenagem de gran\u00e9is [&hellip;]\" \/>\n<meta property=\"og:url\" content=\"https:\/\/agenciainfra.com\/blog\/tcu-autoriza-desestatizacao-do-terminal-vdc29-no-porto-de-vila-do-conde\/\" \/>\n<meta property=\"og:site_name\" content=\"Ag\u00eancia iNFRA\" \/>\n<meta property=\"article:publisher\" content=\"https:\/\/www.facebook.com\/ageninfra\" \/>\n<meta property=\"article:published_time\" content=\"2025-05-09T11:00:00+00:00\" \/>\n<meta property=\"article:modified_time\" content=\"2025-05-09T14:26:58+00:00\" \/>\n<meta property=\"og:image\" content=\"https:\/\/agenciainfra.com\/blog\/wp-content\/uploads\/2020\/10\/vila-do-conde-foto-ppi.jpeg\" \/>\n\t<meta property=\"og:image:width\" content=\"1280\" \/>\n\t<meta property=\"og:image:height\" content=\"853\" \/>\n\t<meta property=\"og:image:type\" content=\"image\/jpeg\" \/>\n<meta name=\"author\" content=\"Ag\u00eancia iNFRA\" \/>\n<meta name=\"twitter:card\" content=\"summary_large_image\" \/>\n<meta name=\"twitter:creator\" content=\"@agencia_infra\" \/>\n<meta name=\"twitter:site\" content=\"@agencia_infra\" \/>\n<meta name=\"twitter:label1\" content=\"Escrito por\" \/>\n\t<meta name=\"twitter:data1\" content=\"Ag\u00eancia iNFRA\" \/>\n\t<meta name=\"twitter:label2\" content=\"Est. tempo de leitura\" \/>\n\t<meta name=\"twitter:data2\" content=\"2 minutos\" \/>\n<script type=\"application\/ld+json\" class=\"yoast-schema-graph\">{\"@context\":\"https:\/\/schema.org\",\"@graph\":[{\"@type\":\"Article\",\"@id\":\"https:\/\/agenciainfra.com\/blog\/tcu-autoriza-desestatizacao-do-terminal-vdc29-no-porto-de-vila-do-conde\/#article\",\"isPartOf\":{\"@id\":\"https:\/\/agenciainfra.com\/blog\/tcu-autoriza-desestatizacao-do-terminal-vdc29-no-porto-de-vila-do-conde\/\"},\"author\":{\"name\":\"Ag\u00eancia iNFRA\",\"@id\":\"https:\/\/agenciainfra.com\/blog\/#\/schema\/person\/34af08dff6adea4cb22b06612ba7acfa\"},\"headline\":\"TCU autoriza desestatiza\u00e7\u00e3o do terminal VDC29, no Porto de Vila do Conde\",\"datePublished\":\"2025-05-09T11:00:00+00:00\",\"dateModified\":\"2025-05-09T14:26:58+00:00\",\"mainEntityOfPage\":{\"@id\":\"https:\/\/agenciainfra.com\/blog\/tcu-autoriza-desestatizacao-do-terminal-vdc29-no-porto-de-vila-do-conde\/\"},\"wordCount\":441,\"publisher\":{\"@id\":\"https:\/\/agenciainfra.com\/blog\/#organization\"},\"image\":{\"@id\":\"https:\/\/agenciainfra.com\/blog\/tcu-autoriza-desestatizacao-do-terminal-vdc29-no-porto-de-vila-do-conde\/#primaryimage\"},\"thumbnailUrl\":\"https:\/\/agenciainfra.com\/blog\/wp-content\/uploads\/2020\/10\/vila-do-conde-foto-ppi.jpeg\",\"keywords\":[\"br-101\/ba\",\"Companhia Docas do Par\u00e1\",\"desestatiza\u00e7\u00e3o\",\"desestatiza\u00e7\u00e3o do VDC29\",\"desestatiza\u00e7\u00e3o portu\u00e1ria\",\"Porto de Vila do Conde\",\"Sheyla Santos\",\"TCU\",\"TERMINAL PORTU\u00c1RIO\",\"VDC29\"],\"articleSection\":[\"Destaque lista\",\"Geral\",\"iNFRATransporte\"],\"inLanguage\":\"pt-BR\",\"copyrightYear\":\"2025\",\"copyrightHolder\":{\"@id\":\"https:\/\/agenciainfra.com\/blog\/#organization\"}},{\"@type\":\"WebPage\",\"@id\":\"https:\/\/agenciainfra.com\/blog\/tcu-autoriza-desestatizacao-do-terminal-vdc29-no-porto-de-vila-do-conde\/\",\"url\":\"https:\/\/agenciainfra.com\/blog\/tcu-autoriza-desestatizacao-do-terminal-vdc29-no-porto-de-vila-do-conde\/\",\"name\":\"TCU autoriza desestatiza\u00e7\u00e3o do terminal VDC29, no Porto de Vila do Conde - Ag\u00eancia iNFRA\",\"isPartOf\":{\"@id\":\"https:\/\/agenciainfra.com\/blog\/#website\"},\"primaryImageOfPage\":{\"@id\":\"https:\/\/agenciainfra.com\/blog\/tcu-autoriza-desestatizacao-do-terminal-vdc29-no-porto-de-vila-do-conde\/#primaryimage\"},\"image\":{\"@id\":\"https:\/\/agenciainfra.com\/blog\/tcu-autoriza-desestatizacao-do-terminal-vdc29-no-porto-de-vila-do-conde\/#primaryimage\"},\"thumbnailUrl\":\"https:\/\/agenciainfra.com\/blog\/wp-content\/uploads\/2020\/10\/vila-do-conde-foto-ppi.jpeg\",\"datePublished\":\"2025-05-09T11:00:00+00:00\",\"dateModified\":\"2025-05-09T14:26:58+00:00\",\"breadcrumb\":{\"@id\":\"https:\/\/agenciainfra.com\/blog\/tcu-autoriza-desestatizacao-do-terminal-vdc29-no-porto-de-vila-do-conde\/#breadcrumb\"},\"inLanguage\":\"pt-BR\",\"potentialAction\":[{\"@type\":\"ReadAction\",\"target\":[\"https:\/\/agenciainfra.com\/blog\/tcu-autoriza-desestatizacao-do-terminal-vdc29-no-porto-de-vila-do-conde\/\"]}]},{\"@type\":\"ImageObject\",\"inLanguage\":\"pt-BR\",\"@id\":\"https:\/\/agenciainfra.com\/blog\/tcu-autoriza-desestatizacao-do-terminal-vdc29-no-porto-de-vila-do-conde\/#primaryimage\",\"url\":\"https:\/\/agenciainfra.com\/blog\/wp-content\/uploads\/2020\/10\/vila-do-conde-foto-ppi.jpeg\",\"contentUrl\":\"https:\/\/agenciainfra.com\/blog\/wp-content\/uploads\/2020\/10\/vila-do-conde-foto-ppi.jpeg\",\"width\":1280,\"height\":853,\"caption\":\"Foto: Divulga\u00e7\u00e3o\/PPI\"},{\"@type\":\"BreadcrumbList\",\"@id\":\"https:\/\/agenciainfra.com\/blog\/tcu-autoriza-desestatizacao-do-terminal-vdc29-no-porto-de-vila-do-conde\/#breadcrumb\",\"itemListElement\":[{\"@type\":\"ListItem\",\"position\":1,\"name\":\"In\u00edcio\",\"item\":\"https:\/\/agenciainfra.com\/blog\/\"},{\"@type\":\"ListItem\",\"position\":2,\"name\":\"TCU autoriza desestatiza\u00e7\u00e3o do terminal VDC29, no Porto de Vila do Conde\"}]},{\"@type\":\"WebSite\",\"@id\":\"https:\/\/agenciainfra.com\/blog\/#website\",\"url\":\"https:\/\/agenciainfra.com\/blog\/\",\"name\":\"Ag\u00eancia iNFRA\",\"description\":\"Multiplataforma de informa\u00e7\u00e3o jornal\u00edstica refer\u00eancia na \u00e1rea de infraestrutura no Brasil!\",\"publisher\":{\"@id\":\"https:\/\/agenciainfra.com\/blog\/#organization\"},\"potentialAction\":[{\"@type\":\"SearchAction\",\"target\":{\"@type\":\"EntryPoint\",\"urlTemplate\":\"https:\/\/agenciainfra.com\/blog\/?s={search_term_string}\"},\"query-input\":{\"@type\":\"PropertyValueSpecification\",\"valueRequired\":true,\"valueName\":\"search_term_string\"}}],\"inLanguage\":\"pt-BR\"},{\"@type\":\"Organization\",\"@id\":\"https:\/\/agenciainfra.com\/blog\/#organization\",\"name\":\"Ag\u00eancia iNFRA\",\"url\":\"https:\/\/agenciainfra.com\/blog\/\",\"logo\":{\"@type\":\"ImageObject\",\"inLanguage\":\"pt-BR\",\"@id\":\"https:\/\/agenciainfra.com\/blog\/#\/schema\/logo\/image\/\",\"url\":\"https:\/\/agenciainfra.com\/blog\/wp-content\/uploads\/2023\/09\/iNFRA_5-e1761735885940.png\",\"contentUrl\":\"https:\/\/agenciainfra.com\/blog\/wp-content\/uploads\/2023\/09\/iNFRA_5-e1761735885940.png\",\"width\":1672,\"height\":454,\"caption\":\"Ag\u00eancia iNFRA\"},\"image\":{\"@id\":\"https:\/\/agenciainfra.com\/blog\/#\/schema\/logo\/image\/\"},\"sameAs\":[\"https:\/\/www.facebook.com\/ageninfra\",\"https:\/\/x.com\/agencia_infra\",\"https:\/\/www.linkedin.com\/company\/ag\u00eanciainfra\/\",\"https:\/\/www.instagram.com\/agenciainfra\/\"]},{\"@type\":\"Person\",\"@id\":\"https:\/\/agenciainfra.com\/blog\/#\/schema\/person\/34af08dff6adea4cb22b06612ba7acfa\",\"name\":\"Ag\u00eancia iNFRA\",\"image\":{\"@type\":\"ImageObject\",\"inLanguage\":\"pt-BR\",\"@id\":\"https:\/\/agenciainfra.com\/blog\/#\/schema\/person\/image\/\",\"url\":\"https:\/\/secure.gravatar.com\/avatar\/d189e01678f06d8eb84d4e01f08eb848b3fffe3f8443818d3c356c66892f5be8?s=96&d=mm&r=g\",\"contentUrl\":\"https:\/\/secure.gravatar.com\/avatar\/d189e01678f06d8eb84d4e01f08eb848b3fffe3f8443818d3c356c66892f5be8?s=96&d=mm&r=g\",\"caption\":\"Ag\u00eancia iNFRA\"},\"url\":\"https:\/\/agenciainfra.com\/blog\/author\/admin\/\"}]}<\/script>\n<!-- \/ Yoast SEO Premium plugin. -->","yoast_head_json":{"title":"TCU autoriza desestatiza\u00e7\u00e3o do terminal VDC29, no Porto de Vila do Conde - Ag\u00eancia iNFRA","robots":{"index":"index","follow":"follow","max-snippet":"max-snippet:-1","max-image-preview":"max-image-preview:large","max-video-preview":"max-video-preview:-1"},"canonical":"https:\/\/agenciainfra.com\/blog\/tcu-autoriza-desestatizacao-do-terminal-vdc29-no-porto-de-vila-do-conde\/","og_locale":"pt_BR","og_type":"article","og_title":"TCU autoriza desestatiza\u00e7\u00e3o do terminal VDC29, no Porto de Vila do Conde","og_description":"Sheyla Santos, da Ag\u00eancia iNFRA O TCU (Tribunal de Contas da Uni\u00e3o) autorizou, na \u00faltima quarta-feira (7), a desestatiza\u00e7\u00e3o do\u00a0arrendamento portu\u00e1rio do terminal VDC29, localizado no Porto de Vila do Conde e administrado pela CDP (Companhia Docas do Par\u00e1), em Barcarena (PA). A\u00a0decis\u00e3o\u00a0pode ser lida\u00a0aqui.\u00a0 O terminal \u00e9 destinado \u00e0 movimenta\u00e7\u00e3o e armazenagem de gran\u00e9is [&hellip;]","og_url":"https:\/\/agenciainfra.com\/blog\/tcu-autoriza-desestatizacao-do-terminal-vdc29-no-porto-de-vila-do-conde\/","og_site_name":"Ag\u00eancia iNFRA","article_publisher":"https:\/\/www.facebook.com\/ageninfra","article_published_time":"2025-05-09T11:00:00+00:00","article_modified_time":"2025-05-09T14:26:58+00:00","og_image":[{"width":1280,"height":853,"url":"https:\/\/agenciainfra.com\/blog\/wp-content\/uploads\/2020\/10\/vila-do-conde-foto-ppi.jpeg","type":"image\/jpeg"}],"author":"Ag\u00eancia iNFRA","twitter_card":"summary_large_image","twitter_creator":"@agencia_infra","twitter_site":"@agencia_infra","twitter_misc":{"Escrito por":"Ag\u00eancia iNFRA","Est. tempo de leitura":"2 minutos"},"schema":{"@context":"https:\/\/schema.org","@graph":[{"@type":"Article","@id":"https:\/\/agenciainfra.com\/blog\/tcu-autoriza-desestatizacao-do-terminal-vdc29-no-porto-de-vila-do-conde\/#article","isPartOf":{"@id":"https:\/\/agenciainfra.com\/blog\/tcu-autoriza-desestatizacao-do-terminal-vdc29-no-porto-de-vila-do-conde\/"},"author":{"name":"Ag\u00eancia iNFRA","@id":"https:\/\/agenciainfra.com\/blog\/#\/schema\/person\/34af08dff6adea4cb22b06612ba7acfa"},"headline":"TCU autoriza desestatiza\u00e7\u00e3o do terminal VDC29, no Porto de Vila do Conde","datePublished":"2025-05-09T11:00:00+00:00","dateModified":"2025-05-09T14:26:58+00:00","mainEntityOfPage":{"@id":"https:\/\/agenciainfra.com\/blog\/tcu-autoriza-desestatizacao-do-terminal-vdc29-no-porto-de-vila-do-conde\/"},"wordCount":441,"publisher":{"@id":"https:\/\/agenciainfra.com\/blog\/#organization"},"image":{"@id":"https:\/\/agenciainfra.com\/blog\/tcu-autoriza-desestatizacao-do-terminal-vdc29-no-porto-de-vila-do-conde\/#primaryimage"},"thumbnailUrl":"https:\/\/agenciainfra.com\/blog\/wp-content\/uploads\/2020\/10\/vila-do-conde-foto-ppi.jpeg","keywords":["br-101\/ba","Companhia Docas do Par\u00e1","desestatiza\u00e7\u00e3o","desestatiza\u00e7\u00e3o do VDC29","desestatiza\u00e7\u00e3o portu\u00e1ria","Porto de Vila do Conde","Sheyla Santos","TCU","TERMINAL PORTU\u00c1RIO","VDC29"],"articleSection":["Destaque lista","Geral","iNFRATransporte"],"inLanguage":"pt-BR","copyrightYear":"2025","copyrightHolder":{"@id":"https:\/\/agenciainfra.com\/blog\/#organization"}},{"@type":"WebPage","@id":"https:\/\/agenciainfra.com\/blog\/tcu-autoriza-desestatizacao-do-terminal-vdc29-no-porto-de-vila-do-conde\/","url":"https:\/\/agenciainfra.com\/blog\/tcu-autoriza-desestatizacao-do-terminal-vdc29-no-porto-de-vila-do-conde\/","name":"TCU autoriza desestatiza\u00e7\u00e3o do terminal VDC29, no Porto de Vila do Conde - Ag\u00eancia iNFRA","isPartOf":{"@id":"https:\/\/agenciainfra.com\/blog\/#website"},"primaryImageOfPage":{"@id":"https:\/\/agenciainfra.com\/blog\/tcu-autoriza-desestatizacao-do-terminal-vdc29-no-porto-de-vila-do-conde\/#primaryimage"},"image":{"@id":"https:\/\/agenciainfra.com\/blog\/tcu-autoriza-desestatizacao-do-terminal-vdc29-no-porto-de-vila-do-conde\/#primaryimage"},"thumbnailUrl":"https:\/\/agenciainfra.com\/blog\/wp-content\/uploads\/2020\/10\/vila-do-conde-foto-ppi.jpeg","datePublished":"2025-05-09T11:00:00+00:00","dateModified":"2025-05-09T14:26:58+00:00","breadcrumb":{"@id":"https:\/\/agenciainfra.com\/blog\/tcu-autoriza-desestatizacao-do-terminal-vdc29-no-porto-de-vila-do-conde\/#breadcrumb"},"inLanguage":"pt-BR","potentialAction":[{"@type":"ReadAction","target":["https:\/\/agenciainfra.com\/blog\/tcu-autoriza-desestatizacao-do-terminal-vdc29-no-porto-de-vila-do-conde\/"]}]},{"@type":"ImageObject","inLanguage":"pt-BR","@id":"https:\/\/agenciainfra.com\/blog\/tcu-autoriza-desestatizacao-do-terminal-vdc29-no-porto-de-vila-do-conde\/#primaryimage","url":"https:\/\/agenciainfra.com\/blog\/wp-content\/uploads\/2020\/10\/vila-do-conde-foto-ppi.jpeg","contentUrl":"https:\/\/agenciainfra.com\/blog\/wp-content\/uploads\/2020\/10\/vila-do-conde-foto-ppi.jpeg","width":1280,"height":853,"caption":"Foto: Divulga\u00e7\u00e3o\/PPI"},{"@type":"BreadcrumbList","@id":"https:\/\/agenciainfra.com\/blog\/tcu-autoriza-desestatizacao-do-terminal-vdc29-no-porto-de-vila-do-conde\/#breadcrumb","itemListElement":[{"@type":"ListItem","position":1,"name":"In\u00edcio","item":"https:\/\/agenciainfra.com\/blog\/"},{"@type":"ListItem","position":2,"name":"TCU autoriza desestatiza\u00e7\u00e3o do terminal VDC29, no Porto de Vila do Conde"}]},{"@type":"WebSite","@id":"https:\/\/agenciainfra.com\/blog\/#website","url":"https:\/\/agenciainfra.com\/blog\/","name":"Ag\u00eancia iNFRA","description":"Multiplataforma de informa\u00e7\u00e3o jornal\u00edstica refer\u00eancia na \u00e1rea de infraestrutura no Brasil!","publisher":{"@id":"https:\/\/agenciainfra.com\/blog\/#organization"},"potentialAction":[{"@type":"SearchAction","target":{"@type":"EntryPoint","urlTemplate":"https:\/\/agenciainfra.com\/blog\/?s={search_term_string}"},"query-input":{"@type":"PropertyValueSpecification","valueRequired":true,"valueName":"search_term_string"}}],"inLanguage":"pt-BR"},{"@type":"Organization","@id":"https:\/\/agenciainfra.com\/blog\/#organization","name":"Ag\u00eancia iNFRA","url":"https:\/\/agenciainfra.com\/blog\/","logo":{"@type":"ImageObject","inLanguage":"pt-BR","@id":"https:\/\/agenciainfra.com\/blog\/#\/schema\/logo\/image\/","url":"https:\/\/agenciainfra.com\/blog\/wp-content\/uploads\/2023\/09\/iNFRA_5-e1761735885940.png","contentUrl":"https:\/\/agenciainfra.com\/blog\/wp-content\/uploads\/2023\/09\/iNFRA_5-e1761735885940.png","width":1672,"height":454,"caption":"Ag\u00eancia iNFRA"},"image":{"@id":"https:\/\/agenciainfra.com\/blog\/#\/schema\/logo\/image\/"},"sameAs":["https:\/\/www.facebook.com\/ageninfra","https:\/\/x.com\/agencia_infra","https:\/\/www.linkedin.com\/company\/ag\u00eanciainfra\/","https:\/\/www.instagram.com\/agenciainfra\/"]},{"@type":"Person","@id":"https:\/\/agenciainfra.com\/blog\/#\/schema\/person\/34af08dff6adea4cb22b06612ba7acfa","name":"Ag\u00eancia iNFRA","image":{"@type":"ImageObject","inLanguage":"pt-BR","@id":"https:\/\/agenciainfra.com\/blog\/#\/schema\/person\/image\/","url":"https:\/\/secure.gravatar.com\/avatar\/d189e01678f06d8eb84d4e01f08eb848b3fffe3f8443818d3c356c66892f5be8?s=96&d=mm&r=g","contentUrl":"https:\/\/secure.gravatar.com\/avatar\/d189e01678f06d8eb84d4e01f08eb848b3fffe3f8443818d3c356c66892f5be8?s=96&d=mm&r=g","caption":"Ag\u00eancia iNFRA"},"url":"https:\/\/agenciainfra.com\/blog\/author\/admin\/"}]}},"_links":{"self":[{"href":"https:\/\/agenciainfra.com\/blog\/wp-json\/wp\/v2\/posts\/21539","targetHints":{"allow":["GET"]}}],"collection":[{"href":"https:\/\/agenciainfra.com\/blog\/wp-json\/wp\/v2\/posts"}],"about":[{"href":"https:\/\/agenciainfra.com\/blog\/wp-json\/wp\/v2\/types\/post"}],"author":[{"embeddable":true,"href":"https:\/\/agenciainfra.com\/blog\/wp-json\/wp\/v2\/users\/1"}],"replies":[{"embeddable":true,"href":"https:\/\/agenciainfra.com\/blog\/wp-json\/wp\/v2\/comments?post=21539"}],"version-history":[{"count":1,"href":"https:\/\/agenciainfra.com\/blog\/wp-json\/wp\/v2\/posts\/21539\/revisions"}],"predecessor-version":[{"id":21540,"href":"https:\/\/agenciainfra.com\/blog\/wp-json\/wp\/v2\/posts\/21539\/revisions\/21540"}],"wp:featuredmedia":[{"embeddable":true,"href":"https:\/\/agenciainfra.com\/blog\/wp-json\/wp\/v2\/media\/6192"}],"wp:attachment":[{"href":"https:\/\/agenciainfra.com\/blog\/wp-json\/wp\/v2\/media?parent=21539"}],"wp:term":[{"taxonomy":"category","embeddable":true,"href":"https:\/\/agenciainfra.com\/blog\/wp-json\/wp\/v2\/categories?post=21539"},{"taxonomy":"post_tag","embeddable":true,"href":"https:\/\/agenciainfra.com\/blog\/wp-json\/wp\/v2\/tags?post=21539"}],"curies":[{"name":"wp","href":"https:\/\/api.w.org\/{rel}","templated":true}]}}