{"id":2154,"date":"2018-07-21T00:08:22","date_gmt":"2018-07-21T03:08:22","guid":{"rendered":"http:\/\/www.agenciainfra.com\/blog\/?p=2154"},"modified":"2018-07-20T22:59:15","modified_gmt":"2018-07-21T01:59:15","slug":"candidatos-falam-em-estabilidade-para-pais-voltar-a-ter-investimento-em-infraestrutura","status":"publish","type":"post","link":"https:\/\/agenciainfra.com\/blog\/candidatos-falam-em-estabilidade-para-pais-voltar-a-ter-investimento-em-infraestrutura\/","title":{"rendered":"Candidatos falam em estabilidade para pa\u00eds voltar a ter investimento em infraestrutura"},"content":{"rendered":"<p style=\"text-align: right;\"><strong>Cl\u00e1udia Borges, da Ag\u00eancia iNFRA<\/strong><\/p>\n<div>\n<div dir=\"ltr\">\n<div dir=\"ltr\">\n<p>Pr\u00e9-candidatos \u00e0 Presid\u00eancia da Rep\u00fablica que participaram do F\u00f3rum de Mobilidade promovido pela ANTPtrilhos (Associa\u00e7\u00e3o Nacional de Transportes de Passageiros), na quarta-feira (18), em Bras\u00edlia, foram un\u00e2nimes em pelo um aspecto.<\/p>\n<p>Henrique Meirelles (MDB), Geraldo Alckmin (PSDB) e Marina Silva (Rede Sustentabilidade), que encaminhou uma mensagem em v\u00eddeo, destacaram a necessidade da elabora\u00e7\u00e3o de um planejamento estrat\u00e9gico de longo prazo para ampliar o transporte sobre trilhos no pa\u00eds.<\/p>\n<p><strong>Geraldo Alckmin, do PSDB<\/strong><br \/>\nAlckmin afirmou que, embora seja\u00a0mais seguro e cause menos congestionamentos do que o modal rodovi\u00e1rio,\u00a0o transporte sobre trilhos enfrenta um grande desafio: de onde tirar recursos para expandir o sistema.<\/p>\n<p>O\u00a0pr\u00e9-candidato lembrou que h\u00e1 seis anos o pa\u00eds apresenta d\u00e9ficit nas contas p\u00fablicas e que para ter investimento \u00e9 preciso ter confian\u00e7a que o sistema macroecon\u00f4mico do pa\u00eds \u00e9 o correto.<\/p>\n<p>Para Alckmin, o principal papel do estado \u00e9 de resgatar o planejamento do pa\u00eds, implantar os marcos regulat\u00f3rios e garantir seguran\u00e7a jur\u00eddica.\u00a0Enfatizou ainda que as ag\u00eancia<\/p>\n<p>s reguladoras devem estar distantes de partidos pol\u00edticos. \u201cSem seguran\u00e7a jur\u00eddica n\u00e3o tem investimento, ningu\u00e9m vai investir por 30 anos sem ag\u00eancias preparadas\u201d, afirmou.<\/p>\n<p>Se eleito, afirmou que pretende aproximar o trabalho da moradia, com planejamento urbano e metropolitano. \u201cO nosso desafio s\u00e3o empregos, ent\u00e3o infraestrutura \u00e9 grande fonte de gera\u00e7\u00e3o de emprego e renda. Pretendo fazer um canteiro de obras\u201d, revelou.<\/p>\n<p><img fetchpriority=\"high\" decoding=\"async\" class=\" wp-image-2160 aligncenter\" src=\"http:\/\/www.agenciainfra.com\/agenciainfra\/blog\/wp-content\/uploads\/2018\/07\/geraldo_alckmin_divulgacao_anptrilhos-e1532137151728-300x163.jpg\" alt=\"\" width=\"420\" height=\"228\" srcset=\"https:\/\/agenciainfra.com\/blog\/wp-content\/uploads\/2018\/07\/geraldo_alckmin_divulgacao_anptrilhos-e1532137151728-300x163.jpg 300w, https:\/\/agenciainfra.com\/blog\/wp-content\/uploads\/2018\/07\/geraldo_alckmin_divulgacao_anptrilhos-e1532137151728-176x96.jpg 176w, https:\/\/agenciainfra.com\/blog\/wp-content\/uploads\/2018\/07\/geraldo_alckmin_divulgacao_anptrilhos-e1532137151728.jpg 580w\" sizes=\"(max-width: 420px) 100vw, 420px\" \/><\/p>\n<p>&nbsp;<\/p>\n<p><strong>Meirelles, do MDB<\/strong><br \/>\nMeirelles (MDB) apresentou a proposta de\u00a0criar um centro de discuss\u00f5es de planejamento urbano e de transportes, para auxiliar a viabilizar investimentos privados no setor, considerados fundamentais pelo ex-ministro da Fazenda. Meirelles tamb\u00e9m citou a cria\u00e7\u00e3o de uma esp\u00e9cie de mesa de di\u00e1logo entre representantes dos setores p\u00fablicos e privados, a fim de aumentar a velocidade da tomada de decis\u00e3o do setor p\u00fablico.<\/p>\n<p>&#8220;Queremos garantir que o pa\u00eds\u00a0possa virar\u00a0 um canteiro de obras&#8221;, disse o pr\u00e9-candidato do MDB.<\/p>\n<p>Meirelles foi enf\u00e1tico na defesa de que os investimentos em infraestrutura s\u00e3o essenciais para a retomada do crescimento do pa\u00eds e a volta do emprego. Para isso, no entanto, ele afirmou que ser\u00e1 necess\u00e1rio criar estabilidade nas regras e independ\u00eancia das ag\u00eancias reguladoras, citando especificamente o PL (projeto de lei) das Ag\u00eancias Reguladoras como forma de garantir maior autonomia.<\/p>\n<p><img decoding=\"async\" class=\"alignnone wp-image-2158 aligncenter\" src=\"http:\/\/www.agenciainfra.com\/agenciainfra\/blog\/wp-content\/uploads\/2018\/07\/henrique_meirelles_divulgacao_anptrilhos-1-e1532137278685-300x155.jpg\" alt=\"\" width=\"456\" height=\"236\" srcset=\"https:\/\/agenciainfra.com\/blog\/wp-content\/uploads\/2018\/07\/henrique_meirelles_divulgacao_anptrilhos-1-e1532137278685-300x155.jpg 300w, https:\/\/agenciainfra.com\/blog\/wp-content\/uploads\/2018\/07\/henrique_meirelles_divulgacao_anptrilhos-1-e1532137278685-186x96.jpg 186w, https:\/\/agenciainfra.com\/blog\/wp-content\/uploads\/2018\/07\/henrique_meirelles_divulgacao_anptrilhos-1-e1532137278685.jpg 731w\" sizes=\"(max-width: 456px) 100vw, 456px\" \/><\/p>\n<p><strong>Rui Costa, do PT<\/strong><br \/>\nComo convidado para apresentar os projetos de mobilidade urbana do estado, o governador da Bahia, Rui Costa, falou sobre a situa\u00e7\u00e3o do PT em entrevista ap\u00f3s sua participa\u00e7\u00e3o no evento. Ele reiterou que o partido tem como op\u00e7\u00e3o no momento a candidatura do ex-presidente Luiz In\u00e1cio Lula da Silva, mesmo com a possibilidade dele n\u00e3o poder ser candidato, j\u00e1 que est\u00e1 preso e pode ser barrado pela lei da Ficha Limpa. Segundo Costa, o partido, de fato, corre risco em manter a decis\u00e3o de n\u00e3o ter outro candidato.<\/p>\n<p>O governador da Bahia afirmou que \u00e9 da corrente do partido que defende que o PT pode fazer alian\u00e7a com qualquer candidato que defenda propostas para a retomada do pa\u00eds, mas n\u00e3o h\u00e1, no momento, consenso sobre o tema no partido. Para ele, \u00e9 preciso que o pa\u00eds encontre uma forma de concilia\u00e7\u00e3o que possa retomar os investimentos, principalmente externos.<\/p>\n<p>&#8220;O Brasil j\u00e1 \u00e9 considerado carta fora do baralho l\u00e1 fora&#8221;, disse Costa.<\/p>\n<p>Ele contou que recebeu representante da concession\u00e1ria Via Bahia, recentemente, que informou a ele que, nas participa\u00e7\u00f5es que tem em conselho de grandes empresas internacionais, os temas que envolvem investimentos no Brasil est\u00e3o sendo retirados da pauta pela falta completa de defini\u00e7\u00e3o pol\u00edtica no pa\u00eds.<\/p>\n<p><img decoding=\"async\" class=\" wp-image-2161 aligncenter\" src=\"http:\/\/www.agenciainfra.com\/agenciainfra\/blog\/wp-content\/uploads\/2018\/07\/rui_costa_divulgacao_anptrilhos-e1532137408690-300x179.jpg\" alt=\"\" width=\"460\" height=\"275\" srcset=\"https:\/\/agenciainfra.com\/blog\/wp-content\/uploads\/2018\/07\/rui_costa_divulgacao_anptrilhos-e1532137408690-300x179.jpg 300w, https:\/\/agenciainfra.com\/blog\/wp-content\/uploads\/2018\/07\/rui_costa_divulgacao_anptrilhos-e1532137408690-161x96.jpg 161w, https:\/\/agenciainfra.com\/blog\/wp-content\/uploads\/2018\/07\/rui_costa_divulgacao_anptrilhos-e1532137408690.jpg 523w\" sizes=\"(max-width: 460px) 100vw, 460px\" \/><\/p>\n<p><strong>Marina Silva, da Rede<\/strong><br \/>\nEm v\u00eddeo, Marina Silva afirmou que a melhoria da qualidade das ferrovias do pa\u00eds passa por projetos de longo prazo que precisam estar inseridos dentro de um planejamento estrat\u00e9gico. Disse ainda que\u00a0o transporte sobre trilhos deve ser\u00a0um esfor\u00e7o para melhorar a qualidade dos transportes das cidades.<\/p>\n<p>\u201cN\u00f3s temos hoje um grande vazio nos diferentes modais de transportes do nosso pa\u00eds que precisa ser suprido com o transporte ferrovi\u00e1rio, inclusive para atender a uma grande demanda do agroneg\u00f3cio brasileiro\u201d, enfatizou. \u201cE tamb\u00e9m para que o pa\u00eds n\u00e3o fique ref\u00e9m de uma \u00fanica forma de transportar a popula\u00e7\u00e3o nas cidades\u201d, completou.<\/p>\n<\/div>\n<\/div>\n<\/div>\n","protected":false},"excerpt":{"rendered":"<p>Cl\u00e1udia Borges, da Ag\u00eancia iNFRA Pr\u00e9-candidatos \u00e0 Presid\u00eancia da Rep\u00fablica que participaram do F\u00f3rum de Mobilidade promovido pela ANTPtrilhos (Associa\u00e7\u00e3o Nacional de Transportes de Passageiros), na quarta-feira (18), em Bras\u00edlia, foram un\u00e2nimes em pelo um aspecto. Henrique Meirelles (MDB), Geraldo Alckmin (PSDB) e Marina Silva (Rede Sustentabilidade), que encaminhou uma mensagem em v\u00eddeo, destacaram a [&hellip;]<\/p>\n","protected":false},"author":1,"featured_media":2163,"comment_status":"closed","ping_status":"open","sticky":false,"template":"","format":"standard","meta":{"_monsterinsights_skip_tracking":false,"_monsterinsights_sitenote_active":false,"_monsterinsights_sitenote_note":"","_monsterinsights_sitenote_category":0,"footnotes":""},"categories":[1,7],"tags":[486,478,482,484,480,485,483,481,477,479],"class_list":["post-2154","post","type-post","status-publish","format-standard","has-post-thumbnail","hentry","category-geral","category-infratransporte","tag-antptrilhos","tag-da-rede","tag-do-mdb","tag-do-psdb","tag-do-pt","tag-forum-de-mobilidade","tag-geraldo-alckmin","tag-henrique-meirelles","tag-marina-silva","tag-rui-costa"],"yoast_head":"<!-- This site is optimized with the Yoast SEO Premium plugin v25.4 (Yoast SEO v26.0) - https:\/\/yoast.com\/wordpress\/plugins\/seo\/ -->\n<title>Candidatos falam em estabilidade para pa\u00eds voltar a ter investimento em infraestrutura - Ag\u00eancia iNFRA<\/title>\n<meta name=\"robots\" content=\"index, follow, max-snippet:-1, max-image-preview:large, max-video-preview:-1\" \/>\n<link rel=\"canonical\" href=\"https:\/\/agenciainfra.com\/blog\/candidatos-falam-em-estabilidade-para-pais-voltar-a-ter-investimento-em-infraestrutura\/\" \/>\n<meta property=\"og:locale\" content=\"pt_BR\" \/>\n<meta property=\"og:type\" content=\"article\" \/>\n<meta property=\"og:title\" content=\"Candidatos falam em estabilidade para pa\u00eds voltar a ter investimento em infraestrutura\" \/>\n<meta property=\"og:description\" content=\"Cl\u00e1udia Borges, da Ag\u00eancia iNFRA Pr\u00e9-candidatos \u00e0 Presid\u00eancia da Rep\u00fablica que participaram do F\u00f3rum de Mobilidade promovido pela ANTPtrilhos (Associa\u00e7\u00e3o Nacional de Transportes de Passageiros), na quarta-feira (18), em Bras\u00edlia, foram un\u00e2nimes em pelo um aspecto. Henrique Meirelles (MDB), Geraldo Alckmin (PSDB) e Marina Silva (Rede Sustentabilidade), que encaminhou uma mensagem em v\u00eddeo, destacaram a [&hellip;]\" \/>\n<meta property=\"og:url\" content=\"https:\/\/agenciainfra.com\/blog\/candidatos-falam-em-estabilidade-para-pais-voltar-a-ter-investimento-em-infraestrutura\/\" \/>\n<meta property=\"og:site_name\" content=\"Ag\u00eancia iNFRA\" \/>\n<meta property=\"article:publisher\" content=\"https:\/\/www.facebook.com\/ageninfra\" \/>\n<meta property=\"article:published_time\" content=\"2018-07-21T03:08:22+00:00\" \/>\n<meta property=\"og:image\" content=\"https:\/\/agenciainfra.com\/blog\/wp-content\/uploads\/2018\/07\/trilhos_divulgacao_anptrilhos.jpg\" \/>\n\t<meta property=\"og:image:width\" content=\"800\" \/>\n\t<meta property=\"og:image:height\" content=\"500\" \/>\n\t<meta property=\"og:image:type\" content=\"image\/jpeg\" \/>\n<meta name=\"author\" content=\"Ag\u00eancia iNFRA\" \/>\n<meta name=\"twitter:card\" content=\"summary_large_image\" \/>\n<meta name=\"twitter:creator\" content=\"@agencia_infra\" \/>\n<meta name=\"twitter:site\" content=\"@agencia_infra\" \/>\n<meta name=\"twitter:label1\" content=\"Escrito por\" \/>\n\t<meta name=\"twitter:data1\" content=\"Ag\u00eancia iNFRA\" \/>\n\t<meta name=\"twitter:label2\" content=\"Est. tempo de leitura\" \/>\n\t<meta name=\"twitter:data2\" content=\"4 minutos\" \/>\n<script type=\"application\/ld+json\" class=\"yoast-schema-graph\">{\"@context\":\"https:\/\/schema.org\",\"@graph\":[{\"@type\":\"Article\",\"@id\":\"https:\/\/agenciainfra.com\/blog\/candidatos-falam-em-estabilidade-para-pais-voltar-a-ter-investimento-em-infraestrutura\/#article\",\"isPartOf\":{\"@id\":\"https:\/\/agenciainfra.com\/blog\/candidatos-falam-em-estabilidade-para-pais-voltar-a-ter-investimento-em-infraestrutura\/\"},\"author\":{\"name\":\"Ag\u00eancia iNFRA\",\"@id\":\"https:\/\/agenciainfra.com\/blog\/#\/schema\/person\/34af08dff6adea4cb22b06612ba7acfa\"},\"headline\":\"Candidatos falam em estabilidade para pa\u00eds voltar a ter investimento em infraestrutura\",\"datePublished\":\"2018-07-21T03:08:22+00:00\",\"mainEntityOfPage\":{\"@id\":\"https:\/\/agenciainfra.com\/blog\/candidatos-falam-em-estabilidade-para-pais-voltar-a-ter-investimento-em-infraestrutura\/\"},\"wordCount\":774,\"publisher\":{\"@id\":\"https:\/\/agenciainfra.com\/blog\/#organization\"},\"image\":{\"@id\":\"https:\/\/agenciainfra.com\/blog\/candidatos-falam-em-estabilidade-para-pais-voltar-a-ter-investimento-em-infraestrutura\/#primaryimage\"},\"thumbnailUrl\":\"https:\/\/agenciainfra.com\/blog\/wp-content\/uploads\/2018\/07\/trilhos_divulgacao_anptrilhos.jpg\",\"keywords\":[\"ANTPtrilhos\",\"da Rede\",\"do MDB\",\"do PSDB\",\"do PT\",\"F\u00f3rum de Mobilidade\",\"Geraldo Alckmin\",\"Henrique Meirelles\",\"Marina Silva\",\"Rui Costa\"],\"articleSection\":[\"Geral\",\"iNFRATransporte\"],\"inLanguage\":\"pt-BR\",\"copyrightYear\":\"2018\",\"copyrightHolder\":{\"@id\":\"https:\/\/agenciainfra.com\/blog\/#organization\"}},{\"@type\":\"WebPage\",\"@id\":\"https:\/\/agenciainfra.com\/blog\/candidatos-falam-em-estabilidade-para-pais-voltar-a-ter-investimento-em-infraestrutura\/\",\"url\":\"https:\/\/agenciainfra.com\/blog\/candidatos-falam-em-estabilidade-para-pais-voltar-a-ter-investimento-em-infraestrutura\/\",\"name\":\"Candidatos falam em estabilidade para pa\u00eds voltar a ter investimento em infraestrutura - Ag\u00eancia iNFRA\",\"isPartOf\":{\"@id\":\"https:\/\/agenciainfra.com\/blog\/#website\"},\"primaryImageOfPage\":{\"@id\":\"https:\/\/agenciainfra.com\/blog\/candidatos-falam-em-estabilidade-para-pais-voltar-a-ter-investimento-em-infraestrutura\/#primaryimage\"},\"image\":{\"@id\":\"https:\/\/agenciainfra.com\/blog\/candidatos-falam-em-estabilidade-para-pais-voltar-a-ter-investimento-em-infraestrutura\/#primaryimage\"},\"thumbnailUrl\":\"https:\/\/agenciainfra.com\/blog\/wp-content\/uploads\/2018\/07\/trilhos_divulgacao_anptrilhos.jpg\",\"datePublished\":\"2018-07-21T03:08:22+00:00\",\"breadcrumb\":{\"@id\":\"https:\/\/agenciainfra.com\/blog\/candidatos-falam-em-estabilidade-para-pais-voltar-a-ter-investimento-em-infraestrutura\/#breadcrumb\"},\"inLanguage\":\"pt-BR\",\"potentialAction\":[{\"@type\":\"ReadAction\",\"target\":[\"https:\/\/agenciainfra.com\/blog\/candidatos-falam-em-estabilidade-para-pais-voltar-a-ter-investimento-em-infraestrutura\/\"]}]},{\"@type\":\"ImageObject\",\"inLanguage\":\"pt-BR\",\"@id\":\"https:\/\/agenciainfra.com\/blog\/candidatos-falam-em-estabilidade-para-pais-voltar-a-ter-investimento-em-infraestrutura\/#primaryimage\",\"url\":\"https:\/\/agenciainfra.com\/blog\/wp-content\/uploads\/2018\/07\/trilhos_divulgacao_anptrilhos.jpg\",\"contentUrl\":\"https:\/\/agenciainfra.com\/blog\/wp-content\/uploads\/2018\/07\/trilhos_divulgacao_anptrilhos.jpg\",\"width\":800,\"height\":500},{\"@type\":\"BreadcrumbList\",\"@id\":\"https:\/\/agenciainfra.com\/blog\/candidatos-falam-em-estabilidade-para-pais-voltar-a-ter-investimento-em-infraestrutura\/#breadcrumb\",\"itemListElement\":[{\"@type\":\"ListItem\",\"position\":1,\"name\":\"In\u00edcio\",\"item\":\"https:\/\/agenciainfra.com\/blog\/\"},{\"@type\":\"ListItem\",\"position\":2,\"name\":\"Candidatos falam em estabilidade para pa\u00eds voltar a ter investimento em infraestrutura\"}]},{\"@type\":\"WebSite\",\"@id\":\"https:\/\/agenciainfra.com\/blog\/#website\",\"url\":\"https:\/\/agenciainfra.com\/blog\/\",\"name\":\"Ag\u00eancia iNFRA\",\"description\":\"Multiplataforma de informa\u00e7\u00e3o jornal\u00edstica refer\u00eancia na \u00e1rea de infraestrutura no Brasil!\",\"publisher\":{\"@id\":\"https:\/\/agenciainfra.com\/blog\/#organization\"},\"potentialAction\":[{\"@type\":\"SearchAction\",\"target\":{\"@type\":\"EntryPoint\",\"urlTemplate\":\"https:\/\/agenciainfra.com\/blog\/?s={search_term_string}\"},\"query-input\":{\"@type\":\"PropertyValueSpecification\",\"valueRequired\":true,\"valueName\":\"search_term_string\"}}],\"inLanguage\":\"pt-BR\"},{\"@type\":\"Organization\",\"@id\":\"https:\/\/agenciainfra.com\/blog\/#organization\",\"name\":\"Ag\u00eancia iNFRA\",\"url\":\"https:\/\/agenciainfra.com\/blog\/\",\"logo\":{\"@type\":\"ImageObject\",\"inLanguage\":\"pt-BR\",\"@id\":\"https:\/\/agenciainfra.com\/blog\/#\/schema\/logo\/image\/\",\"url\":\"https:\/\/agenciainfra.com\/blog\/wp-content\/uploads\/2023\/09\/iNFRA_5-e1761735885940.png\",\"contentUrl\":\"https:\/\/agenciainfra.com\/blog\/wp-content\/uploads\/2023\/09\/iNFRA_5-e1761735885940.png\",\"width\":1672,\"height\":454,\"caption\":\"Ag\u00eancia iNFRA\"},\"image\":{\"@id\":\"https:\/\/agenciainfra.com\/blog\/#\/schema\/logo\/image\/\"},\"sameAs\":[\"https:\/\/www.facebook.com\/ageninfra\",\"https:\/\/x.com\/agencia_infra\",\"https:\/\/www.linkedin.com\/company\/ag\u00eanciainfra\/\",\"https:\/\/www.instagram.com\/agenciainfra\/\"]},{\"@type\":\"Person\",\"@id\":\"https:\/\/agenciainfra.com\/blog\/#\/schema\/person\/34af08dff6adea4cb22b06612ba7acfa\",\"name\":\"Ag\u00eancia iNFRA\",\"image\":{\"@type\":\"ImageObject\",\"inLanguage\":\"pt-BR\",\"@id\":\"https:\/\/agenciainfra.com\/blog\/#\/schema\/person\/image\/\",\"url\":\"https:\/\/secure.gravatar.com\/avatar\/d189e01678f06d8eb84d4e01f08eb848b3fffe3f8443818d3c356c66892f5be8?s=96&d=mm&r=g\",\"contentUrl\":\"https:\/\/secure.gravatar.com\/avatar\/d189e01678f06d8eb84d4e01f08eb848b3fffe3f8443818d3c356c66892f5be8?s=96&d=mm&r=g\",\"caption\":\"Ag\u00eancia iNFRA\"},\"url\":\"https:\/\/agenciainfra.com\/blog\/author\/admin\/\"}]}<\/script>\n<!-- \/ Yoast SEO Premium plugin. -->","yoast_head_json":{"title":"Candidatos falam em estabilidade para pa\u00eds voltar a ter investimento em infraestrutura - Ag\u00eancia iNFRA","robots":{"index":"index","follow":"follow","max-snippet":"max-snippet:-1","max-image-preview":"max-image-preview:large","max-video-preview":"max-video-preview:-1"},"canonical":"https:\/\/agenciainfra.com\/blog\/candidatos-falam-em-estabilidade-para-pais-voltar-a-ter-investimento-em-infraestrutura\/","og_locale":"pt_BR","og_type":"article","og_title":"Candidatos falam em estabilidade para pa\u00eds voltar a ter investimento em infraestrutura","og_description":"Cl\u00e1udia Borges, da Ag\u00eancia iNFRA Pr\u00e9-candidatos \u00e0 Presid\u00eancia da Rep\u00fablica que participaram do F\u00f3rum de Mobilidade promovido pela ANTPtrilhos (Associa\u00e7\u00e3o Nacional de Transportes de Passageiros), na quarta-feira (18), em Bras\u00edlia, foram un\u00e2nimes em pelo um aspecto. Henrique Meirelles (MDB), Geraldo Alckmin (PSDB) e Marina Silva (Rede Sustentabilidade), que encaminhou uma mensagem em v\u00eddeo, destacaram a [&hellip;]","og_url":"https:\/\/agenciainfra.com\/blog\/candidatos-falam-em-estabilidade-para-pais-voltar-a-ter-investimento-em-infraestrutura\/","og_site_name":"Ag\u00eancia iNFRA","article_publisher":"https:\/\/www.facebook.com\/ageninfra","article_published_time":"2018-07-21T03:08:22+00:00","og_image":[{"width":800,"height":500,"url":"https:\/\/agenciainfra.com\/blog\/wp-content\/uploads\/2018\/07\/trilhos_divulgacao_anptrilhos.jpg","type":"image\/jpeg"}],"author":"Ag\u00eancia iNFRA","twitter_card":"summary_large_image","twitter_creator":"@agencia_infra","twitter_site":"@agencia_infra","twitter_misc":{"Escrito por":"Ag\u00eancia iNFRA","Est. tempo de leitura":"4 minutos"},"schema":{"@context":"https:\/\/schema.org","@graph":[{"@type":"Article","@id":"https:\/\/agenciainfra.com\/blog\/candidatos-falam-em-estabilidade-para-pais-voltar-a-ter-investimento-em-infraestrutura\/#article","isPartOf":{"@id":"https:\/\/agenciainfra.com\/blog\/candidatos-falam-em-estabilidade-para-pais-voltar-a-ter-investimento-em-infraestrutura\/"},"author":{"name":"Ag\u00eancia iNFRA","@id":"https:\/\/agenciainfra.com\/blog\/#\/schema\/person\/34af08dff6adea4cb22b06612ba7acfa"},"headline":"Candidatos falam em estabilidade para pa\u00eds voltar a ter investimento em infraestrutura","datePublished":"2018-07-21T03:08:22+00:00","mainEntityOfPage":{"@id":"https:\/\/agenciainfra.com\/blog\/candidatos-falam-em-estabilidade-para-pais-voltar-a-ter-investimento-em-infraestrutura\/"},"wordCount":774,"publisher":{"@id":"https:\/\/agenciainfra.com\/blog\/#organization"},"image":{"@id":"https:\/\/agenciainfra.com\/blog\/candidatos-falam-em-estabilidade-para-pais-voltar-a-ter-investimento-em-infraestrutura\/#primaryimage"},"thumbnailUrl":"https:\/\/agenciainfra.com\/blog\/wp-content\/uploads\/2018\/07\/trilhos_divulgacao_anptrilhos.jpg","keywords":["ANTPtrilhos","da Rede","do MDB","do PSDB","do PT","F\u00f3rum de Mobilidade","Geraldo Alckmin","Henrique Meirelles","Marina Silva","Rui Costa"],"articleSection":["Geral","iNFRATransporte"],"inLanguage":"pt-BR","copyrightYear":"2018","copyrightHolder":{"@id":"https:\/\/agenciainfra.com\/blog\/#organization"}},{"@type":"WebPage","@id":"https:\/\/agenciainfra.com\/blog\/candidatos-falam-em-estabilidade-para-pais-voltar-a-ter-investimento-em-infraestrutura\/","url":"https:\/\/agenciainfra.com\/blog\/candidatos-falam-em-estabilidade-para-pais-voltar-a-ter-investimento-em-infraestrutura\/","name":"Candidatos falam em estabilidade para pa\u00eds voltar a ter investimento em infraestrutura - Ag\u00eancia iNFRA","isPartOf":{"@id":"https:\/\/agenciainfra.com\/blog\/#website"},"primaryImageOfPage":{"@id":"https:\/\/agenciainfra.com\/blog\/candidatos-falam-em-estabilidade-para-pais-voltar-a-ter-investimento-em-infraestrutura\/#primaryimage"},"image":{"@id":"https:\/\/agenciainfra.com\/blog\/candidatos-falam-em-estabilidade-para-pais-voltar-a-ter-investimento-em-infraestrutura\/#primaryimage"},"thumbnailUrl":"https:\/\/agenciainfra.com\/blog\/wp-content\/uploads\/2018\/07\/trilhos_divulgacao_anptrilhos.jpg","datePublished":"2018-07-21T03:08:22+00:00","breadcrumb":{"@id":"https:\/\/agenciainfra.com\/blog\/candidatos-falam-em-estabilidade-para-pais-voltar-a-ter-investimento-em-infraestrutura\/#breadcrumb"},"inLanguage":"pt-BR","potentialAction":[{"@type":"ReadAction","target":["https:\/\/agenciainfra.com\/blog\/candidatos-falam-em-estabilidade-para-pais-voltar-a-ter-investimento-em-infraestrutura\/"]}]},{"@type":"ImageObject","inLanguage":"pt-BR","@id":"https:\/\/agenciainfra.com\/blog\/candidatos-falam-em-estabilidade-para-pais-voltar-a-ter-investimento-em-infraestrutura\/#primaryimage","url":"https:\/\/agenciainfra.com\/blog\/wp-content\/uploads\/2018\/07\/trilhos_divulgacao_anptrilhos.jpg","contentUrl":"https:\/\/agenciainfra.com\/blog\/wp-content\/uploads\/2018\/07\/trilhos_divulgacao_anptrilhos.jpg","width":800,"height":500},{"@type":"BreadcrumbList","@id":"https:\/\/agenciainfra.com\/blog\/candidatos-falam-em-estabilidade-para-pais-voltar-a-ter-investimento-em-infraestrutura\/#breadcrumb","itemListElement":[{"@type":"ListItem","position":1,"name":"In\u00edcio","item":"https:\/\/agenciainfra.com\/blog\/"},{"@type":"ListItem","position":2,"name":"Candidatos falam em estabilidade para pa\u00eds voltar a ter investimento em infraestrutura"}]},{"@type":"WebSite","@id":"https:\/\/agenciainfra.com\/blog\/#website","url":"https:\/\/agenciainfra.com\/blog\/","name":"Ag\u00eancia iNFRA","description":"Multiplataforma de informa\u00e7\u00e3o jornal\u00edstica refer\u00eancia na \u00e1rea de infraestrutura no Brasil!","publisher":{"@id":"https:\/\/agenciainfra.com\/blog\/#organization"},"potentialAction":[{"@type":"SearchAction","target":{"@type":"EntryPoint","urlTemplate":"https:\/\/agenciainfra.com\/blog\/?s={search_term_string}"},"query-input":{"@type":"PropertyValueSpecification","valueRequired":true,"valueName":"search_term_string"}}],"inLanguage":"pt-BR"},{"@type":"Organization","@id":"https:\/\/agenciainfra.com\/blog\/#organization","name":"Ag\u00eancia iNFRA","url":"https:\/\/agenciainfra.com\/blog\/","logo":{"@type":"ImageObject","inLanguage":"pt-BR","@id":"https:\/\/agenciainfra.com\/blog\/#\/schema\/logo\/image\/","url":"https:\/\/agenciainfra.com\/blog\/wp-content\/uploads\/2023\/09\/iNFRA_5-e1761735885940.png","contentUrl":"https:\/\/agenciainfra.com\/blog\/wp-content\/uploads\/2023\/09\/iNFRA_5-e1761735885940.png","width":1672,"height":454,"caption":"Ag\u00eancia iNFRA"},"image":{"@id":"https:\/\/agenciainfra.com\/blog\/#\/schema\/logo\/image\/"},"sameAs":["https:\/\/www.facebook.com\/ageninfra","https:\/\/x.com\/agencia_infra","https:\/\/www.linkedin.com\/company\/ag\u00eanciainfra\/","https:\/\/www.instagram.com\/agenciainfra\/"]},{"@type":"Person","@id":"https:\/\/agenciainfra.com\/blog\/#\/schema\/person\/34af08dff6adea4cb22b06612ba7acfa","name":"Ag\u00eancia iNFRA","image":{"@type":"ImageObject","inLanguage":"pt-BR","@id":"https:\/\/agenciainfra.com\/blog\/#\/schema\/person\/image\/","url":"https:\/\/secure.gravatar.com\/avatar\/d189e01678f06d8eb84d4e01f08eb848b3fffe3f8443818d3c356c66892f5be8?s=96&d=mm&r=g","contentUrl":"https:\/\/secure.gravatar.com\/avatar\/d189e01678f06d8eb84d4e01f08eb848b3fffe3f8443818d3c356c66892f5be8?s=96&d=mm&r=g","caption":"Ag\u00eancia iNFRA"},"url":"https:\/\/agenciainfra.com\/blog\/author\/admin\/"}]}},"_links":{"self":[{"href":"https:\/\/agenciainfra.com\/blog\/wp-json\/wp\/v2\/posts\/2154","targetHints":{"allow":["GET"]}}],"collection":[{"href":"https:\/\/agenciainfra.com\/blog\/wp-json\/wp\/v2\/posts"}],"about":[{"href":"https:\/\/agenciainfra.com\/blog\/wp-json\/wp\/v2\/types\/post"}],"author":[{"embeddable":true,"href":"https:\/\/agenciainfra.com\/blog\/wp-json\/wp\/v2\/users\/1"}],"replies":[{"embeddable":true,"href":"https:\/\/agenciainfra.com\/blog\/wp-json\/wp\/v2\/comments?post=2154"}],"version-history":[{"count":0,"href":"https:\/\/agenciainfra.com\/blog\/wp-json\/wp\/v2\/posts\/2154\/revisions"}],"wp:featuredmedia":[{"embeddable":true,"href":"https:\/\/agenciainfra.com\/blog\/wp-json\/wp\/v2\/media\/2163"}],"wp:attachment":[{"href":"https:\/\/agenciainfra.com\/blog\/wp-json\/wp\/v2\/media?parent=2154"}],"wp:term":[{"taxonomy":"category","embeddable":true,"href":"https:\/\/agenciainfra.com\/blog\/wp-json\/wp\/v2\/categories?post=2154"},{"taxonomy":"post_tag","embeddable":true,"href":"https:\/\/agenciainfra.com\/blog\/wp-json\/wp\/v2\/tags?post=2154"}],"curies":[{"name":"wp","href":"https:\/\/api.w.org\/{rel}","templated":true}]}}