{"id":21543,"date":"2025-05-08T08:00:00","date_gmt":"2025-05-08T11:00:00","guid":{"rendered":"https:\/\/agenciainfra.com\/blog\/?p=21543"},"modified":"2025-05-08T07:12:54","modified_gmt":"2025-05-08T10:12:54","slug":"relator-vai-reescrever-proposta-que-trata-do-ons-da-mineracao","status":"publish","type":"post","link":"https:\/\/agenciainfra.com\/blog\/relator-vai-reescrever-proposta-que-trata-do-ons-da-mineracao\/","title":{"rendered":"Relator vai reescrever proposta que trata do ONS da minera\u00e7\u00e3o"},"content":{"rendered":"\n<p class=\"has-text-align-right\"><strong>Bernardo Gonzaga, da Ag\u00eancia iNFRA<\/strong><\/p>\n\n\n\n<p>O deputado Hugo Leal (PSD-RJ), relator do&nbsp;<a href=\"https:\/\/www.camara.leg.br\/proposicoesWeb\/fichadetramitacao?idProposicao=2434708\" target=\"_blank\" rel=\"noreferrer noopener\">PL (Projeto de Lei) 1.924\/2024<\/a>, que trata da cria\u00e7\u00e3o do chamado ONSM (Operador Nacional do Sistema Mineral), afirmou que deve reescrever o texto.&nbsp;A mat\u00e9ria foi retirada da pauta da CME (Comiss\u00e3o de Minas e Energia) no final do m\u00eas passado.<\/p>\n\n\n\n<p>Segundo o parlamentar, apesar da boa inten\u00e7\u00e3o da proposta, da forma como est\u00e1 escrita, ela poderia n\u00e3o atingir os objetivos propostos.<\/p>\n\n\n\n<p>A principal inten\u00e7\u00e3o do projeto \u00e9 criar um organismo semelhante ao ONS (Operador Nacional do Sistema El\u00e9trico), que teria como fun\u00e7\u00f5es monitorar em tempo real os estoques, a produ\u00e7\u00e3o e a movimenta\u00e7\u00e3o de bens minerais no Brasil; implantar sistema para coleta de informa\u00e7\u00f5es de comercializa\u00e7\u00e3o e consumo de min\u00e9rios no pa\u00eds; e enviar relat\u00f3rios consolidados para o poder concedente a respeito do setor mineral.<\/p>\n\n\n\n<p>\u201cConsiderando o sucesso obtido com as atividades do Operador Nacional do Sistema El\u00e9trico (ONS), \u00e9 de se esperar que sejam realizadas proposi\u00e7\u00f5es de cunho semelhante para outras \u00e1reas\u201d, afirma o relator em seu voto.<\/p>\n\n\n\n<p>O texto tamb\u00e9m estabelece que as receitas vindas de arrecada\u00e7\u00e3o tribut\u00e1ria gerada pelo ONSM dever\u00e3o ser destinadas ao Fundo Nacional de Seguran\u00e7a P\u00fablica, e 70% desse montante seria redistribu\u00eddo aos estados proporcionalmente ao aumento de arrecada\u00e7\u00e3o.<\/p>\n\n\n\n<p><strong>Minera\u00e7\u00e3o e setor el\u00e9trico s\u00e3o diferentes<\/strong><br>Segundo o advogado s\u00f3cio do escrit\u00f3rio Mattos Filho, Adriano Drummond, as din\u00e2micas do setor el\u00e9trico e mineral s\u00e3o completamente diferentes. Por isso, n\u00e3o caberia a cria\u00e7\u00e3o de um \u00f3rg\u00e3o semelhante ao ONS para tratar de demandas da minera\u00e7\u00e3o.<\/p>\n\n\n\n<p>\u201c[O pa\u00eds] n\u00e3o precisa de um Operador Nacional do Sistema Mineral. O pressuposto do ONS \u00e9 garantir a continuidade do suprimento de energia el\u00e9trica ao pa\u00eds. Esse paralelo n\u00e3o existe no setor mineral. O texto diz que o prop\u00f3sito do ONSM \u00e9 monitorar o setor mineral, com rela\u00e7\u00e3o \u00e0s atividades de produ\u00e7\u00e3o, importa\u00e7\u00e3o e exporta\u00e7\u00e3o de bens minerais. Isso j\u00e1 \u00e9 feito por outros \u00f3rg\u00e3os\u201d, disse.<\/p>\n\n\n\n<p>Para o presidente da Comiss\u00e3o de Direito Miner\u00e1rio da OAB-DF e s\u00f3cio do escrit\u00f3rio Caputo, Bastos e Serra Advogados, Frederico Bedran, o modelo regulat\u00f3rio do setor el\u00e9trico est\u00e1 mais consolidado do que o de minera\u00e7\u00e3o, que teve sua ag\u00eancia reguladora fundada em 2017.<\/p>\n\n\n\n<p>Al\u00e9m disso, para Bedran, um Operador Nacional do Sistema Mineral poderia causar um esvaziamento da ANM, j\u00e1 que boa parte das fun\u00e7\u00f5es criadas por ele j\u00e1 s\u00e3o de atribui\u00e7\u00e3o da ag\u00eancia do setor.<\/p>\n\n\n\n<p>\u201cEssa proposta substitui boa parte da compet\u00eancia da ag\u00eancia reguladora. Isso cria uma inseguran\u00e7a jur\u00eddica institucional, tudo que n\u00e3o precisamos. Al\u00e9m disso, algumas quest\u00f5es que s\u00e3o colocadas, que se referem a controle de dados e informa\u00e7\u00f5es, \u00e9 compet\u00eancia do Estado e n\u00e3o de um \u00f3rg\u00e3o que tem car\u00e1ter privado\u201d, disse Bedran.<\/p>\n","protected":false},"excerpt":{"rendered":"<p>Bernardo Gonzaga, da Ag\u00eancia iNFRA O deputado Hugo Leal (PSD-RJ), relator do&nbsp;PL (Projeto de Lei) 1.924\/2024, que trata da cria\u00e7\u00e3o do chamado ONSM (Operador Nacional do Sistema Mineral), afirmou que deve reescrever o texto.&nbsp;A mat\u00e9ria foi retirada da pauta da CME (Comiss\u00e3o de Minas e Energia) no final do m\u00eas passado. Segundo o parlamentar, apesar [&hellip;]<\/p>\n","protected":false},"author":1,"featured_media":7022,"comment_status":"closed","ping_status":"closed","sticky":false,"template":"","format":"standard","meta":{"_monsterinsights_skip_tracking":false,"_monsterinsights_sitenote_active":false,"_monsterinsights_sitenote_note":"","_monsterinsights_sitenote_category":0,"footnotes":""},"categories":[7250,1,13239],"tags":[13285,13284,13138,12975,13283,839,13281,13280,48,13282],"class_list":["post-21543","post","type-post","status-publish","format-standard","has-post-thumbnail","hentry","category-destaque-lista","category-geral","category-mineracao","tag-adriano-drummond","tag-adriano-drummong","tag-bernardo-gonzaga","tag-deputado-hugo-leal","tag-frederico-bedran","tag-mineracao","tag-onsm","tag-pl-1-924-2024","tag-regulacao","tag-sistema-mineral"],"yoast_head":"<!-- This site is optimized with the Yoast SEO Premium plugin v25.4 (Yoast SEO v26.0) - https:\/\/yoast.com\/wordpress\/plugins\/seo\/ -->\n<title>Relator vai reescrever proposta que trata do ONS da minera\u00e7\u00e3o - Ag\u00eancia iNFRA<\/title>\n<meta name=\"robots\" content=\"index, follow, max-snippet:-1, max-image-preview:large, max-video-preview:-1\" \/>\n<link rel=\"canonical\" href=\"https:\/\/agenciainfra.com\/blog\/relator-vai-reescrever-proposta-que-trata-do-ons-da-mineracao\/\" \/>\n<meta property=\"og:locale\" content=\"pt_BR\" \/>\n<meta property=\"og:type\" content=\"article\" \/>\n<meta property=\"og:title\" content=\"Relator vai reescrever proposta que trata do ONS da minera\u00e7\u00e3o\" \/>\n<meta property=\"og:description\" content=\"Bernardo Gonzaga, da Ag\u00eancia iNFRA O deputado Hugo Leal (PSD-RJ), relator do&nbsp;PL (Projeto de Lei) 1.924\/2024, que trata da cria\u00e7\u00e3o do chamado ONSM (Operador Nacional do Sistema Mineral), afirmou que deve reescrever o texto.&nbsp;A mat\u00e9ria foi retirada da pauta da CME (Comiss\u00e3o de Minas e Energia) no final do m\u00eas passado. Segundo o parlamentar, apesar [&hellip;]\" \/>\n<meta property=\"og:url\" content=\"https:\/\/agenciainfra.com\/blog\/relator-vai-reescrever-proposta-que-trata-do-ons-da-mineracao\/\" \/>\n<meta property=\"og:site_name\" content=\"Ag\u00eancia iNFRA\" \/>\n<meta property=\"article:publisher\" content=\"https:\/\/www.facebook.com\/ageninfra\" \/>\n<meta property=\"article:published_time\" content=\"2025-05-08T11:00:00+00:00\" \/>\n<meta property=\"og:image\" content=\"https:\/\/agenciainfra.com\/blog\/wp-content\/uploads\/2021\/03\/hugo-leal-foto-michel-jesus-camara-dos-deputados.jpeg\" \/>\n\t<meta property=\"og:image:width\" content=\"1280\" \/>\n\t<meta property=\"og:image:height\" content=\"853\" \/>\n\t<meta property=\"og:image:type\" content=\"image\/jpeg\" \/>\n<meta name=\"author\" content=\"Ag\u00eancia iNFRA\" \/>\n<meta name=\"twitter:card\" content=\"summary_large_image\" \/>\n<meta name=\"twitter:creator\" content=\"@agencia_infra\" \/>\n<meta name=\"twitter:site\" content=\"@agencia_infra\" \/>\n<meta name=\"twitter:label1\" content=\"Escrito por\" \/>\n\t<meta name=\"twitter:data1\" content=\"Ag\u00eancia iNFRA\" \/>\n\t<meta name=\"twitter:label2\" content=\"Est. tempo de leitura\" \/>\n\t<meta name=\"twitter:data2\" content=\"3 minutos\" \/>\n<script type=\"application\/ld+json\" class=\"yoast-schema-graph\">{\"@context\":\"https:\/\/schema.org\",\"@graph\":[{\"@type\":\"Article\",\"@id\":\"https:\/\/agenciainfra.com\/blog\/relator-vai-reescrever-proposta-que-trata-do-ons-da-mineracao\/#article\",\"isPartOf\":{\"@id\":\"https:\/\/agenciainfra.com\/blog\/relator-vai-reescrever-proposta-que-trata-do-ons-da-mineracao\/\"},\"author\":{\"name\":\"Ag\u00eancia iNFRA\",\"@id\":\"https:\/\/agenciainfra.com\/blog\/#\/schema\/person\/34af08dff6adea4cb22b06612ba7acfa\"},\"headline\":\"Relator vai reescrever proposta que trata do ONS da minera\u00e7\u00e3o\",\"datePublished\":\"2025-05-08T11:00:00+00:00\",\"mainEntityOfPage\":{\"@id\":\"https:\/\/agenciainfra.com\/blog\/relator-vai-reescrever-proposta-que-trata-do-ons-da-mineracao\/\"},\"wordCount\":525,\"publisher\":{\"@id\":\"https:\/\/agenciainfra.com\/blog\/#organization\"},\"image\":{\"@id\":\"https:\/\/agenciainfra.com\/blog\/relator-vai-reescrever-proposta-que-trata-do-ons-da-mineracao\/#primaryimage\"},\"thumbnailUrl\":\"https:\/\/agenciainfra.com\/blog\/wp-content\/uploads\/2021\/03\/hugo-leal-foto-michel-jesus-camara-dos-deputados.jpeg\",\"keywords\":[\"adriano drummond\",\"adriano drummong\",\"bernardo gonzaga\",\"deputado hugo leal\",\"frederico bedran\",\"minera\u00e7\u00e3o\",\"ONSM\",\"pl 1.924\/2024\",\"Regula\u00e7\u00e3o\",\"sistema mineral\"],\"articleSection\":[\"Destaque lista\",\"Geral\",\"Minera\u00e7\u00e3o\"],\"inLanguage\":\"pt-BR\",\"copyrightYear\":\"2025\",\"copyrightHolder\":{\"@id\":\"https:\/\/agenciainfra.com\/blog\/#organization\"}},{\"@type\":\"WebPage\",\"@id\":\"https:\/\/agenciainfra.com\/blog\/relator-vai-reescrever-proposta-que-trata-do-ons-da-mineracao\/\",\"url\":\"https:\/\/agenciainfra.com\/blog\/relator-vai-reescrever-proposta-que-trata-do-ons-da-mineracao\/\",\"name\":\"Relator vai reescrever proposta que trata do ONS da minera\u00e7\u00e3o - Ag\u00eancia iNFRA\",\"isPartOf\":{\"@id\":\"https:\/\/agenciainfra.com\/blog\/#website\"},\"primaryImageOfPage\":{\"@id\":\"https:\/\/agenciainfra.com\/blog\/relator-vai-reescrever-proposta-que-trata-do-ons-da-mineracao\/#primaryimage\"},\"image\":{\"@id\":\"https:\/\/agenciainfra.com\/blog\/relator-vai-reescrever-proposta-que-trata-do-ons-da-mineracao\/#primaryimage\"},\"thumbnailUrl\":\"https:\/\/agenciainfra.com\/blog\/wp-content\/uploads\/2021\/03\/hugo-leal-foto-michel-jesus-camara-dos-deputados.jpeg\",\"datePublished\":\"2025-05-08T11:00:00+00:00\",\"breadcrumb\":{\"@id\":\"https:\/\/agenciainfra.com\/blog\/relator-vai-reescrever-proposta-que-trata-do-ons-da-mineracao\/#breadcrumb\"},\"inLanguage\":\"pt-BR\",\"potentialAction\":[{\"@type\":\"ReadAction\",\"target\":[\"https:\/\/agenciainfra.com\/blog\/relator-vai-reescrever-proposta-que-trata-do-ons-da-mineracao\/\"]}]},{\"@type\":\"ImageObject\",\"inLanguage\":\"pt-BR\",\"@id\":\"https:\/\/agenciainfra.com\/blog\/relator-vai-reescrever-proposta-que-trata-do-ons-da-mineracao\/#primaryimage\",\"url\":\"https:\/\/agenciainfra.com\/blog\/wp-content\/uploads\/2021\/03\/hugo-leal-foto-michel-jesus-camara-dos-deputados.jpeg\",\"contentUrl\":\"https:\/\/agenciainfra.com\/blog\/wp-content\/uploads\/2021\/03\/hugo-leal-foto-michel-jesus-camara-dos-deputados.jpeg\",\"width\":1280,\"height\":853},{\"@type\":\"BreadcrumbList\",\"@id\":\"https:\/\/agenciainfra.com\/blog\/relator-vai-reescrever-proposta-que-trata-do-ons-da-mineracao\/#breadcrumb\",\"itemListElement\":[{\"@type\":\"ListItem\",\"position\":1,\"name\":\"In\u00edcio\",\"item\":\"https:\/\/agenciainfra.com\/blog\/\"},{\"@type\":\"ListItem\",\"position\":2,\"name\":\"Relator vai reescrever proposta que trata do ONS da minera\u00e7\u00e3o\"}]},{\"@type\":\"WebSite\",\"@id\":\"https:\/\/agenciainfra.com\/blog\/#website\",\"url\":\"https:\/\/agenciainfra.com\/blog\/\",\"name\":\"Ag\u00eancia iNFRA\",\"description\":\"Multiplataforma de informa\u00e7\u00e3o jornal\u00edstica refer\u00eancia na \u00e1rea de infraestrutura no Brasil!\",\"publisher\":{\"@id\":\"https:\/\/agenciainfra.com\/blog\/#organization\"},\"potentialAction\":[{\"@type\":\"SearchAction\",\"target\":{\"@type\":\"EntryPoint\",\"urlTemplate\":\"https:\/\/agenciainfra.com\/blog\/?s={search_term_string}\"},\"query-input\":{\"@type\":\"PropertyValueSpecification\",\"valueRequired\":true,\"valueName\":\"search_term_string\"}}],\"inLanguage\":\"pt-BR\"},{\"@type\":\"Organization\",\"@id\":\"https:\/\/agenciainfra.com\/blog\/#organization\",\"name\":\"Ag\u00eancia iNFRA\",\"url\":\"https:\/\/agenciainfra.com\/blog\/\",\"logo\":{\"@type\":\"ImageObject\",\"inLanguage\":\"pt-BR\",\"@id\":\"https:\/\/agenciainfra.com\/blog\/#\/schema\/logo\/image\/\",\"url\":\"https:\/\/agenciainfra.com\/blog\/wp-content\/uploads\/2023\/09\/iNFRA_5-e1761735885940.png\",\"contentUrl\":\"https:\/\/agenciainfra.com\/blog\/wp-content\/uploads\/2023\/09\/iNFRA_5-e1761735885940.png\",\"width\":1672,\"height\":454,\"caption\":\"Ag\u00eancia iNFRA\"},\"image\":{\"@id\":\"https:\/\/agenciainfra.com\/blog\/#\/schema\/logo\/image\/\"},\"sameAs\":[\"https:\/\/www.facebook.com\/ageninfra\",\"https:\/\/x.com\/agencia_infra\",\"https:\/\/www.linkedin.com\/company\/ag\u00eanciainfra\/\",\"https:\/\/www.instagram.com\/agenciainfra\/\"]},{\"@type\":\"Person\",\"@id\":\"https:\/\/agenciainfra.com\/blog\/#\/schema\/person\/34af08dff6adea4cb22b06612ba7acfa\",\"name\":\"Ag\u00eancia iNFRA\",\"image\":{\"@type\":\"ImageObject\",\"inLanguage\":\"pt-BR\",\"@id\":\"https:\/\/agenciainfra.com\/blog\/#\/schema\/person\/image\/\",\"url\":\"https:\/\/secure.gravatar.com\/avatar\/d189e01678f06d8eb84d4e01f08eb848b3fffe3f8443818d3c356c66892f5be8?s=96&d=mm&r=g\",\"contentUrl\":\"https:\/\/secure.gravatar.com\/avatar\/d189e01678f06d8eb84d4e01f08eb848b3fffe3f8443818d3c356c66892f5be8?s=96&d=mm&r=g\",\"caption\":\"Ag\u00eancia iNFRA\"},\"url\":\"https:\/\/agenciainfra.com\/blog\/author\/admin\/\"}]}<\/script>\n<!-- \/ Yoast SEO Premium plugin. -->","yoast_head_json":{"title":"Relator vai reescrever proposta que trata do ONS da minera\u00e7\u00e3o - Ag\u00eancia iNFRA","robots":{"index":"index","follow":"follow","max-snippet":"max-snippet:-1","max-image-preview":"max-image-preview:large","max-video-preview":"max-video-preview:-1"},"canonical":"https:\/\/agenciainfra.com\/blog\/relator-vai-reescrever-proposta-que-trata-do-ons-da-mineracao\/","og_locale":"pt_BR","og_type":"article","og_title":"Relator vai reescrever proposta que trata do ONS da minera\u00e7\u00e3o","og_description":"Bernardo Gonzaga, da Ag\u00eancia iNFRA O deputado Hugo Leal (PSD-RJ), relator do&nbsp;PL (Projeto de Lei) 1.924\/2024, que trata da cria\u00e7\u00e3o do chamado ONSM (Operador Nacional do Sistema Mineral), afirmou que deve reescrever o texto.&nbsp;A mat\u00e9ria foi retirada da pauta da CME (Comiss\u00e3o de Minas e Energia) no final do m\u00eas passado. Segundo o parlamentar, apesar [&hellip;]","og_url":"https:\/\/agenciainfra.com\/blog\/relator-vai-reescrever-proposta-que-trata-do-ons-da-mineracao\/","og_site_name":"Ag\u00eancia iNFRA","article_publisher":"https:\/\/www.facebook.com\/ageninfra","article_published_time":"2025-05-08T11:00:00+00:00","og_image":[{"width":1280,"height":853,"url":"https:\/\/agenciainfra.com\/blog\/wp-content\/uploads\/2021\/03\/hugo-leal-foto-michel-jesus-camara-dos-deputados.jpeg","type":"image\/jpeg"}],"author":"Ag\u00eancia iNFRA","twitter_card":"summary_large_image","twitter_creator":"@agencia_infra","twitter_site":"@agencia_infra","twitter_misc":{"Escrito por":"Ag\u00eancia iNFRA","Est. tempo de leitura":"3 minutos"},"schema":{"@context":"https:\/\/schema.org","@graph":[{"@type":"Article","@id":"https:\/\/agenciainfra.com\/blog\/relator-vai-reescrever-proposta-que-trata-do-ons-da-mineracao\/#article","isPartOf":{"@id":"https:\/\/agenciainfra.com\/blog\/relator-vai-reescrever-proposta-que-trata-do-ons-da-mineracao\/"},"author":{"name":"Ag\u00eancia iNFRA","@id":"https:\/\/agenciainfra.com\/blog\/#\/schema\/person\/34af08dff6adea4cb22b06612ba7acfa"},"headline":"Relator vai reescrever proposta que trata do ONS da minera\u00e7\u00e3o","datePublished":"2025-05-08T11:00:00+00:00","mainEntityOfPage":{"@id":"https:\/\/agenciainfra.com\/blog\/relator-vai-reescrever-proposta-que-trata-do-ons-da-mineracao\/"},"wordCount":525,"publisher":{"@id":"https:\/\/agenciainfra.com\/blog\/#organization"},"image":{"@id":"https:\/\/agenciainfra.com\/blog\/relator-vai-reescrever-proposta-que-trata-do-ons-da-mineracao\/#primaryimage"},"thumbnailUrl":"https:\/\/agenciainfra.com\/blog\/wp-content\/uploads\/2021\/03\/hugo-leal-foto-michel-jesus-camara-dos-deputados.jpeg","keywords":["adriano drummond","adriano drummong","bernardo gonzaga","deputado hugo leal","frederico bedran","minera\u00e7\u00e3o","ONSM","pl 1.924\/2024","Regula\u00e7\u00e3o","sistema mineral"],"articleSection":["Destaque lista","Geral","Minera\u00e7\u00e3o"],"inLanguage":"pt-BR","copyrightYear":"2025","copyrightHolder":{"@id":"https:\/\/agenciainfra.com\/blog\/#organization"}},{"@type":"WebPage","@id":"https:\/\/agenciainfra.com\/blog\/relator-vai-reescrever-proposta-que-trata-do-ons-da-mineracao\/","url":"https:\/\/agenciainfra.com\/blog\/relator-vai-reescrever-proposta-que-trata-do-ons-da-mineracao\/","name":"Relator vai reescrever proposta que trata do ONS da minera\u00e7\u00e3o - Ag\u00eancia iNFRA","isPartOf":{"@id":"https:\/\/agenciainfra.com\/blog\/#website"},"primaryImageOfPage":{"@id":"https:\/\/agenciainfra.com\/blog\/relator-vai-reescrever-proposta-que-trata-do-ons-da-mineracao\/#primaryimage"},"image":{"@id":"https:\/\/agenciainfra.com\/blog\/relator-vai-reescrever-proposta-que-trata-do-ons-da-mineracao\/#primaryimage"},"thumbnailUrl":"https:\/\/agenciainfra.com\/blog\/wp-content\/uploads\/2021\/03\/hugo-leal-foto-michel-jesus-camara-dos-deputados.jpeg","datePublished":"2025-05-08T11:00:00+00:00","breadcrumb":{"@id":"https:\/\/agenciainfra.com\/blog\/relator-vai-reescrever-proposta-que-trata-do-ons-da-mineracao\/#breadcrumb"},"inLanguage":"pt-BR","potentialAction":[{"@type":"ReadAction","target":["https:\/\/agenciainfra.com\/blog\/relator-vai-reescrever-proposta-que-trata-do-ons-da-mineracao\/"]}]},{"@type":"ImageObject","inLanguage":"pt-BR","@id":"https:\/\/agenciainfra.com\/blog\/relator-vai-reescrever-proposta-que-trata-do-ons-da-mineracao\/#primaryimage","url":"https:\/\/agenciainfra.com\/blog\/wp-content\/uploads\/2021\/03\/hugo-leal-foto-michel-jesus-camara-dos-deputados.jpeg","contentUrl":"https:\/\/agenciainfra.com\/blog\/wp-content\/uploads\/2021\/03\/hugo-leal-foto-michel-jesus-camara-dos-deputados.jpeg","width":1280,"height":853},{"@type":"BreadcrumbList","@id":"https:\/\/agenciainfra.com\/blog\/relator-vai-reescrever-proposta-que-trata-do-ons-da-mineracao\/#breadcrumb","itemListElement":[{"@type":"ListItem","position":1,"name":"In\u00edcio","item":"https:\/\/agenciainfra.com\/blog\/"},{"@type":"ListItem","position":2,"name":"Relator vai reescrever proposta que trata do ONS da minera\u00e7\u00e3o"}]},{"@type":"WebSite","@id":"https:\/\/agenciainfra.com\/blog\/#website","url":"https:\/\/agenciainfra.com\/blog\/","name":"Ag\u00eancia iNFRA","description":"Multiplataforma de informa\u00e7\u00e3o jornal\u00edstica refer\u00eancia na \u00e1rea de infraestrutura no Brasil!","publisher":{"@id":"https:\/\/agenciainfra.com\/blog\/#organization"},"potentialAction":[{"@type":"SearchAction","target":{"@type":"EntryPoint","urlTemplate":"https:\/\/agenciainfra.com\/blog\/?s={search_term_string}"},"query-input":{"@type":"PropertyValueSpecification","valueRequired":true,"valueName":"search_term_string"}}],"inLanguage":"pt-BR"},{"@type":"Organization","@id":"https:\/\/agenciainfra.com\/blog\/#organization","name":"Ag\u00eancia iNFRA","url":"https:\/\/agenciainfra.com\/blog\/","logo":{"@type":"ImageObject","inLanguage":"pt-BR","@id":"https:\/\/agenciainfra.com\/blog\/#\/schema\/logo\/image\/","url":"https:\/\/agenciainfra.com\/blog\/wp-content\/uploads\/2023\/09\/iNFRA_5-e1761735885940.png","contentUrl":"https:\/\/agenciainfra.com\/blog\/wp-content\/uploads\/2023\/09\/iNFRA_5-e1761735885940.png","width":1672,"height":454,"caption":"Ag\u00eancia iNFRA"},"image":{"@id":"https:\/\/agenciainfra.com\/blog\/#\/schema\/logo\/image\/"},"sameAs":["https:\/\/www.facebook.com\/ageninfra","https:\/\/x.com\/agencia_infra","https:\/\/www.linkedin.com\/company\/ag\u00eanciainfra\/","https:\/\/www.instagram.com\/agenciainfra\/"]},{"@type":"Person","@id":"https:\/\/agenciainfra.com\/blog\/#\/schema\/person\/34af08dff6adea4cb22b06612ba7acfa","name":"Ag\u00eancia iNFRA","image":{"@type":"ImageObject","inLanguage":"pt-BR","@id":"https:\/\/agenciainfra.com\/blog\/#\/schema\/person\/image\/","url":"https:\/\/secure.gravatar.com\/avatar\/d189e01678f06d8eb84d4e01f08eb848b3fffe3f8443818d3c356c66892f5be8?s=96&d=mm&r=g","contentUrl":"https:\/\/secure.gravatar.com\/avatar\/d189e01678f06d8eb84d4e01f08eb848b3fffe3f8443818d3c356c66892f5be8?s=96&d=mm&r=g","caption":"Ag\u00eancia iNFRA"},"url":"https:\/\/agenciainfra.com\/blog\/author\/admin\/"}]}},"_links":{"self":[{"href":"https:\/\/agenciainfra.com\/blog\/wp-json\/wp\/v2\/posts\/21543","targetHints":{"allow":["GET"]}}],"collection":[{"href":"https:\/\/agenciainfra.com\/blog\/wp-json\/wp\/v2\/posts"}],"about":[{"href":"https:\/\/agenciainfra.com\/blog\/wp-json\/wp\/v2\/types\/post"}],"author":[{"embeddable":true,"href":"https:\/\/agenciainfra.com\/blog\/wp-json\/wp\/v2\/users\/1"}],"replies":[{"embeddable":true,"href":"https:\/\/agenciainfra.com\/blog\/wp-json\/wp\/v2\/comments?post=21543"}],"version-history":[{"count":1,"href":"https:\/\/agenciainfra.com\/blog\/wp-json\/wp\/v2\/posts\/21543\/revisions"}],"predecessor-version":[{"id":21544,"href":"https:\/\/agenciainfra.com\/blog\/wp-json\/wp\/v2\/posts\/21543\/revisions\/21544"}],"wp:featuredmedia":[{"embeddable":true,"href":"https:\/\/agenciainfra.com\/blog\/wp-json\/wp\/v2\/media\/7022"}],"wp:attachment":[{"href":"https:\/\/agenciainfra.com\/blog\/wp-json\/wp\/v2\/media?parent=21543"}],"wp:term":[{"taxonomy":"category","embeddable":true,"href":"https:\/\/agenciainfra.com\/blog\/wp-json\/wp\/v2\/categories?post=21543"},{"taxonomy":"post_tag","embeddable":true,"href":"https:\/\/agenciainfra.com\/blog\/wp-json\/wp\/v2\/tags?post=21543"}],"curies":[{"name":"wp","href":"https:\/\/api.w.org\/{rel}","templated":true}]}}