{"id":21558,"date":"2025-05-09T08:00:00","date_gmt":"2025-05-09T11:00:00","guid":{"rendered":"https:\/\/agenciainfra.com\/blog\/?p=21558"},"modified":"2025-05-09T07:23:24","modified_gmt":"2025-05-09T10:23:24","slug":"petrobras-deve-prorrogar-prazo-para-assinatura-de-acordo-com-unigel","status":"publish","type":"post","link":"https:\/\/agenciainfra.com\/blog\/petrobras-deve-prorrogar-prazo-para-assinatura-de-acordo-com-unigel\/","title":{"rendered":"Petrobras deve prorrogar prazo para assinatura de acordo com Unigel"},"content":{"rendered":"\n<p class=\"has-text-align-right\"><strong>Gabriel Vasconcelos, da Ag\u00eancia iNFRA<\/strong><\/p>\n\n\n\n<p>O CA (Conselho de Administra\u00e7\u00e3o) da Petrobras deve prorrogar&nbsp;hoje (9)&nbsp;o prazo para a assinatura do acordo com a Unigel que p\u00f5e fim ao contrato de arrendamento das f\u00e1bricas de fertilizantes (Fafens) na Bahia e em Sergipe, disseram fontes da estatal. J\u00e1 teria havido &#8220;manifesta\u00e7\u00e3o inequ\u00edvoca de concord\u00e2ncia&#8221; por parte da Unigel, que ratificaria s\u00f3 agora os termos do acordo, mais de 20 dias depois da Petrobras. O colegiado da estatal re\u00fane-se a partir das 14h. Tamb\u00e9m est\u00e1 na pauta o in\u00edcio da discuss\u00e3o sobre o Plano Estrat\u00e9gico 2026-2030.<\/p>\n\n\n\n<p>O acordo havia sido aprovado pela administra\u00e7\u00e3o da Petrobras, por sete votos a quatro, ainda em 17 de abril, com prazo de tr\u00eas dias para que a Unigel assinasse, o que n\u00e3o aconteceu. Fala-se nos bastidores que a petroqu\u00edmica reprovou a previs\u00e3o de nova licita\u00e7\u00e3o de operador sob contrato de O&amp;M (Opera\u00e7\u00e3o e Manuten\u00e7\u00e3o), mesmo com permiss\u00e3o para disput\u00e1-la.<\/p>\n\n\n\n<p>Originalmente, a Unigel teria os servi\u00e7os de opera\u00e7\u00e3o recontratados sem licita\u00e7\u00e3o. A discord\u00e2ncia da Unigel teria sido superada, at\u00e9 porque a empresa j\u00e1 conhece as plantas e \u00e9 franca favorita no certame, como definem altas fontes da Petrobras.<\/p>\n\n\n\n<p>Costurado h\u00e1 mais de um ano, o acordo prev\u00ea que a Unigel abra m\u00e3o do antigo contrato de arrendamento, que s\u00f3 venceria em 2030, sob a contrapartida de a Petrobras desistir de reclamar cerca de R$ 1,4 bilh\u00e3o relativo a penalidades contra a a petroqu\u00edmica dentro de um processo de arbitragem, a ser extinto. Nesse mesmo processo, a Unigel pedia ressarcimento por investimentos feitos nas unidades.<\/p>\n\n\n\n<p>A Unigel arrendou as duas f\u00e1bricas de fertilizantes da Petrobras&nbsp;em 2019, mas deixou de produzir em 2023, sob o argumento de que a estatal fornecia o g\u00e1s natural, mat\u00e9ria prima do produto final, a pre\u00e7os que inviabilizavam a opera\u00e7\u00e3o. Desde ent\u00e3o, a Petrobras busca retomar as unidades para recoloc\u00e1-las em opera\u00e7\u00e3o, conforme o plano estrat\u00e9gico da companhia e diretrizes do MME (Minist\u00e9rio de Minas e Energia).<\/p>\n","protected":false},"excerpt":{"rendered":"<p>Gabriel Vasconcelos, da Ag\u00eancia iNFRA O CA (Conselho de Administra\u00e7\u00e3o) da Petrobras deve prorrogar&nbsp;hoje (9)&nbsp;o prazo para a assinatura do acordo com a Unigel que p\u00f5e fim ao contrato de arrendamento das f\u00e1bricas de fertilizantes (Fafens) na Bahia e em Sergipe, disseram fontes da estatal. J\u00e1 teria havido &#8220;manifesta\u00e7\u00e3o inequ\u00edvoca de concord\u00e2ncia&#8221; por parte da [&hellip;]<\/p>\n","protected":false},"author":1,"featured_media":21559,"comment_status":"closed","ping_status":"closed","sticky":false,"template":"","format":"standard","meta":{"_monsterinsights_skip_tracking":false,"_monsterinsights_sitenote_active":false,"_monsterinsights_sitenote_note":"","_monsterinsights_sitenote_category":0,"footnotes":""},"categories":[7250,1,13271],"tags":[13293,13292,13294,6128,13251,143,10231],"class_list":["post-21558","post","type-post","status-publish","format-standard","has-post-thumbnail","hentry","category-destaque-lista","category-geral","category-oleo-gas","tag-acordo-petrobras-e-unigel","tag-ca-da-petrobras","tag-fabricas-de-fertilizantes","tag-fertilizante","tag-gabriel-vasconcelos","tag-petrobras","tag-unigel"],"yoast_head":"<!-- This site is optimized with the Yoast SEO Premium plugin v25.4 (Yoast SEO v26.0) - https:\/\/yoast.com\/wordpress\/plugins\/seo\/ -->\n<title>Petrobras deve prorrogar prazo para assinatura de acordo com Unigel - Ag\u00eancia iNFRA<\/title>\n<meta name=\"robots\" content=\"index, follow, max-snippet:-1, max-image-preview:large, max-video-preview:-1\" \/>\n<link rel=\"canonical\" href=\"https:\/\/agenciainfra.com\/blog\/petrobras-deve-prorrogar-prazo-para-assinatura-de-acordo-com-unigel\/\" \/>\n<meta property=\"og:locale\" content=\"pt_BR\" \/>\n<meta property=\"og:type\" content=\"article\" \/>\n<meta property=\"og:title\" content=\"Petrobras deve prorrogar prazo para assinatura de acordo com Unigel\" \/>\n<meta property=\"og:description\" content=\"Gabriel Vasconcelos, da Ag\u00eancia iNFRA O CA (Conselho de Administra\u00e7\u00e3o) da Petrobras deve prorrogar&nbsp;hoje (9)&nbsp;o prazo para a assinatura do acordo com a Unigel que p\u00f5e fim ao contrato de arrendamento das f\u00e1bricas de fertilizantes (Fafens) na Bahia e em Sergipe, disseram fontes da estatal. J\u00e1 teria havido &#8220;manifesta\u00e7\u00e3o inequ\u00edvoca de concord\u00e2ncia&#8221; por parte da [&hellip;]\" \/>\n<meta property=\"og:url\" content=\"https:\/\/agenciainfra.com\/blog\/petrobras-deve-prorrogar-prazo-para-assinatura-de-acordo-com-unigel\/\" \/>\n<meta property=\"og:site_name\" content=\"Ag\u00eancia iNFRA\" \/>\n<meta property=\"article:publisher\" content=\"https:\/\/www.facebook.com\/ageninfra\" \/>\n<meta property=\"article:published_time\" content=\"2025-05-09T11:00:00+00:00\" \/>\n<meta property=\"og:image\" content=\"https:\/\/agenciainfra.com\/blog\/wp-content\/uploads\/2025\/05\/unigel-sede-foto-alberto_coutinho-gov-ba.jpeg\" \/>\n\t<meta property=\"og:image:width\" content=\"1280\" \/>\n\t<meta property=\"og:image:height\" content=\"854\" \/>\n\t<meta property=\"og:image:type\" content=\"image\/jpeg\" \/>\n<meta name=\"author\" content=\"Ag\u00eancia iNFRA\" \/>\n<meta name=\"twitter:card\" content=\"summary_large_image\" \/>\n<meta name=\"twitter:creator\" content=\"@agencia_infra\" \/>\n<meta name=\"twitter:site\" content=\"@agencia_infra\" \/>\n<meta name=\"twitter:label1\" content=\"Escrito por\" \/>\n\t<meta name=\"twitter:data1\" content=\"Ag\u00eancia iNFRA\" \/>\n\t<meta name=\"twitter:label2\" content=\"Est. tempo de leitura\" \/>\n\t<meta name=\"twitter:data2\" content=\"2 minutos\" \/>\n<script type=\"application\/ld+json\" class=\"yoast-schema-graph\">{\"@context\":\"https:\/\/schema.org\",\"@graph\":[{\"@type\":\"Article\",\"@id\":\"https:\/\/agenciainfra.com\/blog\/petrobras-deve-prorrogar-prazo-para-assinatura-de-acordo-com-unigel\/#article\",\"isPartOf\":{\"@id\":\"https:\/\/agenciainfra.com\/blog\/petrobras-deve-prorrogar-prazo-para-assinatura-de-acordo-com-unigel\/\"},\"author\":{\"name\":\"Ag\u00eancia iNFRA\",\"@id\":\"https:\/\/agenciainfra.com\/blog\/#\/schema\/person\/34af08dff6adea4cb22b06612ba7acfa\"},\"headline\":\"Petrobras deve prorrogar prazo para assinatura de acordo com Unigel\",\"datePublished\":\"2025-05-09T11:00:00+00:00\",\"mainEntityOfPage\":{\"@id\":\"https:\/\/agenciainfra.com\/blog\/petrobras-deve-prorrogar-prazo-para-assinatura-de-acordo-com-unigel\/\"},\"wordCount\":371,\"publisher\":{\"@id\":\"https:\/\/agenciainfra.com\/blog\/#organization\"},\"image\":{\"@id\":\"https:\/\/agenciainfra.com\/blog\/petrobras-deve-prorrogar-prazo-para-assinatura-de-acordo-com-unigel\/#primaryimage\"},\"thumbnailUrl\":\"https:\/\/agenciainfra.com\/blog\/wp-content\/uploads\/2025\/05\/unigel-sede-foto-alberto_coutinho-gov-ba.jpeg\",\"keywords\":[\"acordo petrobras e unigel\",\"CA da petrobras\",\"f\u00e1bricas de fertilizantes\",\"fertilizante\",\"Gabriel Vasconcelos\",\"Petrobras\",\"Unigel\"],\"articleSection\":[\"Destaque lista\",\"Geral\",\"\u00d3leo &amp; G\u00e1s\"],\"inLanguage\":\"pt-BR\",\"copyrightYear\":\"2025\",\"copyrightHolder\":{\"@id\":\"https:\/\/agenciainfra.com\/blog\/#organization\"}},{\"@type\":\"WebPage\",\"@id\":\"https:\/\/agenciainfra.com\/blog\/petrobras-deve-prorrogar-prazo-para-assinatura-de-acordo-com-unigel\/\",\"url\":\"https:\/\/agenciainfra.com\/blog\/petrobras-deve-prorrogar-prazo-para-assinatura-de-acordo-com-unigel\/\",\"name\":\"Petrobras deve prorrogar prazo para assinatura de acordo com Unigel - Ag\u00eancia iNFRA\",\"isPartOf\":{\"@id\":\"https:\/\/agenciainfra.com\/blog\/#website\"},\"primaryImageOfPage\":{\"@id\":\"https:\/\/agenciainfra.com\/blog\/petrobras-deve-prorrogar-prazo-para-assinatura-de-acordo-com-unigel\/#primaryimage\"},\"image\":{\"@id\":\"https:\/\/agenciainfra.com\/blog\/petrobras-deve-prorrogar-prazo-para-assinatura-de-acordo-com-unigel\/#primaryimage\"},\"thumbnailUrl\":\"https:\/\/agenciainfra.com\/blog\/wp-content\/uploads\/2025\/05\/unigel-sede-foto-alberto_coutinho-gov-ba.jpeg\",\"datePublished\":\"2025-05-09T11:00:00+00:00\",\"breadcrumb\":{\"@id\":\"https:\/\/agenciainfra.com\/blog\/petrobras-deve-prorrogar-prazo-para-assinatura-de-acordo-com-unigel\/#breadcrumb\"},\"inLanguage\":\"pt-BR\",\"potentialAction\":[{\"@type\":\"ReadAction\",\"target\":[\"https:\/\/agenciainfra.com\/blog\/petrobras-deve-prorrogar-prazo-para-assinatura-de-acordo-com-unigel\/\"]}]},{\"@type\":\"ImageObject\",\"inLanguage\":\"pt-BR\",\"@id\":\"https:\/\/agenciainfra.com\/blog\/petrobras-deve-prorrogar-prazo-para-assinatura-de-acordo-com-unigel\/#primaryimage\",\"url\":\"https:\/\/agenciainfra.com\/blog\/wp-content\/uploads\/2025\/05\/unigel-sede-foto-alberto_coutinho-gov-ba.jpeg\",\"contentUrl\":\"https:\/\/agenciainfra.com\/blog\/wp-content\/uploads\/2025\/05\/unigel-sede-foto-alberto_coutinho-gov-ba.jpeg\",\"width\":1280,\"height\":854},{\"@type\":\"BreadcrumbList\",\"@id\":\"https:\/\/agenciainfra.com\/blog\/petrobras-deve-prorrogar-prazo-para-assinatura-de-acordo-com-unigel\/#breadcrumb\",\"itemListElement\":[{\"@type\":\"ListItem\",\"position\":1,\"name\":\"In\u00edcio\",\"item\":\"https:\/\/agenciainfra.com\/blog\/\"},{\"@type\":\"ListItem\",\"position\":2,\"name\":\"Petrobras deve prorrogar prazo para assinatura de acordo com Unigel\"}]},{\"@type\":\"WebSite\",\"@id\":\"https:\/\/agenciainfra.com\/blog\/#website\",\"url\":\"https:\/\/agenciainfra.com\/blog\/\",\"name\":\"Ag\u00eancia iNFRA\",\"description\":\"Multiplataforma de informa\u00e7\u00e3o jornal\u00edstica refer\u00eancia na \u00e1rea de infraestrutura no Brasil!\",\"publisher\":{\"@id\":\"https:\/\/agenciainfra.com\/blog\/#organization\"},\"potentialAction\":[{\"@type\":\"SearchAction\",\"target\":{\"@type\":\"EntryPoint\",\"urlTemplate\":\"https:\/\/agenciainfra.com\/blog\/?s={search_term_string}\"},\"query-input\":{\"@type\":\"PropertyValueSpecification\",\"valueRequired\":true,\"valueName\":\"search_term_string\"}}],\"inLanguage\":\"pt-BR\"},{\"@type\":\"Organization\",\"@id\":\"https:\/\/agenciainfra.com\/blog\/#organization\",\"name\":\"Ag\u00eancia iNFRA\",\"url\":\"https:\/\/agenciainfra.com\/blog\/\",\"logo\":{\"@type\":\"ImageObject\",\"inLanguage\":\"pt-BR\",\"@id\":\"https:\/\/agenciainfra.com\/blog\/#\/schema\/logo\/image\/\",\"url\":\"https:\/\/agenciainfra.com\/blog\/wp-content\/uploads\/2023\/09\/iNFRA_5-e1761735885940.png\",\"contentUrl\":\"https:\/\/agenciainfra.com\/blog\/wp-content\/uploads\/2023\/09\/iNFRA_5-e1761735885940.png\",\"width\":1672,\"height\":454,\"caption\":\"Ag\u00eancia iNFRA\"},\"image\":{\"@id\":\"https:\/\/agenciainfra.com\/blog\/#\/schema\/logo\/image\/\"},\"sameAs\":[\"https:\/\/www.facebook.com\/ageninfra\",\"https:\/\/x.com\/agencia_infra\",\"https:\/\/www.linkedin.com\/company\/ag\u00eanciainfra\/\",\"https:\/\/www.instagram.com\/agenciainfra\/\"]},{\"@type\":\"Person\",\"@id\":\"https:\/\/agenciainfra.com\/blog\/#\/schema\/person\/34af08dff6adea4cb22b06612ba7acfa\",\"name\":\"Ag\u00eancia iNFRA\",\"image\":{\"@type\":\"ImageObject\",\"inLanguage\":\"pt-BR\",\"@id\":\"https:\/\/agenciainfra.com\/blog\/#\/schema\/person\/image\/\",\"url\":\"https:\/\/secure.gravatar.com\/avatar\/d189e01678f06d8eb84d4e01f08eb848b3fffe3f8443818d3c356c66892f5be8?s=96&d=mm&r=g\",\"contentUrl\":\"https:\/\/secure.gravatar.com\/avatar\/d189e01678f06d8eb84d4e01f08eb848b3fffe3f8443818d3c356c66892f5be8?s=96&d=mm&r=g\",\"caption\":\"Ag\u00eancia iNFRA\"},\"url\":\"https:\/\/agenciainfra.com\/blog\/author\/admin\/\"}]}<\/script>\n<!-- \/ Yoast SEO Premium plugin. -->","yoast_head_json":{"title":"Petrobras deve prorrogar prazo para assinatura de acordo com Unigel - Ag\u00eancia iNFRA","robots":{"index":"index","follow":"follow","max-snippet":"max-snippet:-1","max-image-preview":"max-image-preview:large","max-video-preview":"max-video-preview:-1"},"canonical":"https:\/\/agenciainfra.com\/blog\/petrobras-deve-prorrogar-prazo-para-assinatura-de-acordo-com-unigel\/","og_locale":"pt_BR","og_type":"article","og_title":"Petrobras deve prorrogar prazo para assinatura de acordo com Unigel","og_description":"Gabriel Vasconcelos, da Ag\u00eancia iNFRA O CA (Conselho de Administra\u00e7\u00e3o) da Petrobras deve prorrogar&nbsp;hoje (9)&nbsp;o prazo para a assinatura do acordo com a Unigel que p\u00f5e fim ao contrato de arrendamento das f\u00e1bricas de fertilizantes (Fafens) na Bahia e em Sergipe, disseram fontes da estatal. J\u00e1 teria havido &#8220;manifesta\u00e7\u00e3o inequ\u00edvoca de concord\u00e2ncia&#8221; por parte da [&hellip;]","og_url":"https:\/\/agenciainfra.com\/blog\/petrobras-deve-prorrogar-prazo-para-assinatura-de-acordo-com-unigel\/","og_site_name":"Ag\u00eancia iNFRA","article_publisher":"https:\/\/www.facebook.com\/ageninfra","article_published_time":"2025-05-09T11:00:00+00:00","og_image":[{"width":1280,"height":854,"url":"https:\/\/agenciainfra.com\/blog\/wp-content\/uploads\/2025\/05\/unigel-sede-foto-alberto_coutinho-gov-ba.jpeg","type":"image\/jpeg"}],"author":"Ag\u00eancia iNFRA","twitter_card":"summary_large_image","twitter_creator":"@agencia_infra","twitter_site":"@agencia_infra","twitter_misc":{"Escrito por":"Ag\u00eancia iNFRA","Est. tempo de leitura":"2 minutos"},"schema":{"@context":"https:\/\/schema.org","@graph":[{"@type":"Article","@id":"https:\/\/agenciainfra.com\/blog\/petrobras-deve-prorrogar-prazo-para-assinatura-de-acordo-com-unigel\/#article","isPartOf":{"@id":"https:\/\/agenciainfra.com\/blog\/petrobras-deve-prorrogar-prazo-para-assinatura-de-acordo-com-unigel\/"},"author":{"name":"Ag\u00eancia iNFRA","@id":"https:\/\/agenciainfra.com\/blog\/#\/schema\/person\/34af08dff6adea4cb22b06612ba7acfa"},"headline":"Petrobras deve prorrogar prazo para assinatura de acordo com Unigel","datePublished":"2025-05-09T11:00:00+00:00","mainEntityOfPage":{"@id":"https:\/\/agenciainfra.com\/blog\/petrobras-deve-prorrogar-prazo-para-assinatura-de-acordo-com-unigel\/"},"wordCount":371,"publisher":{"@id":"https:\/\/agenciainfra.com\/blog\/#organization"},"image":{"@id":"https:\/\/agenciainfra.com\/blog\/petrobras-deve-prorrogar-prazo-para-assinatura-de-acordo-com-unigel\/#primaryimage"},"thumbnailUrl":"https:\/\/agenciainfra.com\/blog\/wp-content\/uploads\/2025\/05\/unigel-sede-foto-alberto_coutinho-gov-ba.jpeg","keywords":["acordo petrobras e unigel","CA da petrobras","f\u00e1bricas de fertilizantes","fertilizante","Gabriel Vasconcelos","Petrobras","Unigel"],"articleSection":["Destaque lista","Geral","\u00d3leo &amp; G\u00e1s"],"inLanguage":"pt-BR","copyrightYear":"2025","copyrightHolder":{"@id":"https:\/\/agenciainfra.com\/blog\/#organization"}},{"@type":"WebPage","@id":"https:\/\/agenciainfra.com\/blog\/petrobras-deve-prorrogar-prazo-para-assinatura-de-acordo-com-unigel\/","url":"https:\/\/agenciainfra.com\/blog\/petrobras-deve-prorrogar-prazo-para-assinatura-de-acordo-com-unigel\/","name":"Petrobras deve prorrogar prazo para assinatura de acordo com Unigel - Ag\u00eancia iNFRA","isPartOf":{"@id":"https:\/\/agenciainfra.com\/blog\/#website"},"primaryImageOfPage":{"@id":"https:\/\/agenciainfra.com\/blog\/petrobras-deve-prorrogar-prazo-para-assinatura-de-acordo-com-unigel\/#primaryimage"},"image":{"@id":"https:\/\/agenciainfra.com\/blog\/petrobras-deve-prorrogar-prazo-para-assinatura-de-acordo-com-unigel\/#primaryimage"},"thumbnailUrl":"https:\/\/agenciainfra.com\/blog\/wp-content\/uploads\/2025\/05\/unigel-sede-foto-alberto_coutinho-gov-ba.jpeg","datePublished":"2025-05-09T11:00:00+00:00","breadcrumb":{"@id":"https:\/\/agenciainfra.com\/blog\/petrobras-deve-prorrogar-prazo-para-assinatura-de-acordo-com-unigel\/#breadcrumb"},"inLanguage":"pt-BR","potentialAction":[{"@type":"ReadAction","target":["https:\/\/agenciainfra.com\/blog\/petrobras-deve-prorrogar-prazo-para-assinatura-de-acordo-com-unigel\/"]}]},{"@type":"ImageObject","inLanguage":"pt-BR","@id":"https:\/\/agenciainfra.com\/blog\/petrobras-deve-prorrogar-prazo-para-assinatura-de-acordo-com-unigel\/#primaryimage","url":"https:\/\/agenciainfra.com\/blog\/wp-content\/uploads\/2025\/05\/unigel-sede-foto-alberto_coutinho-gov-ba.jpeg","contentUrl":"https:\/\/agenciainfra.com\/blog\/wp-content\/uploads\/2025\/05\/unigel-sede-foto-alberto_coutinho-gov-ba.jpeg","width":1280,"height":854},{"@type":"BreadcrumbList","@id":"https:\/\/agenciainfra.com\/blog\/petrobras-deve-prorrogar-prazo-para-assinatura-de-acordo-com-unigel\/#breadcrumb","itemListElement":[{"@type":"ListItem","position":1,"name":"In\u00edcio","item":"https:\/\/agenciainfra.com\/blog\/"},{"@type":"ListItem","position":2,"name":"Petrobras deve prorrogar prazo para assinatura de acordo com Unigel"}]},{"@type":"WebSite","@id":"https:\/\/agenciainfra.com\/blog\/#website","url":"https:\/\/agenciainfra.com\/blog\/","name":"Ag\u00eancia iNFRA","description":"Multiplataforma de informa\u00e7\u00e3o jornal\u00edstica refer\u00eancia na \u00e1rea de infraestrutura no Brasil!","publisher":{"@id":"https:\/\/agenciainfra.com\/blog\/#organization"},"potentialAction":[{"@type":"SearchAction","target":{"@type":"EntryPoint","urlTemplate":"https:\/\/agenciainfra.com\/blog\/?s={search_term_string}"},"query-input":{"@type":"PropertyValueSpecification","valueRequired":true,"valueName":"search_term_string"}}],"inLanguage":"pt-BR"},{"@type":"Organization","@id":"https:\/\/agenciainfra.com\/blog\/#organization","name":"Ag\u00eancia iNFRA","url":"https:\/\/agenciainfra.com\/blog\/","logo":{"@type":"ImageObject","inLanguage":"pt-BR","@id":"https:\/\/agenciainfra.com\/blog\/#\/schema\/logo\/image\/","url":"https:\/\/agenciainfra.com\/blog\/wp-content\/uploads\/2023\/09\/iNFRA_5-e1761735885940.png","contentUrl":"https:\/\/agenciainfra.com\/blog\/wp-content\/uploads\/2023\/09\/iNFRA_5-e1761735885940.png","width":1672,"height":454,"caption":"Ag\u00eancia iNFRA"},"image":{"@id":"https:\/\/agenciainfra.com\/blog\/#\/schema\/logo\/image\/"},"sameAs":["https:\/\/www.facebook.com\/ageninfra","https:\/\/x.com\/agencia_infra","https:\/\/www.linkedin.com\/company\/ag\u00eanciainfra\/","https:\/\/www.instagram.com\/agenciainfra\/"]},{"@type":"Person","@id":"https:\/\/agenciainfra.com\/blog\/#\/schema\/person\/34af08dff6adea4cb22b06612ba7acfa","name":"Ag\u00eancia iNFRA","image":{"@type":"ImageObject","inLanguage":"pt-BR","@id":"https:\/\/agenciainfra.com\/blog\/#\/schema\/person\/image\/","url":"https:\/\/secure.gravatar.com\/avatar\/d189e01678f06d8eb84d4e01f08eb848b3fffe3f8443818d3c356c66892f5be8?s=96&d=mm&r=g","contentUrl":"https:\/\/secure.gravatar.com\/avatar\/d189e01678f06d8eb84d4e01f08eb848b3fffe3f8443818d3c356c66892f5be8?s=96&d=mm&r=g","caption":"Ag\u00eancia iNFRA"},"url":"https:\/\/agenciainfra.com\/blog\/author\/admin\/"}]}},"_links":{"self":[{"href":"https:\/\/agenciainfra.com\/blog\/wp-json\/wp\/v2\/posts\/21558","targetHints":{"allow":["GET"]}}],"collection":[{"href":"https:\/\/agenciainfra.com\/blog\/wp-json\/wp\/v2\/posts"}],"about":[{"href":"https:\/\/agenciainfra.com\/blog\/wp-json\/wp\/v2\/types\/post"}],"author":[{"embeddable":true,"href":"https:\/\/agenciainfra.com\/blog\/wp-json\/wp\/v2\/users\/1"}],"replies":[{"embeddable":true,"href":"https:\/\/agenciainfra.com\/blog\/wp-json\/wp\/v2\/comments?post=21558"}],"version-history":[{"count":1,"href":"https:\/\/agenciainfra.com\/blog\/wp-json\/wp\/v2\/posts\/21558\/revisions"}],"predecessor-version":[{"id":21560,"href":"https:\/\/agenciainfra.com\/blog\/wp-json\/wp\/v2\/posts\/21558\/revisions\/21560"}],"wp:featuredmedia":[{"embeddable":true,"href":"https:\/\/agenciainfra.com\/blog\/wp-json\/wp\/v2\/media\/21559"}],"wp:attachment":[{"href":"https:\/\/agenciainfra.com\/blog\/wp-json\/wp\/v2\/media?parent=21558"}],"wp:term":[{"taxonomy":"category","embeddable":true,"href":"https:\/\/agenciainfra.com\/blog\/wp-json\/wp\/v2\/categories?post=21558"},{"taxonomy":"post_tag","embeddable":true,"href":"https:\/\/agenciainfra.com\/blog\/wp-json\/wp\/v2\/tags?post=21558"}],"curies":[{"name":"wp","href":"https:\/\/api.w.org\/{rel}","templated":true}]}}