{"id":21561,"date":"2025-05-09T09:00:00","date_gmt":"2025-05-09T12:00:00","guid":{"rendered":"https:\/\/agenciainfra.com\/blog\/?p=21561"},"modified":"2025-05-12T12:30:04","modified_gmt":"2025-05-12T15:30:04","slug":"amazonas-energia-ambar-propoe-flexibilizacoes-que-podem-chegar-a-r-20-bi-e-cashback-ao-consumidor","status":"publish","type":"post","link":"https:\/\/agenciainfra.com\/blog\/amazonas-energia-ambar-propoe-flexibilizacoes-que-podem-chegar-a-r-20-bi-e-cashback-ao-consumidor\/","title":{"rendered":"Amazonas Energia: \u00c2mbar prop\u00f5e flexibiliza\u00e7\u00f5es que podem chegar a R$ 20 bi e cashback ao consumidor"},"content":{"rendered":"\n<p class=\"has-text-align-right\"><strong>Geraldo Campos Jr. e&nbsp;Lais Carregosa, da Ag\u00eancia iNFRA<\/strong><\/p>\n\n\n\n<p>A \u00c2mbar Energia, do Grupo J&amp;F, prop\u00f4s \u00e0 ANEEL (Ag\u00eancia Nacional de Energia El\u00e9trica) um acordo judicial para assumir a Amazonas Energia que inclui uma esp\u00e9cie de cashback na tarifa e a manuten\u00e7\u00e3o do atual patamar de flexibiliza\u00e7\u00f5es regulat\u00f3rias, o que pode chegar a R$ 20 bilh\u00f5es em 15 anos \u201cse nada for feito\u201d, disseram fontes.&nbsp;<br><br>A proposta foi apresentada no dia 8 de abril, j\u00e1 depois do prazo acordado pela Justi\u00e7a em audi\u00eancia de concilia\u00e7\u00e3o. Segundo interlocutores a par das negocia\u00e7\u00f5es, o valor se deve \u00e0 necessidade de atualizar a proposta e a uma s\u00e9rie de \u201cesqueletos\u201d encontrados pela companhia na distribuidora nos \u00faltimos meses, ap\u00f3s a oferta inicial.<br><br>Os novos termos incluem um modelo de \u201cflexibiliza\u00e7\u00e3o flat\u201d, ou seja, mantendo o valor&nbsp;e os par\u00e2metros atuais de perdas n\u00e3o t\u00e9cnicas e de inadimpl\u00eancia por 15 anos, sem um compromisso contratual de ter que reduzi-los.&nbsp;<br><br>Em contrapartida, \u00e9 alterada a aloca\u00e7\u00e3o de riscos do neg\u00f3cio, prevendo o compartilhamento dos ganhos nestes indicadores com os consumidores 50% a 50%, numa esp\u00e9cie de cashback na tarifa como \u201cincentivo\u201d a cada ciclo tarif\u00e1rio. Caso piorem os indicadores, a \u00c2mbar ficaria com o \u00f4nus, informaram fontes.<br><br>Atualmente, a Amazonas Energia tem direito a cerca de R$ 1,6 bilh\u00e3o em flexibiliza\u00e7\u00f5es regulat\u00f3rias por ano. Ainda assim, tem um d\u00e9ficit anual pr\u00f3ximo de R$ 250 milh\u00f5es, disseram executivos com conhecimento da empresa.<br><br><strong>\u201cEsqueletos no arm\u00e1rio\u201d<\/strong><br>A nova proposta resulta em um valor bem maior que as anteriores em flexibiliza\u00e7\u00f5es, suportadas pela CCC (Conta de Consumo de Combust\u00edveis) e pagas pelos consumidores de todo pa\u00eds. Anteriormente, a \u00c2mbar tinha proposto R$ 14 bilh\u00f5es em flexibiliza\u00e7\u00f5es, e a \u00e1rea t\u00e9cnica da ANEEL, R$ 8 bilh\u00f5es.<br><br>Fontes relataram que a&nbsp;mudan\u00e7a se deu ap\u00f3s o Grupo J&amp;F verificar uma situa\u00e7\u00e3o diferente da inicialmente projetada, como por exemplo uma d\u00edvida tribut\u00e1ria alegada pelo estado do Amazonas de mais R$ 5 bilh\u00f5es que n\u00e3o constava nos balan\u00e7os da distribuidora e ainda \u00e9 questionada pela empresa.<br><br>Dentre as complica\u00e7\u00f5es, foram identificados ainda problemas para a implementa\u00e7\u00e3o de medidas para combater as perdas. A avalia\u00e7\u00e3o que teria sido feita pela empresa \u00e9 de que haveria dificuldades pol\u00edticas para a ado\u00e7\u00e3o de mudan\u00e7as que permitiriam uma redu\u00e7\u00e3o das perdas n\u00e3o t\u00e9cnicas, como a implanta\u00e7\u00e3o de medidores centralizados, dentre outros itens.<br><br>O chamado SMC (Sistema de Medi\u00e7\u00e3o Centralizada) chegou a ter a implanta\u00e7\u00e3o iniciada em Manaus pela distribuidora, mas a universaliza\u00e7\u00e3o do modelo foi impedida por decis\u00f5es judiciais e at\u00e9 por uma lei estadual, que foi derrubada posteriormente pelo STF (Supremo Tribunal Federal). O sistema remoto ajuda a identificar o consumo irregular de energia e \u00e9 visto como um mecanismo fundamental para permitir a redu\u00e7\u00e3o de perdas na \u00e1rea de concess\u00e3o.<br><br><strong>\u201cAntiproposta\u201d<\/strong><br>Segundo fontes, o valor proposto pela \u00c2mbar poderia sinalizar uma poss\u00edvel desist\u00eancia da empresa&nbsp;de adquirir a Amazonas Energia. Na avalia\u00e7\u00e3o dessas fontes, o grupo J&amp;F sairia da disputa com os contratos das t\u00e9rmicas adquiridas da Eletrobras convertidos em energia de reserva \u2013 ativos que s\u00e3o o principal interesse da \u00c2mbar.&nbsp;<br><br>Contudo, interlocutores pr\u00f3ximos da empresa apontaram que a \u00c2mbar segue interessada e que, caso tivesse desistido da Amazonas, poderia apenas retirar sua proposta e n\u00e3o concretizar a transfer\u00eancia. Avaliaram ainda que a mudan\u00e7a, na verdade, seria apenas para tornar a proposta \u201cmais pr\u00f3xima da realidade atual\u201d.<br><br>Foi apontado ainda que o custo de uma interven\u00e7\u00e3o ou caducidade da concess\u00e3o ainda seria superior \u00e0 proposta da \u00c2mbar, algo em torno de R$ 22 bilh\u00f5es, sem contar com a d\u00edvida de R$ 5 bilh\u00f5es com o governo do Amazonas.<br><br><strong>Pr\u00f3ximos passos<\/strong><br>A proposta da \u00c2mbar ainda passar\u00e1 por uma an\u00e1lise da procuradoria da ANEEL. Para a concilia\u00e7\u00e3o ser aprovada, precisa do aval da maioria da diretoria colegiada. O respons\u00e1vel por pautar o caso \u00e9 o diretor-geral, Sandoval Feitosa, a quem compete conduzir as negocia\u00e7\u00f5es.<br><br>No entanto, fontes avaliam que, caso considere a proposta como totalmente invi\u00e1vel, Feitosa pode apenas notific\u00e1-la no processo judicial para conhecimento do desembargador que est\u00e1 presidindo a concilia\u00e7\u00e3o, em vez de lev\u00e1-la \u00e0 delibera\u00e7\u00e3o da diretoria colegiada. Isso indicaria uma esp\u00e9cie de \u201cdevolu\u00e7\u00e3o\u201d da proposta.<br><br>Conforme decis\u00e3o judicial de 11 de abril, existe o prazo at\u00e9 o fim&nbsp;de julho para efetivar a transfer\u00eancia do controle da Amazonas, hoje com a Oliveira Energia, para a \u00c2mbar. O prazo adicional de 90 dias foi dado justamente visando permitir a celebra\u00e7\u00e3o de um acordo.<\/p>\n\n\n\n<p><\/p>\n","protected":false},"excerpt":{"rendered":"<p>Geraldo Campos Jr. e&nbsp;Lais Carregosa, da Ag\u00eancia iNFRA A \u00c2mbar Energia, do Grupo J&amp;F, prop\u00f4s \u00e0 ANEEL (Ag\u00eancia Nacional de Energia El\u00e9trica) um acordo judicial para assumir a Amazonas Energia que inclui uma esp\u00e9cie de cashback na tarifa e a manuten\u00e7\u00e3o do atual patamar de flexibiliza\u00e7\u00f5es regulat\u00f3rias, o que pode chegar a R$ 20 bilh\u00f5es [&hellip;]<\/p>\n","protected":false},"author":1,"featured_media":6714,"comment_status":"closed","ping_status":"closed","sticky":false,"template":"","format":"standard","meta":{"_monsterinsights_skip_tracking":false,"_monsterinsights_sitenote_active":false,"_monsterinsights_sitenote_note":"","_monsterinsights_sitenote_category":0,"footnotes":""},"categories":[7250,1,10],"tags":[144,5678,5481,53,13295,50,11594,5482,13132,143,1154,11971,12687,11968],"class_list":["post-21561","post","type-post","status-publish","format-standard","has-post-thumbnail","hentry","category-destaque-lista","category-geral","category-infraenergia","tag-amazonas-energia","tag-ambar","tag-ambar-energia","tag-aneel","tag-cashback-na-tarifa","tag-eletrobras","tag-geraldo-campos-jr","tag-jf","tag-lais-carregosa","tag-petrobras","tag-termeletricas","tag-termeletricas-do-norte","tag-transferencia-amazonas","tag-venda-da-amazonas-energia"],"yoast_head":"<!-- This site is optimized with the Yoast SEO Premium plugin v25.4 (Yoast SEO v26.0) - https:\/\/yoast.com\/wordpress\/plugins\/seo\/ -->\n<title>Amazonas Energia: \u00c2mbar prop\u00f5e flexibiliza\u00e7\u00f5es que podem chegar a R$ 20 bi e cashback ao consumidor - Ag\u00eancia iNFRA<\/title>\n<meta name=\"robots\" content=\"index, follow, max-snippet:-1, max-image-preview:large, max-video-preview:-1\" \/>\n<link rel=\"canonical\" href=\"https:\/\/agenciainfra.com\/blog\/amazonas-energia-ambar-propoe-flexibilizacoes-que-podem-chegar-a-r-20-bi-e-cashback-ao-consumidor\/\" \/>\n<meta property=\"og:locale\" content=\"pt_BR\" \/>\n<meta property=\"og:type\" content=\"article\" \/>\n<meta property=\"og:title\" content=\"Amazonas Energia: \u00c2mbar prop\u00f5e flexibiliza\u00e7\u00f5es que podem chegar a R$ 20 bi e cashback ao consumidor\" \/>\n<meta property=\"og:description\" content=\"Geraldo Campos Jr. e&nbsp;Lais Carregosa, da Ag\u00eancia iNFRA A \u00c2mbar Energia, do Grupo J&amp;F, prop\u00f4s \u00e0 ANEEL (Ag\u00eancia Nacional de Energia El\u00e9trica) um acordo judicial para assumir a Amazonas Energia que inclui uma esp\u00e9cie de cashback na tarifa e a manuten\u00e7\u00e3o do atual patamar de flexibiliza\u00e7\u00f5es regulat\u00f3rias, o que pode chegar a R$ 20 bilh\u00f5es [&hellip;]\" \/>\n<meta property=\"og:url\" content=\"https:\/\/agenciainfra.com\/blog\/amazonas-energia-ambar-propoe-flexibilizacoes-que-podem-chegar-a-r-20-bi-e-cashback-ao-consumidor\/\" \/>\n<meta property=\"og:site_name\" content=\"Ag\u00eancia iNFRA\" \/>\n<meta property=\"article:publisher\" content=\"https:\/\/www.facebook.com\/ageninfra\" \/>\n<meta property=\"article:published_time\" content=\"2025-05-09T12:00:00+00:00\" \/>\n<meta property=\"article:modified_time\" content=\"2025-05-12T15:30:04+00:00\" \/>\n<meta property=\"og:image\" content=\"https:\/\/agenciainfra.com\/blog\/wp-content\/uploads\/2021\/01\/amazonas-energia-foto-divulgacao-redes-sociais.jpg\" \/>\n\t<meta property=\"og:image:width\" content=\"1280\" \/>\n\t<meta property=\"og:image:height\" content=\"855\" \/>\n\t<meta property=\"og:image:type\" content=\"image\/jpeg\" \/>\n<meta name=\"author\" content=\"Ag\u00eancia iNFRA\" \/>\n<meta name=\"twitter:card\" content=\"summary_large_image\" \/>\n<meta name=\"twitter:creator\" content=\"@agencia_infra\" \/>\n<meta name=\"twitter:site\" content=\"@agencia_infra\" \/>\n<meta name=\"twitter:label1\" content=\"Escrito por\" \/>\n\t<meta name=\"twitter:data1\" content=\"Ag\u00eancia iNFRA\" \/>\n\t<meta name=\"twitter:label2\" content=\"Est. tempo de leitura\" \/>\n\t<meta name=\"twitter:data2\" content=\"4 minutos\" \/>\n<script type=\"application\/ld+json\" class=\"yoast-schema-graph\">{\"@context\":\"https:\/\/schema.org\",\"@graph\":[{\"@type\":\"Article\",\"@id\":\"https:\/\/agenciainfra.com\/blog\/amazonas-energia-ambar-propoe-flexibilizacoes-que-podem-chegar-a-r-20-bi-e-cashback-ao-consumidor\/#article\",\"isPartOf\":{\"@id\":\"https:\/\/agenciainfra.com\/blog\/amazonas-energia-ambar-propoe-flexibilizacoes-que-podem-chegar-a-r-20-bi-e-cashback-ao-consumidor\/\"},\"author\":{\"name\":\"Ag\u00eancia iNFRA\",\"@id\":\"https:\/\/agenciainfra.com\/blog\/#\/schema\/person\/34af08dff6adea4cb22b06612ba7acfa\"},\"headline\":\"Amazonas Energia: \u00c2mbar prop\u00f5e flexibiliza\u00e7\u00f5es que podem chegar a R$ 20 bi e cashback ao consumidor\",\"datePublished\":\"2025-05-09T12:00:00+00:00\",\"dateModified\":\"2025-05-12T15:30:04+00:00\",\"mainEntityOfPage\":{\"@id\":\"https:\/\/agenciainfra.com\/blog\/amazonas-energia-ambar-propoe-flexibilizacoes-que-podem-chegar-a-r-20-bi-e-cashback-ao-consumidor\/\"},\"wordCount\":830,\"publisher\":{\"@id\":\"https:\/\/agenciainfra.com\/blog\/#organization\"},\"image\":{\"@id\":\"https:\/\/agenciainfra.com\/blog\/amazonas-energia-ambar-propoe-flexibilizacoes-que-podem-chegar-a-r-20-bi-e-cashback-ao-consumidor\/#primaryimage\"},\"thumbnailUrl\":\"https:\/\/agenciainfra.com\/blog\/wp-content\/uploads\/2021\/01\/amazonas-energia-foto-divulgacao-redes-sociais.jpg\",\"keywords\":[\"Amazonas Energia\",\"\u00c2mbar\",\"\u00c2mbar Energia\",\"ANEEL\",\"cashback na tarifa\",\"Eletrobras\",\"Geraldo Campos Jr.\",\"J&amp;F\",\"Lais Carregosa\",\"Petrobras\",\"termel\u00e9tricas\",\"termel\u00e9tricas do Norte\",\"transfer\u00eancia Amazonas\",\"Venda da Amazonas Energia\"],\"articleSection\":[\"Destaque lista\",\"Geral\",\"iNFRAEnergia\"],\"inLanguage\":\"pt-BR\",\"copyrightYear\":\"2025\",\"copyrightHolder\":{\"@id\":\"https:\/\/agenciainfra.com\/blog\/#organization\"}},{\"@type\":\"WebPage\",\"@id\":\"https:\/\/agenciainfra.com\/blog\/amazonas-energia-ambar-propoe-flexibilizacoes-que-podem-chegar-a-r-20-bi-e-cashback-ao-consumidor\/\",\"url\":\"https:\/\/agenciainfra.com\/blog\/amazonas-energia-ambar-propoe-flexibilizacoes-que-podem-chegar-a-r-20-bi-e-cashback-ao-consumidor\/\",\"name\":\"Amazonas Energia: \u00c2mbar prop\u00f5e flexibiliza\u00e7\u00f5es que podem chegar a R$ 20 bi e cashback ao consumidor - Ag\u00eancia iNFRA\",\"isPartOf\":{\"@id\":\"https:\/\/agenciainfra.com\/blog\/#website\"},\"primaryImageOfPage\":{\"@id\":\"https:\/\/agenciainfra.com\/blog\/amazonas-energia-ambar-propoe-flexibilizacoes-que-podem-chegar-a-r-20-bi-e-cashback-ao-consumidor\/#primaryimage\"},\"image\":{\"@id\":\"https:\/\/agenciainfra.com\/blog\/amazonas-energia-ambar-propoe-flexibilizacoes-que-podem-chegar-a-r-20-bi-e-cashback-ao-consumidor\/#primaryimage\"},\"thumbnailUrl\":\"https:\/\/agenciainfra.com\/blog\/wp-content\/uploads\/2021\/01\/amazonas-energia-foto-divulgacao-redes-sociais.jpg\",\"datePublished\":\"2025-05-09T12:00:00+00:00\",\"dateModified\":\"2025-05-12T15:30:04+00:00\",\"breadcrumb\":{\"@id\":\"https:\/\/agenciainfra.com\/blog\/amazonas-energia-ambar-propoe-flexibilizacoes-que-podem-chegar-a-r-20-bi-e-cashback-ao-consumidor\/#breadcrumb\"},\"inLanguage\":\"pt-BR\",\"potentialAction\":[{\"@type\":\"ReadAction\",\"target\":[\"https:\/\/agenciainfra.com\/blog\/amazonas-energia-ambar-propoe-flexibilizacoes-que-podem-chegar-a-r-20-bi-e-cashback-ao-consumidor\/\"]}]},{\"@type\":\"ImageObject\",\"inLanguage\":\"pt-BR\",\"@id\":\"https:\/\/agenciainfra.com\/blog\/amazonas-energia-ambar-propoe-flexibilizacoes-que-podem-chegar-a-r-20-bi-e-cashback-ao-consumidor\/#primaryimage\",\"url\":\"https:\/\/agenciainfra.com\/blog\/wp-content\/uploads\/2021\/01\/amazonas-energia-foto-divulgacao-redes-sociais.jpg\",\"contentUrl\":\"https:\/\/agenciainfra.com\/blog\/wp-content\/uploads\/2021\/01\/amazonas-energia-foto-divulgacao-redes-sociais.jpg\",\"width\":1280,\"height\":855,\"caption\":\"Foto: Divulga\u00e7\u00e3o\/Amazonas Energia\"},{\"@type\":\"BreadcrumbList\",\"@id\":\"https:\/\/agenciainfra.com\/blog\/amazonas-energia-ambar-propoe-flexibilizacoes-que-podem-chegar-a-r-20-bi-e-cashback-ao-consumidor\/#breadcrumb\",\"itemListElement\":[{\"@type\":\"ListItem\",\"position\":1,\"name\":\"In\u00edcio\",\"item\":\"https:\/\/agenciainfra.com\/blog\/\"},{\"@type\":\"ListItem\",\"position\":2,\"name\":\"Amazonas Energia: \u00c2mbar prop\u00f5e flexibiliza\u00e7\u00f5es que podem chegar a R$ 20 bi e cashback ao consumidor\"}]},{\"@type\":\"WebSite\",\"@id\":\"https:\/\/agenciainfra.com\/blog\/#website\",\"url\":\"https:\/\/agenciainfra.com\/blog\/\",\"name\":\"Ag\u00eancia iNFRA\",\"description\":\"Multiplataforma de informa\u00e7\u00e3o jornal\u00edstica refer\u00eancia na \u00e1rea de infraestrutura no Brasil!\",\"publisher\":{\"@id\":\"https:\/\/agenciainfra.com\/blog\/#organization\"},\"potentialAction\":[{\"@type\":\"SearchAction\",\"target\":{\"@type\":\"EntryPoint\",\"urlTemplate\":\"https:\/\/agenciainfra.com\/blog\/?s={search_term_string}\"},\"query-input\":{\"@type\":\"PropertyValueSpecification\",\"valueRequired\":true,\"valueName\":\"search_term_string\"}}],\"inLanguage\":\"pt-BR\"},{\"@type\":\"Organization\",\"@id\":\"https:\/\/agenciainfra.com\/blog\/#organization\",\"name\":\"Ag\u00eancia iNFRA\",\"url\":\"https:\/\/agenciainfra.com\/blog\/\",\"logo\":{\"@type\":\"ImageObject\",\"inLanguage\":\"pt-BR\",\"@id\":\"https:\/\/agenciainfra.com\/blog\/#\/schema\/logo\/image\/\",\"url\":\"https:\/\/agenciainfra.com\/blog\/wp-content\/uploads\/2023\/09\/iNFRA_5-e1761735885940.png\",\"contentUrl\":\"https:\/\/agenciainfra.com\/blog\/wp-content\/uploads\/2023\/09\/iNFRA_5-e1761735885940.png\",\"width\":1672,\"height\":454,\"caption\":\"Ag\u00eancia iNFRA\"},\"image\":{\"@id\":\"https:\/\/agenciainfra.com\/blog\/#\/schema\/logo\/image\/\"},\"sameAs\":[\"https:\/\/www.facebook.com\/ageninfra\",\"https:\/\/x.com\/agencia_infra\",\"https:\/\/www.linkedin.com\/company\/ag\u00eanciainfra\/\",\"https:\/\/www.instagram.com\/agenciainfra\/\"]},{\"@type\":\"Person\",\"@id\":\"https:\/\/agenciainfra.com\/blog\/#\/schema\/person\/34af08dff6adea4cb22b06612ba7acfa\",\"name\":\"Ag\u00eancia iNFRA\",\"image\":{\"@type\":\"ImageObject\",\"inLanguage\":\"pt-BR\",\"@id\":\"https:\/\/agenciainfra.com\/blog\/#\/schema\/person\/image\/\",\"url\":\"https:\/\/secure.gravatar.com\/avatar\/d189e01678f06d8eb84d4e01f08eb848b3fffe3f8443818d3c356c66892f5be8?s=96&d=mm&r=g\",\"contentUrl\":\"https:\/\/secure.gravatar.com\/avatar\/d189e01678f06d8eb84d4e01f08eb848b3fffe3f8443818d3c356c66892f5be8?s=96&d=mm&r=g\",\"caption\":\"Ag\u00eancia iNFRA\"},\"url\":\"https:\/\/agenciainfra.com\/blog\/author\/admin\/\"}]}<\/script>\n<!-- \/ Yoast SEO Premium plugin. -->","yoast_head_json":{"title":"Amazonas Energia: \u00c2mbar prop\u00f5e flexibiliza\u00e7\u00f5es que podem chegar a R$ 20 bi e cashback ao consumidor - Ag\u00eancia iNFRA","robots":{"index":"index","follow":"follow","max-snippet":"max-snippet:-1","max-image-preview":"max-image-preview:large","max-video-preview":"max-video-preview:-1"},"canonical":"https:\/\/agenciainfra.com\/blog\/amazonas-energia-ambar-propoe-flexibilizacoes-que-podem-chegar-a-r-20-bi-e-cashback-ao-consumidor\/","og_locale":"pt_BR","og_type":"article","og_title":"Amazonas Energia: \u00c2mbar prop\u00f5e flexibiliza\u00e7\u00f5es que podem chegar a R$ 20 bi e cashback ao consumidor","og_description":"Geraldo Campos Jr. e&nbsp;Lais Carregosa, da Ag\u00eancia iNFRA A \u00c2mbar Energia, do Grupo J&amp;F, prop\u00f4s \u00e0 ANEEL (Ag\u00eancia Nacional de Energia El\u00e9trica) um acordo judicial para assumir a Amazonas Energia que inclui uma esp\u00e9cie de cashback na tarifa e a manuten\u00e7\u00e3o do atual patamar de flexibiliza\u00e7\u00f5es regulat\u00f3rias, o que pode chegar a R$ 20 bilh\u00f5es [&hellip;]","og_url":"https:\/\/agenciainfra.com\/blog\/amazonas-energia-ambar-propoe-flexibilizacoes-que-podem-chegar-a-r-20-bi-e-cashback-ao-consumidor\/","og_site_name":"Ag\u00eancia iNFRA","article_publisher":"https:\/\/www.facebook.com\/ageninfra","article_published_time":"2025-05-09T12:00:00+00:00","article_modified_time":"2025-05-12T15:30:04+00:00","og_image":[{"width":1280,"height":855,"url":"https:\/\/agenciainfra.com\/blog\/wp-content\/uploads\/2021\/01\/amazonas-energia-foto-divulgacao-redes-sociais.jpg","type":"image\/jpeg"}],"author":"Ag\u00eancia iNFRA","twitter_card":"summary_large_image","twitter_creator":"@agencia_infra","twitter_site":"@agencia_infra","twitter_misc":{"Escrito por":"Ag\u00eancia iNFRA","Est. tempo de leitura":"4 minutos"},"schema":{"@context":"https:\/\/schema.org","@graph":[{"@type":"Article","@id":"https:\/\/agenciainfra.com\/blog\/amazonas-energia-ambar-propoe-flexibilizacoes-que-podem-chegar-a-r-20-bi-e-cashback-ao-consumidor\/#article","isPartOf":{"@id":"https:\/\/agenciainfra.com\/blog\/amazonas-energia-ambar-propoe-flexibilizacoes-que-podem-chegar-a-r-20-bi-e-cashback-ao-consumidor\/"},"author":{"name":"Ag\u00eancia iNFRA","@id":"https:\/\/agenciainfra.com\/blog\/#\/schema\/person\/34af08dff6adea4cb22b06612ba7acfa"},"headline":"Amazonas Energia: \u00c2mbar prop\u00f5e flexibiliza\u00e7\u00f5es que podem chegar a R$ 20 bi e cashback ao consumidor","datePublished":"2025-05-09T12:00:00+00:00","dateModified":"2025-05-12T15:30:04+00:00","mainEntityOfPage":{"@id":"https:\/\/agenciainfra.com\/blog\/amazonas-energia-ambar-propoe-flexibilizacoes-que-podem-chegar-a-r-20-bi-e-cashback-ao-consumidor\/"},"wordCount":830,"publisher":{"@id":"https:\/\/agenciainfra.com\/blog\/#organization"},"image":{"@id":"https:\/\/agenciainfra.com\/blog\/amazonas-energia-ambar-propoe-flexibilizacoes-que-podem-chegar-a-r-20-bi-e-cashback-ao-consumidor\/#primaryimage"},"thumbnailUrl":"https:\/\/agenciainfra.com\/blog\/wp-content\/uploads\/2021\/01\/amazonas-energia-foto-divulgacao-redes-sociais.jpg","keywords":["Amazonas Energia","\u00c2mbar","\u00c2mbar Energia","ANEEL","cashback na tarifa","Eletrobras","Geraldo Campos Jr.","J&amp;F","Lais Carregosa","Petrobras","termel\u00e9tricas","termel\u00e9tricas do Norte","transfer\u00eancia Amazonas","Venda da Amazonas Energia"],"articleSection":["Destaque lista","Geral","iNFRAEnergia"],"inLanguage":"pt-BR","copyrightYear":"2025","copyrightHolder":{"@id":"https:\/\/agenciainfra.com\/blog\/#organization"}},{"@type":"WebPage","@id":"https:\/\/agenciainfra.com\/blog\/amazonas-energia-ambar-propoe-flexibilizacoes-que-podem-chegar-a-r-20-bi-e-cashback-ao-consumidor\/","url":"https:\/\/agenciainfra.com\/blog\/amazonas-energia-ambar-propoe-flexibilizacoes-que-podem-chegar-a-r-20-bi-e-cashback-ao-consumidor\/","name":"Amazonas Energia: \u00c2mbar prop\u00f5e flexibiliza\u00e7\u00f5es que podem chegar a R$ 20 bi e cashback ao consumidor - Ag\u00eancia iNFRA","isPartOf":{"@id":"https:\/\/agenciainfra.com\/blog\/#website"},"primaryImageOfPage":{"@id":"https:\/\/agenciainfra.com\/blog\/amazonas-energia-ambar-propoe-flexibilizacoes-que-podem-chegar-a-r-20-bi-e-cashback-ao-consumidor\/#primaryimage"},"image":{"@id":"https:\/\/agenciainfra.com\/blog\/amazonas-energia-ambar-propoe-flexibilizacoes-que-podem-chegar-a-r-20-bi-e-cashback-ao-consumidor\/#primaryimage"},"thumbnailUrl":"https:\/\/agenciainfra.com\/blog\/wp-content\/uploads\/2021\/01\/amazonas-energia-foto-divulgacao-redes-sociais.jpg","datePublished":"2025-05-09T12:00:00+00:00","dateModified":"2025-05-12T15:30:04+00:00","breadcrumb":{"@id":"https:\/\/agenciainfra.com\/blog\/amazonas-energia-ambar-propoe-flexibilizacoes-que-podem-chegar-a-r-20-bi-e-cashback-ao-consumidor\/#breadcrumb"},"inLanguage":"pt-BR","potentialAction":[{"@type":"ReadAction","target":["https:\/\/agenciainfra.com\/blog\/amazonas-energia-ambar-propoe-flexibilizacoes-que-podem-chegar-a-r-20-bi-e-cashback-ao-consumidor\/"]}]},{"@type":"ImageObject","inLanguage":"pt-BR","@id":"https:\/\/agenciainfra.com\/blog\/amazonas-energia-ambar-propoe-flexibilizacoes-que-podem-chegar-a-r-20-bi-e-cashback-ao-consumidor\/#primaryimage","url":"https:\/\/agenciainfra.com\/blog\/wp-content\/uploads\/2021\/01\/amazonas-energia-foto-divulgacao-redes-sociais.jpg","contentUrl":"https:\/\/agenciainfra.com\/blog\/wp-content\/uploads\/2021\/01\/amazonas-energia-foto-divulgacao-redes-sociais.jpg","width":1280,"height":855,"caption":"Foto: Divulga\u00e7\u00e3o\/Amazonas Energia"},{"@type":"BreadcrumbList","@id":"https:\/\/agenciainfra.com\/blog\/amazonas-energia-ambar-propoe-flexibilizacoes-que-podem-chegar-a-r-20-bi-e-cashback-ao-consumidor\/#breadcrumb","itemListElement":[{"@type":"ListItem","position":1,"name":"In\u00edcio","item":"https:\/\/agenciainfra.com\/blog\/"},{"@type":"ListItem","position":2,"name":"Amazonas Energia: \u00c2mbar prop\u00f5e flexibiliza\u00e7\u00f5es que podem chegar a R$ 20 bi e cashback ao consumidor"}]},{"@type":"WebSite","@id":"https:\/\/agenciainfra.com\/blog\/#website","url":"https:\/\/agenciainfra.com\/blog\/","name":"Ag\u00eancia iNFRA","description":"Multiplataforma de informa\u00e7\u00e3o jornal\u00edstica refer\u00eancia na \u00e1rea de infraestrutura no Brasil!","publisher":{"@id":"https:\/\/agenciainfra.com\/blog\/#organization"},"potentialAction":[{"@type":"SearchAction","target":{"@type":"EntryPoint","urlTemplate":"https:\/\/agenciainfra.com\/blog\/?s={search_term_string}"},"query-input":{"@type":"PropertyValueSpecification","valueRequired":true,"valueName":"search_term_string"}}],"inLanguage":"pt-BR"},{"@type":"Organization","@id":"https:\/\/agenciainfra.com\/blog\/#organization","name":"Ag\u00eancia iNFRA","url":"https:\/\/agenciainfra.com\/blog\/","logo":{"@type":"ImageObject","inLanguage":"pt-BR","@id":"https:\/\/agenciainfra.com\/blog\/#\/schema\/logo\/image\/","url":"https:\/\/agenciainfra.com\/blog\/wp-content\/uploads\/2023\/09\/iNFRA_5-e1761735885940.png","contentUrl":"https:\/\/agenciainfra.com\/blog\/wp-content\/uploads\/2023\/09\/iNFRA_5-e1761735885940.png","width":1672,"height":454,"caption":"Ag\u00eancia iNFRA"},"image":{"@id":"https:\/\/agenciainfra.com\/blog\/#\/schema\/logo\/image\/"},"sameAs":["https:\/\/www.facebook.com\/ageninfra","https:\/\/x.com\/agencia_infra","https:\/\/www.linkedin.com\/company\/ag\u00eanciainfra\/","https:\/\/www.instagram.com\/agenciainfra\/"]},{"@type":"Person","@id":"https:\/\/agenciainfra.com\/blog\/#\/schema\/person\/34af08dff6adea4cb22b06612ba7acfa","name":"Ag\u00eancia iNFRA","image":{"@type":"ImageObject","inLanguage":"pt-BR","@id":"https:\/\/agenciainfra.com\/blog\/#\/schema\/person\/image\/","url":"https:\/\/secure.gravatar.com\/avatar\/d189e01678f06d8eb84d4e01f08eb848b3fffe3f8443818d3c356c66892f5be8?s=96&d=mm&r=g","contentUrl":"https:\/\/secure.gravatar.com\/avatar\/d189e01678f06d8eb84d4e01f08eb848b3fffe3f8443818d3c356c66892f5be8?s=96&d=mm&r=g","caption":"Ag\u00eancia iNFRA"},"url":"https:\/\/agenciainfra.com\/blog\/author\/admin\/"}]}},"_links":{"self":[{"href":"https:\/\/agenciainfra.com\/blog\/wp-json\/wp\/v2\/posts\/21561","targetHints":{"allow":["GET"]}}],"collection":[{"href":"https:\/\/agenciainfra.com\/blog\/wp-json\/wp\/v2\/posts"}],"about":[{"href":"https:\/\/agenciainfra.com\/blog\/wp-json\/wp\/v2\/types\/post"}],"author":[{"embeddable":true,"href":"https:\/\/agenciainfra.com\/blog\/wp-json\/wp\/v2\/users\/1"}],"replies":[{"embeddable":true,"href":"https:\/\/agenciainfra.com\/blog\/wp-json\/wp\/v2\/comments?post=21561"}],"version-history":[{"count":1,"href":"https:\/\/agenciainfra.com\/blog\/wp-json\/wp\/v2\/posts\/21561\/revisions"}],"predecessor-version":[{"id":21562,"href":"https:\/\/agenciainfra.com\/blog\/wp-json\/wp\/v2\/posts\/21561\/revisions\/21562"}],"wp:featuredmedia":[{"embeddable":true,"href":"https:\/\/agenciainfra.com\/blog\/wp-json\/wp\/v2\/media\/6714"}],"wp:attachment":[{"href":"https:\/\/agenciainfra.com\/blog\/wp-json\/wp\/v2\/media?parent=21561"}],"wp:term":[{"taxonomy":"category","embeddable":true,"href":"https:\/\/agenciainfra.com\/blog\/wp-json\/wp\/v2\/categories?post=21561"},{"taxonomy":"post_tag","embeddable":true,"href":"https:\/\/agenciainfra.com\/blog\/wp-json\/wp\/v2\/tags?post=21561"}],"curies":[{"name":"wp","href":"https:\/\/api.w.org\/{rel}","templated":true}]}}