{"id":21567,"date":"2025-05-09T09:00:00","date_gmt":"2025-05-09T12:00:00","guid":{"rendered":"https:\/\/agenciainfra.com\/blog\/?p=21567"},"modified":"2025-05-09T08:10:58","modified_gmt":"2025-05-09T11:10:58","slug":"resolucoes-do-ppi-confirmam-inclusao-das-malhas-nordeste-e-tereza-cristina-para-prorrogacao-de-concessoes","status":"publish","type":"post","link":"https:\/\/agenciainfra.com\/blog\/resolucoes-do-ppi-confirmam-inclusao-das-malhas-nordeste-e-tereza-cristina-para-prorrogacao-de-concessoes\/","title":{"rendered":"Resolu\u00e7\u00f5es do PPI confirmam inclus\u00e3o das malhas Nordeste e Tereza Cristina para prorroga\u00e7\u00e3o de concess\u00f5es"},"content":{"rendered":"\n<p class=\"has-text-align-right\"><strong>da Ag\u00eancia iNFRA<\/strong><\/p>\n\n\n\n<p>O Conselho do PPI (Programa de Parcerias de Investimentos), da Casa Civil, publicou cinco resolu\u00e7\u00f5es com novos atos de qualifica\u00e7\u00e3o de ativos nos setores de transportes e infraestrutura. As decis\u00f5es foram tomadas na reuni\u00e3o do conselho do dia 25 de mar\u00e7o e publicadas no Di\u00e1rio Oficial da Uni\u00e3o desta sexta-feira (9).<\/p>\n\n\n\n<p>No setor ferrovi\u00e1rio, o Conselho do PPI <a href=\"https:\/\/www.in.gov.br\/en\/web\/dou\/-\/resolucao-cppi-n-335-de-25-de-marco-de-2025-628510089\">aprovou<\/a> a qualifica\u00e7\u00e3o da Malha Nordeste e da Malha Tereza Cristina, com vistas \u00e0 prorroga\u00e7\u00e3o antecipada dos contratos de concess\u00e3o. A resolu\u00e7\u00e3o tamb\u00e9m aprovou a prorroga\u00e7\u00e3o do prazo de relicita\u00e7\u00e3o do aeroporto do Gale\u00e3o (RJ).<\/p>\n\n\n\n<p><a href=\"https:\/\/www.in.gov.br\/en\/web\/dou\/-\/resolucao-cppi-n-334-de-25-de-marco-de-2025-628509425\">Foi recomendada<\/a>, para aprova\u00e7\u00e3o do presidente da Rep\u00fablica, a inclus\u00e3o da EF-118, localizada entre o Rio de Janeiro e Esp\u00edrito Santo, no PND (Programa Nacional de Desestatiza\u00e7\u00e3o).<\/p>\n\n\n\n<p><strong>Qualifica\u00e7\u00e3o de rodovias<\/strong><br>O Conselho <a href=\"https:\/\/www.in.gov.br\/en\/web\/dou\/-\/resolucao-cppi-n-336-de-25-de-marco-de-2025-628510964\">aprovou<\/a> as condi\u00e7\u00f5es m\u00ednimas e a modalidade operacional da desestatiza\u00e7\u00e3o das BR-060\/364\/GO\/MT, no trecho entre Rio Verde (GO) e Rondon\u00f3polis (MT). Tamb\u00e9m foi publicada <a href=\"https:\/\/www.in.gov.br\/en\/web\/dou\/-\/resolucao-cppi-n-333-de-25-de-marco-de-2025-628455387\">resolu\u00e7\u00e3o<\/a> para incluir novos trechos de rodovias no estado do Paran\u00e1 entre os projetos qualificados no PPI e no PND.<\/p>\n\n\n\n<p><strong>Arrendamentos portu\u00e1rios<\/strong><br>O Conselho do PPI aprovou, ainda, a <a href=\"https:\/\/www.in.gov.br\/en\/web\/dou\/-\/resolucao-cppi-n-337-de-25-de-marco-de-2025-628540775\">qualifica\u00e7\u00e3o de quatro novos arrendamentos portu\u00e1rios<\/a>: NAT01, no Porto de Natal (RN); TMP Macei\u00f3 e MAC16, no Porto de Macei\u00f3 (AL); e PAR25, no Porto de Paranagu\u00e1 (PR).<\/p>\n","protected":false},"excerpt":{"rendered":"<p>da Ag\u00eancia iNFRA O Conselho do PPI (Programa de Parcerias de Investimentos), da Casa Civil, publicou cinco resolu\u00e7\u00f5es com novos atos de qualifica\u00e7\u00e3o de ativos nos setores de transportes e infraestrutura. As decis\u00f5es foram tomadas na reuni\u00e3o do conselho do dia 25 de mar\u00e7o e publicadas no Di\u00e1rio Oficial da Uni\u00e3o desta sexta-feira (9). No [&hellip;]<\/p>\n","protected":false},"author":1,"featured_media":14358,"comment_status":"closed","ping_status":"closed","sticky":false,"template":"","format":"standard","meta":{"_monsterinsights_skip_tracking":false,"_monsterinsights_sitenote_active":false,"_monsterinsights_sitenote_note":"","_monsterinsights_sitenote_category":0,"footnotes":""},"categories":[7250,1,7],"tags":[2128,8025,192,3351,8246,13304,13305,12225,1258,36,13303,13302,1027,8449,13301,3259,12378,13306],"class_list":["post-21567","post","type-post","status-publish","format-standard","has-post-thumbnail","hentry","category-destaque-lista","category-geral","category-infratransporte","tag-aeroporto-do-galeao","tag-arrendamentos-portuarios","tag-desestatizacao","tag-ef-118","tag-malha-nordeste","tag-malha-tereza-cristina","tag-nat01","tag-par25","tag-plano-nacional-de-desestatizacao","tag-ppi","tag-prorrogacao-de-contratos","tag-qualificacao-de-rodovias","tag-relicitacao","tag-renovacao-de-contratos","tag-resolucoes-do-ppi","tag-rodovias-do-parana","tag-rota-agro","tag-tmp-maceio"],"yoast_head":"<!-- This site is optimized with the Yoast SEO Premium plugin v25.4 (Yoast SEO v26.0) - https:\/\/yoast.com\/wordpress\/plugins\/seo\/ -->\n<title>Resolu\u00e7\u00f5es do PPI confirmam inclus\u00e3o das malhas Nordeste e Tereza Cristina para prorroga\u00e7\u00e3o de concess\u00f5es - Ag\u00eancia iNFRA<\/title>\n<meta name=\"robots\" content=\"index, follow, max-snippet:-1, max-image-preview:large, max-video-preview:-1\" \/>\n<link rel=\"canonical\" href=\"https:\/\/agenciainfra.com\/blog\/resolucoes-do-ppi-confirmam-inclusao-das-malhas-nordeste-e-tereza-cristina-para-prorrogacao-de-concessoes\/\" \/>\n<meta property=\"og:locale\" content=\"pt_BR\" \/>\n<meta property=\"og:type\" content=\"article\" \/>\n<meta property=\"og:title\" content=\"Resolu\u00e7\u00f5es do PPI confirmam inclus\u00e3o das malhas Nordeste e Tereza Cristina para prorroga\u00e7\u00e3o de concess\u00f5es\" \/>\n<meta property=\"og:description\" content=\"da Ag\u00eancia iNFRA O Conselho do PPI (Programa de Parcerias de Investimentos), da Casa Civil, publicou cinco resolu\u00e7\u00f5es com novos atos de qualifica\u00e7\u00e3o de ativos nos setores de transportes e infraestrutura. As decis\u00f5es foram tomadas na reuni\u00e3o do conselho do dia 25 de mar\u00e7o e publicadas no Di\u00e1rio Oficial da Uni\u00e3o desta sexta-feira (9). No [&hellip;]\" \/>\n<meta property=\"og:url\" content=\"https:\/\/agenciainfra.com\/blog\/resolucoes-do-ppi-confirmam-inclusao-das-malhas-nordeste-e-tereza-cristina-para-prorrogacao-de-concessoes\/\" \/>\n<meta property=\"og:site_name\" content=\"Ag\u00eancia iNFRA\" \/>\n<meta property=\"article:publisher\" content=\"https:\/\/www.facebook.com\/ageninfra\" \/>\n<meta property=\"article:published_time\" content=\"2025-05-09T12:00:00+00:00\" \/>\n<meta property=\"og:image\" content=\"https:\/\/agenciainfra.com\/blog\/wp-content\/uploads\/2023\/10\/sustentabilidade-infraestrutura-trilho-foto-pxhere.com_.jpg\" \/>\n\t<meta property=\"og:image:width\" content=\"1202\" \/>\n\t<meta property=\"og:image:height\" content=\"802\" \/>\n\t<meta property=\"og:image:type\" content=\"image\/jpeg\" \/>\n<meta name=\"author\" content=\"Ag\u00eancia iNFRA\" \/>\n<meta name=\"twitter:card\" content=\"summary_large_image\" \/>\n<meta name=\"twitter:creator\" content=\"@agencia_infra\" \/>\n<meta name=\"twitter:site\" content=\"@agencia_infra\" \/>\n<meta name=\"twitter:label1\" content=\"Escrito por\" \/>\n\t<meta name=\"twitter:data1\" content=\"Ag\u00eancia iNFRA\" \/>\n\t<meta name=\"twitter:label2\" content=\"Est. tempo de leitura\" \/>\n\t<meta name=\"twitter:data2\" content=\"1 minuto\" \/>\n<script type=\"application\/ld+json\" class=\"yoast-schema-graph\">{\"@context\":\"https:\/\/schema.org\",\"@graph\":[{\"@type\":\"Article\",\"@id\":\"https:\/\/agenciainfra.com\/blog\/resolucoes-do-ppi-confirmam-inclusao-das-malhas-nordeste-e-tereza-cristina-para-prorrogacao-de-concessoes\/#article\",\"isPartOf\":{\"@id\":\"https:\/\/agenciainfra.com\/blog\/resolucoes-do-ppi-confirmam-inclusao-das-malhas-nordeste-e-tereza-cristina-para-prorrogacao-de-concessoes\/\"},\"author\":{\"name\":\"Ag\u00eancia iNFRA\",\"@id\":\"https:\/\/agenciainfra.com\/blog\/#\/schema\/person\/34af08dff6adea4cb22b06612ba7acfa\"},\"headline\":\"Resolu\u00e7\u00f5es do PPI confirmam inclus\u00e3o das malhas Nordeste e Tereza Cristina para prorroga\u00e7\u00e3o de concess\u00f5es\",\"datePublished\":\"2025-05-09T12:00:00+00:00\",\"mainEntityOfPage\":{\"@id\":\"https:\/\/agenciainfra.com\/blog\/resolucoes-do-ppi-confirmam-inclusao-das-malhas-nordeste-e-tereza-cristina-para-prorrogacao-de-concessoes\/\"},\"wordCount\":259,\"publisher\":{\"@id\":\"https:\/\/agenciainfra.com\/blog\/#organization\"},\"image\":{\"@id\":\"https:\/\/agenciainfra.com\/blog\/resolucoes-do-ppi-confirmam-inclusao-das-malhas-nordeste-e-tereza-cristina-para-prorrogacao-de-concessoes\/#primaryimage\"},\"thumbnailUrl\":\"https:\/\/agenciainfra.com\/blog\/wp-content\/uploads\/2023\/10\/sustentabilidade-infraestrutura-trilho-foto-pxhere.com_.jpg\",\"keywords\":[\"Aeroporto do Gale\u00e3o\",\"Arrendamentos Portu\u00e1rios\",\"desestatiza\u00e7\u00e3o\",\"EF-118\",\"Malha Nordeste\",\"malha tereza cristina\",\"NAT01\",\"par25\",\"Plano Nacional de Desestatiza\u00e7\u00e3o\",\"PPI\",\"prorroga\u00e7\u00e3o de contratos\",\"qualifica\u00e7\u00e3o de rodovias\",\"relicita\u00e7\u00e3o\",\"Renova\u00e7\u00e3o de Contratos\",\"resolu\u00e7\u00f5es do ppi\",\"rodovias do Paran\u00e1\",\"Rota Agro\",\"TMP Macei\u00f3\"],\"articleSection\":[\"Destaque lista\",\"Geral\",\"iNFRATransporte\"],\"inLanguage\":\"pt-BR\",\"copyrightYear\":\"2025\",\"copyrightHolder\":{\"@id\":\"https:\/\/agenciainfra.com\/blog\/#organization\"}},{\"@type\":\"WebPage\",\"@id\":\"https:\/\/agenciainfra.com\/blog\/resolucoes-do-ppi-confirmam-inclusao-das-malhas-nordeste-e-tereza-cristina-para-prorrogacao-de-concessoes\/\",\"url\":\"https:\/\/agenciainfra.com\/blog\/resolucoes-do-ppi-confirmam-inclusao-das-malhas-nordeste-e-tereza-cristina-para-prorrogacao-de-concessoes\/\",\"name\":\"Resolu\u00e7\u00f5es do PPI confirmam inclus\u00e3o das malhas Nordeste e Tereza Cristina para prorroga\u00e7\u00e3o de concess\u00f5es - Ag\u00eancia iNFRA\",\"isPartOf\":{\"@id\":\"https:\/\/agenciainfra.com\/blog\/#website\"},\"primaryImageOfPage\":{\"@id\":\"https:\/\/agenciainfra.com\/blog\/resolucoes-do-ppi-confirmam-inclusao-das-malhas-nordeste-e-tereza-cristina-para-prorrogacao-de-concessoes\/#primaryimage\"},\"image\":{\"@id\":\"https:\/\/agenciainfra.com\/blog\/resolucoes-do-ppi-confirmam-inclusao-das-malhas-nordeste-e-tereza-cristina-para-prorrogacao-de-concessoes\/#primaryimage\"},\"thumbnailUrl\":\"https:\/\/agenciainfra.com\/blog\/wp-content\/uploads\/2023\/10\/sustentabilidade-infraestrutura-trilho-foto-pxhere.com_.jpg\",\"datePublished\":\"2025-05-09T12:00:00+00:00\",\"breadcrumb\":{\"@id\":\"https:\/\/agenciainfra.com\/blog\/resolucoes-do-ppi-confirmam-inclusao-das-malhas-nordeste-e-tereza-cristina-para-prorrogacao-de-concessoes\/#breadcrumb\"},\"inLanguage\":\"pt-BR\",\"potentialAction\":[{\"@type\":\"ReadAction\",\"target\":[\"https:\/\/agenciainfra.com\/blog\/resolucoes-do-ppi-confirmam-inclusao-das-malhas-nordeste-e-tereza-cristina-para-prorrogacao-de-concessoes\/\"]}]},{\"@type\":\"ImageObject\",\"inLanguage\":\"pt-BR\",\"@id\":\"https:\/\/agenciainfra.com\/blog\/resolucoes-do-ppi-confirmam-inclusao-das-malhas-nordeste-e-tereza-cristina-para-prorrogacao-de-concessoes\/#primaryimage\",\"url\":\"https:\/\/agenciainfra.com\/blog\/wp-content\/uploads\/2023\/10\/sustentabilidade-infraestrutura-trilho-foto-pxhere.com_.jpg\",\"contentUrl\":\"https:\/\/agenciainfra.com\/blog\/wp-content\/uploads\/2023\/10\/sustentabilidade-infraestrutura-trilho-foto-pxhere.com_.jpg\",\"width\":1202,\"height\":802},{\"@type\":\"BreadcrumbList\",\"@id\":\"https:\/\/agenciainfra.com\/blog\/resolucoes-do-ppi-confirmam-inclusao-das-malhas-nordeste-e-tereza-cristina-para-prorrogacao-de-concessoes\/#breadcrumb\",\"itemListElement\":[{\"@type\":\"ListItem\",\"position\":1,\"name\":\"In\u00edcio\",\"item\":\"https:\/\/agenciainfra.com\/blog\/\"},{\"@type\":\"ListItem\",\"position\":2,\"name\":\"Resolu\u00e7\u00f5es do PPI confirmam inclus\u00e3o das malhas Nordeste e Tereza Cristina para prorroga\u00e7\u00e3o de concess\u00f5es\"}]},{\"@type\":\"WebSite\",\"@id\":\"https:\/\/agenciainfra.com\/blog\/#website\",\"url\":\"https:\/\/agenciainfra.com\/blog\/\",\"name\":\"Ag\u00eancia iNFRA\",\"description\":\"Multiplataforma de informa\u00e7\u00e3o jornal\u00edstica refer\u00eancia na \u00e1rea de infraestrutura no Brasil!\",\"publisher\":{\"@id\":\"https:\/\/agenciainfra.com\/blog\/#organization\"},\"potentialAction\":[{\"@type\":\"SearchAction\",\"target\":{\"@type\":\"EntryPoint\",\"urlTemplate\":\"https:\/\/agenciainfra.com\/blog\/?s={search_term_string}\"},\"query-input\":{\"@type\":\"PropertyValueSpecification\",\"valueRequired\":true,\"valueName\":\"search_term_string\"}}],\"inLanguage\":\"pt-BR\"},{\"@type\":\"Organization\",\"@id\":\"https:\/\/agenciainfra.com\/blog\/#organization\",\"name\":\"Ag\u00eancia iNFRA\",\"url\":\"https:\/\/agenciainfra.com\/blog\/\",\"logo\":{\"@type\":\"ImageObject\",\"inLanguage\":\"pt-BR\",\"@id\":\"https:\/\/agenciainfra.com\/blog\/#\/schema\/logo\/image\/\",\"url\":\"https:\/\/agenciainfra.com\/blog\/wp-content\/uploads\/2023\/09\/iNFRA_5-e1761735885940.png\",\"contentUrl\":\"https:\/\/agenciainfra.com\/blog\/wp-content\/uploads\/2023\/09\/iNFRA_5-e1761735885940.png\",\"width\":1672,\"height\":454,\"caption\":\"Ag\u00eancia iNFRA\"},\"image\":{\"@id\":\"https:\/\/agenciainfra.com\/blog\/#\/schema\/logo\/image\/\"},\"sameAs\":[\"https:\/\/www.facebook.com\/ageninfra\",\"https:\/\/x.com\/agencia_infra\",\"https:\/\/www.linkedin.com\/company\/ag\u00eanciainfra\/\",\"https:\/\/www.instagram.com\/agenciainfra\/\"]},{\"@type\":\"Person\",\"@id\":\"https:\/\/agenciainfra.com\/blog\/#\/schema\/person\/34af08dff6adea4cb22b06612ba7acfa\",\"name\":\"Ag\u00eancia iNFRA\",\"image\":{\"@type\":\"ImageObject\",\"inLanguage\":\"pt-BR\",\"@id\":\"https:\/\/agenciainfra.com\/blog\/#\/schema\/person\/image\/\",\"url\":\"https:\/\/secure.gravatar.com\/avatar\/d189e01678f06d8eb84d4e01f08eb848b3fffe3f8443818d3c356c66892f5be8?s=96&d=mm&r=g\",\"contentUrl\":\"https:\/\/secure.gravatar.com\/avatar\/d189e01678f06d8eb84d4e01f08eb848b3fffe3f8443818d3c356c66892f5be8?s=96&d=mm&r=g\",\"caption\":\"Ag\u00eancia iNFRA\"},\"url\":\"https:\/\/agenciainfra.com\/blog\/author\/admin\/\"}]}<\/script>\n<!-- \/ Yoast SEO Premium plugin. -->","yoast_head_json":{"title":"Resolu\u00e7\u00f5es do PPI confirmam inclus\u00e3o das malhas Nordeste e Tereza Cristina para prorroga\u00e7\u00e3o de concess\u00f5es - Ag\u00eancia iNFRA","robots":{"index":"index","follow":"follow","max-snippet":"max-snippet:-1","max-image-preview":"max-image-preview:large","max-video-preview":"max-video-preview:-1"},"canonical":"https:\/\/agenciainfra.com\/blog\/resolucoes-do-ppi-confirmam-inclusao-das-malhas-nordeste-e-tereza-cristina-para-prorrogacao-de-concessoes\/","og_locale":"pt_BR","og_type":"article","og_title":"Resolu\u00e7\u00f5es do PPI confirmam inclus\u00e3o das malhas Nordeste e Tereza Cristina para prorroga\u00e7\u00e3o de concess\u00f5es","og_description":"da Ag\u00eancia iNFRA O Conselho do PPI (Programa de Parcerias de Investimentos), da Casa Civil, publicou cinco resolu\u00e7\u00f5es com novos atos de qualifica\u00e7\u00e3o de ativos nos setores de transportes e infraestrutura. As decis\u00f5es foram tomadas na reuni\u00e3o do conselho do dia 25 de mar\u00e7o e publicadas no Di\u00e1rio Oficial da Uni\u00e3o desta sexta-feira (9). No [&hellip;]","og_url":"https:\/\/agenciainfra.com\/blog\/resolucoes-do-ppi-confirmam-inclusao-das-malhas-nordeste-e-tereza-cristina-para-prorrogacao-de-concessoes\/","og_site_name":"Ag\u00eancia iNFRA","article_publisher":"https:\/\/www.facebook.com\/ageninfra","article_published_time":"2025-05-09T12:00:00+00:00","og_image":[{"width":1202,"height":802,"url":"https:\/\/agenciainfra.com\/blog\/wp-content\/uploads\/2023\/10\/sustentabilidade-infraestrutura-trilho-foto-pxhere.com_.jpg","type":"image\/jpeg"}],"author":"Ag\u00eancia iNFRA","twitter_card":"summary_large_image","twitter_creator":"@agencia_infra","twitter_site":"@agencia_infra","twitter_misc":{"Escrito por":"Ag\u00eancia iNFRA","Est. tempo de leitura":"1 minuto"},"schema":{"@context":"https:\/\/schema.org","@graph":[{"@type":"Article","@id":"https:\/\/agenciainfra.com\/blog\/resolucoes-do-ppi-confirmam-inclusao-das-malhas-nordeste-e-tereza-cristina-para-prorrogacao-de-concessoes\/#article","isPartOf":{"@id":"https:\/\/agenciainfra.com\/blog\/resolucoes-do-ppi-confirmam-inclusao-das-malhas-nordeste-e-tereza-cristina-para-prorrogacao-de-concessoes\/"},"author":{"name":"Ag\u00eancia iNFRA","@id":"https:\/\/agenciainfra.com\/blog\/#\/schema\/person\/34af08dff6adea4cb22b06612ba7acfa"},"headline":"Resolu\u00e7\u00f5es do PPI confirmam inclus\u00e3o das malhas Nordeste e Tereza Cristina para prorroga\u00e7\u00e3o de concess\u00f5es","datePublished":"2025-05-09T12:00:00+00:00","mainEntityOfPage":{"@id":"https:\/\/agenciainfra.com\/blog\/resolucoes-do-ppi-confirmam-inclusao-das-malhas-nordeste-e-tereza-cristina-para-prorrogacao-de-concessoes\/"},"wordCount":259,"publisher":{"@id":"https:\/\/agenciainfra.com\/blog\/#organization"},"image":{"@id":"https:\/\/agenciainfra.com\/blog\/resolucoes-do-ppi-confirmam-inclusao-das-malhas-nordeste-e-tereza-cristina-para-prorrogacao-de-concessoes\/#primaryimage"},"thumbnailUrl":"https:\/\/agenciainfra.com\/blog\/wp-content\/uploads\/2023\/10\/sustentabilidade-infraestrutura-trilho-foto-pxhere.com_.jpg","keywords":["Aeroporto do Gale\u00e3o","Arrendamentos Portu\u00e1rios","desestatiza\u00e7\u00e3o","EF-118","Malha Nordeste","malha tereza cristina","NAT01","par25","Plano Nacional de Desestatiza\u00e7\u00e3o","PPI","prorroga\u00e7\u00e3o de contratos","qualifica\u00e7\u00e3o de rodovias","relicita\u00e7\u00e3o","Renova\u00e7\u00e3o de Contratos","resolu\u00e7\u00f5es do ppi","rodovias do Paran\u00e1","Rota Agro","TMP Macei\u00f3"],"articleSection":["Destaque lista","Geral","iNFRATransporte"],"inLanguage":"pt-BR","copyrightYear":"2025","copyrightHolder":{"@id":"https:\/\/agenciainfra.com\/blog\/#organization"}},{"@type":"WebPage","@id":"https:\/\/agenciainfra.com\/blog\/resolucoes-do-ppi-confirmam-inclusao-das-malhas-nordeste-e-tereza-cristina-para-prorrogacao-de-concessoes\/","url":"https:\/\/agenciainfra.com\/blog\/resolucoes-do-ppi-confirmam-inclusao-das-malhas-nordeste-e-tereza-cristina-para-prorrogacao-de-concessoes\/","name":"Resolu\u00e7\u00f5es do PPI confirmam inclus\u00e3o das malhas Nordeste e Tereza Cristina para prorroga\u00e7\u00e3o de concess\u00f5es - Ag\u00eancia iNFRA","isPartOf":{"@id":"https:\/\/agenciainfra.com\/blog\/#website"},"primaryImageOfPage":{"@id":"https:\/\/agenciainfra.com\/blog\/resolucoes-do-ppi-confirmam-inclusao-das-malhas-nordeste-e-tereza-cristina-para-prorrogacao-de-concessoes\/#primaryimage"},"image":{"@id":"https:\/\/agenciainfra.com\/blog\/resolucoes-do-ppi-confirmam-inclusao-das-malhas-nordeste-e-tereza-cristina-para-prorrogacao-de-concessoes\/#primaryimage"},"thumbnailUrl":"https:\/\/agenciainfra.com\/blog\/wp-content\/uploads\/2023\/10\/sustentabilidade-infraestrutura-trilho-foto-pxhere.com_.jpg","datePublished":"2025-05-09T12:00:00+00:00","breadcrumb":{"@id":"https:\/\/agenciainfra.com\/blog\/resolucoes-do-ppi-confirmam-inclusao-das-malhas-nordeste-e-tereza-cristina-para-prorrogacao-de-concessoes\/#breadcrumb"},"inLanguage":"pt-BR","potentialAction":[{"@type":"ReadAction","target":["https:\/\/agenciainfra.com\/blog\/resolucoes-do-ppi-confirmam-inclusao-das-malhas-nordeste-e-tereza-cristina-para-prorrogacao-de-concessoes\/"]}]},{"@type":"ImageObject","inLanguage":"pt-BR","@id":"https:\/\/agenciainfra.com\/blog\/resolucoes-do-ppi-confirmam-inclusao-das-malhas-nordeste-e-tereza-cristina-para-prorrogacao-de-concessoes\/#primaryimage","url":"https:\/\/agenciainfra.com\/blog\/wp-content\/uploads\/2023\/10\/sustentabilidade-infraestrutura-trilho-foto-pxhere.com_.jpg","contentUrl":"https:\/\/agenciainfra.com\/blog\/wp-content\/uploads\/2023\/10\/sustentabilidade-infraestrutura-trilho-foto-pxhere.com_.jpg","width":1202,"height":802},{"@type":"BreadcrumbList","@id":"https:\/\/agenciainfra.com\/blog\/resolucoes-do-ppi-confirmam-inclusao-das-malhas-nordeste-e-tereza-cristina-para-prorrogacao-de-concessoes\/#breadcrumb","itemListElement":[{"@type":"ListItem","position":1,"name":"In\u00edcio","item":"https:\/\/agenciainfra.com\/blog\/"},{"@type":"ListItem","position":2,"name":"Resolu\u00e7\u00f5es do PPI confirmam inclus\u00e3o das malhas Nordeste e Tereza Cristina para prorroga\u00e7\u00e3o de concess\u00f5es"}]},{"@type":"WebSite","@id":"https:\/\/agenciainfra.com\/blog\/#website","url":"https:\/\/agenciainfra.com\/blog\/","name":"Ag\u00eancia iNFRA","description":"Multiplataforma de informa\u00e7\u00e3o jornal\u00edstica refer\u00eancia na \u00e1rea de infraestrutura no Brasil!","publisher":{"@id":"https:\/\/agenciainfra.com\/blog\/#organization"},"potentialAction":[{"@type":"SearchAction","target":{"@type":"EntryPoint","urlTemplate":"https:\/\/agenciainfra.com\/blog\/?s={search_term_string}"},"query-input":{"@type":"PropertyValueSpecification","valueRequired":true,"valueName":"search_term_string"}}],"inLanguage":"pt-BR"},{"@type":"Organization","@id":"https:\/\/agenciainfra.com\/blog\/#organization","name":"Ag\u00eancia iNFRA","url":"https:\/\/agenciainfra.com\/blog\/","logo":{"@type":"ImageObject","inLanguage":"pt-BR","@id":"https:\/\/agenciainfra.com\/blog\/#\/schema\/logo\/image\/","url":"https:\/\/agenciainfra.com\/blog\/wp-content\/uploads\/2023\/09\/iNFRA_5-e1761735885940.png","contentUrl":"https:\/\/agenciainfra.com\/blog\/wp-content\/uploads\/2023\/09\/iNFRA_5-e1761735885940.png","width":1672,"height":454,"caption":"Ag\u00eancia iNFRA"},"image":{"@id":"https:\/\/agenciainfra.com\/blog\/#\/schema\/logo\/image\/"},"sameAs":["https:\/\/www.facebook.com\/ageninfra","https:\/\/x.com\/agencia_infra","https:\/\/www.linkedin.com\/company\/ag\u00eanciainfra\/","https:\/\/www.instagram.com\/agenciainfra\/"]},{"@type":"Person","@id":"https:\/\/agenciainfra.com\/blog\/#\/schema\/person\/34af08dff6adea4cb22b06612ba7acfa","name":"Ag\u00eancia iNFRA","image":{"@type":"ImageObject","inLanguage":"pt-BR","@id":"https:\/\/agenciainfra.com\/blog\/#\/schema\/person\/image\/","url":"https:\/\/secure.gravatar.com\/avatar\/d189e01678f06d8eb84d4e01f08eb848b3fffe3f8443818d3c356c66892f5be8?s=96&d=mm&r=g","contentUrl":"https:\/\/secure.gravatar.com\/avatar\/d189e01678f06d8eb84d4e01f08eb848b3fffe3f8443818d3c356c66892f5be8?s=96&d=mm&r=g","caption":"Ag\u00eancia iNFRA"},"url":"https:\/\/agenciainfra.com\/blog\/author\/admin\/"}]}},"_links":{"self":[{"href":"https:\/\/agenciainfra.com\/blog\/wp-json\/wp\/v2\/posts\/21567","targetHints":{"allow":["GET"]}}],"collection":[{"href":"https:\/\/agenciainfra.com\/blog\/wp-json\/wp\/v2\/posts"}],"about":[{"href":"https:\/\/agenciainfra.com\/blog\/wp-json\/wp\/v2\/types\/post"}],"author":[{"embeddable":true,"href":"https:\/\/agenciainfra.com\/blog\/wp-json\/wp\/v2\/users\/1"}],"replies":[{"embeddable":true,"href":"https:\/\/agenciainfra.com\/blog\/wp-json\/wp\/v2\/comments?post=21567"}],"version-history":[{"count":1,"href":"https:\/\/agenciainfra.com\/blog\/wp-json\/wp\/v2\/posts\/21567\/revisions"}],"predecessor-version":[{"id":21568,"href":"https:\/\/agenciainfra.com\/blog\/wp-json\/wp\/v2\/posts\/21567\/revisions\/21568"}],"wp:featuredmedia":[{"embeddable":true,"href":"https:\/\/agenciainfra.com\/blog\/wp-json\/wp\/v2\/media\/14358"}],"wp:attachment":[{"href":"https:\/\/agenciainfra.com\/blog\/wp-json\/wp\/v2\/media?parent=21567"}],"wp:term":[{"taxonomy":"category","embeddable":true,"href":"https:\/\/agenciainfra.com\/blog\/wp-json\/wp\/v2\/categories?post=21567"},{"taxonomy":"post_tag","embeddable":true,"href":"https:\/\/agenciainfra.com\/blog\/wp-json\/wp\/v2\/tags?post=21567"}],"curies":[{"name":"wp","href":"https:\/\/api.w.org\/{rel}","templated":true}]}}