{"id":21587,"date":"2025-05-09T16:57:28","date_gmt":"2025-05-09T19:57:28","guid":{"rendered":"https:\/\/agenciainfra.com\/blog\/?p=21587"},"modified":"2025-05-09T18:33:44","modified_gmt":"2025-05-09T21:33:44","slug":"petrobras-prorroga-ate-31-5-prazo-para-assinatura-de-acordo-pela-unigel-dizem-fontes","status":"publish","type":"post","link":"https:\/\/agenciainfra.com\/blog\/petrobras-prorroga-ate-31-5-prazo-para-assinatura-de-acordo-pela-unigel-dizem-fontes\/","title":{"rendered":"Petrobras prorroga at\u00e9 31\/5 prazo para assinatura de acordo pela Unigel, dizem fontes"},"content":{"rendered":"\n<p class=\"has-text-align-right\"><strong>Gabriel Vasconcelos, da Ag\u00eancia iNFRA<\/strong><\/p>\n\n\n\n<p>O conselho de administra\u00e7\u00e3o da Petrobras prorrogou at\u00e9 31 de maio o prazo para a assinatura do acordo com a Unigel que p\u00f5e fim ao contrato de arrendamento das f\u00e1bricas de fertilizantes (Fafens) na Bahia e em Sergipe, disseram \u00e0<strong> Ag\u00eancia iNFRA<\/strong> fontes da estatal. A <a href=\"https:\/\/www.rad.cvm.gov.br\/ENET\/frmExibirArquivoIPEExterno.aspx?NumeroProtocoloEntrega=1375516\">decis\u00e3o<\/a> foi tomada em reuni\u00e3o de conselho que ocorre na tarde de hoje (9).<\/p>\n\n\n\n<p>A Unigel j\u00e1 teria sinalizado formalmente a aceita\u00e7\u00e3o dos termos do acordo, mas seu conselho de administra\u00e7\u00e3o ainda n\u00e3o o assinou, o que precisa acontecer at\u00e9 o fim do m\u00eas para que o acerto n\u00e3o caduque. O colegiado da Petrobras aprovou o acordo ainda em 17 de abril. Um interlocutor da estatal diz que a minuta est\u00e1 pronta e n\u00e3o pode ser alterada.<\/p>\n\n\n\n<p>Nos termos atuais, a Unigel abre m\u00e3o do contrato vigente para que seja licitada a contrata\u00e7\u00e3o de uma nova empresa sob contrato de opera\u00e7\u00e3o e manuten\u00e7\u00e3o (O&amp;M), com aval para a Unigel participar da disputa. Em troca, seria extinto o processo de arbitragem no qual a Petrobras pede R$ 1,4 bilh\u00e3o relativos a penalidades relativas ao descumprimento do contrato atual. &nbsp;<\/p>\n\n\n\n<p>Originalmente, a Unigel teria os servi\u00e7os de opera\u00e7\u00e3o recontratados sem licita\u00e7\u00e3o. A discord\u00e2ncia da Unigel teria sido superada, at\u00e9 porque a empresa j\u00e1 conhece as plantas e \u00e9 franca favorita no certame, como definem altas fontes da Petrobras.<\/p>\n\n\n\n<p>A Unigel arrendou as duas f\u00e1bricas de fertilizantes da Petrobras em 2019, mas deixou de produzir em 2023, sob o argumento de que a estatal fornecia o g\u00e1s natural, mat\u00e9ria prima do produto final, a pre\u00e7os que inviabilizavam a opera\u00e7\u00e3o. Desde ent\u00e3o, a Petrobras busca retomar as unidades para recoloc\u00e1-las em opera\u00e7\u00e3o, conforme o plano estrat\u00e9gico da companhia e diretrizes do MME (Minist\u00e9rio de Minas e Energia).<\/p>\n\n\n\n<p><em>*Esta mat\u00e9ria foi atualizada para inclus\u00e3o do link para o comunicado de mercado divulgado pela Petrobras sobre o tema.<\/em><\/p>\n","protected":false},"excerpt":{"rendered":"<p>Gabriel Vasconcelos, da Ag\u00eancia iNFRA O conselho de administra\u00e7\u00e3o da Petrobras prorrogou at\u00e9 31 de maio o prazo para a assinatura do acordo com a Unigel que p\u00f5e fim ao contrato de arrendamento das f\u00e1bricas de fertilizantes (Fafens) na Bahia e em Sergipe, disseram \u00e0 Ag\u00eancia iNFRA fontes da estatal. A decis\u00e3o foi tomada em [&hellip;]<\/p>\n","protected":false},"author":1,"featured_media":21559,"comment_status":"closed","ping_status":"closed","sticky":false,"template":"","format":"standard","meta":{"_monsterinsights_skip_tracking":false,"_monsterinsights_sitenote_active":false,"_monsterinsights_sitenote_note":"","_monsterinsights_sitenote_category":0,"footnotes":""},"categories":[7250,1,10,13271],"tags":[13314,13251,96,71,143,10231],"class_list":["post-21587","post","type-post","status-publish","format-standard","has-post-thumbnail","hentry","category-destaque-lista","category-geral","category-infraenergia","category-oleo-gas","tag-fafens","tag-gabriel-vasconcelos","tag-ministerio-de-minas-e-energia","tag-mme","tag-petrobras","tag-unigel"],"yoast_head":"<!-- This site is optimized with the Yoast SEO Premium plugin v25.4 (Yoast SEO v26.0) - https:\/\/yoast.com\/wordpress\/plugins\/seo\/ -->\n<title>Petrobras prorroga at\u00e9 31\/5 prazo para assinatura de acordo pela Unigel, dizem fontes - Ag\u00eancia iNFRA<\/title>\n<meta name=\"robots\" content=\"index, follow, max-snippet:-1, max-image-preview:large, max-video-preview:-1\" \/>\n<link rel=\"canonical\" href=\"https:\/\/agenciainfra.com\/blog\/petrobras-prorroga-ate-31-5-prazo-para-assinatura-de-acordo-pela-unigel-dizem-fontes\/\" \/>\n<meta property=\"og:locale\" content=\"pt_BR\" \/>\n<meta property=\"og:type\" content=\"article\" \/>\n<meta property=\"og:title\" content=\"Petrobras prorroga at\u00e9 31\/5 prazo para assinatura de acordo pela Unigel, dizem fontes\" \/>\n<meta property=\"og:description\" content=\"Gabriel Vasconcelos, da Ag\u00eancia iNFRA O conselho de administra\u00e7\u00e3o da Petrobras prorrogou at\u00e9 31 de maio o prazo para a assinatura do acordo com a Unigel que p\u00f5e fim ao contrato de arrendamento das f\u00e1bricas de fertilizantes (Fafens) na Bahia e em Sergipe, disseram \u00e0 Ag\u00eancia iNFRA fontes da estatal. A decis\u00e3o foi tomada em [&hellip;]\" \/>\n<meta property=\"og:url\" content=\"https:\/\/agenciainfra.com\/blog\/petrobras-prorroga-ate-31-5-prazo-para-assinatura-de-acordo-pela-unigel-dizem-fontes\/\" \/>\n<meta property=\"og:site_name\" content=\"Ag\u00eancia iNFRA\" \/>\n<meta property=\"article:publisher\" content=\"https:\/\/www.facebook.com\/ageninfra\" \/>\n<meta property=\"article:published_time\" content=\"2025-05-09T19:57:28+00:00\" \/>\n<meta property=\"article:modified_time\" content=\"2025-05-09T21:33:44+00:00\" \/>\n<meta property=\"og:image\" content=\"https:\/\/agenciainfra.com\/blog\/wp-content\/uploads\/2025\/05\/unigel-sede-foto-alberto_coutinho-gov-ba.jpeg\" \/>\n\t<meta property=\"og:image:width\" content=\"1280\" \/>\n\t<meta property=\"og:image:height\" content=\"854\" \/>\n\t<meta property=\"og:image:type\" content=\"image\/jpeg\" \/>\n<meta name=\"author\" content=\"Ag\u00eancia iNFRA\" \/>\n<meta name=\"twitter:card\" content=\"summary_large_image\" \/>\n<meta name=\"twitter:creator\" content=\"@agencia_infra\" \/>\n<meta name=\"twitter:site\" content=\"@agencia_infra\" \/>\n<meta name=\"twitter:label1\" content=\"Escrito por\" \/>\n\t<meta name=\"twitter:data1\" content=\"Ag\u00eancia iNFRA\" \/>\n\t<meta name=\"twitter:label2\" content=\"Est. tempo de leitura\" \/>\n\t<meta name=\"twitter:data2\" content=\"2 minutos\" \/>\n<script type=\"application\/ld+json\" class=\"yoast-schema-graph\">{\"@context\":\"https:\/\/schema.org\",\"@graph\":[{\"@type\":\"Article\",\"@id\":\"https:\/\/agenciainfra.com\/blog\/petrobras-prorroga-ate-31-5-prazo-para-assinatura-de-acordo-pela-unigel-dizem-fontes\/#article\",\"isPartOf\":{\"@id\":\"https:\/\/agenciainfra.com\/blog\/petrobras-prorroga-ate-31-5-prazo-para-assinatura-de-acordo-pela-unigel-dizem-fontes\/\"},\"author\":{\"name\":\"Ag\u00eancia iNFRA\",\"@id\":\"https:\/\/agenciainfra.com\/blog\/#\/schema\/person\/34af08dff6adea4cb22b06612ba7acfa\"},\"headline\":\"Petrobras prorroga at\u00e9 31\/5 prazo para assinatura de acordo pela Unigel, dizem fontes\",\"datePublished\":\"2025-05-09T19:57:28+00:00\",\"dateModified\":\"2025-05-09T21:33:44+00:00\",\"mainEntityOfPage\":{\"@id\":\"https:\/\/agenciainfra.com\/blog\/petrobras-prorroga-ate-31-5-prazo-para-assinatura-de-acordo-pela-unigel-dizem-fontes\/\"},\"wordCount\":353,\"publisher\":{\"@id\":\"https:\/\/agenciainfra.com\/blog\/#organization\"},\"image\":{\"@id\":\"https:\/\/agenciainfra.com\/blog\/petrobras-prorroga-ate-31-5-prazo-para-assinatura-de-acordo-pela-unigel-dizem-fontes\/#primaryimage\"},\"thumbnailUrl\":\"https:\/\/agenciainfra.com\/blog\/wp-content\/uploads\/2025\/05\/unigel-sede-foto-alberto_coutinho-gov-ba.jpeg\",\"keywords\":[\"Fafens\",\"Gabriel Vasconcelos\",\"Minist\u00e9rio de Minas e Energia\",\"MME\",\"Petrobras\",\"Unigel\"],\"articleSection\":[\"Destaque lista\",\"Geral\",\"iNFRAEnergia\",\"\u00d3leo &amp; G\u00e1s\"],\"inLanguage\":\"pt-BR\",\"copyrightYear\":\"2025\",\"copyrightHolder\":{\"@id\":\"https:\/\/agenciainfra.com\/blog\/#organization\"}},{\"@type\":\"WebPage\",\"@id\":\"https:\/\/agenciainfra.com\/blog\/petrobras-prorroga-ate-31-5-prazo-para-assinatura-de-acordo-pela-unigel-dizem-fontes\/\",\"url\":\"https:\/\/agenciainfra.com\/blog\/petrobras-prorroga-ate-31-5-prazo-para-assinatura-de-acordo-pela-unigel-dizem-fontes\/\",\"name\":\"Petrobras prorroga at\u00e9 31\/5 prazo para assinatura de acordo pela Unigel, dizem fontes - Ag\u00eancia iNFRA\",\"isPartOf\":{\"@id\":\"https:\/\/agenciainfra.com\/blog\/#website\"},\"primaryImageOfPage\":{\"@id\":\"https:\/\/agenciainfra.com\/blog\/petrobras-prorroga-ate-31-5-prazo-para-assinatura-de-acordo-pela-unigel-dizem-fontes\/#primaryimage\"},\"image\":{\"@id\":\"https:\/\/agenciainfra.com\/blog\/petrobras-prorroga-ate-31-5-prazo-para-assinatura-de-acordo-pela-unigel-dizem-fontes\/#primaryimage\"},\"thumbnailUrl\":\"https:\/\/agenciainfra.com\/blog\/wp-content\/uploads\/2025\/05\/unigel-sede-foto-alberto_coutinho-gov-ba.jpeg\",\"datePublished\":\"2025-05-09T19:57:28+00:00\",\"dateModified\":\"2025-05-09T21:33:44+00:00\",\"breadcrumb\":{\"@id\":\"https:\/\/agenciainfra.com\/blog\/petrobras-prorroga-ate-31-5-prazo-para-assinatura-de-acordo-pela-unigel-dizem-fontes\/#breadcrumb\"},\"inLanguage\":\"pt-BR\",\"potentialAction\":[{\"@type\":\"ReadAction\",\"target\":[\"https:\/\/agenciainfra.com\/blog\/petrobras-prorroga-ate-31-5-prazo-para-assinatura-de-acordo-pela-unigel-dizem-fontes\/\"]}]},{\"@type\":\"ImageObject\",\"inLanguage\":\"pt-BR\",\"@id\":\"https:\/\/agenciainfra.com\/blog\/petrobras-prorroga-ate-31-5-prazo-para-assinatura-de-acordo-pela-unigel-dizem-fontes\/#primaryimage\",\"url\":\"https:\/\/agenciainfra.com\/blog\/wp-content\/uploads\/2025\/05\/unigel-sede-foto-alberto_coutinho-gov-ba.jpeg\",\"contentUrl\":\"https:\/\/agenciainfra.com\/blog\/wp-content\/uploads\/2025\/05\/unigel-sede-foto-alberto_coutinho-gov-ba.jpeg\",\"width\":1280,\"height\":854},{\"@type\":\"BreadcrumbList\",\"@id\":\"https:\/\/agenciainfra.com\/blog\/petrobras-prorroga-ate-31-5-prazo-para-assinatura-de-acordo-pela-unigel-dizem-fontes\/#breadcrumb\",\"itemListElement\":[{\"@type\":\"ListItem\",\"position\":1,\"name\":\"In\u00edcio\",\"item\":\"https:\/\/agenciainfra.com\/blog\/\"},{\"@type\":\"ListItem\",\"position\":2,\"name\":\"Petrobras prorroga at\u00e9 31\/5 prazo para assinatura de acordo pela Unigel, dizem fontes\"}]},{\"@type\":\"WebSite\",\"@id\":\"https:\/\/agenciainfra.com\/blog\/#website\",\"url\":\"https:\/\/agenciainfra.com\/blog\/\",\"name\":\"Ag\u00eancia iNFRA\",\"description\":\"Multiplataforma de informa\u00e7\u00e3o jornal\u00edstica refer\u00eancia na \u00e1rea de infraestrutura no Brasil!\",\"publisher\":{\"@id\":\"https:\/\/agenciainfra.com\/blog\/#organization\"},\"potentialAction\":[{\"@type\":\"SearchAction\",\"target\":{\"@type\":\"EntryPoint\",\"urlTemplate\":\"https:\/\/agenciainfra.com\/blog\/?s={search_term_string}\"},\"query-input\":{\"@type\":\"PropertyValueSpecification\",\"valueRequired\":true,\"valueName\":\"search_term_string\"}}],\"inLanguage\":\"pt-BR\"},{\"@type\":\"Organization\",\"@id\":\"https:\/\/agenciainfra.com\/blog\/#organization\",\"name\":\"Ag\u00eancia iNFRA\",\"url\":\"https:\/\/agenciainfra.com\/blog\/\",\"logo\":{\"@type\":\"ImageObject\",\"inLanguage\":\"pt-BR\",\"@id\":\"https:\/\/agenciainfra.com\/blog\/#\/schema\/logo\/image\/\",\"url\":\"https:\/\/agenciainfra.com\/blog\/wp-content\/uploads\/2023\/09\/iNFRA_5-e1761735885940.png\",\"contentUrl\":\"https:\/\/agenciainfra.com\/blog\/wp-content\/uploads\/2023\/09\/iNFRA_5-e1761735885940.png\",\"width\":1672,\"height\":454,\"caption\":\"Ag\u00eancia iNFRA\"},\"image\":{\"@id\":\"https:\/\/agenciainfra.com\/blog\/#\/schema\/logo\/image\/\"},\"sameAs\":[\"https:\/\/www.facebook.com\/ageninfra\",\"https:\/\/x.com\/agencia_infra\",\"https:\/\/www.linkedin.com\/company\/ag\u00eanciainfra\/\",\"https:\/\/www.instagram.com\/agenciainfra\/\"]},{\"@type\":\"Person\",\"@id\":\"https:\/\/agenciainfra.com\/blog\/#\/schema\/person\/34af08dff6adea4cb22b06612ba7acfa\",\"name\":\"Ag\u00eancia iNFRA\",\"image\":{\"@type\":\"ImageObject\",\"inLanguage\":\"pt-BR\",\"@id\":\"https:\/\/agenciainfra.com\/blog\/#\/schema\/person\/image\/\",\"url\":\"https:\/\/secure.gravatar.com\/avatar\/d189e01678f06d8eb84d4e01f08eb848b3fffe3f8443818d3c356c66892f5be8?s=96&d=mm&r=g\",\"contentUrl\":\"https:\/\/secure.gravatar.com\/avatar\/d189e01678f06d8eb84d4e01f08eb848b3fffe3f8443818d3c356c66892f5be8?s=96&d=mm&r=g\",\"caption\":\"Ag\u00eancia iNFRA\"},\"url\":\"https:\/\/agenciainfra.com\/blog\/author\/admin\/\"}]}<\/script>\n<!-- \/ Yoast SEO Premium plugin. -->","yoast_head_json":{"title":"Petrobras prorroga at\u00e9 31\/5 prazo para assinatura de acordo pela Unigel, dizem fontes - Ag\u00eancia iNFRA","robots":{"index":"index","follow":"follow","max-snippet":"max-snippet:-1","max-image-preview":"max-image-preview:large","max-video-preview":"max-video-preview:-1"},"canonical":"https:\/\/agenciainfra.com\/blog\/petrobras-prorroga-ate-31-5-prazo-para-assinatura-de-acordo-pela-unigel-dizem-fontes\/","og_locale":"pt_BR","og_type":"article","og_title":"Petrobras prorroga at\u00e9 31\/5 prazo para assinatura de acordo pela Unigel, dizem fontes","og_description":"Gabriel Vasconcelos, da Ag\u00eancia iNFRA O conselho de administra\u00e7\u00e3o da Petrobras prorrogou at\u00e9 31 de maio o prazo para a assinatura do acordo com a Unigel que p\u00f5e fim ao contrato de arrendamento das f\u00e1bricas de fertilizantes (Fafens) na Bahia e em Sergipe, disseram \u00e0 Ag\u00eancia iNFRA fontes da estatal. A decis\u00e3o foi tomada em [&hellip;]","og_url":"https:\/\/agenciainfra.com\/blog\/petrobras-prorroga-ate-31-5-prazo-para-assinatura-de-acordo-pela-unigel-dizem-fontes\/","og_site_name":"Ag\u00eancia iNFRA","article_publisher":"https:\/\/www.facebook.com\/ageninfra","article_published_time":"2025-05-09T19:57:28+00:00","article_modified_time":"2025-05-09T21:33:44+00:00","og_image":[{"width":1280,"height":854,"url":"https:\/\/agenciainfra.com\/blog\/wp-content\/uploads\/2025\/05\/unigel-sede-foto-alberto_coutinho-gov-ba.jpeg","type":"image\/jpeg"}],"author":"Ag\u00eancia iNFRA","twitter_card":"summary_large_image","twitter_creator":"@agencia_infra","twitter_site":"@agencia_infra","twitter_misc":{"Escrito por":"Ag\u00eancia iNFRA","Est. tempo de leitura":"2 minutos"},"schema":{"@context":"https:\/\/schema.org","@graph":[{"@type":"Article","@id":"https:\/\/agenciainfra.com\/blog\/petrobras-prorroga-ate-31-5-prazo-para-assinatura-de-acordo-pela-unigel-dizem-fontes\/#article","isPartOf":{"@id":"https:\/\/agenciainfra.com\/blog\/petrobras-prorroga-ate-31-5-prazo-para-assinatura-de-acordo-pela-unigel-dizem-fontes\/"},"author":{"name":"Ag\u00eancia iNFRA","@id":"https:\/\/agenciainfra.com\/blog\/#\/schema\/person\/34af08dff6adea4cb22b06612ba7acfa"},"headline":"Petrobras prorroga at\u00e9 31\/5 prazo para assinatura de acordo pela Unigel, dizem fontes","datePublished":"2025-05-09T19:57:28+00:00","dateModified":"2025-05-09T21:33:44+00:00","mainEntityOfPage":{"@id":"https:\/\/agenciainfra.com\/blog\/petrobras-prorroga-ate-31-5-prazo-para-assinatura-de-acordo-pela-unigel-dizem-fontes\/"},"wordCount":353,"publisher":{"@id":"https:\/\/agenciainfra.com\/blog\/#organization"},"image":{"@id":"https:\/\/agenciainfra.com\/blog\/petrobras-prorroga-ate-31-5-prazo-para-assinatura-de-acordo-pela-unigel-dizem-fontes\/#primaryimage"},"thumbnailUrl":"https:\/\/agenciainfra.com\/blog\/wp-content\/uploads\/2025\/05\/unigel-sede-foto-alberto_coutinho-gov-ba.jpeg","keywords":["Fafens","Gabriel Vasconcelos","Minist\u00e9rio de Minas e Energia","MME","Petrobras","Unigel"],"articleSection":["Destaque lista","Geral","iNFRAEnergia","\u00d3leo &amp; G\u00e1s"],"inLanguage":"pt-BR","copyrightYear":"2025","copyrightHolder":{"@id":"https:\/\/agenciainfra.com\/blog\/#organization"}},{"@type":"WebPage","@id":"https:\/\/agenciainfra.com\/blog\/petrobras-prorroga-ate-31-5-prazo-para-assinatura-de-acordo-pela-unigel-dizem-fontes\/","url":"https:\/\/agenciainfra.com\/blog\/petrobras-prorroga-ate-31-5-prazo-para-assinatura-de-acordo-pela-unigel-dizem-fontes\/","name":"Petrobras prorroga at\u00e9 31\/5 prazo para assinatura de acordo pela Unigel, dizem fontes - Ag\u00eancia iNFRA","isPartOf":{"@id":"https:\/\/agenciainfra.com\/blog\/#website"},"primaryImageOfPage":{"@id":"https:\/\/agenciainfra.com\/blog\/petrobras-prorroga-ate-31-5-prazo-para-assinatura-de-acordo-pela-unigel-dizem-fontes\/#primaryimage"},"image":{"@id":"https:\/\/agenciainfra.com\/blog\/petrobras-prorroga-ate-31-5-prazo-para-assinatura-de-acordo-pela-unigel-dizem-fontes\/#primaryimage"},"thumbnailUrl":"https:\/\/agenciainfra.com\/blog\/wp-content\/uploads\/2025\/05\/unigel-sede-foto-alberto_coutinho-gov-ba.jpeg","datePublished":"2025-05-09T19:57:28+00:00","dateModified":"2025-05-09T21:33:44+00:00","breadcrumb":{"@id":"https:\/\/agenciainfra.com\/blog\/petrobras-prorroga-ate-31-5-prazo-para-assinatura-de-acordo-pela-unigel-dizem-fontes\/#breadcrumb"},"inLanguage":"pt-BR","potentialAction":[{"@type":"ReadAction","target":["https:\/\/agenciainfra.com\/blog\/petrobras-prorroga-ate-31-5-prazo-para-assinatura-de-acordo-pela-unigel-dizem-fontes\/"]}]},{"@type":"ImageObject","inLanguage":"pt-BR","@id":"https:\/\/agenciainfra.com\/blog\/petrobras-prorroga-ate-31-5-prazo-para-assinatura-de-acordo-pela-unigel-dizem-fontes\/#primaryimage","url":"https:\/\/agenciainfra.com\/blog\/wp-content\/uploads\/2025\/05\/unigel-sede-foto-alberto_coutinho-gov-ba.jpeg","contentUrl":"https:\/\/agenciainfra.com\/blog\/wp-content\/uploads\/2025\/05\/unigel-sede-foto-alberto_coutinho-gov-ba.jpeg","width":1280,"height":854},{"@type":"BreadcrumbList","@id":"https:\/\/agenciainfra.com\/blog\/petrobras-prorroga-ate-31-5-prazo-para-assinatura-de-acordo-pela-unigel-dizem-fontes\/#breadcrumb","itemListElement":[{"@type":"ListItem","position":1,"name":"In\u00edcio","item":"https:\/\/agenciainfra.com\/blog\/"},{"@type":"ListItem","position":2,"name":"Petrobras prorroga at\u00e9 31\/5 prazo para assinatura de acordo pela Unigel, dizem fontes"}]},{"@type":"WebSite","@id":"https:\/\/agenciainfra.com\/blog\/#website","url":"https:\/\/agenciainfra.com\/blog\/","name":"Ag\u00eancia iNFRA","description":"Multiplataforma de informa\u00e7\u00e3o jornal\u00edstica refer\u00eancia na \u00e1rea de infraestrutura no Brasil!","publisher":{"@id":"https:\/\/agenciainfra.com\/blog\/#organization"},"potentialAction":[{"@type":"SearchAction","target":{"@type":"EntryPoint","urlTemplate":"https:\/\/agenciainfra.com\/blog\/?s={search_term_string}"},"query-input":{"@type":"PropertyValueSpecification","valueRequired":true,"valueName":"search_term_string"}}],"inLanguage":"pt-BR"},{"@type":"Organization","@id":"https:\/\/agenciainfra.com\/blog\/#organization","name":"Ag\u00eancia iNFRA","url":"https:\/\/agenciainfra.com\/blog\/","logo":{"@type":"ImageObject","inLanguage":"pt-BR","@id":"https:\/\/agenciainfra.com\/blog\/#\/schema\/logo\/image\/","url":"https:\/\/agenciainfra.com\/blog\/wp-content\/uploads\/2023\/09\/iNFRA_5-e1761735885940.png","contentUrl":"https:\/\/agenciainfra.com\/blog\/wp-content\/uploads\/2023\/09\/iNFRA_5-e1761735885940.png","width":1672,"height":454,"caption":"Ag\u00eancia iNFRA"},"image":{"@id":"https:\/\/agenciainfra.com\/blog\/#\/schema\/logo\/image\/"},"sameAs":["https:\/\/www.facebook.com\/ageninfra","https:\/\/x.com\/agencia_infra","https:\/\/www.linkedin.com\/company\/ag\u00eanciainfra\/","https:\/\/www.instagram.com\/agenciainfra\/"]},{"@type":"Person","@id":"https:\/\/agenciainfra.com\/blog\/#\/schema\/person\/34af08dff6adea4cb22b06612ba7acfa","name":"Ag\u00eancia iNFRA","image":{"@type":"ImageObject","inLanguage":"pt-BR","@id":"https:\/\/agenciainfra.com\/blog\/#\/schema\/person\/image\/","url":"https:\/\/secure.gravatar.com\/avatar\/d189e01678f06d8eb84d4e01f08eb848b3fffe3f8443818d3c356c66892f5be8?s=96&d=mm&r=g","contentUrl":"https:\/\/secure.gravatar.com\/avatar\/d189e01678f06d8eb84d4e01f08eb848b3fffe3f8443818d3c356c66892f5be8?s=96&d=mm&r=g","caption":"Ag\u00eancia iNFRA"},"url":"https:\/\/agenciainfra.com\/blog\/author\/admin\/"}]}},"_links":{"self":[{"href":"https:\/\/agenciainfra.com\/blog\/wp-json\/wp\/v2\/posts\/21587","targetHints":{"allow":["GET"]}}],"collection":[{"href":"https:\/\/agenciainfra.com\/blog\/wp-json\/wp\/v2\/posts"}],"about":[{"href":"https:\/\/agenciainfra.com\/blog\/wp-json\/wp\/v2\/types\/post"}],"author":[{"embeddable":true,"href":"https:\/\/agenciainfra.com\/blog\/wp-json\/wp\/v2\/users\/1"}],"replies":[{"embeddable":true,"href":"https:\/\/agenciainfra.com\/blog\/wp-json\/wp\/v2\/comments?post=21587"}],"version-history":[{"count":2,"href":"https:\/\/agenciainfra.com\/blog\/wp-json\/wp\/v2\/posts\/21587\/revisions"}],"predecessor-version":[{"id":21590,"href":"https:\/\/agenciainfra.com\/blog\/wp-json\/wp\/v2\/posts\/21587\/revisions\/21590"}],"wp:featuredmedia":[{"embeddable":true,"href":"https:\/\/agenciainfra.com\/blog\/wp-json\/wp\/v2\/media\/21559"}],"wp:attachment":[{"href":"https:\/\/agenciainfra.com\/blog\/wp-json\/wp\/v2\/media?parent=21587"}],"wp:term":[{"taxonomy":"category","embeddable":true,"href":"https:\/\/agenciainfra.com\/blog\/wp-json\/wp\/v2\/categories?post=21587"},{"taxonomy":"post_tag","embeddable":true,"href":"https:\/\/agenciainfra.com\/blog\/wp-json\/wp\/v2\/tags?post=21587"}],"curies":[{"name":"wp","href":"https:\/\/api.w.org\/{rel}","templated":true}]}}