{"id":21606,"date":"2025-05-13T10:00:00","date_gmt":"2025-05-13T13:00:00","guid":{"rendered":"https:\/\/agenciainfra.com\/blog\/?p=21606"},"modified":"2025-05-13T12:51:19","modified_gmt":"2025-05-13T15:51:19","slug":"petrobras-comeca-a-discutir-plano-estrategico-sob-leitura-de-que-transicao-perdeu-forca-no-mundo","status":"publish","type":"post","link":"https:\/\/agenciainfra.com\/blog\/petrobras-comeca-a-discutir-plano-estrategico-sob-leitura-de-que-transicao-perdeu-forca-no-mundo\/","title":{"rendered":"Petrobras come\u00e7a a discutir plano estrat\u00e9gico sob leitura de que transi\u00e7\u00e3o perdeu for\u00e7a no mundo"},"content":{"rendered":"\n<p class=\"has-text-align-right\"><strong>Gabriel Vasconcelos, da Ag\u00eancia iNFRA<\/strong><\/p>\n\n\n\n<p>O pontap\u00e9 inicial nos trabalhos relativos ao Plano Estrat\u00e9gico para o quinqu\u00eanio 2026-2030 foi dado na reuni\u00e3o do CA (Conselho de Administra\u00e7\u00e3o) da Petrobras da \u00faltima sexta-feira (9). Novas diretrizes n\u00e3o chegaram a ser discutidas, mas haveria uma leitura de que a transi\u00e7\u00e3o energ\u00e9tica &#8220;perdeu tra\u00e7\u00e3o&#8221; no setor em todo o mundo, enquanto \u00f3leo e g\u00e1s voltaram a crescer em import\u00e2ncia relativa, disseram \u00e0&nbsp;<strong>Ag\u00eancia iNFRA<\/strong>&nbsp;fontes da estatal.<br><br>O plano de neg\u00f3cios da Petrobras&nbsp;costuma ser divulgado em novembro. Nesta segunda-feira (12), o conselho da Petrobras reuniu-se novamente, mas para aprovar o resultado financeiro do 1\u00ba trimestre e os dividendos do per\u00edodo. No melhor&nbsp;<a href=\"https:\/\/agenciainfra.us14.list-manage.com\/track\/click?u=d460dd1bcf9ba0ae040e1fc0f&amp;id=fbe931a245&amp;e=1192c754bc\" target=\"_blank\" rel=\"noreferrer noopener\">resultado<\/a>&nbsp;da gest\u00e3o Magda Chambriard, a companhia distribuiu&nbsp;dividendos de R$ 11,72 bilh\u00f5es&nbsp;e lucrou R$ 35,3 bilh\u00f5es, ajudada pela maior produ\u00e7\u00e3o e eventos n\u00e3o recorrentes, como pagamentos por ativos vendidos e valoriza\u00e7\u00e3o cambial.<br><br>Uma s\u00e9rie de &#8220;majors&#8221;, como s\u00e3o chamadas as grandes petroleiras a exemplo de Shell e Equinor, come\u00e7aram a pisar no freio com rela\u00e7\u00e3o a projetos de energias renov\u00e1veis, o que vem sendo encarado pela ind\u00fastria como sobrevida ao neg\u00f3cio principal, a produ\u00e7\u00e3o de petr\u00f3leo.<br><br>&#8220;Essa discuss\u00e3o ainda n\u00e3o avan\u00e7ou internamente. Mas a Petrobras n\u00e3o est\u00e1 ilhada&#8221;, diz&nbsp;pessoa familiarizada com&nbsp;a&nbsp;alta administra\u00e7\u00e3o. N\u00e3o haveria ju\u00edzo de valor dominante dentro do colegiado da estatal a essa altura. Parte dos conselheiros, principalmente os minorit\u00e1rios, \u00e9 arredia a projetos relacionados \u00e0 transi\u00e7\u00e3o, em fun\u00e7\u00e3o de seu menor potencial de retorno quando comparado ao petr\u00f3leo. Hoje neg\u00f3cios renov\u00e1veis precisam ter taxa de retorno acima de 10%, enquanto os f\u00f3sseis j\u00e1 partem do m\u00ednimo de 22%. A oposi\u00e7\u00e3o mais vocal vem do megainvestidor e conselheiro Juca Abdalla.&nbsp;<br><br>Representantes do governo no CA, que t\u00eam maioria (seis de onze cadeiras), s\u00e3o mais aderentes aos projetos da diretoria-executiva, mas, no passado, j\u00e1 divergiram de&nbsp;ambi\u00e7\u00f5es como a compra de usinas e\u00f3licas brownfield&nbsp;e projetos de e\u00f3lica offshore. Conforme apurou a&nbsp;<strong>Ag\u00eancia iNFRA<\/strong>, hoje n\u00e3o h\u00e1 inten\u00e7\u00e3o expressa da diretoria em retroceder no capex \u00e0s iniciativas de baixo carbono, e a CEO, Magda Chambriard, segue decidida em consolidar a frente de etanol e demais combust\u00edveis limpos.&nbsp;<br><br>Um executivo admite que a queda mais estrutural na cota\u00e7\u00e3o internacional do petr\u00f3leo vai trazer restri\u00e7\u00e3o de investimento \u00e0 Petrobras. &#8220;Ajustes ter\u00e3o de ser feitos, mas ainda n\u00e3o est\u00e1 claro se ser\u00e3o concentrados em renov\u00e1veis&#8221;. O interlocutor observa que outras petroleiras tinham avan\u00e7ado mais que a Petrobras no percentual de capex destinado \u00e0 transi\u00e7\u00e3o e seu recuo n\u00e3o precisa ser reproduzido pela estatal brasileira. &#8220;Talvez agora, fiquemos em linha&#8221;, continua. Somando novos neg\u00f3cios e descarboniza\u00e7\u00e3o de processos, o capex fixado nos cinco anos at\u00e9 2029 \u00e9 de US$ 16,3 bilh\u00f5es.<br><br><strong>Brent<\/strong><br>Os conselheiros tamb\u00e9m discutiram o movimento no pre\u00e7o da commodity. A leitura interna na estatal \u00e9 que o patamar atual, em torno dos US$ 60 por barril de Brent, tem se mostrado &#8220;resiliente&#8221;. Nesta segunda-feira, tocou os US$ 65. O break even (pre\u00e7o de equil\u00edbrio) da Petrobras \u00e9 bem mais baixo, um barril a US$ 28.<br><br><strong>Tolmasquim<\/strong><br>Ponto-chave na discuss\u00e3o do novo plano de neg\u00f3cios \u00e9 o futuro da diretoria de Transi\u00e7\u00e3o Energ\u00e9tica e Sustentabilidade, que ser\u00e1 decidido at\u00e9 o fim do m\u00eas. Hoje a divis\u00e3o \u00e9 dirigida pelo demission\u00e1rio Mauricio Tolmasquim, que vai deixar a Petrobras para assumir uma das tr\u00eas cadeiras do governo no conselho da Eletrobras.&nbsp;<br><br>Tolmasquim pode ficar na diretoria da Petrobras at\u00e9 29 de maio. O diretor n\u00e3o acompanhou a diretoria da empresa na semana passada, durante a OTC, tradicional feira de neg\u00f3cios do setor, em Houston (EUA). Sua sa\u00edda \u00e9 lida no mercado como duro golpe na estrat\u00e9gia de gera\u00e7\u00e3o renov\u00e1vel lan\u00e7ada pela gest\u00e3o anterior da estatal, de Jean Paul Prates, que tinha como s\u00edmbolo a nova diretoria. O sucessor, ainda indefinido, ser\u00e1 bom indicativo de para onde vai a estatal na transi\u00e7\u00e3o.&nbsp;<br><br>Publicamente, Magda j\u00e1 disse que nada muda por ora e a estrutura da diretoria ser\u00e1 mantida, inclusive com a gest\u00e3o do g\u00e1s natural em seu guarda-chuva. Na companhia, comenta-se que outro diretor pode acumular a fun\u00e7\u00e3o temporariamente.<br><br>Para o nome definitivo, a julgar pelas indica\u00e7\u00f5es anteriores de Magda, haver\u00e1 crit\u00e9rio t\u00e9cnico, embora seja dif\u00edcil escapar ao ass\u00e9dio da classe pol\u00edtica. Fala-se nos bastidores que o grupo pol\u00edtico do presidente do Senado, Davi Alcolumbre (Uni\u00e3o Brasil), tenta emplacar&nbsp;indica\u00e7\u00e3o. Dentro do governo, corre a vers\u00e3o de que isso dificilmente aconteceria sem o aval dos ministros Alexandre Silveira (Minas e Energia) e Rui Costa (Casa Civil), que ganharam for\u00e7a na estatal ap\u00f3s a substitui\u00e7\u00e3o de Prates, no ano passado.<\/p>\n","protected":false},"excerpt":{"rendered":"<p>Gabriel Vasconcelos, da Ag\u00eancia iNFRA O pontap\u00e9 inicial nos trabalhos relativos ao Plano Estrat\u00e9gico para o quinqu\u00eanio 2026-2030 foi dado na reuni\u00e3o do CA (Conselho de Administra\u00e7\u00e3o) da Petrobras da \u00faltima sexta-feira (9). Novas diretrizes n\u00e3o chegaram a ser discutidas, mas haveria uma leitura de que a transi\u00e7\u00e3o energ\u00e9tica &#8220;perdeu tra\u00e7\u00e3o&#8221; no setor em todo [&hellip;]<\/p>\n","protected":false},"author":1,"featured_media":10732,"comment_status":"closed","ping_status":"closed","sticky":false,"template":"","format":"standard","meta":{"_monsterinsights_skip_tracking":false,"_monsterinsights_sitenote_active":false,"_monsterinsights_sitenote_note":"","_monsterinsights_sitenote_category":0,"footnotes":""},"categories":[7250,1,13271],"tags":[13292,13251,13324,9446,5817,3191,143,13323,2006],"class_list":["post-21606","post","type-post","status-publish","format-standard","has-post-thumbnail","hentry","category-destaque-lista","category-geral","category-oleo-gas","tag-ca-da-petrobras","tag-gabriel-vasconcelos","tag-investimentos-petrobras","tag-magda-chambriard","tag-mauricio-tolmasquim","tag-oleo-e-gas","tag-petrobras","tag-plano-estrategico","tag-transicao-energetica"],"yoast_head":"<!-- This site is optimized with the Yoast SEO Premium plugin v25.4 (Yoast SEO v26.0) - https:\/\/yoast.com\/wordpress\/plugins\/seo\/ -->\n<title>Petrobras come\u00e7a a discutir plano estrat\u00e9gico sob leitura de que transi\u00e7\u00e3o perdeu for\u00e7a no mundo - Ag\u00eancia iNFRA<\/title>\n<meta name=\"robots\" content=\"index, follow, max-snippet:-1, max-image-preview:large, max-video-preview:-1\" \/>\n<link rel=\"canonical\" href=\"https:\/\/agenciainfra.com\/blog\/petrobras-comeca-a-discutir-plano-estrategico-sob-leitura-de-que-transicao-perdeu-forca-no-mundo\/\" \/>\n<meta property=\"og:locale\" content=\"pt_BR\" \/>\n<meta property=\"og:type\" content=\"article\" \/>\n<meta property=\"og:title\" content=\"Petrobras come\u00e7a a discutir plano estrat\u00e9gico sob leitura de que transi\u00e7\u00e3o perdeu for\u00e7a no mundo\" \/>\n<meta property=\"og:description\" content=\"Gabriel Vasconcelos, da Ag\u00eancia iNFRA O pontap\u00e9 inicial nos trabalhos relativos ao Plano Estrat\u00e9gico para o quinqu\u00eanio 2026-2030 foi dado na reuni\u00e3o do CA (Conselho de Administra\u00e7\u00e3o) da Petrobras da \u00faltima sexta-feira (9). Novas diretrizes n\u00e3o chegaram a ser discutidas, mas haveria uma leitura de que a transi\u00e7\u00e3o energ\u00e9tica &#8220;perdeu tra\u00e7\u00e3o&#8221; no setor em todo [&hellip;]\" \/>\n<meta property=\"og:url\" content=\"https:\/\/agenciainfra.com\/blog\/petrobras-comeca-a-discutir-plano-estrategico-sob-leitura-de-que-transicao-perdeu-forca-no-mundo\/\" \/>\n<meta property=\"og:site_name\" content=\"Ag\u00eancia iNFRA\" \/>\n<meta property=\"article:publisher\" content=\"https:\/\/www.facebook.com\/ageninfra\" \/>\n<meta property=\"article:published_time\" content=\"2025-05-13T13:00:00+00:00\" \/>\n<meta property=\"article:modified_time\" content=\"2025-05-13T15:51:19+00:00\" \/>\n<meta property=\"og:image\" content=\"https:\/\/agenciainfra.com\/blog\/wp-content\/uploads\/2022\/06\/petrobras-foto-tania-rego-agencia-brasil.png\" \/>\n\t<meta property=\"og:image:width\" content=\"1280\" \/>\n\t<meta property=\"og:image:height\" content=\"768\" \/>\n\t<meta property=\"og:image:type\" content=\"image\/png\" \/>\n<meta name=\"author\" content=\"Ag\u00eancia iNFRA\" \/>\n<meta name=\"twitter:card\" content=\"summary_large_image\" \/>\n<meta name=\"twitter:creator\" content=\"@agencia_infra\" \/>\n<meta name=\"twitter:site\" content=\"@agencia_infra\" \/>\n<meta name=\"twitter:label1\" content=\"Escrito por\" \/>\n\t<meta name=\"twitter:data1\" content=\"Ag\u00eancia iNFRA\" \/>\n\t<meta name=\"twitter:label2\" content=\"Est. tempo de leitura\" \/>\n\t<meta name=\"twitter:data2\" content=\"4 minutos\" \/>\n<script type=\"application\/ld+json\" class=\"yoast-schema-graph\">{\"@context\":\"https:\/\/schema.org\",\"@graph\":[{\"@type\":\"Article\",\"@id\":\"https:\/\/agenciainfra.com\/blog\/petrobras-comeca-a-discutir-plano-estrategico-sob-leitura-de-que-transicao-perdeu-forca-no-mundo\/#article\",\"isPartOf\":{\"@id\":\"https:\/\/agenciainfra.com\/blog\/petrobras-comeca-a-discutir-plano-estrategico-sob-leitura-de-que-transicao-perdeu-forca-no-mundo\/\"},\"author\":{\"name\":\"Ag\u00eancia iNFRA\",\"@id\":\"https:\/\/agenciainfra.com\/blog\/#\/schema\/person\/34af08dff6adea4cb22b06612ba7acfa\"},\"headline\":\"Petrobras come\u00e7a a discutir plano estrat\u00e9gico sob leitura de que transi\u00e7\u00e3o perdeu for\u00e7a no mundo\",\"datePublished\":\"2025-05-13T13:00:00+00:00\",\"dateModified\":\"2025-05-13T15:51:19+00:00\",\"mainEntityOfPage\":{\"@id\":\"https:\/\/agenciainfra.com\/blog\/petrobras-comeca-a-discutir-plano-estrategico-sob-leitura-de-que-transicao-perdeu-forca-no-mundo\/\"},\"wordCount\":868,\"publisher\":{\"@id\":\"https:\/\/agenciainfra.com\/blog\/#organization\"},\"image\":{\"@id\":\"https:\/\/agenciainfra.com\/blog\/petrobras-comeca-a-discutir-plano-estrategico-sob-leitura-de-que-transicao-perdeu-forca-no-mundo\/#primaryimage\"},\"thumbnailUrl\":\"https:\/\/agenciainfra.com\/blog\/wp-content\/uploads\/2022\/06\/petrobras-foto-tania-rego-agencia-brasil.png\",\"keywords\":[\"CA da petrobras\",\"Gabriel Vasconcelos\",\"investimentos petrobras\",\"Magda Chambriard\",\"Maur\u00edcio Tolmasquim\",\"\u00f3leo e g\u00e1s\",\"Petrobras\",\"plano estrat\u00e9gico\",\"transi\u00e7\u00e3o energ\u00e9tica\"],\"articleSection\":[\"Destaque lista\",\"Geral\",\"\u00d3leo &amp; G\u00e1s\"],\"inLanguage\":\"pt-BR\",\"copyrightYear\":\"2025\",\"copyrightHolder\":{\"@id\":\"https:\/\/agenciainfra.com\/blog\/#organization\"}},{\"@type\":\"WebPage\",\"@id\":\"https:\/\/agenciainfra.com\/blog\/petrobras-comeca-a-discutir-plano-estrategico-sob-leitura-de-que-transicao-perdeu-forca-no-mundo\/\",\"url\":\"https:\/\/agenciainfra.com\/blog\/petrobras-comeca-a-discutir-plano-estrategico-sob-leitura-de-que-transicao-perdeu-forca-no-mundo\/\",\"name\":\"Petrobras come\u00e7a a discutir plano estrat\u00e9gico sob leitura de que transi\u00e7\u00e3o perdeu for\u00e7a no mundo - Ag\u00eancia iNFRA\",\"isPartOf\":{\"@id\":\"https:\/\/agenciainfra.com\/blog\/#website\"},\"primaryImageOfPage\":{\"@id\":\"https:\/\/agenciainfra.com\/blog\/petrobras-comeca-a-discutir-plano-estrategico-sob-leitura-de-que-transicao-perdeu-forca-no-mundo\/#primaryimage\"},\"image\":{\"@id\":\"https:\/\/agenciainfra.com\/blog\/petrobras-comeca-a-discutir-plano-estrategico-sob-leitura-de-que-transicao-perdeu-forca-no-mundo\/#primaryimage\"},\"thumbnailUrl\":\"https:\/\/agenciainfra.com\/blog\/wp-content\/uploads\/2022\/06\/petrobras-foto-tania-rego-agencia-brasil.png\",\"datePublished\":\"2025-05-13T13:00:00+00:00\",\"dateModified\":\"2025-05-13T15:51:19+00:00\",\"breadcrumb\":{\"@id\":\"https:\/\/agenciainfra.com\/blog\/petrobras-comeca-a-discutir-plano-estrategico-sob-leitura-de-que-transicao-perdeu-forca-no-mundo\/#breadcrumb\"},\"inLanguage\":\"pt-BR\",\"potentialAction\":[{\"@type\":\"ReadAction\",\"target\":[\"https:\/\/agenciainfra.com\/blog\/petrobras-comeca-a-discutir-plano-estrategico-sob-leitura-de-que-transicao-perdeu-forca-no-mundo\/\"]}]},{\"@type\":\"ImageObject\",\"inLanguage\":\"pt-BR\",\"@id\":\"https:\/\/agenciainfra.com\/blog\/petrobras-comeca-a-discutir-plano-estrategico-sob-leitura-de-que-transicao-perdeu-forca-no-mundo\/#primaryimage\",\"url\":\"https:\/\/agenciainfra.com\/blog\/wp-content\/uploads\/2022\/06\/petrobras-foto-tania-rego-agencia-brasil.png\",\"contentUrl\":\"https:\/\/agenciainfra.com\/blog\/wp-content\/uploads\/2022\/06\/petrobras-foto-tania-rego-agencia-brasil.png\",\"width\":1280,\"height\":768,\"caption\":\"Foto: T\u00e2nia R\u00eago\/Ag\u00eancia Brasil\"},{\"@type\":\"BreadcrumbList\",\"@id\":\"https:\/\/agenciainfra.com\/blog\/petrobras-comeca-a-discutir-plano-estrategico-sob-leitura-de-que-transicao-perdeu-forca-no-mundo\/#breadcrumb\",\"itemListElement\":[{\"@type\":\"ListItem\",\"position\":1,\"name\":\"In\u00edcio\",\"item\":\"https:\/\/agenciainfra.com\/blog\/\"},{\"@type\":\"ListItem\",\"position\":2,\"name\":\"Petrobras come\u00e7a a discutir plano estrat\u00e9gico sob leitura de que transi\u00e7\u00e3o perdeu for\u00e7a no mundo\"}]},{\"@type\":\"WebSite\",\"@id\":\"https:\/\/agenciainfra.com\/blog\/#website\",\"url\":\"https:\/\/agenciainfra.com\/blog\/\",\"name\":\"Ag\u00eancia iNFRA\",\"description\":\"Multiplataforma de informa\u00e7\u00e3o jornal\u00edstica refer\u00eancia na \u00e1rea de infraestrutura no Brasil!\",\"publisher\":{\"@id\":\"https:\/\/agenciainfra.com\/blog\/#organization\"},\"potentialAction\":[{\"@type\":\"SearchAction\",\"target\":{\"@type\":\"EntryPoint\",\"urlTemplate\":\"https:\/\/agenciainfra.com\/blog\/?s={search_term_string}\"},\"query-input\":{\"@type\":\"PropertyValueSpecification\",\"valueRequired\":true,\"valueName\":\"search_term_string\"}}],\"inLanguage\":\"pt-BR\"},{\"@type\":\"Organization\",\"@id\":\"https:\/\/agenciainfra.com\/blog\/#organization\",\"name\":\"Ag\u00eancia iNFRA\",\"url\":\"https:\/\/agenciainfra.com\/blog\/\",\"logo\":{\"@type\":\"ImageObject\",\"inLanguage\":\"pt-BR\",\"@id\":\"https:\/\/agenciainfra.com\/blog\/#\/schema\/logo\/image\/\",\"url\":\"https:\/\/agenciainfra.com\/blog\/wp-content\/uploads\/2023\/09\/iNFRA_5-e1761735885940.png\",\"contentUrl\":\"https:\/\/agenciainfra.com\/blog\/wp-content\/uploads\/2023\/09\/iNFRA_5-e1761735885940.png\",\"width\":1672,\"height\":454,\"caption\":\"Ag\u00eancia iNFRA\"},\"image\":{\"@id\":\"https:\/\/agenciainfra.com\/blog\/#\/schema\/logo\/image\/\"},\"sameAs\":[\"https:\/\/www.facebook.com\/ageninfra\",\"https:\/\/x.com\/agencia_infra\",\"https:\/\/www.linkedin.com\/company\/ag\u00eanciainfra\/\",\"https:\/\/www.instagram.com\/agenciainfra\/\"]},{\"@type\":\"Person\",\"@id\":\"https:\/\/agenciainfra.com\/blog\/#\/schema\/person\/34af08dff6adea4cb22b06612ba7acfa\",\"name\":\"Ag\u00eancia iNFRA\",\"image\":{\"@type\":\"ImageObject\",\"inLanguage\":\"pt-BR\",\"@id\":\"https:\/\/agenciainfra.com\/blog\/#\/schema\/person\/image\/\",\"url\":\"https:\/\/secure.gravatar.com\/avatar\/d189e01678f06d8eb84d4e01f08eb848b3fffe3f8443818d3c356c66892f5be8?s=96&d=mm&r=g\",\"contentUrl\":\"https:\/\/secure.gravatar.com\/avatar\/d189e01678f06d8eb84d4e01f08eb848b3fffe3f8443818d3c356c66892f5be8?s=96&d=mm&r=g\",\"caption\":\"Ag\u00eancia iNFRA\"},\"url\":\"https:\/\/agenciainfra.com\/blog\/author\/admin\/\"}]}<\/script>\n<!-- \/ Yoast SEO Premium plugin. -->","yoast_head_json":{"title":"Petrobras come\u00e7a a discutir plano estrat\u00e9gico sob leitura de que transi\u00e7\u00e3o perdeu for\u00e7a no mundo - Ag\u00eancia iNFRA","robots":{"index":"index","follow":"follow","max-snippet":"max-snippet:-1","max-image-preview":"max-image-preview:large","max-video-preview":"max-video-preview:-1"},"canonical":"https:\/\/agenciainfra.com\/blog\/petrobras-comeca-a-discutir-plano-estrategico-sob-leitura-de-que-transicao-perdeu-forca-no-mundo\/","og_locale":"pt_BR","og_type":"article","og_title":"Petrobras come\u00e7a a discutir plano estrat\u00e9gico sob leitura de que transi\u00e7\u00e3o perdeu for\u00e7a no mundo","og_description":"Gabriel Vasconcelos, da Ag\u00eancia iNFRA O pontap\u00e9 inicial nos trabalhos relativos ao Plano Estrat\u00e9gico para o quinqu\u00eanio 2026-2030 foi dado na reuni\u00e3o do CA (Conselho de Administra\u00e7\u00e3o) da Petrobras da \u00faltima sexta-feira (9). Novas diretrizes n\u00e3o chegaram a ser discutidas, mas haveria uma leitura de que a transi\u00e7\u00e3o energ\u00e9tica &#8220;perdeu tra\u00e7\u00e3o&#8221; no setor em todo [&hellip;]","og_url":"https:\/\/agenciainfra.com\/blog\/petrobras-comeca-a-discutir-plano-estrategico-sob-leitura-de-que-transicao-perdeu-forca-no-mundo\/","og_site_name":"Ag\u00eancia iNFRA","article_publisher":"https:\/\/www.facebook.com\/ageninfra","article_published_time":"2025-05-13T13:00:00+00:00","article_modified_time":"2025-05-13T15:51:19+00:00","og_image":[{"width":1280,"height":768,"url":"https:\/\/agenciainfra.com\/blog\/wp-content\/uploads\/2022\/06\/petrobras-foto-tania-rego-agencia-brasil.png","type":"image\/png"}],"author":"Ag\u00eancia iNFRA","twitter_card":"summary_large_image","twitter_creator":"@agencia_infra","twitter_site":"@agencia_infra","twitter_misc":{"Escrito por":"Ag\u00eancia iNFRA","Est. tempo de leitura":"4 minutos"},"schema":{"@context":"https:\/\/schema.org","@graph":[{"@type":"Article","@id":"https:\/\/agenciainfra.com\/blog\/petrobras-comeca-a-discutir-plano-estrategico-sob-leitura-de-que-transicao-perdeu-forca-no-mundo\/#article","isPartOf":{"@id":"https:\/\/agenciainfra.com\/blog\/petrobras-comeca-a-discutir-plano-estrategico-sob-leitura-de-que-transicao-perdeu-forca-no-mundo\/"},"author":{"name":"Ag\u00eancia iNFRA","@id":"https:\/\/agenciainfra.com\/blog\/#\/schema\/person\/34af08dff6adea4cb22b06612ba7acfa"},"headline":"Petrobras come\u00e7a a discutir plano estrat\u00e9gico sob leitura de que transi\u00e7\u00e3o perdeu for\u00e7a no mundo","datePublished":"2025-05-13T13:00:00+00:00","dateModified":"2025-05-13T15:51:19+00:00","mainEntityOfPage":{"@id":"https:\/\/agenciainfra.com\/blog\/petrobras-comeca-a-discutir-plano-estrategico-sob-leitura-de-que-transicao-perdeu-forca-no-mundo\/"},"wordCount":868,"publisher":{"@id":"https:\/\/agenciainfra.com\/blog\/#organization"},"image":{"@id":"https:\/\/agenciainfra.com\/blog\/petrobras-comeca-a-discutir-plano-estrategico-sob-leitura-de-que-transicao-perdeu-forca-no-mundo\/#primaryimage"},"thumbnailUrl":"https:\/\/agenciainfra.com\/blog\/wp-content\/uploads\/2022\/06\/petrobras-foto-tania-rego-agencia-brasil.png","keywords":["CA da petrobras","Gabriel Vasconcelos","investimentos petrobras","Magda Chambriard","Maur\u00edcio Tolmasquim","\u00f3leo e g\u00e1s","Petrobras","plano estrat\u00e9gico","transi\u00e7\u00e3o energ\u00e9tica"],"articleSection":["Destaque lista","Geral","\u00d3leo &amp; G\u00e1s"],"inLanguage":"pt-BR","copyrightYear":"2025","copyrightHolder":{"@id":"https:\/\/agenciainfra.com\/blog\/#organization"}},{"@type":"WebPage","@id":"https:\/\/agenciainfra.com\/blog\/petrobras-comeca-a-discutir-plano-estrategico-sob-leitura-de-que-transicao-perdeu-forca-no-mundo\/","url":"https:\/\/agenciainfra.com\/blog\/petrobras-comeca-a-discutir-plano-estrategico-sob-leitura-de-que-transicao-perdeu-forca-no-mundo\/","name":"Petrobras come\u00e7a a discutir plano estrat\u00e9gico sob leitura de que transi\u00e7\u00e3o perdeu for\u00e7a no mundo - Ag\u00eancia iNFRA","isPartOf":{"@id":"https:\/\/agenciainfra.com\/blog\/#website"},"primaryImageOfPage":{"@id":"https:\/\/agenciainfra.com\/blog\/petrobras-comeca-a-discutir-plano-estrategico-sob-leitura-de-que-transicao-perdeu-forca-no-mundo\/#primaryimage"},"image":{"@id":"https:\/\/agenciainfra.com\/blog\/petrobras-comeca-a-discutir-plano-estrategico-sob-leitura-de-que-transicao-perdeu-forca-no-mundo\/#primaryimage"},"thumbnailUrl":"https:\/\/agenciainfra.com\/blog\/wp-content\/uploads\/2022\/06\/petrobras-foto-tania-rego-agencia-brasil.png","datePublished":"2025-05-13T13:00:00+00:00","dateModified":"2025-05-13T15:51:19+00:00","breadcrumb":{"@id":"https:\/\/agenciainfra.com\/blog\/petrobras-comeca-a-discutir-plano-estrategico-sob-leitura-de-que-transicao-perdeu-forca-no-mundo\/#breadcrumb"},"inLanguage":"pt-BR","potentialAction":[{"@type":"ReadAction","target":["https:\/\/agenciainfra.com\/blog\/petrobras-comeca-a-discutir-plano-estrategico-sob-leitura-de-que-transicao-perdeu-forca-no-mundo\/"]}]},{"@type":"ImageObject","inLanguage":"pt-BR","@id":"https:\/\/agenciainfra.com\/blog\/petrobras-comeca-a-discutir-plano-estrategico-sob-leitura-de-que-transicao-perdeu-forca-no-mundo\/#primaryimage","url":"https:\/\/agenciainfra.com\/blog\/wp-content\/uploads\/2022\/06\/petrobras-foto-tania-rego-agencia-brasil.png","contentUrl":"https:\/\/agenciainfra.com\/blog\/wp-content\/uploads\/2022\/06\/petrobras-foto-tania-rego-agencia-brasil.png","width":1280,"height":768,"caption":"Foto: T\u00e2nia R\u00eago\/Ag\u00eancia Brasil"},{"@type":"BreadcrumbList","@id":"https:\/\/agenciainfra.com\/blog\/petrobras-comeca-a-discutir-plano-estrategico-sob-leitura-de-que-transicao-perdeu-forca-no-mundo\/#breadcrumb","itemListElement":[{"@type":"ListItem","position":1,"name":"In\u00edcio","item":"https:\/\/agenciainfra.com\/blog\/"},{"@type":"ListItem","position":2,"name":"Petrobras come\u00e7a a discutir plano estrat\u00e9gico sob leitura de que transi\u00e7\u00e3o perdeu for\u00e7a no mundo"}]},{"@type":"WebSite","@id":"https:\/\/agenciainfra.com\/blog\/#website","url":"https:\/\/agenciainfra.com\/blog\/","name":"Ag\u00eancia iNFRA","description":"Multiplataforma de informa\u00e7\u00e3o jornal\u00edstica refer\u00eancia na \u00e1rea de infraestrutura no Brasil!","publisher":{"@id":"https:\/\/agenciainfra.com\/blog\/#organization"},"potentialAction":[{"@type":"SearchAction","target":{"@type":"EntryPoint","urlTemplate":"https:\/\/agenciainfra.com\/blog\/?s={search_term_string}"},"query-input":{"@type":"PropertyValueSpecification","valueRequired":true,"valueName":"search_term_string"}}],"inLanguage":"pt-BR"},{"@type":"Organization","@id":"https:\/\/agenciainfra.com\/blog\/#organization","name":"Ag\u00eancia iNFRA","url":"https:\/\/agenciainfra.com\/blog\/","logo":{"@type":"ImageObject","inLanguage":"pt-BR","@id":"https:\/\/agenciainfra.com\/blog\/#\/schema\/logo\/image\/","url":"https:\/\/agenciainfra.com\/blog\/wp-content\/uploads\/2023\/09\/iNFRA_5-e1761735885940.png","contentUrl":"https:\/\/agenciainfra.com\/blog\/wp-content\/uploads\/2023\/09\/iNFRA_5-e1761735885940.png","width":1672,"height":454,"caption":"Ag\u00eancia iNFRA"},"image":{"@id":"https:\/\/agenciainfra.com\/blog\/#\/schema\/logo\/image\/"},"sameAs":["https:\/\/www.facebook.com\/ageninfra","https:\/\/x.com\/agencia_infra","https:\/\/www.linkedin.com\/company\/ag\u00eanciainfra\/","https:\/\/www.instagram.com\/agenciainfra\/"]},{"@type":"Person","@id":"https:\/\/agenciainfra.com\/blog\/#\/schema\/person\/34af08dff6adea4cb22b06612ba7acfa","name":"Ag\u00eancia iNFRA","image":{"@type":"ImageObject","inLanguage":"pt-BR","@id":"https:\/\/agenciainfra.com\/blog\/#\/schema\/person\/image\/","url":"https:\/\/secure.gravatar.com\/avatar\/d189e01678f06d8eb84d4e01f08eb848b3fffe3f8443818d3c356c66892f5be8?s=96&d=mm&r=g","contentUrl":"https:\/\/secure.gravatar.com\/avatar\/d189e01678f06d8eb84d4e01f08eb848b3fffe3f8443818d3c356c66892f5be8?s=96&d=mm&r=g","caption":"Ag\u00eancia iNFRA"},"url":"https:\/\/agenciainfra.com\/blog\/author\/admin\/"}]}},"_links":{"self":[{"href":"https:\/\/agenciainfra.com\/blog\/wp-json\/wp\/v2\/posts\/21606","targetHints":{"allow":["GET"]}}],"collection":[{"href":"https:\/\/agenciainfra.com\/blog\/wp-json\/wp\/v2\/posts"}],"about":[{"href":"https:\/\/agenciainfra.com\/blog\/wp-json\/wp\/v2\/types\/post"}],"author":[{"embeddable":true,"href":"https:\/\/agenciainfra.com\/blog\/wp-json\/wp\/v2\/users\/1"}],"replies":[{"embeddable":true,"href":"https:\/\/agenciainfra.com\/blog\/wp-json\/wp\/v2\/comments?post=21606"}],"version-history":[{"count":1,"href":"https:\/\/agenciainfra.com\/blog\/wp-json\/wp\/v2\/posts\/21606\/revisions"}],"predecessor-version":[{"id":21607,"href":"https:\/\/agenciainfra.com\/blog\/wp-json\/wp\/v2\/posts\/21606\/revisions\/21607"}],"wp:featuredmedia":[{"embeddable":true,"href":"https:\/\/agenciainfra.com\/blog\/wp-json\/wp\/v2\/media\/10732"}],"wp:attachment":[{"href":"https:\/\/agenciainfra.com\/blog\/wp-json\/wp\/v2\/media?parent=21606"}],"wp:term":[{"taxonomy":"category","embeddable":true,"href":"https:\/\/agenciainfra.com\/blog\/wp-json\/wp\/v2\/categories?post=21606"},{"taxonomy":"post_tag","embeddable":true,"href":"https:\/\/agenciainfra.com\/blog\/wp-json\/wp\/v2\/tags?post=21606"}],"curies":[{"name":"wp","href":"https:\/\/api.w.org\/{rel}","templated":true}]}}