{"id":21614,"date":"2025-05-13T10:52:12","date_gmt":"2025-05-13T13:52:12","guid":{"rendered":"https:\/\/agenciainfra.com\/blog\/?p=21614"},"modified":"2025-05-13T12:37:05","modified_gmt":"2025-05-13T15:37:05","slug":"aneel-abre-consulta-publica-para-primeira-revisao-tarifaria-da-edp-es-sob-novo-contrato","status":"publish","type":"post","link":"https:\/\/agenciainfra.com\/blog\/aneel-abre-consulta-publica-para-primeira-revisao-tarifaria-da-edp-es-sob-novo-contrato\/","title":{"rendered":"ANEEL abre consulta p\u00fablica para primeira revis\u00e3o tarif\u00e1ria da EDP ES sob novo contrato"},"content":{"rendered":"\n<p class=\"has-text-align-right\"><strong>Geraldo Campos Jr., da Ag\u00eancia iNFRA<\/strong><\/p>\n\n\n\n<p>A diretoria da ANEEL (Ag\u00eancia Nacional de Energia El\u00e9trica) decidiu nesta ter\u00e7a-feira (13) abrir consulta p\u00fablica para a primeira RTP (Revis\u00e3o Tarif\u00e1ria Peri\u00f3dica) da EDP Esp\u00edrito Santo sob os termos do novo contrato de concess\u00e3o, que ainda aguarda decis\u00e3o do MME (Minist\u00e9rio de Minas e Energia) e assinatura entre o governo e a empresa. A consulta ficar\u00e1 aberta at\u00e9 27 de junho.<\/p>\n\n\n\n<p>A primeira revis\u00e3o prev\u00ea um reajuste m\u00e9dio de 11,65% nas tarifas, sendo 12,77% para alta tens\u00e3o e 11,25% para baixa tens\u00e3o. Pelo novo contrato, a partir de agora as RTPs da EDP ser\u00e3o a cada cinco anos, como j\u00e1 funciona na maioria dos casos. At\u00e9 ent\u00e3o, as revis\u00f5es da distribuidora eram feitas a cada tr\u00eas anos. Tamb\u00e9m ser\u00e1 alterado o \u00edndice inflacion\u00e1rio considerado para os reajustes, que deixa de ser o IGP-M (\u00cdndice Geral de Pre\u00e7os \u2013 Mercado) e passa a ser o IPCA (\u00cdndice Nacional de Pre\u00e7os ao Consumidor Amplo).<\/p>\n","protected":false},"excerpt":{"rendered":"<p>Geraldo Campos Jr., da Ag\u00eancia iNFRA A diretoria da ANEEL (Ag\u00eancia Nacional de Energia El\u00e9trica) decidiu nesta ter\u00e7a-feira (13) abrir consulta p\u00fablica para a primeira RTP (Revis\u00e3o Tarif\u00e1ria Peri\u00f3dica) da EDP Esp\u00edrito Santo sob os termos do novo contrato de concess\u00e3o, que ainda aguarda decis\u00e3o do MME (Minist\u00e9rio de Minas e Energia) e assinatura entre [&hellip;]<\/p>\n","protected":false},"author":1,"featured_media":21054,"comment_status":"closed","ping_status":"closed","sticky":false,"template":"","format":"standard","meta":{"_monsterinsights_skip_tracking":false,"_monsterinsights_sitenote_active":false,"_monsterinsights_sitenote_note":"","_monsterinsights_sitenote_category":0,"footnotes":""},"categories":[7250,1,10],"tags":[1760,12686,12246,71,12770,2690,1386],"class_list":["post-21614","post","type-post","status-publish","format-standard","has-post-thumbnail","hentry","category-destaque-lista","category-geral","category-infraenergia","tag-edp","tag-edp-es-2","tag-edp-espirito-santo","tag-mme","tag-reuniao-aneel","tag-revisao-tarifaria","tag-tarifas-de-energia"],"yoast_head":"<!-- This site is optimized with the Yoast SEO Premium plugin v25.4 (Yoast SEO v26.0) - https:\/\/yoast.com\/wordpress\/plugins\/seo\/ -->\n<title>ANEEL abre consulta p\u00fablica para primeira revis\u00e3o tarif\u00e1ria da EDP ES sob novo contrato - Ag\u00eancia iNFRA<\/title>\n<meta name=\"robots\" content=\"index, follow, max-snippet:-1, max-image-preview:large, max-video-preview:-1\" \/>\n<link rel=\"canonical\" href=\"https:\/\/agenciainfra.com\/blog\/aneel-abre-consulta-publica-para-primeira-revisao-tarifaria-da-edp-es-sob-novo-contrato\/\" \/>\n<meta property=\"og:locale\" content=\"pt_BR\" \/>\n<meta property=\"og:type\" content=\"article\" \/>\n<meta property=\"og:title\" content=\"ANEEL abre consulta p\u00fablica para primeira revis\u00e3o tarif\u00e1ria da EDP ES sob novo contrato\" \/>\n<meta property=\"og:description\" content=\"Geraldo Campos Jr., da Ag\u00eancia iNFRA A diretoria da ANEEL (Ag\u00eancia Nacional de Energia El\u00e9trica) decidiu nesta ter\u00e7a-feira (13) abrir consulta p\u00fablica para a primeira RTP (Revis\u00e3o Tarif\u00e1ria Peri\u00f3dica) da EDP Esp\u00edrito Santo sob os termos do novo contrato de concess\u00e3o, que ainda aguarda decis\u00e3o do MME (Minist\u00e9rio de Minas e Energia) e assinatura entre [&hellip;]\" \/>\n<meta property=\"og:url\" content=\"https:\/\/agenciainfra.com\/blog\/aneel-abre-consulta-publica-para-primeira-revisao-tarifaria-da-edp-es-sob-novo-contrato\/\" \/>\n<meta property=\"og:site_name\" content=\"Ag\u00eancia iNFRA\" \/>\n<meta property=\"article:publisher\" content=\"https:\/\/www.facebook.com\/ageninfra\" \/>\n<meta property=\"article:published_time\" content=\"2025-05-13T13:52:12+00:00\" \/>\n<meta property=\"article:modified_time\" content=\"2025-05-13T15:37:05+00:00\" \/>\n<meta property=\"og:image\" content=\"https:\/\/agenciainfra.com\/blog\/wp-content\/uploads\/2025\/04\/sede-edp-foto-divulgacao-e1745404670732.jpeg\" \/>\n\t<meta property=\"og:image:width\" content=\"1280\" \/>\n\t<meta property=\"og:image:height\" content=\"717\" \/>\n\t<meta property=\"og:image:type\" content=\"image\/jpeg\" \/>\n<meta name=\"author\" content=\"Ag\u00eancia iNFRA\" \/>\n<meta name=\"twitter:card\" content=\"summary_large_image\" \/>\n<meta name=\"twitter:creator\" content=\"@agencia_infra\" \/>\n<meta name=\"twitter:site\" content=\"@agencia_infra\" \/>\n<meta name=\"twitter:label1\" content=\"Escrito por\" \/>\n\t<meta name=\"twitter:data1\" content=\"Ag\u00eancia iNFRA\" \/>\n\t<meta name=\"twitter:label2\" content=\"Est. tempo de leitura\" \/>\n\t<meta name=\"twitter:data2\" content=\"1 minuto\" \/>\n<script type=\"application\/ld+json\" class=\"yoast-schema-graph\">{\"@context\":\"https:\/\/schema.org\",\"@graph\":[{\"@type\":\"Article\",\"@id\":\"https:\/\/agenciainfra.com\/blog\/aneel-abre-consulta-publica-para-primeira-revisao-tarifaria-da-edp-es-sob-novo-contrato\/#article\",\"isPartOf\":{\"@id\":\"https:\/\/agenciainfra.com\/blog\/aneel-abre-consulta-publica-para-primeira-revisao-tarifaria-da-edp-es-sob-novo-contrato\/\"},\"author\":{\"name\":\"Ag\u00eancia iNFRA\",\"@id\":\"https:\/\/agenciainfra.com\/blog\/#\/schema\/person\/34af08dff6adea4cb22b06612ba7acfa\"},\"headline\":\"ANEEL abre consulta p\u00fablica para primeira revis\u00e3o tarif\u00e1ria da EDP ES sob novo contrato\",\"datePublished\":\"2025-05-13T13:52:12+00:00\",\"dateModified\":\"2025-05-13T15:37:05+00:00\",\"mainEntityOfPage\":{\"@id\":\"https:\/\/agenciainfra.com\/blog\/aneel-abre-consulta-publica-para-primeira-revisao-tarifaria-da-edp-es-sob-novo-contrato\/\"},\"wordCount\":194,\"publisher\":{\"@id\":\"https:\/\/agenciainfra.com\/blog\/#organization\"},\"image\":{\"@id\":\"https:\/\/agenciainfra.com\/blog\/aneel-abre-consulta-publica-para-primeira-revisao-tarifaria-da-edp-es-sob-novo-contrato\/#primaryimage\"},\"thumbnailUrl\":\"https:\/\/agenciainfra.com\/blog\/wp-content\/uploads\/2025\/04\/sede-edp-foto-divulgacao-e1745404670732.jpeg\",\"keywords\":[\"EDP\",\"EDP ES\",\"EDP Esp\u00edrito Santo\",\"MME\",\"reuni\u00e3o aneel\",\"revis\u00e3o tarif\u00e1ria\",\"tarifas de energia\"],\"articleSection\":[\"Destaque lista\",\"Geral\",\"iNFRAEnergia\"],\"inLanguage\":\"pt-BR\",\"copyrightYear\":\"2025\",\"copyrightHolder\":{\"@id\":\"https:\/\/agenciainfra.com\/blog\/#organization\"}},{\"@type\":\"WebPage\",\"@id\":\"https:\/\/agenciainfra.com\/blog\/aneel-abre-consulta-publica-para-primeira-revisao-tarifaria-da-edp-es-sob-novo-contrato\/\",\"url\":\"https:\/\/agenciainfra.com\/blog\/aneel-abre-consulta-publica-para-primeira-revisao-tarifaria-da-edp-es-sob-novo-contrato\/\",\"name\":\"ANEEL abre consulta p\u00fablica para primeira revis\u00e3o tarif\u00e1ria da EDP ES sob novo contrato - Ag\u00eancia iNFRA\",\"isPartOf\":{\"@id\":\"https:\/\/agenciainfra.com\/blog\/#website\"},\"primaryImageOfPage\":{\"@id\":\"https:\/\/agenciainfra.com\/blog\/aneel-abre-consulta-publica-para-primeira-revisao-tarifaria-da-edp-es-sob-novo-contrato\/#primaryimage\"},\"image\":{\"@id\":\"https:\/\/agenciainfra.com\/blog\/aneel-abre-consulta-publica-para-primeira-revisao-tarifaria-da-edp-es-sob-novo-contrato\/#primaryimage\"},\"thumbnailUrl\":\"https:\/\/agenciainfra.com\/blog\/wp-content\/uploads\/2025\/04\/sede-edp-foto-divulgacao-e1745404670732.jpeg\",\"datePublished\":\"2025-05-13T13:52:12+00:00\",\"dateModified\":\"2025-05-13T15:37:05+00:00\",\"breadcrumb\":{\"@id\":\"https:\/\/agenciainfra.com\/blog\/aneel-abre-consulta-publica-para-primeira-revisao-tarifaria-da-edp-es-sob-novo-contrato\/#breadcrumb\"},\"inLanguage\":\"pt-BR\",\"potentialAction\":[{\"@type\":\"ReadAction\",\"target\":[\"https:\/\/agenciainfra.com\/blog\/aneel-abre-consulta-publica-para-primeira-revisao-tarifaria-da-edp-es-sob-novo-contrato\/\"]}]},{\"@type\":\"ImageObject\",\"inLanguage\":\"pt-BR\",\"@id\":\"https:\/\/agenciainfra.com\/blog\/aneel-abre-consulta-publica-para-primeira-revisao-tarifaria-da-edp-es-sob-novo-contrato\/#primaryimage\",\"url\":\"https:\/\/agenciainfra.com\/blog\/wp-content\/uploads\/2025\/04\/sede-edp-foto-divulgacao-e1745404670732.jpeg\",\"contentUrl\":\"https:\/\/agenciainfra.com\/blog\/wp-content\/uploads\/2025\/04\/sede-edp-foto-divulgacao-e1745404670732.jpeg\",\"width\":1280,\"height\":717,\"caption\":\"Foto: EDP\"},{\"@type\":\"BreadcrumbList\",\"@id\":\"https:\/\/agenciainfra.com\/blog\/aneel-abre-consulta-publica-para-primeira-revisao-tarifaria-da-edp-es-sob-novo-contrato\/#breadcrumb\",\"itemListElement\":[{\"@type\":\"ListItem\",\"position\":1,\"name\":\"In\u00edcio\",\"item\":\"https:\/\/agenciainfra.com\/blog\/\"},{\"@type\":\"ListItem\",\"position\":2,\"name\":\"ANEEL abre consulta p\u00fablica para primeira revis\u00e3o tarif\u00e1ria da EDP ES sob novo contrato\"}]},{\"@type\":\"WebSite\",\"@id\":\"https:\/\/agenciainfra.com\/blog\/#website\",\"url\":\"https:\/\/agenciainfra.com\/blog\/\",\"name\":\"Ag\u00eancia iNFRA\",\"description\":\"Multiplataforma de informa\u00e7\u00e3o jornal\u00edstica refer\u00eancia na \u00e1rea de infraestrutura no Brasil!\",\"publisher\":{\"@id\":\"https:\/\/agenciainfra.com\/blog\/#organization\"},\"potentialAction\":[{\"@type\":\"SearchAction\",\"target\":{\"@type\":\"EntryPoint\",\"urlTemplate\":\"https:\/\/agenciainfra.com\/blog\/?s={search_term_string}\"},\"query-input\":{\"@type\":\"PropertyValueSpecification\",\"valueRequired\":true,\"valueName\":\"search_term_string\"}}],\"inLanguage\":\"pt-BR\"},{\"@type\":\"Organization\",\"@id\":\"https:\/\/agenciainfra.com\/blog\/#organization\",\"name\":\"Ag\u00eancia iNFRA\",\"url\":\"https:\/\/agenciainfra.com\/blog\/\",\"logo\":{\"@type\":\"ImageObject\",\"inLanguage\":\"pt-BR\",\"@id\":\"https:\/\/agenciainfra.com\/blog\/#\/schema\/logo\/image\/\",\"url\":\"https:\/\/agenciainfra.com\/blog\/wp-content\/uploads\/2023\/09\/iNFRA_5-e1761735885940.png\",\"contentUrl\":\"https:\/\/agenciainfra.com\/blog\/wp-content\/uploads\/2023\/09\/iNFRA_5-e1761735885940.png\",\"width\":1672,\"height\":454,\"caption\":\"Ag\u00eancia iNFRA\"},\"image\":{\"@id\":\"https:\/\/agenciainfra.com\/blog\/#\/schema\/logo\/image\/\"},\"sameAs\":[\"https:\/\/www.facebook.com\/ageninfra\",\"https:\/\/x.com\/agencia_infra\",\"https:\/\/www.linkedin.com\/company\/ag\u00eanciainfra\/\",\"https:\/\/www.instagram.com\/agenciainfra\/\"]},{\"@type\":\"Person\",\"@id\":\"https:\/\/agenciainfra.com\/blog\/#\/schema\/person\/34af08dff6adea4cb22b06612ba7acfa\",\"name\":\"Ag\u00eancia iNFRA\",\"image\":{\"@type\":\"ImageObject\",\"inLanguage\":\"pt-BR\",\"@id\":\"https:\/\/agenciainfra.com\/blog\/#\/schema\/person\/image\/\",\"url\":\"https:\/\/secure.gravatar.com\/avatar\/d189e01678f06d8eb84d4e01f08eb848b3fffe3f8443818d3c356c66892f5be8?s=96&d=mm&r=g\",\"contentUrl\":\"https:\/\/secure.gravatar.com\/avatar\/d189e01678f06d8eb84d4e01f08eb848b3fffe3f8443818d3c356c66892f5be8?s=96&d=mm&r=g\",\"caption\":\"Ag\u00eancia iNFRA\"},\"url\":\"https:\/\/agenciainfra.com\/blog\/author\/admin\/\"}]}<\/script>\n<!-- \/ Yoast SEO Premium plugin. -->","yoast_head_json":{"title":"ANEEL abre consulta p\u00fablica para primeira revis\u00e3o tarif\u00e1ria da EDP ES sob novo contrato - Ag\u00eancia iNFRA","robots":{"index":"index","follow":"follow","max-snippet":"max-snippet:-1","max-image-preview":"max-image-preview:large","max-video-preview":"max-video-preview:-1"},"canonical":"https:\/\/agenciainfra.com\/blog\/aneel-abre-consulta-publica-para-primeira-revisao-tarifaria-da-edp-es-sob-novo-contrato\/","og_locale":"pt_BR","og_type":"article","og_title":"ANEEL abre consulta p\u00fablica para primeira revis\u00e3o tarif\u00e1ria da EDP ES sob novo contrato","og_description":"Geraldo Campos Jr., da Ag\u00eancia iNFRA A diretoria da ANEEL (Ag\u00eancia Nacional de Energia El\u00e9trica) decidiu nesta ter\u00e7a-feira (13) abrir consulta p\u00fablica para a primeira RTP (Revis\u00e3o Tarif\u00e1ria Peri\u00f3dica) da EDP Esp\u00edrito Santo sob os termos do novo contrato de concess\u00e3o, que ainda aguarda decis\u00e3o do MME (Minist\u00e9rio de Minas e Energia) e assinatura entre [&hellip;]","og_url":"https:\/\/agenciainfra.com\/blog\/aneel-abre-consulta-publica-para-primeira-revisao-tarifaria-da-edp-es-sob-novo-contrato\/","og_site_name":"Ag\u00eancia iNFRA","article_publisher":"https:\/\/www.facebook.com\/ageninfra","article_published_time":"2025-05-13T13:52:12+00:00","article_modified_time":"2025-05-13T15:37:05+00:00","og_image":[{"width":1280,"height":717,"url":"https:\/\/agenciainfra.com\/blog\/wp-content\/uploads\/2025\/04\/sede-edp-foto-divulgacao-e1745404670732.jpeg","type":"image\/jpeg"}],"author":"Ag\u00eancia iNFRA","twitter_card":"summary_large_image","twitter_creator":"@agencia_infra","twitter_site":"@agencia_infra","twitter_misc":{"Escrito por":"Ag\u00eancia iNFRA","Est. tempo de leitura":"1 minuto"},"schema":{"@context":"https:\/\/schema.org","@graph":[{"@type":"Article","@id":"https:\/\/agenciainfra.com\/blog\/aneel-abre-consulta-publica-para-primeira-revisao-tarifaria-da-edp-es-sob-novo-contrato\/#article","isPartOf":{"@id":"https:\/\/agenciainfra.com\/blog\/aneel-abre-consulta-publica-para-primeira-revisao-tarifaria-da-edp-es-sob-novo-contrato\/"},"author":{"name":"Ag\u00eancia iNFRA","@id":"https:\/\/agenciainfra.com\/blog\/#\/schema\/person\/34af08dff6adea4cb22b06612ba7acfa"},"headline":"ANEEL abre consulta p\u00fablica para primeira revis\u00e3o tarif\u00e1ria da EDP ES sob novo contrato","datePublished":"2025-05-13T13:52:12+00:00","dateModified":"2025-05-13T15:37:05+00:00","mainEntityOfPage":{"@id":"https:\/\/agenciainfra.com\/blog\/aneel-abre-consulta-publica-para-primeira-revisao-tarifaria-da-edp-es-sob-novo-contrato\/"},"wordCount":194,"publisher":{"@id":"https:\/\/agenciainfra.com\/blog\/#organization"},"image":{"@id":"https:\/\/agenciainfra.com\/blog\/aneel-abre-consulta-publica-para-primeira-revisao-tarifaria-da-edp-es-sob-novo-contrato\/#primaryimage"},"thumbnailUrl":"https:\/\/agenciainfra.com\/blog\/wp-content\/uploads\/2025\/04\/sede-edp-foto-divulgacao-e1745404670732.jpeg","keywords":["EDP","EDP ES","EDP Esp\u00edrito Santo","MME","reuni\u00e3o aneel","revis\u00e3o tarif\u00e1ria","tarifas de energia"],"articleSection":["Destaque lista","Geral","iNFRAEnergia"],"inLanguage":"pt-BR","copyrightYear":"2025","copyrightHolder":{"@id":"https:\/\/agenciainfra.com\/blog\/#organization"}},{"@type":"WebPage","@id":"https:\/\/agenciainfra.com\/blog\/aneel-abre-consulta-publica-para-primeira-revisao-tarifaria-da-edp-es-sob-novo-contrato\/","url":"https:\/\/agenciainfra.com\/blog\/aneel-abre-consulta-publica-para-primeira-revisao-tarifaria-da-edp-es-sob-novo-contrato\/","name":"ANEEL abre consulta p\u00fablica para primeira revis\u00e3o tarif\u00e1ria da EDP ES sob novo contrato - Ag\u00eancia iNFRA","isPartOf":{"@id":"https:\/\/agenciainfra.com\/blog\/#website"},"primaryImageOfPage":{"@id":"https:\/\/agenciainfra.com\/blog\/aneel-abre-consulta-publica-para-primeira-revisao-tarifaria-da-edp-es-sob-novo-contrato\/#primaryimage"},"image":{"@id":"https:\/\/agenciainfra.com\/blog\/aneel-abre-consulta-publica-para-primeira-revisao-tarifaria-da-edp-es-sob-novo-contrato\/#primaryimage"},"thumbnailUrl":"https:\/\/agenciainfra.com\/blog\/wp-content\/uploads\/2025\/04\/sede-edp-foto-divulgacao-e1745404670732.jpeg","datePublished":"2025-05-13T13:52:12+00:00","dateModified":"2025-05-13T15:37:05+00:00","breadcrumb":{"@id":"https:\/\/agenciainfra.com\/blog\/aneel-abre-consulta-publica-para-primeira-revisao-tarifaria-da-edp-es-sob-novo-contrato\/#breadcrumb"},"inLanguage":"pt-BR","potentialAction":[{"@type":"ReadAction","target":["https:\/\/agenciainfra.com\/blog\/aneel-abre-consulta-publica-para-primeira-revisao-tarifaria-da-edp-es-sob-novo-contrato\/"]}]},{"@type":"ImageObject","inLanguage":"pt-BR","@id":"https:\/\/agenciainfra.com\/blog\/aneel-abre-consulta-publica-para-primeira-revisao-tarifaria-da-edp-es-sob-novo-contrato\/#primaryimage","url":"https:\/\/agenciainfra.com\/blog\/wp-content\/uploads\/2025\/04\/sede-edp-foto-divulgacao-e1745404670732.jpeg","contentUrl":"https:\/\/agenciainfra.com\/blog\/wp-content\/uploads\/2025\/04\/sede-edp-foto-divulgacao-e1745404670732.jpeg","width":1280,"height":717,"caption":"Foto: EDP"},{"@type":"BreadcrumbList","@id":"https:\/\/agenciainfra.com\/blog\/aneel-abre-consulta-publica-para-primeira-revisao-tarifaria-da-edp-es-sob-novo-contrato\/#breadcrumb","itemListElement":[{"@type":"ListItem","position":1,"name":"In\u00edcio","item":"https:\/\/agenciainfra.com\/blog\/"},{"@type":"ListItem","position":2,"name":"ANEEL abre consulta p\u00fablica para primeira revis\u00e3o tarif\u00e1ria da EDP ES sob novo contrato"}]},{"@type":"WebSite","@id":"https:\/\/agenciainfra.com\/blog\/#website","url":"https:\/\/agenciainfra.com\/blog\/","name":"Ag\u00eancia iNFRA","description":"Multiplataforma de informa\u00e7\u00e3o jornal\u00edstica refer\u00eancia na \u00e1rea de infraestrutura no Brasil!","publisher":{"@id":"https:\/\/agenciainfra.com\/blog\/#organization"},"potentialAction":[{"@type":"SearchAction","target":{"@type":"EntryPoint","urlTemplate":"https:\/\/agenciainfra.com\/blog\/?s={search_term_string}"},"query-input":{"@type":"PropertyValueSpecification","valueRequired":true,"valueName":"search_term_string"}}],"inLanguage":"pt-BR"},{"@type":"Organization","@id":"https:\/\/agenciainfra.com\/blog\/#organization","name":"Ag\u00eancia iNFRA","url":"https:\/\/agenciainfra.com\/blog\/","logo":{"@type":"ImageObject","inLanguage":"pt-BR","@id":"https:\/\/agenciainfra.com\/blog\/#\/schema\/logo\/image\/","url":"https:\/\/agenciainfra.com\/blog\/wp-content\/uploads\/2023\/09\/iNFRA_5-e1761735885940.png","contentUrl":"https:\/\/agenciainfra.com\/blog\/wp-content\/uploads\/2023\/09\/iNFRA_5-e1761735885940.png","width":1672,"height":454,"caption":"Ag\u00eancia iNFRA"},"image":{"@id":"https:\/\/agenciainfra.com\/blog\/#\/schema\/logo\/image\/"},"sameAs":["https:\/\/www.facebook.com\/ageninfra","https:\/\/x.com\/agencia_infra","https:\/\/www.linkedin.com\/company\/ag\u00eanciainfra\/","https:\/\/www.instagram.com\/agenciainfra\/"]},{"@type":"Person","@id":"https:\/\/agenciainfra.com\/blog\/#\/schema\/person\/34af08dff6adea4cb22b06612ba7acfa","name":"Ag\u00eancia iNFRA","image":{"@type":"ImageObject","inLanguage":"pt-BR","@id":"https:\/\/agenciainfra.com\/blog\/#\/schema\/person\/image\/","url":"https:\/\/secure.gravatar.com\/avatar\/d189e01678f06d8eb84d4e01f08eb848b3fffe3f8443818d3c356c66892f5be8?s=96&d=mm&r=g","contentUrl":"https:\/\/secure.gravatar.com\/avatar\/d189e01678f06d8eb84d4e01f08eb848b3fffe3f8443818d3c356c66892f5be8?s=96&d=mm&r=g","caption":"Ag\u00eancia iNFRA"},"url":"https:\/\/agenciainfra.com\/blog\/author\/admin\/"}]}},"_links":{"self":[{"href":"https:\/\/agenciainfra.com\/blog\/wp-json\/wp\/v2\/posts\/21614","targetHints":{"allow":["GET"]}}],"collection":[{"href":"https:\/\/agenciainfra.com\/blog\/wp-json\/wp\/v2\/posts"}],"about":[{"href":"https:\/\/agenciainfra.com\/blog\/wp-json\/wp\/v2\/types\/post"}],"author":[{"embeddable":true,"href":"https:\/\/agenciainfra.com\/blog\/wp-json\/wp\/v2\/users\/1"}],"replies":[{"embeddable":true,"href":"https:\/\/agenciainfra.com\/blog\/wp-json\/wp\/v2\/comments?post=21614"}],"version-history":[{"count":2,"href":"https:\/\/agenciainfra.com\/blog\/wp-json\/wp\/v2\/posts\/21614\/revisions"}],"predecessor-version":[{"id":21621,"href":"https:\/\/agenciainfra.com\/blog\/wp-json\/wp\/v2\/posts\/21614\/revisions\/21621"}],"wp:featuredmedia":[{"embeddable":true,"href":"https:\/\/agenciainfra.com\/blog\/wp-json\/wp\/v2\/media\/21054"}],"wp:attachment":[{"href":"https:\/\/agenciainfra.com\/blog\/wp-json\/wp\/v2\/media?parent=21614"}],"wp:term":[{"taxonomy":"category","embeddable":true,"href":"https:\/\/agenciainfra.com\/blog\/wp-json\/wp\/v2\/categories?post=21614"},{"taxonomy":"post_tag","embeddable":true,"href":"https:\/\/agenciainfra.com\/blog\/wp-json\/wp\/v2\/tags?post=21614"}],"curies":[{"name":"wp","href":"https:\/\/api.w.org\/{rel}","templated":true}]}}