{"id":21627,"date":"2025-05-13T14:36:40","date_gmt":"2025-05-13T17:36:40","guid":{"rendered":"https:\/\/agenciainfra.com\/blog\/?p=21627"},"modified":"2025-05-13T20:16:09","modified_gmt":"2025-05-13T23:16:09","slug":"gasolina-tem-tendencia-de-alta-no-preco-internacional-e-o-diesel-de-queda-diz-diretor-da-petrobras-ao-justificar-politica-de-precos","status":"publish","type":"post","link":"https:\/\/agenciainfra.com\/blog\/gasolina-tem-tendencia-de-alta-no-preco-internacional-e-o-diesel-de-queda-diz-diretor-da-petrobras-ao-justificar-politica-de-precos\/","title":{"rendered":"Gasolina tem tend\u00eancia de alta no pre\u00e7o internacional e o diesel, de queda, diz diretor da Petrobras ao justificar pol\u00edtica de pre\u00e7os"},"content":{"rendered":"\n<p class=\"has-text-align-right\"><strong>Gabriel Vasconcelos, da Ag\u00eancia iNFRA<\/strong><\/p>\n\n\n\n<p>O diretor de comercializa\u00e7\u00e3o e log\u00edstica da Petrobras, Claudio Schlosser, disse hoje (13) que a gasolina vive momento de alta dos pre\u00e7os internacionais, enquanto o diesel, ao contr\u00e1rio, teria um cen\u00e1rio de queda no exterior, o que permitiu suas tr\u00eas redu\u00e7\u00f5es seguidas de pre\u00e7o pela Petrobras desde o fim de mar\u00e7o.<\/p>\n\n\n\n<p>&#8220;Temos um olhar particular para cada um dos produtos. Ao contrario do diesel, que tem tend\u00eancia de queda, a gasolina vive momento de ascend\u00eancia pela &#8216;drinving season&#8217; americana (temporada de f\u00e9rias). A gasolina tende a subir e isso pressiona um pouco as cota\u00e7\u00f5es internacionais&#8221;, disse Schlosser.<\/p>\n\n\n\n<p>Para al\u00e9m dos pre\u00e7os externos, lembrou Schlosser, a Petrobras tamb\u00e9m leva em considera\u00e7\u00e3o crit\u00e9rios internos, como sua capacidade de refino e aspectos log\u00edsticos da companhia, o que diferencia sua refer\u00eancia de pre\u00e7o daquela adotada por importadores, por exemplo.<\/p>\n\n\n\n<p>O diretor da Petrobras falou, ainda, em &#8220;forte volatilidade externa&#8221;. &#8220;H\u00e1 fatores geopol\u00edticos extremamente fortes, pressionado os pre\u00e7os e spreads (diferencial ante o \u00f3leo bruto) dos produtos. E n\u00f3s nao tranferimos essa volatilidade como no passado&#8221;, disse para justificar os mais de 400 dias sem mudan\u00e7as no diesel que antecederam o reajuste de mar\u00e7o e os cerca de 300 dias sem altera\u00e7\u00e3o na gasolina Petrobras.<\/p>\n\n\n\n<p>Segundo a Abicom (Associa\u00e7\u00e3o Brasileira de Importadores de Combust\u00edveis), o diesel Petrobras, mesmo ap\u00f3s as redu\u00e7\u00f5es de pre\u00e7o, seguia acima do PPI (Pre\u00e7o de Paridade de Importa\u00e7\u00e3o) at\u00e9 esta ter\u00e7a-feira (13), quando ficou R$ 0,05 por litro mais barato que o referencial do Golfo do M\u00e9xico (EUA). J\u00e1 a gasolina da estatal segue R$ 0,07 por litro acima do PPI.<\/p>\n","protected":false},"excerpt":{"rendered":"<p>Gabriel Vasconcelos, da Ag\u00eancia iNFRA O diretor de comercializa\u00e7\u00e3o e log\u00edstica da Petrobras, Claudio Schlosser, disse hoje (13) que a gasolina vive momento de alta dos pre\u00e7os internacionais, enquanto o diesel, ao contr\u00e1rio, teria um cen\u00e1rio de queda no exterior, o que permitiu suas tr\u00eas redu\u00e7\u00f5es seguidas de pre\u00e7o pela Petrobras desde o fim de [&hellip;]<\/p>\n","protected":false},"author":1,"featured_media":6670,"comment_status":"closed","ping_status":"closed","sticky":false,"template":"","format":"standard","meta":{"_monsterinsights_skip_tracking":false,"_monsterinsights_sitenote_active":false,"_monsterinsights_sitenote_note":"","_monsterinsights_sitenote_category":0,"footnotes":""},"categories":[7250,1,13271],"tags":[3376,13331,315,13251,3365,143,12297,5163],"class_list":["post-21627","post","type-post","status-publish","format-standard","has-post-thumbnail","hentry","category-destaque-lista","category-geral","category-oleo-gas","tag-abicom","tag-claudio-schlosser","tag-diesel","tag-gabriel-vasconcelos","tag-gasolina","tag-petrobras","tag-preco-de-paridade-de-importacao","tag-preco-dos-combustiveis"],"yoast_head":"<!-- This site is optimized with the Yoast SEO Premium plugin v25.4 (Yoast SEO v26.0) - https:\/\/yoast.com\/wordpress\/plugins\/seo\/ -->\n<title>Gasolina tem tend\u00eancia de alta no pre\u00e7o internacional e o diesel, de queda, diz diretor da Petrobras ao justificar pol\u00edtica de pre\u00e7os - Ag\u00eancia iNFRA<\/title>\n<meta name=\"robots\" content=\"index, follow, max-snippet:-1, max-image-preview:large, max-video-preview:-1\" \/>\n<link rel=\"canonical\" href=\"https:\/\/agenciainfra.com\/blog\/gasolina-tem-tendencia-de-alta-no-preco-internacional-e-o-diesel-de-queda-diz-diretor-da-petrobras-ao-justificar-politica-de-precos\/\" \/>\n<meta property=\"og:locale\" content=\"pt_BR\" \/>\n<meta property=\"og:type\" content=\"article\" \/>\n<meta property=\"og:title\" content=\"Gasolina tem tend\u00eancia de alta no pre\u00e7o internacional e o diesel, de queda, diz diretor da Petrobras ao justificar pol\u00edtica de pre\u00e7os\" \/>\n<meta property=\"og:description\" content=\"Gabriel Vasconcelos, da Ag\u00eancia iNFRA O diretor de comercializa\u00e7\u00e3o e log\u00edstica da Petrobras, Claudio Schlosser, disse hoje (13) que a gasolina vive momento de alta dos pre\u00e7os internacionais, enquanto o diesel, ao contr\u00e1rio, teria um cen\u00e1rio de queda no exterior, o que permitiu suas tr\u00eas redu\u00e7\u00f5es seguidas de pre\u00e7o pela Petrobras desde o fim de [&hellip;]\" \/>\n<meta property=\"og:url\" content=\"https:\/\/agenciainfra.com\/blog\/gasolina-tem-tendencia-de-alta-no-preco-internacional-e-o-diesel-de-queda-diz-diretor-da-petrobras-ao-justificar-politica-de-precos\/\" \/>\n<meta property=\"og:site_name\" content=\"Ag\u00eancia iNFRA\" \/>\n<meta property=\"article:publisher\" content=\"https:\/\/www.facebook.com\/ageninfra\" \/>\n<meta property=\"article:published_time\" content=\"2025-05-13T17:36:40+00:00\" \/>\n<meta property=\"article:modified_time\" content=\"2025-05-13T23:16:09+00:00\" \/>\n<meta property=\"og:image\" content=\"https:\/\/agenciainfra.com\/blog\/wp-content\/uploads\/2021\/01\/combustivel-petrobras-foto-pedro-ventura-agencia-brasilia.jpg\" \/>\n\t<meta property=\"og:image:width\" content=\"1280\" \/>\n\t<meta property=\"og:image:height\" content=\"853\" \/>\n\t<meta property=\"og:image:type\" content=\"image\/jpeg\" \/>\n<meta name=\"author\" content=\"Ag\u00eancia iNFRA\" \/>\n<meta name=\"twitter:card\" content=\"summary_large_image\" \/>\n<meta name=\"twitter:creator\" content=\"@agencia_infra\" \/>\n<meta name=\"twitter:site\" content=\"@agencia_infra\" \/>\n<meta name=\"twitter:label1\" content=\"Escrito por\" \/>\n\t<meta name=\"twitter:data1\" content=\"Ag\u00eancia iNFRA\" \/>\n\t<meta name=\"twitter:label2\" content=\"Est. tempo de leitura\" \/>\n\t<meta name=\"twitter:data2\" content=\"1 minuto\" \/>\n<script type=\"application\/ld+json\" class=\"yoast-schema-graph\">{\"@context\":\"https:\/\/schema.org\",\"@graph\":[{\"@type\":\"Article\",\"@id\":\"https:\/\/agenciainfra.com\/blog\/gasolina-tem-tendencia-de-alta-no-preco-internacional-e-o-diesel-de-queda-diz-diretor-da-petrobras-ao-justificar-politica-de-precos\/#article\",\"isPartOf\":{\"@id\":\"https:\/\/agenciainfra.com\/blog\/gasolina-tem-tendencia-de-alta-no-preco-internacional-e-o-diesel-de-queda-diz-diretor-da-petrobras-ao-justificar-politica-de-precos\/\"},\"author\":{\"name\":\"Ag\u00eancia iNFRA\",\"@id\":\"https:\/\/agenciainfra.com\/blog\/#\/schema\/person\/34af08dff6adea4cb22b06612ba7acfa\"},\"headline\":\"Gasolina tem tend\u00eancia de alta no pre\u00e7o internacional e o diesel, de queda, diz diretor da Petrobras ao justificar pol\u00edtica de pre\u00e7os\",\"datePublished\":\"2025-05-13T17:36:40+00:00\",\"dateModified\":\"2025-05-13T23:16:09+00:00\",\"mainEntityOfPage\":{\"@id\":\"https:\/\/agenciainfra.com\/blog\/gasolina-tem-tendencia-de-alta-no-preco-internacional-e-o-diesel-de-queda-diz-diretor-da-petrobras-ao-justificar-politica-de-precos\/\"},\"wordCount\":322,\"publisher\":{\"@id\":\"https:\/\/agenciainfra.com\/blog\/#organization\"},\"image\":{\"@id\":\"https:\/\/agenciainfra.com\/blog\/gasolina-tem-tendencia-de-alta-no-preco-internacional-e-o-diesel-de-queda-diz-diretor-da-petrobras-ao-justificar-politica-de-precos\/#primaryimage\"},\"thumbnailUrl\":\"https:\/\/agenciainfra.com\/blog\/wp-content\/uploads\/2021\/01\/combustivel-petrobras-foto-pedro-ventura-agencia-brasilia.jpg\",\"keywords\":[\"Abicom\",\"claudio schlosser\",\"diesel\",\"Gabriel Vasconcelos\",\"gasolina\",\"Petrobras\",\"pre\u00e7o de paridade de importa\u00e7\u00e3o\",\"pre\u00e7o dos combust\u00edveis\"],\"articleSection\":[\"Destaque lista\",\"Geral\",\"\u00d3leo &amp; G\u00e1s\"],\"inLanguage\":\"pt-BR\",\"copyrightYear\":\"2025\",\"copyrightHolder\":{\"@id\":\"https:\/\/agenciainfra.com\/blog\/#organization\"}},{\"@type\":\"WebPage\",\"@id\":\"https:\/\/agenciainfra.com\/blog\/gasolina-tem-tendencia-de-alta-no-preco-internacional-e-o-diesel-de-queda-diz-diretor-da-petrobras-ao-justificar-politica-de-precos\/\",\"url\":\"https:\/\/agenciainfra.com\/blog\/gasolina-tem-tendencia-de-alta-no-preco-internacional-e-o-diesel-de-queda-diz-diretor-da-petrobras-ao-justificar-politica-de-precos\/\",\"name\":\"Gasolina tem tend\u00eancia de alta no pre\u00e7o internacional e o diesel, de queda, diz diretor da Petrobras ao justificar pol\u00edtica de pre\u00e7os - Ag\u00eancia iNFRA\",\"isPartOf\":{\"@id\":\"https:\/\/agenciainfra.com\/blog\/#website\"},\"primaryImageOfPage\":{\"@id\":\"https:\/\/agenciainfra.com\/blog\/gasolina-tem-tendencia-de-alta-no-preco-internacional-e-o-diesel-de-queda-diz-diretor-da-petrobras-ao-justificar-politica-de-precos\/#primaryimage\"},\"image\":{\"@id\":\"https:\/\/agenciainfra.com\/blog\/gasolina-tem-tendencia-de-alta-no-preco-internacional-e-o-diesel-de-queda-diz-diretor-da-petrobras-ao-justificar-politica-de-precos\/#primaryimage\"},\"thumbnailUrl\":\"https:\/\/agenciainfra.com\/blog\/wp-content\/uploads\/2021\/01\/combustivel-petrobras-foto-pedro-ventura-agencia-brasilia.jpg\",\"datePublished\":\"2025-05-13T17:36:40+00:00\",\"dateModified\":\"2025-05-13T23:16:09+00:00\",\"breadcrumb\":{\"@id\":\"https:\/\/agenciainfra.com\/blog\/gasolina-tem-tendencia-de-alta-no-preco-internacional-e-o-diesel-de-queda-diz-diretor-da-petrobras-ao-justificar-politica-de-precos\/#breadcrumb\"},\"inLanguage\":\"pt-BR\",\"potentialAction\":[{\"@type\":\"ReadAction\",\"target\":[\"https:\/\/agenciainfra.com\/blog\/gasolina-tem-tendencia-de-alta-no-preco-internacional-e-o-diesel-de-queda-diz-diretor-da-petrobras-ao-justificar-politica-de-precos\/\"]}]},{\"@type\":\"ImageObject\",\"inLanguage\":\"pt-BR\",\"@id\":\"https:\/\/agenciainfra.com\/blog\/gasolina-tem-tendencia-de-alta-no-preco-internacional-e-o-diesel-de-queda-diz-diretor-da-petrobras-ao-justificar-politica-de-precos\/#primaryimage\",\"url\":\"https:\/\/agenciainfra.com\/blog\/wp-content\/uploads\/2021\/01\/combustivel-petrobras-foto-pedro-ventura-agencia-brasilia.jpg\",\"contentUrl\":\"https:\/\/agenciainfra.com\/blog\/wp-content\/uploads\/2021\/01\/combustivel-petrobras-foto-pedro-ventura-agencia-brasilia.jpg\",\"width\":1280,\"height\":853,\"caption\":\"Foto: Pedro Ventura\/Ag\u00eancia Bras\u00edlia\"},{\"@type\":\"BreadcrumbList\",\"@id\":\"https:\/\/agenciainfra.com\/blog\/gasolina-tem-tendencia-de-alta-no-preco-internacional-e-o-diesel-de-queda-diz-diretor-da-petrobras-ao-justificar-politica-de-precos\/#breadcrumb\",\"itemListElement\":[{\"@type\":\"ListItem\",\"position\":1,\"name\":\"In\u00edcio\",\"item\":\"https:\/\/agenciainfra.com\/blog\/\"},{\"@type\":\"ListItem\",\"position\":2,\"name\":\"Gasolina tem tend\u00eancia de alta no pre\u00e7o internacional e o diesel, de queda, diz diretor da Petrobras ao justificar pol\u00edtica de pre\u00e7os\"}]},{\"@type\":\"WebSite\",\"@id\":\"https:\/\/agenciainfra.com\/blog\/#website\",\"url\":\"https:\/\/agenciainfra.com\/blog\/\",\"name\":\"Ag\u00eancia iNFRA\",\"description\":\"Multiplataforma de informa\u00e7\u00e3o jornal\u00edstica refer\u00eancia na \u00e1rea de infraestrutura no Brasil!\",\"publisher\":{\"@id\":\"https:\/\/agenciainfra.com\/blog\/#organization\"},\"potentialAction\":[{\"@type\":\"SearchAction\",\"target\":{\"@type\":\"EntryPoint\",\"urlTemplate\":\"https:\/\/agenciainfra.com\/blog\/?s={search_term_string}\"},\"query-input\":{\"@type\":\"PropertyValueSpecification\",\"valueRequired\":true,\"valueName\":\"search_term_string\"}}],\"inLanguage\":\"pt-BR\"},{\"@type\":\"Organization\",\"@id\":\"https:\/\/agenciainfra.com\/blog\/#organization\",\"name\":\"Ag\u00eancia iNFRA\",\"url\":\"https:\/\/agenciainfra.com\/blog\/\",\"logo\":{\"@type\":\"ImageObject\",\"inLanguage\":\"pt-BR\",\"@id\":\"https:\/\/agenciainfra.com\/blog\/#\/schema\/logo\/image\/\",\"url\":\"https:\/\/agenciainfra.com\/blog\/wp-content\/uploads\/2023\/09\/iNFRA_5-e1761735885940.png\",\"contentUrl\":\"https:\/\/agenciainfra.com\/blog\/wp-content\/uploads\/2023\/09\/iNFRA_5-e1761735885940.png\",\"width\":1672,\"height\":454,\"caption\":\"Ag\u00eancia iNFRA\"},\"image\":{\"@id\":\"https:\/\/agenciainfra.com\/blog\/#\/schema\/logo\/image\/\"},\"sameAs\":[\"https:\/\/www.facebook.com\/ageninfra\",\"https:\/\/x.com\/agencia_infra\",\"https:\/\/www.linkedin.com\/company\/ag\u00eanciainfra\/\",\"https:\/\/www.instagram.com\/agenciainfra\/\"]},{\"@type\":\"Person\",\"@id\":\"https:\/\/agenciainfra.com\/blog\/#\/schema\/person\/34af08dff6adea4cb22b06612ba7acfa\",\"name\":\"Ag\u00eancia iNFRA\",\"image\":{\"@type\":\"ImageObject\",\"inLanguage\":\"pt-BR\",\"@id\":\"https:\/\/agenciainfra.com\/blog\/#\/schema\/person\/image\/\",\"url\":\"https:\/\/secure.gravatar.com\/avatar\/d189e01678f06d8eb84d4e01f08eb848b3fffe3f8443818d3c356c66892f5be8?s=96&d=mm&r=g\",\"contentUrl\":\"https:\/\/secure.gravatar.com\/avatar\/d189e01678f06d8eb84d4e01f08eb848b3fffe3f8443818d3c356c66892f5be8?s=96&d=mm&r=g\",\"caption\":\"Ag\u00eancia iNFRA\"},\"url\":\"https:\/\/agenciainfra.com\/blog\/author\/admin\/\"}]}<\/script>\n<!-- \/ Yoast SEO Premium plugin. -->","yoast_head_json":{"title":"Gasolina tem tend\u00eancia de alta no pre\u00e7o internacional e o diesel, de queda, diz diretor da Petrobras ao justificar pol\u00edtica de pre\u00e7os - Ag\u00eancia iNFRA","robots":{"index":"index","follow":"follow","max-snippet":"max-snippet:-1","max-image-preview":"max-image-preview:large","max-video-preview":"max-video-preview:-1"},"canonical":"https:\/\/agenciainfra.com\/blog\/gasolina-tem-tendencia-de-alta-no-preco-internacional-e-o-diesel-de-queda-diz-diretor-da-petrobras-ao-justificar-politica-de-precos\/","og_locale":"pt_BR","og_type":"article","og_title":"Gasolina tem tend\u00eancia de alta no pre\u00e7o internacional e o diesel, de queda, diz diretor da Petrobras ao justificar pol\u00edtica de pre\u00e7os","og_description":"Gabriel Vasconcelos, da Ag\u00eancia iNFRA O diretor de comercializa\u00e7\u00e3o e log\u00edstica da Petrobras, Claudio Schlosser, disse hoje (13) que a gasolina vive momento de alta dos pre\u00e7os internacionais, enquanto o diesel, ao contr\u00e1rio, teria um cen\u00e1rio de queda no exterior, o que permitiu suas tr\u00eas redu\u00e7\u00f5es seguidas de pre\u00e7o pela Petrobras desde o fim de [&hellip;]","og_url":"https:\/\/agenciainfra.com\/blog\/gasolina-tem-tendencia-de-alta-no-preco-internacional-e-o-diesel-de-queda-diz-diretor-da-petrobras-ao-justificar-politica-de-precos\/","og_site_name":"Ag\u00eancia iNFRA","article_publisher":"https:\/\/www.facebook.com\/ageninfra","article_published_time":"2025-05-13T17:36:40+00:00","article_modified_time":"2025-05-13T23:16:09+00:00","og_image":[{"width":1280,"height":853,"url":"https:\/\/agenciainfra.com\/blog\/wp-content\/uploads\/2021\/01\/combustivel-petrobras-foto-pedro-ventura-agencia-brasilia.jpg","type":"image\/jpeg"}],"author":"Ag\u00eancia iNFRA","twitter_card":"summary_large_image","twitter_creator":"@agencia_infra","twitter_site":"@agencia_infra","twitter_misc":{"Escrito por":"Ag\u00eancia iNFRA","Est. tempo de leitura":"1 minuto"},"schema":{"@context":"https:\/\/schema.org","@graph":[{"@type":"Article","@id":"https:\/\/agenciainfra.com\/blog\/gasolina-tem-tendencia-de-alta-no-preco-internacional-e-o-diesel-de-queda-diz-diretor-da-petrobras-ao-justificar-politica-de-precos\/#article","isPartOf":{"@id":"https:\/\/agenciainfra.com\/blog\/gasolina-tem-tendencia-de-alta-no-preco-internacional-e-o-diesel-de-queda-diz-diretor-da-petrobras-ao-justificar-politica-de-precos\/"},"author":{"name":"Ag\u00eancia iNFRA","@id":"https:\/\/agenciainfra.com\/blog\/#\/schema\/person\/34af08dff6adea4cb22b06612ba7acfa"},"headline":"Gasolina tem tend\u00eancia de alta no pre\u00e7o internacional e o diesel, de queda, diz diretor da Petrobras ao justificar pol\u00edtica de pre\u00e7os","datePublished":"2025-05-13T17:36:40+00:00","dateModified":"2025-05-13T23:16:09+00:00","mainEntityOfPage":{"@id":"https:\/\/agenciainfra.com\/blog\/gasolina-tem-tendencia-de-alta-no-preco-internacional-e-o-diesel-de-queda-diz-diretor-da-petrobras-ao-justificar-politica-de-precos\/"},"wordCount":322,"publisher":{"@id":"https:\/\/agenciainfra.com\/blog\/#organization"},"image":{"@id":"https:\/\/agenciainfra.com\/blog\/gasolina-tem-tendencia-de-alta-no-preco-internacional-e-o-diesel-de-queda-diz-diretor-da-petrobras-ao-justificar-politica-de-precos\/#primaryimage"},"thumbnailUrl":"https:\/\/agenciainfra.com\/blog\/wp-content\/uploads\/2021\/01\/combustivel-petrobras-foto-pedro-ventura-agencia-brasilia.jpg","keywords":["Abicom","claudio schlosser","diesel","Gabriel Vasconcelos","gasolina","Petrobras","pre\u00e7o de paridade de importa\u00e7\u00e3o","pre\u00e7o dos combust\u00edveis"],"articleSection":["Destaque lista","Geral","\u00d3leo &amp; G\u00e1s"],"inLanguage":"pt-BR","copyrightYear":"2025","copyrightHolder":{"@id":"https:\/\/agenciainfra.com\/blog\/#organization"}},{"@type":"WebPage","@id":"https:\/\/agenciainfra.com\/blog\/gasolina-tem-tendencia-de-alta-no-preco-internacional-e-o-diesel-de-queda-diz-diretor-da-petrobras-ao-justificar-politica-de-precos\/","url":"https:\/\/agenciainfra.com\/blog\/gasolina-tem-tendencia-de-alta-no-preco-internacional-e-o-diesel-de-queda-diz-diretor-da-petrobras-ao-justificar-politica-de-precos\/","name":"Gasolina tem tend\u00eancia de alta no pre\u00e7o internacional e o diesel, de queda, diz diretor da Petrobras ao justificar pol\u00edtica de pre\u00e7os - Ag\u00eancia iNFRA","isPartOf":{"@id":"https:\/\/agenciainfra.com\/blog\/#website"},"primaryImageOfPage":{"@id":"https:\/\/agenciainfra.com\/blog\/gasolina-tem-tendencia-de-alta-no-preco-internacional-e-o-diesel-de-queda-diz-diretor-da-petrobras-ao-justificar-politica-de-precos\/#primaryimage"},"image":{"@id":"https:\/\/agenciainfra.com\/blog\/gasolina-tem-tendencia-de-alta-no-preco-internacional-e-o-diesel-de-queda-diz-diretor-da-petrobras-ao-justificar-politica-de-precos\/#primaryimage"},"thumbnailUrl":"https:\/\/agenciainfra.com\/blog\/wp-content\/uploads\/2021\/01\/combustivel-petrobras-foto-pedro-ventura-agencia-brasilia.jpg","datePublished":"2025-05-13T17:36:40+00:00","dateModified":"2025-05-13T23:16:09+00:00","breadcrumb":{"@id":"https:\/\/agenciainfra.com\/blog\/gasolina-tem-tendencia-de-alta-no-preco-internacional-e-o-diesel-de-queda-diz-diretor-da-petrobras-ao-justificar-politica-de-precos\/#breadcrumb"},"inLanguage":"pt-BR","potentialAction":[{"@type":"ReadAction","target":["https:\/\/agenciainfra.com\/blog\/gasolina-tem-tendencia-de-alta-no-preco-internacional-e-o-diesel-de-queda-diz-diretor-da-petrobras-ao-justificar-politica-de-precos\/"]}]},{"@type":"ImageObject","inLanguage":"pt-BR","@id":"https:\/\/agenciainfra.com\/blog\/gasolina-tem-tendencia-de-alta-no-preco-internacional-e-o-diesel-de-queda-diz-diretor-da-petrobras-ao-justificar-politica-de-precos\/#primaryimage","url":"https:\/\/agenciainfra.com\/blog\/wp-content\/uploads\/2021\/01\/combustivel-petrobras-foto-pedro-ventura-agencia-brasilia.jpg","contentUrl":"https:\/\/agenciainfra.com\/blog\/wp-content\/uploads\/2021\/01\/combustivel-petrobras-foto-pedro-ventura-agencia-brasilia.jpg","width":1280,"height":853,"caption":"Foto: Pedro Ventura\/Ag\u00eancia Bras\u00edlia"},{"@type":"BreadcrumbList","@id":"https:\/\/agenciainfra.com\/blog\/gasolina-tem-tendencia-de-alta-no-preco-internacional-e-o-diesel-de-queda-diz-diretor-da-petrobras-ao-justificar-politica-de-precos\/#breadcrumb","itemListElement":[{"@type":"ListItem","position":1,"name":"In\u00edcio","item":"https:\/\/agenciainfra.com\/blog\/"},{"@type":"ListItem","position":2,"name":"Gasolina tem tend\u00eancia de alta no pre\u00e7o internacional e o diesel, de queda, diz diretor da Petrobras ao justificar pol\u00edtica de pre\u00e7os"}]},{"@type":"WebSite","@id":"https:\/\/agenciainfra.com\/blog\/#website","url":"https:\/\/agenciainfra.com\/blog\/","name":"Ag\u00eancia iNFRA","description":"Multiplataforma de informa\u00e7\u00e3o jornal\u00edstica refer\u00eancia na \u00e1rea de infraestrutura no Brasil!","publisher":{"@id":"https:\/\/agenciainfra.com\/blog\/#organization"},"potentialAction":[{"@type":"SearchAction","target":{"@type":"EntryPoint","urlTemplate":"https:\/\/agenciainfra.com\/blog\/?s={search_term_string}"},"query-input":{"@type":"PropertyValueSpecification","valueRequired":true,"valueName":"search_term_string"}}],"inLanguage":"pt-BR"},{"@type":"Organization","@id":"https:\/\/agenciainfra.com\/blog\/#organization","name":"Ag\u00eancia iNFRA","url":"https:\/\/agenciainfra.com\/blog\/","logo":{"@type":"ImageObject","inLanguage":"pt-BR","@id":"https:\/\/agenciainfra.com\/blog\/#\/schema\/logo\/image\/","url":"https:\/\/agenciainfra.com\/blog\/wp-content\/uploads\/2023\/09\/iNFRA_5-e1761735885940.png","contentUrl":"https:\/\/agenciainfra.com\/blog\/wp-content\/uploads\/2023\/09\/iNFRA_5-e1761735885940.png","width":1672,"height":454,"caption":"Ag\u00eancia iNFRA"},"image":{"@id":"https:\/\/agenciainfra.com\/blog\/#\/schema\/logo\/image\/"},"sameAs":["https:\/\/www.facebook.com\/ageninfra","https:\/\/x.com\/agencia_infra","https:\/\/www.linkedin.com\/company\/ag\u00eanciainfra\/","https:\/\/www.instagram.com\/agenciainfra\/"]},{"@type":"Person","@id":"https:\/\/agenciainfra.com\/blog\/#\/schema\/person\/34af08dff6adea4cb22b06612ba7acfa","name":"Ag\u00eancia iNFRA","image":{"@type":"ImageObject","inLanguage":"pt-BR","@id":"https:\/\/agenciainfra.com\/blog\/#\/schema\/person\/image\/","url":"https:\/\/secure.gravatar.com\/avatar\/d189e01678f06d8eb84d4e01f08eb848b3fffe3f8443818d3c356c66892f5be8?s=96&d=mm&r=g","contentUrl":"https:\/\/secure.gravatar.com\/avatar\/d189e01678f06d8eb84d4e01f08eb848b3fffe3f8443818d3c356c66892f5be8?s=96&d=mm&r=g","caption":"Ag\u00eancia iNFRA"},"url":"https:\/\/agenciainfra.com\/blog\/author\/admin\/"}]}},"_links":{"self":[{"href":"https:\/\/agenciainfra.com\/blog\/wp-json\/wp\/v2\/posts\/21627","targetHints":{"allow":["GET"]}}],"collection":[{"href":"https:\/\/agenciainfra.com\/blog\/wp-json\/wp\/v2\/posts"}],"about":[{"href":"https:\/\/agenciainfra.com\/blog\/wp-json\/wp\/v2\/types\/post"}],"author":[{"embeddable":true,"href":"https:\/\/agenciainfra.com\/blog\/wp-json\/wp\/v2\/users\/1"}],"replies":[{"embeddable":true,"href":"https:\/\/agenciainfra.com\/blog\/wp-json\/wp\/v2\/comments?post=21627"}],"version-history":[{"count":1,"href":"https:\/\/agenciainfra.com\/blog\/wp-json\/wp\/v2\/posts\/21627\/revisions"}],"predecessor-version":[{"id":21628,"href":"https:\/\/agenciainfra.com\/blog\/wp-json\/wp\/v2\/posts\/21627\/revisions\/21628"}],"wp:featuredmedia":[{"embeddable":true,"href":"https:\/\/agenciainfra.com\/blog\/wp-json\/wp\/v2\/media\/6670"}],"wp:attachment":[{"href":"https:\/\/agenciainfra.com\/blog\/wp-json\/wp\/v2\/media?parent=21627"}],"wp:term":[{"taxonomy":"category","embeddable":true,"href":"https:\/\/agenciainfra.com\/blog\/wp-json\/wp\/v2\/categories?post=21627"},{"taxonomy":"post_tag","embeddable":true,"href":"https:\/\/agenciainfra.com\/blog\/wp-json\/wp\/v2\/tags?post=21627"}],"curies":[{"name":"wp","href":"https:\/\/api.w.org\/{rel}","templated":true}]}}