{"id":21630,"date":"2025-05-13T18:07:49","date_gmt":"2025-05-13T21:07:49","guid":{"rendered":"https:\/\/agenciainfra.com\/blog\/?p=21630"},"modified":"2025-05-14T06:45:20","modified_gmt":"2025-05-14T09:45:20","slug":"brasil-precisa-deixar-polarizacao-para-avancar-na-pauta-de-minerais-criticos-e-estrategicos-diz-deputado","status":"publish","type":"post","link":"https:\/\/agenciainfra.com\/blog\/brasil-precisa-deixar-polarizacao-para-avancar-na-pauta-de-minerais-criticos-e-estrategicos-diz-deputado\/","title":{"rendered":"Brasil precisa deixar polariza\u00e7\u00e3o para avan\u00e7ar na pauta de minerais cr\u00edticos e estrat\u00e9gicos, diz deputado"},"content":{"rendered":"\n<p class=\"has-text-align-right\"><strong>Bernardo Gonzaga, da Ag\u00eancia iNFRA<\/strong><\/p>\n\n\n\n<p>O deputado Z\u00e9 Silva (Solidariedade-MG) disse que o pa\u00eds tem focado muito na pauta de polariza\u00e7\u00e3o pol\u00edtica e interesses pessoais dos dirigentes partid\u00e1rios e dado pouca aten\u00e7\u00e3o \u00e0 agenda dos minerais cr\u00edticos e estrat\u00e9gicos. Silva ressaltou que para avan\u00e7ar na pauta dessa minera\u00e7\u00e3o \u00e9 necess\u00e1rio que o pa\u00eds saia dessa \u201cletargia\u201d.&nbsp;<\/p>\n\n\n\n<p>\u201cPara que o Brasil se torne protagonista [no debate sobre minerais cr\u00edticos e estrat\u00e9gicos], n\u00f3s temos que sair de uma letargia, do empobrecimento do debate no pa\u00eds. N\u00f3s estamos no quinto m\u00eas do ano (&#8230;) e poucas pautas n\u00f3s estamos deixando como legado como pauta de Estado brasileira\u201d, disse o deputado durante evento nesta ter\u00e7a-feira (13) do CB Talks, Os desafios da agenda de minerais estrat\u00e9gicos para o Brasil.&nbsp;<\/p>\n\n\n\n<p>O deputado tamb\u00e9m destacou que se o pa\u00eds n\u00e3o avan\u00e7ar nessa pauta, corre o risco de chegar na COP30, em novembro deste ano em Bel\u00e9m (PA), sem uma pol\u00edtica clara sobre o assunto para apresentar ao mundo.&nbsp;<\/p>\n\n\n\n<p>Para a diretora de pesquisa do Instituto Escolhas, Larissa Rodrigues, o Brasil parte de um hist\u00f3rico muito ruim ligado ao setor de minera\u00e7\u00e3o, com alto impacto social e ambiental e que isso n\u00e3o vai mudar de uma hora para outra. Entretanto, \u00e9 preciso achar um equil\u00edbrio na regula\u00e7\u00e3o para que o pa\u00eds tenha projetos importantes para economia ao mesmo tempo em que d\u00e1 compreens\u00e3o aos impactos ambientais. Sen\u00e3o, segundo Rodrigues, o Brasil sempre olhar\u00e1 com desconfian\u00e7a para todo projeto do setor devido ao seu hist\u00f3rico de problemas ambientais e sociais.<\/p>\n\n\n\n<p>\u201cOs instrumentos que estamos falando s\u00e3o de regula\u00e7\u00e3o. [Mas] n\u00e3o \u00e9 s\u00f3 fazer mais regula\u00e7\u00e3o, e sim justamente qual a regula\u00e7\u00e3o que \u00e9 necess\u00e1ria. N\u00e3o \u00e9 a que vai impedir novos projetos, mas a que vai apaziguar todas essas for\u00e7as que precisamos garantir que estejam de bem. Hoje vivemos permanentemente em situa\u00e7\u00e3o de conflito\u201d, disse.\u00a0<\/p>\n\n\n\n<p>Para Ricardo Sennes, diretor-executivo da Prospectiva Public Affairs Lat.Am, \u00e9 necess\u00e1rio, al\u00e9m do poder p\u00fablico e setor privado que atua na extra\u00e7\u00e3o mineral, trazer tamb\u00e9m as empresas que de fato usam os minerais cr\u00edticos nos seus produtos finais para o debate.&nbsp;<\/p>\n\n\n\n<p>\u201cEu fico pensando na Embraer, na Weg, que s\u00e3o empresas altamente inovadoras (&#8230;) e s\u00e3o usu\u00e1rias desse processo todo, encaixar programas de inova\u00e7\u00e3o ligados a minerais cr\u00edticos\u201d, disse.&nbsp;<\/p>\n\n\n\n<p>J\u00e1 o vice-presidente do Ibram (Instituto Brasileiro de Minera\u00e7\u00e3o), Fernando Azevedo, disse que o Brasil tem um grande potencial para liderar a agenda de minerais cr\u00edticos no mundo e tamb\u00e9m alertou para a depend\u00eancia de tecnologia estrangeira.&nbsp;<\/p>\n\n\n\n<p>\u201cN\u00f3s temos um potencial para liderar globalmente isso. Oportunidade geopol\u00edtica e econ\u00f4mica. E temos que tomar cuidado no risco de depend\u00eancia tecnol\u00f3gica. A tecnologia para isso \u00e9 muito importante\u201d, disse.<\/p>\n","protected":false},"excerpt":{"rendered":"<p>Bernardo Gonzaga, da Ag\u00eancia iNFRA O deputado Z\u00e9 Silva (Solidariedade-MG) disse que o pa\u00eds tem focado muito na pauta de polariza\u00e7\u00e3o pol\u00edtica e interesses pessoais dos dirigentes partid\u00e1rios e dado pouca aten\u00e7\u00e3o \u00e0 agenda dos minerais cr\u00edticos e estrat\u00e9gicos. Silva ressaltou que para avan\u00e7ar na pauta dessa minera\u00e7\u00e3o \u00e9 necess\u00e1rio que o pa\u00eds saia dessa [&hellip;]<\/p>\n","protected":false},"author":1,"featured_media":21240,"comment_status":"closed","ping_status":"closed","sticky":false,"template":"","format":"standard","meta":{"_monsterinsights_skip_tracking":false,"_monsterinsights_sitenote_active":false,"_monsterinsights_sitenote_note":"","_monsterinsights_sitenote_category":0,"footnotes":""},"categories":[7250,1,13239],"tags":[340,13138,519,839,13332,13333],"class_list":["post-21630","post","type-post","status-publish","format-standard","has-post-thumbnail","hentry","category-destaque-lista","category-geral","category-mineracao","tag-anm","tag-bernardo-gonzaga","tag-minas-e-energia","tag-mineracao","tag-minerais-criticos-e-estrategicos","tag-terras-raras"],"yoast_head":"<!-- This site is optimized with the Yoast SEO Premium plugin v25.4 (Yoast SEO v26.0) - https:\/\/yoast.com\/wordpress\/plugins\/seo\/ -->\n<title>Brasil precisa deixar polariza\u00e7\u00e3o para avan\u00e7ar na pauta de minerais cr\u00edticos e estrat\u00e9gicos, diz deputado - Ag\u00eancia iNFRA<\/title>\n<meta name=\"robots\" content=\"index, follow, max-snippet:-1, max-image-preview:large, max-video-preview:-1\" \/>\n<link rel=\"canonical\" href=\"https:\/\/agenciainfra.com\/blog\/brasil-precisa-deixar-polarizacao-para-avancar-na-pauta-de-minerais-criticos-e-estrategicos-diz-deputado\/\" \/>\n<meta property=\"og:locale\" content=\"pt_BR\" \/>\n<meta property=\"og:type\" content=\"article\" \/>\n<meta property=\"og:title\" content=\"Brasil precisa deixar polariza\u00e7\u00e3o para avan\u00e7ar na pauta de minerais cr\u00edticos e estrat\u00e9gicos, diz deputado\" \/>\n<meta property=\"og:description\" content=\"Bernardo Gonzaga, da Ag\u00eancia iNFRA O deputado Z\u00e9 Silva (Solidariedade-MG) disse que o pa\u00eds tem focado muito na pauta de polariza\u00e7\u00e3o pol\u00edtica e interesses pessoais dos dirigentes partid\u00e1rios e dado pouca aten\u00e7\u00e3o \u00e0 agenda dos minerais cr\u00edticos e estrat\u00e9gicos. Silva ressaltou que para avan\u00e7ar na pauta dessa minera\u00e7\u00e3o \u00e9 necess\u00e1rio que o pa\u00eds saia dessa [&hellip;]\" \/>\n<meta property=\"og:url\" content=\"https:\/\/agenciainfra.com\/blog\/brasil-precisa-deixar-polarizacao-para-avancar-na-pauta-de-minerais-criticos-e-estrategicos-diz-deputado\/\" \/>\n<meta property=\"og:site_name\" content=\"Ag\u00eancia iNFRA\" \/>\n<meta property=\"article:publisher\" content=\"https:\/\/www.facebook.com\/ageninfra\" \/>\n<meta property=\"article:published_time\" content=\"2025-05-13T21:07:49+00:00\" \/>\n<meta property=\"article:modified_time\" content=\"2025-05-14T09:45:20+00:00\" \/>\n<meta property=\"og:image\" content=\"https:\/\/agenciainfra.com\/blog\/wp-content\/uploads\/2025\/05\/deputado_ze_silva-foto-agencia-fpa-senado.jpg\" \/>\n\t<meta property=\"og:image:width\" content=\"1280\" \/>\n\t<meta property=\"og:image:height\" content=\"854\" \/>\n\t<meta property=\"og:image:type\" content=\"image\/jpeg\" \/>\n<meta name=\"author\" content=\"Ag\u00eancia iNFRA\" \/>\n<meta name=\"twitter:card\" content=\"summary_large_image\" \/>\n<meta name=\"twitter:creator\" content=\"@agencia_infra\" \/>\n<meta name=\"twitter:site\" content=\"@agencia_infra\" \/>\n<meta name=\"twitter:label1\" content=\"Escrito por\" \/>\n\t<meta name=\"twitter:data1\" content=\"Ag\u00eancia iNFRA\" \/>\n\t<meta name=\"twitter:label2\" content=\"Est. tempo de leitura\" \/>\n\t<meta name=\"twitter:data2\" content=\"3 minutos\" \/>\n<script type=\"application\/ld+json\" class=\"yoast-schema-graph\">{\"@context\":\"https:\/\/schema.org\",\"@graph\":[{\"@type\":\"Article\",\"@id\":\"https:\/\/agenciainfra.com\/blog\/brasil-precisa-deixar-polarizacao-para-avancar-na-pauta-de-minerais-criticos-e-estrategicos-diz-deputado\/#article\",\"isPartOf\":{\"@id\":\"https:\/\/agenciainfra.com\/blog\/brasil-precisa-deixar-polarizacao-para-avancar-na-pauta-de-minerais-criticos-e-estrategicos-diz-deputado\/\"},\"author\":{\"name\":\"Ag\u00eancia iNFRA\",\"@id\":\"https:\/\/agenciainfra.com\/blog\/#\/schema\/person\/34af08dff6adea4cb22b06612ba7acfa\"},\"headline\":\"Brasil precisa deixar polariza\u00e7\u00e3o para avan\u00e7ar na pauta de minerais cr\u00edticos e estrat\u00e9gicos, diz deputado\",\"datePublished\":\"2025-05-13T21:07:49+00:00\",\"dateModified\":\"2025-05-14T09:45:20+00:00\",\"mainEntityOfPage\":{\"@id\":\"https:\/\/agenciainfra.com\/blog\/brasil-precisa-deixar-polarizacao-para-avancar-na-pauta-de-minerais-criticos-e-estrategicos-diz-deputado\/\"},\"wordCount\":524,\"publisher\":{\"@id\":\"https:\/\/agenciainfra.com\/blog\/#organization\"},\"image\":{\"@id\":\"https:\/\/agenciainfra.com\/blog\/brasil-precisa-deixar-polarizacao-para-avancar-na-pauta-de-minerais-criticos-e-estrategicos-diz-deputado\/#primaryimage\"},\"thumbnailUrl\":\"https:\/\/agenciainfra.com\/blog\/wp-content\/uploads\/2025\/05\/deputado_ze_silva-foto-agencia-fpa-senado-e1751021583983.jpg\",\"keywords\":[\"ANM\",\"bernardo gonzaga\",\"Minas e Energia\",\"minera\u00e7\u00e3o\",\"minerais cr\u00edticos e estrat\u00e9gicos\",\"terras raras\"],\"articleSection\":[\"Destaque lista\",\"Geral\",\"Minera\u00e7\u00e3o\"],\"inLanguage\":\"pt-BR\",\"copyrightYear\":\"2025\",\"copyrightHolder\":{\"@id\":\"https:\/\/agenciainfra.com\/blog\/#organization\"}},{\"@type\":\"WebPage\",\"@id\":\"https:\/\/agenciainfra.com\/blog\/brasil-precisa-deixar-polarizacao-para-avancar-na-pauta-de-minerais-criticos-e-estrategicos-diz-deputado\/\",\"url\":\"https:\/\/agenciainfra.com\/blog\/brasil-precisa-deixar-polarizacao-para-avancar-na-pauta-de-minerais-criticos-e-estrategicos-diz-deputado\/\",\"name\":\"Brasil precisa deixar polariza\u00e7\u00e3o para avan\u00e7ar na pauta de minerais cr\u00edticos e estrat\u00e9gicos, diz deputado - Ag\u00eancia iNFRA\",\"isPartOf\":{\"@id\":\"https:\/\/agenciainfra.com\/blog\/#website\"},\"primaryImageOfPage\":{\"@id\":\"https:\/\/agenciainfra.com\/blog\/brasil-precisa-deixar-polarizacao-para-avancar-na-pauta-de-minerais-criticos-e-estrategicos-diz-deputado\/#primaryimage\"},\"image\":{\"@id\":\"https:\/\/agenciainfra.com\/blog\/brasil-precisa-deixar-polarizacao-para-avancar-na-pauta-de-minerais-criticos-e-estrategicos-diz-deputado\/#primaryimage\"},\"thumbnailUrl\":\"https:\/\/agenciainfra.com\/blog\/wp-content\/uploads\/2025\/05\/deputado_ze_silva-foto-agencia-fpa-senado-e1751021583983.jpg\",\"datePublished\":\"2025-05-13T21:07:49+00:00\",\"dateModified\":\"2025-05-14T09:45:20+00:00\",\"breadcrumb\":{\"@id\":\"https:\/\/agenciainfra.com\/blog\/brasil-precisa-deixar-polarizacao-para-avancar-na-pauta-de-minerais-criticos-e-estrategicos-diz-deputado\/#breadcrumb\"},\"inLanguage\":\"pt-BR\",\"potentialAction\":[{\"@type\":\"ReadAction\",\"target\":[\"https:\/\/agenciainfra.com\/blog\/brasil-precisa-deixar-polarizacao-para-avancar-na-pauta-de-minerais-criticos-e-estrategicos-diz-deputado\/\"]}]},{\"@type\":\"ImageObject\",\"inLanguage\":\"pt-BR\",\"@id\":\"https:\/\/agenciainfra.com\/blog\/brasil-precisa-deixar-polarizacao-para-avancar-na-pauta-de-minerais-criticos-e-estrategicos-diz-deputado\/#primaryimage\",\"url\":\"https:\/\/agenciainfra.com\/blog\/wp-content\/uploads\/2025\/05\/deputado_ze_silva-foto-agencia-fpa-senado-e1751021583983.jpg\",\"contentUrl\":\"https:\/\/agenciainfra.com\/blog\/wp-content\/uploads\/2025\/05\/deputado_ze_silva-foto-agencia-fpa-senado-e1751021583983.jpg\",\"width\":1280,\"height\":762,\"caption\":\"Foto: Ag\u00eancia Senado\"},{\"@type\":\"BreadcrumbList\",\"@id\":\"https:\/\/agenciainfra.com\/blog\/brasil-precisa-deixar-polarizacao-para-avancar-na-pauta-de-minerais-criticos-e-estrategicos-diz-deputado\/#breadcrumb\",\"itemListElement\":[{\"@type\":\"ListItem\",\"position\":1,\"name\":\"In\u00edcio\",\"item\":\"https:\/\/agenciainfra.com\/blog\/\"},{\"@type\":\"ListItem\",\"position\":2,\"name\":\"Brasil precisa deixar polariza\u00e7\u00e3o para avan\u00e7ar na pauta de minerais cr\u00edticos e estrat\u00e9gicos, diz deputado\"}]},{\"@type\":\"WebSite\",\"@id\":\"https:\/\/agenciainfra.com\/blog\/#website\",\"url\":\"https:\/\/agenciainfra.com\/blog\/\",\"name\":\"Ag\u00eancia iNFRA\",\"description\":\"Multiplataforma de informa\u00e7\u00e3o jornal\u00edstica refer\u00eancia na \u00e1rea de infraestrutura no Brasil!\",\"publisher\":{\"@id\":\"https:\/\/agenciainfra.com\/blog\/#organization\"},\"potentialAction\":[{\"@type\":\"SearchAction\",\"target\":{\"@type\":\"EntryPoint\",\"urlTemplate\":\"https:\/\/agenciainfra.com\/blog\/?s={search_term_string}\"},\"query-input\":{\"@type\":\"PropertyValueSpecification\",\"valueRequired\":true,\"valueName\":\"search_term_string\"}}],\"inLanguage\":\"pt-BR\"},{\"@type\":\"Organization\",\"@id\":\"https:\/\/agenciainfra.com\/blog\/#organization\",\"name\":\"Ag\u00eancia iNFRA\",\"url\":\"https:\/\/agenciainfra.com\/blog\/\",\"logo\":{\"@type\":\"ImageObject\",\"inLanguage\":\"pt-BR\",\"@id\":\"https:\/\/agenciainfra.com\/blog\/#\/schema\/logo\/image\/\",\"url\":\"https:\/\/agenciainfra.com\/blog\/wp-content\/uploads\/2023\/09\/iNFRA_5-e1761735885940.png\",\"contentUrl\":\"https:\/\/agenciainfra.com\/blog\/wp-content\/uploads\/2023\/09\/iNFRA_5-e1761735885940.png\",\"width\":1672,\"height\":454,\"caption\":\"Ag\u00eancia iNFRA\"},\"image\":{\"@id\":\"https:\/\/agenciainfra.com\/blog\/#\/schema\/logo\/image\/\"},\"sameAs\":[\"https:\/\/www.facebook.com\/ageninfra\",\"https:\/\/x.com\/agencia_infra\",\"https:\/\/www.linkedin.com\/company\/ag\u00eanciainfra\/\",\"https:\/\/www.instagram.com\/agenciainfra\/\"]},{\"@type\":\"Person\",\"@id\":\"https:\/\/agenciainfra.com\/blog\/#\/schema\/person\/34af08dff6adea4cb22b06612ba7acfa\",\"name\":\"Ag\u00eancia iNFRA\",\"image\":{\"@type\":\"ImageObject\",\"inLanguage\":\"pt-BR\",\"@id\":\"https:\/\/agenciainfra.com\/blog\/#\/schema\/person\/image\/\",\"url\":\"https:\/\/secure.gravatar.com\/avatar\/d189e01678f06d8eb84d4e01f08eb848b3fffe3f8443818d3c356c66892f5be8?s=96&d=mm&r=g\",\"contentUrl\":\"https:\/\/secure.gravatar.com\/avatar\/d189e01678f06d8eb84d4e01f08eb848b3fffe3f8443818d3c356c66892f5be8?s=96&d=mm&r=g\",\"caption\":\"Ag\u00eancia iNFRA\"},\"url\":\"https:\/\/agenciainfra.com\/blog\/author\/admin\/\"}]}<\/script>\n<!-- \/ Yoast SEO Premium plugin. -->","yoast_head_json":{"title":"Brasil precisa deixar polariza\u00e7\u00e3o para avan\u00e7ar na pauta de minerais cr\u00edticos e estrat\u00e9gicos, diz deputado - Ag\u00eancia iNFRA","robots":{"index":"index","follow":"follow","max-snippet":"max-snippet:-1","max-image-preview":"max-image-preview:large","max-video-preview":"max-video-preview:-1"},"canonical":"https:\/\/agenciainfra.com\/blog\/brasil-precisa-deixar-polarizacao-para-avancar-na-pauta-de-minerais-criticos-e-estrategicos-diz-deputado\/","og_locale":"pt_BR","og_type":"article","og_title":"Brasil precisa deixar polariza\u00e7\u00e3o para avan\u00e7ar na pauta de minerais cr\u00edticos e estrat\u00e9gicos, diz deputado","og_description":"Bernardo Gonzaga, da Ag\u00eancia iNFRA O deputado Z\u00e9 Silva (Solidariedade-MG) disse que o pa\u00eds tem focado muito na pauta de polariza\u00e7\u00e3o pol\u00edtica e interesses pessoais dos dirigentes partid\u00e1rios e dado pouca aten\u00e7\u00e3o \u00e0 agenda dos minerais cr\u00edticos e estrat\u00e9gicos. Silva ressaltou que para avan\u00e7ar na pauta dessa minera\u00e7\u00e3o \u00e9 necess\u00e1rio que o pa\u00eds saia dessa [&hellip;]","og_url":"https:\/\/agenciainfra.com\/blog\/brasil-precisa-deixar-polarizacao-para-avancar-na-pauta-de-minerais-criticos-e-estrategicos-diz-deputado\/","og_site_name":"Ag\u00eancia iNFRA","article_publisher":"https:\/\/www.facebook.com\/ageninfra","article_published_time":"2025-05-13T21:07:49+00:00","article_modified_time":"2025-05-14T09:45:20+00:00","og_image":[{"width":1280,"height":854,"url":"https:\/\/agenciainfra.com\/blog\/wp-content\/uploads\/2025\/05\/deputado_ze_silva-foto-agencia-fpa-senado.jpg","type":"image\/jpeg"}],"author":"Ag\u00eancia iNFRA","twitter_card":"summary_large_image","twitter_creator":"@agencia_infra","twitter_site":"@agencia_infra","twitter_misc":{"Escrito por":"Ag\u00eancia iNFRA","Est. tempo de leitura":"3 minutos"},"schema":{"@context":"https:\/\/schema.org","@graph":[{"@type":"Article","@id":"https:\/\/agenciainfra.com\/blog\/brasil-precisa-deixar-polarizacao-para-avancar-na-pauta-de-minerais-criticos-e-estrategicos-diz-deputado\/#article","isPartOf":{"@id":"https:\/\/agenciainfra.com\/blog\/brasil-precisa-deixar-polarizacao-para-avancar-na-pauta-de-minerais-criticos-e-estrategicos-diz-deputado\/"},"author":{"name":"Ag\u00eancia iNFRA","@id":"https:\/\/agenciainfra.com\/blog\/#\/schema\/person\/34af08dff6adea4cb22b06612ba7acfa"},"headline":"Brasil precisa deixar polariza\u00e7\u00e3o para avan\u00e7ar na pauta de minerais cr\u00edticos e estrat\u00e9gicos, diz deputado","datePublished":"2025-05-13T21:07:49+00:00","dateModified":"2025-05-14T09:45:20+00:00","mainEntityOfPage":{"@id":"https:\/\/agenciainfra.com\/blog\/brasil-precisa-deixar-polarizacao-para-avancar-na-pauta-de-minerais-criticos-e-estrategicos-diz-deputado\/"},"wordCount":524,"publisher":{"@id":"https:\/\/agenciainfra.com\/blog\/#organization"},"image":{"@id":"https:\/\/agenciainfra.com\/blog\/brasil-precisa-deixar-polarizacao-para-avancar-na-pauta-de-minerais-criticos-e-estrategicos-diz-deputado\/#primaryimage"},"thumbnailUrl":"https:\/\/agenciainfra.com\/blog\/wp-content\/uploads\/2025\/05\/deputado_ze_silva-foto-agencia-fpa-senado-e1751021583983.jpg","keywords":["ANM","bernardo gonzaga","Minas e Energia","minera\u00e7\u00e3o","minerais cr\u00edticos e estrat\u00e9gicos","terras raras"],"articleSection":["Destaque lista","Geral","Minera\u00e7\u00e3o"],"inLanguage":"pt-BR","copyrightYear":"2025","copyrightHolder":{"@id":"https:\/\/agenciainfra.com\/blog\/#organization"}},{"@type":"WebPage","@id":"https:\/\/agenciainfra.com\/blog\/brasil-precisa-deixar-polarizacao-para-avancar-na-pauta-de-minerais-criticos-e-estrategicos-diz-deputado\/","url":"https:\/\/agenciainfra.com\/blog\/brasil-precisa-deixar-polarizacao-para-avancar-na-pauta-de-minerais-criticos-e-estrategicos-diz-deputado\/","name":"Brasil precisa deixar polariza\u00e7\u00e3o para avan\u00e7ar na pauta de minerais cr\u00edticos e estrat\u00e9gicos, diz deputado - Ag\u00eancia iNFRA","isPartOf":{"@id":"https:\/\/agenciainfra.com\/blog\/#website"},"primaryImageOfPage":{"@id":"https:\/\/agenciainfra.com\/blog\/brasil-precisa-deixar-polarizacao-para-avancar-na-pauta-de-minerais-criticos-e-estrategicos-diz-deputado\/#primaryimage"},"image":{"@id":"https:\/\/agenciainfra.com\/blog\/brasil-precisa-deixar-polarizacao-para-avancar-na-pauta-de-minerais-criticos-e-estrategicos-diz-deputado\/#primaryimage"},"thumbnailUrl":"https:\/\/agenciainfra.com\/blog\/wp-content\/uploads\/2025\/05\/deputado_ze_silva-foto-agencia-fpa-senado-e1751021583983.jpg","datePublished":"2025-05-13T21:07:49+00:00","dateModified":"2025-05-14T09:45:20+00:00","breadcrumb":{"@id":"https:\/\/agenciainfra.com\/blog\/brasil-precisa-deixar-polarizacao-para-avancar-na-pauta-de-minerais-criticos-e-estrategicos-diz-deputado\/#breadcrumb"},"inLanguage":"pt-BR","potentialAction":[{"@type":"ReadAction","target":["https:\/\/agenciainfra.com\/blog\/brasil-precisa-deixar-polarizacao-para-avancar-na-pauta-de-minerais-criticos-e-estrategicos-diz-deputado\/"]}]},{"@type":"ImageObject","inLanguage":"pt-BR","@id":"https:\/\/agenciainfra.com\/blog\/brasil-precisa-deixar-polarizacao-para-avancar-na-pauta-de-minerais-criticos-e-estrategicos-diz-deputado\/#primaryimage","url":"https:\/\/agenciainfra.com\/blog\/wp-content\/uploads\/2025\/05\/deputado_ze_silva-foto-agencia-fpa-senado-e1751021583983.jpg","contentUrl":"https:\/\/agenciainfra.com\/blog\/wp-content\/uploads\/2025\/05\/deputado_ze_silva-foto-agencia-fpa-senado-e1751021583983.jpg","width":1280,"height":762,"caption":"Foto: Ag\u00eancia Senado"},{"@type":"BreadcrumbList","@id":"https:\/\/agenciainfra.com\/blog\/brasil-precisa-deixar-polarizacao-para-avancar-na-pauta-de-minerais-criticos-e-estrategicos-diz-deputado\/#breadcrumb","itemListElement":[{"@type":"ListItem","position":1,"name":"In\u00edcio","item":"https:\/\/agenciainfra.com\/blog\/"},{"@type":"ListItem","position":2,"name":"Brasil precisa deixar polariza\u00e7\u00e3o para avan\u00e7ar na pauta de minerais cr\u00edticos e estrat\u00e9gicos, diz deputado"}]},{"@type":"WebSite","@id":"https:\/\/agenciainfra.com\/blog\/#website","url":"https:\/\/agenciainfra.com\/blog\/","name":"Ag\u00eancia iNFRA","description":"Multiplataforma de informa\u00e7\u00e3o jornal\u00edstica refer\u00eancia na \u00e1rea de infraestrutura no Brasil!","publisher":{"@id":"https:\/\/agenciainfra.com\/blog\/#organization"},"potentialAction":[{"@type":"SearchAction","target":{"@type":"EntryPoint","urlTemplate":"https:\/\/agenciainfra.com\/blog\/?s={search_term_string}"},"query-input":{"@type":"PropertyValueSpecification","valueRequired":true,"valueName":"search_term_string"}}],"inLanguage":"pt-BR"},{"@type":"Organization","@id":"https:\/\/agenciainfra.com\/blog\/#organization","name":"Ag\u00eancia iNFRA","url":"https:\/\/agenciainfra.com\/blog\/","logo":{"@type":"ImageObject","inLanguage":"pt-BR","@id":"https:\/\/agenciainfra.com\/blog\/#\/schema\/logo\/image\/","url":"https:\/\/agenciainfra.com\/blog\/wp-content\/uploads\/2023\/09\/iNFRA_5-e1761735885940.png","contentUrl":"https:\/\/agenciainfra.com\/blog\/wp-content\/uploads\/2023\/09\/iNFRA_5-e1761735885940.png","width":1672,"height":454,"caption":"Ag\u00eancia iNFRA"},"image":{"@id":"https:\/\/agenciainfra.com\/blog\/#\/schema\/logo\/image\/"},"sameAs":["https:\/\/www.facebook.com\/ageninfra","https:\/\/x.com\/agencia_infra","https:\/\/www.linkedin.com\/company\/ag\u00eanciainfra\/","https:\/\/www.instagram.com\/agenciainfra\/"]},{"@type":"Person","@id":"https:\/\/agenciainfra.com\/blog\/#\/schema\/person\/34af08dff6adea4cb22b06612ba7acfa","name":"Ag\u00eancia iNFRA","image":{"@type":"ImageObject","inLanguage":"pt-BR","@id":"https:\/\/agenciainfra.com\/blog\/#\/schema\/person\/image\/","url":"https:\/\/secure.gravatar.com\/avatar\/d189e01678f06d8eb84d4e01f08eb848b3fffe3f8443818d3c356c66892f5be8?s=96&d=mm&r=g","contentUrl":"https:\/\/secure.gravatar.com\/avatar\/d189e01678f06d8eb84d4e01f08eb848b3fffe3f8443818d3c356c66892f5be8?s=96&d=mm&r=g","caption":"Ag\u00eancia iNFRA"},"url":"https:\/\/agenciainfra.com\/blog\/author\/admin\/"}]}},"_links":{"self":[{"href":"https:\/\/agenciainfra.com\/blog\/wp-json\/wp\/v2\/posts\/21630","targetHints":{"allow":["GET"]}}],"collection":[{"href":"https:\/\/agenciainfra.com\/blog\/wp-json\/wp\/v2\/posts"}],"about":[{"href":"https:\/\/agenciainfra.com\/blog\/wp-json\/wp\/v2\/types\/post"}],"author":[{"embeddable":true,"href":"https:\/\/agenciainfra.com\/blog\/wp-json\/wp\/v2\/users\/1"}],"replies":[{"embeddable":true,"href":"https:\/\/agenciainfra.com\/blog\/wp-json\/wp\/v2\/comments?post=21630"}],"version-history":[{"count":1,"href":"https:\/\/agenciainfra.com\/blog\/wp-json\/wp\/v2\/posts\/21630\/revisions"}],"predecessor-version":[{"id":21631,"href":"https:\/\/agenciainfra.com\/blog\/wp-json\/wp\/v2\/posts\/21630\/revisions\/21631"}],"wp:featuredmedia":[{"embeddable":true,"href":"https:\/\/agenciainfra.com\/blog\/wp-json\/wp\/v2\/media\/21240"}],"wp:attachment":[{"href":"https:\/\/agenciainfra.com\/blog\/wp-json\/wp\/v2\/media?parent=21630"}],"wp:term":[{"taxonomy":"category","embeddable":true,"href":"https:\/\/agenciainfra.com\/blog\/wp-json\/wp\/v2\/categories?post=21630"},{"taxonomy":"post_tag","embeddable":true,"href":"https:\/\/agenciainfra.com\/blog\/wp-json\/wp\/v2\/tags?post=21630"}],"curies":[{"name":"wp","href":"https:\/\/api.w.org\/{rel}","templated":true}]}}