{"id":2164,"date":"2018-07-22T00:05:18","date_gmt":"2018-07-22T03:05:18","guid":{"rendered":"http:\/\/www.agenciainfra.com\/blog\/?p=2164"},"modified":"2018-07-23T15:11:13","modified_gmt":"2018-07-23T18:11:13","slug":"parecer-tecnico-do-tcu-pede-mudancas-no-modelo-de-concessao-da-ferrovia-norte-sul","status":"publish","type":"post","link":"https:\/\/agenciainfra.com\/blog\/parecer-tecnico-do-tcu-pede-mudancas-no-modelo-de-concessao-da-ferrovia-norte-sul\/","title":{"rendered":"Parecer t\u00e9cnico do TCU pede mudan\u00e7as no modelo de concess\u00e3o da Ferrovia Norte-Sul"},"content":{"rendered":"<p>&nbsp;<\/p>\n<div>\n<div style=\"text-align: right;\"><strong>da Ag\u00eancia iNFRA<\/strong><\/div>\n<p>A SeinfraFerroviaPortos do TCU (Tribunal de Contas da Uni\u00e3o) concluiu sua an\u00e1lise t\u00e9cnica do processo de concess\u00e3o da FNS (Ferrovia Norte-Sul), indicando por mudan\u00e7as no modelo apresentado pelo governo para a concess\u00e3o.<\/p>\n<p>O processo est\u00e1 desde quarta-feira (18) sob a an\u00e1lise do relator do caso, ministro Bruno Dantas, que levar\u00e1 ao plen\u00e1rio um parecer indicando se os estudos de viabilidade est\u00e3o ou n\u00e3o\u00a0adequados para a realiza\u00e7\u00e3o da concess\u00e3o.<\/p>\n<p>A tend\u00eancia \u00e9 o ministro\u00a0apresentar seu parecer nas pr\u00f3ximas semanas. O leil\u00e3o do trecho entre Tocantins e S\u00e3o Paulo da Ferrovia estava programado para fevereiro deste ano. A tend\u00eancia \u00e9 que ele seja realizado ainda em 2018, pr\u00f3ximo do fim do ano.<\/p>\n<p>Os apontamentos relevantes da secretaria t\u00e9cnica s\u00e3o sobre dois temas: as obras n\u00e3o conclu\u00eddas pela Valec e o direito de passagem. Os problemas apontados pelos t\u00e9cnicos s\u00e3o de conhecimento dos agentes do governo que n\u00e3o veem maiores obst\u00e1culos para aderirem\u00a0\u00e0s propostas e, assim, liberarem\u00a0a realiza\u00e7\u00e3o do leil\u00e3o.<\/p>\n<p>Na an\u00e1lise, a decis\u00e3o do governo de conceder a ferrovia para que a vencedora conclua as obras foi considerada adequada. Mas ter\u00e3o que ser tomadas medidas para garantir que quem assumir finalize a constru\u00e7\u00e3o entre Goi\u00e1s e S\u00e3o Paulo (o trecho entre Tocantis e Goi\u00e1s j\u00e1 est\u00e1 operacional).<\/p>\n<p>A outra preocupa\u00e7\u00e3o do TCU foi com as regras de direito de passagem. A ANTT (Ag\u00eancia Nacional de Transportes Terrestres)\u00a0tinha uma proposta na audi\u00eancia p\u00fablica de aditivos espec\u00edficos aos contratos, garantindo pre\u00e7os e capacidades em cada uma das cinco concess\u00f5es por onde os trens da Norte-Sul t\u00eam que passar para chegar aos portos no Norte (Itaqui, MA) e no Sul (Santos, SP).<\/p>\n<p>No entanto, essa f\u00f3rmula foi alterada ap\u00f3s as contribui\u00e7\u00f5es da audi\u00eancia p\u00fablica para deixar as negocia\u00e7\u00f5es entre as partes livre, sendo regulada pelas diretrizes da pol\u00edtica p\u00fablica da ANTT sobre direito de passagem.<\/p>\n<p>O TCU, no entanto, quer que essas regras de direito de passagem estejam previamente apresentadas, antes da publica\u00e7\u00e3o do edital. As normas tamb\u00e9m poder\u00e3o incorporar ajustes que est\u00e3o solicitados pelo TCU, para garantir maior seguran\u00e7a ao vencedor de que ser\u00e1 poss\u00edvel acessar os terminais portu\u00e1rios.<\/p>\n<\/div>\n","protected":false},"excerpt":{"rendered":"<p>&nbsp; da Ag\u00eancia iNFRA A SeinfraFerroviaPortos do TCU (Tribunal de Contas da Uni\u00e3o) concluiu sua an\u00e1lise t\u00e9cnica do processo de concess\u00e3o da FNS (Ferrovia Norte-Sul), indicando por mudan\u00e7as no modelo apresentado pelo governo para a concess\u00e3o. O processo est\u00e1 desde quarta-feira (18) sob a an\u00e1lise do relator do caso, ministro Bruno Dantas, que levar\u00e1 ao [&hellip;]<\/p>\n","protected":false},"author":1,"featured_media":2175,"comment_status":"closed","ping_status":"open","sticky":false,"template":"","format":"standard","meta":{"_monsterinsights_skip_tracking":false,"_monsterinsights_sitenote_active":false,"_monsterinsights_sitenote_note":"","_monsterinsights_sitenote_category":0,"footnotes":""},"categories":[1],"tags":[396,31,487,488,18],"class_list":["post-2164","post","type-post","status-publish","format-standard","has-post-thumbnail","hentry","category-geral","tag-bruno-dantas","tag-ferrovia-norte-sul","tag-fns","tag-parecer-tecnico","tag-tcu"],"yoast_head":"<!-- This site is optimized with the Yoast SEO Premium plugin v25.4 (Yoast SEO v26.0) - https:\/\/yoast.com\/wordpress\/plugins\/seo\/ -->\n<title>Parecer t\u00e9cnico do TCU pede mudan\u00e7as no modelo de concess\u00e3o da Ferrovia Norte-Sul - Ag\u00eancia iNFRA<\/title>\n<meta name=\"robots\" content=\"index, follow, max-snippet:-1, max-image-preview:large, max-video-preview:-1\" \/>\n<link rel=\"canonical\" href=\"https:\/\/agenciainfra.com\/blog\/parecer-tecnico-do-tcu-pede-mudancas-no-modelo-de-concessao-da-ferrovia-norte-sul\/\" \/>\n<meta property=\"og:locale\" content=\"pt_BR\" \/>\n<meta property=\"og:type\" content=\"article\" \/>\n<meta property=\"og:title\" content=\"Parecer t\u00e9cnico do TCU pede mudan\u00e7as no modelo de concess\u00e3o da Ferrovia Norte-Sul\" \/>\n<meta property=\"og:description\" content=\"&nbsp; da Ag\u00eancia iNFRA A SeinfraFerroviaPortos do TCU (Tribunal de Contas da Uni\u00e3o) concluiu sua an\u00e1lise t\u00e9cnica do processo de concess\u00e3o da FNS (Ferrovia Norte-Sul), indicando por mudan\u00e7as no modelo apresentado pelo governo para a concess\u00e3o. O processo est\u00e1 desde quarta-feira (18) sob a an\u00e1lise do relator do caso, ministro Bruno Dantas, que levar\u00e1 ao [&hellip;]\" \/>\n<meta property=\"og:url\" content=\"https:\/\/agenciainfra.com\/blog\/parecer-tecnico-do-tcu-pede-mudancas-no-modelo-de-concessao-da-ferrovia-norte-sul\/\" \/>\n<meta property=\"og:site_name\" content=\"Ag\u00eancia iNFRA\" \/>\n<meta property=\"article:publisher\" content=\"https:\/\/www.facebook.com\/ageninfra\" \/>\n<meta property=\"article:published_time\" content=\"2018-07-22T03:05:18+00:00\" \/>\n<meta property=\"article:modified_time\" content=\"2018-07-23T18:11:13+00:00\" \/>\n<meta property=\"og:image\" content=\"https:\/\/agenciainfra.com\/blog\/wp-content\/uploads\/2018\/07\/fns_divulgacao_valec.jpg\" \/>\n\t<meta property=\"og:image:width\" content=\"1400\" \/>\n\t<meta property=\"og:image:height\" content=\"937\" \/>\n\t<meta property=\"og:image:type\" content=\"image\/jpeg\" \/>\n<meta name=\"author\" content=\"Ag\u00eancia iNFRA\" \/>\n<meta name=\"twitter:card\" content=\"summary_large_image\" \/>\n<meta name=\"twitter:creator\" content=\"@agencia_infra\" \/>\n<meta name=\"twitter:site\" content=\"@agencia_infra\" \/>\n<meta name=\"twitter:label1\" content=\"Escrito por\" \/>\n\t<meta name=\"twitter:data1\" content=\"Ag\u00eancia iNFRA\" \/>\n\t<meta name=\"twitter:label2\" content=\"Est. tempo de leitura\" \/>\n\t<meta name=\"twitter:data2\" content=\"2 minutos\" \/>\n<script type=\"application\/ld+json\" class=\"yoast-schema-graph\">{\"@context\":\"https:\/\/schema.org\",\"@graph\":[{\"@type\":\"Article\",\"@id\":\"https:\/\/agenciainfra.com\/blog\/parecer-tecnico-do-tcu-pede-mudancas-no-modelo-de-concessao-da-ferrovia-norte-sul\/#article\",\"isPartOf\":{\"@id\":\"https:\/\/agenciainfra.com\/blog\/parecer-tecnico-do-tcu-pede-mudancas-no-modelo-de-concessao-da-ferrovia-norte-sul\/\"},\"author\":{\"name\":\"Ag\u00eancia iNFRA\",\"@id\":\"https:\/\/agenciainfra.com\/blog\/#\/schema\/person\/34af08dff6adea4cb22b06612ba7acfa\"},\"headline\":\"Parecer t\u00e9cnico do TCU pede mudan\u00e7as no modelo de concess\u00e3o da Ferrovia Norte-Sul\",\"datePublished\":\"2018-07-22T03:05:18+00:00\",\"dateModified\":\"2018-07-23T18:11:13+00:00\",\"mainEntityOfPage\":{\"@id\":\"https:\/\/agenciainfra.com\/blog\/parecer-tecnico-do-tcu-pede-mudancas-no-modelo-de-concessao-da-ferrovia-norte-sul\/\"},\"wordCount\":425,\"publisher\":{\"@id\":\"https:\/\/agenciainfra.com\/blog\/#organization\"},\"image\":{\"@id\":\"https:\/\/agenciainfra.com\/blog\/parecer-tecnico-do-tcu-pede-mudancas-no-modelo-de-concessao-da-ferrovia-norte-sul\/#primaryimage\"},\"thumbnailUrl\":\"https:\/\/agenciainfra.com\/blog\/wp-content\/uploads\/2018\/07\/fns_divulgacao_valec.jpg\",\"keywords\":[\"Bruno Dantas\",\"Ferrovia Norte-Sul\",\"FNS\",\"parecer t\u00e9cnico\",\"TCU\"],\"articleSection\":[\"Geral\"],\"inLanguage\":\"pt-BR\",\"copyrightYear\":\"2018\",\"copyrightHolder\":{\"@id\":\"https:\/\/agenciainfra.com\/blog\/#organization\"}},{\"@type\":\"WebPage\",\"@id\":\"https:\/\/agenciainfra.com\/blog\/parecer-tecnico-do-tcu-pede-mudancas-no-modelo-de-concessao-da-ferrovia-norte-sul\/\",\"url\":\"https:\/\/agenciainfra.com\/blog\/parecer-tecnico-do-tcu-pede-mudancas-no-modelo-de-concessao-da-ferrovia-norte-sul\/\",\"name\":\"Parecer t\u00e9cnico do TCU pede mudan\u00e7as no modelo de concess\u00e3o da Ferrovia Norte-Sul - Ag\u00eancia iNFRA\",\"isPartOf\":{\"@id\":\"https:\/\/agenciainfra.com\/blog\/#website\"},\"primaryImageOfPage\":{\"@id\":\"https:\/\/agenciainfra.com\/blog\/parecer-tecnico-do-tcu-pede-mudancas-no-modelo-de-concessao-da-ferrovia-norte-sul\/#primaryimage\"},\"image\":{\"@id\":\"https:\/\/agenciainfra.com\/blog\/parecer-tecnico-do-tcu-pede-mudancas-no-modelo-de-concessao-da-ferrovia-norte-sul\/#primaryimage\"},\"thumbnailUrl\":\"https:\/\/agenciainfra.com\/blog\/wp-content\/uploads\/2018\/07\/fns_divulgacao_valec.jpg\",\"datePublished\":\"2018-07-22T03:05:18+00:00\",\"dateModified\":\"2018-07-23T18:11:13+00:00\",\"breadcrumb\":{\"@id\":\"https:\/\/agenciainfra.com\/blog\/parecer-tecnico-do-tcu-pede-mudancas-no-modelo-de-concessao-da-ferrovia-norte-sul\/#breadcrumb\"},\"inLanguage\":\"pt-BR\",\"potentialAction\":[{\"@type\":\"ReadAction\",\"target\":[\"https:\/\/agenciainfra.com\/blog\/parecer-tecnico-do-tcu-pede-mudancas-no-modelo-de-concessao-da-ferrovia-norte-sul\/\"]}]},{\"@type\":\"ImageObject\",\"inLanguage\":\"pt-BR\",\"@id\":\"https:\/\/agenciainfra.com\/blog\/parecer-tecnico-do-tcu-pede-mudancas-no-modelo-de-concessao-da-ferrovia-norte-sul\/#primaryimage\",\"url\":\"https:\/\/agenciainfra.com\/blog\/wp-content\/uploads\/2018\/07\/fns_divulgacao_valec.jpg\",\"contentUrl\":\"https:\/\/agenciainfra.com\/blog\/wp-content\/uploads\/2018\/07\/fns_divulgacao_valec.jpg\",\"width\":1400,\"height\":937},{\"@type\":\"BreadcrumbList\",\"@id\":\"https:\/\/agenciainfra.com\/blog\/parecer-tecnico-do-tcu-pede-mudancas-no-modelo-de-concessao-da-ferrovia-norte-sul\/#breadcrumb\",\"itemListElement\":[{\"@type\":\"ListItem\",\"position\":1,\"name\":\"In\u00edcio\",\"item\":\"https:\/\/agenciainfra.com\/blog\/\"},{\"@type\":\"ListItem\",\"position\":2,\"name\":\"Parecer t\u00e9cnico do TCU pede mudan\u00e7as no modelo de concess\u00e3o da Ferrovia Norte-Sul\"}]},{\"@type\":\"WebSite\",\"@id\":\"https:\/\/agenciainfra.com\/blog\/#website\",\"url\":\"https:\/\/agenciainfra.com\/blog\/\",\"name\":\"Ag\u00eancia iNFRA\",\"description\":\"Multiplataforma de informa\u00e7\u00e3o jornal\u00edstica refer\u00eancia na \u00e1rea de infraestrutura no Brasil!\",\"publisher\":{\"@id\":\"https:\/\/agenciainfra.com\/blog\/#organization\"},\"potentialAction\":[{\"@type\":\"SearchAction\",\"target\":{\"@type\":\"EntryPoint\",\"urlTemplate\":\"https:\/\/agenciainfra.com\/blog\/?s={search_term_string}\"},\"query-input\":{\"@type\":\"PropertyValueSpecification\",\"valueRequired\":true,\"valueName\":\"search_term_string\"}}],\"inLanguage\":\"pt-BR\"},{\"@type\":\"Organization\",\"@id\":\"https:\/\/agenciainfra.com\/blog\/#organization\",\"name\":\"Ag\u00eancia iNFRA\",\"url\":\"https:\/\/agenciainfra.com\/blog\/\",\"logo\":{\"@type\":\"ImageObject\",\"inLanguage\":\"pt-BR\",\"@id\":\"https:\/\/agenciainfra.com\/blog\/#\/schema\/logo\/image\/\",\"url\":\"https:\/\/agenciainfra.com\/blog\/wp-content\/uploads\/2023\/09\/iNFRA_5-e1761735885940.png\",\"contentUrl\":\"https:\/\/agenciainfra.com\/blog\/wp-content\/uploads\/2023\/09\/iNFRA_5-e1761735885940.png\",\"width\":1672,\"height\":454,\"caption\":\"Ag\u00eancia iNFRA\"},\"image\":{\"@id\":\"https:\/\/agenciainfra.com\/blog\/#\/schema\/logo\/image\/\"},\"sameAs\":[\"https:\/\/www.facebook.com\/ageninfra\",\"https:\/\/x.com\/agencia_infra\",\"https:\/\/www.linkedin.com\/company\/ag\u00eanciainfra\/\",\"https:\/\/www.instagram.com\/agenciainfra\/\"]},{\"@type\":\"Person\",\"@id\":\"https:\/\/agenciainfra.com\/blog\/#\/schema\/person\/34af08dff6adea4cb22b06612ba7acfa\",\"name\":\"Ag\u00eancia iNFRA\",\"image\":{\"@type\":\"ImageObject\",\"inLanguage\":\"pt-BR\",\"@id\":\"https:\/\/agenciainfra.com\/blog\/#\/schema\/person\/image\/\",\"url\":\"https:\/\/secure.gravatar.com\/avatar\/d189e01678f06d8eb84d4e01f08eb848b3fffe3f8443818d3c356c66892f5be8?s=96&d=mm&r=g\",\"contentUrl\":\"https:\/\/secure.gravatar.com\/avatar\/d189e01678f06d8eb84d4e01f08eb848b3fffe3f8443818d3c356c66892f5be8?s=96&d=mm&r=g\",\"caption\":\"Ag\u00eancia iNFRA\"},\"url\":\"https:\/\/agenciainfra.com\/blog\/author\/admin\/\"}]}<\/script>\n<!-- \/ Yoast SEO Premium plugin. -->","yoast_head_json":{"title":"Parecer t\u00e9cnico do TCU pede mudan\u00e7as no modelo de concess\u00e3o da Ferrovia Norte-Sul - Ag\u00eancia iNFRA","robots":{"index":"index","follow":"follow","max-snippet":"max-snippet:-1","max-image-preview":"max-image-preview:large","max-video-preview":"max-video-preview:-1"},"canonical":"https:\/\/agenciainfra.com\/blog\/parecer-tecnico-do-tcu-pede-mudancas-no-modelo-de-concessao-da-ferrovia-norte-sul\/","og_locale":"pt_BR","og_type":"article","og_title":"Parecer t\u00e9cnico do TCU pede mudan\u00e7as no modelo de concess\u00e3o da Ferrovia Norte-Sul","og_description":"&nbsp; da Ag\u00eancia iNFRA A SeinfraFerroviaPortos do TCU (Tribunal de Contas da Uni\u00e3o) concluiu sua an\u00e1lise t\u00e9cnica do processo de concess\u00e3o da FNS (Ferrovia Norte-Sul), indicando por mudan\u00e7as no modelo apresentado pelo governo para a concess\u00e3o. O processo est\u00e1 desde quarta-feira (18) sob a an\u00e1lise do relator do caso, ministro Bruno Dantas, que levar\u00e1 ao [&hellip;]","og_url":"https:\/\/agenciainfra.com\/blog\/parecer-tecnico-do-tcu-pede-mudancas-no-modelo-de-concessao-da-ferrovia-norte-sul\/","og_site_name":"Ag\u00eancia iNFRA","article_publisher":"https:\/\/www.facebook.com\/ageninfra","article_published_time":"2018-07-22T03:05:18+00:00","article_modified_time":"2018-07-23T18:11:13+00:00","og_image":[{"width":1400,"height":937,"url":"https:\/\/agenciainfra.com\/blog\/wp-content\/uploads\/2018\/07\/fns_divulgacao_valec.jpg","type":"image\/jpeg"}],"author":"Ag\u00eancia iNFRA","twitter_card":"summary_large_image","twitter_creator":"@agencia_infra","twitter_site":"@agencia_infra","twitter_misc":{"Escrito por":"Ag\u00eancia iNFRA","Est. tempo de leitura":"2 minutos"},"schema":{"@context":"https:\/\/schema.org","@graph":[{"@type":"Article","@id":"https:\/\/agenciainfra.com\/blog\/parecer-tecnico-do-tcu-pede-mudancas-no-modelo-de-concessao-da-ferrovia-norte-sul\/#article","isPartOf":{"@id":"https:\/\/agenciainfra.com\/blog\/parecer-tecnico-do-tcu-pede-mudancas-no-modelo-de-concessao-da-ferrovia-norte-sul\/"},"author":{"name":"Ag\u00eancia iNFRA","@id":"https:\/\/agenciainfra.com\/blog\/#\/schema\/person\/34af08dff6adea4cb22b06612ba7acfa"},"headline":"Parecer t\u00e9cnico do TCU pede mudan\u00e7as no modelo de concess\u00e3o da Ferrovia Norte-Sul","datePublished":"2018-07-22T03:05:18+00:00","dateModified":"2018-07-23T18:11:13+00:00","mainEntityOfPage":{"@id":"https:\/\/agenciainfra.com\/blog\/parecer-tecnico-do-tcu-pede-mudancas-no-modelo-de-concessao-da-ferrovia-norte-sul\/"},"wordCount":425,"publisher":{"@id":"https:\/\/agenciainfra.com\/blog\/#organization"},"image":{"@id":"https:\/\/agenciainfra.com\/blog\/parecer-tecnico-do-tcu-pede-mudancas-no-modelo-de-concessao-da-ferrovia-norte-sul\/#primaryimage"},"thumbnailUrl":"https:\/\/agenciainfra.com\/blog\/wp-content\/uploads\/2018\/07\/fns_divulgacao_valec.jpg","keywords":["Bruno Dantas","Ferrovia Norte-Sul","FNS","parecer t\u00e9cnico","TCU"],"articleSection":["Geral"],"inLanguage":"pt-BR","copyrightYear":"2018","copyrightHolder":{"@id":"https:\/\/agenciainfra.com\/blog\/#organization"}},{"@type":"WebPage","@id":"https:\/\/agenciainfra.com\/blog\/parecer-tecnico-do-tcu-pede-mudancas-no-modelo-de-concessao-da-ferrovia-norte-sul\/","url":"https:\/\/agenciainfra.com\/blog\/parecer-tecnico-do-tcu-pede-mudancas-no-modelo-de-concessao-da-ferrovia-norte-sul\/","name":"Parecer t\u00e9cnico do TCU pede mudan\u00e7as no modelo de concess\u00e3o da Ferrovia Norte-Sul - Ag\u00eancia iNFRA","isPartOf":{"@id":"https:\/\/agenciainfra.com\/blog\/#website"},"primaryImageOfPage":{"@id":"https:\/\/agenciainfra.com\/blog\/parecer-tecnico-do-tcu-pede-mudancas-no-modelo-de-concessao-da-ferrovia-norte-sul\/#primaryimage"},"image":{"@id":"https:\/\/agenciainfra.com\/blog\/parecer-tecnico-do-tcu-pede-mudancas-no-modelo-de-concessao-da-ferrovia-norte-sul\/#primaryimage"},"thumbnailUrl":"https:\/\/agenciainfra.com\/blog\/wp-content\/uploads\/2018\/07\/fns_divulgacao_valec.jpg","datePublished":"2018-07-22T03:05:18+00:00","dateModified":"2018-07-23T18:11:13+00:00","breadcrumb":{"@id":"https:\/\/agenciainfra.com\/blog\/parecer-tecnico-do-tcu-pede-mudancas-no-modelo-de-concessao-da-ferrovia-norte-sul\/#breadcrumb"},"inLanguage":"pt-BR","potentialAction":[{"@type":"ReadAction","target":["https:\/\/agenciainfra.com\/blog\/parecer-tecnico-do-tcu-pede-mudancas-no-modelo-de-concessao-da-ferrovia-norte-sul\/"]}]},{"@type":"ImageObject","inLanguage":"pt-BR","@id":"https:\/\/agenciainfra.com\/blog\/parecer-tecnico-do-tcu-pede-mudancas-no-modelo-de-concessao-da-ferrovia-norte-sul\/#primaryimage","url":"https:\/\/agenciainfra.com\/blog\/wp-content\/uploads\/2018\/07\/fns_divulgacao_valec.jpg","contentUrl":"https:\/\/agenciainfra.com\/blog\/wp-content\/uploads\/2018\/07\/fns_divulgacao_valec.jpg","width":1400,"height":937},{"@type":"BreadcrumbList","@id":"https:\/\/agenciainfra.com\/blog\/parecer-tecnico-do-tcu-pede-mudancas-no-modelo-de-concessao-da-ferrovia-norte-sul\/#breadcrumb","itemListElement":[{"@type":"ListItem","position":1,"name":"In\u00edcio","item":"https:\/\/agenciainfra.com\/blog\/"},{"@type":"ListItem","position":2,"name":"Parecer t\u00e9cnico do TCU pede mudan\u00e7as no modelo de concess\u00e3o da Ferrovia Norte-Sul"}]},{"@type":"WebSite","@id":"https:\/\/agenciainfra.com\/blog\/#website","url":"https:\/\/agenciainfra.com\/blog\/","name":"Ag\u00eancia iNFRA","description":"Multiplataforma de informa\u00e7\u00e3o jornal\u00edstica refer\u00eancia na \u00e1rea de infraestrutura no Brasil!","publisher":{"@id":"https:\/\/agenciainfra.com\/blog\/#organization"},"potentialAction":[{"@type":"SearchAction","target":{"@type":"EntryPoint","urlTemplate":"https:\/\/agenciainfra.com\/blog\/?s={search_term_string}"},"query-input":{"@type":"PropertyValueSpecification","valueRequired":true,"valueName":"search_term_string"}}],"inLanguage":"pt-BR"},{"@type":"Organization","@id":"https:\/\/agenciainfra.com\/blog\/#organization","name":"Ag\u00eancia iNFRA","url":"https:\/\/agenciainfra.com\/blog\/","logo":{"@type":"ImageObject","inLanguage":"pt-BR","@id":"https:\/\/agenciainfra.com\/blog\/#\/schema\/logo\/image\/","url":"https:\/\/agenciainfra.com\/blog\/wp-content\/uploads\/2023\/09\/iNFRA_5-e1761735885940.png","contentUrl":"https:\/\/agenciainfra.com\/blog\/wp-content\/uploads\/2023\/09\/iNFRA_5-e1761735885940.png","width":1672,"height":454,"caption":"Ag\u00eancia iNFRA"},"image":{"@id":"https:\/\/agenciainfra.com\/blog\/#\/schema\/logo\/image\/"},"sameAs":["https:\/\/www.facebook.com\/ageninfra","https:\/\/x.com\/agencia_infra","https:\/\/www.linkedin.com\/company\/ag\u00eanciainfra\/","https:\/\/www.instagram.com\/agenciainfra\/"]},{"@type":"Person","@id":"https:\/\/agenciainfra.com\/blog\/#\/schema\/person\/34af08dff6adea4cb22b06612ba7acfa","name":"Ag\u00eancia iNFRA","image":{"@type":"ImageObject","inLanguage":"pt-BR","@id":"https:\/\/agenciainfra.com\/blog\/#\/schema\/person\/image\/","url":"https:\/\/secure.gravatar.com\/avatar\/d189e01678f06d8eb84d4e01f08eb848b3fffe3f8443818d3c356c66892f5be8?s=96&d=mm&r=g","contentUrl":"https:\/\/secure.gravatar.com\/avatar\/d189e01678f06d8eb84d4e01f08eb848b3fffe3f8443818d3c356c66892f5be8?s=96&d=mm&r=g","caption":"Ag\u00eancia iNFRA"},"url":"https:\/\/agenciainfra.com\/blog\/author\/admin\/"}]}},"_links":{"self":[{"href":"https:\/\/agenciainfra.com\/blog\/wp-json\/wp\/v2\/posts\/2164","targetHints":{"allow":["GET"]}}],"collection":[{"href":"https:\/\/agenciainfra.com\/blog\/wp-json\/wp\/v2\/posts"}],"about":[{"href":"https:\/\/agenciainfra.com\/blog\/wp-json\/wp\/v2\/types\/post"}],"author":[{"embeddable":true,"href":"https:\/\/agenciainfra.com\/blog\/wp-json\/wp\/v2\/users\/1"}],"replies":[{"embeddable":true,"href":"https:\/\/agenciainfra.com\/blog\/wp-json\/wp\/v2\/comments?post=2164"}],"version-history":[{"count":0,"href":"https:\/\/agenciainfra.com\/blog\/wp-json\/wp\/v2\/posts\/2164\/revisions"}],"wp:featuredmedia":[{"embeddable":true,"href":"https:\/\/agenciainfra.com\/blog\/wp-json\/wp\/v2\/media\/2175"}],"wp:attachment":[{"href":"https:\/\/agenciainfra.com\/blog\/wp-json\/wp\/v2\/media?parent=2164"}],"wp:term":[{"taxonomy":"category","embeddable":true,"href":"https:\/\/agenciainfra.com\/blog\/wp-json\/wp\/v2\/categories?post=2164"},{"taxonomy":"post_tag","embeddable":true,"href":"https:\/\/agenciainfra.com\/blog\/wp-json\/wp\/v2\/tags?post=2164"}],"curies":[{"name":"wp","href":"https:\/\/api.w.org\/{rel}","templated":true}]}}