{"id":21641,"date":"2025-05-14T07:50:51","date_gmt":"2025-05-14T10:50:51","guid":{"rendered":"https:\/\/agenciainfra.com\/blog\/?p=21641"},"modified":"2025-05-14T07:50:52","modified_gmt":"2025-05-14T10:50:52","slug":"petrobras-cobra-data-ao-ibama-para-avaliacao-pre-operacional-na-margem-equatorial","status":"publish","type":"post","link":"https:\/\/agenciainfra.com\/blog\/petrobras-cobra-data-ao-ibama-para-avaliacao-pre-operacional-na-margem-equatorial\/","title":{"rendered":"Petrobras cobra data ao Ibama para avalia\u00e7\u00e3o pr\u00e9-operacional na Margem Equatorial"},"content":{"rendered":"\n<p class=\"has-text-align-right\"><strong>Lais Carregosa e Gabriel Vasconcelos, da Ag\u00eancia iNFRA<\/strong><\/p>\n\n\n\n<p>A Petrobras enviou na \u00faltima segunda-feira (12) uma carta ao presidente do Ibama, Rodrigo Agostinho, cobrando que o instituto marque, at\u00e9 a pr\u00f3xima quinta-feira (15), uma data para a realiza\u00e7\u00e3o da \u201cavalia\u00e7\u00e3o pr\u00e9-operacional\u201d no bloco FZA-M-59, na Foz do Amazonas, uma das bacias da Margem Equatorial. A avalia\u00e7\u00e3o servir\u00e1 de teste para o plano de emerg\u00eancia da estatal e \u00e9 uma das etapas para o licenciamento ambiental.<br><br>Na carta, o gerente-executivo de Seguran\u00e7a, Meio Ambiente e Sa\u00fade da Petrobras, Flaubert Matos Machado, cobra que o Ibama se manifeste para que a estatal inicie os preparativos para carregamento e deslocamento da sonda de perfura\u00e7\u00e3o.<br><br>O executivo tamb\u00e9m informou que a Petrobras fez um \u201csimulado operacional interno\u201d nos dias 6 e 8 de maio. \u201cGostar\u00edamos de destacar que o resultado do exerc\u00edcio comprovou que os planos supracitados s\u00e3o exequ\u00edveis e atenderam os tempos de resposta do Manual de Boas Pr\u00e1ticas de Atendimento \u00e0 Fauna do Ibama\u201d, disse.<br><br>A estatal tem pressa porque o contrato da sonda licenciada para realizar a atividade vence em outubro. Caso o Ibama demore para permitir a realiza\u00e7\u00e3o da avalia\u00e7\u00e3o, a Petrobras precisaria encontrar uma nova sonda e licenci\u00e1-la, o que atrasaria ainda mais a perfura\u00e7\u00e3o. A dire\u00e7\u00e3o da estatal disse aguardar uma resposta \u201cnos pr\u00f3ximos dias\u201d.<br><br>Segundo a diretora de Explora\u00e7\u00e3o e Produ\u00e7\u00e3o da Petrobras, Sylvia dos Anjos, caso a sonda esteja em opera\u00e7\u00e3o quando o contrato vencer, ela permanecer\u00e1 em atividade at\u00e9 a conclus\u00e3o da perfura\u00e7\u00e3o.<br><br>\u201cSobre a Margem Equatorial, j\u00e1 atendemos todos os requisitos do Ibama, j\u00e1 foi entregue tudo do \u00faltimo centro de despetroliza\u00e7\u00e3o, e agora estamos aguardando o Ibama, h\u00e1 40 dias j\u00e1, para verificar se est\u00e1 tudo certo\u201d, disse em confer\u00eancia com analistas nesta ter\u00e7a-feira (13).<br><br>O primeiro po\u00e7o na bacia da Foz do Amazonas est\u00e1 previsto para este ano. A Petrobras planeja ainda outros 15 po\u00e7os nos pr\u00f3ximos cinco anos em outras bacias da Margem Equatorial, que se estende do Amap\u00e1 ao Rio Grande do Norte. Ao todo, a estatal pretende investir US$ 3 bilh\u00f5es na regi\u00e3o.<br><br>&#8220;A \u00faltima exig\u00eancia foi atendida no fim de mar\u00e7o. Foi esse novo centro de despetroliza\u00e7\u00e3o da fauna no Oiapoque [AP] e j\u00e1 fizemos o exerc\u00edcio pr\u00e9-operacional dessa base&#8221;, disse a presidente da companhia, Magda Chambriard.<br><br>Leia a \u00edntegra da carta enviada ao Ibama&nbsp;<a href=\"https:\/\/mcusercontent.com\/d460dd1bcf9ba0ae040e1fc0f\/files\/36a954ed-6045-6af2-967b-f32a977d5d56\/documento_consulta_externa.php.pdf\" target=\"_blank\" rel=\"noreferrer noopener\">neste link<\/a>.<\/p>\n","protected":false},"excerpt":{"rendered":"<p>Lais Carregosa e Gabriel Vasconcelos, da Ag\u00eancia iNFRA A Petrobras enviou na \u00faltima segunda-feira (12) uma carta ao presidente do Ibama, Rodrigo Agostinho, cobrando que o instituto marque, at\u00e9 a pr\u00f3xima quinta-feira (15), uma data para a realiza\u00e7\u00e3o da \u201cavalia\u00e7\u00e3o pr\u00e9-operacional\u201d no bloco FZA-M-59, na Foz do Amazonas, uma das bacias da Margem Equatorial. A [&hellip;]<\/p>\n","protected":false},"author":1,"featured_media":11403,"comment_status":"closed","ping_status":"closed","sticky":false,"template":"","format":"standard","meta":{"_monsterinsights_skip_tracking":false,"_monsterinsights_sitenote_active":false,"_monsterinsights_sitenote_note":"","_monsterinsights_sitenote_category":0,"footnotes":""},"categories":[7250,1,13271],"tags":[13339,13338,13340,13251,13132,9446,13269,143],"class_list":["post-21641","post","type-post","status-publish","format-standard","has-post-thumbnail","hentry","category-destaque-lista","category-geral","category-oleo-gas","tag-exploracao-de-petroleo","tag-foz-do-amazonas","tag-fza-m-59","tag-gabriel-vasconcelos","tag-lais-carregosa","tag-magda-chambriard","tag-margem-equatorial","tag-petrobras"],"yoast_head":"<!-- This site is optimized with the Yoast SEO Premium plugin v25.4 (Yoast SEO v26.0) - https:\/\/yoast.com\/wordpress\/plugins\/seo\/ -->\n<title>Petrobras cobra data ao Ibama para avalia\u00e7\u00e3o pr\u00e9-operacional na Margem Equatorial - Ag\u00eancia iNFRA<\/title>\n<meta name=\"robots\" content=\"index, follow, max-snippet:-1, max-image-preview:large, max-video-preview:-1\" \/>\n<link rel=\"canonical\" href=\"https:\/\/agenciainfra.com\/blog\/petrobras-cobra-data-ao-ibama-para-avaliacao-pre-operacional-na-margem-equatorial\/\" \/>\n<meta property=\"og:locale\" content=\"pt_BR\" \/>\n<meta property=\"og:type\" content=\"article\" \/>\n<meta property=\"og:title\" content=\"Petrobras cobra data ao Ibama para avalia\u00e7\u00e3o pr\u00e9-operacional na Margem Equatorial\" \/>\n<meta property=\"og:description\" content=\"Lais Carregosa e Gabriel Vasconcelos, da Ag\u00eancia iNFRA A Petrobras enviou na \u00faltima segunda-feira (12) uma carta ao presidente do Ibama, Rodrigo Agostinho, cobrando que o instituto marque, at\u00e9 a pr\u00f3xima quinta-feira (15), uma data para a realiza\u00e7\u00e3o da \u201cavalia\u00e7\u00e3o pr\u00e9-operacional\u201d no bloco FZA-M-59, na Foz do Amazonas, uma das bacias da Margem Equatorial. A [&hellip;]\" \/>\n<meta property=\"og:url\" content=\"https:\/\/agenciainfra.com\/blog\/petrobras-cobra-data-ao-ibama-para-avaliacao-pre-operacional-na-margem-equatorial\/\" \/>\n<meta property=\"og:site_name\" content=\"Ag\u00eancia iNFRA\" \/>\n<meta property=\"article:publisher\" content=\"https:\/\/www.facebook.com\/ageninfra\" \/>\n<meta property=\"article:published_time\" content=\"2025-05-14T10:50:51+00:00\" \/>\n<meta property=\"article:modified_time\" content=\"2025-05-14T10:50:52+00:00\" \/>\n<meta property=\"og:image\" content=\"https:\/\/agenciainfra.com\/blog\/wp-content\/uploads\/2022\/09\/plataforma-petroleo-foto-dominio-publico.jpeg\" \/>\n\t<meta property=\"og:image:width\" content=\"1280\" \/>\n\t<meta property=\"og:image:height\" content=\"876\" \/>\n\t<meta property=\"og:image:type\" content=\"image\/jpeg\" \/>\n<meta name=\"author\" content=\"Ag\u00eancia iNFRA\" \/>\n<meta name=\"twitter:card\" content=\"summary_large_image\" \/>\n<meta name=\"twitter:creator\" content=\"@agencia_infra\" \/>\n<meta name=\"twitter:site\" content=\"@agencia_infra\" \/>\n<meta name=\"twitter:label1\" content=\"Escrito por\" \/>\n\t<meta name=\"twitter:data1\" content=\"Ag\u00eancia iNFRA\" \/>\n\t<meta name=\"twitter:label2\" content=\"Est. tempo de leitura\" \/>\n\t<meta name=\"twitter:data2\" content=\"2 minutos\" \/>\n<script type=\"application\/ld+json\" class=\"yoast-schema-graph\">{\"@context\":\"https:\/\/schema.org\",\"@graph\":[{\"@type\":\"Article\",\"@id\":\"https:\/\/agenciainfra.com\/blog\/petrobras-cobra-data-ao-ibama-para-avaliacao-pre-operacional-na-margem-equatorial\/#article\",\"isPartOf\":{\"@id\":\"https:\/\/agenciainfra.com\/blog\/petrobras-cobra-data-ao-ibama-para-avaliacao-pre-operacional-na-margem-equatorial\/\"},\"author\":{\"name\":\"Ag\u00eancia iNFRA\",\"@id\":\"https:\/\/agenciainfra.com\/blog\/#\/schema\/person\/34af08dff6adea4cb22b06612ba7acfa\"},\"headline\":\"Petrobras cobra data ao Ibama para avalia\u00e7\u00e3o pr\u00e9-operacional na Margem Equatorial\",\"datePublished\":\"2025-05-14T10:50:51+00:00\",\"dateModified\":\"2025-05-14T10:50:52+00:00\",\"mainEntityOfPage\":{\"@id\":\"https:\/\/agenciainfra.com\/blog\/petrobras-cobra-data-ao-ibama-para-avaliacao-pre-operacional-na-margem-equatorial\/\"},\"wordCount\":433,\"publisher\":{\"@id\":\"https:\/\/agenciainfra.com\/blog\/#organization\"},\"image\":{\"@id\":\"https:\/\/agenciainfra.com\/blog\/petrobras-cobra-data-ao-ibama-para-avaliacao-pre-operacional-na-margem-equatorial\/#primaryimage\"},\"thumbnailUrl\":\"https:\/\/agenciainfra.com\/blog\/wp-content\/uploads\/2022\/09\/plataforma-petroleo-foto-dominio-publico.jpeg\",\"keywords\":[\"explora\u00e7\u00e3o de petr\u00f3leo\",\"foz do amazonas\",\"fza m-59\",\"Gabriel Vasconcelos\",\"Lais Carregosa\",\"Magda Chambriard\",\"margem equatorial\",\"Petrobras\"],\"articleSection\":[\"Destaque lista\",\"Geral\",\"\u00d3leo &amp; G\u00e1s\"],\"inLanguage\":\"pt-BR\",\"copyrightYear\":\"2025\",\"copyrightHolder\":{\"@id\":\"https:\/\/agenciainfra.com\/blog\/#organization\"}},{\"@type\":\"WebPage\",\"@id\":\"https:\/\/agenciainfra.com\/blog\/petrobras-cobra-data-ao-ibama-para-avaliacao-pre-operacional-na-margem-equatorial\/\",\"url\":\"https:\/\/agenciainfra.com\/blog\/petrobras-cobra-data-ao-ibama-para-avaliacao-pre-operacional-na-margem-equatorial\/\",\"name\":\"Petrobras cobra data ao Ibama para avalia\u00e7\u00e3o pr\u00e9-operacional na Margem Equatorial - Ag\u00eancia iNFRA\",\"isPartOf\":{\"@id\":\"https:\/\/agenciainfra.com\/blog\/#website\"},\"primaryImageOfPage\":{\"@id\":\"https:\/\/agenciainfra.com\/blog\/petrobras-cobra-data-ao-ibama-para-avaliacao-pre-operacional-na-margem-equatorial\/#primaryimage\"},\"image\":{\"@id\":\"https:\/\/agenciainfra.com\/blog\/petrobras-cobra-data-ao-ibama-para-avaliacao-pre-operacional-na-margem-equatorial\/#primaryimage\"},\"thumbnailUrl\":\"https:\/\/agenciainfra.com\/blog\/wp-content\/uploads\/2022\/09\/plataforma-petroleo-foto-dominio-publico.jpeg\",\"datePublished\":\"2025-05-14T10:50:51+00:00\",\"dateModified\":\"2025-05-14T10:50:52+00:00\",\"breadcrumb\":{\"@id\":\"https:\/\/agenciainfra.com\/blog\/petrobras-cobra-data-ao-ibama-para-avaliacao-pre-operacional-na-margem-equatorial\/#breadcrumb\"},\"inLanguage\":\"pt-BR\",\"potentialAction\":[{\"@type\":\"ReadAction\",\"target\":[\"https:\/\/agenciainfra.com\/blog\/petrobras-cobra-data-ao-ibama-para-avaliacao-pre-operacional-na-margem-equatorial\/\"]}]},{\"@type\":\"ImageObject\",\"inLanguage\":\"pt-BR\",\"@id\":\"https:\/\/agenciainfra.com\/blog\/petrobras-cobra-data-ao-ibama-para-avaliacao-pre-operacional-na-margem-equatorial\/#primaryimage\",\"url\":\"https:\/\/agenciainfra.com\/blog\/wp-content\/uploads\/2022\/09\/plataforma-petroleo-foto-dominio-publico.jpeg\",\"contentUrl\":\"https:\/\/agenciainfra.com\/blog\/wp-content\/uploads\/2022\/09\/plataforma-petroleo-foto-dominio-publico.jpeg\",\"width\":1280,\"height\":876,\"caption\":\"Foto: Dom\u00ednio P\u00fablico\"},{\"@type\":\"BreadcrumbList\",\"@id\":\"https:\/\/agenciainfra.com\/blog\/petrobras-cobra-data-ao-ibama-para-avaliacao-pre-operacional-na-margem-equatorial\/#breadcrumb\",\"itemListElement\":[{\"@type\":\"ListItem\",\"position\":1,\"name\":\"In\u00edcio\",\"item\":\"https:\/\/agenciainfra.com\/blog\/\"},{\"@type\":\"ListItem\",\"position\":2,\"name\":\"Petrobras cobra data ao Ibama para avalia\u00e7\u00e3o pr\u00e9-operacional na Margem Equatorial\"}]},{\"@type\":\"WebSite\",\"@id\":\"https:\/\/agenciainfra.com\/blog\/#website\",\"url\":\"https:\/\/agenciainfra.com\/blog\/\",\"name\":\"Ag\u00eancia iNFRA\",\"description\":\"Multiplataforma de informa\u00e7\u00e3o jornal\u00edstica refer\u00eancia na \u00e1rea de infraestrutura no Brasil!\",\"publisher\":{\"@id\":\"https:\/\/agenciainfra.com\/blog\/#organization\"},\"potentialAction\":[{\"@type\":\"SearchAction\",\"target\":{\"@type\":\"EntryPoint\",\"urlTemplate\":\"https:\/\/agenciainfra.com\/blog\/?s={search_term_string}\"},\"query-input\":{\"@type\":\"PropertyValueSpecification\",\"valueRequired\":true,\"valueName\":\"search_term_string\"}}],\"inLanguage\":\"pt-BR\"},{\"@type\":\"Organization\",\"@id\":\"https:\/\/agenciainfra.com\/blog\/#organization\",\"name\":\"Ag\u00eancia iNFRA\",\"url\":\"https:\/\/agenciainfra.com\/blog\/\",\"logo\":{\"@type\":\"ImageObject\",\"inLanguage\":\"pt-BR\",\"@id\":\"https:\/\/agenciainfra.com\/blog\/#\/schema\/logo\/image\/\",\"url\":\"https:\/\/agenciainfra.com\/blog\/wp-content\/uploads\/2023\/09\/iNFRA_5-e1761735885940.png\",\"contentUrl\":\"https:\/\/agenciainfra.com\/blog\/wp-content\/uploads\/2023\/09\/iNFRA_5-e1761735885940.png\",\"width\":1672,\"height\":454,\"caption\":\"Ag\u00eancia iNFRA\"},\"image\":{\"@id\":\"https:\/\/agenciainfra.com\/blog\/#\/schema\/logo\/image\/\"},\"sameAs\":[\"https:\/\/www.facebook.com\/ageninfra\",\"https:\/\/x.com\/agencia_infra\",\"https:\/\/www.linkedin.com\/company\/ag\u00eanciainfra\/\",\"https:\/\/www.instagram.com\/agenciainfra\/\"]},{\"@type\":\"Person\",\"@id\":\"https:\/\/agenciainfra.com\/blog\/#\/schema\/person\/34af08dff6adea4cb22b06612ba7acfa\",\"name\":\"Ag\u00eancia iNFRA\",\"image\":{\"@type\":\"ImageObject\",\"inLanguage\":\"pt-BR\",\"@id\":\"https:\/\/agenciainfra.com\/blog\/#\/schema\/person\/image\/\",\"url\":\"https:\/\/secure.gravatar.com\/avatar\/d189e01678f06d8eb84d4e01f08eb848b3fffe3f8443818d3c356c66892f5be8?s=96&d=mm&r=g\",\"contentUrl\":\"https:\/\/secure.gravatar.com\/avatar\/d189e01678f06d8eb84d4e01f08eb848b3fffe3f8443818d3c356c66892f5be8?s=96&d=mm&r=g\",\"caption\":\"Ag\u00eancia iNFRA\"},\"url\":\"https:\/\/agenciainfra.com\/blog\/author\/admin\/\"}]}<\/script>\n<!-- \/ Yoast SEO Premium plugin. -->","yoast_head_json":{"title":"Petrobras cobra data ao Ibama para avalia\u00e7\u00e3o pr\u00e9-operacional na Margem Equatorial - Ag\u00eancia iNFRA","robots":{"index":"index","follow":"follow","max-snippet":"max-snippet:-1","max-image-preview":"max-image-preview:large","max-video-preview":"max-video-preview:-1"},"canonical":"https:\/\/agenciainfra.com\/blog\/petrobras-cobra-data-ao-ibama-para-avaliacao-pre-operacional-na-margem-equatorial\/","og_locale":"pt_BR","og_type":"article","og_title":"Petrobras cobra data ao Ibama para avalia\u00e7\u00e3o pr\u00e9-operacional na Margem Equatorial","og_description":"Lais Carregosa e Gabriel Vasconcelos, da Ag\u00eancia iNFRA A Petrobras enviou na \u00faltima segunda-feira (12) uma carta ao presidente do Ibama, Rodrigo Agostinho, cobrando que o instituto marque, at\u00e9 a pr\u00f3xima quinta-feira (15), uma data para a realiza\u00e7\u00e3o da \u201cavalia\u00e7\u00e3o pr\u00e9-operacional\u201d no bloco FZA-M-59, na Foz do Amazonas, uma das bacias da Margem Equatorial. A [&hellip;]","og_url":"https:\/\/agenciainfra.com\/blog\/petrobras-cobra-data-ao-ibama-para-avaliacao-pre-operacional-na-margem-equatorial\/","og_site_name":"Ag\u00eancia iNFRA","article_publisher":"https:\/\/www.facebook.com\/ageninfra","article_published_time":"2025-05-14T10:50:51+00:00","article_modified_time":"2025-05-14T10:50:52+00:00","og_image":[{"width":1280,"height":876,"url":"https:\/\/agenciainfra.com\/blog\/wp-content\/uploads\/2022\/09\/plataforma-petroleo-foto-dominio-publico.jpeg","type":"image\/jpeg"}],"author":"Ag\u00eancia iNFRA","twitter_card":"summary_large_image","twitter_creator":"@agencia_infra","twitter_site":"@agencia_infra","twitter_misc":{"Escrito por":"Ag\u00eancia iNFRA","Est. tempo de leitura":"2 minutos"},"schema":{"@context":"https:\/\/schema.org","@graph":[{"@type":"Article","@id":"https:\/\/agenciainfra.com\/blog\/petrobras-cobra-data-ao-ibama-para-avaliacao-pre-operacional-na-margem-equatorial\/#article","isPartOf":{"@id":"https:\/\/agenciainfra.com\/blog\/petrobras-cobra-data-ao-ibama-para-avaliacao-pre-operacional-na-margem-equatorial\/"},"author":{"name":"Ag\u00eancia iNFRA","@id":"https:\/\/agenciainfra.com\/blog\/#\/schema\/person\/34af08dff6adea4cb22b06612ba7acfa"},"headline":"Petrobras cobra data ao Ibama para avalia\u00e7\u00e3o pr\u00e9-operacional na Margem Equatorial","datePublished":"2025-05-14T10:50:51+00:00","dateModified":"2025-05-14T10:50:52+00:00","mainEntityOfPage":{"@id":"https:\/\/agenciainfra.com\/blog\/petrobras-cobra-data-ao-ibama-para-avaliacao-pre-operacional-na-margem-equatorial\/"},"wordCount":433,"publisher":{"@id":"https:\/\/agenciainfra.com\/blog\/#organization"},"image":{"@id":"https:\/\/agenciainfra.com\/blog\/petrobras-cobra-data-ao-ibama-para-avaliacao-pre-operacional-na-margem-equatorial\/#primaryimage"},"thumbnailUrl":"https:\/\/agenciainfra.com\/blog\/wp-content\/uploads\/2022\/09\/plataforma-petroleo-foto-dominio-publico.jpeg","keywords":["explora\u00e7\u00e3o de petr\u00f3leo","foz do amazonas","fza m-59","Gabriel Vasconcelos","Lais Carregosa","Magda Chambriard","margem equatorial","Petrobras"],"articleSection":["Destaque lista","Geral","\u00d3leo &amp; G\u00e1s"],"inLanguage":"pt-BR","copyrightYear":"2025","copyrightHolder":{"@id":"https:\/\/agenciainfra.com\/blog\/#organization"}},{"@type":"WebPage","@id":"https:\/\/agenciainfra.com\/blog\/petrobras-cobra-data-ao-ibama-para-avaliacao-pre-operacional-na-margem-equatorial\/","url":"https:\/\/agenciainfra.com\/blog\/petrobras-cobra-data-ao-ibama-para-avaliacao-pre-operacional-na-margem-equatorial\/","name":"Petrobras cobra data ao Ibama para avalia\u00e7\u00e3o pr\u00e9-operacional na Margem Equatorial - Ag\u00eancia iNFRA","isPartOf":{"@id":"https:\/\/agenciainfra.com\/blog\/#website"},"primaryImageOfPage":{"@id":"https:\/\/agenciainfra.com\/blog\/petrobras-cobra-data-ao-ibama-para-avaliacao-pre-operacional-na-margem-equatorial\/#primaryimage"},"image":{"@id":"https:\/\/agenciainfra.com\/blog\/petrobras-cobra-data-ao-ibama-para-avaliacao-pre-operacional-na-margem-equatorial\/#primaryimage"},"thumbnailUrl":"https:\/\/agenciainfra.com\/blog\/wp-content\/uploads\/2022\/09\/plataforma-petroleo-foto-dominio-publico.jpeg","datePublished":"2025-05-14T10:50:51+00:00","dateModified":"2025-05-14T10:50:52+00:00","breadcrumb":{"@id":"https:\/\/agenciainfra.com\/blog\/petrobras-cobra-data-ao-ibama-para-avaliacao-pre-operacional-na-margem-equatorial\/#breadcrumb"},"inLanguage":"pt-BR","potentialAction":[{"@type":"ReadAction","target":["https:\/\/agenciainfra.com\/blog\/petrobras-cobra-data-ao-ibama-para-avaliacao-pre-operacional-na-margem-equatorial\/"]}]},{"@type":"ImageObject","inLanguage":"pt-BR","@id":"https:\/\/agenciainfra.com\/blog\/petrobras-cobra-data-ao-ibama-para-avaliacao-pre-operacional-na-margem-equatorial\/#primaryimage","url":"https:\/\/agenciainfra.com\/blog\/wp-content\/uploads\/2022\/09\/plataforma-petroleo-foto-dominio-publico.jpeg","contentUrl":"https:\/\/agenciainfra.com\/blog\/wp-content\/uploads\/2022\/09\/plataforma-petroleo-foto-dominio-publico.jpeg","width":1280,"height":876,"caption":"Foto: Dom\u00ednio P\u00fablico"},{"@type":"BreadcrumbList","@id":"https:\/\/agenciainfra.com\/blog\/petrobras-cobra-data-ao-ibama-para-avaliacao-pre-operacional-na-margem-equatorial\/#breadcrumb","itemListElement":[{"@type":"ListItem","position":1,"name":"In\u00edcio","item":"https:\/\/agenciainfra.com\/blog\/"},{"@type":"ListItem","position":2,"name":"Petrobras cobra data ao Ibama para avalia\u00e7\u00e3o pr\u00e9-operacional na Margem Equatorial"}]},{"@type":"WebSite","@id":"https:\/\/agenciainfra.com\/blog\/#website","url":"https:\/\/agenciainfra.com\/blog\/","name":"Ag\u00eancia iNFRA","description":"Multiplataforma de informa\u00e7\u00e3o jornal\u00edstica refer\u00eancia na \u00e1rea de infraestrutura no Brasil!","publisher":{"@id":"https:\/\/agenciainfra.com\/blog\/#organization"},"potentialAction":[{"@type":"SearchAction","target":{"@type":"EntryPoint","urlTemplate":"https:\/\/agenciainfra.com\/blog\/?s={search_term_string}"},"query-input":{"@type":"PropertyValueSpecification","valueRequired":true,"valueName":"search_term_string"}}],"inLanguage":"pt-BR"},{"@type":"Organization","@id":"https:\/\/agenciainfra.com\/blog\/#organization","name":"Ag\u00eancia iNFRA","url":"https:\/\/agenciainfra.com\/blog\/","logo":{"@type":"ImageObject","inLanguage":"pt-BR","@id":"https:\/\/agenciainfra.com\/blog\/#\/schema\/logo\/image\/","url":"https:\/\/agenciainfra.com\/blog\/wp-content\/uploads\/2023\/09\/iNFRA_5-e1761735885940.png","contentUrl":"https:\/\/agenciainfra.com\/blog\/wp-content\/uploads\/2023\/09\/iNFRA_5-e1761735885940.png","width":1672,"height":454,"caption":"Ag\u00eancia iNFRA"},"image":{"@id":"https:\/\/agenciainfra.com\/blog\/#\/schema\/logo\/image\/"},"sameAs":["https:\/\/www.facebook.com\/ageninfra","https:\/\/x.com\/agencia_infra","https:\/\/www.linkedin.com\/company\/ag\u00eanciainfra\/","https:\/\/www.instagram.com\/agenciainfra\/"]},{"@type":"Person","@id":"https:\/\/agenciainfra.com\/blog\/#\/schema\/person\/34af08dff6adea4cb22b06612ba7acfa","name":"Ag\u00eancia iNFRA","image":{"@type":"ImageObject","inLanguage":"pt-BR","@id":"https:\/\/agenciainfra.com\/blog\/#\/schema\/person\/image\/","url":"https:\/\/secure.gravatar.com\/avatar\/d189e01678f06d8eb84d4e01f08eb848b3fffe3f8443818d3c356c66892f5be8?s=96&d=mm&r=g","contentUrl":"https:\/\/secure.gravatar.com\/avatar\/d189e01678f06d8eb84d4e01f08eb848b3fffe3f8443818d3c356c66892f5be8?s=96&d=mm&r=g","caption":"Ag\u00eancia iNFRA"},"url":"https:\/\/agenciainfra.com\/blog\/author\/admin\/"}]}},"_links":{"self":[{"href":"https:\/\/agenciainfra.com\/blog\/wp-json\/wp\/v2\/posts\/21641","targetHints":{"allow":["GET"]}}],"collection":[{"href":"https:\/\/agenciainfra.com\/blog\/wp-json\/wp\/v2\/posts"}],"about":[{"href":"https:\/\/agenciainfra.com\/blog\/wp-json\/wp\/v2\/types\/post"}],"author":[{"embeddable":true,"href":"https:\/\/agenciainfra.com\/blog\/wp-json\/wp\/v2\/users\/1"}],"replies":[{"embeddable":true,"href":"https:\/\/agenciainfra.com\/blog\/wp-json\/wp\/v2\/comments?post=21641"}],"version-history":[{"count":1,"href":"https:\/\/agenciainfra.com\/blog\/wp-json\/wp\/v2\/posts\/21641\/revisions"}],"predecessor-version":[{"id":21642,"href":"https:\/\/agenciainfra.com\/blog\/wp-json\/wp\/v2\/posts\/21641\/revisions\/21642"}],"wp:featuredmedia":[{"embeddable":true,"href":"https:\/\/agenciainfra.com\/blog\/wp-json\/wp\/v2\/media\/11403"}],"wp:attachment":[{"href":"https:\/\/agenciainfra.com\/blog\/wp-json\/wp\/v2\/media?parent=21641"}],"wp:term":[{"taxonomy":"category","embeddable":true,"href":"https:\/\/agenciainfra.com\/blog\/wp-json\/wp\/v2\/categories?post=21641"},{"taxonomy":"post_tag","embeddable":true,"href":"https:\/\/agenciainfra.com\/blog\/wp-json\/wp\/v2\/tags?post=21641"}],"curies":[{"name":"wp","href":"https:\/\/api.w.org\/{rel}","templated":true}]}}